{"id":39349,"date":"2015-06-10T02:02:30","date_gmt":"2015-06-10T00:32:30","guid":{"rendered":"http:\/\/eldigitaldeasturias.com\/magazine365\/?p=39349"},"modified":"2015-06-10T02:02:30","modified_gmt":"2015-06-10T00:32:30","slug":"los-precios-de-los-pisos-y-las-gruas-vuelven-a-elevarse-en-puntos-de-la-costa-espanola","status":"publish","type":"post","link":"https:\/\/eldigitaldeasturias.com\/magazine365\/los-precios-de-los-pisos-y-las-gruas-vuelven-a-elevarse-en-puntos-de-la-costa-espanola\/","title":{"rendered":"Los precios de los pisos y las gr\u00faas vuelven a elevarse en puntos de la costa espa\u00f1ola"},"content":{"rendered":"<p><img fetchpriority=\"high\" decoding=\"async\" class=\"alignleft size-medium wp-image-39350\" src=\"https:\/\/eldigitaldeasturias.com\/magazine365\/wp-content\/uploads\/2015\/06\/fotonoticia_20150609152442_800-360x213.jpg\" alt=\"fotonoticia_20150609152442_800\" width=\"360\" height=\"213\" srcset=\"https:\/\/eldigitaldeasturias.com\/magazine365\/wp-content\/uploads\/2015\/06\/fotonoticia_20150609152442_800-360x213.jpg 360w, https:\/\/eldigitaldeasturias.com\/magazine365\/wp-content\/uploads\/2015\/06\/fotonoticia_20150609152442_800-650x384.jpg 650w, https:\/\/eldigitaldeasturias.com\/magazine365\/wp-content\/uploads\/2015\/06\/fotonoticia_20150609152442_800-768x454.jpg 768w, https:\/\/eldigitaldeasturias.com\/magazine365\/wp-content\/uploads\/2015\/06\/fotonoticia_20150609152442_800-150x89.jpg 150w, https:\/\/eldigitaldeasturias.com\/magazine365\/wp-content\/uploads\/2015\/06\/fotonoticia_20150609152442_800-450x266.jpg 450w, https:\/\/eldigitaldeasturias.com\/magazine365\/wp-content\/uploads\/2015\/06\/fotonoticia_20150609152442_800-696x412.jpg 696w, https:\/\/eldigitaldeasturias.com\/magazine365\/wp-content\/uploads\/2015\/06\/fotonoticia_20150609152442_800-710x420.jpg 710w, https:\/\/eldigitaldeasturias.com\/magazine365\/wp-content\/uploads\/2015\/06\/fotonoticia_20150609152442_800.jpg 800w\" sizes=\"(max-width: 360px) 100vw, 360px\" \/>El ajuste de los precios de la vivienda y el par\u00f3n de la actividad sigue siendo la t\u00f3nica dominante en el mercado inmobiliario espa\u00f1ol, pero el cambio de tendencia se empieza a observar en un retorno de los precios al alza y del inicio de promociones en algunos puntos del litoral espa\u00f1ol.<\/p>\n<p>As\u00ed se refleja en el &#8216;Informe Vivienda en Costa 2015&#8217; de la sociedad de valoraci\u00f3n Tinsa, en el que se precisa que en muchas de estas localidades el ajuste se est\u00e1 \u00abmoderando progresivamente\u00bb, y que, al mismo tiempo, hay zonas todav\u00eda \u00abminoritarias\u00bb en las que se observan \u00abindicios de recuperaci\u00f3n en materia de precios y de vuelta a la actividad constructora\u00bb.<\/p>\n<p>Con estas cautelas, el informe precisa que una cuarta parte de las 150 poblaciones estudiadas registr\u00f3 subidas de precios hasta marzo, frente a las cuatro que experimentaron incrementos interanuales en la edici\u00f3n anterior. Estos avances llegan al 11,2% en el caso de J\u00e1vea (Alicante) o el 9,8% de Cartaya (Huelva). Otras ocho localidades muestran subidas de entre el 5% y el 9%.<\/p>\n<p>Adem\u00e1s, se\u00f1ala que las zonas donde m\u00e1s claramente se aprecian signos de recuperaci\u00f3n son M\u00e1laga (Marbella y Benahav\u00eds) e Islas Baleares (Palma de Mallorca, Andratx, Calvi\u00e1 e Ibiza). Son muchas m\u00e1s las zonas que parecen haber alcanzado un punto de inflexi\u00f3n respecto a la \u00e9poca de ajustes. Es el caso de Torrevieja, Orihuela y Pilar de Horadada, en Alicante, o de Sotogrande, Conil, Chiclana y Puerto de Santa Mar\u00eda, en C\u00e1diz.<\/p>\n<p>A la vista de los datos, Tinsa se\u00f1ala que \u00abhabr\u00e1 que esperar a los pr\u00f3ximos trimestres para ver si esta tendencia se consolida, y no se trata de un repunte puntual ocasionado por alguna de las muchas circunstancias especiales que se est\u00e1n dando en ciertas zonas y a las que puede verse sometido el mercado inmobiliario local\u00bb.<\/p>\n<p>Entre estas circunstancias, menciona las pol\u00edticas comerciales agresivas en precio, las transmisiones de carteras de inmuebles o las diferentes estrategias de los participantes en el mercado actual.<\/p>\n<p>Lo que queda claro para Tinsa, es que mercado se est\u00e1 desarrollando a distintas velocidades, ya que al menos 29 localidades todav\u00eda registran en el primer trimestre ca\u00eddas de precios superiores al 10% respecto al a\u00f1o anterior. Los principales descensos se sit\u00faan en Pallafruguell (Girona), con una ca\u00edda del 16,9%, seguida de la gaditana Barbate (-15,3%).<\/p>\n<p>EL &#8216;STOCK&#8217; DESCIENDE EN EL LITORAL.<\/p>\n<p>Por otro lado, la red t\u00e9cnica de Tinsa constata que el &#8216;stock&#8217; de viviendas en la costa, aunque sigue siendo abundante, est\u00e1 en descenso en la mayor\u00eda de las zonas del litoral. El algunas el proceso de absorci\u00f3n est\u00e1 siendo m\u00e1s lento, como es el caso de Foz (Lugo); Costa del Garraf (Barcelona); Oropesa del Mar, Pe\u00f1\u00edscola, Alcossebre y Xiles (Castell\u00f3n), Cullera (Valencia); y Pozo Esparto, El Cal\u00f3n o Villarricos (Almer\u00eda).<\/p>\n<p>En el otro extremo, existe un &#8216;stock&#8217; residual en las localidades gaditanas de Tarifa, Barbate, Vejer, Rota, Chipiona y Sanl\u00facar, as\u00ed como en la localidad alicantina de Pilar de la Horadada, en la zona sur de Valencia, en Marbella, en Cala Panizo (Almer\u00eda) y en la isla de Menorca.<\/p>\n<p>EL MERCADO DE SUELO SE EMPIEZA A MOVER.<\/p>\n<p>Por otro lado, el mercado de suelo no registra actividad en la mayor\u00eda de las zonas costeras, aunque Tinsa tambi\u00e9n ha detectado excepciones en este caso. Concretamente, en las localidades alicantinas de Denia y Villajoyosa, apunta que se ha producido un repunte en los valores de mercado porque el suelo en manos de los bancos est\u00e1 pr\u00e1cticamente agotado.<\/p>\n<p>Asimismo, se ha registrado actividad en Torrevieja y Orihuela en torno a los suelos propiedad de la Sociedad de gesti\u00f3n de activos procedentes de la reestructuraci\u00f3n bancaria (Sareb).<\/p>\n<p>En este cap\u00edtulo, Tinsa tambi\u00e9n ha detectado que los fondos extrajeron est\u00e1n analizando operaciones tanto en los alrededores de Marbella como en la costa granadina, as\u00ed como en algunos puntos de Almer\u00eda y Tenerife.<\/p>\n<p>VUELVE LA ACTIVIDAD PROMOTORA.<\/p>\n<p>Por otro lado, Tinsa se\u00f1ala que se han empezado a reactivar algunas de las promociones paradas que pasaron a manos de la banca. Es el caso de unas 100 viviendas puestas en marcha en Ibiza, la mitad de las que se paralizaron en esta regi\u00f3n.<\/p>\n<p>Adem\u00e1s, aunque la sociedad de valoraci\u00f3n puntualiza que \u00abla sequ\u00eda es absoluta en gran parte de las zonas, con excepciones\u00bb, se vuelven a ver gr\u00faas en Alicante, Valencia, Murcia, M\u00e1laga y C\u00e1diz.<\/p>\n<p>Seg\u00fan explica, suelen ser productos de calidades altas y excelentes ubicaciones, como primera l\u00ednea de playa, pensadas para compradores extranjeros. Sobre la nacionalidad de los promotores, son en su mayor\u00eda nacionales, aunque no faltan inmobiliarias extranjeras o fondos que compran las promociones a un banco.<\/p>\n","protected":false},"excerpt":{"rendered":"<p>El ajuste de los precios de la vivienda y el par\u00f3n de la actividad sigue siendo la t\u00f3nica dominante en el mercado inmobiliario espa\u00f1ol, pero el cambio de tendencia se empieza a observar en un retorno de los precios al alza y del inicio de promociones en algunos puntos del litoral espa\u00f1ol. As\u00ed se refleja<\/p>\n","protected":false},"author":1,"featured_media":39350,"comment_status":"open","ping_status":"closed","sticky":false,"template":"","format":"standard","meta":{"footnotes":""},"categories":[222],"tags":[],"class_list":{"0":"post-39349","1":"post","2":"type-post","3":"status-publish","4":"format-standard","5":"has-post-thumbnail","7":"category-actualidad-turismo"},"aioseo_notices":[],"aioseo_head":"\n\t\t<!-- All in One SEO Pro 4.9.6.1 - aioseo.com -->\n\t<meta name=\"description\" content=\"El ajuste de los precios de la vivienda y el par\u00f3n de la actividad sigue siendo la t\u00f3nica dominante en el mercado inmobiliario espa\u00f1ol, pero el cambio de tendencia se empieza a observar en un retorno de los precios al alza y del inicio de promociones en algunos puntos del litoral espa\u00f1ol. As\u00ed se refleja\" \/>\n\t<meta name=\"robots\" content=\"max-image-preview:large\" \/>\n\t<meta name=\"author\" content=\"admin\"\/>\n\t<meta name=\"google-site-verification\" content=\"UA-38556648-1\" \/>\n\t<meta name=\"keywords\" content=\"actualidad turismo\" \/>\n\t<link rel=\"canonical\" href=\"https:\/\/eldigitaldeasturias.com\/magazine365\/los-precios-de-los-pisos-y-las-gruas-vuelven-a-elevarse-en-puntos-de-la-costa-espanola\/\" \/>\n\t<meta name=\"generator\" content=\"All in One SEO Pro (AIOSEO) 4.9.6.1\" \/>\n\t\t<meta property=\"og:locale\" content=\"es_ES\" \/>\n\t\t<meta property=\"og:site_name\" content=\"El Digital de Asturias \u2013 Revista de ocio, turismo y estilo de vida\" \/>\n\t\t<meta property=\"og:type\" content=\"article\" \/>\n\t\t<meta property=\"og:title\" content=\"Los precios de los pisos y las gr\u00faas vuelven a elevarse en puntos de la costa espa\u00f1ola | El Digital de Asturias\" \/>\n\t\t<meta property=\"og:description\" content=\"El ajuste de los precios de la vivienda y el par\u00f3n de la actividad sigue siendo la t\u00f3nica dominante en el mercado inmobiliario espa\u00f1ol, pero el cambio de tendencia se empieza a observar en un retorno de los precios al alza y del inicio de promociones en algunos puntos del litoral espa\u00f1ol. As\u00ed se refleja\" \/>\n\t\t<meta property=\"og:url\" content=\"https:\/\/eldigitaldeasturias.com\/magazine365\/los-precios-de-los-pisos-y-las-gruas-vuelven-a-elevarse-en-puntos-de-la-costa-espanola\/\" \/>\n\t\t<meta property=\"og:image\" content=\"https:\/\/eldigitaldeasturias.com\/magazine365\/wp-content\/uploads\/2015\/06\/fotonoticia_20150609152442_800.jpg\" \/>\n\t\t<meta property=\"og:image:secure_url\" content=\"https:\/\/eldigitaldeasturias.com\/magazine365\/wp-content\/uploads\/2015\/06\/fotonoticia_20150609152442_800.jpg\" \/>\n\t\t<meta property=\"og:image:width\" content=\"800\" \/>\n\t\t<meta property=\"og:image:height\" content=\"473\" \/>\n\t\t<meta property=\"article:published_time\" content=\"2015-06-10T00:32:30+00:00\" \/>\n\t\t<meta property=\"article:modified_time\" content=\"2015-06-10T00:32:30+00:00\" \/>\n\t\t<meta name=\"twitter:card\" content=\"summary_large_image\" \/>\n\t\t<meta name=\"twitter:title\" content=\"Los precios de los pisos y las gr\u00faas vuelven a elevarse en puntos de la costa espa\u00f1ola | El Digital de Asturias\" \/>\n\t\t<meta name=\"twitter:description\" content=\"El ajuste de los precios de la vivienda y el par\u00f3n de la actividad sigue siendo la t\u00f3nica dominante en el mercado inmobiliario espa\u00f1ol, pero el cambio de tendencia se empieza a observar en un retorno de los precios al alza y del inicio de promociones en algunos puntos del litoral espa\u00f1ol. As\u00ed se refleja\" \/>\n\t\t<meta name=\"twitter:image\" content=\"https:\/\/eldigitaldeasturias.com\/magazine365\/wp-content\/uploads\/2015\/06\/fotonoticia_20150609152442_800.jpg\" \/>\n\t\t<script type=\"application\/ld+json\" class=\"aioseo-schema\">\n\t\t\t{\"@context\":\"https:\\\/\\\/schema.org\",\"@graph\":[{\"@type\":\"Article\",\"@id\":\"https:\\\/\\\/eldigitaldeasturias.com\\\/magazine365\\\/los-precios-de-los-pisos-y-las-gruas-vuelven-a-elevarse-en-puntos-de-la-costa-espanola\\\/#article\",\"name\":\"Los precios de los pisos y las gr\\u00faas vuelven a elevarse en puntos de la costa espa\\u00f1ola | El Digital de Asturias\",\"headline\":\"Los precios de los pisos y las gr\\u00faas vuelven a elevarse en puntos de la costa espa\\u00f1ola\",\"author\":{\"@id\":\"https:\\\/\\\/eldigitaldeasturias.com\\\/magazine365\\\/author\\\/admin\\\/#author\"},\"publisher\":{\"@id\":\"https:\\\/\\\/eldigitaldeasturias.com\\\/magazine365\\\/#organization\"},\"image\":{\"@type\":\"ImageObject\",\"url\":\"https:\\\/\\\/eldigitaldeasturias.com\\\/magazine365\\\/wp-content\\\/uploads\\\/2015\\\/06\\\/fotonoticia_20150609152442_800.jpg\",\"width\":800,\"height\":473},\"datePublished\":\"2015-06-10T02:02:30+02:00\",\"dateModified\":\"2015-06-10T02:02:30+02:00\",\"inLanguage\":\"es-ES\",\"mainEntityOfPage\":{\"@id\":\"https:\\\/\\\/eldigitaldeasturias.com\\\/magazine365\\\/los-precios-de-los-pisos-y-las-gruas-vuelven-a-elevarse-en-puntos-de-la-costa-espanola\\\/#webpage\"},\"isPartOf\":{\"@id\":\"https:\\\/\\\/eldigitaldeasturias.com\\\/magazine365\\\/los-precios-de-los-pisos-y-las-gruas-vuelven-a-elevarse-en-puntos-de-la-costa-espanola\\\/#webpage\"},\"articleSection\":\"Actualidad Turismo\"},{\"@type\":\"BreadcrumbList\",\"@id\":\"https:\\\/\\\/eldigitaldeasturias.com\\\/magazine365\\\/los-precios-de-los-pisos-y-las-gruas-vuelven-a-elevarse-en-puntos-de-la-costa-espanola\\\/#breadcrumblist\",\"itemListElement\":[{\"@type\":\"ListItem\",\"@id\":\"https:\\\/\\\/eldigitaldeasturias.com\\\/magazine365#listItem\",\"position\":1,\"name\":\"Home\",\"item\":\"https:\\\/\\\/eldigitaldeasturias.com\\\/magazine365\",\"nextItem\":{\"@type\":\"ListItem\",\"@id\":\"https:\\\/\\\/eldigitaldeasturias.com\\\/magazine365\\\/category\\\/actualidad-turismo\\\/#listItem\",\"name\":\"Actualidad Turismo\"}},{\"@type\":\"ListItem\",\"@id\":\"https:\\\/\\\/eldigitaldeasturias.com\\\/magazine365\\\/category\\\/actualidad-turismo\\\/#listItem\",\"position\":2,\"name\":\"Actualidad Turismo\",\"item\":\"https:\\\/\\\/eldigitaldeasturias.com\\\/magazine365\\\/category\\\/actualidad-turismo\\\/\",\"nextItem\":{\"@type\":\"ListItem\",\"@id\":\"https:\\\/\\\/eldigitaldeasturias.com\\\/magazine365\\\/los-precios-de-los-pisos-y-las-gruas-vuelven-a-elevarse-en-puntos-de-la-costa-espanola\\\/#listItem\",\"name\":\"Los precios de los pisos y las gr\\u00faas vuelven a elevarse en puntos de la costa espa\\u00f1ola\"},\"previousItem\":{\"@type\":\"ListItem\",\"@id\":\"https:\\\/\\\/eldigitaldeasturias.com\\\/magazine365#listItem\",\"name\":\"Home\"}},{\"@type\":\"ListItem\",\"@id\":\"https:\\\/\\\/eldigitaldeasturias.com\\\/magazine365\\\/los-precios-de-los-pisos-y-las-gruas-vuelven-a-elevarse-en-puntos-de-la-costa-espanola\\\/#listItem\",\"position\":3,\"name\":\"Los precios de los pisos y las gr\\u00faas vuelven a elevarse en puntos de la costa espa\\u00f1ola\",\"previousItem\":{\"@type\":\"ListItem\",\"@id\":\"https:\\\/\\\/eldigitaldeasturias.com\\\/magazine365\\\/category\\\/actualidad-turismo\\\/#listItem\",\"name\":\"Actualidad Turismo\"}}]},{\"@type\":\"Organization\",\"@id\":\"https:\\\/\\\/eldigitaldeasturias.com\\\/magazine365\\\/#organization\",\"name\":\"El digital de Asturias\",\"description\":\"Revista de ocio, turismo y estilo de vida\",\"url\":\"https:\\\/\\\/eldigitaldeasturias.com\\\/magazine365\\\/\",\"logo\":{\"@type\":\"ImageObject\",\"url\":\"https:\\\/\\\/www.eldigitaldeasturias.com\\\/noticias\\\/wp-content\\\/uploads\\\/2020\\\/12\\\/EDA.jpg\",\"@id\":\"https:\\\/\\\/eldigitaldeasturias.com\\\/magazine365\\\/los-precios-de-los-pisos-y-las-gruas-vuelven-a-elevarse-en-puntos-de-la-costa-espanola\\\/#organizationLogo\"},\"image\":{\"@id\":\"https:\\\/\\\/eldigitaldeasturias.com\\\/magazine365\\\/los-precios-de-los-pisos-y-las-gruas-vuelven-a-elevarse-en-puntos-de-la-costa-espanola\\\/#organizationLogo\"}},{\"@type\":\"Person\",\"@id\":\"https:\\\/\\\/eldigitaldeasturias.com\\\/magazine365\\\/author\\\/admin\\\/#author\",\"url\":\"https:\\\/\\\/eldigitaldeasturias.com\\\/magazine365\\\/author\\\/admin\\\/\",\"name\":\"admin\",\"image\":{\"@type\":\"ImageObject\",\"@id\":\"https:\\\/\\\/eldigitaldeasturias.com\\\/magazine365\\\/los-precios-de-los-pisos-y-las-gruas-vuelven-a-elevarse-en-puntos-de-la-costa-espanola\\\/#authorImage\",\"url\":\"https:\\\/\\\/eldigitaldeasturias.com\\\/magazine365\\\/wp-content\\\/litespeed\\\/avatar\\\/e571bcf59a0edd6fa6838245a470f2fe.jpg?ver=1776969259\",\"width\":96,\"height\":96,\"caption\":\"admin\"}},{\"@type\":\"WebPage\",\"@id\":\"https:\\\/\\\/eldigitaldeasturias.com\\\/magazine365\\\/los-precios-de-los-pisos-y-las-gruas-vuelven-a-elevarse-en-puntos-de-la-costa-espanola\\\/#webpage\",\"url\":\"https:\\\/\\\/eldigitaldeasturias.com\\\/magazine365\\\/los-precios-de-los-pisos-y-las-gruas-vuelven-a-elevarse-en-puntos-de-la-costa-espanola\\\/\",\"name\":\"Los precios de los pisos y las gr\\u00faas vuelven a elevarse en puntos de la costa espa\\u00f1ola | El Digital de Asturias\",\"description\":\"El ajuste de los precios de la vivienda y el par\\u00f3n de la actividad sigue siendo la t\\u00f3nica dominante en el mercado inmobiliario espa\\u00f1ol, pero el cambio de tendencia se empieza a observar en un retorno de los precios al alza y del inicio de promociones en algunos puntos del litoral espa\\u00f1ol. As\\u00ed se refleja\",\"inLanguage\":\"es-ES\",\"isPartOf\":{\"@id\":\"https:\\\/\\\/eldigitaldeasturias.com\\\/magazine365\\\/#website\"},\"breadcrumb\":{\"@id\":\"https:\\\/\\\/eldigitaldeasturias.com\\\/magazine365\\\/los-precios-de-los-pisos-y-las-gruas-vuelven-a-elevarse-en-puntos-de-la-costa-espanola\\\/#breadcrumblist\"},\"author\":{\"@id\":\"https:\\\/\\\/eldigitaldeasturias.com\\\/magazine365\\\/author\\\/admin\\\/#author\"},\"creator\":{\"@id\":\"https:\\\/\\\/eldigitaldeasturias.com\\\/magazine365\\\/author\\\/admin\\\/#author\"},\"image\":{\"@type\":\"ImageObject\",\"url\":\"https:\\\/\\\/eldigitaldeasturias.com\\\/magazine365\\\/wp-content\\\/uploads\\\/2015\\\/06\\\/fotonoticia_20150609152442_800.jpg\",\"@id\":\"https:\\\/\\\/eldigitaldeasturias.com\\\/magazine365\\\/los-precios-de-los-pisos-y-las-gruas-vuelven-a-elevarse-en-puntos-de-la-costa-espanola\\\/#mainImage\",\"width\":800,\"height\":473},\"primaryImageOfPage\":{\"@id\":\"https:\\\/\\\/eldigitaldeasturias.com\\\/magazine365\\\/los-precios-de-los-pisos-y-las-gruas-vuelven-a-elevarse-en-puntos-de-la-costa-espanola\\\/#mainImage\"},\"datePublished\":\"2015-06-10T02:02:30+02:00\",\"dateModified\":\"2015-06-10T02:02:30+02:00\"},{\"@type\":\"WebSite\",\"@id\":\"https:\\\/\\\/eldigitaldeasturias.com\\\/magazine365\\\/#website\",\"url\":\"https:\\\/\\\/eldigitaldeasturias.com\\\/magazine365\\\/\",\"name\":\"El Digital de Asturias\",\"description\":\"Revista de ocio, turismo y estilo de vida\",\"inLanguage\":\"es-ES\",\"publisher\":{\"@id\":\"https:\\\/\\\/eldigitaldeasturias.com\\\/magazine365\\\/#organization\"}}]}\n\t\t<\/script>\n\t\t<!-- All in One SEO Pro -->\r\n\t\t<title>Los precios de los pisos y las gr\u00faas vuelven a elevarse en puntos de la costa espa\u00f1ola | El Digital de Asturias<\/title>\n\n","aioseo_head_json":{"title":"Los precios de los pisos y las gr\u00faas vuelven a elevarse en puntos de la costa espa\u00f1ola | El Digital de Asturias","description":"El ajuste de los precios de la vivienda y el par\u00f3n de la actividad sigue siendo la t\u00f3nica dominante en el mercado inmobiliario espa\u00f1ol, pero el cambio de tendencia se empieza a observar en un retorno de los precios al alza y del inicio de promociones en algunos puntos del litoral espa\u00f1ol. As\u00ed se refleja","canonical_url":"https:\/\/eldigitaldeasturias.com\/magazine365\/los-precios-de-los-pisos-y-las-gruas-vuelven-a-elevarse-en-puntos-de-la-costa-espanola\/","robots":"max-image-preview:large","keywords":"actualidad turismo","webmasterTools":{"google-site-verification":"UA-38556648-1","miscellaneous":""},"schema":{"@context":"https:\/\/schema.org","@graph":[{"@type":"Article","@id":"https:\/\/eldigitaldeasturias.com\/magazine365\/los-precios-de-los-pisos-y-las-gruas-vuelven-a-elevarse-en-puntos-de-la-costa-espanola\/#article","name":"Los precios de los pisos y las gr\u00faas vuelven a elevarse en puntos de la costa espa\u00f1ola | El Digital de Asturias","headline":"Los precios de los pisos y las gr\u00faas vuelven a elevarse en puntos de la costa espa\u00f1ola","author":{"@id":"https:\/\/eldigitaldeasturias.com\/magazine365\/author\/admin\/#author"},"publisher":{"@id":"https:\/\/eldigitaldeasturias.com\/magazine365\/#organization"},"image":{"@type":"ImageObject","url":"https:\/\/eldigitaldeasturias.com\/magazine365\/wp-content\/uploads\/2015\/06\/fotonoticia_20150609152442_800.jpg","width":800,"height":473},"datePublished":"2015-06-10T02:02:30+02:00","dateModified":"2015-06-10T02:02:30+02:00","inLanguage":"es-ES","mainEntityOfPage":{"@id":"https:\/\/eldigitaldeasturias.com\/magazine365\/los-precios-de-los-pisos-y-las-gruas-vuelven-a-elevarse-en-puntos-de-la-costa-espanola\/#webpage"},"isPartOf":{"@id":"https:\/\/eldigitaldeasturias.com\/magazine365\/los-precios-de-los-pisos-y-las-gruas-vuelven-a-elevarse-en-puntos-de-la-costa-espanola\/#webpage"},"articleSection":"Actualidad Turismo"},{"@type":"BreadcrumbList","@id":"https:\/\/eldigitaldeasturias.com\/magazine365\/los-precios-de-los-pisos-y-las-gruas-vuelven-a-elevarse-en-puntos-de-la-costa-espanola\/#breadcrumblist","itemListElement":[{"@type":"ListItem","@id":"https:\/\/eldigitaldeasturias.com\/magazine365#listItem","position":1,"name":"Home","item":"https:\/\/eldigitaldeasturias.com\/magazine365","nextItem":{"@type":"ListItem","@id":"https:\/\/eldigitaldeasturias.com\/magazine365\/category\/actualidad-turismo\/#listItem","name":"Actualidad Turismo"}},{"@type":"ListItem","@id":"https:\/\/eldigitaldeasturias.com\/magazine365\/category\/actualidad-turismo\/#listItem","position":2,"name":"Actualidad Turismo","item":"https:\/\/eldigitaldeasturias.com\/magazine365\/category\/actualidad-turismo\/","nextItem":{"@type":"ListItem","@id":"https:\/\/eldigitaldeasturias.com\/magazine365\/los-precios-de-los-pisos-y-las-gruas-vuelven-a-elevarse-en-puntos-de-la-costa-espanola\/#listItem","name":"Los precios de los pisos y las gr\u00faas vuelven a elevarse en puntos de la costa espa\u00f1ola"},"previousItem":{"@type":"ListItem","@id":"https:\/\/eldigitaldeasturias.com\/magazine365#listItem","name":"Home"}},{"@type":"ListItem","@id":"https:\/\/eldigitaldeasturias.com\/magazine365\/los-precios-de-los-pisos-y-las-gruas-vuelven-a-elevarse-en-puntos-de-la-costa-espanola\/#listItem","position":3,"name":"Los precios de los pisos y las gr\u00faas vuelven a elevarse en puntos de la costa espa\u00f1ola","previousItem":{"@type":"ListItem","@id":"https:\/\/eldigitaldeasturias.com\/magazine365\/category\/actualidad-turismo\/#listItem","name":"Actualidad Turismo"}}]},{"@type":"Organization","@id":"https:\/\/eldigitaldeasturias.com\/magazine365\/#organization","name":"El digital de Asturias","description":"Revista de ocio, turismo y estilo de vida","url":"https:\/\/eldigitaldeasturias.com\/magazine365\/","logo":{"@type":"ImageObject","url":"https:\/\/www.eldigitaldeasturias.com\/noticias\/wp-content\/uploads\/2020\/12\/EDA.jpg","@id":"https:\/\/eldigitaldeasturias.com\/magazine365\/los-precios-de-los-pisos-y-las-gruas-vuelven-a-elevarse-en-puntos-de-la-costa-espanola\/#organizationLogo"},"image":{"@id":"https:\/\/eldigitaldeasturias.com\/magazine365\/los-precios-de-los-pisos-y-las-gruas-vuelven-a-elevarse-en-puntos-de-la-costa-espanola\/#organizationLogo"}},{"@type":"Person","@id":"https:\/\/eldigitaldeasturias.com\/magazine365\/author\/admin\/#author","url":"https:\/\/eldigitaldeasturias.com\/magazine365\/author\/admin\/","name":"admin","image":{"@type":"ImageObject","@id":"https:\/\/eldigitaldeasturias.com\/magazine365\/los-precios-de-los-pisos-y-las-gruas-vuelven-a-elevarse-en-puntos-de-la-costa-espanola\/#authorImage","url":"https:\/\/eldigitaldeasturias.com\/magazine365\/wp-content\/litespeed\/avatar\/e571bcf59a0edd6fa6838245a470f2fe.jpg?ver=1776969259","width":96,"height":96,"caption":"admin"}},{"@type":"WebPage","@id":"https:\/\/eldigitaldeasturias.com\/magazine365\/los-precios-de-los-pisos-y-las-gruas-vuelven-a-elevarse-en-puntos-de-la-costa-espanola\/#webpage","url":"https:\/\/eldigitaldeasturias.com\/magazine365\/los-precios-de-los-pisos-y-las-gruas-vuelven-a-elevarse-en-puntos-de-la-costa-espanola\/","name":"Los precios de los pisos y las gr\u00faas vuelven a elevarse en puntos de la costa espa\u00f1ola | El Digital de Asturias","description":"El ajuste de los precios de la vivienda y el par\u00f3n de la actividad sigue siendo la t\u00f3nica dominante en el mercado inmobiliario espa\u00f1ol, pero el cambio de tendencia se empieza a observar en un retorno de los precios al alza y del inicio de promociones en algunos puntos del litoral espa\u00f1ol. As\u00ed se refleja","inLanguage":"es-ES","isPartOf":{"@id":"https:\/\/eldigitaldeasturias.com\/magazine365\/#website"},"breadcrumb":{"@id":"https:\/\/eldigitaldeasturias.com\/magazine365\/los-precios-de-los-pisos-y-las-gruas-vuelven-a-elevarse-en-puntos-de-la-costa-espanola\/#breadcrumblist"},"author":{"@id":"https:\/\/eldigitaldeasturias.com\/magazine365\/author\/admin\/#author"},"creator":{"@id":"https:\/\/eldigitaldeasturias.com\/magazine365\/author\/admin\/#author"},"image":{"@type":"ImageObject","url":"https:\/\/eldigitaldeasturias.com\/magazine365\/wp-content\/uploads\/2015\/06\/fotonoticia_20150609152442_800.jpg","@id":"https:\/\/eldigitaldeasturias.com\/magazine365\/los-precios-de-los-pisos-y-las-gruas-vuelven-a-elevarse-en-puntos-de-la-costa-espanola\/#mainImage","width":800,"height":473},"primaryImageOfPage":{"@id":"https:\/\/eldigitaldeasturias.com\/magazine365\/los-precios-de-los-pisos-y-las-gruas-vuelven-a-elevarse-en-puntos-de-la-costa-espanola\/#mainImage"},"datePublished":"2015-06-10T02:02:30+02:00","dateModified":"2015-06-10T02:02:30+02:00"},{"@type":"WebSite","@id":"https:\/\/eldigitaldeasturias.com\/magazine365\/#website","url":"https:\/\/eldigitaldeasturias.com\/magazine365\/","name":"El Digital de Asturias","description":"Revista de ocio, turismo y estilo de vida","inLanguage":"es-ES","publisher":{"@id":"https:\/\/eldigitaldeasturias.com\/magazine365\/#organization"}}]},"og:locale":"es_ES","og:site_name":"El Digital de Asturias \u2013 Revista de ocio, turismo y estilo de vida","og:type":"article","og:title":"Los precios de los pisos y las gr\u00faas vuelven a elevarse en puntos de la costa espa\u00f1ola | El Digital de Asturias","og:description":"El ajuste de los precios de la vivienda y el par\u00f3n de la actividad sigue siendo la t\u00f3nica dominante en el mercado inmobiliario espa\u00f1ol, pero el cambio de tendencia se empieza a observar en un retorno de los precios al alza y del inicio de promociones en algunos puntos del litoral espa\u00f1ol. As\u00ed se refleja","og:url":"https:\/\/eldigitaldeasturias.com\/magazine365\/los-precios-de-los-pisos-y-las-gruas-vuelven-a-elevarse-en-puntos-de-la-costa-espanola\/","og:image":"https:\/\/eldigitaldeasturias.com\/magazine365\/wp-content\/uploads\/2015\/06\/fotonoticia_20150609152442_800.jpg","og:image:secure_url":"https:\/\/eldigitaldeasturias.com\/magazine365\/wp-content\/uploads\/2015\/06\/fotonoticia_20150609152442_800.jpg","og:image:width":800,"og:image:height":473,"article:published_time":"2015-06-10T00:32:30+00:00","article:modified_time":"2015-06-10T00:32:30+00:00","twitter:card":"summary_large_image","twitter:title":"Los precios de los pisos y las gr\u00faas vuelven a elevarse en puntos de la costa espa\u00f1ola | El Digital de Asturias","twitter:description":"El ajuste de los precios de la vivienda y el par\u00f3n de la actividad sigue siendo la t\u00f3nica dominante en el mercado inmobiliario espa\u00f1ol, pero el cambio de tendencia se empieza a observar en un retorno de los precios al alza y del inicio de promociones en algunos puntos del litoral espa\u00f1ol. As\u00ed se refleja","twitter:image":"https:\/\/eldigitaldeasturias.com\/magazine365\/wp-content\/uploads\/2015\/06\/fotonoticia_20150609152442_800.jpg"},"aioseo_meta_data":{"post_id":"39349","title":null,"description":null,"keywords":null,"keyphrases":null,"primary_term":null,"canonical_url":null,"og_title":null,"og_description":null,"og_object_type":"default","og_image_type":"default","og_image_url":null,"og_image_width":null,"og_image_height":null,"og_image_custom_url":null,"og_image_custom_fields":null,"og_video":null,"og_custom_url":null,"og_article_section":null,"og_article_tags":null,"twitter_use_og":false,"twitter_card":"default","twitter_image_type":"default","twitter_image_url":null,"twitter_image_custom_url":null,"twitter_image_custom_fields":null,"twitter_title":null,"twitter_description":null,"schema":{"blockGraphs":[],"customGraphs":[],"default":{"data":{"Article":[],"Course":[],"Dataset":[],"FAQPage":[],"Movie":[],"Person":[],"Product":[],"ProductReview":[],"Car":[],"Recipe":[],"Service":[],"SoftwareApplication":[],"WebPage":[]},"graphName":"","isEnabled":true},"graphs":[],"defaultGraph":"","defaultPostTypeGraph":""},"schema_type":null,"schema_type_options":null,"pillar_content":false,"robots_default":true,"robots_noindex":false,"robots_noarchive":false,"robots_nosnippet":false,"robots_nofollow":false,"robots_noimageindex":false,"robots_noodp":false,"robots_notranslate":false,"robots_max_snippet":null,"robots_max_videopreview":null,"robots_max_imagepreview":"large","priority":null,"frequency":null,"location":null,"local_seo":null,"seo_analyzer_scan_date":"2025-09-19 11:24:12","breadcrumb_settings":null,"limit_modified_date":false,"open_ai":null,"ai":null,"created":"2021-03-09 02:42:46","updated":"2025-09-19 11:24:12"},"aioseo_breadcrumb":"<div class=\"aioseo-breadcrumbs\"><span class=\"aioseo-breadcrumb\">\n\t<a href=\"https:\/\/eldigitaldeasturias.com\/magazine365\" title=\"Home\">Home<\/a>\n<\/span><span class=\"aioseo-breadcrumb-separator\">\u2013<\/span><span class=\"aioseo-breadcrumb\">\n\t<a href=\"https:\/\/eldigitaldeasturias.com\/magazine365\/category\/actualidad-turismo\/\" title=\"Actualidad Turismo\">Actualidad Turismo<\/a>\n<\/span><span class=\"aioseo-breadcrumb-separator\">\u2013<\/span><span class=\"aioseo-breadcrumb\">\n\t<a href=\"https:\/\/eldigitaldeasturias.com\/magazine365\/los-precios-de-los-pisos-y-las-gruas-vuelven-a-elevarse-en-puntos-de-la-costa-espanola\/\" title=\"Los precios de los pisos y las gr\u00faas vuelven a elevarse en puntos de la costa espa\u00f1ola\">Los precios de los pisos y las gr\u00faas vuelven a elevarse en puntos de la costa espa\u00f1ola<\/a>\n<\/span><\/div>","aioseo_breadcrumb_json":[{"label":"Home","link":"https:\/\/eldigitaldeasturias.com\/magazine365"},{"label":"Actualidad Turismo","link":"https:\/\/eldigitaldeasturias.com\/magazine365\/category\/actualidad-turismo\/"},{"label":"Los precios de los pisos y las gr\u00faas vuelven a elevarse en puntos de la costa espa\u00f1ola","link":"https:\/\/eldigitaldeasturias.com\/magazine365\/los-precios-de-los-pisos-y-las-gruas-vuelven-a-elevarse-en-puntos-de-la-costa-espanola\/"}],"_links":{"self":[{"href":"https:\/\/eldigitaldeasturias.com\/magazine365\/wp-json\/wp\/v2\/posts\/39349","targetHints":{"allow":["GET"]}}],"collection":[{"href":"https:\/\/eldigitaldeasturias.com\/magazine365\/wp-json\/wp\/v2\/posts"}],"about":[{"href":"https:\/\/eldigitaldeasturias.com\/magazine365\/wp-json\/wp\/v2\/types\/post"}],"author":[{"embeddable":true,"href":"https:\/\/eldigitaldeasturias.com\/magazine365\/wp-json\/wp\/v2\/users\/1"}],"replies":[{"embeddable":true,"href":"https:\/\/eldigitaldeasturias.com\/magazine365\/wp-json\/wp\/v2\/comments?post=39349"}],"version-history":[{"count":0,"href":"https:\/\/eldigitaldeasturias.com\/magazine365\/wp-json\/wp\/v2\/posts\/39349\/revisions"}],"wp:featuredmedia":[{"embeddable":true,"href":"https:\/\/eldigitaldeasturias.com\/magazine365\/wp-json\/wp\/v2\/media\/39350"}],"wp:attachment":[{"href":"https:\/\/eldigitaldeasturias.com\/magazine365\/wp-json\/wp\/v2\/media?parent=39349"}],"wp:term":[{"taxonomy":"category","embeddable":true,"href":"https:\/\/eldigitaldeasturias.com\/magazine365\/wp-json\/wp\/v2\/categories?post=39349"},{"taxonomy":"post_tag","embeddable":true,"href":"https:\/\/eldigitaldeasturias.com\/magazine365\/wp-json\/wp\/v2\/tags?post=39349"}],"curies":[{"name":"wp","href":"https:\/\/api.w.org\/{rel}","templated":true}]}}