{"id":39346,"date":"2015-06-10T01:58:48","date_gmt":"2015-06-10T00:28:48","guid":{"rendered":"http:\/\/eldigitaldeasturias.com\/magazine365\/?p=39346"},"modified":"2015-06-10T01:58:48","modified_gmt":"2015-06-10T00:28:48","slug":"amadeus-cede-un-325-en-bolsa-tras-valorar-air-france-klm-seguir-los-pasos-de-lufthansa","status":"publish","type":"post","link":"https:\/\/eldigitaldeasturias.com\/magazine365\/amadeus-cede-un-325-en-bolsa-tras-valorar-air-france-klm-seguir-los-pasos-de-lufthansa\/","title":{"rendered":"Amadeus cede un 3,25% en Bolsa tras valorar Air France-KLM seguir los pasos de Lufthansa"},"content":{"rendered":"<p><img fetchpriority=\"high\" decoding=\"async\" class=\"alignleft size-medium wp-image-39347\" src=\"https:\/\/eldigitaldeasturias.com\/magazine365\/wp-content\/uploads\/2015\/06\/fotonoticia_20150609150345_800-360x270.jpg\" alt=\"fotonoticia_20150609150345_800\" width=\"360\" height=\"270\" srcset=\"https:\/\/eldigitaldeasturias.com\/magazine365\/wp-content\/uploads\/2015\/06\/fotonoticia_20150609150345_800-360x270.jpg 360w, https:\/\/eldigitaldeasturias.com\/magazine365\/wp-content\/uploads\/2015\/06\/fotonoticia_20150609150345_800-650x488.jpg 650w, https:\/\/eldigitaldeasturias.com\/magazine365\/wp-content\/uploads\/2015\/06\/fotonoticia_20150609150345_800-768x577.jpg 768w, https:\/\/eldigitaldeasturias.com\/magazine365\/wp-content\/uploads\/2015\/06\/fotonoticia_20150609150345_800-150x113.jpg 150w, https:\/\/eldigitaldeasturias.com\/magazine365\/wp-content\/uploads\/2015\/06\/fotonoticia_20150609150345_800-450x338.jpg 450w, https:\/\/eldigitaldeasturias.com\/magazine365\/wp-content\/uploads\/2015\/06\/fotonoticia_20150609150345_800-80x60.jpg 80w, https:\/\/eldigitaldeasturias.com\/magazine365\/wp-content\/uploads\/2015\/06\/fotonoticia_20150609150345_800-265x198.jpg 265w, https:\/\/eldigitaldeasturias.com\/magazine365\/wp-content\/uploads\/2015\/06\/fotonoticia_20150609150345_800-696x523.jpg 696w, https:\/\/eldigitaldeasturias.com\/magazine365\/wp-content\/uploads\/2015\/06\/fotonoticia_20150609150345_800-559x420.jpg 559w, https:\/\/eldigitaldeasturias.com\/magazine365\/wp-content\/uploads\/2015\/06\/fotonoticia_20150609150345_800-90x67.jpg 90w, https:\/\/eldigitaldeasturias.com\/magazine365\/wp-content\/uploads\/2015\/06\/fotonoticia_20150609150345_800-100x75.jpg 100w, https:\/\/eldigitaldeasturias.com\/magazine365\/wp-content\/uploads\/2015\/06\/fotonoticia_20150609150345_800.jpg 800w\" sizes=\"(max-width: 360px) 100vw, 360px\" \/>Amadeus lidera las ca\u00eddas del Ibex 35 y se deja un 3,25%, hasta cotizar a 35,5 euros, tras conocerse que el grupo franco-holand\u00e9s Air France-KLM est\u00e1 valorando seguir los pasos de Lufthansa y cobrar un gravamen por las ventas de billetes a\u00e9reos a terceros a trav\u00e9s de los sistemas globales de distribuci\u00f3n (GDS), como el que utiliza Amadeus.<\/p>\n<p>Air France-KLM est\u00e1 evaluando est\u00e1 opci\u00f3n, seg\u00fan ha avanzado el presidente del grupo franco-holand\u00e9s, Alexandre de Juniac, en Miami en el marco de la 71\u00aa asamblea anual de la Asociaci\u00f3n Internacional de Transporte A\u00e9reo (IATA), qui\u00e9n apunt\u00f3 que la mayor\u00eda de sus ingresos proceden de las ventas a trav\u00e9s de GDS.<\/p>\n<p>De llevar a cabo esta medida, Air France-KLM seguir\u00eda los pasos del grupo alem\u00e1n Lufthansa, que a partir del 1 de septiembre, cobrar\u00e1 un recargo de 16 euros por billete (equivalente a 6 euros por reserva -booking-) para aquellas reservas realizadas a trav\u00e9s de los GDS comercializados por Amadeus y otros.<\/p>\n<p>La tasa anunciada por Lufthansa no se aplicar\u00e1 cuando la compra de los billetes de avi\u00f3n se realice a trav\u00e9s de sus propios canales de venta, centros telef\u00f3nicos de atenci\u00f3n al cliente o los mostradores de informaci\u00f3n.<\/p>\n<p>AMADEUS NO PREV\u00c9 IMPACTO SIGNIFICATIVO.<\/p>\n<p>Amadeus ha asegurado que no prev\u00e9 un impacto significativo, en t\u00e9rminos econ\u00f3micos, derivado de la nueva estrategia de distribuci\u00f3n anunciada por Lufthansa para sus aerol\u00edneas, y ha confiado \u00aben la fortaleza de su modelo de negocio\u00bb.<\/p>\n<p>Desde las agencias de viaje que operan en Espa\u00f1a se ha asegurado que este anuncio dificulta el trabajo de las empresas y encarece sus plataformas, al tener que integrar a partir de ahora la plataforma de Lufthansa espec\u00edfica para ellos en sus sistemas.<\/p>\n<p>La Asociaci\u00f3n Corporativa de Agencias de Viaje Especializadas (Acave), que se reuni\u00f3 ayer con responsables de Lufthansa para mostrar su rechazo a la medida, ha advertido que supondr\u00e1 \u00abun incremento de los costes y un gran perjuicio\u00bb para los consumidores tanto vacacionales como corporativos, ya que considera que limita su derecho a comparar tarifas y ofertas entre compa\u00f1\u00edas a\u00e9reas.<\/p>\n","protected":false},"excerpt":{"rendered":"<p>Amadeus lidera las ca\u00eddas del Ibex 35 y se deja un 3,25%, hasta cotizar a 35,5 euros, tras conocerse que el grupo franco-holand\u00e9s Air France-KLM est\u00e1 valorando seguir los pasos de Lufthansa y cobrar un gravamen por las ventas de billetes a\u00e9reos a terceros a trav\u00e9s de los sistemas globales de distribuci\u00f3n (GDS), como el<\/p>\n","protected":false},"author":1,"featured_media":39347,"comment_status":"open","ping_status":"closed","sticky":false,"template":"","format":"standard","meta":{"footnotes":""},"categories":[222],"tags":[],"class_list":{"0":"post-39346","1":"post","2":"type-post","3":"status-publish","4":"format-standard","5":"has-post-thumbnail","7":"category-actualidad-turismo"},"aioseo_notices":[],"aioseo_head":"\n\t\t<!-- All in One SEO Pro 4.9.6.1 - aioseo.com -->\n\t<meta name=\"description\" content=\"Amadeus lidera las ca\u00eddas del Ibex 35 y se deja un 3,25%, hasta cotizar a 35,5 euros, tras conocerse que el grupo franco-holand\u00e9s Air France-KLM est\u00e1 valorando seguir los pasos de Lufthansa y cobrar un gravamen por las ventas de billetes a\u00e9reos a terceros a trav\u00e9s de los sistemas globales de distribuci\u00f3n (GDS), como el\" \/>\n\t<meta name=\"robots\" content=\"max-image-preview:large\" \/>\n\t<meta name=\"author\" content=\"admin\"\/>\n\t<meta name=\"google-site-verification\" content=\"UA-38556648-1\" \/>\n\t<meta name=\"keywords\" content=\"actualidad turismo\" \/>\n\t<link rel=\"canonical\" href=\"https:\/\/eldigitaldeasturias.com\/magazine365\/amadeus-cede-un-325-en-bolsa-tras-valorar-air-france-klm-seguir-los-pasos-de-lufthansa\/\" \/>\n\t<meta name=\"generator\" content=\"All in One SEO Pro (AIOSEO) 4.9.6.1\" \/>\n\t\t<meta property=\"og:locale\" content=\"es_ES\" \/>\n\t\t<meta property=\"og:site_name\" content=\"El Digital de Asturias \u2013 Revista de ocio, turismo y estilo de vida\" \/>\n\t\t<meta property=\"og:type\" content=\"article\" \/>\n\t\t<meta property=\"og:title\" content=\"Amadeus cede un 3,25% en Bolsa tras valorar Air France-KLM seguir los pasos de Lufthansa | El Digital de Asturias\" \/>\n\t\t<meta property=\"og:description\" content=\"Amadeus lidera las ca\u00eddas del Ibex 35 y se deja un 3,25%, hasta cotizar a 35,5 euros, tras conocerse que el grupo franco-holand\u00e9s Air France-KLM est\u00e1 valorando seguir los pasos de Lufthansa y cobrar un gravamen por las ventas de billetes a\u00e9reos a terceros a trav\u00e9s de los sistemas globales de distribuci\u00f3n (GDS), como el\" \/>\n\t\t<meta property=\"og:url\" content=\"https:\/\/eldigitaldeasturias.com\/magazine365\/amadeus-cede-un-325-en-bolsa-tras-valorar-air-france-klm-seguir-los-pasos-de-lufthansa\/\" \/>\n\t\t<meta property=\"og:image\" content=\"https:\/\/eldigitaldeasturias.com\/magazine365\/wp-content\/uploads\/2015\/06\/fotonoticia_20150609150345_800.jpg\" \/>\n\t\t<meta property=\"og:image:secure_url\" content=\"https:\/\/eldigitaldeasturias.com\/magazine365\/wp-content\/uploads\/2015\/06\/fotonoticia_20150609150345_800.jpg\" \/>\n\t\t<meta property=\"og:image:width\" content=\"800\" \/>\n\t\t<meta property=\"og:image:height\" content=\"601\" \/>\n\t\t<meta property=\"article:published_time\" content=\"2015-06-10T00:28:48+00:00\" \/>\n\t\t<meta property=\"article:modified_time\" content=\"2015-06-10T00:28:48+00:00\" \/>\n\t\t<meta name=\"twitter:card\" content=\"summary_large_image\" \/>\n\t\t<meta name=\"twitter:title\" content=\"Amadeus cede un 3,25% en Bolsa tras valorar Air France-KLM seguir los pasos de Lufthansa | El Digital de Asturias\" \/>\n\t\t<meta name=\"twitter:description\" content=\"Amadeus lidera las ca\u00eddas del Ibex 35 y se deja un 3,25%, hasta cotizar a 35,5 euros, tras conocerse que el grupo franco-holand\u00e9s Air France-KLM est\u00e1 valorando seguir los pasos de Lufthansa y cobrar un gravamen por las ventas de billetes a\u00e9reos a terceros a trav\u00e9s de los sistemas globales de distribuci\u00f3n (GDS), como el\" \/>\n\t\t<meta name=\"twitter:image\" content=\"https:\/\/eldigitaldeasturias.com\/magazine365\/wp-content\/uploads\/2015\/06\/fotonoticia_20150609150345_800.jpg\" \/>\n\t\t<script type=\"application\/ld+json\" class=\"aioseo-schema\">\n\t\t\t{\"@context\":\"https:\\\/\\\/schema.org\",\"@graph\":[{\"@type\":\"Article\",\"@id\":\"https:\\\/\\\/eldigitaldeasturias.com\\\/magazine365\\\/amadeus-cede-un-325-en-bolsa-tras-valorar-air-france-klm-seguir-los-pasos-de-lufthansa\\\/#article\",\"name\":\"Amadeus cede un 3,25% en Bolsa tras valorar Air France-KLM seguir los pasos de Lufthansa | El Digital de Asturias\",\"headline\":\"Amadeus cede un 3,25% en Bolsa tras valorar Air France-KLM seguir los pasos de Lufthansa\",\"author\":{\"@id\":\"https:\\\/\\\/eldigitaldeasturias.com\\\/magazine365\\\/author\\\/admin\\\/#author\"},\"publisher\":{\"@id\":\"https:\\\/\\\/eldigitaldeasturias.com\\\/magazine365\\\/#organization\"},\"image\":{\"@type\":\"ImageObject\",\"url\":\"https:\\\/\\\/eldigitaldeasturias.com\\\/magazine365\\\/wp-content\\\/uploads\\\/2015\\\/06\\\/fotonoticia_20150609150345_800.jpg\",\"width\":800,\"height\":601},\"datePublished\":\"2015-06-10T01:58:48+02:00\",\"dateModified\":\"2015-06-10T01:58:48+02:00\",\"inLanguage\":\"es-ES\",\"mainEntityOfPage\":{\"@id\":\"https:\\\/\\\/eldigitaldeasturias.com\\\/magazine365\\\/amadeus-cede-un-325-en-bolsa-tras-valorar-air-france-klm-seguir-los-pasos-de-lufthansa\\\/#webpage\"},\"isPartOf\":{\"@id\":\"https:\\\/\\\/eldigitaldeasturias.com\\\/magazine365\\\/amadeus-cede-un-325-en-bolsa-tras-valorar-air-france-klm-seguir-los-pasos-de-lufthansa\\\/#webpage\"},\"articleSection\":\"Actualidad Turismo\"},{\"@type\":\"BreadcrumbList\",\"@id\":\"https:\\\/\\\/eldigitaldeasturias.com\\\/magazine365\\\/amadeus-cede-un-325-en-bolsa-tras-valorar-air-france-klm-seguir-los-pasos-de-lufthansa\\\/#breadcrumblist\",\"itemListElement\":[{\"@type\":\"ListItem\",\"@id\":\"https:\\\/\\\/eldigitaldeasturias.com\\\/magazine365#listItem\",\"position\":1,\"name\":\"Home\",\"item\":\"https:\\\/\\\/eldigitaldeasturias.com\\\/magazine365\",\"nextItem\":{\"@type\":\"ListItem\",\"@id\":\"https:\\\/\\\/eldigitaldeasturias.com\\\/magazine365\\\/category\\\/actualidad-turismo\\\/#listItem\",\"name\":\"Actualidad Turismo\"}},{\"@type\":\"ListItem\",\"@id\":\"https:\\\/\\\/eldigitaldeasturias.com\\\/magazine365\\\/category\\\/actualidad-turismo\\\/#listItem\",\"position\":2,\"name\":\"Actualidad Turismo\",\"item\":\"https:\\\/\\\/eldigitaldeasturias.com\\\/magazine365\\\/category\\\/actualidad-turismo\\\/\",\"nextItem\":{\"@type\":\"ListItem\",\"@id\":\"https:\\\/\\\/eldigitaldeasturias.com\\\/magazine365\\\/amadeus-cede-un-325-en-bolsa-tras-valorar-air-france-klm-seguir-los-pasos-de-lufthansa\\\/#listItem\",\"name\":\"Amadeus cede un 3,25% en Bolsa tras valorar Air France-KLM seguir los pasos de Lufthansa\"},\"previousItem\":{\"@type\":\"ListItem\",\"@id\":\"https:\\\/\\\/eldigitaldeasturias.com\\\/magazine365#listItem\",\"name\":\"Home\"}},{\"@type\":\"ListItem\",\"@id\":\"https:\\\/\\\/eldigitaldeasturias.com\\\/magazine365\\\/amadeus-cede-un-325-en-bolsa-tras-valorar-air-france-klm-seguir-los-pasos-de-lufthansa\\\/#listItem\",\"position\":3,\"name\":\"Amadeus cede un 3,25% en Bolsa tras valorar Air France-KLM seguir los pasos de Lufthansa\",\"previousItem\":{\"@type\":\"ListItem\",\"@id\":\"https:\\\/\\\/eldigitaldeasturias.com\\\/magazine365\\\/category\\\/actualidad-turismo\\\/#listItem\",\"name\":\"Actualidad Turismo\"}}]},{\"@type\":\"Organization\",\"@id\":\"https:\\\/\\\/eldigitaldeasturias.com\\\/magazine365\\\/#organization\",\"name\":\"El digital de Asturias\",\"description\":\"Revista de ocio, turismo y estilo de vida\",\"url\":\"https:\\\/\\\/eldigitaldeasturias.com\\\/magazine365\\\/\",\"logo\":{\"@type\":\"ImageObject\",\"url\":\"https:\\\/\\\/www.eldigitaldeasturias.com\\\/noticias\\\/wp-content\\\/uploads\\\/2020\\\/12\\\/EDA.jpg\",\"@id\":\"https:\\\/\\\/eldigitaldeasturias.com\\\/magazine365\\\/amadeus-cede-un-325-en-bolsa-tras-valorar-air-france-klm-seguir-los-pasos-de-lufthansa\\\/#organizationLogo\"},\"image\":{\"@id\":\"https:\\\/\\\/eldigitaldeasturias.com\\\/magazine365\\\/amadeus-cede-un-325-en-bolsa-tras-valorar-air-france-klm-seguir-los-pasos-de-lufthansa\\\/#organizationLogo\"}},{\"@type\":\"Person\",\"@id\":\"https:\\\/\\\/eldigitaldeasturias.com\\\/magazine365\\\/author\\\/admin\\\/#author\",\"url\":\"https:\\\/\\\/eldigitaldeasturias.com\\\/magazine365\\\/author\\\/admin\\\/\",\"name\":\"admin\",\"image\":{\"@type\":\"ImageObject\",\"@id\":\"https:\\\/\\\/eldigitaldeasturias.com\\\/magazine365\\\/amadeus-cede-un-325-en-bolsa-tras-valorar-air-france-klm-seguir-los-pasos-de-lufthansa\\\/#authorImage\",\"url\":\"https:\\\/\\\/eldigitaldeasturias.com\\\/magazine365\\\/wp-content\\\/litespeed\\\/avatar\\\/e571bcf59a0edd6fa6838245a470f2fe.jpg?ver=1776969259\",\"width\":96,\"height\":96,\"caption\":\"admin\"}},{\"@type\":\"WebPage\",\"@id\":\"https:\\\/\\\/eldigitaldeasturias.com\\\/magazine365\\\/amadeus-cede-un-325-en-bolsa-tras-valorar-air-france-klm-seguir-los-pasos-de-lufthansa\\\/#webpage\",\"url\":\"https:\\\/\\\/eldigitaldeasturias.com\\\/magazine365\\\/amadeus-cede-un-325-en-bolsa-tras-valorar-air-france-klm-seguir-los-pasos-de-lufthansa\\\/\",\"name\":\"Amadeus cede un 3,25% en Bolsa tras valorar Air France-KLM seguir los pasos de Lufthansa | El Digital de Asturias\",\"description\":\"Amadeus lidera las ca\\u00eddas del Ibex 35 y se deja un 3,25%, hasta cotizar a 35,5 euros, tras conocerse que el grupo franco-holand\\u00e9s Air France-KLM est\\u00e1 valorando seguir los pasos de Lufthansa y cobrar un gravamen por las ventas de billetes a\\u00e9reos a terceros a trav\\u00e9s de los sistemas globales de distribuci\\u00f3n (GDS), como el\",\"inLanguage\":\"es-ES\",\"isPartOf\":{\"@id\":\"https:\\\/\\\/eldigitaldeasturias.com\\\/magazine365\\\/#website\"},\"breadcrumb\":{\"@id\":\"https:\\\/\\\/eldigitaldeasturias.com\\\/magazine365\\\/amadeus-cede-un-325-en-bolsa-tras-valorar-air-france-klm-seguir-los-pasos-de-lufthansa\\\/#breadcrumblist\"},\"author\":{\"@id\":\"https:\\\/\\\/eldigitaldeasturias.com\\\/magazine365\\\/author\\\/admin\\\/#author\"},\"creator\":{\"@id\":\"https:\\\/\\\/eldigitaldeasturias.com\\\/magazine365\\\/author\\\/admin\\\/#author\"},\"image\":{\"@type\":\"ImageObject\",\"url\":\"https:\\\/\\\/eldigitaldeasturias.com\\\/magazine365\\\/wp-content\\\/uploads\\\/2015\\\/06\\\/fotonoticia_20150609150345_800.jpg\",\"@id\":\"https:\\\/\\\/eldigitaldeasturias.com\\\/magazine365\\\/amadeus-cede-un-325-en-bolsa-tras-valorar-air-france-klm-seguir-los-pasos-de-lufthansa\\\/#mainImage\",\"width\":800,\"height\":601},\"primaryImageOfPage\":{\"@id\":\"https:\\\/\\\/eldigitaldeasturias.com\\\/magazine365\\\/amadeus-cede-un-325-en-bolsa-tras-valorar-air-france-klm-seguir-los-pasos-de-lufthansa\\\/#mainImage\"},\"datePublished\":\"2015-06-10T01:58:48+02:00\",\"dateModified\":\"2015-06-10T01:58:48+02:00\"},{\"@type\":\"WebSite\",\"@id\":\"https:\\\/\\\/eldigitaldeasturias.com\\\/magazine365\\\/#website\",\"url\":\"https:\\\/\\\/eldigitaldeasturias.com\\\/magazine365\\\/\",\"name\":\"El Digital de Asturias\",\"description\":\"Revista de ocio, turismo y estilo de vida\",\"inLanguage\":\"es-ES\",\"publisher\":{\"@id\":\"https:\\\/\\\/eldigitaldeasturias.com\\\/magazine365\\\/#organization\"}}]}\n\t\t<\/script>\n\t\t<!-- All in One SEO Pro -->\r\n\t\t<title>Amadeus cede un 3,25% en Bolsa tras valorar Air France-KLM seguir los pasos de Lufthansa | El Digital de Asturias<\/title>\n\n","aioseo_head_json":{"title":"Amadeus cede un 3,25% en Bolsa tras valorar Air France-KLM seguir los pasos de Lufthansa | El Digital de Asturias","description":"Amadeus lidera las ca\u00eddas del Ibex 35 y se deja un 3,25%, hasta cotizar a 35,5 euros, tras conocerse que el grupo franco-holand\u00e9s Air France-KLM est\u00e1 valorando seguir los pasos de Lufthansa y cobrar un gravamen por las ventas de billetes a\u00e9reos a terceros a trav\u00e9s de los sistemas globales de distribuci\u00f3n (GDS), como el","canonical_url":"https:\/\/eldigitaldeasturias.com\/magazine365\/amadeus-cede-un-325-en-bolsa-tras-valorar-air-france-klm-seguir-los-pasos-de-lufthansa\/","robots":"max-image-preview:large","keywords":"actualidad turismo","webmasterTools":{"google-site-verification":"UA-38556648-1","miscellaneous":""},"schema":{"@context":"https:\/\/schema.org","@graph":[{"@type":"Article","@id":"https:\/\/eldigitaldeasturias.com\/magazine365\/amadeus-cede-un-325-en-bolsa-tras-valorar-air-france-klm-seguir-los-pasos-de-lufthansa\/#article","name":"Amadeus cede un 3,25% en Bolsa tras valorar Air France-KLM seguir los pasos de Lufthansa | El Digital de Asturias","headline":"Amadeus cede un 3,25% en Bolsa tras valorar Air France-KLM seguir los pasos de Lufthansa","author":{"@id":"https:\/\/eldigitaldeasturias.com\/magazine365\/author\/admin\/#author"},"publisher":{"@id":"https:\/\/eldigitaldeasturias.com\/magazine365\/#organization"},"image":{"@type":"ImageObject","url":"https:\/\/eldigitaldeasturias.com\/magazine365\/wp-content\/uploads\/2015\/06\/fotonoticia_20150609150345_800.jpg","width":800,"height":601},"datePublished":"2015-06-10T01:58:48+02:00","dateModified":"2015-06-10T01:58:48+02:00","inLanguage":"es-ES","mainEntityOfPage":{"@id":"https:\/\/eldigitaldeasturias.com\/magazine365\/amadeus-cede-un-325-en-bolsa-tras-valorar-air-france-klm-seguir-los-pasos-de-lufthansa\/#webpage"},"isPartOf":{"@id":"https:\/\/eldigitaldeasturias.com\/magazine365\/amadeus-cede-un-325-en-bolsa-tras-valorar-air-france-klm-seguir-los-pasos-de-lufthansa\/#webpage"},"articleSection":"Actualidad Turismo"},{"@type":"BreadcrumbList","@id":"https:\/\/eldigitaldeasturias.com\/magazine365\/amadeus-cede-un-325-en-bolsa-tras-valorar-air-france-klm-seguir-los-pasos-de-lufthansa\/#breadcrumblist","itemListElement":[{"@type":"ListItem","@id":"https:\/\/eldigitaldeasturias.com\/magazine365#listItem","position":1,"name":"Home","item":"https:\/\/eldigitaldeasturias.com\/magazine365","nextItem":{"@type":"ListItem","@id":"https:\/\/eldigitaldeasturias.com\/magazine365\/category\/actualidad-turismo\/#listItem","name":"Actualidad Turismo"}},{"@type":"ListItem","@id":"https:\/\/eldigitaldeasturias.com\/magazine365\/category\/actualidad-turismo\/#listItem","position":2,"name":"Actualidad Turismo","item":"https:\/\/eldigitaldeasturias.com\/magazine365\/category\/actualidad-turismo\/","nextItem":{"@type":"ListItem","@id":"https:\/\/eldigitaldeasturias.com\/magazine365\/amadeus-cede-un-325-en-bolsa-tras-valorar-air-france-klm-seguir-los-pasos-de-lufthansa\/#listItem","name":"Amadeus cede un 3,25% en Bolsa tras valorar Air France-KLM seguir los pasos de Lufthansa"},"previousItem":{"@type":"ListItem","@id":"https:\/\/eldigitaldeasturias.com\/magazine365#listItem","name":"Home"}},{"@type":"ListItem","@id":"https:\/\/eldigitaldeasturias.com\/magazine365\/amadeus-cede-un-325-en-bolsa-tras-valorar-air-france-klm-seguir-los-pasos-de-lufthansa\/#listItem","position":3,"name":"Amadeus cede un 3,25% en Bolsa tras valorar Air France-KLM seguir los pasos de Lufthansa","previousItem":{"@type":"ListItem","@id":"https:\/\/eldigitaldeasturias.com\/magazine365\/category\/actualidad-turismo\/#listItem","name":"Actualidad Turismo"}}]},{"@type":"Organization","@id":"https:\/\/eldigitaldeasturias.com\/magazine365\/#organization","name":"El digital de Asturias","description":"Revista de ocio, turismo y estilo de vida","url":"https:\/\/eldigitaldeasturias.com\/magazine365\/","logo":{"@type":"ImageObject","url":"https:\/\/www.eldigitaldeasturias.com\/noticias\/wp-content\/uploads\/2020\/12\/EDA.jpg","@id":"https:\/\/eldigitaldeasturias.com\/magazine365\/amadeus-cede-un-325-en-bolsa-tras-valorar-air-france-klm-seguir-los-pasos-de-lufthansa\/#organizationLogo"},"image":{"@id":"https:\/\/eldigitaldeasturias.com\/magazine365\/amadeus-cede-un-325-en-bolsa-tras-valorar-air-france-klm-seguir-los-pasos-de-lufthansa\/#organizationLogo"}},{"@type":"Person","@id":"https:\/\/eldigitaldeasturias.com\/magazine365\/author\/admin\/#author","url":"https:\/\/eldigitaldeasturias.com\/magazine365\/author\/admin\/","name":"admin","image":{"@type":"ImageObject","@id":"https:\/\/eldigitaldeasturias.com\/magazine365\/amadeus-cede-un-325-en-bolsa-tras-valorar-air-france-klm-seguir-los-pasos-de-lufthansa\/#authorImage","url":"https:\/\/eldigitaldeasturias.com\/magazine365\/wp-content\/litespeed\/avatar\/e571bcf59a0edd6fa6838245a470f2fe.jpg?ver=1776969259","width":96,"height":96,"caption":"admin"}},{"@type":"WebPage","@id":"https:\/\/eldigitaldeasturias.com\/magazine365\/amadeus-cede-un-325-en-bolsa-tras-valorar-air-france-klm-seguir-los-pasos-de-lufthansa\/#webpage","url":"https:\/\/eldigitaldeasturias.com\/magazine365\/amadeus-cede-un-325-en-bolsa-tras-valorar-air-france-klm-seguir-los-pasos-de-lufthansa\/","name":"Amadeus cede un 3,25% en Bolsa tras valorar Air France-KLM seguir los pasos de Lufthansa | El Digital de Asturias","description":"Amadeus lidera las ca\u00eddas del Ibex 35 y se deja un 3,25%, hasta cotizar a 35,5 euros, tras conocerse que el grupo franco-holand\u00e9s Air France-KLM est\u00e1 valorando seguir los pasos de Lufthansa y cobrar un gravamen por las ventas de billetes a\u00e9reos a terceros a trav\u00e9s de los sistemas globales de distribuci\u00f3n (GDS), como el","inLanguage":"es-ES","isPartOf":{"@id":"https:\/\/eldigitaldeasturias.com\/magazine365\/#website"},"breadcrumb":{"@id":"https:\/\/eldigitaldeasturias.com\/magazine365\/amadeus-cede-un-325-en-bolsa-tras-valorar-air-france-klm-seguir-los-pasos-de-lufthansa\/#breadcrumblist"},"author":{"@id":"https:\/\/eldigitaldeasturias.com\/magazine365\/author\/admin\/#author"},"creator":{"@id":"https:\/\/eldigitaldeasturias.com\/magazine365\/author\/admin\/#author"},"image":{"@type":"ImageObject","url":"https:\/\/eldigitaldeasturias.com\/magazine365\/wp-content\/uploads\/2015\/06\/fotonoticia_20150609150345_800.jpg","@id":"https:\/\/eldigitaldeasturias.com\/magazine365\/amadeus-cede-un-325-en-bolsa-tras-valorar-air-france-klm-seguir-los-pasos-de-lufthansa\/#mainImage","width":800,"height":601},"primaryImageOfPage":{"@id":"https:\/\/eldigitaldeasturias.com\/magazine365\/amadeus-cede-un-325-en-bolsa-tras-valorar-air-france-klm-seguir-los-pasos-de-lufthansa\/#mainImage"},"datePublished":"2015-06-10T01:58:48+02:00","dateModified":"2015-06-10T01:58:48+02:00"},{"@type":"WebSite","@id":"https:\/\/eldigitaldeasturias.com\/magazine365\/#website","url":"https:\/\/eldigitaldeasturias.com\/magazine365\/","name":"El Digital de Asturias","description":"Revista de ocio, turismo y estilo de vida","inLanguage":"es-ES","publisher":{"@id":"https:\/\/eldigitaldeasturias.com\/magazine365\/#organization"}}]},"og:locale":"es_ES","og:site_name":"El Digital de Asturias \u2013 Revista de ocio, turismo y estilo de vida","og:type":"article","og:title":"Amadeus cede un 3,25% en Bolsa tras valorar Air France-KLM seguir los pasos de Lufthansa | El Digital de Asturias","og:description":"Amadeus lidera las ca\u00eddas del Ibex 35 y se deja un 3,25%, hasta cotizar a 35,5 euros, tras conocerse que el grupo franco-holand\u00e9s Air France-KLM est\u00e1 valorando seguir los pasos de Lufthansa y cobrar un gravamen por las ventas de billetes a\u00e9reos a terceros a trav\u00e9s de los sistemas globales de distribuci\u00f3n (GDS), como el","og:url":"https:\/\/eldigitaldeasturias.com\/magazine365\/amadeus-cede-un-325-en-bolsa-tras-valorar-air-france-klm-seguir-los-pasos-de-lufthansa\/","og:image":"https:\/\/eldigitaldeasturias.com\/magazine365\/wp-content\/uploads\/2015\/06\/fotonoticia_20150609150345_800.jpg","og:image:secure_url":"https:\/\/eldigitaldeasturias.com\/magazine365\/wp-content\/uploads\/2015\/06\/fotonoticia_20150609150345_800.jpg","og:image:width":800,"og:image:height":601,"article:published_time":"2015-06-10T00:28:48+00:00","article:modified_time":"2015-06-10T00:28:48+00:00","twitter:card":"summary_large_image","twitter:title":"Amadeus cede un 3,25% en Bolsa tras valorar Air France-KLM seguir los pasos de Lufthansa | El Digital de Asturias","twitter:description":"Amadeus lidera las ca\u00eddas del Ibex 35 y se deja un 3,25%, hasta cotizar a 35,5 euros, tras conocerse que el grupo franco-holand\u00e9s Air France-KLM est\u00e1 valorando seguir los pasos de Lufthansa y cobrar un gravamen por las ventas de billetes a\u00e9reos a terceros a trav\u00e9s de los sistemas globales de distribuci\u00f3n (GDS), como el","twitter:image":"https:\/\/eldigitaldeasturias.com\/magazine365\/wp-content\/uploads\/2015\/06\/fotonoticia_20150609150345_800.jpg"},"aioseo_meta_data":{"post_id":"39346","title":null,"description":null,"keywords":null,"keyphrases":null,"primary_term":null,"canonical_url":null,"og_title":null,"og_description":null,"og_object_type":"default","og_image_type":"default","og_image_url":null,"og_image_width":null,"og_image_height":null,"og_image_custom_url":null,"og_image_custom_fields":null,"og_video":null,"og_custom_url":null,"og_article_section":null,"og_article_tags":null,"twitter_use_og":false,"twitter_card":"default","twitter_image_type":"default","twitter_image_url":null,"twitter_image_custom_url":null,"twitter_image_custom_fields":null,"twitter_title":null,"twitter_description":null,"schema":{"blockGraphs":[],"customGraphs":[],"default":{"data":{"Article":[],"Course":[],"Dataset":[],"FAQPage":[],"Movie":[],"Person":[],"Product":[],"ProductReview":[],"Car":[],"Recipe":[],"Service":[],"SoftwareApplication":[],"WebPage":[]},"graphName":"","isEnabled":true},"graphs":[],"defaultGraph":"","defaultPostTypeGraph":""},"schema_type":null,"schema_type_options":null,"pillar_content":false,"robots_default":true,"robots_noindex":false,"robots_noarchive":false,"robots_nosnippet":false,"robots_nofollow":false,"robots_noimageindex":false,"robots_noodp":false,"robots_notranslate":false,"robots_max_snippet":null,"robots_max_videopreview":null,"robots_max_imagepreview":"large","priority":null,"frequency":null,"location":null,"local_seo":null,"seo_analyzer_scan_date":"2025-09-19 11:24:11","breadcrumb_settings":null,"limit_modified_date":false,"open_ai":null,"ai":null,"created":"2021-03-09 02:42:46","updated":"2025-09-19 11:24:11"},"aioseo_breadcrumb":"<div class=\"aioseo-breadcrumbs\"><span class=\"aioseo-breadcrumb\">\n\t<a href=\"https:\/\/eldigitaldeasturias.com\/magazine365\" title=\"Home\">Home<\/a>\n<\/span><span class=\"aioseo-breadcrumb-separator\">\u2013<\/span><span class=\"aioseo-breadcrumb\">\n\t<a href=\"https:\/\/eldigitaldeasturias.com\/magazine365\/category\/actualidad-turismo\/\" title=\"Actualidad Turismo\">Actualidad Turismo<\/a>\n<\/span><span class=\"aioseo-breadcrumb-separator\">\u2013<\/span><span class=\"aioseo-breadcrumb\">\n\t<a href=\"https:\/\/eldigitaldeasturias.com\/magazine365\/amadeus-cede-un-325-en-bolsa-tras-valorar-air-france-klm-seguir-los-pasos-de-lufthansa\/\" title=\"Amadeus cede un 3,25% en Bolsa tras valorar Air France-KLM seguir los pasos de Lufthansa\">Amadeus cede un 3,25% en Bolsa tras valorar Air France-KLM seguir los pasos de Lufthansa<\/a>\n<\/span><\/div>","aioseo_breadcrumb_json":[{"label":"Home","link":"https:\/\/eldigitaldeasturias.com\/magazine365"},{"label":"Actualidad Turismo","link":"https:\/\/eldigitaldeasturias.com\/magazine365\/category\/actualidad-turismo\/"},{"label":"Amadeus cede un 3,25% en Bolsa tras valorar Air France-KLM seguir los pasos de Lufthansa","link":"https:\/\/eldigitaldeasturias.com\/magazine365\/amadeus-cede-un-325-en-bolsa-tras-valorar-air-france-klm-seguir-los-pasos-de-lufthansa\/"}],"_links":{"self":[{"href":"https:\/\/eldigitaldeasturias.com\/magazine365\/wp-json\/wp\/v2\/posts\/39346","targetHints":{"allow":["GET"]}}],"collection":[{"href":"https:\/\/eldigitaldeasturias.com\/magazine365\/wp-json\/wp\/v2\/posts"}],"about":[{"href":"https:\/\/eldigitaldeasturias.com\/magazine365\/wp-json\/wp\/v2\/types\/post"}],"author":[{"embeddable":true,"href":"https:\/\/eldigitaldeasturias.com\/magazine365\/wp-json\/wp\/v2\/users\/1"}],"replies":[{"embeddable":true,"href":"https:\/\/eldigitaldeasturias.com\/magazine365\/wp-json\/wp\/v2\/comments?post=39346"}],"version-history":[{"count":0,"href":"https:\/\/eldigitaldeasturias.com\/magazine365\/wp-json\/wp\/v2\/posts\/39346\/revisions"}],"wp:featuredmedia":[{"embeddable":true,"href":"https:\/\/eldigitaldeasturias.com\/magazine365\/wp-json\/wp\/v2\/media\/39347"}],"wp:attachment":[{"href":"https:\/\/eldigitaldeasturias.com\/magazine365\/wp-json\/wp\/v2\/media?parent=39346"}],"wp:term":[{"taxonomy":"category","embeddable":true,"href":"https:\/\/eldigitaldeasturias.com\/magazine365\/wp-json\/wp\/v2\/categories?post=39346"},{"taxonomy":"post_tag","embeddable":true,"href":"https:\/\/eldigitaldeasturias.com\/magazine365\/wp-json\/wp\/v2\/tags?post=39346"}],"curies":[{"name":"wp","href":"https:\/\/api.w.org\/{rel}","templated":true}]}}