{"id":39343,"date":"2015-06-10T01:37:51","date_gmt":"2015-06-10T00:07:51","guid":{"rendered":"http:\/\/eldigitaldeasturias.com\/magazine365\/?p=39343"},"modified":"2015-06-10T01:37:51","modified_gmt":"2015-06-10T00:07:51","slug":"jornada-gastronomica-del-iberico-y-de-la-dehesa-de-la-sierra-de-montanchez-y-tamuja","status":"publish","type":"post","link":"https:\/\/eldigitaldeasturias.com\/magazine365\/jornada-gastronomica-del-iberico-y-de-la-dehesa-de-la-sierra-de-montanchez-y-tamuja\/","title":{"rendered":"Jornada Gastron\u00f3mica del Ib\u00e9rico y de la Dehesa de la Sierra de Mont\u00e1nchez y Tamuja"},"content":{"rendered":"<p><img fetchpriority=\"high\" decoding=\"async\" class=\"alignleft size-medium wp-image-39344\" src=\"https:\/\/eldigitaldeasturias.com\/magazine365\/wp-content\/uploads\/2015\/06\/fotonoticia_20150609141431_800-360x270.jpg\" alt=\"fotonoticia_20150609141431_800\" width=\"360\" height=\"270\" srcset=\"https:\/\/eldigitaldeasturias.com\/magazine365\/wp-content\/uploads\/2015\/06\/fotonoticia_20150609141431_800-360x270.jpg 360w, https:\/\/eldigitaldeasturias.com\/magazine365\/wp-content\/uploads\/2015\/06\/fotonoticia_20150609141431_800-650x488.jpg 650w, https:\/\/eldigitaldeasturias.com\/magazine365\/wp-content\/uploads\/2015\/06\/fotonoticia_20150609141431_800-768x576.jpg 768w, https:\/\/eldigitaldeasturias.com\/magazine365\/wp-content\/uploads\/2015\/06\/fotonoticia_20150609141431_800-150x113.jpg 150w, https:\/\/eldigitaldeasturias.com\/magazine365\/wp-content\/uploads\/2015\/06\/fotonoticia_20150609141431_800-450x338.jpg 450w, https:\/\/eldigitaldeasturias.com\/magazine365\/wp-content\/uploads\/2015\/06\/fotonoticia_20150609141431_800-80x60.jpg 80w, https:\/\/eldigitaldeasturias.com\/magazine365\/wp-content\/uploads\/2015\/06\/fotonoticia_20150609141431_800-265x198.jpg 265w, https:\/\/eldigitaldeasturias.com\/magazine365\/wp-content\/uploads\/2015\/06\/fotonoticia_20150609141431_800-696x522.jpg 696w, https:\/\/eldigitaldeasturias.com\/magazine365\/wp-content\/uploads\/2015\/06\/fotonoticia_20150609141431_800-560x420.jpg 560w, https:\/\/eldigitaldeasturias.com\/magazine365\/wp-content\/uploads\/2015\/06\/fotonoticia_20150609141431_800-90x67.jpg 90w, https:\/\/eldigitaldeasturias.com\/magazine365\/wp-content\/uploads\/2015\/06\/fotonoticia_20150609141431_800-100x75.jpg 100w, https:\/\/eldigitaldeasturias.com\/magazine365\/wp-content\/uploads\/2015\/06\/fotonoticia_20150609141431_800.jpg 800w\" sizes=\"(max-width: 360px) 100vw, 360px\" \/>Una Jornada Gastron\u00f3mica del Ib\u00e9rico y de la Dehesa organizada este martes en el Complejo Cultural San Francisco de C\u00e1ceres pone en valor los productos ib\u00e9ricos de la comarca cacere\u00f1a de Sierra de Mont\u00e1nchez y Tamuja donde el h\u00e1bitat de la dehesa se convierte tambi\u00e9n en un reclamo tur\u00edstico para la zona.<\/p>\n<p>La iniciativa se enmarca en el proyecto de colaboraci\u00f3n que ha sido elaborado por el grupo de acci\u00f3n local de la comarca, &#8216;Adismonta&#8217; y del que forman parte adem\u00e1s de Extremadura las comunidades de Castilla Le\u00f3n y Andaluc\u00eda.<\/p>\n<p>El evento, celebrado con motivo del t\u00edtulo de Capital Espa\u00f1ola de la Gastronom\u00eda que ostenta la ciudad de C\u00e1ceres en este 2015, ha girado en torno a la &#8216;Ruta del Jam\u00f3n Ib\u00e9rico&#8217; que desde hace varios a\u00f1os forma parte de la estrategia de Turismo Gastron\u00f3mico de Extremadura, y en el que colaboran m\u00e1s de 300 empresas de diversas \u00e1reas del mercado.<\/p>\n<p>Al acto de inauguraci\u00f3n ha acudido la directora general en funciones de Turismo del Gobierno de Extremadura, Elisa Cruz, quien ha estado acompa\u00f1ada por el diputado provincial en funciones de Turismo, Deporte y Juventud, \u00c1lvaro Arias, y el presidente de &#8216;Adismonta&#8217;, \u00c1lvaro Luis Merino Rubio.<\/p>\n<p>Cruz, que ha destacado el reconocimiento que la Universidad de Nebrija otorg\u00f3 el pasado a\u00f1o al jam\u00f3n ib\u00e9rico como &#8216;Mejor producto tur\u00edstico&#8217;, ha explicado que adem\u00e1s de destacar a este producto por su calidad gastron\u00f3mica, tambi\u00e9n es una muestra de c\u00f3mo \u00abtransformar\u00bb un producto gastron\u00f3mico en \u00abtur\u00edstico\u00bb.<\/p>\n<p>En esta l\u00ednea el presidente de Adismonta ha detallado que en los 22 municipios que conforman la comarca de la Sierra de Mont\u00e1nchez y Tamuja, el n\u00famero de habitantes llega a los \u00ab40.000 en periodo estival\u00bb cuando normalmente son 20.000. Se trata de un sector potencial en la regi\u00f3n y que se incluye adem\u00e1s del producto gastron\u00f3mico, tambi\u00e9n de \u00abnaturaleza y cultural\u00bb.<\/p>\n<p>A los asistentes a estas jornadas se les ha entregado un talonario regalo, que tambi\u00e9n se puede recoger en las Oficinas de Turismo y en los establecimientos, con el que obtienen descuentos no s\u00f3lo en productos ib\u00e9ricos y visitas a bodegas, o secaderos de jamones, sino tambi\u00e9n en estancias de la comarca, entre otras ventajas.<\/p>\n<p>La Ruta del Jam\u00f3n tiene varias bifurcaciones en las que participan tanto el Ministerio de Agricultura, el Gobierno de Extremadura como la Diputaci\u00f3n de C\u00e1ceres, y la de Badajoz. Cruz ha aclarado que los fondos del ministerio \u00abya terminan\u00bb pero contin\u00faan con el proyecto \u00abambas diputaciones y el gobierno regional\u00bb.<\/p>\n<p>Por su parte, el diputado en funciones de Turismo de la instituci\u00f3n provincial de C\u00e1ceres, ha expresado sentirse \u00abencantado\u00bb con la jornada y ha asegurado que la diputaci\u00f3n provincial est\u00e1 \u00abrespaldando este proyecto\u00bb por lo que significa de promoci\u00f3n de la zona como destino tur\u00edstico y por los recursos gastron\u00f3micos.<\/p>\n<p>PROGRAMA JORNADAS<\/p>\n<p>Cabe rese\u00f1ar que a las 9.30 horas se ha recibido a los asistentes y se les ha hecho entrega de la documentaci\u00f3n de las jornadas, para media hora despu\u00e9s dar comienzo a la inauguraci\u00f3n y acto de presentaci\u00f3n.<\/p>\n<p>Bajo el t\u00edtulo de &#8216;Desarrollo Rural y especializaci\u00f3n inteligente en torno a la dehesa y el jam\u00f3n&#8217; a las 10.30 horas daba comienzo la ponencia de Manuel Bautista Mora. Tras un breve descanso, la t\u00e9cnico de Adismonta, M\u00aa Luz Crespo hablaba sobre &#8216;Escapada Gastron\u00f3micas Sierra de Mont\u00e1nchez y Tamuja en el marco de C\u00e1ceres Capital Espa\u00f1ola de la Gastronom\u00eda 2015&#8217;.<\/p>\n<p>La responsable de una tienda online de productos gastron\u00f3micos &#8216;Lamijara&#8217;, Laura Mart\u00ednez, acompa\u00f1ada por su hom\u00f3loga de la queser\u00eda &#8216;Tamussia&#8217;, Laura Garc\u00eda, la responsable de la Casa Rural &#8216;V\u00eda de la Plata&#8217;, Teresa Guti\u00e9rrez, de &#8216;Jamones Casa V\u00ednculo&#8217;, Pedro Fern\u00e1ndez, y el gerente del Consejo Regulador de la Denominaci\u00f3n de Origen Protegida (D.O.P) Dehesa de Extremadura, \u00c1lvaro Rivas han realizado una mesa de experiencias sobre el producto de turismo gastron\u00f3mico en la comarca de Sierra de Mont\u00e1nchez y Tamuja.<\/p>\n<p>A las 13.00 horas se han entregado las placas identificativas de nuevas adhesiones al Club Producto del Jam\u00f3n Ib\u00e9rico, tras lo que el premio nacional de corte, David Lavado, ha realizado una demostraci\u00f3n de corte de jam\u00f3n y se ha procedido a la degustaci\u00f3n de un jam\u00f3n ib\u00e9rico de bellota cedido por la DOP Dehesa de Extremadura, con maridaje de m\u00fasica y gastronom\u00eda por Lamijara.<\/p>\n<p>Ya por la tarde, a las 15.00 horas un autob\u00fas partir\u00e1 desde el complejo cultural para visitar la citada comarca, donde en la localidad de Mont\u00e1nchez se visitar\u00e1 la Bodega P\u00e9rez y en Almohar\u00edn la empresa &#8216;Pastoralia&#8217;, para volver de nuevo a Mont\u00e1nchez donde conocer\u00e1n los secretos del cerdo ib\u00e9rico, tras lo cual podr\u00e1n contemplan el atardecer desde el Castillo de la localidad poniendo fin a la jornada con la vuelta a C\u00e1ceres a las 22.00 horas.<\/p>\n","protected":false},"excerpt":{"rendered":"<p>Una Jornada Gastron\u00f3mica del Ib\u00e9rico y de la Dehesa organizada este martes en el Complejo Cultural San Francisco de C\u00e1ceres pone en valor los productos ib\u00e9ricos de la comarca cacere\u00f1a de Sierra de Mont\u00e1nchez y Tamuja donde el h\u00e1bitat de la dehesa se convierte tambi\u00e9n en un reclamo tur\u00edstico para la zona. La iniciativa se<\/p>\n","protected":false},"author":1,"featured_media":39344,"comment_status":"open","ping_status":"closed","sticky":false,"template":"","format":"standard","meta":{"footnotes":""},"categories":[222],"tags":[],"class_list":{"0":"post-39343","1":"post","2":"type-post","3":"status-publish","4":"format-standard","5":"has-post-thumbnail","7":"category-actualidad-turismo"},"aioseo_notices":[],"aioseo_head":"\n\t\t<!-- All in One SEO Pro 4.9.6.1 - aioseo.com -->\n\t<meta name=\"description\" content=\"Una Jornada Gastron\u00f3mica del Ib\u00e9rico y de la Dehesa organizada este martes en el Complejo Cultural San Francisco de C\u00e1ceres pone en valor los productos ib\u00e9ricos de la comarca cacere\u00f1a de Sierra de Mont\u00e1nchez y Tamuja donde el h\u00e1bitat de la dehesa se convierte tambi\u00e9n en un reclamo tur\u00edstico para la zona. La iniciativa se\" \/>\n\t<meta name=\"robots\" content=\"max-image-preview:large\" \/>\n\t<meta name=\"author\" content=\"admin\"\/>\n\t<meta name=\"google-site-verification\" content=\"UA-38556648-1\" \/>\n\t<meta name=\"keywords\" content=\"actualidad turismo\" \/>\n\t<link rel=\"canonical\" href=\"https:\/\/eldigitaldeasturias.com\/magazine365\/jornada-gastronomica-del-iberico-y-de-la-dehesa-de-la-sierra-de-montanchez-y-tamuja\/\" \/>\n\t<meta name=\"generator\" content=\"All in One SEO Pro (AIOSEO) 4.9.6.1\" \/>\n\t\t<meta property=\"og:locale\" content=\"es_ES\" \/>\n\t\t<meta property=\"og:site_name\" content=\"El Digital de Asturias \u2013 Revista de ocio, turismo y estilo de vida\" \/>\n\t\t<meta property=\"og:type\" content=\"article\" \/>\n\t\t<meta property=\"og:title\" content=\"Jornada Gastron\u00f3mica del Ib\u00e9rico y de la Dehesa de la Sierra de Mont\u00e1nchez y Tamuja | El Digital de Asturias\" \/>\n\t\t<meta property=\"og:description\" content=\"Una Jornada Gastron\u00f3mica del Ib\u00e9rico y de la Dehesa organizada este martes en el Complejo Cultural San Francisco de C\u00e1ceres pone en valor los productos ib\u00e9ricos de la comarca cacere\u00f1a de Sierra de Mont\u00e1nchez y Tamuja donde el h\u00e1bitat de la dehesa se convierte tambi\u00e9n en un reclamo tur\u00edstico para la zona. La iniciativa se\" \/>\n\t\t<meta property=\"og:url\" content=\"https:\/\/eldigitaldeasturias.com\/magazine365\/jornada-gastronomica-del-iberico-y-de-la-dehesa-de-la-sierra-de-montanchez-y-tamuja\/\" \/>\n\t\t<meta property=\"og:image\" content=\"https:\/\/eldigitaldeasturias.com\/magazine365\/wp-content\/uploads\/2015\/06\/fotonoticia_20150609141431_800.jpg\" \/>\n\t\t<meta property=\"og:image:secure_url\" content=\"https:\/\/eldigitaldeasturias.com\/magazine365\/wp-content\/uploads\/2015\/06\/fotonoticia_20150609141431_800.jpg\" \/>\n\t\t<meta property=\"og:image:width\" content=\"800\" \/>\n\t\t<meta property=\"og:image:height\" content=\"600\" \/>\n\t\t<meta property=\"article:published_time\" content=\"2015-06-10T00:07:51+00:00\" \/>\n\t\t<meta property=\"article:modified_time\" content=\"2015-06-10T00:07:51+00:00\" \/>\n\t\t<meta name=\"twitter:card\" content=\"summary_large_image\" \/>\n\t\t<meta name=\"twitter:title\" content=\"Jornada Gastron\u00f3mica del Ib\u00e9rico y de la Dehesa de la Sierra de Mont\u00e1nchez y Tamuja | El Digital de Asturias\" \/>\n\t\t<meta name=\"twitter:description\" content=\"Una Jornada Gastron\u00f3mica del Ib\u00e9rico y de la Dehesa organizada este martes en el Complejo Cultural San Francisco de C\u00e1ceres pone en valor los productos ib\u00e9ricos de la comarca cacere\u00f1a de Sierra de Mont\u00e1nchez y Tamuja donde el h\u00e1bitat de la dehesa se convierte tambi\u00e9n en un reclamo tur\u00edstico para la zona. La iniciativa se\" \/>\n\t\t<meta name=\"twitter:image\" content=\"https:\/\/eldigitaldeasturias.com\/magazine365\/wp-content\/uploads\/2015\/06\/fotonoticia_20150609141431_800.jpg\" \/>\n\t\t<script type=\"application\/ld+json\" class=\"aioseo-schema\">\n\t\t\t{\"@context\":\"https:\\\/\\\/schema.org\",\"@graph\":[{\"@type\":\"Article\",\"@id\":\"https:\\\/\\\/eldigitaldeasturias.com\\\/magazine365\\\/jornada-gastronomica-del-iberico-y-de-la-dehesa-de-la-sierra-de-montanchez-y-tamuja\\\/#article\",\"name\":\"Jornada Gastron\\u00f3mica del Ib\\u00e9rico y de la Dehesa de la Sierra de Mont\\u00e1nchez y Tamuja | El Digital de Asturias\",\"headline\":\"Jornada Gastron\\u00f3mica del Ib\\u00e9rico y de la Dehesa de la Sierra de Mont\\u00e1nchez y Tamuja\",\"author\":{\"@id\":\"https:\\\/\\\/eldigitaldeasturias.com\\\/magazine365\\\/author\\\/admin\\\/#author\"},\"publisher\":{\"@id\":\"https:\\\/\\\/eldigitaldeasturias.com\\\/magazine365\\\/#organization\"},\"image\":{\"@type\":\"ImageObject\",\"url\":\"https:\\\/\\\/eldigitaldeasturias.com\\\/magazine365\\\/wp-content\\\/uploads\\\/2015\\\/06\\\/fotonoticia_20150609141431_800.jpg\",\"width\":800,\"height\":600},\"datePublished\":\"2015-06-10T01:37:51+02:00\",\"dateModified\":\"2015-06-10T01:37:51+02:00\",\"inLanguage\":\"es-ES\",\"mainEntityOfPage\":{\"@id\":\"https:\\\/\\\/eldigitaldeasturias.com\\\/magazine365\\\/jornada-gastronomica-del-iberico-y-de-la-dehesa-de-la-sierra-de-montanchez-y-tamuja\\\/#webpage\"},\"isPartOf\":{\"@id\":\"https:\\\/\\\/eldigitaldeasturias.com\\\/magazine365\\\/jornada-gastronomica-del-iberico-y-de-la-dehesa-de-la-sierra-de-montanchez-y-tamuja\\\/#webpage\"},\"articleSection\":\"Actualidad Turismo\"},{\"@type\":\"BreadcrumbList\",\"@id\":\"https:\\\/\\\/eldigitaldeasturias.com\\\/magazine365\\\/jornada-gastronomica-del-iberico-y-de-la-dehesa-de-la-sierra-de-montanchez-y-tamuja\\\/#breadcrumblist\",\"itemListElement\":[{\"@type\":\"ListItem\",\"@id\":\"https:\\\/\\\/eldigitaldeasturias.com\\\/magazine365#listItem\",\"position\":1,\"name\":\"Home\",\"item\":\"https:\\\/\\\/eldigitaldeasturias.com\\\/magazine365\",\"nextItem\":{\"@type\":\"ListItem\",\"@id\":\"https:\\\/\\\/eldigitaldeasturias.com\\\/magazine365\\\/category\\\/actualidad-turismo\\\/#listItem\",\"name\":\"Actualidad Turismo\"}},{\"@type\":\"ListItem\",\"@id\":\"https:\\\/\\\/eldigitaldeasturias.com\\\/magazine365\\\/category\\\/actualidad-turismo\\\/#listItem\",\"position\":2,\"name\":\"Actualidad Turismo\",\"item\":\"https:\\\/\\\/eldigitaldeasturias.com\\\/magazine365\\\/category\\\/actualidad-turismo\\\/\",\"nextItem\":{\"@type\":\"ListItem\",\"@id\":\"https:\\\/\\\/eldigitaldeasturias.com\\\/magazine365\\\/jornada-gastronomica-del-iberico-y-de-la-dehesa-de-la-sierra-de-montanchez-y-tamuja\\\/#listItem\",\"name\":\"Jornada Gastron\\u00f3mica del Ib\\u00e9rico y de la Dehesa de la Sierra de Mont\\u00e1nchez y Tamuja\"},\"previousItem\":{\"@type\":\"ListItem\",\"@id\":\"https:\\\/\\\/eldigitaldeasturias.com\\\/magazine365#listItem\",\"name\":\"Home\"}},{\"@type\":\"ListItem\",\"@id\":\"https:\\\/\\\/eldigitaldeasturias.com\\\/magazine365\\\/jornada-gastronomica-del-iberico-y-de-la-dehesa-de-la-sierra-de-montanchez-y-tamuja\\\/#listItem\",\"position\":3,\"name\":\"Jornada Gastron\\u00f3mica del Ib\\u00e9rico y de la Dehesa de la Sierra de Mont\\u00e1nchez y Tamuja\",\"previousItem\":{\"@type\":\"ListItem\",\"@id\":\"https:\\\/\\\/eldigitaldeasturias.com\\\/magazine365\\\/category\\\/actualidad-turismo\\\/#listItem\",\"name\":\"Actualidad Turismo\"}}]},{\"@type\":\"Organization\",\"@id\":\"https:\\\/\\\/eldigitaldeasturias.com\\\/magazine365\\\/#organization\",\"name\":\"El digital de Asturias\",\"description\":\"Revista de ocio, turismo y estilo de vida\",\"url\":\"https:\\\/\\\/eldigitaldeasturias.com\\\/magazine365\\\/\",\"logo\":{\"@type\":\"ImageObject\",\"url\":\"https:\\\/\\\/www.eldigitaldeasturias.com\\\/noticias\\\/wp-content\\\/uploads\\\/2020\\\/12\\\/EDA.jpg\",\"@id\":\"https:\\\/\\\/eldigitaldeasturias.com\\\/magazine365\\\/jornada-gastronomica-del-iberico-y-de-la-dehesa-de-la-sierra-de-montanchez-y-tamuja\\\/#organizationLogo\"},\"image\":{\"@id\":\"https:\\\/\\\/eldigitaldeasturias.com\\\/magazine365\\\/jornada-gastronomica-del-iberico-y-de-la-dehesa-de-la-sierra-de-montanchez-y-tamuja\\\/#organizationLogo\"}},{\"@type\":\"Person\",\"@id\":\"https:\\\/\\\/eldigitaldeasturias.com\\\/magazine365\\\/author\\\/admin\\\/#author\",\"url\":\"https:\\\/\\\/eldigitaldeasturias.com\\\/magazine365\\\/author\\\/admin\\\/\",\"name\":\"admin\",\"image\":{\"@type\":\"ImageObject\",\"@id\":\"https:\\\/\\\/eldigitaldeasturias.com\\\/magazine365\\\/jornada-gastronomica-del-iberico-y-de-la-dehesa-de-la-sierra-de-montanchez-y-tamuja\\\/#authorImage\",\"url\":\"https:\\\/\\\/eldigitaldeasturias.com\\\/magazine365\\\/wp-content\\\/litespeed\\\/avatar\\\/e571bcf59a0edd6fa6838245a470f2fe.jpg?ver=1776969259\",\"width\":96,\"height\":96,\"caption\":\"admin\"}},{\"@type\":\"WebPage\",\"@id\":\"https:\\\/\\\/eldigitaldeasturias.com\\\/magazine365\\\/jornada-gastronomica-del-iberico-y-de-la-dehesa-de-la-sierra-de-montanchez-y-tamuja\\\/#webpage\",\"url\":\"https:\\\/\\\/eldigitaldeasturias.com\\\/magazine365\\\/jornada-gastronomica-del-iberico-y-de-la-dehesa-de-la-sierra-de-montanchez-y-tamuja\\\/\",\"name\":\"Jornada Gastron\\u00f3mica del Ib\\u00e9rico y de la Dehesa de la Sierra de Mont\\u00e1nchez y Tamuja | El Digital de Asturias\",\"description\":\"Una Jornada Gastron\\u00f3mica del Ib\\u00e9rico y de la Dehesa organizada este martes en el Complejo Cultural San Francisco de C\\u00e1ceres pone en valor los productos ib\\u00e9ricos de la comarca cacere\\u00f1a de Sierra de Mont\\u00e1nchez y Tamuja donde el h\\u00e1bitat de la dehesa se convierte tambi\\u00e9n en un reclamo tur\\u00edstico para la zona. La iniciativa se\",\"inLanguage\":\"es-ES\",\"isPartOf\":{\"@id\":\"https:\\\/\\\/eldigitaldeasturias.com\\\/magazine365\\\/#website\"},\"breadcrumb\":{\"@id\":\"https:\\\/\\\/eldigitaldeasturias.com\\\/magazine365\\\/jornada-gastronomica-del-iberico-y-de-la-dehesa-de-la-sierra-de-montanchez-y-tamuja\\\/#breadcrumblist\"},\"author\":{\"@id\":\"https:\\\/\\\/eldigitaldeasturias.com\\\/magazine365\\\/author\\\/admin\\\/#author\"},\"creator\":{\"@id\":\"https:\\\/\\\/eldigitaldeasturias.com\\\/magazine365\\\/author\\\/admin\\\/#author\"},\"image\":{\"@type\":\"ImageObject\",\"url\":\"https:\\\/\\\/eldigitaldeasturias.com\\\/magazine365\\\/wp-content\\\/uploads\\\/2015\\\/06\\\/fotonoticia_20150609141431_800.jpg\",\"@id\":\"https:\\\/\\\/eldigitaldeasturias.com\\\/magazine365\\\/jornada-gastronomica-del-iberico-y-de-la-dehesa-de-la-sierra-de-montanchez-y-tamuja\\\/#mainImage\",\"width\":800,\"height\":600},\"primaryImageOfPage\":{\"@id\":\"https:\\\/\\\/eldigitaldeasturias.com\\\/magazine365\\\/jornada-gastronomica-del-iberico-y-de-la-dehesa-de-la-sierra-de-montanchez-y-tamuja\\\/#mainImage\"},\"datePublished\":\"2015-06-10T01:37:51+02:00\",\"dateModified\":\"2015-06-10T01:37:51+02:00\"},{\"@type\":\"WebSite\",\"@id\":\"https:\\\/\\\/eldigitaldeasturias.com\\\/magazine365\\\/#website\",\"url\":\"https:\\\/\\\/eldigitaldeasturias.com\\\/magazine365\\\/\",\"name\":\"El Digital de Asturias\",\"description\":\"Revista de ocio, turismo y estilo de vida\",\"inLanguage\":\"es-ES\",\"publisher\":{\"@id\":\"https:\\\/\\\/eldigitaldeasturias.com\\\/magazine365\\\/#organization\"}}]}\n\t\t<\/script>\n\t\t<!-- All in One SEO Pro -->\r\n\t\t<title>Jornada Gastron\u00f3mica del Ib\u00e9rico y de la Dehesa de la Sierra de Mont\u00e1nchez y Tamuja | El Digital de Asturias<\/title>\n\n","aioseo_head_json":{"title":"Jornada Gastron\u00f3mica del Ib\u00e9rico y de la Dehesa de la Sierra de Mont\u00e1nchez y Tamuja | El Digital de Asturias","description":"Una Jornada Gastron\u00f3mica del Ib\u00e9rico y de la Dehesa organizada este martes en el Complejo Cultural San Francisco de C\u00e1ceres pone en valor los productos ib\u00e9ricos de la comarca cacere\u00f1a de Sierra de Mont\u00e1nchez y Tamuja donde el h\u00e1bitat de la dehesa se convierte tambi\u00e9n en un reclamo tur\u00edstico para la zona. La iniciativa se","canonical_url":"https:\/\/eldigitaldeasturias.com\/magazine365\/jornada-gastronomica-del-iberico-y-de-la-dehesa-de-la-sierra-de-montanchez-y-tamuja\/","robots":"max-image-preview:large","keywords":"actualidad turismo","webmasterTools":{"google-site-verification":"UA-38556648-1","miscellaneous":""},"schema":{"@context":"https:\/\/schema.org","@graph":[{"@type":"Article","@id":"https:\/\/eldigitaldeasturias.com\/magazine365\/jornada-gastronomica-del-iberico-y-de-la-dehesa-de-la-sierra-de-montanchez-y-tamuja\/#article","name":"Jornada Gastron\u00f3mica del Ib\u00e9rico y de la Dehesa de la Sierra de Mont\u00e1nchez y Tamuja | El Digital de Asturias","headline":"Jornada Gastron\u00f3mica del Ib\u00e9rico y de la Dehesa de la Sierra de Mont\u00e1nchez y Tamuja","author":{"@id":"https:\/\/eldigitaldeasturias.com\/magazine365\/author\/admin\/#author"},"publisher":{"@id":"https:\/\/eldigitaldeasturias.com\/magazine365\/#organization"},"image":{"@type":"ImageObject","url":"https:\/\/eldigitaldeasturias.com\/magazine365\/wp-content\/uploads\/2015\/06\/fotonoticia_20150609141431_800.jpg","width":800,"height":600},"datePublished":"2015-06-10T01:37:51+02:00","dateModified":"2015-06-10T01:37:51+02:00","inLanguage":"es-ES","mainEntityOfPage":{"@id":"https:\/\/eldigitaldeasturias.com\/magazine365\/jornada-gastronomica-del-iberico-y-de-la-dehesa-de-la-sierra-de-montanchez-y-tamuja\/#webpage"},"isPartOf":{"@id":"https:\/\/eldigitaldeasturias.com\/magazine365\/jornada-gastronomica-del-iberico-y-de-la-dehesa-de-la-sierra-de-montanchez-y-tamuja\/#webpage"},"articleSection":"Actualidad Turismo"},{"@type":"BreadcrumbList","@id":"https:\/\/eldigitaldeasturias.com\/magazine365\/jornada-gastronomica-del-iberico-y-de-la-dehesa-de-la-sierra-de-montanchez-y-tamuja\/#breadcrumblist","itemListElement":[{"@type":"ListItem","@id":"https:\/\/eldigitaldeasturias.com\/magazine365#listItem","position":1,"name":"Home","item":"https:\/\/eldigitaldeasturias.com\/magazine365","nextItem":{"@type":"ListItem","@id":"https:\/\/eldigitaldeasturias.com\/magazine365\/category\/actualidad-turismo\/#listItem","name":"Actualidad Turismo"}},{"@type":"ListItem","@id":"https:\/\/eldigitaldeasturias.com\/magazine365\/category\/actualidad-turismo\/#listItem","position":2,"name":"Actualidad Turismo","item":"https:\/\/eldigitaldeasturias.com\/magazine365\/category\/actualidad-turismo\/","nextItem":{"@type":"ListItem","@id":"https:\/\/eldigitaldeasturias.com\/magazine365\/jornada-gastronomica-del-iberico-y-de-la-dehesa-de-la-sierra-de-montanchez-y-tamuja\/#listItem","name":"Jornada Gastron\u00f3mica del Ib\u00e9rico y de la Dehesa de la Sierra de Mont\u00e1nchez y Tamuja"},"previousItem":{"@type":"ListItem","@id":"https:\/\/eldigitaldeasturias.com\/magazine365#listItem","name":"Home"}},{"@type":"ListItem","@id":"https:\/\/eldigitaldeasturias.com\/magazine365\/jornada-gastronomica-del-iberico-y-de-la-dehesa-de-la-sierra-de-montanchez-y-tamuja\/#listItem","position":3,"name":"Jornada Gastron\u00f3mica del Ib\u00e9rico y de la Dehesa de la Sierra de Mont\u00e1nchez y Tamuja","previousItem":{"@type":"ListItem","@id":"https:\/\/eldigitaldeasturias.com\/magazine365\/category\/actualidad-turismo\/#listItem","name":"Actualidad Turismo"}}]},{"@type":"Organization","@id":"https:\/\/eldigitaldeasturias.com\/magazine365\/#organization","name":"El digital de Asturias","description":"Revista de ocio, turismo y estilo de vida","url":"https:\/\/eldigitaldeasturias.com\/magazine365\/","logo":{"@type":"ImageObject","url":"https:\/\/www.eldigitaldeasturias.com\/noticias\/wp-content\/uploads\/2020\/12\/EDA.jpg","@id":"https:\/\/eldigitaldeasturias.com\/magazine365\/jornada-gastronomica-del-iberico-y-de-la-dehesa-de-la-sierra-de-montanchez-y-tamuja\/#organizationLogo"},"image":{"@id":"https:\/\/eldigitaldeasturias.com\/magazine365\/jornada-gastronomica-del-iberico-y-de-la-dehesa-de-la-sierra-de-montanchez-y-tamuja\/#organizationLogo"}},{"@type":"Person","@id":"https:\/\/eldigitaldeasturias.com\/magazine365\/author\/admin\/#author","url":"https:\/\/eldigitaldeasturias.com\/magazine365\/author\/admin\/","name":"admin","image":{"@type":"ImageObject","@id":"https:\/\/eldigitaldeasturias.com\/magazine365\/jornada-gastronomica-del-iberico-y-de-la-dehesa-de-la-sierra-de-montanchez-y-tamuja\/#authorImage","url":"https:\/\/eldigitaldeasturias.com\/magazine365\/wp-content\/litespeed\/avatar\/e571bcf59a0edd6fa6838245a470f2fe.jpg?ver=1776969259","width":96,"height":96,"caption":"admin"}},{"@type":"WebPage","@id":"https:\/\/eldigitaldeasturias.com\/magazine365\/jornada-gastronomica-del-iberico-y-de-la-dehesa-de-la-sierra-de-montanchez-y-tamuja\/#webpage","url":"https:\/\/eldigitaldeasturias.com\/magazine365\/jornada-gastronomica-del-iberico-y-de-la-dehesa-de-la-sierra-de-montanchez-y-tamuja\/","name":"Jornada Gastron\u00f3mica del Ib\u00e9rico y de la Dehesa de la Sierra de Mont\u00e1nchez y Tamuja | El Digital de Asturias","description":"Una Jornada Gastron\u00f3mica del Ib\u00e9rico y de la Dehesa organizada este martes en el Complejo Cultural San Francisco de C\u00e1ceres pone en valor los productos ib\u00e9ricos de la comarca cacere\u00f1a de Sierra de Mont\u00e1nchez y Tamuja donde el h\u00e1bitat de la dehesa se convierte tambi\u00e9n en un reclamo tur\u00edstico para la zona. La iniciativa se","inLanguage":"es-ES","isPartOf":{"@id":"https:\/\/eldigitaldeasturias.com\/magazine365\/#website"},"breadcrumb":{"@id":"https:\/\/eldigitaldeasturias.com\/magazine365\/jornada-gastronomica-del-iberico-y-de-la-dehesa-de-la-sierra-de-montanchez-y-tamuja\/#breadcrumblist"},"author":{"@id":"https:\/\/eldigitaldeasturias.com\/magazine365\/author\/admin\/#author"},"creator":{"@id":"https:\/\/eldigitaldeasturias.com\/magazine365\/author\/admin\/#author"},"image":{"@type":"ImageObject","url":"https:\/\/eldigitaldeasturias.com\/magazine365\/wp-content\/uploads\/2015\/06\/fotonoticia_20150609141431_800.jpg","@id":"https:\/\/eldigitaldeasturias.com\/magazine365\/jornada-gastronomica-del-iberico-y-de-la-dehesa-de-la-sierra-de-montanchez-y-tamuja\/#mainImage","width":800,"height":600},"primaryImageOfPage":{"@id":"https:\/\/eldigitaldeasturias.com\/magazine365\/jornada-gastronomica-del-iberico-y-de-la-dehesa-de-la-sierra-de-montanchez-y-tamuja\/#mainImage"},"datePublished":"2015-06-10T01:37:51+02:00","dateModified":"2015-06-10T01:37:51+02:00"},{"@type":"WebSite","@id":"https:\/\/eldigitaldeasturias.com\/magazine365\/#website","url":"https:\/\/eldigitaldeasturias.com\/magazine365\/","name":"El Digital de Asturias","description":"Revista de ocio, turismo y estilo de vida","inLanguage":"es-ES","publisher":{"@id":"https:\/\/eldigitaldeasturias.com\/magazine365\/#organization"}}]},"og:locale":"es_ES","og:site_name":"El Digital de Asturias \u2013 Revista de ocio, turismo y estilo de vida","og:type":"article","og:title":"Jornada Gastron\u00f3mica del Ib\u00e9rico y de la Dehesa de la Sierra de Mont\u00e1nchez y Tamuja | El Digital de Asturias","og:description":"Una Jornada Gastron\u00f3mica del Ib\u00e9rico y de la Dehesa organizada este martes en el Complejo Cultural San Francisco de C\u00e1ceres pone en valor los productos ib\u00e9ricos de la comarca cacere\u00f1a de Sierra de Mont\u00e1nchez y Tamuja donde el h\u00e1bitat de la dehesa se convierte tambi\u00e9n en un reclamo tur\u00edstico para la zona. La iniciativa se","og:url":"https:\/\/eldigitaldeasturias.com\/magazine365\/jornada-gastronomica-del-iberico-y-de-la-dehesa-de-la-sierra-de-montanchez-y-tamuja\/","og:image":"https:\/\/eldigitaldeasturias.com\/magazine365\/wp-content\/uploads\/2015\/06\/fotonoticia_20150609141431_800.jpg","og:image:secure_url":"https:\/\/eldigitaldeasturias.com\/magazine365\/wp-content\/uploads\/2015\/06\/fotonoticia_20150609141431_800.jpg","og:image:width":800,"og:image:height":600,"article:published_time":"2015-06-10T00:07:51+00:00","article:modified_time":"2015-06-10T00:07:51+00:00","twitter:card":"summary_large_image","twitter:title":"Jornada Gastron\u00f3mica del Ib\u00e9rico y de la Dehesa de la Sierra de Mont\u00e1nchez y Tamuja | El Digital de Asturias","twitter:description":"Una Jornada Gastron\u00f3mica del Ib\u00e9rico y de la Dehesa organizada este martes en el Complejo Cultural San Francisco de C\u00e1ceres pone en valor los productos ib\u00e9ricos de la comarca cacere\u00f1a de Sierra de Mont\u00e1nchez y Tamuja donde el h\u00e1bitat de la dehesa se convierte tambi\u00e9n en un reclamo tur\u00edstico para la zona. La iniciativa se","twitter:image":"https:\/\/eldigitaldeasturias.com\/magazine365\/wp-content\/uploads\/2015\/06\/fotonoticia_20150609141431_800.jpg"},"aioseo_meta_data":{"post_id":"39343","title":null,"description":null,"keywords":null,"keyphrases":null,"primary_term":null,"canonical_url":null,"og_title":null,"og_description":null,"og_object_type":"default","og_image_type":"default","og_image_url":null,"og_image_width":null,"og_image_height":null,"og_image_custom_url":null,"og_image_custom_fields":null,"og_video":null,"og_custom_url":null,"og_article_section":null,"og_article_tags":null,"twitter_use_og":false,"twitter_card":"default","twitter_image_type":"default","twitter_image_url":null,"twitter_image_custom_url":null,"twitter_image_custom_fields":null,"twitter_title":null,"twitter_description":null,"schema":{"blockGraphs":[],"customGraphs":[],"default":{"data":{"Article":[],"Course":[],"Dataset":[],"FAQPage":[],"Movie":[],"Person":[],"Product":[],"ProductReview":[],"Car":[],"Recipe":[],"Service":[],"SoftwareApplication":[],"WebPage":[]},"graphName":"","isEnabled":true},"graphs":[],"defaultGraph":"","defaultPostTypeGraph":""},"schema_type":null,"schema_type_options":null,"pillar_content":false,"robots_default":true,"robots_noindex":false,"robots_noarchive":false,"robots_nosnippet":false,"robots_nofollow":false,"robots_noimageindex":false,"robots_noodp":false,"robots_notranslate":false,"robots_max_snippet":null,"robots_max_videopreview":null,"robots_max_imagepreview":"large","priority":null,"frequency":null,"location":null,"local_seo":null,"seo_analyzer_scan_date":"2025-09-19 11:24:09","breadcrumb_settings":null,"limit_modified_date":false,"open_ai":null,"ai":null,"created":"2021-03-09 02:42:46","updated":"2025-09-19 11:24:09"},"aioseo_breadcrumb":"<div class=\"aioseo-breadcrumbs\"><span class=\"aioseo-breadcrumb\">\n\t<a href=\"https:\/\/eldigitaldeasturias.com\/magazine365\" title=\"Home\">Home<\/a>\n<\/span><span class=\"aioseo-breadcrumb-separator\">\u2013<\/span><span class=\"aioseo-breadcrumb\">\n\t<a href=\"https:\/\/eldigitaldeasturias.com\/magazine365\/category\/actualidad-turismo\/\" title=\"Actualidad Turismo\">Actualidad Turismo<\/a>\n<\/span><span class=\"aioseo-breadcrumb-separator\">\u2013<\/span><span class=\"aioseo-breadcrumb\">\n\t<a href=\"https:\/\/eldigitaldeasturias.com\/magazine365\/jornada-gastronomica-del-iberico-y-de-la-dehesa-de-la-sierra-de-montanchez-y-tamuja\/\" title=\"Jornada Gastron\u00f3mica del Ib\u00e9rico y de la Dehesa de la Sierra de Mont\u00e1nchez y Tamuja\">Jornada Gastron\u00f3mica del Ib\u00e9rico y de la Dehesa de la Sierra de Mont\u00e1nchez y Tamuja<\/a>\n<\/span><\/div>","aioseo_breadcrumb_json":[{"label":"Home","link":"https:\/\/eldigitaldeasturias.com\/magazine365"},{"label":"Actualidad Turismo","link":"https:\/\/eldigitaldeasturias.com\/magazine365\/category\/actualidad-turismo\/"},{"label":"Jornada Gastron\u00f3mica del Ib\u00e9rico y de la Dehesa de la Sierra de Mont\u00e1nchez y Tamuja","link":"https:\/\/eldigitaldeasturias.com\/magazine365\/jornada-gastronomica-del-iberico-y-de-la-dehesa-de-la-sierra-de-montanchez-y-tamuja\/"}],"_links":{"self":[{"href":"https:\/\/eldigitaldeasturias.com\/magazine365\/wp-json\/wp\/v2\/posts\/39343","targetHints":{"allow":["GET"]}}],"collection":[{"href":"https:\/\/eldigitaldeasturias.com\/magazine365\/wp-json\/wp\/v2\/posts"}],"about":[{"href":"https:\/\/eldigitaldeasturias.com\/magazine365\/wp-json\/wp\/v2\/types\/post"}],"author":[{"embeddable":true,"href":"https:\/\/eldigitaldeasturias.com\/magazine365\/wp-json\/wp\/v2\/users\/1"}],"replies":[{"embeddable":true,"href":"https:\/\/eldigitaldeasturias.com\/magazine365\/wp-json\/wp\/v2\/comments?post=39343"}],"version-history":[{"count":0,"href":"https:\/\/eldigitaldeasturias.com\/magazine365\/wp-json\/wp\/v2\/posts\/39343\/revisions"}],"wp:featuredmedia":[{"embeddable":true,"href":"https:\/\/eldigitaldeasturias.com\/magazine365\/wp-json\/wp\/v2\/media\/39344"}],"wp:attachment":[{"href":"https:\/\/eldigitaldeasturias.com\/magazine365\/wp-json\/wp\/v2\/media?parent=39343"}],"wp:term":[{"taxonomy":"category","embeddable":true,"href":"https:\/\/eldigitaldeasturias.com\/magazine365\/wp-json\/wp\/v2\/categories?post=39343"},{"taxonomy":"post_tag","embeddable":true,"href":"https:\/\/eldigitaldeasturias.com\/magazine365\/wp-json\/wp\/v2\/tags?post=39343"}],"curies":[{"name":"wp","href":"https:\/\/api.w.org\/{rel}","templated":true}]}}