{"id":39340,"date":"2015-06-10T01:34:50","date_gmt":"2015-06-10T00:04:50","guid":{"rendered":"http:\/\/eldigitaldeasturias.com\/magazine365\/?p=39340"},"modified":"2015-06-10T01:34:50","modified_gmt":"2015-06-10T00:04:50","slug":"siete-municipios-de-cuenca-abriran-sus-oficinas-de-turismo-en-verano-gracias-a-la-diputacion","status":"publish","type":"post","link":"https:\/\/eldigitaldeasturias.com\/magazine365\/siete-municipios-de-cuenca-abriran-sus-oficinas-de-turismo-en-verano-gracias-a-la-diputacion\/","title":{"rendered":"Siete municipios de Cuenca abrir\u00e1n sus oficinas de turismo en verano gracias a la Diputaci\u00f3n"},"content":{"rendered":"<p><img fetchpriority=\"high\" decoding=\"async\" class=\"alignleft size-medium wp-image-39341\" src=\"https:\/\/eldigitaldeasturias.com\/magazine365\/wp-content\/uploads\/2015\/06\/fotonoticia_20150609141336_800-360x238.jpg\" alt=\"fotonoticia_20150609141336_800\" width=\"360\" height=\"238\" srcset=\"https:\/\/eldigitaldeasturias.com\/magazine365\/wp-content\/uploads\/2015\/06\/fotonoticia_20150609141336_800-360x238.jpg 360w, https:\/\/eldigitaldeasturias.com\/magazine365\/wp-content\/uploads\/2015\/06\/fotonoticia_20150609141336_800-650x429.jpg 650w, https:\/\/eldigitaldeasturias.com\/magazine365\/wp-content\/uploads\/2015\/06\/fotonoticia_20150609141336_800-768x507.jpg 768w, https:\/\/eldigitaldeasturias.com\/magazine365\/wp-content\/uploads\/2015\/06\/fotonoticia_20150609141336_800-150x99.jpg 150w, https:\/\/eldigitaldeasturias.com\/magazine365\/wp-content\/uploads\/2015\/06\/fotonoticia_20150609141336_800-450x297.jpg 450w, https:\/\/eldigitaldeasturias.com\/magazine365\/wp-content\/uploads\/2015\/06\/fotonoticia_20150609141336_800-696x459.jpg 696w, https:\/\/eldigitaldeasturias.com\/magazine365\/wp-content\/uploads\/2015\/06\/fotonoticia_20150609141336_800-636x420.jpg 636w, https:\/\/eldigitaldeasturias.com\/magazine365\/wp-content\/uploads\/2015\/06\/fotonoticia_20150609141336_800-84x55.jpg 84w, https:\/\/eldigitaldeasturias.com\/magazine365\/wp-content\/uploads\/2015\/06\/fotonoticia_20150609141336_800.jpg 800w\" sizes=\"(max-width: 360px) 100vw, 360px\" \/>El presidente en funciones de la Diputaci\u00f3n de Cuenca, Benjam\u00edn Prieto, ha presidido la firma de los convenios de colaboraci\u00f3n que permitir\u00e1n a siete ayuntamientos de la provincia, \u00absignificativos por su importancia tur\u00edstica\u00bb, mantener abiertas sus oficinas de turismo gracias a la aportaci\u00f3n econ\u00f3mica que se les va a brindar desde el Patronato de Desarrollo Provincial.<\/p>\n<p>En concreto son los ayuntamientos de Alarc\u00f3n, Buend\u00eda, Ca\u00f1ete, Huete, Mota del Cuervo, Vega del Codorno y Villanueva de la Jara, los que van a poder recibir una ayuda de 3.000 euros cada uno de ellos &#8211;21.000 en total&#8211; destinados a colaborar con el gasto de personal que puede acarrear la apertura de estas oficinas durante la \u00e9poca estival, seg\u00fan ha informado la Diputaci\u00f3n en nota de prensa.<\/p>\n<p>Prieto ha recordado que es el tercer a\u00f1o que se firma este tipo de convenios que permite mantener estas oficinas en su opini\u00f3n \u00abmuy importantes para toda la provincia\u00bb ya que son \u00abnuestros espejos, elementos que identifican y referentes en el municipio, pero tambi\u00e9n son referentes para conocer mejor, orientar, aconsejar y por supuesto mimar al turista que se acerca a nuestra provincia\u00bb.<\/p>\n<p>Por estas razones, Prieto ha aprovechado la ocasi\u00f3n para agradecer a los alcaldes y ayuntamientos su implicaci\u00f3n en este programa y ha mostrado su deseo de que poco a poco esta red de oficinas pueda crecer y contar con nuevos referentes en municipios muy importantes.<\/p>\n","protected":false},"excerpt":{"rendered":"<p>El presidente en funciones de la Diputaci\u00f3n de Cuenca, Benjam\u00edn Prieto, ha presidido la firma de los convenios de colaboraci\u00f3n que permitir\u00e1n a siete ayuntamientos de la provincia, \u00absignificativos por su importancia tur\u00edstica\u00bb, mantener abiertas sus oficinas de turismo gracias a la aportaci\u00f3n econ\u00f3mica que se les va a brindar desde el Patronato de Desarrollo<\/p>\n","protected":false},"author":1,"featured_media":39341,"comment_status":"open","ping_status":"closed","sticky":false,"template":"","format":"standard","meta":{"footnotes":""},"categories":[224],"tags":[],"class_list":{"0":"post-39340","1":"post","2":"type-post","3":"status-publish","4":"format-standard","5":"has-post-thumbnail","7":"category-noticias-actualidad"},"aioseo_notices":[],"aioseo_head":"\n\t\t<!-- All in One SEO Pro 4.9.6.1 - aioseo.com -->\n\t<meta name=\"description\" content=\"El presidente en funciones de la Diputaci\u00f3n de Cuenca, Benjam\u00edn Prieto, ha presidido la firma de los convenios de colaboraci\u00f3n que permitir\u00e1n a siete ayuntamientos de la provincia, &quot;significativos por su importancia tur\u00edstica&quot;, mantener abiertas sus oficinas de turismo gracias a la aportaci\u00f3n econ\u00f3mica que se les va a brindar desde el Patronato de Desarrollo\" \/>\n\t<meta name=\"robots\" content=\"max-image-preview:large\" \/>\n\t<meta name=\"author\" content=\"admin\"\/>\n\t<meta name=\"google-site-verification\" content=\"UA-38556648-1\" \/>\n\t<meta name=\"keywords\" content=\"noticias y actualidad\" \/>\n\t<link rel=\"canonical\" href=\"https:\/\/eldigitaldeasturias.com\/magazine365\/siete-municipios-de-cuenca-abriran-sus-oficinas-de-turismo-en-verano-gracias-a-la-diputacion\/\" \/>\n\t<meta name=\"generator\" content=\"All in One SEO Pro (AIOSEO) 4.9.6.1\" \/>\n\t\t<meta property=\"og:locale\" content=\"es_ES\" \/>\n\t\t<meta property=\"og:site_name\" content=\"El Digital de Asturias \u2013 Revista de ocio, turismo y estilo de vida\" \/>\n\t\t<meta property=\"og:type\" content=\"article\" \/>\n\t\t<meta property=\"og:title\" content=\"Siete municipios de Cuenca abrir\u00e1n sus oficinas de turismo en verano gracias a la Diputaci\u00f3n | El Digital de Asturias\" \/>\n\t\t<meta property=\"og:description\" content=\"El presidente en funciones de la Diputaci\u00f3n de Cuenca, Benjam\u00edn Prieto, ha presidido la firma de los convenios de colaboraci\u00f3n que permitir\u00e1n a siete ayuntamientos de la provincia, &quot;significativos por su importancia tur\u00edstica&quot;, mantener abiertas sus oficinas de turismo gracias a la aportaci\u00f3n econ\u00f3mica que se les va a brindar desde el Patronato de Desarrollo\" \/>\n\t\t<meta property=\"og:url\" content=\"https:\/\/eldigitaldeasturias.com\/magazine365\/siete-municipios-de-cuenca-abriran-sus-oficinas-de-turismo-en-verano-gracias-a-la-diputacion\/\" \/>\n\t\t<meta property=\"og:image\" content=\"https:\/\/eldigitaldeasturias.com\/magazine365\/wp-content\/uploads\/2015\/06\/fotonoticia_20150609141336_800.jpg\" \/>\n\t\t<meta property=\"og:image:secure_url\" content=\"https:\/\/eldigitaldeasturias.com\/magazine365\/wp-content\/uploads\/2015\/06\/fotonoticia_20150609141336_800.jpg\" \/>\n\t\t<meta property=\"og:image:width\" content=\"800\" \/>\n\t\t<meta property=\"og:image:height\" content=\"528\" \/>\n\t\t<meta property=\"article:published_time\" content=\"2015-06-10T00:04:50+00:00\" \/>\n\t\t<meta property=\"article:modified_time\" content=\"2015-06-10T00:04:50+00:00\" \/>\n\t\t<meta name=\"twitter:card\" content=\"summary_large_image\" \/>\n\t\t<meta name=\"twitter:title\" content=\"Siete municipios de Cuenca abrir\u00e1n sus oficinas de turismo en verano gracias a la Diputaci\u00f3n | El Digital de Asturias\" \/>\n\t\t<meta name=\"twitter:description\" content=\"El presidente en funciones de la Diputaci\u00f3n de Cuenca, Benjam\u00edn Prieto, ha presidido la firma de los convenios de colaboraci\u00f3n que permitir\u00e1n a siete ayuntamientos de la provincia, &quot;significativos por su importancia tur\u00edstica&quot;, mantener abiertas sus oficinas de turismo gracias a la aportaci\u00f3n econ\u00f3mica que se les va a brindar desde el Patronato de Desarrollo\" \/>\n\t\t<meta name=\"twitter:image\" content=\"https:\/\/eldigitaldeasturias.com\/magazine365\/wp-content\/uploads\/2015\/06\/fotonoticia_20150609141336_800.jpg\" \/>\n\t\t<script type=\"application\/ld+json\" class=\"aioseo-schema\">\n\t\t\t{\"@context\":\"https:\\\/\\\/schema.org\",\"@graph\":[{\"@type\":\"Article\",\"@id\":\"https:\\\/\\\/eldigitaldeasturias.com\\\/magazine365\\\/siete-municipios-de-cuenca-abriran-sus-oficinas-de-turismo-en-verano-gracias-a-la-diputacion\\\/#article\",\"name\":\"Siete municipios de Cuenca abrir\\u00e1n sus oficinas de turismo en verano gracias a la Diputaci\\u00f3n | El Digital de Asturias\",\"headline\":\"Siete municipios de Cuenca abrir\\u00e1n sus oficinas de turismo en verano gracias a la Diputaci\\u00f3n\",\"author\":{\"@id\":\"https:\\\/\\\/eldigitaldeasturias.com\\\/magazine365\\\/author\\\/admin\\\/#author\"},\"publisher\":{\"@id\":\"https:\\\/\\\/eldigitaldeasturias.com\\\/magazine365\\\/#organization\"},\"image\":{\"@type\":\"ImageObject\",\"url\":\"https:\\\/\\\/eldigitaldeasturias.com\\\/magazine365\\\/wp-content\\\/uploads\\\/2015\\\/06\\\/fotonoticia_20150609141336_800.jpg\",\"width\":800,\"height\":528},\"datePublished\":\"2015-06-10T01:34:50+02:00\",\"dateModified\":\"2015-06-10T01:34:50+02:00\",\"inLanguage\":\"es-ES\",\"mainEntityOfPage\":{\"@id\":\"https:\\\/\\\/eldigitaldeasturias.com\\\/magazine365\\\/siete-municipios-de-cuenca-abriran-sus-oficinas-de-turismo-en-verano-gracias-a-la-diputacion\\\/#webpage\"},\"isPartOf\":{\"@id\":\"https:\\\/\\\/eldigitaldeasturias.com\\\/magazine365\\\/siete-municipios-de-cuenca-abriran-sus-oficinas-de-turismo-en-verano-gracias-a-la-diputacion\\\/#webpage\"},\"articleSection\":\"Noticias y Actualidad\"},{\"@type\":\"BreadcrumbList\",\"@id\":\"https:\\\/\\\/eldigitaldeasturias.com\\\/magazine365\\\/siete-municipios-de-cuenca-abriran-sus-oficinas-de-turismo-en-verano-gracias-a-la-diputacion\\\/#breadcrumblist\",\"itemListElement\":[{\"@type\":\"ListItem\",\"@id\":\"https:\\\/\\\/eldigitaldeasturias.com\\\/magazine365#listItem\",\"position\":1,\"name\":\"Home\",\"item\":\"https:\\\/\\\/eldigitaldeasturias.com\\\/magazine365\",\"nextItem\":{\"@type\":\"ListItem\",\"@id\":\"https:\\\/\\\/eldigitaldeasturias.com\\\/magazine365\\\/category\\\/noticias-actualidad\\\/#listItem\",\"name\":\"Noticias y Actualidad\"}},{\"@type\":\"ListItem\",\"@id\":\"https:\\\/\\\/eldigitaldeasturias.com\\\/magazine365\\\/category\\\/noticias-actualidad\\\/#listItem\",\"position\":2,\"name\":\"Noticias y Actualidad\",\"item\":\"https:\\\/\\\/eldigitaldeasturias.com\\\/magazine365\\\/category\\\/noticias-actualidad\\\/\",\"nextItem\":{\"@type\":\"ListItem\",\"@id\":\"https:\\\/\\\/eldigitaldeasturias.com\\\/magazine365\\\/siete-municipios-de-cuenca-abriran-sus-oficinas-de-turismo-en-verano-gracias-a-la-diputacion\\\/#listItem\",\"name\":\"Siete municipios de Cuenca abrir\\u00e1n sus oficinas de turismo en verano gracias a la Diputaci\\u00f3n\"},\"previousItem\":{\"@type\":\"ListItem\",\"@id\":\"https:\\\/\\\/eldigitaldeasturias.com\\\/magazine365#listItem\",\"name\":\"Home\"}},{\"@type\":\"ListItem\",\"@id\":\"https:\\\/\\\/eldigitaldeasturias.com\\\/magazine365\\\/siete-municipios-de-cuenca-abriran-sus-oficinas-de-turismo-en-verano-gracias-a-la-diputacion\\\/#listItem\",\"position\":3,\"name\":\"Siete municipios de Cuenca abrir\\u00e1n sus oficinas de turismo en verano gracias a la Diputaci\\u00f3n\",\"previousItem\":{\"@type\":\"ListItem\",\"@id\":\"https:\\\/\\\/eldigitaldeasturias.com\\\/magazine365\\\/category\\\/noticias-actualidad\\\/#listItem\",\"name\":\"Noticias y Actualidad\"}}]},{\"@type\":\"Organization\",\"@id\":\"https:\\\/\\\/eldigitaldeasturias.com\\\/magazine365\\\/#organization\",\"name\":\"El digital de Asturias\",\"description\":\"Revista de ocio, turismo y estilo de vida\",\"url\":\"https:\\\/\\\/eldigitaldeasturias.com\\\/magazine365\\\/\",\"logo\":{\"@type\":\"ImageObject\",\"url\":\"https:\\\/\\\/www.eldigitaldeasturias.com\\\/noticias\\\/wp-content\\\/uploads\\\/2020\\\/12\\\/EDA.jpg\",\"@id\":\"https:\\\/\\\/eldigitaldeasturias.com\\\/magazine365\\\/siete-municipios-de-cuenca-abriran-sus-oficinas-de-turismo-en-verano-gracias-a-la-diputacion\\\/#organizationLogo\"},\"image\":{\"@id\":\"https:\\\/\\\/eldigitaldeasturias.com\\\/magazine365\\\/siete-municipios-de-cuenca-abriran-sus-oficinas-de-turismo-en-verano-gracias-a-la-diputacion\\\/#organizationLogo\"}},{\"@type\":\"Person\",\"@id\":\"https:\\\/\\\/eldigitaldeasturias.com\\\/magazine365\\\/author\\\/admin\\\/#author\",\"url\":\"https:\\\/\\\/eldigitaldeasturias.com\\\/magazine365\\\/author\\\/admin\\\/\",\"name\":\"admin\",\"image\":{\"@type\":\"ImageObject\",\"@id\":\"https:\\\/\\\/eldigitaldeasturias.com\\\/magazine365\\\/siete-municipios-de-cuenca-abriran-sus-oficinas-de-turismo-en-verano-gracias-a-la-diputacion\\\/#authorImage\",\"url\":\"https:\\\/\\\/eldigitaldeasturias.com\\\/magazine365\\\/wp-content\\\/litespeed\\\/avatar\\\/e571bcf59a0edd6fa6838245a470f2fe.jpg?ver=1776969259\",\"width\":96,\"height\":96,\"caption\":\"admin\"}},{\"@type\":\"WebPage\",\"@id\":\"https:\\\/\\\/eldigitaldeasturias.com\\\/magazine365\\\/siete-municipios-de-cuenca-abriran-sus-oficinas-de-turismo-en-verano-gracias-a-la-diputacion\\\/#webpage\",\"url\":\"https:\\\/\\\/eldigitaldeasturias.com\\\/magazine365\\\/siete-municipios-de-cuenca-abriran-sus-oficinas-de-turismo-en-verano-gracias-a-la-diputacion\\\/\",\"name\":\"Siete municipios de Cuenca abrir\\u00e1n sus oficinas de turismo en verano gracias a la Diputaci\\u00f3n | El Digital de Asturias\",\"description\":\"El presidente en funciones de la Diputaci\\u00f3n de Cuenca, Benjam\\u00edn Prieto, ha presidido la firma de los convenios de colaboraci\\u00f3n que permitir\\u00e1n a siete ayuntamientos de la provincia, \\\"significativos por su importancia tur\\u00edstica\\\", mantener abiertas sus oficinas de turismo gracias a la aportaci\\u00f3n econ\\u00f3mica que se les va a brindar desde el Patronato de Desarrollo\",\"inLanguage\":\"es-ES\",\"isPartOf\":{\"@id\":\"https:\\\/\\\/eldigitaldeasturias.com\\\/magazine365\\\/#website\"},\"breadcrumb\":{\"@id\":\"https:\\\/\\\/eldigitaldeasturias.com\\\/magazine365\\\/siete-municipios-de-cuenca-abriran-sus-oficinas-de-turismo-en-verano-gracias-a-la-diputacion\\\/#breadcrumblist\"},\"author\":{\"@id\":\"https:\\\/\\\/eldigitaldeasturias.com\\\/magazine365\\\/author\\\/admin\\\/#author\"},\"creator\":{\"@id\":\"https:\\\/\\\/eldigitaldeasturias.com\\\/magazine365\\\/author\\\/admin\\\/#author\"},\"image\":{\"@type\":\"ImageObject\",\"url\":\"https:\\\/\\\/eldigitaldeasturias.com\\\/magazine365\\\/wp-content\\\/uploads\\\/2015\\\/06\\\/fotonoticia_20150609141336_800.jpg\",\"@id\":\"https:\\\/\\\/eldigitaldeasturias.com\\\/magazine365\\\/siete-municipios-de-cuenca-abriran-sus-oficinas-de-turismo-en-verano-gracias-a-la-diputacion\\\/#mainImage\",\"width\":800,\"height\":528},\"primaryImageOfPage\":{\"@id\":\"https:\\\/\\\/eldigitaldeasturias.com\\\/magazine365\\\/siete-municipios-de-cuenca-abriran-sus-oficinas-de-turismo-en-verano-gracias-a-la-diputacion\\\/#mainImage\"},\"datePublished\":\"2015-06-10T01:34:50+02:00\",\"dateModified\":\"2015-06-10T01:34:50+02:00\"},{\"@type\":\"WebSite\",\"@id\":\"https:\\\/\\\/eldigitaldeasturias.com\\\/magazine365\\\/#website\",\"url\":\"https:\\\/\\\/eldigitaldeasturias.com\\\/magazine365\\\/\",\"name\":\"El Digital de Asturias\",\"description\":\"Revista de ocio, turismo y estilo de vida\",\"inLanguage\":\"es-ES\",\"publisher\":{\"@id\":\"https:\\\/\\\/eldigitaldeasturias.com\\\/magazine365\\\/#organization\"}}]}\n\t\t<\/script>\n\t\t<!-- All in One SEO Pro -->\r\n\t\t<title>Siete municipios de Cuenca abrir\u00e1n sus oficinas de turismo en verano gracias a la Diputaci\u00f3n | El Digital de Asturias<\/title>\n\n","aioseo_head_json":{"title":"Siete municipios de Cuenca abrir\u00e1n sus oficinas de turismo en verano gracias a la Diputaci\u00f3n | El Digital de Asturias","description":"El presidente en funciones de la Diputaci\u00f3n de Cuenca, Benjam\u00edn Prieto, ha presidido la firma de los convenios de colaboraci\u00f3n que permitir\u00e1n a siete ayuntamientos de la provincia, \"significativos por su importancia tur\u00edstica\", mantener abiertas sus oficinas de turismo gracias a la aportaci\u00f3n econ\u00f3mica que se les va a brindar desde el Patronato de Desarrollo","canonical_url":"https:\/\/eldigitaldeasturias.com\/magazine365\/siete-municipios-de-cuenca-abriran-sus-oficinas-de-turismo-en-verano-gracias-a-la-diputacion\/","robots":"max-image-preview:large","keywords":"noticias y actualidad","webmasterTools":{"google-site-verification":"UA-38556648-1","miscellaneous":""},"schema":{"@context":"https:\/\/schema.org","@graph":[{"@type":"Article","@id":"https:\/\/eldigitaldeasturias.com\/magazine365\/siete-municipios-de-cuenca-abriran-sus-oficinas-de-turismo-en-verano-gracias-a-la-diputacion\/#article","name":"Siete municipios de Cuenca abrir\u00e1n sus oficinas de turismo en verano gracias a la Diputaci\u00f3n | El Digital de Asturias","headline":"Siete municipios de Cuenca abrir\u00e1n sus oficinas de turismo en verano gracias a la Diputaci\u00f3n","author":{"@id":"https:\/\/eldigitaldeasturias.com\/magazine365\/author\/admin\/#author"},"publisher":{"@id":"https:\/\/eldigitaldeasturias.com\/magazine365\/#organization"},"image":{"@type":"ImageObject","url":"https:\/\/eldigitaldeasturias.com\/magazine365\/wp-content\/uploads\/2015\/06\/fotonoticia_20150609141336_800.jpg","width":800,"height":528},"datePublished":"2015-06-10T01:34:50+02:00","dateModified":"2015-06-10T01:34:50+02:00","inLanguage":"es-ES","mainEntityOfPage":{"@id":"https:\/\/eldigitaldeasturias.com\/magazine365\/siete-municipios-de-cuenca-abriran-sus-oficinas-de-turismo-en-verano-gracias-a-la-diputacion\/#webpage"},"isPartOf":{"@id":"https:\/\/eldigitaldeasturias.com\/magazine365\/siete-municipios-de-cuenca-abriran-sus-oficinas-de-turismo-en-verano-gracias-a-la-diputacion\/#webpage"},"articleSection":"Noticias y Actualidad"},{"@type":"BreadcrumbList","@id":"https:\/\/eldigitaldeasturias.com\/magazine365\/siete-municipios-de-cuenca-abriran-sus-oficinas-de-turismo-en-verano-gracias-a-la-diputacion\/#breadcrumblist","itemListElement":[{"@type":"ListItem","@id":"https:\/\/eldigitaldeasturias.com\/magazine365#listItem","position":1,"name":"Home","item":"https:\/\/eldigitaldeasturias.com\/magazine365","nextItem":{"@type":"ListItem","@id":"https:\/\/eldigitaldeasturias.com\/magazine365\/category\/noticias-actualidad\/#listItem","name":"Noticias y Actualidad"}},{"@type":"ListItem","@id":"https:\/\/eldigitaldeasturias.com\/magazine365\/category\/noticias-actualidad\/#listItem","position":2,"name":"Noticias y Actualidad","item":"https:\/\/eldigitaldeasturias.com\/magazine365\/category\/noticias-actualidad\/","nextItem":{"@type":"ListItem","@id":"https:\/\/eldigitaldeasturias.com\/magazine365\/siete-municipios-de-cuenca-abriran-sus-oficinas-de-turismo-en-verano-gracias-a-la-diputacion\/#listItem","name":"Siete municipios de Cuenca abrir\u00e1n sus oficinas de turismo en verano gracias a la Diputaci\u00f3n"},"previousItem":{"@type":"ListItem","@id":"https:\/\/eldigitaldeasturias.com\/magazine365#listItem","name":"Home"}},{"@type":"ListItem","@id":"https:\/\/eldigitaldeasturias.com\/magazine365\/siete-municipios-de-cuenca-abriran-sus-oficinas-de-turismo-en-verano-gracias-a-la-diputacion\/#listItem","position":3,"name":"Siete municipios de Cuenca abrir\u00e1n sus oficinas de turismo en verano gracias a la Diputaci\u00f3n","previousItem":{"@type":"ListItem","@id":"https:\/\/eldigitaldeasturias.com\/magazine365\/category\/noticias-actualidad\/#listItem","name":"Noticias y Actualidad"}}]},{"@type":"Organization","@id":"https:\/\/eldigitaldeasturias.com\/magazine365\/#organization","name":"El digital de Asturias","description":"Revista de ocio, turismo y estilo de vida","url":"https:\/\/eldigitaldeasturias.com\/magazine365\/","logo":{"@type":"ImageObject","url":"https:\/\/www.eldigitaldeasturias.com\/noticias\/wp-content\/uploads\/2020\/12\/EDA.jpg","@id":"https:\/\/eldigitaldeasturias.com\/magazine365\/siete-municipios-de-cuenca-abriran-sus-oficinas-de-turismo-en-verano-gracias-a-la-diputacion\/#organizationLogo"},"image":{"@id":"https:\/\/eldigitaldeasturias.com\/magazine365\/siete-municipios-de-cuenca-abriran-sus-oficinas-de-turismo-en-verano-gracias-a-la-diputacion\/#organizationLogo"}},{"@type":"Person","@id":"https:\/\/eldigitaldeasturias.com\/magazine365\/author\/admin\/#author","url":"https:\/\/eldigitaldeasturias.com\/magazine365\/author\/admin\/","name":"admin","image":{"@type":"ImageObject","@id":"https:\/\/eldigitaldeasturias.com\/magazine365\/siete-municipios-de-cuenca-abriran-sus-oficinas-de-turismo-en-verano-gracias-a-la-diputacion\/#authorImage","url":"https:\/\/eldigitaldeasturias.com\/magazine365\/wp-content\/litespeed\/avatar\/e571bcf59a0edd6fa6838245a470f2fe.jpg?ver=1776969259","width":96,"height":96,"caption":"admin"}},{"@type":"WebPage","@id":"https:\/\/eldigitaldeasturias.com\/magazine365\/siete-municipios-de-cuenca-abriran-sus-oficinas-de-turismo-en-verano-gracias-a-la-diputacion\/#webpage","url":"https:\/\/eldigitaldeasturias.com\/magazine365\/siete-municipios-de-cuenca-abriran-sus-oficinas-de-turismo-en-verano-gracias-a-la-diputacion\/","name":"Siete municipios de Cuenca abrir\u00e1n sus oficinas de turismo en verano gracias a la Diputaci\u00f3n | El Digital de Asturias","description":"El presidente en funciones de la Diputaci\u00f3n de Cuenca, Benjam\u00edn Prieto, ha presidido la firma de los convenios de colaboraci\u00f3n que permitir\u00e1n a siete ayuntamientos de la provincia, \"significativos por su importancia tur\u00edstica\", mantener abiertas sus oficinas de turismo gracias a la aportaci\u00f3n econ\u00f3mica que se les va a brindar desde el Patronato de Desarrollo","inLanguage":"es-ES","isPartOf":{"@id":"https:\/\/eldigitaldeasturias.com\/magazine365\/#website"},"breadcrumb":{"@id":"https:\/\/eldigitaldeasturias.com\/magazine365\/siete-municipios-de-cuenca-abriran-sus-oficinas-de-turismo-en-verano-gracias-a-la-diputacion\/#breadcrumblist"},"author":{"@id":"https:\/\/eldigitaldeasturias.com\/magazine365\/author\/admin\/#author"},"creator":{"@id":"https:\/\/eldigitaldeasturias.com\/magazine365\/author\/admin\/#author"},"image":{"@type":"ImageObject","url":"https:\/\/eldigitaldeasturias.com\/magazine365\/wp-content\/uploads\/2015\/06\/fotonoticia_20150609141336_800.jpg","@id":"https:\/\/eldigitaldeasturias.com\/magazine365\/siete-municipios-de-cuenca-abriran-sus-oficinas-de-turismo-en-verano-gracias-a-la-diputacion\/#mainImage","width":800,"height":528},"primaryImageOfPage":{"@id":"https:\/\/eldigitaldeasturias.com\/magazine365\/siete-municipios-de-cuenca-abriran-sus-oficinas-de-turismo-en-verano-gracias-a-la-diputacion\/#mainImage"},"datePublished":"2015-06-10T01:34:50+02:00","dateModified":"2015-06-10T01:34:50+02:00"},{"@type":"WebSite","@id":"https:\/\/eldigitaldeasturias.com\/magazine365\/#website","url":"https:\/\/eldigitaldeasturias.com\/magazine365\/","name":"El Digital de Asturias","description":"Revista de ocio, turismo y estilo de vida","inLanguage":"es-ES","publisher":{"@id":"https:\/\/eldigitaldeasturias.com\/magazine365\/#organization"}}]},"og:locale":"es_ES","og:site_name":"El Digital de Asturias \u2013 Revista de ocio, turismo y estilo de vida","og:type":"article","og:title":"Siete municipios de Cuenca abrir\u00e1n sus oficinas de turismo en verano gracias a la Diputaci\u00f3n | El Digital de Asturias","og:description":"El presidente en funciones de la Diputaci\u00f3n de Cuenca, Benjam\u00edn Prieto, ha presidido la firma de los convenios de colaboraci\u00f3n que permitir\u00e1n a siete ayuntamientos de la provincia, &quot;significativos por su importancia tur\u00edstica&quot;, mantener abiertas sus oficinas de turismo gracias a la aportaci\u00f3n econ\u00f3mica que se les va a brindar desde el Patronato de Desarrollo","og:url":"https:\/\/eldigitaldeasturias.com\/magazine365\/siete-municipios-de-cuenca-abriran-sus-oficinas-de-turismo-en-verano-gracias-a-la-diputacion\/","og:image":"https:\/\/eldigitaldeasturias.com\/magazine365\/wp-content\/uploads\/2015\/06\/fotonoticia_20150609141336_800.jpg","og:image:secure_url":"https:\/\/eldigitaldeasturias.com\/magazine365\/wp-content\/uploads\/2015\/06\/fotonoticia_20150609141336_800.jpg","og:image:width":800,"og:image:height":528,"article:published_time":"2015-06-10T00:04:50+00:00","article:modified_time":"2015-06-10T00:04:50+00:00","twitter:card":"summary_large_image","twitter:title":"Siete municipios de Cuenca abrir\u00e1n sus oficinas de turismo en verano gracias a la Diputaci\u00f3n | El Digital de Asturias","twitter:description":"El presidente en funciones de la Diputaci\u00f3n de Cuenca, Benjam\u00edn Prieto, ha presidido la firma de los convenios de colaboraci\u00f3n que permitir\u00e1n a siete ayuntamientos de la provincia, &quot;significativos por su importancia tur\u00edstica&quot;, mantener abiertas sus oficinas de turismo gracias a la aportaci\u00f3n econ\u00f3mica que se les va a brindar desde el Patronato de Desarrollo","twitter:image":"https:\/\/eldigitaldeasturias.com\/magazine365\/wp-content\/uploads\/2015\/06\/fotonoticia_20150609141336_800.jpg"},"aioseo_meta_data":{"post_id":"39340","title":null,"description":null,"keywords":null,"keyphrases":null,"primary_term":null,"canonical_url":null,"og_title":null,"og_description":null,"og_object_type":"default","og_image_type":"default","og_image_url":null,"og_image_width":null,"og_image_height":null,"og_image_custom_url":null,"og_image_custom_fields":null,"og_video":null,"og_custom_url":null,"og_article_section":null,"og_article_tags":null,"twitter_use_og":false,"twitter_card":"default","twitter_image_type":"default","twitter_image_url":null,"twitter_image_custom_url":null,"twitter_image_custom_fields":null,"twitter_title":null,"twitter_description":null,"schema":{"blockGraphs":[],"customGraphs":[],"default":{"data":{"Article":[],"Course":[],"Dataset":[],"FAQPage":[],"Movie":[],"Person":[],"Product":[],"ProductReview":[],"Car":[],"Recipe":[],"Service":[],"SoftwareApplication":[],"WebPage":[]},"graphName":"","isEnabled":true},"graphs":[],"defaultGraph":"","defaultPostTypeGraph":""},"schema_type":null,"schema_type_options":null,"pillar_content":false,"robots_default":true,"robots_noindex":false,"robots_noarchive":false,"robots_nosnippet":false,"robots_nofollow":false,"robots_noimageindex":false,"robots_noodp":false,"robots_notranslate":false,"robots_max_snippet":null,"robots_max_videopreview":null,"robots_max_imagepreview":"large","priority":null,"frequency":null,"location":null,"local_seo":null,"seo_analyzer_scan_date":"2025-09-19 11:23:04","breadcrumb_settings":null,"limit_modified_date":false,"open_ai":null,"ai":null,"created":"2021-03-09 02:42:46","updated":"2025-09-19 11:23:04"},"aioseo_breadcrumb":"<div class=\"aioseo-breadcrumbs\"><span class=\"aioseo-breadcrumb\">\n\t<a href=\"https:\/\/eldigitaldeasturias.com\/magazine365\" title=\"Home\">Home<\/a>\n<\/span><span class=\"aioseo-breadcrumb-separator\">\u2013<\/span><span class=\"aioseo-breadcrumb\">\n\t<a href=\"https:\/\/eldigitaldeasturias.com\/magazine365\/category\/noticias-actualidad\/\" title=\"Noticias y Actualidad\">Noticias y Actualidad<\/a>\n<\/span><span class=\"aioseo-breadcrumb-separator\">\u2013<\/span><span class=\"aioseo-breadcrumb\">\n\t<a href=\"https:\/\/eldigitaldeasturias.com\/magazine365\/siete-municipios-de-cuenca-abriran-sus-oficinas-de-turismo-en-verano-gracias-a-la-diputacion\/\" title=\"Siete municipios de Cuenca abrir\u00e1n sus oficinas de turismo en verano gracias a la Diputaci\u00f3n\">Siete municipios de Cuenca abrir\u00e1n sus oficinas de turismo en verano gracias a la Diputaci\u00f3n<\/a>\n<\/span><\/div>","aioseo_breadcrumb_json":[{"label":"Home","link":"https:\/\/eldigitaldeasturias.com\/magazine365"},{"label":"Noticias y Actualidad","link":"https:\/\/eldigitaldeasturias.com\/magazine365\/category\/noticias-actualidad\/"},{"label":"Siete municipios de Cuenca abrir\u00e1n sus oficinas de turismo en verano gracias a la Diputaci\u00f3n","link":"https:\/\/eldigitaldeasturias.com\/magazine365\/siete-municipios-de-cuenca-abriran-sus-oficinas-de-turismo-en-verano-gracias-a-la-diputacion\/"}],"_links":{"self":[{"href":"https:\/\/eldigitaldeasturias.com\/magazine365\/wp-json\/wp\/v2\/posts\/39340","targetHints":{"allow":["GET"]}}],"collection":[{"href":"https:\/\/eldigitaldeasturias.com\/magazine365\/wp-json\/wp\/v2\/posts"}],"about":[{"href":"https:\/\/eldigitaldeasturias.com\/magazine365\/wp-json\/wp\/v2\/types\/post"}],"author":[{"embeddable":true,"href":"https:\/\/eldigitaldeasturias.com\/magazine365\/wp-json\/wp\/v2\/users\/1"}],"replies":[{"embeddable":true,"href":"https:\/\/eldigitaldeasturias.com\/magazine365\/wp-json\/wp\/v2\/comments?post=39340"}],"version-history":[{"count":0,"href":"https:\/\/eldigitaldeasturias.com\/magazine365\/wp-json\/wp\/v2\/posts\/39340\/revisions"}],"wp:featuredmedia":[{"embeddable":true,"href":"https:\/\/eldigitaldeasturias.com\/magazine365\/wp-json\/wp\/v2\/media\/39341"}],"wp:attachment":[{"href":"https:\/\/eldigitaldeasturias.com\/magazine365\/wp-json\/wp\/v2\/media?parent=39340"}],"wp:term":[{"taxonomy":"category","embeddable":true,"href":"https:\/\/eldigitaldeasturias.com\/magazine365\/wp-json\/wp\/v2\/categories?post=39340"},{"taxonomy":"post_tag","embeddable":true,"href":"https:\/\/eldigitaldeasturias.com\/magazine365\/wp-json\/wp\/v2\/tags?post=39340"}],"curies":[{"name":"wp","href":"https:\/\/api.w.org\/{rel}","templated":true}]}}