{"id":39337,"date":"2015-06-10T01:33:17","date_gmt":"2015-06-10T00:03:17","guid":{"rendered":"http:\/\/eldigitaldeasturias.com\/magazine365\/?p=39337"},"modified":"2015-06-10T01:33:17","modified_gmt":"2015-06-10T00:03:17","slug":"la-federacion-de-turismo-rural-de-navarra-convoca-un-concurso-fotografico","status":"publish","type":"post","link":"https:\/\/eldigitaldeasturias.com\/magazine365\/la-federacion-de-turismo-rural-de-navarra-convoca-un-concurso-fotografico\/","title":{"rendered":"La Federaci\u00f3n de Turismo Rural de Navarra convoca un concurso fotogr\u00e1fico"},"content":{"rendered":"<p><img fetchpriority=\"high\" decoding=\"async\" class=\"alignleft size-medium wp-image-39338\" src=\"https:\/\/eldigitaldeasturias.com\/magazine365\/wp-content\/uploads\/2015\/06\/fotonoticia_20150609141232_800-360x237.jpg\" alt=\"fotonoticia_20150609141232_800\" width=\"360\" height=\"237\" srcset=\"https:\/\/eldigitaldeasturias.com\/magazine365\/wp-content\/uploads\/2015\/06\/fotonoticia_20150609141232_800-360x237.jpg 360w, https:\/\/eldigitaldeasturias.com\/magazine365\/wp-content\/uploads\/2015\/06\/fotonoticia_20150609141232_800-650x428.jpg 650w, https:\/\/eldigitaldeasturias.com\/magazine365\/wp-content\/uploads\/2015\/06\/fotonoticia_20150609141232_800-768x506.jpg 768w, https:\/\/eldigitaldeasturias.com\/magazine365\/wp-content\/uploads\/2015\/06\/fotonoticia_20150609141232_800-150x99.jpg 150w, https:\/\/eldigitaldeasturias.com\/magazine365\/wp-content\/uploads\/2015\/06\/fotonoticia_20150609141232_800-450x296.jpg 450w, https:\/\/eldigitaldeasturias.com\/magazine365\/wp-content\/uploads\/2015\/06\/fotonoticia_20150609141232_800-696x458.jpg 696w, https:\/\/eldigitaldeasturias.com\/magazine365\/wp-content\/uploads\/2015\/06\/fotonoticia_20150609141232_800-741x486.jpg 741w, https:\/\/eldigitaldeasturias.com\/magazine365\/wp-content\/uploads\/2015\/06\/fotonoticia_20150609141232_800-638x420.jpg 638w, https:\/\/eldigitaldeasturias.com\/magazine365\/wp-content\/uploads\/2015\/06\/fotonoticia_20150609141232_800-84x55.jpg 84w, https:\/\/eldigitaldeasturias.com\/magazine365\/wp-content\/uploads\/2015\/06\/fotonoticia_20150609141232_800.jpg 800w\" sizes=\"(max-width: 360px) 100vw, 360px\" \/>La Federaci\u00f3n de Turismo Rural de Navarra ha organizado por primera vez un concurso fotogr\u00e1fico a trav\u00e9s del cual quiere premiar a fotos que destaquen las tradiciones de Navarra, el entorno, la cultura, la naturaleza o la gastronom\u00eda.<\/p>\n<p>El plazo para presentar fotograf\u00edas est\u00e1 abierto hasta el mes de diciembre y pueden participar tanto ciudadanos navarros como turistas que visiten la Comunidad foral.<\/p>\n<p>Las fotograf\u00edas se podr\u00e1n mandar a la direcci\u00f3n de correo electr\u00f3nico info@turismorural.com o directamente subirla a la p\u00e1gina web de la federaci\u00f3n (www.turismoruralnavarra.com).<\/p>\n<p>Adem\u00e1s, esta iniciativa contar\u00e1 con un jurado que establecer\u00e1 cu\u00e1les son las tres mejores fotograf\u00edas presentadas para participar. Un fin de semana para dos personas con comida y actividades tur\u00edsticas es el primer premio a la mejor fotograf\u00eda. El segundo consta de una estancia de fin de semana s\u00f3lo con comida y el tercero, un fin de semana con actividad tur\u00edstica incluida.<\/p>\n<p>Como ha dicho en una rueda de prensa la secretaria t\u00e9cnica de la Federaci\u00f3n de Turismo Rural en Navarra, Beatriz Huarte, \u00abes una iniciativa dirigida a todo aquel que visite Navarra y se aloje en uno de los 350 establecimientos que tiene la federaci\u00f3n\u00bb. \u00abTodos juntos aunamos esfuerzos para encarar nuevos retos\u00bb, ha dicho.<\/p>\n<p>La federaci\u00f3n est\u00e1 integrada por diez asociaciones que engloban alojamientos ubicados en un entorno rural, albergues, apartamentos, casas rurales de alquiler \u00edntegro, hoteles, hostales y restaurantes.<\/p>\n<p>&#8216;Naturaleza y entorno rural&#8217; es la marca con la que se presenta esta federaci\u00f3n. Se dedica a comercializar destinos y establecimientos a los que representa. \u00abNuestra labor es de representaci\u00f3n e interlocuci\u00f3n y defensa de los intereses del sector\u00bb, ha dicho Huarte.<\/p>\n<p>Huarte tambi\u00e9n ha declarado que el concurso \u00abnace con el \u00e1nimo de que las experiencias vividas de todos los que nos visiten sean compartidas y conocer las impresiones que ellos se llevan\u00bb.<\/p>\n<p>Desde la federaci\u00f3n, Huarte ha animado a participar en la iniciativa porque \u00abes un modo de promoci\u00f3n de Navarra y de todos los alojamientos con los que contamos de alto nivel en calidad y servicios\u00bb.<\/p>\n<p>A la rueda de prensa tambi\u00e9n han asistido Rafa Etxarri, representante de la Asociaci\u00f3n de Casas Rurales Aralar-Urbasal, y Mar\u00eda \u00c1ngeles Ezquer, representante de la asociaci\u00f3n de casas rurales del valle del Roncal, entre otros.<\/p>\n<p>Uno de los fot\u00f3grafos que participar\u00e1 como jurado del concurso, Oriol Conesa, ha contado que \u00abno nos vamos a centrar tanto en la parte t\u00e9cnica sino que nos vamos a centrar en las emociones que transmiten, por eso animamos a todos a participar\u00bb.<\/p>\n","protected":false},"excerpt":{"rendered":"<p>La Federaci\u00f3n de Turismo Rural de Navarra ha organizado por primera vez un concurso fotogr\u00e1fico a trav\u00e9s del cual quiere premiar a fotos que destaquen las tradiciones de Navarra, el entorno, la cultura, la naturaleza o la gastronom\u00eda. El plazo para presentar fotograf\u00edas est\u00e1 abierto hasta el mes de diciembre y pueden participar tanto ciudadanos<\/p>\n","protected":false},"author":1,"featured_media":39338,"comment_status":"open","ping_status":"closed","sticky":false,"template":"","format":"standard","meta":{"footnotes":""},"categories":[222],"tags":[],"class_list":{"0":"post-39337","1":"post","2":"type-post","3":"status-publish","4":"format-standard","5":"has-post-thumbnail","7":"category-actualidad-turismo"},"aioseo_notices":[],"aioseo_head":"\n\t\t<!-- All in One SEO Pro 4.9.6.1 - aioseo.com -->\n\t<meta name=\"description\" content=\"La Federaci\u00f3n de Turismo Rural de Navarra ha organizado por primera vez un concurso fotogr\u00e1fico a trav\u00e9s del cual quiere premiar a fotos que destaquen las tradiciones de Navarra, el entorno, la cultura, la naturaleza o la gastronom\u00eda. El plazo para presentar fotograf\u00edas est\u00e1 abierto hasta el mes de diciembre y pueden participar tanto ciudadanos\" \/>\n\t<meta name=\"robots\" content=\"max-image-preview:large\" \/>\n\t<meta name=\"author\" content=\"admin\"\/>\n\t<meta name=\"google-site-verification\" content=\"UA-38556648-1\" \/>\n\t<meta name=\"keywords\" content=\"actualidad turismo\" \/>\n\t<link rel=\"canonical\" href=\"https:\/\/eldigitaldeasturias.com\/magazine365\/la-federacion-de-turismo-rural-de-navarra-convoca-un-concurso-fotografico\/\" \/>\n\t<meta name=\"generator\" content=\"All in One SEO Pro (AIOSEO) 4.9.6.1\" \/>\n\t\t<meta property=\"og:locale\" content=\"es_ES\" \/>\n\t\t<meta property=\"og:site_name\" content=\"El Digital de Asturias \u2013 Revista de ocio, turismo y estilo de vida\" \/>\n\t\t<meta property=\"og:type\" content=\"article\" \/>\n\t\t<meta property=\"og:title\" content=\"La Federaci\u00f3n de Turismo Rural de Navarra convoca un concurso fotogr\u00e1fico | El Digital de Asturias\" \/>\n\t\t<meta property=\"og:description\" content=\"La Federaci\u00f3n de Turismo Rural de Navarra ha organizado por primera vez un concurso fotogr\u00e1fico a trav\u00e9s del cual quiere premiar a fotos que destaquen las tradiciones de Navarra, el entorno, la cultura, la naturaleza o la gastronom\u00eda. El plazo para presentar fotograf\u00edas est\u00e1 abierto hasta el mes de diciembre y pueden participar tanto ciudadanos\" \/>\n\t\t<meta property=\"og:url\" content=\"https:\/\/eldigitaldeasturias.com\/magazine365\/la-federacion-de-turismo-rural-de-navarra-convoca-un-concurso-fotografico\/\" \/>\n\t\t<meta property=\"og:image\" content=\"https:\/\/eldigitaldeasturias.com\/magazine365\/wp-content\/uploads\/2015\/06\/fotonoticia_20150609141232_800.jpg\" \/>\n\t\t<meta property=\"og:image:secure_url\" content=\"https:\/\/eldigitaldeasturias.com\/magazine365\/wp-content\/uploads\/2015\/06\/fotonoticia_20150609141232_800.jpg\" \/>\n\t\t<meta property=\"og:image:width\" content=\"800\" \/>\n\t\t<meta property=\"og:image:height\" content=\"527\" \/>\n\t\t<meta property=\"article:published_time\" content=\"2015-06-10T00:03:17+00:00\" \/>\n\t\t<meta property=\"article:modified_time\" content=\"2015-06-10T00:03:17+00:00\" \/>\n\t\t<meta name=\"twitter:card\" content=\"summary_large_image\" \/>\n\t\t<meta name=\"twitter:title\" content=\"La Federaci\u00f3n de Turismo Rural de Navarra convoca un concurso fotogr\u00e1fico | El Digital de Asturias\" \/>\n\t\t<meta name=\"twitter:description\" content=\"La Federaci\u00f3n de Turismo Rural de Navarra ha organizado por primera vez un concurso fotogr\u00e1fico a trav\u00e9s del cual quiere premiar a fotos que destaquen las tradiciones de Navarra, el entorno, la cultura, la naturaleza o la gastronom\u00eda. El plazo para presentar fotograf\u00edas est\u00e1 abierto hasta el mes de diciembre y pueden participar tanto ciudadanos\" \/>\n\t\t<meta name=\"twitter:image\" content=\"https:\/\/eldigitaldeasturias.com\/magazine365\/wp-content\/uploads\/2015\/06\/fotonoticia_20150609141232_800.jpg\" \/>\n\t\t<script type=\"application\/ld+json\" class=\"aioseo-schema\">\n\t\t\t{\"@context\":\"https:\\\/\\\/schema.org\",\"@graph\":[{\"@type\":\"Article\",\"@id\":\"https:\\\/\\\/eldigitaldeasturias.com\\\/magazine365\\\/la-federacion-de-turismo-rural-de-navarra-convoca-un-concurso-fotografico\\\/#article\",\"name\":\"La Federaci\\u00f3n de Turismo Rural de Navarra convoca un concurso fotogr\\u00e1fico | El Digital de Asturias\",\"headline\":\"La Federaci\\u00f3n de Turismo Rural de Navarra convoca un concurso fotogr\\u00e1fico\",\"author\":{\"@id\":\"https:\\\/\\\/eldigitaldeasturias.com\\\/magazine365\\\/author\\\/admin\\\/#author\"},\"publisher\":{\"@id\":\"https:\\\/\\\/eldigitaldeasturias.com\\\/magazine365\\\/#organization\"},\"image\":{\"@type\":\"ImageObject\",\"url\":\"https:\\\/\\\/eldigitaldeasturias.com\\\/magazine365\\\/wp-content\\\/uploads\\\/2015\\\/06\\\/fotonoticia_20150609141232_800.jpg\",\"width\":800,\"height\":527},\"datePublished\":\"2015-06-10T01:33:17+02:00\",\"dateModified\":\"2015-06-10T01:33:17+02:00\",\"inLanguage\":\"es-ES\",\"mainEntityOfPage\":{\"@id\":\"https:\\\/\\\/eldigitaldeasturias.com\\\/magazine365\\\/la-federacion-de-turismo-rural-de-navarra-convoca-un-concurso-fotografico\\\/#webpage\"},\"isPartOf\":{\"@id\":\"https:\\\/\\\/eldigitaldeasturias.com\\\/magazine365\\\/la-federacion-de-turismo-rural-de-navarra-convoca-un-concurso-fotografico\\\/#webpage\"},\"articleSection\":\"Actualidad Turismo\"},{\"@type\":\"BreadcrumbList\",\"@id\":\"https:\\\/\\\/eldigitaldeasturias.com\\\/magazine365\\\/la-federacion-de-turismo-rural-de-navarra-convoca-un-concurso-fotografico\\\/#breadcrumblist\",\"itemListElement\":[{\"@type\":\"ListItem\",\"@id\":\"https:\\\/\\\/eldigitaldeasturias.com\\\/magazine365#listItem\",\"position\":1,\"name\":\"Home\",\"item\":\"https:\\\/\\\/eldigitaldeasturias.com\\\/magazine365\",\"nextItem\":{\"@type\":\"ListItem\",\"@id\":\"https:\\\/\\\/eldigitaldeasturias.com\\\/magazine365\\\/category\\\/actualidad-turismo\\\/#listItem\",\"name\":\"Actualidad Turismo\"}},{\"@type\":\"ListItem\",\"@id\":\"https:\\\/\\\/eldigitaldeasturias.com\\\/magazine365\\\/category\\\/actualidad-turismo\\\/#listItem\",\"position\":2,\"name\":\"Actualidad Turismo\",\"item\":\"https:\\\/\\\/eldigitaldeasturias.com\\\/magazine365\\\/category\\\/actualidad-turismo\\\/\",\"nextItem\":{\"@type\":\"ListItem\",\"@id\":\"https:\\\/\\\/eldigitaldeasturias.com\\\/magazine365\\\/la-federacion-de-turismo-rural-de-navarra-convoca-un-concurso-fotografico\\\/#listItem\",\"name\":\"La Federaci\\u00f3n de Turismo Rural de Navarra convoca un concurso fotogr\\u00e1fico\"},\"previousItem\":{\"@type\":\"ListItem\",\"@id\":\"https:\\\/\\\/eldigitaldeasturias.com\\\/magazine365#listItem\",\"name\":\"Home\"}},{\"@type\":\"ListItem\",\"@id\":\"https:\\\/\\\/eldigitaldeasturias.com\\\/magazine365\\\/la-federacion-de-turismo-rural-de-navarra-convoca-un-concurso-fotografico\\\/#listItem\",\"position\":3,\"name\":\"La Federaci\\u00f3n de Turismo Rural de Navarra convoca un concurso fotogr\\u00e1fico\",\"previousItem\":{\"@type\":\"ListItem\",\"@id\":\"https:\\\/\\\/eldigitaldeasturias.com\\\/magazine365\\\/category\\\/actualidad-turismo\\\/#listItem\",\"name\":\"Actualidad Turismo\"}}]},{\"@type\":\"Organization\",\"@id\":\"https:\\\/\\\/eldigitaldeasturias.com\\\/magazine365\\\/#organization\",\"name\":\"El digital de Asturias\",\"description\":\"Revista de ocio, turismo y estilo de vida\",\"url\":\"https:\\\/\\\/eldigitaldeasturias.com\\\/magazine365\\\/\",\"logo\":{\"@type\":\"ImageObject\",\"url\":\"https:\\\/\\\/www.eldigitaldeasturias.com\\\/noticias\\\/wp-content\\\/uploads\\\/2020\\\/12\\\/EDA.jpg\",\"@id\":\"https:\\\/\\\/eldigitaldeasturias.com\\\/magazine365\\\/la-federacion-de-turismo-rural-de-navarra-convoca-un-concurso-fotografico\\\/#organizationLogo\"},\"image\":{\"@id\":\"https:\\\/\\\/eldigitaldeasturias.com\\\/magazine365\\\/la-federacion-de-turismo-rural-de-navarra-convoca-un-concurso-fotografico\\\/#organizationLogo\"}},{\"@type\":\"Person\",\"@id\":\"https:\\\/\\\/eldigitaldeasturias.com\\\/magazine365\\\/author\\\/admin\\\/#author\",\"url\":\"https:\\\/\\\/eldigitaldeasturias.com\\\/magazine365\\\/author\\\/admin\\\/\",\"name\":\"admin\",\"image\":{\"@type\":\"ImageObject\",\"@id\":\"https:\\\/\\\/eldigitaldeasturias.com\\\/magazine365\\\/la-federacion-de-turismo-rural-de-navarra-convoca-un-concurso-fotografico\\\/#authorImage\",\"url\":\"https:\\\/\\\/eldigitaldeasturias.com\\\/magazine365\\\/wp-content\\\/litespeed\\\/avatar\\\/e571bcf59a0edd6fa6838245a470f2fe.jpg?ver=1776969259\",\"width\":96,\"height\":96,\"caption\":\"admin\"}},{\"@type\":\"WebPage\",\"@id\":\"https:\\\/\\\/eldigitaldeasturias.com\\\/magazine365\\\/la-federacion-de-turismo-rural-de-navarra-convoca-un-concurso-fotografico\\\/#webpage\",\"url\":\"https:\\\/\\\/eldigitaldeasturias.com\\\/magazine365\\\/la-federacion-de-turismo-rural-de-navarra-convoca-un-concurso-fotografico\\\/\",\"name\":\"La Federaci\\u00f3n de Turismo Rural de Navarra convoca un concurso fotogr\\u00e1fico | El Digital de Asturias\",\"description\":\"La Federaci\\u00f3n de Turismo Rural de Navarra ha organizado por primera vez un concurso fotogr\\u00e1fico a trav\\u00e9s del cual quiere premiar a fotos que destaquen las tradiciones de Navarra, el entorno, la cultura, la naturaleza o la gastronom\\u00eda. El plazo para presentar fotograf\\u00edas est\\u00e1 abierto hasta el mes de diciembre y pueden participar tanto ciudadanos\",\"inLanguage\":\"es-ES\",\"isPartOf\":{\"@id\":\"https:\\\/\\\/eldigitaldeasturias.com\\\/magazine365\\\/#website\"},\"breadcrumb\":{\"@id\":\"https:\\\/\\\/eldigitaldeasturias.com\\\/magazine365\\\/la-federacion-de-turismo-rural-de-navarra-convoca-un-concurso-fotografico\\\/#breadcrumblist\"},\"author\":{\"@id\":\"https:\\\/\\\/eldigitaldeasturias.com\\\/magazine365\\\/author\\\/admin\\\/#author\"},\"creator\":{\"@id\":\"https:\\\/\\\/eldigitaldeasturias.com\\\/magazine365\\\/author\\\/admin\\\/#author\"},\"image\":{\"@type\":\"ImageObject\",\"url\":\"https:\\\/\\\/eldigitaldeasturias.com\\\/magazine365\\\/wp-content\\\/uploads\\\/2015\\\/06\\\/fotonoticia_20150609141232_800.jpg\",\"@id\":\"https:\\\/\\\/eldigitaldeasturias.com\\\/magazine365\\\/la-federacion-de-turismo-rural-de-navarra-convoca-un-concurso-fotografico\\\/#mainImage\",\"width\":800,\"height\":527},\"primaryImageOfPage\":{\"@id\":\"https:\\\/\\\/eldigitaldeasturias.com\\\/magazine365\\\/la-federacion-de-turismo-rural-de-navarra-convoca-un-concurso-fotografico\\\/#mainImage\"},\"datePublished\":\"2015-06-10T01:33:17+02:00\",\"dateModified\":\"2015-06-10T01:33:17+02:00\"},{\"@type\":\"WebSite\",\"@id\":\"https:\\\/\\\/eldigitaldeasturias.com\\\/magazine365\\\/#website\",\"url\":\"https:\\\/\\\/eldigitaldeasturias.com\\\/magazine365\\\/\",\"name\":\"El Digital de Asturias\",\"description\":\"Revista de ocio, turismo y estilo de vida\",\"inLanguage\":\"es-ES\",\"publisher\":{\"@id\":\"https:\\\/\\\/eldigitaldeasturias.com\\\/magazine365\\\/#organization\"}}]}\n\t\t<\/script>\n\t\t<!-- All in One SEO Pro -->\r\n\t\t<title>La Federaci\u00f3n de Turismo Rural de Navarra convoca un concurso fotogr\u00e1fico | El Digital de Asturias<\/title>\n\n","aioseo_head_json":{"title":"La Federaci\u00f3n de Turismo Rural de Navarra convoca un concurso fotogr\u00e1fico | El Digital de Asturias","description":"La Federaci\u00f3n de Turismo Rural de Navarra ha organizado por primera vez un concurso fotogr\u00e1fico a trav\u00e9s del cual quiere premiar a fotos que destaquen las tradiciones de Navarra, el entorno, la cultura, la naturaleza o la gastronom\u00eda. El plazo para presentar fotograf\u00edas est\u00e1 abierto hasta el mes de diciembre y pueden participar tanto ciudadanos","canonical_url":"https:\/\/eldigitaldeasturias.com\/magazine365\/la-federacion-de-turismo-rural-de-navarra-convoca-un-concurso-fotografico\/","robots":"max-image-preview:large","keywords":"actualidad turismo","webmasterTools":{"google-site-verification":"UA-38556648-1","miscellaneous":""},"schema":{"@context":"https:\/\/schema.org","@graph":[{"@type":"Article","@id":"https:\/\/eldigitaldeasturias.com\/magazine365\/la-federacion-de-turismo-rural-de-navarra-convoca-un-concurso-fotografico\/#article","name":"La Federaci\u00f3n de Turismo Rural de Navarra convoca un concurso fotogr\u00e1fico | El Digital de Asturias","headline":"La Federaci\u00f3n de Turismo Rural de Navarra convoca un concurso fotogr\u00e1fico","author":{"@id":"https:\/\/eldigitaldeasturias.com\/magazine365\/author\/admin\/#author"},"publisher":{"@id":"https:\/\/eldigitaldeasturias.com\/magazine365\/#organization"},"image":{"@type":"ImageObject","url":"https:\/\/eldigitaldeasturias.com\/magazine365\/wp-content\/uploads\/2015\/06\/fotonoticia_20150609141232_800.jpg","width":800,"height":527},"datePublished":"2015-06-10T01:33:17+02:00","dateModified":"2015-06-10T01:33:17+02:00","inLanguage":"es-ES","mainEntityOfPage":{"@id":"https:\/\/eldigitaldeasturias.com\/magazine365\/la-federacion-de-turismo-rural-de-navarra-convoca-un-concurso-fotografico\/#webpage"},"isPartOf":{"@id":"https:\/\/eldigitaldeasturias.com\/magazine365\/la-federacion-de-turismo-rural-de-navarra-convoca-un-concurso-fotografico\/#webpage"},"articleSection":"Actualidad Turismo"},{"@type":"BreadcrumbList","@id":"https:\/\/eldigitaldeasturias.com\/magazine365\/la-federacion-de-turismo-rural-de-navarra-convoca-un-concurso-fotografico\/#breadcrumblist","itemListElement":[{"@type":"ListItem","@id":"https:\/\/eldigitaldeasturias.com\/magazine365#listItem","position":1,"name":"Home","item":"https:\/\/eldigitaldeasturias.com\/magazine365","nextItem":{"@type":"ListItem","@id":"https:\/\/eldigitaldeasturias.com\/magazine365\/category\/actualidad-turismo\/#listItem","name":"Actualidad Turismo"}},{"@type":"ListItem","@id":"https:\/\/eldigitaldeasturias.com\/magazine365\/category\/actualidad-turismo\/#listItem","position":2,"name":"Actualidad Turismo","item":"https:\/\/eldigitaldeasturias.com\/magazine365\/category\/actualidad-turismo\/","nextItem":{"@type":"ListItem","@id":"https:\/\/eldigitaldeasturias.com\/magazine365\/la-federacion-de-turismo-rural-de-navarra-convoca-un-concurso-fotografico\/#listItem","name":"La Federaci\u00f3n de Turismo Rural de Navarra convoca un concurso fotogr\u00e1fico"},"previousItem":{"@type":"ListItem","@id":"https:\/\/eldigitaldeasturias.com\/magazine365#listItem","name":"Home"}},{"@type":"ListItem","@id":"https:\/\/eldigitaldeasturias.com\/magazine365\/la-federacion-de-turismo-rural-de-navarra-convoca-un-concurso-fotografico\/#listItem","position":3,"name":"La Federaci\u00f3n de Turismo Rural de Navarra convoca un concurso fotogr\u00e1fico","previousItem":{"@type":"ListItem","@id":"https:\/\/eldigitaldeasturias.com\/magazine365\/category\/actualidad-turismo\/#listItem","name":"Actualidad Turismo"}}]},{"@type":"Organization","@id":"https:\/\/eldigitaldeasturias.com\/magazine365\/#organization","name":"El digital de Asturias","description":"Revista de ocio, turismo y estilo de vida","url":"https:\/\/eldigitaldeasturias.com\/magazine365\/","logo":{"@type":"ImageObject","url":"https:\/\/www.eldigitaldeasturias.com\/noticias\/wp-content\/uploads\/2020\/12\/EDA.jpg","@id":"https:\/\/eldigitaldeasturias.com\/magazine365\/la-federacion-de-turismo-rural-de-navarra-convoca-un-concurso-fotografico\/#organizationLogo"},"image":{"@id":"https:\/\/eldigitaldeasturias.com\/magazine365\/la-federacion-de-turismo-rural-de-navarra-convoca-un-concurso-fotografico\/#organizationLogo"}},{"@type":"Person","@id":"https:\/\/eldigitaldeasturias.com\/magazine365\/author\/admin\/#author","url":"https:\/\/eldigitaldeasturias.com\/magazine365\/author\/admin\/","name":"admin","image":{"@type":"ImageObject","@id":"https:\/\/eldigitaldeasturias.com\/magazine365\/la-federacion-de-turismo-rural-de-navarra-convoca-un-concurso-fotografico\/#authorImage","url":"https:\/\/eldigitaldeasturias.com\/magazine365\/wp-content\/litespeed\/avatar\/e571bcf59a0edd6fa6838245a470f2fe.jpg?ver=1776969259","width":96,"height":96,"caption":"admin"}},{"@type":"WebPage","@id":"https:\/\/eldigitaldeasturias.com\/magazine365\/la-federacion-de-turismo-rural-de-navarra-convoca-un-concurso-fotografico\/#webpage","url":"https:\/\/eldigitaldeasturias.com\/magazine365\/la-federacion-de-turismo-rural-de-navarra-convoca-un-concurso-fotografico\/","name":"La Federaci\u00f3n de Turismo Rural de Navarra convoca un concurso fotogr\u00e1fico | El Digital de Asturias","description":"La Federaci\u00f3n de Turismo Rural de Navarra ha organizado por primera vez un concurso fotogr\u00e1fico a trav\u00e9s del cual quiere premiar a fotos que destaquen las tradiciones de Navarra, el entorno, la cultura, la naturaleza o la gastronom\u00eda. El plazo para presentar fotograf\u00edas est\u00e1 abierto hasta el mes de diciembre y pueden participar tanto ciudadanos","inLanguage":"es-ES","isPartOf":{"@id":"https:\/\/eldigitaldeasturias.com\/magazine365\/#website"},"breadcrumb":{"@id":"https:\/\/eldigitaldeasturias.com\/magazine365\/la-federacion-de-turismo-rural-de-navarra-convoca-un-concurso-fotografico\/#breadcrumblist"},"author":{"@id":"https:\/\/eldigitaldeasturias.com\/magazine365\/author\/admin\/#author"},"creator":{"@id":"https:\/\/eldigitaldeasturias.com\/magazine365\/author\/admin\/#author"},"image":{"@type":"ImageObject","url":"https:\/\/eldigitaldeasturias.com\/magazine365\/wp-content\/uploads\/2015\/06\/fotonoticia_20150609141232_800.jpg","@id":"https:\/\/eldigitaldeasturias.com\/magazine365\/la-federacion-de-turismo-rural-de-navarra-convoca-un-concurso-fotografico\/#mainImage","width":800,"height":527},"primaryImageOfPage":{"@id":"https:\/\/eldigitaldeasturias.com\/magazine365\/la-federacion-de-turismo-rural-de-navarra-convoca-un-concurso-fotografico\/#mainImage"},"datePublished":"2015-06-10T01:33:17+02:00","dateModified":"2015-06-10T01:33:17+02:00"},{"@type":"WebSite","@id":"https:\/\/eldigitaldeasturias.com\/magazine365\/#website","url":"https:\/\/eldigitaldeasturias.com\/magazine365\/","name":"El Digital de Asturias","description":"Revista de ocio, turismo y estilo de vida","inLanguage":"es-ES","publisher":{"@id":"https:\/\/eldigitaldeasturias.com\/magazine365\/#organization"}}]},"og:locale":"es_ES","og:site_name":"El Digital de Asturias \u2013 Revista de ocio, turismo y estilo de vida","og:type":"article","og:title":"La Federaci\u00f3n de Turismo Rural de Navarra convoca un concurso fotogr\u00e1fico | El Digital de Asturias","og:description":"La Federaci\u00f3n de Turismo Rural de Navarra ha organizado por primera vez un concurso fotogr\u00e1fico a trav\u00e9s del cual quiere premiar a fotos que destaquen las tradiciones de Navarra, el entorno, la cultura, la naturaleza o la gastronom\u00eda. El plazo para presentar fotograf\u00edas est\u00e1 abierto hasta el mes de diciembre y pueden participar tanto ciudadanos","og:url":"https:\/\/eldigitaldeasturias.com\/magazine365\/la-federacion-de-turismo-rural-de-navarra-convoca-un-concurso-fotografico\/","og:image":"https:\/\/eldigitaldeasturias.com\/magazine365\/wp-content\/uploads\/2015\/06\/fotonoticia_20150609141232_800.jpg","og:image:secure_url":"https:\/\/eldigitaldeasturias.com\/magazine365\/wp-content\/uploads\/2015\/06\/fotonoticia_20150609141232_800.jpg","og:image:width":800,"og:image:height":527,"article:published_time":"2015-06-10T00:03:17+00:00","article:modified_time":"2015-06-10T00:03:17+00:00","twitter:card":"summary_large_image","twitter:title":"La Federaci\u00f3n de Turismo Rural de Navarra convoca un concurso fotogr\u00e1fico | El Digital de Asturias","twitter:description":"La Federaci\u00f3n de Turismo Rural de Navarra ha organizado por primera vez un concurso fotogr\u00e1fico a trav\u00e9s del cual quiere premiar a fotos que destaquen las tradiciones de Navarra, el entorno, la cultura, la naturaleza o la gastronom\u00eda. El plazo para presentar fotograf\u00edas est\u00e1 abierto hasta el mes de diciembre y pueden participar tanto ciudadanos","twitter:image":"https:\/\/eldigitaldeasturias.com\/magazine365\/wp-content\/uploads\/2015\/06\/fotonoticia_20150609141232_800.jpg"},"aioseo_meta_data":{"post_id":"39337","title":null,"description":null,"keywords":null,"keyphrases":null,"primary_term":null,"canonical_url":null,"og_title":null,"og_description":null,"og_object_type":"default","og_image_type":"default","og_image_url":null,"og_image_width":null,"og_image_height":null,"og_image_custom_url":null,"og_image_custom_fields":null,"og_video":null,"og_custom_url":null,"og_article_section":null,"og_article_tags":null,"twitter_use_og":false,"twitter_card":"default","twitter_image_type":"default","twitter_image_url":null,"twitter_image_custom_url":null,"twitter_image_custom_fields":null,"twitter_title":null,"twitter_description":null,"schema":{"blockGraphs":[],"customGraphs":[],"default":{"data":{"Article":[],"Course":[],"Dataset":[],"FAQPage":[],"Movie":[],"Person":[],"Product":[],"ProductReview":[],"Car":[],"Recipe":[],"Service":[],"SoftwareApplication":[],"WebPage":[]},"graphName":"","isEnabled":true},"graphs":[],"defaultGraph":"","defaultPostTypeGraph":""},"schema_type":null,"schema_type_options":null,"pillar_content":false,"robots_default":true,"robots_noindex":false,"robots_noarchive":false,"robots_nosnippet":false,"robots_nofollow":false,"robots_noimageindex":false,"robots_noodp":false,"robots_notranslate":false,"robots_max_snippet":null,"robots_max_videopreview":null,"robots_max_imagepreview":"large","priority":null,"frequency":null,"location":null,"local_seo":null,"seo_analyzer_scan_date":"2025-09-19 11:23:03","breadcrumb_settings":null,"limit_modified_date":false,"open_ai":null,"ai":null,"created":"2021-03-09 02:42:46","updated":"2025-09-19 11:23:03"},"aioseo_breadcrumb":"<div class=\"aioseo-breadcrumbs\"><span class=\"aioseo-breadcrumb\">\n\t<a href=\"https:\/\/eldigitaldeasturias.com\/magazine365\" title=\"Home\">Home<\/a>\n<\/span><span class=\"aioseo-breadcrumb-separator\">\u2013<\/span><span class=\"aioseo-breadcrumb\">\n\t<a href=\"https:\/\/eldigitaldeasturias.com\/magazine365\/category\/actualidad-turismo\/\" title=\"Actualidad Turismo\">Actualidad Turismo<\/a>\n<\/span><span class=\"aioseo-breadcrumb-separator\">\u2013<\/span><span class=\"aioseo-breadcrumb\">\n\t<a href=\"https:\/\/eldigitaldeasturias.com\/magazine365\/la-federacion-de-turismo-rural-de-navarra-convoca-un-concurso-fotografico\/\" title=\"La Federaci\u00f3n de Turismo Rural de Navarra convoca un concurso fotogr\u00e1fico\">La Federaci\u00f3n de Turismo Rural de Navarra convoca un concurso fotogr\u00e1fico<\/a>\n<\/span><\/div>","aioseo_breadcrumb_json":[{"label":"Home","link":"https:\/\/eldigitaldeasturias.com\/magazine365"},{"label":"Actualidad Turismo","link":"https:\/\/eldigitaldeasturias.com\/magazine365\/category\/actualidad-turismo\/"},{"label":"La Federaci\u00f3n de Turismo Rural de Navarra convoca un concurso fotogr\u00e1fico","link":"https:\/\/eldigitaldeasturias.com\/magazine365\/la-federacion-de-turismo-rural-de-navarra-convoca-un-concurso-fotografico\/"}],"_links":{"self":[{"href":"https:\/\/eldigitaldeasturias.com\/magazine365\/wp-json\/wp\/v2\/posts\/39337","targetHints":{"allow":["GET"]}}],"collection":[{"href":"https:\/\/eldigitaldeasturias.com\/magazine365\/wp-json\/wp\/v2\/posts"}],"about":[{"href":"https:\/\/eldigitaldeasturias.com\/magazine365\/wp-json\/wp\/v2\/types\/post"}],"author":[{"embeddable":true,"href":"https:\/\/eldigitaldeasturias.com\/magazine365\/wp-json\/wp\/v2\/users\/1"}],"replies":[{"embeddable":true,"href":"https:\/\/eldigitaldeasturias.com\/magazine365\/wp-json\/wp\/v2\/comments?post=39337"}],"version-history":[{"count":0,"href":"https:\/\/eldigitaldeasturias.com\/magazine365\/wp-json\/wp\/v2\/posts\/39337\/revisions"}],"wp:featuredmedia":[{"embeddable":true,"href":"https:\/\/eldigitaldeasturias.com\/magazine365\/wp-json\/wp\/v2\/media\/39338"}],"wp:attachment":[{"href":"https:\/\/eldigitaldeasturias.com\/magazine365\/wp-json\/wp\/v2\/media?parent=39337"}],"wp:term":[{"taxonomy":"category","embeddable":true,"href":"https:\/\/eldigitaldeasturias.com\/magazine365\/wp-json\/wp\/v2\/categories?post=39337"},{"taxonomy":"post_tag","embeddable":true,"href":"https:\/\/eldigitaldeasturias.com\/magazine365\/wp-json\/wp\/v2\/tags?post=39337"}],"curies":[{"name":"wp","href":"https:\/\/api.w.org\/{rel}","templated":true}]}}