{"id":39324,"date":"2015-06-10T01:15:23","date_gmt":"2015-06-09T23:45:23","guid":{"rendered":"http:\/\/eldigitaldeasturias.com\/magazine365\/?p=39324"},"modified":"2015-06-10T01:15:23","modified_gmt":"2015-06-09T23:45:23","slug":"andalucia-acoge-la-primera-conferencia-de-ventas-del-principal-operador-polaco-en-la-peninsula","status":"publish","type":"post","link":"https:\/\/eldigitaldeasturias.com\/magazine365\/andalucia-acoge-la-primera-conferencia-de-ventas-del-principal-operador-polaco-en-la-peninsula\/","title":{"rendered":"Andaluc\u00eda acoge la primera conferencia de ventas del principal operador polaco en la pen\u00ednsula"},"content":{"rendered":"<p><img fetchpriority=\"high\" decoding=\"async\" class=\"alignleft size-medium wp-image-39325\" src=\"https:\/\/eldigitaldeasturias.com\/magazine365\/wp-content\/uploads\/2015\/06\/fotonoticia_20150609130843_800-360x240.jpg\" alt=\"fotonoticia_20150609130843_800\" width=\"360\" height=\"240\" srcset=\"https:\/\/eldigitaldeasturias.com\/magazine365\/wp-content\/uploads\/2015\/06\/fotonoticia_20150609130843_800-360x240.jpg 360w, https:\/\/eldigitaldeasturias.com\/magazine365\/wp-content\/uploads\/2015\/06\/fotonoticia_20150609130843_800-650x433.jpg 650w, https:\/\/eldigitaldeasturias.com\/magazine365\/wp-content\/uploads\/2015\/06\/fotonoticia_20150609130843_800-768x512.jpg 768w, https:\/\/eldigitaldeasturias.com\/magazine365\/wp-content\/uploads\/2015\/06\/fotonoticia_20150609130843_800-150x100.jpg 150w, https:\/\/eldigitaldeasturias.com\/magazine365\/wp-content\/uploads\/2015\/06\/fotonoticia_20150609130843_800-450x300.jpg 450w, https:\/\/eldigitaldeasturias.com\/magazine365\/wp-content\/uploads\/2015\/06\/fotonoticia_20150609130843_800-696x464.jpg 696w, https:\/\/eldigitaldeasturias.com\/magazine365\/wp-content\/uploads\/2015\/06\/fotonoticia_20150609130843_800-630x420.jpg 630w, https:\/\/eldigitaldeasturias.com\/magazine365\/wp-content\/uploads\/2015\/06\/fotonoticia_20150609130843_800-84x55.jpg 84w, https:\/\/eldigitaldeasturias.com\/magazine365\/wp-content\/uploads\/2015\/06\/fotonoticia_20150609130843_800.jpg 800w\" sizes=\"(max-width: 360px) 100vw, 360px\" \/>Andaluc\u00eda acoge desde este pasado lunes la celebraci\u00f3n de la conferencia anual de ventas de Itaka, el principal operador tur\u00edstico del mercado polaco. El evento, que se celebra por primera vez en la pen\u00ednsula ib\u00e9rica, re\u00fane a 150 de los mejores agentes de viajes de la compa\u00f1\u00eda y tiene como objetivo impulsar la comercializaci\u00f3n del destino a trav\u00e9s de la mejora del conocimiento de la oferta andaluza.<\/p>\n<p>El encuentro profesional que organiza anualmente Itaka pretende dar a conocer el cat\u00e1logo de la temporada siguiente y los hoteles y productos con los que trabajan en la zona y suelen tener gran influencia en el aumento del n\u00famero de reservas.<\/p>\n<p>As\u00ed, en los destinos en los que se desarrollaron previamente estos eventos, como T\u00fanez, Grecia, Chipre o las Islas Canarias, el flujo de visitantes experiment\u00f3 un considerable aumento, llegando a alcanzar incrementos de hasta el 300 por ciento en determinados casos, seg\u00fan una nota de la Administraci\u00f3n andaluza.<\/p>\n<p>La conferencia de ventas de este a\u00f1o se desarrollar\u00e1 durante toda la semana en la Costa del Sol e incluye jornadas de trabajo, visitas de prospecci\u00f3n, un programa cultural y l\u00fadico paralelo, as\u00ed como excursiones a otros destinos de la comunidad relacionadas con la mejora del conocimiento del destino.<\/p>\n<p>En la temporada 2014 Itaka envi\u00f3 15.000 pasajeros a Andaluc\u00eda y mantiene buenas expectativas para el presente ejercicio, ya que el mayorista planea doblar sus conexiones a\u00e9reas con Andaluc\u00eda e incrementar su oferta, a\u00f1adiendo al segmento de &#8216;sol y playa&#8217; otros productos culturales y de turismo activo.<\/p>\n<p>MERCADO A\u00daN INCIPIENTE, PERO PRIORITARIO<\/p>\n<p>Polonia, aunque es a\u00fan un mercado incipiente en Espa\u00f1a, representa una prioridad para Andaluc\u00eda entre los mercados emergentes cercanos. En 2014 la comunidad registr\u00f3 el 10,9 por ciento del total de pernoctaciones en hoteles espa\u00f1oles realizadas por turistas de este mercado, lo que sit\u00faa a Andaluc\u00eda como cuarto destino en el pa\u00eds, tras Canarias, Catalu\u00f1a y Baleares.<\/p>\n<p>Los establecimientos hoteleros de la comunidad recibieron 83.098 viajeros procedentes de Polonia en 2014, lo que supuso un incremento del 12,9 por ciento. Estos turistas realizaron 297.944 pernoctaciones, con un aumento del 13,3 por ciento con respecto al ejercicio anterior. Durante el primer trimestre del a\u00f1o 10.625 viajeros polacos se alojaron en hoteles andaluces, un 34,9 por ciento m\u00e1s que en el mismo periodo del a\u00f1o anterior y las pernoctaciones ascendieron a 33.910, con un crecimiento del 32,8 por ciento.<\/p>\n<p>El mayorista polaco Itaka, fundado en 1989, es el creador de producto m\u00e1s importante del pa\u00eds, l\u00edder en la venta de circuitos y vacaciones con vuelo ch\u00e1rter en diferentes destinos europeos. Cuenta con una treintena de agencias de viajes propias y m\u00e1s de un centenar de franquicias, adem\u00e1s de comercializar sus paquetes a trav\u00e9s de m\u00e1s de mil agentes.<\/p>\n","protected":false},"excerpt":{"rendered":"<p>Andaluc\u00eda acoge desde este pasado lunes la celebraci\u00f3n de la conferencia anual de ventas de Itaka, el principal operador tur\u00edstico del mercado polaco. El evento, que se celebra por primera vez en la pen\u00ednsula ib\u00e9rica, re\u00fane a 150 de los mejores agentes de viajes de la compa\u00f1\u00eda y tiene como objetivo impulsar la comercializaci\u00f3n del<\/p>\n","protected":false},"author":1,"featured_media":39325,"comment_status":"open","ping_status":"closed","sticky":false,"template":"","format":"standard","meta":{"footnotes":""},"categories":[222],"tags":[],"class_list":{"0":"post-39324","1":"post","2":"type-post","3":"status-publish","4":"format-standard","5":"has-post-thumbnail","7":"category-actualidad-turismo"},"aioseo_notices":[],"aioseo_head":"\n\t\t<!-- All in One SEO Pro 4.9.6.1 - aioseo.com -->\n\t<meta name=\"description\" content=\"Andaluc\u00eda acoge desde este pasado lunes la celebraci\u00f3n de la conferencia anual de ventas de Itaka, el principal operador tur\u00edstico del mercado polaco. El evento, que se celebra por primera vez en la pen\u00ednsula ib\u00e9rica, re\u00fane a 150 de los mejores agentes de viajes de la compa\u00f1\u00eda y tiene como objetivo impulsar la comercializaci\u00f3n del\" \/>\n\t<meta name=\"robots\" content=\"max-image-preview:large\" \/>\n\t<meta name=\"author\" content=\"admin\"\/>\n\t<meta name=\"google-site-verification\" content=\"UA-38556648-1\" \/>\n\t<meta name=\"keywords\" content=\"actualidad turismo\" \/>\n\t<link rel=\"canonical\" href=\"https:\/\/eldigitaldeasturias.com\/magazine365\/andalucia-acoge-la-primera-conferencia-de-ventas-del-principal-operador-polaco-en-la-peninsula\/\" \/>\n\t<meta name=\"generator\" content=\"All in One SEO Pro (AIOSEO) 4.9.6.1\" \/>\n\t\t<meta property=\"og:locale\" content=\"es_ES\" \/>\n\t\t<meta property=\"og:site_name\" content=\"El Digital de Asturias \u2013 Revista de ocio, turismo y estilo de vida\" \/>\n\t\t<meta property=\"og:type\" content=\"article\" \/>\n\t\t<meta property=\"og:title\" content=\"Andaluc\u00eda acoge la primera conferencia de ventas del principal operador polaco en la pen\u00ednsula | El Digital de Asturias\" \/>\n\t\t<meta property=\"og:description\" content=\"Andaluc\u00eda acoge desde este pasado lunes la celebraci\u00f3n de la conferencia anual de ventas de Itaka, el principal operador tur\u00edstico del mercado polaco. El evento, que se celebra por primera vez en la pen\u00ednsula ib\u00e9rica, re\u00fane a 150 de los mejores agentes de viajes de la compa\u00f1\u00eda y tiene como objetivo impulsar la comercializaci\u00f3n del\" \/>\n\t\t<meta property=\"og:url\" content=\"https:\/\/eldigitaldeasturias.com\/magazine365\/andalucia-acoge-la-primera-conferencia-de-ventas-del-principal-operador-polaco-en-la-peninsula\/\" \/>\n\t\t<meta property=\"og:image\" content=\"https:\/\/eldigitaldeasturias.com\/magazine365\/wp-content\/uploads\/2015\/06\/fotonoticia_20150609130843_800.jpg\" \/>\n\t\t<meta property=\"og:image:secure_url\" content=\"https:\/\/eldigitaldeasturias.com\/magazine365\/wp-content\/uploads\/2015\/06\/fotonoticia_20150609130843_800.jpg\" \/>\n\t\t<meta property=\"og:image:width\" content=\"800\" \/>\n\t\t<meta property=\"og:image:height\" content=\"533\" \/>\n\t\t<meta property=\"article:published_time\" content=\"2015-06-09T23:45:23+00:00\" \/>\n\t\t<meta property=\"article:modified_time\" content=\"2015-06-09T23:45:23+00:00\" \/>\n\t\t<meta name=\"twitter:card\" content=\"summary_large_image\" \/>\n\t\t<meta name=\"twitter:title\" content=\"Andaluc\u00eda acoge la primera conferencia de ventas del principal operador polaco en la pen\u00ednsula | El Digital de Asturias\" \/>\n\t\t<meta name=\"twitter:description\" content=\"Andaluc\u00eda acoge desde este pasado lunes la celebraci\u00f3n de la conferencia anual de ventas de Itaka, el principal operador tur\u00edstico del mercado polaco. El evento, que se celebra por primera vez en la pen\u00ednsula ib\u00e9rica, re\u00fane a 150 de los mejores agentes de viajes de la compa\u00f1\u00eda y tiene como objetivo impulsar la comercializaci\u00f3n del\" \/>\n\t\t<meta name=\"twitter:image\" content=\"https:\/\/eldigitaldeasturias.com\/magazine365\/wp-content\/uploads\/2015\/06\/fotonoticia_20150609130843_800.jpg\" \/>\n\t\t<script type=\"application\/ld+json\" class=\"aioseo-schema\">\n\t\t\t{\"@context\":\"https:\\\/\\\/schema.org\",\"@graph\":[{\"@type\":\"Article\",\"@id\":\"https:\\\/\\\/eldigitaldeasturias.com\\\/magazine365\\\/andalucia-acoge-la-primera-conferencia-de-ventas-del-principal-operador-polaco-en-la-peninsula\\\/#article\",\"name\":\"Andaluc\\u00eda acoge la primera conferencia de ventas del principal operador polaco en la pen\\u00ednsula | El Digital de Asturias\",\"headline\":\"Andaluc\\u00eda acoge la primera conferencia de ventas del principal operador polaco en la pen\\u00ednsula\",\"author\":{\"@id\":\"https:\\\/\\\/eldigitaldeasturias.com\\\/magazine365\\\/author\\\/admin\\\/#author\"},\"publisher\":{\"@id\":\"https:\\\/\\\/eldigitaldeasturias.com\\\/magazine365\\\/#organization\"},\"image\":{\"@type\":\"ImageObject\",\"url\":\"https:\\\/\\\/eldigitaldeasturias.com\\\/magazine365\\\/wp-content\\\/uploads\\\/2015\\\/06\\\/fotonoticia_20150609130843_800.jpg\",\"width\":800,\"height\":533},\"datePublished\":\"2015-06-10T01:15:23+02:00\",\"dateModified\":\"2015-06-10T01:15:23+02:00\",\"inLanguage\":\"es-ES\",\"mainEntityOfPage\":{\"@id\":\"https:\\\/\\\/eldigitaldeasturias.com\\\/magazine365\\\/andalucia-acoge-la-primera-conferencia-de-ventas-del-principal-operador-polaco-en-la-peninsula\\\/#webpage\"},\"isPartOf\":{\"@id\":\"https:\\\/\\\/eldigitaldeasturias.com\\\/magazine365\\\/andalucia-acoge-la-primera-conferencia-de-ventas-del-principal-operador-polaco-en-la-peninsula\\\/#webpage\"},\"articleSection\":\"Actualidad Turismo\"},{\"@type\":\"BreadcrumbList\",\"@id\":\"https:\\\/\\\/eldigitaldeasturias.com\\\/magazine365\\\/andalucia-acoge-la-primera-conferencia-de-ventas-del-principal-operador-polaco-en-la-peninsula\\\/#breadcrumblist\",\"itemListElement\":[{\"@type\":\"ListItem\",\"@id\":\"https:\\\/\\\/eldigitaldeasturias.com\\\/magazine365#listItem\",\"position\":1,\"name\":\"Home\",\"item\":\"https:\\\/\\\/eldigitaldeasturias.com\\\/magazine365\",\"nextItem\":{\"@type\":\"ListItem\",\"@id\":\"https:\\\/\\\/eldigitaldeasturias.com\\\/magazine365\\\/category\\\/actualidad-turismo\\\/#listItem\",\"name\":\"Actualidad Turismo\"}},{\"@type\":\"ListItem\",\"@id\":\"https:\\\/\\\/eldigitaldeasturias.com\\\/magazine365\\\/category\\\/actualidad-turismo\\\/#listItem\",\"position\":2,\"name\":\"Actualidad Turismo\",\"item\":\"https:\\\/\\\/eldigitaldeasturias.com\\\/magazine365\\\/category\\\/actualidad-turismo\\\/\",\"nextItem\":{\"@type\":\"ListItem\",\"@id\":\"https:\\\/\\\/eldigitaldeasturias.com\\\/magazine365\\\/andalucia-acoge-la-primera-conferencia-de-ventas-del-principal-operador-polaco-en-la-peninsula\\\/#listItem\",\"name\":\"Andaluc\\u00eda acoge la primera conferencia de ventas del principal operador polaco en la pen\\u00ednsula\"},\"previousItem\":{\"@type\":\"ListItem\",\"@id\":\"https:\\\/\\\/eldigitaldeasturias.com\\\/magazine365#listItem\",\"name\":\"Home\"}},{\"@type\":\"ListItem\",\"@id\":\"https:\\\/\\\/eldigitaldeasturias.com\\\/magazine365\\\/andalucia-acoge-la-primera-conferencia-de-ventas-del-principal-operador-polaco-en-la-peninsula\\\/#listItem\",\"position\":3,\"name\":\"Andaluc\\u00eda acoge la primera conferencia de ventas del principal operador polaco en la pen\\u00ednsula\",\"previousItem\":{\"@type\":\"ListItem\",\"@id\":\"https:\\\/\\\/eldigitaldeasturias.com\\\/magazine365\\\/category\\\/actualidad-turismo\\\/#listItem\",\"name\":\"Actualidad Turismo\"}}]},{\"@type\":\"Organization\",\"@id\":\"https:\\\/\\\/eldigitaldeasturias.com\\\/magazine365\\\/#organization\",\"name\":\"El digital de Asturias\",\"description\":\"Revista de ocio, turismo y estilo de vida\",\"url\":\"https:\\\/\\\/eldigitaldeasturias.com\\\/magazine365\\\/\",\"logo\":{\"@type\":\"ImageObject\",\"url\":\"https:\\\/\\\/www.eldigitaldeasturias.com\\\/noticias\\\/wp-content\\\/uploads\\\/2020\\\/12\\\/EDA.jpg\",\"@id\":\"https:\\\/\\\/eldigitaldeasturias.com\\\/magazine365\\\/andalucia-acoge-la-primera-conferencia-de-ventas-del-principal-operador-polaco-en-la-peninsula\\\/#organizationLogo\"},\"image\":{\"@id\":\"https:\\\/\\\/eldigitaldeasturias.com\\\/magazine365\\\/andalucia-acoge-la-primera-conferencia-de-ventas-del-principal-operador-polaco-en-la-peninsula\\\/#organizationLogo\"}},{\"@type\":\"Person\",\"@id\":\"https:\\\/\\\/eldigitaldeasturias.com\\\/magazine365\\\/author\\\/admin\\\/#author\",\"url\":\"https:\\\/\\\/eldigitaldeasturias.com\\\/magazine365\\\/author\\\/admin\\\/\",\"name\":\"admin\",\"image\":{\"@type\":\"ImageObject\",\"@id\":\"https:\\\/\\\/eldigitaldeasturias.com\\\/magazine365\\\/andalucia-acoge-la-primera-conferencia-de-ventas-del-principal-operador-polaco-en-la-peninsula\\\/#authorImage\",\"url\":\"https:\\\/\\\/eldigitaldeasturias.com\\\/magazine365\\\/wp-content\\\/litespeed\\\/avatar\\\/e571bcf59a0edd6fa6838245a470f2fe.jpg?ver=1776969259\",\"width\":96,\"height\":96,\"caption\":\"admin\"}},{\"@type\":\"WebPage\",\"@id\":\"https:\\\/\\\/eldigitaldeasturias.com\\\/magazine365\\\/andalucia-acoge-la-primera-conferencia-de-ventas-del-principal-operador-polaco-en-la-peninsula\\\/#webpage\",\"url\":\"https:\\\/\\\/eldigitaldeasturias.com\\\/magazine365\\\/andalucia-acoge-la-primera-conferencia-de-ventas-del-principal-operador-polaco-en-la-peninsula\\\/\",\"name\":\"Andaluc\\u00eda acoge la primera conferencia de ventas del principal operador polaco en la pen\\u00ednsula | El Digital de Asturias\",\"description\":\"Andaluc\\u00eda acoge desde este pasado lunes la celebraci\\u00f3n de la conferencia anual de ventas de Itaka, el principal operador tur\\u00edstico del mercado polaco. El evento, que se celebra por primera vez en la pen\\u00ednsula ib\\u00e9rica, re\\u00fane a 150 de los mejores agentes de viajes de la compa\\u00f1\\u00eda y tiene como objetivo impulsar la comercializaci\\u00f3n del\",\"inLanguage\":\"es-ES\",\"isPartOf\":{\"@id\":\"https:\\\/\\\/eldigitaldeasturias.com\\\/magazine365\\\/#website\"},\"breadcrumb\":{\"@id\":\"https:\\\/\\\/eldigitaldeasturias.com\\\/magazine365\\\/andalucia-acoge-la-primera-conferencia-de-ventas-del-principal-operador-polaco-en-la-peninsula\\\/#breadcrumblist\"},\"author\":{\"@id\":\"https:\\\/\\\/eldigitaldeasturias.com\\\/magazine365\\\/author\\\/admin\\\/#author\"},\"creator\":{\"@id\":\"https:\\\/\\\/eldigitaldeasturias.com\\\/magazine365\\\/author\\\/admin\\\/#author\"},\"image\":{\"@type\":\"ImageObject\",\"url\":\"https:\\\/\\\/eldigitaldeasturias.com\\\/magazine365\\\/wp-content\\\/uploads\\\/2015\\\/06\\\/fotonoticia_20150609130843_800.jpg\",\"@id\":\"https:\\\/\\\/eldigitaldeasturias.com\\\/magazine365\\\/andalucia-acoge-la-primera-conferencia-de-ventas-del-principal-operador-polaco-en-la-peninsula\\\/#mainImage\",\"width\":800,\"height\":533},\"primaryImageOfPage\":{\"@id\":\"https:\\\/\\\/eldigitaldeasturias.com\\\/magazine365\\\/andalucia-acoge-la-primera-conferencia-de-ventas-del-principal-operador-polaco-en-la-peninsula\\\/#mainImage\"},\"datePublished\":\"2015-06-10T01:15:23+02:00\",\"dateModified\":\"2015-06-10T01:15:23+02:00\"},{\"@type\":\"WebSite\",\"@id\":\"https:\\\/\\\/eldigitaldeasturias.com\\\/magazine365\\\/#website\",\"url\":\"https:\\\/\\\/eldigitaldeasturias.com\\\/magazine365\\\/\",\"name\":\"El Digital de Asturias\",\"description\":\"Revista de ocio, turismo y estilo de vida\",\"inLanguage\":\"es-ES\",\"publisher\":{\"@id\":\"https:\\\/\\\/eldigitaldeasturias.com\\\/magazine365\\\/#organization\"}}]}\n\t\t<\/script>\n\t\t<!-- All in One SEO Pro -->\r\n\t\t<title>Andaluc\u00eda acoge la primera conferencia de ventas del principal operador polaco en la pen\u00ednsula | El Digital de Asturias<\/title>\n\n","aioseo_head_json":{"title":"Andaluc\u00eda acoge la primera conferencia de ventas del principal operador polaco en la pen\u00ednsula | El Digital de Asturias","description":"Andaluc\u00eda acoge desde este pasado lunes la celebraci\u00f3n de la conferencia anual de ventas de Itaka, el principal operador tur\u00edstico del mercado polaco. El evento, que se celebra por primera vez en la pen\u00ednsula ib\u00e9rica, re\u00fane a 150 de los mejores agentes de viajes de la compa\u00f1\u00eda y tiene como objetivo impulsar la comercializaci\u00f3n del","canonical_url":"https:\/\/eldigitaldeasturias.com\/magazine365\/andalucia-acoge-la-primera-conferencia-de-ventas-del-principal-operador-polaco-en-la-peninsula\/","robots":"max-image-preview:large","keywords":"actualidad turismo","webmasterTools":{"google-site-verification":"UA-38556648-1","miscellaneous":""},"schema":{"@context":"https:\/\/schema.org","@graph":[{"@type":"Article","@id":"https:\/\/eldigitaldeasturias.com\/magazine365\/andalucia-acoge-la-primera-conferencia-de-ventas-del-principal-operador-polaco-en-la-peninsula\/#article","name":"Andaluc\u00eda acoge la primera conferencia de ventas del principal operador polaco en la pen\u00ednsula | El Digital de Asturias","headline":"Andaluc\u00eda acoge la primera conferencia de ventas del principal operador polaco en la pen\u00ednsula","author":{"@id":"https:\/\/eldigitaldeasturias.com\/magazine365\/author\/admin\/#author"},"publisher":{"@id":"https:\/\/eldigitaldeasturias.com\/magazine365\/#organization"},"image":{"@type":"ImageObject","url":"https:\/\/eldigitaldeasturias.com\/magazine365\/wp-content\/uploads\/2015\/06\/fotonoticia_20150609130843_800.jpg","width":800,"height":533},"datePublished":"2015-06-10T01:15:23+02:00","dateModified":"2015-06-10T01:15:23+02:00","inLanguage":"es-ES","mainEntityOfPage":{"@id":"https:\/\/eldigitaldeasturias.com\/magazine365\/andalucia-acoge-la-primera-conferencia-de-ventas-del-principal-operador-polaco-en-la-peninsula\/#webpage"},"isPartOf":{"@id":"https:\/\/eldigitaldeasturias.com\/magazine365\/andalucia-acoge-la-primera-conferencia-de-ventas-del-principal-operador-polaco-en-la-peninsula\/#webpage"},"articleSection":"Actualidad Turismo"},{"@type":"BreadcrumbList","@id":"https:\/\/eldigitaldeasturias.com\/magazine365\/andalucia-acoge-la-primera-conferencia-de-ventas-del-principal-operador-polaco-en-la-peninsula\/#breadcrumblist","itemListElement":[{"@type":"ListItem","@id":"https:\/\/eldigitaldeasturias.com\/magazine365#listItem","position":1,"name":"Home","item":"https:\/\/eldigitaldeasturias.com\/magazine365","nextItem":{"@type":"ListItem","@id":"https:\/\/eldigitaldeasturias.com\/magazine365\/category\/actualidad-turismo\/#listItem","name":"Actualidad Turismo"}},{"@type":"ListItem","@id":"https:\/\/eldigitaldeasturias.com\/magazine365\/category\/actualidad-turismo\/#listItem","position":2,"name":"Actualidad Turismo","item":"https:\/\/eldigitaldeasturias.com\/magazine365\/category\/actualidad-turismo\/","nextItem":{"@type":"ListItem","@id":"https:\/\/eldigitaldeasturias.com\/magazine365\/andalucia-acoge-la-primera-conferencia-de-ventas-del-principal-operador-polaco-en-la-peninsula\/#listItem","name":"Andaluc\u00eda acoge la primera conferencia de ventas del principal operador polaco en la pen\u00ednsula"},"previousItem":{"@type":"ListItem","@id":"https:\/\/eldigitaldeasturias.com\/magazine365#listItem","name":"Home"}},{"@type":"ListItem","@id":"https:\/\/eldigitaldeasturias.com\/magazine365\/andalucia-acoge-la-primera-conferencia-de-ventas-del-principal-operador-polaco-en-la-peninsula\/#listItem","position":3,"name":"Andaluc\u00eda acoge la primera conferencia de ventas del principal operador polaco en la pen\u00ednsula","previousItem":{"@type":"ListItem","@id":"https:\/\/eldigitaldeasturias.com\/magazine365\/category\/actualidad-turismo\/#listItem","name":"Actualidad Turismo"}}]},{"@type":"Organization","@id":"https:\/\/eldigitaldeasturias.com\/magazine365\/#organization","name":"El digital de Asturias","description":"Revista de ocio, turismo y estilo de vida","url":"https:\/\/eldigitaldeasturias.com\/magazine365\/","logo":{"@type":"ImageObject","url":"https:\/\/www.eldigitaldeasturias.com\/noticias\/wp-content\/uploads\/2020\/12\/EDA.jpg","@id":"https:\/\/eldigitaldeasturias.com\/magazine365\/andalucia-acoge-la-primera-conferencia-de-ventas-del-principal-operador-polaco-en-la-peninsula\/#organizationLogo"},"image":{"@id":"https:\/\/eldigitaldeasturias.com\/magazine365\/andalucia-acoge-la-primera-conferencia-de-ventas-del-principal-operador-polaco-en-la-peninsula\/#organizationLogo"}},{"@type":"Person","@id":"https:\/\/eldigitaldeasturias.com\/magazine365\/author\/admin\/#author","url":"https:\/\/eldigitaldeasturias.com\/magazine365\/author\/admin\/","name":"admin","image":{"@type":"ImageObject","@id":"https:\/\/eldigitaldeasturias.com\/magazine365\/andalucia-acoge-la-primera-conferencia-de-ventas-del-principal-operador-polaco-en-la-peninsula\/#authorImage","url":"https:\/\/eldigitaldeasturias.com\/magazine365\/wp-content\/litespeed\/avatar\/e571bcf59a0edd6fa6838245a470f2fe.jpg?ver=1776969259","width":96,"height":96,"caption":"admin"}},{"@type":"WebPage","@id":"https:\/\/eldigitaldeasturias.com\/magazine365\/andalucia-acoge-la-primera-conferencia-de-ventas-del-principal-operador-polaco-en-la-peninsula\/#webpage","url":"https:\/\/eldigitaldeasturias.com\/magazine365\/andalucia-acoge-la-primera-conferencia-de-ventas-del-principal-operador-polaco-en-la-peninsula\/","name":"Andaluc\u00eda acoge la primera conferencia de ventas del principal operador polaco en la pen\u00ednsula | El Digital de Asturias","description":"Andaluc\u00eda acoge desde este pasado lunes la celebraci\u00f3n de la conferencia anual de ventas de Itaka, el principal operador tur\u00edstico del mercado polaco. El evento, que se celebra por primera vez en la pen\u00ednsula ib\u00e9rica, re\u00fane a 150 de los mejores agentes de viajes de la compa\u00f1\u00eda y tiene como objetivo impulsar la comercializaci\u00f3n del","inLanguage":"es-ES","isPartOf":{"@id":"https:\/\/eldigitaldeasturias.com\/magazine365\/#website"},"breadcrumb":{"@id":"https:\/\/eldigitaldeasturias.com\/magazine365\/andalucia-acoge-la-primera-conferencia-de-ventas-del-principal-operador-polaco-en-la-peninsula\/#breadcrumblist"},"author":{"@id":"https:\/\/eldigitaldeasturias.com\/magazine365\/author\/admin\/#author"},"creator":{"@id":"https:\/\/eldigitaldeasturias.com\/magazine365\/author\/admin\/#author"},"image":{"@type":"ImageObject","url":"https:\/\/eldigitaldeasturias.com\/magazine365\/wp-content\/uploads\/2015\/06\/fotonoticia_20150609130843_800.jpg","@id":"https:\/\/eldigitaldeasturias.com\/magazine365\/andalucia-acoge-la-primera-conferencia-de-ventas-del-principal-operador-polaco-en-la-peninsula\/#mainImage","width":800,"height":533},"primaryImageOfPage":{"@id":"https:\/\/eldigitaldeasturias.com\/magazine365\/andalucia-acoge-la-primera-conferencia-de-ventas-del-principal-operador-polaco-en-la-peninsula\/#mainImage"},"datePublished":"2015-06-10T01:15:23+02:00","dateModified":"2015-06-10T01:15:23+02:00"},{"@type":"WebSite","@id":"https:\/\/eldigitaldeasturias.com\/magazine365\/#website","url":"https:\/\/eldigitaldeasturias.com\/magazine365\/","name":"El Digital de Asturias","description":"Revista de ocio, turismo y estilo de vida","inLanguage":"es-ES","publisher":{"@id":"https:\/\/eldigitaldeasturias.com\/magazine365\/#organization"}}]},"og:locale":"es_ES","og:site_name":"El Digital de Asturias \u2013 Revista de ocio, turismo y estilo de vida","og:type":"article","og:title":"Andaluc\u00eda acoge la primera conferencia de ventas del principal operador polaco en la pen\u00ednsula | El Digital de Asturias","og:description":"Andaluc\u00eda acoge desde este pasado lunes la celebraci\u00f3n de la conferencia anual de ventas de Itaka, el principal operador tur\u00edstico del mercado polaco. El evento, que se celebra por primera vez en la pen\u00ednsula ib\u00e9rica, re\u00fane a 150 de los mejores agentes de viajes de la compa\u00f1\u00eda y tiene como objetivo impulsar la comercializaci\u00f3n del","og:url":"https:\/\/eldigitaldeasturias.com\/magazine365\/andalucia-acoge-la-primera-conferencia-de-ventas-del-principal-operador-polaco-en-la-peninsula\/","og:image":"https:\/\/eldigitaldeasturias.com\/magazine365\/wp-content\/uploads\/2015\/06\/fotonoticia_20150609130843_800.jpg","og:image:secure_url":"https:\/\/eldigitaldeasturias.com\/magazine365\/wp-content\/uploads\/2015\/06\/fotonoticia_20150609130843_800.jpg","og:image:width":800,"og:image:height":533,"article:published_time":"2015-06-09T23:45:23+00:00","article:modified_time":"2015-06-09T23:45:23+00:00","twitter:card":"summary_large_image","twitter:title":"Andaluc\u00eda acoge la primera conferencia de ventas del principal operador polaco en la pen\u00ednsula | El Digital de Asturias","twitter:description":"Andaluc\u00eda acoge desde este pasado lunes la celebraci\u00f3n de la conferencia anual de ventas de Itaka, el principal operador tur\u00edstico del mercado polaco. El evento, que se celebra por primera vez en la pen\u00ednsula ib\u00e9rica, re\u00fane a 150 de los mejores agentes de viajes de la compa\u00f1\u00eda y tiene como objetivo impulsar la comercializaci\u00f3n del","twitter:image":"https:\/\/eldigitaldeasturias.com\/magazine365\/wp-content\/uploads\/2015\/06\/fotonoticia_20150609130843_800.jpg"},"aioseo_meta_data":{"post_id":"39324","title":null,"description":null,"keywords":null,"keyphrases":null,"primary_term":null,"canonical_url":null,"og_title":null,"og_description":null,"og_object_type":"default","og_image_type":"default","og_image_url":null,"og_image_width":null,"og_image_height":null,"og_image_custom_url":null,"og_image_custom_fields":null,"og_video":null,"og_custom_url":null,"og_article_section":null,"og_article_tags":null,"twitter_use_og":false,"twitter_card":"default","twitter_image_type":"default","twitter_image_url":null,"twitter_image_custom_url":null,"twitter_image_custom_fields":null,"twitter_title":null,"twitter_description":null,"schema":{"blockGraphs":[],"customGraphs":[],"default":{"data":{"Article":[],"Course":[],"Dataset":[],"FAQPage":[],"Movie":[],"Person":[],"Product":[],"ProductReview":[],"Car":[],"Recipe":[],"Service":[],"SoftwareApplication":[],"WebPage":[]},"graphName":"","isEnabled":true},"graphs":[],"defaultGraph":"","defaultPostTypeGraph":""},"schema_type":null,"schema_type_options":null,"pillar_content":false,"robots_default":true,"robots_noindex":false,"robots_noarchive":false,"robots_nosnippet":false,"robots_nofollow":false,"robots_noimageindex":false,"robots_noodp":false,"robots_notranslate":false,"robots_max_snippet":null,"robots_max_videopreview":null,"robots_max_imagepreview":"large","priority":null,"frequency":null,"location":null,"local_seo":null,"seo_analyzer_scan_date":"2025-09-19 11:20:58","breadcrumb_settings":null,"limit_modified_date":false,"open_ai":null,"ai":null,"created":"2021-03-09 02:42:46","updated":"2025-09-19 11:20:58"},"aioseo_breadcrumb":"<div class=\"aioseo-breadcrumbs\"><span class=\"aioseo-breadcrumb\">\n\t<a href=\"https:\/\/eldigitaldeasturias.com\/magazine365\" title=\"Home\">Home<\/a>\n<\/span><span class=\"aioseo-breadcrumb-separator\">\u2013<\/span><span class=\"aioseo-breadcrumb\">\n\t<a href=\"https:\/\/eldigitaldeasturias.com\/magazine365\/category\/actualidad-turismo\/\" title=\"Actualidad Turismo\">Actualidad Turismo<\/a>\n<\/span><span class=\"aioseo-breadcrumb-separator\">\u2013<\/span><span class=\"aioseo-breadcrumb\">\n\t<a href=\"https:\/\/eldigitaldeasturias.com\/magazine365\/andalucia-acoge-la-primera-conferencia-de-ventas-del-principal-operador-polaco-en-la-peninsula\/\" title=\"Andaluc\u00eda acoge la primera conferencia de ventas del principal operador polaco en la pen\u00ednsula\">Andaluc\u00eda acoge la primera conferencia de ventas del principal operador polaco en la pen\u00ednsula<\/a>\n<\/span><\/div>","aioseo_breadcrumb_json":[{"label":"Home","link":"https:\/\/eldigitaldeasturias.com\/magazine365"},{"label":"Actualidad Turismo","link":"https:\/\/eldigitaldeasturias.com\/magazine365\/category\/actualidad-turismo\/"},{"label":"Andaluc\u00eda acoge la primera conferencia de ventas del principal operador polaco en la pen\u00ednsula","link":"https:\/\/eldigitaldeasturias.com\/magazine365\/andalucia-acoge-la-primera-conferencia-de-ventas-del-principal-operador-polaco-en-la-peninsula\/"}],"_links":{"self":[{"href":"https:\/\/eldigitaldeasturias.com\/magazine365\/wp-json\/wp\/v2\/posts\/39324","targetHints":{"allow":["GET"]}}],"collection":[{"href":"https:\/\/eldigitaldeasturias.com\/magazine365\/wp-json\/wp\/v2\/posts"}],"about":[{"href":"https:\/\/eldigitaldeasturias.com\/magazine365\/wp-json\/wp\/v2\/types\/post"}],"author":[{"embeddable":true,"href":"https:\/\/eldigitaldeasturias.com\/magazine365\/wp-json\/wp\/v2\/users\/1"}],"replies":[{"embeddable":true,"href":"https:\/\/eldigitaldeasturias.com\/magazine365\/wp-json\/wp\/v2\/comments?post=39324"}],"version-history":[{"count":0,"href":"https:\/\/eldigitaldeasturias.com\/magazine365\/wp-json\/wp\/v2\/posts\/39324\/revisions"}],"wp:featuredmedia":[{"embeddable":true,"href":"https:\/\/eldigitaldeasturias.com\/magazine365\/wp-json\/wp\/v2\/media\/39325"}],"wp:attachment":[{"href":"https:\/\/eldigitaldeasturias.com\/magazine365\/wp-json\/wp\/v2\/media?parent=39324"}],"wp:term":[{"taxonomy":"category","embeddable":true,"href":"https:\/\/eldigitaldeasturias.com\/magazine365\/wp-json\/wp\/v2\/categories?post=39324"},{"taxonomy":"post_tag","embeddable":true,"href":"https:\/\/eldigitaldeasturias.com\/magazine365\/wp-json\/wp\/v2\/tags?post=39324"}],"curies":[{"name":"wp","href":"https:\/\/api.w.org\/{rel}","templated":true}]}}