{"id":39317,"date":"2015-06-10T00:28:18","date_gmt":"2015-06-09T22:58:18","guid":{"rendered":"http:\/\/eldigitaldeasturias.com\/magazine365\/?p=39317"},"modified":"2015-06-10T00:28:18","modified_gmt":"2015-06-09T22:58:18","slug":"la-i-feria-de-la-tapa-de-merida-promociona-la-gastronomia-regional","status":"publish","type":"post","link":"https:\/\/eldigitaldeasturias.com\/magazine365\/la-i-feria-de-la-tapa-de-merida-promociona-la-gastronomia-regional\/","title":{"rendered":"La I Feria de la Tapa de M\u00e9rida promociona la gastronom\u00eda regional"},"content":{"rendered":"<p><img fetchpriority=\"high\" decoding=\"async\" class=\"alignleft size-medium wp-image-39318\" src=\"https:\/\/eldigitaldeasturias.com\/magazine365\/wp-content\/uploads\/2015\/06\/fotonoticia_20150609125441_800-360x270.jpg\" alt=\"fotonoticia_20150609125441_800\" width=\"360\" height=\"270\" srcset=\"https:\/\/eldigitaldeasturias.com\/magazine365\/wp-content\/uploads\/2015\/06\/fotonoticia_20150609125441_800-360x270.jpg 360w, https:\/\/eldigitaldeasturias.com\/magazine365\/wp-content\/uploads\/2015\/06\/fotonoticia_20150609125441_800-650x488.jpg 650w, https:\/\/eldigitaldeasturias.com\/magazine365\/wp-content\/uploads\/2015\/06\/fotonoticia_20150609125441_800-768x576.jpg 768w, https:\/\/eldigitaldeasturias.com\/magazine365\/wp-content\/uploads\/2015\/06\/fotonoticia_20150609125441_800-150x113.jpg 150w, https:\/\/eldigitaldeasturias.com\/magazine365\/wp-content\/uploads\/2015\/06\/fotonoticia_20150609125441_800-450x338.jpg 450w, https:\/\/eldigitaldeasturias.com\/magazine365\/wp-content\/uploads\/2015\/06\/fotonoticia_20150609125441_800-80x60.jpg 80w, https:\/\/eldigitaldeasturias.com\/magazine365\/wp-content\/uploads\/2015\/06\/fotonoticia_20150609125441_800-265x198.jpg 265w, https:\/\/eldigitaldeasturias.com\/magazine365\/wp-content\/uploads\/2015\/06\/fotonoticia_20150609125441_800-696x522.jpg 696w, https:\/\/eldigitaldeasturias.com\/magazine365\/wp-content\/uploads\/2015\/06\/fotonoticia_20150609125441_800-560x420.jpg 560w, https:\/\/eldigitaldeasturias.com\/magazine365\/wp-content\/uploads\/2015\/06\/fotonoticia_20150609125441_800-90x67.jpg 90w, https:\/\/eldigitaldeasturias.com\/magazine365\/wp-content\/uploads\/2015\/06\/fotonoticia_20150609125441_800-100x75.jpg 100w, https:\/\/eldigitaldeasturias.com\/magazine365\/wp-content\/uploads\/2015\/06\/fotonoticia_20150609125441_800.jpg 800w\" sizes=\"(max-width: 360px) 100vw, 360px\" \/>La primera Feria de la Tapa de M\u00e9rida se celebra este pr\u00f3ximo fin de semana en el parque de la Isla, junto al Recinto Ferial, con la participaci\u00f3n y promoci\u00f3n de 13 establecimientos hosteleros de la ciudad que dar\u00e1n a conocer la gastronom\u00eda regional.<\/p>\n<p>El comisario de la Capitalidad Iberoamericana de la Gastronom\u00eda, \u00d3scar Baselga, ha indicado que este evento tiene que ser una plataforma \u00abde venta y promoci\u00f3n\u00bb para la hosteler\u00eda emeritense, y tiene que \u00abfusionar el destino tur\u00edstico a trav\u00e9s de sus riquezas gastron\u00f3micas y la variedad cultural\u00bb.<\/p>\n<p>As\u00ed, cada establecimiento propone tres tapas, dos al \u00abprecio popular\u00bb de 1,50 euros, y una tapa gourmet al precio de 3 euros; y adem\u00e1s las bebidas costar\u00e1n 1,50 euros y los combinados a 4 euros.<\/p>\n<p>La primera edici\u00f3n de la Feria de la Tapa emeritense se inaugura este pr\u00f3ximo jueves, d\u00eda 11, a las 13,00 horas, y se clausura el pr\u00f3ximo domingo, d\u00eda 14, y el horario de apertura es desde las 12,00 horas hasta las 00,00 horas.<\/p>\n<p>Esta primera edici\u00f3n de la Feria de la Tapa de M\u00e9rida ha sido presentada por el comisario de la Capitalidad Iberoamericana de la Gastronom\u00eda, \u00d3scar Baselga, y ha estado acompa\u00f1ado por uno de los hosteleros participantes en el evento, Rub\u00e9n P\u00e9rez.<\/p>\n<p>La Feria de la Tapa 2015 est\u00e1 promocionada con el lema &#8216;M\u00e9rida para com\u00e9rsela&#8217;, y los objetivos espec\u00edficos para el sector son \u00abfomentar la participaci\u00f3n y crear un punto de encuentro de bares y restaurantes\u00bb, adem\u00e1s de \u00abacercar la variedad gastron\u00f3mica de la localidad a otros profesionales\u00bb.<\/p>\n<p>As\u00ed, esta feria se enmarca dentro de las actividades de la Capitalidad Iberoamericana de la Cultura Gastron\u00f3mica de M\u00e9rida en 2016, que es un evento de repercusi\u00f3n \u00abnacional e internacional\u00bb, que va a permitir traer a M\u00e9rida \u00abun gran cantidad de turistas para que conozcan los productos t\u00edpicos de la regi\u00f3n\u00bb.<\/p>\n<p>CAPITAL GASTRON\u00d3MICA<\/p>\n<p>Adem\u00e1s, \u00d3scar Baselga ha explicado que la Feria de la Tapa puede servir como impulso al sector de la hosteler\u00eda y \u00abpropiciar el acercamiento del sector con la ciudad\u00bb de cara a 2016, ya que el proyecto de Capitalidad Iberoamericana de la Cultura Gastron\u00f3mica debe ser \u00abvivo, en el que participe mucho la ciudad\u00bb.<\/p>\n<p>Las carpas que se van a utilizar en este evento son \u00abmuy atractivas\u00bb y que van a dar un \u00abbuen servicio\u00bb a los hosteleros ya que \u00abencajan muy bien en el entorno\u00bb del parque de La Isla, que es donde se celebra la feria.<\/p>\n<p>\u00d3scar Baselga, ha se\u00f1alado que este 2015 \u00absirve de entrenamiento\u00bb para que el pr\u00f3ximo a\u00f1o toda Iberoamerica conozca lo que va a ser M\u00e9rida como Capital de la Cultura Gastron\u00f3mica, y que la pr\u00f3xima edici\u00f3n de la Feria de la Tapa sea \u00abun referente regional y nacional\u00bb.<\/p>\n<p>Asimismo, \u00d3scar Baselga ha deseado que los emeritenses \u00abdisfruten con las distintas tapas\u00bb, que son \u00abmuy atractivas\u00bb, y adem\u00e1s va a \u00abhaber zonas de sombra\u00bb para las personas que acudan a la Feria.<\/p>\n<p>BARES Y RESTAURANTES PARTICIPANTES<\/p>\n<p>Los bares y restaurantes emeritenses que van a participar en esta edici\u00f3n de la Feria de la Tapa de M\u00e9rida son La Taberna de Apicio, Mes\u00f3n Parrilla La Loba, Asador de Baco, Taper\u00eda del Guadiana, Cervecer\u00eda Fussen, Gonzalo Valverde, Trece Uvas, Catering V\u00eda de la Plata.<\/p>\n<p>Adem\u00e1s, tambi\u00e9n participan El Callej\u00f3n, Andaluc\u00eda Low Cost, No Solo Sidra, Sanguino y Belloso, y cada uno participar\u00e1 con tres tapas, de la que una es gourmet a un precio m\u00e1s elevado.<\/p>\n<p>As\u00ed, el encargado de los establecimientos participantes El Callej\u00f3n y Andaluc\u00eda Low Cost, Rub\u00e9n P\u00e9rez, ha se\u00f1alado que los hosteleros quieren \u00abpromocionar los negocios de cara al turismo en M\u00e9rida\u00bb durante el resto del a\u00f1o.<\/p>\n<p>Asimismo, Rub\u00e9n P\u00e9rez ha explicado que la Capitalidad Iberoamericana de la Cultura Gastron\u00f3mica le va a dar a M\u00e9rida \u00abun empuje muy importante\u00bb ya que se va a conocer m\u00e1s la ciudad.<\/p>\n<p>Por \u00faltimo, El encargado de El Callej\u00f3n y Andaluc\u00eda Low Cost ha indicado que el evento, adem\u00e1s de servir para el impulso econ\u00f3mico de la propia feria, y que tambi\u00e9n sirve de promoci\u00f3n para sus negocios.<\/p>\n","protected":false},"excerpt":{"rendered":"<p>La primera Feria de la Tapa de M\u00e9rida se celebra este pr\u00f3ximo fin de semana en el parque de la Isla, junto al Recinto Ferial, con la participaci\u00f3n y promoci\u00f3n de 13 establecimientos hosteleros de la ciudad que dar\u00e1n a conocer la gastronom\u00eda regional. El comisario de la Capitalidad Iberoamericana de la Gastronom\u00eda, \u00d3scar Baselga,<\/p>\n","protected":false},"author":1,"featured_media":39318,"comment_status":"open","ping_status":"closed","sticky":false,"template":"","format":"standard","meta":{"footnotes":""},"categories":[222],"tags":[],"class_list":{"0":"post-39317","1":"post","2":"type-post","3":"status-publish","4":"format-standard","5":"has-post-thumbnail","7":"category-actualidad-turismo"},"aioseo_notices":[],"aioseo_head":"\n\t\t<!-- All in One SEO Pro 4.9.6.1 - aioseo.com -->\n\t<meta name=\"description\" content=\"La primera Feria de la Tapa de M\u00e9rida se celebra este pr\u00f3ximo fin de semana en el parque de la Isla, junto al Recinto Ferial, con la participaci\u00f3n y promoci\u00f3n de 13 establecimientos hosteleros de la ciudad que dar\u00e1n a conocer la gastronom\u00eda regional. El comisario de la Capitalidad Iberoamericana de la Gastronom\u00eda, \u00d3scar Baselga,\" \/>\n\t<meta name=\"robots\" content=\"max-image-preview:large\" \/>\n\t<meta name=\"author\" content=\"admin\"\/>\n\t<meta name=\"google-site-verification\" content=\"UA-38556648-1\" \/>\n\t<meta name=\"keywords\" content=\"actualidad turismo\" \/>\n\t<link rel=\"canonical\" href=\"https:\/\/eldigitaldeasturias.com\/magazine365\/la-i-feria-de-la-tapa-de-merida-promociona-la-gastronomia-regional\/\" \/>\n\t<meta name=\"generator\" content=\"All in One SEO Pro (AIOSEO) 4.9.6.1\" \/>\n\t\t<meta property=\"og:locale\" content=\"es_ES\" \/>\n\t\t<meta property=\"og:site_name\" content=\"El Digital de Asturias \u2013 Revista de ocio, turismo y estilo de vida\" \/>\n\t\t<meta property=\"og:type\" content=\"article\" \/>\n\t\t<meta property=\"og:title\" content=\"La I Feria de la Tapa de M\u00e9rida promociona la gastronom\u00eda regional | El Digital de Asturias\" \/>\n\t\t<meta property=\"og:description\" content=\"La primera Feria de la Tapa de M\u00e9rida se celebra este pr\u00f3ximo fin de semana en el parque de la Isla, junto al Recinto Ferial, con la participaci\u00f3n y promoci\u00f3n de 13 establecimientos hosteleros de la ciudad que dar\u00e1n a conocer la gastronom\u00eda regional. El comisario de la Capitalidad Iberoamericana de la Gastronom\u00eda, \u00d3scar Baselga,\" \/>\n\t\t<meta property=\"og:url\" content=\"https:\/\/eldigitaldeasturias.com\/magazine365\/la-i-feria-de-la-tapa-de-merida-promociona-la-gastronomia-regional\/\" \/>\n\t\t<meta property=\"og:image\" content=\"https:\/\/eldigitaldeasturias.com\/magazine365\/wp-content\/uploads\/2015\/06\/fotonoticia_20150609125441_800.jpg\" \/>\n\t\t<meta property=\"og:image:secure_url\" content=\"https:\/\/eldigitaldeasturias.com\/magazine365\/wp-content\/uploads\/2015\/06\/fotonoticia_20150609125441_800.jpg\" \/>\n\t\t<meta property=\"og:image:width\" content=\"800\" \/>\n\t\t<meta property=\"og:image:height\" content=\"600\" \/>\n\t\t<meta property=\"article:published_time\" content=\"2015-06-09T22:58:18+00:00\" \/>\n\t\t<meta property=\"article:modified_time\" content=\"2015-06-09T22:58:18+00:00\" \/>\n\t\t<meta name=\"twitter:card\" content=\"summary_large_image\" \/>\n\t\t<meta name=\"twitter:title\" content=\"La I Feria de la Tapa de M\u00e9rida promociona la gastronom\u00eda regional | El Digital de Asturias\" \/>\n\t\t<meta name=\"twitter:description\" content=\"La primera Feria de la Tapa de M\u00e9rida se celebra este pr\u00f3ximo fin de semana en el parque de la Isla, junto al Recinto Ferial, con la participaci\u00f3n y promoci\u00f3n de 13 establecimientos hosteleros de la ciudad que dar\u00e1n a conocer la gastronom\u00eda regional. El comisario de la Capitalidad Iberoamericana de la Gastronom\u00eda, \u00d3scar Baselga,\" \/>\n\t\t<meta name=\"twitter:image\" content=\"https:\/\/eldigitaldeasturias.com\/magazine365\/wp-content\/uploads\/2015\/06\/fotonoticia_20150609125441_800.jpg\" \/>\n\t\t<script type=\"application\/ld+json\" class=\"aioseo-schema\">\n\t\t\t{\"@context\":\"https:\\\/\\\/schema.org\",\"@graph\":[{\"@type\":\"Article\",\"@id\":\"https:\\\/\\\/eldigitaldeasturias.com\\\/magazine365\\\/la-i-feria-de-la-tapa-de-merida-promociona-la-gastronomia-regional\\\/#article\",\"name\":\"La I Feria de la Tapa de M\\u00e9rida promociona la gastronom\\u00eda regional | El Digital de Asturias\",\"headline\":\"La I Feria de la Tapa de M\\u00e9rida promociona la gastronom\\u00eda regional\",\"author\":{\"@id\":\"https:\\\/\\\/eldigitaldeasturias.com\\\/magazine365\\\/author\\\/admin\\\/#author\"},\"publisher\":{\"@id\":\"https:\\\/\\\/eldigitaldeasturias.com\\\/magazine365\\\/#organization\"},\"image\":{\"@type\":\"ImageObject\",\"url\":\"https:\\\/\\\/eldigitaldeasturias.com\\\/magazine365\\\/wp-content\\\/uploads\\\/2015\\\/06\\\/fotonoticia_20150609125441_800.jpg\",\"width\":800,\"height\":600},\"datePublished\":\"2015-06-10T00:28:18+02:00\",\"dateModified\":\"2015-06-10T00:28:18+02:00\",\"inLanguage\":\"es-ES\",\"mainEntityOfPage\":{\"@id\":\"https:\\\/\\\/eldigitaldeasturias.com\\\/magazine365\\\/la-i-feria-de-la-tapa-de-merida-promociona-la-gastronomia-regional\\\/#webpage\"},\"isPartOf\":{\"@id\":\"https:\\\/\\\/eldigitaldeasturias.com\\\/magazine365\\\/la-i-feria-de-la-tapa-de-merida-promociona-la-gastronomia-regional\\\/#webpage\"},\"articleSection\":\"Actualidad Turismo\"},{\"@type\":\"BreadcrumbList\",\"@id\":\"https:\\\/\\\/eldigitaldeasturias.com\\\/magazine365\\\/la-i-feria-de-la-tapa-de-merida-promociona-la-gastronomia-regional\\\/#breadcrumblist\",\"itemListElement\":[{\"@type\":\"ListItem\",\"@id\":\"https:\\\/\\\/eldigitaldeasturias.com\\\/magazine365#listItem\",\"position\":1,\"name\":\"Home\",\"item\":\"https:\\\/\\\/eldigitaldeasturias.com\\\/magazine365\",\"nextItem\":{\"@type\":\"ListItem\",\"@id\":\"https:\\\/\\\/eldigitaldeasturias.com\\\/magazine365\\\/category\\\/actualidad-turismo\\\/#listItem\",\"name\":\"Actualidad Turismo\"}},{\"@type\":\"ListItem\",\"@id\":\"https:\\\/\\\/eldigitaldeasturias.com\\\/magazine365\\\/category\\\/actualidad-turismo\\\/#listItem\",\"position\":2,\"name\":\"Actualidad Turismo\",\"item\":\"https:\\\/\\\/eldigitaldeasturias.com\\\/magazine365\\\/category\\\/actualidad-turismo\\\/\",\"nextItem\":{\"@type\":\"ListItem\",\"@id\":\"https:\\\/\\\/eldigitaldeasturias.com\\\/magazine365\\\/la-i-feria-de-la-tapa-de-merida-promociona-la-gastronomia-regional\\\/#listItem\",\"name\":\"La I Feria de la Tapa de M\\u00e9rida promociona la gastronom\\u00eda regional\"},\"previousItem\":{\"@type\":\"ListItem\",\"@id\":\"https:\\\/\\\/eldigitaldeasturias.com\\\/magazine365#listItem\",\"name\":\"Home\"}},{\"@type\":\"ListItem\",\"@id\":\"https:\\\/\\\/eldigitaldeasturias.com\\\/magazine365\\\/la-i-feria-de-la-tapa-de-merida-promociona-la-gastronomia-regional\\\/#listItem\",\"position\":3,\"name\":\"La I Feria de la Tapa de M\\u00e9rida promociona la gastronom\\u00eda regional\",\"previousItem\":{\"@type\":\"ListItem\",\"@id\":\"https:\\\/\\\/eldigitaldeasturias.com\\\/magazine365\\\/category\\\/actualidad-turismo\\\/#listItem\",\"name\":\"Actualidad Turismo\"}}]},{\"@type\":\"Organization\",\"@id\":\"https:\\\/\\\/eldigitaldeasturias.com\\\/magazine365\\\/#organization\",\"name\":\"El digital de Asturias\",\"description\":\"Revista de ocio, turismo y estilo de vida\",\"url\":\"https:\\\/\\\/eldigitaldeasturias.com\\\/magazine365\\\/\",\"logo\":{\"@type\":\"ImageObject\",\"url\":\"https:\\\/\\\/www.eldigitaldeasturias.com\\\/noticias\\\/wp-content\\\/uploads\\\/2020\\\/12\\\/EDA.jpg\",\"@id\":\"https:\\\/\\\/eldigitaldeasturias.com\\\/magazine365\\\/la-i-feria-de-la-tapa-de-merida-promociona-la-gastronomia-regional\\\/#organizationLogo\"},\"image\":{\"@id\":\"https:\\\/\\\/eldigitaldeasturias.com\\\/magazine365\\\/la-i-feria-de-la-tapa-de-merida-promociona-la-gastronomia-regional\\\/#organizationLogo\"}},{\"@type\":\"Person\",\"@id\":\"https:\\\/\\\/eldigitaldeasturias.com\\\/magazine365\\\/author\\\/admin\\\/#author\",\"url\":\"https:\\\/\\\/eldigitaldeasturias.com\\\/magazine365\\\/author\\\/admin\\\/\",\"name\":\"admin\",\"image\":{\"@type\":\"ImageObject\",\"@id\":\"https:\\\/\\\/eldigitaldeasturias.com\\\/magazine365\\\/la-i-feria-de-la-tapa-de-merida-promociona-la-gastronomia-regional\\\/#authorImage\",\"url\":\"https:\\\/\\\/eldigitaldeasturias.com\\\/magazine365\\\/wp-content\\\/litespeed\\\/avatar\\\/e571bcf59a0edd6fa6838245a470f2fe.jpg?ver=1776969259\",\"width\":96,\"height\":96,\"caption\":\"admin\"}},{\"@type\":\"WebPage\",\"@id\":\"https:\\\/\\\/eldigitaldeasturias.com\\\/magazine365\\\/la-i-feria-de-la-tapa-de-merida-promociona-la-gastronomia-regional\\\/#webpage\",\"url\":\"https:\\\/\\\/eldigitaldeasturias.com\\\/magazine365\\\/la-i-feria-de-la-tapa-de-merida-promociona-la-gastronomia-regional\\\/\",\"name\":\"La I Feria de la Tapa de M\\u00e9rida promociona la gastronom\\u00eda regional | El Digital de Asturias\",\"description\":\"La primera Feria de la Tapa de M\\u00e9rida se celebra este pr\\u00f3ximo fin de semana en el parque de la Isla, junto al Recinto Ferial, con la participaci\\u00f3n y promoci\\u00f3n de 13 establecimientos hosteleros de la ciudad que dar\\u00e1n a conocer la gastronom\\u00eda regional. El comisario de la Capitalidad Iberoamericana de la Gastronom\\u00eda, \\u00d3scar Baselga,\",\"inLanguage\":\"es-ES\",\"isPartOf\":{\"@id\":\"https:\\\/\\\/eldigitaldeasturias.com\\\/magazine365\\\/#website\"},\"breadcrumb\":{\"@id\":\"https:\\\/\\\/eldigitaldeasturias.com\\\/magazine365\\\/la-i-feria-de-la-tapa-de-merida-promociona-la-gastronomia-regional\\\/#breadcrumblist\"},\"author\":{\"@id\":\"https:\\\/\\\/eldigitaldeasturias.com\\\/magazine365\\\/author\\\/admin\\\/#author\"},\"creator\":{\"@id\":\"https:\\\/\\\/eldigitaldeasturias.com\\\/magazine365\\\/author\\\/admin\\\/#author\"},\"image\":{\"@type\":\"ImageObject\",\"url\":\"https:\\\/\\\/eldigitaldeasturias.com\\\/magazine365\\\/wp-content\\\/uploads\\\/2015\\\/06\\\/fotonoticia_20150609125441_800.jpg\",\"@id\":\"https:\\\/\\\/eldigitaldeasturias.com\\\/magazine365\\\/la-i-feria-de-la-tapa-de-merida-promociona-la-gastronomia-regional\\\/#mainImage\",\"width\":800,\"height\":600},\"primaryImageOfPage\":{\"@id\":\"https:\\\/\\\/eldigitaldeasturias.com\\\/magazine365\\\/la-i-feria-de-la-tapa-de-merida-promociona-la-gastronomia-regional\\\/#mainImage\"},\"datePublished\":\"2015-06-10T00:28:18+02:00\",\"dateModified\":\"2015-06-10T00:28:18+02:00\"},{\"@type\":\"WebSite\",\"@id\":\"https:\\\/\\\/eldigitaldeasturias.com\\\/magazine365\\\/#website\",\"url\":\"https:\\\/\\\/eldigitaldeasturias.com\\\/magazine365\\\/\",\"name\":\"El Digital de Asturias\",\"description\":\"Revista de ocio, turismo y estilo de vida\",\"inLanguage\":\"es-ES\",\"publisher\":{\"@id\":\"https:\\\/\\\/eldigitaldeasturias.com\\\/magazine365\\\/#organization\"}}]}\n\t\t<\/script>\n\t\t<!-- All in One SEO Pro -->\r\n\t\t<title>La I Feria de la Tapa de M\u00e9rida promociona la gastronom\u00eda regional | El Digital de Asturias<\/title>\n\n","aioseo_head_json":{"title":"La I Feria de la Tapa de M\u00e9rida promociona la gastronom\u00eda regional | El Digital de Asturias","description":"La primera Feria de la Tapa de M\u00e9rida se celebra este pr\u00f3ximo fin de semana en el parque de la Isla, junto al Recinto Ferial, con la participaci\u00f3n y promoci\u00f3n de 13 establecimientos hosteleros de la ciudad que dar\u00e1n a conocer la gastronom\u00eda regional. El comisario de la Capitalidad Iberoamericana de la Gastronom\u00eda, \u00d3scar Baselga,","canonical_url":"https:\/\/eldigitaldeasturias.com\/magazine365\/la-i-feria-de-la-tapa-de-merida-promociona-la-gastronomia-regional\/","robots":"max-image-preview:large","keywords":"actualidad turismo","webmasterTools":{"google-site-verification":"UA-38556648-1","miscellaneous":""},"schema":{"@context":"https:\/\/schema.org","@graph":[{"@type":"Article","@id":"https:\/\/eldigitaldeasturias.com\/magazine365\/la-i-feria-de-la-tapa-de-merida-promociona-la-gastronomia-regional\/#article","name":"La I Feria de la Tapa de M\u00e9rida promociona la gastronom\u00eda regional | El Digital de Asturias","headline":"La I Feria de la Tapa de M\u00e9rida promociona la gastronom\u00eda regional","author":{"@id":"https:\/\/eldigitaldeasturias.com\/magazine365\/author\/admin\/#author"},"publisher":{"@id":"https:\/\/eldigitaldeasturias.com\/magazine365\/#organization"},"image":{"@type":"ImageObject","url":"https:\/\/eldigitaldeasturias.com\/magazine365\/wp-content\/uploads\/2015\/06\/fotonoticia_20150609125441_800.jpg","width":800,"height":600},"datePublished":"2015-06-10T00:28:18+02:00","dateModified":"2015-06-10T00:28:18+02:00","inLanguage":"es-ES","mainEntityOfPage":{"@id":"https:\/\/eldigitaldeasturias.com\/magazine365\/la-i-feria-de-la-tapa-de-merida-promociona-la-gastronomia-regional\/#webpage"},"isPartOf":{"@id":"https:\/\/eldigitaldeasturias.com\/magazine365\/la-i-feria-de-la-tapa-de-merida-promociona-la-gastronomia-regional\/#webpage"},"articleSection":"Actualidad Turismo"},{"@type":"BreadcrumbList","@id":"https:\/\/eldigitaldeasturias.com\/magazine365\/la-i-feria-de-la-tapa-de-merida-promociona-la-gastronomia-regional\/#breadcrumblist","itemListElement":[{"@type":"ListItem","@id":"https:\/\/eldigitaldeasturias.com\/magazine365#listItem","position":1,"name":"Home","item":"https:\/\/eldigitaldeasturias.com\/magazine365","nextItem":{"@type":"ListItem","@id":"https:\/\/eldigitaldeasturias.com\/magazine365\/category\/actualidad-turismo\/#listItem","name":"Actualidad Turismo"}},{"@type":"ListItem","@id":"https:\/\/eldigitaldeasturias.com\/magazine365\/category\/actualidad-turismo\/#listItem","position":2,"name":"Actualidad Turismo","item":"https:\/\/eldigitaldeasturias.com\/magazine365\/category\/actualidad-turismo\/","nextItem":{"@type":"ListItem","@id":"https:\/\/eldigitaldeasturias.com\/magazine365\/la-i-feria-de-la-tapa-de-merida-promociona-la-gastronomia-regional\/#listItem","name":"La I Feria de la Tapa de M\u00e9rida promociona la gastronom\u00eda regional"},"previousItem":{"@type":"ListItem","@id":"https:\/\/eldigitaldeasturias.com\/magazine365#listItem","name":"Home"}},{"@type":"ListItem","@id":"https:\/\/eldigitaldeasturias.com\/magazine365\/la-i-feria-de-la-tapa-de-merida-promociona-la-gastronomia-regional\/#listItem","position":3,"name":"La I Feria de la Tapa de M\u00e9rida promociona la gastronom\u00eda regional","previousItem":{"@type":"ListItem","@id":"https:\/\/eldigitaldeasturias.com\/magazine365\/category\/actualidad-turismo\/#listItem","name":"Actualidad Turismo"}}]},{"@type":"Organization","@id":"https:\/\/eldigitaldeasturias.com\/magazine365\/#organization","name":"El digital de Asturias","description":"Revista de ocio, turismo y estilo de vida","url":"https:\/\/eldigitaldeasturias.com\/magazine365\/","logo":{"@type":"ImageObject","url":"https:\/\/www.eldigitaldeasturias.com\/noticias\/wp-content\/uploads\/2020\/12\/EDA.jpg","@id":"https:\/\/eldigitaldeasturias.com\/magazine365\/la-i-feria-de-la-tapa-de-merida-promociona-la-gastronomia-regional\/#organizationLogo"},"image":{"@id":"https:\/\/eldigitaldeasturias.com\/magazine365\/la-i-feria-de-la-tapa-de-merida-promociona-la-gastronomia-regional\/#organizationLogo"}},{"@type":"Person","@id":"https:\/\/eldigitaldeasturias.com\/magazine365\/author\/admin\/#author","url":"https:\/\/eldigitaldeasturias.com\/magazine365\/author\/admin\/","name":"admin","image":{"@type":"ImageObject","@id":"https:\/\/eldigitaldeasturias.com\/magazine365\/la-i-feria-de-la-tapa-de-merida-promociona-la-gastronomia-regional\/#authorImage","url":"https:\/\/eldigitaldeasturias.com\/magazine365\/wp-content\/litespeed\/avatar\/e571bcf59a0edd6fa6838245a470f2fe.jpg?ver=1776969259","width":96,"height":96,"caption":"admin"}},{"@type":"WebPage","@id":"https:\/\/eldigitaldeasturias.com\/magazine365\/la-i-feria-de-la-tapa-de-merida-promociona-la-gastronomia-regional\/#webpage","url":"https:\/\/eldigitaldeasturias.com\/magazine365\/la-i-feria-de-la-tapa-de-merida-promociona-la-gastronomia-regional\/","name":"La I Feria de la Tapa de M\u00e9rida promociona la gastronom\u00eda regional | El Digital de Asturias","description":"La primera Feria de la Tapa de M\u00e9rida se celebra este pr\u00f3ximo fin de semana en el parque de la Isla, junto al Recinto Ferial, con la participaci\u00f3n y promoci\u00f3n de 13 establecimientos hosteleros de la ciudad que dar\u00e1n a conocer la gastronom\u00eda regional. El comisario de la Capitalidad Iberoamericana de la Gastronom\u00eda, \u00d3scar Baselga,","inLanguage":"es-ES","isPartOf":{"@id":"https:\/\/eldigitaldeasturias.com\/magazine365\/#website"},"breadcrumb":{"@id":"https:\/\/eldigitaldeasturias.com\/magazine365\/la-i-feria-de-la-tapa-de-merida-promociona-la-gastronomia-regional\/#breadcrumblist"},"author":{"@id":"https:\/\/eldigitaldeasturias.com\/magazine365\/author\/admin\/#author"},"creator":{"@id":"https:\/\/eldigitaldeasturias.com\/magazine365\/author\/admin\/#author"},"image":{"@type":"ImageObject","url":"https:\/\/eldigitaldeasturias.com\/magazine365\/wp-content\/uploads\/2015\/06\/fotonoticia_20150609125441_800.jpg","@id":"https:\/\/eldigitaldeasturias.com\/magazine365\/la-i-feria-de-la-tapa-de-merida-promociona-la-gastronomia-regional\/#mainImage","width":800,"height":600},"primaryImageOfPage":{"@id":"https:\/\/eldigitaldeasturias.com\/magazine365\/la-i-feria-de-la-tapa-de-merida-promociona-la-gastronomia-regional\/#mainImage"},"datePublished":"2015-06-10T00:28:18+02:00","dateModified":"2015-06-10T00:28:18+02:00"},{"@type":"WebSite","@id":"https:\/\/eldigitaldeasturias.com\/magazine365\/#website","url":"https:\/\/eldigitaldeasturias.com\/magazine365\/","name":"El Digital de Asturias","description":"Revista de ocio, turismo y estilo de vida","inLanguage":"es-ES","publisher":{"@id":"https:\/\/eldigitaldeasturias.com\/magazine365\/#organization"}}]},"og:locale":"es_ES","og:site_name":"El Digital de Asturias \u2013 Revista de ocio, turismo y estilo de vida","og:type":"article","og:title":"La I Feria de la Tapa de M\u00e9rida promociona la gastronom\u00eda regional | El Digital de Asturias","og:description":"La primera Feria de la Tapa de M\u00e9rida se celebra este pr\u00f3ximo fin de semana en el parque de la Isla, junto al Recinto Ferial, con la participaci\u00f3n y promoci\u00f3n de 13 establecimientos hosteleros de la ciudad que dar\u00e1n a conocer la gastronom\u00eda regional. El comisario de la Capitalidad Iberoamericana de la Gastronom\u00eda, \u00d3scar Baselga,","og:url":"https:\/\/eldigitaldeasturias.com\/magazine365\/la-i-feria-de-la-tapa-de-merida-promociona-la-gastronomia-regional\/","og:image":"https:\/\/eldigitaldeasturias.com\/magazine365\/wp-content\/uploads\/2015\/06\/fotonoticia_20150609125441_800.jpg","og:image:secure_url":"https:\/\/eldigitaldeasturias.com\/magazine365\/wp-content\/uploads\/2015\/06\/fotonoticia_20150609125441_800.jpg","og:image:width":800,"og:image:height":600,"article:published_time":"2015-06-09T22:58:18+00:00","article:modified_time":"2015-06-09T22:58:18+00:00","twitter:card":"summary_large_image","twitter:title":"La I Feria de la Tapa de M\u00e9rida promociona la gastronom\u00eda regional | El Digital de Asturias","twitter:description":"La primera Feria de la Tapa de M\u00e9rida se celebra este pr\u00f3ximo fin de semana en el parque de la Isla, junto al Recinto Ferial, con la participaci\u00f3n y promoci\u00f3n de 13 establecimientos hosteleros de la ciudad que dar\u00e1n a conocer la gastronom\u00eda regional. El comisario de la Capitalidad Iberoamericana de la Gastronom\u00eda, \u00d3scar Baselga,","twitter:image":"https:\/\/eldigitaldeasturias.com\/magazine365\/wp-content\/uploads\/2015\/06\/fotonoticia_20150609125441_800.jpg"},"aioseo_meta_data":{"post_id":"39317","title":null,"description":null,"keywords":null,"keyphrases":null,"primary_term":null,"canonical_url":null,"og_title":null,"og_description":null,"og_object_type":"default","og_image_type":"default","og_image_url":null,"og_image_width":null,"og_image_height":null,"og_image_custom_url":null,"og_image_custom_fields":null,"og_video":null,"og_custom_url":null,"og_article_section":null,"og_article_tags":null,"twitter_use_og":false,"twitter_card":"default","twitter_image_type":"default","twitter_image_url":null,"twitter_image_custom_url":null,"twitter_image_custom_fields":null,"twitter_title":null,"twitter_description":null,"schema":{"blockGraphs":[],"customGraphs":[],"default":{"data":{"Article":[],"Course":[],"Dataset":[],"FAQPage":[],"Movie":[],"Person":[],"Product":[],"ProductReview":[],"Car":[],"Recipe":[],"Service":[],"SoftwareApplication":[],"WebPage":[]},"graphName":"","isEnabled":true},"graphs":[],"defaultGraph":"","defaultPostTypeGraph":""},"schema_type":null,"schema_type_options":null,"pillar_content":false,"robots_default":true,"robots_noindex":false,"robots_noarchive":false,"robots_nosnippet":false,"robots_nofollow":false,"robots_noimageindex":false,"robots_noodp":false,"robots_notranslate":false,"robots_max_snippet":null,"robots_max_videopreview":null,"robots_max_imagepreview":"large","priority":null,"frequency":null,"location":null,"local_seo":null,"seo_analyzer_scan_date":"2025-09-19 11:20:56","breadcrumb_settings":null,"limit_modified_date":false,"open_ai":null,"ai":null,"created":"2021-03-09 02:42:46","updated":"2025-09-19 11:20:56"},"aioseo_breadcrumb":"<div class=\"aioseo-breadcrumbs\"><span class=\"aioseo-breadcrumb\">\n\t<a href=\"https:\/\/eldigitaldeasturias.com\/magazine365\" title=\"Home\">Home<\/a>\n<\/span><span class=\"aioseo-breadcrumb-separator\">\u2013<\/span><span class=\"aioseo-breadcrumb\">\n\t<a href=\"https:\/\/eldigitaldeasturias.com\/magazine365\/category\/actualidad-turismo\/\" title=\"Actualidad Turismo\">Actualidad Turismo<\/a>\n<\/span><span class=\"aioseo-breadcrumb-separator\">\u2013<\/span><span class=\"aioseo-breadcrumb\">\n\t<a href=\"https:\/\/eldigitaldeasturias.com\/magazine365\/la-i-feria-de-la-tapa-de-merida-promociona-la-gastronomia-regional\/\" title=\"La I Feria de la Tapa de M\u00e9rida promociona la gastronom\u00eda regional\">La I Feria de la Tapa de M\u00e9rida promociona la gastronom\u00eda regional<\/a>\n<\/span><\/div>","aioseo_breadcrumb_json":[{"label":"Home","link":"https:\/\/eldigitaldeasturias.com\/magazine365"},{"label":"Actualidad Turismo","link":"https:\/\/eldigitaldeasturias.com\/magazine365\/category\/actualidad-turismo\/"},{"label":"La I Feria de la Tapa de M\u00e9rida promociona la gastronom\u00eda regional","link":"https:\/\/eldigitaldeasturias.com\/magazine365\/la-i-feria-de-la-tapa-de-merida-promociona-la-gastronomia-regional\/"}],"_links":{"self":[{"href":"https:\/\/eldigitaldeasturias.com\/magazine365\/wp-json\/wp\/v2\/posts\/39317","targetHints":{"allow":["GET"]}}],"collection":[{"href":"https:\/\/eldigitaldeasturias.com\/magazine365\/wp-json\/wp\/v2\/posts"}],"about":[{"href":"https:\/\/eldigitaldeasturias.com\/magazine365\/wp-json\/wp\/v2\/types\/post"}],"author":[{"embeddable":true,"href":"https:\/\/eldigitaldeasturias.com\/magazine365\/wp-json\/wp\/v2\/users\/1"}],"replies":[{"embeddable":true,"href":"https:\/\/eldigitaldeasturias.com\/magazine365\/wp-json\/wp\/v2\/comments?post=39317"}],"version-history":[{"count":0,"href":"https:\/\/eldigitaldeasturias.com\/magazine365\/wp-json\/wp\/v2\/posts\/39317\/revisions"}],"wp:featuredmedia":[{"embeddable":true,"href":"https:\/\/eldigitaldeasturias.com\/magazine365\/wp-json\/wp\/v2\/media\/39318"}],"wp:attachment":[{"href":"https:\/\/eldigitaldeasturias.com\/magazine365\/wp-json\/wp\/v2\/media?parent=39317"}],"wp:term":[{"taxonomy":"category","embeddable":true,"href":"https:\/\/eldigitaldeasturias.com\/magazine365\/wp-json\/wp\/v2\/categories?post=39317"},{"taxonomy":"post_tag","embeddable":true,"href":"https:\/\/eldigitaldeasturias.com\/magazine365\/wp-json\/wp\/v2\/tags?post=39317"}],"curies":[{"name":"wp","href":"https:\/\/api.w.org\/{rel}","templated":true}]}}