{"id":39311,"date":"2015-06-10T00:17:29","date_gmt":"2015-06-09T22:47:29","guid":{"rendered":"http:\/\/eldigitaldeasturias.com\/magazine365\/?p=39311"},"modified":"2015-06-10T00:17:29","modified_gmt":"2015-06-09T22:47:29","slug":"vueling-se-incorpora-a-la-asociacion-internacional-de-transporte-aereo","status":"publish","type":"post","link":"https:\/\/eldigitaldeasturias.com\/magazine365\/vueling-se-incorpora-a-la-asociacion-internacional-de-transporte-aereo\/","title":{"rendered":"Vueling se incorpora a la Asociaci\u00f3n Internacional de Transporte A\u00e9reo"},"content":{"rendered":"<p><img fetchpriority=\"high\" decoding=\"async\" class=\"alignleft size-medium wp-image-39312\" src=\"https:\/\/eldigitaldeasturias.com\/magazine365\/wp-content\/uploads\/2015\/06\/fotonoticia_20150609121316_800-360x240.jpg\" alt=\"fotonoticia_20150609121316_800\" width=\"360\" height=\"240\" srcset=\"https:\/\/eldigitaldeasturias.com\/magazine365\/wp-content\/uploads\/2015\/06\/fotonoticia_20150609121316_800-360x240.jpg 360w, https:\/\/eldigitaldeasturias.com\/magazine365\/wp-content\/uploads\/2015\/06\/fotonoticia_20150609121316_800-650x433.jpg 650w, https:\/\/eldigitaldeasturias.com\/magazine365\/wp-content\/uploads\/2015\/06\/fotonoticia_20150609121316_800-768x512.jpg 768w, https:\/\/eldigitaldeasturias.com\/magazine365\/wp-content\/uploads\/2015\/06\/fotonoticia_20150609121316_800-150x100.jpg 150w, https:\/\/eldigitaldeasturias.com\/magazine365\/wp-content\/uploads\/2015\/06\/fotonoticia_20150609121316_800-450x300.jpg 450w, https:\/\/eldigitaldeasturias.com\/magazine365\/wp-content\/uploads\/2015\/06\/fotonoticia_20150609121316_800-696x464.jpg 696w, https:\/\/eldigitaldeasturias.com\/magazine365\/wp-content\/uploads\/2015\/06\/fotonoticia_20150609121316_800-630x420.jpg 630w, https:\/\/eldigitaldeasturias.com\/magazine365\/wp-content\/uploads\/2015\/06\/fotonoticia_20150609121316_800-84x55.jpg 84w, https:\/\/eldigitaldeasturias.com\/magazine365\/wp-content\/uploads\/2015\/06\/fotonoticia_20150609121316_800.jpg 800w\" sizes=\"(max-width: 360px) 100vw, 360px\" \/>Vueling se ha incorporado a la Asociaci\u00f3n Internacional del Transporte A\u00e9reo (IATA) como nuevo miembro durante la 71\u00aa Asamblea General de la asociaci\u00f3n celebrada en Miami, Florida, convirti\u00e9ndose el la aerol\u00ednea miembro con el coste unitario m\u00e1s bajo.<\/p>\n<p>La IATA representa actualmente a m\u00e1s de 260 compa\u00f1\u00edas a\u00e9reas en m\u00e1s de 115 pa\u00edses, que representan el 90% del tr\u00e1fico a\u00e9reo mundial.<\/p>\n<p>La adhesi\u00f3n a esta asociaci\u00f3n consolida a Vueling como una compa\u00f1\u00eda &#8216;low cost&#8217; con un servicio &#8216;Premium&#8217;, destac\u00f3 la compa\u00f1\u00eda que lidera \u00c1lex Cruz, y le permitir\u00e1 aumentar las oportunidades de colaboraci\u00f3n con otras aerol\u00edneas, as\u00ed como la reducci\u00f3n de sus costes internos.<\/p>\n<p>Para entrar a formar parte de la Asociaci\u00f3n Internacional del Transporte A\u00e9reo, las aerol\u00edneas deben contar con la certificaci\u00f3n de seguridad del programa IATA, el Operational Safety Audit (IOSA), que Vueling obtuvo en el a\u00f1o 2012, tras una rigurosa auditor\u00eda que certific\u00f3 los m\u00e1s altos est\u00e1ndares de calidad y seguridad.<\/p>\n<p>\u00abFormar parte de la IATA es todo un \u00e9xito para Vueling, es la consecuencia de nuestros constantes esfuerzos por cumplir con los m\u00e1s altos est\u00e1ndares de calidad y seguridad\u00bb, ha destacado su presidente y consejero delegado, \u00c1lex Cruz.<\/p>\n<p>\u00abJUGADOR ACTIVO EN LA INDUSTRIA\u00bb.<\/p>\n<p>Seg\u00fan Cruz, ser parte de esta asociaci\u00f3n ampliar\u00e1 las posibilidades de Vueling de ser \u00aba\u00fan m\u00e1s rentable\u00bb, as\u00ed \u00abcomo un jugador activo en las cuestiones relevantes de esta industria\u00bb.<\/p>\n<p>El director general y consejero delegado de la IATA, Tony Tyler, ha mostrado su satisfacci\u00f3n por integrar a una compa\u00f1\u00eda como Vueling, dando cabida a todos los modelos de negocio de esta industria, \u00abhacia una mayor seguridad y una conectividad m\u00e1s eficiente y sostenible\u00bb.<\/p>\n<p>Vueling, fundada en 2004, forma parte del grupo IAG, y comenz\u00f3 su expansi\u00f3n en 2009. Un a\u00f1o m\u00e1s tarde empez\u00f3 a operar vuelos en conexi\u00f3n, haciendo de su aeropuerto principal, Barcelona-El Prat, el aeropuerto mejor conectado de Europa.<\/p>\n<p>Diez a\u00f1os m\u00e1s tarde, la compa\u00f1\u00eda catalana opera 365 rutas en m\u00e1s de 160 destinos de Europa, Oriente Pr\u00f3ximo y \u00c1frica, y cuenta con una flota de m\u00e1s de un centenar de aviones en 22 bases operacionales. En su primera d\u00e9cada ha transportado m\u00e1s de 95 millones de viajeros.<\/p>\n<p>A la expansi\u00f3n de Vueling tambi\u00e9n han contribuido las conexiones intercontinentales, gracias a los acuerdos establecidos con compa\u00f1\u00edas como British Airways, Qatar Airways o American Airlines.<\/p>\n<p>Este a\u00f1o 2015, ha sido nombrada mejor compa\u00f1\u00eda &#8216;low cost&#8217; seg\u00fan las prestigiosas publicaciones internacionales Air Transport News y Agenttravel.<\/p>\n","protected":false},"excerpt":{"rendered":"<p>Vueling se ha incorporado a la Asociaci\u00f3n Internacional del Transporte A\u00e9reo (IATA) como nuevo miembro durante la 71\u00aa Asamblea General de la asociaci\u00f3n celebrada en Miami, Florida, convirti\u00e9ndose el la aerol\u00ednea miembro con el coste unitario m\u00e1s bajo. La IATA representa actualmente a m\u00e1s de 260 compa\u00f1\u00edas a\u00e9reas en m\u00e1s de 115 pa\u00edses, que representan<\/p>\n","protected":false},"author":1,"featured_media":39312,"comment_status":"open","ping_status":"closed","sticky":false,"template":"","format":"standard","meta":{"footnotes":""},"categories":[222],"tags":[],"class_list":{"0":"post-39311","1":"post","2":"type-post","3":"status-publish","4":"format-standard","5":"has-post-thumbnail","7":"category-actualidad-turismo"},"aioseo_notices":[],"aioseo_head":"\n\t\t<!-- All in One SEO Pro 4.9.6.1 - aioseo.com -->\n\t<meta name=\"description\" content=\"Vueling se ha incorporado a la Asociaci\u00f3n Internacional del Transporte A\u00e9reo (IATA) como nuevo miembro durante la 71\u00aa Asamblea General de la asociaci\u00f3n celebrada en Miami, Florida, convirti\u00e9ndose el la aerol\u00ednea miembro con el coste unitario m\u00e1s bajo. La IATA representa actualmente a m\u00e1s de 260 compa\u00f1\u00edas a\u00e9reas en m\u00e1s de 115 pa\u00edses, que representan\" \/>\n\t<meta name=\"robots\" content=\"max-image-preview:large\" \/>\n\t<meta name=\"author\" content=\"admin\"\/>\n\t<meta name=\"google-site-verification\" content=\"UA-38556648-1\" \/>\n\t<meta name=\"keywords\" content=\"actualidad turismo\" \/>\n\t<link rel=\"canonical\" href=\"https:\/\/eldigitaldeasturias.com\/magazine365\/vueling-se-incorpora-a-la-asociacion-internacional-de-transporte-aereo\/\" \/>\n\t<meta name=\"generator\" content=\"All in One SEO Pro (AIOSEO) 4.9.6.1\" \/>\n\t\t<meta property=\"og:locale\" content=\"es_ES\" \/>\n\t\t<meta property=\"og:site_name\" content=\"El Digital de Asturias \u2013 Revista de ocio, turismo y estilo de vida\" \/>\n\t\t<meta property=\"og:type\" content=\"article\" \/>\n\t\t<meta property=\"og:title\" content=\"Vueling se incorpora a la Asociaci\u00f3n Internacional de Transporte A\u00e9reo | El Digital de Asturias\" \/>\n\t\t<meta property=\"og:description\" content=\"Vueling se ha incorporado a la Asociaci\u00f3n Internacional del Transporte A\u00e9reo (IATA) como nuevo miembro durante la 71\u00aa Asamblea General de la asociaci\u00f3n celebrada en Miami, Florida, convirti\u00e9ndose el la aerol\u00ednea miembro con el coste unitario m\u00e1s bajo. La IATA representa actualmente a m\u00e1s de 260 compa\u00f1\u00edas a\u00e9reas en m\u00e1s de 115 pa\u00edses, que representan\" \/>\n\t\t<meta property=\"og:url\" content=\"https:\/\/eldigitaldeasturias.com\/magazine365\/vueling-se-incorpora-a-la-asociacion-internacional-de-transporte-aereo\/\" \/>\n\t\t<meta property=\"og:image\" content=\"https:\/\/eldigitaldeasturias.com\/magazine365\/wp-content\/uploads\/2015\/06\/fotonoticia_20150609121316_800.jpg\" \/>\n\t\t<meta property=\"og:image:secure_url\" content=\"https:\/\/eldigitaldeasturias.com\/magazine365\/wp-content\/uploads\/2015\/06\/fotonoticia_20150609121316_800.jpg\" \/>\n\t\t<meta property=\"og:image:width\" content=\"800\" \/>\n\t\t<meta property=\"og:image:height\" content=\"533\" \/>\n\t\t<meta property=\"article:published_time\" content=\"2015-06-09T22:47:29+00:00\" \/>\n\t\t<meta property=\"article:modified_time\" content=\"2015-06-09T22:47:29+00:00\" \/>\n\t\t<meta name=\"twitter:card\" content=\"summary_large_image\" \/>\n\t\t<meta name=\"twitter:title\" content=\"Vueling se incorpora a la Asociaci\u00f3n Internacional de Transporte A\u00e9reo | El Digital de Asturias\" \/>\n\t\t<meta name=\"twitter:description\" content=\"Vueling se ha incorporado a la Asociaci\u00f3n Internacional del Transporte A\u00e9reo (IATA) como nuevo miembro durante la 71\u00aa Asamblea General de la asociaci\u00f3n celebrada en Miami, Florida, convirti\u00e9ndose el la aerol\u00ednea miembro con el coste unitario m\u00e1s bajo. La IATA representa actualmente a m\u00e1s de 260 compa\u00f1\u00edas a\u00e9reas en m\u00e1s de 115 pa\u00edses, que representan\" \/>\n\t\t<meta name=\"twitter:image\" content=\"https:\/\/eldigitaldeasturias.com\/magazine365\/wp-content\/uploads\/2015\/06\/fotonoticia_20150609121316_800.jpg\" \/>\n\t\t<script type=\"application\/ld+json\" class=\"aioseo-schema\">\n\t\t\t{\"@context\":\"https:\\\/\\\/schema.org\",\"@graph\":[{\"@type\":\"Article\",\"@id\":\"https:\\\/\\\/eldigitaldeasturias.com\\\/magazine365\\\/vueling-se-incorpora-a-la-asociacion-internacional-de-transporte-aereo\\\/#article\",\"name\":\"Vueling se incorpora a la Asociaci\\u00f3n Internacional de Transporte A\\u00e9reo | El Digital de Asturias\",\"headline\":\"Vueling se incorpora a la Asociaci\\u00f3n Internacional de Transporte A\\u00e9reo\",\"author\":{\"@id\":\"https:\\\/\\\/eldigitaldeasturias.com\\\/magazine365\\\/author\\\/admin\\\/#author\"},\"publisher\":{\"@id\":\"https:\\\/\\\/eldigitaldeasturias.com\\\/magazine365\\\/#organization\"},\"image\":{\"@type\":\"ImageObject\",\"url\":\"https:\\\/\\\/eldigitaldeasturias.com\\\/magazine365\\\/wp-content\\\/uploads\\\/2015\\\/06\\\/fotonoticia_20150609121316_800.jpg\",\"width\":800,\"height\":533},\"datePublished\":\"2015-06-10T00:17:29+02:00\",\"dateModified\":\"2015-06-10T00:17:29+02:00\",\"inLanguage\":\"es-ES\",\"mainEntityOfPage\":{\"@id\":\"https:\\\/\\\/eldigitaldeasturias.com\\\/magazine365\\\/vueling-se-incorpora-a-la-asociacion-internacional-de-transporte-aereo\\\/#webpage\"},\"isPartOf\":{\"@id\":\"https:\\\/\\\/eldigitaldeasturias.com\\\/magazine365\\\/vueling-se-incorpora-a-la-asociacion-internacional-de-transporte-aereo\\\/#webpage\"},\"articleSection\":\"Actualidad Turismo\"},{\"@type\":\"BreadcrumbList\",\"@id\":\"https:\\\/\\\/eldigitaldeasturias.com\\\/magazine365\\\/vueling-se-incorpora-a-la-asociacion-internacional-de-transporte-aereo\\\/#breadcrumblist\",\"itemListElement\":[{\"@type\":\"ListItem\",\"@id\":\"https:\\\/\\\/eldigitaldeasturias.com\\\/magazine365#listItem\",\"position\":1,\"name\":\"Home\",\"item\":\"https:\\\/\\\/eldigitaldeasturias.com\\\/magazine365\",\"nextItem\":{\"@type\":\"ListItem\",\"@id\":\"https:\\\/\\\/eldigitaldeasturias.com\\\/magazine365\\\/category\\\/actualidad-turismo\\\/#listItem\",\"name\":\"Actualidad Turismo\"}},{\"@type\":\"ListItem\",\"@id\":\"https:\\\/\\\/eldigitaldeasturias.com\\\/magazine365\\\/category\\\/actualidad-turismo\\\/#listItem\",\"position\":2,\"name\":\"Actualidad Turismo\",\"item\":\"https:\\\/\\\/eldigitaldeasturias.com\\\/magazine365\\\/category\\\/actualidad-turismo\\\/\",\"nextItem\":{\"@type\":\"ListItem\",\"@id\":\"https:\\\/\\\/eldigitaldeasturias.com\\\/magazine365\\\/vueling-se-incorpora-a-la-asociacion-internacional-de-transporte-aereo\\\/#listItem\",\"name\":\"Vueling se incorpora a la Asociaci\\u00f3n Internacional de Transporte A\\u00e9reo\"},\"previousItem\":{\"@type\":\"ListItem\",\"@id\":\"https:\\\/\\\/eldigitaldeasturias.com\\\/magazine365#listItem\",\"name\":\"Home\"}},{\"@type\":\"ListItem\",\"@id\":\"https:\\\/\\\/eldigitaldeasturias.com\\\/magazine365\\\/vueling-se-incorpora-a-la-asociacion-internacional-de-transporte-aereo\\\/#listItem\",\"position\":3,\"name\":\"Vueling se incorpora a la Asociaci\\u00f3n Internacional de Transporte A\\u00e9reo\",\"previousItem\":{\"@type\":\"ListItem\",\"@id\":\"https:\\\/\\\/eldigitaldeasturias.com\\\/magazine365\\\/category\\\/actualidad-turismo\\\/#listItem\",\"name\":\"Actualidad Turismo\"}}]},{\"@type\":\"Organization\",\"@id\":\"https:\\\/\\\/eldigitaldeasturias.com\\\/magazine365\\\/#organization\",\"name\":\"El digital de Asturias\",\"description\":\"Revista de ocio, turismo y estilo de vida\",\"url\":\"https:\\\/\\\/eldigitaldeasturias.com\\\/magazine365\\\/\",\"logo\":{\"@type\":\"ImageObject\",\"url\":\"https:\\\/\\\/www.eldigitaldeasturias.com\\\/noticias\\\/wp-content\\\/uploads\\\/2020\\\/12\\\/EDA.jpg\",\"@id\":\"https:\\\/\\\/eldigitaldeasturias.com\\\/magazine365\\\/vueling-se-incorpora-a-la-asociacion-internacional-de-transporte-aereo\\\/#organizationLogo\"},\"image\":{\"@id\":\"https:\\\/\\\/eldigitaldeasturias.com\\\/magazine365\\\/vueling-se-incorpora-a-la-asociacion-internacional-de-transporte-aereo\\\/#organizationLogo\"}},{\"@type\":\"Person\",\"@id\":\"https:\\\/\\\/eldigitaldeasturias.com\\\/magazine365\\\/author\\\/admin\\\/#author\",\"url\":\"https:\\\/\\\/eldigitaldeasturias.com\\\/magazine365\\\/author\\\/admin\\\/\",\"name\":\"admin\",\"image\":{\"@type\":\"ImageObject\",\"@id\":\"https:\\\/\\\/eldigitaldeasturias.com\\\/magazine365\\\/vueling-se-incorpora-a-la-asociacion-internacional-de-transporte-aereo\\\/#authorImage\",\"url\":\"https:\\\/\\\/eldigitaldeasturias.com\\\/magazine365\\\/wp-content\\\/litespeed\\\/avatar\\\/e571bcf59a0edd6fa6838245a470f2fe.jpg?ver=1776969259\",\"width\":96,\"height\":96,\"caption\":\"admin\"}},{\"@type\":\"WebPage\",\"@id\":\"https:\\\/\\\/eldigitaldeasturias.com\\\/magazine365\\\/vueling-se-incorpora-a-la-asociacion-internacional-de-transporte-aereo\\\/#webpage\",\"url\":\"https:\\\/\\\/eldigitaldeasturias.com\\\/magazine365\\\/vueling-se-incorpora-a-la-asociacion-internacional-de-transporte-aereo\\\/\",\"name\":\"Vueling se incorpora a la Asociaci\\u00f3n Internacional de Transporte A\\u00e9reo | El Digital de Asturias\",\"description\":\"Vueling se ha incorporado a la Asociaci\\u00f3n Internacional del Transporte A\\u00e9reo (IATA) como nuevo miembro durante la 71\\u00aa Asamblea General de la asociaci\\u00f3n celebrada en Miami, Florida, convirti\\u00e9ndose el la aerol\\u00ednea miembro con el coste unitario m\\u00e1s bajo. La IATA representa actualmente a m\\u00e1s de 260 compa\\u00f1\\u00edas a\\u00e9reas en m\\u00e1s de 115 pa\\u00edses, que representan\",\"inLanguage\":\"es-ES\",\"isPartOf\":{\"@id\":\"https:\\\/\\\/eldigitaldeasturias.com\\\/magazine365\\\/#website\"},\"breadcrumb\":{\"@id\":\"https:\\\/\\\/eldigitaldeasturias.com\\\/magazine365\\\/vueling-se-incorpora-a-la-asociacion-internacional-de-transporte-aereo\\\/#breadcrumblist\"},\"author\":{\"@id\":\"https:\\\/\\\/eldigitaldeasturias.com\\\/magazine365\\\/author\\\/admin\\\/#author\"},\"creator\":{\"@id\":\"https:\\\/\\\/eldigitaldeasturias.com\\\/magazine365\\\/author\\\/admin\\\/#author\"},\"image\":{\"@type\":\"ImageObject\",\"url\":\"https:\\\/\\\/eldigitaldeasturias.com\\\/magazine365\\\/wp-content\\\/uploads\\\/2015\\\/06\\\/fotonoticia_20150609121316_800.jpg\",\"@id\":\"https:\\\/\\\/eldigitaldeasturias.com\\\/magazine365\\\/vueling-se-incorpora-a-la-asociacion-internacional-de-transporte-aereo\\\/#mainImage\",\"width\":800,\"height\":533},\"primaryImageOfPage\":{\"@id\":\"https:\\\/\\\/eldigitaldeasturias.com\\\/magazine365\\\/vueling-se-incorpora-a-la-asociacion-internacional-de-transporte-aereo\\\/#mainImage\"},\"datePublished\":\"2015-06-10T00:17:29+02:00\",\"dateModified\":\"2015-06-10T00:17:29+02:00\"},{\"@type\":\"WebSite\",\"@id\":\"https:\\\/\\\/eldigitaldeasturias.com\\\/magazine365\\\/#website\",\"url\":\"https:\\\/\\\/eldigitaldeasturias.com\\\/magazine365\\\/\",\"name\":\"El Digital de Asturias\",\"description\":\"Revista de ocio, turismo y estilo de vida\",\"inLanguage\":\"es-ES\",\"publisher\":{\"@id\":\"https:\\\/\\\/eldigitaldeasturias.com\\\/magazine365\\\/#organization\"}}]}\n\t\t<\/script>\n\t\t<!-- All in One SEO Pro -->\r\n\t\t<title>Vueling se incorpora a la Asociaci\u00f3n Internacional de Transporte A\u00e9reo | El Digital de Asturias<\/title>\n\n","aioseo_head_json":{"title":"Vueling se incorpora a la Asociaci\u00f3n Internacional de Transporte A\u00e9reo | El Digital de Asturias","description":"Vueling se ha incorporado a la Asociaci\u00f3n Internacional del Transporte A\u00e9reo (IATA) como nuevo miembro durante la 71\u00aa Asamblea General de la asociaci\u00f3n celebrada en Miami, Florida, convirti\u00e9ndose el la aerol\u00ednea miembro con el coste unitario m\u00e1s bajo. La IATA representa actualmente a m\u00e1s de 260 compa\u00f1\u00edas a\u00e9reas en m\u00e1s de 115 pa\u00edses, que representan","canonical_url":"https:\/\/eldigitaldeasturias.com\/magazine365\/vueling-se-incorpora-a-la-asociacion-internacional-de-transporte-aereo\/","robots":"max-image-preview:large","keywords":"actualidad turismo","webmasterTools":{"google-site-verification":"UA-38556648-1","miscellaneous":""},"schema":{"@context":"https:\/\/schema.org","@graph":[{"@type":"Article","@id":"https:\/\/eldigitaldeasturias.com\/magazine365\/vueling-se-incorpora-a-la-asociacion-internacional-de-transporte-aereo\/#article","name":"Vueling se incorpora a la Asociaci\u00f3n Internacional de Transporte A\u00e9reo | El Digital de Asturias","headline":"Vueling se incorpora a la Asociaci\u00f3n Internacional de Transporte A\u00e9reo","author":{"@id":"https:\/\/eldigitaldeasturias.com\/magazine365\/author\/admin\/#author"},"publisher":{"@id":"https:\/\/eldigitaldeasturias.com\/magazine365\/#organization"},"image":{"@type":"ImageObject","url":"https:\/\/eldigitaldeasturias.com\/magazine365\/wp-content\/uploads\/2015\/06\/fotonoticia_20150609121316_800.jpg","width":800,"height":533},"datePublished":"2015-06-10T00:17:29+02:00","dateModified":"2015-06-10T00:17:29+02:00","inLanguage":"es-ES","mainEntityOfPage":{"@id":"https:\/\/eldigitaldeasturias.com\/magazine365\/vueling-se-incorpora-a-la-asociacion-internacional-de-transporte-aereo\/#webpage"},"isPartOf":{"@id":"https:\/\/eldigitaldeasturias.com\/magazine365\/vueling-se-incorpora-a-la-asociacion-internacional-de-transporte-aereo\/#webpage"},"articleSection":"Actualidad Turismo"},{"@type":"BreadcrumbList","@id":"https:\/\/eldigitaldeasturias.com\/magazine365\/vueling-se-incorpora-a-la-asociacion-internacional-de-transporte-aereo\/#breadcrumblist","itemListElement":[{"@type":"ListItem","@id":"https:\/\/eldigitaldeasturias.com\/magazine365#listItem","position":1,"name":"Home","item":"https:\/\/eldigitaldeasturias.com\/magazine365","nextItem":{"@type":"ListItem","@id":"https:\/\/eldigitaldeasturias.com\/magazine365\/category\/actualidad-turismo\/#listItem","name":"Actualidad Turismo"}},{"@type":"ListItem","@id":"https:\/\/eldigitaldeasturias.com\/magazine365\/category\/actualidad-turismo\/#listItem","position":2,"name":"Actualidad Turismo","item":"https:\/\/eldigitaldeasturias.com\/magazine365\/category\/actualidad-turismo\/","nextItem":{"@type":"ListItem","@id":"https:\/\/eldigitaldeasturias.com\/magazine365\/vueling-se-incorpora-a-la-asociacion-internacional-de-transporte-aereo\/#listItem","name":"Vueling se incorpora a la Asociaci\u00f3n Internacional de Transporte A\u00e9reo"},"previousItem":{"@type":"ListItem","@id":"https:\/\/eldigitaldeasturias.com\/magazine365#listItem","name":"Home"}},{"@type":"ListItem","@id":"https:\/\/eldigitaldeasturias.com\/magazine365\/vueling-se-incorpora-a-la-asociacion-internacional-de-transporte-aereo\/#listItem","position":3,"name":"Vueling se incorpora a la Asociaci\u00f3n Internacional de Transporte A\u00e9reo","previousItem":{"@type":"ListItem","@id":"https:\/\/eldigitaldeasturias.com\/magazine365\/category\/actualidad-turismo\/#listItem","name":"Actualidad Turismo"}}]},{"@type":"Organization","@id":"https:\/\/eldigitaldeasturias.com\/magazine365\/#organization","name":"El digital de Asturias","description":"Revista de ocio, turismo y estilo de vida","url":"https:\/\/eldigitaldeasturias.com\/magazine365\/","logo":{"@type":"ImageObject","url":"https:\/\/www.eldigitaldeasturias.com\/noticias\/wp-content\/uploads\/2020\/12\/EDA.jpg","@id":"https:\/\/eldigitaldeasturias.com\/magazine365\/vueling-se-incorpora-a-la-asociacion-internacional-de-transporte-aereo\/#organizationLogo"},"image":{"@id":"https:\/\/eldigitaldeasturias.com\/magazine365\/vueling-se-incorpora-a-la-asociacion-internacional-de-transporte-aereo\/#organizationLogo"}},{"@type":"Person","@id":"https:\/\/eldigitaldeasturias.com\/magazine365\/author\/admin\/#author","url":"https:\/\/eldigitaldeasturias.com\/magazine365\/author\/admin\/","name":"admin","image":{"@type":"ImageObject","@id":"https:\/\/eldigitaldeasturias.com\/magazine365\/vueling-se-incorpora-a-la-asociacion-internacional-de-transporte-aereo\/#authorImage","url":"https:\/\/eldigitaldeasturias.com\/magazine365\/wp-content\/litespeed\/avatar\/e571bcf59a0edd6fa6838245a470f2fe.jpg?ver=1776969259","width":96,"height":96,"caption":"admin"}},{"@type":"WebPage","@id":"https:\/\/eldigitaldeasturias.com\/magazine365\/vueling-se-incorpora-a-la-asociacion-internacional-de-transporte-aereo\/#webpage","url":"https:\/\/eldigitaldeasturias.com\/magazine365\/vueling-se-incorpora-a-la-asociacion-internacional-de-transporte-aereo\/","name":"Vueling se incorpora a la Asociaci\u00f3n Internacional de Transporte A\u00e9reo | El Digital de Asturias","description":"Vueling se ha incorporado a la Asociaci\u00f3n Internacional del Transporte A\u00e9reo (IATA) como nuevo miembro durante la 71\u00aa Asamblea General de la asociaci\u00f3n celebrada en Miami, Florida, convirti\u00e9ndose el la aerol\u00ednea miembro con el coste unitario m\u00e1s bajo. La IATA representa actualmente a m\u00e1s de 260 compa\u00f1\u00edas a\u00e9reas en m\u00e1s de 115 pa\u00edses, que representan","inLanguage":"es-ES","isPartOf":{"@id":"https:\/\/eldigitaldeasturias.com\/magazine365\/#website"},"breadcrumb":{"@id":"https:\/\/eldigitaldeasturias.com\/magazine365\/vueling-se-incorpora-a-la-asociacion-internacional-de-transporte-aereo\/#breadcrumblist"},"author":{"@id":"https:\/\/eldigitaldeasturias.com\/magazine365\/author\/admin\/#author"},"creator":{"@id":"https:\/\/eldigitaldeasturias.com\/magazine365\/author\/admin\/#author"},"image":{"@type":"ImageObject","url":"https:\/\/eldigitaldeasturias.com\/magazine365\/wp-content\/uploads\/2015\/06\/fotonoticia_20150609121316_800.jpg","@id":"https:\/\/eldigitaldeasturias.com\/magazine365\/vueling-se-incorpora-a-la-asociacion-internacional-de-transporte-aereo\/#mainImage","width":800,"height":533},"primaryImageOfPage":{"@id":"https:\/\/eldigitaldeasturias.com\/magazine365\/vueling-se-incorpora-a-la-asociacion-internacional-de-transporte-aereo\/#mainImage"},"datePublished":"2015-06-10T00:17:29+02:00","dateModified":"2015-06-10T00:17:29+02:00"},{"@type":"WebSite","@id":"https:\/\/eldigitaldeasturias.com\/magazine365\/#website","url":"https:\/\/eldigitaldeasturias.com\/magazine365\/","name":"El Digital de Asturias","description":"Revista de ocio, turismo y estilo de vida","inLanguage":"es-ES","publisher":{"@id":"https:\/\/eldigitaldeasturias.com\/magazine365\/#organization"}}]},"og:locale":"es_ES","og:site_name":"El Digital de Asturias \u2013 Revista de ocio, turismo y estilo de vida","og:type":"article","og:title":"Vueling se incorpora a la Asociaci\u00f3n Internacional de Transporte A\u00e9reo | El Digital de Asturias","og:description":"Vueling se ha incorporado a la Asociaci\u00f3n Internacional del Transporte A\u00e9reo (IATA) como nuevo miembro durante la 71\u00aa Asamblea General de la asociaci\u00f3n celebrada en Miami, Florida, convirti\u00e9ndose el la aerol\u00ednea miembro con el coste unitario m\u00e1s bajo. La IATA representa actualmente a m\u00e1s de 260 compa\u00f1\u00edas a\u00e9reas en m\u00e1s de 115 pa\u00edses, que representan","og:url":"https:\/\/eldigitaldeasturias.com\/magazine365\/vueling-se-incorpora-a-la-asociacion-internacional-de-transporte-aereo\/","og:image":"https:\/\/eldigitaldeasturias.com\/magazine365\/wp-content\/uploads\/2015\/06\/fotonoticia_20150609121316_800.jpg","og:image:secure_url":"https:\/\/eldigitaldeasturias.com\/magazine365\/wp-content\/uploads\/2015\/06\/fotonoticia_20150609121316_800.jpg","og:image:width":800,"og:image:height":533,"article:published_time":"2015-06-09T22:47:29+00:00","article:modified_time":"2015-06-09T22:47:29+00:00","twitter:card":"summary_large_image","twitter:title":"Vueling se incorpora a la Asociaci\u00f3n Internacional de Transporte A\u00e9reo | El Digital de Asturias","twitter:description":"Vueling se ha incorporado a la Asociaci\u00f3n Internacional del Transporte A\u00e9reo (IATA) como nuevo miembro durante la 71\u00aa Asamblea General de la asociaci\u00f3n celebrada en Miami, Florida, convirti\u00e9ndose el la aerol\u00ednea miembro con el coste unitario m\u00e1s bajo. La IATA representa actualmente a m\u00e1s de 260 compa\u00f1\u00edas a\u00e9reas en m\u00e1s de 115 pa\u00edses, que representan","twitter:image":"https:\/\/eldigitaldeasturias.com\/magazine365\/wp-content\/uploads\/2015\/06\/fotonoticia_20150609121316_800.jpg"},"aioseo_meta_data":{"post_id":"39311","title":null,"description":null,"keywords":null,"keyphrases":null,"primary_term":null,"canonical_url":null,"og_title":null,"og_description":null,"og_object_type":"default","og_image_type":"default","og_image_url":null,"og_image_width":null,"og_image_height":null,"og_image_custom_url":null,"og_image_custom_fields":null,"og_video":null,"og_custom_url":null,"og_article_section":null,"og_article_tags":null,"twitter_use_og":false,"twitter_card":"default","twitter_image_type":"default","twitter_image_url":null,"twitter_image_custom_url":null,"twitter_image_custom_fields":null,"twitter_title":null,"twitter_description":null,"schema":{"blockGraphs":[],"customGraphs":[],"default":{"data":{"Article":[],"Course":[],"Dataset":[],"FAQPage":[],"Movie":[],"Person":[],"Product":[],"ProductReview":[],"Car":[],"Recipe":[],"Service":[],"SoftwareApplication":[],"WebPage":[]},"graphName":"","isEnabled":true},"graphs":[],"defaultGraph":"","defaultPostTypeGraph":""},"schema_type":null,"schema_type_options":null,"pillar_content":false,"robots_default":true,"robots_noindex":false,"robots_noarchive":false,"robots_nosnippet":false,"robots_nofollow":false,"robots_noimageindex":false,"robots_noodp":false,"robots_notranslate":false,"robots_max_snippet":null,"robots_max_videopreview":null,"robots_max_imagepreview":"large","priority":null,"frequency":null,"location":null,"local_seo":null,"seo_analyzer_scan_date":"2025-09-19 11:19:06","breadcrumb_settings":null,"limit_modified_date":false,"open_ai":null,"ai":null,"created":"2021-03-09 02:42:46","updated":"2025-09-19 11:19:06"},"aioseo_breadcrumb":"<div class=\"aioseo-breadcrumbs\"><span class=\"aioseo-breadcrumb\">\n\t<a href=\"https:\/\/eldigitaldeasturias.com\/magazine365\" title=\"Home\">Home<\/a>\n<\/span><span class=\"aioseo-breadcrumb-separator\">\u2013<\/span><span class=\"aioseo-breadcrumb\">\n\t<a href=\"https:\/\/eldigitaldeasturias.com\/magazine365\/category\/actualidad-turismo\/\" title=\"Actualidad Turismo\">Actualidad Turismo<\/a>\n<\/span><span class=\"aioseo-breadcrumb-separator\">\u2013<\/span><span class=\"aioseo-breadcrumb\">\n\t<a href=\"https:\/\/eldigitaldeasturias.com\/magazine365\/vueling-se-incorpora-a-la-asociacion-internacional-de-transporte-aereo\/\" title=\"Vueling se incorpora a la Asociaci\u00f3n Internacional de Transporte A\u00e9reo\">Vueling se incorpora a la Asociaci\u00f3n Internacional de Transporte A\u00e9reo<\/a>\n<\/span><\/div>","aioseo_breadcrumb_json":[{"label":"Home","link":"https:\/\/eldigitaldeasturias.com\/magazine365"},{"label":"Actualidad Turismo","link":"https:\/\/eldigitaldeasturias.com\/magazine365\/category\/actualidad-turismo\/"},{"label":"Vueling se incorpora a la Asociaci\u00f3n Internacional de Transporte A\u00e9reo","link":"https:\/\/eldigitaldeasturias.com\/magazine365\/vueling-se-incorpora-a-la-asociacion-internacional-de-transporte-aereo\/"}],"_links":{"self":[{"href":"https:\/\/eldigitaldeasturias.com\/magazine365\/wp-json\/wp\/v2\/posts\/39311","targetHints":{"allow":["GET"]}}],"collection":[{"href":"https:\/\/eldigitaldeasturias.com\/magazine365\/wp-json\/wp\/v2\/posts"}],"about":[{"href":"https:\/\/eldigitaldeasturias.com\/magazine365\/wp-json\/wp\/v2\/types\/post"}],"author":[{"embeddable":true,"href":"https:\/\/eldigitaldeasturias.com\/magazine365\/wp-json\/wp\/v2\/users\/1"}],"replies":[{"embeddable":true,"href":"https:\/\/eldigitaldeasturias.com\/magazine365\/wp-json\/wp\/v2\/comments?post=39311"}],"version-history":[{"count":0,"href":"https:\/\/eldigitaldeasturias.com\/magazine365\/wp-json\/wp\/v2\/posts\/39311\/revisions"}],"wp:featuredmedia":[{"embeddable":true,"href":"https:\/\/eldigitaldeasturias.com\/magazine365\/wp-json\/wp\/v2\/media\/39312"}],"wp:attachment":[{"href":"https:\/\/eldigitaldeasturias.com\/magazine365\/wp-json\/wp\/v2\/media?parent=39311"}],"wp:term":[{"taxonomy":"category","embeddable":true,"href":"https:\/\/eldigitaldeasturias.com\/magazine365\/wp-json\/wp\/v2\/categories?post=39311"},{"taxonomy":"post_tag","embeddable":true,"href":"https:\/\/eldigitaldeasturias.com\/magazine365\/wp-json\/wp\/v2\/tags?post=39311"}],"curies":[{"name":"wp","href":"https:\/\/api.w.org\/{rel}","templated":true}]}}