{"id":39309,"date":"2015-06-10T00:08:33","date_gmt":"2015-06-09T22:38:33","guid":{"rendered":"http:\/\/eldigitaldeasturias.com\/magazine365\/?p=39309"},"modified":"2015-06-10T00:08:33","modified_gmt":"2015-06-09T22:38:33","slug":"una-trabajadora-del-centro-de-control-aereo-de-sevilla-denuncia-por-via-judicial-irregularidades-en-bolsas-de-trabajo","status":"publish","type":"post","link":"https:\/\/eldigitaldeasturias.com\/magazine365\/una-trabajadora-del-centro-de-control-aereo-de-sevilla-denuncia-por-via-judicial-irregularidades-en-bolsas-de-trabajo\/","title":{"rendered":"Una trabajadora del centro de control a\u00e9reo de Sevilla denuncia por v\u00eda judicial \u00abirregularidades\u00bb en bolsas de trabajo"},"content":{"rendered":"<p><img fetchpriority=\"high\" decoding=\"async\" class=\"alignleft size-medium wp-image-39092\" src=\"https:\/\/eldigitaldeasturias.com\/magazine365\/wp-content\/uploads\/2015\/06\/aeropuerto-360x239.jpg\" alt=\"aeropuerto\" width=\"360\" height=\"239\" srcset=\"https:\/\/eldigitaldeasturias.com\/magazine365\/wp-content\/uploads\/2015\/06\/aeropuerto-360x239.jpg 360w, https:\/\/eldigitaldeasturias.com\/magazine365\/wp-content\/uploads\/2015\/06\/aeropuerto-650x431.jpg 650w, https:\/\/eldigitaldeasturias.com\/magazine365\/wp-content\/uploads\/2015\/06\/aeropuerto-768x510.jpg 768w, https:\/\/eldigitaldeasturias.com\/magazine365\/wp-content\/uploads\/2015\/06\/aeropuerto-150x100.jpg 150w, https:\/\/eldigitaldeasturias.com\/magazine365\/wp-content\/uploads\/2015\/06\/aeropuerto-450x299.jpg 450w, https:\/\/eldigitaldeasturias.com\/magazine365\/wp-content\/uploads\/2015\/06\/aeropuerto-696x462.jpg 696w, https:\/\/eldigitaldeasturias.com\/magazine365\/wp-content\/uploads\/2015\/06\/aeropuerto-633x420.jpg 633w, https:\/\/eldigitaldeasturias.com\/magazine365\/wp-content\/uploads\/2015\/06\/aeropuerto-84x55.jpg 84w, https:\/\/eldigitaldeasturias.com\/magazine365\/wp-content\/uploads\/2015\/06\/aeropuerto.jpg 800w\" sizes=\"(max-width: 360px) 100vw, 360px\" \/>Una trabajadora eventual del centro de control a\u00e9reo en Sevilla, I.G.P., ha presentado una reclamaci\u00f3n tanto ante los recursos humanos de ENAIRE, como de Aena, previa a la presentaci\u00f3n de una demanda judicial, por la v\u00eda laboral para denunciar presuntas \u00abirregularidades\u00bb en las bolsas de trabajo a la hora de efectuar contrataciones.<\/p>\n<p>En el escrito remitido a dichas organizaciones, la denunciante relata una serie de hechos. As\u00ed, ha precisado que a 3 de marzo de 2015 se encontraban vigentes una serie de bolsas de trabajo en ENAIRE, como la bolsa de candidatos en reserva correspondientes a la convocatoria de selecci\u00f3n externa de 2006, donde \u00e9sta figura en el segundo puesto; la bolsa de candidatos en reserva correspondientes a la convocatoria de selecci\u00f3n externa de 26 de octubre de 2008; la bolsa de candidatos en reserva correspondientes a la convocatoria de selecci\u00f3n externa de 23 de noviembre de 2008, a excepci\u00f3n de las de t\u00e9cnico administrativo, que se constituyeron en 2012; y la bolsa de candidatos en reserva correspondientes a la convocatoria de selecci\u00f3n externa de 2010.<\/p>\n<p>En dicho escrito, consultado por Europa Press, explica que el 18 de diciembre de 2013, finalizaba la vigencia de la bolsa de 2006, de la que la denunciante forma parte ocupando el segundo lugar, por lo que se acord\u00f3, nuevamente que dicha bolsa se utilizar\u00eda para \u00abrealizar aquellas contrataciones fijas de car\u00e1cter estructural derivadas del acta de preacuerdo para la desconvocatoria de huelga de 8 de marzo de 2011 y el acuerdo de garant\u00edas, ambos de fecha 16 de marzo de 2011\u00bb.<\/p>\n<p>Ha recordado que ENAIRE y Aena \u00abest\u00e1n sujetas a lo dispuesto en la Ley de Presupuestos Generales del Estado, no pueden llevar a cabo contrataciones fijas ni por tanto cumplir con los compromisos de contrataci\u00f3n respecto de estas bolsas, contenidos en el acta de preacuerdo para la desconvocatoria de huelga de 8 de marzo de 2011, el acuerdo de garant\u00edas de 16 de marzo de 2011 ni el acuerdo de 8 de junio de 2011\u00bb.<\/p>\n<p>Por ello, ha explicado que, valorando el perjuicio que ocasiona a los trabajadores de esas bolsas no poder llevar a cabo dichas contrataciones fijas, se acord\u00f3 el 3 de marzo de 2015, que \u00aba aquellos candidatos que les correspondiera ocupar una plaza de car\u00e1cter fijo a tenor de lo dispuesto en el acta de preacuerdo para la desconvocatoria de huelga de 8 de marzo de 2011, el acuerdo de garant\u00edas de fecha 16 de marzo de 2011 y el acuerdo de 8 de junio de 2011, \u00abse les ofertar\u00e1 un \u00fanico contrato con cargo al cupo de contratos temporales de 2015, hasta el momento en que sea posible continuar con el compromiso de consolidaci\u00f3n de empleo, con los criterios de utilizaci\u00f3n de bolsas que se acuerden\u00bb.<\/p>\n<p>En ese sentido, ha indicado que \u00abse estableci\u00f3 en el orden de prelaci\u00f3n de las bolsas, en primer lugar, la de 15 de febrero de 2006\u00bb, donde se incluye la denunciante en segunda posici\u00f3n.<\/p>\n<p>La denunciante ha explicado que el 19 de abril de 2015 \u00abse consolida una nueva plaza de t\u00e9cnico administrativo especializado, que es la categor\u00eda de la denunciante, en el Centro Regional de Navegaci\u00f3n de Sevilla, por jubilaci\u00f3n de la persona que la ocupaba\u00bb.<\/p>\n<p>Dicha plaza, al no poder realizarse contrato fijo alguno, se ofrece con la categor\u00eda de contrato de obra o servicio determinado al primero de la bolsa de 2006, que la rechaza, pero la denunciante ha denunciado que \u00aben lugar de pasar a la segunda persona en la bolsa, que soy yo, se salta mi puesto y se ofrece a aquella que ocupa el primer puesto en la bolsa de candidatos en reserva correspondientes a la convocatoria de selecci\u00f3n externa de las categor\u00edas correspondientes a la ocupaci\u00f3n t\u00e9cnico administrativo, que se constituyeron el 9 de marzo de 2012\u00bb.<\/p>\n<p>\u00abTodo ello ocurre a pesar de que en asamblea celebrada en la empresa, con la presencia de los miembros del comit\u00e9 de empresa y la jefa de Recursos Humanos, la denunciante y otros compa\u00f1eros preguntaron sobre el orden de llamada a los puestos de trabajos consolidados y el representante en el comit\u00e9 de CCOO coment\u00f3 que se agotar\u00eda primero la bolsa de 2006 y despu\u00e9s se ir\u00edan llamando a los dem\u00e1s trabajadores\u00bb, ha explicado la denunciante.<\/p>\n<p>Considera que le corresponde \u00abel puesto de trabajo adjudicado a la persona que ocupa el primer puesto en la bolsa de candidatos en reserva correspondientes a la convocatoria de selecci\u00f3n externa de las categor\u00edas correspondientes a la ocupaci\u00f3n t\u00e9cnico administrativo de 2012\u00bb.<\/p>\n<p>Por ello solicita a ENAIRE y tambi\u00e9n a Aena que admitan su escrito de reclamaci\u00f3n previa y asigne a la denunciante \u00abel contrato\u00bb referido \u00abpor ostentar esta parte un orden de prelaci\u00f3n superior a la persona a la que se ha suscrito\u00bb.<\/p>\n","protected":false},"excerpt":{"rendered":"<p>Una trabajadora eventual del centro de control a\u00e9reo en Sevilla, I.G.P., ha presentado una reclamaci\u00f3n tanto ante los recursos humanos de ENAIRE, como de Aena, previa a la presentaci\u00f3n de una demanda judicial, por la v\u00eda laboral para denunciar presuntas \u00abirregularidades\u00bb en las bolsas de trabajo a la hora de efectuar contrataciones. En el escrito<\/p>\n","protected":false},"author":1,"featured_media":39092,"comment_status":"open","ping_status":"closed","sticky":false,"template":"","format":"standard","meta":{"footnotes":""},"categories":[224],"tags":[],"class_list":{"0":"post-39309","1":"post","2":"type-post","3":"status-publish","4":"format-standard","5":"has-post-thumbnail","7":"category-noticias-actualidad"},"aioseo_notices":[],"aioseo_head":"\n\t\t<!-- All in One SEO Pro 4.9.6.1 - aioseo.com -->\n\t<meta name=\"description\" content=\"Una trabajadora eventual del centro de control a\u00e9reo en Sevilla, I.G.P., ha presentado una reclamaci\u00f3n tanto ante los recursos humanos de ENAIRE, como de Aena, previa a la presentaci\u00f3n de una demanda judicial, por la v\u00eda laboral para denunciar presuntas &quot;irregularidades&quot; en las bolsas de trabajo a la hora de efectuar contrataciones. En el escrito\" \/>\n\t<meta name=\"robots\" content=\"max-image-preview:large\" \/>\n\t<meta name=\"author\" content=\"admin\"\/>\n\t<meta name=\"google-site-verification\" content=\"UA-38556648-1\" \/>\n\t<meta name=\"keywords\" content=\"noticias y actualidad\" \/>\n\t<link rel=\"canonical\" href=\"https:\/\/eldigitaldeasturias.com\/magazine365\/una-trabajadora-del-centro-de-control-aereo-de-sevilla-denuncia-por-via-judicial-irregularidades-en-bolsas-de-trabajo\/\" \/>\n\t<meta name=\"generator\" content=\"All in One SEO Pro (AIOSEO) 4.9.6.1\" \/>\n\t\t<meta property=\"og:locale\" content=\"es_ES\" \/>\n\t\t<meta property=\"og:site_name\" content=\"El Digital de Asturias \u2013 Revista de ocio, turismo y estilo de vida\" \/>\n\t\t<meta property=\"og:type\" content=\"article\" \/>\n\t\t<meta property=\"og:title\" content=\"Una trabajadora del centro de control a\u00e9reo de Sevilla denuncia por v\u00eda judicial \u00abirregularidades\u00bb en bolsas de trabajo | El Digital de Asturias\" \/>\n\t\t<meta property=\"og:description\" content=\"Una trabajadora eventual del centro de control a\u00e9reo en Sevilla, I.G.P., ha presentado una reclamaci\u00f3n tanto ante los recursos humanos de ENAIRE, como de Aena, previa a la presentaci\u00f3n de una demanda judicial, por la v\u00eda laboral para denunciar presuntas &quot;irregularidades&quot; en las bolsas de trabajo a la hora de efectuar contrataciones. En el escrito\" \/>\n\t\t<meta property=\"og:url\" content=\"https:\/\/eldigitaldeasturias.com\/magazine365\/una-trabajadora-del-centro-de-control-aereo-de-sevilla-denuncia-por-via-judicial-irregularidades-en-bolsas-de-trabajo\/\" \/>\n\t\t<meta property=\"og:image\" content=\"https:\/\/eldigitaldeasturias.com\/magazine365\/wp-content\/uploads\/2015\/06\/aeropuerto.jpg\" \/>\n\t\t<meta property=\"og:image:secure_url\" content=\"https:\/\/eldigitaldeasturias.com\/magazine365\/wp-content\/uploads\/2015\/06\/aeropuerto.jpg\" \/>\n\t\t<meta property=\"og:image:width\" content=\"800\" \/>\n\t\t<meta property=\"og:image:height\" content=\"531\" \/>\n\t\t<meta property=\"article:published_time\" content=\"2015-06-09T22:38:33+00:00\" \/>\n\t\t<meta property=\"article:modified_time\" content=\"2015-06-09T22:38:33+00:00\" \/>\n\t\t<meta name=\"twitter:card\" content=\"summary_large_image\" \/>\n\t\t<meta name=\"twitter:title\" content=\"Una trabajadora del centro de control a\u00e9reo de Sevilla denuncia por v\u00eda judicial \u00abirregularidades\u00bb en bolsas de trabajo | El Digital de Asturias\" \/>\n\t\t<meta name=\"twitter:description\" content=\"Una trabajadora eventual del centro de control a\u00e9reo en Sevilla, I.G.P., ha presentado una reclamaci\u00f3n tanto ante los recursos humanos de ENAIRE, como de Aena, previa a la presentaci\u00f3n de una demanda judicial, por la v\u00eda laboral para denunciar presuntas &quot;irregularidades&quot; en las bolsas de trabajo a la hora de efectuar contrataciones. En el escrito\" \/>\n\t\t<meta name=\"twitter:image\" content=\"https:\/\/eldigitaldeasturias.com\/magazine365\/wp-content\/uploads\/2015\/06\/aeropuerto.jpg\" \/>\n\t\t<script type=\"application\/ld+json\" class=\"aioseo-schema\">\n\t\t\t{\"@context\":\"https:\\\/\\\/schema.org\",\"@graph\":[{\"@type\":\"Article\",\"@id\":\"https:\\\/\\\/eldigitaldeasturias.com\\\/magazine365\\\/una-trabajadora-del-centro-de-control-aereo-de-sevilla-denuncia-por-via-judicial-irregularidades-en-bolsas-de-trabajo\\\/#article\",\"name\":\"Una trabajadora del centro de control a\\u00e9reo de Sevilla denuncia por v\\u00eda judicial \\u00abirregularidades\\u00bb en bolsas de trabajo | El Digital de Asturias\",\"headline\":\"Una trabajadora del centro de control a\\u00e9reo de Sevilla denuncia por v\\u00eda judicial \\u00abirregularidades\\u00bb en bolsas de trabajo\",\"author\":{\"@id\":\"https:\\\/\\\/eldigitaldeasturias.com\\\/magazine365\\\/author\\\/admin\\\/#author\"},\"publisher\":{\"@id\":\"https:\\\/\\\/eldigitaldeasturias.com\\\/magazine365\\\/#organization\"},\"image\":{\"@type\":\"ImageObject\",\"url\":\"https:\\\/\\\/eldigitaldeasturias.com\\\/magazine365\\\/wp-content\\\/uploads\\\/2015\\\/06\\\/aeropuerto.jpg\",\"width\":800,\"height\":531},\"datePublished\":\"2015-06-10T00:08:33+02:00\",\"dateModified\":\"2015-06-10T00:08:33+02:00\",\"inLanguage\":\"es-ES\",\"mainEntityOfPage\":{\"@id\":\"https:\\\/\\\/eldigitaldeasturias.com\\\/magazine365\\\/una-trabajadora-del-centro-de-control-aereo-de-sevilla-denuncia-por-via-judicial-irregularidades-en-bolsas-de-trabajo\\\/#webpage\"},\"isPartOf\":{\"@id\":\"https:\\\/\\\/eldigitaldeasturias.com\\\/magazine365\\\/una-trabajadora-del-centro-de-control-aereo-de-sevilla-denuncia-por-via-judicial-irregularidades-en-bolsas-de-trabajo\\\/#webpage\"},\"articleSection\":\"Noticias y Actualidad\"},{\"@type\":\"BreadcrumbList\",\"@id\":\"https:\\\/\\\/eldigitaldeasturias.com\\\/magazine365\\\/una-trabajadora-del-centro-de-control-aereo-de-sevilla-denuncia-por-via-judicial-irregularidades-en-bolsas-de-trabajo\\\/#breadcrumblist\",\"itemListElement\":[{\"@type\":\"ListItem\",\"@id\":\"https:\\\/\\\/eldigitaldeasturias.com\\\/magazine365#listItem\",\"position\":1,\"name\":\"Home\",\"item\":\"https:\\\/\\\/eldigitaldeasturias.com\\\/magazine365\",\"nextItem\":{\"@type\":\"ListItem\",\"@id\":\"https:\\\/\\\/eldigitaldeasturias.com\\\/magazine365\\\/category\\\/noticias-actualidad\\\/#listItem\",\"name\":\"Noticias y Actualidad\"}},{\"@type\":\"ListItem\",\"@id\":\"https:\\\/\\\/eldigitaldeasturias.com\\\/magazine365\\\/category\\\/noticias-actualidad\\\/#listItem\",\"position\":2,\"name\":\"Noticias y Actualidad\",\"item\":\"https:\\\/\\\/eldigitaldeasturias.com\\\/magazine365\\\/category\\\/noticias-actualidad\\\/\",\"nextItem\":{\"@type\":\"ListItem\",\"@id\":\"https:\\\/\\\/eldigitaldeasturias.com\\\/magazine365\\\/una-trabajadora-del-centro-de-control-aereo-de-sevilla-denuncia-por-via-judicial-irregularidades-en-bolsas-de-trabajo\\\/#listItem\",\"name\":\"Una trabajadora del centro de control a\\u00e9reo de Sevilla denuncia por v\\u00eda judicial \\u00abirregularidades\\u00bb en bolsas de trabajo\"},\"previousItem\":{\"@type\":\"ListItem\",\"@id\":\"https:\\\/\\\/eldigitaldeasturias.com\\\/magazine365#listItem\",\"name\":\"Home\"}},{\"@type\":\"ListItem\",\"@id\":\"https:\\\/\\\/eldigitaldeasturias.com\\\/magazine365\\\/una-trabajadora-del-centro-de-control-aereo-de-sevilla-denuncia-por-via-judicial-irregularidades-en-bolsas-de-trabajo\\\/#listItem\",\"position\":3,\"name\":\"Una trabajadora del centro de control a\\u00e9reo de Sevilla denuncia por v\\u00eda judicial \\u00abirregularidades\\u00bb en bolsas de trabajo\",\"previousItem\":{\"@type\":\"ListItem\",\"@id\":\"https:\\\/\\\/eldigitaldeasturias.com\\\/magazine365\\\/category\\\/noticias-actualidad\\\/#listItem\",\"name\":\"Noticias y Actualidad\"}}]},{\"@type\":\"Organization\",\"@id\":\"https:\\\/\\\/eldigitaldeasturias.com\\\/magazine365\\\/#organization\",\"name\":\"El digital de Asturias\",\"description\":\"Revista de ocio, turismo y estilo de vida\",\"url\":\"https:\\\/\\\/eldigitaldeasturias.com\\\/magazine365\\\/\",\"logo\":{\"@type\":\"ImageObject\",\"url\":\"https:\\\/\\\/www.eldigitaldeasturias.com\\\/noticias\\\/wp-content\\\/uploads\\\/2020\\\/12\\\/EDA.jpg\",\"@id\":\"https:\\\/\\\/eldigitaldeasturias.com\\\/magazine365\\\/una-trabajadora-del-centro-de-control-aereo-de-sevilla-denuncia-por-via-judicial-irregularidades-en-bolsas-de-trabajo\\\/#organizationLogo\"},\"image\":{\"@id\":\"https:\\\/\\\/eldigitaldeasturias.com\\\/magazine365\\\/una-trabajadora-del-centro-de-control-aereo-de-sevilla-denuncia-por-via-judicial-irregularidades-en-bolsas-de-trabajo\\\/#organizationLogo\"}},{\"@type\":\"Person\",\"@id\":\"https:\\\/\\\/eldigitaldeasturias.com\\\/magazine365\\\/author\\\/admin\\\/#author\",\"url\":\"https:\\\/\\\/eldigitaldeasturias.com\\\/magazine365\\\/author\\\/admin\\\/\",\"name\":\"admin\",\"image\":{\"@type\":\"ImageObject\",\"@id\":\"https:\\\/\\\/eldigitaldeasturias.com\\\/magazine365\\\/una-trabajadora-del-centro-de-control-aereo-de-sevilla-denuncia-por-via-judicial-irregularidades-en-bolsas-de-trabajo\\\/#authorImage\",\"url\":\"https:\\\/\\\/eldigitaldeasturias.com\\\/magazine365\\\/wp-content\\\/litespeed\\\/avatar\\\/e571bcf59a0edd6fa6838245a470f2fe.jpg?ver=1776969259\",\"width\":96,\"height\":96,\"caption\":\"admin\"}},{\"@type\":\"WebPage\",\"@id\":\"https:\\\/\\\/eldigitaldeasturias.com\\\/magazine365\\\/una-trabajadora-del-centro-de-control-aereo-de-sevilla-denuncia-por-via-judicial-irregularidades-en-bolsas-de-trabajo\\\/#webpage\",\"url\":\"https:\\\/\\\/eldigitaldeasturias.com\\\/magazine365\\\/una-trabajadora-del-centro-de-control-aereo-de-sevilla-denuncia-por-via-judicial-irregularidades-en-bolsas-de-trabajo\\\/\",\"name\":\"Una trabajadora del centro de control a\\u00e9reo de Sevilla denuncia por v\\u00eda judicial \\u00abirregularidades\\u00bb en bolsas de trabajo | El Digital de Asturias\",\"description\":\"Una trabajadora eventual del centro de control a\\u00e9reo en Sevilla, I.G.P., ha presentado una reclamaci\\u00f3n tanto ante los recursos humanos de ENAIRE, como de Aena, previa a la presentaci\\u00f3n de una demanda judicial, por la v\\u00eda laboral para denunciar presuntas \\\"irregularidades\\\" en las bolsas de trabajo a la hora de efectuar contrataciones. En el escrito\",\"inLanguage\":\"es-ES\",\"isPartOf\":{\"@id\":\"https:\\\/\\\/eldigitaldeasturias.com\\\/magazine365\\\/#website\"},\"breadcrumb\":{\"@id\":\"https:\\\/\\\/eldigitaldeasturias.com\\\/magazine365\\\/una-trabajadora-del-centro-de-control-aereo-de-sevilla-denuncia-por-via-judicial-irregularidades-en-bolsas-de-trabajo\\\/#breadcrumblist\"},\"author\":{\"@id\":\"https:\\\/\\\/eldigitaldeasturias.com\\\/magazine365\\\/author\\\/admin\\\/#author\"},\"creator\":{\"@id\":\"https:\\\/\\\/eldigitaldeasturias.com\\\/magazine365\\\/author\\\/admin\\\/#author\"},\"image\":{\"@type\":\"ImageObject\",\"url\":\"https:\\\/\\\/eldigitaldeasturias.com\\\/magazine365\\\/wp-content\\\/uploads\\\/2015\\\/06\\\/aeropuerto.jpg\",\"@id\":\"https:\\\/\\\/eldigitaldeasturias.com\\\/magazine365\\\/una-trabajadora-del-centro-de-control-aereo-de-sevilla-denuncia-por-via-judicial-irregularidades-en-bolsas-de-trabajo\\\/#mainImage\",\"width\":800,\"height\":531},\"primaryImageOfPage\":{\"@id\":\"https:\\\/\\\/eldigitaldeasturias.com\\\/magazine365\\\/una-trabajadora-del-centro-de-control-aereo-de-sevilla-denuncia-por-via-judicial-irregularidades-en-bolsas-de-trabajo\\\/#mainImage\"},\"datePublished\":\"2015-06-10T00:08:33+02:00\",\"dateModified\":\"2015-06-10T00:08:33+02:00\"},{\"@type\":\"WebSite\",\"@id\":\"https:\\\/\\\/eldigitaldeasturias.com\\\/magazine365\\\/#website\",\"url\":\"https:\\\/\\\/eldigitaldeasturias.com\\\/magazine365\\\/\",\"name\":\"El Digital de Asturias\",\"description\":\"Revista de ocio, turismo y estilo de vida\",\"inLanguage\":\"es-ES\",\"publisher\":{\"@id\":\"https:\\\/\\\/eldigitaldeasturias.com\\\/magazine365\\\/#organization\"}}]}\n\t\t<\/script>\n\t\t<!-- All in One SEO Pro -->\r\n\t\t<title>Una trabajadora del centro de control a\u00e9reo de Sevilla denuncia por v\u00eda judicial \u00abirregularidades\u00bb en bolsas de trabajo | El Digital de Asturias<\/title>\n\n","aioseo_head_json":{"title":"Una trabajadora del centro de control a\u00e9reo de Sevilla denuncia por v\u00eda judicial \u00abirregularidades\u00bb en bolsas de trabajo | El Digital de Asturias","description":"Una trabajadora eventual del centro de control a\u00e9reo en Sevilla, I.G.P., ha presentado una reclamaci\u00f3n tanto ante los recursos humanos de ENAIRE, como de Aena, previa a la presentaci\u00f3n de una demanda judicial, por la v\u00eda laboral para denunciar presuntas \"irregularidades\" en las bolsas de trabajo a la hora de efectuar contrataciones. En el escrito","canonical_url":"https:\/\/eldigitaldeasturias.com\/magazine365\/una-trabajadora-del-centro-de-control-aereo-de-sevilla-denuncia-por-via-judicial-irregularidades-en-bolsas-de-trabajo\/","robots":"max-image-preview:large","keywords":"noticias y actualidad","webmasterTools":{"google-site-verification":"UA-38556648-1","miscellaneous":""},"schema":{"@context":"https:\/\/schema.org","@graph":[{"@type":"Article","@id":"https:\/\/eldigitaldeasturias.com\/magazine365\/una-trabajadora-del-centro-de-control-aereo-de-sevilla-denuncia-por-via-judicial-irregularidades-en-bolsas-de-trabajo\/#article","name":"Una trabajadora del centro de control a\u00e9reo de Sevilla denuncia por v\u00eda judicial \u00abirregularidades\u00bb en bolsas de trabajo | El Digital de Asturias","headline":"Una trabajadora del centro de control a\u00e9reo de Sevilla denuncia por v\u00eda judicial \u00abirregularidades\u00bb en bolsas de trabajo","author":{"@id":"https:\/\/eldigitaldeasturias.com\/magazine365\/author\/admin\/#author"},"publisher":{"@id":"https:\/\/eldigitaldeasturias.com\/magazine365\/#organization"},"image":{"@type":"ImageObject","url":"https:\/\/eldigitaldeasturias.com\/magazine365\/wp-content\/uploads\/2015\/06\/aeropuerto.jpg","width":800,"height":531},"datePublished":"2015-06-10T00:08:33+02:00","dateModified":"2015-06-10T00:08:33+02:00","inLanguage":"es-ES","mainEntityOfPage":{"@id":"https:\/\/eldigitaldeasturias.com\/magazine365\/una-trabajadora-del-centro-de-control-aereo-de-sevilla-denuncia-por-via-judicial-irregularidades-en-bolsas-de-trabajo\/#webpage"},"isPartOf":{"@id":"https:\/\/eldigitaldeasturias.com\/magazine365\/una-trabajadora-del-centro-de-control-aereo-de-sevilla-denuncia-por-via-judicial-irregularidades-en-bolsas-de-trabajo\/#webpage"},"articleSection":"Noticias y Actualidad"},{"@type":"BreadcrumbList","@id":"https:\/\/eldigitaldeasturias.com\/magazine365\/una-trabajadora-del-centro-de-control-aereo-de-sevilla-denuncia-por-via-judicial-irregularidades-en-bolsas-de-trabajo\/#breadcrumblist","itemListElement":[{"@type":"ListItem","@id":"https:\/\/eldigitaldeasturias.com\/magazine365#listItem","position":1,"name":"Home","item":"https:\/\/eldigitaldeasturias.com\/magazine365","nextItem":{"@type":"ListItem","@id":"https:\/\/eldigitaldeasturias.com\/magazine365\/category\/noticias-actualidad\/#listItem","name":"Noticias y Actualidad"}},{"@type":"ListItem","@id":"https:\/\/eldigitaldeasturias.com\/magazine365\/category\/noticias-actualidad\/#listItem","position":2,"name":"Noticias y Actualidad","item":"https:\/\/eldigitaldeasturias.com\/magazine365\/category\/noticias-actualidad\/","nextItem":{"@type":"ListItem","@id":"https:\/\/eldigitaldeasturias.com\/magazine365\/una-trabajadora-del-centro-de-control-aereo-de-sevilla-denuncia-por-via-judicial-irregularidades-en-bolsas-de-trabajo\/#listItem","name":"Una trabajadora del centro de control a\u00e9reo de Sevilla denuncia por v\u00eda judicial \u00abirregularidades\u00bb en bolsas de trabajo"},"previousItem":{"@type":"ListItem","@id":"https:\/\/eldigitaldeasturias.com\/magazine365#listItem","name":"Home"}},{"@type":"ListItem","@id":"https:\/\/eldigitaldeasturias.com\/magazine365\/una-trabajadora-del-centro-de-control-aereo-de-sevilla-denuncia-por-via-judicial-irregularidades-en-bolsas-de-trabajo\/#listItem","position":3,"name":"Una trabajadora del centro de control a\u00e9reo de Sevilla denuncia por v\u00eda judicial \u00abirregularidades\u00bb en bolsas de trabajo","previousItem":{"@type":"ListItem","@id":"https:\/\/eldigitaldeasturias.com\/magazine365\/category\/noticias-actualidad\/#listItem","name":"Noticias y Actualidad"}}]},{"@type":"Organization","@id":"https:\/\/eldigitaldeasturias.com\/magazine365\/#organization","name":"El digital de Asturias","description":"Revista de ocio, turismo y estilo de vida","url":"https:\/\/eldigitaldeasturias.com\/magazine365\/","logo":{"@type":"ImageObject","url":"https:\/\/www.eldigitaldeasturias.com\/noticias\/wp-content\/uploads\/2020\/12\/EDA.jpg","@id":"https:\/\/eldigitaldeasturias.com\/magazine365\/una-trabajadora-del-centro-de-control-aereo-de-sevilla-denuncia-por-via-judicial-irregularidades-en-bolsas-de-trabajo\/#organizationLogo"},"image":{"@id":"https:\/\/eldigitaldeasturias.com\/magazine365\/una-trabajadora-del-centro-de-control-aereo-de-sevilla-denuncia-por-via-judicial-irregularidades-en-bolsas-de-trabajo\/#organizationLogo"}},{"@type":"Person","@id":"https:\/\/eldigitaldeasturias.com\/magazine365\/author\/admin\/#author","url":"https:\/\/eldigitaldeasturias.com\/magazine365\/author\/admin\/","name":"admin","image":{"@type":"ImageObject","@id":"https:\/\/eldigitaldeasturias.com\/magazine365\/una-trabajadora-del-centro-de-control-aereo-de-sevilla-denuncia-por-via-judicial-irregularidades-en-bolsas-de-trabajo\/#authorImage","url":"https:\/\/eldigitaldeasturias.com\/magazine365\/wp-content\/litespeed\/avatar\/e571bcf59a0edd6fa6838245a470f2fe.jpg?ver=1776969259","width":96,"height":96,"caption":"admin"}},{"@type":"WebPage","@id":"https:\/\/eldigitaldeasturias.com\/magazine365\/una-trabajadora-del-centro-de-control-aereo-de-sevilla-denuncia-por-via-judicial-irregularidades-en-bolsas-de-trabajo\/#webpage","url":"https:\/\/eldigitaldeasturias.com\/magazine365\/una-trabajadora-del-centro-de-control-aereo-de-sevilla-denuncia-por-via-judicial-irregularidades-en-bolsas-de-trabajo\/","name":"Una trabajadora del centro de control a\u00e9reo de Sevilla denuncia por v\u00eda judicial \u00abirregularidades\u00bb en bolsas de trabajo | El Digital de Asturias","description":"Una trabajadora eventual del centro de control a\u00e9reo en Sevilla, I.G.P., ha presentado una reclamaci\u00f3n tanto ante los recursos humanos de ENAIRE, como de Aena, previa a la presentaci\u00f3n de una demanda judicial, por la v\u00eda laboral para denunciar presuntas \"irregularidades\" en las bolsas de trabajo a la hora de efectuar contrataciones. En el escrito","inLanguage":"es-ES","isPartOf":{"@id":"https:\/\/eldigitaldeasturias.com\/magazine365\/#website"},"breadcrumb":{"@id":"https:\/\/eldigitaldeasturias.com\/magazine365\/una-trabajadora-del-centro-de-control-aereo-de-sevilla-denuncia-por-via-judicial-irregularidades-en-bolsas-de-trabajo\/#breadcrumblist"},"author":{"@id":"https:\/\/eldigitaldeasturias.com\/magazine365\/author\/admin\/#author"},"creator":{"@id":"https:\/\/eldigitaldeasturias.com\/magazine365\/author\/admin\/#author"},"image":{"@type":"ImageObject","url":"https:\/\/eldigitaldeasturias.com\/magazine365\/wp-content\/uploads\/2015\/06\/aeropuerto.jpg","@id":"https:\/\/eldigitaldeasturias.com\/magazine365\/una-trabajadora-del-centro-de-control-aereo-de-sevilla-denuncia-por-via-judicial-irregularidades-en-bolsas-de-trabajo\/#mainImage","width":800,"height":531},"primaryImageOfPage":{"@id":"https:\/\/eldigitaldeasturias.com\/magazine365\/una-trabajadora-del-centro-de-control-aereo-de-sevilla-denuncia-por-via-judicial-irregularidades-en-bolsas-de-trabajo\/#mainImage"},"datePublished":"2015-06-10T00:08:33+02:00","dateModified":"2015-06-10T00:08:33+02:00"},{"@type":"WebSite","@id":"https:\/\/eldigitaldeasturias.com\/magazine365\/#website","url":"https:\/\/eldigitaldeasturias.com\/magazine365\/","name":"El Digital de Asturias","description":"Revista de ocio, turismo y estilo de vida","inLanguage":"es-ES","publisher":{"@id":"https:\/\/eldigitaldeasturias.com\/magazine365\/#organization"}}]},"og:locale":"es_ES","og:site_name":"El Digital de Asturias \u2013 Revista de ocio, turismo y estilo de vida","og:type":"article","og:title":"Una trabajadora del centro de control a\u00e9reo de Sevilla denuncia por v\u00eda judicial \u00abirregularidades\u00bb en bolsas de trabajo | El Digital de Asturias","og:description":"Una trabajadora eventual del centro de control a\u00e9reo en Sevilla, I.G.P., ha presentado una reclamaci\u00f3n tanto ante los recursos humanos de ENAIRE, como de Aena, previa a la presentaci\u00f3n de una demanda judicial, por la v\u00eda laboral para denunciar presuntas &quot;irregularidades&quot; en las bolsas de trabajo a la hora de efectuar contrataciones. En el escrito","og:url":"https:\/\/eldigitaldeasturias.com\/magazine365\/una-trabajadora-del-centro-de-control-aereo-de-sevilla-denuncia-por-via-judicial-irregularidades-en-bolsas-de-trabajo\/","og:image":"https:\/\/eldigitaldeasturias.com\/magazine365\/wp-content\/uploads\/2015\/06\/aeropuerto.jpg","og:image:secure_url":"https:\/\/eldigitaldeasturias.com\/magazine365\/wp-content\/uploads\/2015\/06\/aeropuerto.jpg","og:image:width":800,"og:image:height":531,"article:published_time":"2015-06-09T22:38:33+00:00","article:modified_time":"2015-06-09T22:38:33+00:00","twitter:card":"summary_large_image","twitter:title":"Una trabajadora del centro de control a\u00e9reo de Sevilla denuncia por v\u00eda judicial \u00abirregularidades\u00bb en bolsas de trabajo | El Digital de Asturias","twitter:description":"Una trabajadora eventual del centro de control a\u00e9reo en Sevilla, I.G.P., ha presentado una reclamaci\u00f3n tanto ante los recursos humanos de ENAIRE, como de Aena, previa a la presentaci\u00f3n de una demanda judicial, por la v\u00eda laboral para denunciar presuntas &quot;irregularidades&quot; en las bolsas de trabajo a la hora de efectuar contrataciones. En el escrito","twitter:image":"https:\/\/eldigitaldeasturias.com\/magazine365\/wp-content\/uploads\/2015\/06\/aeropuerto.jpg"},"aioseo_meta_data":{"post_id":"39309","title":null,"description":null,"keywords":null,"keyphrases":null,"primary_term":null,"canonical_url":null,"og_title":null,"og_description":null,"og_object_type":"default","og_image_type":"default","og_image_url":null,"og_image_width":null,"og_image_height":null,"og_image_custom_url":null,"og_image_custom_fields":null,"og_video":null,"og_custom_url":null,"og_article_section":null,"og_article_tags":null,"twitter_use_og":false,"twitter_card":"default","twitter_image_type":"default","twitter_image_url":null,"twitter_image_custom_url":null,"twitter_image_custom_fields":null,"twitter_title":null,"twitter_description":null,"schema":{"blockGraphs":[],"customGraphs":[],"default":{"data":{"Article":[],"Course":[],"Dataset":[],"FAQPage":[],"Movie":[],"Person":[],"Product":[],"ProductReview":[],"Car":[],"Recipe":[],"Service":[],"SoftwareApplication":[],"WebPage":[]},"graphName":"","isEnabled":true},"graphs":[],"defaultGraph":"","defaultPostTypeGraph":""},"schema_type":null,"schema_type_options":null,"pillar_content":false,"robots_default":true,"robots_noindex":false,"robots_noarchive":false,"robots_nosnippet":false,"robots_nofollow":false,"robots_noimageindex":false,"robots_noodp":false,"robots_notranslate":false,"robots_max_snippet":null,"robots_max_videopreview":null,"robots_max_imagepreview":"large","priority":null,"frequency":null,"location":null,"local_seo":null,"seo_analyzer_scan_date":"2025-09-19 11:19:05","breadcrumb_settings":null,"limit_modified_date":false,"open_ai":null,"ai":null,"created":"2021-03-09 02:42:46","updated":"2025-09-19 11:19:05"},"aioseo_breadcrumb":"<div class=\"aioseo-breadcrumbs\"><span class=\"aioseo-breadcrumb\">\n\t<a href=\"https:\/\/eldigitaldeasturias.com\/magazine365\" title=\"Home\">Home<\/a>\n<\/span><span class=\"aioseo-breadcrumb-separator\">\u2013<\/span><span class=\"aioseo-breadcrumb\">\n\t<a href=\"https:\/\/eldigitaldeasturias.com\/magazine365\/category\/noticias-actualidad\/\" title=\"Noticias y Actualidad\">Noticias y Actualidad<\/a>\n<\/span><span class=\"aioseo-breadcrumb-separator\">\u2013<\/span><span class=\"aioseo-breadcrumb\">\n\t<a href=\"https:\/\/eldigitaldeasturias.com\/magazine365\/una-trabajadora-del-centro-de-control-aereo-de-sevilla-denuncia-por-via-judicial-irregularidades-en-bolsas-de-trabajo\/\" title=\"Una trabajadora del centro de control a\u00e9reo de Sevilla denuncia por v\u00eda judicial \u00abirregularidades\u00bb en bolsas de trabajo\">Una trabajadora del centro de control a\u00e9reo de Sevilla denuncia por v\u00eda judicial \u00abirregularidades\u00bb en bolsas de trabajo<\/a>\n<\/span><\/div>","aioseo_breadcrumb_json":[{"label":"Home","link":"https:\/\/eldigitaldeasturias.com\/magazine365"},{"label":"Noticias y Actualidad","link":"https:\/\/eldigitaldeasturias.com\/magazine365\/category\/noticias-actualidad\/"},{"label":"Una trabajadora del centro de control a\u00e9reo de Sevilla denuncia por v\u00eda judicial \u00abirregularidades\u00bb en bolsas de trabajo","link":"https:\/\/eldigitaldeasturias.com\/magazine365\/una-trabajadora-del-centro-de-control-aereo-de-sevilla-denuncia-por-via-judicial-irregularidades-en-bolsas-de-trabajo\/"}],"_links":{"self":[{"href":"https:\/\/eldigitaldeasturias.com\/magazine365\/wp-json\/wp\/v2\/posts\/39309","targetHints":{"allow":["GET"]}}],"collection":[{"href":"https:\/\/eldigitaldeasturias.com\/magazine365\/wp-json\/wp\/v2\/posts"}],"about":[{"href":"https:\/\/eldigitaldeasturias.com\/magazine365\/wp-json\/wp\/v2\/types\/post"}],"author":[{"embeddable":true,"href":"https:\/\/eldigitaldeasturias.com\/magazine365\/wp-json\/wp\/v2\/users\/1"}],"replies":[{"embeddable":true,"href":"https:\/\/eldigitaldeasturias.com\/magazine365\/wp-json\/wp\/v2\/comments?post=39309"}],"version-history":[{"count":0,"href":"https:\/\/eldigitaldeasturias.com\/magazine365\/wp-json\/wp\/v2\/posts\/39309\/revisions"}],"wp:featuredmedia":[{"embeddable":true,"href":"https:\/\/eldigitaldeasturias.com\/magazine365\/wp-json\/wp\/v2\/media\/39092"}],"wp:attachment":[{"href":"https:\/\/eldigitaldeasturias.com\/magazine365\/wp-json\/wp\/v2\/media?parent=39309"}],"wp:term":[{"taxonomy":"category","embeddable":true,"href":"https:\/\/eldigitaldeasturias.com\/magazine365\/wp-json\/wp\/v2\/categories?post=39309"},{"taxonomy":"post_tag","embeddable":true,"href":"https:\/\/eldigitaldeasturias.com\/magazine365\/wp-json\/wp\/v2\/tags?post=39309"}],"curies":[{"name":"wp","href":"https:\/\/api.w.org\/{rel}","templated":true}]}}