{"id":39303,"date":"2015-06-10T00:06:12","date_gmt":"2015-06-09T22:36:12","guid":{"rendered":"http:\/\/eldigitaldeasturias.com\/magazine365\/?p=39303"},"modified":"2015-06-10T00:06:12","modified_gmt":"2015-06-09T22:36:12","slug":"el-consejo-de-puertos-canarios-se-reune-este-martes-en-santa-cruz-de-tenerife","status":"publish","type":"post","link":"https:\/\/eldigitaldeasturias.com\/magazine365\/el-consejo-de-puertos-canarios-se-reune-este-martes-en-santa-cruz-de-tenerife\/","title":{"rendered":"El consejo de Puertos Canarios se re\u00fane este martes en Santa Cruz de Tenerife"},"content":{"rendered":"<p><img fetchpriority=\"high\" decoding=\"async\" class=\"alignleft size-medium wp-image-39304\" src=\"https:\/\/eldigitaldeasturias.com\/magazine365\/wp-content\/uploads\/2015\/06\/fotonoticia_20150609114009_800-360x240.jpg\" alt=\"fotonoticia_20150609114009_800\" width=\"360\" height=\"240\" srcset=\"https:\/\/eldigitaldeasturias.com\/magazine365\/wp-content\/uploads\/2015\/06\/fotonoticia_20150609114009_800-360x240.jpg 360w, https:\/\/eldigitaldeasturias.com\/magazine365\/wp-content\/uploads\/2015\/06\/fotonoticia_20150609114009_800-650x434.jpg 650w, https:\/\/eldigitaldeasturias.com\/magazine365\/wp-content\/uploads\/2015\/06\/fotonoticia_20150609114009_800-768x513.jpg 768w, https:\/\/eldigitaldeasturias.com\/magazine365\/wp-content\/uploads\/2015\/06\/fotonoticia_20150609114009_800-150x100.jpg 150w, https:\/\/eldigitaldeasturias.com\/magazine365\/wp-content\/uploads\/2015\/06\/fotonoticia_20150609114009_800-450x300.jpg 450w, https:\/\/eldigitaldeasturias.com\/magazine365\/wp-content\/uploads\/2015\/06\/fotonoticia_20150609114009_800-696x465.jpg 696w, https:\/\/eldigitaldeasturias.com\/magazine365\/wp-content\/uploads\/2015\/06\/fotonoticia_20150609114009_800-629x420.jpg 629w, https:\/\/eldigitaldeasturias.com\/magazine365\/wp-content\/uploads\/2015\/06\/fotonoticia_20150609114009_800-84x55.jpg 84w, https:\/\/eldigitaldeasturias.com\/magazine365\/wp-content\/uploads\/2015\/06\/fotonoticia_20150609114009_800.jpg 800w\" sizes=\"(max-width: 360px) 100vw, 360px\" \/>El Consejo de Administraci\u00f3n del ente p\u00fablico empresarial Puertos Canarios se reunir\u00e1 este martes en Santa Cruz de Tenerife para tratar, entre otros asuntos, la aprobaci\u00f3n de la suscripci\u00f3n del convenio presentado por el Cabildo de Tenerife para la puesta en marcha del Puerto de Fonsal\u00eda, en Gu\u00eda de Isora.<\/p>\n<p>En la reuni\u00f3n, que tendr\u00e1 lugar a las 12.30 horas, tambi\u00e9n se abordar\u00e1 la aprobaci\u00f3n de los criterios para la tramitaci\u00f3n de la ampliaci\u00f3n o pr\u00f3rroga de las concesiones otorgadas con anterioridad a la nueva Ley de Costas y a la Ley de Medidas Tributarias, Administrativas y Sociales de Canarias.<\/p>\n<p>El orden del d\u00eda tambi\u00e9n incluye la puesta en conocimiento de los avances obtenidos en la tramitaci\u00f3n de los Planes de Protecci\u00f3n de Buques e Infraestructuras Portuarias (PBIP) de los Puertos de Agaete, Gran Tarajal, Morro Jable y Vueltas por parte de la Secretaria de Estado Seguridad del Ministerio del Interior.<\/p>\n","protected":false},"excerpt":{"rendered":"<p>El Consejo de Administraci\u00f3n del ente p\u00fablico empresarial Puertos Canarios se reunir\u00e1 este martes en Santa Cruz de Tenerife para tratar, entre otros asuntos, la aprobaci\u00f3n de la suscripci\u00f3n del convenio presentado por el Cabildo de Tenerife para la puesta en marcha del Puerto de Fonsal\u00eda, en Gu\u00eda de Isora. En la reuni\u00f3n, que tendr\u00e1<\/p>\n","protected":false},"author":1,"featured_media":39304,"comment_status":"open","ping_status":"closed","sticky":false,"template":"","format":"standard","meta":{"footnotes":""},"categories":[222],"tags":[],"class_list":{"0":"post-39303","1":"post","2":"type-post","3":"status-publish","4":"format-standard","5":"has-post-thumbnail","7":"category-actualidad-turismo"},"aioseo_notices":[],"aioseo_head":"\n\t\t<!-- All in One SEO Pro 4.9.6.1 - aioseo.com -->\n\t<meta name=\"description\" content=\"El Consejo de Administraci\u00f3n del ente p\u00fablico empresarial Puertos Canarios se reunir\u00e1 este martes en Santa Cruz de Tenerife para tratar, entre otros asuntos, la aprobaci\u00f3n de la suscripci\u00f3n del convenio presentado por el Cabildo de Tenerife para la puesta en marcha del Puerto de Fonsal\u00eda, en Gu\u00eda de Isora. En la reuni\u00f3n, que tendr\u00e1\" \/>\n\t<meta name=\"robots\" content=\"max-image-preview:large\" \/>\n\t<meta name=\"author\" content=\"admin\"\/>\n\t<meta name=\"google-site-verification\" content=\"UA-38556648-1\" \/>\n\t<meta name=\"keywords\" content=\"actualidad turismo\" \/>\n\t<link rel=\"canonical\" href=\"https:\/\/eldigitaldeasturias.com\/magazine365\/el-consejo-de-puertos-canarios-se-reune-este-martes-en-santa-cruz-de-tenerife\/\" \/>\n\t<meta name=\"generator\" content=\"All in One SEO Pro (AIOSEO) 4.9.6.1\" \/>\n\t\t<meta property=\"og:locale\" content=\"es_ES\" \/>\n\t\t<meta property=\"og:site_name\" content=\"El Digital de Asturias \u2013 Revista de ocio, turismo y estilo de vida\" \/>\n\t\t<meta property=\"og:type\" content=\"article\" \/>\n\t\t<meta property=\"og:title\" content=\"El consejo de Puertos Canarios se re\u00fane este martes en Santa Cruz de Tenerife | El Digital de Asturias\" \/>\n\t\t<meta property=\"og:description\" content=\"El Consejo de Administraci\u00f3n del ente p\u00fablico empresarial Puertos Canarios se reunir\u00e1 este martes en Santa Cruz de Tenerife para tratar, entre otros asuntos, la aprobaci\u00f3n de la suscripci\u00f3n del convenio presentado por el Cabildo de Tenerife para la puesta en marcha del Puerto de Fonsal\u00eda, en Gu\u00eda de Isora. En la reuni\u00f3n, que tendr\u00e1\" \/>\n\t\t<meta property=\"og:url\" content=\"https:\/\/eldigitaldeasturias.com\/magazine365\/el-consejo-de-puertos-canarios-se-reune-este-martes-en-santa-cruz-de-tenerife\/\" \/>\n\t\t<meta property=\"og:image\" content=\"https:\/\/eldigitaldeasturias.com\/magazine365\/wp-content\/uploads\/2015\/06\/fotonoticia_20150609114009_800.jpg\" \/>\n\t\t<meta property=\"og:image:secure_url\" content=\"https:\/\/eldigitaldeasturias.com\/magazine365\/wp-content\/uploads\/2015\/06\/fotonoticia_20150609114009_800.jpg\" \/>\n\t\t<meta property=\"og:image:width\" content=\"800\" \/>\n\t\t<meta property=\"og:image:height\" content=\"534\" \/>\n\t\t<meta property=\"article:published_time\" content=\"2015-06-09T22:36:12+00:00\" \/>\n\t\t<meta property=\"article:modified_time\" content=\"2015-06-09T22:36:12+00:00\" \/>\n\t\t<meta name=\"twitter:card\" content=\"summary_large_image\" \/>\n\t\t<meta name=\"twitter:title\" content=\"El consejo de Puertos Canarios se re\u00fane este martes en Santa Cruz de Tenerife | El Digital de Asturias\" \/>\n\t\t<meta name=\"twitter:description\" content=\"El Consejo de Administraci\u00f3n del ente p\u00fablico empresarial Puertos Canarios se reunir\u00e1 este martes en Santa Cruz de Tenerife para tratar, entre otros asuntos, la aprobaci\u00f3n de la suscripci\u00f3n del convenio presentado por el Cabildo de Tenerife para la puesta en marcha del Puerto de Fonsal\u00eda, en Gu\u00eda de Isora. En la reuni\u00f3n, que tendr\u00e1\" \/>\n\t\t<meta name=\"twitter:image\" content=\"https:\/\/eldigitaldeasturias.com\/magazine365\/wp-content\/uploads\/2015\/06\/fotonoticia_20150609114009_800.jpg\" \/>\n\t\t<script type=\"application\/ld+json\" class=\"aioseo-schema\">\n\t\t\t{\"@context\":\"https:\\\/\\\/schema.org\",\"@graph\":[{\"@type\":\"Article\",\"@id\":\"https:\\\/\\\/eldigitaldeasturias.com\\\/magazine365\\\/el-consejo-de-puertos-canarios-se-reune-este-martes-en-santa-cruz-de-tenerife\\\/#article\",\"name\":\"El consejo de Puertos Canarios se re\\u00fane este martes en Santa Cruz de Tenerife | El Digital de Asturias\",\"headline\":\"El consejo de Puertos Canarios se re\\u00fane este martes en Santa Cruz de Tenerife\",\"author\":{\"@id\":\"https:\\\/\\\/eldigitaldeasturias.com\\\/magazine365\\\/author\\\/admin\\\/#author\"},\"publisher\":{\"@id\":\"https:\\\/\\\/eldigitaldeasturias.com\\\/magazine365\\\/#organization\"},\"image\":{\"@type\":\"ImageObject\",\"url\":\"https:\\\/\\\/eldigitaldeasturias.com\\\/magazine365\\\/wp-content\\\/uploads\\\/2015\\\/06\\\/fotonoticia_20150609114009_800.jpg\",\"width\":800,\"height\":534},\"datePublished\":\"2015-06-10T00:06:12+02:00\",\"dateModified\":\"2015-06-10T00:06:12+02:00\",\"inLanguage\":\"es-ES\",\"mainEntityOfPage\":{\"@id\":\"https:\\\/\\\/eldigitaldeasturias.com\\\/magazine365\\\/el-consejo-de-puertos-canarios-se-reune-este-martes-en-santa-cruz-de-tenerife\\\/#webpage\"},\"isPartOf\":{\"@id\":\"https:\\\/\\\/eldigitaldeasturias.com\\\/magazine365\\\/el-consejo-de-puertos-canarios-se-reune-este-martes-en-santa-cruz-de-tenerife\\\/#webpage\"},\"articleSection\":\"Actualidad Turismo\"},{\"@type\":\"BreadcrumbList\",\"@id\":\"https:\\\/\\\/eldigitaldeasturias.com\\\/magazine365\\\/el-consejo-de-puertos-canarios-se-reune-este-martes-en-santa-cruz-de-tenerife\\\/#breadcrumblist\",\"itemListElement\":[{\"@type\":\"ListItem\",\"@id\":\"https:\\\/\\\/eldigitaldeasturias.com\\\/magazine365#listItem\",\"position\":1,\"name\":\"Home\",\"item\":\"https:\\\/\\\/eldigitaldeasturias.com\\\/magazine365\",\"nextItem\":{\"@type\":\"ListItem\",\"@id\":\"https:\\\/\\\/eldigitaldeasturias.com\\\/magazine365\\\/category\\\/actualidad-turismo\\\/#listItem\",\"name\":\"Actualidad Turismo\"}},{\"@type\":\"ListItem\",\"@id\":\"https:\\\/\\\/eldigitaldeasturias.com\\\/magazine365\\\/category\\\/actualidad-turismo\\\/#listItem\",\"position\":2,\"name\":\"Actualidad Turismo\",\"item\":\"https:\\\/\\\/eldigitaldeasturias.com\\\/magazine365\\\/category\\\/actualidad-turismo\\\/\",\"nextItem\":{\"@type\":\"ListItem\",\"@id\":\"https:\\\/\\\/eldigitaldeasturias.com\\\/magazine365\\\/el-consejo-de-puertos-canarios-se-reune-este-martes-en-santa-cruz-de-tenerife\\\/#listItem\",\"name\":\"El consejo de Puertos Canarios se re\\u00fane este martes en Santa Cruz de Tenerife\"},\"previousItem\":{\"@type\":\"ListItem\",\"@id\":\"https:\\\/\\\/eldigitaldeasturias.com\\\/magazine365#listItem\",\"name\":\"Home\"}},{\"@type\":\"ListItem\",\"@id\":\"https:\\\/\\\/eldigitaldeasturias.com\\\/magazine365\\\/el-consejo-de-puertos-canarios-se-reune-este-martes-en-santa-cruz-de-tenerife\\\/#listItem\",\"position\":3,\"name\":\"El consejo de Puertos Canarios se re\\u00fane este martes en Santa Cruz de Tenerife\",\"previousItem\":{\"@type\":\"ListItem\",\"@id\":\"https:\\\/\\\/eldigitaldeasturias.com\\\/magazine365\\\/category\\\/actualidad-turismo\\\/#listItem\",\"name\":\"Actualidad Turismo\"}}]},{\"@type\":\"Organization\",\"@id\":\"https:\\\/\\\/eldigitaldeasturias.com\\\/magazine365\\\/#organization\",\"name\":\"El digital de Asturias\",\"description\":\"Revista de ocio, turismo y estilo de vida\",\"url\":\"https:\\\/\\\/eldigitaldeasturias.com\\\/magazine365\\\/\",\"logo\":{\"@type\":\"ImageObject\",\"url\":\"https:\\\/\\\/www.eldigitaldeasturias.com\\\/noticias\\\/wp-content\\\/uploads\\\/2020\\\/12\\\/EDA.jpg\",\"@id\":\"https:\\\/\\\/eldigitaldeasturias.com\\\/magazine365\\\/el-consejo-de-puertos-canarios-se-reune-este-martes-en-santa-cruz-de-tenerife\\\/#organizationLogo\"},\"image\":{\"@id\":\"https:\\\/\\\/eldigitaldeasturias.com\\\/magazine365\\\/el-consejo-de-puertos-canarios-se-reune-este-martes-en-santa-cruz-de-tenerife\\\/#organizationLogo\"}},{\"@type\":\"Person\",\"@id\":\"https:\\\/\\\/eldigitaldeasturias.com\\\/magazine365\\\/author\\\/admin\\\/#author\",\"url\":\"https:\\\/\\\/eldigitaldeasturias.com\\\/magazine365\\\/author\\\/admin\\\/\",\"name\":\"admin\",\"image\":{\"@type\":\"ImageObject\",\"@id\":\"https:\\\/\\\/eldigitaldeasturias.com\\\/magazine365\\\/el-consejo-de-puertos-canarios-se-reune-este-martes-en-santa-cruz-de-tenerife\\\/#authorImage\",\"url\":\"https:\\\/\\\/eldigitaldeasturias.com\\\/magazine365\\\/wp-content\\\/litespeed\\\/avatar\\\/e571bcf59a0edd6fa6838245a470f2fe.jpg?ver=1776969259\",\"width\":96,\"height\":96,\"caption\":\"admin\"}},{\"@type\":\"WebPage\",\"@id\":\"https:\\\/\\\/eldigitaldeasturias.com\\\/magazine365\\\/el-consejo-de-puertos-canarios-se-reune-este-martes-en-santa-cruz-de-tenerife\\\/#webpage\",\"url\":\"https:\\\/\\\/eldigitaldeasturias.com\\\/magazine365\\\/el-consejo-de-puertos-canarios-se-reune-este-martes-en-santa-cruz-de-tenerife\\\/\",\"name\":\"El consejo de Puertos Canarios se re\\u00fane este martes en Santa Cruz de Tenerife | El Digital de Asturias\",\"description\":\"El Consejo de Administraci\\u00f3n del ente p\\u00fablico empresarial Puertos Canarios se reunir\\u00e1 este martes en Santa Cruz de Tenerife para tratar, entre otros asuntos, la aprobaci\\u00f3n de la suscripci\\u00f3n del convenio presentado por el Cabildo de Tenerife para la puesta en marcha del Puerto de Fonsal\\u00eda, en Gu\\u00eda de Isora. En la reuni\\u00f3n, que tendr\\u00e1\",\"inLanguage\":\"es-ES\",\"isPartOf\":{\"@id\":\"https:\\\/\\\/eldigitaldeasturias.com\\\/magazine365\\\/#website\"},\"breadcrumb\":{\"@id\":\"https:\\\/\\\/eldigitaldeasturias.com\\\/magazine365\\\/el-consejo-de-puertos-canarios-se-reune-este-martes-en-santa-cruz-de-tenerife\\\/#breadcrumblist\"},\"author\":{\"@id\":\"https:\\\/\\\/eldigitaldeasturias.com\\\/magazine365\\\/author\\\/admin\\\/#author\"},\"creator\":{\"@id\":\"https:\\\/\\\/eldigitaldeasturias.com\\\/magazine365\\\/author\\\/admin\\\/#author\"},\"image\":{\"@type\":\"ImageObject\",\"url\":\"https:\\\/\\\/eldigitaldeasturias.com\\\/magazine365\\\/wp-content\\\/uploads\\\/2015\\\/06\\\/fotonoticia_20150609114009_800.jpg\",\"@id\":\"https:\\\/\\\/eldigitaldeasturias.com\\\/magazine365\\\/el-consejo-de-puertos-canarios-se-reune-este-martes-en-santa-cruz-de-tenerife\\\/#mainImage\",\"width\":800,\"height\":534},\"primaryImageOfPage\":{\"@id\":\"https:\\\/\\\/eldigitaldeasturias.com\\\/magazine365\\\/el-consejo-de-puertos-canarios-se-reune-este-martes-en-santa-cruz-de-tenerife\\\/#mainImage\"},\"datePublished\":\"2015-06-10T00:06:12+02:00\",\"dateModified\":\"2015-06-10T00:06:12+02:00\"},{\"@type\":\"WebSite\",\"@id\":\"https:\\\/\\\/eldigitaldeasturias.com\\\/magazine365\\\/#website\",\"url\":\"https:\\\/\\\/eldigitaldeasturias.com\\\/magazine365\\\/\",\"name\":\"El Digital de Asturias\",\"description\":\"Revista de ocio, turismo y estilo de vida\",\"inLanguage\":\"es-ES\",\"publisher\":{\"@id\":\"https:\\\/\\\/eldigitaldeasturias.com\\\/magazine365\\\/#organization\"}}]}\n\t\t<\/script>\n\t\t<!-- All in One SEO Pro -->\r\n\t\t<title>El consejo de Puertos Canarios se re\u00fane este martes en Santa Cruz de Tenerife | El Digital de Asturias<\/title>\n\n","aioseo_head_json":{"title":"El consejo de Puertos Canarios se re\u00fane este martes en Santa Cruz de Tenerife | El Digital de Asturias","description":"El Consejo de Administraci\u00f3n del ente p\u00fablico empresarial Puertos Canarios se reunir\u00e1 este martes en Santa Cruz de Tenerife para tratar, entre otros asuntos, la aprobaci\u00f3n de la suscripci\u00f3n del convenio presentado por el Cabildo de Tenerife para la puesta en marcha del Puerto de Fonsal\u00eda, en Gu\u00eda de Isora. En la reuni\u00f3n, que tendr\u00e1","canonical_url":"https:\/\/eldigitaldeasturias.com\/magazine365\/el-consejo-de-puertos-canarios-se-reune-este-martes-en-santa-cruz-de-tenerife\/","robots":"max-image-preview:large","keywords":"actualidad turismo","webmasterTools":{"google-site-verification":"UA-38556648-1","miscellaneous":""},"schema":{"@context":"https:\/\/schema.org","@graph":[{"@type":"Article","@id":"https:\/\/eldigitaldeasturias.com\/magazine365\/el-consejo-de-puertos-canarios-se-reune-este-martes-en-santa-cruz-de-tenerife\/#article","name":"El consejo de Puertos Canarios se re\u00fane este martes en Santa Cruz de Tenerife | El Digital de Asturias","headline":"El consejo de Puertos Canarios se re\u00fane este martes en Santa Cruz de Tenerife","author":{"@id":"https:\/\/eldigitaldeasturias.com\/magazine365\/author\/admin\/#author"},"publisher":{"@id":"https:\/\/eldigitaldeasturias.com\/magazine365\/#organization"},"image":{"@type":"ImageObject","url":"https:\/\/eldigitaldeasturias.com\/magazine365\/wp-content\/uploads\/2015\/06\/fotonoticia_20150609114009_800.jpg","width":800,"height":534},"datePublished":"2015-06-10T00:06:12+02:00","dateModified":"2015-06-10T00:06:12+02:00","inLanguage":"es-ES","mainEntityOfPage":{"@id":"https:\/\/eldigitaldeasturias.com\/magazine365\/el-consejo-de-puertos-canarios-se-reune-este-martes-en-santa-cruz-de-tenerife\/#webpage"},"isPartOf":{"@id":"https:\/\/eldigitaldeasturias.com\/magazine365\/el-consejo-de-puertos-canarios-se-reune-este-martes-en-santa-cruz-de-tenerife\/#webpage"},"articleSection":"Actualidad Turismo"},{"@type":"BreadcrumbList","@id":"https:\/\/eldigitaldeasturias.com\/magazine365\/el-consejo-de-puertos-canarios-se-reune-este-martes-en-santa-cruz-de-tenerife\/#breadcrumblist","itemListElement":[{"@type":"ListItem","@id":"https:\/\/eldigitaldeasturias.com\/magazine365#listItem","position":1,"name":"Home","item":"https:\/\/eldigitaldeasturias.com\/magazine365","nextItem":{"@type":"ListItem","@id":"https:\/\/eldigitaldeasturias.com\/magazine365\/category\/actualidad-turismo\/#listItem","name":"Actualidad Turismo"}},{"@type":"ListItem","@id":"https:\/\/eldigitaldeasturias.com\/magazine365\/category\/actualidad-turismo\/#listItem","position":2,"name":"Actualidad Turismo","item":"https:\/\/eldigitaldeasturias.com\/magazine365\/category\/actualidad-turismo\/","nextItem":{"@type":"ListItem","@id":"https:\/\/eldigitaldeasturias.com\/magazine365\/el-consejo-de-puertos-canarios-se-reune-este-martes-en-santa-cruz-de-tenerife\/#listItem","name":"El consejo de Puertos Canarios se re\u00fane este martes en Santa Cruz de Tenerife"},"previousItem":{"@type":"ListItem","@id":"https:\/\/eldigitaldeasturias.com\/magazine365#listItem","name":"Home"}},{"@type":"ListItem","@id":"https:\/\/eldigitaldeasturias.com\/magazine365\/el-consejo-de-puertos-canarios-se-reune-este-martes-en-santa-cruz-de-tenerife\/#listItem","position":3,"name":"El consejo de Puertos Canarios se re\u00fane este martes en Santa Cruz de Tenerife","previousItem":{"@type":"ListItem","@id":"https:\/\/eldigitaldeasturias.com\/magazine365\/category\/actualidad-turismo\/#listItem","name":"Actualidad Turismo"}}]},{"@type":"Organization","@id":"https:\/\/eldigitaldeasturias.com\/magazine365\/#organization","name":"El digital de Asturias","description":"Revista de ocio, turismo y estilo de vida","url":"https:\/\/eldigitaldeasturias.com\/magazine365\/","logo":{"@type":"ImageObject","url":"https:\/\/www.eldigitaldeasturias.com\/noticias\/wp-content\/uploads\/2020\/12\/EDA.jpg","@id":"https:\/\/eldigitaldeasturias.com\/magazine365\/el-consejo-de-puertos-canarios-se-reune-este-martes-en-santa-cruz-de-tenerife\/#organizationLogo"},"image":{"@id":"https:\/\/eldigitaldeasturias.com\/magazine365\/el-consejo-de-puertos-canarios-se-reune-este-martes-en-santa-cruz-de-tenerife\/#organizationLogo"}},{"@type":"Person","@id":"https:\/\/eldigitaldeasturias.com\/magazine365\/author\/admin\/#author","url":"https:\/\/eldigitaldeasturias.com\/magazine365\/author\/admin\/","name":"admin","image":{"@type":"ImageObject","@id":"https:\/\/eldigitaldeasturias.com\/magazine365\/el-consejo-de-puertos-canarios-se-reune-este-martes-en-santa-cruz-de-tenerife\/#authorImage","url":"https:\/\/eldigitaldeasturias.com\/magazine365\/wp-content\/litespeed\/avatar\/e571bcf59a0edd6fa6838245a470f2fe.jpg?ver=1776969259","width":96,"height":96,"caption":"admin"}},{"@type":"WebPage","@id":"https:\/\/eldigitaldeasturias.com\/magazine365\/el-consejo-de-puertos-canarios-se-reune-este-martes-en-santa-cruz-de-tenerife\/#webpage","url":"https:\/\/eldigitaldeasturias.com\/magazine365\/el-consejo-de-puertos-canarios-se-reune-este-martes-en-santa-cruz-de-tenerife\/","name":"El consejo de Puertos Canarios se re\u00fane este martes en Santa Cruz de Tenerife | El Digital de Asturias","description":"El Consejo de Administraci\u00f3n del ente p\u00fablico empresarial Puertos Canarios se reunir\u00e1 este martes en Santa Cruz de Tenerife para tratar, entre otros asuntos, la aprobaci\u00f3n de la suscripci\u00f3n del convenio presentado por el Cabildo de Tenerife para la puesta en marcha del Puerto de Fonsal\u00eda, en Gu\u00eda de Isora. En la reuni\u00f3n, que tendr\u00e1","inLanguage":"es-ES","isPartOf":{"@id":"https:\/\/eldigitaldeasturias.com\/magazine365\/#website"},"breadcrumb":{"@id":"https:\/\/eldigitaldeasturias.com\/magazine365\/el-consejo-de-puertos-canarios-se-reune-este-martes-en-santa-cruz-de-tenerife\/#breadcrumblist"},"author":{"@id":"https:\/\/eldigitaldeasturias.com\/magazine365\/author\/admin\/#author"},"creator":{"@id":"https:\/\/eldigitaldeasturias.com\/magazine365\/author\/admin\/#author"},"image":{"@type":"ImageObject","url":"https:\/\/eldigitaldeasturias.com\/magazine365\/wp-content\/uploads\/2015\/06\/fotonoticia_20150609114009_800.jpg","@id":"https:\/\/eldigitaldeasturias.com\/magazine365\/el-consejo-de-puertos-canarios-se-reune-este-martes-en-santa-cruz-de-tenerife\/#mainImage","width":800,"height":534},"primaryImageOfPage":{"@id":"https:\/\/eldigitaldeasturias.com\/magazine365\/el-consejo-de-puertos-canarios-se-reune-este-martes-en-santa-cruz-de-tenerife\/#mainImage"},"datePublished":"2015-06-10T00:06:12+02:00","dateModified":"2015-06-10T00:06:12+02:00"},{"@type":"WebSite","@id":"https:\/\/eldigitaldeasturias.com\/magazine365\/#website","url":"https:\/\/eldigitaldeasturias.com\/magazine365\/","name":"El Digital de Asturias","description":"Revista de ocio, turismo y estilo de vida","inLanguage":"es-ES","publisher":{"@id":"https:\/\/eldigitaldeasturias.com\/magazine365\/#organization"}}]},"og:locale":"es_ES","og:site_name":"El Digital de Asturias \u2013 Revista de ocio, turismo y estilo de vida","og:type":"article","og:title":"El consejo de Puertos Canarios se re\u00fane este martes en Santa Cruz de Tenerife | El Digital de Asturias","og:description":"El Consejo de Administraci\u00f3n del ente p\u00fablico empresarial Puertos Canarios se reunir\u00e1 este martes en Santa Cruz de Tenerife para tratar, entre otros asuntos, la aprobaci\u00f3n de la suscripci\u00f3n del convenio presentado por el Cabildo de Tenerife para la puesta en marcha del Puerto de Fonsal\u00eda, en Gu\u00eda de Isora. En la reuni\u00f3n, que tendr\u00e1","og:url":"https:\/\/eldigitaldeasturias.com\/magazine365\/el-consejo-de-puertos-canarios-se-reune-este-martes-en-santa-cruz-de-tenerife\/","og:image":"https:\/\/eldigitaldeasturias.com\/magazine365\/wp-content\/uploads\/2015\/06\/fotonoticia_20150609114009_800.jpg","og:image:secure_url":"https:\/\/eldigitaldeasturias.com\/magazine365\/wp-content\/uploads\/2015\/06\/fotonoticia_20150609114009_800.jpg","og:image:width":800,"og:image:height":534,"article:published_time":"2015-06-09T22:36:12+00:00","article:modified_time":"2015-06-09T22:36:12+00:00","twitter:card":"summary_large_image","twitter:title":"El consejo de Puertos Canarios se re\u00fane este martes en Santa Cruz de Tenerife | El Digital de Asturias","twitter:description":"El Consejo de Administraci\u00f3n del ente p\u00fablico empresarial Puertos Canarios se reunir\u00e1 este martes en Santa Cruz de Tenerife para tratar, entre otros asuntos, la aprobaci\u00f3n de la suscripci\u00f3n del convenio presentado por el Cabildo de Tenerife para la puesta en marcha del Puerto de Fonsal\u00eda, en Gu\u00eda de Isora. En la reuni\u00f3n, que tendr\u00e1","twitter:image":"https:\/\/eldigitaldeasturias.com\/magazine365\/wp-content\/uploads\/2015\/06\/fotonoticia_20150609114009_800.jpg"},"aioseo_meta_data":{"post_id":"39303","title":null,"description":null,"keywords":null,"keyphrases":null,"primary_term":null,"canonical_url":null,"og_title":null,"og_description":null,"og_object_type":"default","og_image_type":"default","og_image_url":null,"og_image_width":null,"og_image_height":null,"og_image_custom_url":null,"og_image_custom_fields":null,"og_video":null,"og_custom_url":null,"og_article_section":null,"og_article_tags":null,"twitter_use_og":false,"twitter_card":"default","twitter_image_type":"default","twitter_image_url":null,"twitter_image_custom_url":null,"twitter_image_custom_fields":null,"twitter_title":null,"twitter_description":null,"schema":{"blockGraphs":[],"customGraphs":[],"default":{"data":{"Article":[],"Course":[],"Dataset":[],"FAQPage":[],"Movie":[],"Person":[],"Product":[],"ProductReview":[],"Car":[],"Recipe":[],"Service":[],"SoftwareApplication":[],"WebPage":[]},"graphName":"","isEnabled":true},"graphs":[]},"schema_type":null,"schema_type_options":null,"pillar_content":false,"robots_default":true,"robots_noindex":false,"robots_noarchive":false,"robots_nosnippet":false,"robots_nofollow":false,"robots_noimageindex":false,"robots_noodp":false,"robots_notranslate":false,"robots_max_snippet":null,"robots_max_videopreview":null,"robots_max_imagepreview":"large","priority":null,"frequency":null,"location":null,"local_seo":null,"seo_analyzer_scan_date":"2025-09-19 11:19:03","breadcrumb_settings":null,"limit_modified_date":false,"open_ai":null,"ai":null,"created":"2021-03-09 02:42:46","updated":"2025-09-19 11:19:03"},"aioseo_breadcrumb":"<div class=\"aioseo-breadcrumbs\"><span class=\"aioseo-breadcrumb\">\n\t<a href=\"https:\/\/eldigitaldeasturias.com\/magazine365\" title=\"Home\">Home<\/a>\n<\/span><span class=\"aioseo-breadcrumb-separator\">\u2013<\/span><span class=\"aioseo-breadcrumb\">\n\t<a href=\"https:\/\/eldigitaldeasturias.com\/magazine365\/category\/actualidad-turismo\/\" title=\"Actualidad Turismo\">Actualidad Turismo<\/a>\n<\/span><span class=\"aioseo-breadcrumb-separator\">\u2013<\/span><span class=\"aioseo-breadcrumb\">\n\t<a href=\"https:\/\/eldigitaldeasturias.com\/magazine365\/el-consejo-de-puertos-canarios-se-reune-este-martes-en-santa-cruz-de-tenerife\/\" title=\"El consejo de Puertos Canarios se re\u00fane este martes en Santa Cruz de Tenerife\">El consejo de Puertos Canarios se re\u00fane este martes en Santa Cruz de Tenerife<\/a>\n<\/span><\/div>","aioseo_breadcrumb_json":[{"label":"Home","link":"https:\/\/eldigitaldeasturias.com\/magazine365"},{"label":"Actualidad Turismo","link":"https:\/\/eldigitaldeasturias.com\/magazine365\/category\/actualidad-turismo\/"},{"label":"El consejo de Puertos Canarios se re\u00fane este martes en Santa Cruz de Tenerife","link":"https:\/\/eldigitaldeasturias.com\/magazine365\/el-consejo-de-puertos-canarios-se-reune-este-martes-en-santa-cruz-de-tenerife\/"}],"_links":{"self":[{"href":"https:\/\/eldigitaldeasturias.com\/magazine365\/wp-json\/wp\/v2\/posts\/39303","targetHints":{"allow":["GET"]}}],"collection":[{"href":"https:\/\/eldigitaldeasturias.com\/magazine365\/wp-json\/wp\/v2\/posts"}],"about":[{"href":"https:\/\/eldigitaldeasturias.com\/magazine365\/wp-json\/wp\/v2\/types\/post"}],"author":[{"embeddable":true,"href":"https:\/\/eldigitaldeasturias.com\/magazine365\/wp-json\/wp\/v2\/users\/1"}],"replies":[{"embeddable":true,"href":"https:\/\/eldigitaldeasturias.com\/magazine365\/wp-json\/wp\/v2\/comments?post=39303"}],"version-history":[{"count":0,"href":"https:\/\/eldigitaldeasturias.com\/magazine365\/wp-json\/wp\/v2\/posts\/39303\/revisions"}],"wp:featuredmedia":[{"embeddable":true,"href":"https:\/\/eldigitaldeasturias.com\/magazine365\/wp-json\/wp\/v2\/media\/39304"}],"wp:attachment":[{"href":"https:\/\/eldigitaldeasturias.com\/magazine365\/wp-json\/wp\/v2\/media?parent=39303"}],"wp:term":[{"taxonomy":"category","embeddable":true,"href":"https:\/\/eldigitaldeasturias.com\/magazine365\/wp-json\/wp\/v2\/categories?post=39303"},{"taxonomy":"post_tag","embeddable":true,"href":"https:\/\/eldigitaldeasturias.com\/magazine365\/wp-json\/wp\/v2\/tags?post=39303"}],"curies":[{"name":"wp","href":"https:\/\/api.w.org\/{rel}","templated":true}]}}