{"id":39300,"date":"2015-06-10T00:05:03","date_gmt":"2015-06-09T22:35:03","guid":{"rendered":"http:\/\/eldigitaldeasturias.com\/magazine365\/?p=39300"},"modified":"2015-06-10T00:05:03","modified_gmt":"2015-06-09T22:35:03","slug":"el-puerto-de-tarragona-se-erige-como-la-puerta-de-entrada-inteligente-al-sur-de-europa","status":"publish","type":"post","link":"https:\/\/eldigitaldeasturias.com\/magazine365\/el-puerto-de-tarragona-se-erige-como-la-puerta-de-entrada-inteligente-al-sur-de-europa\/","title":{"rendered":"El Puerto de Tarragona se erige como la puerta de entrada inteligente al sur de Europa"},"content":{"rendered":"<p><img fetchpriority=\"high\" decoding=\"async\" class=\"alignleft size-medium wp-image-39301\" src=\"https:\/\/eldigitaldeasturias.com\/magazine365\/wp-content\/uploads\/2015\/06\/fotonoticia_20150609113808_800-360x240.jpg\" alt=\"fotonoticia_20150609113808_800\" width=\"360\" height=\"240\" srcset=\"https:\/\/eldigitaldeasturias.com\/magazine365\/wp-content\/uploads\/2015\/06\/fotonoticia_20150609113808_800-360x240.jpg 360w, https:\/\/eldigitaldeasturias.com\/magazine365\/wp-content\/uploads\/2015\/06\/fotonoticia_20150609113808_800-650x433.jpg 650w, https:\/\/eldigitaldeasturias.com\/magazine365\/wp-content\/uploads\/2015\/06\/fotonoticia_20150609113808_800-768x512.jpg 768w, https:\/\/eldigitaldeasturias.com\/magazine365\/wp-content\/uploads\/2015\/06\/fotonoticia_20150609113808_800-150x100.jpg 150w, https:\/\/eldigitaldeasturias.com\/magazine365\/wp-content\/uploads\/2015\/06\/fotonoticia_20150609113808_800-450x300.jpg 450w, https:\/\/eldigitaldeasturias.com\/magazine365\/wp-content\/uploads\/2015\/06\/fotonoticia_20150609113808_800-696x464.jpg 696w, https:\/\/eldigitaldeasturias.com\/magazine365\/wp-content\/uploads\/2015\/06\/fotonoticia_20150609113808_800-630x420.jpg 630w, https:\/\/eldigitaldeasturias.com\/magazine365\/wp-content\/uploads\/2015\/06\/fotonoticia_20150609113808_800-84x55.jpg 84w, https:\/\/eldigitaldeasturias.com\/magazine365\/wp-content\/uploads\/2015\/06\/fotonoticia_20150609113808_800.jpg 800w\" sizes=\"(max-width: 360px) 100vw, 360px\" \/>El Puerto de Tarragona ha presentado este martes su nueva imagen comercial, con la que se erige como la puerta de entrada inteligente al sur de Europa, en el primer d\u00eda del Sal\u00f3n Internacional de la Log\u00edstica y la Manutenci\u00f3n (SIL) 2015, que se celebra hasta el jueves en el recinto Montju\u00efc de Fira de Barcelona.<\/p>\n<p>El objetivo es ofrecer una imagen moderna, a trav\u00e9s de infograf\u00eda e ilustraciones, que exprese la proximidad y los servicios de calidad que ofrece el enclave portuario, seg\u00fan han explicado la directora de Relaciones Institucionales y Comunicaci\u00f3n del Puerto de Tarragona, Montse Adan, y la directora de Comercial y Desarrollo de Negocio, Genoveva Climent.<\/p>\n<p>La nueva imagen corporativa combina las estrellas que identifican a la UE y las secciona por la mitad para convertirlas en embarcaciones de papel que se reflejan en el agua del Mediterr\u00e1neo, queriendo simbolizar barcos que zarparon de destinos lejanos para entregar su mercanc\u00eda en Europa y que han escogido el Puerto de Tarragona como puerta de entrada al viejo continente.<\/p>\n<p>Con esta renovaci\u00f3n, el Puerto quiere ganar cuota de mercado internacional, y para ello tambi\u00e9n se sirve de dos esl\u00f3ganes: &#8216;The smart gateway to Europe&#8217;, que erige al Puerto de Tarragona como la puerta de entrada inteligente a Europa por sus ventajas log\u00edsticas y operativas; y &#8216;Welcome to Europe, make yourself at home&#8217;, con el que el enclave portuario quiere dar la bienvenida a empresas, embarcaciones y tripulaciones.<\/p>\n<p>\u00abSiempre nos hemos presentado como una puerta de entrada a Europa. Ahora queremos ir un paso m\u00e1s all\u00e1 y presentarnos como la puerta de entrada inteligente\u00bb, ha sostenido Adan, y por eso el Puerto se ha dotado de una ilustraci\u00f3n que simula un cerebro humano integrado con los iconos de todas las actividades que realiza, con el logo del Puerto de Tarragona como epicentro.<\/p>\n<p>Climent ha indicado que la estrategia del enclave portuario tarraconense mantiene su apuesta por la log\u00edstica \u00e1gil y la intermodalidad, lo que le ha permitido situarse en 2014 como el quinto puerto espa\u00f1ol de la red de Puertos del Estado, al cerrar con 31,9 millones de toneladas &#8211;un 13,62% m\u00e1s&#8211;, un beneficio de 5,3 millones de euros y una cifra de negocios de 49,1.<\/p>\n<p>Las previsiones para este 2015 son alcanzar un tr\u00e1fico de 33 millones de toneladas, lo que supondr\u00eda un 3,5% m\u00e1s respecto al a\u00f1o pasado, un reto asumible teniendo en cuenta que las instalaciones portuarias gestionaron en el primer trimestre 8,25 millones de toneladas, un 7,9% m\u00e1s que de enero a marzo del a\u00f1o pasado.<\/p>\n","protected":false},"excerpt":{"rendered":"<p>El Puerto de Tarragona ha presentado este martes su nueva imagen comercial, con la que se erige como la puerta de entrada inteligente al sur de Europa, en el primer d\u00eda del Sal\u00f3n Internacional de la Log\u00edstica y la Manutenci\u00f3n (SIL) 2015, que se celebra hasta el jueves en el recinto Montju\u00efc de Fira de<\/p>\n","protected":false},"author":1,"featured_media":39301,"comment_status":"open","ping_status":"closed","sticky":false,"template":"","format":"standard","meta":{"footnotes":""},"categories":[222],"tags":[],"class_list":{"0":"post-39300","1":"post","2":"type-post","3":"status-publish","4":"format-standard","5":"has-post-thumbnail","7":"category-actualidad-turismo"},"aioseo_notices":[],"aioseo_head":"\n\t\t<!-- All in One SEO Pro 4.9.6.1 - aioseo.com -->\n\t<meta name=\"description\" content=\"El Puerto de Tarragona ha presentado este martes su nueva imagen comercial, con la que se erige como la puerta de entrada inteligente al sur de Europa, en el primer d\u00eda del Sal\u00f3n Internacional de la Log\u00edstica y la Manutenci\u00f3n (SIL) 2015, que se celebra hasta el jueves en el recinto Montju\u00efc de Fira de\" \/>\n\t<meta name=\"robots\" content=\"max-image-preview:large\" \/>\n\t<meta name=\"author\" content=\"admin\"\/>\n\t<meta name=\"google-site-verification\" content=\"UA-38556648-1\" \/>\n\t<meta name=\"keywords\" content=\"actualidad turismo\" \/>\n\t<link rel=\"canonical\" href=\"https:\/\/eldigitaldeasturias.com\/magazine365\/el-puerto-de-tarragona-se-erige-como-la-puerta-de-entrada-inteligente-al-sur-de-europa\/\" \/>\n\t<meta name=\"generator\" content=\"All in One SEO Pro (AIOSEO) 4.9.6.1\" \/>\n\t\t<meta property=\"og:locale\" content=\"es_ES\" \/>\n\t\t<meta property=\"og:site_name\" content=\"El Digital de Asturias \u2013 Revista de ocio, turismo y estilo de vida\" \/>\n\t\t<meta property=\"og:type\" content=\"article\" \/>\n\t\t<meta property=\"og:title\" content=\"El Puerto de Tarragona se erige como la puerta de entrada inteligente al sur de Europa | El Digital de Asturias\" \/>\n\t\t<meta property=\"og:description\" content=\"El Puerto de Tarragona ha presentado este martes su nueva imagen comercial, con la que se erige como la puerta de entrada inteligente al sur de Europa, en el primer d\u00eda del Sal\u00f3n Internacional de la Log\u00edstica y la Manutenci\u00f3n (SIL) 2015, que se celebra hasta el jueves en el recinto Montju\u00efc de Fira de\" \/>\n\t\t<meta property=\"og:url\" content=\"https:\/\/eldigitaldeasturias.com\/magazine365\/el-puerto-de-tarragona-se-erige-como-la-puerta-de-entrada-inteligente-al-sur-de-europa\/\" \/>\n\t\t<meta property=\"og:image\" content=\"https:\/\/eldigitaldeasturias.com\/magazine365\/wp-content\/uploads\/2015\/06\/fotonoticia_20150609113808_800.jpg\" \/>\n\t\t<meta property=\"og:image:secure_url\" content=\"https:\/\/eldigitaldeasturias.com\/magazine365\/wp-content\/uploads\/2015\/06\/fotonoticia_20150609113808_800.jpg\" \/>\n\t\t<meta property=\"og:image:width\" content=\"800\" \/>\n\t\t<meta property=\"og:image:height\" content=\"533\" \/>\n\t\t<meta property=\"article:published_time\" content=\"2015-06-09T22:35:03+00:00\" \/>\n\t\t<meta property=\"article:modified_time\" content=\"2015-06-09T22:35:03+00:00\" \/>\n\t\t<meta name=\"twitter:card\" content=\"summary_large_image\" \/>\n\t\t<meta name=\"twitter:title\" content=\"El Puerto de Tarragona se erige como la puerta de entrada inteligente al sur de Europa | El Digital de Asturias\" \/>\n\t\t<meta name=\"twitter:description\" content=\"El Puerto de Tarragona ha presentado este martes su nueva imagen comercial, con la que se erige como la puerta de entrada inteligente al sur de Europa, en el primer d\u00eda del Sal\u00f3n Internacional de la Log\u00edstica y la Manutenci\u00f3n (SIL) 2015, que se celebra hasta el jueves en el recinto Montju\u00efc de Fira de\" \/>\n\t\t<meta name=\"twitter:image\" content=\"https:\/\/eldigitaldeasturias.com\/magazine365\/wp-content\/uploads\/2015\/06\/fotonoticia_20150609113808_800.jpg\" \/>\n\t\t<script type=\"application\/ld+json\" class=\"aioseo-schema\">\n\t\t\t{\"@context\":\"https:\\\/\\\/schema.org\",\"@graph\":[{\"@type\":\"Article\",\"@id\":\"https:\\\/\\\/eldigitaldeasturias.com\\\/magazine365\\\/el-puerto-de-tarragona-se-erige-como-la-puerta-de-entrada-inteligente-al-sur-de-europa\\\/#article\",\"name\":\"El Puerto de Tarragona se erige como la puerta de entrada inteligente al sur de Europa | El Digital de Asturias\",\"headline\":\"El Puerto de Tarragona se erige como la puerta de entrada inteligente al sur de Europa\",\"author\":{\"@id\":\"https:\\\/\\\/eldigitaldeasturias.com\\\/magazine365\\\/author\\\/admin\\\/#author\"},\"publisher\":{\"@id\":\"https:\\\/\\\/eldigitaldeasturias.com\\\/magazine365\\\/#organization\"},\"image\":{\"@type\":\"ImageObject\",\"url\":\"https:\\\/\\\/eldigitaldeasturias.com\\\/magazine365\\\/wp-content\\\/uploads\\\/2015\\\/06\\\/fotonoticia_20150609113808_800.jpg\",\"width\":800,\"height\":533},\"datePublished\":\"2015-06-10T00:05:03+02:00\",\"dateModified\":\"2015-06-10T00:05:03+02:00\",\"inLanguage\":\"es-ES\",\"mainEntityOfPage\":{\"@id\":\"https:\\\/\\\/eldigitaldeasturias.com\\\/magazine365\\\/el-puerto-de-tarragona-se-erige-como-la-puerta-de-entrada-inteligente-al-sur-de-europa\\\/#webpage\"},\"isPartOf\":{\"@id\":\"https:\\\/\\\/eldigitaldeasturias.com\\\/magazine365\\\/el-puerto-de-tarragona-se-erige-como-la-puerta-de-entrada-inteligente-al-sur-de-europa\\\/#webpage\"},\"articleSection\":\"Actualidad Turismo\"},{\"@type\":\"BreadcrumbList\",\"@id\":\"https:\\\/\\\/eldigitaldeasturias.com\\\/magazine365\\\/el-puerto-de-tarragona-se-erige-como-la-puerta-de-entrada-inteligente-al-sur-de-europa\\\/#breadcrumblist\",\"itemListElement\":[{\"@type\":\"ListItem\",\"@id\":\"https:\\\/\\\/eldigitaldeasturias.com\\\/magazine365#listItem\",\"position\":1,\"name\":\"Home\",\"item\":\"https:\\\/\\\/eldigitaldeasturias.com\\\/magazine365\",\"nextItem\":{\"@type\":\"ListItem\",\"@id\":\"https:\\\/\\\/eldigitaldeasturias.com\\\/magazine365\\\/category\\\/actualidad-turismo\\\/#listItem\",\"name\":\"Actualidad Turismo\"}},{\"@type\":\"ListItem\",\"@id\":\"https:\\\/\\\/eldigitaldeasturias.com\\\/magazine365\\\/category\\\/actualidad-turismo\\\/#listItem\",\"position\":2,\"name\":\"Actualidad Turismo\",\"item\":\"https:\\\/\\\/eldigitaldeasturias.com\\\/magazine365\\\/category\\\/actualidad-turismo\\\/\",\"nextItem\":{\"@type\":\"ListItem\",\"@id\":\"https:\\\/\\\/eldigitaldeasturias.com\\\/magazine365\\\/el-puerto-de-tarragona-se-erige-como-la-puerta-de-entrada-inteligente-al-sur-de-europa\\\/#listItem\",\"name\":\"El Puerto de Tarragona se erige como la puerta de entrada inteligente al sur de Europa\"},\"previousItem\":{\"@type\":\"ListItem\",\"@id\":\"https:\\\/\\\/eldigitaldeasturias.com\\\/magazine365#listItem\",\"name\":\"Home\"}},{\"@type\":\"ListItem\",\"@id\":\"https:\\\/\\\/eldigitaldeasturias.com\\\/magazine365\\\/el-puerto-de-tarragona-se-erige-como-la-puerta-de-entrada-inteligente-al-sur-de-europa\\\/#listItem\",\"position\":3,\"name\":\"El Puerto de Tarragona se erige como la puerta de entrada inteligente al sur de Europa\",\"previousItem\":{\"@type\":\"ListItem\",\"@id\":\"https:\\\/\\\/eldigitaldeasturias.com\\\/magazine365\\\/category\\\/actualidad-turismo\\\/#listItem\",\"name\":\"Actualidad Turismo\"}}]},{\"@type\":\"Organization\",\"@id\":\"https:\\\/\\\/eldigitaldeasturias.com\\\/magazine365\\\/#organization\",\"name\":\"El digital de Asturias\",\"description\":\"Revista de ocio, turismo y estilo de vida\",\"url\":\"https:\\\/\\\/eldigitaldeasturias.com\\\/magazine365\\\/\",\"logo\":{\"@type\":\"ImageObject\",\"url\":\"https:\\\/\\\/www.eldigitaldeasturias.com\\\/noticias\\\/wp-content\\\/uploads\\\/2020\\\/12\\\/EDA.jpg\",\"@id\":\"https:\\\/\\\/eldigitaldeasturias.com\\\/magazine365\\\/el-puerto-de-tarragona-se-erige-como-la-puerta-de-entrada-inteligente-al-sur-de-europa\\\/#organizationLogo\"},\"image\":{\"@id\":\"https:\\\/\\\/eldigitaldeasturias.com\\\/magazine365\\\/el-puerto-de-tarragona-se-erige-como-la-puerta-de-entrada-inteligente-al-sur-de-europa\\\/#organizationLogo\"}},{\"@type\":\"Person\",\"@id\":\"https:\\\/\\\/eldigitaldeasturias.com\\\/magazine365\\\/author\\\/admin\\\/#author\",\"url\":\"https:\\\/\\\/eldigitaldeasturias.com\\\/magazine365\\\/author\\\/admin\\\/\",\"name\":\"admin\",\"image\":{\"@type\":\"ImageObject\",\"@id\":\"https:\\\/\\\/eldigitaldeasturias.com\\\/magazine365\\\/el-puerto-de-tarragona-se-erige-como-la-puerta-de-entrada-inteligente-al-sur-de-europa\\\/#authorImage\",\"url\":\"https:\\\/\\\/eldigitaldeasturias.com\\\/magazine365\\\/wp-content\\\/litespeed\\\/avatar\\\/e571bcf59a0edd6fa6838245a470f2fe.jpg?ver=1776969259\",\"width\":96,\"height\":96,\"caption\":\"admin\"}},{\"@type\":\"WebPage\",\"@id\":\"https:\\\/\\\/eldigitaldeasturias.com\\\/magazine365\\\/el-puerto-de-tarragona-se-erige-como-la-puerta-de-entrada-inteligente-al-sur-de-europa\\\/#webpage\",\"url\":\"https:\\\/\\\/eldigitaldeasturias.com\\\/magazine365\\\/el-puerto-de-tarragona-se-erige-como-la-puerta-de-entrada-inteligente-al-sur-de-europa\\\/\",\"name\":\"El Puerto de Tarragona se erige como la puerta de entrada inteligente al sur de Europa | El Digital de Asturias\",\"description\":\"El Puerto de Tarragona ha presentado este martes su nueva imagen comercial, con la que se erige como la puerta de entrada inteligente al sur de Europa, en el primer d\\u00eda del Sal\\u00f3n Internacional de la Log\\u00edstica y la Manutenci\\u00f3n (SIL) 2015, que se celebra hasta el jueves en el recinto Montju\\u00efc de Fira de\",\"inLanguage\":\"es-ES\",\"isPartOf\":{\"@id\":\"https:\\\/\\\/eldigitaldeasturias.com\\\/magazine365\\\/#website\"},\"breadcrumb\":{\"@id\":\"https:\\\/\\\/eldigitaldeasturias.com\\\/magazine365\\\/el-puerto-de-tarragona-se-erige-como-la-puerta-de-entrada-inteligente-al-sur-de-europa\\\/#breadcrumblist\"},\"author\":{\"@id\":\"https:\\\/\\\/eldigitaldeasturias.com\\\/magazine365\\\/author\\\/admin\\\/#author\"},\"creator\":{\"@id\":\"https:\\\/\\\/eldigitaldeasturias.com\\\/magazine365\\\/author\\\/admin\\\/#author\"},\"image\":{\"@type\":\"ImageObject\",\"url\":\"https:\\\/\\\/eldigitaldeasturias.com\\\/magazine365\\\/wp-content\\\/uploads\\\/2015\\\/06\\\/fotonoticia_20150609113808_800.jpg\",\"@id\":\"https:\\\/\\\/eldigitaldeasturias.com\\\/magazine365\\\/el-puerto-de-tarragona-se-erige-como-la-puerta-de-entrada-inteligente-al-sur-de-europa\\\/#mainImage\",\"width\":800,\"height\":533},\"primaryImageOfPage\":{\"@id\":\"https:\\\/\\\/eldigitaldeasturias.com\\\/magazine365\\\/el-puerto-de-tarragona-se-erige-como-la-puerta-de-entrada-inteligente-al-sur-de-europa\\\/#mainImage\"},\"datePublished\":\"2015-06-10T00:05:03+02:00\",\"dateModified\":\"2015-06-10T00:05:03+02:00\"},{\"@type\":\"WebSite\",\"@id\":\"https:\\\/\\\/eldigitaldeasturias.com\\\/magazine365\\\/#website\",\"url\":\"https:\\\/\\\/eldigitaldeasturias.com\\\/magazine365\\\/\",\"name\":\"El Digital de Asturias\",\"description\":\"Revista de ocio, turismo y estilo de vida\",\"inLanguage\":\"es-ES\",\"publisher\":{\"@id\":\"https:\\\/\\\/eldigitaldeasturias.com\\\/magazine365\\\/#organization\"}}]}\n\t\t<\/script>\n\t\t<!-- All in One SEO Pro -->\r\n\t\t<title>El Puerto de Tarragona se erige como la puerta de entrada inteligente al sur de Europa | El Digital de Asturias<\/title>\n\n","aioseo_head_json":{"title":"El Puerto de Tarragona se erige como la puerta de entrada inteligente al sur de Europa | El Digital de Asturias","description":"El Puerto de Tarragona ha presentado este martes su nueva imagen comercial, con la que se erige como la puerta de entrada inteligente al sur de Europa, en el primer d\u00eda del Sal\u00f3n Internacional de la Log\u00edstica y la Manutenci\u00f3n (SIL) 2015, que se celebra hasta el jueves en el recinto Montju\u00efc de Fira de","canonical_url":"https:\/\/eldigitaldeasturias.com\/magazine365\/el-puerto-de-tarragona-se-erige-como-la-puerta-de-entrada-inteligente-al-sur-de-europa\/","robots":"max-image-preview:large","keywords":"actualidad turismo","webmasterTools":{"google-site-verification":"UA-38556648-1","miscellaneous":""},"schema":{"@context":"https:\/\/schema.org","@graph":[{"@type":"Article","@id":"https:\/\/eldigitaldeasturias.com\/magazine365\/el-puerto-de-tarragona-se-erige-como-la-puerta-de-entrada-inteligente-al-sur-de-europa\/#article","name":"El Puerto de Tarragona se erige como la puerta de entrada inteligente al sur de Europa | El Digital de Asturias","headline":"El Puerto de Tarragona se erige como la puerta de entrada inteligente al sur de Europa","author":{"@id":"https:\/\/eldigitaldeasturias.com\/magazine365\/author\/admin\/#author"},"publisher":{"@id":"https:\/\/eldigitaldeasturias.com\/magazine365\/#organization"},"image":{"@type":"ImageObject","url":"https:\/\/eldigitaldeasturias.com\/magazine365\/wp-content\/uploads\/2015\/06\/fotonoticia_20150609113808_800.jpg","width":800,"height":533},"datePublished":"2015-06-10T00:05:03+02:00","dateModified":"2015-06-10T00:05:03+02:00","inLanguage":"es-ES","mainEntityOfPage":{"@id":"https:\/\/eldigitaldeasturias.com\/magazine365\/el-puerto-de-tarragona-se-erige-como-la-puerta-de-entrada-inteligente-al-sur-de-europa\/#webpage"},"isPartOf":{"@id":"https:\/\/eldigitaldeasturias.com\/magazine365\/el-puerto-de-tarragona-se-erige-como-la-puerta-de-entrada-inteligente-al-sur-de-europa\/#webpage"},"articleSection":"Actualidad Turismo"},{"@type":"BreadcrumbList","@id":"https:\/\/eldigitaldeasturias.com\/magazine365\/el-puerto-de-tarragona-se-erige-como-la-puerta-de-entrada-inteligente-al-sur-de-europa\/#breadcrumblist","itemListElement":[{"@type":"ListItem","@id":"https:\/\/eldigitaldeasturias.com\/magazine365#listItem","position":1,"name":"Home","item":"https:\/\/eldigitaldeasturias.com\/magazine365","nextItem":{"@type":"ListItem","@id":"https:\/\/eldigitaldeasturias.com\/magazine365\/category\/actualidad-turismo\/#listItem","name":"Actualidad Turismo"}},{"@type":"ListItem","@id":"https:\/\/eldigitaldeasturias.com\/magazine365\/category\/actualidad-turismo\/#listItem","position":2,"name":"Actualidad Turismo","item":"https:\/\/eldigitaldeasturias.com\/magazine365\/category\/actualidad-turismo\/","nextItem":{"@type":"ListItem","@id":"https:\/\/eldigitaldeasturias.com\/magazine365\/el-puerto-de-tarragona-se-erige-como-la-puerta-de-entrada-inteligente-al-sur-de-europa\/#listItem","name":"El Puerto de Tarragona se erige como la puerta de entrada inteligente al sur de Europa"},"previousItem":{"@type":"ListItem","@id":"https:\/\/eldigitaldeasturias.com\/magazine365#listItem","name":"Home"}},{"@type":"ListItem","@id":"https:\/\/eldigitaldeasturias.com\/magazine365\/el-puerto-de-tarragona-se-erige-como-la-puerta-de-entrada-inteligente-al-sur-de-europa\/#listItem","position":3,"name":"El Puerto de Tarragona se erige como la puerta de entrada inteligente al sur de Europa","previousItem":{"@type":"ListItem","@id":"https:\/\/eldigitaldeasturias.com\/magazine365\/category\/actualidad-turismo\/#listItem","name":"Actualidad Turismo"}}]},{"@type":"Organization","@id":"https:\/\/eldigitaldeasturias.com\/magazine365\/#organization","name":"El digital de Asturias","description":"Revista de ocio, turismo y estilo de vida","url":"https:\/\/eldigitaldeasturias.com\/magazine365\/","logo":{"@type":"ImageObject","url":"https:\/\/www.eldigitaldeasturias.com\/noticias\/wp-content\/uploads\/2020\/12\/EDA.jpg","@id":"https:\/\/eldigitaldeasturias.com\/magazine365\/el-puerto-de-tarragona-se-erige-como-la-puerta-de-entrada-inteligente-al-sur-de-europa\/#organizationLogo"},"image":{"@id":"https:\/\/eldigitaldeasturias.com\/magazine365\/el-puerto-de-tarragona-se-erige-como-la-puerta-de-entrada-inteligente-al-sur-de-europa\/#organizationLogo"}},{"@type":"Person","@id":"https:\/\/eldigitaldeasturias.com\/magazine365\/author\/admin\/#author","url":"https:\/\/eldigitaldeasturias.com\/magazine365\/author\/admin\/","name":"admin","image":{"@type":"ImageObject","@id":"https:\/\/eldigitaldeasturias.com\/magazine365\/el-puerto-de-tarragona-se-erige-como-la-puerta-de-entrada-inteligente-al-sur-de-europa\/#authorImage","url":"https:\/\/eldigitaldeasturias.com\/magazine365\/wp-content\/litespeed\/avatar\/e571bcf59a0edd6fa6838245a470f2fe.jpg?ver=1776969259","width":96,"height":96,"caption":"admin"}},{"@type":"WebPage","@id":"https:\/\/eldigitaldeasturias.com\/magazine365\/el-puerto-de-tarragona-se-erige-como-la-puerta-de-entrada-inteligente-al-sur-de-europa\/#webpage","url":"https:\/\/eldigitaldeasturias.com\/magazine365\/el-puerto-de-tarragona-se-erige-como-la-puerta-de-entrada-inteligente-al-sur-de-europa\/","name":"El Puerto de Tarragona se erige como la puerta de entrada inteligente al sur de Europa | El Digital de Asturias","description":"El Puerto de Tarragona ha presentado este martes su nueva imagen comercial, con la que se erige como la puerta de entrada inteligente al sur de Europa, en el primer d\u00eda del Sal\u00f3n Internacional de la Log\u00edstica y la Manutenci\u00f3n (SIL) 2015, que se celebra hasta el jueves en el recinto Montju\u00efc de Fira de","inLanguage":"es-ES","isPartOf":{"@id":"https:\/\/eldigitaldeasturias.com\/magazine365\/#website"},"breadcrumb":{"@id":"https:\/\/eldigitaldeasturias.com\/magazine365\/el-puerto-de-tarragona-se-erige-como-la-puerta-de-entrada-inteligente-al-sur-de-europa\/#breadcrumblist"},"author":{"@id":"https:\/\/eldigitaldeasturias.com\/magazine365\/author\/admin\/#author"},"creator":{"@id":"https:\/\/eldigitaldeasturias.com\/magazine365\/author\/admin\/#author"},"image":{"@type":"ImageObject","url":"https:\/\/eldigitaldeasturias.com\/magazine365\/wp-content\/uploads\/2015\/06\/fotonoticia_20150609113808_800.jpg","@id":"https:\/\/eldigitaldeasturias.com\/magazine365\/el-puerto-de-tarragona-se-erige-como-la-puerta-de-entrada-inteligente-al-sur-de-europa\/#mainImage","width":800,"height":533},"primaryImageOfPage":{"@id":"https:\/\/eldigitaldeasturias.com\/magazine365\/el-puerto-de-tarragona-se-erige-como-la-puerta-de-entrada-inteligente-al-sur-de-europa\/#mainImage"},"datePublished":"2015-06-10T00:05:03+02:00","dateModified":"2015-06-10T00:05:03+02:00"},{"@type":"WebSite","@id":"https:\/\/eldigitaldeasturias.com\/magazine365\/#website","url":"https:\/\/eldigitaldeasturias.com\/magazine365\/","name":"El Digital de Asturias","description":"Revista de ocio, turismo y estilo de vida","inLanguage":"es-ES","publisher":{"@id":"https:\/\/eldigitaldeasturias.com\/magazine365\/#organization"}}]},"og:locale":"es_ES","og:site_name":"El Digital de Asturias \u2013 Revista de ocio, turismo y estilo de vida","og:type":"article","og:title":"El Puerto de Tarragona se erige como la puerta de entrada inteligente al sur de Europa | El Digital de Asturias","og:description":"El Puerto de Tarragona ha presentado este martes su nueva imagen comercial, con la que se erige como la puerta de entrada inteligente al sur de Europa, en el primer d\u00eda del Sal\u00f3n Internacional de la Log\u00edstica y la Manutenci\u00f3n (SIL) 2015, que se celebra hasta el jueves en el recinto Montju\u00efc de Fira de","og:url":"https:\/\/eldigitaldeasturias.com\/magazine365\/el-puerto-de-tarragona-se-erige-como-la-puerta-de-entrada-inteligente-al-sur-de-europa\/","og:image":"https:\/\/eldigitaldeasturias.com\/magazine365\/wp-content\/uploads\/2015\/06\/fotonoticia_20150609113808_800.jpg","og:image:secure_url":"https:\/\/eldigitaldeasturias.com\/magazine365\/wp-content\/uploads\/2015\/06\/fotonoticia_20150609113808_800.jpg","og:image:width":800,"og:image:height":533,"article:published_time":"2015-06-09T22:35:03+00:00","article:modified_time":"2015-06-09T22:35:03+00:00","twitter:card":"summary_large_image","twitter:title":"El Puerto de Tarragona se erige como la puerta de entrada inteligente al sur de Europa | El Digital de Asturias","twitter:description":"El Puerto de Tarragona ha presentado este martes su nueva imagen comercial, con la que se erige como la puerta de entrada inteligente al sur de Europa, en el primer d\u00eda del Sal\u00f3n Internacional de la Log\u00edstica y la Manutenci\u00f3n (SIL) 2015, que se celebra hasta el jueves en el recinto Montju\u00efc de Fira de","twitter:image":"https:\/\/eldigitaldeasturias.com\/magazine365\/wp-content\/uploads\/2015\/06\/fotonoticia_20150609113808_800.jpg"},"aioseo_meta_data":{"post_id":"39300","title":null,"description":null,"keywords":null,"keyphrases":null,"primary_term":null,"canonical_url":null,"og_title":null,"og_description":null,"og_object_type":"default","og_image_type":"default","og_image_url":null,"og_image_width":null,"og_image_height":null,"og_image_custom_url":null,"og_image_custom_fields":null,"og_video":null,"og_custom_url":null,"og_article_section":null,"og_article_tags":null,"twitter_use_og":false,"twitter_card":"default","twitter_image_type":"default","twitter_image_url":null,"twitter_image_custom_url":null,"twitter_image_custom_fields":null,"twitter_title":null,"twitter_description":null,"schema":{"blockGraphs":[],"customGraphs":[],"default":{"data":{"Article":[],"Course":[],"Dataset":[],"FAQPage":[],"Movie":[],"Person":[],"Product":[],"ProductReview":[],"Car":[],"Recipe":[],"Service":[],"SoftwareApplication":[],"WebPage":[]},"graphName":"","isEnabled":true},"graphs":[],"defaultGraph":"","defaultPostTypeGraph":""},"schema_type":null,"schema_type_options":null,"pillar_content":false,"robots_default":true,"robots_noindex":false,"robots_noarchive":false,"robots_nosnippet":false,"robots_nofollow":false,"robots_noimageindex":false,"robots_noodp":false,"robots_notranslate":false,"robots_max_snippet":null,"robots_max_videopreview":null,"robots_max_imagepreview":"large","priority":null,"frequency":null,"location":null,"local_seo":null,"seo_analyzer_scan_date":"2025-09-19 11:19:01","breadcrumb_settings":null,"limit_modified_date":false,"open_ai":null,"ai":null,"created":"2021-03-09 02:42:46","updated":"2025-09-19 11:19:01"},"aioseo_breadcrumb":"<div class=\"aioseo-breadcrumbs\"><span class=\"aioseo-breadcrumb\">\n\t<a href=\"https:\/\/eldigitaldeasturias.com\/magazine365\" title=\"Home\">Home<\/a>\n<\/span><span class=\"aioseo-breadcrumb-separator\">\u2013<\/span><span class=\"aioseo-breadcrumb\">\n\t<a href=\"https:\/\/eldigitaldeasturias.com\/magazine365\/category\/actualidad-turismo\/\" title=\"Actualidad Turismo\">Actualidad Turismo<\/a>\n<\/span><span class=\"aioseo-breadcrumb-separator\">\u2013<\/span><span class=\"aioseo-breadcrumb\">\n\t<a href=\"https:\/\/eldigitaldeasturias.com\/magazine365\/el-puerto-de-tarragona-se-erige-como-la-puerta-de-entrada-inteligente-al-sur-de-europa\/\" title=\"El Puerto de Tarragona se erige como la puerta de entrada inteligente al sur de Europa\">El Puerto de Tarragona se erige como la puerta de entrada inteligente al sur de Europa<\/a>\n<\/span><\/div>","aioseo_breadcrumb_json":[{"label":"Home","link":"https:\/\/eldigitaldeasturias.com\/magazine365"},{"label":"Actualidad Turismo","link":"https:\/\/eldigitaldeasturias.com\/magazine365\/category\/actualidad-turismo\/"},{"label":"El Puerto de Tarragona se erige como la puerta de entrada inteligente al sur de Europa","link":"https:\/\/eldigitaldeasturias.com\/magazine365\/el-puerto-de-tarragona-se-erige-como-la-puerta-de-entrada-inteligente-al-sur-de-europa\/"}],"_links":{"self":[{"href":"https:\/\/eldigitaldeasturias.com\/magazine365\/wp-json\/wp\/v2\/posts\/39300","targetHints":{"allow":["GET"]}}],"collection":[{"href":"https:\/\/eldigitaldeasturias.com\/magazine365\/wp-json\/wp\/v2\/posts"}],"about":[{"href":"https:\/\/eldigitaldeasturias.com\/magazine365\/wp-json\/wp\/v2\/types\/post"}],"author":[{"embeddable":true,"href":"https:\/\/eldigitaldeasturias.com\/magazine365\/wp-json\/wp\/v2\/users\/1"}],"replies":[{"embeddable":true,"href":"https:\/\/eldigitaldeasturias.com\/magazine365\/wp-json\/wp\/v2\/comments?post=39300"}],"version-history":[{"count":0,"href":"https:\/\/eldigitaldeasturias.com\/magazine365\/wp-json\/wp\/v2\/posts\/39300\/revisions"}],"wp:featuredmedia":[{"embeddable":true,"href":"https:\/\/eldigitaldeasturias.com\/magazine365\/wp-json\/wp\/v2\/media\/39301"}],"wp:attachment":[{"href":"https:\/\/eldigitaldeasturias.com\/magazine365\/wp-json\/wp\/v2\/media?parent=39300"}],"wp:term":[{"taxonomy":"category","embeddable":true,"href":"https:\/\/eldigitaldeasturias.com\/magazine365\/wp-json\/wp\/v2\/categories?post=39300"},{"taxonomy":"post_tag","embeddable":true,"href":"https:\/\/eldigitaldeasturias.com\/magazine365\/wp-json\/wp\/v2\/tags?post=39300"}],"curies":[{"name":"wp","href":"https:\/\/api.w.org\/{rel}","templated":true}]}}