{"id":39289,"date":"2015-06-09T18:50:42","date_gmt":"2015-06-09T17:20:42","guid":{"rendered":"http:\/\/eldigitaldeasturias.com\/magazine365\/?p=39289"},"modified":"2015-06-09T18:50:42","modified_gmt":"2015-06-09T17:20:42","slug":"la-aplicacion-del-iva-turistico-centrara-la-proxima-asamblea-anual-de-feneval","status":"publish","type":"post","link":"https:\/\/eldigitaldeasturias.com\/magazine365\/la-aplicacion-del-iva-turistico-centrara-la-proxima-asamblea-anual-de-feneval\/","title":{"rendered":"La aplicaci\u00f3n del IVA tur\u00edstico centrar\u00e1 la pr\u00f3xima Asamblea Anual de Feneval"},"content":{"rendered":"<p><img fetchpriority=\"high\" decoding=\"async\" class=\"alignleft size-medium wp-image-39290\" src=\"https:\/\/eldigitaldeasturias.com\/magazine365\/wp-content\/uploads\/2015\/06\/fotonoticia_20150609104250_800-360x240.jpg\" alt=\"fotonoticia_20150609104250_800\" width=\"360\" height=\"240\" srcset=\"https:\/\/eldigitaldeasturias.com\/magazine365\/wp-content\/uploads\/2015\/06\/fotonoticia_20150609104250_800-360x240.jpg 360w, https:\/\/eldigitaldeasturias.com\/magazine365\/wp-content\/uploads\/2015\/06\/fotonoticia_20150609104250_800-650x433.jpg 650w, https:\/\/eldigitaldeasturias.com\/magazine365\/wp-content\/uploads\/2015\/06\/fotonoticia_20150609104250_800-768x512.jpg 768w, https:\/\/eldigitaldeasturias.com\/magazine365\/wp-content\/uploads\/2015\/06\/fotonoticia_20150609104250_800-150x100.jpg 150w, https:\/\/eldigitaldeasturias.com\/magazine365\/wp-content\/uploads\/2015\/06\/fotonoticia_20150609104250_800-450x300.jpg 450w, https:\/\/eldigitaldeasturias.com\/magazine365\/wp-content\/uploads\/2015\/06\/fotonoticia_20150609104250_800-696x464.jpg 696w, https:\/\/eldigitaldeasturias.com\/magazine365\/wp-content\/uploads\/2015\/06\/fotonoticia_20150609104250_800-630x420.jpg 630w, https:\/\/eldigitaldeasturias.com\/magazine365\/wp-content\/uploads\/2015\/06\/fotonoticia_20150609104250_800-84x55.jpg 84w, https:\/\/eldigitaldeasturias.com\/magazine365\/wp-content\/uploads\/2015\/06\/fotonoticia_20150609104250_800.jpg 800w\" sizes=\"(max-width: 360px) 100vw, 360px\" \/>La Federaci\u00f3n Nacional Empresarial de Alquiler de Veh\u00edculos (Feneval) celebrar\u00e1 entre el 10 y el 11 de junio su Asamblea Anual en Alicante, en la que har\u00e1 hincapi\u00e9 en la necesidad de establecer un tipo de IVA reducido para el sector, al tratarse de una actividad tur\u00edstica.<\/p>\n<p>La organizaci\u00f3n se\u00f1al\u00f3 que la petici\u00f3n de la reducci\u00f3n del IVA al sector de alquiler de veh\u00edculos es una reclamaci\u00f3n hist\u00f3rica de Feneval a los gobiernos central y auton\u00f3micos y destac\u00f3 la necesidad de adecuar la fiscalidad a la actividad actual del sector, ya que sus clientes realizan en su mayor\u00eda un uso tur\u00edstico del veh\u00edculo.<\/p>\n<p>En este sentido, la Federaci\u00f3n considera una \u00abse\u00f1al esperanzadora\u00bb la reciente incorporaci\u00f3n del alquiler de veh\u00edculos en el reglamento de la Ley de Turismo de Islas Baleares, como un primer paso hacia la aplicaci\u00f3n del 10% del IVA a dicha actividad, al igual que otros servicios tur\u00edsticos, en el lugar del tipo general del 21%.<\/p>\n<p>La pr\u00f3xima Asamblea Anual de Feneval contar\u00e1 con la presencia de las principales empresas del sector, as\u00ed como de representantes de diferentes marcas de autom\u00f3viles, de instituciones p\u00fablicas y de empresas de servicios, entre otras.<\/p>\n<p>Durante dicho encuentro tambi\u00e9n se hablar\u00e1 de las previsiones para los pr\u00f3ximos meses, con una estimaci\u00f3n de crecimiento del alquiler de veh\u00edculos del 3,5%, en l\u00ednea con la evoluci\u00f3n de 2014, gracias al mayor acceso a la financiaci\u00f3n para renovar la flota y a las facilidades ofrecidas por las marcas.<\/p>\n<p>En la Asamblea tambi\u00e9n se debatir\u00e1n los retos a los que se enfrenta el sector de alquiler de veh\u00edculos, como la sustracci\u00f3n de veh\u00edculos por parte de bandas organizadas, el \u00abmal llamado\u00bb consumo colaborativo y los nuevos impuestos y normas que gravan y dificultan el normal desarrollo de la actividad.<\/p>\n","protected":false},"excerpt":{"rendered":"<p>La Federaci\u00f3n Nacional Empresarial de Alquiler de Veh\u00edculos (Feneval) celebrar\u00e1 entre el 10 y el 11 de junio su Asamblea Anual en Alicante, en la que har\u00e1 hincapi\u00e9 en la necesidad de establecer un tipo de IVA reducido para el sector, al tratarse de una actividad tur\u00edstica. La organizaci\u00f3n se\u00f1al\u00f3 que la petici\u00f3n de la<\/p>\n","protected":false},"author":1,"featured_media":39290,"comment_status":"open","ping_status":"closed","sticky":false,"template":"","format":"standard","meta":{"footnotes":""},"categories":[222],"tags":[],"class_list":{"0":"post-39289","1":"post","2":"type-post","3":"status-publish","4":"format-standard","5":"has-post-thumbnail","7":"category-actualidad-turismo"},"aioseo_notices":[],"aioseo_head":"\n\t\t<!-- All in One SEO Pro 4.9.6.1 - aioseo.com -->\n\t<meta name=\"description\" content=\"La Federaci\u00f3n Nacional Empresarial de Alquiler de Veh\u00edculos (Feneval) celebrar\u00e1 entre el 10 y el 11 de junio su Asamblea Anual en Alicante, en la que har\u00e1 hincapi\u00e9 en la necesidad de establecer un tipo de IVA reducido para el sector, al tratarse de una actividad tur\u00edstica. La organizaci\u00f3n se\u00f1al\u00f3 que la petici\u00f3n de la\" \/>\n\t<meta name=\"robots\" content=\"max-image-preview:large\" \/>\n\t<meta name=\"author\" content=\"admin\"\/>\n\t<meta name=\"google-site-verification\" content=\"UA-38556648-1\" \/>\n\t<meta name=\"keywords\" content=\"actualidad turismo\" \/>\n\t<link rel=\"canonical\" href=\"https:\/\/eldigitaldeasturias.com\/magazine365\/la-aplicacion-del-iva-turistico-centrara-la-proxima-asamblea-anual-de-feneval\/\" \/>\n\t<meta name=\"generator\" content=\"All in One SEO Pro (AIOSEO) 4.9.6.1\" \/>\n\t\t<meta property=\"og:locale\" content=\"es_ES\" \/>\n\t\t<meta property=\"og:site_name\" content=\"El Digital de Asturias \u2013 Revista de ocio, turismo y estilo de vida\" \/>\n\t\t<meta property=\"og:type\" content=\"article\" \/>\n\t\t<meta property=\"og:title\" content=\"La aplicaci\u00f3n del IVA tur\u00edstico centrar\u00e1 la pr\u00f3xima Asamblea Anual de Feneval | El Digital de Asturias\" \/>\n\t\t<meta property=\"og:description\" content=\"La Federaci\u00f3n Nacional Empresarial de Alquiler de Veh\u00edculos (Feneval) celebrar\u00e1 entre el 10 y el 11 de junio su Asamblea Anual en Alicante, en la que har\u00e1 hincapi\u00e9 en la necesidad de establecer un tipo de IVA reducido para el sector, al tratarse de una actividad tur\u00edstica. La organizaci\u00f3n se\u00f1al\u00f3 que la petici\u00f3n de la\" \/>\n\t\t<meta property=\"og:url\" content=\"https:\/\/eldigitaldeasturias.com\/magazine365\/la-aplicacion-del-iva-turistico-centrara-la-proxima-asamblea-anual-de-feneval\/\" \/>\n\t\t<meta property=\"og:image\" content=\"https:\/\/eldigitaldeasturias.com\/magazine365\/wp-content\/uploads\/2015\/06\/fotonoticia_20150609104250_800.jpg\" \/>\n\t\t<meta property=\"og:image:secure_url\" content=\"https:\/\/eldigitaldeasturias.com\/magazine365\/wp-content\/uploads\/2015\/06\/fotonoticia_20150609104250_800.jpg\" \/>\n\t\t<meta property=\"og:image:width\" content=\"800\" \/>\n\t\t<meta property=\"og:image:height\" content=\"533\" \/>\n\t\t<meta property=\"article:published_time\" content=\"2015-06-09T17:20:42+00:00\" \/>\n\t\t<meta property=\"article:modified_time\" content=\"2015-06-09T17:20:42+00:00\" \/>\n\t\t<meta name=\"twitter:card\" content=\"summary_large_image\" \/>\n\t\t<meta name=\"twitter:title\" content=\"La aplicaci\u00f3n del IVA tur\u00edstico centrar\u00e1 la pr\u00f3xima Asamblea Anual de Feneval | El Digital de Asturias\" \/>\n\t\t<meta name=\"twitter:description\" content=\"La Federaci\u00f3n Nacional Empresarial de Alquiler de Veh\u00edculos (Feneval) celebrar\u00e1 entre el 10 y el 11 de junio su Asamblea Anual en Alicante, en la que har\u00e1 hincapi\u00e9 en la necesidad de establecer un tipo de IVA reducido para el sector, al tratarse de una actividad tur\u00edstica. La organizaci\u00f3n se\u00f1al\u00f3 que la petici\u00f3n de la\" \/>\n\t\t<meta name=\"twitter:image\" content=\"https:\/\/eldigitaldeasturias.com\/magazine365\/wp-content\/uploads\/2015\/06\/fotonoticia_20150609104250_800.jpg\" \/>\n\t\t<script type=\"application\/ld+json\" class=\"aioseo-schema\">\n\t\t\t{\"@context\":\"https:\\\/\\\/schema.org\",\"@graph\":[{\"@type\":\"Article\",\"@id\":\"https:\\\/\\\/eldigitaldeasturias.com\\\/magazine365\\\/la-aplicacion-del-iva-turistico-centrara-la-proxima-asamblea-anual-de-feneval\\\/#article\",\"name\":\"La aplicaci\\u00f3n del IVA tur\\u00edstico centrar\\u00e1 la pr\\u00f3xima Asamblea Anual de Feneval | El Digital de Asturias\",\"headline\":\"La aplicaci\\u00f3n del IVA tur\\u00edstico centrar\\u00e1 la pr\\u00f3xima Asamblea Anual de Feneval\",\"author\":{\"@id\":\"https:\\\/\\\/eldigitaldeasturias.com\\\/magazine365\\\/author\\\/admin\\\/#author\"},\"publisher\":{\"@id\":\"https:\\\/\\\/eldigitaldeasturias.com\\\/magazine365\\\/#organization\"},\"image\":{\"@type\":\"ImageObject\",\"url\":\"https:\\\/\\\/eldigitaldeasturias.com\\\/magazine365\\\/wp-content\\\/uploads\\\/2015\\\/06\\\/fotonoticia_20150609104250_800.jpg\",\"width\":800,\"height\":533},\"datePublished\":\"2015-06-09T18:50:42+02:00\",\"dateModified\":\"2015-06-09T18:50:42+02:00\",\"inLanguage\":\"es-ES\",\"mainEntityOfPage\":{\"@id\":\"https:\\\/\\\/eldigitaldeasturias.com\\\/magazine365\\\/la-aplicacion-del-iva-turistico-centrara-la-proxima-asamblea-anual-de-feneval\\\/#webpage\"},\"isPartOf\":{\"@id\":\"https:\\\/\\\/eldigitaldeasturias.com\\\/magazine365\\\/la-aplicacion-del-iva-turistico-centrara-la-proxima-asamblea-anual-de-feneval\\\/#webpage\"},\"articleSection\":\"Actualidad Turismo\"},{\"@type\":\"BreadcrumbList\",\"@id\":\"https:\\\/\\\/eldigitaldeasturias.com\\\/magazine365\\\/la-aplicacion-del-iva-turistico-centrara-la-proxima-asamblea-anual-de-feneval\\\/#breadcrumblist\",\"itemListElement\":[{\"@type\":\"ListItem\",\"@id\":\"https:\\\/\\\/eldigitaldeasturias.com\\\/magazine365#listItem\",\"position\":1,\"name\":\"Home\",\"item\":\"https:\\\/\\\/eldigitaldeasturias.com\\\/magazine365\",\"nextItem\":{\"@type\":\"ListItem\",\"@id\":\"https:\\\/\\\/eldigitaldeasturias.com\\\/magazine365\\\/category\\\/actualidad-turismo\\\/#listItem\",\"name\":\"Actualidad Turismo\"}},{\"@type\":\"ListItem\",\"@id\":\"https:\\\/\\\/eldigitaldeasturias.com\\\/magazine365\\\/category\\\/actualidad-turismo\\\/#listItem\",\"position\":2,\"name\":\"Actualidad Turismo\",\"item\":\"https:\\\/\\\/eldigitaldeasturias.com\\\/magazine365\\\/category\\\/actualidad-turismo\\\/\",\"nextItem\":{\"@type\":\"ListItem\",\"@id\":\"https:\\\/\\\/eldigitaldeasturias.com\\\/magazine365\\\/la-aplicacion-del-iva-turistico-centrara-la-proxima-asamblea-anual-de-feneval\\\/#listItem\",\"name\":\"La aplicaci\\u00f3n del IVA tur\\u00edstico centrar\\u00e1 la pr\\u00f3xima Asamblea Anual de Feneval\"},\"previousItem\":{\"@type\":\"ListItem\",\"@id\":\"https:\\\/\\\/eldigitaldeasturias.com\\\/magazine365#listItem\",\"name\":\"Home\"}},{\"@type\":\"ListItem\",\"@id\":\"https:\\\/\\\/eldigitaldeasturias.com\\\/magazine365\\\/la-aplicacion-del-iva-turistico-centrara-la-proxima-asamblea-anual-de-feneval\\\/#listItem\",\"position\":3,\"name\":\"La aplicaci\\u00f3n del IVA tur\\u00edstico centrar\\u00e1 la pr\\u00f3xima Asamblea Anual de Feneval\",\"previousItem\":{\"@type\":\"ListItem\",\"@id\":\"https:\\\/\\\/eldigitaldeasturias.com\\\/magazine365\\\/category\\\/actualidad-turismo\\\/#listItem\",\"name\":\"Actualidad Turismo\"}}]},{\"@type\":\"Organization\",\"@id\":\"https:\\\/\\\/eldigitaldeasturias.com\\\/magazine365\\\/#organization\",\"name\":\"El digital de Asturias\",\"description\":\"Revista de ocio, turismo y estilo de vida\",\"url\":\"https:\\\/\\\/eldigitaldeasturias.com\\\/magazine365\\\/\",\"logo\":{\"@type\":\"ImageObject\",\"url\":\"https:\\\/\\\/www.eldigitaldeasturias.com\\\/noticias\\\/wp-content\\\/uploads\\\/2020\\\/12\\\/EDA.jpg\",\"@id\":\"https:\\\/\\\/eldigitaldeasturias.com\\\/magazine365\\\/la-aplicacion-del-iva-turistico-centrara-la-proxima-asamblea-anual-de-feneval\\\/#organizationLogo\"},\"image\":{\"@id\":\"https:\\\/\\\/eldigitaldeasturias.com\\\/magazine365\\\/la-aplicacion-del-iva-turistico-centrara-la-proxima-asamblea-anual-de-feneval\\\/#organizationLogo\"}},{\"@type\":\"Person\",\"@id\":\"https:\\\/\\\/eldigitaldeasturias.com\\\/magazine365\\\/author\\\/admin\\\/#author\",\"url\":\"https:\\\/\\\/eldigitaldeasturias.com\\\/magazine365\\\/author\\\/admin\\\/\",\"name\":\"admin\",\"image\":{\"@type\":\"ImageObject\",\"@id\":\"https:\\\/\\\/eldigitaldeasturias.com\\\/magazine365\\\/la-aplicacion-del-iva-turistico-centrara-la-proxima-asamblea-anual-de-feneval\\\/#authorImage\",\"url\":\"https:\\\/\\\/eldigitaldeasturias.com\\\/magazine365\\\/wp-content\\\/litespeed\\\/avatar\\\/e571bcf59a0edd6fa6838245a470f2fe.jpg?ver=1776969259\",\"width\":96,\"height\":96,\"caption\":\"admin\"}},{\"@type\":\"WebPage\",\"@id\":\"https:\\\/\\\/eldigitaldeasturias.com\\\/magazine365\\\/la-aplicacion-del-iva-turistico-centrara-la-proxima-asamblea-anual-de-feneval\\\/#webpage\",\"url\":\"https:\\\/\\\/eldigitaldeasturias.com\\\/magazine365\\\/la-aplicacion-del-iva-turistico-centrara-la-proxima-asamblea-anual-de-feneval\\\/\",\"name\":\"La aplicaci\\u00f3n del IVA tur\\u00edstico centrar\\u00e1 la pr\\u00f3xima Asamblea Anual de Feneval | El Digital de Asturias\",\"description\":\"La Federaci\\u00f3n Nacional Empresarial de Alquiler de Veh\\u00edculos (Feneval) celebrar\\u00e1 entre el 10 y el 11 de junio su Asamblea Anual en Alicante, en la que har\\u00e1 hincapi\\u00e9 en la necesidad de establecer un tipo de IVA reducido para el sector, al tratarse de una actividad tur\\u00edstica. La organizaci\\u00f3n se\\u00f1al\\u00f3 que la petici\\u00f3n de la\",\"inLanguage\":\"es-ES\",\"isPartOf\":{\"@id\":\"https:\\\/\\\/eldigitaldeasturias.com\\\/magazine365\\\/#website\"},\"breadcrumb\":{\"@id\":\"https:\\\/\\\/eldigitaldeasturias.com\\\/magazine365\\\/la-aplicacion-del-iva-turistico-centrara-la-proxima-asamblea-anual-de-feneval\\\/#breadcrumblist\"},\"author\":{\"@id\":\"https:\\\/\\\/eldigitaldeasturias.com\\\/magazine365\\\/author\\\/admin\\\/#author\"},\"creator\":{\"@id\":\"https:\\\/\\\/eldigitaldeasturias.com\\\/magazine365\\\/author\\\/admin\\\/#author\"},\"image\":{\"@type\":\"ImageObject\",\"url\":\"https:\\\/\\\/eldigitaldeasturias.com\\\/magazine365\\\/wp-content\\\/uploads\\\/2015\\\/06\\\/fotonoticia_20150609104250_800.jpg\",\"@id\":\"https:\\\/\\\/eldigitaldeasturias.com\\\/magazine365\\\/la-aplicacion-del-iva-turistico-centrara-la-proxima-asamblea-anual-de-feneval\\\/#mainImage\",\"width\":800,\"height\":533},\"primaryImageOfPage\":{\"@id\":\"https:\\\/\\\/eldigitaldeasturias.com\\\/magazine365\\\/la-aplicacion-del-iva-turistico-centrara-la-proxima-asamblea-anual-de-feneval\\\/#mainImage\"},\"datePublished\":\"2015-06-09T18:50:42+02:00\",\"dateModified\":\"2015-06-09T18:50:42+02:00\"},{\"@type\":\"WebSite\",\"@id\":\"https:\\\/\\\/eldigitaldeasturias.com\\\/magazine365\\\/#website\",\"url\":\"https:\\\/\\\/eldigitaldeasturias.com\\\/magazine365\\\/\",\"name\":\"El Digital de Asturias\",\"description\":\"Revista de ocio, turismo y estilo de vida\",\"inLanguage\":\"es-ES\",\"publisher\":{\"@id\":\"https:\\\/\\\/eldigitaldeasturias.com\\\/magazine365\\\/#organization\"}}]}\n\t\t<\/script>\n\t\t<!-- All in One SEO Pro -->\r\n\t\t<title>La aplicaci\u00f3n del IVA tur\u00edstico centrar\u00e1 la pr\u00f3xima Asamblea Anual de Feneval | El Digital de Asturias<\/title>\n\n","aioseo_head_json":{"title":"La aplicaci\u00f3n del IVA tur\u00edstico centrar\u00e1 la pr\u00f3xima Asamblea Anual de Feneval | El Digital de Asturias","description":"La Federaci\u00f3n Nacional Empresarial de Alquiler de Veh\u00edculos (Feneval) celebrar\u00e1 entre el 10 y el 11 de junio su Asamblea Anual en Alicante, en la que har\u00e1 hincapi\u00e9 en la necesidad de establecer un tipo de IVA reducido para el sector, al tratarse de una actividad tur\u00edstica. La organizaci\u00f3n se\u00f1al\u00f3 que la petici\u00f3n de la","canonical_url":"https:\/\/eldigitaldeasturias.com\/magazine365\/la-aplicacion-del-iva-turistico-centrara-la-proxima-asamblea-anual-de-feneval\/","robots":"max-image-preview:large","keywords":"actualidad turismo","webmasterTools":{"google-site-verification":"UA-38556648-1","miscellaneous":""},"schema":{"@context":"https:\/\/schema.org","@graph":[{"@type":"Article","@id":"https:\/\/eldigitaldeasturias.com\/magazine365\/la-aplicacion-del-iva-turistico-centrara-la-proxima-asamblea-anual-de-feneval\/#article","name":"La aplicaci\u00f3n del IVA tur\u00edstico centrar\u00e1 la pr\u00f3xima Asamblea Anual de Feneval | El Digital de Asturias","headline":"La aplicaci\u00f3n del IVA tur\u00edstico centrar\u00e1 la pr\u00f3xima Asamblea Anual de Feneval","author":{"@id":"https:\/\/eldigitaldeasturias.com\/magazine365\/author\/admin\/#author"},"publisher":{"@id":"https:\/\/eldigitaldeasturias.com\/magazine365\/#organization"},"image":{"@type":"ImageObject","url":"https:\/\/eldigitaldeasturias.com\/magazine365\/wp-content\/uploads\/2015\/06\/fotonoticia_20150609104250_800.jpg","width":800,"height":533},"datePublished":"2015-06-09T18:50:42+02:00","dateModified":"2015-06-09T18:50:42+02:00","inLanguage":"es-ES","mainEntityOfPage":{"@id":"https:\/\/eldigitaldeasturias.com\/magazine365\/la-aplicacion-del-iva-turistico-centrara-la-proxima-asamblea-anual-de-feneval\/#webpage"},"isPartOf":{"@id":"https:\/\/eldigitaldeasturias.com\/magazine365\/la-aplicacion-del-iva-turistico-centrara-la-proxima-asamblea-anual-de-feneval\/#webpage"},"articleSection":"Actualidad Turismo"},{"@type":"BreadcrumbList","@id":"https:\/\/eldigitaldeasturias.com\/magazine365\/la-aplicacion-del-iva-turistico-centrara-la-proxima-asamblea-anual-de-feneval\/#breadcrumblist","itemListElement":[{"@type":"ListItem","@id":"https:\/\/eldigitaldeasturias.com\/magazine365#listItem","position":1,"name":"Home","item":"https:\/\/eldigitaldeasturias.com\/magazine365","nextItem":{"@type":"ListItem","@id":"https:\/\/eldigitaldeasturias.com\/magazine365\/category\/actualidad-turismo\/#listItem","name":"Actualidad Turismo"}},{"@type":"ListItem","@id":"https:\/\/eldigitaldeasturias.com\/magazine365\/category\/actualidad-turismo\/#listItem","position":2,"name":"Actualidad Turismo","item":"https:\/\/eldigitaldeasturias.com\/magazine365\/category\/actualidad-turismo\/","nextItem":{"@type":"ListItem","@id":"https:\/\/eldigitaldeasturias.com\/magazine365\/la-aplicacion-del-iva-turistico-centrara-la-proxima-asamblea-anual-de-feneval\/#listItem","name":"La aplicaci\u00f3n del IVA tur\u00edstico centrar\u00e1 la pr\u00f3xima Asamblea Anual de Feneval"},"previousItem":{"@type":"ListItem","@id":"https:\/\/eldigitaldeasturias.com\/magazine365#listItem","name":"Home"}},{"@type":"ListItem","@id":"https:\/\/eldigitaldeasturias.com\/magazine365\/la-aplicacion-del-iva-turistico-centrara-la-proxima-asamblea-anual-de-feneval\/#listItem","position":3,"name":"La aplicaci\u00f3n del IVA tur\u00edstico centrar\u00e1 la pr\u00f3xima Asamblea Anual de Feneval","previousItem":{"@type":"ListItem","@id":"https:\/\/eldigitaldeasturias.com\/magazine365\/category\/actualidad-turismo\/#listItem","name":"Actualidad Turismo"}}]},{"@type":"Organization","@id":"https:\/\/eldigitaldeasturias.com\/magazine365\/#organization","name":"El digital de Asturias","description":"Revista de ocio, turismo y estilo de vida","url":"https:\/\/eldigitaldeasturias.com\/magazine365\/","logo":{"@type":"ImageObject","url":"https:\/\/www.eldigitaldeasturias.com\/noticias\/wp-content\/uploads\/2020\/12\/EDA.jpg","@id":"https:\/\/eldigitaldeasturias.com\/magazine365\/la-aplicacion-del-iva-turistico-centrara-la-proxima-asamblea-anual-de-feneval\/#organizationLogo"},"image":{"@id":"https:\/\/eldigitaldeasturias.com\/magazine365\/la-aplicacion-del-iva-turistico-centrara-la-proxima-asamblea-anual-de-feneval\/#organizationLogo"}},{"@type":"Person","@id":"https:\/\/eldigitaldeasturias.com\/magazine365\/author\/admin\/#author","url":"https:\/\/eldigitaldeasturias.com\/magazine365\/author\/admin\/","name":"admin","image":{"@type":"ImageObject","@id":"https:\/\/eldigitaldeasturias.com\/magazine365\/la-aplicacion-del-iva-turistico-centrara-la-proxima-asamblea-anual-de-feneval\/#authorImage","url":"https:\/\/eldigitaldeasturias.com\/magazine365\/wp-content\/litespeed\/avatar\/e571bcf59a0edd6fa6838245a470f2fe.jpg?ver=1776969259","width":96,"height":96,"caption":"admin"}},{"@type":"WebPage","@id":"https:\/\/eldigitaldeasturias.com\/magazine365\/la-aplicacion-del-iva-turistico-centrara-la-proxima-asamblea-anual-de-feneval\/#webpage","url":"https:\/\/eldigitaldeasturias.com\/magazine365\/la-aplicacion-del-iva-turistico-centrara-la-proxima-asamblea-anual-de-feneval\/","name":"La aplicaci\u00f3n del IVA tur\u00edstico centrar\u00e1 la pr\u00f3xima Asamblea Anual de Feneval | El Digital de Asturias","description":"La Federaci\u00f3n Nacional Empresarial de Alquiler de Veh\u00edculos (Feneval) celebrar\u00e1 entre el 10 y el 11 de junio su Asamblea Anual en Alicante, en la que har\u00e1 hincapi\u00e9 en la necesidad de establecer un tipo de IVA reducido para el sector, al tratarse de una actividad tur\u00edstica. La organizaci\u00f3n se\u00f1al\u00f3 que la petici\u00f3n de la","inLanguage":"es-ES","isPartOf":{"@id":"https:\/\/eldigitaldeasturias.com\/magazine365\/#website"},"breadcrumb":{"@id":"https:\/\/eldigitaldeasturias.com\/magazine365\/la-aplicacion-del-iva-turistico-centrara-la-proxima-asamblea-anual-de-feneval\/#breadcrumblist"},"author":{"@id":"https:\/\/eldigitaldeasturias.com\/magazine365\/author\/admin\/#author"},"creator":{"@id":"https:\/\/eldigitaldeasturias.com\/magazine365\/author\/admin\/#author"},"image":{"@type":"ImageObject","url":"https:\/\/eldigitaldeasturias.com\/magazine365\/wp-content\/uploads\/2015\/06\/fotonoticia_20150609104250_800.jpg","@id":"https:\/\/eldigitaldeasturias.com\/magazine365\/la-aplicacion-del-iva-turistico-centrara-la-proxima-asamblea-anual-de-feneval\/#mainImage","width":800,"height":533},"primaryImageOfPage":{"@id":"https:\/\/eldigitaldeasturias.com\/magazine365\/la-aplicacion-del-iva-turistico-centrara-la-proxima-asamblea-anual-de-feneval\/#mainImage"},"datePublished":"2015-06-09T18:50:42+02:00","dateModified":"2015-06-09T18:50:42+02:00"},{"@type":"WebSite","@id":"https:\/\/eldigitaldeasturias.com\/magazine365\/#website","url":"https:\/\/eldigitaldeasturias.com\/magazine365\/","name":"El Digital de Asturias","description":"Revista de ocio, turismo y estilo de vida","inLanguage":"es-ES","publisher":{"@id":"https:\/\/eldigitaldeasturias.com\/magazine365\/#organization"}}]},"og:locale":"es_ES","og:site_name":"El Digital de Asturias \u2013 Revista de ocio, turismo y estilo de vida","og:type":"article","og:title":"La aplicaci\u00f3n del IVA tur\u00edstico centrar\u00e1 la pr\u00f3xima Asamblea Anual de Feneval | El Digital de Asturias","og:description":"La Federaci\u00f3n Nacional Empresarial de Alquiler de Veh\u00edculos (Feneval) celebrar\u00e1 entre el 10 y el 11 de junio su Asamblea Anual en Alicante, en la que har\u00e1 hincapi\u00e9 en la necesidad de establecer un tipo de IVA reducido para el sector, al tratarse de una actividad tur\u00edstica. La organizaci\u00f3n se\u00f1al\u00f3 que la petici\u00f3n de la","og:url":"https:\/\/eldigitaldeasturias.com\/magazine365\/la-aplicacion-del-iva-turistico-centrara-la-proxima-asamblea-anual-de-feneval\/","og:image":"https:\/\/eldigitaldeasturias.com\/magazine365\/wp-content\/uploads\/2015\/06\/fotonoticia_20150609104250_800.jpg","og:image:secure_url":"https:\/\/eldigitaldeasturias.com\/magazine365\/wp-content\/uploads\/2015\/06\/fotonoticia_20150609104250_800.jpg","og:image:width":800,"og:image:height":533,"article:published_time":"2015-06-09T17:20:42+00:00","article:modified_time":"2015-06-09T17:20:42+00:00","twitter:card":"summary_large_image","twitter:title":"La aplicaci\u00f3n del IVA tur\u00edstico centrar\u00e1 la pr\u00f3xima Asamblea Anual de Feneval | El Digital de Asturias","twitter:description":"La Federaci\u00f3n Nacional Empresarial de Alquiler de Veh\u00edculos (Feneval) celebrar\u00e1 entre el 10 y el 11 de junio su Asamblea Anual en Alicante, en la que har\u00e1 hincapi\u00e9 en la necesidad de establecer un tipo de IVA reducido para el sector, al tratarse de una actividad tur\u00edstica. La organizaci\u00f3n se\u00f1al\u00f3 que la petici\u00f3n de la","twitter:image":"https:\/\/eldigitaldeasturias.com\/magazine365\/wp-content\/uploads\/2015\/06\/fotonoticia_20150609104250_800.jpg"},"aioseo_meta_data":{"post_id":"39289","title":null,"description":null,"keywords":null,"keyphrases":null,"primary_term":null,"canonical_url":null,"og_title":null,"og_description":null,"og_object_type":"default","og_image_type":"default","og_image_url":null,"og_image_width":null,"og_image_height":null,"og_image_custom_url":null,"og_image_custom_fields":null,"og_video":null,"og_custom_url":null,"og_article_section":null,"og_article_tags":null,"twitter_use_og":false,"twitter_card":"default","twitter_image_type":"default","twitter_image_url":null,"twitter_image_custom_url":null,"twitter_image_custom_fields":null,"twitter_title":null,"twitter_description":null,"schema":{"blockGraphs":[],"customGraphs":[],"default":{"data":{"Article":[],"Course":[],"Dataset":[],"FAQPage":[],"Movie":[],"Person":[],"Product":[],"ProductReview":[],"Car":[],"Recipe":[],"Service":[],"SoftwareApplication":[],"WebPage":[]},"graphName":"","isEnabled":true},"graphs":[],"defaultGraph":"","defaultPostTypeGraph":""},"schema_type":null,"schema_type_options":null,"pillar_content":false,"robots_default":true,"robots_noindex":false,"robots_noarchive":false,"robots_nosnippet":false,"robots_nofollow":false,"robots_noimageindex":false,"robots_noodp":false,"robots_notranslate":false,"robots_max_snippet":null,"robots_max_videopreview":null,"robots_max_imagepreview":"large","priority":null,"frequency":null,"location":null,"local_seo":null,"seo_analyzer_scan_date":"2025-09-19 11:17:48","breadcrumb_settings":null,"limit_modified_date":false,"open_ai":null,"ai":null,"created":"2021-03-09 02:42:46","updated":"2025-09-19 11:17:48"},"aioseo_breadcrumb":"<div class=\"aioseo-breadcrumbs\"><span class=\"aioseo-breadcrumb\">\n\t<a href=\"https:\/\/eldigitaldeasturias.com\/magazine365\" title=\"Home\">Home<\/a>\n<\/span><span class=\"aioseo-breadcrumb-separator\">\u2013<\/span><span class=\"aioseo-breadcrumb\">\n\t<a href=\"https:\/\/eldigitaldeasturias.com\/magazine365\/category\/actualidad-turismo\/\" title=\"Actualidad Turismo\">Actualidad Turismo<\/a>\n<\/span><span class=\"aioseo-breadcrumb-separator\">\u2013<\/span><span class=\"aioseo-breadcrumb\">\n\t<a href=\"https:\/\/eldigitaldeasturias.com\/magazine365\/la-aplicacion-del-iva-turistico-centrara-la-proxima-asamblea-anual-de-feneval\/\" title=\"La aplicaci\u00f3n del IVA tur\u00edstico centrar\u00e1 la pr\u00f3xima Asamblea Anual de Feneval\">La aplicaci\u00f3n del IVA tur\u00edstico centrar\u00e1 la pr\u00f3xima Asamblea Anual de Feneval<\/a>\n<\/span><\/div>","aioseo_breadcrumb_json":[{"label":"Home","link":"https:\/\/eldigitaldeasturias.com\/magazine365"},{"label":"Actualidad Turismo","link":"https:\/\/eldigitaldeasturias.com\/magazine365\/category\/actualidad-turismo\/"},{"label":"La aplicaci\u00f3n del IVA tur\u00edstico centrar\u00e1 la pr\u00f3xima Asamblea Anual de Feneval","link":"https:\/\/eldigitaldeasturias.com\/magazine365\/la-aplicacion-del-iva-turistico-centrara-la-proxima-asamblea-anual-de-feneval\/"}],"_links":{"self":[{"href":"https:\/\/eldigitaldeasturias.com\/magazine365\/wp-json\/wp\/v2\/posts\/39289","targetHints":{"allow":["GET"]}}],"collection":[{"href":"https:\/\/eldigitaldeasturias.com\/magazine365\/wp-json\/wp\/v2\/posts"}],"about":[{"href":"https:\/\/eldigitaldeasturias.com\/magazine365\/wp-json\/wp\/v2\/types\/post"}],"author":[{"embeddable":true,"href":"https:\/\/eldigitaldeasturias.com\/magazine365\/wp-json\/wp\/v2\/users\/1"}],"replies":[{"embeddable":true,"href":"https:\/\/eldigitaldeasturias.com\/magazine365\/wp-json\/wp\/v2\/comments?post=39289"}],"version-history":[{"count":0,"href":"https:\/\/eldigitaldeasturias.com\/magazine365\/wp-json\/wp\/v2\/posts\/39289\/revisions"}],"wp:featuredmedia":[{"embeddable":true,"href":"https:\/\/eldigitaldeasturias.com\/magazine365\/wp-json\/wp\/v2\/media\/39290"}],"wp:attachment":[{"href":"https:\/\/eldigitaldeasturias.com\/magazine365\/wp-json\/wp\/v2\/media?parent=39289"}],"wp:term":[{"taxonomy":"category","embeddable":true,"href":"https:\/\/eldigitaldeasturias.com\/magazine365\/wp-json\/wp\/v2\/categories?post=39289"},{"taxonomy":"post_tag","embeddable":true,"href":"https:\/\/eldigitaldeasturias.com\/magazine365\/wp-json\/wp\/v2\/tags?post=39289"}],"curies":[{"name":"wp","href":"https:\/\/api.w.org\/{rel}","templated":true}]}}