{"id":39238,"date":"2015-06-09T05:45:26","date_gmt":"2015-06-09T04:15:26","guid":{"rendered":"http:\/\/eldigitaldeasturias.com\/magazine365\/?p=39238"},"modified":"2015-06-09T05:45:26","modified_gmt":"2015-06-09T04:15:26","slug":"mas-de-337-000-personas-celebran-en-granada-la-feria-del-corpus","status":"publish","type":"post","link":"https:\/\/eldigitaldeasturias.com\/magazine365\/mas-de-337-000-personas-celebran-en-granada-la-feria-del-corpus\/","title":{"rendered":"M\u00e1s de 337.000 personas celebran en Granada la Feria del Corpus"},"content":{"rendered":"<p><img fetchpriority=\"high\" decoding=\"async\" class=\"alignleft size-medium wp-image-39239\" src=\"https:\/\/eldigitaldeasturias.com\/magazine365\/wp-content\/uploads\/2015\/06\/fotonoticia_20150608191945_800-360x245.jpg\" alt=\"fotonoticia_20150608191945_800\" width=\"360\" height=\"245\" srcset=\"https:\/\/eldigitaldeasturias.com\/magazine365\/wp-content\/uploads\/2015\/06\/fotonoticia_20150608191945_800-360x245.jpg 360w, https:\/\/eldigitaldeasturias.com\/magazine365\/wp-content\/uploads\/2015\/06\/fotonoticia_20150608191945_800-650x442.jpg 650w, https:\/\/eldigitaldeasturias.com\/magazine365\/wp-content\/uploads\/2015\/06\/fotonoticia_20150608191945_800-768x522.jpg 768w, https:\/\/eldigitaldeasturias.com\/magazine365\/wp-content\/uploads\/2015\/06\/fotonoticia_20150608191945_800-150x102.jpg 150w, https:\/\/eldigitaldeasturias.com\/magazine365\/wp-content\/uploads\/2015\/06\/fotonoticia_20150608191945_800-450x306.jpg 450w, https:\/\/eldigitaldeasturias.com\/magazine365\/wp-content\/uploads\/2015\/06\/fotonoticia_20150608191945_800-696x473.jpg 696w, https:\/\/eldigitaldeasturias.com\/magazine365\/wp-content\/uploads\/2015\/06\/fotonoticia_20150608191945_800-618x420.jpg 618w, https:\/\/eldigitaldeasturias.com\/magazine365\/wp-content\/uploads\/2015\/06\/fotonoticia_20150608191945_800.jpg 800w\" sizes=\"(max-width: 360px) 100vw, 360px\" \/>El Ayuntamiento de Granada ha hecho un balance \u00abhist\u00f3rico\u00bb de la celebraci\u00f3n de las Feria del Corpus que se celebr\u00f3 la pasada semana en la ciudad y por la que pasaron un total de 337.224 personas, un 30% m\u00e1s que en 2014 y que supone \u00abla respuesta de los granadinos a que el ferial de Almanj\u00e1yar haya vuelto a ser de propiedad municipal\u00bb.<\/p>\n<p>As\u00ed lo ha asegurado en rueda de prensa el concejal de Cultura en funciones en el Consistorio capitalino, Juan Garc\u00eda Montero, quien ha desgranado las cifras de ocupaci\u00f3n del ferial en la que el mi\u00e9rcoles 3 de junio se vivi\u00f3 el mayor repunte de usuarios con un total de 76.186 personas llegando, incluso, a copar los aforos de las casetas \u00abpor seguridad\u00bb.<\/p>\n<p>El d\u00eda de mayor afluencia en los columpios fue el martes 2, d\u00eda de los precios m\u00e1s baratos, y el mi\u00e9rcoles, de nuevo, fue el d\u00eda en el que m\u00e1s se uso el transporte p\u00fablico con 18.302 viajeros, un 17,21% m\u00e1s que en 2014 al igual que el n\u00famero de veh\u00edculos aparcados, \u00abotras de las ratios que se toman en cuenta para barajar los datos\u00bb, con 1.620 coches estacionados, un 18% m\u00e1s que el a\u00f1o anterior.<\/p>\n<p>El n\u00famero de viajeros que llegaron a celebrar las fiestas del Corpus Christi creci\u00f3 un 30,66% alcanzando las 71.293 personas frente a las 56.855 de 2013 y las 49.434 personas de 2014 una cifra que \u00abse incrementar\u00e1 con la llegada de la l\u00ednea del metro al Almanj\u00e1yar que acercar\u00e1 las actividades del ferial a las centro\u00bb.<\/p>\n<p>Las mejoras en los accesos del ferial y en las lindes de la zona de columpios m\u00e1s la construcci\u00f3n del graderio \u00abhan servido para seguir avanzando y, con las nuevas mejoras, se multiplicar\u00e1n los datos que ya han aumentado\u00bb, ha continuado el edil.<\/p>\n<p>En cuanto a la recogida de basura, los servicios municipales han recogido 91 toneladas repartidas en 69 toneladas de basura, 1.250 kilos de aceite para su reciclaje y 21 toneladas de cart\u00f3n y, en atenci\u00f3n sanitaria, se han hecho un total de 310 intervenciones de las que 37 necesitaron ser trasladadas a un hospital \u00abtodas debidas a la gran afluencia de gente al ferial\u00bb, ha apuntado Garc\u00eda Montero quien ha afirmado que las actividades culturales que se han celebrado de manera paralela a las fiestas han alcanzado el cien por cien de ocupaci\u00f3n con las calles llenas tanto en el desfile de La Tarasca como en la procesi\u00f3n del Corpus Christi y con aforos completos en las plazas de las Pasiegas y Bib-rambla.<\/p>\n<p>La concejal de Turismo, Roc\u00edo D\u00edaz, ha apuntado que las tres oficinas de turismo regidas por el Consistorio han atendido a un 70,14% m\u00e1s de turistas que en el mismo periodo del a\u00f1o pasado con un 56% de visitantes extranjeros frente al 43% de espa\u00f1oles, mayoritariamente de Andaluc\u00eda, Madrid y Valencia.<\/p>\n<p>En cuanto a la ocupaci\u00f3n hotelera, \u00abno existen datos concretos\u00bb aunque, seg\u00fan las palabras de D\u00edaz, los hoteles del centro han vivido un incremento de ocupaci\u00f3n.<\/p>\n","protected":false},"excerpt":{"rendered":"<p>El Ayuntamiento de Granada ha hecho un balance \u00abhist\u00f3rico\u00bb de la celebraci\u00f3n de las Feria del Corpus que se celebr\u00f3 la pasada semana en la ciudad y por la que pasaron un total de 337.224 personas, un 30% m\u00e1s que en 2014 y que supone \u00abla respuesta de los granadinos a que el ferial de<\/p>\n","protected":false},"author":1,"featured_media":39239,"comment_status":"open","ping_status":"closed","sticky":false,"template":"","format":"standard","meta":{"footnotes":""},"categories":[222],"tags":[],"class_list":{"0":"post-39238","1":"post","2":"type-post","3":"status-publish","4":"format-standard","5":"has-post-thumbnail","7":"category-actualidad-turismo"},"aioseo_notices":[],"aioseo_head":"\n\t\t<!-- All in One SEO Pro 4.9.6.1 - aioseo.com -->\n\t<meta name=\"description\" content=\"El Ayuntamiento de Granada ha hecho un balance &quot;hist\u00f3rico&quot; de la celebraci\u00f3n de las Feria del Corpus que se celebr\u00f3 la pasada semana en la ciudad y por la que pasaron un total de 337.224 personas, un 30% m\u00e1s que en 2014 y que supone &quot;la respuesta de los granadinos a que el ferial de\" \/>\n\t<meta name=\"robots\" content=\"max-image-preview:large\" \/>\n\t<meta name=\"author\" content=\"admin\"\/>\n\t<meta name=\"google-site-verification\" content=\"UA-38556648-1\" \/>\n\t<meta name=\"keywords\" content=\"actualidad turismo\" \/>\n\t<link rel=\"canonical\" href=\"https:\/\/eldigitaldeasturias.com\/magazine365\/mas-de-337-000-personas-celebran-en-granada-la-feria-del-corpus\/\" \/>\n\t<meta name=\"generator\" content=\"All in One SEO Pro (AIOSEO) 4.9.6.1\" \/>\n\t\t<meta property=\"og:locale\" content=\"es_ES\" \/>\n\t\t<meta property=\"og:site_name\" content=\"El Digital de Asturias \u2013 Revista de ocio, turismo y estilo de vida\" \/>\n\t\t<meta property=\"og:type\" content=\"article\" \/>\n\t\t<meta property=\"og:title\" content=\"M\u00e1s de 337.000 personas celebran en Granada la Feria del Corpus | El Digital de Asturias\" \/>\n\t\t<meta property=\"og:description\" content=\"El Ayuntamiento de Granada ha hecho un balance &quot;hist\u00f3rico&quot; de la celebraci\u00f3n de las Feria del Corpus que se celebr\u00f3 la pasada semana en la ciudad y por la que pasaron un total de 337.224 personas, un 30% m\u00e1s que en 2014 y que supone &quot;la respuesta de los granadinos a que el ferial de\" \/>\n\t\t<meta property=\"og:url\" content=\"https:\/\/eldigitaldeasturias.com\/magazine365\/mas-de-337-000-personas-celebran-en-granada-la-feria-del-corpus\/\" \/>\n\t\t<meta property=\"og:image\" content=\"https:\/\/eldigitaldeasturias.com\/magazine365\/wp-content\/uploads\/2015\/06\/fotonoticia_20150608191945_800.jpg\" \/>\n\t\t<meta property=\"og:image:secure_url\" content=\"https:\/\/eldigitaldeasturias.com\/magazine365\/wp-content\/uploads\/2015\/06\/fotonoticia_20150608191945_800.jpg\" \/>\n\t\t<meta property=\"og:image:width\" content=\"800\" \/>\n\t\t<meta property=\"og:image:height\" content=\"544\" \/>\n\t\t<meta property=\"article:published_time\" content=\"2015-06-09T04:15:26+00:00\" \/>\n\t\t<meta property=\"article:modified_time\" content=\"2015-06-09T04:15:26+00:00\" \/>\n\t\t<meta name=\"twitter:card\" content=\"summary_large_image\" \/>\n\t\t<meta name=\"twitter:title\" content=\"M\u00e1s de 337.000 personas celebran en Granada la Feria del Corpus | El Digital de Asturias\" \/>\n\t\t<meta name=\"twitter:description\" content=\"El Ayuntamiento de Granada ha hecho un balance &quot;hist\u00f3rico&quot; de la celebraci\u00f3n de las Feria del Corpus que se celebr\u00f3 la pasada semana en la ciudad y por la que pasaron un total de 337.224 personas, un 30% m\u00e1s que en 2014 y que supone &quot;la respuesta de los granadinos a que el ferial de\" \/>\n\t\t<meta name=\"twitter:image\" content=\"https:\/\/eldigitaldeasturias.com\/magazine365\/wp-content\/uploads\/2015\/06\/fotonoticia_20150608191945_800.jpg\" \/>\n\t\t<script type=\"application\/ld+json\" class=\"aioseo-schema\">\n\t\t\t{\"@context\":\"https:\\\/\\\/schema.org\",\"@graph\":[{\"@type\":\"Article\",\"@id\":\"https:\\\/\\\/eldigitaldeasturias.com\\\/magazine365\\\/mas-de-337-000-personas-celebran-en-granada-la-feria-del-corpus\\\/#article\",\"name\":\"M\\u00e1s de 337.000 personas celebran en Granada la Feria del Corpus | El Digital de Asturias\",\"headline\":\"M\\u00e1s de 337.000 personas celebran en Granada la Feria del Corpus\",\"author\":{\"@id\":\"https:\\\/\\\/eldigitaldeasturias.com\\\/magazine365\\\/author\\\/admin\\\/#author\"},\"publisher\":{\"@id\":\"https:\\\/\\\/eldigitaldeasturias.com\\\/magazine365\\\/#organization\"},\"image\":{\"@type\":\"ImageObject\",\"url\":\"https:\\\/\\\/eldigitaldeasturias.com\\\/magazine365\\\/wp-content\\\/uploads\\\/2015\\\/06\\\/fotonoticia_20150608191945_800.jpg\",\"width\":800,\"height\":544},\"datePublished\":\"2015-06-09T05:45:26+02:00\",\"dateModified\":\"2015-06-09T05:45:26+02:00\",\"inLanguage\":\"es-ES\",\"mainEntityOfPage\":{\"@id\":\"https:\\\/\\\/eldigitaldeasturias.com\\\/magazine365\\\/mas-de-337-000-personas-celebran-en-granada-la-feria-del-corpus\\\/#webpage\"},\"isPartOf\":{\"@id\":\"https:\\\/\\\/eldigitaldeasturias.com\\\/magazine365\\\/mas-de-337-000-personas-celebran-en-granada-la-feria-del-corpus\\\/#webpage\"},\"articleSection\":\"Actualidad Turismo\"},{\"@type\":\"BreadcrumbList\",\"@id\":\"https:\\\/\\\/eldigitaldeasturias.com\\\/magazine365\\\/mas-de-337-000-personas-celebran-en-granada-la-feria-del-corpus\\\/#breadcrumblist\",\"itemListElement\":[{\"@type\":\"ListItem\",\"@id\":\"https:\\\/\\\/eldigitaldeasturias.com\\\/magazine365#listItem\",\"position\":1,\"name\":\"Home\",\"item\":\"https:\\\/\\\/eldigitaldeasturias.com\\\/magazine365\",\"nextItem\":{\"@type\":\"ListItem\",\"@id\":\"https:\\\/\\\/eldigitaldeasturias.com\\\/magazine365\\\/category\\\/actualidad-turismo\\\/#listItem\",\"name\":\"Actualidad Turismo\"}},{\"@type\":\"ListItem\",\"@id\":\"https:\\\/\\\/eldigitaldeasturias.com\\\/magazine365\\\/category\\\/actualidad-turismo\\\/#listItem\",\"position\":2,\"name\":\"Actualidad Turismo\",\"item\":\"https:\\\/\\\/eldigitaldeasturias.com\\\/magazine365\\\/category\\\/actualidad-turismo\\\/\",\"nextItem\":{\"@type\":\"ListItem\",\"@id\":\"https:\\\/\\\/eldigitaldeasturias.com\\\/magazine365\\\/mas-de-337-000-personas-celebran-en-granada-la-feria-del-corpus\\\/#listItem\",\"name\":\"M\\u00e1s de 337.000 personas celebran en Granada la Feria del Corpus\"},\"previousItem\":{\"@type\":\"ListItem\",\"@id\":\"https:\\\/\\\/eldigitaldeasturias.com\\\/magazine365#listItem\",\"name\":\"Home\"}},{\"@type\":\"ListItem\",\"@id\":\"https:\\\/\\\/eldigitaldeasturias.com\\\/magazine365\\\/mas-de-337-000-personas-celebran-en-granada-la-feria-del-corpus\\\/#listItem\",\"position\":3,\"name\":\"M\\u00e1s de 337.000 personas celebran en Granada la Feria del Corpus\",\"previousItem\":{\"@type\":\"ListItem\",\"@id\":\"https:\\\/\\\/eldigitaldeasturias.com\\\/magazine365\\\/category\\\/actualidad-turismo\\\/#listItem\",\"name\":\"Actualidad Turismo\"}}]},{\"@type\":\"Organization\",\"@id\":\"https:\\\/\\\/eldigitaldeasturias.com\\\/magazine365\\\/#organization\",\"name\":\"El digital de Asturias\",\"description\":\"Revista de ocio, turismo y estilo de vida\",\"url\":\"https:\\\/\\\/eldigitaldeasturias.com\\\/magazine365\\\/\",\"logo\":{\"@type\":\"ImageObject\",\"url\":\"https:\\\/\\\/www.eldigitaldeasturias.com\\\/noticias\\\/wp-content\\\/uploads\\\/2020\\\/12\\\/EDA.jpg\",\"@id\":\"https:\\\/\\\/eldigitaldeasturias.com\\\/magazine365\\\/mas-de-337-000-personas-celebran-en-granada-la-feria-del-corpus\\\/#organizationLogo\"},\"image\":{\"@id\":\"https:\\\/\\\/eldigitaldeasturias.com\\\/magazine365\\\/mas-de-337-000-personas-celebran-en-granada-la-feria-del-corpus\\\/#organizationLogo\"}},{\"@type\":\"Person\",\"@id\":\"https:\\\/\\\/eldigitaldeasturias.com\\\/magazine365\\\/author\\\/admin\\\/#author\",\"url\":\"https:\\\/\\\/eldigitaldeasturias.com\\\/magazine365\\\/author\\\/admin\\\/\",\"name\":\"admin\",\"image\":{\"@type\":\"ImageObject\",\"@id\":\"https:\\\/\\\/eldigitaldeasturias.com\\\/magazine365\\\/mas-de-337-000-personas-celebran-en-granada-la-feria-del-corpus\\\/#authorImage\",\"url\":\"https:\\\/\\\/eldigitaldeasturias.com\\\/magazine365\\\/wp-content\\\/litespeed\\\/avatar\\\/e571bcf59a0edd6fa6838245a470f2fe.jpg?ver=1776969259\",\"width\":96,\"height\":96,\"caption\":\"admin\"}},{\"@type\":\"WebPage\",\"@id\":\"https:\\\/\\\/eldigitaldeasturias.com\\\/magazine365\\\/mas-de-337-000-personas-celebran-en-granada-la-feria-del-corpus\\\/#webpage\",\"url\":\"https:\\\/\\\/eldigitaldeasturias.com\\\/magazine365\\\/mas-de-337-000-personas-celebran-en-granada-la-feria-del-corpus\\\/\",\"name\":\"M\\u00e1s de 337.000 personas celebran en Granada la Feria del Corpus | El Digital de Asturias\",\"description\":\"El Ayuntamiento de Granada ha hecho un balance \\\"hist\\u00f3rico\\\" de la celebraci\\u00f3n de las Feria del Corpus que se celebr\\u00f3 la pasada semana en la ciudad y por la que pasaron un total de 337.224 personas, un 30% m\\u00e1s que en 2014 y que supone \\\"la respuesta de los granadinos a que el ferial de\",\"inLanguage\":\"es-ES\",\"isPartOf\":{\"@id\":\"https:\\\/\\\/eldigitaldeasturias.com\\\/magazine365\\\/#website\"},\"breadcrumb\":{\"@id\":\"https:\\\/\\\/eldigitaldeasturias.com\\\/magazine365\\\/mas-de-337-000-personas-celebran-en-granada-la-feria-del-corpus\\\/#breadcrumblist\"},\"author\":{\"@id\":\"https:\\\/\\\/eldigitaldeasturias.com\\\/magazine365\\\/author\\\/admin\\\/#author\"},\"creator\":{\"@id\":\"https:\\\/\\\/eldigitaldeasturias.com\\\/magazine365\\\/author\\\/admin\\\/#author\"},\"image\":{\"@type\":\"ImageObject\",\"url\":\"https:\\\/\\\/eldigitaldeasturias.com\\\/magazine365\\\/wp-content\\\/uploads\\\/2015\\\/06\\\/fotonoticia_20150608191945_800.jpg\",\"@id\":\"https:\\\/\\\/eldigitaldeasturias.com\\\/magazine365\\\/mas-de-337-000-personas-celebran-en-granada-la-feria-del-corpus\\\/#mainImage\",\"width\":800,\"height\":544},\"primaryImageOfPage\":{\"@id\":\"https:\\\/\\\/eldigitaldeasturias.com\\\/magazine365\\\/mas-de-337-000-personas-celebran-en-granada-la-feria-del-corpus\\\/#mainImage\"},\"datePublished\":\"2015-06-09T05:45:26+02:00\",\"dateModified\":\"2015-06-09T05:45:26+02:00\"},{\"@type\":\"WebSite\",\"@id\":\"https:\\\/\\\/eldigitaldeasturias.com\\\/magazine365\\\/#website\",\"url\":\"https:\\\/\\\/eldigitaldeasturias.com\\\/magazine365\\\/\",\"name\":\"El Digital de Asturias\",\"description\":\"Revista de ocio, turismo y estilo de vida\",\"inLanguage\":\"es-ES\",\"publisher\":{\"@id\":\"https:\\\/\\\/eldigitaldeasturias.com\\\/magazine365\\\/#organization\"}}]}\n\t\t<\/script>\n\t\t<!-- All in One SEO Pro -->\r\n\t\t<title>M\u00e1s de 337.000 personas celebran en Granada la Feria del Corpus | El Digital de Asturias<\/title>\n\n","aioseo_head_json":{"title":"M\u00e1s de 337.000 personas celebran en Granada la Feria del Corpus | El Digital de Asturias","description":"El Ayuntamiento de Granada ha hecho un balance \"hist\u00f3rico\" de la celebraci\u00f3n de las Feria del Corpus que se celebr\u00f3 la pasada semana en la ciudad y por la que pasaron un total de 337.224 personas, un 30% m\u00e1s que en 2014 y que supone \"la respuesta de los granadinos a que el ferial de","canonical_url":"https:\/\/eldigitaldeasturias.com\/magazine365\/mas-de-337-000-personas-celebran-en-granada-la-feria-del-corpus\/","robots":"max-image-preview:large","keywords":"actualidad turismo","webmasterTools":{"google-site-verification":"UA-38556648-1","miscellaneous":""},"schema":{"@context":"https:\/\/schema.org","@graph":[{"@type":"Article","@id":"https:\/\/eldigitaldeasturias.com\/magazine365\/mas-de-337-000-personas-celebran-en-granada-la-feria-del-corpus\/#article","name":"M\u00e1s de 337.000 personas celebran en Granada la Feria del Corpus | El Digital de Asturias","headline":"M\u00e1s de 337.000 personas celebran en Granada la Feria del Corpus","author":{"@id":"https:\/\/eldigitaldeasturias.com\/magazine365\/author\/admin\/#author"},"publisher":{"@id":"https:\/\/eldigitaldeasturias.com\/magazine365\/#organization"},"image":{"@type":"ImageObject","url":"https:\/\/eldigitaldeasturias.com\/magazine365\/wp-content\/uploads\/2015\/06\/fotonoticia_20150608191945_800.jpg","width":800,"height":544},"datePublished":"2015-06-09T05:45:26+02:00","dateModified":"2015-06-09T05:45:26+02:00","inLanguage":"es-ES","mainEntityOfPage":{"@id":"https:\/\/eldigitaldeasturias.com\/magazine365\/mas-de-337-000-personas-celebran-en-granada-la-feria-del-corpus\/#webpage"},"isPartOf":{"@id":"https:\/\/eldigitaldeasturias.com\/magazine365\/mas-de-337-000-personas-celebran-en-granada-la-feria-del-corpus\/#webpage"},"articleSection":"Actualidad Turismo"},{"@type":"BreadcrumbList","@id":"https:\/\/eldigitaldeasturias.com\/magazine365\/mas-de-337-000-personas-celebran-en-granada-la-feria-del-corpus\/#breadcrumblist","itemListElement":[{"@type":"ListItem","@id":"https:\/\/eldigitaldeasturias.com\/magazine365#listItem","position":1,"name":"Home","item":"https:\/\/eldigitaldeasturias.com\/magazine365","nextItem":{"@type":"ListItem","@id":"https:\/\/eldigitaldeasturias.com\/magazine365\/category\/actualidad-turismo\/#listItem","name":"Actualidad Turismo"}},{"@type":"ListItem","@id":"https:\/\/eldigitaldeasturias.com\/magazine365\/category\/actualidad-turismo\/#listItem","position":2,"name":"Actualidad Turismo","item":"https:\/\/eldigitaldeasturias.com\/magazine365\/category\/actualidad-turismo\/","nextItem":{"@type":"ListItem","@id":"https:\/\/eldigitaldeasturias.com\/magazine365\/mas-de-337-000-personas-celebran-en-granada-la-feria-del-corpus\/#listItem","name":"M\u00e1s de 337.000 personas celebran en Granada la Feria del Corpus"},"previousItem":{"@type":"ListItem","@id":"https:\/\/eldigitaldeasturias.com\/magazine365#listItem","name":"Home"}},{"@type":"ListItem","@id":"https:\/\/eldigitaldeasturias.com\/magazine365\/mas-de-337-000-personas-celebran-en-granada-la-feria-del-corpus\/#listItem","position":3,"name":"M\u00e1s de 337.000 personas celebran en Granada la Feria del Corpus","previousItem":{"@type":"ListItem","@id":"https:\/\/eldigitaldeasturias.com\/magazine365\/category\/actualidad-turismo\/#listItem","name":"Actualidad Turismo"}}]},{"@type":"Organization","@id":"https:\/\/eldigitaldeasturias.com\/magazine365\/#organization","name":"El digital de Asturias","description":"Revista de ocio, turismo y estilo de vida","url":"https:\/\/eldigitaldeasturias.com\/magazine365\/","logo":{"@type":"ImageObject","url":"https:\/\/www.eldigitaldeasturias.com\/noticias\/wp-content\/uploads\/2020\/12\/EDA.jpg","@id":"https:\/\/eldigitaldeasturias.com\/magazine365\/mas-de-337-000-personas-celebran-en-granada-la-feria-del-corpus\/#organizationLogo"},"image":{"@id":"https:\/\/eldigitaldeasturias.com\/magazine365\/mas-de-337-000-personas-celebran-en-granada-la-feria-del-corpus\/#organizationLogo"}},{"@type":"Person","@id":"https:\/\/eldigitaldeasturias.com\/magazine365\/author\/admin\/#author","url":"https:\/\/eldigitaldeasturias.com\/magazine365\/author\/admin\/","name":"admin","image":{"@type":"ImageObject","@id":"https:\/\/eldigitaldeasturias.com\/magazine365\/mas-de-337-000-personas-celebran-en-granada-la-feria-del-corpus\/#authorImage","url":"https:\/\/eldigitaldeasturias.com\/magazine365\/wp-content\/litespeed\/avatar\/e571bcf59a0edd6fa6838245a470f2fe.jpg?ver=1776969259","width":96,"height":96,"caption":"admin"}},{"@type":"WebPage","@id":"https:\/\/eldigitaldeasturias.com\/magazine365\/mas-de-337-000-personas-celebran-en-granada-la-feria-del-corpus\/#webpage","url":"https:\/\/eldigitaldeasturias.com\/magazine365\/mas-de-337-000-personas-celebran-en-granada-la-feria-del-corpus\/","name":"M\u00e1s de 337.000 personas celebran en Granada la Feria del Corpus | El Digital de Asturias","description":"El Ayuntamiento de Granada ha hecho un balance \"hist\u00f3rico\" de la celebraci\u00f3n de las Feria del Corpus que se celebr\u00f3 la pasada semana en la ciudad y por la que pasaron un total de 337.224 personas, un 30% m\u00e1s que en 2014 y que supone \"la respuesta de los granadinos a que el ferial de","inLanguage":"es-ES","isPartOf":{"@id":"https:\/\/eldigitaldeasturias.com\/magazine365\/#website"},"breadcrumb":{"@id":"https:\/\/eldigitaldeasturias.com\/magazine365\/mas-de-337-000-personas-celebran-en-granada-la-feria-del-corpus\/#breadcrumblist"},"author":{"@id":"https:\/\/eldigitaldeasturias.com\/magazine365\/author\/admin\/#author"},"creator":{"@id":"https:\/\/eldigitaldeasturias.com\/magazine365\/author\/admin\/#author"},"image":{"@type":"ImageObject","url":"https:\/\/eldigitaldeasturias.com\/magazine365\/wp-content\/uploads\/2015\/06\/fotonoticia_20150608191945_800.jpg","@id":"https:\/\/eldigitaldeasturias.com\/magazine365\/mas-de-337-000-personas-celebran-en-granada-la-feria-del-corpus\/#mainImage","width":800,"height":544},"primaryImageOfPage":{"@id":"https:\/\/eldigitaldeasturias.com\/magazine365\/mas-de-337-000-personas-celebran-en-granada-la-feria-del-corpus\/#mainImage"},"datePublished":"2015-06-09T05:45:26+02:00","dateModified":"2015-06-09T05:45:26+02:00"},{"@type":"WebSite","@id":"https:\/\/eldigitaldeasturias.com\/magazine365\/#website","url":"https:\/\/eldigitaldeasturias.com\/magazine365\/","name":"El Digital de Asturias","description":"Revista de ocio, turismo y estilo de vida","inLanguage":"es-ES","publisher":{"@id":"https:\/\/eldigitaldeasturias.com\/magazine365\/#organization"}}]},"og:locale":"es_ES","og:site_name":"El Digital de Asturias \u2013 Revista de ocio, turismo y estilo de vida","og:type":"article","og:title":"M\u00e1s de 337.000 personas celebran en Granada la Feria del Corpus | El Digital de Asturias","og:description":"El Ayuntamiento de Granada ha hecho un balance &quot;hist\u00f3rico&quot; de la celebraci\u00f3n de las Feria del Corpus que se celebr\u00f3 la pasada semana en la ciudad y por la que pasaron un total de 337.224 personas, un 30% m\u00e1s que en 2014 y que supone &quot;la respuesta de los granadinos a que el ferial de","og:url":"https:\/\/eldigitaldeasturias.com\/magazine365\/mas-de-337-000-personas-celebran-en-granada-la-feria-del-corpus\/","og:image":"https:\/\/eldigitaldeasturias.com\/magazine365\/wp-content\/uploads\/2015\/06\/fotonoticia_20150608191945_800.jpg","og:image:secure_url":"https:\/\/eldigitaldeasturias.com\/magazine365\/wp-content\/uploads\/2015\/06\/fotonoticia_20150608191945_800.jpg","og:image:width":800,"og:image:height":544,"article:published_time":"2015-06-09T04:15:26+00:00","article:modified_time":"2015-06-09T04:15:26+00:00","twitter:card":"summary_large_image","twitter:title":"M\u00e1s de 337.000 personas celebran en Granada la Feria del Corpus | El Digital de Asturias","twitter:description":"El Ayuntamiento de Granada ha hecho un balance &quot;hist\u00f3rico&quot; de la celebraci\u00f3n de las Feria del Corpus que se celebr\u00f3 la pasada semana en la ciudad y por la que pasaron un total de 337.224 personas, un 30% m\u00e1s que en 2014 y que supone &quot;la respuesta de los granadinos a que el ferial de","twitter:image":"https:\/\/eldigitaldeasturias.com\/magazine365\/wp-content\/uploads\/2015\/06\/fotonoticia_20150608191945_800.jpg"},"aioseo_meta_data":{"post_id":"39238","title":null,"description":null,"keywords":null,"keyphrases":null,"primary_term":null,"canonical_url":null,"og_title":null,"og_description":null,"og_object_type":"default","og_image_type":"default","og_image_url":null,"og_image_width":null,"og_image_height":null,"og_image_custom_url":null,"og_image_custom_fields":null,"og_video":null,"og_custom_url":null,"og_article_section":null,"og_article_tags":null,"twitter_use_og":false,"twitter_card":"default","twitter_image_type":"default","twitter_image_url":null,"twitter_image_custom_url":null,"twitter_image_custom_fields":null,"twitter_title":null,"twitter_description":null,"schema":{"blockGraphs":[],"customGraphs":[],"default":{"data":{"Article":[],"Course":[],"Dataset":[],"FAQPage":[],"Movie":[],"Person":[],"Product":[],"ProductReview":[],"Car":[],"Recipe":[],"Service":[],"SoftwareApplication":[],"WebPage":[]},"graphName":"","isEnabled":true},"graphs":[],"defaultGraph":"","defaultPostTypeGraph":""},"schema_type":null,"schema_type_options":null,"pillar_content":false,"robots_default":true,"robots_noindex":false,"robots_noarchive":false,"robots_nosnippet":false,"robots_nofollow":false,"robots_noimageindex":false,"robots_noodp":false,"robots_notranslate":false,"robots_max_snippet":null,"robots_max_videopreview":null,"robots_max_imagepreview":"large","priority":null,"frequency":null,"location":null,"local_seo":null,"seo_analyzer_scan_date":"2025-09-19 11:13:54","breadcrumb_settings":null,"limit_modified_date":false,"open_ai":null,"ai":null,"created":"2021-03-09 02:43:40","updated":"2025-09-19 11:13:54"},"aioseo_breadcrumb":"<div class=\"aioseo-breadcrumbs\"><span class=\"aioseo-breadcrumb\">\n\t<a href=\"https:\/\/eldigitaldeasturias.com\/magazine365\" title=\"Home\">Home<\/a>\n<\/span><span class=\"aioseo-breadcrumb-separator\">\u2013<\/span><span class=\"aioseo-breadcrumb\">\n\t<a href=\"https:\/\/eldigitaldeasturias.com\/magazine365\/category\/actualidad-turismo\/\" title=\"Actualidad Turismo\">Actualidad Turismo<\/a>\n<\/span><span class=\"aioseo-breadcrumb-separator\">\u2013<\/span><span class=\"aioseo-breadcrumb\">\n\t<a href=\"https:\/\/eldigitaldeasturias.com\/magazine365\/mas-de-337-000-personas-celebran-en-granada-la-feria-del-corpus\/\" title=\"M\u00e1s de 337.000 personas celebran en Granada la Feria del Corpus\">M\u00e1s de 337.000 personas celebran en Granada la Feria del Corpus<\/a>\n<\/span><\/div>","aioseo_breadcrumb_json":[{"label":"Home","link":"https:\/\/eldigitaldeasturias.com\/magazine365"},{"label":"Actualidad Turismo","link":"https:\/\/eldigitaldeasturias.com\/magazine365\/category\/actualidad-turismo\/"},{"label":"M\u00e1s de 337.000 personas celebran en Granada la Feria del Corpus","link":"https:\/\/eldigitaldeasturias.com\/magazine365\/mas-de-337-000-personas-celebran-en-granada-la-feria-del-corpus\/"}],"_links":{"self":[{"href":"https:\/\/eldigitaldeasturias.com\/magazine365\/wp-json\/wp\/v2\/posts\/39238","targetHints":{"allow":["GET"]}}],"collection":[{"href":"https:\/\/eldigitaldeasturias.com\/magazine365\/wp-json\/wp\/v2\/posts"}],"about":[{"href":"https:\/\/eldigitaldeasturias.com\/magazine365\/wp-json\/wp\/v2\/types\/post"}],"author":[{"embeddable":true,"href":"https:\/\/eldigitaldeasturias.com\/magazine365\/wp-json\/wp\/v2\/users\/1"}],"replies":[{"embeddable":true,"href":"https:\/\/eldigitaldeasturias.com\/magazine365\/wp-json\/wp\/v2\/comments?post=39238"}],"version-history":[{"count":0,"href":"https:\/\/eldigitaldeasturias.com\/magazine365\/wp-json\/wp\/v2\/posts\/39238\/revisions"}],"wp:featuredmedia":[{"embeddable":true,"href":"https:\/\/eldigitaldeasturias.com\/magazine365\/wp-json\/wp\/v2\/media\/39239"}],"wp:attachment":[{"href":"https:\/\/eldigitaldeasturias.com\/magazine365\/wp-json\/wp\/v2\/media?parent=39238"}],"wp:term":[{"taxonomy":"category","embeddable":true,"href":"https:\/\/eldigitaldeasturias.com\/magazine365\/wp-json\/wp\/v2\/categories?post=39238"},{"taxonomy":"post_tag","embeddable":true,"href":"https:\/\/eldigitaldeasturias.com\/magazine365\/wp-json\/wp\/v2\/tags?post=39238"}],"curies":[{"name":"wp","href":"https:\/\/api.w.org\/{rel}","templated":true}]}}