{"id":39235,"date":"2015-06-09T05:43:38","date_gmt":"2015-06-09T04:13:38","guid":{"rendered":"http:\/\/eldigitaldeasturias.com\/magazine365\/?p=39235"},"modified":"2015-06-09T05:43:38","modified_gmt":"2015-06-09T04:13:38","slug":"aphea-advierte-a-guanyar-alacant-de-que-movilizara-al-sector-hostelero-si-decide-cerrar-veladores-y-terrazas","status":"publish","type":"post","link":"https:\/\/eldigitaldeasturias.com\/magazine365\/aphea-advierte-a-guanyar-alacant-de-que-movilizara-al-sector-hostelero-si-decide-cerrar-veladores-y-terrazas\/","title":{"rendered":"APHEA advierte a Guanyar Alacant de que movilizar\u00e1 al sector hostelero si decide cerrar veladores y terrazas"},"content":{"rendered":"<p><img fetchpriority=\"high\" decoding=\"async\" class=\"alignleft size-medium wp-image-39236\" src=\"https:\/\/eldigitaldeasturias.com\/magazine365\/wp-content\/uploads\/2015\/06\/fotonoticia_20150608191227_800-360x240.jpg\" alt=\"fotonoticia_20150608191227_800\" width=\"360\" height=\"240\" srcset=\"https:\/\/eldigitaldeasturias.com\/magazine365\/wp-content\/uploads\/2015\/06\/fotonoticia_20150608191227_800-360x240.jpg 360w, https:\/\/eldigitaldeasturias.com\/magazine365\/wp-content\/uploads\/2015\/06\/fotonoticia_20150608191227_800-650x434.jpg 650w, https:\/\/eldigitaldeasturias.com\/magazine365\/wp-content\/uploads\/2015\/06\/fotonoticia_20150608191227_800-768x513.jpg 768w, https:\/\/eldigitaldeasturias.com\/magazine365\/wp-content\/uploads\/2015\/06\/fotonoticia_20150608191227_800-150x100.jpg 150w, https:\/\/eldigitaldeasturias.com\/magazine365\/wp-content\/uploads\/2015\/06\/fotonoticia_20150608191227_800-450x300.jpg 450w, https:\/\/eldigitaldeasturias.com\/magazine365\/wp-content\/uploads\/2015\/06\/fotonoticia_20150608191227_800-696x465.jpg 696w, https:\/\/eldigitaldeasturias.com\/magazine365\/wp-content\/uploads\/2015\/06\/fotonoticia_20150608191227_800-629x420.jpg 629w, https:\/\/eldigitaldeasturias.com\/magazine365\/wp-content\/uploads\/2015\/06\/fotonoticia_20150608191227_800-84x55.jpg 84w, https:\/\/eldigitaldeasturias.com\/magazine365\/wp-content\/uploads\/2015\/06\/fotonoticia_20150608191227_800.jpg 800w\" sizes=\"(max-width: 360px) 100vw, 360px\" \/>La Asociaci\u00f3n de Provincial de Empresarios de Hosteler\u00eda de Alicante (APEHA) ha anunciado movilizaciones si el futuro gobierno en el Ayuntamiento de Alicante opta por reducir las terrazas y los veladores en zonas emblem\u00e1ticas de la ciudad como el Portal de Elche o la plaza de Ruperto Chap\u00ed, junto al Teatro Principal.<\/p>\n<p>En declaraciones a Europa Press, el portavoz de APEHA, Carlos Bosch, ha manifestado este lunes que uno de los partidos pol\u00edticos que conformar\u00e1n la coalici\u00f3n en el consistorio &#8211;Guanyar Alacant&#8211;, \u00abha expresado que lo que pretende es quitar las terrazas y las ocupaciones de v\u00eda p\u00fablica\u00bb.<\/p>\n<p>\u00abLa asamblea &#8211;de APHEA&#8211;, de hoy &#8211;por este lunes&#8211;, ha tomado una decisi\u00f3n firme de si esto no cambia, lo que vamos a hacer es movilizar a toda la provincia para que esto no cambie. Habr\u00e1 manifestaciones y recogida de firmas para que esto no evolucione\u00bb, ha alertado.<\/p>\n<p>Bosch ha recordado: \u00abesto es una econom\u00eda, un sector, una industria, y que evidentemente no nos van a cambiar la manera de trabajar y no nos van a arruinar. Es un poco el malestar generalizado y donde APHEA ha dicho hasta aqu\u00ed hemos llegado\u00bb.<\/p>\n<p>RIESGO LABORAL<\/p>\n<p>La patronal hostelera ha iniciado contactos desde COEPA y con los sindicatos de clase porque \u00abla representaci\u00f3n es muy amplia de trabajadores que se pueden ir a la calle\u00bb, aunque Bosch ha subrayado que \u00abno es una amenaza\u00bb.<\/p>\n<p>\u00abLo vamos a llevar a cabo si no llegamos a un entendimiento o no cambian de parecer las fuerzas pol\u00edticas que van a formar la corporaci\u00f3n pol\u00edtica de la ciudad de Alicante\u00bb.<\/p>\n<p>Adem\u00e1s, el portavoz de APHEA ha advertido que \u00abse va a llevar a todos los ayuntamientos de la provincia\u00bb porque \u00abes un sector de empleo y de industria\u00bb y, por lo tanto, quien quiera \u00abtomar parte o copiar actuaremos de alguna manera en cada una de las localidades\u00bb.<\/p>\n<p>APHEA est\u00e1 \u00abprincipalmente en alerta en Alicante y a ver qu\u00e9 va a pasar en Benidorm y Villena. Vamos a movilizarnos y sacar al sector si es preciso a las puertas de los ayuntamientos a reclamar\u00bb.<\/p>\n<p>\u00abQueremos mandar este mensaje porque las corporaciones no est\u00e1n terminadas todav\u00eda se est\u00e1n peleando entre ellos a ver quien va a gobernar en cada una de las localidades. Hay muchas que no est\u00e1n definidas, pero s\u00ed se han pronunciado a los medios. Porque han avisado que van a terminar con parte de nuestro sector y no estamos de acuerdo con ellos\u00bb, ha zanjado. As\u00ed, ha anunciado: \u00abintentaremos sentarnos con ellos. Y si no hay acuerdo nos manifestaremos y actuaremos en consecuencia\u00bb.<\/p>\n","protected":false},"excerpt":{"rendered":"<p>La Asociaci\u00f3n de Provincial de Empresarios de Hosteler\u00eda de Alicante (APEHA) ha anunciado movilizaciones si el futuro gobierno en el Ayuntamiento de Alicante opta por reducir las terrazas y los veladores en zonas emblem\u00e1ticas de la ciudad como el Portal de Elche o la plaza de Ruperto Chap\u00ed, junto al Teatro Principal. En declaraciones a<\/p>\n","protected":false},"author":1,"featured_media":39236,"comment_status":"open","ping_status":"closed","sticky":false,"template":"","format":"standard","meta":{"footnotes":""},"categories":[222],"tags":[],"class_list":{"0":"post-39235","1":"post","2":"type-post","3":"status-publish","4":"format-standard","5":"has-post-thumbnail","7":"category-actualidad-turismo"},"aioseo_notices":[],"aioseo_head":"\n\t\t<!-- All in One SEO Pro 4.9.6.1 - aioseo.com -->\n\t<meta name=\"description\" content=\"La Asociaci\u00f3n de Provincial de Empresarios de Hosteler\u00eda de Alicante (APEHA) ha anunciado movilizaciones si el futuro gobierno en el Ayuntamiento de Alicante opta por reducir las terrazas y los veladores en zonas emblem\u00e1ticas de la ciudad como el Portal de Elche o la plaza de Ruperto Chap\u00ed, junto al Teatro Principal. En declaraciones a\" \/>\n\t<meta name=\"robots\" content=\"max-image-preview:large\" \/>\n\t<meta name=\"author\" content=\"admin\"\/>\n\t<meta name=\"google-site-verification\" content=\"UA-38556648-1\" \/>\n\t<meta name=\"keywords\" content=\"actualidad turismo\" \/>\n\t<link rel=\"canonical\" href=\"https:\/\/eldigitaldeasturias.com\/magazine365\/aphea-advierte-a-guanyar-alacant-de-que-movilizara-al-sector-hostelero-si-decide-cerrar-veladores-y-terrazas\/\" \/>\n\t<meta name=\"generator\" content=\"All in One SEO Pro (AIOSEO) 4.9.6.1\" \/>\n\t\t<meta property=\"og:locale\" content=\"es_ES\" \/>\n\t\t<meta property=\"og:site_name\" content=\"El Digital de Asturias \u2013 Revista de ocio, turismo y estilo de vida\" \/>\n\t\t<meta property=\"og:type\" content=\"article\" \/>\n\t\t<meta property=\"og:title\" content=\"APHEA advierte a Guanyar Alacant de que movilizar\u00e1 al sector hostelero si decide cerrar veladores y terrazas | El Digital de Asturias\" \/>\n\t\t<meta property=\"og:description\" content=\"La Asociaci\u00f3n de Provincial de Empresarios de Hosteler\u00eda de Alicante (APEHA) ha anunciado movilizaciones si el futuro gobierno en el Ayuntamiento de Alicante opta por reducir las terrazas y los veladores en zonas emblem\u00e1ticas de la ciudad como el Portal de Elche o la plaza de Ruperto Chap\u00ed, junto al Teatro Principal. En declaraciones a\" \/>\n\t\t<meta property=\"og:url\" content=\"https:\/\/eldigitaldeasturias.com\/magazine365\/aphea-advierte-a-guanyar-alacant-de-que-movilizara-al-sector-hostelero-si-decide-cerrar-veladores-y-terrazas\/\" \/>\n\t\t<meta property=\"og:image\" content=\"https:\/\/eldigitaldeasturias.com\/magazine365\/wp-content\/uploads\/2015\/06\/fotonoticia_20150608191227_800.jpg\" \/>\n\t\t<meta property=\"og:image:secure_url\" content=\"https:\/\/eldigitaldeasturias.com\/magazine365\/wp-content\/uploads\/2015\/06\/fotonoticia_20150608191227_800.jpg\" \/>\n\t\t<meta property=\"og:image:width\" content=\"800\" \/>\n\t\t<meta property=\"og:image:height\" content=\"534\" \/>\n\t\t<meta property=\"article:published_time\" content=\"2015-06-09T04:13:38+00:00\" \/>\n\t\t<meta property=\"article:modified_time\" content=\"2015-06-09T04:13:38+00:00\" \/>\n\t\t<meta name=\"twitter:card\" content=\"summary_large_image\" \/>\n\t\t<meta name=\"twitter:title\" content=\"APHEA advierte a Guanyar Alacant de que movilizar\u00e1 al sector hostelero si decide cerrar veladores y terrazas | El Digital de Asturias\" \/>\n\t\t<meta name=\"twitter:description\" content=\"La Asociaci\u00f3n de Provincial de Empresarios de Hosteler\u00eda de Alicante (APEHA) ha anunciado movilizaciones si el futuro gobierno en el Ayuntamiento de Alicante opta por reducir las terrazas y los veladores en zonas emblem\u00e1ticas de la ciudad como el Portal de Elche o la plaza de Ruperto Chap\u00ed, junto al Teatro Principal. En declaraciones a\" \/>\n\t\t<meta name=\"twitter:image\" content=\"https:\/\/eldigitaldeasturias.com\/magazine365\/wp-content\/uploads\/2015\/06\/fotonoticia_20150608191227_800.jpg\" \/>\n\t\t<script type=\"application\/ld+json\" class=\"aioseo-schema\">\n\t\t\t{\"@context\":\"https:\\\/\\\/schema.org\",\"@graph\":[{\"@type\":\"Article\",\"@id\":\"https:\\\/\\\/eldigitaldeasturias.com\\\/magazine365\\\/aphea-advierte-a-guanyar-alacant-de-que-movilizara-al-sector-hostelero-si-decide-cerrar-veladores-y-terrazas\\\/#article\",\"name\":\"APHEA advierte a Guanyar Alacant de que movilizar\\u00e1 al sector hostelero si decide cerrar veladores y terrazas | El Digital de Asturias\",\"headline\":\"APHEA advierte a Guanyar Alacant de que movilizar\\u00e1 al sector hostelero si decide cerrar veladores y terrazas\",\"author\":{\"@id\":\"https:\\\/\\\/eldigitaldeasturias.com\\\/magazine365\\\/author\\\/admin\\\/#author\"},\"publisher\":{\"@id\":\"https:\\\/\\\/eldigitaldeasturias.com\\\/magazine365\\\/#organization\"},\"image\":{\"@type\":\"ImageObject\",\"url\":\"https:\\\/\\\/eldigitaldeasturias.com\\\/magazine365\\\/wp-content\\\/uploads\\\/2015\\\/06\\\/fotonoticia_20150608191227_800.jpg\",\"width\":800,\"height\":534},\"datePublished\":\"2015-06-09T05:43:38+02:00\",\"dateModified\":\"2015-06-09T05:43:38+02:00\",\"inLanguage\":\"es-ES\",\"mainEntityOfPage\":{\"@id\":\"https:\\\/\\\/eldigitaldeasturias.com\\\/magazine365\\\/aphea-advierte-a-guanyar-alacant-de-que-movilizara-al-sector-hostelero-si-decide-cerrar-veladores-y-terrazas\\\/#webpage\"},\"isPartOf\":{\"@id\":\"https:\\\/\\\/eldigitaldeasturias.com\\\/magazine365\\\/aphea-advierte-a-guanyar-alacant-de-que-movilizara-al-sector-hostelero-si-decide-cerrar-veladores-y-terrazas\\\/#webpage\"},\"articleSection\":\"Actualidad Turismo\"},{\"@type\":\"BreadcrumbList\",\"@id\":\"https:\\\/\\\/eldigitaldeasturias.com\\\/magazine365\\\/aphea-advierte-a-guanyar-alacant-de-que-movilizara-al-sector-hostelero-si-decide-cerrar-veladores-y-terrazas\\\/#breadcrumblist\",\"itemListElement\":[{\"@type\":\"ListItem\",\"@id\":\"https:\\\/\\\/eldigitaldeasturias.com\\\/magazine365#listItem\",\"position\":1,\"name\":\"Home\",\"item\":\"https:\\\/\\\/eldigitaldeasturias.com\\\/magazine365\",\"nextItem\":{\"@type\":\"ListItem\",\"@id\":\"https:\\\/\\\/eldigitaldeasturias.com\\\/magazine365\\\/category\\\/actualidad-turismo\\\/#listItem\",\"name\":\"Actualidad Turismo\"}},{\"@type\":\"ListItem\",\"@id\":\"https:\\\/\\\/eldigitaldeasturias.com\\\/magazine365\\\/category\\\/actualidad-turismo\\\/#listItem\",\"position\":2,\"name\":\"Actualidad Turismo\",\"item\":\"https:\\\/\\\/eldigitaldeasturias.com\\\/magazine365\\\/category\\\/actualidad-turismo\\\/\",\"nextItem\":{\"@type\":\"ListItem\",\"@id\":\"https:\\\/\\\/eldigitaldeasturias.com\\\/magazine365\\\/aphea-advierte-a-guanyar-alacant-de-que-movilizara-al-sector-hostelero-si-decide-cerrar-veladores-y-terrazas\\\/#listItem\",\"name\":\"APHEA advierte a Guanyar Alacant de que movilizar\\u00e1 al sector hostelero si decide cerrar veladores y terrazas\"},\"previousItem\":{\"@type\":\"ListItem\",\"@id\":\"https:\\\/\\\/eldigitaldeasturias.com\\\/magazine365#listItem\",\"name\":\"Home\"}},{\"@type\":\"ListItem\",\"@id\":\"https:\\\/\\\/eldigitaldeasturias.com\\\/magazine365\\\/aphea-advierte-a-guanyar-alacant-de-que-movilizara-al-sector-hostelero-si-decide-cerrar-veladores-y-terrazas\\\/#listItem\",\"position\":3,\"name\":\"APHEA advierte a Guanyar Alacant de que movilizar\\u00e1 al sector hostelero si decide cerrar veladores y terrazas\",\"previousItem\":{\"@type\":\"ListItem\",\"@id\":\"https:\\\/\\\/eldigitaldeasturias.com\\\/magazine365\\\/category\\\/actualidad-turismo\\\/#listItem\",\"name\":\"Actualidad Turismo\"}}]},{\"@type\":\"Organization\",\"@id\":\"https:\\\/\\\/eldigitaldeasturias.com\\\/magazine365\\\/#organization\",\"name\":\"El digital de Asturias\",\"description\":\"Revista de ocio, turismo y estilo de vida\",\"url\":\"https:\\\/\\\/eldigitaldeasturias.com\\\/magazine365\\\/\",\"logo\":{\"@type\":\"ImageObject\",\"url\":\"https:\\\/\\\/www.eldigitaldeasturias.com\\\/noticias\\\/wp-content\\\/uploads\\\/2020\\\/12\\\/EDA.jpg\",\"@id\":\"https:\\\/\\\/eldigitaldeasturias.com\\\/magazine365\\\/aphea-advierte-a-guanyar-alacant-de-que-movilizara-al-sector-hostelero-si-decide-cerrar-veladores-y-terrazas\\\/#organizationLogo\"},\"image\":{\"@id\":\"https:\\\/\\\/eldigitaldeasturias.com\\\/magazine365\\\/aphea-advierte-a-guanyar-alacant-de-que-movilizara-al-sector-hostelero-si-decide-cerrar-veladores-y-terrazas\\\/#organizationLogo\"}},{\"@type\":\"Person\",\"@id\":\"https:\\\/\\\/eldigitaldeasturias.com\\\/magazine365\\\/author\\\/admin\\\/#author\",\"url\":\"https:\\\/\\\/eldigitaldeasturias.com\\\/magazine365\\\/author\\\/admin\\\/\",\"name\":\"admin\",\"image\":{\"@type\":\"ImageObject\",\"@id\":\"https:\\\/\\\/eldigitaldeasturias.com\\\/magazine365\\\/aphea-advierte-a-guanyar-alacant-de-que-movilizara-al-sector-hostelero-si-decide-cerrar-veladores-y-terrazas\\\/#authorImage\",\"url\":\"https:\\\/\\\/eldigitaldeasturias.com\\\/magazine365\\\/wp-content\\\/litespeed\\\/avatar\\\/e571bcf59a0edd6fa6838245a470f2fe.jpg?ver=1776969259\",\"width\":96,\"height\":96,\"caption\":\"admin\"}},{\"@type\":\"WebPage\",\"@id\":\"https:\\\/\\\/eldigitaldeasturias.com\\\/magazine365\\\/aphea-advierte-a-guanyar-alacant-de-que-movilizara-al-sector-hostelero-si-decide-cerrar-veladores-y-terrazas\\\/#webpage\",\"url\":\"https:\\\/\\\/eldigitaldeasturias.com\\\/magazine365\\\/aphea-advierte-a-guanyar-alacant-de-que-movilizara-al-sector-hostelero-si-decide-cerrar-veladores-y-terrazas\\\/\",\"name\":\"APHEA advierte a Guanyar Alacant de que movilizar\\u00e1 al sector hostelero si decide cerrar veladores y terrazas | El Digital de Asturias\",\"description\":\"La Asociaci\\u00f3n de Provincial de Empresarios de Hosteler\\u00eda de Alicante (APEHA) ha anunciado movilizaciones si el futuro gobierno en el Ayuntamiento de Alicante opta por reducir las terrazas y los veladores en zonas emblem\\u00e1ticas de la ciudad como el Portal de Elche o la plaza de Ruperto Chap\\u00ed, junto al Teatro Principal. En declaraciones a\",\"inLanguage\":\"es-ES\",\"isPartOf\":{\"@id\":\"https:\\\/\\\/eldigitaldeasturias.com\\\/magazine365\\\/#website\"},\"breadcrumb\":{\"@id\":\"https:\\\/\\\/eldigitaldeasturias.com\\\/magazine365\\\/aphea-advierte-a-guanyar-alacant-de-que-movilizara-al-sector-hostelero-si-decide-cerrar-veladores-y-terrazas\\\/#breadcrumblist\"},\"author\":{\"@id\":\"https:\\\/\\\/eldigitaldeasturias.com\\\/magazine365\\\/author\\\/admin\\\/#author\"},\"creator\":{\"@id\":\"https:\\\/\\\/eldigitaldeasturias.com\\\/magazine365\\\/author\\\/admin\\\/#author\"},\"image\":{\"@type\":\"ImageObject\",\"url\":\"https:\\\/\\\/eldigitaldeasturias.com\\\/magazine365\\\/wp-content\\\/uploads\\\/2015\\\/06\\\/fotonoticia_20150608191227_800.jpg\",\"@id\":\"https:\\\/\\\/eldigitaldeasturias.com\\\/magazine365\\\/aphea-advierte-a-guanyar-alacant-de-que-movilizara-al-sector-hostelero-si-decide-cerrar-veladores-y-terrazas\\\/#mainImage\",\"width\":800,\"height\":534},\"primaryImageOfPage\":{\"@id\":\"https:\\\/\\\/eldigitaldeasturias.com\\\/magazine365\\\/aphea-advierte-a-guanyar-alacant-de-que-movilizara-al-sector-hostelero-si-decide-cerrar-veladores-y-terrazas\\\/#mainImage\"},\"datePublished\":\"2015-06-09T05:43:38+02:00\",\"dateModified\":\"2015-06-09T05:43:38+02:00\"},{\"@type\":\"WebSite\",\"@id\":\"https:\\\/\\\/eldigitaldeasturias.com\\\/magazine365\\\/#website\",\"url\":\"https:\\\/\\\/eldigitaldeasturias.com\\\/magazine365\\\/\",\"name\":\"El Digital de Asturias\",\"description\":\"Revista de ocio, turismo y estilo de vida\",\"inLanguage\":\"es-ES\",\"publisher\":{\"@id\":\"https:\\\/\\\/eldigitaldeasturias.com\\\/magazine365\\\/#organization\"}}]}\n\t\t<\/script>\n\t\t<!-- All in One SEO Pro -->\r\n\t\t<title>APHEA advierte a Guanyar Alacant de que movilizar\u00e1 al sector hostelero si decide cerrar veladores y terrazas | El Digital de Asturias<\/title>\n\n","aioseo_head_json":{"title":"APHEA advierte a Guanyar Alacant de que movilizar\u00e1 al sector hostelero si decide cerrar veladores y terrazas | El Digital de Asturias","description":"La Asociaci\u00f3n de Provincial de Empresarios de Hosteler\u00eda de Alicante (APEHA) ha anunciado movilizaciones si el futuro gobierno en el Ayuntamiento de Alicante opta por reducir las terrazas y los veladores en zonas emblem\u00e1ticas de la ciudad como el Portal de Elche o la plaza de Ruperto Chap\u00ed, junto al Teatro Principal. En declaraciones a","canonical_url":"https:\/\/eldigitaldeasturias.com\/magazine365\/aphea-advierte-a-guanyar-alacant-de-que-movilizara-al-sector-hostelero-si-decide-cerrar-veladores-y-terrazas\/","robots":"max-image-preview:large","keywords":"actualidad turismo","webmasterTools":{"google-site-verification":"UA-38556648-1","miscellaneous":""},"schema":{"@context":"https:\/\/schema.org","@graph":[{"@type":"Article","@id":"https:\/\/eldigitaldeasturias.com\/magazine365\/aphea-advierte-a-guanyar-alacant-de-que-movilizara-al-sector-hostelero-si-decide-cerrar-veladores-y-terrazas\/#article","name":"APHEA advierte a Guanyar Alacant de que movilizar\u00e1 al sector hostelero si decide cerrar veladores y terrazas | El Digital de Asturias","headline":"APHEA advierte a Guanyar Alacant de que movilizar\u00e1 al sector hostelero si decide cerrar veladores y terrazas","author":{"@id":"https:\/\/eldigitaldeasturias.com\/magazine365\/author\/admin\/#author"},"publisher":{"@id":"https:\/\/eldigitaldeasturias.com\/magazine365\/#organization"},"image":{"@type":"ImageObject","url":"https:\/\/eldigitaldeasturias.com\/magazine365\/wp-content\/uploads\/2015\/06\/fotonoticia_20150608191227_800.jpg","width":800,"height":534},"datePublished":"2015-06-09T05:43:38+02:00","dateModified":"2015-06-09T05:43:38+02:00","inLanguage":"es-ES","mainEntityOfPage":{"@id":"https:\/\/eldigitaldeasturias.com\/magazine365\/aphea-advierte-a-guanyar-alacant-de-que-movilizara-al-sector-hostelero-si-decide-cerrar-veladores-y-terrazas\/#webpage"},"isPartOf":{"@id":"https:\/\/eldigitaldeasturias.com\/magazine365\/aphea-advierte-a-guanyar-alacant-de-que-movilizara-al-sector-hostelero-si-decide-cerrar-veladores-y-terrazas\/#webpage"},"articleSection":"Actualidad Turismo"},{"@type":"BreadcrumbList","@id":"https:\/\/eldigitaldeasturias.com\/magazine365\/aphea-advierte-a-guanyar-alacant-de-que-movilizara-al-sector-hostelero-si-decide-cerrar-veladores-y-terrazas\/#breadcrumblist","itemListElement":[{"@type":"ListItem","@id":"https:\/\/eldigitaldeasturias.com\/magazine365#listItem","position":1,"name":"Home","item":"https:\/\/eldigitaldeasturias.com\/magazine365","nextItem":{"@type":"ListItem","@id":"https:\/\/eldigitaldeasturias.com\/magazine365\/category\/actualidad-turismo\/#listItem","name":"Actualidad Turismo"}},{"@type":"ListItem","@id":"https:\/\/eldigitaldeasturias.com\/magazine365\/category\/actualidad-turismo\/#listItem","position":2,"name":"Actualidad Turismo","item":"https:\/\/eldigitaldeasturias.com\/magazine365\/category\/actualidad-turismo\/","nextItem":{"@type":"ListItem","@id":"https:\/\/eldigitaldeasturias.com\/magazine365\/aphea-advierte-a-guanyar-alacant-de-que-movilizara-al-sector-hostelero-si-decide-cerrar-veladores-y-terrazas\/#listItem","name":"APHEA advierte a Guanyar Alacant de que movilizar\u00e1 al sector hostelero si decide cerrar veladores y terrazas"},"previousItem":{"@type":"ListItem","@id":"https:\/\/eldigitaldeasturias.com\/magazine365#listItem","name":"Home"}},{"@type":"ListItem","@id":"https:\/\/eldigitaldeasturias.com\/magazine365\/aphea-advierte-a-guanyar-alacant-de-que-movilizara-al-sector-hostelero-si-decide-cerrar-veladores-y-terrazas\/#listItem","position":3,"name":"APHEA advierte a Guanyar Alacant de que movilizar\u00e1 al sector hostelero si decide cerrar veladores y terrazas","previousItem":{"@type":"ListItem","@id":"https:\/\/eldigitaldeasturias.com\/magazine365\/category\/actualidad-turismo\/#listItem","name":"Actualidad Turismo"}}]},{"@type":"Organization","@id":"https:\/\/eldigitaldeasturias.com\/magazine365\/#organization","name":"El digital de Asturias","description":"Revista de ocio, turismo y estilo de vida","url":"https:\/\/eldigitaldeasturias.com\/magazine365\/","logo":{"@type":"ImageObject","url":"https:\/\/www.eldigitaldeasturias.com\/noticias\/wp-content\/uploads\/2020\/12\/EDA.jpg","@id":"https:\/\/eldigitaldeasturias.com\/magazine365\/aphea-advierte-a-guanyar-alacant-de-que-movilizara-al-sector-hostelero-si-decide-cerrar-veladores-y-terrazas\/#organizationLogo"},"image":{"@id":"https:\/\/eldigitaldeasturias.com\/magazine365\/aphea-advierte-a-guanyar-alacant-de-que-movilizara-al-sector-hostelero-si-decide-cerrar-veladores-y-terrazas\/#organizationLogo"}},{"@type":"Person","@id":"https:\/\/eldigitaldeasturias.com\/magazine365\/author\/admin\/#author","url":"https:\/\/eldigitaldeasturias.com\/magazine365\/author\/admin\/","name":"admin","image":{"@type":"ImageObject","@id":"https:\/\/eldigitaldeasturias.com\/magazine365\/aphea-advierte-a-guanyar-alacant-de-que-movilizara-al-sector-hostelero-si-decide-cerrar-veladores-y-terrazas\/#authorImage","url":"https:\/\/eldigitaldeasturias.com\/magazine365\/wp-content\/litespeed\/avatar\/e571bcf59a0edd6fa6838245a470f2fe.jpg?ver=1776969259","width":96,"height":96,"caption":"admin"}},{"@type":"WebPage","@id":"https:\/\/eldigitaldeasturias.com\/magazine365\/aphea-advierte-a-guanyar-alacant-de-que-movilizara-al-sector-hostelero-si-decide-cerrar-veladores-y-terrazas\/#webpage","url":"https:\/\/eldigitaldeasturias.com\/magazine365\/aphea-advierte-a-guanyar-alacant-de-que-movilizara-al-sector-hostelero-si-decide-cerrar-veladores-y-terrazas\/","name":"APHEA advierte a Guanyar Alacant de que movilizar\u00e1 al sector hostelero si decide cerrar veladores y terrazas | El Digital de Asturias","description":"La Asociaci\u00f3n de Provincial de Empresarios de Hosteler\u00eda de Alicante (APEHA) ha anunciado movilizaciones si el futuro gobierno en el Ayuntamiento de Alicante opta por reducir las terrazas y los veladores en zonas emblem\u00e1ticas de la ciudad como el Portal de Elche o la plaza de Ruperto Chap\u00ed, junto al Teatro Principal. En declaraciones a","inLanguage":"es-ES","isPartOf":{"@id":"https:\/\/eldigitaldeasturias.com\/magazine365\/#website"},"breadcrumb":{"@id":"https:\/\/eldigitaldeasturias.com\/magazine365\/aphea-advierte-a-guanyar-alacant-de-que-movilizara-al-sector-hostelero-si-decide-cerrar-veladores-y-terrazas\/#breadcrumblist"},"author":{"@id":"https:\/\/eldigitaldeasturias.com\/magazine365\/author\/admin\/#author"},"creator":{"@id":"https:\/\/eldigitaldeasturias.com\/magazine365\/author\/admin\/#author"},"image":{"@type":"ImageObject","url":"https:\/\/eldigitaldeasturias.com\/magazine365\/wp-content\/uploads\/2015\/06\/fotonoticia_20150608191227_800.jpg","@id":"https:\/\/eldigitaldeasturias.com\/magazine365\/aphea-advierte-a-guanyar-alacant-de-que-movilizara-al-sector-hostelero-si-decide-cerrar-veladores-y-terrazas\/#mainImage","width":800,"height":534},"primaryImageOfPage":{"@id":"https:\/\/eldigitaldeasturias.com\/magazine365\/aphea-advierte-a-guanyar-alacant-de-que-movilizara-al-sector-hostelero-si-decide-cerrar-veladores-y-terrazas\/#mainImage"},"datePublished":"2015-06-09T05:43:38+02:00","dateModified":"2015-06-09T05:43:38+02:00"},{"@type":"WebSite","@id":"https:\/\/eldigitaldeasturias.com\/magazine365\/#website","url":"https:\/\/eldigitaldeasturias.com\/magazine365\/","name":"El Digital de Asturias","description":"Revista de ocio, turismo y estilo de vida","inLanguage":"es-ES","publisher":{"@id":"https:\/\/eldigitaldeasturias.com\/magazine365\/#organization"}}]},"og:locale":"es_ES","og:site_name":"El Digital de Asturias \u2013 Revista de ocio, turismo y estilo de vida","og:type":"article","og:title":"APHEA advierte a Guanyar Alacant de que movilizar\u00e1 al sector hostelero si decide cerrar veladores y terrazas | El Digital de Asturias","og:description":"La Asociaci\u00f3n de Provincial de Empresarios de Hosteler\u00eda de Alicante (APEHA) ha anunciado movilizaciones si el futuro gobierno en el Ayuntamiento de Alicante opta por reducir las terrazas y los veladores en zonas emblem\u00e1ticas de la ciudad como el Portal de Elche o la plaza de Ruperto Chap\u00ed, junto al Teatro Principal. En declaraciones a","og:url":"https:\/\/eldigitaldeasturias.com\/magazine365\/aphea-advierte-a-guanyar-alacant-de-que-movilizara-al-sector-hostelero-si-decide-cerrar-veladores-y-terrazas\/","og:image":"https:\/\/eldigitaldeasturias.com\/magazine365\/wp-content\/uploads\/2015\/06\/fotonoticia_20150608191227_800.jpg","og:image:secure_url":"https:\/\/eldigitaldeasturias.com\/magazine365\/wp-content\/uploads\/2015\/06\/fotonoticia_20150608191227_800.jpg","og:image:width":800,"og:image:height":534,"article:published_time":"2015-06-09T04:13:38+00:00","article:modified_time":"2015-06-09T04:13:38+00:00","twitter:card":"summary_large_image","twitter:title":"APHEA advierte a Guanyar Alacant de que movilizar\u00e1 al sector hostelero si decide cerrar veladores y terrazas | El Digital de Asturias","twitter:description":"La Asociaci\u00f3n de Provincial de Empresarios de Hosteler\u00eda de Alicante (APEHA) ha anunciado movilizaciones si el futuro gobierno en el Ayuntamiento de Alicante opta por reducir las terrazas y los veladores en zonas emblem\u00e1ticas de la ciudad como el Portal de Elche o la plaza de Ruperto Chap\u00ed, junto al Teatro Principal. En declaraciones a","twitter:image":"https:\/\/eldigitaldeasturias.com\/magazine365\/wp-content\/uploads\/2015\/06\/fotonoticia_20150608191227_800.jpg"},"aioseo_meta_data":{"post_id":"39235","title":null,"description":null,"keywords":null,"keyphrases":null,"primary_term":null,"canonical_url":null,"og_title":null,"og_description":null,"og_object_type":"default","og_image_type":"default","og_image_url":null,"og_image_width":null,"og_image_height":null,"og_image_custom_url":null,"og_image_custom_fields":null,"og_video":null,"og_custom_url":null,"og_article_section":null,"og_article_tags":null,"twitter_use_og":false,"twitter_card":"default","twitter_image_type":"default","twitter_image_url":null,"twitter_image_custom_url":null,"twitter_image_custom_fields":null,"twitter_title":null,"twitter_description":null,"schema":{"blockGraphs":[],"customGraphs":[],"default":{"data":{"Article":[],"Course":[],"Dataset":[],"FAQPage":[],"Movie":[],"Person":[],"Product":[],"ProductReview":[],"Car":[],"Recipe":[],"Service":[],"SoftwareApplication":[],"WebPage":[]},"graphName":"","isEnabled":true},"graphs":[],"defaultGraph":"","defaultPostTypeGraph":""},"schema_type":null,"schema_type_options":null,"pillar_content":false,"robots_default":true,"robots_noindex":false,"robots_noarchive":false,"robots_nosnippet":false,"robots_nofollow":false,"robots_noimageindex":false,"robots_noodp":false,"robots_notranslate":false,"robots_max_snippet":null,"robots_max_videopreview":null,"robots_max_imagepreview":"large","priority":null,"frequency":null,"location":null,"local_seo":null,"seo_analyzer_scan_date":"2025-09-19 11:13:53","breadcrumb_settings":null,"limit_modified_date":false,"open_ai":null,"ai":null,"created":"2021-03-09 02:43:40","updated":"2025-09-19 11:13:53"},"aioseo_breadcrumb":"<div class=\"aioseo-breadcrumbs\"><span class=\"aioseo-breadcrumb\">\n\t<a href=\"https:\/\/eldigitaldeasturias.com\/magazine365\" title=\"Home\">Home<\/a>\n<\/span><span class=\"aioseo-breadcrumb-separator\">\u2013<\/span><span class=\"aioseo-breadcrumb\">\n\t<a href=\"https:\/\/eldigitaldeasturias.com\/magazine365\/category\/actualidad-turismo\/\" title=\"Actualidad Turismo\">Actualidad Turismo<\/a>\n<\/span><span class=\"aioseo-breadcrumb-separator\">\u2013<\/span><span class=\"aioseo-breadcrumb\">\n\t<a href=\"https:\/\/eldigitaldeasturias.com\/magazine365\/aphea-advierte-a-guanyar-alacant-de-que-movilizara-al-sector-hostelero-si-decide-cerrar-veladores-y-terrazas\/\" title=\"APHEA advierte a Guanyar Alacant de que movilizar\u00e1 al sector hostelero si decide cerrar veladores y terrazas\">APHEA advierte a Guanyar Alacant de que movilizar\u00e1 al sector hostelero si decide cerrar veladores y terrazas<\/a>\n<\/span><\/div>","aioseo_breadcrumb_json":[{"label":"Home","link":"https:\/\/eldigitaldeasturias.com\/magazine365"},{"label":"Actualidad Turismo","link":"https:\/\/eldigitaldeasturias.com\/magazine365\/category\/actualidad-turismo\/"},{"label":"APHEA advierte a Guanyar Alacant de que movilizar\u00e1 al sector hostelero si decide cerrar veladores y terrazas","link":"https:\/\/eldigitaldeasturias.com\/magazine365\/aphea-advierte-a-guanyar-alacant-de-que-movilizara-al-sector-hostelero-si-decide-cerrar-veladores-y-terrazas\/"}],"_links":{"self":[{"href":"https:\/\/eldigitaldeasturias.com\/magazine365\/wp-json\/wp\/v2\/posts\/39235","targetHints":{"allow":["GET"]}}],"collection":[{"href":"https:\/\/eldigitaldeasturias.com\/magazine365\/wp-json\/wp\/v2\/posts"}],"about":[{"href":"https:\/\/eldigitaldeasturias.com\/magazine365\/wp-json\/wp\/v2\/types\/post"}],"author":[{"embeddable":true,"href":"https:\/\/eldigitaldeasturias.com\/magazine365\/wp-json\/wp\/v2\/users\/1"}],"replies":[{"embeddable":true,"href":"https:\/\/eldigitaldeasturias.com\/magazine365\/wp-json\/wp\/v2\/comments?post=39235"}],"version-history":[{"count":0,"href":"https:\/\/eldigitaldeasturias.com\/magazine365\/wp-json\/wp\/v2\/posts\/39235\/revisions"}],"wp:featuredmedia":[{"embeddable":true,"href":"https:\/\/eldigitaldeasturias.com\/magazine365\/wp-json\/wp\/v2\/media\/39236"}],"wp:attachment":[{"href":"https:\/\/eldigitaldeasturias.com\/magazine365\/wp-json\/wp\/v2\/media?parent=39235"}],"wp:term":[{"taxonomy":"category","embeddable":true,"href":"https:\/\/eldigitaldeasturias.com\/magazine365\/wp-json\/wp\/v2\/categories?post=39235"},{"taxonomy":"post_tag","embeddable":true,"href":"https:\/\/eldigitaldeasturias.com\/magazine365\/wp-json\/wp\/v2\/tags?post=39235"}],"curies":[{"name":"wp","href":"https:\/\/api.w.org\/{rel}","templated":true}]}}