{"id":39214,"date":"2015-06-09T05:27:26","date_gmt":"2015-06-09T03:57:26","guid":{"rendered":"http:\/\/eldigitaldeasturias.com\/magazine365\/?p=39214"},"modified":"2015-06-09T05:27:26","modified_gmt":"2015-06-09T03:57:26","slug":"tenerife-acogera-el-primer-certamen-iberonorteamericano-de-cocteleria","status":"publish","type":"post","link":"https:\/\/eldigitaldeasturias.com\/magazine365\/tenerife-acogera-el-primer-certamen-iberonorteamericano-de-cocteleria\/","title":{"rendered":"Tenerife acoger\u00e1 el primer certamen iberonorteamericano de cocteler\u00eda"},"content":{"rendered":"<p><img fetchpriority=\"high\" decoding=\"async\" class=\"alignleft size-medium wp-image-39215\" src=\"https:\/\/eldigitaldeasturias.com\/magazine365\/wp-content\/uploads\/2015\/06\/fotonoticia_20150608170009_800-360x221.jpg\" alt=\"fotonoticia_20150608170009_800\" width=\"360\" height=\"221\" srcset=\"https:\/\/eldigitaldeasturias.com\/magazine365\/wp-content\/uploads\/2015\/06\/fotonoticia_20150608170009_800-360x221.jpg 360w, https:\/\/eldigitaldeasturias.com\/magazine365\/wp-content\/uploads\/2015\/06\/fotonoticia_20150608170009_800-650x399.jpg 650w, https:\/\/eldigitaldeasturias.com\/magazine365\/wp-content\/uploads\/2015\/06\/fotonoticia_20150608170009_800-768x471.jpg 768w, https:\/\/eldigitaldeasturias.com\/magazine365\/wp-content\/uploads\/2015\/06\/fotonoticia_20150608170009_800-150x92.jpg 150w, https:\/\/eldigitaldeasturias.com\/magazine365\/wp-content\/uploads\/2015\/06\/fotonoticia_20150608170009_800-450x276.jpg 450w, https:\/\/eldigitaldeasturias.com\/magazine365\/wp-content\/uploads\/2015\/06\/fotonoticia_20150608170009_800-356x220.jpg 356w, https:\/\/eldigitaldeasturias.com\/magazine365\/wp-content\/uploads\/2015\/06\/fotonoticia_20150608170009_800-696x427.jpg 696w, https:\/\/eldigitaldeasturias.com\/magazine365\/wp-content\/uploads\/2015\/06\/fotonoticia_20150608170009_800-684x420.jpg 684w, https:\/\/eldigitaldeasturias.com\/magazine365\/wp-content\/uploads\/2015\/06\/fotonoticia_20150608170009_800.jpg 800w\" sizes=\"(max-width: 360px) 100vw, 360px\" \/>Tenerife acoger\u00e1 los pr\u00f3ximos d\u00edas 10 y 11 de junio el &#8216;I Certamen Iberonorteamericano de Cocteler\u00eda&#8217; en el que se mostrar\u00e1n las nuevas t\u00e9cnicas y tendencias en la elaboraci\u00f3n de c\u00f3cteles, de la mano de experimentados &#8216;bartenders&#8217; de tres continentes: Europa, Am\u00e9rica y Asia.<\/p>\n<p>Este encuentro internacional est\u00e1 organizado por la Asociaci\u00f3n de Barmans de Tenerife (ABT) en colaboraci\u00f3n con la Asociaci\u00f3n Hotelera y Extrahotelera de Tenerife, La Palma La Gomera y El Hierro, Ashotel, el Cabildo de Tenerife, el Gobierno de Canarias, los ayuntamientos de Adeje y Arona, as\u00ed como la cadena GF Hoteles, tendr\u00e1 lugar en el Costa Adeje Gran Hotel (Adeje).<\/p>\n<p>El coordinador general de Turismo y Proyectos Estrat\u00e9gicos del Cabildo, Miguel Becerra, ha resaltado en la presentaci\u00f3n del evento la importancia de cert\u00e1menes como este \u00abque ponen en valor no solo a estos profesionales sino que contribuyen tambi\u00e9n a generar nueva oferta complementaria\u00bb.<\/p>\n<p>Para el presidente de la patronal hotelera Ashotel, Jorge Marichal, este tipo de eventos otorga \u00abun valor a\u00f1adido\u00bb a la oferta gastron\u00f3mica y tur\u00edstica de Tenerife mientras que el presidente de la Federaci\u00f3n de Asociaciones de Barman Espa\u00f1oles (FABE), Jos\u00e9 Dioni, se ha referido a la calidad de los profesionales que acudir\u00e1n al evento y \u00abla posibilidad que van a tener los alumnos de hosteler\u00eda de la isla de asistir a las masterclass que realizar\u00e1n estos barman en el marco del evento\u00bb.<\/p>\n<p>Durante la presentaci\u00f3n del evento, al que tambi\u00e9n han asistido el concejal de Turismo de Adeje, Rafael Dolado, y la directora general de GF Hotele Mar\u00eda Victoria L\u00f3pez, Becerra ha anunciado que contar\u00e1 con un total de 100 participantes procedentes de 16 pa\u00edses y poseedores de un alt\u00edsimo nivel profesional competir\u00e1n durante dos d\u00edas en las modalidades de cocteler\u00eda molecular, cocteler\u00eda cl\u00e1sica y cocteler\u00eda acrob\u00e1tica o Flair.<\/p>\n<p>El jurado de este certamen, que nace con el objetivo de consolidarse como un acreditado concurso de cocteler\u00eda internacional, est\u00e1 compuesto por destacados miembros de la International Bartenders Association (IBA).<\/p>\n<p>MASTERCLASS Y CATAS<\/p>\n<p>Paralelamente a estas competiciones se ofrecer\u00e1n diversas masterclass con las \u00faltimas novedades y el uso de nuevos ingredientes en el mundo de la mixolog\u00eda: la ginebra y los gin-tonics, tendencia de moda desde hace algunos a\u00f1os; el uso del caf\u00e9 caliente en algunos aperitivos; el a\u00f1adido de pur\u00e9s de frutas a muchos combinados; el maridaje de los vinos y mieles de Tenerife con la cocteler\u00eda elaborada en la isla, o la vuelta de los cl\u00e1sicos, que regresan con aires renovados, como el whisky escoc\u00e9s.<\/p>\n<p>Junto a las &#8216;masterclass&#8217; habr\u00e1 tambi\u00e9n varias catas y degustaciones de las diferentes clases vinos, quesos y mieles de Canarias, adem\u00e1s de otros productos que acompa\u00f1ar\u00e1n a este primer certamen internacional, de gran inter\u00e9s para el sector, que pone de manifiesto la importancia que ha ido cobrando la cocteler\u00eda en el sector hotelero.<\/p>\n<p>Tanto las tres competiciones como las diferentes masterclass y catas, &#8211;a las que se espera que acudan alrededor de 500 personas&#8211;, se desarrollar\u00e1n en las dependencias del Costa Adeje Gran Hotel, desde las 10.00 hasta las 18.00 horas del mi\u00e9rcoles, y el jueves 11 de junio.<\/p>\n<p>Las tres modalidades en las que competir\u00e1n los &#8216;bartenders&#8217; de 16 pa\u00edses que acuden al &#8216;I Certamen Iberonorteamericano de Cocteler\u00eda&#8217; son cocteler\u00eda molecular &#8211;basada en la cocteler\u00eda cl\u00e1sica con cambios en cuanto al sabor gracias a t\u00e9cnicas como el flambeado y la congelaci\u00f3n&#8211;; cocteler\u00eda cl\u00e1sica &#8211;desde comienzos del siglo XIX&#8211;<\/p>\n<p>y cocteler\u00eda acrob\u00e1tica o Flair &#8211;modalidad muy extendida en Estados Unidos con la que los bartenders muestran su t\u00e9cnica y estilo protagonizando aut\u00e9nticos shows en los que se lanzan al aire botellas, vasos y frutas&#8211;<\/p>\n","protected":false},"excerpt":{"rendered":"<p>Tenerife acoger\u00e1 los pr\u00f3ximos d\u00edas 10 y 11 de junio el &#8216;I Certamen Iberonorteamericano de Cocteler\u00eda&#8217; en el que se mostrar\u00e1n las nuevas t\u00e9cnicas y tendencias en la elaboraci\u00f3n de c\u00f3cteles, de la mano de experimentados &#8216;bartenders&#8217; de tres continentes: Europa, Am\u00e9rica y Asia. Este encuentro internacional est\u00e1 organizado por la Asociaci\u00f3n de Barmans de<\/p>\n","protected":false},"author":1,"featured_media":39215,"comment_status":"open","ping_status":"closed","sticky":false,"template":"","format":"standard","meta":{"footnotes":""},"categories":[224],"tags":[],"class_list":{"0":"post-39214","1":"post","2":"type-post","3":"status-publish","4":"format-standard","5":"has-post-thumbnail","7":"category-noticias-actualidad"},"aioseo_notices":[],"aioseo_head":"\n\t\t<!-- All in One SEO Pro 4.9.6.1 - aioseo.com -->\n\t<meta name=\"description\" content=\"Tenerife acoger\u00e1 los pr\u00f3ximos d\u00edas 10 y 11 de junio el &#039;I Certamen Iberonorteamericano de Cocteler\u00eda&#039; en el que se mostrar\u00e1n las nuevas t\u00e9cnicas y tendencias en la elaboraci\u00f3n de c\u00f3cteles, de la mano de experimentados &#039;bartenders&#039; de tres continentes: Europa, Am\u00e9rica y Asia. Este encuentro internacional est\u00e1 organizado por la Asociaci\u00f3n de Barmans de\" \/>\n\t<meta name=\"robots\" content=\"max-image-preview:large\" \/>\n\t<meta name=\"author\" content=\"admin\"\/>\n\t<meta name=\"google-site-verification\" content=\"UA-38556648-1\" \/>\n\t<meta name=\"keywords\" content=\"noticias y actualidad\" \/>\n\t<link rel=\"canonical\" href=\"https:\/\/eldigitaldeasturias.com\/magazine365\/tenerife-acogera-el-primer-certamen-iberonorteamericano-de-cocteleria\/\" \/>\n\t<meta name=\"generator\" content=\"All in One SEO Pro (AIOSEO) 4.9.6.1\" \/>\n\t\t<meta property=\"og:locale\" content=\"es_ES\" \/>\n\t\t<meta property=\"og:site_name\" content=\"El Digital de Asturias \u2013 Revista de ocio, turismo y estilo de vida\" \/>\n\t\t<meta property=\"og:type\" content=\"article\" \/>\n\t\t<meta property=\"og:title\" content=\"Tenerife acoger\u00e1 el primer certamen iberonorteamericano de cocteler\u00eda | El Digital de Asturias\" \/>\n\t\t<meta property=\"og:description\" content=\"Tenerife acoger\u00e1 los pr\u00f3ximos d\u00edas 10 y 11 de junio el &#039;I Certamen Iberonorteamericano de Cocteler\u00eda&#039; en el que se mostrar\u00e1n las nuevas t\u00e9cnicas y tendencias en la elaboraci\u00f3n de c\u00f3cteles, de la mano de experimentados &#039;bartenders&#039; de tres continentes: Europa, Am\u00e9rica y Asia. Este encuentro internacional est\u00e1 organizado por la Asociaci\u00f3n de Barmans de\" \/>\n\t\t<meta property=\"og:url\" content=\"https:\/\/eldigitaldeasturias.com\/magazine365\/tenerife-acogera-el-primer-certamen-iberonorteamericano-de-cocteleria\/\" \/>\n\t\t<meta property=\"og:image\" content=\"https:\/\/eldigitaldeasturias.com\/magazine365\/wp-content\/uploads\/2015\/06\/fotonoticia_20150608170009_800.jpg\" \/>\n\t\t<meta property=\"og:image:secure_url\" content=\"https:\/\/eldigitaldeasturias.com\/magazine365\/wp-content\/uploads\/2015\/06\/fotonoticia_20150608170009_800.jpg\" \/>\n\t\t<meta property=\"og:image:width\" content=\"800\" \/>\n\t\t<meta property=\"og:image:height\" content=\"491\" \/>\n\t\t<meta property=\"article:published_time\" content=\"2015-06-09T03:57:26+00:00\" \/>\n\t\t<meta property=\"article:modified_time\" content=\"2015-06-09T03:57:26+00:00\" \/>\n\t\t<meta name=\"twitter:card\" content=\"summary_large_image\" \/>\n\t\t<meta name=\"twitter:title\" content=\"Tenerife acoger\u00e1 el primer certamen iberonorteamericano de cocteler\u00eda | El Digital de Asturias\" \/>\n\t\t<meta name=\"twitter:description\" content=\"Tenerife acoger\u00e1 los pr\u00f3ximos d\u00edas 10 y 11 de junio el &#039;I Certamen Iberonorteamericano de Cocteler\u00eda&#039; en el que se mostrar\u00e1n las nuevas t\u00e9cnicas y tendencias en la elaboraci\u00f3n de c\u00f3cteles, de la mano de experimentados &#039;bartenders&#039; de tres continentes: Europa, Am\u00e9rica y Asia. Este encuentro internacional est\u00e1 organizado por la Asociaci\u00f3n de Barmans de\" \/>\n\t\t<meta name=\"twitter:image\" content=\"https:\/\/eldigitaldeasturias.com\/magazine365\/wp-content\/uploads\/2015\/06\/fotonoticia_20150608170009_800.jpg\" \/>\n\t\t<script type=\"application\/ld+json\" class=\"aioseo-schema\">\n\t\t\t{\"@context\":\"https:\\\/\\\/schema.org\",\"@graph\":[{\"@type\":\"Article\",\"@id\":\"https:\\\/\\\/eldigitaldeasturias.com\\\/magazine365\\\/tenerife-acogera-el-primer-certamen-iberonorteamericano-de-cocteleria\\\/#article\",\"name\":\"Tenerife acoger\\u00e1 el primer certamen iberonorteamericano de cocteler\\u00eda | El Digital de Asturias\",\"headline\":\"Tenerife acoger\\u00e1 el primer certamen iberonorteamericano de cocteler\\u00eda\",\"author\":{\"@id\":\"https:\\\/\\\/eldigitaldeasturias.com\\\/magazine365\\\/author\\\/admin\\\/#author\"},\"publisher\":{\"@id\":\"https:\\\/\\\/eldigitaldeasturias.com\\\/magazine365\\\/#organization\"},\"image\":{\"@type\":\"ImageObject\",\"url\":\"https:\\\/\\\/eldigitaldeasturias.com\\\/magazine365\\\/wp-content\\\/uploads\\\/2015\\\/06\\\/fotonoticia_20150608170009_800.jpg\",\"width\":800,\"height\":491},\"datePublished\":\"2015-06-09T05:27:26+02:00\",\"dateModified\":\"2015-06-09T05:27:26+02:00\",\"inLanguage\":\"es-ES\",\"mainEntityOfPage\":{\"@id\":\"https:\\\/\\\/eldigitaldeasturias.com\\\/magazine365\\\/tenerife-acogera-el-primer-certamen-iberonorteamericano-de-cocteleria\\\/#webpage\"},\"isPartOf\":{\"@id\":\"https:\\\/\\\/eldigitaldeasturias.com\\\/magazine365\\\/tenerife-acogera-el-primer-certamen-iberonorteamericano-de-cocteleria\\\/#webpage\"},\"articleSection\":\"Noticias y Actualidad\"},{\"@type\":\"BreadcrumbList\",\"@id\":\"https:\\\/\\\/eldigitaldeasturias.com\\\/magazine365\\\/tenerife-acogera-el-primer-certamen-iberonorteamericano-de-cocteleria\\\/#breadcrumblist\",\"itemListElement\":[{\"@type\":\"ListItem\",\"@id\":\"https:\\\/\\\/eldigitaldeasturias.com\\\/magazine365#listItem\",\"position\":1,\"name\":\"Home\",\"item\":\"https:\\\/\\\/eldigitaldeasturias.com\\\/magazine365\",\"nextItem\":{\"@type\":\"ListItem\",\"@id\":\"https:\\\/\\\/eldigitaldeasturias.com\\\/magazine365\\\/category\\\/noticias-actualidad\\\/#listItem\",\"name\":\"Noticias y Actualidad\"}},{\"@type\":\"ListItem\",\"@id\":\"https:\\\/\\\/eldigitaldeasturias.com\\\/magazine365\\\/category\\\/noticias-actualidad\\\/#listItem\",\"position\":2,\"name\":\"Noticias y Actualidad\",\"item\":\"https:\\\/\\\/eldigitaldeasturias.com\\\/magazine365\\\/category\\\/noticias-actualidad\\\/\",\"nextItem\":{\"@type\":\"ListItem\",\"@id\":\"https:\\\/\\\/eldigitaldeasturias.com\\\/magazine365\\\/tenerife-acogera-el-primer-certamen-iberonorteamericano-de-cocteleria\\\/#listItem\",\"name\":\"Tenerife acoger\\u00e1 el primer certamen iberonorteamericano de cocteler\\u00eda\"},\"previousItem\":{\"@type\":\"ListItem\",\"@id\":\"https:\\\/\\\/eldigitaldeasturias.com\\\/magazine365#listItem\",\"name\":\"Home\"}},{\"@type\":\"ListItem\",\"@id\":\"https:\\\/\\\/eldigitaldeasturias.com\\\/magazine365\\\/tenerife-acogera-el-primer-certamen-iberonorteamericano-de-cocteleria\\\/#listItem\",\"position\":3,\"name\":\"Tenerife acoger\\u00e1 el primer certamen iberonorteamericano de cocteler\\u00eda\",\"previousItem\":{\"@type\":\"ListItem\",\"@id\":\"https:\\\/\\\/eldigitaldeasturias.com\\\/magazine365\\\/category\\\/noticias-actualidad\\\/#listItem\",\"name\":\"Noticias y Actualidad\"}}]},{\"@type\":\"Organization\",\"@id\":\"https:\\\/\\\/eldigitaldeasturias.com\\\/magazine365\\\/#organization\",\"name\":\"El digital de Asturias\",\"description\":\"Revista de ocio, turismo y estilo de vida\",\"url\":\"https:\\\/\\\/eldigitaldeasturias.com\\\/magazine365\\\/\",\"logo\":{\"@type\":\"ImageObject\",\"url\":\"https:\\\/\\\/www.eldigitaldeasturias.com\\\/noticias\\\/wp-content\\\/uploads\\\/2020\\\/12\\\/EDA.jpg\",\"@id\":\"https:\\\/\\\/eldigitaldeasturias.com\\\/magazine365\\\/tenerife-acogera-el-primer-certamen-iberonorteamericano-de-cocteleria\\\/#organizationLogo\"},\"image\":{\"@id\":\"https:\\\/\\\/eldigitaldeasturias.com\\\/magazine365\\\/tenerife-acogera-el-primer-certamen-iberonorteamericano-de-cocteleria\\\/#organizationLogo\"}},{\"@type\":\"Person\",\"@id\":\"https:\\\/\\\/eldigitaldeasturias.com\\\/magazine365\\\/author\\\/admin\\\/#author\",\"url\":\"https:\\\/\\\/eldigitaldeasturias.com\\\/magazine365\\\/author\\\/admin\\\/\",\"name\":\"admin\",\"image\":{\"@type\":\"ImageObject\",\"@id\":\"https:\\\/\\\/eldigitaldeasturias.com\\\/magazine365\\\/tenerife-acogera-el-primer-certamen-iberonorteamericano-de-cocteleria\\\/#authorImage\",\"url\":\"https:\\\/\\\/eldigitaldeasturias.com\\\/magazine365\\\/wp-content\\\/litespeed\\\/avatar\\\/e571bcf59a0edd6fa6838245a470f2fe.jpg?ver=1776969259\",\"width\":96,\"height\":96,\"caption\":\"admin\"}},{\"@type\":\"WebPage\",\"@id\":\"https:\\\/\\\/eldigitaldeasturias.com\\\/magazine365\\\/tenerife-acogera-el-primer-certamen-iberonorteamericano-de-cocteleria\\\/#webpage\",\"url\":\"https:\\\/\\\/eldigitaldeasturias.com\\\/magazine365\\\/tenerife-acogera-el-primer-certamen-iberonorteamericano-de-cocteleria\\\/\",\"name\":\"Tenerife acoger\\u00e1 el primer certamen iberonorteamericano de cocteler\\u00eda | El Digital de Asturias\",\"description\":\"Tenerife acoger\\u00e1 los pr\\u00f3ximos d\\u00edas 10 y 11 de junio el 'I Certamen Iberonorteamericano de Cocteler\\u00eda' en el que se mostrar\\u00e1n las nuevas t\\u00e9cnicas y tendencias en la elaboraci\\u00f3n de c\\u00f3cteles, de la mano de experimentados 'bartenders' de tres continentes: Europa, Am\\u00e9rica y Asia. Este encuentro internacional est\\u00e1 organizado por la Asociaci\\u00f3n de Barmans de\",\"inLanguage\":\"es-ES\",\"isPartOf\":{\"@id\":\"https:\\\/\\\/eldigitaldeasturias.com\\\/magazine365\\\/#website\"},\"breadcrumb\":{\"@id\":\"https:\\\/\\\/eldigitaldeasturias.com\\\/magazine365\\\/tenerife-acogera-el-primer-certamen-iberonorteamericano-de-cocteleria\\\/#breadcrumblist\"},\"author\":{\"@id\":\"https:\\\/\\\/eldigitaldeasturias.com\\\/magazine365\\\/author\\\/admin\\\/#author\"},\"creator\":{\"@id\":\"https:\\\/\\\/eldigitaldeasturias.com\\\/magazine365\\\/author\\\/admin\\\/#author\"},\"image\":{\"@type\":\"ImageObject\",\"url\":\"https:\\\/\\\/eldigitaldeasturias.com\\\/magazine365\\\/wp-content\\\/uploads\\\/2015\\\/06\\\/fotonoticia_20150608170009_800.jpg\",\"@id\":\"https:\\\/\\\/eldigitaldeasturias.com\\\/magazine365\\\/tenerife-acogera-el-primer-certamen-iberonorteamericano-de-cocteleria\\\/#mainImage\",\"width\":800,\"height\":491},\"primaryImageOfPage\":{\"@id\":\"https:\\\/\\\/eldigitaldeasturias.com\\\/magazine365\\\/tenerife-acogera-el-primer-certamen-iberonorteamericano-de-cocteleria\\\/#mainImage\"},\"datePublished\":\"2015-06-09T05:27:26+02:00\",\"dateModified\":\"2015-06-09T05:27:26+02:00\"},{\"@type\":\"WebSite\",\"@id\":\"https:\\\/\\\/eldigitaldeasturias.com\\\/magazine365\\\/#website\",\"url\":\"https:\\\/\\\/eldigitaldeasturias.com\\\/magazine365\\\/\",\"name\":\"El Digital de Asturias\",\"description\":\"Revista de ocio, turismo y estilo de vida\",\"inLanguage\":\"es-ES\",\"publisher\":{\"@id\":\"https:\\\/\\\/eldigitaldeasturias.com\\\/magazine365\\\/#organization\"}}]}\n\t\t<\/script>\n\t\t<!-- All in One SEO Pro -->\r\n\t\t<title>Tenerife acoger\u00e1 el primer certamen iberonorteamericano de cocteler\u00eda | El Digital de Asturias<\/title>\n\n","aioseo_head_json":{"title":"Tenerife acoger\u00e1 el primer certamen iberonorteamericano de cocteler\u00eda | El Digital de Asturias","description":"Tenerife acoger\u00e1 los pr\u00f3ximos d\u00edas 10 y 11 de junio el 'I Certamen Iberonorteamericano de Cocteler\u00eda' en el que se mostrar\u00e1n las nuevas t\u00e9cnicas y tendencias en la elaboraci\u00f3n de c\u00f3cteles, de la mano de experimentados 'bartenders' de tres continentes: Europa, Am\u00e9rica y Asia. Este encuentro internacional est\u00e1 organizado por la Asociaci\u00f3n de Barmans de","canonical_url":"https:\/\/eldigitaldeasturias.com\/magazine365\/tenerife-acogera-el-primer-certamen-iberonorteamericano-de-cocteleria\/","robots":"max-image-preview:large","keywords":"noticias y actualidad","webmasterTools":{"google-site-verification":"UA-38556648-1","miscellaneous":""},"schema":{"@context":"https:\/\/schema.org","@graph":[{"@type":"Article","@id":"https:\/\/eldigitaldeasturias.com\/magazine365\/tenerife-acogera-el-primer-certamen-iberonorteamericano-de-cocteleria\/#article","name":"Tenerife acoger\u00e1 el primer certamen iberonorteamericano de cocteler\u00eda | El Digital de Asturias","headline":"Tenerife acoger\u00e1 el primer certamen iberonorteamericano de cocteler\u00eda","author":{"@id":"https:\/\/eldigitaldeasturias.com\/magazine365\/author\/admin\/#author"},"publisher":{"@id":"https:\/\/eldigitaldeasturias.com\/magazine365\/#organization"},"image":{"@type":"ImageObject","url":"https:\/\/eldigitaldeasturias.com\/magazine365\/wp-content\/uploads\/2015\/06\/fotonoticia_20150608170009_800.jpg","width":800,"height":491},"datePublished":"2015-06-09T05:27:26+02:00","dateModified":"2015-06-09T05:27:26+02:00","inLanguage":"es-ES","mainEntityOfPage":{"@id":"https:\/\/eldigitaldeasturias.com\/magazine365\/tenerife-acogera-el-primer-certamen-iberonorteamericano-de-cocteleria\/#webpage"},"isPartOf":{"@id":"https:\/\/eldigitaldeasturias.com\/magazine365\/tenerife-acogera-el-primer-certamen-iberonorteamericano-de-cocteleria\/#webpage"},"articleSection":"Noticias y Actualidad"},{"@type":"BreadcrumbList","@id":"https:\/\/eldigitaldeasturias.com\/magazine365\/tenerife-acogera-el-primer-certamen-iberonorteamericano-de-cocteleria\/#breadcrumblist","itemListElement":[{"@type":"ListItem","@id":"https:\/\/eldigitaldeasturias.com\/magazine365#listItem","position":1,"name":"Home","item":"https:\/\/eldigitaldeasturias.com\/magazine365","nextItem":{"@type":"ListItem","@id":"https:\/\/eldigitaldeasturias.com\/magazine365\/category\/noticias-actualidad\/#listItem","name":"Noticias y Actualidad"}},{"@type":"ListItem","@id":"https:\/\/eldigitaldeasturias.com\/magazine365\/category\/noticias-actualidad\/#listItem","position":2,"name":"Noticias y Actualidad","item":"https:\/\/eldigitaldeasturias.com\/magazine365\/category\/noticias-actualidad\/","nextItem":{"@type":"ListItem","@id":"https:\/\/eldigitaldeasturias.com\/magazine365\/tenerife-acogera-el-primer-certamen-iberonorteamericano-de-cocteleria\/#listItem","name":"Tenerife acoger\u00e1 el primer certamen iberonorteamericano de cocteler\u00eda"},"previousItem":{"@type":"ListItem","@id":"https:\/\/eldigitaldeasturias.com\/magazine365#listItem","name":"Home"}},{"@type":"ListItem","@id":"https:\/\/eldigitaldeasturias.com\/magazine365\/tenerife-acogera-el-primer-certamen-iberonorteamericano-de-cocteleria\/#listItem","position":3,"name":"Tenerife acoger\u00e1 el primer certamen iberonorteamericano de cocteler\u00eda","previousItem":{"@type":"ListItem","@id":"https:\/\/eldigitaldeasturias.com\/magazine365\/category\/noticias-actualidad\/#listItem","name":"Noticias y Actualidad"}}]},{"@type":"Organization","@id":"https:\/\/eldigitaldeasturias.com\/magazine365\/#organization","name":"El digital de Asturias","description":"Revista de ocio, turismo y estilo de vida","url":"https:\/\/eldigitaldeasturias.com\/magazine365\/","logo":{"@type":"ImageObject","url":"https:\/\/www.eldigitaldeasturias.com\/noticias\/wp-content\/uploads\/2020\/12\/EDA.jpg","@id":"https:\/\/eldigitaldeasturias.com\/magazine365\/tenerife-acogera-el-primer-certamen-iberonorteamericano-de-cocteleria\/#organizationLogo"},"image":{"@id":"https:\/\/eldigitaldeasturias.com\/magazine365\/tenerife-acogera-el-primer-certamen-iberonorteamericano-de-cocteleria\/#organizationLogo"}},{"@type":"Person","@id":"https:\/\/eldigitaldeasturias.com\/magazine365\/author\/admin\/#author","url":"https:\/\/eldigitaldeasturias.com\/magazine365\/author\/admin\/","name":"admin","image":{"@type":"ImageObject","@id":"https:\/\/eldigitaldeasturias.com\/magazine365\/tenerife-acogera-el-primer-certamen-iberonorteamericano-de-cocteleria\/#authorImage","url":"https:\/\/eldigitaldeasturias.com\/magazine365\/wp-content\/litespeed\/avatar\/e571bcf59a0edd6fa6838245a470f2fe.jpg?ver=1776969259","width":96,"height":96,"caption":"admin"}},{"@type":"WebPage","@id":"https:\/\/eldigitaldeasturias.com\/magazine365\/tenerife-acogera-el-primer-certamen-iberonorteamericano-de-cocteleria\/#webpage","url":"https:\/\/eldigitaldeasturias.com\/magazine365\/tenerife-acogera-el-primer-certamen-iberonorteamericano-de-cocteleria\/","name":"Tenerife acoger\u00e1 el primer certamen iberonorteamericano de cocteler\u00eda | El Digital de Asturias","description":"Tenerife acoger\u00e1 los pr\u00f3ximos d\u00edas 10 y 11 de junio el 'I Certamen Iberonorteamericano de Cocteler\u00eda' en el que se mostrar\u00e1n las nuevas t\u00e9cnicas y tendencias en la elaboraci\u00f3n de c\u00f3cteles, de la mano de experimentados 'bartenders' de tres continentes: Europa, Am\u00e9rica y Asia. Este encuentro internacional est\u00e1 organizado por la Asociaci\u00f3n de Barmans de","inLanguage":"es-ES","isPartOf":{"@id":"https:\/\/eldigitaldeasturias.com\/magazine365\/#website"},"breadcrumb":{"@id":"https:\/\/eldigitaldeasturias.com\/magazine365\/tenerife-acogera-el-primer-certamen-iberonorteamericano-de-cocteleria\/#breadcrumblist"},"author":{"@id":"https:\/\/eldigitaldeasturias.com\/magazine365\/author\/admin\/#author"},"creator":{"@id":"https:\/\/eldigitaldeasturias.com\/magazine365\/author\/admin\/#author"},"image":{"@type":"ImageObject","url":"https:\/\/eldigitaldeasturias.com\/magazine365\/wp-content\/uploads\/2015\/06\/fotonoticia_20150608170009_800.jpg","@id":"https:\/\/eldigitaldeasturias.com\/magazine365\/tenerife-acogera-el-primer-certamen-iberonorteamericano-de-cocteleria\/#mainImage","width":800,"height":491},"primaryImageOfPage":{"@id":"https:\/\/eldigitaldeasturias.com\/magazine365\/tenerife-acogera-el-primer-certamen-iberonorteamericano-de-cocteleria\/#mainImage"},"datePublished":"2015-06-09T05:27:26+02:00","dateModified":"2015-06-09T05:27:26+02:00"},{"@type":"WebSite","@id":"https:\/\/eldigitaldeasturias.com\/magazine365\/#website","url":"https:\/\/eldigitaldeasturias.com\/magazine365\/","name":"El Digital de Asturias","description":"Revista de ocio, turismo y estilo de vida","inLanguage":"es-ES","publisher":{"@id":"https:\/\/eldigitaldeasturias.com\/magazine365\/#organization"}}]},"og:locale":"es_ES","og:site_name":"El Digital de Asturias \u2013 Revista de ocio, turismo y estilo de vida","og:type":"article","og:title":"Tenerife acoger\u00e1 el primer certamen iberonorteamericano de cocteler\u00eda | El Digital de Asturias","og:description":"Tenerife acoger\u00e1 los pr\u00f3ximos d\u00edas 10 y 11 de junio el 'I Certamen Iberonorteamericano de Cocteler\u00eda' en el que se mostrar\u00e1n las nuevas t\u00e9cnicas y tendencias en la elaboraci\u00f3n de c\u00f3cteles, de la mano de experimentados 'bartenders' de tres continentes: Europa, Am\u00e9rica y Asia. Este encuentro internacional est\u00e1 organizado por la Asociaci\u00f3n de Barmans de","og:url":"https:\/\/eldigitaldeasturias.com\/magazine365\/tenerife-acogera-el-primer-certamen-iberonorteamericano-de-cocteleria\/","og:image":"https:\/\/eldigitaldeasturias.com\/magazine365\/wp-content\/uploads\/2015\/06\/fotonoticia_20150608170009_800.jpg","og:image:secure_url":"https:\/\/eldigitaldeasturias.com\/magazine365\/wp-content\/uploads\/2015\/06\/fotonoticia_20150608170009_800.jpg","og:image:width":800,"og:image:height":491,"article:published_time":"2015-06-09T03:57:26+00:00","article:modified_time":"2015-06-09T03:57:26+00:00","twitter:card":"summary_large_image","twitter:title":"Tenerife acoger\u00e1 el primer certamen iberonorteamericano de cocteler\u00eda | El Digital de Asturias","twitter:description":"Tenerife acoger\u00e1 los pr\u00f3ximos d\u00edas 10 y 11 de junio el 'I Certamen Iberonorteamericano de Cocteler\u00eda' en el que se mostrar\u00e1n las nuevas t\u00e9cnicas y tendencias en la elaboraci\u00f3n de c\u00f3cteles, de la mano de experimentados 'bartenders' de tres continentes: Europa, Am\u00e9rica y Asia. Este encuentro internacional est\u00e1 organizado por la Asociaci\u00f3n de Barmans de","twitter:image":"https:\/\/eldigitaldeasturias.com\/magazine365\/wp-content\/uploads\/2015\/06\/fotonoticia_20150608170009_800.jpg"},"aioseo_meta_data":{"post_id":"39214","title":null,"description":null,"keywords":null,"keyphrases":null,"primary_term":null,"canonical_url":null,"og_title":null,"og_description":null,"og_object_type":"default","og_image_type":"default","og_image_url":null,"og_image_width":null,"og_image_height":null,"og_image_custom_url":null,"og_image_custom_fields":null,"og_video":null,"og_custom_url":null,"og_article_section":null,"og_article_tags":null,"twitter_use_og":false,"twitter_card":"default","twitter_image_type":"default","twitter_image_url":null,"twitter_image_custom_url":null,"twitter_image_custom_fields":null,"twitter_title":null,"twitter_description":null,"schema":{"blockGraphs":[],"customGraphs":[],"default":{"data":{"Article":[],"Course":[],"Dataset":[],"FAQPage":[],"Movie":[],"Person":[],"Product":[],"ProductReview":[],"Car":[],"Recipe":[],"Service":[],"SoftwareApplication":[],"WebPage":[]},"graphName":"","isEnabled":true},"graphs":[],"defaultGraph":"","defaultPostTypeGraph":""},"schema_type":null,"schema_type_options":null,"pillar_content":false,"robots_default":true,"robots_noindex":false,"robots_noarchive":false,"robots_nosnippet":false,"robots_nofollow":false,"robots_noimageindex":false,"robots_noodp":false,"robots_notranslate":false,"robots_max_snippet":null,"robots_max_videopreview":null,"robots_max_imagepreview":"large","priority":null,"frequency":null,"location":null,"local_seo":null,"seo_analyzer_scan_date":"2025-09-19 11:11:08","breadcrumb_settings":null,"limit_modified_date":false,"open_ai":null,"ai":null,"created":"2021-03-09 02:43:40","updated":"2025-09-19 11:11:08"},"aioseo_breadcrumb":"<div class=\"aioseo-breadcrumbs\"><span class=\"aioseo-breadcrumb\">\n\t<a href=\"https:\/\/eldigitaldeasturias.com\/magazine365\" title=\"Home\">Home<\/a>\n<\/span><span class=\"aioseo-breadcrumb-separator\">\u2013<\/span><span class=\"aioseo-breadcrumb\">\n\t<a href=\"https:\/\/eldigitaldeasturias.com\/magazine365\/category\/noticias-actualidad\/\" title=\"Noticias y Actualidad\">Noticias y Actualidad<\/a>\n<\/span><span class=\"aioseo-breadcrumb-separator\">\u2013<\/span><span class=\"aioseo-breadcrumb\">\n\t<a href=\"https:\/\/eldigitaldeasturias.com\/magazine365\/tenerife-acogera-el-primer-certamen-iberonorteamericano-de-cocteleria\/\" title=\"Tenerife acoger\u00e1 el primer certamen iberonorteamericano de cocteler\u00eda\">Tenerife acoger\u00e1 el primer certamen iberonorteamericano de cocteler\u00eda<\/a>\n<\/span><\/div>","aioseo_breadcrumb_json":[{"label":"Home","link":"https:\/\/eldigitaldeasturias.com\/magazine365"},{"label":"Noticias y Actualidad","link":"https:\/\/eldigitaldeasturias.com\/magazine365\/category\/noticias-actualidad\/"},{"label":"Tenerife acoger\u00e1 el primer certamen iberonorteamericano de cocteler\u00eda","link":"https:\/\/eldigitaldeasturias.com\/magazine365\/tenerife-acogera-el-primer-certamen-iberonorteamericano-de-cocteleria\/"}],"_links":{"self":[{"href":"https:\/\/eldigitaldeasturias.com\/magazine365\/wp-json\/wp\/v2\/posts\/39214","targetHints":{"allow":["GET"]}}],"collection":[{"href":"https:\/\/eldigitaldeasturias.com\/magazine365\/wp-json\/wp\/v2\/posts"}],"about":[{"href":"https:\/\/eldigitaldeasturias.com\/magazine365\/wp-json\/wp\/v2\/types\/post"}],"author":[{"embeddable":true,"href":"https:\/\/eldigitaldeasturias.com\/magazine365\/wp-json\/wp\/v2\/users\/1"}],"replies":[{"embeddable":true,"href":"https:\/\/eldigitaldeasturias.com\/magazine365\/wp-json\/wp\/v2\/comments?post=39214"}],"version-history":[{"count":0,"href":"https:\/\/eldigitaldeasturias.com\/magazine365\/wp-json\/wp\/v2\/posts\/39214\/revisions"}],"wp:featuredmedia":[{"embeddable":true,"href":"https:\/\/eldigitaldeasturias.com\/magazine365\/wp-json\/wp\/v2\/media\/39215"}],"wp:attachment":[{"href":"https:\/\/eldigitaldeasturias.com\/magazine365\/wp-json\/wp\/v2\/media?parent=39214"}],"wp:term":[{"taxonomy":"category","embeddable":true,"href":"https:\/\/eldigitaldeasturias.com\/magazine365\/wp-json\/wp\/v2\/categories?post=39214"},{"taxonomy":"post_tag","embeddable":true,"href":"https:\/\/eldigitaldeasturias.com\/magazine365\/wp-json\/wp\/v2\/tags?post=39214"}],"curies":[{"name":"wp","href":"https:\/\/api.w.org\/{rel}","templated":true}]}}