{"id":39211,"date":"2015-06-09T05:25:38","date_gmt":"2015-06-09T03:55:38","guid":{"rendered":"http:\/\/eldigitaldeasturias.com\/magazine365\/?p=39211"},"modified":"2015-06-09T05:25:38","modified_gmt":"2015-06-09T03:55:38","slug":"mas-de-200-escolares-participan-en-una-suelta-de-tortugas-en-la-playa-de-las-canteras","status":"publish","type":"post","link":"https:\/\/eldigitaldeasturias.com\/magazine365\/mas-de-200-escolares-participan-en-una-suelta-de-tortugas-en-la-playa-de-las-canteras\/","title":{"rendered":"M\u00e1s de 200 escolares participan en una suelta de tortugas en la Playa de Las Canteras"},"content":{"rendered":"<p><img fetchpriority=\"high\" decoding=\"async\" class=\"alignleft size-medium wp-image-39212\" src=\"https:\/\/eldigitaldeasturias.com\/magazine365\/wp-content\/uploads\/2015\/06\/fotonoticia_20150608165720_800-360x239.jpg\" alt=\"fotonoticia_20150608165720_800\" width=\"360\" height=\"239\" srcset=\"https:\/\/eldigitaldeasturias.com\/magazine365\/wp-content\/uploads\/2015\/06\/fotonoticia_20150608165720_800-360x239.jpg 360w, https:\/\/eldigitaldeasturias.com\/magazine365\/wp-content\/uploads\/2015\/06\/fotonoticia_20150608165720_800-650x431.jpg 650w, https:\/\/eldigitaldeasturias.com\/magazine365\/wp-content\/uploads\/2015\/06\/fotonoticia_20150608165720_800-768x510.jpg 768w, https:\/\/eldigitaldeasturias.com\/magazine365\/wp-content\/uploads\/2015\/06\/fotonoticia_20150608165720_800-150x100.jpg 150w, https:\/\/eldigitaldeasturias.com\/magazine365\/wp-content\/uploads\/2015\/06\/fotonoticia_20150608165720_800-450x299.jpg 450w, https:\/\/eldigitaldeasturias.com\/magazine365\/wp-content\/uploads\/2015\/06\/fotonoticia_20150608165720_800-696x462.jpg 696w, https:\/\/eldigitaldeasturias.com\/magazine365\/wp-content\/uploads\/2015\/06\/fotonoticia_20150608165720_800-633x420.jpg 633w, https:\/\/eldigitaldeasturias.com\/magazine365\/wp-content\/uploads\/2015\/06\/fotonoticia_20150608165720_800-84x55.jpg 84w, https:\/\/eldigitaldeasturias.com\/magazine365\/wp-content\/uploads\/2015\/06\/fotonoticia_20150608165720_800.jpg 800w\" sizes=\"(max-width: 360px) 100vw, 360px\" \/>La Playa de Las Canteras de Las Palmas de Gran Canaria centrar\u00e1 este lunes las actividades organizadas por el Ayuntamiento para celebrar el D\u00eda Mundial de los Oc\u00e9anos, puesto que tendr\u00e1 lugar una suelta de tortugas en la que participar\u00e1n m\u00e1s de 200 escolares de cinco de Educaci\u00f3n Primaria y Secundaria.<\/p>\n<p>El Consistorio capitalino explic\u00f3 en una nota de prensa que la cita ser\u00e1 en la zona de La Puntilla, a la altura de la Plaza de Saulo Tor\u00f3n, a partir de las 12.00 horas.<\/p>\n<p>Con todo, el objetivo es promover el conocimiento de la biodiversidad del litoral de la capital de Gran Canaria y el cuidado sostenible del mar entre los ni\u00f1os y adolescentes y dar a conocer la importancia que tiene la conservaci\u00f3n de los oc\u00e9anos en un entorno de gran biodiversidad y referencia del litoral y el paisaje natural de la ciudad, la Playa de Las Canteras.<\/p>\n<p>Los escolares de los centros de Educaci\u00f3n Primaria y Secundaria Fernando Guanarteme, Saucillo, Nueva Isleta, Tony Gallardo, Los Tarahales y Felo Monz\u00f3n ayudar\u00e1n a los veterinarios del Centro de Recuperaci\u00f3n de Fauna del Cabildo de Gran Canaria a devolver al mar varios ejemplares de tortugas que se encuentran en el Centro de Recuperaci\u00f3n de Fauna Silvestre del Cabildo de Gran Canaria.<\/p>\n<p>La jornada dedicada al alumnado de 6\u00ba de Primaria (11 a\u00f1os) y 1\u00ba de la ESO (12 a\u00f1os) contar\u00e1 con una actividad de educaci\u00f3n ambiental y buceo con la colaboraci\u00f3n del Centro de Buceo 7 Mares y un grupo de alumnado de los Institutos Nueva Isleta y Los Tarahales, que dinamizar\u00e1n las actividades con el apoyo de un equipo de monitores de la Asociaci\u00f3n Mojo de Ca\u00f1a.<\/p>\n","protected":false},"excerpt":{"rendered":"<p>La Playa de Las Canteras de Las Palmas de Gran Canaria centrar\u00e1 este lunes las actividades organizadas por el Ayuntamiento para celebrar el D\u00eda Mundial de los Oc\u00e9anos, puesto que tendr\u00e1 lugar una suelta de tortugas en la que participar\u00e1n m\u00e1s de 200 escolares de cinco de Educaci\u00f3n Primaria y Secundaria. El Consistorio capitalino explic\u00f3<\/p>\n","protected":false},"author":1,"featured_media":39212,"comment_status":"open","ping_status":"closed","sticky":false,"template":"","format":"standard","meta":{"footnotes":""},"categories":[222],"tags":[],"class_list":{"0":"post-39211","1":"post","2":"type-post","3":"status-publish","4":"format-standard","5":"has-post-thumbnail","7":"category-actualidad-turismo"},"aioseo_notices":[],"aioseo_head":"\n\t\t<!-- All in One SEO Pro 4.9.6.1 - aioseo.com -->\n\t<meta name=\"description\" content=\"La Playa de Las Canteras de Las Palmas de Gran Canaria centrar\u00e1 este lunes las actividades organizadas por el Ayuntamiento para celebrar el D\u00eda Mundial de los Oc\u00e9anos, puesto que tendr\u00e1 lugar una suelta de tortugas en la que participar\u00e1n m\u00e1s de 200 escolares de cinco de Educaci\u00f3n Primaria y Secundaria. El Consistorio capitalino explic\u00f3\" \/>\n\t<meta name=\"robots\" content=\"max-image-preview:large\" \/>\n\t<meta name=\"author\" content=\"admin\"\/>\n\t<meta name=\"google-site-verification\" content=\"UA-38556648-1\" \/>\n\t<meta name=\"keywords\" content=\"actualidad turismo\" \/>\n\t<link rel=\"canonical\" href=\"https:\/\/eldigitaldeasturias.com\/magazine365\/mas-de-200-escolares-participan-en-una-suelta-de-tortugas-en-la-playa-de-las-canteras\/\" \/>\n\t<meta name=\"generator\" content=\"All in One SEO Pro (AIOSEO) 4.9.6.1\" \/>\n\t\t<meta property=\"og:locale\" content=\"es_ES\" \/>\n\t\t<meta property=\"og:site_name\" content=\"El Digital de Asturias \u2013 Revista de ocio, turismo y estilo de vida\" \/>\n\t\t<meta property=\"og:type\" content=\"article\" \/>\n\t\t<meta property=\"og:title\" content=\"M\u00e1s de 200 escolares participan en una suelta de tortugas en la Playa de Las Canteras | El Digital de Asturias\" \/>\n\t\t<meta property=\"og:description\" content=\"La Playa de Las Canteras de Las Palmas de Gran Canaria centrar\u00e1 este lunes las actividades organizadas por el Ayuntamiento para celebrar el D\u00eda Mundial de los Oc\u00e9anos, puesto que tendr\u00e1 lugar una suelta de tortugas en la que participar\u00e1n m\u00e1s de 200 escolares de cinco de Educaci\u00f3n Primaria y Secundaria. El Consistorio capitalino explic\u00f3\" \/>\n\t\t<meta property=\"og:url\" content=\"https:\/\/eldigitaldeasturias.com\/magazine365\/mas-de-200-escolares-participan-en-una-suelta-de-tortugas-en-la-playa-de-las-canteras\/\" \/>\n\t\t<meta property=\"og:image\" content=\"https:\/\/eldigitaldeasturias.com\/magazine365\/wp-content\/uploads\/2015\/06\/fotonoticia_20150608165720_800.jpg\" \/>\n\t\t<meta property=\"og:image:secure_url\" content=\"https:\/\/eldigitaldeasturias.com\/magazine365\/wp-content\/uploads\/2015\/06\/fotonoticia_20150608165720_800.jpg\" \/>\n\t\t<meta property=\"og:image:width\" content=\"800\" \/>\n\t\t<meta property=\"og:image:height\" content=\"531\" \/>\n\t\t<meta property=\"article:published_time\" content=\"2015-06-09T03:55:38+00:00\" \/>\n\t\t<meta property=\"article:modified_time\" content=\"2015-06-09T03:55:38+00:00\" \/>\n\t\t<meta name=\"twitter:card\" content=\"summary_large_image\" \/>\n\t\t<meta name=\"twitter:title\" content=\"M\u00e1s de 200 escolares participan en una suelta de tortugas en la Playa de Las Canteras | El Digital de Asturias\" \/>\n\t\t<meta name=\"twitter:description\" content=\"La Playa de Las Canteras de Las Palmas de Gran Canaria centrar\u00e1 este lunes las actividades organizadas por el Ayuntamiento para celebrar el D\u00eda Mundial de los Oc\u00e9anos, puesto que tendr\u00e1 lugar una suelta de tortugas en la que participar\u00e1n m\u00e1s de 200 escolares de cinco de Educaci\u00f3n Primaria y Secundaria. El Consistorio capitalino explic\u00f3\" \/>\n\t\t<meta name=\"twitter:image\" content=\"https:\/\/eldigitaldeasturias.com\/magazine365\/wp-content\/uploads\/2015\/06\/fotonoticia_20150608165720_800.jpg\" \/>\n\t\t<script type=\"application\/ld+json\" class=\"aioseo-schema\">\n\t\t\t{\"@context\":\"https:\\\/\\\/schema.org\",\"@graph\":[{\"@type\":\"Article\",\"@id\":\"https:\\\/\\\/eldigitaldeasturias.com\\\/magazine365\\\/mas-de-200-escolares-participan-en-una-suelta-de-tortugas-en-la-playa-de-las-canteras\\\/#article\",\"name\":\"M\\u00e1s de 200 escolares participan en una suelta de tortugas en la Playa de Las Canteras | El Digital de Asturias\",\"headline\":\"M\\u00e1s de 200 escolares participan en una suelta de tortugas en la Playa de Las Canteras\",\"author\":{\"@id\":\"https:\\\/\\\/eldigitaldeasturias.com\\\/magazine365\\\/author\\\/admin\\\/#author\"},\"publisher\":{\"@id\":\"https:\\\/\\\/eldigitaldeasturias.com\\\/magazine365\\\/#organization\"},\"image\":{\"@type\":\"ImageObject\",\"url\":\"https:\\\/\\\/eldigitaldeasturias.com\\\/magazine365\\\/wp-content\\\/uploads\\\/2015\\\/06\\\/fotonoticia_20150608165720_800.jpg\",\"width\":800,\"height\":531},\"datePublished\":\"2015-06-09T05:25:38+02:00\",\"dateModified\":\"2015-06-09T05:25:38+02:00\",\"inLanguage\":\"es-ES\",\"mainEntityOfPage\":{\"@id\":\"https:\\\/\\\/eldigitaldeasturias.com\\\/magazine365\\\/mas-de-200-escolares-participan-en-una-suelta-de-tortugas-en-la-playa-de-las-canteras\\\/#webpage\"},\"isPartOf\":{\"@id\":\"https:\\\/\\\/eldigitaldeasturias.com\\\/magazine365\\\/mas-de-200-escolares-participan-en-una-suelta-de-tortugas-en-la-playa-de-las-canteras\\\/#webpage\"},\"articleSection\":\"Actualidad Turismo\"},{\"@type\":\"BreadcrumbList\",\"@id\":\"https:\\\/\\\/eldigitaldeasturias.com\\\/magazine365\\\/mas-de-200-escolares-participan-en-una-suelta-de-tortugas-en-la-playa-de-las-canteras\\\/#breadcrumblist\",\"itemListElement\":[{\"@type\":\"ListItem\",\"@id\":\"https:\\\/\\\/eldigitaldeasturias.com\\\/magazine365#listItem\",\"position\":1,\"name\":\"Home\",\"item\":\"https:\\\/\\\/eldigitaldeasturias.com\\\/magazine365\",\"nextItem\":{\"@type\":\"ListItem\",\"@id\":\"https:\\\/\\\/eldigitaldeasturias.com\\\/magazine365\\\/category\\\/actualidad-turismo\\\/#listItem\",\"name\":\"Actualidad Turismo\"}},{\"@type\":\"ListItem\",\"@id\":\"https:\\\/\\\/eldigitaldeasturias.com\\\/magazine365\\\/category\\\/actualidad-turismo\\\/#listItem\",\"position\":2,\"name\":\"Actualidad Turismo\",\"item\":\"https:\\\/\\\/eldigitaldeasturias.com\\\/magazine365\\\/category\\\/actualidad-turismo\\\/\",\"nextItem\":{\"@type\":\"ListItem\",\"@id\":\"https:\\\/\\\/eldigitaldeasturias.com\\\/magazine365\\\/mas-de-200-escolares-participan-en-una-suelta-de-tortugas-en-la-playa-de-las-canteras\\\/#listItem\",\"name\":\"M\\u00e1s de 200 escolares participan en una suelta de tortugas en la Playa de Las Canteras\"},\"previousItem\":{\"@type\":\"ListItem\",\"@id\":\"https:\\\/\\\/eldigitaldeasturias.com\\\/magazine365#listItem\",\"name\":\"Home\"}},{\"@type\":\"ListItem\",\"@id\":\"https:\\\/\\\/eldigitaldeasturias.com\\\/magazine365\\\/mas-de-200-escolares-participan-en-una-suelta-de-tortugas-en-la-playa-de-las-canteras\\\/#listItem\",\"position\":3,\"name\":\"M\\u00e1s de 200 escolares participan en una suelta de tortugas en la Playa de Las Canteras\",\"previousItem\":{\"@type\":\"ListItem\",\"@id\":\"https:\\\/\\\/eldigitaldeasturias.com\\\/magazine365\\\/category\\\/actualidad-turismo\\\/#listItem\",\"name\":\"Actualidad Turismo\"}}]},{\"@type\":\"Organization\",\"@id\":\"https:\\\/\\\/eldigitaldeasturias.com\\\/magazine365\\\/#organization\",\"name\":\"El digital de Asturias\",\"description\":\"Revista de ocio, turismo y estilo de vida\",\"url\":\"https:\\\/\\\/eldigitaldeasturias.com\\\/magazine365\\\/\",\"logo\":{\"@type\":\"ImageObject\",\"url\":\"https:\\\/\\\/www.eldigitaldeasturias.com\\\/noticias\\\/wp-content\\\/uploads\\\/2020\\\/12\\\/EDA.jpg\",\"@id\":\"https:\\\/\\\/eldigitaldeasturias.com\\\/magazine365\\\/mas-de-200-escolares-participan-en-una-suelta-de-tortugas-en-la-playa-de-las-canteras\\\/#organizationLogo\"},\"image\":{\"@id\":\"https:\\\/\\\/eldigitaldeasturias.com\\\/magazine365\\\/mas-de-200-escolares-participan-en-una-suelta-de-tortugas-en-la-playa-de-las-canteras\\\/#organizationLogo\"}},{\"@type\":\"Person\",\"@id\":\"https:\\\/\\\/eldigitaldeasturias.com\\\/magazine365\\\/author\\\/admin\\\/#author\",\"url\":\"https:\\\/\\\/eldigitaldeasturias.com\\\/magazine365\\\/author\\\/admin\\\/\",\"name\":\"admin\",\"image\":{\"@type\":\"ImageObject\",\"@id\":\"https:\\\/\\\/eldigitaldeasturias.com\\\/magazine365\\\/mas-de-200-escolares-participan-en-una-suelta-de-tortugas-en-la-playa-de-las-canteras\\\/#authorImage\",\"url\":\"https:\\\/\\\/eldigitaldeasturias.com\\\/magazine365\\\/wp-content\\\/litespeed\\\/avatar\\\/e571bcf59a0edd6fa6838245a470f2fe.jpg?ver=1776969259\",\"width\":96,\"height\":96,\"caption\":\"admin\"}},{\"@type\":\"WebPage\",\"@id\":\"https:\\\/\\\/eldigitaldeasturias.com\\\/magazine365\\\/mas-de-200-escolares-participan-en-una-suelta-de-tortugas-en-la-playa-de-las-canteras\\\/#webpage\",\"url\":\"https:\\\/\\\/eldigitaldeasturias.com\\\/magazine365\\\/mas-de-200-escolares-participan-en-una-suelta-de-tortugas-en-la-playa-de-las-canteras\\\/\",\"name\":\"M\\u00e1s de 200 escolares participan en una suelta de tortugas en la Playa de Las Canteras | El Digital de Asturias\",\"description\":\"La Playa de Las Canteras de Las Palmas de Gran Canaria centrar\\u00e1 este lunes las actividades organizadas por el Ayuntamiento para celebrar el D\\u00eda Mundial de los Oc\\u00e9anos, puesto que tendr\\u00e1 lugar una suelta de tortugas en la que participar\\u00e1n m\\u00e1s de 200 escolares de cinco de Educaci\\u00f3n Primaria y Secundaria. El Consistorio capitalino explic\\u00f3\",\"inLanguage\":\"es-ES\",\"isPartOf\":{\"@id\":\"https:\\\/\\\/eldigitaldeasturias.com\\\/magazine365\\\/#website\"},\"breadcrumb\":{\"@id\":\"https:\\\/\\\/eldigitaldeasturias.com\\\/magazine365\\\/mas-de-200-escolares-participan-en-una-suelta-de-tortugas-en-la-playa-de-las-canteras\\\/#breadcrumblist\"},\"author\":{\"@id\":\"https:\\\/\\\/eldigitaldeasturias.com\\\/magazine365\\\/author\\\/admin\\\/#author\"},\"creator\":{\"@id\":\"https:\\\/\\\/eldigitaldeasturias.com\\\/magazine365\\\/author\\\/admin\\\/#author\"},\"image\":{\"@type\":\"ImageObject\",\"url\":\"https:\\\/\\\/eldigitaldeasturias.com\\\/magazine365\\\/wp-content\\\/uploads\\\/2015\\\/06\\\/fotonoticia_20150608165720_800.jpg\",\"@id\":\"https:\\\/\\\/eldigitaldeasturias.com\\\/magazine365\\\/mas-de-200-escolares-participan-en-una-suelta-de-tortugas-en-la-playa-de-las-canteras\\\/#mainImage\",\"width\":800,\"height\":531},\"primaryImageOfPage\":{\"@id\":\"https:\\\/\\\/eldigitaldeasturias.com\\\/magazine365\\\/mas-de-200-escolares-participan-en-una-suelta-de-tortugas-en-la-playa-de-las-canteras\\\/#mainImage\"},\"datePublished\":\"2015-06-09T05:25:38+02:00\",\"dateModified\":\"2015-06-09T05:25:38+02:00\"},{\"@type\":\"WebSite\",\"@id\":\"https:\\\/\\\/eldigitaldeasturias.com\\\/magazine365\\\/#website\",\"url\":\"https:\\\/\\\/eldigitaldeasturias.com\\\/magazine365\\\/\",\"name\":\"El Digital de Asturias\",\"description\":\"Revista de ocio, turismo y estilo de vida\",\"inLanguage\":\"es-ES\",\"publisher\":{\"@id\":\"https:\\\/\\\/eldigitaldeasturias.com\\\/magazine365\\\/#organization\"}}]}\n\t\t<\/script>\n\t\t<!-- All in One SEO Pro -->\r\n\t\t<title>M\u00e1s de 200 escolares participan en una suelta de tortugas en la Playa de Las Canteras | El Digital de Asturias<\/title>\n\n","aioseo_head_json":{"title":"M\u00e1s de 200 escolares participan en una suelta de tortugas en la Playa de Las Canteras | El Digital de Asturias","description":"La Playa de Las Canteras de Las Palmas de Gran Canaria centrar\u00e1 este lunes las actividades organizadas por el Ayuntamiento para celebrar el D\u00eda Mundial de los Oc\u00e9anos, puesto que tendr\u00e1 lugar una suelta de tortugas en la que participar\u00e1n m\u00e1s de 200 escolares de cinco de Educaci\u00f3n Primaria y Secundaria. El Consistorio capitalino explic\u00f3","canonical_url":"https:\/\/eldigitaldeasturias.com\/magazine365\/mas-de-200-escolares-participan-en-una-suelta-de-tortugas-en-la-playa-de-las-canteras\/","robots":"max-image-preview:large","keywords":"actualidad turismo","webmasterTools":{"google-site-verification":"UA-38556648-1","miscellaneous":""},"schema":{"@context":"https:\/\/schema.org","@graph":[{"@type":"Article","@id":"https:\/\/eldigitaldeasturias.com\/magazine365\/mas-de-200-escolares-participan-en-una-suelta-de-tortugas-en-la-playa-de-las-canteras\/#article","name":"M\u00e1s de 200 escolares participan en una suelta de tortugas en la Playa de Las Canteras | El Digital de Asturias","headline":"M\u00e1s de 200 escolares participan en una suelta de tortugas en la Playa de Las Canteras","author":{"@id":"https:\/\/eldigitaldeasturias.com\/magazine365\/author\/admin\/#author"},"publisher":{"@id":"https:\/\/eldigitaldeasturias.com\/magazine365\/#organization"},"image":{"@type":"ImageObject","url":"https:\/\/eldigitaldeasturias.com\/magazine365\/wp-content\/uploads\/2015\/06\/fotonoticia_20150608165720_800.jpg","width":800,"height":531},"datePublished":"2015-06-09T05:25:38+02:00","dateModified":"2015-06-09T05:25:38+02:00","inLanguage":"es-ES","mainEntityOfPage":{"@id":"https:\/\/eldigitaldeasturias.com\/magazine365\/mas-de-200-escolares-participan-en-una-suelta-de-tortugas-en-la-playa-de-las-canteras\/#webpage"},"isPartOf":{"@id":"https:\/\/eldigitaldeasturias.com\/magazine365\/mas-de-200-escolares-participan-en-una-suelta-de-tortugas-en-la-playa-de-las-canteras\/#webpage"},"articleSection":"Actualidad Turismo"},{"@type":"BreadcrumbList","@id":"https:\/\/eldigitaldeasturias.com\/magazine365\/mas-de-200-escolares-participan-en-una-suelta-de-tortugas-en-la-playa-de-las-canteras\/#breadcrumblist","itemListElement":[{"@type":"ListItem","@id":"https:\/\/eldigitaldeasturias.com\/magazine365#listItem","position":1,"name":"Home","item":"https:\/\/eldigitaldeasturias.com\/magazine365","nextItem":{"@type":"ListItem","@id":"https:\/\/eldigitaldeasturias.com\/magazine365\/category\/actualidad-turismo\/#listItem","name":"Actualidad Turismo"}},{"@type":"ListItem","@id":"https:\/\/eldigitaldeasturias.com\/magazine365\/category\/actualidad-turismo\/#listItem","position":2,"name":"Actualidad Turismo","item":"https:\/\/eldigitaldeasturias.com\/magazine365\/category\/actualidad-turismo\/","nextItem":{"@type":"ListItem","@id":"https:\/\/eldigitaldeasturias.com\/magazine365\/mas-de-200-escolares-participan-en-una-suelta-de-tortugas-en-la-playa-de-las-canteras\/#listItem","name":"M\u00e1s de 200 escolares participan en una suelta de tortugas en la Playa de Las Canteras"},"previousItem":{"@type":"ListItem","@id":"https:\/\/eldigitaldeasturias.com\/magazine365#listItem","name":"Home"}},{"@type":"ListItem","@id":"https:\/\/eldigitaldeasturias.com\/magazine365\/mas-de-200-escolares-participan-en-una-suelta-de-tortugas-en-la-playa-de-las-canteras\/#listItem","position":3,"name":"M\u00e1s de 200 escolares participan en una suelta de tortugas en la Playa de Las Canteras","previousItem":{"@type":"ListItem","@id":"https:\/\/eldigitaldeasturias.com\/magazine365\/category\/actualidad-turismo\/#listItem","name":"Actualidad Turismo"}}]},{"@type":"Organization","@id":"https:\/\/eldigitaldeasturias.com\/magazine365\/#organization","name":"El digital de Asturias","description":"Revista de ocio, turismo y estilo de vida","url":"https:\/\/eldigitaldeasturias.com\/magazine365\/","logo":{"@type":"ImageObject","url":"https:\/\/www.eldigitaldeasturias.com\/noticias\/wp-content\/uploads\/2020\/12\/EDA.jpg","@id":"https:\/\/eldigitaldeasturias.com\/magazine365\/mas-de-200-escolares-participan-en-una-suelta-de-tortugas-en-la-playa-de-las-canteras\/#organizationLogo"},"image":{"@id":"https:\/\/eldigitaldeasturias.com\/magazine365\/mas-de-200-escolares-participan-en-una-suelta-de-tortugas-en-la-playa-de-las-canteras\/#organizationLogo"}},{"@type":"Person","@id":"https:\/\/eldigitaldeasturias.com\/magazine365\/author\/admin\/#author","url":"https:\/\/eldigitaldeasturias.com\/magazine365\/author\/admin\/","name":"admin","image":{"@type":"ImageObject","@id":"https:\/\/eldigitaldeasturias.com\/magazine365\/mas-de-200-escolares-participan-en-una-suelta-de-tortugas-en-la-playa-de-las-canteras\/#authorImage","url":"https:\/\/eldigitaldeasturias.com\/magazine365\/wp-content\/litespeed\/avatar\/e571bcf59a0edd6fa6838245a470f2fe.jpg?ver=1776969259","width":96,"height":96,"caption":"admin"}},{"@type":"WebPage","@id":"https:\/\/eldigitaldeasturias.com\/magazine365\/mas-de-200-escolares-participan-en-una-suelta-de-tortugas-en-la-playa-de-las-canteras\/#webpage","url":"https:\/\/eldigitaldeasturias.com\/magazine365\/mas-de-200-escolares-participan-en-una-suelta-de-tortugas-en-la-playa-de-las-canteras\/","name":"M\u00e1s de 200 escolares participan en una suelta de tortugas en la Playa de Las Canteras | El Digital de Asturias","description":"La Playa de Las Canteras de Las Palmas de Gran Canaria centrar\u00e1 este lunes las actividades organizadas por el Ayuntamiento para celebrar el D\u00eda Mundial de los Oc\u00e9anos, puesto que tendr\u00e1 lugar una suelta de tortugas en la que participar\u00e1n m\u00e1s de 200 escolares de cinco de Educaci\u00f3n Primaria y Secundaria. El Consistorio capitalino explic\u00f3","inLanguage":"es-ES","isPartOf":{"@id":"https:\/\/eldigitaldeasturias.com\/magazine365\/#website"},"breadcrumb":{"@id":"https:\/\/eldigitaldeasturias.com\/magazine365\/mas-de-200-escolares-participan-en-una-suelta-de-tortugas-en-la-playa-de-las-canteras\/#breadcrumblist"},"author":{"@id":"https:\/\/eldigitaldeasturias.com\/magazine365\/author\/admin\/#author"},"creator":{"@id":"https:\/\/eldigitaldeasturias.com\/magazine365\/author\/admin\/#author"},"image":{"@type":"ImageObject","url":"https:\/\/eldigitaldeasturias.com\/magazine365\/wp-content\/uploads\/2015\/06\/fotonoticia_20150608165720_800.jpg","@id":"https:\/\/eldigitaldeasturias.com\/magazine365\/mas-de-200-escolares-participan-en-una-suelta-de-tortugas-en-la-playa-de-las-canteras\/#mainImage","width":800,"height":531},"primaryImageOfPage":{"@id":"https:\/\/eldigitaldeasturias.com\/magazine365\/mas-de-200-escolares-participan-en-una-suelta-de-tortugas-en-la-playa-de-las-canteras\/#mainImage"},"datePublished":"2015-06-09T05:25:38+02:00","dateModified":"2015-06-09T05:25:38+02:00"},{"@type":"WebSite","@id":"https:\/\/eldigitaldeasturias.com\/magazine365\/#website","url":"https:\/\/eldigitaldeasturias.com\/magazine365\/","name":"El Digital de Asturias","description":"Revista de ocio, turismo y estilo de vida","inLanguage":"es-ES","publisher":{"@id":"https:\/\/eldigitaldeasturias.com\/magazine365\/#organization"}}]},"og:locale":"es_ES","og:site_name":"El Digital de Asturias \u2013 Revista de ocio, turismo y estilo de vida","og:type":"article","og:title":"M\u00e1s de 200 escolares participan en una suelta de tortugas en la Playa de Las Canteras | El Digital de Asturias","og:description":"La Playa de Las Canteras de Las Palmas de Gran Canaria centrar\u00e1 este lunes las actividades organizadas por el Ayuntamiento para celebrar el D\u00eda Mundial de los Oc\u00e9anos, puesto que tendr\u00e1 lugar una suelta de tortugas en la que participar\u00e1n m\u00e1s de 200 escolares de cinco de Educaci\u00f3n Primaria y Secundaria. El Consistorio capitalino explic\u00f3","og:url":"https:\/\/eldigitaldeasturias.com\/magazine365\/mas-de-200-escolares-participan-en-una-suelta-de-tortugas-en-la-playa-de-las-canteras\/","og:image":"https:\/\/eldigitaldeasturias.com\/magazine365\/wp-content\/uploads\/2015\/06\/fotonoticia_20150608165720_800.jpg","og:image:secure_url":"https:\/\/eldigitaldeasturias.com\/magazine365\/wp-content\/uploads\/2015\/06\/fotonoticia_20150608165720_800.jpg","og:image:width":800,"og:image:height":531,"article:published_time":"2015-06-09T03:55:38+00:00","article:modified_time":"2015-06-09T03:55:38+00:00","twitter:card":"summary_large_image","twitter:title":"M\u00e1s de 200 escolares participan en una suelta de tortugas en la Playa de Las Canteras | El Digital de Asturias","twitter:description":"La Playa de Las Canteras de Las Palmas de Gran Canaria centrar\u00e1 este lunes las actividades organizadas por el Ayuntamiento para celebrar el D\u00eda Mundial de los Oc\u00e9anos, puesto que tendr\u00e1 lugar una suelta de tortugas en la que participar\u00e1n m\u00e1s de 200 escolares de cinco de Educaci\u00f3n Primaria y Secundaria. El Consistorio capitalino explic\u00f3","twitter:image":"https:\/\/eldigitaldeasturias.com\/magazine365\/wp-content\/uploads\/2015\/06\/fotonoticia_20150608165720_800.jpg"},"aioseo_meta_data":{"post_id":"39211","title":null,"description":null,"keywords":null,"keyphrases":null,"primary_term":null,"canonical_url":null,"og_title":null,"og_description":null,"og_object_type":"default","og_image_type":"default","og_image_url":null,"og_image_width":null,"og_image_height":null,"og_image_custom_url":null,"og_image_custom_fields":null,"og_video":null,"og_custom_url":null,"og_article_section":null,"og_article_tags":null,"twitter_use_og":false,"twitter_card":"default","twitter_image_type":"default","twitter_image_url":null,"twitter_image_custom_url":null,"twitter_image_custom_fields":null,"twitter_title":null,"twitter_description":null,"schema":{"blockGraphs":[],"customGraphs":[],"default":{"data":{"Article":[],"Course":[],"Dataset":[],"FAQPage":[],"Movie":[],"Person":[],"Product":[],"ProductReview":[],"Car":[],"Recipe":[],"Service":[],"SoftwareApplication":[],"WebPage":[]},"graphName":"","isEnabled":true},"graphs":[],"defaultGraph":"","defaultPostTypeGraph":""},"schema_type":null,"schema_type_options":null,"pillar_content":false,"robots_default":true,"robots_noindex":false,"robots_noarchive":false,"robots_nosnippet":false,"robots_nofollow":false,"robots_noimageindex":false,"robots_noodp":false,"robots_notranslate":false,"robots_max_snippet":null,"robots_max_videopreview":null,"robots_max_imagepreview":"large","priority":null,"frequency":null,"location":null,"local_seo":null,"seo_analyzer_scan_date":"2025-09-19 11:11:07","breadcrumb_settings":null,"limit_modified_date":false,"open_ai":null,"ai":null,"created":"2021-03-09 02:43:40","updated":"2025-09-19 11:11:07"},"aioseo_breadcrumb":"<div class=\"aioseo-breadcrumbs\"><span class=\"aioseo-breadcrumb\">\n\t<a href=\"https:\/\/eldigitaldeasturias.com\/magazine365\" title=\"Home\">Home<\/a>\n<\/span><span class=\"aioseo-breadcrumb-separator\">\u2013<\/span><span class=\"aioseo-breadcrumb\">\n\t<a href=\"https:\/\/eldigitaldeasturias.com\/magazine365\/category\/actualidad-turismo\/\" title=\"Actualidad Turismo\">Actualidad Turismo<\/a>\n<\/span><span class=\"aioseo-breadcrumb-separator\">\u2013<\/span><span class=\"aioseo-breadcrumb\">\n\t<a href=\"https:\/\/eldigitaldeasturias.com\/magazine365\/mas-de-200-escolares-participan-en-una-suelta-de-tortugas-en-la-playa-de-las-canteras\/\" title=\"M\u00e1s de 200 escolares participan en una suelta de tortugas en la Playa de Las Canteras\">M\u00e1s de 200 escolares participan en una suelta de tortugas en la Playa de Las Canteras<\/a>\n<\/span><\/div>","aioseo_breadcrumb_json":[{"label":"Home","link":"https:\/\/eldigitaldeasturias.com\/magazine365"},{"label":"Actualidad Turismo","link":"https:\/\/eldigitaldeasturias.com\/magazine365\/category\/actualidad-turismo\/"},{"label":"M\u00e1s de 200 escolares participan en una suelta de tortugas en la Playa de Las Canteras","link":"https:\/\/eldigitaldeasturias.com\/magazine365\/mas-de-200-escolares-participan-en-una-suelta-de-tortugas-en-la-playa-de-las-canteras\/"}],"_links":{"self":[{"href":"https:\/\/eldigitaldeasturias.com\/magazine365\/wp-json\/wp\/v2\/posts\/39211","targetHints":{"allow":["GET"]}}],"collection":[{"href":"https:\/\/eldigitaldeasturias.com\/magazine365\/wp-json\/wp\/v2\/posts"}],"about":[{"href":"https:\/\/eldigitaldeasturias.com\/magazine365\/wp-json\/wp\/v2\/types\/post"}],"author":[{"embeddable":true,"href":"https:\/\/eldigitaldeasturias.com\/magazine365\/wp-json\/wp\/v2\/users\/1"}],"replies":[{"embeddable":true,"href":"https:\/\/eldigitaldeasturias.com\/magazine365\/wp-json\/wp\/v2\/comments?post=39211"}],"version-history":[{"count":0,"href":"https:\/\/eldigitaldeasturias.com\/magazine365\/wp-json\/wp\/v2\/posts\/39211\/revisions"}],"wp:featuredmedia":[{"embeddable":true,"href":"https:\/\/eldigitaldeasturias.com\/magazine365\/wp-json\/wp\/v2\/media\/39212"}],"wp:attachment":[{"href":"https:\/\/eldigitaldeasturias.com\/magazine365\/wp-json\/wp\/v2\/media?parent=39211"}],"wp:term":[{"taxonomy":"category","embeddable":true,"href":"https:\/\/eldigitaldeasturias.com\/magazine365\/wp-json\/wp\/v2\/categories?post=39211"},{"taxonomy":"post_tag","embeddable":true,"href":"https:\/\/eldigitaldeasturias.com\/magazine365\/wp-json\/wp\/v2\/tags?post=39211"}],"curies":[{"name":"wp","href":"https:\/\/api.w.org\/{rel}","templated":true}]}}