{"id":39203,"date":"2015-06-09T05:20:24","date_gmt":"2015-06-09T03:50:24","guid":{"rendered":"http:\/\/eldigitaldeasturias.com\/magazine365\/?p=39203"},"modified":"2015-06-09T05:20:24","modified_gmt":"2015-06-09T03:50:24","slug":"el-foro-mediterraneo-de-logistica-y-transporte-crea-la-asociacion-euromediterranea","status":"publish","type":"post","link":"https:\/\/eldigitaldeasturias.com\/magazine365\/el-foro-mediterraneo-de-logistica-y-transporte-crea-la-asociacion-euromediterranea\/","title":{"rendered":"El Foro Mediterr\u00e1neo de Log\u00edstica y Transporte crea la Asociaci\u00f3n Euromediterr\u00e1nea"},"content":{"rendered":"<p><img fetchpriority=\"high\" decoding=\"async\" class=\"alignleft size-medium wp-image-39173\" src=\"https:\/\/eldigitaldeasturias.com\/magazine365\/wp-content\/uploads\/2015\/06\/fotonoticia_20150608144420_800-360x239.jpg\" alt=\"fotonoticia_20150608144420_800\" width=\"360\" height=\"239\" srcset=\"https:\/\/eldigitaldeasturias.com\/magazine365\/wp-content\/uploads\/2015\/06\/fotonoticia_20150608144420_800-360x239.jpg 360w, https:\/\/eldigitaldeasturias.com\/magazine365\/wp-content\/uploads\/2015\/06\/fotonoticia_20150608144420_800-650x431.jpg 650w, https:\/\/eldigitaldeasturias.com\/magazine365\/wp-content\/uploads\/2015\/06\/fotonoticia_20150608144420_800-768x509.jpg 768w, https:\/\/eldigitaldeasturias.com\/magazine365\/wp-content\/uploads\/2015\/06\/fotonoticia_20150608144420_800-150x99.jpg 150w, https:\/\/eldigitaldeasturias.com\/magazine365\/wp-content\/uploads\/2015\/06\/fotonoticia_20150608144420_800-450x298.jpg 450w, https:\/\/eldigitaldeasturias.com\/magazine365\/wp-content\/uploads\/2015\/06\/fotonoticia_20150608144420_800-696x461.jpg 696w, https:\/\/eldigitaldeasturias.com\/magazine365\/wp-content\/uploads\/2015\/06\/fotonoticia_20150608144420_800-634x420.jpg 634w, https:\/\/eldigitaldeasturias.com\/magazine365\/wp-content\/uploads\/2015\/06\/fotonoticia_20150608144420_800-84x55.jpg 84w, https:\/\/eldigitaldeasturias.com\/magazine365\/wp-content\/uploads\/2015\/06\/fotonoticia_20150608144420_800.jpg 800w\" sizes=\"(max-width: 360px) 100vw, 360px\" \/>El Foro Mediterr\u00e1neo de Log\u00edstica y Transporte, que se celebra del martes al mi\u00e9rcoles en el marco del XVII Sal\u00f3n Internacional de la Log\u00edstica y la Manutenci\u00f3n de Barcelona (SIL), pondr\u00e1 en marcha la Asociaci\u00f3n Euromediterr\u00e1nea que reivindicar\u00e1 una mayor integraci\u00f3n para un mercado \u00fanico mediterr\u00e1neo.<\/p>\n<p>Participar\u00e1n en el encuentro la asociaci\u00f3n de c\u00e1maras de comercio del Mediterr\u00e1neo, Ascame, el Consorcio de Barcelona de zonas francas y el SIL, ha informado este lunes en un comunicado la C\u00e1mara de Barcelona.<\/p>\n<p>El Foro promover\u00e1 el intercambio de negocios entre los pa\u00edses del norte y el sur del Mediterr\u00e1neo con reuniones &#8216;peer to peer&#8217; y con instituciones gubernamentales.<\/p>\n<p>La Asociaci\u00f3n Euromediterr\u00e1nea tambi\u00e9n defender\u00e1 el ferrocarril euromediterr\u00e1neo, proyectos europeos para el desarrollo de la zona, el golfo y los &#8216;partners&#8217; \u00abestrat\u00e9gicos\u00bb.<\/p>\n<p>En las 12 ediciones anteriores del Foro Mediterr\u00e1neo, de 2003 a 2014, ha contado con la participaci\u00f3n de 8.250 empresas, que han realizado 12.500 contactos comerciales.<\/p>\n","protected":false},"excerpt":{"rendered":"<p>El Foro Mediterr\u00e1neo de Log\u00edstica y Transporte, que se celebra del martes al mi\u00e9rcoles en el marco del XVII Sal\u00f3n Internacional de la Log\u00edstica y la Manutenci\u00f3n de Barcelona (SIL), pondr\u00e1 en marcha la Asociaci\u00f3n Euromediterr\u00e1nea que reivindicar\u00e1 una mayor integraci\u00f3n para un mercado \u00fanico mediterr\u00e1neo. Participar\u00e1n en el encuentro la asociaci\u00f3n de c\u00e1maras de<\/p>\n","protected":false},"author":1,"featured_media":39173,"comment_status":"open","ping_status":"closed","sticky":false,"template":"","format":"standard","meta":{"footnotes":""},"categories":[222],"tags":[],"class_list":{"0":"post-39203","1":"post","2":"type-post","3":"status-publish","4":"format-standard","5":"has-post-thumbnail","7":"category-actualidad-turismo"},"aioseo_notices":[],"aioseo_head":"\n\t\t<!-- All in One SEO Pro 4.9.6.1 - aioseo.com -->\n\t<meta name=\"description\" content=\"El Foro Mediterr\u00e1neo de Log\u00edstica y Transporte, que se celebra del martes al mi\u00e9rcoles en el marco del XVII Sal\u00f3n Internacional de la Log\u00edstica y la Manutenci\u00f3n de Barcelona (SIL), pondr\u00e1 en marcha la Asociaci\u00f3n Euromediterr\u00e1nea que reivindicar\u00e1 una mayor integraci\u00f3n para un mercado \u00fanico mediterr\u00e1neo. Participar\u00e1n en el encuentro la asociaci\u00f3n de c\u00e1maras de\" \/>\n\t<meta name=\"robots\" content=\"max-image-preview:large\" \/>\n\t<meta name=\"author\" content=\"admin\"\/>\n\t<meta name=\"google-site-verification\" content=\"UA-38556648-1\" \/>\n\t<meta name=\"keywords\" content=\"actualidad turismo\" \/>\n\t<link rel=\"canonical\" href=\"https:\/\/eldigitaldeasturias.com\/magazine365\/el-foro-mediterraneo-de-logistica-y-transporte-crea-la-asociacion-euromediterranea\/\" \/>\n\t<meta name=\"generator\" content=\"All in One SEO Pro (AIOSEO) 4.9.6.1\" \/>\n\t\t<meta property=\"og:locale\" content=\"es_ES\" \/>\n\t\t<meta property=\"og:site_name\" content=\"El Digital de Asturias \u2013 Revista de ocio, turismo y estilo de vida\" \/>\n\t\t<meta property=\"og:type\" content=\"article\" \/>\n\t\t<meta property=\"og:title\" content=\"El Foro Mediterr\u00e1neo de Log\u00edstica y Transporte crea la Asociaci\u00f3n Euromediterr\u00e1nea | El Digital de Asturias\" \/>\n\t\t<meta property=\"og:description\" content=\"El Foro Mediterr\u00e1neo de Log\u00edstica y Transporte, que se celebra del martes al mi\u00e9rcoles en el marco del XVII Sal\u00f3n Internacional de la Log\u00edstica y la Manutenci\u00f3n de Barcelona (SIL), pondr\u00e1 en marcha la Asociaci\u00f3n Euromediterr\u00e1nea que reivindicar\u00e1 una mayor integraci\u00f3n para un mercado \u00fanico mediterr\u00e1neo. Participar\u00e1n en el encuentro la asociaci\u00f3n de c\u00e1maras de\" \/>\n\t\t<meta property=\"og:url\" content=\"https:\/\/eldigitaldeasturias.com\/magazine365\/el-foro-mediterraneo-de-logistica-y-transporte-crea-la-asociacion-euromediterranea\/\" \/>\n\t\t<meta property=\"og:image\" content=\"https:\/\/eldigitaldeasturias.com\/magazine365\/wp-content\/uploads\/2015\/06\/fotonoticia_20150608144420_800.jpg\" \/>\n\t\t<meta property=\"og:image:secure_url\" content=\"https:\/\/eldigitaldeasturias.com\/magazine365\/wp-content\/uploads\/2015\/06\/fotonoticia_20150608144420_800.jpg\" \/>\n\t\t<meta property=\"og:image:width\" content=\"800\" \/>\n\t\t<meta property=\"og:image:height\" content=\"530\" \/>\n\t\t<meta property=\"article:published_time\" content=\"2015-06-09T03:50:24+00:00\" \/>\n\t\t<meta property=\"article:modified_time\" content=\"2015-06-09T03:50:24+00:00\" \/>\n\t\t<meta name=\"twitter:card\" content=\"summary_large_image\" \/>\n\t\t<meta name=\"twitter:title\" content=\"El Foro Mediterr\u00e1neo de Log\u00edstica y Transporte crea la Asociaci\u00f3n Euromediterr\u00e1nea | El Digital de Asturias\" \/>\n\t\t<meta name=\"twitter:description\" content=\"El Foro Mediterr\u00e1neo de Log\u00edstica y Transporte, que se celebra del martes al mi\u00e9rcoles en el marco del XVII Sal\u00f3n Internacional de la Log\u00edstica y la Manutenci\u00f3n de Barcelona (SIL), pondr\u00e1 en marcha la Asociaci\u00f3n Euromediterr\u00e1nea que reivindicar\u00e1 una mayor integraci\u00f3n para un mercado \u00fanico mediterr\u00e1neo. Participar\u00e1n en el encuentro la asociaci\u00f3n de c\u00e1maras de\" \/>\n\t\t<meta name=\"twitter:image\" content=\"https:\/\/eldigitaldeasturias.com\/magazine365\/wp-content\/uploads\/2015\/06\/fotonoticia_20150608144420_800.jpg\" \/>\n\t\t<script type=\"application\/ld+json\" class=\"aioseo-schema\">\n\t\t\t{\"@context\":\"https:\\\/\\\/schema.org\",\"@graph\":[{\"@type\":\"Article\",\"@id\":\"https:\\\/\\\/eldigitaldeasturias.com\\\/magazine365\\\/el-foro-mediterraneo-de-logistica-y-transporte-crea-la-asociacion-euromediterranea\\\/#article\",\"name\":\"El Foro Mediterr\\u00e1neo de Log\\u00edstica y Transporte crea la Asociaci\\u00f3n Euromediterr\\u00e1nea | El Digital de Asturias\",\"headline\":\"El Foro Mediterr\\u00e1neo de Log\\u00edstica y Transporte crea la Asociaci\\u00f3n Euromediterr\\u00e1nea\",\"author\":{\"@id\":\"https:\\\/\\\/eldigitaldeasturias.com\\\/magazine365\\\/author\\\/admin\\\/#author\"},\"publisher\":{\"@id\":\"https:\\\/\\\/eldigitaldeasturias.com\\\/magazine365\\\/#organization\"},\"image\":{\"@type\":\"ImageObject\",\"url\":\"https:\\\/\\\/eldigitaldeasturias.com\\\/magazine365\\\/wp-content\\\/uploads\\\/2015\\\/06\\\/fotonoticia_20150608144420_800.jpg\",\"width\":800,\"height\":530},\"datePublished\":\"2015-06-09T05:20:24+02:00\",\"dateModified\":\"2015-06-09T05:20:24+02:00\",\"inLanguage\":\"es-ES\",\"mainEntityOfPage\":{\"@id\":\"https:\\\/\\\/eldigitaldeasturias.com\\\/magazine365\\\/el-foro-mediterraneo-de-logistica-y-transporte-crea-la-asociacion-euromediterranea\\\/#webpage\"},\"isPartOf\":{\"@id\":\"https:\\\/\\\/eldigitaldeasturias.com\\\/magazine365\\\/el-foro-mediterraneo-de-logistica-y-transporte-crea-la-asociacion-euromediterranea\\\/#webpage\"},\"articleSection\":\"Actualidad Turismo\"},{\"@type\":\"BreadcrumbList\",\"@id\":\"https:\\\/\\\/eldigitaldeasturias.com\\\/magazine365\\\/el-foro-mediterraneo-de-logistica-y-transporte-crea-la-asociacion-euromediterranea\\\/#breadcrumblist\",\"itemListElement\":[{\"@type\":\"ListItem\",\"@id\":\"https:\\\/\\\/eldigitaldeasturias.com\\\/magazine365#listItem\",\"position\":1,\"name\":\"Home\",\"item\":\"https:\\\/\\\/eldigitaldeasturias.com\\\/magazine365\",\"nextItem\":{\"@type\":\"ListItem\",\"@id\":\"https:\\\/\\\/eldigitaldeasturias.com\\\/magazine365\\\/category\\\/actualidad-turismo\\\/#listItem\",\"name\":\"Actualidad Turismo\"}},{\"@type\":\"ListItem\",\"@id\":\"https:\\\/\\\/eldigitaldeasturias.com\\\/magazine365\\\/category\\\/actualidad-turismo\\\/#listItem\",\"position\":2,\"name\":\"Actualidad Turismo\",\"item\":\"https:\\\/\\\/eldigitaldeasturias.com\\\/magazine365\\\/category\\\/actualidad-turismo\\\/\",\"nextItem\":{\"@type\":\"ListItem\",\"@id\":\"https:\\\/\\\/eldigitaldeasturias.com\\\/magazine365\\\/el-foro-mediterraneo-de-logistica-y-transporte-crea-la-asociacion-euromediterranea\\\/#listItem\",\"name\":\"El Foro Mediterr\\u00e1neo de Log\\u00edstica y Transporte crea la Asociaci\\u00f3n Euromediterr\\u00e1nea\"},\"previousItem\":{\"@type\":\"ListItem\",\"@id\":\"https:\\\/\\\/eldigitaldeasturias.com\\\/magazine365#listItem\",\"name\":\"Home\"}},{\"@type\":\"ListItem\",\"@id\":\"https:\\\/\\\/eldigitaldeasturias.com\\\/magazine365\\\/el-foro-mediterraneo-de-logistica-y-transporte-crea-la-asociacion-euromediterranea\\\/#listItem\",\"position\":3,\"name\":\"El Foro Mediterr\\u00e1neo de Log\\u00edstica y Transporte crea la Asociaci\\u00f3n Euromediterr\\u00e1nea\",\"previousItem\":{\"@type\":\"ListItem\",\"@id\":\"https:\\\/\\\/eldigitaldeasturias.com\\\/magazine365\\\/category\\\/actualidad-turismo\\\/#listItem\",\"name\":\"Actualidad Turismo\"}}]},{\"@type\":\"Organization\",\"@id\":\"https:\\\/\\\/eldigitaldeasturias.com\\\/magazine365\\\/#organization\",\"name\":\"El digital de Asturias\",\"description\":\"Revista de ocio, turismo y estilo de vida\",\"url\":\"https:\\\/\\\/eldigitaldeasturias.com\\\/magazine365\\\/\",\"logo\":{\"@type\":\"ImageObject\",\"url\":\"https:\\\/\\\/www.eldigitaldeasturias.com\\\/noticias\\\/wp-content\\\/uploads\\\/2020\\\/12\\\/EDA.jpg\",\"@id\":\"https:\\\/\\\/eldigitaldeasturias.com\\\/magazine365\\\/el-foro-mediterraneo-de-logistica-y-transporte-crea-la-asociacion-euromediterranea\\\/#organizationLogo\"},\"image\":{\"@id\":\"https:\\\/\\\/eldigitaldeasturias.com\\\/magazine365\\\/el-foro-mediterraneo-de-logistica-y-transporte-crea-la-asociacion-euromediterranea\\\/#organizationLogo\"}},{\"@type\":\"Person\",\"@id\":\"https:\\\/\\\/eldigitaldeasturias.com\\\/magazine365\\\/author\\\/admin\\\/#author\",\"url\":\"https:\\\/\\\/eldigitaldeasturias.com\\\/magazine365\\\/author\\\/admin\\\/\",\"name\":\"admin\",\"image\":{\"@type\":\"ImageObject\",\"@id\":\"https:\\\/\\\/eldigitaldeasturias.com\\\/magazine365\\\/el-foro-mediterraneo-de-logistica-y-transporte-crea-la-asociacion-euromediterranea\\\/#authorImage\",\"url\":\"https:\\\/\\\/eldigitaldeasturias.com\\\/magazine365\\\/wp-content\\\/litespeed\\\/avatar\\\/e571bcf59a0edd6fa6838245a470f2fe.jpg?ver=1776969259\",\"width\":96,\"height\":96,\"caption\":\"admin\"}},{\"@type\":\"WebPage\",\"@id\":\"https:\\\/\\\/eldigitaldeasturias.com\\\/magazine365\\\/el-foro-mediterraneo-de-logistica-y-transporte-crea-la-asociacion-euromediterranea\\\/#webpage\",\"url\":\"https:\\\/\\\/eldigitaldeasturias.com\\\/magazine365\\\/el-foro-mediterraneo-de-logistica-y-transporte-crea-la-asociacion-euromediterranea\\\/\",\"name\":\"El Foro Mediterr\\u00e1neo de Log\\u00edstica y Transporte crea la Asociaci\\u00f3n Euromediterr\\u00e1nea | El Digital de Asturias\",\"description\":\"El Foro Mediterr\\u00e1neo de Log\\u00edstica y Transporte, que se celebra del martes al mi\\u00e9rcoles en el marco del XVII Sal\\u00f3n Internacional de la Log\\u00edstica y la Manutenci\\u00f3n de Barcelona (SIL), pondr\\u00e1 en marcha la Asociaci\\u00f3n Euromediterr\\u00e1nea que reivindicar\\u00e1 una mayor integraci\\u00f3n para un mercado \\u00fanico mediterr\\u00e1neo. Participar\\u00e1n en el encuentro la asociaci\\u00f3n de c\\u00e1maras de\",\"inLanguage\":\"es-ES\",\"isPartOf\":{\"@id\":\"https:\\\/\\\/eldigitaldeasturias.com\\\/magazine365\\\/#website\"},\"breadcrumb\":{\"@id\":\"https:\\\/\\\/eldigitaldeasturias.com\\\/magazine365\\\/el-foro-mediterraneo-de-logistica-y-transporte-crea-la-asociacion-euromediterranea\\\/#breadcrumblist\"},\"author\":{\"@id\":\"https:\\\/\\\/eldigitaldeasturias.com\\\/magazine365\\\/author\\\/admin\\\/#author\"},\"creator\":{\"@id\":\"https:\\\/\\\/eldigitaldeasturias.com\\\/magazine365\\\/author\\\/admin\\\/#author\"},\"image\":{\"@type\":\"ImageObject\",\"url\":\"https:\\\/\\\/eldigitaldeasturias.com\\\/magazine365\\\/wp-content\\\/uploads\\\/2015\\\/06\\\/fotonoticia_20150608144420_800.jpg\",\"@id\":\"https:\\\/\\\/eldigitaldeasturias.com\\\/magazine365\\\/el-foro-mediterraneo-de-logistica-y-transporte-crea-la-asociacion-euromediterranea\\\/#mainImage\",\"width\":800,\"height\":530},\"primaryImageOfPage\":{\"@id\":\"https:\\\/\\\/eldigitaldeasturias.com\\\/magazine365\\\/el-foro-mediterraneo-de-logistica-y-transporte-crea-la-asociacion-euromediterranea\\\/#mainImage\"},\"datePublished\":\"2015-06-09T05:20:24+02:00\",\"dateModified\":\"2015-06-09T05:20:24+02:00\"},{\"@type\":\"WebSite\",\"@id\":\"https:\\\/\\\/eldigitaldeasturias.com\\\/magazine365\\\/#website\",\"url\":\"https:\\\/\\\/eldigitaldeasturias.com\\\/magazine365\\\/\",\"name\":\"El Digital de Asturias\",\"description\":\"Revista de ocio, turismo y estilo de vida\",\"inLanguage\":\"es-ES\",\"publisher\":{\"@id\":\"https:\\\/\\\/eldigitaldeasturias.com\\\/magazine365\\\/#organization\"}}]}\n\t\t<\/script>\n\t\t<!-- All in One SEO Pro -->\r\n\t\t<title>El Foro Mediterr\u00e1neo de Log\u00edstica y Transporte crea la Asociaci\u00f3n Euromediterr\u00e1nea | El Digital de Asturias<\/title>\n\n","aioseo_head_json":{"title":"El Foro Mediterr\u00e1neo de Log\u00edstica y Transporte crea la Asociaci\u00f3n Euromediterr\u00e1nea | El Digital de Asturias","description":"El Foro Mediterr\u00e1neo de Log\u00edstica y Transporte, que se celebra del martes al mi\u00e9rcoles en el marco del XVII Sal\u00f3n Internacional de la Log\u00edstica y la Manutenci\u00f3n de Barcelona (SIL), pondr\u00e1 en marcha la Asociaci\u00f3n Euromediterr\u00e1nea que reivindicar\u00e1 una mayor integraci\u00f3n para un mercado \u00fanico mediterr\u00e1neo. Participar\u00e1n en el encuentro la asociaci\u00f3n de c\u00e1maras de","canonical_url":"https:\/\/eldigitaldeasturias.com\/magazine365\/el-foro-mediterraneo-de-logistica-y-transporte-crea-la-asociacion-euromediterranea\/","robots":"max-image-preview:large","keywords":"actualidad turismo","webmasterTools":{"google-site-verification":"UA-38556648-1","miscellaneous":""},"schema":{"@context":"https:\/\/schema.org","@graph":[{"@type":"Article","@id":"https:\/\/eldigitaldeasturias.com\/magazine365\/el-foro-mediterraneo-de-logistica-y-transporte-crea-la-asociacion-euromediterranea\/#article","name":"El Foro Mediterr\u00e1neo de Log\u00edstica y Transporte crea la Asociaci\u00f3n Euromediterr\u00e1nea | El Digital de Asturias","headline":"El Foro Mediterr\u00e1neo de Log\u00edstica y Transporte crea la Asociaci\u00f3n Euromediterr\u00e1nea","author":{"@id":"https:\/\/eldigitaldeasturias.com\/magazine365\/author\/admin\/#author"},"publisher":{"@id":"https:\/\/eldigitaldeasturias.com\/magazine365\/#organization"},"image":{"@type":"ImageObject","url":"https:\/\/eldigitaldeasturias.com\/magazine365\/wp-content\/uploads\/2015\/06\/fotonoticia_20150608144420_800.jpg","width":800,"height":530},"datePublished":"2015-06-09T05:20:24+02:00","dateModified":"2015-06-09T05:20:24+02:00","inLanguage":"es-ES","mainEntityOfPage":{"@id":"https:\/\/eldigitaldeasturias.com\/magazine365\/el-foro-mediterraneo-de-logistica-y-transporte-crea-la-asociacion-euromediterranea\/#webpage"},"isPartOf":{"@id":"https:\/\/eldigitaldeasturias.com\/magazine365\/el-foro-mediterraneo-de-logistica-y-transporte-crea-la-asociacion-euromediterranea\/#webpage"},"articleSection":"Actualidad Turismo"},{"@type":"BreadcrumbList","@id":"https:\/\/eldigitaldeasturias.com\/magazine365\/el-foro-mediterraneo-de-logistica-y-transporte-crea-la-asociacion-euromediterranea\/#breadcrumblist","itemListElement":[{"@type":"ListItem","@id":"https:\/\/eldigitaldeasturias.com\/magazine365#listItem","position":1,"name":"Home","item":"https:\/\/eldigitaldeasturias.com\/magazine365","nextItem":{"@type":"ListItem","@id":"https:\/\/eldigitaldeasturias.com\/magazine365\/category\/actualidad-turismo\/#listItem","name":"Actualidad Turismo"}},{"@type":"ListItem","@id":"https:\/\/eldigitaldeasturias.com\/magazine365\/category\/actualidad-turismo\/#listItem","position":2,"name":"Actualidad Turismo","item":"https:\/\/eldigitaldeasturias.com\/magazine365\/category\/actualidad-turismo\/","nextItem":{"@type":"ListItem","@id":"https:\/\/eldigitaldeasturias.com\/magazine365\/el-foro-mediterraneo-de-logistica-y-transporte-crea-la-asociacion-euromediterranea\/#listItem","name":"El Foro Mediterr\u00e1neo de Log\u00edstica y Transporte crea la Asociaci\u00f3n Euromediterr\u00e1nea"},"previousItem":{"@type":"ListItem","@id":"https:\/\/eldigitaldeasturias.com\/magazine365#listItem","name":"Home"}},{"@type":"ListItem","@id":"https:\/\/eldigitaldeasturias.com\/magazine365\/el-foro-mediterraneo-de-logistica-y-transporte-crea-la-asociacion-euromediterranea\/#listItem","position":3,"name":"El Foro Mediterr\u00e1neo de Log\u00edstica y Transporte crea la Asociaci\u00f3n Euromediterr\u00e1nea","previousItem":{"@type":"ListItem","@id":"https:\/\/eldigitaldeasturias.com\/magazine365\/category\/actualidad-turismo\/#listItem","name":"Actualidad Turismo"}}]},{"@type":"Organization","@id":"https:\/\/eldigitaldeasturias.com\/magazine365\/#organization","name":"El digital de Asturias","description":"Revista de ocio, turismo y estilo de vida","url":"https:\/\/eldigitaldeasturias.com\/magazine365\/","logo":{"@type":"ImageObject","url":"https:\/\/www.eldigitaldeasturias.com\/noticias\/wp-content\/uploads\/2020\/12\/EDA.jpg","@id":"https:\/\/eldigitaldeasturias.com\/magazine365\/el-foro-mediterraneo-de-logistica-y-transporte-crea-la-asociacion-euromediterranea\/#organizationLogo"},"image":{"@id":"https:\/\/eldigitaldeasturias.com\/magazine365\/el-foro-mediterraneo-de-logistica-y-transporte-crea-la-asociacion-euromediterranea\/#organizationLogo"}},{"@type":"Person","@id":"https:\/\/eldigitaldeasturias.com\/magazine365\/author\/admin\/#author","url":"https:\/\/eldigitaldeasturias.com\/magazine365\/author\/admin\/","name":"admin","image":{"@type":"ImageObject","@id":"https:\/\/eldigitaldeasturias.com\/magazine365\/el-foro-mediterraneo-de-logistica-y-transporte-crea-la-asociacion-euromediterranea\/#authorImage","url":"https:\/\/eldigitaldeasturias.com\/magazine365\/wp-content\/litespeed\/avatar\/e571bcf59a0edd6fa6838245a470f2fe.jpg?ver=1776969259","width":96,"height":96,"caption":"admin"}},{"@type":"WebPage","@id":"https:\/\/eldigitaldeasturias.com\/magazine365\/el-foro-mediterraneo-de-logistica-y-transporte-crea-la-asociacion-euromediterranea\/#webpage","url":"https:\/\/eldigitaldeasturias.com\/magazine365\/el-foro-mediterraneo-de-logistica-y-transporte-crea-la-asociacion-euromediterranea\/","name":"El Foro Mediterr\u00e1neo de Log\u00edstica y Transporte crea la Asociaci\u00f3n Euromediterr\u00e1nea | El Digital de Asturias","description":"El Foro Mediterr\u00e1neo de Log\u00edstica y Transporte, que se celebra del martes al mi\u00e9rcoles en el marco del XVII Sal\u00f3n Internacional de la Log\u00edstica y la Manutenci\u00f3n de Barcelona (SIL), pondr\u00e1 en marcha la Asociaci\u00f3n Euromediterr\u00e1nea que reivindicar\u00e1 una mayor integraci\u00f3n para un mercado \u00fanico mediterr\u00e1neo. Participar\u00e1n en el encuentro la asociaci\u00f3n de c\u00e1maras de","inLanguage":"es-ES","isPartOf":{"@id":"https:\/\/eldigitaldeasturias.com\/magazine365\/#website"},"breadcrumb":{"@id":"https:\/\/eldigitaldeasturias.com\/magazine365\/el-foro-mediterraneo-de-logistica-y-transporte-crea-la-asociacion-euromediterranea\/#breadcrumblist"},"author":{"@id":"https:\/\/eldigitaldeasturias.com\/magazine365\/author\/admin\/#author"},"creator":{"@id":"https:\/\/eldigitaldeasturias.com\/magazine365\/author\/admin\/#author"},"image":{"@type":"ImageObject","url":"https:\/\/eldigitaldeasturias.com\/magazine365\/wp-content\/uploads\/2015\/06\/fotonoticia_20150608144420_800.jpg","@id":"https:\/\/eldigitaldeasturias.com\/magazine365\/el-foro-mediterraneo-de-logistica-y-transporte-crea-la-asociacion-euromediterranea\/#mainImage","width":800,"height":530},"primaryImageOfPage":{"@id":"https:\/\/eldigitaldeasturias.com\/magazine365\/el-foro-mediterraneo-de-logistica-y-transporte-crea-la-asociacion-euromediterranea\/#mainImage"},"datePublished":"2015-06-09T05:20:24+02:00","dateModified":"2015-06-09T05:20:24+02:00"},{"@type":"WebSite","@id":"https:\/\/eldigitaldeasturias.com\/magazine365\/#website","url":"https:\/\/eldigitaldeasturias.com\/magazine365\/","name":"El Digital de Asturias","description":"Revista de ocio, turismo y estilo de vida","inLanguage":"es-ES","publisher":{"@id":"https:\/\/eldigitaldeasturias.com\/magazine365\/#organization"}}]},"og:locale":"es_ES","og:site_name":"El Digital de Asturias \u2013 Revista de ocio, turismo y estilo de vida","og:type":"article","og:title":"El Foro Mediterr\u00e1neo de Log\u00edstica y Transporte crea la Asociaci\u00f3n Euromediterr\u00e1nea | El Digital de Asturias","og:description":"El Foro Mediterr\u00e1neo de Log\u00edstica y Transporte, que se celebra del martes al mi\u00e9rcoles en el marco del XVII Sal\u00f3n Internacional de la Log\u00edstica y la Manutenci\u00f3n de Barcelona (SIL), pondr\u00e1 en marcha la Asociaci\u00f3n Euromediterr\u00e1nea que reivindicar\u00e1 una mayor integraci\u00f3n para un mercado \u00fanico mediterr\u00e1neo. Participar\u00e1n en el encuentro la asociaci\u00f3n de c\u00e1maras de","og:url":"https:\/\/eldigitaldeasturias.com\/magazine365\/el-foro-mediterraneo-de-logistica-y-transporte-crea-la-asociacion-euromediterranea\/","og:image":"https:\/\/eldigitaldeasturias.com\/magazine365\/wp-content\/uploads\/2015\/06\/fotonoticia_20150608144420_800.jpg","og:image:secure_url":"https:\/\/eldigitaldeasturias.com\/magazine365\/wp-content\/uploads\/2015\/06\/fotonoticia_20150608144420_800.jpg","og:image:width":800,"og:image:height":530,"article:published_time":"2015-06-09T03:50:24+00:00","article:modified_time":"2015-06-09T03:50:24+00:00","twitter:card":"summary_large_image","twitter:title":"El Foro Mediterr\u00e1neo de Log\u00edstica y Transporte crea la Asociaci\u00f3n Euromediterr\u00e1nea | El Digital de Asturias","twitter:description":"El Foro Mediterr\u00e1neo de Log\u00edstica y Transporte, que se celebra del martes al mi\u00e9rcoles en el marco del XVII Sal\u00f3n Internacional de la Log\u00edstica y la Manutenci\u00f3n de Barcelona (SIL), pondr\u00e1 en marcha la Asociaci\u00f3n Euromediterr\u00e1nea que reivindicar\u00e1 una mayor integraci\u00f3n para un mercado \u00fanico mediterr\u00e1neo. Participar\u00e1n en el encuentro la asociaci\u00f3n de c\u00e1maras de","twitter:image":"https:\/\/eldigitaldeasturias.com\/magazine365\/wp-content\/uploads\/2015\/06\/fotonoticia_20150608144420_800.jpg"},"aioseo_meta_data":{"post_id":"39203","title":null,"description":null,"keywords":null,"keyphrases":null,"primary_term":null,"canonical_url":null,"og_title":null,"og_description":null,"og_object_type":"default","og_image_type":"default","og_image_url":null,"og_image_width":null,"og_image_height":null,"og_image_custom_url":null,"og_image_custom_fields":null,"og_video":null,"og_custom_url":null,"og_article_section":null,"og_article_tags":null,"twitter_use_og":false,"twitter_card":"default","twitter_image_type":"default","twitter_image_url":null,"twitter_image_custom_url":null,"twitter_image_custom_fields":null,"twitter_title":null,"twitter_description":null,"schema":{"blockGraphs":[],"customGraphs":[],"default":{"data":{"Article":[],"Course":[],"Dataset":[],"FAQPage":[],"Movie":[],"Person":[],"Product":[],"ProductReview":[],"Car":[],"Recipe":[],"Service":[],"SoftwareApplication":[],"WebPage":[]},"graphName":"","isEnabled":true},"graphs":[],"defaultGraph":"","defaultPostTypeGraph":""},"schema_type":null,"schema_type_options":null,"pillar_content":false,"robots_default":true,"robots_noindex":false,"robots_noarchive":false,"robots_nosnippet":false,"robots_nofollow":false,"robots_noimageindex":false,"robots_noodp":false,"robots_notranslate":false,"robots_max_snippet":null,"robots_max_videopreview":null,"robots_max_imagepreview":"large","priority":null,"frequency":null,"location":null,"local_seo":null,"seo_analyzer_scan_date":"2025-09-19 11:11:04","breadcrumb_settings":null,"limit_modified_date":false,"open_ai":null,"ai":null,"created":"2021-03-09 02:43:40","updated":"2025-09-19 11:11:04"},"aioseo_breadcrumb":"<div class=\"aioseo-breadcrumbs\"><span class=\"aioseo-breadcrumb\">\n\t<a href=\"https:\/\/eldigitaldeasturias.com\/magazine365\" title=\"Home\">Home<\/a>\n<\/span><span class=\"aioseo-breadcrumb-separator\">\u2013<\/span><span class=\"aioseo-breadcrumb\">\n\t<a href=\"https:\/\/eldigitaldeasturias.com\/magazine365\/category\/actualidad-turismo\/\" title=\"Actualidad Turismo\">Actualidad Turismo<\/a>\n<\/span><span class=\"aioseo-breadcrumb-separator\">\u2013<\/span><span class=\"aioseo-breadcrumb\">\n\t<a href=\"https:\/\/eldigitaldeasturias.com\/magazine365\/el-foro-mediterraneo-de-logistica-y-transporte-crea-la-asociacion-euromediterranea\/\" title=\"El Foro Mediterr\u00e1neo de Log\u00edstica y Transporte crea la Asociaci\u00f3n Euromediterr\u00e1nea\">El Foro Mediterr\u00e1neo de Log\u00edstica y Transporte crea la Asociaci\u00f3n Euromediterr\u00e1nea<\/a>\n<\/span><\/div>","aioseo_breadcrumb_json":[{"label":"Home","link":"https:\/\/eldigitaldeasturias.com\/magazine365"},{"label":"Actualidad Turismo","link":"https:\/\/eldigitaldeasturias.com\/magazine365\/category\/actualidad-turismo\/"},{"label":"El Foro Mediterr\u00e1neo de Log\u00edstica y Transporte crea la Asociaci\u00f3n Euromediterr\u00e1nea","link":"https:\/\/eldigitaldeasturias.com\/magazine365\/el-foro-mediterraneo-de-logistica-y-transporte-crea-la-asociacion-euromediterranea\/"}],"_links":{"self":[{"href":"https:\/\/eldigitaldeasturias.com\/magazine365\/wp-json\/wp\/v2\/posts\/39203","targetHints":{"allow":["GET"]}}],"collection":[{"href":"https:\/\/eldigitaldeasturias.com\/magazine365\/wp-json\/wp\/v2\/posts"}],"about":[{"href":"https:\/\/eldigitaldeasturias.com\/magazine365\/wp-json\/wp\/v2\/types\/post"}],"author":[{"embeddable":true,"href":"https:\/\/eldigitaldeasturias.com\/magazine365\/wp-json\/wp\/v2\/users\/1"}],"replies":[{"embeddable":true,"href":"https:\/\/eldigitaldeasturias.com\/magazine365\/wp-json\/wp\/v2\/comments?post=39203"}],"version-history":[{"count":0,"href":"https:\/\/eldigitaldeasturias.com\/magazine365\/wp-json\/wp\/v2\/posts\/39203\/revisions"}],"wp:featuredmedia":[{"embeddable":true,"href":"https:\/\/eldigitaldeasturias.com\/magazine365\/wp-json\/wp\/v2\/media\/39173"}],"wp:attachment":[{"href":"https:\/\/eldigitaldeasturias.com\/magazine365\/wp-json\/wp\/v2\/media?parent=39203"}],"wp:term":[{"taxonomy":"category","embeddable":true,"href":"https:\/\/eldigitaldeasturias.com\/magazine365\/wp-json\/wp\/v2\/categories?post=39203"},{"taxonomy":"post_tag","embeddable":true,"href":"https:\/\/eldigitaldeasturias.com\/magazine365\/wp-json\/wp\/v2\/tags?post=39203"}],"curies":[{"name":"wp","href":"https:\/\/api.w.org\/{rel}","templated":true}]}}