{"id":39194,"date":"2015-06-09T05:15:08","date_gmt":"2015-06-09T03:45:08","guid":{"rendered":"http:\/\/eldigitaldeasturias.com\/magazine365\/?p=39194"},"modified":"2015-06-09T05:15:08","modified_gmt":"2015-06-09T03:45:08","slug":"costa-de-almeria-organiza-una-visita-promocional-con-medios-daneses-y-touroperadores","status":"publish","type":"post","link":"https:\/\/eldigitaldeasturias.com\/magazine365\/costa-de-almeria-organiza-una-visita-promocional-con-medios-daneses-y-touroperadores\/","title":{"rendered":"&#8216;Costa de Almer\u00eda&#8217; organiza una visita promocional con medios daneses y touroperadores"},"content":{"rendered":"<p><img fetchpriority=\"high\" decoding=\"async\" class=\"alignleft size-medium wp-image-39195\" src=\"https:\/\/eldigitaldeasturias.com\/magazine365\/wp-content\/uploads\/2015\/06\/almeria1-360x240.jpg\" alt=\"almeria\" width=\"360\" height=\"240\" srcset=\"https:\/\/eldigitaldeasturias.com\/magazine365\/wp-content\/uploads\/2015\/06\/almeria1-360x240.jpg 360w, https:\/\/eldigitaldeasturias.com\/magazine365\/wp-content\/uploads\/2015\/06\/almeria1-650x433.jpg 650w, https:\/\/eldigitaldeasturias.com\/magazine365\/wp-content\/uploads\/2015\/06\/almeria1-768x512.jpg 768w, https:\/\/eldigitaldeasturias.com\/magazine365\/wp-content\/uploads\/2015\/06\/almeria1-150x100.jpg 150w, https:\/\/eldigitaldeasturias.com\/magazine365\/wp-content\/uploads\/2015\/06\/almeria1-450x300.jpg 450w, https:\/\/eldigitaldeasturias.com\/magazine365\/wp-content\/uploads\/2015\/06\/almeria1-696x464.jpg 696w, https:\/\/eldigitaldeasturias.com\/magazine365\/wp-content\/uploads\/2015\/06\/almeria1-630x420.jpg 630w, https:\/\/eldigitaldeasturias.com\/magazine365\/wp-content\/uploads\/2015\/06\/almeria1-84x55.jpg 84w, https:\/\/eldigitaldeasturias.com\/magazine365\/wp-content\/uploads\/2015\/06\/almeria1.jpg 800w\" sizes=\"(max-width: 360px) 100vw, 360px\" \/>El Servicio Provincial de Turismo de la Diputaci\u00f3n de Almer\u00eda ha puesto en marcha una campa\u00f1a de promoci\u00f3n tur\u00edstica online con el touroperador dan\u00e9s Bravo Tours en la que tambi\u00e9n han participado varios medios de comunicaci\u00f3n del pa\u00eds a trav\u00e9s de una visita promocional puesta en marcha en colaboraci\u00f3n con la Oficina Espa\u00f1ola de Turismo de Copenhague.<\/p>\n<p>El objetivo es incrementar la presencia y peso espec\u00edfico del destino almeriense en este mercado y mejorar su posicionamiento. As\u00ed, para potenciar la oferta, la Diputaci\u00f3n ha trabajado estrechamente con Turespa\u00f1a a fin de identificar y llegar a los destinos n\u00f3rdicos.<\/p>\n<p>El touroperador Bravo Tours ha valorado las caracter\u00edsticas de la provincia y ha contactado con el Servicio Provincial de Turismo de la Diputaci\u00f3n para realizar una campa\u00f1a de promoci\u00f3n tur\u00edstica online bajo los portales www.jv.dk y www.bt.dk en los que se instalar\u00e1 un banner con el que promocionar &#8216;Costa de Almer\u00eda&#8217; como destino tur\u00edstico.<\/p>\n<p>Adem\u00e1s, esta acci\u00f3n tendr\u00e1 tambi\u00e9n presencia en la televisi\u00f3n danesa con la promoci\u00f3n de banner sobre la oferta tur\u00edstica de la provincia en la TV2 durante al menos, tres semanas, seg\u00fan indica la Diputaci\u00f3n en una nota.<\/p>\n<p>Como refuerzo a esta iniciativa, el Servicio Provincial de Turismo de Almer\u00eda, en colaboraci\u00f3n de la OET de Copenhague, ha recibido la visita de un &#8216;presstrip&#8217; compuesto por cinco periodistas de los diarios nacionales Berlingske (Rejseliv) y BT; el suplemento de viajes del diario nacional Jyllandsposten (Rejser) y Ekstra Bladet (Ferie); y las revistas Jydske Vestkysten y Femina. El grupo que lleg\u00f3 este domingo comenz\u00f3 una intensa agenda de visitas por la geograf\u00eda almeriense que concluye el pr\u00f3ximo d\u00eda 10.<\/p>\n<p>La delegaci\u00f3n danesa estar\u00e1 acompa\u00f1ada por el director general de Bravo Tours, Peder Hornshoj, y por el departamento de prensa de la compa\u00f1\u00eda. Los participantes conocer\u00e1n las zonas de Poniente, Levante, la capital, Cabo de Gata y el desierto de Tabernas.<\/p>\n","protected":false},"excerpt":{"rendered":"<p>El Servicio Provincial de Turismo de la Diputaci\u00f3n de Almer\u00eda ha puesto en marcha una campa\u00f1a de promoci\u00f3n tur\u00edstica online con el touroperador dan\u00e9s Bravo Tours en la que tambi\u00e9n han participado varios medios de comunicaci\u00f3n del pa\u00eds a trav\u00e9s de una visita promocional puesta en marcha en colaboraci\u00f3n con la Oficina Espa\u00f1ola de Turismo<\/p>\n","protected":false},"author":1,"featured_media":39195,"comment_status":"open","ping_status":"closed","sticky":false,"template":"","format":"standard","meta":{"footnotes":""},"categories":[222],"tags":[],"class_list":{"0":"post-39194","1":"post","2":"type-post","3":"status-publish","4":"format-standard","5":"has-post-thumbnail","7":"category-actualidad-turismo"},"aioseo_notices":[],"aioseo_head":"\n\t\t<!-- All in One SEO Pro 4.9.6.1 - aioseo.com -->\n\t<meta name=\"description\" content=\"El Servicio Provincial de Turismo de la Diputaci\u00f3n de Almer\u00eda ha puesto en marcha una campa\u00f1a de promoci\u00f3n tur\u00edstica online con el touroperador dan\u00e9s Bravo Tours en la que tambi\u00e9n han participado varios medios de comunicaci\u00f3n del pa\u00eds a trav\u00e9s de una visita promocional puesta en marcha en colaboraci\u00f3n con la Oficina Espa\u00f1ola de Turismo\" \/>\n\t<meta name=\"robots\" content=\"max-image-preview:large\" \/>\n\t<meta name=\"author\" content=\"admin\"\/>\n\t<meta name=\"google-site-verification\" content=\"UA-38556648-1\" \/>\n\t<meta name=\"keywords\" content=\"actualidad turismo\" \/>\n\t<link rel=\"canonical\" href=\"https:\/\/eldigitaldeasturias.com\/magazine365\/costa-de-almeria-organiza-una-visita-promocional-con-medios-daneses-y-touroperadores\/\" \/>\n\t<meta name=\"generator\" content=\"All in One SEO Pro (AIOSEO) 4.9.6.1\" \/>\n\t\t<meta property=\"og:locale\" content=\"es_ES\" \/>\n\t\t<meta property=\"og:site_name\" content=\"El Digital de Asturias \u2013 Revista de ocio, turismo y estilo de vida\" \/>\n\t\t<meta property=\"og:type\" content=\"article\" \/>\n\t\t<meta property=\"og:title\" content=\"\u2018Costa de Almer\u00eda\u2019 organiza una visita promocional con medios daneses y touroperadores | El Digital de Asturias\" \/>\n\t\t<meta property=\"og:description\" content=\"El Servicio Provincial de Turismo de la Diputaci\u00f3n de Almer\u00eda ha puesto en marcha una campa\u00f1a de promoci\u00f3n tur\u00edstica online con el touroperador dan\u00e9s Bravo Tours en la que tambi\u00e9n han participado varios medios de comunicaci\u00f3n del pa\u00eds a trav\u00e9s de una visita promocional puesta en marcha en colaboraci\u00f3n con la Oficina Espa\u00f1ola de Turismo\" \/>\n\t\t<meta property=\"og:url\" content=\"https:\/\/eldigitaldeasturias.com\/magazine365\/costa-de-almeria-organiza-una-visita-promocional-con-medios-daneses-y-touroperadores\/\" \/>\n\t\t<meta property=\"og:image\" content=\"https:\/\/eldigitaldeasturias.com\/magazine365\/wp-content\/uploads\/2015\/06\/almeria1.jpg\" \/>\n\t\t<meta property=\"og:image:secure_url\" content=\"https:\/\/eldigitaldeasturias.com\/magazine365\/wp-content\/uploads\/2015\/06\/almeria1.jpg\" \/>\n\t\t<meta property=\"og:image:width\" content=\"800\" \/>\n\t\t<meta property=\"og:image:height\" content=\"533\" \/>\n\t\t<meta property=\"article:published_time\" content=\"2015-06-09T03:45:08+00:00\" \/>\n\t\t<meta property=\"article:modified_time\" content=\"2015-06-09T03:45:08+00:00\" \/>\n\t\t<meta name=\"twitter:card\" content=\"summary_large_image\" \/>\n\t\t<meta name=\"twitter:title\" content=\"\u2018Costa de Almer\u00eda\u2019 organiza una visita promocional con medios daneses y touroperadores | El Digital de Asturias\" \/>\n\t\t<meta name=\"twitter:description\" content=\"El Servicio Provincial de Turismo de la Diputaci\u00f3n de Almer\u00eda ha puesto en marcha una campa\u00f1a de promoci\u00f3n tur\u00edstica online con el touroperador dan\u00e9s Bravo Tours en la que tambi\u00e9n han participado varios medios de comunicaci\u00f3n del pa\u00eds a trav\u00e9s de una visita promocional puesta en marcha en colaboraci\u00f3n con la Oficina Espa\u00f1ola de Turismo\" \/>\n\t\t<meta name=\"twitter:image\" content=\"https:\/\/eldigitaldeasturias.com\/magazine365\/wp-content\/uploads\/2015\/06\/almeria1.jpg\" \/>\n\t\t<script type=\"application\/ld+json\" class=\"aioseo-schema\">\n\t\t\t{\"@context\":\"https:\\\/\\\/schema.org\",\"@graph\":[{\"@type\":\"Article\",\"@id\":\"https:\\\/\\\/eldigitaldeasturias.com\\\/magazine365\\\/costa-de-almeria-organiza-una-visita-promocional-con-medios-daneses-y-touroperadores\\\/#article\",\"name\":\"\\u2018Costa de Almer\\u00eda\\u2019 organiza una visita promocional con medios daneses y touroperadores | El Digital de Asturias\",\"headline\":\"&#8216;Costa de Almer\\u00eda&#8217; organiza una visita promocional con medios daneses y touroperadores\",\"author\":{\"@id\":\"https:\\\/\\\/eldigitaldeasturias.com\\\/magazine365\\\/author\\\/admin\\\/#author\"},\"publisher\":{\"@id\":\"https:\\\/\\\/eldigitaldeasturias.com\\\/magazine365\\\/#organization\"},\"image\":{\"@type\":\"ImageObject\",\"url\":\"https:\\\/\\\/eldigitaldeasturias.com\\\/magazine365\\\/wp-content\\\/uploads\\\/2015\\\/06\\\/almeria1.jpg\",\"width\":800,\"height\":533},\"datePublished\":\"2015-06-09T05:15:08+02:00\",\"dateModified\":\"2015-06-09T05:15:08+02:00\",\"inLanguage\":\"es-ES\",\"mainEntityOfPage\":{\"@id\":\"https:\\\/\\\/eldigitaldeasturias.com\\\/magazine365\\\/costa-de-almeria-organiza-una-visita-promocional-con-medios-daneses-y-touroperadores\\\/#webpage\"},\"isPartOf\":{\"@id\":\"https:\\\/\\\/eldigitaldeasturias.com\\\/magazine365\\\/costa-de-almeria-organiza-una-visita-promocional-con-medios-daneses-y-touroperadores\\\/#webpage\"},\"articleSection\":\"Actualidad Turismo\"},{\"@type\":\"BreadcrumbList\",\"@id\":\"https:\\\/\\\/eldigitaldeasturias.com\\\/magazine365\\\/costa-de-almeria-organiza-una-visita-promocional-con-medios-daneses-y-touroperadores\\\/#breadcrumblist\",\"itemListElement\":[{\"@type\":\"ListItem\",\"@id\":\"https:\\\/\\\/eldigitaldeasturias.com\\\/magazine365#listItem\",\"position\":1,\"name\":\"Home\",\"item\":\"https:\\\/\\\/eldigitaldeasturias.com\\\/magazine365\",\"nextItem\":{\"@type\":\"ListItem\",\"@id\":\"https:\\\/\\\/eldigitaldeasturias.com\\\/magazine365\\\/category\\\/actualidad-turismo\\\/#listItem\",\"name\":\"Actualidad Turismo\"}},{\"@type\":\"ListItem\",\"@id\":\"https:\\\/\\\/eldigitaldeasturias.com\\\/magazine365\\\/category\\\/actualidad-turismo\\\/#listItem\",\"position\":2,\"name\":\"Actualidad Turismo\",\"item\":\"https:\\\/\\\/eldigitaldeasturias.com\\\/magazine365\\\/category\\\/actualidad-turismo\\\/\",\"nextItem\":{\"@type\":\"ListItem\",\"@id\":\"https:\\\/\\\/eldigitaldeasturias.com\\\/magazine365\\\/costa-de-almeria-organiza-una-visita-promocional-con-medios-daneses-y-touroperadores\\\/#listItem\",\"name\":\"&#8216;Costa de Almer\\u00eda&#8217; organiza una visita promocional con medios daneses y touroperadores\"},\"previousItem\":{\"@type\":\"ListItem\",\"@id\":\"https:\\\/\\\/eldigitaldeasturias.com\\\/magazine365#listItem\",\"name\":\"Home\"}},{\"@type\":\"ListItem\",\"@id\":\"https:\\\/\\\/eldigitaldeasturias.com\\\/magazine365\\\/costa-de-almeria-organiza-una-visita-promocional-con-medios-daneses-y-touroperadores\\\/#listItem\",\"position\":3,\"name\":\"&#8216;Costa de Almer\\u00eda&#8217; organiza una visita promocional con medios daneses y touroperadores\",\"previousItem\":{\"@type\":\"ListItem\",\"@id\":\"https:\\\/\\\/eldigitaldeasturias.com\\\/magazine365\\\/category\\\/actualidad-turismo\\\/#listItem\",\"name\":\"Actualidad Turismo\"}}]},{\"@type\":\"Organization\",\"@id\":\"https:\\\/\\\/eldigitaldeasturias.com\\\/magazine365\\\/#organization\",\"name\":\"El digital de Asturias\",\"description\":\"Revista de ocio, turismo y estilo de vida\",\"url\":\"https:\\\/\\\/eldigitaldeasturias.com\\\/magazine365\\\/\",\"logo\":{\"@type\":\"ImageObject\",\"url\":\"https:\\\/\\\/www.eldigitaldeasturias.com\\\/noticias\\\/wp-content\\\/uploads\\\/2020\\\/12\\\/EDA.jpg\",\"@id\":\"https:\\\/\\\/eldigitaldeasturias.com\\\/magazine365\\\/costa-de-almeria-organiza-una-visita-promocional-con-medios-daneses-y-touroperadores\\\/#organizationLogo\"},\"image\":{\"@id\":\"https:\\\/\\\/eldigitaldeasturias.com\\\/magazine365\\\/costa-de-almeria-organiza-una-visita-promocional-con-medios-daneses-y-touroperadores\\\/#organizationLogo\"}},{\"@type\":\"Person\",\"@id\":\"https:\\\/\\\/eldigitaldeasturias.com\\\/magazine365\\\/author\\\/admin\\\/#author\",\"url\":\"https:\\\/\\\/eldigitaldeasturias.com\\\/magazine365\\\/author\\\/admin\\\/\",\"name\":\"admin\",\"image\":{\"@type\":\"ImageObject\",\"@id\":\"https:\\\/\\\/eldigitaldeasturias.com\\\/magazine365\\\/costa-de-almeria-organiza-una-visita-promocional-con-medios-daneses-y-touroperadores\\\/#authorImage\",\"url\":\"https:\\\/\\\/eldigitaldeasturias.com\\\/magazine365\\\/wp-content\\\/litespeed\\\/avatar\\\/e571bcf59a0edd6fa6838245a470f2fe.jpg?ver=1776969259\",\"width\":96,\"height\":96,\"caption\":\"admin\"}},{\"@type\":\"WebPage\",\"@id\":\"https:\\\/\\\/eldigitaldeasturias.com\\\/magazine365\\\/costa-de-almeria-organiza-una-visita-promocional-con-medios-daneses-y-touroperadores\\\/#webpage\",\"url\":\"https:\\\/\\\/eldigitaldeasturias.com\\\/magazine365\\\/costa-de-almeria-organiza-una-visita-promocional-con-medios-daneses-y-touroperadores\\\/\",\"name\":\"\\u2018Costa de Almer\\u00eda\\u2019 organiza una visita promocional con medios daneses y touroperadores | El Digital de Asturias\",\"description\":\"El Servicio Provincial de Turismo de la Diputaci\\u00f3n de Almer\\u00eda ha puesto en marcha una campa\\u00f1a de promoci\\u00f3n tur\\u00edstica online con el touroperador dan\\u00e9s Bravo Tours en la que tambi\\u00e9n han participado varios medios de comunicaci\\u00f3n del pa\\u00eds a trav\\u00e9s de una visita promocional puesta en marcha en colaboraci\\u00f3n con la Oficina Espa\\u00f1ola de Turismo\",\"inLanguage\":\"es-ES\",\"isPartOf\":{\"@id\":\"https:\\\/\\\/eldigitaldeasturias.com\\\/magazine365\\\/#website\"},\"breadcrumb\":{\"@id\":\"https:\\\/\\\/eldigitaldeasturias.com\\\/magazine365\\\/costa-de-almeria-organiza-una-visita-promocional-con-medios-daneses-y-touroperadores\\\/#breadcrumblist\"},\"author\":{\"@id\":\"https:\\\/\\\/eldigitaldeasturias.com\\\/magazine365\\\/author\\\/admin\\\/#author\"},\"creator\":{\"@id\":\"https:\\\/\\\/eldigitaldeasturias.com\\\/magazine365\\\/author\\\/admin\\\/#author\"},\"image\":{\"@type\":\"ImageObject\",\"url\":\"https:\\\/\\\/eldigitaldeasturias.com\\\/magazine365\\\/wp-content\\\/uploads\\\/2015\\\/06\\\/almeria1.jpg\",\"@id\":\"https:\\\/\\\/eldigitaldeasturias.com\\\/magazine365\\\/costa-de-almeria-organiza-una-visita-promocional-con-medios-daneses-y-touroperadores\\\/#mainImage\",\"width\":800,\"height\":533},\"primaryImageOfPage\":{\"@id\":\"https:\\\/\\\/eldigitaldeasturias.com\\\/magazine365\\\/costa-de-almeria-organiza-una-visita-promocional-con-medios-daneses-y-touroperadores\\\/#mainImage\"},\"datePublished\":\"2015-06-09T05:15:08+02:00\",\"dateModified\":\"2015-06-09T05:15:08+02:00\"},{\"@type\":\"WebSite\",\"@id\":\"https:\\\/\\\/eldigitaldeasturias.com\\\/magazine365\\\/#website\",\"url\":\"https:\\\/\\\/eldigitaldeasturias.com\\\/magazine365\\\/\",\"name\":\"El Digital de Asturias\",\"description\":\"Revista de ocio, turismo y estilo de vida\",\"inLanguage\":\"es-ES\",\"publisher\":{\"@id\":\"https:\\\/\\\/eldigitaldeasturias.com\\\/magazine365\\\/#organization\"}}]}\n\t\t<\/script>\n\t\t<!-- All in One SEO Pro -->\r\n\t\t<title>\u2018Costa de Almer\u00eda\u2019 organiza una visita promocional con medios daneses y touroperadores | El Digital de Asturias<\/title>\n\n","aioseo_head_json":{"title":"\u2018Costa de Almer\u00eda\u2019 organiza una visita promocional con medios daneses y touroperadores | El Digital de Asturias","description":"El Servicio Provincial de Turismo de la Diputaci\u00f3n de Almer\u00eda ha puesto en marcha una campa\u00f1a de promoci\u00f3n tur\u00edstica online con el touroperador dan\u00e9s Bravo Tours en la que tambi\u00e9n han participado varios medios de comunicaci\u00f3n del pa\u00eds a trav\u00e9s de una visita promocional puesta en marcha en colaboraci\u00f3n con la Oficina Espa\u00f1ola de Turismo","canonical_url":"https:\/\/eldigitaldeasturias.com\/magazine365\/costa-de-almeria-organiza-una-visita-promocional-con-medios-daneses-y-touroperadores\/","robots":"max-image-preview:large","keywords":"actualidad turismo","webmasterTools":{"google-site-verification":"UA-38556648-1","miscellaneous":""},"schema":{"@context":"https:\/\/schema.org","@graph":[{"@type":"Article","@id":"https:\/\/eldigitaldeasturias.com\/magazine365\/costa-de-almeria-organiza-una-visita-promocional-con-medios-daneses-y-touroperadores\/#article","name":"\u2018Costa de Almer\u00eda\u2019 organiza una visita promocional con medios daneses y touroperadores | El Digital de Asturias","headline":"&#8216;Costa de Almer\u00eda&#8217; organiza una visita promocional con medios daneses y touroperadores","author":{"@id":"https:\/\/eldigitaldeasturias.com\/magazine365\/author\/admin\/#author"},"publisher":{"@id":"https:\/\/eldigitaldeasturias.com\/magazine365\/#organization"},"image":{"@type":"ImageObject","url":"https:\/\/eldigitaldeasturias.com\/magazine365\/wp-content\/uploads\/2015\/06\/almeria1.jpg","width":800,"height":533},"datePublished":"2015-06-09T05:15:08+02:00","dateModified":"2015-06-09T05:15:08+02:00","inLanguage":"es-ES","mainEntityOfPage":{"@id":"https:\/\/eldigitaldeasturias.com\/magazine365\/costa-de-almeria-organiza-una-visita-promocional-con-medios-daneses-y-touroperadores\/#webpage"},"isPartOf":{"@id":"https:\/\/eldigitaldeasturias.com\/magazine365\/costa-de-almeria-organiza-una-visita-promocional-con-medios-daneses-y-touroperadores\/#webpage"},"articleSection":"Actualidad Turismo"},{"@type":"BreadcrumbList","@id":"https:\/\/eldigitaldeasturias.com\/magazine365\/costa-de-almeria-organiza-una-visita-promocional-con-medios-daneses-y-touroperadores\/#breadcrumblist","itemListElement":[{"@type":"ListItem","@id":"https:\/\/eldigitaldeasturias.com\/magazine365#listItem","position":1,"name":"Home","item":"https:\/\/eldigitaldeasturias.com\/magazine365","nextItem":{"@type":"ListItem","@id":"https:\/\/eldigitaldeasturias.com\/magazine365\/category\/actualidad-turismo\/#listItem","name":"Actualidad Turismo"}},{"@type":"ListItem","@id":"https:\/\/eldigitaldeasturias.com\/magazine365\/category\/actualidad-turismo\/#listItem","position":2,"name":"Actualidad Turismo","item":"https:\/\/eldigitaldeasturias.com\/magazine365\/category\/actualidad-turismo\/","nextItem":{"@type":"ListItem","@id":"https:\/\/eldigitaldeasturias.com\/magazine365\/costa-de-almeria-organiza-una-visita-promocional-con-medios-daneses-y-touroperadores\/#listItem","name":"&#8216;Costa de Almer\u00eda&#8217; organiza una visita promocional con medios daneses y touroperadores"},"previousItem":{"@type":"ListItem","@id":"https:\/\/eldigitaldeasturias.com\/magazine365#listItem","name":"Home"}},{"@type":"ListItem","@id":"https:\/\/eldigitaldeasturias.com\/magazine365\/costa-de-almeria-organiza-una-visita-promocional-con-medios-daneses-y-touroperadores\/#listItem","position":3,"name":"&#8216;Costa de Almer\u00eda&#8217; organiza una visita promocional con medios daneses y touroperadores","previousItem":{"@type":"ListItem","@id":"https:\/\/eldigitaldeasturias.com\/magazine365\/category\/actualidad-turismo\/#listItem","name":"Actualidad Turismo"}}]},{"@type":"Organization","@id":"https:\/\/eldigitaldeasturias.com\/magazine365\/#organization","name":"El digital de Asturias","description":"Revista de ocio, turismo y estilo de vida","url":"https:\/\/eldigitaldeasturias.com\/magazine365\/","logo":{"@type":"ImageObject","url":"https:\/\/www.eldigitaldeasturias.com\/noticias\/wp-content\/uploads\/2020\/12\/EDA.jpg","@id":"https:\/\/eldigitaldeasturias.com\/magazine365\/costa-de-almeria-organiza-una-visita-promocional-con-medios-daneses-y-touroperadores\/#organizationLogo"},"image":{"@id":"https:\/\/eldigitaldeasturias.com\/magazine365\/costa-de-almeria-organiza-una-visita-promocional-con-medios-daneses-y-touroperadores\/#organizationLogo"}},{"@type":"Person","@id":"https:\/\/eldigitaldeasturias.com\/magazine365\/author\/admin\/#author","url":"https:\/\/eldigitaldeasturias.com\/magazine365\/author\/admin\/","name":"admin","image":{"@type":"ImageObject","@id":"https:\/\/eldigitaldeasturias.com\/magazine365\/costa-de-almeria-organiza-una-visita-promocional-con-medios-daneses-y-touroperadores\/#authorImage","url":"https:\/\/eldigitaldeasturias.com\/magazine365\/wp-content\/litespeed\/avatar\/e571bcf59a0edd6fa6838245a470f2fe.jpg?ver=1776969259","width":96,"height":96,"caption":"admin"}},{"@type":"WebPage","@id":"https:\/\/eldigitaldeasturias.com\/magazine365\/costa-de-almeria-organiza-una-visita-promocional-con-medios-daneses-y-touroperadores\/#webpage","url":"https:\/\/eldigitaldeasturias.com\/magazine365\/costa-de-almeria-organiza-una-visita-promocional-con-medios-daneses-y-touroperadores\/","name":"\u2018Costa de Almer\u00eda\u2019 organiza una visita promocional con medios daneses y touroperadores | El Digital de Asturias","description":"El Servicio Provincial de Turismo de la Diputaci\u00f3n de Almer\u00eda ha puesto en marcha una campa\u00f1a de promoci\u00f3n tur\u00edstica online con el touroperador dan\u00e9s Bravo Tours en la que tambi\u00e9n han participado varios medios de comunicaci\u00f3n del pa\u00eds a trav\u00e9s de una visita promocional puesta en marcha en colaboraci\u00f3n con la Oficina Espa\u00f1ola de Turismo","inLanguage":"es-ES","isPartOf":{"@id":"https:\/\/eldigitaldeasturias.com\/magazine365\/#website"},"breadcrumb":{"@id":"https:\/\/eldigitaldeasturias.com\/magazine365\/costa-de-almeria-organiza-una-visita-promocional-con-medios-daneses-y-touroperadores\/#breadcrumblist"},"author":{"@id":"https:\/\/eldigitaldeasturias.com\/magazine365\/author\/admin\/#author"},"creator":{"@id":"https:\/\/eldigitaldeasturias.com\/magazine365\/author\/admin\/#author"},"image":{"@type":"ImageObject","url":"https:\/\/eldigitaldeasturias.com\/magazine365\/wp-content\/uploads\/2015\/06\/almeria1.jpg","@id":"https:\/\/eldigitaldeasturias.com\/magazine365\/costa-de-almeria-organiza-una-visita-promocional-con-medios-daneses-y-touroperadores\/#mainImage","width":800,"height":533},"primaryImageOfPage":{"@id":"https:\/\/eldigitaldeasturias.com\/magazine365\/costa-de-almeria-organiza-una-visita-promocional-con-medios-daneses-y-touroperadores\/#mainImage"},"datePublished":"2015-06-09T05:15:08+02:00","dateModified":"2015-06-09T05:15:08+02:00"},{"@type":"WebSite","@id":"https:\/\/eldigitaldeasturias.com\/magazine365\/#website","url":"https:\/\/eldigitaldeasturias.com\/magazine365\/","name":"El Digital de Asturias","description":"Revista de ocio, turismo y estilo de vida","inLanguage":"es-ES","publisher":{"@id":"https:\/\/eldigitaldeasturias.com\/magazine365\/#organization"}}]},"og:locale":"es_ES","og:site_name":"El Digital de Asturias \u2013 Revista de ocio, turismo y estilo de vida","og:type":"article","og:title":"\u2018Costa de Almer\u00eda\u2019 organiza una visita promocional con medios daneses y touroperadores | El Digital de Asturias","og:description":"El Servicio Provincial de Turismo de la Diputaci\u00f3n de Almer\u00eda ha puesto en marcha una campa\u00f1a de promoci\u00f3n tur\u00edstica online con el touroperador dan\u00e9s Bravo Tours en la que tambi\u00e9n han participado varios medios de comunicaci\u00f3n del pa\u00eds a trav\u00e9s de una visita promocional puesta en marcha en colaboraci\u00f3n con la Oficina Espa\u00f1ola de Turismo","og:url":"https:\/\/eldigitaldeasturias.com\/magazine365\/costa-de-almeria-organiza-una-visita-promocional-con-medios-daneses-y-touroperadores\/","og:image":"https:\/\/eldigitaldeasturias.com\/magazine365\/wp-content\/uploads\/2015\/06\/almeria1.jpg","og:image:secure_url":"https:\/\/eldigitaldeasturias.com\/magazine365\/wp-content\/uploads\/2015\/06\/almeria1.jpg","og:image:width":800,"og:image:height":533,"article:published_time":"2015-06-09T03:45:08+00:00","article:modified_time":"2015-06-09T03:45:08+00:00","twitter:card":"summary_large_image","twitter:title":"\u2018Costa de Almer\u00eda\u2019 organiza una visita promocional con medios daneses y touroperadores | El Digital de Asturias","twitter:description":"El Servicio Provincial de Turismo de la Diputaci\u00f3n de Almer\u00eda ha puesto en marcha una campa\u00f1a de promoci\u00f3n tur\u00edstica online con el touroperador dan\u00e9s Bravo Tours en la que tambi\u00e9n han participado varios medios de comunicaci\u00f3n del pa\u00eds a trav\u00e9s de una visita promocional puesta en marcha en colaboraci\u00f3n con la Oficina Espa\u00f1ola de Turismo","twitter:image":"https:\/\/eldigitaldeasturias.com\/magazine365\/wp-content\/uploads\/2015\/06\/almeria1.jpg"},"aioseo_meta_data":{"post_id":"39194","title":null,"description":null,"keywords":null,"keyphrases":null,"primary_term":null,"canonical_url":null,"og_title":null,"og_description":null,"og_object_type":"default","og_image_type":"default","og_image_url":null,"og_image_width":null,"og_image_height":null,"og_image_custom_url":null,"og_image_custom_fields":null,"og_video":null,"og_custom_url":null,"og_article_section":null,"og_article_tags":null,"twitter_use_og":false,"twitter_card":"default","twitter_image_type":"default","twitter_image_url":null,"twitter_image_custom_url":null,"twitter_image_custom_fields":null,"twitter_title":null,"twitter_description":null,"schema":{"blockGraphs":[],"customGraphs":[],"default":{"data":{"Article":[],"Course":[],"Dataset":[],"FAQPage":[],"Movie":[],"Person":[],"Product":[],"ProductReview":[],"Car":[],"Recipe":[],"Service":[],"SoftwareApplication":[],"WebPage":[]},"graphName":"","isEnabled":true},"graphs":[],"defaultGraph":"","defaultPostTypeGraph":""},"schema_type":null,"schema_type_options":null,"pillar_content":false,"robots_default":true,"robots_noindex":false,"robots_noarchive":false,"robots_nosnippet":false,"robots_nofollow":false,"robots_noimageindex":false,"robots_noodp":false,"robots_notranslate":false,"robots_max_snippet":null,"robots_max_videopreview":null,"robots_max_imagepreview":"large","priority":null,"frequency":null,"location":null,"local_seo":null,"seo_analyzer_scan_date":"2025-09-19 11:09:45","breadcrumb_settings":null,"limit_modified_date":false,"open_ai":null,"ai":null,"created":"2021-03-09 02:43:41","updated":"2025-09-19 11:09:45"},"aioseo_breadcrumb":"<div class=\"aioseo-breadcrumbs\"><span class=\"aioseo-breadcrumb\">\n\t<a href=\"https:\/\/eldigitaldeasturias.com\/magazine365\" title=\"Home\">Home<\/a>\n<\/span><span class=\"aioseo-breadcrumb-separator\">\u2013<\/span><span class=\"aioseo-breadcrumb\">\n\t<a href=\"https:\/\/eldigitaldeasturias.com\/magazine365\/category\/actualidad-turismo\/\" title=\"Actualidad Turismo\">Actualidad Turismo<\/a>\n<\/span><span class=\"aioseo-breadcrumb-separator\">\u2013<\/span><span class=\"aioseo-breadcrumb\">\n\t<a href=\"https:\/\/eldigitaldeasturias.com\/magazine365\/costa-de-almeria-organiza-una-visita-promocional-con-medios-daneses-y-touroperadores\/\" title=\"\u2018Costa de Almer\u00eda\u2019 organiza una visita promocional con medios daneses y touroperadores\">\u2018Costa de Almer\u00eda\u2019 organiza una visita promocional con medios daneses y touroperadores<\/a>\n<\/span><\/div>","aioseo_breadcrumb_json":[{"label":"Home","link":"https:\/\/eldigitaldeasturias.com\/magazine365"},{"label":"Actualidad Turismo","link":"https:\/\/eldigitaldeasturias.com\/magazine365\/category\/actualidad-turismo\/"},{"label":"&#8216;Costa de Almer\u00eda&#8217; organiza una visita promocional con medios daneses y touroperadores","link":"https:\/\/eldigitaldeasturias.com\/magazine365\/costa-de-almeria-organiza-una-visita-promocional-con-medios-daneses-y-touroperadores\/"}],"_links":{"self":[{"href":"https:\/\/eldigitaldeasturias.com\/magazine365\/wp-json\/wp\/v2\/posts\/39194","targetHints":{"allow":["GET"]}}],"collection":[{"href":"https:\/\/eldigitaldeasturias.com\/magazine365\/wp-json\/wp\/v2\/posts"}],"about":[{"href":"https:\/\/eldigitaldeasturias.com\/magazine365\/wp-json\/wp\/v2\/types\/post"}],"author":[{"embeddable":true,"href":"https:\/\/eldigitaldeasturias.com\/magazine365\/wp-json\/wp\/v2\/users\/1"}],"replies":[{"embeddable":true,"href":"https:\/\/eldigitaldeasturias.com\/magazine365\/wp-json\/wp\/v2\/comments?post=39194"}],"version-history":[{"count":0,"href":"https:\/\/eldigitaldeasturias.com\/magazine365\/wp-json\/wp\/v2\/posts\/39194\/revisions"}],"wp:featuredmedia":[{"embeddable":true,"href":"https:\/\/eldigitaldeasturias.com\/magazine365\/wp-json\/wp\/v2\/media\/39195"}],"wp:attachment":[{"href":"https:\/\/eldigitaldeasturias.com\/magazine365\/wp-json\/wp\/v2\/media?parent=39194"}],"wp:term":[{"taxonomy":"category","embeddable":true,"href":"https:\/\/eldigitaldeasturias.com\/magazine365\/wp-json\/wp\/v2\/categories?post=39194"},{"taxonomy":"post_tag","embeddable":true,"href":"https:\/\/eldigitaldeasturias.com\/magazine365\/wp-json\/wp\/v2\/tags?post=39194"}],"curies":[{"name":"wp","href":"https:\/\/api.w.org\/{rel}","templated":true}]}}