{"id":39191,"date":"2015-06-09T05:12:29","date_gmt":"2015-06-09T03:42:29","guid":{"rendered":"http:\/\/eldigitaldeasturias.com\/magazine365\/?p=39191"},"modified":"2015-06-09T05:12:29","modified_gmt":"2015-06-09T03:42:29","slug":"air-canada-aumenta-un-85-sus-pasajeros-en-mayo-y-crece-en-todos-sus-mercados","status":"publish","type":"post","link":"https:\/\/eldigitaldeasturias.com\/magazine365\/air-canada-aumenta-un-85-sus-pasajeros-en-mayo-y-crece-en-todos-sus-mercados\/","title":{"rendered":"Air Canada aumenta un 8,5% sus pasajeros en mayo y crece en todos sus mercados"},"content":{"rendered":"<p><img fetchpriority=\"high\" decoding=\"async\" class=\"alignleft size-medium wp-image-39192\" src=\"https:\/\/eldigitaldeasturias.com\/magazine365\/wp-content\/uploads\/2015\/06\/fotonoticia_20150608153632_800-360x283.jpg\" alt=\"fotonoticia_20150608153632_800\" width=\"360\" height=\"283\" srcset=\"https:\/\/eldigitaldeasturias.com\/magazine365\/wp-content\/uploads\/2015\/06\/fotonoticia_20150608153632_800-360x283.jpg 360w, https:\/\/eldigitaldeasturias.com\/magazine365\/wp-content\/uploads\/2015\/06\/fotonoticia_20150608153632_800-650x511.jpg 650w, https:\/\/eldigitaldeasturias.com\/magazine365\/wp-content\/uploads\/2015\/06\/fotonoticia_20150608153632_800-768x604.jpg 768w, https:\/\/eldigitaldeasturias.com\/magazine365\/wp-content\/uploads\/2015\/06\/fotonoticia_20150608153632_800-150x118.jpg 150w, https:\/\/eldigitaldeasturias.com\/magazine365\/wp-content\/uploads\/2015\/06\/fotonoticia_20150608153632_800-450x354.jpg 450w, https:\/\/eldigitaldeasturias.com\/magazine365\/wp-content\/uploads\/2015\/06\/fotonoticia_20150608153632_800-696x547.jpg 696w, https:\/\/eldigitaldeasturias.com\/magazine365\/wp-content\/uploads\/2015\/06\/fotonoticia_20150608153632_800-534x420.jpg 534w, https:\/\/eldigitaldeasturias.com\/magazine365\/wp-content\/uploads\/2015\/06\/fotonoticia_20150608153632_800.jpg 800w\" sizes=\"(max-width: 360px) 100vw, 360px\" \/>Air Canada registr\u00f3 en el quinto mes del a\u00f1o un 8,5% m\u00e1s de pasajeros, con una capacidad un 9,8% superior a la del mismo mes del a\u00f1o pasado y con una ocupaci\u00f3n del 82,3%, un punto porcentual menos, seg\u00fan ha informado la aerol\u00ednea en un comunicado.<\/p>\n<p>En concreto, destaca el comportamiento de las rutas estadounidenses, con un 13,1% m\u00e1s de tr\u00e1fico de pasajeros y con un 12,9% m\u00e1s de oferta de asientos por kil\u00f3metro, mientras que la ocupaci\u00f3n registrada fue del 81,8%, 0,1 puntos porcentuales m\u00e1s.<\/p>\n<p>Le sigue el Atl\u00e1ntico, con un 11,5% m\u00e1s de tr\u00e1fico de pasajeros, impulsado por un aumento tambi\u00e9n en la oferta (+12,9%) y con una ocupaci\u00f3n del 81,8%, 0,8 puntos porcentuales menos.<\/p>\n<p>En el mercado del Pac\u00edfico, increment\u00f3 un 9,3% m\u00e1s su tr\u00e1fico de pasajeros y un 15,4% m\u00e1s de oferta. El nivel de ocupaci\u00f3n fue del 84,3%, 4,7 puntos porcentuales menos que el mismo mes un a\u00f1o antes.<\/p>\n<p>Destacan asimismo Latinoam\u00e9rica y el Caribe y Canad\u00e1, que aumenta su tr\u00e1fico en un 5,8% y en un 3,1% respectivamente, con una oferta del 9,3% y del 1,9% m\u00e1s cada una.<\/p>\n<p>Air Canada presta servicio a m\u00e1s de 190 destinos en cinco continentes y transport\u00f3 a m\u00e1s de 38 millones de pasajeros en 2014.<\/p>\n","protected":false},"excerpt":{"rendered":"<p>Air Canada registr\u00f3 en el quinto mes del a\u00f1o un 8,5% m\u00e1s de pasajeros, con una capacidad un 9,8% superior a la del mismo mes del a\u00f1o pasado y con una ocupaci\u00f3n del 82,3%, un punto porcentual menos, seg\u00fan ha informado la aerol\u00ednea en un comunicado. En concreto, destaca el comportamiento de las rutas estadounidenses,<\/p>\n","protected":false},"author":1,"featured_media":39192,"comment_status":"open","ping_status":"closed","sticky":false,"template":"","format":"standard","meta":{"footnotes":""},"categories":[222],"tags":[],"class_list":{"0":"post-39191","1":"post","2":"type-post","3":"status-publish","4":"format-standard","5":"has-post-thumbnail","7":"category-actualidad-turismo"},"aioseo_notices":[],"aioseo_head":"\n\t\t<!-- All in One SEO Pro 4.9.6.1 - aioseo.com -->\n\t<meta name=\"description\" content=\"Air Canada registr\u00f3 en el quinto mes del a\u00f1o un 8,5% m\u00e1s de pasajeros, con una capacidad un 9,8% superior a la del mismo mes del a\u00f1o pasado y con una ocupaci\u00f3n del 82,3%, un punto porcentual menos, seg\u00fan ha informado la aerol\u00ednea en un comunicado. En concreto, destaca el comportamiento de las rutas estadounidenses,\" \/>\n\t<meta name=\"robots\" content=\"max-image-preview:large\" \/>\n\t<meta name=\"author\" content=\"admin\"\/>\n\t<meta name=\"google-site-verification\" content=\"UA-38556648-1\" \/>\n\t<meta name=\"keywords\" content=\"actualidad turismo\" \/>\n\t<link rel=\"canonical\" href=\"https:\/\/eldigitaldeasturias.com\/magazine365\/air-canada-aumenta-un-85-sus-pasajeros-en-mayo-y-crece-en-todos-sus-mercados\/\" \/>\n\t<meta name=\"generator\" content=\"All in One SEO Pro (AIOSEO) 4.9.6.1\" \/>\n\t\t<meta property=\"og:locale\" content=\"es_ES\" \/>\n\t\t<meta property=\"og:site_name\" content=\"El Digital de Asturias \u2013 Revista de ocio, turismo y estilo de vida\" \/>\n\t\t<meta property=\"og:type\" content=\"article\" \/>\n\t\t<meta property=\"og:title\" content=\"Air Canada aumenta un 8,5% sus pasajeros en mayo y crece en todos sus mercados | El Digital de Asturias\" \/>\n\t\t<meta property=\"og:description\" content=\"Air Canada registr\u00f3 en el quinto mes del a\u00f1o un 8,5% m\u00e1s de pasajeros, con una capacidad un 9,8% superior a la del mismo mes del a\u00f1o pasado y con una ocupaci\u00f3n del 82,3%, un punto porcentual menos, seg\u00fan ha informado la aerol\u00ednea en un comunicado. En concreto, destaca el comportamiento de las rutas estadounidenses,\" \/>\n\t\t<meta property=\"og:url\" content=\"https:\/\/eldigitaldeasturias.com\/magazine365\/air-canada-aumenta-un-85-sus-pasajeros-en-mayo-y-crece-en-todos-sus-mercados\/\" \/>\n\t\t<meta property=\"og:image\" content=\"https:\/\/eldigitaldeasturias.com\/magazine365\/wp-content\/uploads\/2015\/06\/fotonoticia_20150608153632_800.jpg\" \/>\n\t\t<meta property=\"og:image:secure_url\" content=\"https:\/\/eldigitaldeasturias.com\/magazine365\/wp-content\/uploads\/2015\/06\/fotonoticia_20150608153632_800.jpg\" \/>\n\t\t<meta property=\"og:image:width\" content=\"800\" \/>\n\t\t<meta property=\"og:image:height\" content=\"629\" \/>\n\t\t<meta property=\"article:published_time\" content=\"2015-06-09T03:42:29+00:00\" \/>\n\t\t<meta property=\"article:modified_time\" content=\"2015-06-09T03:42:29+00:00\" \/>\n\t\t<meta name=\"twitter:card\" content=\"summary_large_image\" \/>\n\t\t<meta name=\"twitter:title\" content=\"Air Canada aumenta un 8,5% sus pasajeros en mayo y crece en todos sus mercados | El Digital de Asturias\" \/>\n\t\t<meta name=\"twitter:description\" content=\"Air Canada registr\u00f3 en el quinto mes del a\u00f1o un 8,5% m\u00e1s de pasajeros, con una capacidad un 9,8% superior a la del mismo mes del a\u00f1o pasado y con una ocupaci\u00f3n del 82,3%, un punto porcentual menos, seg\u00fan ha informado la aerol\u00ednea en un comunicado. En concreto, destaca el comportamiento de las rutas estadounidenses,\" \/>\n\t\t<meta name=\"twitter:image\" content=\"https:\/\/eldigitaldeasturias.com\/magazine365\/wp-content\/uploads\/2015\/06\/fotonoticia_20150608153632_800.jpg\" \/>\n\t\t<script type=\"application\/ld+json\" class=\"aioseo-schema\">\n\t\t\t{\"@context\":\"https:\\\/\\\/schema.org\",\"@graph\":[{\"@type\":\"Article\",\"@id\":\"https:\\\/\\\/eldigitaldeasturias.com\\\/magazine365\\\/air-canada-aumenta-un-85-sus-pasajeros-en-mayo-y-crece-en-todos-sus-mercados\\\/#article\",\"name\":\"Air Canada aumenta un 8,5% sus pasajeros en mayo y crece en todos sus mercados | El Digital de Asturias\",\"headline\":\"Air Canada aumenta un 8,5% sus pasajeros en mayo y crece en todos sus mercados\",\"author\":{\"@id\":\"https:\\\/\\\/eldigitaldeasturias.com\\\/magazine365\\\/author\\\/admin\\\/#author\"},\"publisher\":{\"@id\":\"https:\\\/\\\/eldigitaldeasturias.com\\\/magazine365\\\/#organization\"},\"image\":{\"@type\":\"ImageObject\",\"url\":\"https:\\\/\\\/eldigitaldeasturias.com\\\/magazine365\\\/wp-content\\\/uploads\\\/2015\\\/06\\\/fotonoticia_20150608153632_800.jpg\",\"width\":800,\"height\":629},\"datePublished\":\"2015-06-09T05:12:29+02:00\",\"dateModified\":\"2015-06-09T05:12:29+02:00\",\"inLanguage\":\"es-ES\",\"mainEntityOfPage\":{\"@id\":\"https:\\\/\\\/eldigitaldeasturias.com\\\/magazine365\\\/air-canada-aumenta-un-85-sus-pasajeros-en-mayo-y-crece-en-todos-sus-mercados\\\/#webpage\"},\"isPartOf\":{\"@id\":\"https:\\\/\\\/eldigitaldeasturias.com\\\/magazine365\\\/air-canada-aumenta-un-85-sus-pasajeros-en-mayo-y-crece-en-todos-sus-mercados\\\/#webpage\"},\"articleSection\":\"Actualidad Turismo\"},{\"@type\":\"BreadcrumbList\",\"@id\":\"https:\\\/\\\/eldigitaldeasturias.com\\\/magazine365\\\/air-canada-aumenta-un-85-sus-pasajeros-en-mayo-y-crece-en-todos-sus-mercados\\\/#breadcrumblist\",\"itemListElement\":[{\"@type\":\"ListItem\",\"@id\":\"https:\\\/\\\/eldigitaldeasturias.com\\\/magazine365#listItem\",\"position\":1,\"name\":\"Home\",\"item\":\"https:\\\/\\\/eldigitaldeasturias.com\\\/magazine365\",\"nextItem\":{\"@type\":\"ListItem\",\"@id\":\"https:\\\/\\\/eldigitaldeasturias.com\\\/magazine365\\\/category\\\/actualidad-turismo\\\/#listItem\",\"name\":\"Actualidad Turismo\"}},{\"@type\":\"ListItem\",\"@id\":\"https:\\\/\\\/eldigitaldeasturias.com\\\/magazine365\\\/category\\\/actualidad-turismo\\\/#listItem\",\"position\":2,\"name\":\"Actualidad Turismo\",\"item\":\"https:\\\/\\\/eldigitaldeasturias.com\\\/magazine365\\\/category\\\/actualidad-turismo\\\/\",\"nextItem\":{\"@type\":\"ListItem\",\"@id\":\"https:\\\/\\\/eldigitaldeasturias.com\\\/magazine365\\\/air-canada-aumenta-un-85-sus-pasajeros-en-mayo-y-crece-en-todos-sus-mercados\\\/#listItem\",\"name\":\"Air Canada aumenta un 8,5% sus pasajeros en mayo y crece en todos sus mercados\"},\"previousItem\":{\"@type\":\"ListItem\",\"@id\":\"https:\\\/\\\/eldigitaldeasturias.com\\\/magazine365#listItem\",\"name\":\"Home\"}},{\"@type\":\"ListItem\",\"@id\":\"https:\\\/\\\/eldigitaldeasturias.com\\\/magazine365\\\/air-canada-aumenta-un-85-sus-pasajeros-en-mayo-y-crece-en-todos-sus-mercados\\\/#listItem\",\"position\":3,\"name\":\"Air Canada aumenta un 8,5% sus pasajeros en mayo y crece en todos sus mercados\",\"previousItem\":{\"@type\":\"ListItem\",\"@id\":\"https:\\\/\\\/eldigitaldeasturias.com\\\/magazine365\\\/category\\\/actualidad-turismo\\\/#listItem\",\"name\":\"Actualidad Turismo\"}}]},{\"@type\":\"Organization\",\"@id\":\"https:\\\/\\\/eldigitaldeasturias.com\\\/magazine365\\\/#organization\",\"name\":\"El digital de Asturias\",\"description\":\"Revista de ocio, turismo y estilo de vida\",\"url\":\"https:\\\/\\\/eldigitaldeasturias.com\\\/magazine365\\\/\",\"logo\":{\"@type\":\"ImageObject\",\"url\":\"https:\\\/\\\/www.eldigitaldeasturias.com\\\/noticias\\\/wp-content\\\/uploads\\\/2020\\\/12\\\/EDA.jpg\",\"@id\":\"https:\\\/\\\/eldigitaldeasturias.com\\\/magazine365\\\/air-canada-aumenta-un-85-sus-pasajeros-en-mayo-y-crece-en-todos-sus-mercados\\\/#organizationLogo\"},\"image\":{\"@id\":\"https:\\\/\\\/eldigitaldeasturias.com\\\/magazine365\\\/air-canada-aumenta-un-85-sus-pasajeros-en-mayo-y-crece-en-todos-sus-mercados\\\/#organizationLogo\"}},{\"@type\":\"Person\",\"@id\":\"https:\\\/\\\/eldigitaldeasturias.com\\\/magazine365\\\/author\\\/admin\\\/#author\",\"url\":\"https:\\\/\\\/eldigitaldeasturias.com\\\/magazine365\\\/author\\\/admin\\\/\",\"name\":\"admin\",\"image\":{\"@type\":\"ImageObject\",\"@id\":\"https:\\\/\\\/eldigitaldeasturias.com\\\/magazine365\\\/air-canada-aumenta-un-85-sus-pasajeros-en-mayo-y-crece-en-todos-sus-mercados\\\/#authorImage\",\"url\":\"https:\\\/\\\/eldigitaldeasturias.com\\\/magazine365\\\/wp-content\\\/litespeed\\\/avatar\\\/e571bcf59a0edd6fa6838245a470f2fe.jpg?ver=1776969259\",\"width\":96,\"height\":96,\"caption\":\"admin\"}},{\"@type\":\"WebPage\",\"@id\":\"https:\\\/\\\/eldigitaldeasturias.com\\\/magazine365\\\/air-canada-aumenta-un-85-sus-pasajeros-en-mayo-y-crece-en-todos-sus-mercados\\\/#webpage\",\"url\":\"https:\\\/\\\/eldigitaldeasturias.com\\\/magazine365\\\/air-canada-aumenta-un-85-sus-pasajeros-en-mayo-y-crece-en-todos-sus-mercados\\\/\",\"name\":\"Air Canada aumenta un 8,5% sus pasajeros en mayo y crece en todos sus mercados | El Digital de Asturias\",\"description\":\"Air Canada registr\\u00f3 en el quinto mes del a\\u00f1o un 8,5% m\\u00e1s de pasajeros, con una capacidad un 9,8% superior a la del mismo mes del a\\u00f1o pasado y con una ocupaci\\u00f3n del 82,3%, un punto porcentual menos, seg\\u00fan ha informado la aerol\\u00ednea en un comunicado. En concreto, destaca el comportamiento de las rutas estadounidenses,\",\"inLanguage\":\"es-ES\",\"isPartOf\":{\"@id\":\"https:\\\/\\\/eldigitaldeasturias.com\\\/magazine365\\\/#website\"},\"breadcrumb\":{\"@id\":\"https:\\\/\\\/eldigitaldeasturias.com\\\/magazine365\\\/air-canada-aumenta-un-85-sus-pasajeros-en-mayo-y-crece-en-todos-sus-mercados\\\/#breadcrumblist\"},\"author\":{\"@id\":\"https:\\\/\\\/eldigitaldeasturias.com\\\/magazine365\\\/author\\\/admin\\\/#author\"},\"creator\":{\"@id\":\"https:\\\/\\\/eldigitaldeasturias.com\\\/magazine365\\\/author\\\/admin\\\/#author\"},\"image\":{\"@type\":\"ImageObject\",\"url\":\"https:\\\/\\\/eldigitaldeasturias.com\\\/magazine365\\\/wp-content\\\/uploads\\\/2015\\\/06\\\/fotonoticia_20150608153632_800.jpg\",\"@id\":\"https:\\\/\\\/eldigitaldeasturias.com\\\/magazine365\\\/air-canada-aumenta-un-85-sus-pasajeros-en-mayo-y-crece-en-todos-sus-mercados\\\/#mainImage\",\"width\":800,\"height\":629},\"primaryImageOfPage\":{\"@id\":\"https:\\\/\\\/eldigitaldeasturias.com\\\/magazine365\\\/air-canada-aumenta-un-85-sus-pasajeros-en-mayo-y-crece-en-todos-sus-mercados\\\/#mainImage\"},\"datePublished\":\"2015-06-09T05:12:29+02:00\",\"dateModified\":\"2015-06-09T05:12:29+02:00\"},{\"@type\":\"WebSite\",\"@id\":\"https:\\\/\\\/eldigitaldeasturias.com\\\/magazine365\\\/#website\",\"url\":\"https:\\\/\\\/eldigitaldeasturias.com\\\/magazine365\\\/\",\"name\":\"El Digital de Asturias\",\"description\":\"Revista de ocio, turismo y estilo de vida\",\"inLanguage\":\"es-ES\",\"publisher\":{\"@id\":\"https:\\\/\\\/eldigitaldeasturias.com\\\/magazine365\\\/#organization\"}}]}\n\t\t<\/script>\n\t\t<!-- All in One SEO Pro -->\r\n\t\t<title>Air Canada aumenta un 8,5% sus pasajeros en mayo y crece en todos sus mercados | El Digital de Asturias<\/title>\n\n","aioseo_head_json":{"title":"Air Canada aumenta un 8,5% sus pasajeros en mayo y crece en todos sus mercados | El Digital de Asturias","description":"Air Canada registr\u00f3 en el quinto mes del a\u00f1o un 8,5% m\u00e1s de pasajeros, con una capacidad un 9,8% superior a la del mismo mes del a\u00f1o pasado y con una ocupaci\u00f3n del 82,3%, un punto porcentual menos, seg\u00fan ha informado la aerol\u00ednea en un comunicado. En concreto, destaca el comportamiento de las rutas estadounidenses,","canonical_url":"https:\/\/eldigitaldeasturias.com\/magazine365\/air-canada-aumenta-un-85-sus-pasajeros-en-mayo-y-crece-en-todos-sus-mercados\/","robots":"max-image-preview:large","keywords":"actualidad turismo","webmasterTools":{"google-site-verification":"UA-38556648-1","miscellaneous":""},"schema":{"@context":"https:\/\/schema.org","@graph":[{"@type":"Article","@id":"https:\/\/eldigitaldeasturias.com\/magazine365\/air-canada-aumenta-un-85-sus-pasajeros-en-mayo-y-crece-en-todos-sus-mercados\/#article","name":"Air Canada aumenta un 8,5% sus pasajeros en mayo y crece en todos sus mercados | El Digital de Asturias","headline":"Air Canada aumenta un 8,5% sus pasajeros en mayo y crece en todos sus mercados","author":{"@id":"https:\/\/eldigitaldeasturias.com\/magazine365\/author\/admin\/#author"},"publisher":{"@id":"https:\/\/eldigitaldeasturias.com\/magazine365\/#organization"},"image":{"@type":"ImageObject","url":"https:\/\/eldigitaldeasturias.com\/magazine365\/wp-content\/uploads\/2015\/06\/fotonoticia_20150608153632_800.jpg","width":800,"height":629},"datePublished":"2015-06-09T05:12:29+02:00","dateModified":"2015-06-09T05:12:29+02:00","inLanguage":"es-ES","mainEntityOfPage":{"@id":"https:\/\/eldigitaldeasturias.com\/magazine365\/air-canada-aumenta-un-85-sus-pasajeros-en-mayo-y-crece-en-todos-sus-mercados\/#webpage"},"isPartOf":{"@id":"https:\/\/eldigitaldeasturias.com\/magazine365\/air-canada-aumenta-un-85-sus-pasajeros-en-mayo-y-crece-en-todos-sus-mercados\/#webpage"},"articleSection":"Actualidad Turismo"},{"@type":"BreadcrumbList","@id":"https:\/\/eldigitaldeasturias.com\/magazine365\/air-canada-aumenta-un-85-sus-pasajeros-en-mayo-y-crece-en-todos-sus-mercados\/#breadcrumblist","itemListElement":[{"@type":"ListItem","@id":"https:\/\/eldigitaldeasturias.com\/magazine365#listItem","position":1,"name":"Home","item":"https:\/\/eldigitaldeasturias.com\/magazine365","nextItem":{"@type":"ListItem","@id":"https:\/\/eldigitaldeasturias.com\/magazine365\/category\/actualidad-turismo\/#listItem","name":"Actualidad Turismo"}},{"@type":"ListItem","@id":"https:\/\/eldigitaldeasturias.com\/magazine365\/category\/actualidad-turismo\/#listItem","position":2,"name":"Actualidad Turismo","item":"https:\/\/eldigitaldeasturias.com\/magazine365\/category\/actualidad-turismo\/","nextItem":{"@type":"ListItem","@id":"https:\/\/eldigitaldeasturias.com\/magazine365\/air-canada-aumenta-un-85-sus-pasajeros-en-mayo-y-crece-en-todos-sus-mercados\/#listItem","name":"Air Canada aumenta un 8,5% sus pasajeros en mayo y crece en todos sus mercados"},"previousItem":{"@type":"ListItem","@id":"https:\/\/eldigitaldeasturias.com\/magazine365#listItem","name":"Home"}},{"@type":"ListItem","@id":"https:\/\/eldigitaldeasturias.com\/magazine365\/air-canada-aumenta-un-85-sus-pasajeros-en-mayo-y-crece-en-todos-sus-mercados\/#listItem","position":3,"name":"Air Canada aumenta un 8,5% sus pasajeros en mayo y crece en todos sus mercados","previousItem":{"@type":"ListItem","@id":"https:\/\/eldigitaldeasturias.com\/magazine365\/category\/actualidad-turismo\/#listItem","name":"Actualidad Turismo"}}]},{"@type":"Organization","@id":"https:\/\/eldigitaldeasturias.com\/magazine365\/#organization","name":"El digital de Asturias","description":"Revista de ocio, turismo y estilo de vida","url":"https:\/\/eldigitaldeasturias.com\/magazine365\/","logo":{"@type":"ImageObject","url":"https:\/\/www.eldigitaldeasturias.com\/noticias\/wp-content\/uploads\/2020\/12\/EDA.jpg","@id":"https:\/\/eldigitaldeasturias.com\/magazine365\/air-canada-aumenta-un-85-sus-pasajeros-en-mayo-y-crece-en-todos-sus-mercados\/#organizationLogo"},"image":{"@id":"https:\/\/eldigitaldeasturias.com\/magazine365\/air-canada-aumenta-un-85-sus-pasajeros-en-mayo-y-crece-en-todos-sus-mercados\/#organizationLogo"}},{"@type":"Person","@id":"https:\/\/eldigitaldeasturias.com\/magazine365\/author\/admin\/#author","url":"https:\/\/eldigitaldeasturias.com\/magazine365\/author\/admin\/","name":"admin","image":{"@type":"ImageObject","@id":"https:\/\/eldigitaldeasturias.com\/magazine365\/air-canada-aumenta-un-85-sus-pasajeros-en-mayo-y-crece-en-todos-sus-mercados\/#authorImage","url":"https:\/\/eldigitaldeasturias.com\/magazine365\/wp-content\/litespeed\/avatar\/e571bcf59a0edd6fa6838245a470f2fe.jpg?ver=1776969259","width":96,"height":96,"caption":"admin"}},{"@type":"WebPage","@id":"https:\/\/eldigitaldeasturias.com\/magazine365\/air-canada-aumenta-un-85-sus-pasajeros-en-mayo-y-crece-en-todos-sus-mercados\/#webpage","url":"https:\/\/eldigitaldeasturias.com\/magazine365\/air-canada-aumenta-un-85-sus-pasajeros-en-mayo-y-crece-en-todos-sus-mercados\/","name":"Air Canada aumenta un 8,5% sus pasajeros en mayo y crece en todos sus mercados | El Digital de Asturias","description":"Air Canada registr\u00f3 en el quinto mes del a\u00f1o un 8,5% m\u00e1s de pasajeros, con una capacidad un 9,8% superior a la del mismo mes del a\u00f1o pasado y con una ocupaci\u00f3n del 82,3%, un punto porcentual menos, seg\u00fan ha informado la aerol\u00ednea en un comunicado. En concreto, destaca el comportamiento de las rutas estadounidenses,","inLanguage":"es-ES","isPartOf":{"@id":"https:\/\/eldigitaldeasturias.com\/magazine365\/#website"},"breadcrumb":{"@id":"https:\/\/eldigitaldeasturias.com\/magazine365\/air-canada-aumenta-un-85-sus-pasajeros-en-mayo-y-crece-en-todos-sus-mercados\/#breadcrumblist"},"author":{"@id":"https:\/\/eldigitaldeasturias.com\/magazine365\/author\/admin\/#author"},"creator":{"@id":"https:\/\/eldigitaldeasturias.com\/magazine365\/author\/admin\/#author"},"image":{"@type":"ImageObject","url":"https:\/\/eldigitaldeasturias.com\/magazine365\/wp-content\/uploads\/2015\/06\/fotonoticia_20150608153632_800.jpg","@id":"https:\/\/eldigitaldeasturias.com\/magazine365\/air-canada-aumenta-un-85-sus-pasajeros-en-mayo-y-crece-en-todos-sus-mercados\/#mainImage","width":800,"height":629},"primaryImageOfPage":{"@id":"https:\/\/eldigitaldeasturias.com\/magazine365\/air-canada-aumenta-un-85-sus-pasajeros-en-mayo-y-crece-en-todos-sus-mercados\/#mainImage"},"datePublished":"2015-06-09T05:12:29+02:00","dateModified":"2015-06-09T05:12:29+02:00"},{"@type":"WebSite","@id":"https:\/\/eldigitaldeasturias.com\/magazine365\/#website","url":"https:\/\/eldigitaldeasturias.com\/magazine365\/","name":"El Digital de Asturias","description":"Revista de ocio, turismo y estilo de vida","inLanguage":"es-ES","publisher":{"@id":"https:\/\/eldigitaldeasturias.com\/magazine365\/#organization"}}]},"og:locale":"es_ES","og:site_name":"El Digital de Asturias \u2013 Revista de ocio, turismo y estilo de vida","og:type":"article","og:title":"Air Canada aumenta un 8,5% sus pasajeros en mayo y crece en todos sus mercados | El Digital de Asturias","og:description":"Air Canada registr\u00f3 en el quinto mes del a\u00f1o un 8,5% m\u00e1s de pasajeros, con una capacidad un 9,8% superior a la del mismo mes del a\u00f1o pasado y con una ocupaci\u00f3n del 82,3%, un punto porcentual menos, seg\u00fan ha informado la aerol\u00ednea en un comunicado. En concreto, destaca el comportamiento de las rutas estadounidenses,","og:url":"https:\/\/eldigitaldeasturias.com\/magazine365\/air-canada-aumenta-un-85-sus-pasajeros-en-mayo-y-crece-en-todos-sus-mercados\/","og:image":"https:\/\/eldigitaldeasturias.com\/magazine365\/wp-content\/uploads\/2015\/06\/fotonoticia_20150608153632_800.jpg","og:image:secure_url":"https:\/\/eldigitaldeasturias.com\/magazine365\/wp-content\/uploads\/2015\/06\/fotonoticia_20150608153632_800.jpg","og:image:width":800,"og:image:height":629,"article:published_time":"2015-06-09T03:42:29+00:00","article:modified_time":"2015-06-09T03:42:29+00:00","twitter:card":"summary_large_image","twitter:title":"Air Canada aumenta un 8,5% sus pasajeros en mayo y crece en todos sus mercados | El Digital de Asturias","twitter:description":"Air Canada registr\u00f3 en el quinto mes del a\u00f1o un 8,5% m\u00e1s de pasajeros, con una capacidad un 9,8% superior a la del mismo mes del a\u00f1o pasado y con una ocupaci\u00f3n del 82,3%, un punto porcentual menos, seg\u00fan ha informado la aerol\u00ednea en un comunicado. En concreto, destaca el comportamiento de las rutas estadounidenses,","twitter:image":"https:\/\/eldigitaldeasturias.com\/magazine365\/wp-content\/uploads\/2015\/06\/fotonoticia_20150608153632_800.jpg"},"aioseo_meta_data":{"post_id":"39191","title":null,"description":null,"keywords":null,"keyphrases":null,"primary_term":null,"canonical_url":null,"og_title":null,"og_description":null,"og_object_type":"default","og_image_type":"default","og_image_url":null,"og_image_width":null,"og_image_height":null,"og_image_custom_url":null,"og_image_custom_fields":null,"og_video":null,"og_custom_url":null,"og_article_section":null,"og_article_tags":null,"twitter_use_og":false,"twitter_card":"default","twitter_image_type":"default","twitter_image_url":null,"twitter_image_custom_url":null,"twitter_image_custom_fields":null,"twitter_title":null,"twitter_description":null,"schema":{"blockGraphs":[],"customGraphs":[],"default":{"data":{"Article":[],"Course":[],"Dataset":[],"FAQPage":[],"Movie":[],"Person":[],"Product":[],"ProductReview":[],"Car":[],"Recipe":[],"Service":[],"SoftwareApplication":[],"WebPage":[]},"graphName":"","isEnabled":true},"graphs":[],"defaultGraph":"","defaultPostTypeGraph":""},"schema_type":null,"schema_type_options":null,"pillar_content":false,"robots_default":true,"robots_noindex":false,"robots_noarchive":false,"robots_nosnippet":false,"robots_nofollow":false,"robots_noimageindex":false,"robots_noodp":false,"robots_notranslate":false,"robots_max_snippet":null,"robots_max_videopreview":null,"robots_max_imagepreview":"large","priority":null,"frequency":null,"location":null,"local_seo":null,"seo_analyzer_scan_date":"2025-09-19 11:09:43","breadcrumb_settings":null,"limit_modified_date":false,"open_ai":null,"ai":null,"created":"2021-03-09 02:43:41","updated":"2025-09-19 11:09:43"},"aioseo_breadcrumb":"<div class=\"aioseo-breadcrumbs\"><span class=\"aioseo-breadcrumb\">\n\t<a href=\"https:\/\/eldigitaldeasturias.com\/magazine365\" title=\"Home\">Home<\/a>\n<\/span><span class=\"aioseo-breadcrumb-separator\">\u2013<\/span><span class=\"aioseo-breadcrumb\">\n\t<a href=\"https:\/\/eldigitaldeasturias.com\/magazine365\/category\/actualidad-turismo\/\" title=\"Actualidad Turismo\">Actualidad Turismo<\/a>\n<\/span><span class=\"aioseo-breadcrumb-separator\">\u2013<\/span><span class=\"aioseo-breadcrumb\">\n\t<a href=\"https:\/\/eldigitaldeasturias.com\/magazine365\/air-canada-aumenta-un-85-sus-pasajeros-en-mayo-y-crece-en-todos-sus-mercados\/\" title=\"Air Canada aumenta un 8,5% sus pasajeros en mayo y crece en todos sus mercados\">Air Canada aumenta un 8,5% sus pasajeros en mayo y crece en todos sus mercados<\/a>\n<\/span><\/div>","aioseo_breadcrumb_json":[{"label":"Home","link":"https:\/\/eldigitaldeasturias.com\/magazine365"},{"label":"Actualidad Turismo","link":"https:\/\/eldigitaldeasturias.com\/magazine365\/category\/actualidad-turismo\/"},{"label":"Air Canada aumenta un 8,5% sus pasajeros en mayo y crece en todos sus mercados","link":"https:\/\/eldigitaldeasturias.com\/magazine365\/air-canada-aumenta-un-85-sus-pasajeros-en-mayo-y-crece-en-todos-sus-mercados\/"}],"_links":{"self":[{"href":"https:\/\/eldigitaldeasturias.com\/magazine365\/wp-json\/wp\/v2\/posts\/39191","targetHints":{"allow":["GET"]}}],"collection":[{"href":"https:\/\/eldigitaldeasturias.com\/magazine365\/wp-json\/wp\/v2\/posts"}],"about":[{"href":"https:\/\/eldigitaldeasturias.com\/magazine365\/wp-json\/wp\/v2\/types\/post"}],"author":[{"embeddable":true,"href":"https:\/\/eldigitaldeasturias.com\/magazine365\/wp-json\/wp\/v2\/users\/1"}],"replies":[{"embeddable":true,"href":"https:\/\/eldigitaldeasturias.com\/magazine365\/wp-json\/wp\/v2\/comments?post=39191"}],"version-history":[{"count":0,"href":"https:\/\/eldigitaldeasturias.com\/magazine365\/wp-json\/wp\/v2\/posts\/39191\/revisions"}],"wp:featuredmedia":[{"embeddable":true,"href":"https:\/\/eldigitaldeasturias.com\/magazine365\/wp-json\/wp\/v2\/media\/39192"}],"wp:attachment":[{"href":"https:\/\/eldigitaldeasturias.com\/magazine365\/wp-json\/wp\/v2\/media?parent=39191"}],"wp:term":[{"taxonomy":"category","embeddable":true,"href":"https:\/\/eldigitaldeasturias.com\/magazine365\/wp-json\/wp\/v2\/categories?post=39191"},{"taxonomy":"post_tag","embeddable":true,"href":"https:\/\/eldigitaldeasturias.com\/magazine365\/wp-json\/wp\/v2\/tags?post=39191"}],"curies":[{"name":"wp","href":"https:\/\/api.w.org\/{rel}","templated":true}]}}