{"id":39178,"date":"2015-06-09T04:58:42","date_gmt":"2015-06-09T03:28:42","guid":{"rendered":"http:\/\/eldigitaldeasturias.com\/magazine365\/?p=39178"},"modified":"2015-06-09T04:58:42","modified_gmt":"2015-06-09T03:28:42","slug":"presentado-el-proyecto-de-sendero-peatonal-entre-las-playas-de-fuentebravia-y-las-redes","status":"publish","type":"post","link":"https:\/\/eldigitaldeasturias.com\/magazine365\/presentado-el-proyecto-de-sendero-peatonal-entre-las-playas-de-fuentebravia-y-las-redes\/","title":{"rendered":"Presentado el proyecto de sendero peatonal entre las playas de Fuentebrav\u00eda y Las Redes"},"content":{"rendered":"<p><img fetchpriority=\"high\" decoding=\"async\" class=\"alignleft size-medium wp-image-39179\" src=\"https:\/\/eldigitaldeasturias.com\/magazine365\/wp-content\/uploads\/2015\/06\/fotonoticia_20150608151821_800-360x270.jpg\" alt=\"fotonoticia_20150608151821_800\" width=\"360\" height=\"270\" srcset=\"https:\/\/eldigitaldeasturias.com\/magazine365\/wp-content\/uploads\/2015\/06\/fotonoticia_20150608151821_800-360x270.jpg 360w, https:\/\/eldigitaldeasturias.com\/magazine365\/wp-content\/uploads\/2015\/06\/fotonoticia_20150608151821_800-650x488.jpg 650w, https:\/\/eldigitaldeasturias.com\/magazine365\/wp-content\/uploads\/2015\/06\/fotonoticia_20150608151821_800-768x576.jpg 768w, https:\/\/eldigitaldeasturias.com\/magazine365\/wp-content\/uploads\/2015\/06\/fotonoticia_20150608151821_800-150x113.jpg 150w, https:\/\/eldigitaldeasturias.com\/magazine365\/wp-content\/uploads\/2015\/06\/fotonoticia_20150608151821_800-450x338.jpg 450w, https:\/\/eldigitaldeasturias.com\/magazine365\/wp-content\/uploads\/2015\/06\/fotonoticia_20150608151821_800-80x60.jpg 80w, https:\/\/eldigitaldeasturias.com\/magazine365\/wp-content\/uploads\/2015\/06\/fotonoticia_20150608151821_800-265x198.jpg 265w, https:\/\/eldigitaldeasturias.com\/magazine365\/wp-content\/uploads\/2015\/06\/fotonoticia_20150608151821_800-696x522.jpg 696w, https:\/\/eldigitaldeasturias.com\/magazine365\/wp-content\/uploads\/2015\/06\/fotonoticia_20150608151821_800-560x420.jpg 560w, https:\/\/eldigitaldeasturias.com\/magazine365\/wp-content\/uploads\/2015\/06\/fotonoticia_20150608151821_800-90x67.jpg 90w, https:\/\/eldigitaldeasturias.com\/magazine365\/wp-content\/uploads\/2015\/06\/fotonoticia_20150608151821_800-100x75.jpg 100w, https:\/\/eldigitaldeasturias.com\/magazine365\/wp-content\/uploads\/2015\/06\/fotonoticia_20150608151821_800.jpg 800w\" sizes=\"(max-width: 360px) 100vw, 360px\" \/>El subdelegado del Gobierno en C\u00e1diz, Javier de Torre, junto con el alcalde en funciones del El Puerto de Santa Mar\u00eda, Alfonso Cand\u00f3n (PP), y el jefe de la Demarcaci\u00f3n de Costas en Andaluc\u00eda-Atl\u00e1ntico, Patricio Poullet, han presentado este lunes el proyecto de sendero peatonal entre las playas portuenses de Fuentebrav\u00eda y Las Redes.<\/p>\n<p>En una nota, la Subdelegaci\u00f3n explica que el objetivo principal del proyecto es permitir el tr\u00e1nsito a pie o en bicicleta a lo largo del frente costero mediante una pasarela de madera entre las playas de Fuentebrav\u00eda y Las Redes, por la playa de Santa Catalina.<\/p>\n<p>El presupuesto base de licitaci\u00f3n asciende a 1.436.243 euros y, tras haberse sometido a informaci\u00f3n p\u00fablica entre abril y mayo, s\u00f3lo est\u00e1 pendiente de las posibles peque\u00f1as modificaciones t\u00e9cnicas que entienda Madrid que encajan mejor en la normativa de Costas. Tras desarrollarse el proceso de licitaci\u00f3n y de adjudicaci\u00f3n, el plazo de ejecuci\u00f3n estimado es de seis meses.<\/p>\n<p>El subdelegado ha destacado que esta zona de la costa es de las pocas que no cuentan con un sendero o comunicaci\u00f3n peatonal, por lo que el Gobierno, con la ministra de Agricultura, Alimentaci\u00f3n y Medio Ambiente y la Direcci\u00f3n General de Costas, \u00abhan dado pleno apoyo a este proyecto, que cuenta con el benepl\u00e1cito del Ayuntamiento y que supondr\u00e1 una mejora considerable para una zona residencial y tur\u00edstica de gran valor\u00bb.<\/p>\n<p>De Torre ha destacado el trabajo a favor de la costa portuense desarrollado en esta legislatura, con la construcci\u00f3n del espig\u00f3n en Fuentebrav\u00eda y la conexi\u00f3n de la misma con Las Redes por medio de este sendero.<\/p>\n<p>SENDERO PEATONAL<\/p>\n<p>La actuaci\u00f3n consiste en la construcci\u00f3n de un sendero peatonal que discurre por el borde exterior de la ribera del mar, paralelo a la playa de Santa Catalina, construido sobre la cabeza del muro de mamposter\u00eda existente a la espalda de la misma y que une las playas de Fuentebrav\u00eda y Las Redes, con una longitud de 1.117 metros.<\/p>\n<p>El inicio del sendero tiene lugar en Punta Bermeja, conectando con el paseo existente, y finaliza en la glorieta de confluencia de las calles Mar Egeo, Mar Adri\u00e1tico, Oc\u00e9ano Atl\u00e1ntico y Oc\u00e9ano Pac\u00edfico.<\/p>\n<p>La construcci\u00f3n de este sendero permitir\u00e1 acometer otras actuaciones complementarias, como la demolici\u00f3n parcial de la explanada y relleno existente sobre la playa, as\u00ed como del muro existente en el acceso a la playa desde Las Redes, lo que permitir\u00e1 la recuperaci\u00f3n de 2.550 metros cuadrados de playa.<\/p>\n<p>Asimismo, con la rehabilitaci\u00f3n del acceso peatonal a la playa desde la calle Mar Egeo, se reubicar\u00e1 el chiringuito existente permitiendo la implantaci\u00f3n de los servicios de primeros auxilios y botiqu\u00edn, ambulancias, aseos y centro de actividades n\u00e1uticas, disponiendo plazas para estacionamiento de personas con movilidad reducida.<\/p>\n<p>Tambi\u00e9n se va a realizar un extendido de arena a lo largo de la playa de Santa Catalina y se van a disponer varios accesos de madera a la playa desde el sendero.<\/p>\n<p>El proyecto contempla la ejecuci\u00f3n de un nuevo muro de mamposter\u00eda con barandilla de madera que d\u00e9 continuidad al existente, rodeando la nueva configuraci\u00f3n en planta de la playa y restaurando el actual, donde se recolocar\u00e1 la escollera.<\/p>\n<p>Para completar la actuaci\u00f3n, se dispondr\u00e1 alumbrado a lo largo de la senda peatonal y en la plataforma de Las Redes, se repondr\u00e1n los servicios afectados y se acondicionar\u00e1 como parque parte de la parcela situada junto a la bolsa de aparcamientos de la calle Mar Egeo.<\/p>\n<p>ESPIG\u00d3N DE FUENTEBRAV\u00cdA Y REGENERACI\u00d3N<\/p>\n<p>El subdelegado tambi\u00e9n ha hecho referencia al espig\u00f3n de 250 metros de longitud construido en la playa de Fuentebrav\u00eda para evitar la p\u00e9rdida de arena con los temporales, con una inversi\u00f3n de 660.000 euros, \u00abalgo absolutamente necesario como consecuencia de los movimientos naturales de las mareas que causaban vaciados de arena y que requer\u00edan una soluci\u00f3n t\u00e9cnica importante, como ese espig\u00f3n que se concluy\u00f3 hace dos a\u00f1os\u00bb.<\/p>\n<p>Sin embargo, problemas con la ejecuci\u00f3n por parte de la Autoridad Portuaria Bah\u00eda de C\u00e1diz (APBC) de la Declaraci\u00f3n de Impacto Ambiental de la terminal de contenedores exterior, impidi\u00f3 que el a\u00f1o pasado se vertiese la arena en ese momento.<\/p>\n<p>\u00abNo obstante la APBC, que depende de Puertos del Estado, se comprometi\u00f3 a realizarlo este a\u00f1o y ya est\u00e1n aportando 25.000 metros c\u00fabicos de arena, procedentes del dragado de la bocana de &#8216;Puerto Sherry'\u00bb, ha informado el subdelegado.<\/p>\n<p>Costas, consciente de que ese aporte por parte de la APBC ser\u00eda insuficiente para la calidad necesaria en esta playa, elabor\u00f3 un proyecto de regeneraci\u00f3n de arena para aportar otros 100.000 metros c\u00fabicos.<\/p>\n<p>En estos momentos se est\u00e1 instalando el tubo en la parte exterior de la playa que la conecte con la draga que trae la arena procedente de &#8216;El Placer de Meca&#8217; de alta calidad, utilizada tambi\u00e9n en la regeneraci\u00f3n de las playas de La Victoria y Santa Mar\u00eda del Mar, en C\u00e1diz y en Camposoto, en San Fernando.<\/p>\n<p>Esta actuaci\u00f3n de Costas, con aporte de 100.000 metros c\u00fabicos y una inversi\u00f3n de 1,2 millones de euros, estar\u00e1 finalizada en pocos d\u00edas y permitir\u00e1 a portuenses y visitantes disfrutar de la playa de Fuentebrav\u00eda en las mejores condiciones este mismo verano, \u00abcumpliendo un doble objetivo: proteger el litoral y mantenerlo en perfectas condiciones medioambientales y, por otro lado, prepararlo para recibir al turismo, una actividad econ\u00f3mica capital para El Puerto\u00bb.<\/p>\n","protected":false},"excerpt":{"rendered":"<p>El subdelegado del Gobierno en C\u00e1diz, Javier de Torre, junto con el alcalde en funciones del El Puerto de Santa Mar\u00eda, Alfonso Cand\u00f3n (PP), y el jefe de la Demarcaci\u00f3n de Costas en Andaluc\u00eda-Atl\u00e1ntico, Patricio Poullet, han presentado este lunes el proyecto de sendero peatonal entre las playas portuenses de Fuentebrav\u00eda y Las Redes. En<\/p>\n","protected":false},"author":1,"featured_media":39179,"comment_status":"open","ping_status":"closed","sticky":false,"template":"","format":"standard","meta":{"footnotes":""},"categories":[222],"tags":[],"class_list":{"0":"post-39178","1":"post","2":"type-post","3":"status-publish","4":"format-standard","5":"has-post-thumbnail","7":"category-actualidad-turismo"},"aioseo_notices":[],"aioseo_head":"\n\t\t<!-- All in One SEO Pro 4.9.6.1 - aioseo.com -->\n\t<meta name=\"description\" content=\"El subdelegado del Gobierno en C\u00e1diz, Javier de Torre, junto con el alcalde en funciones del El Puerto de Santa Mar\u00eda, Alfonso Cand\u00f3n (PP), y el jefe de la Demarcaci\u00f3n de Costas en Andaluc\u00eda-Atl\u00e1ntico, Patricio Poullet, han presentado este lunes el proyecto de sendero peatonal entre las playas portuenses de Fuentebrav\u00eda y Las Redes. En\" \/>\n\t<meta name=\"robots\" content=\"max-image-preview:large\" \/>\n\t<meta name=\"author\" content=\"admin\"\/>\n\t<meta name=\"google-site-verification\" content=\"UA-38556648-1\" \/>\n\t<meta name=\"keywords\" content=\"actualidad turismo\" \/>\n\t<link rel=\"canonical\" href=\"https:\/\/eldigitaldeasturias.com\/magazine365\/presentado-el-proyecto-de-sendero-peatonal-entre-las-playas-de-fuentebravia-y-las-redes\/\" \/>\n\t<meta name=\"generator\" content=\"All in One SEO Pro (AIOSEO) 4.9.6.1\" \/>\n\t\t<meta property=\"og:locale\" content=\"es_ES\" \/>\n\t\t<meta property=\"og:site_name\" content=\"El Digital de Asturias \u2013 Revista de ocio, turismo y estilo de vida\" \/>\n\t\t<meta property=\"og:type\" content=\"article\" \/>\n\t\t<meta property=\"og:title\" content=\"Presentado el proyecto de sendero peatonal entre las playas de Fuentebrav\u00eda y Las Redes | El Digital de Asturias\" \/>\n\t\t<meta property=\"og:description\" content=\"El subdelegado del Gobierno en C\u00e1diz, Javier de Torre, junto con el alcalde en funciones del El Puerto de Santa Mar\u00eda, Alfonso Cand\u00f3n (PP), y el jefe de la Demarcaci\u00f3n de Costas en Andaluc\u00eda-Atl\u00e1ntico, Patricio Poullet, han presentado este lunes el proyecto de sendero peatonal entre las playas portuenses de Fuentebrav\u00eda y Las Redes. En\" \/>\n\t\t<meta property=\"og:url\" content=\"https:\/\/eldigitaldeasturias.com\/magazine365\/presentado-el-proyecto-de-sendero-peatonal-entre-las-playas-de-fuentebravia-y-las-redes\/\" \/>\n\t\t<meta property=\"og:image\" content=\"https:\/\/eldigitaldeasturias.com\/magazine365\/wp-content\/uploads\/2015\/06\/fotonoticia_20150608151821_800.jpg\" \/>\n\t\t<meta property=\"og:image:secure_url\" content=\"https:\/\/eldigitaldeasturias.com\/magazine365\/wp-content\/uploads\/2015\/06\/fotonoticia_20150608151821_800.jpg\" \/>\n\t\t<meta property=\"og:image:width\" content=\"800\" \/>\n\t\t<meta property=\"og:image:height\" content=\"600\" \/>\n\t\t<meta property=\"article:published_time\" content=\"2015-06-09T03:28:42+00:00\" \/>\n\t\t<meta property=\"article:modified_time\" content=\"2015-06-09T03:28:42+00:00\" \/>\n\t\t<meta name=\"twitter:card\" content=\"summary_large_image\" \/>\n\t\t<meta name=\"twitter:title\" content=\"Presentado el proyecto de sendero peatonal entre las playas de Fuentebrav\u00eda y Las Redes | El Digital de Asturias\" \/>\n\t\t<meta name=\"twitter:description\" content=\"El subdelegado del Gobierno en C\u00e1diz, Javier de Torre, junto con el alcalde en funciones del El Puerto de Santa Mar\u00eda, Alfonso Cand\u00f3n (PP), y el jefe de la Demarcaci\u00f3n de Costas en Andaluc\u00eda-Atl\u00e1ntico, Patricio Poullet, han presentado este lunes el proyecto de sendero peatonal entre las playas portuenses de Fuentebrav\u00eda y Las Redes. En\" \/>\n\t\t<meta name=\"twitter:image\" content=\"https:\/\/eldigitaldeasturias.com\/magazine365\/wp-content\/uploads\/2015\/06\/fotonoticia_20150608151821_800.jpg\" \/>\n\t\t<script type=\"application\/ld+json\" class=\"aioseo-schema\">\n\t\t\t{\"@context\":\"https:\\\/\\\/schema.org\",\"@graph\":[{\"@type\":\"Article\",\"@id\":\"https:\\\/\\\/eldigitaldeasturias.com\\\/magazine365\\\/presentado-el-proyecto-de-sendero-peatonal-entre-las-playas-de-fuentebravia-y-las-redes\\\/#article\",\"name\":\"Presentado el proyecto de sendero peatonal entre las playas de Fuentebrav\\u00eda y Las Redes | El Digital de Asturias\",\"headline\":\"Presentado el proyecto de sendero peatonal entre las playas de Fuentebrav\\u00eda y Las Redes\",\"author\":{\"@id\":\"https:\\\/\\\/eldigitaldeasturias.com\\\/magazine365\\\/author\\\/admin\\\/#author\"},\"publisher\":{\"@id\":\"https:\\\/\\\/eldigitaldeasturias.com\\\/magazine365\\\/#organization\"},\"image\":{\"@type\":\"ImageObject\",\"url\":\"https:\\\/\\\/eldigitaldeasturias.com\\\/magazine365\\\/wp-content\\\/uploads\\\/2015\\\/06\\\/fotonoticia_20150608151821_800.jpg\",\"width\":800,\"height\":600},\"datePublished\":\"2015-06-09T04:58:42+02:00\",\"dateModified\":\"2015-06-09T04:58:42+02:00\",\"inLanguage\":\"es-ES\",\"mainEntityOfPage\":{\"@id\":\"https:\\\/\\\/eldigitaldeasturias.com\\\/magazine365\\\/presentado-el-proyecto-de-sendero-peatonal-entre-las-playas-de-fuentebravia-y-las-redes\\\/#webpage\"},\"isPartOf\":{\"@id\":\"https:\\\/\\\/eldigitaldeasturias.com\\\/magazine365\\\/presentado-el-proyecto-de-sendero-peatonal-entre-las-playas-de-fuentebravia-y-las-redes\\\/#webpage\"},\"articleSection\":\"Actualidad Turismo\"},{\"@type\":\"BreadcrumbList\",\"@id\":\"https:\\\/\\\/eldigitaldeasturias.com\\\/magazine365\\\/presentado-el-proyecto-de-sendero-peatonal-entre-las-playas-de-fuentebravia-y-las-redes\\\/#breadcrumblist\",\"itemListElement\":[{\"@type\":\"ListItem\",\"@id\":\"https:\\\/\\\/eldigitaldeasturias.com\\\/magazine365#listItem\",\"position\":1,\"name\":\"Home\",\"item\":\"https:\\\/\\\/eldigitaldeasturias.com\\\/magazine365\",\"nextItem\":{\"@type\":\"ListItem\",\"@id\":\"https:\\\/\\\/eldigitaldeasturias.com\\\/magazine365\\\/category\\\/actualidad-turismo\\\/#listItem\",\"name\":\"Actualidad Turismo\"}},{\"@type\":\"ListItem\",\"@id\":\"https:\\\/\\\/eldigitaldeasturias.com\\\/magazine365\\\/category\\\/actualidad-turismo\\\/#listItem\",\"position\":2,\"name\":\"Actualidad Turismo\",\"item\":\"https:\\\/\\\/eldigitaldeasturias.com\\\/magazine365\\\/category\\\/actualidad-turismo\\\/\",\"nextItem\":{\"@type\":\"ListItem\",\"@id\":\"https:\\\/\\\/eldigitaldeasturias.com\\\/magazine365\\\/presentado-el-proyecto-de-sendero-peatonal-entre-las-playas-de-fuentebravia-y-las-redes\\\/#listItem\",\"name\":\"Presentado el proyecto de sendero peatonal entre las playas de Fuentebrav\\u00eda y Las Redes\"},\"previousItem\":{\"@type\":\"ListItem\",\"@id\":\"https:\\\/\\\/eldigitaldeasturias.com\\\/magazine365#listItem\",\"name\":\"Home\"}},{\"@type\":\"ListItem\",\"@id\":\"https:\\\/\\\/eldigitaldeasturias.com\\\/magazine365\\\/presentado-el-proyecto-de-sendero-peatonal-entre-las-playas-de-fuentebravia-y-las-redes\\\/#listItem\",\"position\":3,\"name\":\"Presentado el proyecto de sendero peatonal entre las playas de Fuentebrav\\u00eda y Las Redes\",\"previousItem\":{\"@type\":\"ListItem\",\"@id\":\"https:\\\/\\\/eldigitaldeasturias.com\\\/magazine365\\\/category\\\/actualidad-turismo\\\/#listItem\",\"name\":\"Actualidad Turismo\"}}]},{\"@type\":\"Organization\",\"@id\":\"https:\\\/\\\/eldigitaldeasturias.com\\\/magazine365\\\/#organization\",\"name\":\"El digital de Asturias\",\"description\":\"Revista de ocio, turismo y estilo de vida\",\"url\":\"https:\\\/\\\/eldigitaldeasturias.com\\\/magazine365\\\/\",\"logo\":{\"@type\":\"ImageObject\",\"url\":\"https:\\\/\\\/www.eldigitaldeasturias.com\\\/noticias\\\/wp-content\\\/uploads\\\/2020\\\/12\\\/EDA.jpg\",\"@id\":\"https:\\\/\\\/eldigitaldeasturias.com\\\/magazine365\\\/presentado-el-proyecto-de-sendero-peatonal-entre-las-playas-de-fuentebravia-y-las-redes\\\/#organizationLogo\"},\"image\":{\"@id\":\"https:\\\/\\\/eldigitaldeasturias.com\\\/magazine365\\\/presentado-el-proyecto-de-sendero-peatonal-entre-las-playas-de-fuentebravia-y-las-redes\\\/#organizationLogo\"}},{\"@type\":\"Person\",\"@id\":\"https:\\\/\\\/eldigitaldeasturias.com\\\/magazine365\\\/author\\\/admin\\\/#author\",\"url\":\"https:\\\/\\\/eldigitaldeasturias.com\\\/magazine365\\\/author\\\/admin\\\/\",\"name\":\"admin\",\"image\":{\"@type\":\"ImageObject\",\"@id\":\"https:\\\/\\\/eldigitaldeasturias.com\\\/magazine365\\\/presentado-el-proyecto-de-sendero-peatonal-entre-las-playas-de-fuentebravia-y-las-redes\\\/#authorImage\",\"url\":\"https:\\\/\\\/eldigitaldeasturias.com\\\/magazine365\\\/wp-content\\\/litespeed\\\/avatar\\\/e571bcf59a0edd6fa6838245a470f2fe.jpg?ver=1776969259\",\"width\":96,\"height\":96,\"caption\":\"admin\"}},{\"@type\":\"WebPage\",\"@id\":\"https:\\\/\\\/eldigitaldeasturias.com\\\/magazine365\\\/presentado-el-proyecto-de-sendero-peatonal-entre-las-playas-de-fuentebravia-y-las-redes\\\/#webpage\",\"url\":\"https:\\\/\\\/eldigitaldeasturias.com\\\/magazine365\\\/presentado-el-proyecto-de-sendero-peatonal-entre-las-playas-de-fuentebravia-y-las-redes\\\/\",\"name\":\"Presentado el proyecto de sendero peatonal entre las playas de Fuentebrav\\u00eda y Las Redes | El Digital de Asturias\",\"description\":\"El subdelegado del Gobierno en C\\u00e1diz, Javier de Torre, junto con el alcalde en funciones del El Puerto de Santa Mar\\u00eda, Alfonso Cand\\u00f3n (PP), y el jefe de la Demarcaci\\u00f3n de Costas en Andaluc\\u00eda-Atl\\u00e1ntico, Patricio Poullet, han presentado este lunes el proyecto de sendero peatonal entre las playas portuenses de Fuentebrav\\u00eda y Las Redes. En\",\"inLanguage\":\"es-ES\",\"isPartOf\":{\"@id\":\"https:\\\/\\\/eldigitaldeasturias.com\\\/magazine365\\\/#website\"},\"breadcrumb\":{\"@id\":\"https:\\\/\\\/eldigitaldeasturias.com\\\/magazine365\\\/presentado-el-proyecto-de-sendero-peatonal-entre-las-playas-de-fuentebravia-y-las-redes\\\/#breadcrumblist\"},\"author\":{\"@id\":\"https:\\\/\\\/eldigitaldeasturias.com\\\/magazine365\\\/author\\\/admin\\\/#author\"},\"creator\":{\"@id\":\"https:\\\/\\\/eldigitaldeasturias.com\\\/magazine365\\\/author\\\/admin\\\/#author\"},\"image\":{\"@type\":\"ImageObject\",\"url\":\"https:\\\/\\\/eldigitaldeasturias.com\\\/magazine365\\\/wp-content\\\/uploads\\\/2015\\\/06\\\/fotonoticia_20150608151821_800.jpg\",\"@id\":\"https:\\\/\\\/eldigitaldeasturias.com\\\/magazine365\\\/presentado-el-proyecto-de-sendero-peatonal-entre-las-playas-de-fuentebravia-y-las-redes\\\/#mainImage\",\"width\":800,\"height\":600},\"primaryImageOfPage\":{\"@id\":\"https:\\\/\\\/eldigitaldeasturias.com\\\/magazine365\\\/presentado-el-proyecto-de-sendero-peatonal-entre-las-playas-de-fuentebravia-y-las-redes\\\/#mainImage\"},\"datePublished\":\"2015-06-09T04:58:42+02:00\",\"dateModified\":\"2015-06-09T04:58:42+02:00\"},{\"@type\":\"WebSite\",\"@id\":\"https:\\\/\\\/eldigitaldeasturias.com\\\/magazine365\\\/#website\",\"url\":\"https:\\\/\\\/eldigitaldeasturias.com\\\/magazine365\\\/\",\"name\":\"El Digital de Asturias\",\"description\":\"Revista de ocio, turismo y estilo de vida\",\"inLanguage\":\"es-ES\",\"publisher\":{\"@id\":\"https:\\\/\\\/eldigitaldeasturias.com\\\/magazine365\\\/#organization\"}}]}\n\t\t<\/script>\n\t\t<!-- All in One SEO Pro -->\r\n\t\t<title>Presentado el proyecto de sendero peatonal entre las playas de Fuentebrav\u00eda y Las Redes | El Digital de Asturias<\/title>\n\n","aioseo_head_json":{"title":"Presentado el proyecto de sendero peatonal entre las playas de Fuentebrav\u00eda y Las Redes | El Digital de Asturias","description":"El subdelegado del Gobierno en C\u00e1diz, Javier de Torre, junto con el alcalde en funciones del El Puerto de Santa Mar\u00eda, Alfonso Cand\u00f3n (PP), y el jefe de la Demarcaci\u00f3n de Costas en Andaluc\u00eda-Atl\u00e1ntico, Patricio Poullet, han presentado este lunes el proyecto de sendero peatonal entre las playas portuenses de Fuentebrav\u00eda y Las Redes. En","canonical_url":"https:\/\/eldigitaldeasturias.com\/magazine365\/presentado-el-proyecto-de-sendero-peatonal-entre-las-playas-de-fuentebravia-y-las-redes\/","robots":"max-image-preview:large","keywords":"actualidad turismo","webmasterTools":{"google-site-verification":"UA-38556648-1","miscellaneous":""},"schema":{"@context":"https:\/\/schema.org","@graph":[{"@type":"Article","@id":"https:\/\/eldigitaldeasturias.com\/magazine365\/presentado-el-proyecto-de-sendero-peatonal-entre-las-playas-de-fuentebravia-y-las-redes\/#article","name":"Presentado el proyecto de sendero peatonal entre las playas de Fuentebrav\u00eda y Las Redes | El Digital de Asturias","headline":"Presentado el proyecto de sendero peatonal entre las playas de Fuentebrav\u00eda y Las Redes","author":{"@id":"https:\/\/eldigitaldeasturias.com\/magazine365\/author\/admin\/#author"},"publisher":{"@id":"https:\/\/eldigitaldeasturias.com\/magazine365\/#organization"},"image":{"@type":"ImageObject","url":"https:\/\/eldigitaldeasturias.com\/magazine365\/wp-content\/uploads\/2015\/06\/fotonoticia_20150608151821_800.jpg","width":800,"height":600},"datePublished":"2015-06-09T04:58:42+02:00","dateModified":"2015-06-09T04:58:42+02:00","inLanguage":"es-ES","mainEntityOfPage":{"@id":"https:\/\/eldigitaldeasturias.com\/magazine365\/presentado-el-proyecto-de-sendero-peatonal-entre-las-playas-de-fuentebravia-y-las-redes\/#webpage"},"isPartOf":{"@id":"https:\/\/eldigitaldeasturias.com\/magazine365\/presentado-el-proyecto-de-sendero-peatonal-entre-las-playas-de-fuentebravia-y-las-redes\/#webpage"},"articleSection":"Actualidad Turismo"},{"@type":"BreadcrumbList","@id":"https:\/\/eldigitaldeasturias.com\/magazine365\/presentado-el-proyecto-de-sendero-peatonal-entre-las-playas-de-fuentebravia-y-las-redes\/#breadcrumblist","itemListElement":[{"@type":"ListItem","@id":"https:\/\/eldigitaldeasturias.com\/magazine365#listItem","position":1,"name":"Home","item":"https:\/\/eldigitaldeasturias.com\/magazine365","nextItem":{"@type":"ListItem","@id":"https:\/\/eldigitaldeasturias.com\/magazine365\/category\/actualidad-turismo\/#listItem","name":"Actualidad Turismo"}},{"@type":"ListItem","@id":"https:\/\/eldigitaldeasturias.com\/magazine365\/category\/actualidad-turismo\/#listItem","position":2,"name":"Actualidad Turismo","item":"https:\/\/eldigitaldeasturias.com\/magazine365\/category\/actualidad-turismo\/","nextItem":{"@type":"ListItem","@id":"https:\/\/eldigitaldeasturias.com\/magazine365\/presentado-el-proyecto-de-sendero-peatonal-entre-las-playas-de-fuentebravia-y-las-redes\/#listItem","name":"Presentado el proyecto de sendero peatonal entre las playas de Fuentebrav\u00eda y Las Redes"},"previousItem":{"@type":"ListItem","@id":"https:\/\/eldigitaldeasturias.com\/magazine365#listItem","name":"Home"}},{"@type":"ListItem","@id":"https:\/\/eldigitaldeasturias.com\/magazine365\/presentado-el-proyecto-de-sendero-peatonal-entre-las-playas-de-fuentebravia-y-las-redes\/#listItem","position":3,"name":"Presentado el proyecto de sendero peatonal entre las playas de Fuentebrav\u00eda y Las Redes","previousItem":{"@type":"ListItem","@id":"https:\/\/eldigitaldeasturias.com\/magazine365\/category\/actualidad-turismo\/#listItem","name":"Actualidad Turismo"}}]},{"@type":"Organization","@id":"https:\/\/eldigitaldeasturias.com\/magazine365\/#organization","name":"El digital de Asturias","description":"Revista de ocio, turismo y estilo de vida","url":"https:\/\/eldigitaldeasturias.com\/magazine365\/","logo":{"@type":"ImageObject","url":"https:\/\/www.eldigitaldeasturias.com\/noticias\/wp-content\/uploads\/2020\/12\/EDA.jpg","@id":"https:\/\/eldigitaldeasturias.com\/magazine365\/presentado-el-proyecto-de-sendero-peatonal-entre-las-playas-de-fuentebravia-y-las-redes\/#organizationLogo"},"image":{"@id":"https:\/\/eldigitaldeasturias.com\/magazine365\/presentado-el-proyecto-de-sendero-peatonal-entre-las-playas-de-fuentebravia-y-las-redes\/#organizationLogo"}},{"@type":"Person","@id":"https:\/\/eldigitaldeasturias.com\/magazine365\/author\/admin\/#author","url":"https:\/\/eldigitaldeasturias.com\/magazine365\/author\/admin\/","name":"admin","image":{"@type":"ImageObject","@id":"https:\/\/eldigitaldeasturias.com\/magazine365\/presentado-el-proyecto-de-sendero-peatonal-entre-las-playas-de-fuentebravia-y-las-redes\/#authorImage","url":"https:\/\/eldigitaldeasturias.com\/magazine365\/wp-content\/litespeed\/avatar\/e571bcf59a0edd6fa6838245a470f2fe.jpg?ver=1776969259","width":96,"height":96,"caption":"admin"}},{"@type":"WebPage","@id":"https:\/\/eldigitaldeasturias.com\/magazine365\/presentado-el-proyecto-de-sendero-peatonal-entre-las-playas-de-fuentebravia-y-las-redes\/#webpage","url":"https:\/\/eldigitaldeasturias.com\/magazine365\/presentado-el-proyecto-de-sendero-peatonal-entre-las-playas-de-fuentebravia-y-las-redes\/","name":"Presentado el proyecto de sendero peatonal entre las playas de Fuentebrav\u00eda y Las Redes | El Digital de Asturias","description":"El subdelegado del Gobierno en C\u00e1diz, Javier de Torre, junto con el alcalde en funciones del El Puerto de Santa Mar\u00eda, Alfonso Cand\u00f3n (PP), y el jefe de la Demarcaci\u00f3n de Costas en Andaluc\u00eda-Atl\u00e1ntico, Patricio Poullet, han presentado este lunes el proyecto de sendero peatonal entre las playas portuenses de Fuentebrav\u00eda y Las Redes. En","inLanguage":"es-ES","isPartOf":{"@id":"https:\/\/eldigitaldeasturias.com\/magazine365\/#website"},"breadcrumb":{"@id":"https:\/\/eldigitaldeasturias.com\/magazine365\/presentado-el-proyecto-de-sendero-peatonal-entre-las-playas-de-fuentebravia-y-las-redes\/#breadcrumblist"},"author":{"@id":"https:\/\/eldigitaldeasturias.com\/magazine365\/author\/admin\/#author"},"creator":{"@id":"https:\/\/eldigitaldeasturias.com\/magazine365\/author\/admin\/#author"},"image":{"@type":"ImageObject","url":"https:\/\/eldigitaldeasturias.com\/magazine365\/wp-content\/uploads\/2015\/06\/fotonoticia_20150608151821_800.jpg","@id":"https:\/\/eldigitaldeasturias.com\/magazine365\/presentado-el-proyecto-de-sendero-peatonal-entre-las-playas-de-fuentebravia-y-las-redes\/#mainImage","width":800,"height":600},"primaryImageOfPage":{"@id":"https:\/\/eldigitaldeasturias.com\/magazine365\/presentado-el-proyecto-de-sendero-peatonal-entre-las-playas-de-fuentebravia-y-las-redes\/#mainImage"},"datePublished":"2015-06-09T04:58:42+02:00","dateModified":"2015-06-09T04:58:42+02:00"},{"@type":"WebSite","@id":"https:\/\/eldigitaldeasturias.com\/magazine365\/#website","url":"https:\/\/eldigitaldeasturias.com\/magazine365\/","name":"El Digital de Asturias","description":"Revista de ocio, turismo y estilo de vida","inLanguage":"es-ES","publisher":{"@id":"https:\/\/eldigitaldeasturias.com\/magazine365\/#organization"}}]},"og:locale":"es_ES","og:site_name":"El Digital de Asturias \u2013 Revista de ocio, turismo y estilo de vida","og:type":"article","og:title":"Presentado el proyecto de sendero peatonal entre las playas de Fuentebrav\u00eda y Las Redes | El Digital de Asturias","og:description":"El subdelegado del Gobierno en C\u00e1diz, Javier de Torre, junto con el alcalde en funciones del El Puerto de Santa Mar\u00eda, Alfonso Cand\u00f3n (PP), y el jefe de la Demarcaci\u00f3n de Costas en Andaluc\u00eda-Atl\u00e1ntico, Patricio Poullet, han presentado este lunes el proyecto de sendero peatonal entre las playas portuenses de Fuentebrav\u00eda y Las Redes. En","og:url":"https:\/\/eldigitaldeasturias.com\/magazine365\/presentado-el-proyecto-de-sendero-peatonal-entre-las-playas-de-fuentebravia-y-las-redes\/","og:image":"https:\/\/eldigitaldeasturias.com\/magazine365\/wp-content\/uploads\/2015\/06\/fotonoticia_20150608151821_800.jpg","og:image:secure_url":"https:\/\/eldigitaldeasturias.com\/magazine365\/wp-content\/uploads\/2015\/06\/fotonoticia_20150608151821_800.jpg","og:image:width":800,"og:image:height":600,"article:published_time":"2015-06-09T03:28:42+00:00","article:modified_time":"2015-06-09T03:28:42+00:00","twitter:card":"summary_large_image","twitter:title":"Presentado el proyecto de sendero peatonal entre las playas de Fuentebrav\u00eda y Las Redes | El Digital de Asturias","twitter:description":"El subdelegado del Gobierno en C\u00e1diz, Javier de Torre, junto con el alcalde en funciones del El Puerto de Santa Mar\u00eda, Alfonso Cand\u00f3n (PP), y el jefe de la Demarcaci\u00f3n de Costas en Andaluc\u00eda-Atl\u00e1ntico, Patricio Poullet, han presentado este lunes el proyecto de sendero peatonal entre las playas portuenses de Fuentebrav\u00eda y Las Redes. En","twitter:image":"https:\/\/eldigitaldeasturias.com\/magazine365\/wp-content\/uploads\/2015\/06\/fotonoticia_20150608151821_800.jpg"},"aioseo_meta_data":{"post_id":"39178","title":null,"description":null,"keywords":null,"keyphrases":null,"primary_term":null,"canonical_url":null,"og_title":null,"og_description":null,"og_object_type":"default","og_image_type":"default","og_image_url":null,"og_image_width":null,"og_image_height":null,"og_image_custom_url":null,"og_image_custom_fields":null,"og_video":null,"og_custom_url":null,"og_article_section":null,"og_article_tags":null,"twitter_use_og":false,"twitter_card":"default","twitter_image_type":"default","twitter_image_url":null,"twitter_image_custom_url":null,"twitter_image_custom_fields":null,"twitter_title":null,"twitter_description":null,"schema":{"blockGraphs":[],"customGraphs":[],"default":{"data":{"Article":[],"Course":[],"Dataset":[],"FAQPage":[],"Movie":[],"Person":[],"Product":[],"ProductReview":[],"Car":[],"Recipe":[],"Service":[],"SoftwareApplication":[],"WebPage":[]},"graphName":"","isEnabled":true},"graphs":[],"defaultGraph":"","defaultPostTypeGraph":""},"schema_type":null,"schema_type_options":null,"pillar_content":false,"robots_default":true,"robots_noindex":false,"robots_noarchive":false,"robots_nosnippet":false,"robots_nofollow":false,"robots_noimageindex":false,"robots_noodp":false,"robots_notranslate":false,"robots_max_snippet":null,"robots_max_videopreview":null,"robots_max_imagepreview":"large","priority":null,"frequency":null,"location":null,"local_seo":null,"seo_analyzer_scan_date":"2025-09-19 11:07:07","breadcrumb_settings":null,"limit_modified_date":false,"open_ai":null,"ai":null,"created":"2021-03-09 02:44:43","updated":"2025-09-19 11:07:07"},"aioseo_breadcrumb":"<div class=\"aioseo-breadcrumbs\"><span class=\"aioseo-breadcrumb\">\n\t<a href=\"https:\/\/eldigitaldeasturias.com\/magazine365\" title=\"Home\">Home<\/a>\n<\/span><span class=\"aioseo-breadcrumb-separator\">\u2013<\/span><span class=\"aioseo-breadcrumb\">\n\t<a href=\"https:\/\/eldigitaldeasturias.com\/magazine365\/category\/actualidad-turismo\/\" title=\"Actualidad Turismo\">Actualidad Turismo<\/a>\n<\/span><span class=\"aioseo-breadcrumb-separator\">\u2013<\/span><span class=\"aioseo-breadcrumb\">\n\t<a href=\"https:\/\/eldigitaldeasturias.com\/magazine365\/presentado-el-proyecto-de-sendero-peatonal-entre-las-playas-de-fuentebravia-y-las-redes\/\" title=\"Presentado el proyecto de sendero peatonal entre las playas de Fuentebrav\u00eda y Las Redes\">Presentado el proyecto de sendero peatonal entre las playas de Fuentebrav\u00eda y Las Redes<\/a>\n<\/span><\/div>","aioseo_breadcrumb_json":[{"label":"Home","link":"https:\/\/eldigitaldeasturias.com\/magazine365"},{"label":"Actualidad Turismo","link":"https:\/\/eldigitaldeasturias.com\/magazine365\/category\/actualidad-turismo\/"},{"label":"Presentado el proyecto de sendero peatonal entre las playas de Fuentebrav\u00eda y Las Redes","link":"https:\/\/eldigitaldeasturias.com\/magazine365\/presentado-el-proyecto-de-sendero-peatonal-entre-las-playas-de-fuentebravia-y-las-redes\/"}],"_links":{"self":[{"href":"https:\/\/eldigitaldeasturias.com\/magazine365\/wp-json\/wp\/v2\/posts\/39178","targetHints":{"allow":["GET"]}}],"collection":[{"href":"https:\/\/eldigitaldeasturias.com\/magazine365\/wp-json\/wp\/v2\/posts"}],"about":[{"href":"https:\/\/eldigitaldeasturias.com\/magazine365\/wp-json\/wp\/v2\/types\/post"}],"author":[{"embeddable":true,"href":"https:\/\/eldigitaldeasturias.com\/magazine365\/wp-json\/wp\/v2\/users\/1"}],"replies":[{"embeddable":true,"href":"https:\/\/eldigitaldeasturias.com\/magazine365\/wp-json\/wp\/v2\/comments?post=39178"}],"version-history":[{"count":0,"href":"https:\/\/eldigitaldeasturias.com\/magazine365\/wp-json\/wp\/v2\/posts\/39178\/revisions"}],"wp:featuredmedia":[{"embeddable":true,"href":"https:\/\/eldigitaldeasturias.com\/magazine365\/wp-json\/wp\/v2\/media\/39179"}],"wp:attachment":[{"href":"https:\/\/eldigitaldeasturias.com\/magazine365\/wp-json\/wp\/v2\/media?parent=39178"}],"wp:term":[{"taxonomy":"category","embeddable":true,"href":"https:\/\/eldigitaldeasturias.com\/magazine365\/wp-json\/wp\/v2\/categories?post=39178"},{"taxonomy":"post_tag","embeddable":true,"href":"https:\/\/eldigitaldeasturias.com\/magazine365\/wp-json\/wp\/v2\/tags?post=39178"}],"curies":[{"name":"wp","href":"https:\/\/api.w.org\/{rel}","templated":true}]}}