{"id":39169,"date":"2015-06-09T04:51:46","date_gmt":"2015-06-09T03:21:46","guid":{"rendered":"http:\/\/eldigitaldeasturias.com\/magazine365\/?p=39169"},"modified":"2015-06-09T04:51:46","modified_gmt":"2015-06-09T03:21:46","slug":"iberia-abre-la-convocatoria-para-contratar-a-120-pilotos","status":"publish","type":"post","link":"https:\/\/eldigitaldeasturias.com\/magazine365\/iberia-abre-la-convocatoria-para-contratar-a-120-pilotos\/","title":{"rendered":"Iberia abre la convocatoria para contratar a 120 pilotos"},"content":{"rendered":"<p><img fetchpriority=\"high\" decoding=\"async\" class=\"alignleft size-medium wp-image-39170\" src=\"https:\/\/eldigitaldeasturias.com\/magazine365\/wp-content\/uploads\/2015\/06\/fotonoticia_20150608203513_800-360x240.jpg\" alt=\"fotonoticia_20150608203513_800\" width=\"360\" height=\"240\" srcset=\"https:\/\/eldigitaldeasturias.com\/magazine365\/wp-content\/uploads\/2015\/06\/fotonoticia_20150608203513_800-360x240.jpg 360w, https:\/\/eldigitaldeasturias.com\/magazine365\/wp-content\/uploads\/2015\/06\/fotonoticia_20150608203513_800-650x433.jpg 650w, https:\/\/eldigitaldeasturias.com\/magazine365\/wp-content\/uploads\/2015\/06\/fotonoticia_20150608203513_800-768x512.jpg 768w, https:\/\/eldigitaldeasturias.com\/magazine365\/wp-content\/uploads\/2015\/06\/fotonoticia_20150608203513_800-150x100.jpg 150w, https:\/\/eldigitaldeasturias.com\/magazine365\/wp-content\/uploads\/2015\/06\/fotonoticia_20150608203513_800-450x300.jpg 450w, https:\/\/eldigitaldeasturias.com\/magazine365\/wp-content\/uploads\/2015\/06\/fotonoticia_20150608203513_800-696x464.jpg 696w, https:\/\/eldigitaldeasturias.com\/magazine365\/wp-content\/uploads\/2015\/06\/fotonoticia_20150608203513_800-630x420.jpg 630w, https:\/\/eldigitaldeasturias.com\/magazine365\/wp-content\/uploads\/2015\/06\/fotonoticia_20150608203513_800-84x55.jpg 84w, https:\/\/eldigitaldeasturias.com\/magazine365\/wp-content\/uploads\/2015\/06\/fotonoticia_20150608203513_800.jpg 800w\" sizes=\"(max-width: 360px) 100vw, 360px\" \/>Iberia ha abierto este lunes la convocatoria para seleccionar pilotos, cuyo plazo de admisi\u00f3n de solicitudes finalizar\u00e1 el pr\u00f3ximo 18 de junio, seg\u00fan informa la aerol\u00ednea en su p\u00e1gina web en el apartado ofertas de empleo.<\/p>\n<p>La recepci\u00f3n de solicitudes se realizar\u00e1 exclusivamente desde el citado portal: https:\/\/portal.iberia.es\/iberiaEmpleo\/.<\/p>\n<p>Se trata de la primera convocatoria de empleo lanzada por la aerol\u00ednea en once a\u00f1os, con la que Iberia prev\u00e9 contratar a 120 pilotos, que se incorporar\u00e1n progresivamente a la plantilla de la compa\u00f1\u00eda a\u00e9rea a partir de septiembre como copilotos o segundos.<\/p>\n<p>El presidente ejecutivo de Iberia, Luis Gallego, anunci\u00f3 la semana pasada durante su viaje a La Habana con motivo de la reapertura de esta ruta emblem\u00e1tica, que el objetivo de la aerol\u00ednea de crear una bolsa de empleo de hasta 200 pilotos para atender el aumento de capacidad previsto, del 6% en los pr\u00f3ximos dos a\u00f1os.<\/p>\n<p>Seg\u00fan explic\u00f3 Gallego, los nuevos pilotos reemplazar\u00e1n a comandantes de corto radio, que saldr\u00e1n pr\u00f3ximamente de la compa\u00f1\u00eda, y tendr\u00e1n un salario como copilotos de entre 35.000 y 40.000 euros anuales, conforme a las nuevas condiciones laborales, sueldos que se sit\u00faan en el nivel de otros operadores.<\/p>\n<p>De esta forma, se incorporar\u00e1n como segundos pilotos en el corto radio, sustituyendo a copilotos con sueldos de entre 120.000 y 130.000 euros, para luego pasar a ser copiloto de largo y posteriormente comandante de corto y de largo radio, siguiendo la progresi\u00f3n habitual en el escalaf\u00f3n.<\/p>\n<p>REQUISITOS B\u00c1SICOS.<\/p>\n<p>Seg\u00fan describe la aerol\u00ednea en su oferta de empleo, para optar como candidato a participar en las pruebas de selecci\u00f3n se requiere un m\u00ednimo de estudios (prueba de acceso a la universidad aprobada, o equivalente), la certificaci\u00f3n m\u00ednima ATPL (A) frozen EASA parte FCL y MCC, as\u00f3 como el certificado m\u00e9dico clase 1 en vigor.<\/p>\n<p>Asimismo, los candidatos deben tener un certificado de competencia ling\u00fc\u00edstica en Ingl\u00e9s m\u00ednimo nivel 4 y Castellano nivel 6. Para los candidatos extranjeros se requerir\u00e1 el equivalente al nivel C2, seg\u00fan define el MCERL (Marco Com\u00fan Europeo de Referencia para las Lenguas) o equivalente.<\/p>\n<p>Adem\u00e1s de estos requisitos se exigir\u00e1 certificado de historial aeron\u00e1utico libre de incidentes o accidentes, pasaporte sin restricciones y derecho a trabajar en la Uni\u00f3n Europa y certificado de antecedentes penales.<\/p>\n<p>La aerol\u00ednea se\u00f1ala que se valorar\u00e1n estudios universitarios, formaci\u00f3n profesional, experiencia aeron\u00e1utica, seg\u00fan edad del candidato, idiomas, habilitaciones, licencia de piloto de planeador, vuelo acrob\u00e1tico y trabajos previos dentro del \u00e1mbito aeron\u00e1utico o fuera de \u00e9l. Aquellos candidatos preseleccionados para realizar pruebas, deber\u00e1n aportar la documentaci\u00f3n acreditativa correspondiente.<\/p>\n","protected":false},"excerpt":{"rendered":"<p>Iberia ha abierto este lunes la convocatoria para seleccionar pilotos, cuyo plazo de admisi\u00f3n de solicitudes finalizar\u00e1 el pr\u00f3ximo 18 de junio, seg\u00fan informa la aerol\u00ednea en su p\u00e1gina web en el apartado ofertas de empleo. La recepci\u00f3n de solicitudes se realizar\u00e1 exclusivamente desde el citado portal: https:\/\/portal.iberia.es\/iberiaEmpleo\/. Se trata de la primera convocatoria de<\/p>\n","protected":false},"author":1,"featured_media":39170,"comment_status":"open","ping_status":"closed","sticky":false,"template":"","format":"standard","meta":{"footnotes":""},"categories":[222],"tags":[],"class_list":{"0":"post-39169","1":"post","2":"type-post","3":"status-publish","4":"format-standard","5":"has-post-thumbnail","7":"category-actualidad-turismo"},"aioseo_notices":[],"aioseo_head":"\n\t\t<!-- All in One SEO Pro 4.9.6.1 - aioseo.com -->\n\t<meta name=\"description\" content=\"Iberia ha abierto este lunes la convocatoria para seleccionar pilotos, cuyo plazo de admisi\u00f3n de solicitudes finalizar\u00e1 el pr\u00f3ximo 18 de junio, seg\u00fan informa la aerol\u00ednea en su p\u00e1gina web en el apartado ofertas de empleo. La recepci\u00f3n de solicitudes se realizar\u00e1 exclusivamente desde el citado portal: https:\/\/portal.iberia.es\/iberiaEmpleo\/. Se trata de la primera convocatoria de\" \/>\n\t<meta name=\"robots\" content=\"max-image-preview:large\" \/>\n\t<meta name=\"author\" content=\"admin\"\/>\n\t<meta name=\"google-site-verification\" content=\"UA-38556648-1\" \/>\n\t<meta name=\"keywords\" content=\"actualidad turismo\" \/>\n\t<link rel=\"canonical\" href=\"https:\/\/eldigitaldeasturias.com\/magazine365\/iberia-abre-la-convocatoria-para-contratar-a-120-pilotos\/\" \/>\n\t<meta name=\"generator\" content=\"All in One SEO Pro (AIOSEO) 4.9.6.1\" \/>\n\t\t<meta property=\"og:locale\" content=\"es_ES\" \/>\n\t\t<meta property=\"og:site_name\" content=\"El Digital de Asturias \u2013 Revista de ocio, turismo y estilo de vida\" \/>\n\t\t<meta property=\"og:type\" content=\"article\" \/>\n\t\t<meta property=\"og:title\" content=\"Iberia abre la convocatoria para contratar a 120 pilotos | El Digital de Asturias\" \/>\n\t\t<meta property=\"og:description\" content=\"Iberia ha abierto este lunes la convocatoria para seleccionar pilotos, cuyo plazo de admisi\u00f3n de solicitudes finalizar\u00e1 el pr\u00f3ximo 18 de junio, seg\u00fan informa la aerol\u00ednea en su p\u00e1gina web en el apartado ofertas de empleo. La recepci\u00f3n de solicitudes se realizar\u00e1 exclusivamente desde el citado portal: https:\/\/portal.iberia.es\/iberiaEmpleo\/. Se trata de la primera convocatoria de\" \/>\n\t\t<meta property=\"og:url\" content=\"https:\/\/eldigitaldeasturias.com\/magazine365\/iberia-abre-la-convocatoria-para-contratar-a-120-pilotos\/\" \/>\n\t\t<meta property=\"og:image\" content=\"https:\/\/eldigitaldeasturias.com\/magazine365\/wp-content\/uploads\/2015\/06\/fotonoticia_20150608203513_800.jpg\" \/>\n\t\t<meta property=\"og:image:secure_url\" content=\"https:\/\/eldigitaldeasturias.com\/magazine365\/wp-content\/uploads\/2015\/06\/fotonoticia_20150608203513_800.jpg\" \/>\n\t\t<meta property=\"og:image:width\" content=\"800\" \/>\n\t\t<meta property=\"og:image:height\" content=\"533\" \/>\n\t\t<meta property=\"article:published_time\" content=\"2015-06-09T03:21:46+00:00\" \/>\n\t\t<meta property=\"article:modified_time\" content=\"2015-06-09T03:21:46+00:00\" \/>\n\t\t<meta name=\"twitter:card\" content=\"summary_large_image\" \/>\n\t\t<meta name=\"twitter:title\" content=\"Iberia abre la convocatoria para contratar a 120 pilotos | El Digital de Asturias\" \/>\n\t\t<meta name=\"twitter:description\" content=\"Iberia ha abierto este lunes la convocatoria para seleccionar pilotos, cuyo plazo de admisi\u00f3n de solicitudes finalizar\u00e1 el pr\u00f3ximo 18 de junio, seg\u00fan informa la aerol\u00ednea en su p\u00e1gina web en el apartado ofertas de empleo. La recepci\u00f3n de solicitudes se realizar\u00e1 exclusivamente desde el citado portal: https:\/\/portal.iberia.es\/iberiaEmpleo\/. Se trata de la primera convocatoria de\" \/>\n\t\t<meta name=\"twitter:image\" content=\"https:\/\/eldigitaldeasturias.com\/magazine365\/wp-content\/uploads\/2015\/06\/fotonoticia_20150608203513_800.jpg\" \/>\n\t\t<script type=\"application\/ld+json\" class=\"aioseo-schema\">\n\t\t\t{\"@context\":\"https:\\\/\\\/schema.org\",\"@graph\":[{\"@type\":\"Article\",\"@id\":\"https:\\\/\\\/eldigitaldeasturias.com\\\/magazine365\\\/iberia-abre-la-convocatoria-para-contratar-a-120-pilotos\\\/#article\",\"name\":\"Iberia abre la convocatoria para contratar a 120 pilotos | El Digital de Asturias\",\"headline\":\"Iberia abre la convocatoria para contratar a 120 pilotos\",\"author\":{\"@id\":\"https:\\\/\\\/eldigitaldeasturias.com\\\/magazine365\\\/author\\\/admin\\\/#author\"},\"publisher\":{\"@id\":\"https:\\\/\\\/eldigitaldeasturias.com\\\/magazine365\\\/#organization\"},\"image\":{\"@type\":\"ImageObject\",\"url\":\"https:\\\/\\\/eldigitaldeasturias.com\\\/magazine365\\\/wp-content\\\/uploads\\\/2015\\\/06\\\/fotonoticia_20150608203513_800.jpg\",\"width\":800,\"height\":533},\"datePublished\":\"2015-06-09T04:51:46+02:00\",\"dateModified\":\"2015-06-09T04:51:46+02:00\",\"inLanguage\":\"es-ES\",\"mainEntityOfPage\":{\"@id\":\"https:\\\/\\\/eldigitaldeasturias.com\\\/magazine365\\\/iberia-abre-la-convocatoria-para-contratar-a-120-pilotos\\\/#webpage\"},\"isPartOf\":{\"@id\":\"https:\\\/\\\/eldigitaldeasturias.com\\\/magazine365\\\/iberia-abre-la-convocatoria-para-contratar-a-120-pilotos\\\/#webpage\"},\"articleSection\":\"Actualidad Turismo\"},{\"@type\":\"BreadcrumbList\",\"@id\":\"https:\\\/\\\/eldigitaldeasturias.com\\\/magazine365\\\/iberia-abre-la-convocatoria-para-contratar-a-120-pilotos\\\/#breadcrumblist\",\"itemListElement\":[{\"@type\":\"ListItem\",\"@id\":\"https:\\\/\\\/eldigitaldeasturias.com\\\/magazine365#listItem\",\"position\":1,\"name\":\"Home\",\"item\":\"https:\\\/\\\/eldigitaldeasturias.com\\\/magazine365\",\"nextItem\":{\"@type\":\"ListItem\",\"@id\":\"https:\\\/\\\/eldigitaldeasturias.com\\\/magazine365\\\/category\\\/actualidad-turismo\\\/#listItem\",\"name\":\"Actualidad Turismo\"}},{\"@type\":\"ListItem\",\"@id\":\"https:\\\/\\\/eldigitaldeasturias.com\\\/magazine365\\\/category\\\/actualidad-turismo\\\/#listItem\",\"position\":2,\"name\":\"Actualidad Turismo\",\"item\":\"https:\\\/\\\/eldigitaldeasturias.com\\\/magazine365\\\/category\\\/actualidad-turismo\\\/\",\"nextItem\":{\"@type\":\"ListItem\",\"@id\":\"https:\\\/\\\/eldigitaldeasturias.com\\\/magazine365\\\/iberia-abre-la-convocatoria-para-contratar-a-120-pilotos\\\/#listItem\",\"name\":\"Iberia abre la convocatoria para contratar a 120 pilotos\"},\"previousItem\":{\"@type\":\"ListItem\",\"@id\":\"https:\\\/\\\/eldigitaldeasturias.com\\\/magazine365#listItem\",\"name\":\"Home\"}},{\"@type\":\"ListItem\",\"@id\":\"https:\\\/\\\/eldigitaldeasturias.com\\\/magazine365\\\/iberia-abre-la-convocatoria-para-contratar-a-120-pilotos\\\/#listItem\",\"position\":3,\"name\":\"Iberia abre la convocatoria para contratar a 120 pilotos\",\"previousItem\":{\"@type\":\"ListItem\",\"@id\":\"https:\\\/\\\/eldigitaldeasturias.com\\\/magazine365\\\/category\\\/actualidad-turismo\\\/#listItem\",\"name\":\"Actualidad Turismo\"}}]},{\"@type\":\"Organization\",\"@id\":\"https:\\\/\\\/eldigitaldeasturias.com\\\/magazine365\\\/#organization\",\"name\":\"El digital de Asturias\",\"description\":\"Revista de ocio, turismo y estilo de vida\",\"url\":\"https:\\\/\\\/eldigitaldeasturias.com\\\/magazine365\\\/\",\"logo\":{\"@type\":\"ImageObject\",\"url\":\"https:\\\/\\\/www.eldigitaldeasturias.com\\\/noticias\\\/wp-content\\\/uploads\\\/2020\\\/12\\\/EDA.jpg\",\"@id\":\"https:\\\/\\\/eldigitaldeasturias.com\\\/magazine365\\\/iberia-abre-la-convocatoria-para-contratar-a-120-pilotos\\\/#organizationLogo\"},\"image\":{\"@id\":\"https:\\\/\\\/eldigitaldeasturias.com\\\/magazine365\\\/iberia-abre-la-convocatoria-para-contratar-a-120-pilotos\\\/#organizationLogo\"}},{\"@type\":\"Person\",\"@id\":\"https:\\\/\\\/eldigitaldeasturias.com\\\/magazine365\\\/author\\\/admin\\\/#author\",\"url\":\"https:\\\/\\\/eldigitaldeasturias.com\\\/magazine365\\\/author\\\/admin\\\/\",\"name\":\"admin\",\"image\":{\"@type\":\"ImageObject\",\"@id\":\"https:\\\/\\\/eldigitaldeasturias.com\\\/magazine365\\\/iberia-abre-la-convocatoria-para-contratar-a-120-pilotos\\\/#authorImage\",\"url\":\"https:\\\/\\\/eldigitaldeasturias.com\\\/magazine365\\\/wp-content\\\/litespeed\\\/avatar\\\/e571bcf59a0edd6fa6838245a470f2fe.jpg?ver=1776969259\",\"width\":96,\"height\":96,\"caption\":\"admin\"}},{\"@type\":\"WebPage\",\"@id\":\"https:\\\/\\\/eldigitaldeasturias.com\\\/magazine365\\\/iberia-abre-la-convocatoria-para-contratar-a-120-pilotos\\\/#webpage\",\"url\":\"https:\\\/\\\/eldigitaldeasturias.com\\\/magazine365\\\/iberia-abre-la-convocatoria-para-contratar-a-120-pilotos\\\/\",\"name\":\"Iberia abre la convocatoria para contratar a 120 pilotos | El Digital de Asturias\",\"description\":\"Iberia ha abierto este lunes la convocatoria para seleccionar pilotos, cuyo plazo de admisi\\u00f3n de solicitudes finalizar\\u00e1 el pr\\u00f3ximo 18 de junio, seg\\u00fan informa la aerol\\u00ednea en su p\\u00e1gina web en el apartado ofertas de empleo. La recepci\\u00f3n de solicitudes se realizar\\u00e1 exclusivamente desde el citado portal: https:\\\/\\\/portal.iberia.es\\\/iberiaEmpleo\\\/. Se trata de la primera convocatoria de\",\"inLanguage\":\"es-ES\",\"isPartOf\":{\"@id\":\"https:\\\/\\\/eldigitaldeasturias.com\\\/magazine365\\\/#website\"},\"breadcrumb\":{\"@id\":\"https:\\\/\\\/eldigitaldeasturias.com\\\/magazine365\\\/iberia-abre-la-convocatoria-para-contratar-a-120-pilotos\\\/#breadcrumblist\"},\"author\":{\"@id\":\"https:\\\/\\\/eldigitaldeasturias.com\\\/magazine365\\\/author\\\/admin\\\/#author\"},\"creator\":{\"@id\":\"https:\\\/\\\/eldigitaldeasturias.com\\\/magazine365\\\/author\\\/admin\\\/#author\"},\"image\":{\"@type\":\"ImageObject\",\"url\":\"https:\\\/\\\/eldigitaldeasturias.com\\\/magazine365\\\/wp-content\\\/uploads\\\/2015\\\/06\\\/fotonoticia_20150608203513_800.jpg\",\"@id\":\"https:\\\/\\\/eldigitaldeasturias.com\\\/magazine365\\\/iberia-abre-la-convocatoria-para-contratar-a-120-pilotos\\\/#mainImage\",\"width\":800,\"height\":533},\"primaryImageOfPage\":{\"@id\":\"https:\\\/\\\/eldigitaldeasturias.com\\\/magazine365\\\/iberia-abre-la-convocatoria-para-contratar-a-120-pilotos\\\/#mainImage\"},\"datePublished\":\"2015-06-09T04:51:46+02:00\",\"dateModified\":\"2015-06-09T04:51:46+02:00\"},{\"@type\":\"WebSite\",\"@id\":\"https:\\\/\\\/eldigitaldeasturias.com\\\/magazine365\\\/#website\",\"url\":\"https:\\\/\\\/eldigitaldeasturias.com\\\/magazine365\\\/\",\"name\":\"El Digital de Asturias\",\"description\":\"Revista de ocio, turismo y estilo de vida\",\"inLanguage\":\"es-ES\",\"publisher\":{\"@id\":\"https:\\\/\\\/eldigitaldeasturias.com\\\/magazine365\\\/#organization\"}}]}\n\t\t<\/script>\n\t\t<!-- All in One SEO Pro -->\r\n\t\t<title>Iberia abre la convocatoria para contratar a 120 pilotos | El Digital de Asturias<\/title>\n\n","aioseo_head_json":{"title":"Iberia abre la convocatoria para contratar a 120 pilotos | El Digital de Asturias","description":"Iberia ha abierto este lunes la convocatoria para seleccionar pilotos, cuyo plazo de admisi\u00f3n de solicitudes finalizar\u00e1 el pr\u00f3ximo 18 de junio, seg\u00fan informa la aerol\u00ednea en su p\u00e1gina web en el apartado ofertas de empleo. La recepci\u00f3n de solicitudes se realizar\u00e1 exclusivamente desde el citado portal: https:\/\/portal.iberia.es\/iberiaEmpleo\/. Se trata de la primera convocatoria de","canonical_url":"https:\/\/eldigitaldeasturias.com\/magazine365\/iberia-abre-la-convocatoria-para-contratar-a-120-pilotos\/","robots":"max-image-preview:large","keywords":"actualidad turismo","webmasterTools":{"google-site-verification":"UA-38556648-1","miscellaneous":""},"schema":{"@context":"https:\/\/schema.org","@graph":[{"@type":"Article","@id":"https:\/\/eldigitaldeasturias.com\/magazine365\/iberia-abre-la-convocatoria-para-contratar-a-120-pilotos\/#article","name":"Iberia abre la convocatoria para contratar a 120 pilotos | El Digital de Asturias","headline":"Iberia abre la convocatoria para contratar a 120 pilotos","author":{"@id":"https:\/\/eldigitaldeasturias.com\/magazine365\/author\/admin\/#author"},"publisher":{"@id":"https:\/\/eldigitaldeasturias.com\/magazine365\/#organization"},"image":{"@type":"ImageObject","url":"https:\/\/eldigitaldeasturias.com\/magazine365\/wp-content\/uploads\/2015\/06\/fotonoticia_20150608203513_800.jpg","width":800,"height":533},"datePublished":"2015-06-09T04:51:46+02:00","dateModified":"2015-06-09T04:51:46+02:00","inLanguage":"es-ES","mainEntityOfPage":{"@id":"https:\/\/eldigitaldeasturias.com\/magazine365\/iberia-abre-la-convocatoria-para-contratar-a-120-pilotos\/#webpage"},"isPartOf":{"@id":"https:\/\/eldigitaldeasturias.com\/magazine365\/iberia-abre-la-convocatoria-para-contratar-a-120-pilotos\/#webpage"},"articleSection":"Actualidad Turismo"},{"@type":"BreadcrumbList","@id":"https:\/\/eldigitaldeasturias.com\/magazine365\/iberia-abre-la-convocatoria-para-contratar-a-120-pilotos\/#breadcrumblist","itemListElement":[{"@type":"ListItem","@id":"https:\/\/eldigitaldeasturias.com\/magazine365#listItem","position":1,"name":"Home","item":"https:\/\/eldigitaldeasturias.com\/magazine365","nextItem":{"@type":"ListItem","@id":"https:\/\/eldigitaldeasturias.com\/magazine365\/category\/actualidad-turismo\/#listItem","name":"Actualidad Turismo"}},{"@type":"ListItem","@id":"https:\/\/eldigitaldeasturias.com\/magazine365\/category\/actualidad-turismo\/#listItem","position":2,"name":"Actualidad Turismo","item":"https:\/\/eldigitaldeasturias.com\/magazine365\/category\/actualidad-turismo\/","nextItem":{"@type":"ListItem","@id":"https:\/\/eldigitaldeasturias.com\/magazine365\/iberia-abre-la-convocatoria-para-contratar-a-120-pilotos\/#listItem","name":"Iberia abre la convocatoria para contratar a 120 pilotos"},"previousItem":{"@type":"ListItem","@id":"https:\/\/eldigitaldeasturias.com\/magazine365#listItem","name":"Home"}},{"@type":"ListItem","@id":"https:\/\/eldigitaldeasturias.com\/magazine365\/iberia-abre-la-convocatoria-para-contratar-a-120-pilotos\/#listItem","position":3,"name":"Iberia abre la convocatoria para contratar a 120 pilotos","previousItem":{"@type":"ListItem","@id":"https:\/\/eldigitaldeasturias.com\/magazine365\/category\/actualidad-turismo\/#listItem","name":"Actualidad Turismo"}}]},{"@type":"Organization","@id":"https:\/\/eldigitaldeasturias.com\/magazine365\/#organization","name":"El digital de Asturias","description":"Revista de ocio, turismo y estilo de vida","url":"https:\/\/eldigitaldeasturias.com\/magazine365\/","logo":{"@type":"ImageObject","url":"https:\/\/www.eldigitaldeasturias.com\/noticias\/wp-content\/uploads\/2020\/12\/EDA.jpg","@id":"https:\/\/eldigitaldeasturias.com\/magazine365\/iberia-abre-la-convocatoria-para-contratar-a-120-pilotos\/#organizationLogo"},"image":{"@id":"https:\/\/eldigitaldeasturias.com\/magazine365\/iberia-abre-la-convocatoria-para-contratar-a-120-pilotos\/#organizationLogo"}},{"@type":"Person","@id":"https:\/\/eldigitaldeasturias.com\/magazine365\/author\/admin\/#author","url":"https:\/\/eldigitaldeasturias.com\/magazine365\/author\/admin\/","name":"admin","image":{"@type":"ImageObject","@id":"https:\/\/eldigitaldeasturias.com\/magazine365\/iberia-abre-la-convocatoria-para-contratar-a-120-pilotos\/#authorImage","url":"https:\/\/eldigitaldeasturias.com\/magazine365\/wp-content\/litespeed\/avatar\/e571bcf59a0edd6fa6838245a470f2fe.jpg?ver=1776969259","width":96,"height":96,"caption":"admin"}},{"@type":"WebPage","@id":"https:\/\/eldigitaldeasturias.com\/magazine365\/iberia-abre-la-convocatoria-para-contratar-a-120-pilotos\/#webpage","url":"https:\/\/eldigitaldeasturias.com\/magazine365\/iberia-abre-la-convocatoria-para-contratar-a-120-pilotos\/","name":"Iberia abre la convocatoria para contratar a 120 pilotos | El Digital de Asturias","description":"Iberia ha abierto este lunes la convocatoria para seleccionar pilotos, cuyo plazo de admisi\u00f3n de solicitudes finalizar\u00e1 el pr\u00f3ximo 18 de junio, seg\u00fan informa la aerol\u00ednea en su p\u00e1gina web en el apartado ofertas de empleo. La recepci\u00f3n de solicitudes se realizar\u00e1 exclusivamente desde el citado portal: https:\/\/portal.iberia.es\/iberiaEmpleo\/. Se trata de la primera convocatoria de","inLanguage":"es-ES","isPartOf":{"@id":"https:\/\/eldigitaldeasturias.com\/magazine365\/#website"},"breadcrumb":{"@id":"https:\/\/eldigitaldeasturias.com\/magazine365\/iberia-abre-la-convocatoria-para-contratar-a-120-pilotos\/#breadcrumblist"},"author":{"@id":"https:\/\/eldigitaldeasturias.com\/magazine365\/author\/admin\/#author"},"creator":{"@id":"https:\/\/eldigitaldeasturias.com\/magazine365\/author\/admin\/#author"},"image":{"@type":"ImageObject","url":"https:\/\/eldigitaldeasturias.com\/magazine365\/wp-content\/uploads\/2015\/06\/fotonoticia_20150608203513_800.jpg","@id":"https:\/\/eldigitaldeasturias.com\/magazine365\/iberia-abre-la-convocatoria-para-contratar-a-120-pilotos\/#mainImage","width":800,"height":533},"primaryImageOfPage":{"@id":"https:\/\/eldigitaldeasturias.com\/magazine365\/iberia-abre-la-convocatoria-para-contratar-a-120-pilotos\/#mainImage"},"datePublished":"2015-06-09T04:51:46+02:00","dateModified":"2015-06-09T04:51:46+02:00"},{"@type":"WebSite","@id":"https:\/\/eldigitaldeasturias.com\/magazine365\/#website","url":"https:\/\/eldigitaldeasturias.com\/magazine365\/","name":"El Digital de Asturias","description":"Revista de ocio, turismo y estilo de vida","inLanguage":"es-ES","publisher":{"@id":"https:\/\/eldigitaldeasturias.com\/magazine365\/#organization"}}]},"og:locale":"es_ES","og:site_name":"El Digital de Asturias \u2013 Revista de ocio, turismo y estilo de vida","og:type":"article","og:title":"Iberia abre la convocatoria para contratar a 120 pilotos | El Digital de Asturias","og:description":"Iberia ha abierto este lunes la convocatoria para seleccionar pilotos, cuyo plazo de admisi\u00f3n de solicitudes finalizar\u00e1 el pr\u00f3ximo 18 de junio, seg\u00fan informa la aerol\u00ednea en su p\u00e1gina web en el apartado ofertas de empleo. La recepci\u00f3n de solicitudes se realizar\u00e1 exclusivamente desde el citado portal: https:\/\/portal.iberia.es\/iberiaEmpleo\/. Se trata de la primera convocatoria de","og:url":"https:\/\/eldigitaldeasturias.com\/magazine365\/iberia-abre-la-convocatoria-para-contratar-a-120-pilotos\/","og:image":"https:\/\/eldigitaldeasturias.com\/magazine365\/wp-content\/uploads\/2015\/06\/fotonoticia_20150608203513_800.jpg","og:image:secure_url":"https:\/\/eldigitaldeasturias.com\/magazine365\/wp-content\/uploads\/2015\/06\/fotonoticia_20150608203513_800.jpg","og:image:width":800,"og:image:height":533,"article:published_time":"2015-06-09T03:21:46+00:00","article:modified_time":"2015-06-09T03:21:46+00:00","twitter:card":"summary_large_image","twitter:title":"Iberia abre la convocatoria para contratar a 120 pilotos | El Digital de Asturias","twitter:description":"Iberia ha abierto este lunes la convocatoria para seleccionar pilotos, cuyo plazo de admisi\u00f3n de solicitudes finalizar\u00e1 el pr\u00f3ximo 18 de junio, seg\u00fan informa la aerol\u00ednea en su p\u00e1gina web en el apartado ofertas de empleo. La recepci\u00f3n de solicitudes se realizar\u00e1 exclusivamente desde el citado portal: https:\/\/portal.iberia.es\/iberiaEmpleo\/. Se trata de la primera convocatoria de","twitter:image":"https:\/\/eldigitaldeasturias.com\/magazine365\/wp-content\/uploads\/2015\/06\/fotonoticia_20150608203513_800.jpg"},"aioseo_meta_data":{"post_id":"39169","title":null,"description":null,"keywords":null,"keyphrases":null,"primary_term":null,"canonical_url":null,"og_title":null,"og_description":null,"og_object_type":"default","og_image_type":"default","og_image_url":null,"og_image_width":null,"og_image_height":null,"og_image_custom_url":null,"og_image_custom_fields":null,"og_video":null,"og_custom_url":null,"og_article_section":null,"og_article_tags":null,"twitter_use_og":false,"twitter_card":"default","twitter_image_type":"default","twitter_image_url":null,"twitter_image_custom_url":null,"twitter_image_custom_fields":null,"twitter_title":null,"twitter_description":null,"schema":{"blockGraphs":[],"customGraphs":[],"default":{"data":{"Article":[],"Course":[],"Dataset":[],"FAQPage":[],"Movie":[],"Person":[],"Product":[],"ProductReview":[],"Car":[],"Recipe":[],"Service":[],"SoftwareApplication":[],"WebPage":[]},"graphName":"","isEnabled":true},"graphs":[],"defaultGraph":"","defaultPostTypeGraph":""},"schema_type":null,"schema_type_options":null,"pillar_content":false,"robots_default":true,"robots_noindex":false,"robots_noarchive":false,"robots_nosnippet":false,"robots_nofollow":false,"robots_noimageindex":false,"robots_noodp":false,"robots_notranslate":false,"robots_max_snippet":null,"robots_max_videopreview":null,"robots_max_imagepreview":"large","priority":null,"frequency":null,"location":null,"local_seo":null,"seo_analyzer_scan_date":"2025-09-19 11:05:06","breadcrumb_settings":null,"limit_modified_date":false,"open_ai":null,"ai":null,"created":"2021-03-09 02:44:43","updated":"2025-09-19 11:05:06"},"aioseo_breadcrumb":"<div class=\"aioseo-breadcrumbs\"><span class=\"aioseo-breadcrumb\">\n\t<a href=\"https:\/\/eldigitaldeasturias.com\/magazine365\" title=\"Home\">Home<\/a>\n<\/span><span class=\"aioseo-breadcrumb-separator\">\u2013<\/span><span class=\"aioseo-breadcrumb\">\n\t<a href=\"https:\/\/eldigitaldeasturias.com\/magazine365\/category\/actualidad-turismo\/\" title=\"Actualidad Turismo\">Actualidad Turismo<\/a>\n<\/span><span class=\"aioseo-breadcrumb-separator\">\u2013<\/span><span class=\"aioseo-breadcrumb\">\n\t<a href=\"https:\/\/eldigitaldeasturias.com\/magazine365\/iberia-abre-la-convocatoria-para-contratar-a-120-pilotos\/\" title=\"Iberia abre la convocatoria para contratar a 120 pilotos\">Iberia abre la convocatoria para contratar a 120 pilotos<\/a>\n<\/span><\/div>","aioseo_breadcrumb_json":[{"label":"Home","link":"https:\/\/eldigitaldeasturias.com\/magazine365"},{"label":"Actualidad Turismo","link":"https:\/\/eldigitaldeasturias.com\/magazine365\/category\/actualidad-turismo\/"},{"label":"Iberia abre la convocatoria para contratar a 120 pilotos","link":"https:\/\/eldigitaldeasturias.com\/magazine365\/iberia-abre-la-convocatoria-para-contratar-a-120-pilotos\/"}],"_links":{"self":[{"href":"https:\/\/eldigitaldeasturias.com\/magazine365\/wp-json\/wp\/v2\/posts\/39169","targetHints":{"allow":["GET"]}}],"collection":[{"href":"https:\/\/eldigitaldeasturias.com\/magazine365\/wp-json\/wp\/v2\/posts"}],"about":[{"href":"https:\/\/eldigitaldeasturias.com\/magazine365\/wp-json\/wp\/v2\/types\/post"}],"author":[{"embeddable":true,"href":"https:\/\/eldigitaldeasturias.com\/magazine365\/wp-json\/wp\/v2\/users\/1"}],"replies":[{"embeddable":true,"href":"https:\/\/eldigitaldeasturias.com\/magazine365\/wp-json\/wp\/v2\/comments?post=39169"}],"version-history":[{"count":0,"href":"https:\/\/eldigitaldeasturias.com\/magazine365\/wp-json\/wp\/v2\/posts\/39169\/revisions"}],"wp:featuredmedia":[{"embeddable":true,"href":"https:\/\/eldigitaldeasturias.com\/magazine365\/wp-json\/wp\/v2\/media\/39170"}],"wp:attachment":[{"href":"https:\/\/eldigitaldeasturias.com\/magazine365\/wp-json\/wp\/v2\/media?parent=39169"}],"wp:term":[{"taxonomy":"category","embeddable":true,"href":"https:\/\/eldigitaldeasturias.com\/magazine365\/wp-json\/wp\/v2\/categories?post=39169"},{"taxonomy":"post_tag","embeddable":true,"href":"https:\/\/eldigitaldeasturias.com\/magazine365\/wp-json\/wp\/v2\/tags?post=39169"}],"curies":[{"name":"wp","href":"https:\/\/api.w.org\/{rel}","templated":true}]}}