{"id":39163,"date":"2015-06-09T04:44:45","date_gmt":"2015-06-09T03:14:45","guid":{"rendered":"http:\/\/eldigitaldeasturias.com\/magazine365\/?p=39163"},"modified":"2015-06-09T04:44:45","modified_gmt":"2015-06-09T03:14:45","slug":"normalidad-en-aeropuertos-y-puntualidad-que-roza-el-100-en-el-primer-dia-de-paros-de-los-controladores","status":"publish","type":"post","link":"https:\/\/eldigitaldeasturias.com\/magazine365\/normalidad-en-aeropuertos-y-puntualidad-que-roza-el-100-en-el-primer-dia-de-paros-de-los-controladores\/","title":{"rendered":"Normalidad en aeropuertos y puntualidad que roza el 100%, en el primer d\u00eda de paros de los controladores"},"content":{"rendered":"<p><img fetchpriority=\"high\" decoding=\"async\" class=\"alignleft size-medium wp-image-39092\" src=\"https:\/\/eldigitaldeasturias.com\/magazine365\/wp-content\/uploads\/2015\/06\/aeropuerto-360x239.jpg\" alt=\"aeropuerto\" width=\"360\" height=\"239\" srcset=\"https:\/\/eldigitaldeasturias.com\/magazine365\/wp-content\/uploads\/2015\/06\/aeropuerto-360x239.jpg 360w, https:\/\/eldigitaldeasturias.com\/magazine365\/wp-content\/uploads\/2015\/06\/aeropuerto-650x431.jpg 650w, https:\/\/eldigitaldeasturias.com\/magazine365\/wp-content\/uploads\/2015\/06\/aeropuerto-768x510.jpg 768w, https:\/\/eldigitaldeasturias.com\/magazine365\/wp-content\/uploads\/2015\/06\/aeropuerto-150x100.jpg 150w, https:\/\/eldigitaldeasturias.com\/magazine365\/wp-content\/uploads\/2015\/06\/aeropuerto-450x299.jpg 450w, https:\/\/eldigitaldeasturias.com\/magazine365\/wp-content\/uploads\/2015\/06\/aeropuerto-696x462.jpg 696w, https:\/\/eldigitaldeasturias.com\/magazine365\/wp-content\/uploads\/2015\/06\/aeropuerto-633x420.jpg 633w, https:\/\/eldigitaldeasturias.com\/magazine365\/wp-content\/uploads\/2015\/06\/aeropuerto-84x55.jpg 84w, https:\/\/eldigitaldeasturias.com\/magazine365\/wp-content\/uploads\/2015\/06\/aeropuerto.jpg 800w\" sizes=\"(max-width: 360px) 100vw, 360px\" \/>Los aeropuertos de la red de Aena han operado con normalidad durante la primera jornada de paros parciales convocada por los controladores a\u00e9reos, durante la que se han cumplido los servicios m\u00ednimos, fijados por Fomento en el 70%, con una puntualidad media en los vuelos que roz\u00f3 el 100%, tanto en los paros del turno de tarde como en el turno de ma\u00f1ana.<\/p>\n<p>Seg\u00fan ENAIRE, la jornada de paros de la tarde, entre las 18.00 y las 20.00 horas, ha transcurrido pr\u00e1cticamente sin afectaci\u00f3n y sin ning\u00fan vuelo cancelado, como ya ocurri\u00f3 durante los paros del turno de ma\u00f1ana, entre las 10.00 y las 12.00 horas.<\/p>\n<p>Tan solo se han registrado algunas demoras esta tarde en el aeropuerto de Barcelona-El Prat, debido a tormentas, y esta ma\u00f1ana por restricciones en otros pa\u00edses como Alemania.<\/p>\n<p>El Ministerio de Fomento ha establecido unos servicios m\u00ednimos del 70% para la huelga de controladores a\u00e9reos (paros parciales entre las 10.00 a 12.00 horas y de 18.00 a 20.00 horas), que se repetir\u00e1n los d\u00edas 10, 12 y 14 de junio.<\/p>\n<p>Seg\u00fan los servicios m\u00ednimos decretados, de la plantilla total de 2.023 controladores a\u00e9reos, est\u00e1 previsto que 955 efectivos trabajen este lunes a tres turnos. Para el d\u00eda 10 de junio, se ha programado una plantilla de 916 efectivos, de 930 controladores para el 12 de junio y de 691 para el 14 de junio.<\/p>\n<p>La ministra de Fomento, Ana Pastor, destac\u00f3 esta ma\u00f1ana la \u00abnormalidad\u00bb en las operaciones a\u00e9reas de este lunes, primera jornada de la huelga de controladores, con una puntualidad media en los vuelos de \u00abentre el 98% y el 100%\u00bb, y sin \u00abninguna cancelaci\u00f3n\u00bb.<\/p>\n<p>La titular de Fomento ha se\u00f1alado que la huelga es \u00abun derecho constitucional\u00bb pero ha realizado un llamamiento al colectivo para que haga un ejercicio de \u00abresponsabilidad\u00bb en un sector, el a\u00e9reo, \u00abmuy importante para el turismo\u00bb.<\/p>\n<p>M\u00c1S DE 5.350 MOVIMIENTOS.<\/p>\n<p>Un total de 5.355 movimientos de aeronaves podr\u00edan verse afectados por los paros parciales convocados por el sindicato mayoritario de los controladores a\u00e9reos, USCA, cuya primera jornada de paros arranca hoy y que se extender\u00e1 a los d\u00edas 10, 12 y 14 de junio.<\/p>\n<p>Seg\u00fan datos facilitados por ENAIRE, durante estos cuatro d\u00edas se operar\u00e1n 22.274 movimientos en todo el espacio a\u00e9reo espa\u00f1ol, de los cuales 2.853 operaciones se realizar\u00e1n entre las 10.00 y las 12 horas, y otros 2.502 movimientos, entre las 18.00 y las 20.00 horas.<\/p>\n<p>Este lunes, primera jornada de paros, est\u00e1n previstos 5.300 movimientos en todo el espacio a\u00e9reo espa\u00f1ol &#8211;incluidos sobrevuelos&#8211;, de los cuales 680 vuelos corresponden a la franja de paros de la ma\u00f1ana y 591 vuelos a la franja de la tarde, por lo que podr\u00edan verse afectados 1.271 vuelos.<\/p>\n<p>La convocatoria, la primera en 26 a\u00f1os &#8211;la \u00faltima huelga de controladores fue en 1989&#8211; se produce como protesta a la decisi\u00f3n de ENAIRE de sancionar a 61 controladores a\u00e9reos del Centro del Control de Barcelona (ACC) por el cierre del espacio a\u00e9reo en 2010 y negarse a readmitir a un controlador del ACC de Santiago.<\/p>\n","protected":false},"excerpt":{"rendered":"<p>Los aeropuertos de la red de Aena han operado con normalidad durante la primera jornada de paros parciales convocada por los controladores a\u00e9reos, durante la que se han cumplido los servicios m\u00ednimos, fijados por Fomento en el 70%, con una puntualidad media en los vuelos que roz\u00f3 el 100%, tanto en los paros del turno<\/p>\n","protected":false},"author":1,"featured_media":39092,"comment_status":"open","ping_status":"closed","sticky":false,"template":"","format":"standard","meta":{"footnotes":""},"categories":[224],"tags":[],"class_list":{"0":"post-39163","1":"post","2":"type-post","3":"status-publish","4":"format-standard","5":"has-post-thumbnail","7":"category-noticias-actualidad"},"aioseo_notices":[],"aioseo_head":"\n\t\t<!-- All in One SEO Pro 4.9.6.1 - aioseo.com -->\n\t<meta name=\"description\" content=\"Los aeropuertos de la red de Aena han operado con normalidad durante la primera jornada de paros parciales convocada por los controladores a\u00e9reos, durante la que se han cumplido los servicios m\u00ednimos, fijados por Fomento en el 70%, con una puntualidad media en los vuelos que roz\u00f3 el 100%, tanto en los paros del turno\" \/>\n\t<meta name=\"robots\" content=\"max-image-preview:large\" \/>\n\t<meta name=\"author\" content=\"admin\"\/>\n\t<meta name=\"google-site-verification\" content=\"UA-38556648-1\" \/>\n\t<meta name=\"keywords\" content=\"noticias y actualidad\" \/>\n\t<link rel=\"canonical\" href=\"https:\/\/eldigitaldeasturias.com\/magazine365\/normalidad-en-aeropuertos-y-puntualidad-que-roza-el-100-en-el-primer-dia-de-paros-de-los-controladores\/\" \/>\n\t<meta name=\"generator\" content=\"All in One SEO Pro (AIOSEO) 4.9.6.1\" \/>\n\t\t<meta property=\"og:locale\" content=\"es_ES\" \/>\n\t\t<meta property=\"og:site_name\" content=\"El Digital de Asturias \u2013 Revista de ocio, turismo y estilo de vida\" \/>\n\t\t<meta property=\"og:type\" content=\"article\" \/>\n\t\t<meta property=\"og:title\" content=\"Normalidad en aeropuertos y puntualidad que roza el 100%, en el primer d\u00eda de paros de los controladores | El Digital de Asturias\" \/>\n\t\t<meta property=\"og:description\" content=\"Los aeropuertos de la red de Aena han operado con normalidad durante la primera jornada de paros parciales convocada por los controladores a\u00e9reos, durante la que se han cumplido los servicios m\u00ednimos, fijados por Fomento en el 70%, con una puntualidad media en los vuelos que roz\u00f3 el 100%, tanto en los paros del turno\" \/>\n\t\t<meta property=\"og:url\" content=\"https:\/\/eldigitaldeasturias.com\/magazine365\/normalidad-en-aeropuertos-y-puntualidad-que-roza-el-100-en-el-primer-dia-de-paros-de-los-controladores\/\" \/>\n\t\t<meta property=\"og:image\" content=\"https:\/\/eldigitaldeasturias.com\/magazine365\/wp-content\/uploads\/2015\/06\/aeropuerto.jpg\" \/>\n\t\t<meta property=\"og:image:secure_url\" content=\"https:\/\/eldigitaldeasturias.com\/magazine365\/wp-content\/uploads\/2015\/06\/aeropuerto.jpg\" \/>\n\t\t<meta property=\"og:image:width\" content=\"800\" \/>\n\t\t<meta property=\"og:image:height\" content=\"531\" \/>\n\t\t<meta property=\"article:published_time\" content=\"2015-06-09T03:14:45+00:00\" \/>\n\t\t<meta property=\"article:modified_time\" content=\"2015-06-09T03:14:45+00:00\" \/>\n\t\t<meta name=\"twitter:card\" content=\"summary_large_image\" \/>\n\t\t<meta name=\"twitter:title\" content=\"Normalidad en aeropuertos y puntualidad que roza el 100%, en el primer d\u00eda de paros de los controladores | El Digital de Asturias\" \/>\n\t\t<meta name=\"twitter:description\" content=\"Los aeropuertos de la red de Aena han operado con normalidad durante la primera jornada de paros parciales convocada por los controladores a\u00e9reos, durante la que se han cumplido los servicios m\u00ednimos, fijados por Fomento en el 70%, con una puntualidad media en los vuelos que roz\u00f3 el 100%, tanto en los paros del turno\" \/>\n\t\t<meta name=\"twitter:image\" content=\"https:\/\/eldigitaldeasturias.com\/magazine365\/wp-content\/uploads\/2015\/06\/aeropuerto.jpg\" \/>\n\t\t<script type=\"application\/ld+json\" class=\"aioseo-schema\">\n\t\t\t{\"@context\":\"https:\\\/\\\/schema.org\",\"@graph\":[{\"@type\":\"Article\",\"@id\":\"https:\\\/\\\/eldigitaldeasturias.com\\\/magazine365\\\/normalidad-en-aeropuertos-y-puntualidad-que-roza-el-100-en-el-primer-dia-de-paros-de-los-controladores\\\/#article\",\"name\":\"Normalidad en aeropuertos y puntualidad que roza el 100%, en el primer d\\u00eda de paros de los controladores | El Digital de Asturias\",\"headline\":\"Normalidad en aeropuertos y puntualidad que roza el 100%, en el primer d\\u00eda de paros de los controladores\",\"author\":{\"@id\":\"https:\\\/\\\/eldigitaldeasturias.com\\\/magazine365\\\/author\\\/admin\\\/#author\"},\"publisher\":{\"@id\":\"https:\\\/\\\/eldigitaldeasturias.com\\\/magazine365\\\/#organization\"},\"image\":{\"@type\":\"ImageObject\",\"url\":\"https:\\\/\\\/eldigitaldeasturias.com\\\/magazine365\\\/wp-content\\\/uploads\\\/2015\\\/06\\\/aeropuerto.jpg\",\"width\":800,\"height\":531},\"datePublished\":\"2015-06-09T04:44:45+02:00\",\"dateModified\":\"2015-06-09T04:44:45+02:00\",\"inLanguage\":\"es-ES\",\"mainEntityOfPage\":{\"@id\":\"https:\\\/\\\/eldigitaldeasturias.com\\\/magazine365\\\/normalidad-en-aeropuertos-y-puntualidad-que-roza-el-100-en-el-primer-dia-de-paros-de-los-controladores\\\/#webpage\"},\"isPartOf\":{\"@id\":\"https:\\\/\\\/eldigitaldeasturias.com\\\/magazine365\\\/normalidad-en-aeropuertos-y-puntualidad-que-roza-el-100-en-el-primer-dia-de-paros-de-los-controladores\\\/#webpage\"},\"articleSection\":\"Noticias y Actualidad\"},{\"@type\":\"BreadcrumbList\",\"@id\":\"https:\\\/\\\/eldigitaldeasturias.com\\\/magazine365\\\/normalidad-en-aeropuertos-y-puntualidad-que-roza-el-100-en-el-primer-dia-de-paros-de-los-controladores\\\/#breadcrumblist\",\"itemListElement\":[{\"@type\":\"ListItem\",\"@id\":\"https:\\\/\\\/eldigitaldeasturias.com\\\/magazine365#listItem\",\"position\":1,\"name\":\"Home\",\"item\":\"https:\\\/\\\/eldigitaldeasturias.com\\\/magazine365\",\"nextItem\":{\"@type\":\"ListItem\",\"@id\":\"https:\\\/\\\/eldigitaldeasturias.com\\\/magazine365\\\/category\\\/noticias-actualidad\\\/#listItem\",\"name\":\"Noticias y Actualidad\"}},{\"@type\":\"ListItem\",\"@id\":\"https:\\\/\\\/eldigitaldeasturias.com\\\/magazine365\\\/category\\\/noticias-actualidad\\\/#listItem\",\"position\":2,\"name\":\"Noticias y Actualidad\",\"item\":\"https:\\\/\\\/eldigitaldeasturias.com\\\/magazine365\\\/category\\\/noticias-actualidad\\\/\",\"nextItem\":{\"@type\":\"ListItem\",\"@id\":\"https:\\\/\\\/eldigitaldeasturias.com\\\/magazine365\\\/normalidad-en-aeropuertos-y-puntualidad-que-roza-el-100-en-el-primer-dia-de-paros-de-los-controladores\\\/#listItem\",\"name\":\"Normalidad en aeropuertos y puntualidad que roza el 100%, en el primer d\\u00eda de paros de los controladores\"},\"previousItem\":{\"@type\":\"ListItem\",\"@id\":\"https:\\\/\\\/eldigitaldeasturias.com\\\/magazine365#listItem\",\"name\":\"Home\"}},{\"@type\":\"ListItem\",\"@id\":\"https:\\\/\\\/eldigitaldeasturias.com\\\/magazine365\\\/normalidad-en-aeropuertos-y-puntualidad-que-roza-el-100-en-el-primer-dia-de-paros-de-los-controladores\\\/#listItem\",\"position\":3,\"name\":\"Normalidad en aeropuertos y puntualidad que roza el 100%, en el primer d\\u00eda de paros de los controladores\",\"previousItem\":{\"@type\":\"ListItem\",\"@id\":\"https:\\\/\\\/eldigitaldeasturias.com\\\/magazine365\\\/category\\\/noticias-actualidad\\\/#listItem\",\"name\":\"Noticias y Actualidad\"}}]},{\"@type\":\"Organization\",\"@id\":\"https:\\\/\\\/eldigitaldeasturias.com\\\/magazine365\\\/#organization\",\"name\":\"El digital de Asturias\",\"description\":\"Revista de ocio, turismo y estilo de vida\",\"url\":\"https:\\\/\\\/eldigitaldeasturias.com\\\/magazine365\\\/\",\"logo\":{\"@type\":\"ImageObject\",\"url\":\"https:\\\/\\\/www.eldigitaldeasturias.com\\\/noticias\\\/wp-content\\\/uploads\\\/2020\\\/12\\\/EDA.jpg\",\"@id\":\"https:\\\/\\\/eldigitaldeasturias.com\\\/magazine365\\\/normalidad-en-aeropuertos-y-puntualidad-que-roza-el-100-en-el-primer-dia-de-paros-de-los-controladores\\\/#organizationLogo\"},\"image\":{\"@id\":\"https:\\\/\\\/eldigitaldeasturias.com\\\/magazine365\\\/normalidad-en-aeropuertos-y-puntualidad-que-roza-el-100-en-el-primer-dia-de-paros-de-los-controladores\\\/#organizationLogo\"}},{\"@type\":\"Person\",\"@id\":\"https:\\\/\\\/eldigitaldeasturias.com\\\/magazine365\\\/author\\\/admin\\\/#author\",\"url\":\"https:\\\/\\\/eldigitaldeasturias.com\\\/magazine365\\\/author\\\/admin\\\/\",\"name\":\"admin\",\"image\":{\"@type\":\"ImageObject\",\"@id\":\"https:\\\/\\\/eldigitaldeasturias.com\\\/magazine365\\\/normalidad-en-aeropuertos-y-puntualidad-que-roza-el-100-en-el-primer-dia-de-paros-de-los-controladores\\\/#authorImage\",\"url\":\"https:\\\/\\\/eldigitaldeasturias.com\\\/magazine365\\\/wp-content\\\/litespeed\\\/avatar\\\/e571bcf59a0edd6fa6838245a470f2fe.jpg?ver=1776969259\",\"width\":96,\"height\":96,\"caption\":\"admin\"}},{\"@type\":\"WebPage\",\"@id\":\"https:\\\/\\\/eldigitaldeasturias.com\\\/magazine365\\\/normalidad-en-aeropuertos-y-puntualidad-que-roza-el-100-en-el-primer-dia-de-paros-de-los-controladores\\\/#webpage\",\"url\":\"https:\\\/\\\/eldigitaldeasturias.com\\\/magazine365\\\/normalidad-en-aeropuertos-y-puntualidad-que-roza-el-100-en-el-primer-dia-de-paros-de-los-controladores\\\/\",\"name\":\"Normalidad en aeropuertos y puntualidad que roza el 100%, en el primer d\\u00eda de paros de los controladores | El Digital de Asturias\",\"description\":\"Los aeropuertos de la red de Aena han operado con normalidad durante la primera jornada de paros parciales convocada por los controladores a\\u00e9reos, durante la que se han cumplido los servicios m\\u00ednimos, fijados por Fomento en el 70%, con una puntualidad media en los vuelos que roz\\u00f3 el 100%, tanto en los paros del turno\",\"inLanguage\":\"es-ES\",\"isPartOf\":{\"@id\":\"https:\\\/\\\/eldigitaldeasturias.com\\\/magazine365\\\/#website\"},\"breadcrumb\":{\"@id\":\"https:\\\/\\\/eldigitaldeasturias.com\\\/magazine365\\\/normalidad-en-aeropuertos-y-puntualidad-que-roza-el-100-en-el-primer-dia-de-paros-de-los-controladores\\\/#breadcrumblist\"},\"author\":{\"@id\":\"https:\\\/\\\/eldigitaldeasturias.com\\\/magazine365\\\/author\\\/admin\\\/#author\"},\"creator\":{\"@id\":\"https:\\\/\\\/eldigitaldeasturias.com\\\/magazine365\\\/author\\\/admin\\\/#author\"},\"image\":{\"@type\":\"ImageObject\",\"url\":\"https:\\\/\\\/eldigitaldeasturias.com\\\/magazine365\\\/wp-content\\\/uploads\\\/2015\\\/06\\\/aeropuerto.jpg\",\"@id\":\"https:\\\/\\\/eldigitaldeasturias.com\\\/magazine365\\\/normalidad-en-aeropuertos-y-puntualidad-que-roza-el-100-en-el-primer-dia-de-paros-de-los-controladores\\\/#mainImage\",\"width\":800,\"height\":531},\"primaryImageOfPage\":{\"@id\":\"https:\\\/\\\/eldigitaldeasturias.com\\\/magazine365\\\/normalidad-en-aeropuertos-y-puntualidad-que-roza-el-100-en-el-primer-dia-de-paros-de-los-controladores\\\/#mainImage\"},\"datePublished\":\"2015-06-09T04:44:45+02:00\",\"dateModified\":\"2015-06-09T04:44:45+02:00\"},{\"@type\":\"WebSite\",\"@id\":\"https:\\\/\\\/eldigitaldeasturias.com\\\/magazine365\\\/#website\",\"url\":\"https:\\\/\\\/eldigitaldeasturias.com\\\/magazine365\\\/\",\"name\":\"El Digital de Asturias\",\"description\":\"Revista de ocio, turismo y estilo de vida\",\"inLanguage\":\"es-ES\",\"publisher\":{\"@id\":\"https:\\\/\\\/eldigitaldeasturias.com\\\/magazine365\\\/#organization\"}}]}\n\t\t<\/script>\n\t\t<!-- All in One SEO Pro -->\r\n\t\t<title>Normalidad en aeropuertos y puntualidad que roza el 100%, en el primer d\u00eda de paros de los controladores | El Digital de Asturias<\/title>\n\n","aioseo_head_json":{"title":"Normalidad en aeropuertos y puntualidad que roza el 100%, en el primer d\u00eda de paros de los controladores | El Digital de Asturias","description":"Los aeropuertos de la red de Aena han operado con normalidad durante la primera jornada de paros parciales convocada por los controladores a\u00e9reos, durante la que se han cumplido los servicios m\u00ednimos, fijados por Fomento en el 70%, con una puntualidad media en los vuelos que roz\u00f3 el 100%, tanto en los paros del turno","canonical_url":"https:\/\/eldigitaldeasturias.com\/magazine365\/normalidad-en-aeropuertos-y-puntualidad-que-roza-el-100-en-el-primer-dia-de-paros-de-los-controladores\/","robots":"max-image-preview:large","keywords":"noticias y actualidad","webmasterTools":{"google-site-verification":"UA-38556648-1","miscellaneous":""},"schema":{"@context":"https:\/\/schema.org","@graph":[{"@type":"Article","@id":"https:\/\/eldigitaldeasturias.com\/magazine365\/normalidad-en-aeropuertos-y-puntualidad-que-roza-el-100-en-el-primer-dia-de-paros-de-los-controladores\/#article","name":"Normalidad en aeropuertos y puntualidad que roza el 100%, en el primer d\u00eda de paros de los controladores | El Digital de Asturias","headline":"Normalidad en aeropuertos y puntualidad que roza el 100%, en el primer d\u00eda de paros de los controladores","author":{"@id":"https:\/\/eldigitaldeasturias.com\/magazine365\/author\/admin\/#author"},"publisher":{"@id":"https:\/\/eldigitaldeasturias.com\/magazine365\/#organization"},"image":{"@type":"ImageObject","url":"https:\/\/eldigitaldeasturias.com\/magazine365\/wp-content\/uploads\/2015\/06\/aeropuerto.jpg","width":800,"height":531},"datePublished":"2015-06-09T04:44:45+02:00","dateModified":"2015-06-09T04:44:45+02:00","inLanguage":"es-ES","mainEntityOfPage":{"@id":"https:\/\/eldigitaldeasturias.com\/magazine365\/normalidad-en-aeropuertos-y-puntualidad-que-roza-el-100-en-el-primer-dia-de-paros-de-los-controladores\/#webpage"},"isPartOf":{"@id":"https:\/\/eldigitaldeasturias.com\/magazine365\/normalidad-en-aeropuertos-y-puntualidad-que-roza-el-100-en-el-primer-dia-de-paros-de-los-controladores\/#webpage"},"articleSection":"Noticias y Actualidad"},{"@type":"BreadcrumbList","@id":"https:\/\/eldigitaldeasturias.com\/magazine365\/normalidad-en-aeropuertos-y-puntualidad-que-roza-el-100-en-el-primer-dia-de-paros-de-los-controladores\/#breadcrumblist","itemListElement":[{"@type":"ListItem","@id":"https:\/\/eldigitaldeasturias.com\/magazine365#listItem","position":1,"name":"Home","item":"https:\/\/eldigitaldeasturias.com\/magazine365","nextItem":{"@type":"ListItem","@id":"https:\/\/eldigitaldeasturias.com\/magazine365\/category\/noticias-actualidad\/#listItem","name":"Noticias y Actualidad"}},{"@type":"ListItem","@id":"https:\/\/eldigitaldeasturias.com\/magazine365\/category\/noticias-actualidad\/#listItem","position":2,"name":"Noticias y Actualidad","item":"https:\/\/eldigitaldeasturias.com\/magazine365\/category\/noticias-actualidad\/","nextItem":{"@type":"ListItem","@id":"https:\/\/eldigitaldeasturias.com\/magazine365\/normalidad-en-aeropuertos-y-puntualidad-que-roza-el-100-en-el-primer-dia-de-paros-de-los-controladores\/#listItem","name":"Normalidad en aeropuertos y puntualidad que roza el 100%, en el primer d\u00eda de paros de los controladores"},"previousItem":{"@type":"ListItem","@id":"https:\/\/eldigitaldeasturias.com\/magazine365#listItem","name":"Home"}},{"@type":"ListItem","@id":"https:\/\/eldigitaldeasturias.com\/magazine365\/normalidad-en-aeropuertos-y-puntualidad-que-roza-el-100-en-el-primer-dia-de-paros-de-los-controladores\/#listItem","position":3,"name":"Normalidad en aeropuertos y puntualidad que roza el 100%, en el primer d\u00eda de paros de los controladores","previousItem":{"@type":"ListItem","@id":"https:\/\/eldigitaldeasturias.com\/magazine365\/category\/noticias-actualidad\/#listItem","name":"Noticias y Actualidad"}}]},{"@type":"Organization","@id":"https:\/\/eldigitaldeasturias.com\/magazine365\/#organization","name":"El digital de Asturias","description":"Revista de ocio, turismo y estilo de vida","url":"https:\/\/eldigitaldeasturias.com\/magazine365\/","logo":{"@type":"ImageObject","url":"https:\/\/www.eldigitaldeasturias.com\/noticias\/wp-content\/uploads\/2020\/12\/EDA.jpg","@id":"https:\/\/eldigitaldeasturias.com\/magazine365\/normalidad-en-aeropuertos-y-puntualidad-que-roza-el-100-en-el-primer-dia-de-paros-de-los-controladores\/#organizationLogo"},"image":{"@id":"https:\/\/eldigitaldeasturias.com\/magazine365\/normalidad-en-aeropuertos-y-puntualidad-que-roza-el-100-en-el-primer-dia-de-paros-de-los-controladores\/#organizationLogo"}},{"@type":"Person","@id":"https:\/\/eldigitaldeasturias.com\/magazine365\/author\/admin\/#author","url":"https:\/\/eldigitaldeasturias.com\/magazine365\/author\/admin\/","name":"admin","image":{"@type":"ImageObject","@id":"https:\/\/eldigitaldeasturias.com\/magazine365\/normalidad-en-aeropuertos-y-puntualidad-que-roza-el-100-en-el-primer-dia-de-paros-de-los-controladores\/#authorImage","url":"https:\/\/eldigitaldeasturias.com\/magazine365\/wp-content\/litespeed\/avatar\/e571bcf59a0edd6fa6838245a470f2fe.jpg?ver=1776969259","width":96,"height":96,"caption":"admin"}},{"@type":"WebPage","@id":"https:\/\/eldigitaldeasturias.com\/magazine365\/normalidad-en-aeropuertos-y-puntualidad-que-roza-el-100-en-el-primer-dia-de-paros-de-los-controladores\/#webpage","url":"https:\/\/eldigitaldeasturias.com\/magazine365\/normalidad-en-aeropuertos-y-puntualidad-que-roza-el-100-en-el-primer-dia-de-paros-de-los-controladores\/","name":"Normalidad en aeropuertos y puntualidad que roza el 100%, en el primer d\u00eda de paros de los controladores | El Digital de Asturias","description":"Los aeropuertos de la red de Aena han operado con normalidad durante la primera jornada de paros parciales convocada por los controladores a\u00e9reos, durante la que se han cumplido los servicios m\u00ednimos, fijados por Fomento en el 70%, con una puntualidad media en los vuelos que roz\u00f3 el 100%, tanto en los paros del turno","inLanguage":"es-ES","isPartOf":{"@id":"https:\/\/eldigitaldeasturias.com\/magazine365\/#website"},"breadcrumb":{"@id":"https:\/\/eldigitaldeasturias.com\/magazine365\/normalidad-en-aeropuertos-y-puntualidad-que-roza-el-100-en-el-primer-dia-de-paros-de-los-controladores\/#breadcrumblist"},"author":{"@id":"https:\/\/eldigitaldeasturias.com\/magazine365\/author\/admin\/#author"},"creator":{"@id":"https:\/\/eldigitaldeasturias.com\/magazine365\/author\/admin\/#author"},"image":{"@type":"ImageObject","url":"https:\/\/eldigitaldeasturias.com\/magazine365\/wp-content\/uploads\/2015\/06\/aeropuerto.jpg","@id":"https:\/\/eldigitaldeasturias.com\/magazine365\/normalidad-en-aeropuertos-y-puntualidad-que-roza-el-100-en-el-primer-dia-de-paros-de-los-controladores\/#mainImage","width":800,"height":531},"primaryImageOfPage":{"@id":"https:\/\/eldigitaldeasturias.com\/magazine365\/normalidad-en-aeropuertos-y-puntualidad-que-roza-el-100-en-el-primer-dia-de-paros-de-los-controladores\/#mainImage"},"datePublished":"2015-06-09T04:44:45+02:00","dateModified":"2015-06-09T04:44:45+02:00"},{"@type":"WebSite","@id":"https:\/\/eldigitaldeasturias.com\/magazine365\/#website","url":"https:\/\/eldigitaldeasturias.com\/magazine365\/","name":"El Digital de Asturias","description":"Revista de ocio, turismo y estilo de vida","inLanguage":"es-ES","publisher":{"@id":"https:\/\/eldigitaldeasturias.com\/magazine365\/#organization"}}]},"og:locale":"es_ES","og:site_name":"El Digital de Asturias \u2013 Revista de ocio, turismo y estilo de vida","og:type":"article","og:title":"Normalidad en aeropuertos y puntualidad que roza el 100%, en el primer d\u00eda de paros de los controladores | El Digital de Asturias","og:description":"Los aeropuertos de la red de Aena han operado con normalidad durante la primera jornada de paros parciales convocada por los controladores a\u00e9reos, durante la que se han cumplido los servicios m\u00ednimos, fijados por Fomento en el 70%, con una puntualidad media en los vuelos que roz\u00f3 el 100%, tanto en los paros del turno","og:url":"https:\/\/eldigitaldeasturias.com\/magazine365\/normalidad-en-aeropuertos-y-puntualidad-que-roza-el-100-en-el-primer-dia-de-paros-de-los-controladores\/","og:image":"https:\/\/eldigitaldeasturias.com\/magazine365\/wp-content\/uploads\/2015\/06\/aeropuerto.jpg","og:image:secure_url":"https:\/\/eldigitaldeasturias.com\/magazine365\/wp-content\/uploads\/2015\/06\/aeropuerto.jpg","og:image:width":800,"og:image:height":531,"article:published_time":"2015-06-09T03:14:45+00:00","article:modified_time":"2015-06-09T03:14:45+00:00","twitter:card":"summary_large_image","twitter:title":"Normalidad en aeropuertos y puntualidad que roza el 100%, en el primer d\u00eda de paros de los controladores | El Digital de Asturias","twitter:description":"Los aeropuertos de la red de Aena han operado con normalidad durante la primera jornada de paros parciales convocada por los controladores a\u00e9reos, durante la que se han cumplido los servicios m\u00ednimos, fijados por Fomento en el 70%, con una puntualidad media en los vuelos que roz\u00f3 el 100%, tanto en los paros del turno","twitter:image":"https:\/\/eldigitaldeasturias.com\/magazine365\/wp-content\/uploads\/2015\/06\/aeropuerto.jpg"},"aioseo_meta_data":{"post_id":"39163","title":null,"description":null,"keywords":null,"keyphrases":null,"primary_term":null,"canonical_url":null,"og_title":null,"og_description":null,"og_object_type":"default","og_image_type":"default","og_image_url":null,"og_image_width":null,"og_image_height":null,"og_image_custom_url":null,"og_image_custom_fields":null,"og_video":null,"og_custom_url":null,"og_article_section":null,"og_article_tags":null,"twitter_use_og":false,"twitter_card":"default","twitter_image_type":"default","twitter_image_url":null,"twitter_image_custom_url":null,"twitter_image_custom_fields":null,"twitter_title":null,"twitter_description":null,"schema":{"blockGraphs":[],"customGraphs":[],"default":{"data":{"Article":[],"Course":[],"Dataset":[],"FAQPage":[],"Movie":[],"Person":[],"Product":[],"ProductReview":[],"Car":[],"Recipe":[],"Service":[],"SoftwareApplication":[],"WebPage":[]},"graphName":"","isEnabled":true},"graphs":[]},"schema_type":null,"schema_type_options":null,"pillar_content":false,"robots_default":true,"robots_noindex":false,"robots_noarchive":false,"robots_nosnippet":false,"robots_nofollow":false,"robots_noimageindex":false,"robots_noodp":false,"robots_notranslate":false,"robots_max_snippet":null,"robots_max_videopreview":null,"robots_max_imagepreview":"large","priority":null,"frequency":null,"location":null,"local_seo":null,"seo_analyzer_scan_date":"2025-09-19 11:05:00","breadcrumb_settings":null,"limit_modified_date":false,"open_ai":null,"ai":null,"created":"2021-03-08 16:35:41","updated":"2025-09-19 11:05:00"},"aioseo_breadcrumb":"<div class=\"aioseo-breadcrumbs\"><span class=\"aioseo-breadcrumb\">\n\t<a href=\"https:\/\/eldigitaldeasturias.com\/magazine365\" title=\"Home\">Home<\/a>\n<\/span><span class=\"aioseo-breadcrumb-separator\">\u2013<\/span><span class=\"aioseo-breadcrumb\">\n\t<a href=\"https:\/\/eldigitaldeasturias.com\/magazine365\/category\/noticias-actualidad\/\" title=\"Noticias y Actualidad\">Noticias y Actualidad<\/a>\n<\/span><span class=\"aioseo-breadcrumb-separator\">\u2013<\/span><span class=\"aioseo-breadcrumb\">\n\t<a href=\"https:\/\/eldigitaldeasturias.com\/magazine365\/normalidad-en-aeropuertos-y-puntualidad-que-roza-el-100-en-el-primer-dia-de-paros-de-los-controladores\/\" title=\"Normalidad en aeropuertos y puntualidad que roza el 100%, en el primer d\u00eda de paros de los controladores\">Normalidad en aeropuertos y puntualidad que roza el 100%, en el primer d\u00eda de paros de los controladores<\/a>\n<\/span><\/div>","aioseo_breadcrumb_json":[{"label":"Home","link":"https:\/\/eldigitaldeasturias.com\/magazine365"},{"label":"Noticias y Actualidad","link":"https:\/\/eldigitaldeasturias.com\/magazine365\/category\/noticias-actualidad\/"},{"label":"Normalidad en aeropuertos y puntualidad que roza el 100%, en el primer d\u00eda de paros de los controladores","link":"https:\/\/eldigitaldeasturias.com\/magazine365\/normalidad-en-aeropuertos-y-puntualidad-que-roza-el-100-en-el-primer-dia-de-paros-de-los-controladores\/"}],"_links":{"self":[{"href":"https:\/\/eldigitaldeasturias.com\/magazine365\/wp-json\/wp\/v2\/posts\/39163","targetHints":{"allow":["GET"]}}],"collection":[{"href":"https:\/\/eldigitaldeasturias.com\/magazine365\/wp-json\/wp\/v2\/posts"}],"about":[{"href":"https:\/\/eldigitaldeasturias.com\/magazine365\/wp-json\/wp\/v2\/types\/post"}],"author":[{"embeddable":true,"href":"https:\/\/eldigitaldeasturias.com\/magazine365\/wp-json\/wp\/v2\/users\/1"}],"replies":[{"embeddable":true,"href":"https:\/\/eldigitaldeasturias.com\/magazine365\/wp-json\/wp\/v2\/comments?post=39163"}],"version-history":[{"count":0,"href":"https:\/\/eldigitaldeasturias.com\/magazine365\/wp-json\/wp\/v2\/posts\/39163\/revisions"}],"wp:featuredmedia":[{"embeddable":true,"href":"https:\/\/eldigitaldeasturias.com\/magazine365\/wp-json\/wp\/v2\/media\/39092"}],"wp:attachment":[{"href":"https:\/\/eldigitaldeasturias.com\/magazine365\/wp-json\/wp\/v2\/media?parent=39163"}],"wp:term":[{"taxonomy":"category","embeddable":true,"href":"https:\/\/eldigitaldeasturias.com\/magazine365\/wp-json\/wp\/v2\/categories?post=39163"},{"taxonomy":"post_tag","embeddable":true,"href":"https:\/\/eldigitaldeasturias.com\/magazine365\/wp-json\/wp\/v2\/tags?post=39163"}],"curies":[{"name":"wp","href":"https:\/\/api.w.org\/{rel}","templated":true}]}}