{"id":39138,"date":"2015-06-09T04:26:46","date_gmt":"2015-06-09T02:56:46","guid":{"rendered":"http:\/\/eldigitaldeasturias.com\/magazine365\/?p=39138"},"modified":"2015-06-09T04:27:19","modified_gmt":"2015-06-09T02:57:19","slug":"air-horizont-redirige-su-estrategia-hacia-operaciones-charter","status":"publish","type":"post","link":"https:\/\/eldigitaldeasturias.com\/magazine365\/air-horizont-redirige-su-estrategia-hacia-operaciones-charter\/","title":{"rendered":"Air Horizont redirige su estrategia hacia operaciones ch\u00e1rter"},"content":{"rendered":"<p><img fetchpriority=\"high\" decoding=\"async\" class=\"alignleft size-medium wp-image-39139\" src=\"https:\/\/eldigitaldeasturias.com\/magazine365\/wp-content\/uploads\/2015\/06\/fotonoticia_20150608204209_800-360x239.jpg\" alt=\"fotonoticia_20150608204209_800\" width=\"360\" height=\"239\" srcset=\"https:\/\/eldigitaldeasturias.com\/magazine365\/wp-content\/uploads\/2015\/06\/fotonoticia_20150608204209_800-360x239.jpg 360w, https:\/\/eldigitaldeasturias.com\/magazine365\/wp-content\/uploads\/2015\/06\/fotonoticia_20150608204209_800-650x432.jpg 650w, https:\/\/eldigitaldeasturias.com\/magazine365\/wp-content\/uploads\/2015\/06\/fotonoticia_20150608204209_800-768x511.jpg 768w, https:\/\/eldigitaldeasturias.com\/magazine365\/wp-content\/uploads\/2015\/06\/fotonoticia_20150608204209_800-150x100.jpg 150w, https:\/\/eldigitaldeasturias.com\/magazine365\/wp-content\/uploads\/2015\/06\/fotonoticia_20150608204209_800-450x299.jpg 450w, https:\/\/eldigitaldeasturias.com\/magazine365\/wp-content\/uploads\/2015\/06\/fotonoticia_20150608204209_800-696x463.jpg 696w, https:\/\/eldigitaldeasturias.com\/magazine365\/wp-content\/uploads\/2015\/06\/fotonoticia_20150608204209_800-632x420.jpg 632w, https:\/\/eldigitaldeasturias.com\/magazine365\/wp-content\/uploads\/2015\/06\/fotonoticia_20150608204209_800-84x55.jpg 84w, https:\/\/eldigitaldeasturias.com\/magazine365\/wp-content\/uploads\/2015\/06\/fotonoticia_20150608204209_800.jpg 800w\" sizes=\"(max-width: 360px) 100vw, 360px\" \/>La aerol\u00ednea Air Horizont ha anunciado este lunes que finalmente reorganizar\u00e1 su t\u00e1ctica comercial inicial y se enfocar\u00e1 s\u00f3lo a vuelos ch\u00e1rter, los cuales ya estaban previstos en su estrategia original.<\/p>\n<p>La incorporaci\u00f3n esperada del segundo avi\u00f3n \u00abno ha llegado a tiempo por el retraso acumulado\u00bb, por lo que las operaciones regulares \u00abresultan inviables esta temporada\u00bb, seg\u00fan ha informado la compa\u00f1\u00eda, desde donde han confirmado que, \u00aba pesar de haber recibido ya los permisos, el retraso en la obtenci\u00f3n de los mismos ha afectado mucho a las ventas\u00bb.<\/p>\n<p>Con el primer avi\u00f3n ya en tierras zaragozanas desde el pasado d\u00eda 27 de mayo y con los permisos de operaci\u00f3n obtenidos, la aerol\u00ednea ya ha comenzado a operar y ha realizado el primer vuelo charter desde Barcelona a Berl\u00edn, organizado con motivo de la final de la UEFA Champions League.<\/p>\n<p>\u00abNo querr\u00edamos tener que dar esta noticia a nuestros clientes y lamentamos sinceramente las molestias que hayamos podido causarles. A pesar de las previsiones iniciales, debido a los retrasos y las consecuencias derivadas, a menos de un mes de iniciar vuelos regulares, no son econ\u00f3micamente viables las operaciones regulares en este momento\u00bb, ha declarado el director gerente de Air Horizont, Juan Luis D\u00edez.<\/p>\n<p>DEVOLVER\u00c1 EL BILLETE A LOS USUARIOS.<\/p>\n<p>Tal y como ha se\u00f1alado, a los viajeros se les devolver\u00e1 \u00ab\u00edntegramente\u00bb la cuant\u00eda de sus billetes \u00aba la mayor brevedad\u00bb tras haber contactado con ellos individualmente\u00bb. Adem\u00e1s, ha concretado que ya se est\u00e1 informando a los pasajeros afectados.<\/p>\n<p>Con respecto a la operativa ch\u00e1rter, D\u00edez ha asegurado que al ser avi\u00f3n propio y volar con c\u00f3digo de Air Horizont, van a mantener las tripulaciones y personal, que representan casi 50 puestos de trabajo, contratados hasta la fecha. A partir de ahora, ha subrayado, desde la compa\u00f1\u00eda van a \u00abcentras los esfuerzos\u00bb en este tipo de servicio.<\/p>\n<p>\u00abHemos sido capaces de adaptarnos a las circunstancias y responder a tiempo para hacer viable la compa\u00f1\u00eda. Lo fundamental es que empezamos a operar y retomar el plan inicial de volar rutas regulares desde el aeropuerto de Zaragoza es cuesti\u00f3n de tiempo\u00bb, ha aseverado D\u00edez.<\/p>\n","protected":false},"excerpt":{"rendered":"<p>La aerol\u00ednea Air Horizont ha anunciado este lunes que finalmente reorganizar\u00e1 su t\u00e1ctica comercial inicial y se enfocar\u00e1 s\u00f3lo a vuelos ch\u00e1rter, los cuales ya estaban previstos en su estrategia original. La incorporaci\u00f3n esperada del segundo avi\u00f3n \u00abno ha llegado a tiempo por el retraso acumulado\u00bb, por lo que las operaciones regulares \u00abresultan inviables esta<\/p>\n","protected":false},"author":1,"featured_media":39139,"comment_status":"open","ping_status":"closed","sticky":false,"template":"","format":"standard","meta":{"footnotes":""},"categories":[222],"tags":[],"class_list":{"0":"post-39138","1":"post","2":"type-post","3":"status-publish","4":"format-standard","5":"has-post-thumbnail","7":"category-actualidad-turismo"},"aioseo_notices":[],"aioseo_head":"\n\t\t<!-- All in One SEO Pro 4.9.6.1 - aioseo.com -->\n\t<meta name=\"description\" content=\"La aerol\u00ednea Air Horizont ha anunciado este lunes que finalmente reorganizar\u00e1 su t\u00e1ctica comercial inicial y se enfocar\u00e1 s\u00f3lo a vuelos ch\u00e1rter, los cuales ya estaban previstos en su estrategia original. La incorporaci\u00f3n esperada del segundo avi\u00f3n &quot;no ha llegado a tiempo por el retraso acumulado&quot;, por lo que las operaciones regulares &quot;resultan inviables esta\" \/>\n\t<meta name=\"robots\" content=\"max-image-preview:large\" \/>\n\t<meta name=\"author\" content=\"admin\"\/>\n\t<meta name=\"google-site-verification\" content=\"UA-38556648-1\" \/>\n\t<meta name=\"keywords\" content=\"actualidad turismo\" \/>\n\t<link rel=\"canonical\" href=\"https:\/\/eldigitaldeasturias.com\/magazine365\/air-horizont-redirige-su-estrategia-hacia-operaciones-charter\/\" \/>\n\t<meta name=\"generator\" content=\"All in One SEO Pro (AIOSEO) 4.9.6.1\" \/>\n\t\t<meta property=\"og:locale\" content=\"es_ES\" \/>\n\t\t<meta property=\"og:site_name\" content=\"El Digital de Asturias \u2013 Revista de ocio, turismo y estilo de vida\" \/>\n\t\t<meta property=\"og:type\" content=\"article\" \/>\n\t\t<meta property=\"og:title\" content=\"Air Horizont redirige su estrategia hacia operaciones ch\u00e1rter | El Digital de Asturias\" \/>\n\t\t<meta property=\"og:description\" content=\"La aerol\u00ednea Air Horizont ha anunciado este lunes que finalmente reorganizar\u00e1 su t\u00e1ctica comercial inicial y se enfocar\u00e1 s\u00f3lo a vuelos ch\u00e1rter, los cuales ya estaban previstos en su estrategia original. La incorporaci\u00f3n esperada del segundo avi\u00f3n &quot;no ha llegado a tiempo por el retraso acumulado&quot;, por lo que las operaciones regulares &quot;resultan inviables esta\" \/>\n\t\t<meta property=\"og:url\" content=\"https:\/\/eldigitaldeasturias.com\/magazine365\/air-horizont-redirige-su-estrategia-hacia-operaciones-charter\/\" \/>\n\t\t<meta property=\"og:image\" content=\"https:\/\/eldigitaldeasturias.com\/magazine365\/wp-content\/uploads\/2015\/06\/fotonoticia_20150608204209_800.jpg\" \/>\n\t\t<meta property=\"og:image:secure_url\" content=\"https:\/\/eldigitaldeasturias.com\/magazine365\/wp-content\/uploads\/2015\/06\/fotonoticia_20150608204209_800.jpg\" \/>\n\t\t<meta property=\"og:image:width\" content=\"800\" \/>\n\t\t<meta property=\"og:image:height\" content=\"532\" \/>\n\t\t<meta property=\"article:published_time\" content=\"2015-06-09T02:56:46+00:00\" \/>\n\t\t<meta property=\"article:modified_time\" content=\"2015-06-09T02:57:19+00:00\" \/>\n\t\t<meta name=\"twitter:card\" content=\"summary_large_image\" \/>\n\t\t<meta name=\"twitter:title\" content=\"Air Horizont redirige su estrategia hacia operaciones ch\u00e1rter | El Digital de Asturias\" \/>\n\t\t<meta name=\"twitter:description\" content=\"La aerol\u00ednea Air Horizont ha anunciado este lunes que finalmente reorganizar\u00e1 su t\u00e1ctica comercial inicial y se enfocar\u00e1 s\u00f3lo a vuelos ch\u00e1rter, los cuales ya estaban previstos en su estrategia original. La incorporaci\u00f3n esperada del segundo avi\u00f3n &quot;no ha llegado a tiempo por el retraso acumulado&quot;, por lo que las operaciones regulares &quot;resultan inviables esta\" \/>\n\t\t<meta name=\"twitter:image\" content=\"https:\/\/eldigitaldeasturias.com\/magazine365\/wp-content\/uploads\/2015\/06\/fotonoticia_20150608204209_800.jpg\" \/>\n\t\t<script type=\"application\/ld+json\" class=\"aioseo-schema\">\n\t\t\t{\"@context\":\"https:\\\/\\\/schema.org\",\"@graph\":[{\"@type\":\"Article\",\"@id\":\"https:\\\/\\\/eldigitaldeasturias.com\\\/magazine365\\\/air-horizont-redirige-su-estrategia-hacia-operaciones-charter\\\/#article\",\"name\":\"Air Horizont redirige su estrategia hacia operaciones ch\\u00e1rter | El Digital de Asturias\",\"headline\":\"Air Horizont redirige su estrategia hacia operaciones ch\\u00e1rter\",\"author\":{\"@id\":\"https:\\\/\\\/eldigitaldeasturias.com\\\/magazine365\\\/author\\\/admin\\\/#author\"},\"publisher\":{\"@id\":\"https:\\\/\\\/eldigitaldeasturias.com\\\/magazine365\\\/#organization\"},\"image\":{\"@type\":\"ImageObject\",\"url\":\"https:\\\/\\\/eldigitaldeasturias.com\\\/magazine365\\\/wp-content\\\/uploads\\\/2015\\\/06\\\/fotonoticia_20150608204209_800.jpg\",\"width\":800,\"height\":532},\"datePublished\":\"2015-06-09T04:26:46+02:00\",\"dateModified\":\"2015-06-09T04:27:19+02:00\",\"inLanguage\":\"es-ES\",\"mainEntityOfPage\":{\"@id\":\"https:\\\/\\\/eldigitaldeasturias.com\\\/magazine365\\\/air-horizont-redirige-su-estrategia-hacia-operaciones-charter\\\/#webpage\"},\"isPartOf\":{\"@id\":\"https:\\\/\\\/eldigitaldeasturias.com\\\/magazine365\\\/air-horizont-redirige-su-estrategia-hacia-operaciones-charter\\\/#webpage\"},\"articleSection\":\"Actualidad Turismo\"},{\"@type\":\"BreadcrumbList\",\"@id\":\"https:\\\/\\\/eldigitaldeasturias.com\\\/magazine365\\\/air-horizont-redirige-su-estrategia-hacia-operaciones-charter\\\/#breadcrumblist\",\"itemListElement\":[{\"@type\":\"ListItem\",\"@id\":\"https:\\\/\\\/eldigitaldeasturias.com\\\/magazine365#listItem\",\"position\":1,\"name\":\"Home\",\"item\":\"https:\\\/\\\/eldigitaldeasturias.com\\\/magazine365\",\"nextItem\":{\"@type\":\"ListItem\",\"@id\":\"https:\\\/\\\/eldigitaldeasturias.com\\\/magazine365\\\/category\\\/actualidad-turismo\\\/#listItem\",\"name\":\"Actualidad Turismo\"}},{\"@type\":\"ListItem\",\"@id\":\"https:\\\/\\\/eldigitaldeasturias.com\\\/magazine365\\\/category\\\/actualidad-turismo\\\/#listItem\",\"position\":2,\"name\":\"Actualidad Turismo\",\"item\":\"https:\\\/\\\/eldigitaldeasturias.com\\\/magazine365\\\/category\\\/actualidad-turismo\\\/\",\"nextItem\":{\"@type\":\"ListItem\",\"@id\":\"https:\\\/\\\/eldigitaldeasturias.com\\\/magazine365\\\/air-horizont-redirige-su-estrategia-hacia-operaciones-charter\\\/#listItem\",\"name\":\"Air Horizont redirige su estrategia hacia operaciones ch\\u00e1rter\"},\"previousItem\":{\"@type\":\"ListItem\",\"@id\":\"https:\\\/\\\/eldigitaldeasturias.com\\\/magazine365#listItem\",\"name\":\"Home\"}},{\"@type\":\"ListItem\",\"@id\":\"https:\\\/\\\/eldigitaldeasturias.com\\\/magazine365\\\/air-horizont-redirige-su-estrategia-hacia-operaciones-charter\\\/#listItem\",\"position\":3,\"name\":\"Air Horizont redirige su estrategia hacia operaciones ch\\u00e1rter\",\"previousItem\":{\"@type\":\"ListItem\",\"@id\":\"https:\\\/\\\/eldigitaldeasturias.com\\\/magazine365\\\/category\\\/actualidad-turismo\\\/#listItem\",\"name\":\"Actualidad Turismo\"}}]},{\"@type\":\"Organization\",\"@id\":\"https:\\\/\\\/eldigitaldeasturias.com\\\/magazine365\\\/#organization\",\"name\":\"El digital de Asturias\",\"description\":\"Revista de ocio, turismo y estilo de vida\",\"url\":\"https:\\\/\\\/eldigitaldeasturias.com\\\/magazine365\\\/\",\"logo\":{\"@type\":\"ImageObject\",\"url\":\"https:\\\/\\\/www.eldigitaldeasturias.com\\\/noticias\\\/wp-content\\\/uploads\\\/2020\\\/12\\\/EDA.jpg\",\"@id\":\"https:\\\/\\\/eldigitaldeasturias.com\\\/magazine365\\\/air-horizont-redirige-su-estrategia-hacia-operaciones-charter\\\/#organizationLogo\"},\"image\":{\"@id\":\"https:\\\/\\\/eldigitaldeasturias.com\\\/magazine365\\\/air-horizont-redirige-su-estrategia-hacia-operaciones-charter\\\/#organizationLogo\"}},{\"@type\":\"Person\",\"@id\":\"https:\\\/\\\/eldigitaldeasturias.com\\\/magazine365\\\/author\\\/admin\\\/#author\",\"url\":\"https:\\\/\\\/eldigitaldeasturias.com\\\/magazine365\\\/author\\\/admin\\\/\",\"name\":\"admin\",\"image\":{\"@type\":\"ImageObject\",\"@id\":\"https:\\\/\\\/eldigitaldeasturias.com\\\/magazine365\\\/air-horizont-redirige-su-estrategia-hacia-operaciones-charter\\\/#authorImage\",\"url\":\"https:\\\/\\\/eldigitaldeasturias.com\\\/magazine365\\\/wp-content\\\/litespeed\\\/avatar\\\/e571bcf59a0edd6fa6838245a470f2fe.jpg?ver=1776969259\",\"width\":96,\"height\":96,\"caption\":\"admin\"}},{\"@type\":\"WebPage\",\"@id\":\"https:\\\/\\\/eldigitaldeasturias.com\\\/magazine365\\\/air-horizont-redirige-su-estrategia-hacia-operaciones-charter\\\/#webpage\",\"url\":\"https:\\\/\\\/eldigitaldeasturias.com\\\/magazine365\\\/air-horizont-redirige-su-estrategia-hacia-operaciones-charter\\\/\",\"name\":\"Air Horizont redirige su estrategia hacia operaciones ch\\u00e1rter | El Digital de Asturias\",\"description\":\"La aerol\\u00ednea Air Horizont ha anunciado este lunes que finalmente reorganizar\\u00e1 su t\\u00e1ctica comercial inicial y se enfocar\\u00e1 s\\u00f3lo a vuelos ch\\u00e1rter, los cuales ya estaban previstos en su estrategia original. La incorporaci\\u00f3n esperada del segundo avi\\u00f3n \\\"no ha llegado a tiempo por el retraso acumulado\\\", por lo que las operaciones regulares \\\"resultan inviables esta\",\"inLanguage\":\"es-ES\",\"isPartOf\":{\"@id\":\"https:\\\/\\\/eldigitaldeasturias.com\\\/magazine365\\\/#website\"},\"breadcrumb\":{\"@id\":\"https:\\\/\\\/eldigitaldeasturias.com\\\/magazine365\\\/air-horizont-redirige-su-estrategia-hacia-operaciones-charter\\\/#breadcrumblist\"},\"author\":{\"@id\":\"https:\\\/\\\/eldigitaldeasturias.com\\\/magazine365\\\/author\\\/admin\\\/#author\"},\"creator\":{\"@id\":\"https:\\\/\\\/eldigitaldeasturias.com\\\/magazine365\\\/author\\\/admin\\\/#author\"},\"image\":{\"@type\":\"ImageObject\",\"url\":\"https:\\\/\\\/eldigitaldeasturias.com\\\/magazine365\\\/wp-content\\\/uploads\\\/2015\\\/06\\\/fotonoticia_20150608204209_800.jpg\",\"@id\":\"https:\\\/\\\/eldigitaldeasturias.com\\\/magazine365\\\/air-horizont-redirige-su-estrategia-hacia-operaciones-charter\\\/#mainImage\",\"width\":800,\"height\":532},\"primaryImageOfPage\":{\"@id\":\"https:\\\/\\\/eldigitaldeasturias.com\\\/magazine365\\\/air-horizont-redirige-su-estrategia-hacia-operaciones-charter\\\/#mainImage\"},\"datePublished\":\"2015-06-09T04:26:46+02:00\",\"dateModified\":\"2015-06-09T04:27:19+02:00\"},{\"@type\":\"WebSite\",\"@id\":\"https:\\\/\\\/eldigitaldeasturias.com\\\/magazine365\\\/#website\",\"url\":\"https:\\\/\\\/eldigitaldeasturias.com\\\/magazine365\\\/\",\"name\":\"El Digital de Asturias\",\"description\":\"Revista de ocio, turismo y estilo de vida\",\"inLanguage\":\"es-ES\",\"publisher\":{\"@id\":\"https:\\\/\\\/eldigitaldeasturias.com\\\/magazine365\\\/#organization\"}}]}\n\t\t<\/script>\n\t\t<!-- All in One SEO Pro -->\r\n\t\t<title>Air Horizont redirige su estrategia hacia operaciones ch\u00e1rter | El Digital de Asturias<\/title>\n\n","aioseo_head_json":{"title":"Air Horizont redirige su estrategia hacia operaciones ch\u00e1rter | El Digital de Asturias","description":"La aerol\u00ednea Air Horizont ha anunciado este lunes que finalmente reorganizar\u00e1 su t\u00e1ctica comercial inicial y se enfocar\u00e1 s\u00f3lo a vuelos ch\u00e1rter, los cuales ya estaban previstos en su estrategia original. La incorporaci\u00f3n esperada del segundo avi\u00f3n \"no ha llegado a tiempo por el retraso acumulado\", por lo que las operaciones regulares \"resultan inviables esta","canonical_url":"https:\/\/eldigitaldeasturias.com\/magazine365\/air-horizont-redirige-su-estrategia-hacia-operaciones-charter\/","robots":"max-image-preview:large","keywords":"actualidad turismo","webmasterTools":{"google-site-verification":"UA-38556648-1","miscellaneous":""},"schema":{"@context":"https:\/\/schema.org","@graph":[{"@type":"Article","@id":"https:\/\/eldigitaldeasturias.com\/magazine365\/air-horizont-redirige-su-estrategia-hacia-operaciones-charter\/#article","name":"Air Horizont redirige su estrategia hacia operaciones ch\u00e1rter | El Digital de Asturias","headline":"Air Horizont redirige su estrategia hacia operaciones ch\u00e1rter","author":{"@id":"https:\/\/eldigitaldeasturias.com\/magazine365\/author\/admin\/#author"},"publisher":{"@id":"https:\/\/eldigitaldeasturias.com\/magazine365\/#organization"},"image":{"@type":"ImageObject","url":"https:\/\/eldigitaldeasturias.com\/magazine365\/wp-content\/uploads\/2015\/06\/fotonoticia_20150608204209_800.jpg","width":800,"height":532},"datePublished":"2015-06-09T04:26:46+02:00","dateModified":"2015-06-09T04:27:19+02:00","inLanguage":"es-ES","mainEntityOfPage":{"@id":"https:\/\/eldigitaldeasturias.com\/magazine365\/air-horizont-redirige-su-estrategia-hacia-operaciones-charter\/#webpage"},"isPartOf":{"@id":"https:\/\/eldigitaldeasturias.com\/magazine365\/air-horizont-redirige-su-estrategia-hacia-operaciones-charter\/#webpage"},"articleSection":"Actualidad Turismo"},{"@type":"BreadcrumbList","@id":"https:\/\/eldigitaldeasturias.com\/magazine365\/air-horizont-redirige-su-estrategia-hacia-operaciones-charter\/#breadcrumblist","itemListElement":[{"@type":"ListItem","@id":"https:\/\/eldigitaldeasturias.com\/magazine365#listItem","position":1,"name":"Home","item":"https:\/\/eldigitaldeasturias.com\/magazine365","nextItem":{"@type":"ListItem","@id":"https:\/\/eldigitaldeasturias.com\/magazine365\/category\/actualidad-turismo\/#listItem","name":"Actualidad Turismo"}},{"@type":"ListItem","@id":"https:\/\/eldigitaldeasturias.com\/magazine365\/category\/actualidad-turismo\/#listItem","position":2,"name":"Actualidad Turismo","item":"https:\/\/eldigitaldeasturias.com\/magazine365\/category\/actualidad-turismo\/","nextItem":{"@type":"ListItem","@id":"https:\/\/eldigitaldeasturias.com\/magazine365\/air-horizont-redirige-su-estrategia-hacia-operaciones-charter\/#listItem","name":"Air Horizont redirige su estrategia hacia operaciones ch\u00e1rter"},"previousItem":{"@type":"ListItem","@id":"https:\/\/eldigitaldeasturias.com\/magazine365#listItem","name":"Home"}},{"@type":"ListItem","@id":"https:\/\/eldigitaldeasturias.com\/magazine365\/air-horizont-redirige-su-estrategia-hacia-operaciones-charter\/#listItem","position":3,"name":"Air Horizont redirige su estrategia hacia operaciones ch\u00e1rter","previousItem":{"@type":"ListItem","@id":"https:\/\/eldigitaldeasturias.com\/magazine365\/category\/actualidad-turismo\/#listItem","name":"Actualidad Turismo"}}]},{"@type":"Organization","@id":"https:\/\/eldigitaldeasturias.com\/magazine365\/#organization","name":"El digital de Asturias","description":"Revista de ocio, turismo y estilo de vida","url":"https:\/\/eldigitaldeasturias.com\/magazine365\/","logo":{"@type":"ImageObject","url":"https:\/\/www.eldigitaldeasturias.com\/noticias\/wp-content\/uploads\/2020\/12\/EDA.jpg","@id":"https:\/\/eldigitaldeasturias.com\/magazine365\/air-horizont-redirige-su-estrategia-hacia-operaciones-charter\/#organizationLogo"},"image":{"@id":"https:\/\/eldigitaldeasturias.com\/magazine365\/air-horizont-redirige-su-estrategia-hacia-operaciones-charter\/#organizationLogo"}},{"@type":"Person","@id":"https:\/\/eldigitaldeasturias.com\/magazine365\/author\/admin\/#author","url":"https:\/\/eldigitaldeasturias.com\/magazine365\/author\/admin\/","name":"admin","image":{"@type":"ImageObject","@id":"https:\/\/eldigitaldeasturias.com\/magazine365\/air-horizont-redirige-su-estrategia-hacia-operaciones-charter\/#authorImage","url":"https:\/\/eldigitaldeasturias.com\/magazine365\/wp-content\/litespeed\/avatar\/e571bcf59a0edd6fa6838245a470f2fe.jpg?ver=1776969259","width":96,"height":96,"caption":"admin"}},{"@type":"WebPage","@id":"https:\/\/eldigitaldeasturias.com\/magazine365\/air-horizont-redirige-su-estrategia-hacia-operaciones-charter\/#webpage","url":"https:\/\/eldigitaldeasturias.com\/magazine365\/air-horizont-redirige-su-estrategia-hacia-operaciones-charter\/","name":"Air Horizont redirige su estrategia hacia operaciones ch\u00e1rter | El Digital de Asturias","description":"La aerol\u00ednea Air Horizont ha anunciado este lunes que finalmente reorganizar\u00e1 su t\u00e1ctica comercial inicial y se enfocar\u00e1 s\u00f3lo a vuelos ch\u00e1rter, los cuales ya estaban previstos en su estrategia original. La incorporaci\u00f3n esperada del segundo avi\u00f3n \"no ha llegado a tiempo por el retraso acumulado\", por lo que las operaciones regulares \"resultan inviables esta","inLanguage":"es-ES","isPartOf":{"@id":"https:\/\/eldigitaldeasturias.com\/magazine365\/#website"},"breadcrumb":{"@id":"https:\/\/eldigitaldeasturias.com\/magazine365\/air-horizont-redirige-su-estrategia-hacia-operaciones-charter\/#breadcrumblist"},"author":{"@id":"https:\/\/eldigitaldeasturias.com\/magazine365\/author\/admin\/#author"},"creator":{"@id":"https:\/\/eldigitaldeasturias.com\/magazine365\/author\/admin\/#author"},"image":{"@type":"ImageObject","url":"https:\/\/eldigitaldeasturias.com\/magazine365\/wp-content\/uploads\/2015\/06\/fotonoticia_20150608204209_800.jpg","@id":"https:\/\/eldigitaldeasturias.com\/magazine365\/air-horizont-redirige-su-estrategia-hacia-operaciones-charter\/#mainImage","width":800,"height":532},"primaryImageOfPage":{"@id":"https:\/\/eldigitaldeasturias.com\/magazine365\/air-horizont-redirige-su-estrategia-hacia-operaciones-charter\/#mainImage"},"datePublished":"2015-06-09T04:26:46+02:00","dateModified":"2015-06-09T04:27:19+02:00"},{"@type":"WebSite","@id":"https:\/\/eldigitaldeasturias.com\/magazine365\/#website","url":"https:\/\/eldigitaldeasturias.com\/magazine365\/","name":"El Digital de Asturias","description":"Revista de ocio, turismo y estilo de vida","inLanguage":"es-ES","publisher":{"@id":"https:\/\/eldigitaldeasturias.com\/magazine365\/#organization"}}]},"og:locale":"es_ES","og:site_name":"El Digital de Asturias \u2013 Revista de ocio, turismo y estilo de vida","og:type":"article","og:title":"Air Horizont redirige su estrategia hacia operaciones ch\u00e1rter | El Digital de Asturias","og:description":"La aerol\u00ednea Air Horizont ha anunciado este lunes que finalmente reorganizar\u00e1 su t\u00e1ctica comercial inicial y se enfocar\u00e1 s\u00f3lo a vuelos ch\u00e1rter, los cuales ya estaban previstos en su estrategia original. La incorporaci\u00f3n esperada del segundo avi\u00f3n &quot;no ha llegado a tiempo por el retraso acumulado&quot;, por lo que las operaciones regulares &quot;resultan inviables esta","og:url":"https:\/\/eldigitaldeasturias.com\/magazine365\/air-horizont-redirige-su-estrategia-hacia-operaciones-charter\/","og:image":"https:\/\/eldigitaldeasturias.com\/magazine365\/wp-content\/uploads\/2015\/06\/fotonoticia_20150608204209_800.jpg","og:image:secure_url":"https:\/\/eldigitaldeasturias.com\/magazine365\/wp-content\/uploads\/2015\/06\/fotonoticia_20150608204209_800.jpg","og:image:width":800,"og:image:height":532,"article:published_time":"2015-06-09T02:56:46+00:00","article:modified_time":"2015-06-09T02:57:19+00:00","twitter:card":"summary_large_image","twitter:title":"Air Horizont redirige su estrategia hacia operaciones ch\u00e1rter | El Digital de Asturias","twitter:description":"La aerol\u00ednea Air Horizont ha anunciado este lunes que finalmente reorganizar\u00e1 su t\u00e1ctica comercial inicial y se enfocar\u00e1 s\u00f3lo a vuelos ch\u00e1rter, los cuales ya estaban previstos en su estrategia original. La incorporaci\u00f3n esperada del segundo avi\u00f3n &quot;no ha llegado a tiempo por el retraso acumulado&quot;, por lo que las operaciones regulares &quot;resultan inviables esta","twitter:image":"https:\/\/eldigitaldeasturias.com\/magazine365\/wp-content\/uploads\/2015\/06\/fotonoticia_20150608204209_800.jpg"},"aioseo_meta_data":{"post_id":"39138","title":null,"description":null,"keywords":null,"keyphrases":null,"primary_term":null,"canonical_url":null,"og_title":null,"og_description":null,"og_object_type":"default","og_image_type":"default","og_image_url":null,"og_image_width":null,"og_image_height":null,"og_image_custom_url":null,"og_image_custom_fields":null,"og_video":null,"og_custom_url":null,"og_article_section":null,"og_article_tags":null,"twitter_use_og":false,"twitter_card":"default","twitter_image_type":"default","twitter_image_url":null,"twitter_image_custom_url":null,"twitter_image_custom_fields":null,"twitter_title":null,"twitter_description":null,"schema":{"blockGraphs":[],"customGraphs":[],"default":{"data":{"Article":[],"Course":[],"Dataset":[],"FAQPage":[],"Movie":[],"Person":[],"Product":[],"ProductReview":[],"Car":[],"Recipe":[],"Service":[],"SoftwareApplication":[],"WebPage":[]},"graphName":"","isEnabled":true},"graphs":[],"defaultGraph":"","defaultPostTypeGraph":""},"schema_type":null,"schema_type_options":null,"pillar_content":false,"robots_default":true,"robots_noindex":false,"robots_noarchive":false,"robots_nosnippet":false,"robots_nofollow":false,"robots_noimageindex":false,"robots_noodp":false,"robots_notranslate":false,"robots_max_snippet":null,"robots_max_videopreview":null,"robots_max_imagepreview":"large","priority":null,"frequency":null,"location":null,"local_seo":null,"seo_analyzer_scan_date":"2025-09-19 11:01:31","breadcrumb_settings":null,"limit_modified_date":false,"open_ai":null,"ai":null,"created":"2021-03-09 02:44:43","updated":"2025-09-19 11:01:31"},"aioseo_breadcrumb":"<div class=\"aioseo-breadcrumbs\"><span class=\"aioseo-breadcrumb\">\n\t<a href=\"https:\/\/eldigitaldeasturias.com\/magazine365\" title=\"Home\">Home<\/a>\n<\/span><span class=\"aioseo-breadcrumb-separator\">\u2013<\/span><span class=\"aioseo-breadcrumb\">\n\t<a href=\"https:\/\/eldigitaldeasturias.com\/magazine365\/category\/actualidad-turismo\/\" title=\"Actualidad Turismo\">Actualidad Turismo<\/a>\n<\/span><span class=\"aioseo-breadcrumb-separator\">\u2013<\/span><span class=\"aioseo-breadcrumb\">\n\t<a href=\"https:\/\/eldigitaldeasturias.com\/magazine365\/air-horizont-redirige-su-estrategia-hacia-operaciones-charter\/\" title=\"Air Horizont redirige su estrategia hacia operaciones ch\u00e1rter\">Air Horizont redirige su estrategia hacia operaciones ch\u00e1rter<\/a>\n<\/span><\/div>","aioseo_breadcrumb_json":[{"label":"Home","link":"https:\/\/eldigitaldeasturias.com\/magazine365"},{"label":"Actualidad Turismo","link":"https:\/\/eldigitaldeasturias.com\/magazine365\/category\/actualidad-turismo\/"},{"label":"Air Horizont redirige su estrategia hacia operaciones ch\u00e1rter","link":"https:\/\/eldigitaldeasturias.com\/magazine365\/air-horizont-redirige-su-estrategia-hacia-operaciones-charter\/"}],"_links":{"self":[{"href":"https:\/\/eldigitaldeasturias.com\/magazine365\/wp-json\/wp\/v2\/posts\/39138","targetHints":{"allow":["GET"]}}],"collection":[{"href":"https:\/\/eldigitaldeasturias.com\/magazine365\/wp-json\/wp\/v2\/posts"}],"about":[{"href":"https:\/\/eldigitaldeasturias.com\/magazine365\/wp-json\/wp\/v2\/types\/post"}],"author":[{"embeddable":true,"href":"https:\/\/eldigitaldeasturias.com\/magazine365\/wp-json\/wp\/v2\/users\/1"}],"replies":[{"embeddable":true,"href":"https:\/\/eldigitaldeasturias.com\/magazine365\/wp-json\/wp\/v2\/comments?post=39138"}],"version-history":[{"count":0,"href":"https:\/\/eldigitaldeasturias.com\/magazine365\/wp-json\/wp\/v2\/posts\/39138\/revisions"}],"wp:featuredmedia":[{"embeddable":true,"href":"https:\/\/eldigitaldeasturias.com\/magazine365\/wp-json\/wp\/v2\/media\/39139"}],"wp:attachment":[{"href":"https:\/\/eldigitaldeasturias.com\/magazine365\/wp-json\/wp\/v2\/media?parent=39138"}],"wp:term":[{"taxonomy":"category","embeddable":true,"href":"https:\/\/eldigitaldeasturias.com\/magazine365\/wp-json\/wp\/v2\/categories?post=39138"},{"taxonomy":"post_tag","embeddable":true,"href":"https:\/\/eldigitaldeasturias.com\/magazine365\/wp-json\/wp\/v2\/tags?post=39138"}],"curies":[{"name":"wp","href":"https:\/\/api.w.org\/{rel}","templated":true}]}}