{"id":39122,"date":"2015-06-09T03:43:46","date_gmt":"2015-06-09T02:13:46","guid":{"rendered":"http:\/\/eldigitaldeasturias.com\/magazine365\/?p=39122"},"modified":"2015-06-09T03:43:46","modified_gmt":"2015-06-09T02:13:46","slug":"el-castillo-de-peniscola-preparado-para-el-verano-2015","status":"publish","type":"post","link":"https:\/\/eldigitaldeasturias.com\/magazine365\/el-castillo-de-peniscola-preparado-para-el-verano-2015\/","title":{"rendered":"El Castillo de Pe\u00f1\u00edscola preparado para el verano 2015"},"content":{"rendered":"<p><img fetchpriority=\"high\" decoding=\"async\" class=\"alignleft size-medium wp-image-39123\" src=\"https:\/\/eldigitaldeasturias.com\/magazine365\/wp-content\/uploads\/2015\/06\/fotonoticia_20150608140644_800-360x234.jpg\" alt=\"fotonoticia_20150608140644_800\" width=\"360\" height=\"234\" srcset=\"https:\/\/eldigitaldeasturias.com\/magazine365\/wp-content\/uploads\/2015\/06\/fotonoticia_20150608140644_800-360x234.jpg 360w, https:\/\/eldigitaldeasturias.com\/magazine365\/wp-content\/uploads\/2015\/06\/fotonoticia_20150608140644_800-650x423.jpg 650w, https:\/\/eldigitaldeasturias.com\/magazine365\/wp-content\/uploads\/2015\/06\/fotonoticia_20150608140644_800-768x499.jpg 768w, https:\/\/eldigitaldeasturias.com\/magazine365\/wp-content\/uploads\/2015\/06\/fotonoticia_20150608140644_800-150x98.jpg 150w, https:\/\/eldigitaldeasturias.com\/magazine365\/wp-content\/uploads\/2015\/06\/fotonoticia_20150608140644_800-450x293.jpg 450w, https:\/\/eldigitaldeasturias.com\/magazine365\/wp-content\/uploads\/2015\/06\/fotonoticia_20150608140644_800-696x452.jpg 696w, https:\/\/eldigitaldeasturias.com\/magazine365\/wp-content\/uploads\/2015\/06\/fotonoticia_20150608140644_800-646x420.jpg 646w, https:\/\/eldigitaldeasturias.com\/magazine365\/wp-content\/uploads\/2015\/06\/fotonoticia_20150608140644_800-225x145.jpg 225w, https:\/\/eldigitaldeasturias.com\/magazine365\/wp-content\/uploads\/2015\/06\/fotonoticia_20150608140644_800-84x55.jpg 84w, https:\/\/eldigitaldeasturias.com\/magazine365\/wp-content\/uploads\/2015\/06\/fotonoticia_20150608140644_800.jpg 800w\" sizes=\"(max-width: 360px) 100vw, 360px\" \/>La Diputaci\u00f3n de Castell\u00f3n concluir\u00e1 este mes los trabajos de rehabilitaci\u00f3n arquitect\u00f3nica que enriquecen la visita del Castillo de Pe\u00f1\u00edscola con la incorporaci\u00f3n de detalles in\u00e9ditos hasta ahora desconocidos de las habitaciones pontificias del Papa Luna en el edificio y cuyo origen se remonta al siglo XIII.<\/p>\n<p>La calidad ha regido esta primera fase del Plan Director del Castillo de Pe\u00f1\u00edscola, en el que la Diputaci\u00f3n invierte 4,5 millones de euros, primero con las catas arqueol\u00f3gicas para ahondar en el origen de la infraestructura, y durante estos d\u00edas m\u00e1s recientes en la recuperaci\u00f3n de estos elementos arquitect\u00f3nicos para ponerlos a disposici\u00f3n de todos los visitantes, seg\u00fan ha informado la instituci\u00f3n provincial en un comunicado.<\/p>\n<p>El diputado de Cultura, Jos\u00e9 Luis Jarque, ha explicado que el primero de los pasos de este gran proyecto de dinamizaci\u00f3n del Castillo de Pe\u00f1\u00edscola era el estudio y rehabilitaci\u00f3n arquitect\u00f3nica de las dependencias. \u00abAhora, ya pr\u00e1cticamente concluido, podemos decir que los resultados han sido muy satisfactorios, que han permitido conocer mucho m\u00e1s de la estructura del edificio, de los usos que se le ha dado por quienes lo han habitado y, por tanto, conocer mucho mejor nuestra historia\u00bb, ha se\u00f1alado<\/p>\n<p>Seg\u00fan ha dicho, \u00abuna vez sentada la base cient\u00edfica y de conocimiento riguroso de este elemento patrimonial clave de nuestra cultura y para nuestro turismo, ahora es momento de seguir trabajando en las sucesivas fases del Plan Director, con esos mismos est\u00e1ndares de calidad para conseguir el objetivo final de esta iniciativa, que es multiplicar las oportunidades de este emblema del turismo internacional de la provincia\u00bb.<\/p>\n<p>Las catas arqueol\u00f3gicas han sacado a la luz elementos de la parte m\u00e1s antigua del Castillo datados en el siglo XII que desvelan c\u00f3mo se forj\u00f3 su estructura sobre el pe\u00f1\u00f3n y que enriquecer\u00e1n la explicaci\u00f3n museogr\u00e1fica que se realice del Castillo como parte del Plan Director en fases posteriores.<\/p>\n<p>ESCALERA DESCONOCIDA<\/p>\n<p>Ya en las dependencias pontificias se ha hallado una escalera hasta ahora desconocida y varios elementos arquitect\u00f3nicos que modifican la idea que se ten\u00eda de la estructura de esta parte del Castillo y permit\u00edan la comunicaci\u00f3n entre las distintas habitaciones.<\/p>\n<p>Estos trabajos de rehabilitaci\u00f3n que ahora concluyen han incluido la restauraci\u00f3n del patrimonio del castillo, as\u00ed como de parte del parque de artiller\u00eda y la renovaci\u00f3n de la oferta museogr\u00e1fica con el objetivo de que esta fortaleza recupere todo su esplendor y sea lo m\u00e1s atractiva posible para el visitante, seg\u00fan la Diputaci\u00f3n.<\/p>\n<p>Al concluir las obras arquitect\u00f3nicas, en los pr\u00f3ximos d\u00edas la Diputaci\u00f3n iniciar\u00e1 la implantaci\u00f3n del proyecto museogr\u00e1fico. En dichos trabajos la instituci\u00f3n provincial invertir\u00e1 492.000 euros y permitir\u00e1n acercar al visitante a los usos hist\u00f3ricos de las salas rehabilitadas, dot\u00e1ndolas de toda la informaci\u00f3n acerca de las actividades llevadas a cabo por los dos primeros pobladores del Castillo, que fueron los templarios en las estancias de la planta baja del Castillo y el Papa Luna en las estancias superiores en la primera planta.<\/p>\n<p>Esta informaci\u00f3n se articular\u00e1 mediante ambientaci\u00f3n sonora, elementos representativos de la \u00e9poca, maquetas, proyecciones 3D y video mapping -una t\u00e9cnica novedosa que a trav\u00e9s de proyecciones sobre elementos arquitect\u00f3nicos permitir\u00e1 conocer los principales hitos hist\u00f3ricos que por ellos han ido transcurriendo-.<\/p>\n","protected":false},"excerpt":{"rendered":"<p>La Diputaci\u00f3n de Castell\u00f3n concluir\u00e1 este mes los trabajos de rehabilitaci\u00f3n arquitect\u00f3nica que enriquecen la visita del Castillo de Pe\u00f1\u00edscola con la incorporaci\u00f3n de detalles in\u00e9ditos hasta ahora desconocidos de las habitaciones pontificias del Papa Luna en el edificio y cuyo origen se remonta al siglo XIII. La calidad ha regido esta primera fase del<\/p>\n","protected":false},"author":1,"featured_media":39123,"comment_status":"open","ping_status":"closed","sticky":false,"template":"","format":"standard","meta":{"footnotes":""},"categories":[222],"tags":[],"class_list":{"0":"post-39122","1":"post","2":"type-post","3":"status-publish","4":"format-standard","5":"has-post-thumbnail","7":"category-actualidad-turismo"},"aioseo_notices":[],"aioseo_head":"\n\t\t<!-- All in One SEO Pro 4.9.6.1 - aioseo.com -->\n\t<meta name=\"description\" content=\"La Diputaci\u00f3n de Castell\u00f3n concluir\u00e1 este mes los trabajos de rehabilitaci\u00f3n arquitect\u00f3nica que enriquecen la visita del Castillo de Pe\u00f1\u00edscola con la incorporaci\u00f3n de detalles in\u00e9ditos hasta ahora desconocidos de las habitaciones pontificias del Papa Luna en el edificio y cuyo origen se remonta al siglo XIII. La calidad ha regido esta primera fase del\" \/>\n\t<meta name=\"robots\" content=\"max-image-preview:large\" \/>\n\t<meta name=\"author\" content=\"admin\"\/>\n\t<meta name=\"google-site-verification\" content=\"UA-38556648-1\" \/>\n\t<meta name=\"keywords\" content=\"actualidad turismo\" \/>\n\t<link rel=\"canonical\" href=\"https:\/\/eldigitaldeasturias.com\/magazine365\/el-castillo-de-peniscola-preparado-para-el-verano-2015\/\" \/>\n\t<meta name=\"generator\" content=\"All in One SEO Pro (AIOSEO) 4.9.6.1\" \/>\n\t\t<meta property=\"og:locale\" content=\"es_ES\" \/>\n\t\t<meta property=\"og:site_name\" content=\"El Digital de Asturias \u2013 Revista de ocio, turismo y estilo de vida\" \/>\n\t\t<meta property=\"og:type\" content=\"article\" \/>\n\t\t<meta property=\"og:title\" content=\"El Castillo de Pe\u00f1\u00edscola preparado para el verano 2015 | El Digital de Asturias\" \/>\n\t\t<meta property=\"og:description\" content=\"La Diputaci\u00f3n de Castell\u00f3n concluir\u00e1 este mes los trabajos de rehabilitaci\u00f3n arquitect\u00f3nica que enriquecen la visita del Castillo de Pe\u00f1\u00edscola con la incorporaci\u00f3n de detalles in\u00e9ditos hasta ahora desconocidos de las habitaciones pontificias del Papa Luna en el edificio y cuyo origen se remonta al siglo XIII. La calidad ha regido esta primera fase del\" \/>\n\t\t<meta property=\"og:url\" content=\"https:\/\/eldigitaldeasturias.com\/magazine365\/el-castillo-de-peniscola-preparado-para-el-verano-2015\/\" \/>\n\t\t<meta property=\"og:image\" content=\"https:\/\/eldigitaldeasturias.com\/magazine365\/wp-content\/uploads\/2015\/06\/fotonoticia_20150608140644_800.jpg\" \/>\n\t\t<meta property=\"og:image:secure_url\" content=\"https:\/\/eldigitaldeasturias.com\/magazine365\/wp-content\/uploads\/2015\/06\/fotonoticia_20150608140644_800.jpg\" \/>\n\t\t<meta property=\"og:image:width\" content=\"800\" \/>\n\t\t<meta property=\"og:image:height\" content=\"520\" \/>\n\t\t<meta property=\"article:published_time\" content=\"2015-06-09T02:13:46+00:00\" \/>\n\t\t<meta property=\"article:modified_time\" content=\"2015-06-09T02:13:46+00:00\" \/>\n\t\t<meta name=\"twitter:card\" content=\"summary_large_image\" \/>\n\t\t<meta name=\"twitter:title\" content=\"El Castillo de Pe\u00f1\u00edscola preparado para el verano 2015 | El Digital de Asturias\" \/>\n\t\t<meta name=\"twitter:description\" content=\"La Diputaci\u00f3n de Castell\u00f3n concluir\u00e1 este mes los trabajos de rehabilitaci\u00f3n arquitect\u00f3nica que enriquecen la visita del Castillo de Pe\u00f1\u00edscola con la incorporaci\u00f3n de detalles in\u00e9ditos hasta ahora desconocidos de las habitaciones pontificias del Papa Luna en el edificio y cuyo origen se remonta al siglo XIII. La calidad ha regido esta primera fase del\" \/>\n\t\t<meta name=\"twitter:image\" content=\"https:\/\/eldigitaldeasturias.com\/magazine365\/wp-content\/uploads\/2015\/06\/fotonoticia_20150608140644_800.jpg\" \/>\n\t\t<script type=\"application\/ld+json\" class=\"aioseo-schema\">\n\t\t\t{\"@context\":\"https:\\\/\\\/schema.org\",\"@graph\":[{\"@type\":\"Article\",\"@id\":\"https:\\\/\\\/eldigitaldeasturias.com\\\/magazine365\\\/el-castillo-de-peniscola-preparado-para-el-verano-2015\\\/#article\",\"name\":\"El Castillo de Pe\\u00f1\\u00edscola preparado para el verano 2015 | El Digital de Asturias\",\"headline\":\"El Castillo de Pe\\u00f1\\u00edscola preparado para el verano 2015\",\"author\":{\"@id\":\"https:\\\/\\\/eldigitaldeasturias.com\\\/magazine365\\\/author\\\/admin\\\/#author\"},\"publisher\":{\"@id\":\"https:\\\/\\\/eldigitaldeasturias.com\\\/magazine365\\\/#organization\"},\"image\":{\"@type\":\"ImageObject\",\"url\":\"https:\\\/\\\/eldigitaldeasturias.com\\\/magazine365\\\/wp-content\\\/uploads\\\/2015\\\/06\\\/fotonoticia_20150608140644_800.jpg\",\"width\":800,\"height\":520},\"datePublished\":\"2015-06-09T03:43:46+02:00\",\"dateModified\":\"2015-06-09T03:43:46+02:00\",\"inLanguage\":\"es-ES\",\"mainEntityOfPage\":{\"@id\":\"https:\\\/\\\/eldigitaldeasturias.com\\\/magazine365\\\/el-castillo-de-peniscola-preparado-para-el-verano-2015\\\/#webpage\"},\"isPartOf\":{\"@id\":\"https:\\\/\\\/eldigitaldeasturias.com\\\/magazine365\\\/el-castillo-de-peniscola-preparado-para-el-verano-2015\\\/#webpage\"},\"articleSection\":\"Actualidad Turismo\"},{\"@type\":\"BreadcrumbList\",\"@id\":\"https:\\\/\\\/eldigitaldeasturias.com\\\/magazine365\\\/el-castillo-de-peniscola-preparado-para-el-verano-2015\\\/#breadcrumblist\",\"itemListElement\":[{\"@type\":\"ListItem\",\"@id\":\"https:\\\/\\\/eldigitaldeasturias.com\\\/magazine365#listItem\",\"position\":1,\"name\":\"Home\",\"item\":\"https:\\\/\\\/eldigitaldeasturias.com\\\/magazine365\",\"nextItem\":{\"@type\":\"ListItem\",\"@id\":\"https:\\\/\\\/eldigitaldeasturias.com\\\/magazine365\\\/category\\\/actualidad-turismo\\\/#listItem\",\"name\":\"Actualidad Turismo\"}},{\"@type\":\"ListItem\",\"@id\":\"https:\\\/\\\/eldigitaldeasturias.com\\\/magazine365\\\/category\\\/actualidad-turismo\\\/#listItem\",\"position\":2,\"name\":\"Actualidad Turismo\",\"item\":\"https:\\\/\\\/eldigitaldeasturias.com\\\/magazine365\\\/category\\\/actualidad-turismo\\\/\",\"nextItem\":{\"@type\":\"ListItem\",\"@id\":\"https:\\\/\\\/eldigitaldeasturias.com\\\/magazine365\\\/el-castillo-de-peniscola-preparado-para-el-verano-2015\\\/#listItem\",\"name\":\"El Castillo de Pe\\u00f1\\u00edscola preparado para el verano 2015\"},\"previousItem\":{\"@type\":\"ListItem\",\"@id\":\"https:\\\/\\\/eldigitaldeasturias.com\\\/magazine365#listItem\",\"name\":\"Home\"}},{\"@type\":\"ListItem\",\"@id\":\"https:\\\/\\\/eldigitaldeasturias.com\\\/magazine365\\\/el-castillo-de-peniscola-preparado-para-el-verano-2015\\\/#listItem\",\"position\":3,\"name\":\"El Castillo de Pe\\u00f1\\u00edscola preparado para el verano 2015\",\"previousItem\":{\"@type\":\"ListItem\",\"@id\":\"https:\\\/\\\/eldigitaldeasturias.com\\\/magazine365\\\/category\\\/actualidad-turismo\\\/#listItem\",\"name\":\"Actualidad Turismo\"}}]},{\"@type\":\"Organization\",\"@id\":\"https:\\\/\\\/eldigitaldeasturias.com\\\/magazine365\\\/#organization\",\"name\":\"El digital de Asturias\",\"description\":\"Revista de ocio, turismo y estilo de vida\",\"url\":\"https:\\\/\\\/eldigitaldeasturias.com\\\/magazine365\\\/\",\"logo\":{\"@type\":\"ImageObject\",\"url\":\"https:\\\/\\\/www.eldigitaldeasturias.com\\\/noticias\\\/wp-content\\\/uploads\\\/2020\\\/12\\\/EDA.jpg\",\"@id\":\"https:\\\/\\\/eldigitaldeasturias.com\\\/magazine365\\\/el-castillo-de-peniscola-preparado-para-el-verano-2015\\\/#organizationLogo\"},\"image\":{\"@id\":\"https:\\\/\\\/eldigitaldeasturias.com\\\/magazine365\\\/el-castillo-de-peniscola-preparado-para-el-verano-2015\\\/#organizationLogo\"}},{\"@type\":\"Person\",\"@id\":\"https:\\\/\\\/eldigitaldeasturias.com\\\/magazine365\\\/author\\\/admin\\\/#author\",\"url\":\"https:\\\/\\\/eldigitaldeasturias.com\\\/magazine365\\\/author\\\/admin\\\/\",\"name\":\"admin\",\"image\":{\"@type\":\"ImageObject\",\"@id\":\"https:\\\/\\\/eldigitaldeasturias.com\\\/magazine365\\\/el-castillo-de-peniscola-preparado-para-el-verano-2015\\\/#authorImage\",\"url\":\"https:\\\/\\\/eldigitaldeasturias.com\\\/magazine365\\\/wp-content\\\/litespeed\\\/avatar\\\/e571bcf59a0edd6fa6838245a470f2fe.jpg?ver=1776969259\",\"width\":96,\"height\":96,\"caption\":\"admin\"}},{\"@type\":\"WebPage\",\"@id\":\"https:\\\/\\\/eldigitaldeasturias.com\\\/magazine365\\\/el-castillo-de-peniscola-preparado-para-el-verano-2015\\\/#webpage\",\"url\":\"https:\\\/\\\/eldigitaldeasturias.com\\\/magazine365\\\/el-castillo-de-peniscola-preparado-para-el-verano-2015\\\/\",\"name\":\"El Castillo de Pe\\u00f1\\u00edscola preparado para el verano 2015 | El Digital de Asturias\",\"description\":\"La Diputaci\\u00f3n de Castell\\u00f3n concluir\\u00e1 este mes los trabajos de rehabilitaci\\u00f3n arquitect\\u00f3nica que enriquecen la visita del Castillo de Pe\\u00f1\\u00edscola con la incorporaci\\u00f3n de detalles in\\u00e9ditos hasta ahora desconocidos de las habitaciones pontificias del Papa Luna en el edificio y cuyo origen se remonta al siglo XIII. La calidad ha regido esta primera fase del\",\"inLanguage\":\"es-ES\",\"isPartOf\":{\"@id\":\"https:\\\/\\\/eldigitaldeasturias.com\\\/magazine365\\\/#website\"},\"breadcrumb\":{\"@id\":\"https:\\\/\\\/eldigitaldeasturias.com\\\/magazine365\\\/el-castillo-de-peniscola-preparado-para-el-verano-2015\\\/#breadcrumblist\"},\"author\":{\"@id\":\"https:\\\/\\\/eldigitaldeasturias.com\\\/magazine365\\\/author\\\/admin\\\/#author\"},\"creator\":{\"@id\":\"https:\\\/\\\/eldigitaldeasturias.com\\\/magazine365\\\/author\\\/admin\\\/#author\"},\"image\":{\"@type\":\"ImageObject\",\"url\":\"https:\\\/\\\/eldigitaldeasturias.com\\\/magazine365\\\/wp-content\\\/uploads\\\/2015\\\/06\\\/fotonoticia_20150608140644_800.jpg\",\"@id\":\"https:\\\/\\\/eldigitaldeasturias.com\\\/magazine365\\\/el-castillo-de-peniscola-preparado-para-el-verano-2015\\\/#mainImage\",\"width\":800,\"height\":520},\"primaryImageOfPage\":{\"@id\":\"https:\\\/\\\/eldigitaldeasturias.com\\\/magazine365\\\/el-castillo-de-peniscola-preparado-para-el-verano-2015\\\/#mainImage\"},\"datePublished\":\"2015-06-09T03:43:46+02:00\",\"dateModified\":\"2015-06-09T03:43:46+02:00\"},{\"@type\":\"WebSite\",\"@id\":\"https:\\\/\\\/eldigitaldeasturias.com\\\/magazine365\\\/#website\",\"url\":\"https:\\\/\\\/eldigitaldeasturias.com\\\/magazine365\\\/\",\"name\":\"El Digital de Asturias\",\"description\":\"Revista de ocio, turismo y estilo de vida\",\"inLanguage\":\"es-ES\",\"publisher\":{\"@id\":\"https:\\\/\\\/eldigitaldeasturias.com\\\/magazine365\\\/#organization\"}}]}\n\t\t<\/script>\n\t\t<!-- All in One SEO Pro -->\r\n\t\t<title>El Castillo de Pe\u00f1\u00edscola preparado para el verano 2015 | El Digital de Asturias<\/title>\n\n","aioseo_head_json":{"title":"El Castillo de Pe\u00f1\u00edscola preparado para el verano 2015 | El Digital de Asturias","description":"La Diputaci\u00f3n de Castell\u00f3n concluir\u00e1 este mes los trabajos de rehabilitaci\u00f3n arquitect\u00f3nica que enriquecen la visita del Castillo de Pe\u00f1\u00edscola con la incorporaci\u00f3n de detalles in\u00e9ditos hasta ahora desconocidos de las habitaciones pontificias del Papa Luna en el edificio y cuyo origen se remonta al siglo XIII. La calidad ha regido esta primera fase del","canonical_url":"https:\/\/eldigitaldeasturias.com\/magazine365\/el-castillo-de-peniscola-preparado-para-el-verano-2015\/","robots":"max-image-preview:large","keywords":"actualidad turismo","webmasterTools":{"google-site-verification":"UA-38556648-1","miscellaneous":""},"schema":{"@context":"https:\/\/schema.org","@graph":[{"@type":"Article","@id":"https:\/\/eldigitaldeasturias.com\/magazine365\/el-castillo-de-peniscola-preparado-para-el-verano-2015\/#article","name":"El Castillo de Pe\u00f1\u00edscola preparado para el verano 2015 | El Digital de Asturias","headline":"El Castillo de Pe\u00f1\u00edscola preparado para el verano 2015","author":{"@id":"https:\/\/eldigitaldeasturias.com\/magazine365\/author\/admin\/#author"},"publisher":{"@id":"https:\/\/eldigitaldeasturias.com\/magazine365\/#organization"},"image":{"@type":"ImageObject","url":"https:\/\/eldigitaldeasturias.com\/magazine365\/wp-content\/uploads\/2015\/06\/fotonoticia_20150608140644_800.jpg","width":800,"height":520},"datePublished":"2015-06-09T03:43:46+02:00","dateModified":"2015-06-09T03:43:46+02:00","inLanguage":"es-ES","mainEntityOfPage":{"@id":"https:\/\/eldigitaldeasturias.com\/magazine365\/el-castillo-de-peniscola-preparado-para-el-verano-2015\/#webpage"},"isPartOf":{"@id":"https:\/\/eldigitaldeasturias.com\/magazine365\/el-castillo-de-peniscola-preparado-para-el-verano-2015\/#webpage"},"articleSection":"Actualidad Turismo"},{"@type":"BreadcrumbList","@id":"https:\/\/eldigitaldeasturias.com\/magazine365\/el-castillo-de-peniscola-preparado-para-el-verano-2015\/#breadcrumblist","itemListElement":[{"@type":"ListItem","@id":"https:\/\/eldigitaldeasturias.com\/magazine365#listItem","position":1,"name":"Home","item":"https:\/\/eldigitaldeasturias.com\/magazine365","nextItem":{"@type":"ListItem","@id":"https:\/\/eldigitaldeasturias.com\/magazine365\/category\/actualidad-turismo\/#listItem","name":"Actualidad Turismo"}},{"@type":"ListItem","@id":"https:\/\/eldigitaldeasturias.com\/magazine365\/category\/actualidad-turismo\/#listItem","position":2,"name":"Actualidad Turismo","item":"https:\/\/eldigitaldeasturias.com\/magazine365\/category\/actualidad-turismo\/","nextItem":{"@type":"ListItem","@id":"https:\/\/eldigitaldeasturias.com\/magazine365\/el-castillo-de-peniscola-preparado-para-el-verano-2015\/#listItem","name":"El Castillo de Pe\u00f1\u00edscola preparado para el verano 2015"},"previousItem":{"@type":"ListItem","@id":"https:\/\/eldigitaldeasturias.com\/magazine365#listItem","name":"Home"}},{"@type":"ListItem","@id":"https:\/\/eldigitaldeasturias.com\/magazine365\/el-castillo-de-peniscola-preparado-para-el-verano-2015\/#listItem","position":3,"name":"El Castillo de Pe\u00f1\u00edscola preparado para el verano 2015","previousItem":{"@type":"ListItem","@id":"https:\/\/eldigitaldeasturias.com\/magazine365\/category\/actualidad-turismo\/#listItem","name":"Actualidad Turismo"}}]},{"@type":"Organization","@id":"https:\/\/eldigitaldeasturias.com\/magazine365\/#organization","name":"El digital de Asturias","description":"Revista de ocio, turismo y estilo de vida","url":"https:\/\/eldigitaldeasturias.com\/magazine365\/","logo":{"@type":"ImageObject","url":"https:\/\/www.eldigitaldeasturias.com\/noticias\/wp-content\/uploads\/2020\/12\/EDA.jpg","@id":"https:\/\/eldigitaldeasturias.com\/magazine365\/el-castillo-de-peniscola-preparado-para-el-verano-2015\/#organizationLogo"},"image":{"@id":"https:\/\/eldigitaldeasturias.com\/magazine365\/el-castillo-de-peniscola-preparado-para-el-verano-2015\/#organizationLogo"}},{"@type":"Person","@id":"https:\/\/eldigitaldeasturias.com\/magazine365\/author\/admin\/#author","url":"https:\/\/eldigitaldeasturias.com\/magazine365\/author\/admin\/","name":"admin","image":{"@type":"ImageObject","@id":"https:\/\/eldigitaldeasturias.com\/magazine365\/el-castillo-de-peniscola-preparado-para-el-verano-2015\/#authorImage","url":"https:\/\/eldigitaldeasturias.com\/magazine365\/wp-content\/litespeed\/avatar\/e571bcf59a0edd6fa6838245a470f2fe.jpg?ver=1776969259","width":96,"height":96,"caption":"admin"}},{"@type":"WebPage","@id":"https:\/\/eldigitaldeasturias.com\/magazine365\/el-castillo-de-peniscola-preparado-para-el-verano-2015\/#webpage","url":"https:\/\/eldigitaldeasturias.com\/magazine365\/el-castillo-de-peniscola-preparado-para-el-verano-2015\/","name":"El Castillo de Pe\u00f1\u00edscola preparado para el verano 2015 | El Digital de Asturias","description":"La Diputaci\u00f3n de Castell\u00f3n concluir\u00e1 este mes los trabajos de rehabilitaci\u00f3n arquitect\u00f3nica que enriquecen la visita del Castillo de Pe\u00f1\u00edscola con la incorporaci\u00f3n de detalles in\u00e9ditos hasta ahora desconocidos de las habitaciones pontificias del Papa Luna en el edificio y cuyo origen se remonta al siglo XIII. La calidad ha regido esta primera fase del","inLanguage":"es-ES","isPartOf":{"@id":"https:\/\/eldigitaldeasturias.com\/magazine365\/#website"},"breadcrumb":{"@id":"https:\/\/eldigitaldeasturias.com\/magazine365\/el-castillo-de-peniscola-preparado-para-el-verano-2015\/#breadcrumblist"},"author":{"@id":"https:\/\/eldigitaldeasturias.com\/magazine365\/author\/admin\/#author"},"creator":{"@id":"https:\/\/eldigitaldeasturias.com\/magazine365\/author\/admin\/#author"},"image":{"@type":"ImageObject","url":"https:\/\/eldigitaldeasturias.com\/magazine365\/wp-content\/uploads\/2015\/06\/fotonoticia_20150608140644_800.jpg","@id":"https:\/\/eldigitaldeasturias.com\/magazine365\/el-castillo-de-peniscola-preparado-para-el-verano-2015\/#mainImage","width":800,"height":520},"primaryImageOfPage":{"@id":"https:\/\/eldigitaldeasturias.com\/magazine365\/el-castillo-de-peniscola-preparado-para-el-verano-2015\/#mainImage"},"datePublished":"2015-06-09T03:43:46+02:00","dateModified":"2015-06-09T03:43:46+02:00"},{"@type":"WebSite","@id":"https:\/\/eldigitaldeasturias.com\/magazine365\/#website","url":"https:\/\/eldigitaldeasturias.com\/magazine365\/","name":"El Digital de Asturias","description":"Revista de ocio, turismo y estilo de vida","inLanguage":"es-ES","publisher":{"@id":"https:\/\/eldigitaldeasturias.com\/magazine365\/#organization"}}]},"og:locale":"es_ES","og:site_name":"El Digital de Asturias \u2013 Revista de ocio, turismo y estilo de vida","og:type":"article","og:title":"El Castillo de Pe\u00f1\u00edscola preparado para el verano 2015 | El Digital de Asturias","og:description":"La Diputaci\u00f3n de Castell\u00f3n concluir\u00e1 este mes los trabajos de rehabilitaci\u00f3n arquitect\u00f3nica que enriquecen la visita del Castillo de Pe\u00f1\u00edscola con la incorporaci\u00f3n de detalles in\u00e9ditos hasta ahora desconocidos de las habitaciones pontificias del Papa Luna en el edificio y cuyo origen se remonta al siglo XIII. La calidad ha regido esta primera fase del","og:url":"https:\/\/eldigitaldeasturias.com\/magazine365\/el-castillo-de-peniscola-preparado-para-el-verano-2015\/","og:image":"https:\/\/eldigitaldeasturias.com\/magazine365\/wp-content\/uploads\/2015\/06\/fotonoticia_20150608140644_800.jpg","og:image:secure_url":"https:\/\/eldigitaldeasturias.com\/magazine365\/wp-content\/uploads\/2015\/06\/fotonoticia_20150608140644_800.jpg","og:image:width":800,"og:image:height":520,"article:published_time":"2015-06-09T02:13:46+00:00","article:modified_time":"2015-06-09T02:13:46+00:00","twitter:card":"summary_large_image","twitter:title":"El Castillo de Pe\u00f1\u00edscola preparado para el verano 2015 | El Digital de Asturias","twitter:description":"La Diputaci\u00f3n de Castell\u00f3n concluir\u00e1 este mes los trabajos de rehabilitaci\u00f3n arquitect\u00f3nica que enriquecen la visita del Castillo de Pe\u00f1\u00edscola con la incorporaci\u00f3n de detalles in\u00e9ditos hasta ahora desconocidos de las habitaciones pontificias del Papa Luna en el edificio y cuyo origen se remonta al siglo XIII. La calidad ha regido esta primera fase del","twitter:image":"https:\/\/eldigitaldeasturias.com\/magazine365\/wp-content\/uploads\/2015\/06\/fotonoticia_20150608140644_800.jpg"},"aioseo_meta_data":{"post_id":"39122","title":null,"description":null,"keywords":null,"keyphrases":null,"primary_term":null,"canonical_url":null,"og_title":null,"og_description":null,"og_object_type":"default","og_image_type":"default","og_image_url":null,"og_image_width":null,"og_image_height":null,"og_image_custom_url":null,"og_image_custom_fields":null,"og_video":null,"og_custom_url":null,"og_article_section":null,"og_article_tags":null,"twitter_use_og":false,"twitter_card":"default","twitter_image_type":"default","twitter_image_url":null,"twitter_image_custom_url":null,"twitter_image_custom_fields":null,"twitter_title":null,"twitter_description":null,"schema":{"blockGraphs":[],"customGraphs":[],"default":{"data":{"Article":[],"Course":[],"Dataset":[],"FAQPage":[],"Movie":[],"Person":[],"Product":[],"ProductReview":[],"Car":[],"Recipe":[],"Service":[],"SoftwareApplication":[],"WebPage":[]},"graphName":"","isEnabled":true},"graphs":[],"defaultGraph":"","defaultPostTypeGraph":""},"schema_type":null,"schema_type_options":null,"pillar_content":false,"robots_default":true,"robots_noindex":false,"robots_noarchive":false,"robots_nosnippet":false,"robots_nofollow":false,"robots_noimageindex":false,"robots_noodp":false,"robots_notranslate":false,"robots_max_snippet":null,"robots_max_videopreview":null,"robots_max_imagepreview":"large","priority":null,"frequency":null,"location":null,"local_seo":null,"seo_analyzer_scan_date":"2025-09-19 11:00:10","breadcrumb_settings":null,"limit_modified_date":false,"open_ai":null,"ai":null,"created":"2021-03-09 02:44:43","updated":"2025-09-19 11:00:10"},"aioseo_breadcrumb":"<div class=\"aioseo-breadcrumbs\"><span class=\"aioseo-breadcrumb\">\n\t<a href=\"https:\/\/eldigitaldeasturias.com\/magazine365\" title=\"Home\">Home<\/a>\n<\/span><span class=\"aioseo-breadcrumb-separator\">\u2013<\/span><span class=\"aioseo-breadcrumb\">\n\t<a href=\"https:\/\/eldigitaldeasturias.com\/magazine365\/category\/actualidad-turismo\/\" title=\"Actualidad Turismo\">Actualidad Turismo<\/a>\n<\/span><span class=\"aioseo-breadcrumb-separator\">\u2013<\/span><span class=\"aioseo-breadcrumb\">\n\t<a href=\"https:\/\/eldigitaldeasturias.com\/magazine365\/el-castillo-de-peniscola-preparado-para-el-verano-2015\/\" title=\"El Castillo de Pe\u00f1\u00edscola preparado para el verano 2015\">El Castillo de Pe\u00f1\u00edscola preparado para el verano 2015<\/a>\n<\/span><\/div>","aioseo_breadcrumb_json":[{"label":"Home","link":"https:\/\/eldigitaldeasturias.com\/magazine365"},{"label":"Actualidad Turismo","link":"https:\/\/eldigitaldeasturias.com\/magazine365\/category\/actualidad-turismo\/"},{"label":"El Castillo de Pe\u00f1\u00edscola preparado para el verano 2015","link":"https:\/\/eldigitaldeasturias.com\/magazine365\/el-castillo-de-peniscola-preparado-para-el-verano-2015\/"}],"_links":{"self":[{"href":"https:\/\/eldigitaldeasturias.com\/magazine365\/wp-json\/wp\/v2\/posts\/39122","targetHints":{"allow":["GET"]}}],"collection":[{"href":"https:\/\/eldigitaldeasturias.com\/magazine365\/wp-json\/wp\/v2\/posts"}],"about":[{"href":"https:\/\/eldigitaldeasturias.com\/magazine365\/wp-json\/wp\/v2\/types\/post"}],"author":[{"embeddable":true,"href":"https:\/\/eldigitaldeasturias.com\/magazine365\/wp-json\/wp\/v2\/users\/1"}],"replies":[{"embeddable":true,"href":"https:\/\/eldigitaldeasturias.com\/magazine365\/wp-json\/wp\/v2\/comments?post=39122"}],"version-history":[{"count":0,"href":"https:\/\/eldigitaldeasturias.com\/magazine365\/wp-json\/wp\/v2\/posts\/39122\/revisions"}],"wp:featuredmedia":[{"embeddable":true,"href":"https:\/\/eldigitaldeasturias.com\/magazine365\/wp-json\/wp\/v2\/media\/39123"}],"wp:attachment":[{"href":"https:\/\/eldigitaldeasturias.com\/magazine365\/wp-json\/wp\/v2\/media?parent=39122"}],"wp:term":[{"taxonomy":"category","embeddable":true,"href":"https:\/\/eldigitaldeasturias.com\/magazine365\/wp-json\/wp\/v2\/categories?post=39122"},{"taxonomy":"post_tag","embeddable":true,"href":"https:\/\/eldigitaldeasturias.com\/magazine365\/wp-json\/wp\/v2\/tags?post=39122"}],"curies":[{"name":"wp","href":"https:\/\/api.w.org\/{rel}","templated":true}]}}