{"id":39114,"date":"2015-06-09T03:36:41","date_gmt":"2015-06-09T02:06:41","guid":{"rendered":"http:\/\/eldigitaldeasturias.com\/magazine365\/?p=39114"},"modified":"2015-06-09T03:36:41","modified_gmt":"2015-06-09T02:06:41","slug":"la-puntualidad-aerea-roza-el-100-pese-a-los-paros-de-controladores-segun-pastor","status":"publish","type":"post","link":"https:\/\/eldigitaldeasturias.com\/magazine365\/la-puntualidad-aerea-roza-el-100-pese-a-los-paros-de-controladores-segun-pastor\/","title":{"rendered":"La puntualidad a\u00e9rea roza el 100% pese a los paros de controladores, seg\u00fan Pastor"},"content":{"rendered":"<p><img fetchpriority=\"high\" decoding=\"async\" class=\"alignleft size-medium wp-image-39092\" src=\"https:\/\/eldigitaldeasturias.com\/magazine365\/wp-content\/uploads\/2015\/06\/aeropuerto-360x239.jpg\" alt=\"aeropuerto\" width=\"360\" height=\"239\" srcset=\"https:\/\/eldigitaldeasturias.com\/magazine365\/wp-content\/uploads\/2015\/06\/aeropuerto-360x239.jpg 360w, https:\/\/eldigitaldeasturias.com\/magazine365\/wp-content\/uploads\/2015\/06\/aeropuerto-650x431.jpg 650w, https:\/\/eldigitaldeasturias.com\/magazine365\/wp-content\/uploads\/2015\/06\/aeropuerto-768x510.jpg 768w, https:\/\/eldigitaldeasturias.com\/magazine365\/wp-content\/uploads\/2015\/06\/aeropuerto-150x100.jpg 150w, https:\/\/eldigitaldeasturias.com\/magazine365\/wp-content\/uploads\/2015\/06\/aeropuerto-450x299.jpg 450w, https:\/\/eldigitaldeasturias.com\/magazine365\/wp-content\/uploads\/2015\/06\/aeropuerto-696x462.jpg 696w, https:\/\/eldigitaldeasturias.com\/magazine365\/wp-content\/uploads\/2015\/06\/aeropuerto-633x420.jpg 633w, https:\/\/eldigitaldeasturias.com\/magazine365\/wp-content\/uploads\/2015\/06\/aeropuerto-84x55.jpg 84w, https:\/\/eldigitaldeasturias.com\/magazine365\/wp-content\/uploads\/2015\/06\/aeropuerto.jpg 800w\" sizes=\"(max-width: 360px) 100vw, 360px\" \/>La ministra de Fomento, Ana Pastor, ha destacado hoy la \u00abnormalidad\u00bb en las operaciones a\u00e9reas de este lunes, primera jornada de la huelga de controladores, con una puntualidad media en los vuelos de \u00abentre el 98% y el 100%\u00bb, en las dos primeras horas de paro (de 10.00 a 12.00 horas), franja horaria en la que no ha habido \u00abninguna cancelaci\u00f3n\u00bb.<\/p>\n<p>Tras presidir en la sede del Ministerio de Fomento la toma de posesi\u00f3n del nuevo director general de Aviaci\u00f3n Civil, Pastor ha asegurado que en la mayor\u00eda de los casos, los vuelos est\u00e1n cumpliendo con los horarios previstos al 98%.<\/p>\n<p>La titular de Fomento ha se\u00f1alado que la huelga es \u00abun derecho constitucional\u00bb pero ha realizado un llamamiento al colectivo para que haga un ejercicio de \u00abresponsabilidad\u00bb en un sector, el a\u00e9reo, \u00abmuy importante para el turismo\u00bb.<\/p>\n<p>Pastor espera que esta prima jornada de paros, que se repetir\u00e1 esta tarde entre las 18.00 y las 20.00 horas, acabe sin mayores incidencias, y que los usuarios puedan trasladarse con normalidad y no verse afectados, gracias a los servicios m\u00ednimos establecidos.<\/p>\n<p>SE CUMPLEN LOS SERVICIOS M\u00cdNIMOS<\/p>\n<p>El Ministerio de Fomento ha establecido unos servicios m\u00ednimos del 70% para la huelga de controladores a\u00e9reos, que consiste en paros parciales de dos horas en turnos de ma\u00f1ana y tarde (de 10.00 a 12.00 horas y de 18.00 a 20.00 horas). Desde ENAIRE se\u00f1alaron a Europa Press que \u00abse est\u00e1n cumpliendo\u00bb con los servicios m\u00ednimos decretados, fijados en el 70%.<\/p>\n<p>Seg\u00fan los servicios m\u00ednimos decretados, de la plantilla total de 2.023 controladores a\u00e9reos, para este lunes ser\u00e1n 955 los efectivos que trabajen a tres turnos. Para el d\u00eda 10 de junio, se ha programado una plantilla de 916 efectivos, de 930 controladores para el 12 de junio y de 691 para el 14 de junio.<\/p>\n<p>M\u00c1S DE 5.350 MOVIMIENTOS.<\/p>\n<p>Un total de 5.355 movimientos de aeronaves podr\u00edan verse afectados por los paros parciales convocados por el sindicato mayoritario de los controladores a\u00e9reos, USCA, cuya primera jornada de paros arranca hoy y que se extender\u00e1 a los d\u00edas 10, 12 y 14 de junio.<\/p>\n<p>Seg\u00fan datos facilitados por ENAIRE, durante estos cuatro d\u00edas se operar\u00e1n 22.274 movimientos en todo el espacio a\u00e9reo espa\u00f1ol, de los cuales 2.853 operaciones se realizar\u00e1n entre las 10.00 y las 12 horas, y otros 2.502 movimientos, entre las 18.00 y las 20.00 horas.<\/p>\n<p>Este lunes, primera jornada de paros, est\u00e1n previstos 5.300 movimientos en todo el espacio a\u00e9reo espa\u00f1ol &#8211;incluidos sobrevuelos&#8211;, de los cuales 680 vuelos corresponden a la franja de paros de la ma\u00f1ana y 591 vuelos a la franja de la tarde, por lo que podr\u00edan verse afectados 1.271 vuelos.<\/p>\n<p>La convocatoria, la primera en 26 a\u00f1os &#8211;la \u00faltima huelga de controladores fue en 1989&#8211; se produce como protesta a la decisi\u00f3n de ENAIRE de sancionar a 61 controladores a\u00e9reos del Centro del Control de Barcelona (ACC) por el cierre del espacio a\u00e9reo en 2010 y negarse a readmitir a un controlador del ACC de Santiago.<\/p>\n","protected":false},"excerpt":{"rendered":"<p>La ministra de Fomento, Ana Pastor, ha destacado hoy la \u00abnormalidad\u00bb en las operaciones a\u00e9reas de este lunes, primera jornada de la huelga de controladores, con una puntualidad media en los vuelos de \u00abentre el 98% y el 100%\u00bb, en las dos primeras horas de paro (de 10.00 a 12.00 horas), franja horaria en la<\/p>\n","protected":false},"author":1,"featured_media":39092,"comment_status":"open","ping_status":"closed","sticky":false,"template":"","format":"standard","meta":{"footnotes":""},"categories":[222],"tags":[],"class_list":{"0":"post-39114","1":"post","2":"type-post","3":"status-publish","4":"format-standard","5":"has-post-thumbnail","7":"category-actualidad-turismo"},"aioseo_notices":[],"aioseo_head":"\n\t\t<!-- All in One SEO Pro 4.9.6.1 - aioseo.com -->\n\t<meta name=\"description\" content=\"La ministra de Fomento, Ana Pastor, ha destacado hoy la &quot;normalidad&quot; en las operaciones a\u00e9reas de este lunes, primera jornada de la huelga de controladores, con una puntualidad media en los vuelos de &quot;entre el 98% y el 100%&quot;, en las dos primeras horas de paro (de 10.00 a 12.00 horas), franja horaria en la\" \/>\n\t<meta name=\"robots\" content=\"max-image-preview:large\" \/>\n\t<meta name=\"author\" content=\"admin\"\/>\n\t<meta name=\"google-site-verification\" content=\"UA-38556648-1\" \/>\n\t<meta name=\"keywords\" content=\"actualidad turismo\" \/>\n\t<link rel=\"canonical\" href=\"https:\/\/eldigitaldeasturias.com\/magazine365\/la-puntualidad-aerea-roza-el-100-pese-a-los-paros-de-controladores-segun-pastor\/\" \/>\n\t<meta name=\"generator\" content=\"All in One SEO Pro (AIOSEO) 4.9.6.1\" \/>\n\t\t<meta property=\"og:locale\" content=\"es_ES\" \/>\n\t\t<meta property=\"og:site_name\" content=\"El Digital de Asturias \u2013 Revista de ocio, turismo y estilo de vida\" \/>\n\t\t<meta property=\"og:type\" content=\"article\" \/>\n\t\t<meta property=\"og:title\" content=\"La puntualidad a\u00e9rea roza el 100% pese a los paros de controladores, seg\u00fan Pastor | El Digital de Asturias\" \/>\n\t\t<meta property=\"og:description\" content=\"La ministra de Fomento, Ana Pastor, ha destacado hoy la &quot;normalidad&quot; en las operaciones a\u00e9reas de este lunes, primera jornada de la huelga de controladores, con una puntualidad media en los vuelos de &quot;entre el 98% y el 100%&quot;, en las dos primeras horas de paro (de 10.00 a 12.00 horas), franja horaria en la\" \/>\n\t\t<meta property=\"og:url\" content=\"https:\/\/eldigitaldeasturias.com\/magazine365\/la-puntualidad-aerea-roza-el-100-pese-a-los-paros-de-controladores-segun-pastor\/\" \/>\n\t\t<meta property=\"og:image\" content=\"https:\/\/eldigitaldeasturias.com\/magazine365\/wp-content\/uploads\/2015\/06\/aeropuerto.jpg\" \/>\n\t\t<meta property=\"og:image:secure_url\" content=\"https:\/\/eldigitaldeasturias.com\/magazine365\/wp-content\/uploads\/2015\/06\/aeropuerto.jpg\" \/>\n\t\t<meta property=\"og:image:width\" content=\"800\" \/>\n\t\t<meta property=\"og:image:height\" content=\"531\" \/>\n\t\t<meta property=\"article:published_time\" content=\"2015-06-09T02:06:41+00:00\" \/>\n\t\t<meta property=\"article:modified_time\" content=\"2015-06-09T02:06:41+00:00\" \/>\n\t\t<meta name=\"twitter:card\" content=\"summary_large_image\" \/>\n\t\t<meta name=\"twitter:title\" content=\"La puntualidad a\u00e9rea roza el 100% pese a los paros de controladores, seg\u00fan Pastor | El Digital de Asturias\" \/>\n\t\t<meta name=\"twitter:description\" content=\"La ministra de Fomento, Ana Pastor, ha destacado hoy la &quot;normalidad&quot; en las operaciones a\u00e9reas de este lunes, primera jornada de la huelga de controladores, con una puntualidad media en los vuelos de &quot;entre el 98% y el 100%&quot;, en las dos primeras horas de paro (de 10.00 a 12.00 horas), franja horaria en la\" \/>\n\t\t<meta name=\"twitter:image\" content=\"https:\/\/eldigitaldeasturias.com\/magazine365\/wp-content\/uploads\/2015\/06\/aeropuerto.jpg\" \/>\n\t\t<script type=\"application\/ld+json\" class=\"aioseo-schema\">\n\t\t\t{\"@context\":\"https:\\\/\\\/schema.org\",\"@graph\":[{\"@type\":\"Article\",\"@id\":\"https:\\\/\\\/eldigitaldeasturias.com\\\/magazine365\\\/la-puntualidad-aerea-roza-el-100-pese-a-los-paros-de-controladores-segun-pastor\\\/#article\",\"name\":\"La puntualidad a\\u00e9rea roza el 100% pese a los paros de controladores, seg\\u00fan Pastor | El Digital de Asturias\",\"headline\":\"La puntualidad a\\u00e9rea roza el 100% pese a los paros de controladores, seg\\u00fan Pastor\",\"author\":{\"@id\":\"https:\\\/\\\/eldigitaldeasturias.com\\\/magazine365\\\/author\\\/admin\\\/#author\"},\"publisher\":{\"@id\":\"https:\\\/\\\/eldigitaldeasturias.com\\\/magazine365\\\/#organization\"},\"image\":{\"@type\":\"ImageObject\",\"url\":\"https:\\\/\\\/eldigitaldeasturias.com\\\/magazine365\\\/wp-content\\\/uploads\\\/2015\\\/06\\\/aeropuerto.jpg\",\"width\":800,\"height\":531},\"datePublished\":\"2015-06-09T03:36:41+02:00\",\"dateModified\":\"2015-06-09T03:36:41+02:00\",\"inLanguage\":\"es-ES\",\"mainEntityOfPage\":{\"@id\":\"https:\\\/\\\/eldigitaldeasturias.com\\\/magazine365\\\/la-puntualidad-aerea-roza-el-100-pese-a-los-paros-de-controladores-segun-pastor\\\/#webpage\"},\"isPartOf\":{\"@id\":\"https:\\\/\\\/eldigitaldeasturias.com\\\/magazine365\\\/la-puntualidad-aerea-roza-el-100-pese-a-los-paros-de-controladores-segun-pastor\\\/#webpage\"},\"articleSection\":\"Actualidad Turismo\"},{\"@type\":\"BreadcrumbList\",\"@id\":\"https:\\\/\\\/eldigitaldeasturias.com\\\/magazine365\\\/la-puntualidad-aerea-roza-el-100-pese-a-los-paros-de-controladores-segun-pastor\\\/#breadcrumblist\",\"itemListElement\":[{\"@type\":\"ListItem\",\"@id\":\"https:\\\/\\\/eldigitaldeasturias.com\\\/magazine365#listItem\",\"position\":1,\"name\":\"Home\",\"item\":\"https:\\\/\\\/eldigitaldeasturias.com\\\/magazine365\",\"nextItem\":{\"@type\":\"ListItem\",\"@id\":\"https:\\\/\\\/eldigitaldeasturias.com\\\/magazine365\\\/category\\\/actualidad-turismo\\\/#listItem\",\"name\":\"Actualidad Turismo\"}},{\"@type\":\"ListItem\",\"@id\":\"https:\\\/\\\/eldigitaldeasturias.com\\\/magazine365\\\/category\\\/actualidad-turismo\\\/#listItem\",\"position\":2,\"name\":\"Actualidad Turismo\",\"item\":\"https:\\\/\\\/eldigitaldeasturias.com\\\/magazine365\\\/category\\\/actualidad-turismo\\\/\",\"nextItem\":{\"@type\":\"ListItem\",\"@id\":\"https:\\\/\\\/eldigitaldeasturias.com\\\/magazine365\\\/la-puntualidad-aerea-roza-el-100-pese-a-los-paros-de-controladores-segun-pastor\\\/#listItem\",\"name\":\"La puntualidad a\\u00e9rea roza el 100% pese a los paros de controladores, seg\\u00fan Pastor\"},\"previousItem\":{\"@type\":\"ListItem\",\"@id\":\"https:\\\/\\\/eldigitaldeasturias.com\\\/magazine365#listItem\",\"name\":\"Home\"}},{\"@type\":\"ListItem\",\"@id\":\"https:\\\/\\\/eldigitaldeasturias.com\\\/magazine365\\\/la-puntualidad-aerea-roza-el-100-pese-a-los-paros-de-controladores-segun-pastor\\\/#listItem\",\"position\":3,\"name\":\"La puntualidad a\\u00e9rea roza el 100% pese a los paros de controladores, seg\\u00fan Pastor\",\"previousItem\":{\"@type\":\"ListItem\",\"@id\":\"https:\\\/\\\/eldigitaldeasturias.com\\\/magazine365\\\/category\\\/actualidad-turismo\\\/#listItem\",\"name\":\"Actualidad Turismo\"}}]},{\"@type\":\"Organization\",\"@id\":\"https:\\\/\\\/eldigitaldeasturias.com\\\/magazine365\\\/#organization\",\"name\":\"El digital de Asturias\",\"description\":\"Revista de ocio, turismo y estilo de vida\",\"url\":\"https:\\\/\\\/eldigitaldeasturias.com\\\/magazine365\\\/\",\"logo\":{\"@type\":\"ImageObject\",\"url\":\"https:\\\/\\\/www.eldigitaldeasturias.com\\\/noticias\\\/wp-content\\\/uploads\\\/2020\\\/12\\\/EDA.jpg\",\"@id\":\"https:\\\/\\\/eldigitaldeasturias.com\\\/magazine365\\\/la-puntualidad-aerea-roza-el-100-pese-a-los-paros-de-controladores-segun-pastor\\\/#organizationLogo\"},\"image\":{\"@id\":\"https:\\\/\\\/eldigitaldeasturias.com\\\/magazine365\\\/la-puntualidad-aerea-roza-el-100-pese-a-los-paros-de-controladores-segun-pastor\\\/#organizationLogo\"}},{\"@type\":\"Person\",\"@id\":\"https:\\\/\\\/eldigitaldeasturias.com\\\/magazine365\\\/author\\\/admin\\\/#author\",\"url\":\"https:\\\/\\\/eldigitaldeasturias.com\\\/magazine365\\\/author\\\/admin\\\/\",\"name\":\"admin\",\"image\":{\"@type\":\"ImageObject\",\"@id\":\"https:\\\/\\\/eldigitaldeasturias.com\\\/magazine365\\\/la-puntualidad-aerea-roza-el-100-pese-a-los-paros-de-controladores-segun-pastor\\\/#authorImage\",\"url\":\"https:\\\/\\\/eldigitaldeasturias.com\\\/magazine365\\\/wp-content\\\/litespeed\\\/avatar\\\/e571bcf59a0edd6fa6838245a470f2fe.jpg?ver=1776969259\",\"width\":96,\"height\":96,\"caption\":\"admin\"}},{\"@type\":\"WebPage\",\"@id\":\"https:\\\/\\\/eldigitaldeasturias.com\\\/magazine365\\\/la-puntualidad-aerea-roza-el-100-pese-a-los-paros-de-controladores-segun-pastor\\\/#webpage\",\"url\":\"https:\\\/\\\/eldigitaldeasturias.com\\\/magazine365\\\/la-puntualidad-aerea-roza-el-100-pese-a-los-paros-de-controladores-segun-pastor\\\/\",\"name\":\"La puntualidad a\\u00e9rea roza el 100% pese a los paros de controladores, seg\\u00fan Pastor | El Digital de Asturias\",\"description\":\"La ministra de Fomento, Ana Pastor, ha destacado hoy la \\\"normalidad\\\" en las operaciones a\\u00e9reas de este lunes, primera jornada de la huelga de controladores, con una puntualidad media en los vuelos de \\\"entre el 98% y el 100%\\\", en las dos primeras horas de paro (de 10.00 a 12.00 horas), franja horaria en la\",\"inLanguage\":\"es-ES\",\"isPartOf\":{\"@id\":\"https:\\\/\\\/eldigitaldeasturias.com\\\/magazine365\\\/#website\"},\"breadcrumb\":{\"@id\":\"https:\\\/\\\/eldigitaldeasturias.com\\\/magazine365\\\/la-puntualidad-aerea-roza-el-100-pese-a-los-paros-de-controladores-segun-pastor\\\/#breadcrumblist\"},\"author\":{\"@id\":\"https:\\\/\\\/eldigitaldeasturias.com\\\/magazine365\\\/author\\\/admin\\\/#author\"},\"creator\":{\"@id\":\"https:\\\/\\\/eldigitaldeasturias.com\\\/magazine365\\\/author\\\/admin\\\/#author\"},\"image\":{\"@type\":\"ImageObject\",\"url\":\"https:\\\/\\\/eldigitaldeasturias.com\\\/magazine365\\\/wp-content\\\/uploads\\\/2015\\\/06\\\/aeropuerto.jpg\",\"@id\":\"https:\\\/\\\/eldigitaldeasturias.com\\\/magazine365\\\/la-puntualidad-aerea-roza-el-100-pese-a-los-paros-de-controladores-segun-pastor\\\/#mainImage\",\"width\":800,\"height\":531},\"primaryImageOfPage\":{\"@id\":\"https:\\\/\\\/eldigitaldeasturias.com\\\/magazine365\\\/la-puntualidad-aerea-roza-el-100-pese-a-los-paros-de-controladores-segun-pastor\\\/#mainImage\"},\"datePublished\":\"2015-06-09T03:36:41+02:00\",\"dateModified\":\"2015-06-09T03:36:41+02:00\"},{\"@type\":\"WebSite\",\"@id\":\"https:\\\/\\\/eldigitaldeasturias.com\\\/magazine365\\\/#website\",\"url\":\"https:\\\/\\\/eldigitaldeasturias.com\\\/magazine365\\\/\",\"name\":\"El Digital de Asturias\",\"description\":\"Revista de ocio, turismo y estilo de vida\",\"inLanguage\":\"es-ES\",\"publisher\":{\"@id\":\"https:\\\/\\\/eldigitaldeasturias.com\\\/magazine365\\\/#organization\"}}]}\n\t\t<\/script>\n\t\t<!-- All in One SEO Pro -->\r\n\t\t<title>La puntualidad a\u00e9rea roza el 100% pese a los paros de controladores, seg\u00fan Pastor | El Digital de Asturias<\/title>\n\n","aioseo_head_json":{"title":"La puntualidad a\u00e9rea roza el 100% pese a los paros de controladores, seg\u00fan Pastor | El Digital de Asturias","description":"La ministra de Fomento, Ana Pastor, ha destacado hoy la \"normalidad\" en las operaciones a\u00e9reas de este lunes, primera jornada de la huelga de controladores, con una puntualidad media en los vuelos de \"entre el 98% y el 100%\", en las dos primeras horas de paro (de 10.00 a 12.00 horas), franja horaria en la","canonical_url":"https:\/\/eldigitaldeasturias.com\/magazine365\/la-puntualidad-aerea-roza-el-100-pese-a-los-paros-de-controladores-segun-pastor\/","robots":"max-image-preview:large","keywords":"actualidad turismo","webmasterTools":{"google-site-verification":"UA-38556648-1","miscellaneous":""},"schema":{"@context":"https:\/\/schema.org","@graph":[{"@type":"Article","@id":"https:\/\/eldigitaldeasturias.com\/magazine365\/la-puntualidad-aerea-roza-el-100-pese-a-los-paros-de-controladores-segun-pastor\/#article","name":"La puntualidad a\u00e9rea roza el 100% pese a los paros de controladores, seg\u00fan Pastor | El Digital de Asturias","headline":"La puntualidad a\u00e9rea roza el 100% pese a los paros de controladores, seg\u00fan Pastor","author":{"@id":"https:\/\/eldigitaldeasturias.com\/magazine365\/author\/admin\/#author"},"publisher":{"@id":"https:\/\/eldigitaldeasturias.com\/magazine365\/#organization"},"image":{"@type":"ImageObject","url":"https:\/\/eldigitaldeasturias.com\/magazine365\/wp-content\/uploads\/2015\/06\/aeropuerto.jpg","width":800,"height":531},"datePublished":"2015-06-09T03:36:41+02:00","dateModified":"2015-06-09T03:36:41+02:00","inLanguage":"es-ES","mainEntityOfPage":{"@id":"https:\/\/eldigitaldeasturias.com\/magazine365\/la-puntualidad-aerea-roza-el-100-pese-a-los-paros-de-controladores-segun-pastor\/#webpage"},"isPartOf":{"@id":"https:\/\/eldigitaldeasturias.com\/magazine365\/la-puntualidad-aerea-roza-el-100-pese-a-los-paros-de-controladores-segun-pastor\/#webpage"},"articleSection":"Actualidad Turismo"},{"@type":"BreadcrumbList","@id":"https:\/\/eldigitaldeasturias.com\/magazine365\/la-puntualidad-aerea-roza-el-100-pese-a-los-paros-de-controladores-segun-pastor\/#breadcrumblist","itemListElement":[{"@type":"ListItem","@id":"https:\/\/eldigitaldeasturias.com\/magazine365#listItem","position":1,"name":"Home","item":"https:\/\/eldigitaldeasturias.com\/magazine365","nextItem":{"@type":"ListItem","@id":"https:\/\/eldigitaldeasturias.com\/magazine365\/category\/actualidad-turismo\/#listItem","name":"Actualidad Turismo"}},{"@type":"ListItem","@id":"https:\/\/eldigitaldeasturias.com\/magazine365\/category\/actualidad-turismo\/#listItem","position":2,"name":"Actualidad Turismo","item":"https:\/\/eldigitaldeasturias.com\/magazine365\/category\/actualidad-turismo\/","nextItem":{"@type":"ListItem","@id":"https:\/\/eldigitaldeasturias.com\/magazine365\/la-puntualidad-aerea-roza-el-100-pese-a-los-paros-de-controladores-segun-pastor\/#listItem","name":"La puntualidad a\u00e9rea roza el 100% pese a los paros de controladores, seg\u00fan Pastor"},"previousItem":{"@type":"ListItem","@id":"https:\/\/eldigitaldeasturias.com\/magazine365#listItem","name":"Home"}},{"@type":"ListItem","@id":"https:\/\/eldigitaldeasturias.com\/magazine365\/la-puntualidad-aerea-roza-el-100-pese-a-los-paros-de-controladores-segun-pastor\/#listItem","position":3,"name":"La puntualidad a\u00e9rea roza el 100% pese a los paros de controladores, seg\u00fan Pastor","previousItem":{"@type":"ListItem","@id":"https:\/\/eldigitaldeasturias.com\/magazine365\/category\/actualidad-turismo\/#listItem","name":"Actualidad Turismo"}}]},{"@type":"Organization","@id":"https:\/\/eldigitaldeasturias.com\/magazine365\/#organization","name":"El digital de Asturias","description":"Revista de ocio, turismo y estilo de vida","url":"https:\/\/eldigitaldeasturias.com\/magazine365\/","logo":{"@type":"ImageObject","url":"https:\/\/www.eldigitaldeasturias.com\/noticias\/wp-content\/uploads\/2020\/12\/EDA.jpg","@id":"https:\/\/eldigitaldeasturias.com\/magazine365\/la-puntualidad-aerea-roza-el-100-pese-a-los-paros-de-controladores-segun-pastor\/#organizationLogo"},"image":{"@id":"https:\/\/eldigitaldeasturias.com\/magazine365\/la-puntualidad-aerea-roza-el-100-pese-a-los-paros-de-controladores-segun-pastor\/#organizationLogo"}},{"@type":"Person","@id":"https:\/\/eldigitaldeasturias.com\/magazine365\/author\/admin\/#author","url":"https:\/\/eldigitaldeasturias.com\/magazine365\/author\/admin\/","name":"admin","image":{"@type":"ImageObject","@id":"https:\/\/eldigitaldeasturias.com\/magazine365\/la-puntualidad-aerea-roza-el-100-pese-a-los-paros-de-controladores-segun-pastor\/#authorImage","url":"https:\/\/eldigitaldeasturias.com\/magazine365\/wp-content\/litespeed\/avatar\/e571bcf59a0edd6fa6838245a470f2fe.jpg?ver=1776969259","width":96,"height":96,"caption":"admin"}},{"@type":"WebPage","@id":"https:\/\/eldigitaldeasturias.com\/magazine365\/la-puntualidad-aerea-roza-el-100-pese-a-los-paros-de-controladores-segun-pastor\/#webpage","url":"https:\/\/eldigitaldeasturias.com\/magazine365\/la-puntualidad-aerea-roza-el-100-pese-a-los-paros-de-controladores-segun-pastor\/","name":"La puntualidad a\u00e9rea roza el 100% pese a los paros de controladores, seg\u00fan Pastor | El Digital de Asturias","description":"La ministra de Fomento, Ana Pastor, ha destacado hoy la \"normalidad\" en las operaciones a\u00e9reas de este lunes, primera jornada de la huelga de controladores, con una puntualidad media en los vuelos de \"entre el 98% y el 100%\", en las dos primeras horas de paro (de 10.00 a 12.00 horas), franja horaria en la","inLanguage":"es-ES","isPartOf":{"@id":"https:\/\/eldigitaldeasturias.com\/magazine365\/#website"},"breadcrumb":{"@id":"https:\/\/eldigitaldeasturias.com\/magazine365\/la-puntualidad-aerea-roza-el-100-pese-a-los-paros-de-controladores-segun-pastor\/#breadcrumblist"},"author":{"@id":"https:\/\/eldigitaldeasturias.com\/magazine365\/author\/admin\/#author"},"creator":{"@id":"https:\/\/eldigitaldeasturias.com\/magazine365\/author\/admin\/#author"},"image":{"@type":"ImageObject","url":"https:\/\/eldigitaldeasturias.com\/magazine365\/wp-content\/uploads\/2015\/06\/aeropuerto.jpg","@id":"https:\/\/eldigitaldeasturias.com\/magazine365\/la-puntualidad-aerea-roza-el-100-pese-a-los-paros-de-controladores-segun-pastor\/#mainImage","width":800,"height":531},"primaryImageOfPage":{"@id":"https:\/\/eldigitaldeasturias.com\/magazine365\/la-puntualidad-aerea-roza-el-100-pese-a-los-paros-de-controladores-segun-pastor\/#mainImage"},"datePublished":"2015-06-09T03:36:41+02:00","dateModified":"2015-06-09T03:36:41+02:00"},{"@type":"WebSite","@id":"https:\/\/eldigitaldeasturias.com\/magazine365\/#website","url":"https:\/\/eldigitaldeasturias.com\/magazine365\/","name":"El Digital de Asturias","description":"Revista de ocio, turismo y estilo de vida","inLanguage":"es-ES","publisher":{"@id":"https:\/\/eldigitaldeasturias.com\/magazine365\/#organization"}}]},"og:locale":"es_ES","og:site_name":"El Digital de Asturias \u2013 Revista de ocio, turismo y estilo de vida","og:type":"article","og:title":"La puntualidad a\u00e9rea roza el 100% pese a los paros de controladores, seg\u00fan Pastor | El Digital de Asturias","og:description":"La ministra de Fomento, Ana Pastor, ha destacado hoy la &quot;normalidad&quot; en las operaciones a\u00e9reas de este lunes, primera jornada de la huelga de controladores, con una puntualidad media en los vuelos de &quot;entre el 98% y el 100%&quot;, en las dos primeras horas de paro (de 10.00 a 12.00 horas), franja horaria en la","og:url":"https:\/\/eldigitaldeasturias.com\/magazine365\/la-puntualidad-aerea-roza-el-100-pese-a-los-paros-de-controladores-segun-pastor\/","og:image":"https:\/\/eldigitaldeasturias.com\/magazine365\/wp-content\/uploads\/2015\/06\/aeropuerto.jpg","og:image:secure_url":"https:\/\/eldigitaldeasturias.com\/magazine365\/wp-content\/uploads\/2015\/06\/aeropuerto.jpg","og:image:width":800,"og:image:height":531,"article:published_time":"2015-06-09T02:06:41+00:00","article:modified_time":"2015-06-09T02:06:41+00:00","twitter:card":"summary_large_image","twitter:title":"La puntualidad a\u00e9rea roza el 100% pese a los paros de controladores, seg\u00fan Pastor | El Digital de Asturias","twitter:description":"La ministra de Fomento, Ana Pastor, ha destacado hoy la &quot;normalidad&quot; en las operaciones a\u00e9reas de este lunes, primera jornada de la huelga de controladores, con una puntualidad media en los vuelos de &quot;entre el 98% y el 100%&quot;, en las dos primeras horas de paro (de 10.00 a 12.00 horas), franja horaria en la","twitter:image":"https:\/\/eldigitaldeasturias.com\/magazine365\/wp-content\/uploads\/2015\/06\/aeropuerto.jpg"},"aioseo_meta_data":{"post_id":"39114","title":null,"description":null,"keywords":null,"keyphrases":null,"primary_term":null,"canonical_url":null,"og_title":null,"og_description":null,"og_object_type":"default","og_image_type":"default","og_image_url":null,"og_image_width":null,"og_image_height":null,"og_image_custom_url":null,"og_image_custom_fields":null,"og_video":null,"og_custom_url":null,"og_article_section":null,"og_article_tags":null,"twitter_use_og":false,"twitter_card":"default","twitter_image_type":"default","twitter_image_url":null,"twitter_image_custom_url":null,"twitter_image_custom_fields":null,"twitter_title":null,"twitter_description":null,"schema":{"blockGraphs":[],"customGraphs":[],"default":{"data":{"Article":[],"Course":[],"Dataset":[],"FAQPage":[],"Movie":[],"Person":[],"Product":[],"ProductReview":[],"Car":[],"Recipe":[],"Service":[],"SoftwareApplication":[],"WebPage":[]},"graphName":"","isEnabled":true},"graphs":[],"defaultGraph":"","defaultPostTypeGraph":""},"schema_type":null,"schema_type_options":null,"pillar_content":false,"robots_default":true,"robots_noindex":false,"robots_noarchive":false,"robots_nosnippet":false,"robots_nofollow":false,"robots_noimageindex":false,"robots_noodp":false,"robots_notranslate":false,"robots_max_snippet":null,"robots_max_videopreview":null,"robots_max_imagepreview":"large","priority":null,"frequency":null,"location":null,"local_seo":null,"seo_analyzer_scan_date":"2025-09-19 11:00:05","breadcrumb_settings":null,"limit_modified_date":false,"open_ai":null,"ai":null,"created":"2021-03-09 02:44:43","updated":"2025-09-19 11:00:05"},"aioseo_breadcrumb":"<div class=\"aioseo-breadcrumbs\"><span class=\"aioseo-breadcrumb\">\n\t<a href=\"https:\/\/eldigitaldeasturias.com\/magazine365\" title=\"Home\">Home<\/a>\n<\/span><span class=\"aioseo-breadcrumb-separator\">\u2013<\/span><span class=\"aioseo-breadcrumb\">\n\t<a href=\"https:\/\/eldigitaldeasturias.com\/magazine365\/category\/actualidad-turismo\/\" title=\"Actualidad Turismo\">Actualidad Turismo<\/a>\n<\/span><span class=\"aioseo-breadcrumb-separator\">\u2013<\/span><span class=\"aioseo-breadcrumb\">\n\t<a href=\"https:\/\/eldigitaldeasturias.com\/magazine365\/la-puntualidad-aerea-roza-el-100-pese-a-los-paros-de-controladores-segun-pastor\/\" title=\"La puntualidad a\u00e9rea roza el 100% pese a los paros de controladores, seg\u00fan Pastor\">La puntualidad a\u00e9rea roza el 100% pese a los paros de controladores, seg\u00fan Pastor<\/a>\n<\/span><\/div>","aioseo_breadcrumb_json":[{"label":"Home","link":"https:\/\/eldigitaldeasturias.com\/magazine365"},{"label":"Actualidad Turismo","link":"https:\/\/eldigitaldeasturias.com\/magazine365\/category\/actualidad-turismo\/"},{"label":"La puntualidad a\u00e9rea roza el 100% pese a los paros de controladores, seg\u00fan Pastor","link":"https:\/\/eldigitaldeasturias.com\/magazine365\/la-puntualidad-aerea-roza-el-100-pese-a-los-paros-de-controladores-segun-pastor\/"}],"_links":{"self":[{"href":"https:\/\/eldigitaldeasturias.com\/magazine365\/wp-json\/wp\/v2\/posts\/39114","targetHints":{"allow":["GET"]}}],"collection":[{"href":"https:\/\/eldigitaldeasturias.com\/magazine365\/wp-json\/wp\/v2\/posts"}],"about":[{"href":"https:\/\/eldigitaldeasturias.com\/magazine365\/wp-json\/wp\/v2\/types\/post"}],"author":[{"embeddable":true,"href":"https:\/\/eldigitaldeasturias.com\/magazine365\/wp-json\/wp\/v2\/users\/1"}],"replies":[{"embeddable":true,"href":"https:\/\/eldigitaldeasturias.com\/magazine365\/wp-json\/wp\/v2\/comments?post=39114"}],"version-history":[{"count":0,"href":"https:\/\/eldigitaldeasturias.com\/magazine365\/wp-json\/wp\/v2\/posts\/39114\/revisions"}],"wp:featuredmedia":[{"embeddable":true,"href":"https:\/\/eldigitaldeasturias.com\/magazine365\/wp-json\/wp\/v2\/media\/39092"}],"wp:attachment":[{"href":"https:\/\/eldigitaldeasturias.com\/magazine365\/wp-json\/wp\/v2\/media?parent=39114"}],"wp:term":[{"taxonomy":"category","embeddable":true,"href":"https:\/\/eldigitaldeasturias.com\/magazine365\/wp-json\/wp\/v2\/categories?post=39114"},{"taxonomy":"post_tag","embeddable":true,"href":"https:\/\/eldigitaldeasturias.com\/magazine365\/wp-json\/wp\/v2\/tags?post=39114"}],"curies":[{"name":"wp","href":"https:\/\/api.w.org\/{rel}","templated":true}]}}