{"id":39109,"date":"2015-06-09T03:34:20","date_gmt":"2015-06-09T02:04:20","guid":{"rendered":"http:\/\/eldigitaldeasturias.com\/magazine365\/?p=39109"},"modified":"2015-06-09T03:34:20","modified_gmt":"2015-06-09T02:04:20","slug":"pablo-caspers-nuevo-responsable-de-producto-aereo-de-edreams-odigeo","status":"publish","type":"post","link":"https:\/\/eldigitaldeasturias.com\/magazine365\/pablo-caspers-nuevo-responsable-de-producto-aereo-de-edreams-odigeo\/","title":{"rendered":"Pablo Caspers, nuevo responsable de producto a\u00e9reo de eDreams Odigeo"},"content":{"rendered":"<p><img fetchpriority=\"high\" decoding=\"async\" class=\"alignleft size-medium wp-image-39110\" src=\"https:\/\/eldigitaldeasturias.com\/magazine365\/wp-content\/uploads\/2015\/06\/fotonoticia_20150608133014_800-360x240.jpg\" alt=\"fotonoticia_20150608133014_800\" width=\"360\" height=\"240\" srcset=\"https:\/\/eldigitaldeasturias.com\/magazine365\/wp-content\/uploads\/2015\/06\/fotonoticia_20150608133014_800-360x240.jpg 360w, https:\/\/eldigitaldeasturias.com\/magazine365\/wp-content\/uploads\/2015\/06\/fotonoticia_20150608133014_800-650x433.jpg 650w, https:\/\/eldigitaldeasturias.com\/magazine365\/wp-content\/uploads\/2015\/06\/fotonoticia_20150608133014_800-768x512.jpg 768w, https:\/\/eldigitaldeasturias.com\/magazine365\/wp-content\/uploads\/2015\/06\/fotonoticia_20150608133014_800-150x100.jpg 150w, https:\/\/eldigitaldeasturias.com\/magazine365\/wp-content\/uploads\/2015\/06\/fotonoticia_20150608133014_800-450x300.jpg 450w, https:\/\/eldigitaldeasturias.com\/magazine365\/wp-content\/uploads\/2015\/06\/fotonoticia_20150608133014_800-696x464.jpg 696w, https:\/\/eldigitaldeasturias.com\/magazine365\/wp-content\/uploads\/2015\/06\/fotonoticia_20150608133014_800-630x420.jpg 630w, https:\/\/eldigitaldeasturias.com\/magazine365\/wp-content\/uploads\/2015\/06\/fotonoticia_20150608133014_800-84x55.jpg 84w, https:\/\/eldigitaldeasturias.com\/magazine365\/wp-content\/uploads\/2015\/06\/fotonoticia_20150608133014_800.jpg 800w\" sizes=\"(max-width: 360px) 100vw, 360px\" \/>La agencia &#8216;online&#8217; eDreams Odigeo ha anunciado la incorporaci\u00f3n de Pablo Caspers como Chief Air Supplier Officer desde este mes de junio.<\/p>\n<p>El ejecutivo cuenta con una dilatada experiencia en el sector de viajes online, despu\u00e9s de que haya ocupado durante los \u00faltimos nueve a\u00f1os el cargo de vicepresidente de ventas, online y canales directos en airberlin, pasando antes por el de vicepresidente de ventas y marketing en Espa\u00f1a y Portugal.<\/p>\n<p>Caspers asumir\u00e1 la direcci\u00f3n de un \u00e1rea de negocio estrat\u00e9gica para la compa\u00f1\u00eda, que hasta el momento estaba dirigida por Javier Bellido. As\u00ed de este modo, Bellido se mantiene como director general de Espa\u00f1a, y como director de la nueva divisi\u00f3n de viajes de empresa para todo el grupo.<\/p>\n<p>Seg\u00fan el propio Bellido, \u00abla experiencia de Pablo Caspers y su profundo conocimiento del sector a\u00e9reo, ser\u00e1n un factor fundamental para incrementar el valor de nuestras propuestas y establecer una colaboraci\u00f3n m\u00e1s estrecha con las aerol\u00edneas\u00bb. Durante un per\u00edodo, trabajar\u00e1n conjuntamente para garantizar una transici\u00f3n perfecta.<\/p>\n<p>\u00abEstoy encantado de unirme al mayor grupo de agencias de viajes &#8216;online&#8217; de Europa, que cuenta con un excelente equipo de profesionales, y poder ayudar a seguir manteniendo el liderazgo mundial en este sector\u00bb, afirm\u00f3 Caspers.<\/p>\n","protected":false},"excerpt":{"rendered":"<p>La agencia &#8216;online&#8217; eDreams Odigeo ha anunciado la incorporaci\u00f3n de Pablo Caspers como Chief Air Supplier Officer desde este mes de junio. El ejecutivo cuenta con una dilatada experiencia en el sector de viajes online, despu\u00e9s de que haya ocupado durante los \u00faltimos nueve a\u00f1os el cargo de vicepresidente de ventas, online y canales directos<\/p>\n","protected":false},"author":1,"featured_media":39110,"comment_status":"open","ping_status":"closed","sticky":false,"template":"","format":"standard","meta":{"footnotes":""},"categories":[222],"tags":[],"class_list":{"0":"post-39109","1":"post","2":"type-post","3":"status-publish","4":"format-standard","5":"has-post-thumbnail","7":"category-actualidad-turismo"},"aioseo_notices":[],"aioseo_head":"\n\t\t<!-- All in One SEO Pro 4.9.6.1 - aioseo.com -->\n\t<meta name=\"description\" content=\"La agencia &#039;online&#039; eDreams Odigeo ha anunciado la incorporaci\u00f3n de Pablo Caspers como Chief Air Supplier Officer desde este mes de junio. El ejecutivo cuenta con una dilatada experiencia en el sector de viajes online, despu\u00e9s de que haya ocupado durante los \u00faltimos nueve a\u00f1os el cargo de vicepresidente de ventas, online y canales directos\" \/>\n\t<meta name=\"robots\" content=\"max-image-preview:large\" \/>\n\t<meta name=\"author\" content=\"admin\"\/>\n\t<meta name=\"google-site-verification\" content=\"UA-38556648-1\" \/>\n\t<meta name=\"keywords\" content=\"actualidad turismo\" \/>\n\t<link rel=\"canonical\" href=\"https:\/\/eldigitaldeasturias.com\/magazine365\/pablo-caspers-nuevo-responsable-de-producto-aereo-de-edreams-odigeo\/\" \/>\n\t<meta name=\"generator\" content=\"All in One SEO Pro (AIOSEO) 4.9.6.1\" \/>\n\t\t<meta property=\"og:locale\" content=\"es_ES\" \/>\n\t\t<meta property=\"og:site_name\" content=\"El Digital de Asturias \u2013 Revista de ocio, turismo y estilo de vida\" \/>\n\t\t<meta property=\"og:type\" content=\"article\" \/>\n\t\t<meta property=\"og:title\" content=\"Pablo Caspers, nuevo responsable de producto a\u00e9reo de eDreams Odigeo | El Digital de Asturias\" \/>\n\t\t<meta property=\"og:description\" content=\"La agencia &#039;online&#039; eDreams Odigeo ha anunciado la incorporaci\u00f3n de Pablo Caspers como Chief Air Supplier Officer desde este mes de junio. El ejecutivo cuenta con una dilatada experiencia en el sector de viajes online, despu\u00e9s de que haya ocupado durante los \u00faltimos nueve a\u00f1os el cargo de vicepresidente de ventas, online y canales directos\" \/>\n\t\t<meta property=\"og:url\" content=\"https:\/\/eldigitaldeasturias.com\/magazine365\/pablo-caspers-nuevo-responsable-de-producto-aereo-de-edreams-odigeo\/\" \/>\n\t\t<meta property=\"og:image\" content=\"https:\/\/eldigitaldeasturias.com\/magazine365\/wp-content\/uploads\/2015\/06\/fotonoticia_20150608133014_800.jpg\" \/>\n\t\t<meta property=\"og:image:secure_url\" content=\"https:\/\/eldigitaldeasturias.com\/magazine365\/wp-content\/uploads\/2015\/06\/fotonoticia_20150608133014_800.jpg\" \/>\n\t\t<meta property=\"og:image:width\" content=\"800\" \/>\n\t\t<meta property=\"og:image:height\" content=\"533\" \/>\n\t\t<meta property=\"article:published_time\" content=\"2015-06-09T02:04:20+00:00\" \/>\n\t\t<meta property=\"article:modified_time\" content=\"2015-06-09T02:04:20+00:00\" \/>\n\t\t<meta name=\"twitter:card\" content=\"summary_large_image\" \/>\n\t\t<meta name=\"twitter:title\" content=\"Pablo Caspers, nuevo responsable de producto a\u00e9reo de eDreams Odigeo | El Digital de Asturias\" \/>\n\t\t<meta name=\"twitter:description\" content=\"La agencia &#039;online&#039; eDreams Odigeo ha anunciado la incorporaci\u00f3n de Pablo Caspers como Chief Air Supplier Officer desde este mes de junio. El ejecutivo cuenta con una dilatada experiencia en el sector de viajes online, despu\u00e9s de que haya ocupado durante los \u00faltimos nueve a\u00f1os el cargo de vicepresidente de ventas, online y canales directos\" \/>\n\t\t<meta name=\"twitter:image\" content=\"https:\/\/eldigitaldeasturias.com\/magazine365\/wp-content\/uploads\/2015\/06\/fotonoticia_20150608133014_800.jpg\" \/>\n\t\t<script type=\"application\/ld+json\" class=\"aioseo-schema\">\n\t\t\t{\"@context\":\"https:\\\/\\\/schema.org\",\"@graph\":[{\"@type\":\"Article\",\"@id\":\"https:\\\/\\\/eldigitaldeasturias.com\\\/magazine365\\\/pablo-caspers-nuevo-responsable-de-producto-aereo-de-edreams-odigeo\\\/#article\",\"name\":\"Pablo Caspers, nuevo responsable de producto a\\u00e9reo de eDreams Odigeo | El Digital de Asturias\",\"headline\":\"Pablo Caspers, nuevo responsable de producto a\\u00e9reo de eDreams Odigeo\",\"author\":{\"@id\":\"https:\\\/\\\/eldigitaldeasturias.com\\\/magazine365\\\/author\\\/admin\\\/#author\"},\"publisher\":{\"@id\":\"https:\\\/\\\/eldigitaldeasturias.com\\\/magazine365\\\/#organization\"},\"image\":{\"@type\":\"ImageObject\",\"url\":\"https:\\\/\\\/eldigitaldeasturias.com\\\/magazine365\\\/wp-content\\\/uploads\\\/2015\\\/06\\\/fotonoticia_20150608133014_800.jpg\",\"width\":800,\"height\":533},\"datePublished\":\"2015-06-09T03:34:20+02:00\",\"dateModified\":\"2015-06-09T03:34:20+02:00\",\"inLanguage\":\"es-ES\",\"mainEntityOfPage\":{\"@id\":\"https:\\\/\\\/eldigitaldeasturias.com\\\/magazine365\\\/pablo-caspers-nuevo-responsable-de-producto-aereo-de-edreams-odigeo\\\/#webpage\"},\"isPartOf\":{\"@id\":\"https:\\\/\\\/eldigitaldeasturias.com\\\/magazine365\\\/pablo-caspers-nuevo-responsable-de-producto-aereo-de-edreams-odigeo\\\/#webpage\"},\"articleSection\":\"Actualidad Turismo\"},{\"@type\":\"BreadcrumbList\",\"@id\":\"https:\\\/\\\/eldigitaldeasturias.com\\\/magazine365\\\/pablo-caspers-nuevo-responsable-de-producto-aereo-de-edreams-odigeo\\\/#breadcrumblist\",\"itemListElement\":[{\"@type\":\"ListItem\",\"@id\":\"https:\\\/\\\/eldigitaldeasturias.com\\\/magazine365#listItem\",\"position\":1,\"name\":\"Home\",\"item\":\"https:\\\/\\\/eldigitaldeasturias.com\\\/magazine365\",\"nextItem\":{\"@type\":\"ListItem\",\"@id\":\"https:\\\/\\\/eldigitaldeasturias.com\\\/magazine365\\\/category\\\/actualidad-turismo\\\/#listItem\",\"name\":\"Actualidad Turismo\"}},{\"@type\":\"ListItem\",\"@id\":\"https:\\\/\\\/eldigitaldeasturias.com\\\/magazine365\\\/category\\\/actualidad-turismo\\\/#listItem\",\"position\":2,\"name\":\"Actualidad Turismo\",\"item\":\"https:\\\/\\\/eldigitaldeasturias.com\\\/magazine365\\\/category\\\/actualidad-turismo\\\/\",\"nextItem\":{\"@type\":\"ListItem\",\"@id\":\"https:\\\/\\\/eldigitaldeasturias.com\\\/magazine365\\\/pablo-caspers-nuevo-responsable-de-producto-aereo-de-edreams-odigeo\\\/#listItem\",\"name\":\"Pablo Caspers, nuevo responsable de producto a\\u00e9reo de eDreams Odigeo\"},\"previousItem\":{\"@type\":\"ListItem\",\"@id\":\"https:\\\/\\\/eldigitaldeasturias.com\\\/magazine365#listItem\",\"name\":\"Home\"}},{\"@type\":\"ListItem\",\"@id\":\"https:\\\/\\\/eldigitaldeasturias.com\\\/magazine365\\\/pablo-caspers-nuevo-responsable-de-producto-aereo-de-edreams-odigeo\\\/#listItem\",\"position\":3,\"name\":\"Pablo Caspers, nuevo responsable de producto a\\u00e9reo de eDreams Odigeo\",\"previousItem\":{\"@type\":\"ListItem\",\"@id\":\"https:\\\/\\\/eldigitaldeasturias.com\\\/magazine365\\\/category\\\/actualidad-turismo\\\/#listItem\",\"name\":\"Actualidad Turismo\"}}]},{\"@type\":\"Organization\",\"@id\":\"https:\\\/\\\/eldigitaldeasturias.com\\\/magazine365\\\/#organization\",\"name\":\"El digital de Asturias\",\"description\":\"Revista de ocio, turismo y estilo de vida\",\"url\":\"https:\\\/\\\/eldigitaldeasturias.com\\\/magazine365\\\/\",\"logo\":{\"@type\":\"ImageObject\",\"url\":\"https:\\\/\\\/www.eldigitaldeasturias.com\\\/noticias\\\/wp-content\\\/uploads\\\/2020\\\/12\\\/EDA.jpg\",\"@id\":\"https:\\\/\\\/eldigitaldeasturias.com\\\/magazine365\\\/pablo-caspers-nuevo-responsable-de-producto-aereo-de-edreams-odigeo\\\/#organizationLogo\"},\"image\":{\"@id\":\"https:\\\/\\\/eldigitaldeasturias.com\\\/magazine365\\\/pablo-caspers-nuevo-responsable-de-producto-aereo-de-edreams-odigeo\\\/#organizationLogo\"}},{\"@type\":\"Person\",\"@id\":\"https:\\\/\\\/eldigitaldeasturias.com\\\/magazine365\\\/author\\\/admin\\\/#author\",\"url\":\"https:\\\/\\\/eldigitaldeasturias.com\\\/magazine365\\\/author\\\/admin\\\/\",\"name\":\"admin\",\"image\":{\"@type\":\"ImageObject\",\"@id\":\"https:\\\/\\\/eldigitaldeasturias.com\\\/magazine365\\\/pablo-caspers-nuevo-responsable-de-producto-aereo-de-edreams-odigeo\\\/#authorImage\",\"url\":\"https:\\\/\\\/eldigitaldeasturias.com\\\/magazine365\\\/wp-content\\\/litespeed\\\/avatar\\\/e571bcf59a0edd6fa6838245a470f2fe.jpg?ver=1776969259\",\"width\":96,\"height\":96,\"caption\":\"admin\"}},{\"@type\":\"WebPage\",\"@id\":\"https:\\\/\\\/eldigitaldeasturias.com\\\/magazine365\\\/pablo-caspers-nuevo-responsable-de-producto-aereo-de-edreams-odigeo\\\/#webpage\",\"url\":\"https:\\\/\\\/eldigitaldeasturias.com\\\/magazine365\\\/pablo-caspers-nuevo-responsable-de-producto-aereo-de-edreams-odigeo\\\/\",\"name\":\"Pablo Caspers, nuevo responsable de producto a\\u00e9reo de eDreams Odigeo | El Digital de Asturias\",\"description\":\"La agencia 'online' eDreams Odigeo ha anunciado la incorporaci\\u00f3n de Pablo Caspers como Chief Air Supplier Officer desde este mes de junio. El ejecutivo cuenta con una dilatada experiencia en el sector de viajes online, despu\\u00e9s de que haya ocupado durante los \\u00faltimos nueve a\\u00f1os el cargo de vicepresidente de ventas, online y canales directos\",\"inLanguage\":\"es-ES\",\"isPartOf\":{\"@id\":\"https:\\\/\\\/eldigitaldeasturias.com\\\/magazine365\\\/#website\"},\"breadcrumb\":{\"@id\":\"https:\\\/\\\/eldigitaldeasturias.com\\\/magazine365\\\/pablo-caspers-nuevo-responsable-de-producto-aereo-de-edreams-odigeo\\\/#breadcrumblist\"},\"author\":{\"@id\":\"https:\\\/\\\/eldigitaldeasturias.com\\\/magazine365\\\/author\\\/admin\\\/#author\"},\"creator\":{\"@id\":\"https:\\\/\\\/eldigitaldeasturias.com\\\/magazine365\\\/author\\\/admin\\\/#author\"},\"image\":{\"@type\":\"ImageObject\",\"url\":\"https:\\\/\\\/eldigitaldeasturias.com\\\/magazine365\\\/wp-content\\\/uploads\\\/2015\\\/06\\\/fotonoticia_20150608133014_800.jpg\",\"@id\":\"https:\\\/\\\/eldigitaldeasturias.com\\\/magazine365\\\/pablo-caspers-nuevo-responsable-de-producto-aereo-de-edreams-odigeo\\\/#mainImage\",\"width\":800,\"height\":533},\"primaryImageOfPage\":{\"@id\":\"https:\\\/\\\/eldigitaldeasturias.com\\\/magazine365\\\/pablo-caspers-nuevo-responsable-de-producto-aereo-de-edreams-odigeo\\\/#mainImage\"},\"datePublished\":\"2015-06-09T03:34:20+02:00\",\"dateModified\":\"2015-06-09T03:34:20+02:00\"},{\"@type\":\"WebSite\",\"@id\":\"https:\\\/\\\/eldigitaldeasturias.com\\\/magazine365\\\/#website\",\"url\":\"https:\\\/\\\/eldigitaldeasturias.com\\\/magazine365\\\/\",\"name\":\"El Digital de Asturias\",\"description\":\"Revista de ocio, turismo y estilo de vida\",\"inLanguage\":\"es-ES\",\"publisher\":{\"@id\":\"https:\\\/\\\/eldigitaldeasturias.com\\\/magazine365\\\/#organization\"}}]}\n\t\t<\/script>\n\t\t<!-- All in One SEO Pro -->\r\n\t\t<title>Pablo Caspers, nuevo responsable de producto a\u00e9reo de eDreams Odigeo | El Digital de Asturias<\/title>\n\n","aioseo_head_json":{"title":"Pablo Caspers, nuevo responsable de producto a\u00e9reo de eDreams Odigeo | El Digital de Asturias","description":"La agencia 'online' eDreams Odigeo ha anunciado la incorporaci\u00f3n de Pablo Caspers como Chief Air Supplier Officer desde este mes de junio. El ejecutivo cuenta con una dilatada experiencia en el sector de viajes online, despu\u00e9s de que haya ocupado durante los \u00faltimos nueve a\u00f1os el cargo de vicepresidente de ventas, online y canales directos","canonical_url":"https:\/\/eldigitaldeasturias.com\/magazine365\/pablo-caspers-nuevo-responsable-de-producto-aereo-de-edreams-odigeo\/","robots":"max-image-preview:large","keywords":"actualidad turismo","webmasterTools":{"google-site-verification":"UA-38556648-1","miscellaneous":""},"schema":{"@context":"https:\/\/schema.org","@graph":[{"@type":"Article","@id":"https:\/\/eldigitaldeasturias.com\/magazine365\/pablo-caspers-nuevo-responsable-de-producto-aereo-de-edreams-odigeo\/#article","name":"Pablo Caspers, nuevo responsable de producto a\u00e9reo de eDreams Odigeo | El Digital de Asturias","headline":"Pablo Caspers, nuevo responsable de producto a\u00e9reo de eDreams Odigeo","author":{"@id":"https:\/\/eldigitaldeasturias.com\/magazine365\/author\/admin\/#author"},"publisher":{"@id":"https:\/\/eldigitaldeasturias.com\/magazine365\/#organization"},"image":{"@type":"ImageObject","url":"https:\/\/eldigitaldeasturias.com\/magazine365\/wp-content\/uploads\/2015\/06\/fotonoticia_20150608133014_800.jpg","width":800,"height":533},"datePublished":"2015-06-09T03:34:20+02:00","dateModified":"2015-06-09T03:34:20+02:00","inLanguage":"es-ES","mainEntityOfPage":{"@id":"https:\/\/eldigitaldeasturias.com\/magazine365\/pablo-caspers-nuevo-responsable-de-producto-aereo-de-edreams-odigeo\/#webpage"},"isPartOf":{"@id":"https:\/\/eldigitaldeasturias.com\/magazine365\/pablo-caspers-nuevo-responsable-de-producto-aereo-de-edreams-odigeo\/#webpage"},"articleSection":"Actualidad Turismo"},{"@type":"BreadcrumbList","@id":"https:\/\/eldigitaldeasturias.com\/magazine365\/pablo-caspers-nuevo-responsable-de-producto-aereo-de-edreams-odigeo\/#breadcrumblist","itemListElement":[{"@type":"ListItem","@id":"https:\/\/eldigitaldeasturias.com\/magazine365#listItem","position":1,"name":"Home","item":"https:\/\/eldigitaldeasturias.com\/magazine365","nextItem":{"@type":"ListItem","@id":"https:\/\/eldigitaldeasturias.com\/magazine365\/category\/actualidad-turismo\/#listItem","name":"Actualidad Turismo"}},{"@type":"ListItem","@id":"https:\/\/eldigitaldeasturias.com\/magazine365\/category\/actualidad-turismo\/#listItem","position":2,"name":"Actualidad Turismo","item":"https:\/\/eldigitaldeasturias.com\/magazine365\/category\/actualidad-turismo\/","nextItem":{"@type":"ListItem","@id":"https:\/\/eldigitaldeasturias.com\/magazine365\/pablo-caspers-nuevo-responsable-de-producto-aereo-de-edreams-odigeo\/#listItem","name":"Pablo Caspers, nuevo responsable de producto a\u00e9reo de eDreams Odigeo"},"previousItem":{"@type":"ListItem","@id":"https:\/\/eldigitaldeasturias.com\/magazine365#listItem","name":"Home"}},{"@type":"ListItem","@id":"https:\/\/eldigitaldeasturias.com\/magazine365\/pablo-caspers-nuevo-responsable-de-producto-aereo-de-edreams-odigeo\/#listItem","position":3,"name":"Pablo Caspers, nuevo responsable de producto a\u00e9reo de eDreams Odigeo","previousItem":{"@type":"ListItem","@id":"https:\/\/eldigitaldeasturias.com\/magazine365\/category\/actualidad-turismo\/#listItem","name":"Actualidad Turismo"}}]},{"@type":"Organization","@id":"https:\/\/eldigitaldeasturias.com\/magazine365\/#organization","name":"El digital de Asturias","description":"Revista de ocio, turismo y estilo de vida","url":"https:\/\/eldigitaldeasturias.com\/magazine365\/","logo":{"@type":"ImageObject","url":"https:\/\/www.eldigitaldeasturias.com\/noticias\/wp-content\/uploads\/2020\/12\/EDA.jpg","@id":"https:\/\/eldigitaldeasturias.com\/magazine365\/pablo-caspers-nuevo-responsable-de-producto-aereo-de-edreams-odigeo\/#organizationLogo"},"image":{"@id":"https:\/\/eldigitaldeasturias.com\/magazine365\/pablo-caspers-nuevo-responsable-de-producto-aereo-de-edreams-odigeo\/#organizationLogo"}},{"@type":"Person","@id":"https:\/\/eldigitaldeasturias.com\/magazine365\/author\/admin\/#author","url":"https:\/\/eldigitaldeasturias.com\/magazine365\/author\/admin\/","name":"admin","image":{"@type":"ImageObject","@id":"https:\/\/eldigitaldeasturias.com\/magazine365\/pablo-caspers-nuevo-responsable-de-producto-aereo-de-edreams-odigeo\/#authorImage","url":"https:\/\/eldigitaldeasturias.com\/magazine365\/wp-content\/litespeed\/avatar\/e571bcf59a0edd6fa6838245a470f2fe.jpg?ver=1776969259","width":96,"height":96,"caption":"admin"}},{"@type":"WebPage","@id":"https:\/\/eldigitaldeasturias.com\/magazine365\/pablo-caspers-nuevo-responsable-de-producto-aereo-de-edreams-odigeo\/#webpage","url":"https:\/\/eldigitaldeasturias.com\/magazine365\/pablo-caspers-nuevo-responsable-de-producto-aereo-de-edreams-odigeo\/","name":"Pablo Caspers, nuevo responsable de producto a\u00e9reo de eDreams Odigeo | El Digital de Asturias","description":"La agencia 'online' eDreams Odigeo ha anunciado la incorporaci\u00f3n de Pablo Caspers como Chief Air Supplier Officer desde este mes de junio. El ejecutivo cuenta con una dilatada experiencia en el sector de viajes online, despu\u00e9s de que haya ocupado durante los \u00faltimos nueve a\u00f1os el cargo de vicepresidente de ventas, online y canales directos","inLanguage":"es-ES","isPartOf":{"@id":"https:\/\/eldigitaldeasturias.com\/magazine365\/#website"},"breadcrumb":{"@id":"https:\/\/eldigitaldeasturias.com\/magazine365\/pablo-caspers-nuevo-responsable-de-producto-aereo-de-edreams-odigeo\/#breadcrumblist"},"author":{"@id":"https:\/\/eldigitaldeasturias.com\/magazine365\/author\/admin\/#author"},"creator":{"@id":"https:\/\/eldigitaldeasturias.com\/magazine365\/author\/admin\/#author"},"image":{"@type":"ImageObject","url":"https:\/\/eldigitaldeasturias.com\/magazine365\/wp-content\/uploads\/2015\/06\/fotonoticia_20150608133014_800.jpg","@id":"https:\/\/eldigitaldeasturias.com\/magazine365\/pablo-caspers-nuevo-responsable-de-producto-aereo-de-edreams-odigeo\/#mainImage","width":800,"height":533},"primaryImageOfPage":{"@id":"https:\/\/eldigitaldeasturias.com\/magazine365\/pablo-caspers-nuevo-responsable-de-producto-aereo-de-edreams-odigeo\/#mainImage"},"datePublished":"2015-06-09T03:34:20+02:00","dateModified":"2015-06-09T03:34:20+02:00"},{"@type":"WebSite","@id":"https:\/\/eldigitaldeasturias.com\/magazine365\/#website","url":"https:\/\/eldigitaldeasturias.com\/magazine365\/","name":"El Digital de Asturias","description":"Revista de ocio, turismo y estilo de vida","inLanguage":"es-ES","publisher":{"@id":"https:\/\/eldigitaldeasturias.com\/magazine365\/#organization"}}]},"og:locale":"es_ES","og:site_name":"El Digital de Asturias \u2013 Revista de ocio, turismo y estilo de vida","og:type":"article","og:title":"Pablo Caspers, nuevo responsable de producto a\u00e9reo de eDreams Odigeo | El Digital de Asturias","og:description":"La agencia 'online' eDreams Odigeo ha anunciado la incorporaci\u00f3n de Pablo Caspers como Chief Air Supplier Officer desde este mes de junio. El ejecutivo cuenta con una dilatada experiencia en el sector de viajes online, despu\u00e9s de que haya ocupado durante los \u00faltimos nueve a\u00f1os el cargo de vicepresidente de ventas, online y canales directos","og:url":"https:\/\/eldigitaldeasturias.com\/magazine365\/pablo-caspers-nuevo-responsable-de-producto-aereo-de-edreams-odigeo\/","og:image":"https:\/\/eldigitaldeasturias.com\/magazine365\/wp-content\/uploads\/2015\/06\/fotonoticia_20150608133014_800.jpg","og:image:secure_url":"https:\/\/eldigitaldeasturias.com\/magazine365\/wp-content\/uploads\/2015\/06\/fotonoticia_20150608133014_800.jpg","og:image:width":800,"og:image:height":533,"article:published_time":"2015-06-09T02:04:20+00:00","article:modified_time":"2015-06-09T02:04:20+00:00","twitter:card":"summary_large_image","twitter:title":"Pablo Caspers, nuevo responsable de producto a\u00e9reo de eDreams Odigeo | El Digital de Asturias","twitter:description":"La agencia 'online' eDreams Odigeo ha anunciado la incorporaci\u00f3n de Pablo Caspers como Chief Air Supplier Officer desde este mes de junio. El ejecutivo cuenta con una dilatada experiencia en el sector de viajes online, despu\u00e9s de que haya ocupado durante los \u00faltimos nueve a\u00f1os el cargo de vicepresidente de ventas, online y canales directos","twitter:image":"https:\/\/eldigitaldeasturias.com\/magazine365\/wp-content\/uploads\/2015\/06\/fotonoticia_20150608133014_800.jpg"},"aioseo_meta_data":{"post_id":"39109","title":null,"description":null,"keywords":null,"keyphrases":null,"primary_term":null,"canonical_url":null,"og_title":null,"og_description":null,"og_object_type":"default","og_image_type":"default","og_image_url":null,"og_image_width":null,"og_image_height":null,"og_image_custom_url":null,"og_image_custom_fields":null,"og_video":null,"og_custom_url":null,"og_article_section":null,"og_article_tags":null,"twitter_use_og":false,"twitter_card":"default","twitter_image_type":"default","twitter_image_url":null,"twitter_image_custom_url":null,"twitter_image_custom_fields":null,"twitter_title":null,"twitter_description":null,"schema":{"blockGraphs":[],"customGraphs":[],"default":{"data":{"Article":[],"Course":[],"Dataset":[],"FAQPage":[],"Movie":[],"Person":[],"Product":[],"ProductReview":[],"Car":[],"Recipe":[],"Service":[],"SoftwareApplication":[],"WebPage":[]},"graphName":"","isEnabled":true},"graphs":[],"defaultGraph":"","defaultPostTypeGraph":""},"schema_type":null,"schema_type_options":null,"pillar_content":false,"robots_default":true,"robots_noindex":false,"robots_noarchive":false,"robots_nosnippet":false,"robots_nofollow":false,"robots_noimageindex":false,"robots_noodp":false,"robots_notranslate":false,"robots_max_snippet":null,"robots_max_videopreview":null,"robots_max_imagepreview":"large","priority":null,"frequency":null,"location":null,"local_seo":null,"seo_analyzer_scan_date":"2025-09-19 10:58:33","breadcrumb_settings":null,"limit_modified_date":false,"open_ai":null,"ai":null,"created":"2021-03-09 02:44:43","updated":"2025-09-19 10:58:33"},"aioseo_breadcrumb":"<div class=\"aioseo-breadcrumbs\"><span class=\"aioseo-breadcrumb\">\n\t<a href=\"https:\/\/eldigitaldeasturias.com\/magazine365\" title=\"Home\">Home<\/a>\n<\/span><span class=\"aioseo-breadcrumb-separator\">\u2013<\/span><span class=\"aioseo-breadcrumb\">\n\t<a href=\"https:\/\/eldigitaldeasturias.com\/magazine365\/category\/actualidad-turismo\/\" title=\"Actualidad Turismo\">Actualidad Turismo<\/a>\n<\/span><span class=\"aioseo-breadcrumb-separator\">\u2013<\/span><span class=\"aioseo-breadcrumb\">\n\t<a href=\"https:\/\/eldigitaldeasturias.com\/magazine365\/pablo-caspers-nuevo-responsable-de-producto-aereo-de-edreams-odigeo\/\" title=\"Pablo Caspers, nuevo responsable de producto a\u00e9reo de eDreams Odigeo\">Pablo Caspers, nuevo responsable de producto a\u00e9reo de eDreams Odigeo<\/a>\n<\/span><\/div>","aioseo_breadcrumb_json":[{"label":"Home","link":"https:\/\/eldigitaldeasturias.com\/magazine365"},{"label":"Actualidad Turismo","link":"https:\/\/eldigitaldeasturias.com\/magazine365\/category\/actualidad-turismo\/"},{"label":"Pablo Caspers, nuevo responsable de producto a\u00e9reo de eDreams Odigeo","link":"https:\/\/eldigitaldeasturias.com\/magazine365\/pablo-caspers-nuevo-responsable-de-producto-aereo-de-edreams-odigeo\/"}],"_links":{"self":[{"href":"https:\/\/eldigitaldeasturias.com\/magazine365\/wp-json\/wp\/v2\/posts\/39109","targetHints":{"allow":["GET"]}}],"collection":[{"href":"https:\/\/eldigitaldeasturias.com\/magazine365\/wp-json\/wp\/v2\/posts"}],"about":[{"href":"https:\/\/eldigitaldeasturias.com\/magazine365\/wp-json\/wp\/v2\/types\/post"}],"author":[{"embeddable":true,"href":"https:\/\/eldigitaldeasturias.com\/magazine365\/wp-json\/wp\/v2\/users\/1"}],"replies":[{"embeddable":true,"href":"https:\/\/eldigitaldeasturias.com\/magazine365\/wp-json\/wp\/v2\/comments?post=39109"}],"version-history":[{"count":0,"href":"https:\/\/eldigitaldeasturias.com\/magazine365\/wp-json\/wp\/v2\/posts\/39109\/revisions"}],"wp:featuredmedia":[{"embeddable":true,"href":"https:\/\/eldigitaldeasturias.com\/magazine365\/wp-json\/wp\/v2\/media\/39110"}],"wp:attachment":[{"href":"https:\/\/eldigitaldeasturias.com\/magazine365\/wp-json\/wp\/v2\/media?parent=39109"}],"wp:term":[{"taxonomy":"category","embeddable":true,"href":"https:\/\/eldigitaldeasturias.com\/magazine365\/wp-json\/wp\/v2\/categories?post=39109"},{"taxonomy":"post_tag","embeddable":true,"href":"https:\/\/eldigitaldeasturias.com\/magazine365\/wp-json\/wp\/v2\/tags?post=39109"}],"curies":[{"name":"wp","href":"https:\/\/api.w.org\/{rel}","templated":true}]}}