{"id":39094,"date":"2015-06-09T03:24:19","date_gmt":"2015-06-09T01:54:19","guid":{"rendered":"http:\/\/eldigitaldeasturias.com\/magazine365\/?p=39094"},"modified":"2015-06-09T03:24:19","modified_gmt":"2015-06-09T01:54:19","slug":"goldcar-inicia-una-expansion-internacional-con-la-apertura-de-oficinas-en-italia-francia-y-grecia","status":"publish","type":"post","link":"https:\/\/eldigitaldeasturias.com\/magazine365\/goldcar-inicia-una-expansion-internacional-con-la-apertura-de-oficinas-en-italia-francia-y-grecia\/","title":{"rendered":"Goldcar inicia una expansi\u00f3n internacional, con la apertura de oficinas en Italia, Francia y Grecia"},"content":{"rendered":"<p><img fetchpriority=\"high\" decoding=\"async\" class=\"alignleft size-medium wp-image-39095\" src=\"https:\/\/eldigitaldeasturias.com\/magazine365\/wp-content\/uploads\/2015\/06\/fotonoticia_20150608124028_800-360x270.jpg\" alt=\"fotonoticia_20150608124028_800\" width=\"360\" height=\"270\" srcset=\"https:\/\/eldigitaldeasturias.com\/magazine365\/wp-content\/uploads\/2015\/06\/fotonoticia_20150608124028_800-360x270.jpg 360w, https:\/\/eldigitaldeasturias.com\/magazine365\/wp-content\/uploads\/2015\/06\/fotonoticia_20150608124028_800-650x488.jpg 650w, https:\/\/eldigitaldeasturias.com\/magazine365\/wp-content\/uploads\/2015\/06\/fotonoticia_20150608124028_800-768x576.jpg 768w, https:\/\/eldigitaldeasturias.com\/magazine365\/wp-content\/uploads\/2015\/06\/fotonoticia_20150608124028_800-150x113.jpg 150w, https:\/\/eldigitaldeasturias.com\/magazine365\/wp-content\/uploads\/2015\/06\/fotonoticia_20150608124028_800-450x338.jpg 450w, https:\/\/eldigitaldeasturias.com\/magazine365\/wp-content\/uploads\/2015\/06\/fotonoticia_20150608124028_800-80x60.jpg 80w, https:\/\/eldigitaldeasturias.com\/magazine365\/wp-content\/uploads\/2015\/06\/fotonoticia_20150608124028_800-265x198.jpg 265w, https:\/\/eldigitaldeasturias.com\/magazine365\/wp-content\/uploads\/2015\/06\/fotonoticia_20150608124028_800-696x522.jpg 696w, https:\/\/eldigitaldeasturias.com\/magazine365\/wp-content\/uploads\/2015\/06\/fotonoticia_20150608124028_800-560x420.jpg 560w, https:\/\/eldigitaldeasturias.com\/magazine365\/wp-content\/uploads\/2015\/06\/fotonoticia_20150608124028_800-90x67.jpg 90w, https:\/\/eldigitaldeasturias.com\/magazine365\/wp-content\/uploads\/2015\/06\/fotonoticia_20150608124028_800-100x75.jpg 100w, https:\/\/eldigitaldeasturias.com\/magazine365\/wp-content\/uploads\/2015\/06\/fotonoticia_20150608124028_800.jpg 800w\" sizes=\"(max-width: 360px) 100vw, 360px\" \/>La empresa de alquiler de veh\u00edculos Goldcar ha iniciado un plan de expansi\u00f3n internacional, a trav\u00e9s del que, en una primera fase, abrir\u00e1 nueve nuevas oficias en Italia, Francia y Grecia, con una inversi\u00f3n de 31 millones de euros, seg\u00fan inform\u00f3 la empresa en un comunicado.<\/p>\n<p>Goldcar explic\u00f3 que, del total de nuevas instalaciones internacionales que pondr\u00e1 en marcha la firma, cuatro de ellas se situar\u00e1n las ciudades italianas de Olbia, Venecia, Palermo y Mil\u00e1n, mientras que tres estar\u00e1n en Grecia (Marsella, Burdeos y Niza) y otras tres en Grecia (Atenas y Creta).<\/p>\n<p>La compa\u00f1\u00eda explic\u00f3 que la ampliaci\u00f3n de su negocio finalizar\u00e1 durante el presente mes de junio y le permitir\u00e1 convertirse en uno de los \u00abmayores referentes\u00bb de alquiler de coches en el Mediterr\u00e1neo. Entre 2006 y 2014, la tasa de crecimiento interanual de la compa\u00f1\u00eda se situ\u00f3 en el 15%.<\/p>\n<p>El consejero delegado de Goldcar Rental, Juan Carlos Azcona, destac\u00f3 que la apuesta por la innovaci\u00f3n y por un cuidado servicio al cliente \u00abhan hecho de Goldcar un referente en el mercado europeo del alquiler de veh\u00edculos\u00bb.<\/p>\n<p>\u00abEs un orgullo seguir ampliando el radio de acci\u00f3n de la compa\u00f1\u00eda con estas nuevas aperturas y apoyar, en la medida de lo posible, el desarrollo del turismo y la movilidad en los pa\u00edses mediterr\u00e1neos\u00bb, subray\u00f3.<\/p>\n<p>Las nuevas oficinas que abrir\u00e1 la empresa en Italia, Francia y Grecia se sumar\u00e1n a las 53 instalaciones que mantiene la compa\u00f1\u00eda en Espa\u00f1a, Italia, Portugal, Malta, Andorra y tambi\u00e9n en el mercado marroqu\u00ed.<\/p>\n","protected":false},"excerpt":{"rendered":"<p>La empresa de alquiler de veh\u00edculos Goldcar ha iniciado un plan de expansi\u00f3n internacional, a trav\u00e9s del que, en una primera fase, abrir\u00e1 nueve nuevas oficias en Italia, Francia y Grecia, con una inversi\u00f3n de 31 millones de euros, seg\u00fan inform\u00f3 la empresa en un comunicado. Goldcar explic\u00f3 que, del total de nuevas instalaciones internacionales<\/p>\n","protected":false},"author":1,"featured_media":39095,"comment_status":"open","ping_status":"closed","sticky":false,"template":"","format":"standard","meta":{"footnotes":""},"categories":[222],"tags":[],"class_list":{"0":"post-39094","1":"post","2":"type-post","3":"status-publish","4":"format-standard","5":"has-post-thumbnail","7":"category-actualidad-turismo"},"aioseo_notices":[],"aioseo_head":"\n\t\t<!-- All in One SEO Pro 4.9.6.1 - aioseo.com -->\n\t<meta name=\"description\" content=\"La empresa de alquiler de veh\u00edculos Goldcar ha iniciado un plan de expansi\u00f3n internacional, a trav\u00e9s del que, en una primera fase, abrir\u00e1 nueve nuevas oficias en Italia, Francia y Grecia, con una inversi\u00f3n de 31 millones de euros, seg\u00fan inform\u00f3 la empresa en un comunicado. Goldcar explic\u00f3 que, del total de nuevas instalaciones internacionales\" \/>\n\t<meta name=\"robots\" content=\"max-image-preview:large\" \/>\n\t<meta name=\"author\" content=\"admin\"\/>\n\t<meta name=\"google-site-verification\" content=\"UA-38556648-1\" \/>\n\t<meta name=\"keywords\" content=\"actualidad turismo\" \/>\n\t<link rel=\"canonical\" href=\"https:\/\/eldigitaldeasturias.com\/magazine365\/goldcar-inicia-una-expansion-internacional-con-la-apertura-de-oficinas-en-italia-francia-y-grecia\/\" \/>\n\t<meta name=\"generator\" content=\"All in One SEO Pro (AIOSEO) 4.9.6.1\" \/>\n\t\t<meta property=\"og:locale\" content=\"es_ES\" \/>\n\t\t<meta property=\"og:site_name\" content=\"El Digital de Asturias \u2013 Revista de ocio, turismo y estilo de vida\" \/>\n\t\t<meta property=\"og:type\" content=\"article\" \/>\n\t\t<meta property=\"og:title\" content=\"Goldcar inicia una expansi\u00f3n internacional, con la apertura de oficinas en Italia, Francia y Grecia | El Digital de Asturias\" \/>\n\t\t<meta property=\"og:description\" content=\"La empresa de alquiler de veh\u00edculos Goldcar ha iniciado un plan de expansi\u00f3n internacional, a trav\u00e9s del que, en una primera fase, abrir\u00e1 nueve nuevas oficias en Italia, Francia y Grecia, con una inversi\u00f3n de 31 millones de euros, seg\u00fan inform\u00f3 la empresa en un comunicado. Goldcar explic\u00f3 que, del total de nuevas instalaciones internacionales\" \/>\n\t\t<meta property=\"og:url\" content=\"https:\/\/eldigitaldeasturias.com\/magazine365\/goldcar-inicia-una-expansion-internacional-con-la-apertura-de-oficinas-en-italia-francia-y-grecia\/\" \/>\n\t\t<meta property=\"og:image\" content=\"https:\/\/eldigitaldeasturias.com\/magazine365\/wp-content\/uploads\/2015\/06\/fotonoticia_20150608124028_800.jpg\" \/>\n\t\t<meta property=\"og:image:secure_url\" content=\"https:\/\/eldigitaldeasturias.com\/magazine365\/wp-content\/uploads\/2015\/06\/fotonoticia_20150608124028_800.jpg\" \/>\n\t\t<meta property=\"og:image:width\" content=\"800\" \/>\n\t\t<meta property=\"og:image:height\" content=\"600\" \/>\n\t\t<meta property=\"article:published_time\" content=\"2015-06-09T01:54:19+00:00\" \/>\n\t\t<meta property=\"article:modified_time\" content=\"2015-06-09T01:54:19+00:00\" \/>\n\t\t<meta name=\"twitter:card\" content=\"summary_large_image\" \/>\n\t\t<meta name=\"twitter:title\" content=\"Goldcar inicia una expansi\u00f3n internacional, con la apertura de oficinas en Italia, Francia y Grecia | El Digital de Asturias\" \/>\n\t\t<meta name=\"twitter:description\" content=\"La empresa de alquiler de veh\u00edculos Goldcar ha iniciado un plan de expansi\u00f3n internacional, a trav\u00e9s del que, en una primera fase, abrir\u00e1 nueve nuevas oficias en Italia, Francia y Grecia, con una inversi\u00f3n de 31 millones de euros, seg\u00fan inform\u00f3 la empresa en un comunicado. Goldcar explic\u00f3 que, del total de nuevas instalaciones internacionales\" \/>\n\t\t<meta name=\"twitter:image\" content=\"https:\/\/eldigitaldeasturias.com\/magazine365\/wp-content\/uploads\/2015\/06\/fotonoticia_20150608124028_800.jpg\" \/>\n\t\t<script type=\"application\/ld+json\" class=\"aioseo-schema\">\n\t\t\t{\"@context\":\"https:\\\/\\\/schema.org\",\"@graph\":[{\"@type\":\"Article\",\"@id\":\"https:\\\/\\\/eldigitaldeasturias.com\\\/magazine365\\\/goldcar-inicia-una-expansion-internacional-con-la-apertura-de-oficinas-en-italia-francia-y-grecia\\\/#article\",\"name\":\"Goldcar inicia una expansi\\u00f3n internacional, con la apertura de oficinas en Italia, Francia y Grecia | El Digital de Asturias\",\"headline\":\"Goldcar inicia una expansi\\u00f3n internacional, con la apertura de oficinas en Italia, Francia y Grecia\",\"author\":{\"@id\":\"https:\\\/\\\/eldigitaldeasturias.com\\\/magazine365\\\/author\\\/admin\\\/#author\"},\"publisher\":{\"@id\":\"https:\\\/\\\/eldigitaldeasturias.com\\\/magazine365\\\/#organization\"},\"image\":{\"@type\":\"ImageObject\",\"url\":\"https:\\\/\\\/eldigitaldeasturias.com\\\/magazine365\\\/wp-content\\\/uploads\\\/2015\\\/06\\\/fotonoticia_20150608124028_800.jpg\",\"width\":800,\"height\":600},\"datePublished\":\"2015-06-09T03:24:19+02:00\",\"dateModified\":\"2015-06-09T03:24:19+02:00\",\"inLanguage\":\"es-ES\",\"mainEntityOfPage\":{\"@id\":\"https:\\\/\\\/eldigitaldeasturias.com\\\/magazine365\\\/goldcar-inicia-una-expansion-internacional-con-la-apertura-de-oficinas-en-italia-francia-y-grecia\\\/#webpage\"},\"isPartOf\":{\"@id\":\"https:\\\/\\\/eldigitaldeasturias.com\\\/magazine365\\\/goldcar-inicia-una-expansion-internacional-con-la-apertura-de-oficinas-en-italia-francia-y-grecia\\\/#webpage\"},\"articleSection\":\"Actualidad Turismo\"},{\"@type\":\"BreadcrumbList\",\"@id\":\"https:\\\/\\\/eldigitaldeasturias.com\\\/magazine365\\\/goldcar-inicia-una-expansion-internacional-con-la-apertura-de-oficinas-en-italia-francia-y-grecia\\\/#breadcrumblist\",\"itemListElement\":[{\"@type\":\"ListItem\",\"@id\":\"https:\\\/\\\/eldigitaldeasturias.com\\\/magazine365#listItem\",\"position\":1,\"name\":\"Home\",\"item\":\"https:\\\/\\\/eldigitaldeasturias.com\\\/magazine365\",\"nextItem\":{\"@type\":\"ListItem\",\"@id\":\"https:\\\/\\\/eldigitaldeasturias.com\\\/magazine365\\\/category\\\/actualidad-turismo\\\/#listItem\",\"name\":\"Actualidad Turismo\"}},{\"@type\":\"ListItem\",\"@id\":\"https:\\\/\\\/eldigitaldeasturias.com\\\/magazine365\\\/category\\\/actualidad-turismo\\\/#listItem\",\"position\":2,\"name\":\"Actualidad Turismo\",\"item\":\"https:\\\/\\\/eldigitaldeasturias.com\\\/magazine365\\\/category\\\/actualidad-turismo\\\/\",\"nextItem\":{\"@type\":\"ListItem\",\"@id\":\"https:\\\/\\\/eldigitaldeasturias.com\\\/magazine365\\\/goldcar-inicia-una-expansion-internacional-con-la-apertura-de-oficinas-en-italia-francia-y-grecia\\\/#listItem\",\"name\":\"Goldcar inicia una expansi\\u00f3n internacional, con la apertura de oficinas en Italia, Francia y Grecia\"},\"previousItem\":{\"@type\":\"ListItem\",\"@id\":\"https:\\\/\\\/eldigitaldeasturias.com\\\/magazine365#listItem\",\"name\":\"Home\"}},{\"@type\":\"ListItem\",\"@id\":\"https:\\\/\\\/eldigitaldeasturias.com\\\/magazine365\\\/goldcar-inicia-una-expansion-internacional-con-la-apertura-de-oficinas-en-italia-francia-y-grecia\\\/#listItem\",\"position\":3,\"name\":\"Goldcar inicia una expansi\\u00f3n internacional, con la apertura de oficinas en Italia, Francia y Grecia\",\"previousItem\":{\"@type\":\"ListItem\",\"@id\":\"https:\\\/\\\/eldigitaldeasturias.com\\\/magazine365\\\/category\\\/actualidad-turismo\\\/#listItem\",\"name\":\"Actualidad Turismo\"}}]},{\"@type\":\"Organization\",\"@id\":\"https:\\\/\\\/eldigitaldeasturias.com\\\/magazine365\\\/#organization\",\"name\":\"El digital de Asturias\",\"description\":\"Revista de ocio, turismo y estilo de vida\",\"url\":\"https:\\\/\\\/eldigitaldeasturias.com\\\/magazine365\\\/\",\"logo\":{\"@type\":\"ImageObject\",\"url\":\"https:\\\/\\\/www.eldigitaldeasturias.com\\\/noticias\\\/wp-content\\\/uploads\\\/2020\\\/12\\\/EDA.jpg\",\"@id\":\"https:\\\/\\\/eldigitaldeasturias.com\\\/magazine365\\\/goldcar-inicia-una-expansion-internacional-con-la-apertura-de-oficinas-en-italia-francia-y-grecia\\\/#organizationLogo\"},\"image\":{\"@id\":\"https:\\\/\\\/eldigitaldeasturias.com\\\/magazine365\\\/goldcar-inicia-una-expansion-internacional-con-la-apertura-de-oficinas-en-italia-francia-y-grecia\\\/#organizationLogo\"}},{\"@type\":\"Person\",\"@id\":\"https:\\\/\\\/eldigitaldeasturias.com\\\/magazine365\\\/author\\\/admin\\\/#author\",\"url\":\"https:\\\/\\\/eldigitaldeasturias.com\\\/magazine365\\\/author\\\/admin\\\/\",\"name\":\"admin\",\"image\":{\"@type\":\"ImageObject\",\"@id\":\"https:\\\/\\\/eldigitaldeasturias.com\\\/magazine365\\\/goldcar-inicia-una-expansion-internacional-con-la-apertura-de-oficinas-en-italia-francia-y-grecia\\\/#authorImage\",\"url\":\"https:\\\/\\\/eldigitaldeasturias.com\\\/magazine365\\\/wp-content\\\/litespeed\\\/avatar\\\/e571bcf59a0edd6fa6838245a470f2fe.jpg?ver=1776969259\",\"width\":96,\"height\":96,\"caption\":\"admin\"}},{\"@type\":\"WebPage\",\"@id\":\"https:\\\/\\\/eldigitaldeasturias.com\\\/magazine365\\\/goldcar-inicia-una-expansion-internacional-con-la-apertura-de-oficinas-en-italia-francia-y-grecia\\\/#webpage\",\"url\":\"https:\\\/\\\/eldigitaldeasturias.com\\\/magazine365\\\/goldcar-inicia-una-expansion-internacional-con-la-apertura-de-oficinas-en-italia-francia-y-grecia\\\/\",\"name\":\"Goldcar inicia una expansi\\u00f3n internacional, con la apertura de oficinas en Italia, Francia y Grecia | El Digital de Asturias\",\"description\":\"La empresa de alquiler de veh\\u00edculos Goldcar ha iniciado un plan de expansi\\u00f3n internacional, a trav\\u00e9s del que, en una primera fase, abrir\\u00e1 nueve nuevas oficias en Italia, Francia y Grecia, con una inversi\\u00f3n de 31 millones de euros, seg\\u00fan inform\\u00f3 la empresa en un comunicado. Goldcar explic\\u00f3 que, del total de nuevas instalaciones internacionales\",\"inLanguage\":\"es-ES\",\"isPartOf\":{\"@id\":\"https:\\\/\\\/eldigitaldeasturias.com\\\/magazine365\\\/#website\"},\"breadcrumb\":{\"@id\":\"https:\\\/\\\/eldigitaldeasturias.com\\\/magazine365\\\/goldcar-inicia-una-expansion-internacional-con-la-apertura-de-oficinas-en-italia-francia-y-grecia\\\/#breadcrumblist\"},\"author\":{\"@id\":\"https:\\\/\\\/eldigitaldeasturias.com\\\/magazine365\\\/author\\\/admin\\\/#author\"},\"creator\":{\"@id\":\"https:\\\/\\\/eldigitaldeasturias.com\\\/magazine365\\\/author\\\/admin\\\/#author\"},\"image\":{\"@type\":\"ImageObject\",\"url\":\"https:\\\/\\\/eldigitaldeasturias.com\\\/magazine365\\\/wp-content\\\/uploads\\\/2015\\\/06\\\/fotonoticia_20150608124028_800.jpg\",\"@id\":\"https:\\\/\\\/eldigitaldeasturias.com\\\/magazine365\\\/goldcar-inicia-una-expansion-internacional-con-la-apertura-de-oficinas-en-italia-francia-y-grecia\\\/#mainImage\",\"width\":800,\"height\":600},\"primaryImageOfPage\":{\"@id\":\"https:\\\/\\\/eldigitaldeasturias.com\\\/magazine365\\\/goldcar-inicia-una-expansion-internacional-con-la-apertura-de-oficinas-en-italia-francia-y-grecia\\\/#mainImage\"},\"datePublished\":\"2015-06-09T03:24:19+02:00\",\"dateModified\":\"2015-06-09T03:24:19+02:00\"},{\"@type\":\"WebSite\",\"@id\":\"https:\\\/\\\/eldigitaldeasturias.com\\\/magazine365\\\/#website\",\"url\":\"https:\\\/\\\/eldigitaldeasturias.com\\\/magazine365\\\/\",\"name\":\"El Digital de Asturias\",\"description\":\"Revista de ocio, turismo y estilo de vida\",\"inLanguage\":\"es-ES\",\"publisher\":{\"@id\":\"https:\\\/\\\/eldigitaldeasturias.com\\\/magazine365\\\/#organization\"}}]}\n\t\t<\/script>\n\t\t<!-- All in One SEO Pro -->\r\n\t\t<title>Goldcar inicia una expansi\u00f3n internacional, con la apertura de oficinas en Italia, Francia y Grecia | El Digital de Asturias<\/title>\n\n","aioseo_head_json":{"title":"Goldcar inicia una expansi\u00f3n internacional, con la apertura de oficinas en Italia, Francia y Grecia | El Digital de Asturias","description":"La empresa de alquiler de veh\u00edculos Goldcar ha iniciado un plan de expansi\u00f3n internacional, a trav\u00e9s del que, en una primera fase, abrir\u00e1 nueve nuevas oficias en Italia, Francia y Grecia, con una inversi\u00f3n de 31 millones de euros, seg\u00fan inform\u00f3 la empresa en un comunicado. Goldcar explic\u00f3 que, del total de nuevas instalaciones internacionales","canonical_url":"https:\/\/eldigitaldeasturias.com\/magazine365\/goldcar-inicia-una-expansion-internacional-con-la-apertura-de-oficinas-en-italia-francia-y-grecia\/","robots":"max-image-preview:large","keywords":"actualidad turismo","webmasterTools":{"google-site-verification":"UA-38556648-1","miscellaneous":""},"schema":{"@context":"https:\/\/schema.org","@graph":[{"@type":"Article","@id":"https:\/\/eldigitaldeasturias.com\/magazine365\/goldcar-inicia-una-expansion-internacional-con-la-apertura-de-oficinas-en-italia-francia-y-grecia\/#article","name":"Goldcar inicia una expansi\u00f3n internacional, con la apertura de oficinas en Italia, Francia y Grecia | El Digital de Asturias","headline":"Goldcar inicia una expansi\u00f3n internacional, con la apertura de oficinas en Italia, Francia y Grecia","author":{"@id":"https:\/\/eldigitaldeasturias.com\/magazine365\/author\/admin\/#author"},"publisher":{"@id":"https:\/\/eldigitaldeasturias.com\/magazine365\/#organization"},"image":{"@type":"ImageObject","url":"https:\/\/eldigitaldeasturias.com\/magazine365\/wp-content\/uploads\/2015\/06\/fotonoticia_20150608124028_800.jpg","width":800,"height":600},"datePublished":"2015-06-09T03:24:19+02:00","dateModified":"2015-06-09T03:24:19+02:00","inLanguage":"es-ES","mainEntityOfPage":{"@id":"https:\/\/eldigitaldeasturias.com\/magazine365\/goldcar-inicia-una-expansion-internacional-con-la-apertura-de-oficinas-en-italia-francia-y-grecia\/#webpage"},"isPartOf":{"@id":"https:\/\/eldigitaldeasturias.com\/magazine365\/goldcar-inicia-una-expansion-internacional-con-la-apertura-de-oficinas-en-italia-francia-y-grecia\/#webpage"},"articleSection":"Actualidad Turismo"},{"@type":"BreadcrumbList","@id":"https:\/\/eldigitaldeasturias.com\/magazine365\/goldcar-inicia-una-expansion-internacional-con-la-apertura-de-oficinas-en-italia-francia-y-grecia\/#breadcrumblist","itemListElement":[{"@type":"ListItem","@id":"https:\/\/eldigitaldeasturias.com\/magazine365#listItem","position":1,"name":"Home","item":"https:\/\/eldigitaldeasturias.com\/magazine365","nextItem":{"@type":"ListItem","@id":"https:\/\/eldigitaldeasturias.com\/magazine365\/category\/actualidad-turismo\/#listItem","name":"Actualidad Turismo"}},{"@type":"ListItem","@id":"https:\/\/eldigitaldeasturias.com\/magazine365\/category\/actualidad-turismo\/#listItem","position":2,"name":"Actualidad Turismo","item":"https:\/\/eldigitaldeasturias.com\/magazine365\/category\/actualidad-turismo\/","nextItem":{"@type":"ListItem","@id":"https:\/\/eldigitaldeasturias.com\/magazine365\/goldcar-inicia-una-expansion-internacional-con-la-apertura-de-oficinas-en-italia-francia-y-grecia\/#listItem","name":"Goldcar inicia una expansi\u00f3n internacional, con la apertura de oficinas en Italia, Francia y Grecia"},"previousItem":{"@type":"ListItem","@id":"https:\/\/eldigitaldeasturias.com\/magazine365#listItem","name":"Home"}},{"@type":"ListItem","@id":"https:\/\/eldigitaldeasturias.com\/magazine365\/goldcar-inicia-una-expansion-internacional-con-la-apertura-de-oficinas-en-italia-francia-y-grecia\/#listItem","position":3,"name":"Goldcar inicia una expansi\u00f3n internacional, con la apertura de oficinas en Italia, Francia y Grecia","previousItem":{"@type":"ListItem","@id":"https:\/\/eldigitaldeasturias.com\/magazine365\/category\/actualidad-turismo\/#listItem","name":"Actualidad Turismo"}}]},{"@type":"Organization","@id":"https:\/\/eldigitaldeasturias.com\/magazine365\/#organization","name":"El digital de Asturias","description":"Revista de ocio, turismo y estilo de vida","url":"https:\/\/eldigitaldeasturias.com\/magazine365\/","logo":{"@type":"ImageObject","url":"https:\/\/www.eldigitaldeasturias.com\/noticias\/wp-content\/uploads\/2020\/12\/EDA.jpg","@id":"https:\/\/eldigitaldeasturias.com\/magazine365\/goldcar-inicia-una-expansion-internacional-con-la-apertura-de-oficinas-en-italia-francia-y-grecia\/#organizationLogo"},"image":{"@id":"https:\/\/eldigitaldeasturias.com\/magazine365\/goldcar-inicia-una-expansion-internacional-con-la-apertura-de-oficinas-en-italia-francia-y-grecia\/#organizationLogo"}},{"@type":"Person","@id":"https:\/\/eldigitaldeasturias.com\/magazine365\/author\/admin\/#author","url":"https:\/\/eldigitaldeasturias.com\/magazine365\/author\/admin\/","name":"admin","image":{"@type":"ImageObject","@id":"https:\/\/eldigitaldeasturias.com\/magazine365\/goldcar-inicia-una-expansion-internacional-con-la-apertura-de-oficinas-en-italia-francia-y-grecia\/#authorImage","url":"https:\/\/eldigitaldeasturias.com\/magazine365\/wp-content\/litespeed\/avatar\/e571bcf59a0edd6fa6838245a470f2fe.jpg?ver=1776969259","width":96,"height":96,"caption":"admin"}},{"@type":"WebPage","@id":"https:\/\/eldigitaldeasturias.com\/magazine365\/goldcar-inicia-una-expansion-internacional-con-la-apertura-de-oficinas-en-italia-francia-y-grecia\/#webpage","url":"https:\/\/eldigitaldeasturias.com\/magazine365\/goldcar-inicia-una-expansion-internacional-con-la-apertura-de-oficinas-en-italia-francia-y-grecia\/","name":"Goldcar inicia una expansi\u00f3n internacional, con la apertura de oficinas en Italia, Francia y Grecia | El Digital de Asturias","description":"La empresa de alquiler de veh\u00edculos Goldcar ha iniciado un plan de expansi\u00f3n internacional, a trav\u00e9s del que, en una primera fase, abrir\u00e1 nueve nuevas oficias en Italia, Francia y Grecia, con una inversi\u00f3n de 31 millones de euros, seg\u00fan inform\u00f3 la empresa en un comunicado. Goldcar explic\u00f3 que, del total de nuevas instalaciones internacionales","inLanguage":"es-ES","isPartOf":{"@id":"https:\/\/eldigitaldeasturias.com\/magazine365\/#website"},"breadcrumb":{"@id":"https:\/\/eldigitaldeasturias.com\/magazine365\/goldcar-inicia-una-expansion-internacional-con-la-apertura-de-oficinas-en-italia-francia-y-grecia\/#breadcrumblist"},"author":{"@id":"https:\/\/eldigitaldeasturias.com\/magazine365\/author\/admin\/#author"},"creator":{"@id":"https:\/\/eldigitaldeasturias.com\/magazine365\/author\/admin\/#author"},"image":{"@type":"ImageObject","url":"https:\/\/eldigitaldeasturias.com\/magazine365\/wp-content\/uploads\/2015\/06\/fotonoticia_20150608124028_800.jpg","@id":"https:\/\/eldigitaldeasturias.com\/magazine365\/goldcar-inicia-una-expansion-internacional-con-la-apertura-de-oficinas-en-italia-francia-y-grecia\/#mainImage","width":800,"height":600},"primaryImageOfPage":{"@id":"https:\/\/eldigitaldeasturias.com\/magazine365\/goldcar-inicia-una-expansion-internacional-con-la-apertura-de-oficinas-en-italia-francia-y-grecia\/#mainImage"},"datePublished":"2015-06-09T03:24:19+02:00","dateModified":"2015-06-09T03:24:19+02:00"},{"@type":"WebSite","@id":"https:\/\/eldigitaldeasturias.com\/magazine365\/#website","url":"https:\/\/eldigitaldeasturias.com\/magazine365\/","name":"El Digital de Asturias","description":"Revista de ocio, turismo y estilo de vida","inLanguage":"es-ES","publisher":{"@id":"https:\/\/eldigitaldeasturias.com\/magazine365\/#organization"}}]},"og:locale":"es_ES","og:site_name":"El Digital de Asturias \u2013 Revista de ocio, turismo y estilo de vida","og:type":"article","og:title":"Goldcar inicia una expansi\u00f3n internacional, con la apertura de oficinas en Italia, Francia y Grecia | El Digital de Asturias","og:description":"La empresa de alquiler de veh\u00edculos Goldcar ha iniciado un plan de expansi\u00f3n internacional, a trav\u00e9s del que, en una primera fase, abrir\u00e1 nueve nuevas oficias en Italia, Francia y Grecia, con una inversi\u00f3n de 31 millones de euros, seg\u00fan inform\u00f3 la empresa en un comunicado. Goldcar explic\u00f3 que, del total de nuevas instalaciones internacionales","og:url":"https:\/\/eldigitaldeasturias.com\/magazine365\/goldcar-inicia-una-expansion-internacional-con-la-apertura-de-oficinas-en-italia-francia-y-grecia\/","og:image":"https:\/\/eldigitaldeasturias.com\/magazine365\/wp-content\/uploads\/2015\/06\/fotonoticia_20150608124028_800.jpg","og:image:secure_url":"https:\/\/eldigitaldeasturias.com\/magazine365\/wp-content\/uploads\/2015\/06\/fotonoticia_20150608124028_800.jpg","og:image:width":800,"og:image:height":600,"article:published_time":"2015-06-09T01:54:19+00:00","article:modified_time":"2015-06-09T01:54:19+00:00","twitter:card":"summary_large_image","twitter:title":"Goldcar inicia una expansi\u00f3n internacional, con la apertura de oficinas en Italia, Francia y Grecia | El Digital de Asturias","twitter:description":"La empresa de alquiler de veh\u00edculos Goldcar ha iniciado un plan de expansi\u00f3n internacional, a trav\u00e9s del que, en una primera fase, abrir\u00e1 nueve nuevas oficias en Italia, Francia y Grecia, con una inversi\u00f3n de 31 millones de euros, seg\u00fan inform\u00f3 la empresa en un comunicado. Goldcar explic\u00f3 que, del total de nuevas instalaciones internacionales","twitter:image":"https:\/\/eldigitaldeasturias.com\/magazine365\/wp-content\/uploads\/2015\/06\/fotonoticia_20150608124028_800.jpg"},"aioseo_meta_data":{"post_id":"39094","title":null,"description":null,"keywords":null,"keyphrases":null,"primary_term":null,"canonical_url":null,"og_title":null,"og_description":null,"og_object_type":"default","og_image_type":"default","og_image_url":null,"og_image_width":null,"og_image_height":null,"og_image_custom_url":null,"og_image_custom_fields":null,"og_video":null,"og_custom_url":null,"og_article_section":null,"og_article_tags":null,"twitter_use_og":false,"twitter_card":"default","twitter_image_type":"default","twitter_image_url":null,"twitter_image_custom_url":null,"twitter_image_custom_fields":null,"twitter_title":null,"twitter_description":null,"schema":{"blockGraphs":[],"customGraphs":[],"default":{"data":{"Article":[],"Course":[],"Dataset":[],"FAQPage":[],"Movie":[],"Person":[],"Product":[],"ProductReview":[],"Car":[],"Recipe":[],"Service":[],"SoftwareApplication":[],"WebPage":[]},"graphName":"","isEnabled":true},"graphs":[],"defaultGraph":"","defaultPostTypeGraph":""},"schema_type":null,"schema_type_options":null,"pillar_content":false,"robots_default":true,"robots_noindex":false,"robots_noarchive":false,"robots_nosnippet":false,"robots_nofollow":false,"robots_noimageindex":false,"robots_noodp":false,"robots_notranslate":false,"robots_max_snippet":null,"robots_max_videopreview":null,"robots_max_imagepreview":"large","priority":null,"frequency":null,"location":null,"local_seo":null,"seo_analyzer_scan_date":"2025-09-19 10:55:57","breadcrumb_settings":null,"limit_modified_date":false,"open_ai":null,"ai":null,"created":"2021-03-09 02:45:40","updated":"2025-09-19 10:55:57"},"aioseo_breadcrumb":"<div class=\"aioseo-breadcrumbs\"><span class=\"aioseo-breadcrumb\">\n\t<a href=\"https:\/\/eldigitaldeasturias.com\/magazine365\" title=\"Home\">Home<\/a>\n<\/span><span class=\"aioseo-breadcrumb-separator\">\u2013<\/span><span class=\"aioseo-breadcrumb\">\n\t<a href=\"https:\/\/eldigitaldeasturias.com\/magazine365\/category\/actualidad-turismo\/\" title=\"Actualidad Turismo\">Actualidad Turismo<\/a>\n<\/span><span class=\"aioseo-breadcrumb-separator\">\u2013<\/span><span class=\"aioseo-breadcrumb\">\n\t<a href=\"https:\/\/eldigitaldeasturias.com\/magazine365\/goldcar-inicia-una-expansion-internacional-con-la-apertura-de-oficinas-en-italia-francia-y-grecia\/\" title=\"Goldcar inicia una expansi\u00f3n internacional, con la apertura de oficinas en Italia, Francia y Grecia\">Goldcar inicia una expansi\u00f3n internacional, con la apertura de oficinas en Italia, Francia y Grecia<\/a>\n<\/span><\/div>","aioseo_breadcrumb_json":[{"label":"Home","link":"https:\/\/eldigitaldeasturias.com\/magazine365"},{"label":"Actualidad Turismo","link":"https:\/\/eldigitaldeasturias.com\/magazine365\/category\/actualidad-turismo\/"},{"label":"Goldcar inicia una expansi\u00f3n internacional, con la apertura de oficinas en Italia, Francia y Grecia","link":"https:\/\/eldigitaldeasturias.com\/magazine365\/goldcar-inicia-una-expansion-internacional-con-la-apertura-de-oficinas-en-italia-francia-y-grecia\/"}],"_links":{"self":[{"href":"https:\/\/eldigitaldeasturias.com\/magazine365\/wp-json\/wp\/v2\/posts\/39094","targetHints":{"allow":["GET"]}}],"collection":[{"href":"https:\/\/eldigitaldeasturias.com\/magazine365\/wp-json\/wp\/v2\/posts"}],"about":[{"href":"https:\/\/eldigitaldeasturias.com\/magazine365\/wp-json\/wp\/v2\/types\/post"}],"author":[{"embeddable":true,"href":"https:\/\/eldigitaldeasturias.com\/magazine365\/wp-json\/wp\/v2\/users\/1"}],"replies":[{"embeddable":true,"href":"https:\/\/eldigitaldeasturias.com\/magazine365\/wp-json\/wp\/v2\/comments?post=39094"}],"version-history":[{"count":0,"href":"https:\/\/eldigitaldeasturias.com\/magazine365\/wp-json\/wp\/v2\/posts\/39094\/revisions"}],"wp:featuredmedia":[{"embeddable":true,"href":"https:\/\/eldigitaldeasturias.com\/magazine365\/wp-json\/wp\/v2\/media\/39095"}],"wp:attachment":[{"href":"https:\/\/eldigitaldeasturias.com\/magazine365\/wp-json\/wp\/v2\/media?parent=39094"}],"wp:term":[{"taxonomy":"category","embeddable":true,"href":"https:\/\/eldigitaldeasturias.com\/magazine365\/wp-json\/wp\/v2\/categories?post=39094"},{"taxonomy":"post_tag","embeddable":true,"href":"https:\/\/eldigitaldeasturias.com\/magazine365\/wp-json\/wp\/v2\/tags?post=39094"}],"curies":[{"name":"wp","href":"https:\/\/api.w.org\/{rel}","templated":true}]}}