{"id":39060,"date":"2015-06-08T17:57:47","date_gmt":"2015-06-08T16:27:47","guid":{"rendered":"http:\/\/eldigitaldeasturias.com\/magazine365\/?p=39060"},"modified":"2015-06-08T17:57:47","modified_gmt":"2015-06-08T16:27:47","slug":"el-winecantig-summer-festival-reune-25-bodegas-en-alicante","status":"publish","type":"post","link":"https:\/\/eldigitaldeasturias.com\/magazine365\/el-winecantig-summer-festival-reune-25-bodegas-en-alicante\/","title":{"rendered":"El Winecantig Summer Festival re\u00fane 25 bodegas en Alicante"},"content":{"rendered":"<p><img fetchpriority=\"high\" decoding=\"async\" class=\"alignleft size-medium wp-image-39061\" src=\"https:\/\/eldigitaldeasturias.com\/magazine365\/wp-content\/uploads\/2015\/06\/fotonoticia_20150608094335_800-360x174.jpg\" alt=\"fotonoticia_20150608094335_800\" width=\"360\" height=\"174\" srcset=\"https:\/\/eldigitaldeasturias.com\/magazine365\/wp-content\/uploads\/2015\/06\/fotonoticia_20150608094335_800-360x174.jpg 360w, https:\/\/eldigitaldeasturias.com\/magazine365\/wp-content\/uploads\/2015\/06\/fotonoticia_20150608094335_800-650x314.jpg 650w, https:\/\/eldigitaldeasturias.com\/magazine365\/wp-content\/uploads\/2015\/06\/fotonoticia_20150608094335_800-768x372.jpg 768w, https:\/\/eldigitaldeasturias.com\/magazine365\/wp-content\/uploads\/2015\/06\/fotonoticia_20150608094335_800-150x73.jpg 150w, https:\/\/eldigitaldeasturias.com\/magazine365\/wp-content\/uploads\/2015\/06\/fotonoticia_20150608094335_800-450x218.jpg 450w, https:\/\/eldigitaldeasturias.com\/magazine365\/wp-content\/uploads\/2015\/06\/fotonoticia_20150608094335_800-696x337.jpg 696w, https:\/\/eldigitaldeasturias.com\/magazine365\/wp-content\/uploads\/2015\/06\/fotonoticia_20150608094335_800.jpg 800w\" sizes=\"(max-width: 360px) 100vw, 360px\" \/>Unas 25 bodegas de la provincia de Alicante participar\u00e1n en el 83 aniversario de la Denominaci\u00f3n de Origen Protegida (DOP) Vinos de Alicante que se celebra desde este lunes en el Winecanting Summer Festival.<\/p>\n<p>Los jardines del Museo Arqueol\u00f3gico de Alicante (MARQ) reunir\u00e1n a cerca de 25 bodegas para presentar las \u00faltimas novedades de sus vinos, seg\u00fan ha destacado en un comunicado este mi\u00e9rcoles la DOP Alicante.<\/p>\n<p>Adem\u00e1s, ha subrayado que las comarcas alicantinas se han convertido en \u00abuna zona que ha sido premiada por la Gu\u00eda Pe\u00f1\u00edn de este a\u00f1o como la m\u00e1s valorada de Espa\u00f1a\u00bb, por lo que ser\u00e1 \u00abel gran momento del a\u00f1o para comprobar estas calidades y se\u00f1as de identidad\u00bb.<\/p>\n<p>Entre las bodegas presentes, estar\u00e1n Las Virtudes de Villena, Vinos de Alguenya, Parcent, Volver, Primitivo Quiles, La Bodega de Pinoso, Mendoza, MG Wines, Santa Catalina del Ma\u00f1\u00e1n, Sierra de Cabreras, Bodegas Alejandro, Vivanza o los vinos ecol\u00f3gicos de Gandia Pl\u00e1.<\/p>\n<p>La entrada es libre pero las degustaciones se realizan mediante tickets de cinco euros que incluyen copa y tres consumiciones de vinos. Se pueden adquirir en el propio MARQ o de forma anticipada en las oficinas del CRDOP Alicante, en la calle Monjas de Alicante.<\/p>\n","protected":false},"excerpt":{"rendered":"<p>Unas 25 bodegas de la provincia de Alicante participar\u00e1n en el 83 aniversario de la Denominaci\u00f3n de Origen Protegida (DOP) Vinos de Alicante que se celebra desde este lunes en el Winecanting Summer Festival. Los jardines del Museo Arqueol\u00f3gico de Alicante (MARQ) reunir\u00e1n a cerca de 25 bodegas para presentar las \u00faltimas novedades de sus<\/p>\n","protected":false},"author":1,"featured_media":39061,"comment_status":"open","ping_status":"closed","sticky":false,"template":"","format":"standard","meta":{"footnotes":""},"categories":[224],"tags":[],"class_list":{"0":"post-39060","1":"post","2":"type-post","3":"status-publish","4":"format-standard","5":"has-post-thumbnail","7":"category-noticias-actualidad"},"aioseo_notices":[],"aioseo_head":"\n\t\t<!-- All in One SEO Pro 4.9.6.1 - aioseo.com -->\n\t<meta name=\"description\" content=\"Unas 25 bodegas de la provincia de Alicante participar\u00e1n en el 83 aniversario de la Denominaci\u00f3n de Origen Protegida (DOP) Vinos de Alicante que se celebra desde este lunes en el Winecanting Summer Festival. Los jardines del Museo Arqueol\u00f3gico de Alicante (MARQ) reunir\u00e1n a cerca de 25 bodegas para presentar las \u00faltimas novedades de sus\" \/>\n\t<meta name=\"robots\" content=\"max-image-preview:large\" \/>\n\t<meta name=\"author\" content=\"admin\"\/>\n\t<meta name=\"google-site-verification\" content=\"UA-38556648-1\" \/>\n\t<meta name=\"keywords\" content=\"noticias y actualidad\" \/>\n\t<link rel=\"canonical\" href=\"https:\/\/eldigitaldeasturias.com\/magazine365\/el-winecantig-summer-festival-reune-25-bodegas-en-alicante\/\" \/>\n\t<meta name=\"generator\" content=\"All in One SEO Pro (AIOSEO) 4.9.6.1\" \/>\n\t\t<meta property=\"og:locale\" content=\"es_ES\" \/>\n\t\t<meta property=\"og:site_name\" content=\"El Digital de Asturias \u2013 Revista de ocio, turismo y estilo de vida\" \/>\n\t\t<meta property=\"og:type\" content=\"article\" \/>\n\t\t<meta property=\"og:title\" content=\"El Winecantig Summer Festival re\u00fane 25 bodegas en Alicante | El Digital de Asturias\" \/>\n\t\t<meta property=\"og:description\" content=\"Unas 25 bodegas de la provincia de Alicante participar\u00e1n en el 83 aniversario de la Denominaci\u00f3n de Origen Protegida (DOP) Vinos de Alicante que se celebra desde este lunes en el Winecanting Summer Festival. Los jardines del Museo Arqueol\u00f3gico de Alicante (MARQ) reunir\u00e1n a cerca de 25 bodegas para presentar las \u00faltimas novedades de sus\" \/>\n\t\t<meta property=\"og:url\" content=\"https:\/\/eldigitaldeasturias.com\/magazine365\/el-winecantig-summer-festival-reune-25-bodegas-en-alicante\/\" \/>\n\t\t<meta property=\"og:image\" content=\"https:\/\/eldigitaldeasturias.com\/magazine365\/wp-content\/uploads\/2015\/06\/fotonoticia_20150608094335_800.jpg\" \/>\n\t\t<meta property=\"og:image:secure_url\" content=\"https:\/\/eldigitaldeasturias.com\/magazine365\/wp-content\/uploads\/2015\/06\/fotonoticia_20150608094335_800.jpg\" \/>\n\t\t<meta property=\"og:image:width\" content=\"800\" \/>\n\t\t<meta property=\"og:image:height\" content=\"387\" \/>\n\t\t<meta property=\"article:published_time\" content=\"2015-06-08T16:27:47+00:00\" \/>\n\t\t<meta property=\"article:modified_time\" content=\"2015-06-08T16:27:47+00:00\" \/>\n\t\t<meta name=\"twitter:card\" content=\"summary_large_image\" \/>\n\t\t<meta name=\"twitter:title\" content=\"El Winecantig Summer Festival re\u00fane 25 bodegas en Alicante | El Digital de Asturias\" \/>\n\t\t<meta name=\"twitter:description\" content=\"Unas 25 bodegas de la provincia de Alicante participar\u00e1n en el 83 aniversario de la Denominaci\u00f3n de Origen Protegida (DOP) Vinos de Alicante que se celebra desde este lunes en el Winecanting Summer Festival. Los jardines del Museo Arqueol\u00f3gico de Alicante (MARQ) reunir\u00e1n a cerca de 25 bodegas para presentar las \u00faltimas novedades de sus\" \/>\n\t\t<meta name=\"twitter:image\" content=\"https:\/\/eldigitaldeasturias.com\/magazine365\/wp-content\/uploads\/2015\/06\/fotonoticia_20150608094335_800.jpg\" \/>\n\t\t<script type=\"application\/ld+json\" class=\"aioseo-schema\">\n\t\t\t{\"@context\":\"https:\\\/\\\/schema.org\",\"@graph\":[{\"@type\":\"Article\",\"@id\":\"https:\\\/\\\/eldigitaldeasturias.com\\\/magazine365\\\/el-winecantig-summer-festival-reune-25-bodegas-en-alicante\\\/#article\",\"name\":\"El Winecantig Summer Festival re\\u00fane 25 bodegas en Alicante | El Digital de Asturias\",\"headline\":\"El Winecantig Summer Festival re\\u00fane 25 bodegas en Alicante\",\"author\":{\"@id\":\"https:\\\/\\\/eldigitaldeasturias.com\\\/magazine365\\\/author\\\/admin\\\/#author\"},\"publisher\":{\"@id\":\"https:\\\/\\\/eldigitaldeasturias.com\\\/magazine365\\\/#organization\"},\"image\":{\"@type\":\"ImageObject\",\"url\":\"https:\\\/\\\/eldigitaldeasturias.com\\\/magazine365\\\/wp-content\\\/uploads\\\/2015\\\/06\\\/fotonoticia_20150608094335_800.jpg\",\"width\":800,\"height\":387},\"datePublished\":\"2015-06-08T17:57:47+02:00\",\"dateModified\":\"2015-06-08T17:57:47+02:00\",\"inLanguage\":\"es-ES\",\"mainEntityOfPage\":{\"@id\":\"https:\\\/\\\/eldigitaldeasturias.com\\\/magazine365\\\/el-winecantig-summer-festival-reune-25-bodegas-en-alicante\\\/#webpage\"},\"isPartOf\":{\"@id\":\"https:\\\/\\\/eldigitaldeasturias.com\\\/magazine365\\\/el-winecantig-summer-festival-reune-25-bodegas-en-alicante\\\/#webpage\"},\"articleSection\":\"Noticias y Actualidad\"},{\"@type\":\"BreadcrumbList\",\"@id\":\"https:\\\/\\\/eldigitaldeasturias.com\\\/magazine365\\\/el-winecantig-summer-festival-reune-25-bodegas-en-alicante\\\/#breadcrumblist\",\"itemListElement\":[{\"@type\":\"ListItem\",\"@id\":\"https:\\\/\\\/eldigitaldeasturias.com\\\/magazine365#listItem\",\"position\":1,\"name\":\"Home\",\"item\":\"https:\\\/\\\/eldigitaldeasturias.com\\\/magazine365\",\"nextItem\":{\"@type\":\"ListItem\",\"@id\":\"https:\\\/\\\/eldigitaldeasturias.com\\\/magazine365\\\/category\\\/noticias-actualidad\\\/#listItem\",\"name\":\"Noticias y Actualidad\"}},{\"@type\":\"ListItem\",\"@id\":\"https:\\\/\\\/eldigitaldeasturias.com\\\/magazine365\\\/category\\\/noticias-actualidad\\\/#listItem\",\"position\":2,\"name\":\"Noticias y Actualidad\",\"item\":\"https:\\\/\\\/eldigitaldeasturias.com\\\/magazine365\\\/category\\\/noticias-actualidad\\\/\",\"nextItem\":{\"@type\":\"ListItem\",\"@id\":\"https:\\\/\\\/eldigitaldeasturias.com\\\/magazine365\\\/el-winecantig-summer-festival-reune-25-bodegas-en-alicante\\\/#listItem\",\"name\":\"El Winecantig Summer Festival re\\u00fane 25 bodegas en Alicante\"},\"previousItem\":{\"@type\":\"ListItem\",\"@id\":\"https:\\\/\\\/eldigitaldeasturias.com\\\/magazine365#listItem\",\"name\":\"Home\"}},{\"@type\":\"ListItem\",\"@id\":\"https:\\\/\\\/eldigitaldeasturias.com\\\/magazine365\\\/el-winecantig-summer-festival-reune-25-bodegas-en-alicante\\\/#listItem\",\"position\":3,\"name\":\"El Winecantig Summer Festival re\\u00fane 25 bodegas en Alicante\",\"previousItem\":{\"@type\":\"ListItem\",\"@id\":\"https:\\\/\\\/eldigitaldeasturias.com\\\/magazine365\\\/category\\\/noticias-actualidad\\\/#listItem\",\"name\":\"Noticias y Actualidad\"}}]},{\"@type\":\"Organization\",\"@id\":\"https:\\\/\\\/eldigitaldeasturias.com\\\/magazine365\\\/#organization\",\"name\":\"El digital de Asturias\",\"description\":\"Revista de ocio, turismo y estilo de vida\",\"url\":\"https:\\\/\\\/eldigitaldeasturias.com\\\/magazine365\\\/\",\"logo\":{\"@type\":\"ImageObject\",\"url\":\"https:\\\/\\\/www.eldigitaldeasturias.com\\\/noticias\\\/wp-content\\\/uploads\\\/2020\\\/12\\\/EDA.jpg\",\"@id\":\"https:\\\/\\\/eldigitaldeasturias.com\\\/magazine365\\\/el-winecantig-summer-festival-reune-25-bodegas-en-alicante\\\/#organizationLogo\"},\"image\":{\"@id\":\"https:\\\/\\\/eldigitaldeasturias.com\\\/magazine365\\\/el-winecantig-summer-festival-reune-25-bodegas-en-alicante\\\/#organizationLogo\"}},{\"@type\":\"Person\",\"@id\":\"https:\\\/\\\/eldigitaldeasturias.com\\\/magazine365\\\/author\\\/admin\\\/#author\",\"url\":\"https:\\\/\\\/eldigitaldeasturias.com\\\/magazine365\\\/author\\\/admin\\\/\",\"name\":\"admin\",\"image\":{\"@type\":\"ImageObject\",\"@id\":\"https:\\\/\\\/eldigitaldeasturias.com\\\/magazine365\\\/el-winecantig-summer-festival-reune-25-bodegas-en-alicante\\\/#authorImage\",\"url\":\"https:\\\/\\\/eldigitaldeasturias.com\\\/magazine365\\\/wp-content\\\/litespeed\\\/avatar\\\/e571bcf59a0edd6fa6838245a470f2fe.jpg?ver=1776969259\",\"width\":96,\"height\":96,\"caption\":\"admin\"}},{\"@type\":\"WebPage\",\"@id\":\"https:\\\/\\\/eldigitaldeasturias.com\\\/magazine365\\\/el-winecantig-summer-festival-reune-25-bodegas-en-alicante\\\/#webpage\",\"url\":\"https:\\\/\\\/eldigitaldeasturias.com\\\/magazine365\\\/el-winecantig-summer-festival-reune-25-bodegas-en-alicante\\\/\",\"name\":\"El Winecantig Summer Festival re\\u00fane 25 bodegas en Alicante | El Digital de Asturias\",\"description\":\"Unas 25 bodegas de la provincia de Alicante participar\\u00e1n en el 83 aniversario de la Denominaci\\u00f3n de Origen Protegida (DOP) Vinos de Alicante que se celebra desde este lunes en el Winecanting Summer Festival. Los jardines del Museo Arqueol\\u00f3gico de Alicante (MARQ) reunir\\u00e1n a cerca de 25 bodegas para presentar las \\u00faltimas novedades de sus\",\"inLanguage\":\"es-ES\",\"isPartOf\":{\"@id\":\"https:\\\/\\\/eldigitaldeasturias.com\\\/magazine365\\\/#website\"},\"breadcrumb\":{\"@id\":\"https:\\\/\\\/eldigitaldeasturias.com\\\/magazine365\\\/el-winecantig-summer-festival-reune-25-bodegas-en-alicante\\\/#breadcrumblist\"},\"author\":{\"@id\":\"https:\\\/\\\/eldigitaldeasturias.com\\\/magazine365\\\/author\\\/admin\\\/#author\"},\"creator\":{\"@id\":\"https:\\\/\\\/eldigitaldeasturias.com\\\/magazine365\\\/author\\\/admin\\\/#author\"},\"image\":{\"@type\":\"ImageObject\",\"url\":\"https:\\\/\\\/eldigitaldeasturias.com\\\/magazine365\\\/wp-content\\\/uploads\\\/2015\\\/06\\\/fotonoticia_20150608094335_800.jpg\",\"@id\":\"https:\\\/\\\/eldigitaldeasturias.com\\\/magazine365\\\/el-winecantig-summer-festival-reune-25-bodegas-en-alicante\\\/#mainImage\",\"width\":800,\"height\":387},\"primaryImageOfPage\":{\"@id\":\"https:\\\/\\\/eldigitaldeasturias.com\\\/magazine365\\\/el-winecantig-summer-festival-reune-25-bodegas-en-alicante\\\/#mainImage\"},\"datePublished\":\"2015-06-08T17:57:47+02:00\",\"dateModified\":\"2015-06-08T17:57:47+02:00\"},{\"@type\":\"WebSite\",\"@id\":\"https:\\\/\\\/eldigitaldeasturias.com\\\/magazine365\\\/#website\",\"url\":\"https:\\\/\\\/eldigitaldeasturias.com\\\/magazine365\\\/\",\"name\":\"El Digital de Asturias\",\"description\":\"Revista de ocio, turismo y estilo de vida\",\"inLanguage\":\"es-ES\",\"publisher\":{\"@id\":\"https:\\\/\\\/eldigitaldeasturias.com\\\/magazine365\\\/#organization\"}}]}\n\t\t<\/script>\n\t\t<!-- All in One SEO Pro -->\r\n\t\t<title>El Winecantig Summer Festival re\u00fane 25 bodegas en Alicante | El Digital de Asturias<\/title>\n\n","aioseo_head_json":{"title":"El Winecantig Summer Festival re\u00fane 25 bodegas en Alicante | El Digital de Asturias","description":"Unas 25 bodegas de la provincia de Alicante participar\u00e1n en el 83 aniversario de la Denominaci\u00f3n de Origen Protegida (DOP) Vinos de Alicante que se celebra desde este lunes en el Winecanting Summer Festival. Los jardines del Museo Arqueol\u00f3gico de Alicante (MARQ) reunir\u00e1n a cerca de 25 bodegas para presentar las \u00faltimas novedades de sus","canonical_url":"https:\/\/eldigitaldeasturias.com\/magazine365\/el-winecantig-summer-festival-reune-25-bodegas-en-alicante\/","robots":"max-image-preview:large","keywords":"noticias y actualidad","webmasterTools":{"google-site-verification":"UA-38556648-1","miscellaneous":""},"schema":{"@context":"https:\/\/schema.org","@graph":[{"@type":"Article","@id":"https:\/\/eldigitaldeasturias.com\/magazine365\/el-winecantig-summer-festival-reune-25-bodegas-en-alicante\/#article","name":"El Winecantig Summer Festival re\u00fane 25 bodegas en Alicante | El Digital de Asturias","headline":"El Winecantig Summer Festival re\u00fane 25 bodegas en Alicante","author":{"@id":"https:\/\/eldigitaldeasturias.com\/magazine365\/author\/admin\/#author"},"publisher":{"@id":"https:\/\/eldigitaldeasturias.com\/magazine365\/#organization"},"image":{"@type":"ImageObject","url":"https:\/\/eldigitaldeasturias.com\/magazine365\/wp-content\/uploads\/2015\/06\/fotonoticia_20150608094335_800.jpg","width":800,"height":387},"datePublished":"2015-06-08T17:57:47+02:00","dateModified":"2015-06-08T17:57:47+02:00","inLanguage":"es-ES","mainEntityOfPage":{"@id":"https:\/\/eldigitaldeasturias.com\/magazine365\/el-winecantig-summer-festival-reune-25-bodegas-en-alicante\/#webpage"},"isPartOf":{"@id":"https:\/\/eldigitaldeasturias.com\/magazine365\/el-winecantig-summer-festival-reune-25-bodegas-en-alicante\/#webpage"},"articleSection":"Noticias y Actualidad"},{"@type":"BreadcrumbList","@id":"https:\/\/eldigitaldeasturias.com\/magazine365\/el-winecantig-summer-festival-reune-25-bodegas-en-alicante\/#breadcrumblist","itemListElement":[{"@type":"ListItem","@id":"https:\/\/eldigitaldeasturias.com\/magazine365#listItem","position":1,"name":"Home","item":"https:\/\/eldigitaldeasturias.com\/magazine365","nextItem":{"@type":"ListItem","@id":"https:\/\/eldigitaldeasturias.com\/magazine365\/category\/noticias-actualidad\/#listItem","name":"Noticias y Actualidad"}},{"@type":"ListItem","@id":"https:\/\/eldigitaldeasturias.com\/magazine365\/category\/noticias-actualidad\/#listItem","position":2,"name":"Noticias y Actualidad","item":"https:\/\/eldigitaldeasturias.com\/magazine365\/category\/noticias-actualidad\/","nextItem":{"@type":"ListItem","@id":"https:\/\/eldigitaldeasturias.com\/magazine365\/el-winecantig-summer-festival-reune-25-bodegas-en-alicante\/#listItem","name":"El Winecantig Summer Festival re\u00fane 25 bodegas en Alicante"},"previousItem":{"@type":"ListItem","@id":"https:\/\/eldigitaldeasturias.com\/magazine365#listItem","name":"Home"}},{"@type":"ListItem","@id":"https:\/\/eldigitaldeasturias.com\/magazine365\/el-winecantig-summer-festival-reune-25-bodegas-en-alicante\/#listItem","position":3,"name":"El Winecantig Summer Festival re\u00fane 25 bodegas en Alicante","previousItem":{"@type":"ListItem","@id":"https:\/\/eldigitaldeasturias.com\/magazine365\/category\/noticias-actualidad\/#listItem","name":"Noticias y Actualidad"}}]},{"@type":"Organization","@id":"https:\/\/eldigitaldeasturias.com\/magazine365\/#organization","name":"El digital de Asturias","description":"Revista de ocio, turismo y estilo de vida","url":"https:\/\/eldigitaldeasturias.com\/magazine365\/","logo":{"@type":"ImageObject","url":"https:\/\/www.eldigitaldeasturias.com\/noticias\/wp-content\/uploads\/2020\/12\/EDA.jpg","@id":"https:\/\/eldigitaldeasturias.com\/magazine365\/el-winecantig-summer-festival-reune-25-bodegas-en-alicante\/#organizationLogo"},"image":{"@id":"https:\/\/eldigitaldeasturias.com\/magazine365\/el-winecantig-summer-festival-reune-25-bodegas-en-alicante\/#organizationLogo"}},{"@type":"Person","@id":"https:\/\/eldigitaldeasturias.com\/magazine365\/author\/admin\/#author","url":"https:\/\/eldigitaldeasturias.com\/magazine365\/author\/admin\/","name":"admin","image":{"@type":"ImageObject","@id":"https:\/\/eldigitaldeasturias.com\/magazine365\/el-winecantig-summer-festival-reune-25-bodegas-en-alicante\/#authorImage","url":"https:\/\/eldigitaldeasturias.com\/magazine365\/wp-content\/litespeed\/avatar\/e571bcf59a0edd6fa6838245a470f2fe.jpg?ver=1776969259","width":96,"height":96,"caption":"admin"}},{"@type":"WebPage","@id":"https:\/\/eldigitaldeasturias.com\/magazine365\/el-winecantig-summer-festival-reune-25-bodegas-en-alicante\/#webpage","url":"https:\/\/eldigitaldeasturias.com\/magazine365\/el-winecantig-summer-festival-reune-25-bodegas-en-alicante\/","name":"El Winecantig Summer Festival re\u00fane 25 bodegas en Alicante | El Digital de Asturias","description":"Unas 25 bodegas de la provincia de Alicante participar\u00e1n en el 83 aniversario de la Denominaci\u00f3n de Origen Protegida (DOP) Vinos de Alicante que se celebra desde este lunes en el Winecanting Summer Festival. Los jardines del Museo Arqueol\u00f3gico de Alicante (MARQ) reunir\u00e1n a cerca de 25 bodegas para presentar las \u00faltimas novedades de sus","inLanguage":"es-ES","isPartOf":{"@id":"https:\/\/eldigitaldeasturias.com\/magazine365\/#website"},"breadcrumb":{"@id":"https:\/\/eldigitaldeasturias.com\/magazine365\/el-winecantig-summer-festival-reune-25-bodegas-en-alicante\/#breadcrumblist"},"author":{"@id":"https:\/\/eldigitaldeasturias.com\/magazine365\/author\/admin\/#author"},"creator":{"@id":"https:\/\/eldigitaldeasturias.com\/magazine365\/author\/admin\/#author"},"image":{"@type":"ImageObject","url":"https:\/\/eldigitaldeasturias.com\/magazine365\/wp-content\/uploads\/2015\/06\/fotonoticia_20150608094335_800.jpg","@id":"https:\/\/eldigitaldeasturias.com\/magazine365\/el-winecantig-summer-festival-reune-25-bodegas-en-alicante\/#mainImage","width":800,"height":387},"primaryImageOfPage":{"@id":"https:\/\/eldigitaldeasturias.com\/magazine365\/el-winecantig-summer-festival-reune-25-bodegas-en-alicante\/#mainImage"},"datePublished":"2015-06-08T17:57:47+02:00","dateModified":"2015-06-08T17:57:47+02:00"},{"@type":"WebSite","@id":"https:\/\/eldigitaldeasturias.com\/magazine365\/#website","url":"https:\/\/eldigitaldeasturias.com\/magazine365\/","name":"El Digital de Asturias","description":"Revista de ocio, turismo y estilo de vida","inLanguage":"es-ES","publisher":{"@id":"https:\/\/eldigitaldeasturias.com\/magazine365\/#organization"}}]},"og:locale":"es_ES","og:site_name":"El Digital de Asturias \u2013 Revista de ocio, turismo y estilo de vida","og:type":"article","og:title":"El Winecantig Summer Festival re\u00fane 25 bodegas en Alicante | El Digital de Asturias","og:description":"Unas 25 bodegas de la provincia de Alicante participar\u00e1n en el 83 aniversario de la Denominaci\u00f3n de Origen Protegida (DOP) Vinos de Alicante que se celebra desde este lunes en el Winecanting Summer Festival. Los jardines del Museo Arqueol\u00f3gico de Alicante (MARQ) reunir\u00e1n a cerca de 25 bodegas para presentar las \u00faltimas novedades de sus","og:url":"https:\/\/eldigitaldeasturias.com\/magazine365\/el-winecantig-summer-festival-reune-25-bodegas-en-alicante\/","og:image":"https:\/\/eldigitaldeasturias.com\/magazine365\/wp-content\/uploads\/2015\/06\/fotonoticia_20150608094335_800.jpg","og:image:secure_url":"https:\/\/eldigitaldeasturias.com\/magazine365\/wp-content\/uploads\/2015\/06\/fotonoticia_20150608094335_800.jpg","og:image:width":800,"og:image:height":387,"article:published_time":"2015-06-08T16:27:47+00:00","article:modified_time":"2015-06-08T16:27:47+00:00","twitter:card":"summary_large_image","twitter:title":"El Winecantig Summer Festival re\u00fane 25 bodegas en Alicante | El Digital de Asturias","twitter:description":"Unas 25 bodegas de la provincia de Alicante participar\u00e1n en el 83 aniversario de la Denominaci\u00f3n de Origen Protegida (DOP) Vinos de Alicante que se celebra desde este lunes en el Winecanting Summer Festival. Los jardines del Museo Arqueol\u00f3gico de Alicante (MARQ) reunir\u00e1n a cerca de 25 bodegas para presentar las \u00faltimas novedades de sus","twitter:image":"https:\/\/eldigitaldeasturias.com\/magazine365\/wp-content\/uploads\/2015\/06\/fotonoticia_20150608094335_800.jpg"},"aioseo_meta_data":{"post_id":"39060","title":null,"description":null,"keywords":null,"keyphrases":null,"primary_term":null,"canonical_url":null,"og_title":null,"og_description":null,"og_object_type":"default","og_image_type":"default","og_image_url":null,"og_image_width":null,"og_image_height":null,"og_image_custom_url":null,"og_image_custom_fields":null,"og_video":null,"og_custom_url":null,"og_article_section":null,"og_article_tags":null,"twitter_use_og":false,"twitter_card":"default","twitter_image_type":"default","twitter_image_url":null,"twitter_image_custom_url":null,"twitter_image_custom_fields":null,"twitter_title":null,"twitter_description":null,"schema":{"blockGraphs":[],"customGraphs":[],"default":{"data":{"Article":[],"Course":[],"Dataset":[],"FAQPage":[],"Movie":[],"Person":[],"Product":[],"ProductReview":[],"Car":[],"Recipe":[],"Service":[],"SoftwareApplication":[],"WebPage":[]},"graphName":"","isEnabled":true},"graphs":[],"defaultGraph":"","defaultPostTypeGraph":""},"schema_type":null,"schema_type_options":null,"pillar_content":false,"robots_default":true,"robots_noindex":false,"robots_noarchive":false,"robots_nosnippet":false,"robots_nofollow":false,"robots_noimageindex":false,"robots_noodp":false,"robots_notranslate":false,"robots_max_snippet":null,"robots_max_videopreview":null,"robots_max_imagepreview":"large","priority":null,"frequency":null,"location":null,"local_seo":null,"seo_analyzer_scan_date":"2025-09-19 10:52:05","breadcrumb_settings":null,"limit_modified_date":false,"open_ai":null,"ai":null,"created":"2021-03-09 02:45:40","updated":"2025-09-19 10:52:05"},"aioseo_breadcrumb":"<div class=\"aioseo-breadcrumbs\"><span class=\"aioseo-breadcrumb\">\n\t<a href=\"https:\/\/eldigitaldeasturias.com\/magazine365\" title=\"Home\">Home<\/a>\n<\/span><span class=\"aioseo-breadcrumb-separator\">\u2013<\/span><span class=\"aioseo-breadcrumb\">\n\t<a href=\"https:\/\/eldigitaldeasturias.com\/magazine365\/category\/noticias-actualidad\/\" title=\"Noticias y Actualidad\">Noticias y Actualidad<\/a>\n<\/span><span class=\"aioseo-breadcrumb-separator\">\u2013<\/span><span class=\"aioseo-breadcrumb\">\n\t<a href=\"https:\/\/eldigitaldeasturias.com\/magazine365\/el-winecantig-summer-festival-reune-25-bodegas-en-alicante\/\" title=\"El Winecantig Summer Festival re\u00fane 25 bodegas en Alicante\">El Winecantig Summer Festival re\u00fane 25 bodegas en Alicante<\/a>\n<\/span><\/div>","aioseo_breadcrumb_json":[{"label":"Home","link":"https:\/\/eldigitaldeasturias.com\/magazine365"},{"label":"Noticias y Actualidad","link":"https:\/\/eldigitaldeasturias.com\/magazine365\/category\/noticias-actualidad\/"},{"label":"El Winecantig Summer Festival re\u00fane 25 bodegas en Alicante","link":"https:\/\/eldigitaldeasturias.com\/magazine365\/el-winecantig-summer-festival-reune-25-bodegas-en-alicante\/"}],"_links":{"self":[{"href":"https:\/\/eldigitaldeasturias.com\/magazine365\/wp-json\/wp\/v2\/posts\/39060","targetHints":{"allow":["GET"]}}],"collection":[{"href":"https:\/\/eldigitaldeasturias.com\/magazine365\/wp-json\/wp\/v2\/posts"}],"about":[{"href":"https:\/\/eldigitaldeasturias.com\/magazine365\/wp-json\/wp\/v2\/types\/post"}],"author":[{"embeddable":true,"href":"https:\/\/eldigitaldeasturias.com\/magazine365\/wp-json\/wp\/v2\/users\/1"}],"replies":[{"embeddable":true,"href":"https:\/\/eldigitaldeasturias.com\/magazine365\/wp-json\/wp\/v2\/comments?post=39060"}],"version-history":[{"count":0,"href":"https:\/\/eldigitaldeasturias.com\/magazine365\/wp-json\/wp\/v2\/posts\/39060\/revisions"}],"wp:featuredmedia":[{"embeddable":true,"href":"https:\/\/eldigitaldeasturias.com\/magazine365\/wp-json\/wp\/v2\/media\/39061"}],"wp:attachment":[{"href":"https:\/\/eldigitaldeasturias.com\/magazine365\/wp-json\/wp\/v2\/media?parent=39060"}],"wp:term":[{"taxonomy":"category","embeddable":true,"href":"https:\/\/eldigitaldeasturias.com\/magazine365\/wp-json\/wp\/v2\/categories?post=39060"},{"taxonomy":"post_tag","embeddable":true,"href":"https:\/\/eldigitaldeasturias.com\/magazine365\/wp-json\/wp\/v2\/tags?post=39060"}],"curies":[{"name":"wp","href":"https:\/\/api.w.org\/{rel}","templated":true}]}}