{"id":39042,"date":"2015-06-06T17:20:44","date_gmt":"2015-06-06T15:50:44","guid":{"rendered":"http:\/\/eldigitaldeasturias.com\/magazine365\/?p=39042"},"modified":"2015-06-06T17:20:44","modified_gmt":"2015-06-06T15:50:44","slug":"30-aniversario-de-la-marca-asturias-paraiso-natural","status":"publish","type":"post","link":"https:\/\/eldigitaldeasturias.com\/magazine365\/30-aniversario-de-la-marca-asturias-paraiso-natural\/","title":{"rendered":"30 aniversario de la marca Asturias Para\u00edso Natural"},"content":{"rendered":"<p><img fetchpriority=\"high\" decoding=\"async\" class=\"alignleft size-medium wp-image-39043\" src=\"https:\/\/eldigitaldeasturias.com\/magazine365\/wp-content\/uploads\/2015\/06\/2015_06_06-DG-Turismo-ruta-cueva-del-Pindal-2-360x239.jpg\" alt=\"2015_06_06 DG Turismo ruta cueva del Pindal 2\" width=\"360\" height=\"239\" srcset=\"https:\/\/eldigitaldeasturias.com\/magazine365\/wp-content\/uploads\/2015\/06\/2015_06_06-DG-Turismo-ruta-cueva-del-Pindal-2-360x239.jpg 360w, https:\/\/eldigitaldeasturias.com\/magazine365\/wp-content\/uploads\/2015\/06\/2015_06_06-DG-Turismo-ruta-cueva-del-Pindal-2-650x432.jpg 650w, https:\/\/eldigitaldeasturias.com\/magazine365\/wp-content\/uploads\/2015\/06\/2015_06_06-DG-Turismo-ruta-cueva-del-Pindal-2-768x511.jpg 768w, https:\/\/eldigitaldeasturias.com\/magazine365\/wp-content\/uploads\/2015\/06\/2015_06_06-DG-Turismo-ruta-cueva-del-Pindal-2-1536x1021.jpg 1536w, https:\/\/eldigitaldeasturias.com\/magazine365\/wp-content\/uploads\/2015\/06\/2015_06_06-DG-Turismo-ruta-cueva-del-Pindal-2-150x100.jpg 150w, https:\/\/eldigitaldeasturias.com\/magazine365\/wp-content\/uploads\/2015\/06\/2015_06_06-DG-Turismo-ruta-cueva-del-Pindal-2-450x299.jpg 450w, https:\/\/eldigitaldeasturias.com\/magazine365\/wp-content\/uploads\/2015\/06\/2015_06_06-DG-Turismo-ruta-cueva-del-Pindal-2-1200x798.jpg 1200w, https:\/\/eldigitaldeasturias.com\/magazine365\/wp-content\/uploads\/2015\/06\/2015_06_06-DG-Turismo-ruta-cueva-del-Pindal-2-696x463.jpg 696w, https:\/\/eldigitaldeasturias.com\/magazine365\/wp-content\/uploads\/2015\/06\/2015_06_06-DG-Turismo-ruta-cueva-del-Pindal-2-1068x710.jpg 1068w, https:\/\/eldigitaldeasturias.com\/magazine365\/wp-content\/uploads\/2015\/06\/2015_06_06-DG-Turismo-ruta-cueva-del-Pindal-2-632x420.jpg 632w, https:\/\/eldigitaldeasturias.com\/magazine365\/wp-content\/uploads\/2015\/06\/2015_06_06-DG-Turismo-ruta-cueva-del-Pindal-2-84x55.jpg 84w, https:\/\/eldigitaldeasturias.com\/magazine365\/wp-content\/uploads\/2015\/06\/2015_06_06-DG-Turismo-ruta-cueva-del-Pindal-2.jpg 2000w\" sizes=\"(max-width: 360px) 100vw, 360px\" \/>M\u00e1s de 600 personas participan hoy en las 30 excursiones por todo el territorio organizadas por la Consejer\u00eda de Econom\u00eda y Empleo con motivo de la celebraci\u00f3n del trig\u00e9simo aniversario de la marca Asturias Para\u00edso Natural.<\/p>\n<p>Bajo el t\u00edtulo 30 a\u00f1os, 30 rutas, el Principado ha dise\u00f1ado un programa de salidas de un d\u00eda que incluyen desplazamientos en autob\u00fas, visitas guiadas y actividades como la entrada a un museo o rutas de senderismo por un precio de tres euros.<\/p>\n<p>Las excursiones han partido a las 9 de la ma\u00f1ana de distintas localidades del centro, el oriente y el occidente de la comunidad, con el prop\u00f3sito de llegar a los principales enclaves y monumentos de Asturias.<\/p>\n<p>El director general de Comercio y Turismo, Julio Gonz\u00e1lez Zapico, ha participado en una de las rutas por la cueva del Pindal, en el concejo de Ribadedeva.<\/p>\n<p>Adem\u00e1s, varios equipamientos culturales como el Museo Jur\u00e1sico de Asturias (MUJA), el Parque de la Prehistoria de Teverga o el Centro de Arte Rupestre Tito Bustillo han programado tambi\u00e9n una jornada de puertas abiertas durante todo el d\u00eda.<\/p>\n<p>La celebraci\u00f3n se extiende tambi\u00e9n a las redes sociales a trav\u00e9s de las etiquetas #30rutas y #Para\u00edsoNatural.<\/p>\n<p>Esta acci\u00f3n se enmarca en el programa de actos conmemorativos del 30 aniversario de la marca Asturias Para\u00edso Natural, entre los que tambi\u00e9n figuran la campa\u00f1a online \u00bfEres millennial?, destinada a captar a turistas treinta\u00f1eros de la llamada generaci\u00f3n Millennial, el concurso de dibujo infantil As\u00ed es mi Para\u00edso Natural o la organizaci\u00f3n de escapadas y ofertas especiales.<\/p>\n","protected":false},"excerpt":{"rendered":"<p>M\u00e1s de 600 personas participan hoy en las 30 excursiones por todo el territorio organizadas por la Consejer\u00eda de Econom\u00eda y Empleo con motivo de la celebraci\u00f3n del trig\u00e9simo aniversario de la marca Asturias Para\u00edso Natural. Bajo el t\u00edtulo 30 a\u00f1os, 30 rutas, el Principado ha dise\u00f1ado un programa de salidas de un d\u00eda que<\/p>\n","protected":false},"author":1,"featured_media":39043,"comment_status":"open","ping_status":"closed","sticky":false,"template":"","format":"standard","meta":{"footnotes":""},"categories":[222],"tags":[],"class_list":{"0":"post-39042","1":"post","2":"type-post","3":"status-publish","4":"format-standard","5":"has-post-thumbnail","7":"category-actualidad-turismo"},"aioseo_notices":[],"aioseo_head":"\n\t\t<!-- All in One SEO Pro 4.9.6.1 - aioseo.com -->\n\t<meta name=\"description\" content=\"M\u00e1s de 600 personas participan hoy en las 30 excursiones por todo el territorio organizadas por la Consejer\u00eda de Econom\u00eda y Empleo con motivo de la celebraci\u00f3n del trig\u00e9simo aniversario de la marca Asturias Para\u00edso Natural. Bajo el t\u00edtulo 30 a\u00f1os, 30 rutas, el Principado ha dise\u00f1ado un programa de salidas de un d\u00eda que\" \/>\n\t<meta name=\"robots\" content=\"max-image-preview:large\" \/>\n\t<meta name=\"author\" content=\"admin\"\/>\n\t<meta name=\"google-site-verification\" content=\"UA-38556648-1\" \/>\n\t<meta name=\"keywords\" content=\"actualidad turismo\" \/>\n\t<link rel=\"canonical\" href=\"https:\/\/eldigitaldeasturias.com\/magazine365\/30-aniversario-de-la-marca-asturias-paraiso-natural\/\" \/>\n\t<meta name=\"generator\" content=\"All in One SEO Pro (AIOSEO) 4.9.6.1\" \/>\n\t\t<meta property=\"og:locale\" content=\"es_ES\" \/>\n\t\t<meta property=\"og:site_name\" content=\"El Digital de Asturias \u2013 Revista de ocio, turismo y estilo de vida\" \/>\n\t\t<meta property=\"og:type\" content=\"article\" \/>\n\t\t<meta property=\"og:title\" content=\"30 aniversario de la marca Asturias Para\u00edso Natural | El Digital de Asturias\" \/>\n\t\t<meta property=\"og:description\" content=\"M\u00e1s de 600 personas participan hoy en las 30 excursiones por todo el territorio organizadas por la Consejer\u00eda de Econom\u00eda y Empleo con motivo de la celebraci\u00f3n del trig\u00e9simo aniversario de la marca Asturias Para\u00edso Natural. Bajo el t\u00edtulo 30 a\u00f1os, 30 rutas, el Principado ha dise\u00f1ado un programa de salidas de un d\u00eda que\" \/>\n\t\t<meta property=\"og:url\" content=\"https:\/\/eldigitaldeasturias.com\/magazine365\/30-aniversario-de-la-marca-asturias-paraiso-natural\/\" \/>\n\t\t<meta property=\"og:image\" content=\"https:\/\/eldigitaldeasturias.com\/magazine365\/wp-content\/uploads\/2015\/06\/2015_06_06-DG-Turismo-ruta-cueva-del-Pindal-2.jpg\" \/>\n\t\t<meta property=\"og:image:secure_url\" content=\"https:\/\/eldigitaldeasturias.com\/magazine365\/wp-content\/uploads\/2015\/06\/2015_06_06-DG-Turismo-ruta-cueva-del-Pindal-2.jpg\" \/>\n\t\t<meta property=\"og:image:width\" content=\"2000\" \/>\n\t\t<meta property=\"og:image:height\" content=\"1330\" \/>\n\t\t<meta property=\"article:published_time\" content=\"2015-06-06T15:50:44+00:00\" \/>\n\t\t<meta property=\"article:modified_time\" content=\"2015-06-06T15:50:44+00:00\" \/>\n\t\t<meta name=\"twitter:card\" content=\"summary_large_image\" \/>\n\t\t<meta name=\"twitter:title\" content=\"30 aniversario de la marca Asturias Para\u00edso Natural | El Digital de Asturias\" \/>\n\t\t<meta name=\"twitter:description\" content=\"M\u00e1s de 600 personas participan hoy en las 30 excursiones por todo el territorio organizadas por la Consejer\u00eda de Econom\u00eda y Empleo con motivo de la celebraci\u00f3n del trig\u00e9simo aniversario de la marca Asturias Para\u00edso Natural. Bajo el t\u00edtulo 30 a\u00f1os, 30 rutas, el Principado ha dise\u00f1ado un programa de salidas de un d\u00eda que\" \/>\n\t\t<meta name=\"twitter:image\" content=\"https:\/\/eldigitaldeasturias.com\/magazine365\/wp-content\/uploads\/2015\/06\/2015_06_06-DG-Turismo-ruta-cueva-del-Pindal-2.jpg\" \/>\n\t\t<script type=\"application\/ld+json\" class=\"aioseo-schema\">\n\t\t\t{\"@context\":\"https:\\\/\\\/schema.org\",\"@graph\":[{\"@type\":\"Article\",\"@id\":\"https:\\\/\\\/eldigitaldeasturias.com\\\/magazine365\\\/30-aniversario-de-la-marca-asturias-paraiso-natural\\\/#article\",\"name\":\"30 aniversario de la marca Asturias Para\\u00edso Natural | El Digital de Asturias\",\"headline\":\"30 aniversario de la marca Asturias Para\\u00edso Natural\",\"author\":{\"@id\":\"https:\\\/\\\/eldigitaldeasturias.com\\\/magazine365\\\/author\\\/admin\\\/#author\"},\"publisher\":{\"@id\":\"https:\\\/\\\/eldigitaldeasturias.com\\\/magazine365\\\/#organization\"},\"image\":{\"@type\":\"ImageObject\",\"url\":\"https:\\\/\\\/eldigitaldeasturias.com\\\/magazine365\\\/wp-content\\\/uploads\\\/2015\\\/06\\\/2015_06_06-DG-Turismo-ruta-cueva-del-Pindal-2.jpg\",\"width\":2000,\"height\":1330},\"datePublished\":\"2015-06-06T17:20:44+02:00\",\"dateModified\":\"2015-06-06T17:20:44+02:00\",\"inLanguage\":\"es-ES\",\"mainEntityOfPage\":{\"@id\":\"https:\\\/\\\/eldigitaldeasturias.com\\\/magazine365\\\/30-aniversario-de-la-marca-asturias-paraiso-natural\\\/#webpage\"},\"isPartOf\":{\"@id\":\"https:\\\/\\\/eldigitaldeasturias.com\\\/magazine365\\\/30-aniversario-de-la-marca-asturias-paraiso-natural\\\/#webpage\"},\"articleSection\":\"Actualidad Turismo\"},{\"@type\":\"BreadcrumbList\",\"@id\":\"https:\\\/\\\/eldigitaldeasturias.com\\\/magazine365\\\/30-aniversario-de-la-marca-asturias-paraiso-natural\\\/#breadcrumblist\",\"itemListElement\":[{\"@type\":\"ListItem\",\"@id\":\"https:\\\/\\\/eldigitaldeasturias.com\\\/magazine365#listItem\",\"position\":1,\"name\":\"Home\",\"item\":\"https:\\\/\\\/eldigitaldeasturias.com\\\/magazine365\",\"nextItem\":{\"@type\":\"ListItem\",\"@id\":\"https:\\\/\\\/eldigitaldeasturias.com\\\/magazine365\\\/category\\\/actualidad-turismo\\\/#listItem\",\"name\":\"Actualidad Turismo\"}},{\"@type\":\"ListItem\",\"@id\":\"https:\\\/\\\/eldigitaldeasturias.com\\\/magazine365\\\/category\\\/actualidad-turismo\\\/#listItem\",\"position\":2,\"name\":\"Actualidad Turismo\",\"item\":\"https:\\\/\\\/eldigitaldeasturias.com\\\/magazine365\\\/category\\\/actualidad-turismo\\\/\",\"nextItem\":{\"@type\":\"ListItem\",\"@id\":\"https:\\\/\\\/eldigitaldeasturias.com\\\/magazine365\\\/30-aniversario-de-la-marca-asturias-paraiso-natural\\\/#listItem\",\"name\":\"30 aniversario de la marca Asturias Para\\u00edso Natural\"},\"previousItem\":{\"@type\":\"ListItem\",\"@id\":\"https:\\\/\\\/eldigitaldeasturias.com\\\/magazine365#listItem\",\"name\":\"Home\"}},{\"@type\":\"ListItem\",\"@id\":\"https:\\\/\\\/eldigitaldeasturias.com\\\/magazine365\\\/30-aniversario-de-la-marca-asturias-paraiso-natural\\\/#listItem\",\"position\":3,\"name\":\"30 aniversario de la marca Asturias Para\\u00edso Natural\",\"previousItem\":{\"@type\":\"ListItem\",\"@id\":\"https:\\\/\\\/eldigitaldeasturias.com\\\/magazine365\\\/category\\\/actualidad-turismo\\\/#listItem\",\"name\":\"Actualidad Turismo\"}}]},{\"@type\":\"Organization\",\"@id\":\"https:\\\/\\\/eldigitaldeasturias.com\\\/magazine365\\\/#organization\",\"name\":\"El digital de Asturias\",\"description\":\"Revista de ocio, turismo y estilo de vida\",\"url\":\"https:\\\/\\\/eldigitaldeasturias.com\\\/magazine365\\\/\",\"logo\":{\"@type\":\"ImageObject\",\"url\":\"https:\\\/\\\/www.eldigitaldeasturias.com\\\/noticias\\\/wp-content\\\/uploads\\\/2020\\\/12\\\/EDA.jpg\",\"@id\":\"https:\\\/\\\/eldigitaldeasturias.com\\\/magazine365\\\/30-aniversario-de-la-marca-asturias-paraiso-natural\\\/#organizationLogo\"},\"image\":{\"@id\":\"https:\\\/\\\/eldigitaldeasturias.com\\\/magazine365\\\/30-aniversario-de-la-marca-asturias-paraiso-natural\\\/#organizationLogo\"}},{\"@type\":\"Person\",\"@id\":\"https:\\\/\\\/eldigitaldeasturias.com\\\/magazine365\\\/author\\\/admin\\\/#author\",\"url\":\"https:\\\/\\\/eldigitaldeasturias.com\\\/magazine365\\\/author\\\/admin\\\/\",\"name\":\"admin\",\"image\":{\"@type\":\"ImageObject\",\"@id\":\"https:\\\/\\\/eldigitaldeasturias.com\\\/magazine365\\\/30-aniversario-de-la-marca-asturias-paraiso-natural\\\/#authorImage\",\"url\":\"https:\\\/\\\/eldigitaldeasturias.com\\\/magazine365\\\/wp-content\\\/litespeed\\\/avatar\\\/e571bcf59a0edd6fa6838245a470f2fe.jpg?ver=1776969259\",\"width\":96,\"height\":96,\"caption\":\"admin\"}},{\"@type\":\"WebPage\",\"@id\":\"https:\\\/\\\/eldigitaldeasturias.com\\\/magazine365\\\/30-aniversario-de-la-marca-asturias-paraiso-natural\\\/#webpage\",\"url\":\"https:\\\/\\\/eldigitaldeasturias.com\\\/magazine365\\\/30-aniversario-de-la-marca-asturias-paraiso-natural\\\/\",\"name\":\"30 aniversario de la marca Asturias Para\\u00edso Natural | El Digital de Asturias\",\"description\":\"M\\u00e1s de 600 personas participan hoy en las 30 excursiones por todo el territorio organizadas por la Consejer\\u00eda de Econom\\u00eda y Empleo con motivo de la celebraci\\u00f3n del trig\\u00e9simo aniversario de la marca Asturias Para\\u00edso Natural. Bajo el t\\u00edtulo 30 a\\u00f1os, 30 rutas, el Principado ha dise\\u00f1ado un programa de salidas de un d\\u00eda que\",\"inLanguage\":\"es-ES\",\"isPartOf\":{\"@id\":\"https:\\\/\\\/eldigitaldeasturias.com\\\/magazine365\\\/#website\"},\"breadcrumb\":{\"@id\":\"https:\\\/\\\/eldigitaldeasturias.com\\\/magazine365\\\/30-aniversario-de-la-marca-asturias-paraiso-natural\\\/#breadcrumblist\"},\"author\":{\"@id\":\"https:\\\/\\\/eldigitaldeasturias.com\\\/magazine365\\\/author\\\/admin\\\/#author\"},\"creator\":{\"@id\":\"https:\\\/\\\/eldigitaldeasturias.com\\\/magazine365\\\/author\\\/admin\\\/#author\"},\"image\":{\"@type\":\"ImageObject\",\"url\":\"https:\\\/\\\/eldigitaldeasturias.com\\\/magazine365\\\/wp-content\\\/uploads\\\/2015\\\/06\\\/2015_06_06-DG-Turismo-ruta-cueva-del-Pindal-2.jpg\",\"@id\":\"https:\\\/\\\/eldigitaldeasturias.com\\\/magazine365\\\/30-aniversario-de-la-marca-asturias-paraiso-natural\\\/#mainImage\",\"width\":2000,\"height\":1330},\"primaryImageOfPage\":{\"@id\":\"https:\\\/\\\/eldigitaldeasturias.com\\\/magazine365\\\/30-aniversario-de-la-marca-asturias-paraiso-natural\\\/#mainImage\"},\"datePublished\":\"2015-06-06T17:20:44+02:00\",\"dateModified\":\"2015-06-06T17:20:44+02:00\"},{\"@type\":\"WebSite\",\"@id\":\"https:\\\/\\\/eldigitaldeasturias.com\\\/magazine365\\\/#website\",\"url\":\"https:\\\/\\\/eldigitaldeasturias.com\\\/magazine365\\\/\",\"name\":\"El Digital de Asturias\",\"description\":\"Revista de ocio, turismo y estilo de vida\",\"inLanguage\":\"es-ES\",\"publisher\":{\"@id\":\"https:\\\/\\\/eldigitaldeasturias.com\\\/magazine365\\\/#organization\"}}]}\n\t\t<\/script>\n\t\t<!-- All in One SEO Pro -->\r\n\t\t<title>30 aniversario de la marca Asturias Para\u00edso Natural | El Digital de Asturias<\/title>\n\n","aioseo_head_json":{"title":"30 aniversario de la marca Asturias Para\u00edso Natural | El Digital de Asturias","description":"M\u00e1s de 600 personas participan hoy en las 30 excursiones por todo el territorio organizadas por la Consejer\u00eda de Econom\u00eda y Empleo con motivo de la celebraci\u00f3n del trig\u00e9simo aniversario de la marca Asturias Para\u00edso Natural. Bajo el t\u00edtulo 30 a\u00f1os, 30 rutas, el Principado ha dise\u00f1ado un programa de salidas de un d\u00eda que","canonical_url":"https:\/\/eldigitaldeasturias.com\/magazine365\/30-aniversario-de-la-marca-asturias-paraiso-natural\/","robots":"max-image-preview:large","keywords":"actualidad turismo","webmasterTools":{"google-site-verification":"UA-38556648-1","miscellaneous":""},"schema":{"@context":"https:\/\/schema.org","@graph":[{"@type":"Article","@id":"https:\/\/eldigitaldeasturias.com\/magazine365\/30-aniversario-de-la-marca-asturias-paraiso-natural\/#article","name":"30 aniversario de la marca Asturias Para\u00edso Natural | El Digital de Asturias","headline":"30 aniversario de la marca Asturias Para\u00edso Natural","author":{"@id":"https:\/\/eldigitaldeasturias.com\/magazine365\/author\/admin\/#author"},"publisher":{"@id":"https:\/\/eldigitaldeasturias.com\/magazine365\/#organization"},"image":{"@type":"ImageObject","url":"https:\/\/eldigitaldeasturias.com\/magazine365\/wp-content\/uploads\/2015\/06\/2015_06_06-DG-Turismo-ruta-cueva-del-Pindal-2.jpg","width":2000,"height":1330},"datePublished":"2015-06-06T17:20:44+02:00","dateModified":"2015-06-06T17:20:44+02:00","inLanguage":"es-ES","mainEntityOfPage":{"@id":"https:\/\/eldigitaldeasturias.com\/magazine365\/30-aniversario-de-la-marca-asturias-paraiso-natural\/#webpage"},"isPartOf":{"@id":"https:\/\/eldigitaldeasturias.com\/magazine365\/30-aniversario-de-la-marca-asturias-paraiso-natural\/#webpage"},"articleSection":"Actualidad Turismo"},{"@type":"BreadcrumbList","@id":"https:\/\/eldigitaldeasturias.com\/magazine365\/30-aniversario-de-la-marca-asturias-paraiso-natural\/#breadcrumblist","itemListElement":[{"@type":"ListItem","@id":"https:\/\/eldigitaldeasturias.com\/magazine365#listItem","position":1,"name":"Home","item":"https:\/\/eldigitaldeasturias.com\/magazine365","nextItem":{"@type":"ListItem","@id":"https:\/\/eldigitaldeasturias.com\/magazine365\/category\/actualidad-turismo\/#listItem","name":"Actualidad Turismo"}},{"@type":"ListItem","@id":"https:\/\/eldigitaldeasturias.com\/magazine365\/category\/actualidad-turismo\/#listItem","position":2,"name":"Actualidad Turismo","item":"https:\/\/eldigitaldeasturias.com\/magazine365\/category\/actualidad-turismo\/","nextItem":{"@type":"ListItem","@id":"https:\/\/eldigitaldeasturias.com\/magazine365\/30-aniversario-de-la-marca-asturias-paraiso-natural\/#listItem","name":"30 aniversario de la marca Asturias Para\u00edso Natural"},"previousItem":{"@type":"ListItem","@id":"https:\/\/eldigitaldeasturias.com\/magazine365#listItem","name":"Home"}},{"@type":"ListItem","@id":"https:\/\/eldigitaldeasturias.com\/magazine365\/30-aniversario-de-la-marca-asturias-paraiso-natural\/#listItem","position":3,"name":"30 aniversario de la marca Asturias Para\u00edso Natural","previousItem":{"@type":"ListItem","@id":"https:\/\/eldigitaldeasturias.com\/magazine365\/category\/actualidad-turismo\/#listItem","name":"Actualidad Turismo"}}]},{"@type":"Organization","@id":"https:\/\/eldigitaldeasturias.com\/magazine365\/#organization","name":"El digital de Asturias","description":"Revista de ocio, turismo y estilo de vida","url":"https:\/\/eldigitaldeasturias.com\/magazine365\/","logo":{"@type":"ImageObject","url":"https:\/\/www.eldigitaldeasturias.com\/noticias\/wp-content\/uploads\/2020\/12\/EDA.jpg","@id":"https:\/\/eldigitaldeasturias.com\/magazine365\/30-aniversario-de-la-marca-asturias-paraiso-natural\/#organizationLogo"},"image":{"@id":"https:\/\/eldigitaldeasturias.com\/magazine365\/30-aniversario-de-la-marca-asturias-paraiso-natural\/#organizationLogo"}},{"@type":"Person","@id":"https:\/\/eldigitaldeasturias.com\/magazine365\/author\/admin\/#author","url":"https:\/\/eldigitaldeasturias.com\/magazine365\/author\/admin\/","name":"admin","image":{"@type":"ImageObject","@id":"https:\/\/eldigitaldeasturias.com\/magazine365\/30-aniversario-de-la-marca-asturias-paraiso-natural\/#authorImage","url":"https:\/\/eldigitaldeasturias.com\/magazine365\/wp-content\/litespeed\/avatar\/e571bcf59a0edd6fa6838245a470f2fe.jpg?ver=1776969259","width":96,"height":96,"caption":"admin"}},{"@type":"WebPage","@id":"https:\/\/eldigitaldeasturias.com\/magazine365\/30-aniversario-de-la-marca-asturias-paraiso-natural\/#webpage","url":"https:\/\/eldigitaldeasturias.com\/magazine365\/30-aniversario-de-la-marca-asturias-paraiso-natural\/","name":"30 aniversario de la marca Asturias Para\u00edso Natural | El Digital de Asturias","description":"M\u00e1s de 600 personas participan hoy en las 30 excursiones por todo el territorio organizadas por la Consejer\u00eda de Econom\u00eda y Empleo con motivo de la celebraci\u00f3n del trig\u00e9simo aniversario de la marca Asturias Para\u00edso Natural. Bajo el t\u00edtulo 30 a\u00f1os, 30 rutas, el Principado ha dise\u00f1ado un programa de salidas de un d\u00eda que","inLanguage":"es-ES","isPartOf":{"@id":"https:\/\/eldigitaldeasturias.com\/magazine365\/#website"},"breadcrumb":{"@id":"https:\/\/eldigitaldeasturias.com\/magazine365\/30-aniversario-de-la-marca-asturias-paraiso-natural\/#breadcrumblist"},"author":{"@id":"https:\/\/eldigitaldeasturias.com\/magazine365\/author\/admin\/#author"},"creator":{"@id":"https:\/\/eldigitaldeasturias.com\/magazine365\/author\/admin\/#author"},"image":{"@type":"ImageObject","url":"https:\/\/eldigitaldeasturias.com\/magazine365\/wp-content\/uploads\/2015\/06\/2015_06_06-DG-Turismo-ruta-cueva-del-Pindal-2.jpg","@id":"https:\/\/eldigitaldeasturias.com\/magazine365\/30-aniversario-de-la-marca-asturias-paraiso-natural\/#mainImage","width":2000,"height":1330},"primaryImageOfPage":{"@id":"https:\/\/eldigitaldeasturias.com\/magazine365\/30-aniversario-de-la-marca-asturias-paraiso-natural\/#mainImage"},"datePublished":"2015-06-06T17:20:44+02:00","dateModified":"2015-06-06T17:20:44+02:00"},{"@type":"WebSite","@id":"https:\/\/eldigitaldeasturias.com\/magazine365\/#website","url":"https:\/\/eldigitaldeasturias.com\/magazine365\/","name":"El Digital de Asturias","description":"Revista de ocio, turismo y estilo de vida","inLanguage":"es-ES","publisher":{"@id":"https:\/\/eldigitaldeasturias.com\/magazine365\/#organization"}}]},"og:locale":"es_ES","og:site_name":"El Digital de Asturias \u2013 Revista de ocio, turismo y estilo de vida","og:type":"article","og:title":"30 aniversario de la marca Asturias Para\u00edso Natural | El Digital de Asturias","og:description":"M\u00e1s de 600 personas participan hoy en las 30 excursiones por todo el territorio organizadas por la Consejer\u00eda de Econom\u00eda y Empleo con motivo de la celebraci\u00f3n del trig\u00e9simo aniversario de la marca Asturias Para\u00edso Natural. Bajo el t\u00edtulo 30 a\u00f1os, 30 rutas, el Principado ha dise\u00f1ado un programa de salidas de un d\u00eda que","og:url":"https:\/\/eldigitaldeasturias.com\/magazine365\/30-aniversario-de-la-marca-asturias-paraiso-natural\/","og:image":"https:\/\/eldigitaldeasturias.com\/magazine365\/wp-content\/uploads\/2015\/06\/2015_06_06-DG-Turismo-ruta-cueva-del-Pindal-2.jpg","og:image:secure_url":"https:\/\/eldigitaldeasturias.com\/magazine365\/wp-content\/uploads\/2015\/06\/2015_06_06-DG-Turismo-ruta-cueva-del-Pindal-2.jpg","og:image:width":2000,"og:image:height":1330,"article:published_time":"2015-06-06T15:50:44+00:00","article:modified_time":"2015-06-06T15:50:44+00:00","twitter:card":"summary_large_image","twitter:title":"30 aniversario de la marca Asturias Para\u00edso Natural | El Digital de Asturias","twitter:description":"M\u00e1s de 600 personas participan hoy en las 30 excursiones por todo el territorio organizadas por la Consejer\u00eda de Econom\u00eda y Empleo con motivo de la celebraci\u00f3n del trig\u00e9simo aniversario de la marca Asturias Para\u00edso Natural. Bajo el t\u00edtulo 30 a\u00f1os, 30 rutas, el Principado ha dise\u00f1ado un programa de salidas de un d\u00eda que","twitter:image":"https:\/\/eldigitaldeasturias.com\/magazine365\/wp-content\/uploads\/2015\/06\/2015_06_06-DG-Turismo-ruta-cueva-del-Pindal-2.jpg"},"aioseo_meta_data":{"post_id":"39042","title":null,"description":null,"keywords":null,"keyphrases":null,"primary_term":null,"canonical_url":null,"og_title":null,"og_description":null,"og_object_type":"default","og_image_type":"default","og_image_url":null,"og_image_width":null,"og_image_height":null,"og_image_custom_url":null,"og_image_custom_fields":null,"og_video":null,"og_custom_url":null,"og_article_section":null,"og_article_tags":null,"twitter_use_og":false,"twitter_card":"default","twitter_image_type":"default","twitter_image_url":null,"twitter_image_custom_url":null,"twitter_image_custom_fields":null,"twitter_title":null,"twitter_description":null,"schema":{"blockGraphs":[],"customGraphs":[],"default":{"data":{"Article":[],"Course":[],"Dataset":[],"FAQPage":[],"Movie":[],"Person":[],"Product":[],"ProductReview":[],"Car":[],"Recipe":[],"Service":[],"SoftwareApplication":[],"WebPage":[]},"graphName":"","isEnabled":true},"graphs":[],"defaultGraph":"","defaultPostTypeGraph":""},"schema_type":null,"schema_type_options":null,"pillar_content":false,"robots_default":true,"robots_noindex":false,"robots_noarchive":false,"robots_nosnippet":false,"robots_nofollow":false,"robots_noimageindex":false,"robots_noodp":false,"robots_notranslate":false,"robots_max_snippet":null,"robots_max_videopreview":null,"robots_max_imagepreview":"large","priority":null,"frequency":null,"location":null,"local_seo":null,"seo_analyzer_scan_date":"2025-09-19 10:50:24","breadcrumb_settings":null,"limit_modified_date":false,"open_ai":null,"ai":null,"created":"2021-03-09 02:45:40","updated":"2025-09-19 10:50:24"},"aioseo_breadcrumb":"<div class=\"aioseo-breadcrumbs\"><span class=\"aioseo-breadcrumb\">\n\t<a href=\"https:\/\/eldigitaldeasturias.com\/magazine365\" title=\"Home\">Home<\/a>\n<\/span><span class=\"aioseo-breadcrumb-separator\">\u2013<\/span><span class=\"aioseo-breadcrumb\">\n\t<a href=\"https:\/\/eldigitaldeasturias.com\/magazine365\/category\/actualidad-turismo\/\" title=\"Actualidad Turismo\">Actualidad Turismo<\/a>\n<\/span><span class=\"aioseo-breadcrumb-separator\">\u2013<\/span><span class=\"aioseo-breadcrumb\">\n\t<a href=\"https:\/\/eldigitaldeasturias.com\/magazine365\/30-aniversario-de-la-marca-asturias-paraiso-natural\/\" title=\"30 aniversario de la marca Asturias Para\u00edso Natural\">30 aniversario de la marca Asturias Para\u00edso Natural<\/a>\n<\/span><\/div>","aioseo_breadcrumb_json":[{"label":"Home","link":"https:\/\/eldigitaldeasturias.com\/magazine365"},{"label":"Actualidad Turismo","link":"https:\/\/eldigitaldeasturias.com\/magazine365\/category\/actualidad-turismo\/"},{"label":"30 aniversario de la marca Asturias Para\u00edso Natural","link":"https:\/\/eldigitaldeasturias.com\/magazine365\/30-aniversario-de-la-marca-asturias-paraiso-natural\/"}],"_links":{"self":[{"href":"https:\/\/eldigitaldeasturias.com\/magazine365\/wp-json\/wp\/v2\/posts\/39042","targetHints":{"allow":["GET"]}}],"collection":[{"href":"https:\/\/eldigitaldeasturias.com\/magazine365\/wp-json\/wp\/v2\/posts"}],"about":[{"href":"https:\/\/eldigitaldeasturias.com\/magazine365\/wp-json\/wp\/v2\/types\/post"}],"author":[{"embeddable":true,"href":"https:\/\/eldigitaldeasturias.com\/magazine365\/wp-json\/wp\/v2\/users\/1"}],"replies":[{"embeddable":true,"href":"https:\/\/eldigitaldeasturias.com\/magazine365\/wp-json\/wp\/v2\/comments?post=39042"}],"version-history":[{"count":0,"href":"https:\/\/eldigitaldeasturias.com\/magazine365\/wp-json\/wp\/v2\/posts\/39042\/revisions"}],"wp:featuredmedia":[{"embeddable":true,"href":"https:\/\/eldigitaldeasturias.com\/magazine365\/wp-json\/wp\/v2\/media\/39043"}],"wp:attachment":[{"href":"https:\/\/eldigitaldeasturias.com\/magazine365\/wp-json\/wp\/v2\/media?parent=39042"}],"wp:term":[{"taxonomy":"category","embeddable":true,"href":"https:\/\/eldigitaldeasturias.com\/magazine365\/wp-json\/wp\/v2\/categories?post=39042"},{"taxonomy":"post_tag","embeddable":true,"href":"https:\/\/eldigitaldeasturias.com\/magazine365\/wp-json\/wp\/v2\/tags?post=39042"}],"curies":[{"name":"wp","href":"https:\/\/api.w.org\/{rel}","templated":true}]}}