{"id":39039,"date":"2015-06-06T17:09:07","date_gmt":"2015-06-06T15:39:07","guid":{"rendered":"http:\/\/eldigitaldeasturias.com\/magazine365\/?p=39039"},"modified":"2015-06-06T17:09:07","modified_gmt":"2015-06-06T15:39:07","slug":"fin-de-semana-verde-en-tito-bustillo","status":"publish","type":"post","link":"https:\/\/eldigitaldeasturias.com\/magazine365\/fin-de-semana-verde-en-tito-bustillo\/","title":{"rendered":"Fin de semana verde en Tito Bustillo"},"content":{"rendered":"<p><img fetchpriority=\"high\" decoding=\"async\" class=\"alignleft size-medium wp-image-39040\" src=\"https:\/\/eldigitaldeasturias.com\/magazine365\/wp-content\/uploads\/2015\/06\/fotonoticia_20150606100445_800-360x270.jpg\" alt=\"fotonoticia_20150606100445_800\" width=\"360\" height=\"270\" srcset=\"https:\/\/eldigitaldeasturias.com\/magazine365\/wp-content\/uploads\/2015\/06\/fotonoticia_20150606100445_800-360x270.jpg 360w, https:\/\/eldigitaldeasturias.com\/magazine365\/wp-content\/uploads\/2015\/06\/fotonoticia_20150606100445_800-650x488.jpg 650w, https:\/\/eldigitaldeasturias.com\/magazine365\/wp-content\/uploads\/2015\/06\/fotonoticia_20150606100445_800-768x576.jpg 768w, https:\/\/eldigitaldeasturias.com\/magazine365\/wp-content\/uploads\/2015\/06\/fotonoticia_20150606100445_800-150x113.jpg 150w, https:\/\/eldigitaldeasturias.com\/magazine365\/wp-content\/uploads\/2015\/06\/fotonoticia_20150606100445_800-450x338.jpg 450w, https:\/\/eldigitaldeasturias.com\/magazine365\/wp-content\/uploads\/2015\/06\/fotonoticia_20150606100445_800-80x60.jpg 80w, https:\/\/eldigitaldeasturias.com\/magazine365\/wp-content\/uploads\/2015\/06\/fotonoticia_20150606100445_800-265x198.jpg 265w, https:\/\/eldigitaldeasturias.com\/magazine365\/wp-content\/uploads\/2015\/06\/fotonoticia_20150606100445_800-696x522.jpg 696w, https:\/\/eldigitaldeasturias.com\/magazine365\/wp-content\/uploads\/2015\/06\/fotonoticia_20150606100445_800-560x420.jpg 560w, https:\/\/eldigitaldeasturias.com\/magazine365\/wp-content\/uploads\/2015\/06\/fotonoticia_20150606100445_800-90x67.jpg 90w, https:\/\/eldigitaldeasturias.com\/magazine365\/wp-content\/uploads\/2015\/06\/fotonoticia_20150606100445_800-100x75.jpg 100w, https:\/\/eldigitaldeasturias.com\/magazine365\/wp-content\/uploads\/2015\/06\/fotonoticia_20150606100445_800.jpg 800w\" sizes=\"(max-width: 360px) 100vw, 360px\" \/>El Centro de Arte Rupestre de Tito Bustillo celebra este fin de semana el D\u00eda del Medio Ambiente con conferencias, un itinerario de observaci\u00f3n de aves y talleres y con m\u00e1s actos previstos, como el reparto gratuito de ejemplares de \u00e1rboles.<\/p>\n<p>Seg\u00fan ha informado el Centro, durante el horario de apertura se entregar\u00e1n sorbus aucuparia (conocido como serbal de los cazadores) a todas aquellas personas que se acerquen a la Recepci\u00f3n del equipamiento gracias a una donaci\u00f3n realizada por el Vivero Forestal de La Mata.<\/p>\n<p>Este s\u00e1bado las actividades comenzar\u00e1n a las 11:30 horas con un itinerario de observaci\u00f3n de aves e interpretaci\u00f3n del macizo de Ardines, realizado por Birding Picos de Europa. Este itinerario partir\u00e1 del \u00e1rea recreativa de Ardines y continuar\u00e1 en una ruta circular por los diferentes miradores sobre la r\u00eda de Ribadesella.<\/p>\n<p>A las 13:30 horas habr\u00e1 un taller de construcci\u00f3n de comederos para p\u00e1jaros con materiales de reciclaje, en el que se usar\u00e1n botellas de pl\u00e1stico o tetrabriks para ayudar a la alimentaci\u00f3n de diferentes grupos de aves silvestres en parques, jardines o en las ventanas de las propias casas. Por la tarde, a las 16:00 horas, se realizar\u00e1 un taller para conocer c\u00f3mo viven y se alimentan las diferentes especies de aves presentes en la r\u00eda de Ribadesella.<\/p>\n<p>El itinerario y los talleres tienen un precio general de cuatro euros y reducido de tres euros para socios del Club Cultura Asturias, Carn\u00e9 Joven y Fnac y hay tarifas especiales al inscribirse a m\u00e1s de una actividad del s\u00e1bado.<\/p>\n<p>El \u00c1tico de Tito Bustillo se suma a la celebraci\u00f3n con un men\u00fa especial el fin de semana, con guisantes ecol\u00f3gicos con huevo poch\u00e9 y foie, ternera ecol\u00f3gica salteada con caldo de verduras asadas y tiramis\u00fa de queso Rey Silos artesano. El men\u00fa tiene un precio de 17,50 euros, con vino y agua incluidos.<\/p>\n","protected":false},"excerpt":{"rendered":"<p>El Centro de Arte Rupestre de Tito Bustillo celebra este fin de semana el D\u00eda del Medio Ambiente con conferencias, un itinerario de observaci\u00f3n de aves y talleres y con m\u00e1s actos previstos, como el reparto gratuito de ejemplares de \u00e1rboles. Seg\u00fan ha informado el Centro, durante el horario de apertura se entregar\u00e1n sorbus aucuparia<\/p>\n","protected":false},"author":1,"featured_media":39040,"comment_status":"open","ping_status":"closed","sticky":false,"template":"","format":"standard","meta":{"footnotes":""},"categories":[224],"tags":[],"class_list":{"0":"post-39039","1":"post","2":"type-post","3":"status-publish","4":"format-standard","5":"has-post-thumbnail","7":"category-noticias-actualidad"},"aioseo_notices":[],"aioseo_head":"\n\t\t<!-- All in One SEO Pro 4.9.6.1 - aioseo.com -->\n\t<meta name=\"description\" content=\"El Centro de Arte Rupestre de Tito Bustillo celebra este fin de semana el D\u00eda del Medio Ambiente con conferencias, un itinerario de observaci\u00f3n de aves y talleres y con m\u00e1s actos previstos, como el reparto gratuito de ejemplares de \u00e1rboles. Seg\u00fan ha informado el Centro, durante el horario de apertura se entregar\u00e1n sorbus aucuparia\" \/>\n\t<meta name=\"robots\" content=\"max-image-preview:large\" \/>\n\t<meta name=\"author\" content=\"admin\"\/>\n\t<meta name=\"google-site-verification\" content=\"UA-38556648-1\" \/>\n\t<meta name=\"keywords\" content=\"noticias y actualidad\" \/>\n\t<link rel=\"canonical\" href=\"https:\/\/eldigitaldeasturias.com\/magazine365\/fin-de-semana-verde-en-tito-bustillo\/\" \/>\n\t<meta name=\"generator\" content=\"All in One SEO Pro (AIOSEO) 4.9.6.1\" \/>\n\t\t<meta property=\"og:locale\" content=\"es_ES\" \/>\n\t\t<meta property=\"og:site_name\" content=\"El Digital de Asturias \u2013 Revista de ocio, turismo y estilo de vida\" \/>\n\t\t<meta property=\"og:type\" content=\"article\" \/>\n\t\t<meta property=\"og:title\" content=\"Fin de semana verde en Tito Bustillo | El Digital de Asturias\" \/>\n\t\t<meta property=\"og:description\" content=\"El Centro de Arte Rupestre de Tito Bustillo celebra este fin de semana el D\u00eda del Medio Ambiente con conferencias, un itinerario de observaci\u00f3n de aves y talleres y con m\u00e1s actos previstos, como el reparto gratuito de ejemplares de \u00e1rboles. Seg\u00fan ha informado el Centro, durante el horario de apertura se entregar\u00e1n sorbus aucuparia\" \/>\n\t\t<meta property=\"og:url\" content=\"https:\/\/eldigitaldeasturias.com\/magazine365\/fin-de-semana-verde-en-tito-bustillo\/\" \/>\n\t\t<meta property=\"og:image\" content=\"https:\/\/eldigitaldeasturias.com\/magazine365\/wp-content\/uploads\/2015\/06\/fotonoticia_20150606100445_800.jpg\" \/>\n\t\t<meta property=\"og:image:secure_url\" content=\"https:\/\/eldigitaldeasturias.com\/magazine365\/wp-content\/uploads\/2015\/06\/fotonoticia_20150606100445_800.jpg\" \/>\n\t\t<meta property=\"og:image:width\" content=\"800\" \/>\n\t\t<meta property=\"og:image:height\" content=\"600\" \/>\n\t\t<meta property=\"article:published_time\" content=\"2015-06-06T15:39:07+00:00\" \/>\n\t\t<meta property=\"article:modified_time\" content=\"2015-06-06T15:39:07+00:00\" \/>\n\t\t<meta name=\"twitter:card\" content=\"summary_large_image\" \/>\n\t\t<meta name=\"twitter:title\" content=\"Fin de semana verde en Tito Bustillo | El Digital de Asturias\" \/>\n\t\t<meta name=\"twitter:description\" content=\"El Centro de Arte Rupestre de Tito Bustillo celebra este fin de semana el D\u00eda del Medio Ambiente con conferencias, un itinerario de observaci\u00f3n de aves y talleres y con m\u00e1s actos previstos, como el reparto gratuito de ejemplares de \u00e1rboles. Seg\u00fan ha informado el Centro, durante el horario de apertura se entregar\u00e1n sorbus aucuparia\" \/>\n\t\t<meta name=\"twitter:image\" content=\"https:\/\/eldigitaldeasturias.com\/magazine365\/wp-content\/uploads\/2015\/06\/fotonoticia_20150606100445_800.jpg\" \/>\n\t\t<script type=\"application\/ld+json\" class=\"aioseo-schema\">\n\t\t\t{\"@context\":\"https:\\\/\\\/schema.org\",\"@graph\":[{\"@type\":\"Article\",\"@id\":\"https:\\\/\\\/eldigitaldeasturias.com\\\/magazine365\\\/fin-de-semana-verde-en-tito-bustillo\\\/#article\",\"name\":\"Fin de semana verde en Tito Bustillo | El Digital de Asturias\",\"headline\":\"Fin de semana verde en Tito Bustillo\",\"author\":{\"@id\":\"https:\\\/\\\/eldigitaldeasturias.com\\\/magazine365\\\/author\\\/admin\\\/#author\"},\"publisher\":{\"@id\":\"https:\\\/\\\/eldigitaldeasturias.com\\\/magazine365\\\/#organization\"},\"image\":{\"@type\":\"ImageObject\",\"url\":\"https:\\\/\\\/eldigitaldeasturias.com\\\/magazine365\\\/wp-content\\\/uploads\\\/2015\\\/06\\\/fotonoticia_20150606100445_800.jpg\",\"width\":800,\"height\":600},\"datePublished\":\"2015-06-06T17:09:07+02:00\",\"dateModified\":\"2015-06-06T17:09:07+02:00\",\"inLanguage\":\"es-ES\",\"mainEntityOfPage\":{\"@id\":\"https:\\\/\\\/eldigitaldeasturias.com\\\/magazine365\\\/fin-de-semana-verde-en-tito-bustillo\\\/#webpage\"},\"isPartOf\":{\"@id\":\"https:\\\/\\\/eldigitaldeasturias.com\\\/magazine365\\\/fin-de-semana-verde-en-tito-bustillo\\\/#webpage\"},\"articleSection\":\"Noticias y Actualidad\"},{\"@type\":\"BreadcrumbList\",\"@id\":\"https:\\\/\\\/eldigitaldeasturias.com\\\/magazine365\\\/fin-de-semana-verde-en-tito-bustillo\\\/#breadcrumblist\",\"itemListElement\":[{\"@type\":\"ListItem\",\"@id\":\"https:\\\/\\\/eldigitaldeasturias.com\\\/magazine365#listItem\",\"position\":1,\"name\":\"Home\",\"item\":\"https:\\\/\\\/eldigitaldeasturias.com\\\/magazine365\",\"nextItem\":{\"@type\":\"ListItem\",\"@id\":\"https:\\\/\\\/eldigitaldeasturias.com\\\/magazine365\\\/category\\\/noticias-actualidad\\\/#listItem\",\"name\":\"Noticias y Actualidad\"}},{\"@type\":\"ListItem\",\"@id\":\"https:\\\/\\\/eldigitaldeasturias.com\\\/magazine365\\\/category\\\/noticias-actualidad\\\/#listItem\",\"position\":2,\"name\":\"Noticias y Actualidad\",\"item\":\"https:\\\/\\\/eldigitaldeasturias.com\\\/magazine365\\\/category\\\/noticias-actualidad\\\/\",\"nextItem\":{\"@type\":\"ListItem\",\"@id\":\"https:\\\/\\\/eldigitaldeasturias.com\\\/magazine365\\\/fin-de-semana-verde-en-tito-bustillo\\\/#listItem\",\"name\":\"Fin de semana verde en Tito Bustillo\"},\"previousItem\":{\"@type\":\"ListItem\",\"@id\":\"https:\\\/\\\/eldigitaldeasturias.com\\\/magazine365#listItem\",\"name\":\"Home\"}},{\"@type\":\"ListItem\",\"@id\":\"https:\\\/\\\/eldigitaldeasturias.com\\\/magazine365\\\/fin-de-semana-verde-en-tito-bustillo\\\/#listItem\",\"position\":3,\"name\":\"Fin de semana verde en Tito Bustillo\",\"previousItem\":{\"@type\":\"ListItem\",\"@id\":\"https:\\\/\\\/eldigitaldeasturias.com\\\/magazine365\\\/category\\\/noticias-actualidad\\\/#listItem\",\"name\":\"Noticias y Actualidad\"}}]},{\"@type\":\"Organization\",\"@id\":\"https:\\\/\\\/eldigitaldeasturias.com\\\/magazine365\\\/#organization\",\"name\":\"El digital de Asturias\",\"description\":\"Revista de ocio, turismo y estilo de vida\",\"url\":\"https:\\\/\\\/eldigitaldeasturias.com\\\/magazine365\\\/\",\"logo\":{\"@type\":\"ImageObject\",\"url\":\"https:\\\/\\\/www.eldigitaldeasturias.com\\\/noticias\\\/wp-content\\\/uploads\\\/2020\\\/12\\\/EDA.jpg\",\"@id\":\"https:\\\/\\\/eldigitaldeasturias.com\\\/magazine365\\\/fin-de-semana-verde-en-tito-bustillo\\\/#organizationLogo\"},\"image\":{\"@id\":\"https:\\\/\\\/eldigitaldeasturias.com\\\/magazine365\\\/fin-de-semana-verde-en-tito-bustillo\\\/#organizationLogo\"}},{\"@type\":\"Person\",\"@id\":\"https:\\\/\\\/eldigitaldeasturias.com\\\/magazine365\\\/author\\\/admin\\\/#author\",\"url\":\"https:\\\/\\\/eldigitaldeasturias.com\\\/magazine365\\\/author\\\/admin\\\/\",\"name\":\"admin\",\"image\":{\"@type\":\"ImageObject\",\"@id\":\"https:\\\/\\\/eldigitaldeasturias.com\\\/magazine365\\\/fin-de-semana-verde-en-tito-bustillo\\\/#authorImage\",\"url\":\"https:\\\/\\\/eldigitaldeasturias.com\\\/magazine365\\\/wp-content\\\/litespeed\\\/avatar\\\/e571bcf59a0edd6fa6838245a470f2fe.jpg?ver=1776969259\",\"width\":96,\"height\":96,\"caption\":\"admin\"}},{\"@type\":\"WebPage\",\"@id\":\"https:\\\/\\\/eldigitaldeasturias.com\\\/magazine365\\\/fin-de-semana-verde-en-tito-bustillo\\\/#webpage\",\"url\":\"https:\\\/\\\/eldigitaldeasturias.com\\\/magazine365\\\/fin-de-semana-verde-en-tito-bustillo\\\/\",\"name\":\"Fin de semana verde en Tito Bustillo | El Digital de Asturias\",\"description\":\"El Centro de Arte Rupestre de Tito Bustillo celebra este fin de semana el D\\u00eda del Medio Ambiente con conferencias, un itinerario de observaci\\u00f3n de aves y talleres y con m\\u00e1s actos previstos, como el reparto gratuito de ejemplares de \\u00e1rboles. Seg\\u00fan ha informado el Centro, durante el horario de apertura se entregar\\u00e1n sorbus aucuparia\",\"inLanguage\":\"es-ES\",\"isPartOf\":{\"@id\":\"https:\\\/\\\/eldigitaldeasturias.com\\\/magazine365\\\/#website\"},\"breadcrumb\":{\"@id\":\"https:\\\/\\\/eldigitaldeasturias.com\\\/magazine365\\\/fin-de-semana-verde-en-tito-bustillo\\\/#breadcrumblist\"},\"author\":{\"@id\":\"https:\\\/\\\/eldigitaldeasturias.com\\\/magazine365\\\/author\\\/admin\\\/#author\"},\"creator\":{\"@id\":\"https:\\\/\\\/eldigitaldeasturias.com\\\/magazine365\\\/author\\\/admin\\\/#author\"},\"image\":{\"@type\":\"ImageObject\",\"url\":\"https:\\\/\\\/eldigitaldeasturias.com\\\/magazine365\\\/wp-content\\\/uploads\\\/2015\\\/06\\\/fotonoticia_20150606100445_800.jpg\",\"@id\":\"https:\\\/\\\/eldigitaldeasturias.com\\\/magazine365\\\/fin-de-semana-verde-en-tito-bustillo\\\/#mainImage\",\"width\":800,\"height\":600},\"primaryImageOfPage\":{\"@id\":\"https:\\\/\\\/eldigitaldeasturias.com\\\/magazine365\\\/fin-de-semana-verde-en-tito-bustillo\\\/#mainImage\"},\"datePublished\":\"2015-06-06T17:09:07+02:00\",\"dateModified\":\"2015-06-06T17:09:07+02:00\"},{\"@type\":\"WebSite\",\"@id\":\"https:\\\/\\\/eldigitaldeasturias.com\\\/magazine365\\\/#website\",\"url\":\"https:\\\/\\\/eldigitaldeasturias.com\\\/magazine365\\\/\",\"name\":\"El Digital de Asturias\",\"description\":\"Revista de ocio, turismo y estilo de vida\",\"inLanguage\":\"es-ES\",\"publisher\":{\"@id\":\"https:\\\/\\\/eldigitaldeasturias.com\\\/magazine365\\\/#organization\"}}]}\n\t\t<\/script>\n\t\t<!-- All in One SEO Pro -->\r\n\t\t<title>Fin de semana verde en Tito Bustillo | El Digital de Asturias<\/title>\n\n","aioseo_head_json":{"title":"Fin de semana verde en Tito Bustillo | El Digital de Asturias","description":"El Centro de Arte Rupestre de Tito Bustillo celebra este fin de semana el D\u00eda del Medio Ambiente con conferencias, un itinerario de observaci\u00f3n de aves y talleres y con m\u00e1s actos previstos, como el reparto gratuito de ejemplares de \u00e1rboles. Seg\u00fan ha informado el Centro, durante el horario de apertura se entregar\u00e1n sorbus aucuparia","canonical_url":"https:\/\/eldigitaldeasturias.com\/magazine365\/fin-de-semana-verde-en-tito-bustillo\/","robots":"max-image-preview:large","keywords":"noticias y actualidad","webmasterTools":{"google-site-verification":"UA-38556648-1","miscellaneous":""},"schema":{"@context":"https:\/\/schema.org","@graph":[{"@type":"Article","@id":"https:\/\/eldigitaldeasturias.com\/magazine365\/fin-de-semana-verde-en-tito-bustillo\/#article","name":"Fin de semana verde en Tito Bustillo | El Digital de Asturias","headline":"Fin de semana verde en Tito Bustillo","author":{"@id":"https:\/\/eldigitaldeasturias.com\/magazine365\/author\/admin\/#author"},"publisher":{"@id":"https:\/\/eldigitaldeasturias.com\/magazine365\/#organization"},"image":{"@type":"ImageObject","url":"https:\/\/eldigitaldeasturias.com\/magazine365\/wp-content\/uploads\/2015\/06\/fotonoticia_20150606100445_800.jpg","width":800,"height":600},"datePublished":"2015-06-06T17:09:07+02:00","dateModified":"2015-06-06T17:09:07+02:00","inLanguage":"es-ES","mainEntityOfPage":{"@id":"https:\/\/eldigitaldeasturias.com\/magazine365\/fin-de-semana-verde-en-tito-bustillo\/#webpage"},"isPartOf":{"@id":"https:\/\/eldigitaldeasturias.com\/magazine365\/fin-de-semana-verde-en-tito-bustillo\/#webpage"},"articleSection":"Noticias y Actualidad"},{"@type":"BreadcrumbList","@id":"https:\/\/eldigitaldeasturias.com\/magazine365\/fin-de-semana-verde-en-tito-bustillo\/#breadcrumblist","itemListElement":[{"@type":"ListItem","@id":"https:\/\/eldigitaldeasturias.com\/magazine365#listItem","position":1,"name":"Home","item":"https:\/\/eldigitaldeasturias.com\/magazine365","nextItem":{"@type":"ListItem","@id":"https:\/\/eldigitaldeasturias.com\/magazine365\/category\/noticias-actualidad\/#listItem","name":"Noticias y Actualidad"}},{"@type":"ListItem","@id":"https:\/\/eldigitaldeasturias.com\/magazine365\/category\/noticias-actualidad\/#listItem","position":2,"name":"Noticias y Actualidad","item":"https:\/\/eldigitaldeasturias.com\/magazine365\/category\/noticias-actualidad\/","nextItem":{"@type":"ListItem","@id":"https:\/\/eldigitaldeasturias.com\/magazine365\/fin-de-semana-verde-en-tito-bustillo\/#listItem","name":"Fin de semana verde en Tito Bustillo"},"previousItem":{"@type":"ListItem","@id":"https:\/\/eldigitaldeasturias.com\/magazine365#listItem","name":"Home"}},{"@type":"ListItem","@id":"https:\/\/eldigitaldeasturias.com\/magazine365\/fin-de-semana-verde-en-tito-bustillo\/#listItem","position":3,"name":"Fin de semana verde en Tito Bustillo","previousItem":{"@type":"ListItem","@id":"https:\/\/eldigitaldeasturias.com\/magazine365\/category\/noticias-actualidad\/#listItem","name":"Noticias y Actualidad"}}]},{"@type":"Organization","@id":"https:\/\/eldigitaldeasturias.com\/magazine365\/#organization","name":"El digital de Asturias","description":"Revista de ocio, turismo y estilo de vida","url":"https:\/\/eldigitaldeasturias.com\/magazine365\/","logo":{"@type":"ImageObject","url":"https:\/\/www.eldigitaldeasturias.com\/noticias\/wp-content\/uploads\/2020\/12\/EDA.jpg","@id":"https:\/\/eldigitaldeasturias.com\/magazine365\/fin-de-semana-verde-en-tito-bustillo\/#organizationLogo"},"image":{"@id":"https:\/\/eldigitaldeasturias.com\/magazine365\/fin-de-semana-verde-en-tito-bustillo\/#organizationLogo"}},{"@type":"Person","@id":"https:\/\/eldigitaldeasturias.com\/magazine365\/author\/admin\/#author","url":"https:\/\/eldigitaldeasturias.com\/magazine365\/author\/admin\/","name":"admin","image":{"@type":"ImageObject","@id":"https:\/\/eldigitaldeasturias.com\/magazine365\/fin-de-semana-verde-en-tito-bustillo\/#authorImage","url":"https:\/\/eldigitaldeasturias.com\/magazine365\/wp-content\/litespeed\/avatar\/e571bcf59a0edd6fa6838245a470f2fe.jpg?ver=1776969259","width":96,"height":96,"caption":"admin"}},{"@type":"WebPage","@id":"https:\/\/eldigitaldeasturias.com\/magazine365\/fin-de-semana-verde-en-tito-bustillo\/#webpage","url":"https:\/\/eldigitaldeasturias.com\/magazine365\/fin-de-semana-verde-en-tito-bustillo\/","name":"Fin de semana verde en Tito Bustillo | El Digital de Asturias","description":"El Centro de Arte Rupestre de Tito Bustillo celebra este fin de semana el D\u00eda del Medio Ambiente con conferencias, un itinerario de observaci\u00f3n de aves y talleres y con m\u00e1s actos previstos, como el reparto gratuito de ejemplares de \u00e1rboles. Seg\u00fan ha informado el Centro, durante el horario de apertura se entregar\u00e1n sorbus aucuparia","inLanguage":"es-ES","isPartOf":{"@id":"https:\/\/eldigitaldeasturias.com\/magazine365\/#website"},"breadcrumb":{"@id":"https:\/\/eldigitaldeasturias.com\/magazine365\/fin-de-semana-verde-en-tito-bustillo\/#breadcrumblist"},"author":{"@id":"https:\/\/eldigitaldeasturias.com\/magazine365\/author\/admin\/#author"},"creator":{"@id":"https:\/\/eldigitaldeasturias.com\/magazine365\/author\/admin\/#author"},"image":{"@type":"ImageObject","url":"https:\/\/eldigitaldeasturias.com\/magazine365\/wp-content\/uploads\/2015\/06\/fotonoticia_20150606100445_800.jpg","@id":"https:\/\/eldigitaldeasturias.com\/magazine365\/fin-de-semana-verde-en-tito-bustillo\/#mainImage","width":800,"height":600},"primaryImageOfPage":{"@id":"https:\/\/eldigitaldeasturias.com\/magazine365\/fin-de-semana-verde-en-tito-bustillo\/#mainImage"},"datePublished":"2015-06-06T17:09:07+02:00","dateModified":"2015-06-06T17:09:07+02:00"},{"@type":"WebSite","@id":"https:\/\/eldigitaldeasturias.com\/magazine365\/#website","url":"https:\/\/eldigitaldeasturias.com\/magazine365\/","name":"El Digital de Asturias","description":"Revista de ocio, turismo y estilo de vida","inLanguage":"es-ES","publisher":{"@id":"https:\/\/eldigitaldeasturias.com\/magazine365\/#organization"}}]},"og:locale":"es_ES","og:site_name":"El Digital de Asturias \u2013 Revista de ocio, turismo y estilo de vida","og:type":"article","og:title":"Fin de semana verde en Tito Bustillo | El Digital de Asturias","og:description":"El Centro de Arte Rupestre de Tito Bustillo celebra este fin de semana el D\u00eda del Medio Ambiente con conferencias, un itinerario de observaci\u00f3n de aves y talleres y con m\u00e1s actos previstos, como el reparto gratuito de ejemplares de \u00e1rboles. Seg\u00fan ha informado el Centro, durante el horario de apertura se entregar\u00e1n sorbus aucuparia","og:url":"https:\/\/eldigitaldeasturias.com\/magazine365\/fin-de-semana-verde-en-tito-bustillo\/","og:image":"https:\/\/eldigitaldeasturias.com\/magazine365\/wp-content\/uploads\/2015\/06\/fotonoticia_20150606100445_800.jpg","og:image:secure_url":"https:\/\/eldigitaldeasturias.com\/magazine365\/wp-content\/uploads\/2015\/06\/fotonoticia_20150606100445_800.jpg","og:image:width":800,"og:image:height":600,"article:published_time":"2015-06-06T15:39:07+00:00","article:modified_time":"2015-06-06T15:39:07+00:00","twitter:card":"summary_large_image","twitter:title":"Fin de semana verde en Tito Bustillo | El Digital de Asturias","twitter:description":"El Centro de Arte Rupestre de Tito Bustillo celebra este fin de semana el D\u00eda del Medio Ambiente con conferencias, un itinerario de observaci\u00f3n de aves y talleres y con m\u00e1s actos previstos, como el reparto gratuito de ejemplares de \u00e1rboles. Seg\u00fan ha informado el Centro, durante el horario de apertura se entregar\u00e1n sorbus aucuparia","twitter:image":"https:\/\/eldigitaldeasturias.com\/magazine365\/wp-content\/uploads\/2015\/06\/fotonoticia_20150606100445_800.jpg"},"aioseo_meta_data":{"post_id":"39039","title":null,"description":null,"keywords":null,"keyphrases":null,"primary_term":null,"canonical_url":null,"og_title":null,"og_description":null,"og_object_type":"default","og_image_type":"default","og_image_url":null,"og_image_width":null,"og_image_height":null,"og_image_custom_url":null,"og_image_custom_fields":null,"og_video":null,"og_custom_url":null,"og_article_section":null,"og_article_tags":null,"twitter_use_og":false,"twitter_card":"default","twitter_image_type":"default","twitter_image_url":null,"twitter_image_custom_url":null,"twitter_image_custom_fields":null,"twitter_title":null,"twitter_description":null,"schema":{"blockGraphs":[],"customGraphs":[],"default":{"data":{"Article":[],"Course":[],"Dataset":[],"FAQPage":[],"Movie":[],"Person":[],"Product":[],"ProductReview":[],"Car":[],"Recipe":[],"Service":[],"SoftwareApplication":[],"WebPage":[]},"graphName":"","isEnabled":true},"graphs":[],"defaultGraph":"","defaultPostTypeGraph":""},"schema_type":null,"schema_type_options":null,"pillar_content":false,"robots_default":true,"robots_noindex":false,"robots_noarchive":false,"robots_nosnippet":false,"robots_nofollow":false,"robots_noimageindex":false,"robots_noodp":false,"robots_notranslate":false,"robots_max_snippet":null,"robots_max_videopreview":null,"robots_max_imagepreview":"large","priority":null,"frequency":null,"location":null,"local_seo":null,"seo_analyzer_scan_date":"2025-09-19 10:48:15","breadcrumb_settings":null,"limit_modified_date":false,"open_ai":null,"ai":null,"created":"2021-03-09 02:45:40","updated":"2025-09-19 10:48:15"},"aioseo_breadcrumb":"<div class=\"aioseo-breadcrumbs\"><span class=\"aioseo-breadcrumb\">\n\t<a href=\"https:\/\/eldigitaldeasturias.com\/magazine365\" title=\"Home\">Home<\/a>\n<\/span><span class=\"aioseo-breadcrumb-separator\">\u2013<\/span><span class=\"aioseo-breadcrumb\">\n\t<a href=\"https:\/\/eldigitaldeasturias.com\/magazine365\/category\/noticias-actualidad\/\" title=\"Noticias y Actualidad\">Noticias y Actualidad<\/a>\n<\/span><span class=\"aioseo-breadcrumb-separator\">\u2013<\/span><span class=\"aioseo-breadcrumb\">\n\t<a href=\"https:\/\/eldigitaldeasturias.com\/magazine365\/fin-de-semana-verde-en-tito-bustillo\/\" title=\"Fin de semana verde en Tito Bustillo\">Fin de semana verde en Tito Bustillo<\/a>\n<\/span><\/div>","aioseo_breadcrumb_json":[{"label":"Home","link":"https:\/\/eldigitaldeasturias.com\/magazine365"},{"label":"Noticias y Actualidad","link":"https:\/\/eldigitaldeasturias.com\/magazine365\/category\/noticias-actualidad\/"},{"label":"Fin de semana verde en Tito Bustillo","link":"https:\/\/eldigitaldeasturias.com\/magazine365\/fin-de-semana-verde-en-tito-bustillo\/"}],"_links":{"self":[{"href":"https:\/\/eldigitaldeasturias.com\/magazine365\/wp-json\/wp\/v2\/posts\/39039","targetHints":{"allow":["GET"]}}],"collection":[{"href":"https:\/\/eldigitaldeasturias.com\/magazine365\/wp-json\/wp\/v2\/posts"}],"about":[{"href":"https:\/\/eldigitaldeasturias.com\/magazine365\/wp-json\/wp\/v2\/types\/post"}],"author":[{"embeddable":true,"href":"https:\/\/eldigitaldeasturias.com\/magazine365\/wp-json\/wp\/v2\/users\/1"}],"replies":[{"embeddable":true,"href":"https:\/\/eldigitaldeasturias.com\/magazine365\/wp-json\/wp\/v2\/comments?post=39039"}],"version-history":[{"count":0,"href":"https:\/\/eldigitaldeasturias.com\/magazine365\/wp-json\/wp\/v2\/posts\/39039\/revisions"}],"wp:featuredmedia":[{"embeddable":true,"href":"https:\/\/eldigitaldeasturias.com\/magazine365\/wp-json\/wp\/v2\/media\/39040"}],"wp:attachment":[{"href":"https:\/\/eldigitaldeasturias.com\/magazine365\/wp-json\/wp\/v2\/media?parent=39039"}],"wp:term":[{"taxonomy":"category","embeddable":true,"href":"https:\/\/eldigitaldeasturias.com\/magazine365\/wp-json\/wp\/v2\/categories?post=39039"},{"taxonomy":"post_tag","embeddable":true,"href":"https:\/\/eldigitaldeasturias.com\/magazine365\/wp-json\/wp\/v2\/tags?post=39039"}],"curies":[{"name":"wp","href":"https:\/\/api.w.org\/{rel}","templated":true}]}}