{"id":39033,"date":"2015-06-06T05:08:57","date_gmt":"2015-06-06T03:38:57","guid":{"rendered":"http:\/\/eldigitaldeasturias.com\/magazine365\/?p=39033"},"modified":"2015-06-06T05:08:57","modified_gmt":"2015-06-06T03:38:57","slug":"desalojan-dos-playas-de-vinaros-ante-la-presencia-de-un-escualo-de-dos-metros","status":"publish","type":"post","link":"https:\/\/eldigitaldeasturias.com\/magazine365\/desalojan-dos-playas-de-vinaros-ante-la-presencia-de-un-escualo-de-dos-metros\/","title":{"rendered":"Desalojan dos playas de Vinar\u00f2s ante la presencia de un escualo de dos metros"},"content":{"rendered":"<p><img fetchpriority=\"high\" decoding=\"async\" class=\"alignleft size-medium wp-image-39012\" src=\"https:\/\/eldigitaldeasturias.com\/magazine365\/wp-content\/uploads\/2015\/06\/fotonoticia_20150605171847_800-360x240.jpg\" alt=\"fotonoticia_20150605171847_800\" width=\"360\" height=\"240\" srcset=\"https:\/\/eldigitaldeasturias.com\/magazine365\/wp-content\/uploads\/2015\/06\/fotonoticia_20150605171847_800-360x240.jpg 360w, https:\/\/eldigitaldeasturias.com\/magazine365\/wp-content\/uploads\/2015\/06\/fotonoticia_20150605171847_800-650x433.jpg 650w, https:\/\/eldigitaldeasturias.com\/magazine365\/wp-content\/uploads\/2015\/06\/fotonoticia_20150605171847_800-768x512.jpg 768w, https:\/\/eldigitaldeasturias.com\/magazine365\/wp-content\/uploads\/2015\/06\/fotonoticia_20150605171847_800-150x100.jpg 150w, https:\/\/eldigitaldeasturias.com\/magazine365\/wp-content\/uploads\/2015\/06\/fotonoticia_20150605171847_800-450x300.jpg 450w, https:\/\/eldigitaldeasturias.com\/magazine365\/wp-content\/uploads\/2015\/06\/fotonoticia_20150605171847_800-696x464.jpg 696w, https:\/\/eldigitaldeasturias.com\/magazine365\/wp-content\/uploads\/2015\/06\/fotonoticia_20150605171847_800-630x420.jpg 630w, https:\/\/eldigitaldeasturias.com\/magazine365\/wp-content\/uploads\/2015\/06\/fotonoticia_20150605171847_800-84x55.jpg 84w, https:\/\/eldigitaldeasturias.com\/magazine365\/wp-content\/uploads\/2015\/06\/fotonoticia_20150605171847_800.jpg 800w\" sizes=\"(max-width: 360px) 100vw, 360px\" \/>La presencia de un escualo de dos metros de longitud ha hecho que la Guardia Civil haya decidido desalojar este viernes de forma preventiva las playas del Fort\u00ed y Fora Forat de Vinar\u00f2s (Castell\u00f3n), que se extienden a lo largo del Paseo Mar\u00edtimo.<\/p>\n<p>As\u00ed, cuando el escualo &#8211;probablemente una tintorera&#8211; abandon\u00f3 las aguas portuarias, los agentes conminaron a los ba\u00f1istas a salir del agua. La tintorera fue vista pasado el mediod\u00eda en aguas del puerto y se desplaz\u00f3 de un lugar a otro hasta que decidi\u00f3 salir del recinto portuario.<\/p>\n<p>Un turista aragon\u00e9s que estaba en la playa coment\u00f3 que la Guardia Civil les hab\u00eda dicho que salieran, aunque no sab\u00edan el motivo, pero \u00abdespu\u00e9s nos han dicho que era por un tibur\u00f3n\u00bb.<\/p>\n","protected":false},"excerpt":{"rendered":"<p>La presencia de un escualo de dos metros de longitud ha hecho que la Guardia Civil haya decidido desalojar este viernes de forma preventiva las playas del Fort\u00ed y Fora Forat de Vinar\u00f2s (Castell\u00f3n), que se extienden a lo largo del Paseo Mar\u00edtimo. As\u00ed, cuando el escualo &#8211;probablemente una tintorera&#8211; abandon\u00f3 las aguas portuarias, los<\/p>\n","protected":false},"author":1,"featured_media":38965,"comment_status":"open","ping_status":"closed","sticky":false,"template":"","format":"standard","meta":{"footnotes":""},"categories":[222],"tags":[],"class_list":{"0":"post-39033","1":"post","2":"type-post","3":"status-publish","4":"format-standard","5":"has-post-thumbnail","7":"category-actualidad-turismo"},"aioseo_notices":[],"aioseo_head":"\n\t\t<!-- All in One SEO Pro 4.9.6.1 - aioseo.com -->\n\t<meta name=\"description\" content=\"La presencia de un escualo de dos metros de longitud ha hecho que la Guardia Civil haya decidido desalojar este viernes de forma preventiva las playas del Fort\u00ed y Fora Forat de Vinar\u00f2s (Castell\u00f3n), que se extienden a lo largo del Paseo Mar\u00edtimo. As\u00ed, cuando el escualo --probablemente una tintorera-- abandon\u00f3 las aguas portuarias, los\" \/>\n\t<meta name=\"robots\" content=\"max-image-preview:large\" \/>\n\t<meta name=\"author\" content=\"admin\"\/>\n\t<meta name=\"google-site-verification\" content=\"UA-38556648-1\" \/>\n\t<meta name=\"keywords\" content=\"actualidad turismo\" \/>\n\t<link rel=\"canonical\" href=\"https:\/\/eldigitaldeasturias.com\/magazine365\/desalojan-dos-playas-de-vinaros-ante-la-presencia-de-un-escualo-de-dos-metros\/\" \/>\n\t<meta name=\"generator\" content=\"All in One SEO Pro (AIOSEO) 4.9.6.1\" \/>\n\t\t<meta property=\"og:locale\" content=\"es_ES\" \/>\n\t\t<meta property=\"og:site_name\" content=\"El Digital de Asturias \u2013 Revista de ocio, turismo y estilo de vida\" \/>\n\t\t<meta property=\"og:type\" content=\"article\" \/>\n\t\t<meta property=\"og:title\" content=\"Desalojan dos playas de Vinar\u00f2s ante la presencia de un escualo de dos metros | El Digital de Asturias\" \/>\n\t\t<meta property=\"og:description\" content=\"La presencia de un escualo de dos metros de longitud ha hecho que la Guardia Civil haya decidido desalojar este viernes de forma preventiva las playas del Fort\u00ed y Fora Forat de Vinar\u00f2s (Castell\u00f3n), que se extienden a lo largo del Paseo Mar\u00edtimo. As\u00ed, cuando el escualo --probablemente una tintorera-- abandon\u00f3 las aguas portuarias, los\" \/>\n\t\t<meta property=\"og:url\" content=\"https:\/\/eldigitaldeasturias.com\/magazine365\/desalojan-dos-playas-de-vinaros-ante-la-presencia-de-un-escualo-de-dos-metros\/\" \/>\n\t\t<meta property=\"og:image\" content=\"https:\/\/eldigitaldeasturias.com\/magazine365\/wp-content\/uploads\/2015\/06\/turismo2.jpg\" \/>\n\t\t<meta property=\"og:image:secure_url\" content=\"https:\/\/eldigitaldeasturias.com\/magazine365\/wp-content\/uploads\/2015\/06\/turismo2.jpg\" \/>\n\t\t<meta property=\"og:image:width\" content=\"800\" \/>\n\t\t<meta property=\"og:image:height\" content=\"600\" \/>\n\t\t<meta property=\"article:published_time\" content=\"2015-06-06T03:38:57+00:00\" \/>\n\t\t<meta property=\"article:modified_time\" content=\"2015-06-06T03:38:57+00:00\" \/>\n\t\t<meta name=\"twitter:card\" content=\"summary_large_image\" \/>\n\t\t<meta name=\"twitter:title\" content=\"Desalojan dos playas de Vinar\u00f2s ante la presencia de un escualo de dos metros | El Digital de Asturias\" \/>\n\t\t<meta name=\"twitter:description\" content=\"La presencia de un escualo de dos metros de longitud ha hecho que la Guardia Civil haya decidido desalojar este viernes de forma preventiva las playas del Fort\u00ed y Fora Forat de Vinar\u00f2s (Castell\u00f3n), que se extienden a lo largo del Paseo Mar\u00edtimo. As\u00ed, cuando el escualo --probablemente una tintorera-- abandon\u00f3 las aguas portuarias, los\" \/>\n\t\t<meta name=\"twitter:image\" content=\"https:\/\/eldigitaldeasturias.com\/magazine365\/wp-content\/uploads\/2015\/06\/turismo2.jpg\" \/>\n\t\t<script type=\"application\/ld+json\" class=\"aioseo-schema\">\n\t\t\t{\"@context\":\"https:\\\/\\\/schema.org\",\"@graph\":[{\"@type\":\"Article\",\"@id\":\"https:\\\/\\\/eldigitaldeasturias.com\\\/magazine365\\\/desalojan-dos-playas-de-vinaros-ante-la-presencia-de-un-escualo-de-dos-metros\\\/#article\",\"name\":\"Desalojan dos playas de Vinar\\u00f2s ante la presencia de un escualo de dos metros | El Digital de Asturias\",\"headline\":\"Desalojan dos playas de Vinar\\u00f2s ante la presencia de un escualo de dos metros\",\"author\":{\"@id\":\"https:\\\/\\\/eldigitaldeasturias.com\\\/magazine365\\\/author\\\/admin\\\/#author\"},\"publisher\":{\"@id\":\"https:\\\/\\\/eldigitaldeasturias.com\\\/magazine365\\\/#organization\"},\"image\":{\"@type\":\"ImageObject\",\"url\":\"https:\\\/\\\/eldigitaldeasturias.com\\\/magazine365\\\/wp-content\\\/uploads\\\/2015\\\/06\\\/turismo2.jpg\",\"width\":800,\"height\":600},\"datePublished\":\"2015-06-06T05:08:57+02:00\",\"dateModified\":\"2015-06-06T05:08:57+02:00\",\"inLanguage\":\"es-ES\",\"mainEntityOfPage\":{\"@id\":\"https:\\\/\\\/eldigitaldeasturias.com\\\/magazine365\\\/desalojan-dos-playas-de-vinaros-ante-la-presencia-de-un-escualo-de-dos-metros\\\/#webpage\"},\"isPartOf\":{\"@id\":\"https:\\\/\\\/eldigitaldeasturias.com\\\/magazine365\\\/desalojan-dos-playas-de-vinaros-ante-la-presencia-de-un-escualo-de-dos-metros\\\/#webpage\"},\"articleSection\":\"Actualidad Turismo\"},{\"@type\":\"BreadcrumbList\",\"@id\":\"https:\\\/\\\/eldigitaldeasturias.com\\\/magazine365\\\/desalojan-dos-playas-de-vinaros-ante-la-presencia-de-un-escualo-de-dos-metros\\\/#breadcrumblist\",\"itemListElement\":[{\"@type\":\"ListItem\",\"@id\":\"https:\\\/\\\/eldigitaldeasturias.com\\\/magazine365#listItem\",\"position\":1,\"name\":\"Home\",\"item\":\"https:\\\/\\\/eldigitaldeasturias.com\\\/magazine365\",\"nextItem\":{\"@type\":\"ListItem\",\"@id\":\"https:\\\/\\\/eldigitaldeasturias.com\\\/magazine365\\\/category\\\/actualidad-turismo\\\/#listItem\",\"name\":\"Actualidad Turismo\"}},{\"@type\":\"ListItem\",\"@id\":\"https:\\\/\\\/eldigitaldeasturias.com\\\/magazine365\\\/category\\\/actualidad-turismo\\\/#listItem\",\"position\":2,\"name\":\"Actualidad Turismo\",\"item\":\"https:\\\/\\\/eldigitaldeasturias.com\\\/magazine365\\\/category\\\/actualidad-turismo\\\/\",\"nextItem\":{\"@type\":\"ListItem\",\"@id\":\"https:\\\/\\\/eldigitaldeasturias.com\\\/magazine365\\\/desalojan-dos-playas-de-vinaros-ante-la-presencia-de-un-escualo-de-dos-metros\\\/#listItem\",\"name\":\"Desalojan dos playas de Vinar\\u00f2s ante la presencia de un escualo de dos metros\"},\"previousItem\":{\"@type\":\"ListItem\",\"@id\":\"https:\\\/\\\/eldigitaldeasturias.com\\\/magazine365#listItem\",\"name\":\"Home\"}},{\"@type\":\"ListItem\",\"@id\":\"https:\\\/\\\/eldigitaldeasturias.com\\\/magazine365\\\/desalojan-dos-playas-de-vinaros-ante-la-presencia-de-un-escualo-de-dos-metros\\\/#listItem\",\"position\":3,\"name\":\"Desalojan dos playas de Vinar\\u00f2s ante la presencia de un escualo de dos metros\",\"previousItem\":{\"@type\":\"ListItem\",\"@id\":\"https:\\\/\\\/eldigitaldeasturias.com\\\/magazine365\\\/category\\\/actualidad-turismo\\\/#listItem\",\"name\":\"Actualidad Turismo\"}}]},{\"@type\":\"Organization\",\"@id\":\"https:\\\/\\\/eldigitaldeasturias.com\\\/magazine365\\\/#organization\",\"name\":\"El digital de Asturias\",\"description\":\"Revista de ocio, turismo y estilo de vida\",\"url\":\"https:\\\/\\\/eldigitaldeasturias.com\\\/magazine365\\\/\",\"logo\":{\"@type\":\"ImageObject\",\"url\":\"https:\\\/\\\/www.eldigitaldeasturias.com\\\/noticias\\\/wp-content\\\/uploads\\\/2020\\\/12\\\/EDA.jpg\",\"@id\":\"https:\\\/\\\/eldigitaldeasturias.com\\\/magazine365\\\/desalojan-dos-playas-de-vinaros-ante-la-presencia-de-un-escualo-de-dos-metros\\\/#organizationLogo\"},\"image\":{\"@id\":\"https:\\\/\\\/eldigitaldeasturias.com\\\/magazine365\\\/desalojan-dos-playas-de-vinaros-ante-la-presencia-de-un-escualo-de-dos-metros\\\/#organizationLogo\"}},{\"@type\":\"Person\",\"@id\":\"https:\\\/\\\/eldigitaldeasturias.com\\\/magazine365\\\/author\\\/admin\\\/#author\",\"url\":\"https:\\\/\\\/eldigitaldeasturias.com\\\/magazine365\\\/author\\\/admin\\\/\",\"name\":\"admin\",\"image\":{\"@type\":\"ImageObject\",\"@id\":\"https:\\\/\\\/eldigitaldeasturias.com\\\/magazine365\\\/desalojan-dos-playas-de-vinaros-ante-la-presencia-de-un-escualo-de-dos-metros\\\/#authorImage\",\"url\":\"https:\\\/\\\/eldigitaldeasturias.com\\\/magazine365\\\/wp-content\\\/litespeed\\\/avatar\\\/e571bcf59a0edd6fa6838245a470f2fe.jpg?ver=1776969259\",\"width\":96,\"height\":96,\"caption\":\"admin\"}},{\"@type\":\"WebPage\",\"@id\":\"https:\\\/\\\/eldigitaldeasturias.com\\\/magazine365\\\/desalojan-dos-playas-de-vinaros-ante-la-presencia-de-un-escualo-de-dos-metros\\\/#webpage\",\"url\":\"https:\\\/\\\/eldigitaldeasturias.com\\\/magazine365\\\/desalojan-dos-playas-de-vinaros-ante-la-presencia-de-un-escualo-de-dos-metros\\\/\",\"name\":\"Desalojan dos playas de Vinar\\u00f2s ante la presencia de un escualo de dos metros | El Digital de Asturias\",\"description\":\"La presencia de un escualo de dos metros de longitud ha hecho que la Guardia Civil haya decidido desalojar este viernes de forma preventiva las playas del Fort\\u00ed y Fora Forat de Vinar\\u00f2s (Castell\\u00f3n), que se extienden a lo largo del Paseo Mar\\u00edtimo. As\\u00ed, cuando el escualo --probablemente una tintorera-- abandon\\u00f3 las aguas portuarias, los\",\"inLanguage\":\"es-ES\",\"isPartOf\":{\"@id\":\"https:\\\/\\\/eldigitaldeasturias.com\\\/magazine365\\\/#website\"},\"breadcrumb\":{\"@id\":\"https:\\\/\\\/eldigitaldeasturias.com\\\/magazine365\\\/desalojan-dos-playas-de-vinaros-ante-la-presencia-de-un-escualo-de-dos-metros\\\/#breadcrumblist\"},\"author\":{\"@id\":\"https:\\\/\\\/eldigitaldeasturias.com\\\/magazine365\\\/author\\\/admin\\\/#author\"},\"creator\":{\"@id\":\"https:\\\/\\\/eldigitaldeasturias.com\\\/magazine365\\\/author\\\/admin\\\/#author\"},\"image\":{\"@type\":\"ImageObject\",\"url\":\"https:\\\/\\\/eldigitaldeasturias.com\\\/magazine365\\\/wp-content\\\/uploads\\\/2015\\\/06\\\/turismo2.jpg\",\"@id\":\"https:\\\/\\\/eldigitaldeasturias.com\\\/magazine365\\\/desalojan-dos-playas-de-vinaros-ante-la-presencia-de-un-escualo-de-dos-metros\\\/#mainImage\",\"width\":800,\"height\":600},\"primaryImageOfPage\":{\"@id\":\"https:\\\/\\\/eldigitaldeasturias.com\\\/magazine365\\\/desalojan-dos-playas-de-vinaros-ante-la-presencia-de-un-escualo-de-dos-metros\\\/#mainImage\"},\"datePublished\":\"2015-06-06T05:08:57+02:00\",\"dateModified\":\"2015-06-06T05:08:57+02:00\"},{\"@type\":\"WebSite\",\"@id\":\"https:\\\/\\\/eldigitaldeasturias.com\\\/magazine365\\\/#website\",\"url\":\"https:\\\/\\\/eldigitaldeasturias.com\\\/magazine365\\\/\",\"name\":\"El Digital de Asturias\",\"description\":\"Revista de ocio, turismo y estilo de vida\",\"inLanguage\":\"es-ES\",\"publisher\":{\"@id\":\"https:\\\/\\\/eldigitaldeasturias.com\\\/magazine365\\\/#organization\"}}]}\n\t\t<\/script>\n\t\t<!-- All in One SEO Pro -->\r\n\t\t<title>Desalojan dos playas de Vinar\u00f2s ante la presencia de un escualo de dos metros | El Digital de Asturias<\/title>\n\n","aioseo_head_json":{"title":"Desalojan dos playas de Vinar\u00f2s ante la presencia de un escualo de dos metros | El Digital de Asturias","description":"La presencia de un escualo de dos metros de longitud ha hecho que la Guardia Civil haya decidido desalojar este viernes de forma preventiva las playas del Fort\u00ed y Fora Forat de Vinar\u00f2s (Castell\u00f3n), que se extienden a lo largo del Paseo Mar\u00edtimo. As\u00ed, cuando el escualo --probablemente una tintorera-- abandon\u00f3 las aguas portuarias, los","canonical_url":"https:\/\/eldigitaldeasturias.com\/magazine365\/desalojan-dos-playas-de-vinaros-ante-la-presencia-de-un-escualo-de-dos-metros\/","robots":"max-image-preview:large","keywords":"actualidad turismo","webmasterTools":{"google-site-verification":"UA-38556648-1","miscellaneous":""},"schema":{"@context":"https:\/\/schema.org","@graph":[{"@type":"Article","@id":"https:\/\/eldigitaldeasturias.com\/magazine365\/desalojan-dos-playas-de-vinaros-ante-la-presencia-de-un-escualo-de-dos-metros\/#article","name":"Desalojan dos playas de Vinar\u00f2s ante la presencia de un escualo de dos metros | El Digital de Asturias","headline":"Desalojan dos playas de Vinar\u00f2s ante la presencia de un escualo de dos metros","author":{"@id":"https:\/\/eldigitaldeasturias.com\/magazine365\/author\/admin\/#author"},"publisher":{"@id":"https:\/\/eldigitaldeasturias.com\/magazine365\/#organization"},"image":{"@type":"ImageObject","url":"https:\/\/eldigitaldeasturias.com\/magazine365\/wp-content\/uploads\/2015\/06\/turismo2.jpg","width":800,"height":600},"datePublished":"2015-06-06T05:08:57+02:00","dateModified":"2015-06-06T05:08:57+02:00","inLanguage":"es-ES","mainEntityOfPage":{"@id":"https:\/\/eldigitaldeasturias.com\/magazine365\/desalojan-dos-playas-de-vinaros-ante-la-presencia-de-un-escualo-de-dos-metros\/#webpage"},"isPartOf":{"@id":"https:\/\/eldigitaldeasturias.com\/magazine365\/desalojan-dos-playas-de-vinaros-ante-la-presencia-de-un-escualo-de-dos-metros\/#webpage"},"articleSection":"Actualidad Turismo"},{"@type":"BreadcrumbList","@id":"https:\/\/eldigitaldeasturias.com\/magazine365\/desalojan-dos-playas-de-vinaros-ante-la-presencia-de-un-escualo-de-dos-metros\/#breadcrumblist","itemListElement":[{"@type":"ListItem","@id":"https:\/\/eldigitaldeasturias.com\/magazine365#listItem","position":1,"name":"Home","item":"https:\/\/eldigitaldeasturias.com\/magazine365","nextItem":{"@type":"ListItem","@id":"https:\/\/eldigitaldeasturias.com\/magazine365\/category\/actualidad-turismo\/#listItem","name":"Actualidad Turismo"}},{"@type":"ListItem","@id":"https:\/\/eldigitaldeasturias.com\/magazine365\/category\/actualidad-turismo\/#listItem","position":2,"name":"Actualidad Turismo","item":"https:\/\/eldigitaldeasturias.com\/magazine365\/category\/actualidad-turismo\/","nextItem":{"@type":"ListItem","@id":"https:\/\/eldigitaldeasturias.com\/magazine365\/desalojan-dos-playas-de-vinaros-ante-la-presencia-de-un-escualo-de-dos-metros\/#listItem","name":"Desalojan dos playas de Vinar\u00f2s ante la presencia de un escualo de dos metros"},"previousItem":{"@type":"ListItem","@id":"https:\/\/eldigitaldeasturias.com\/magazine365#listItem","name":"Home"}},{"@type":"ListItem","@id":"https:\/\/eldigitaldeasturias.com\/magazine365\/desalojan-dos-playas-de-vinaros-ante-la-presencia-de-un-escualo-de-dos-metros\/#listItem","position":3,"name":"Desalojan dos playas de Vinar\u00f2s ante la presencia de un escualo de dos metros","previousItem":{"@type":"ListItem","@id":"https:\/\/eldigitaldeasturias.com\/magazine365\/category\/actualidad-turismo\/#listItem","name":"Actualidad Turismo"}}]},{"@type":"Organization","@id":"https:\/\/eldigitaldeasturias.com\/magazine365\/#organization","name":"El digital de Asturias","description":"Revista de ocio, turismo y estilo de vida","url":"https:\/\/eldigitaldeasturias.com\/magazine365\/","logo":{"@type":"ImageObject","url":"https:\/\/www.eldigitaldeasturias.com\/noticias\/wp-content\/uploads\/2020\/12\/EDA.jpg","@id":"https:\/\/eldigitaldeasturias.com\/magazine365\/desalojan-dos-playas-de-vinaros-ante-la-presencia-de-un-escualo-de-dos-metros\/#organizationLogo"},"image":{"@id":"https:\/\/eldigitaldeasturias.com\/magazine365\/desalojan-dos-playas-de-vinaros-ante-la-presencia-de-un-escualo-de-dos-metros\/#organizationLogo"}},{"@type":"Person","@id":"https:\/\/eldigitaldeasturias.com\/magazine365\/author\/admin\/#author","url":"https:\/\/eldigitaldeasturias.com\/magazine365\/author\/admin\/","name":"admin","image":{"@type":"ImageObject","@id":"https:\/\/eldigitaldeasturias.com\/magazine365\/desalojan-dos-playas-de-vinaros-ante-la-presencia-de-un-escualo-de-dos-metros\/#authorImage","url":"https:\/\/eldigitaldeasturias.com\/magazine365\/wp-content\/litespeed\/avatar\/e571bcf59a0edd6fa6838245a470f2fe.jpg?ver=1776969259","width":96,"height":96,"caption":"admin"}},{"@type":"WebPage","@id":"https:\/\/eldigitaldeasturias.com\/magazine365\/desalojan-dos-playas-de-vinaros-ante-la-presencia-de-un-escualo-de-dos-metros\/#webpage","url":"https:\/\/eldigitaldeasturias.com\/magazine365\/desalojan-dos-playas-de-vinaros-ante-la-presencia-de-un-escualo-de-dos-metros\/","name":"Desalojan dos playas de Vinar\u00f2s ante la presencia de un escualo de dos metros | El Digital de Asturias","description":"La presencia de un escualo de dos metros de longitud ha hecho que la Guardia Civil haya decidido desalojar este viernes de forma preventiva las playas del Fort\u00ed y Fora Forat de Vinar\u00f2s (Castell\u00f3n), que se extienden a lo largo del Paseo Mar\u00edtimo. As\u00ed, cuando el escualo --probablemente una tintorera-- abandon\u00f3 las aguas portuarias, los","inLanguage":"es-ES","isPartOf":{"@id":"https:\/\/eldigitaldeasturias.com\/magazine365\/#website"},"breadcrumb":{"@id":"https:\/\/eldigitaldeasturias.com\/magazine365\/desalojan-dos-playas-de-vinaros-ante-la-presencia-de-un-escualo-de-dos-metros\/#breadcrumblist"},"author":{"@id":"https:\/\/eldigitaldeasturias.com\/magazine365\/author\/admin\/#author"},"creator":{"@id":"https:\/\/eldigitaldeasturias.com\/magazine365\/author\/admin\/#author"},"image":{"@type":"ImageObject","url":"https:\/\/eldigitaldeasturias.com\/magazine365\/wp-content\/uploads\/2015\/06\/turismo2.jpg","@id":"https:\/\/eldigitaldeasturias.com\/magazine365\/desalojan-dos-playas-de-vinaros-ante-la-presencia-de-un-escualo-de-dos-metros\/#mainImage","width":800,"height":600},"primaryImageOfPage":{"@id":"https:\/\/eldigitaldeasturias.com\/magazine365\/desalojan-dos-playas-de-vinaros-ante-la-presencia-de-un-escualo-de-dos-metros\/#mainImage"},"datePublished":"2015-06-06T05:08:57+02:00","dateModified":"2015-06-06T05:08:57+02:00"},{"@type":"WebSite","@id":"https:\/\/eldigitaldeasturias.com\/magazine365\/#website","url":"https:\/\/eldigitaldeasturias.com\/magazine365\/","name":"El Digital de Asturias","description":"Revista de ocio, turismo y estilo de vida","inLanguage":"es-ES","publisher":{"@id":"https:\/\/eldigitaldeasturias.com\/magazine365\/#organization"}}]},"og:locale":"es_ES","og:site_name":"El Digital de Asturias \u2013 Revista de ocio, turismo y estilo de vida","og:type":"article","og:title":"Desalojan dos playas de Vinar\u00f2s ante la presencia de un escualo de dos metros | El Digital de Asturias","og:description":"La presencia de un escualo de dos metros de longitud ha hecho que la Guardia Civil haya decidido desalojar este viernes de forma preventiva las playas del Fort\u00ed y Fora Forat de Vinar\u00f2s (Castell\u00f3n), que se extienden a lo largo del Paseo Mar\u00edtimo. As\u00ed, cuando el escualo --probablemente una tintorera-- abandon\u00f3 las aguas portuarias, los","og:url":"https:\/\/eldigitaldeasturias.com\/magazine365\/desalojan-dos-playas-de-vinaros-ante-la-presencia-de-un-escualo-de-dos-metros\/","og:image":"https:\/\/eldigitaldeasturias.com\/magazine365\/wp-content\/uploads\/2015\/06\/turismo2.jpg","og:image:secure_url":"https:\/\/eldigitaldeasturias.com\/magazine365\/wp-content\/uploads\/2015\/06\/turismo2.jpg","og:image:width":800,"og:image:height":600,"article:published_time":"2015-06-06T03:38:57+00:00","article:modified_time":"2015-06-06T03:38:57+00:00","twitter:card":"summary_large_image","twitter:title":"Desalojan dos playas de Vinar\u00f2s ante la presencia de un escualo de dos metros | El Digital de Asturias","twitter:description":"La presencia de un escualo de dos metros de longitud ha hecho que la Guardia Civil haya decidido desalojar este viernes de forma preventiva las playas del Fort\u00ed y Fora Forat de Vinar\u00f2s (Castell\u00f3n), que se extienden a lo largo del Paseo Mar\u00edtimo. As\u00ed, cuando el escualo --probablemente una tintorera-- abandon\u00f3 las aguas portuarias, los","twitter:image":"https:\/\/eldigitaldeasturias.com\/magazine365\/wp-content\/uploads\/2015\/06\/turismo2.jpg"},"aioseo_meta_data":{"post_id":"39033","title":null,"description":null,"keywords":null,"keyphrases":null,"primary_term":null,"canonical_url":null,"og_title":null,"og_description":null,"og_object_type":"default","og_image_type":"default","og_image_url":null,"og_image_width":null,"og_image_height":null,"og_image_custom_url":null,"og_image_custom_fields":null,"og_video":null,"og_custom_url":null,"og_article_section":null,"og_article_tags":null,"twitter_use_og":false,"twitter_card":"default","twitter_image_type":"default","twitter_image_url":null,"twitter_image_custom_url":null,"twitter_image_custom_fields":null,"twitter_title":null,"twitter_description":null,"schema":{"blockGraphs":[],"customGraphs":[],"default":{"data":{"Article":[],"Course":[],"Dataset":[],"FAQPage":[],"Movie":[],"Person":[],"Product":[],"ProductReview":[],"Car":[],"Recipe":[],"Service":[],"SoftwareApplication":[],"WebPage":[]},"graphName":"","isEnabled":true},"graphs":[],"defaultGraph":"","defaultPostTypeGraph":""},"schema_type":null,"schema_type_options":null,"pillar_content":false,"robots_default":true,"robots_noindex":false,"robots_noarchive":false,"robots_nosnippet":false,"robots_nofollow":false,"robots_noimageindex":false,"robots_noodp":false,"robots_notranslate":false,"robots_max_snippet":null,"robots_max_videopreview":null,"robots_max_imagepreview":"large","priority":null,"frequency":null,"location":null,"local_seo":null,"seo_analyzer_scan_date":"2025-09-19 10:48:11","breadcrumb_settings":null,"limit_modified_date":false,"open_ai":null,"ai":null,"created":"2021-03-09 02:45:40","updated":"2025-09-19 10:48:11"},"aioseo_breadcrumb":"<div class=\"aioseo-breadcrumbs\"><span class=\"aioseo-breadcrumb\">\n\t<a href=\"https:\/\/eldigitaldeasturias.com\/magazine365\" title=\"Home\">Home<\/a>\n<\/span><span class=\"aioseo-breadcrumb-separator\">\u2013<\/span><span class=\"aioseo-breadcrumb\">\n\t<a href=\"https:\/\/eldigitaldeasturias.com\/magazine365\/category\/actualidad-turismo\/\" title=\"Actualidad Turismo\">Actualidad Turismo<\/a>\n<\/span><span class=\"aioseo-breadcrumb-separator\">\u2013<\/span><span class=\"aioseo-breadcrumb\">\n\t<a href=\"https:\/\/eldigitaldeasturias.com\/magazine365\/desalojan-dos-playas-de-vinaros-ante-la-presencia-de-un-escualo-de-dos-metros\/\" title=\"Desalojan dos playas de Vinar\u00f2s ante la presencia de un escualo de dos metros\">Desalojan dos playas de Vinar\u00f2s ante la presencia de un escualo de dos metros<\/a>\n<\/span><\/div>","aioseo_breadcrumb_json":[{"label":"Home","link":"https:\/\/eldigitaldeasturias.com\/magazine365"},{"label":"Actualidad Turismo","link":"https:\/\/eldigitaldeasturias.com\/magazine365\/category\/actualidad-turismo\/"},{"label":"Desalojan dos playas de Vinar\u00f2s ante la presencia de un escualo de dos metros","link":"https:\/\/eldigitaldeasturias.com\/magazine365\/desalojan-dos-playas-de-vinaros-ante-la-presencia-de-un-escualo-de-dos-metros\/"}],"_links":{"self":[{"href":"https:\/\/eldigitaldeasturias.com\/magazine365\/wp-json\/wp\/v2\/posts\/39033","targetHints":{"allow":["GET"]}}],"collection":[{"href":"https:\/\/eldigitaldeasturias.com\/magazine365\/wp-json\/wp\/v2\/posts"}],"about":[{"href":"https:\/\/eldigitaldeasturias.com\/magazine365\/wp-json\/wp\/v2\/types\/post"}],"author":[{"embeddable":true,"href":"https:\/\/eldigitaldeasturias.com\/magazine365\/wp-json\/wp\/v2\/users\/1"}],"replies":[{"embeddable":true,"href":"https:\/\/eldigitaldeasturias.com\/magazine365\/wp-json\/wp\/v2\/comments?post=39033"}],"version-history":[{"count":0,"href":"https:\/\/eldigitaldeasturias.com\/magazine365\/wp-json\/wp\/v2\/posts\/39033\/revisions"}],"wp:featuredmedia":[{"embeddable":true,"href":"https:\/\/eldigitaldeasturias.com\/magazine365\/wp-json\/wp\/v2\/media\/38965"}],"wp:attachment":[{"href":"https:\/\/eldigitaldeasturias.com\/magazine365\/wp-json\/wp\/v2\/media?parent=39033"}],"wp:term":[{"taxonomy":"category","embeddable":true,"href":"https:\/\/eldigitaldeasturias.com\/magazine365\/wp-json\/wp\/v2\/categories?post=39033"},{"taxonomy":"post_tag","embeddable":true,"href":"https:\/\/eldigitaldeasturias.com\/magazine365\/wp-json\/wp\/v2\/tags?post=39033"}],"curies":[{"name":"wp","href":"https:\/\/api.w.org\/{rel}","templated":true}]}}