{"id":39026,"date":"2015-06-06T05:05:36","date_gmt":"2015-06-06T03:35:36","guid":{"rendered":"http:\/\/eldigitaldeasturias.com\/magazine365\/?p=39026"},"modified":"2015-06-06T05:05:36","modified_gmt":"2015-06-06T03:35:36","slug":"talgo-se-deja-un-153-en-su-primer-mes-en-bolsa","status":"publish","type":"post","link":"https:\/\/eldigitaldeasturias.com\/magazine365\/talgo-se-deja-un-153-en-su-primer-mes-en-bolsa\/","title":{"rendered":"Talgo se deja un 15,3% en su primer mes en Bolsa"},"content":{"rendered":"<p><img fetchpriority=\"high\" decoding=\"async\" class=\"alignleft size-medium wp-image-39027\" src=\"https:\/\/eldigitaldeasturias.com\/magazine365\/wp-content\/uploads\/2015\/06\/fotonoticia_20150605182505_800-360x240.jpg\" alt=\"fotonoticia_20150605182505_800\" width=\"360\" height=\"240\" srcset=\"https:\/\/eldigitaldeasturias.com\/magazine365\/wp-content\/uploads\/2015\/06\/fotonoticia_20150605182505_800-360x240.jpg 360w, https:\/\/eldigitaldeasturias.com\/magazine365\/wp-content\/uploads\/2015\/06\/fotonoticia_20150605182505_800-650x433.jpg 650w, https:\/\/eldigitaldeasturias.com\/magazine365\/wp-content\/uploads\/2015\/06\/fotonoticia_20150605182505_800-768x512.jpg 768w, https:\/\/eldigitaldeasturias.com\/magazine365\/wp-content\/uploads\/2015\/06\/fotonoticia_20150605182505_800-150x100.jpg 150w, https:\/\/eldigitaldeasturias.com\/magazine365\/wp-content\/uploads\/2015\/06\/fotonoticia_20150605182505_800-450x300.jpg 450w, https:\/\/eldigitaldeasturias.com\/magazine365\/wp-content\/uploads\/2015\/06\/fotonoticia_20150605182505_800-696x464.jpg 696w, https:\/\/eldigitaldeasturias.com\/magazine365\/wp-content\/uploads\/2015\/06\/fotonoticia_20150605182505_800-630x420.jpg 630w, https:\/\/eldigitaldeasturias.com\/magazine365\/wp-content\/uploads\/2015\/06\/fotonoticia_20150605182505_800-84x55.jpg 84w, https:\/\/eldigitaldeasturias.com\/magazine365\/wp-content\/uploads\/2015\/06\/fotonoticia_20150605182505_800.jpg 800w\" sizes=\"(max-width: 360px) 100vw, 360px\" \/>Talgo ha saldado su primer mes en Bolsa con un descenso del 15,3%, dado que ha cerrado la sesi\u00f3n de este viernes a 7,830 euros por acci\u00f3n, frente al precio de 9,25 euros por t\u00edtulo al que se estren\u00f3 en el mercado el pasado 7 de mayo.<\/p>\n<p>El fabricante de trenes ha cotizado durante todo su primer mes en el parqu\u00e9 por debajo de la cota de los 9 euros por acci\u00f3n. En concreto, en este periodo el precio de cierre de sus t\u00edtulos ha oscilado entre un m\u00ednimo y un m\u00e1ximo de 7,706 y 8,720 euros por acci\u00f3n.<\/p>\n<p>La compa\u00f1\u00eda no logr\u00f3 tampoco cerrar en verde la jornada v\u00edspera de que se cumpla su primer mes como cotizada, en la que pese a cotizar al alza durante gran parte de la sesi\u00f3n, finalmente la concluy\u00f3 con un leve descenso del 0,25%.<\/p>\n<p>Talgo protagoniz\u00f3 hace un mes el quinto estreno en Bolsa del a\u00f1o, apenas dos horas despu\u00e9s del cuarto, el de Cellnex Telecom, la filial de telecomunicaciones de Abertis.<\/p>\n<p>La compa\u00f1\u00eda que preside Carlos Palacio coloc\u00f3 mediante una oferta p\u00fablica de venta (OPV) entre inversores institucionales un 45% de su capital social. El 55% restante sigue controlado por Trilantic Capital, la familia Oriol y MCH Private Equity.<\/p>\n<p>La estrategia de Talgo, tras el \u00abhist\u00f3rico hito\u00bb que supuso tocar la campana que marca la salida a Bolsa para una empresa de 73 a\u00f1os de historia, pasa por continuar reforzando su internacionalizaci\u00f3n. Para ello, la compa\u00f1\u00eda mira hacia India y otros pa\u00edses emergentes.<\/p>\n<p>Por el momento, desde que hace un mes empez\u00f3 a cotizar, el fabricante ha tomado el control de la sociedad participada que tiene en Kazajistan, propietaria de una planta de producci\u00f3n desde la que suministrar\u00e1 al pa\u00eds 420 coches de trenes de viajeros por un importe de 300 millones de euros.<\/p>\n<p>Asimismo, en este periodo Talgo se ha estrenado en Rusia, donde el pasado 1 de junio comenz\u00f3 a circular el primero de los cuatro trenes que sumnitrar\u00e1 al pa\u00eds. Se trata de un tren que prestar\u00e1 servicio entre Mosc\u00fa y Nizhni-N\u00f3vgorod, la segunda l\u00ednea ferroviaria m\u00e1s importante de Rusia, de 440 kil\u00f3metros de longitud.<\/p>\n","protected":false},"excerpt":{"rendered":"<p>Talgo ha saldado su primer mes en Bolsa con un descenso del 15,3%, dado que ha cerrado la sesi\u00f3n de este viernes a 7,830 euros por acci\u00f3n, frente al precio de 9,25 euros por t\u00edtulo al que se estren\u00f3 en el mercado el pasado 7 de mayo. El fabricante de trenes ha cotizado durante todo<\/p>\n","protected":false},"author":1,"featured_media":39027,"comment_status":"open","ping_status":"closed","sticky":false,"template":"","format":"standard","meta":{"footnotes":""},"categories":[222],"tags":[],"class_list":{"0":"post-39026","1":"post","2":"type-post","3":"status-publish","4":"format-standard","5":"has-post-thumbnail","7":"category-actualidad-turismo"},"aioseo_notices":[],"aioseo_head":"\n\t\t<!-- All in One SEO Pro 4.9.6.1 - aioseo.com -->\n\t<meta name=\"description\" content=\"Talgo ha saldado su primer mes en Bolsa con un descenso del 15,3%, dado que ha cerrado la sesi\u00f3n de este viernes a 7,830 euros por acci\u00f3n, frente al precio de 9,25 euros por t\u00edtulo al que se estren\u00f3 en el mercado el pasado 7 de mayo. El fabricante de trenes ha cotizado durante todo\" \/>\n\t<meta name=\"robots\" content=\"max-image-preview:large\" \/>\n\t<meta name=\"author\" content=\"admin\"\/>\n\t<meta name=\"google-site-verification\" content=\"UA-38556648-1\" \/>\n\t<meta name=\"keywords\" content=\"actualidad turismo\" \/>\n\t<link rel=\"canonical\" href=\"https:\/\/eldigitaldeasturias.com\/magazine365\/talgo-se-deja-un-153-en-su-primer-mes-en-bolsa\/\" \/>\n\t<meta name=\"generator\" content=\"All in One SEO Pro (AIOSEO) 4.9.6.1\" \/>\n\t\t<meta property=\"og:locale\" content=\"es_ES\" \/>\n\t\t<meta property=\"og:site_name\" content=\"El Digital de Asturias \u2013 Revista de ocio, turismo y estilo de vida\" \/>\n\t\t<meta property=\"og:type\" content=\"article\" \/>\n\t\t<meta property=\"og:title\" content=\"Talgo se deja un 15,3% en su primer mes en Bolsa | El Digital de Asturias\" \/>\n\t\t<meta property=\"og:description\" content=\"Talgo ha saldado su primer mes en Bolsa con un descenso del 15,3%, dado que ha cerrado la sesi\u00f3n de este viernes a 7,830 euros por acci\u00f3n, frente al precio de 9,25 euros por t\u00edtulo al que se estren\u00f3 en el mercado el pasado 7 de mayo. El fabricante de trenes ha cotizado durante todo\" \/>\n\t\t<meta property=\"og:url\" content=\"https:\/\/eldigitaldeasturias.com\/magazine365\/talgo-se-deja-un-153-en-su-primer-mes-en-bolsa\/\" \/>\n\t\t<meta property=\"og:image\" content=\"https:\/\/eldigitaldeasturias.com\/magazine365\/wp-content\/uploads\/2015\/06\/fotonoticia_20150605182505_800.jpg\" \/>\n\t\t<meta property=\"og:image:secure_url\" content=\"https:\/\/eldigitaldeasturias.com\/magazine365\/wp-content\/uploads\/2015\/06\/fotonoticia_20150605182505_800.jpg\" \/>\n\t\t<meta property=\"og:image:width\" content=\"800\" \/>\n\t\t<meta property=\"og:image:height\" content=\"533\" \/>\n\t\t<meta property=\"article:published_time\" content=\"2015-06-06T03:35:36+00:00\" \/>\n\t\t<meta property=\"article:modified_time\" content=\"2015-06-06T03:35:36+00:00\" \/>\n\t\t<meta name=\"twitter:card\" content=\"summary_large_image\" \/>\n\t\t<meta name=\"twitter:title\" content=\"Talgo se deja un 15,3% en su primer mes en Bolsa | El Digital de Asturias\" \/>\n\t\t<meta name=\"twitter:description\" content=\"Talgo ha saldado su primer mes en Bolsa con un descenso del 15,3%, dado que ha cerrado la sesi\u00f3n de este viernes a 7,830 euros por acci\u00f3n, frente al precio de 9,25 euros por t\u00edtulo al que se estren\u00f3 en el mercado el pasado 7 de mayo. El fabricante de trenes ha cotizado durante todo\" \/>\n\t\t<meta name=\"twitter:image\" content=\"https:\/\/eldigitaldeasturias.com\/magazine365\/wp-content\/uploads\/2015\/06\/fotonoticia_20150605182505_800.jpg\" \/>\n\t\t<script type=\"application\/ld+json\" class=\"aioseo-schema\">\n\t\t\t{\"@context\":\"https:\\\/\\\/schema.org\",\"@graph\":[{\"@type\":\"Article\",\"@id\":\"https:\\\/\\\/eldigitaldeasturias.com\\\/magazine365\\\/talgo-se-deja-un-153-en-su-primer-mes-en-bolsa\\\/#article\",\"name\":\"Talgo se deja un 15,3% en su primer mes en Bolsa | El Digital de Asturias\",\"headline\":\"Talgo se deja un 15,3% en su primer mes en Bolsa\",\"author\":{\"@id\":\"https:\\\/\\\/eldigitaldeasturias.com\\\/magazine365\\\/author\\\/admin\\\/#author\"},\"publisher\":{\"@id\":\"https:\\\/\\\/eldigitaldeasturias.com\\\/magazine365\\\/#organization\"},\"image\":{\"@type\":\"ImageObject\",\"url\":\"https:\\\/\\\/eldigitaldeasturias.com\\\/magazine365\\\/wp-content\\\/uploads\\\/2015\\\/06\\\/fotonoticia_20150605182505_800.jpg\",\"width\":800,\"height\":533},\"datePublished\":\"2015-06-06T05:05:36+02:00\",\"dateModified\":\"2015-06-06T05:05:36+02:00\",\"inLanguage\":\"es-ES\",\"mainEntityOfPage\":{\"@id\":\"https:\\\/\\\/eldigitaldeasturias.com\\\/magazine365\\\/talgo-se-deja-un-153-en-su-primer-mes-en-bolsa\\\/#webpage\"},\"isPartOf\":{\"@id\":\"https:\\\/\\\/eldigitaldeasturias.com\\\/magazine365\\\/talgo-se-deja-un-153-en-su-primer-mes-en-bolsa\\\/#webpage\"},\"articleSection\":\"Actualidad Turismo\"},{\"@type\":\"BreadcrumbList\",\"@id\":\"https:\\\/\\\/eldigitaldeasturias.com\\\/magazine365\\\/talgo-se-deja-un-153-en-su-primer-mes-en-bolsa\\\/#breadcrumblist\",\"itemListElement\":[{\"@type\":\"ListItem\",\"@id\":\"https:\\\/\\\/eldigitaldeasturias.com\\\/magazine365#listItem\",\"position\":1,\"name\":\"Home\",\"item\":\"https:\\\/\\\/eldigitaldeasturias.com\\\/magazine365\",\"nextItem\":{\"@type\":\"ListItem\",\"@id\":\"https:\\\/\\\/eldigitaldeasturias.com\\\/magazine365\\\/category\\\/actualidad-turismo\\\/#listItem\",\"name\":\"Actualidad Turismo\"}},{\"@type\":\"ListItem\",\"@id\":\"https:\\\/\\\/eldigitaldeasturias.com\\\/magazine365\\\/category\\\/actualidad-turismo\\\/#listItem\",\"position\":2,\"name\":\"Actualidad Turismo\",\"item\":\"https:\\\/\\\/eldigitaldeasturias.com\\\/magazine365\\\/category\\\/actualidad-turismo\\\/\",\"nextItem\":{\"@type\":\"ListItem\",\"@id\":\"https:\\\/\\\/eldigitaldeasturias.com\\\/magazine365\\\/talgo-se-deja-un-153-en-su-primer-mes-en-bolsa\\\/#listItem\",\"name\":\"Talgo se deja un 15,3% en su primer mes en Bolsa\"},\"previousItem\":{\"@type\":\"ListItem\",\"@id\":\"https:\\\/\\\/eldigitaldeasturias.com\\\/magazine365#listItem\",\"name\":\"Home\"}},{\"@type\":\"ListItem\",\"@id\":\"https:\\\/\\\/eldigitaldeasturias.com\\\/magazine365\\\/talgo-se-deja-un-153-en-su-primer-mes-en-bolsa\\\/#listItem\",\"position\":3,\"name\":\"Talgo se deja un 15,3% en su primer mes en Bolsa\",\"previousItem\":{\"@type\":\"ListItem\",\"@id\":\"https:\\\/\\\/eldigitaldeasturias.com\\\/magazine365\\\/category\\\/actualidad-turismo\\\/#listItem\",\"name\":\"Actualidad Turismo\"}}]},{\"@type\":\"Organization\",\"@id\":\"https:\\\/\\\/eldigitaldeasturias.com\\\/magazine365\\\/#organization\",\"name\":\"El digital de Asturias\",\"description\":\"Revista de ocio, turismo y estilo de vida\",\"url\":\"https:\\\/\\\/eldigitaldeasturias.com\\\/magazine365\\\/\",\"logo\":{\"@type\":\"ImageObject\",\"url\":\"https:\\\/\\\/www.eldigitaldeasturias.com\\\/noticias\\\/wp-content\\\/uploads\\\/2020\\\/12\\\/EDA.jpg\",\"@id\":\"https:\\\/\\\/eldigitaldeasturias.com\\\/magazine365\\\/talgo-se-deja-un-153-en-su-primer-mes-en-bolsa\\\/#organizationLogo\"},\"image\":{\"@id\":\"https:\\\/\\\/eldigitaldeasturias.com\\\/magazine365\\\/talgo-se-deja-un-153-en-su-primer-mes-en-bolsa\\\/#organizationLogo\"}},{\"@type\":\"Person\",\"@id\":\"https:\\\/\\\/eldigitaldeasturias.com\\\/magazine365\\\/author\\\/admin\\\/#author\",\"url\":\"https:\\\/\\\/eldigitaldeasturias.com\\\/magazine365\\\/author\\\/admin\\\/\",\"name\":\"admin\",\"image\":{\"@type\":\"ImageObject\",\"@id\":\"https:\\\/\\\/eldigitaldeasturias.com\\\/magazine365\\\/talgo-se-deja-un-153-en-su-primer-mes-en-bolsa\\\/#authorImage\",\"url\":\"https:\\\/\\\/eldigitaldeasturias.com\\\/magazine365\\\/wp-content\\\/litespeed\\\/avatar\\\/e571bcf59a0edd6fa6838245a470f2fe.jpg?ver=1776969259\",\"width\":96,\"height\":96,\"caption\":\"admin\"}},{\"@type\":\"WebPage\",\"@id\":\"https:\\\/\\\/eldigitaldeasturias.com\\\/magazine365\\\/talgo-se-deja-un-153-en-su-primer-mes-en-bolsa\\\/#webpage\",\"url\":\"https:\\\/\\\/eldigitaldeasturias.com\\\/magazine365\\\/talgo-se-deja-un-153-en-su-primer-mes-en-bolsa\\\/\",\"name\":\"Talgo se deja un 15,3% en su primer mes en Bolsa | El Digital de Asturias\",\"description\":\"Talgo ha saldado su primer mes en Bolsa con un descenso del 15,3%, dado que ha cerrado la sesi\\u00f3n de este viernes a 7,830 euros por acci\\u00f3n, frente al precio de 9,25 euros por t\\u00edtulo al que se estren\\u00f3 en el mercado el pasado 7 de mayo. El fabricante de trenes ha cotizado durante todo\",\"inLanguage\":\"es-ES\",\"isPartOf\":{\"@id\":\"https:\\\/\\\/eldigitaldeasturias.com\\\/magazine365\\\/#website\"},\"breadcrumb\":{\"@id\":\"https:\\\/\\\/eldigitaldeasturias.com\\\/magazine365\\\/talgo-se-deja-un-153-en-su-primer-mes-en-bolsa\\\/#breadcrumblist\"},\"author\":{\"@id\":\"https:\\\/\\\/eldigitaldeasturias.com\\\/magazine365\\\/author\\\/admin\\\/#author\"},\"creator\":{\"@id\":\"https:\\\/\\\/eldigitaldeasturias.com\\\/magazine365\\\/author\\\/admin\\\/#author\"},\"image\":{\"@type\":\"ImageObject\",\"url\":\"https:\\\/\\\/eldigitaldeasturias.com\\\/magazine365\\\/wp-content\\\/uploads\\\/2015\\\/06\\\/fotonoticia_20150605182505_800.jpg\",\"@id\":\"https:\\\/\\\/eldigitaldeasturias.com\\\/magazine365\\\/talgo-se-deja-un-153-en-su-primer-mes-en-bolsa\\\/#mainImage\",\"width\":800,\"height\":533},\"primaryImageOfPage\":{\"@id\":\"https:\\\/\\\/eldigitaldeasturias.com\\\/magazine365\\\/talgo-se-deja-un-153-en-su-primer-mes-en-bolsa\\\/#mainImage\"},\"datePublished\":\"2015-06-06T05:05:36+02:00\",\"dateModified\":\"2015-06-06T05:05:36+02:00\"},{\"@type\":\"WebSite\",\"@id\":\"https:\\\/\\\/eldigitaldeasturias.com\\\/magazine365\\\/#website\",\"url\":\"https:\\\/\\\/eldigitaldeasturias.com\\\/magazine365\\\/\",\"name\":\"El Digital de Asturias\",\"description\":\"Revista de ocio, turismo y estilo de vida\",\"inLanguage\":\"es-ES\",\"publisher\":{\"@id\":\"https:\\\/\\\/eldigitaldeasturias.com\\\/magazine365\\\/#organization\"}}]}\n\t\t<\/script>\n\t\t<!-- All in One SEO Pro -->\r\n\t\t<title>Talgo se deja un 15,3% en su primer mes en Bolsa | El Digital de Asturias<\/title>\n\n","aioseo_head_json":{"title":"Talgo se deja un 15,3% en su primer mes en Bolsa | El Digital de Asturias","description":"Talgo ha saldado su primer mes en Bolsa con un descenso del 15,3%, dado que ha cerrado la sesi\u00f3n de este viernes a 7,830 euros por acci\u00f3n, frente al precio de 9,25 euros por t\u00edtulo al que se estren\u00f3 en el mercado el pasado 7 de mayo. El fabricante de trenes ha cotizado durante todo","canonical_url":"https:\/\/eldigitaldeasturias.com\/magazine365\/talgo-se-deja-un-153-en-su-primer-mes-en-bolsa\/","robots":"max-image-preview:large","keywords":"actualidad turismo","webmasterTools":{"google-site-verification":"UA-38556648-1","miscellaneous":""},"schema":{"@context":"https:\/\/schema.org","@graph":[{"@type":"Article","@id":"https:\/\/eldigitaldeasturias.com\/magazine365\/talgo-se-deja-un-153-en-su-primer-mes-en-bolsa\/#article","name":"Talgo se deja un 15,3% en su primer mes en Bolsa | El Digital de Asturias","headline":"Talgo se deja un 15,3% en su primer mes en Bolsa","author":{"@id":"https:\/\/eldigitaldeasturias.com\/magazine365\/author\/admin\/#author"},"publisher":{"@id":"https:\/\/eldigitaldeasturias.com\/magazine365\/#organization"},"image":{"@type":"ImageObject","url":"https:\/\/eldigitaldeasturias.com\/magazine365\/wp-content\/uploads\/2015\/06\/fotonoticia_20150605182505_800.jpg","width":800,"height":533},"datePublished":"2015-06-06T05:05:36+02:00","dateModified":"2015-06-06T05:05:36+02:00","inLanguage":"es-ES","mainEntityOfPage":{"@id":"https:\/\/eldigitaldeasturias.com\/magazine365\/talgo-se-deja-un-153-en-su-primer-mes-en-bolsa\/#webpage"},"isPartOf":{"@id":"https:\/\/eldigitaldeasturias.com\/magazine365\/talgo-se-deja-un-153-en-su-primer-mes-en-bolsa\/#webpage"},"articleSection":"Actualidad Turismo"},{"@type":"BreadcrumbList","@id":"https:\/\/eldigitaldeasturias.com\/magazine365\/talgo-se-deja-un-153-en-su-primer-mes-en-bolsa\/#breadcrumblist","itemListElement":[{"@type":"ListItem","@id":"https:\/\/eldigitaldeasturias.com\/magazine365#listItem","position":1,"name":"Home","item":"https:\/\/eldigitaldeasturias.com\/magazine365","nextItem":{"@type":"ListItem","@id":"https:\/\/eldigitaldeasturias.com\/magazine365\/category\/actualidad-turismo\/#listItem","name":"Actualidad Turismo"}},{"@type":"ListItem","@id":"https:\/\/eldigitaldeasturias.com\/magazine365\/category\/actualidad-turismo\/#listItem","position":2,"name":"Actualidad Turismo","item":"https:\/\/eldigitaldeasturias.com\/magazine365\/category\/actualidad-turismo\/","nextItem":{"@type":"ListItem","@id":"https:\/\/eldigitaldeasturias.com\/magazine365\/talgo-se-deja-un-153-en-su-primer-mes-en-bolsa\/#listItem","name":"Talgo se deja un 15,3% en su primer mes en Bolsa"},"previousItem":{"@type":"ListItem","@id":"https:\/\/eldigitaldeasturias.com\/magazine365#listItem","name":"Home"}},{"@type":"ListItem","@id":"https:\/\/eldigitaldeasturias.com\/magazine365\/talgo-se-deja-un-153-en-su-primer-mes-en-bolsa\/#listItem","position":3,"name":"Talgo se deja un 15,3% en su primer mes en Bolsa","previousItem":{"@type":"ListItem","@id":"https:\/\/eldigitaldeasturias.com\/magazine365\/category\/actualidad-turismo\/#listItem","name":"Actualidad Turismo"}}]},{"@type":"Organization","@id":"https:\/\/eldigitaldeasturias.com\/magazine365\/#organization","name":"El digital de Asturias","description":"Revista de ocio, turismo y estilo de vida","url":"https:\/\/eldigitaldeasturias.com\/magazine365\/","logo":{"@type":"ImageObject","url":"https:\/\/www.eldigitaldeasturias.com\/noticias\/wp-content\/uploads\/2020\/12\/EDA.jpg","@id":"https:\/\/eldigitaldeasturias.com\/magazine365\/talgo-se-deja-un-153-en-su-primer-mes-en-bolsa\/#organizationLogo"},"image":{"@id":"https:\/\/eldigitaldeasturias.com\/magazine365\/talgo-se-deja-un-153-en-su-primer-mes-en-bolsa\/#organizationLogo"}},{"@type":"Person","@id":"https:\/\/eldigitaldeasturias.com\/magazine365\/author\/admin\/#author","url":"https:\/\/eldigitaldeasturias.com\/magazine365\/author\/admin\/","name":"admin","image":{"@type":"ImageObject","@id":"https:\/\/eldigitaldeasturias.com\/magazine365\/talgo-se-deja-un-153-en-su-primer-mes-en-bolsa\/#authorImage","url":"https:\/\/eldigitaldeasturias.com\/magazine365\/wp-content\/litespeed\/avatar\/e571bcf59a0edd6fa6838245a470f2fe.jpg?ver=1776969259","width":96,"height":96,"caption":"admin"}},{"@type":"WebPage","@id":"https:\/\/eldigitaldeasturias.com\/magazine365\/talgo-se-deja-un-153-en-su-primer-mes-en-bolsa\/#webpage","url":"https:\/\/eldigitaldeasturias.com\/magazine365\/talgo-se-deja-un-153-en-su-primer-mes-en-bolsa\/","name":"Talgo se deja un 15,3% en su primer mes en Bolsa | El Digital de Asturias","description":"Talgo ha saldado su primer mes en Bolsa con un descenso del 15,3%, dado que ha cerrado la sesi\u00f3n de este viernes a 7,830 euros por acci\u00f3n, frente al precio de 9,25 euros por t\u00edtulo al que se estren\u00f3 en el mercado el pasado 7 de mayo. El fabricante de trenes ha cotizado durante todo","inLanguage":"es-ES","isPartOf":{"@id":"https:\/\/eldigitaldeasturias.com\/magazine365\/#website"},"breadcrumb":{"@id":"https:\/\/eldigitaldeasturias.com\/magazine365\/talgo-se-deja-un-153-en-su-primer-mes-en-bolsa\/#breadcrumblist"},"author":{"@id":"https:\/\/eldigitaldeasturias.com\/magazine365\/author\/admin\/#author"},"creator":{"@id":"https:\/\/eldigitaldeasturias.com\/magazine365\/author\/admin\/#author"},"image":{"@type":"ImageObject","url":"https:\/\/eldigitaldeasturias.com\/magazine365\/wp-content\/uploads\/2015\/06\/fotonoticia_20150605182505_800.jpg","@id":"https:\/\/eldigitaldeasturias.com\/magazine365\/talgo-se-deja-un-153-en-su-primer-mes-en-bolsa\/#mainImage","width":800,"height":533},"primaryImageOfPage":{"@id":"https:\/\/eldigitaldeasturias.com\/magazine365\/talgo-se-deja-un-153-en-su-primer-mes-en-bolsa\/#mainImage"},"datePublished":"2015-06-06T05:05:36+02:00","dateModified":"2015-06-06T05:05:36+02:00"},{"@type":"WebSite","@id":"https:\/\/eldigitaldeasturias.com\/magazine365\/#website","url":"https:\/\/eldigitaldeasturias.com\/magazine365\/","name":"El Digital de Asturias","description":"Revista de ocio, turismo y estilo de vida","inLanguage":"es-ES","publisher":{"@id":"https:\/\/eldigitaldeasturias.com\/magazine365\/#organization"}}]},"og:locale":"es_ES","og:site_name":"El Digital de Asturias \u2013 Revista de ocio, turismo y estilo de vida","og:type":"article","og:title":"Talgo se deja un 15,3% en su primer mes en Bolsa | El Digital de Asturias","og:description":"Talgo ha saldado su primer mes en Bolsa con un descenso del 15,3%, dado que ha cerrado la sesi\u00f3n de este viernes a 7,830 euros por acci\u00f3n, frente al precio de 9,25 euros por t\u00edtulo al que se estren\u00f3 en el mercado el pasado 7 de mayo. El fabricante de trenes ha cotizado durante todo","og:url":"https:\/\/eldigitaldeasturias.com\/magazine365\/talgo-se-deja-un-153-en-su-primer-mes-en-bolsa\/","og:image":"https:\/\/eldigitaldeasturias.com\/magazine365\/wp-content\/uploads\/2015\/06\/fotonoticia_20150605182505_800.jpg","og:image:secure_url":"https:\/\/eldigitaldeasturias.com\/magazine365\/wp-content\/uploads\/2015\/06\/fotonoticia_20150605182505_800.jpg","og:image:width":800,"og:image:height":533,"article:published_time":"2015-06-06T03:35:36+00:00","article:modified_time":"2015-06-06T03:35:36+00:00","twitter:card":"summary_large_image","twitter:title":"Talgo se deja un 15,3% en su primer mes en Bolsa | El Digital de Asturias","twitter:description":"Talgo ha saldado su primer mes en Bolsa con un descenso del 15,3%, dado que ha cerrado la sesi\u00f3n de este viernes a 7,830 euros por acci\u00f3n, frente al precio de 9,25 euros por t\u00edtulo al que se estren\u00f3 en el mercado el pasado 7 de mayo. El fabricante de trenes ha cotizado durante todo","twitter:image":"https:\/\/eldigitaldeasturias.com\/magazine365\/wp-content\/uploads\/2015\/06\/fotonoticia_20150605182505_800.jpg"},"aioseo_meta_data":{"post_id":"39026","title":null,"description":null,"keywords":null,"keyphrases":null,"primary_term":null,"canonical_url":null,"og_title":null,"og_description":null,"og_object_type":"default","og_image_type":"default","og_image_url":null,"og_image_width":null,"og_image_height":null,"og_image_custom_url":null,"og_image_custom_fields":null,"og_video":null,"og_custom_url":null,"og_article_section":null,"og_article_tags":null,"twitter_use_og":false,"twitter_card":"default","twitter_image_type":"default","twitter_image_url":null,"twitter_image_custom_url":null,"twitter_image_custom_fields":null,"twitter_title":null,"twitter_description":null,"schema":{"blockGraphs":[],"customGraphs":[],"default":{"data":{"Article":[],"Course":[],"Dataset":[],"FAQPage":[],"Movie":[],"Person":[],"Product":[],"ProductReview":[],"Car":[],"Recipe":[],"Service":[],"SoftwareApplication":[],"WebPage":[]},"graphName":"","isEnabled":true},"graphs":[],"defaultGraph":"","defaultPostTypeGraph":""},"schema_type":null,"schema_type_options":null,"pillar_content":false,"robots_default":true,"robots_noindex":false,"robots_noarchive":false,"robots_nosnippet":false,"robots_nofollow":false,"robots_noimageindex":false,"robots_noodp":false,"robots_notranslate":false,"robots_max_snippet":null,"robots_max_videopreview":null,"robots_max_imagepreview":"large","priority":null,"frequency":null,"location":null,"local_seo":null,"seo_analyzer_scan_date":"2025-09-19 10:48:09","breadcrumb_settings":null,"limit_modified_date":false,"open_ai":null,"ai":null,"created":"2021-03-09 02:45:40","updated":"2025-09-19 10:48:09"},"aioseo_breadcrumb":"<div class=\"aioseo-breadcrumbs\"><span class=\"aioseo-breadcrumb\">\n\t<a href=\"https:\/\/eldigitaldeasturias.com\/magazine365\" title=\"Home\">Home<\/a>\n<\/span><span class=\"aioseo-breadcrumb-separator\">\u2013<\/span><span class=\"aioseo-breadcrumb\">\n\t<a href=\"https:\/\/eldigitaldeasturias.com\/magazine365\/category\/actualidad-turismo\/\" title=\"Actualidad Turismo\">Actualidad Turismo<\/a>\n<\/span><span class=\"aioseo-breadcrumb-separator\">\u2013<\/span><span class=\"aioseo-breadcrumb\">\n\t<a href=\"https:\/\/eldigitaldeasturias.com\/magazine365\/talgo-se-deja-un-153-en-su-primer-mes-en-bolsa\/\" title=\"Talgo se deja un 15,3% en su primer mes en Bolsa\">Talgo se deja un 15,3% en su primer mes en Bolsa<\/a>\n<\/span><\/div>","aioseo_breadcrumb_json":[{"label":"Home","link":"https:\/\/eldigitaldeasturias.com\/magazine365"},{"label":"Actualidad Turismo","link":"https:\/\/eldigitaldeasturias.com\/magazine365\/category\/actualidad-turismo\/"},{"label":"Talgo se deja un 15,3% en su primer mes en Bolsa","link":"https:\/\/eldigitaldeasturias.com\/magazine365\/talgo-se-deja-un-153-en-su-primer-mes-en-bolsa\/"}],"_links":{"self":[{"href":"https:\/\/eldigitaldeasturias.com\/magazine365\/wp-json\/wp\/v2\/posts\/39026","targetHints":{"allow":["GET"]}}],"collection":[{"href":"https:\/\/eldigitaldeasturias.com\/magazine365\/wp-json\/wp\/v2\/posts"}],"about":[{"href":"https:\/\/eldigitaldeasturias.com\/magazine365\/wp-json\/wp\/v2\/types\/post"}],"author":[{"embeddable":true,"href":"https:\/\/eldigitaldeasturias.com\/magazine365\/wp-json\/wp\/v2\/users\/1"}],"replies":[{"embeddable":true,"href":"https:\/\/eldigitaldeasturias.com\/magazine365\/wp-json\/wp\/v2\/comments?post=39026"}],"version-history":[{"count":0,"href":"https:\/\/eldigitaldeasturias.com\/magazine365\/wp-json\/wp\/v2\/posts\/39026\/revisions"}],"wp:featuredmedia":[{"embeddable":true,"href":"https:\/\/eldigitaldeasturias.com\/magazine365\/wp-json\/wp\/v2\/media\/39027"}],"wp:attachment":[{"href":"https:\/\/eldigitaldeasturias.com\/magazine365\/wp-json\/wp\/v2\/media?parent=39026"}],"wp:term":[{"taxonomy":"category","embeddable":true,"href":"https:\/\/eldigitaldeasturias.com\/magazine365\/wp-json\/wp\/v2\/categories?post=39026"},{"taxonomy":"post_tag","embeddable":true,"href":"https:\/\/eldigitaldeasturias.com\/magazine365\/wp-json\/wp\/v2\/tags?post=39026"}],"curies":[{"name":"wp","href":"https:\/\/api.w.org\/{rel}","templated":true}]}}