{"id":39023,"date":"2015-06-06T05:03:35","date_gmt":"2015-06-06T03:33:35","guid":{"rendered":"http:\/\/eldigitaldeasturias.com\/magazine365\/?p=39023"},"modified":"2015-06-06T05:03:35","modified_gmt":"2015-06-06T03:33:35","slug":"los-controladores-mantienen-los-paros-de-la-proxima-semana-al-no-llegar-a-un-acuerdo-con-enaire","status":"publish","type":"post","link":"https:\/\/eldigitaldeasturias.com\/magazine365\/los-controladores-mantienen-los-paros-de-la-proxima-semana-al-no-llegar-a-un-acuerdo-con-enaire\/","title":{"rendered":"Los controladores mantienen los paros de la pr\u00f3xima semana al no llegar a un acuerdo con ENAIRE"},"content":{"rendered":"<p><img fetchpriority=\"high\" decoding=\"async\" class=\"alignleft size-medium wp-image-39024\" src=\"https:\/\/eldigitaldeasturias.com\/magazine365\/wp-content\/uploads\/2015\/06\/fotonoticia_20150605180012_800-360x240.jpg\" alt=\"fotonoticia_20150605180012_800\" width=\"360\" height=\"240\" srcset=\"https:\/\/eldigitaldeasturias.com\/magazine365\/wp-content\/uploads\/2015\/06\/fotonoticia_20150605180012_800-360x240.jpg 360w, https:\/\/eldigitaldeasturias.com\/magazine365\/wp-content\/uploads\/2015\/06\/fotonoticia_20150605180012_800-650x433.jpg 650w, https:\/\/eldigitaldeasturias.com\/magazine365\/wp-content\/uploads\/2015\/06\/fotonoticia_20150605180012_800-768x512.jpg 768w, https:\/\/eldigitaldeasturias.com\/magazine365\/wp-content\/uploads\/2015\/06\/fotonoticia_20150605180012_800-150x100.jpg 150w, https:\/\/eldigitaldeasturias.com\/magazine365\/wp-content\/uploads\/2015\/06\/fotonoticia_20150605180012_800-450x300.jpg 450w, https:\/\/eldigitaldeasturias.com\/magazine365\/wp-content\/uploads\/2015\/06\/fotonoticia_20150605180012_800-696x464.jpg 696w, https:\/\/eldigitaldeasturias.com\/magazine365\/wp-content\/uploads\/2015\/06\/fotonoticia_20150605180012_800-630x420.jpg 630w, https:\/\/eldigitaldeasturias.com\/magazine365\/wp-content\/uploads\/2015\/06\/fotonoticia_20150605180012_800-84x55.jpg 84w, https:\/\/eldigitaldeasturias.com\/magazine365\/wp-content\/uploads\/2015\/06\/fotonoticia_20150605180012_800.jpg 800w\" sizes=\"(max-width: 360px) 100vw, 360px\" \/>La Uni\u00f3n Sindical de Controladores A\u00e9reos (USCA) mantiene los paros parciales convocados para los d\u00edas 8, 10, 12 y 14 de junio, entre las 10.00 y las 12.00 horas de la ma\u00f1ana y entre las 18.00 y las 20.00 horas por la tarde, tras concluir sin acuerdo las negociaciones con ENAIRE, matriz de Aena.<\/p>\n<p>En un comunicado, USCA reitera su disposici\u00f3n a seguir negociando durante los pr\u00f3ximos d\u00edas y poder llegar a una soluci\u00f3n que evite alargar las medidas de acci\u00f3n sindical convocadas.<\/p>\n<p>El sindicato mayoritario del colectivo, que representa al 90% de los controladores, ya avanz\u00f3 que no descartaban la continuidad de los paros sin ENAIRE no cambiaba de postura.<\/p>\n<p>El Ministerio de Fomento ha establecido unos servicios m\u00ednimos del 70% para la huelga de controladores a\u00e9reos, al no haber acuerdo entre la entidad p\u00fablica responsable de la gesti\u00f3n y control del tr\u00e1nsito a\u00e9reo y el comit\u00e9 de huelga.<\/p>\n<p>USCA se\u00f1ala que recurrir\u00e1 los servicios m\u00ednimos decretados, ya que considera que \u00abno respetan los derechos constitucionales de los trabajadores\u00bb aunque se\u00f1ala que \u00ablos cumplir\u00e1n escrupulosamente\u00bb.<\/p>\n<p>La propuesta del sindicato USCA se basaba en los mismos servicios que estableci\u00f3 Fomento para el transporte a\u00e9reo en las huelgas generales de 2010 y 2012.<\/p>\n<p>Actualmente, solo quedan pendientes de resoluci\u00f3n las causas abiertas en Madrid &#8211;donde el juez ve indicios de delito de sedici\u00f3n para 113 controladores a\u00e9reos y ocho miembros de la antigua junta directiva de USCA&#8211; y en Palma de Mallorca. En ambos casos, el sindicato conf\u00eda en que se resuelvan con el archivo de la causa, tal y como ha ocurrido con las 20 diligencias abiertas en juzgados de toda Espa\u00f1a.<\/p>\n<p>PRIMERA HUELGA EN 26 A\u00d1OS.<\/p>\n<p>La convocatoria, la primera en 26 a\u00f1os &#8211;la \u00faltima huelga de controladores fue en 1989&#8211; se produce como protesta a la decisi\u00f3n de ENAIRE de sancionar a 61 controladores a\u00e9reos del Centro del Control de Barcelona (ACC) por el cierre del espacio a\u00e9reo en 2010 y negarse a readmitir al controlador Marco Antonio Enr\u00edquez, del ACC de Santiago, despedido por la empresa.<\/p>\n<p>USCA considera \u00abincomprensible\u00bb que la compa\u00f1\u00eda rechace retirar las 61 sanciones abiertas, as\u00ed como que se niegue a readmitir al citado controlador, pese al archivo de la causa en los juzgados.<\/p>\n<p>Tras la finalizaci\u00f3n del proceso penal, la empresa resolvi\u00f3 as\u00ed los expedientes laborales abiertos en dicho centro por el cierre del espacio en 2010, ante \u00abuna alteraci\u00f3n colectiva del r\u00e9gimen de trabajo distinta a la huelga\u00bb, seg\u00fan reza el auto de diciembre de 2014.<\/p>\n","protected":false},"excerpt":{"rendered":"<p>La Uni\u00f3n Sindical de Controladores A\u00e9reos (USCA) mantiene los paros parciales convocados para los d\u00edas 8, 10, 12 y 14 de junio, entre las 10.00 y las 12.00 horas de la ma\u00f1ana y entre las 18.00 y las 20.00 horas por la tarde, tras concluir sin acuerdo las negociaciones con ENAIRE, matriz de Aena. En<\/p>\n","protected":false},"author":1,"featured_media":39024,"comment_status":"open","ping_status":"closed","sticky":false,"template":"","format":"standard","meta":{"footnotes":""},"categories":[224],"tags":[],"class_list":{"0":"post-39023","1":"post","2":"type-post","3":"status-publish","4":"format-standard","5":"has-post-thumbnail","7":"category-noticias-actualidad"},"aioseo_notices":[],"aioseo_head":"\n\t\t<!-- All in One SEO Pro 4.9.6.1 - aioseo.com -->\n\t<meta name=\"description\" content=\"La Uni\u00f3n Sindical de Controladores A\u00e9reos (USCA) mantiene los paros parciales convocados para los d\u00edas 8, 10, 12 y 14 de junio, entre las 10.00 y las 12.00 horas de la ma\u00f1ana y entre las 18.00 y las 20.00 horas por la tarde, tras concluir sin acuerdo las negociaciones con ENAIRE, matriz de Aena. En\" \/>\n\t<meta name=\"robots\" content=\"max-image-preview:large\" \/>\n\t<meta name=\"author\" content=\"admin\"\/>\n\t<meta name=\"google-site-verification\" content=\"UA-38556648-1\" \/>\n\t<meta name=\"keywords\" content=\"noticias y actualidad\" \/>\n\t<link rel=\"canonical\" href=\"https:\/\/eldigitaldeasturias.com\/magazine365\/los-controladores-mantienen-los-paros-de-la-proxima-semana-al-no-llegar-a-un-acuerdo-con-enaire\/\" \/>\n\t<meta name=\"generator\" content=\"All in One SEO Pro (AIOSEO) 4.9.6.1\" \/>\n\t\t<meta property=\"og:locale\" content=\"es_ES\" \/>\n\t\t<meta property=\"og:site_name\" content=\"El Digital de Asturias \u2013 Revista de ocio, turismo y estilo de vida\" \/>\n\t\t<meta property=\"og:type\" content=\"article\" \/>\n\t\t<meta property=\"og:title\" content=\"Los controladores mantienen los paros de la pr\u00f3xima semana al no llegar a un acuerdo con ENAIRE | El Digital de Asturias\" \/>\n\t\t<meta property=\"og:description\" content=\"La Uni\u00f3n Sindical de Controladores A\u00e9reos (USCA) mantiene los paros parciales convocados para los d\u00edas 8, 10, 12 y 14 de junio, entre las 10.00 y las 12.00 horas de la ma\u00f1ana y entre las 18.00 y las 20.00 horas por la tarde, tras concluir sin acuerdo las negociaciones con ENAIRE, matriz de Aena. En\" \/>\n\t\t<meta property=\"og:url\" content=\"https:\/\/eldigitaldeasturias.com\/magazine365\/los-controladores-mantienen-los-paros-de-la-proxima-semana-al-no-llegar-a-un-acuerdo-con-enaire\/\" \/>\n\t\t<meta property=\"og:image\" content=\"https:\/\/eldigitaldeasturias.com\/magazine365\/wp-content\/uploads\/2015\/06\/fotonoticia_20150605180012_800.jpg\" \/>\n\t\t<meta property=\"og:image:secure_url\" content=\"https:\/\/eldigitaldeasturias.com\/magazine365\/wp-content\/uploads\/2015\/06\/fotonoticia_20150605180012_800.jpg\" \/>\n\t\t<meta property=\"og:image:width\" content=\"800\" \/>\n\t\t<meta property=\"og:image:height\" content=\"533\" \/>\n\t\t<meta property=\"article:published_time\" content=\"2015-06-06T03:33:35+00:00\" \/>\n\t\t<meta property=\"article:modified_time\" content=\"2015-06-06T03:33:35+00:00\" \/>\n\t\t<meta name=\"twitter:card\" content=\"summary_large_image\" \/>\n\t\t<meta name=\"twitter:title\" content=\"Los controladores mantienen los paros de la pr\u00f3xima semana al no llegar a un acuerdo con ENAIRE | El Digital de Asturias\" \/>\n\t\t<meta name=\"twitter:description\" content=\"La Uni\u00f3n Sindical de Controladores A\u00e9reos (USCA) mantiene los paros parciales convocados para los d\u00edas 8, 10, 12 y 14 de junio, entre las 10.00 y las 12.00 horas de la ma\u00f1ana y entre las 18.00 y las 20.00 horas por la tarde, tras concluir sin acuerdo las negociaciones con ENAIRE, matriz de Aena. En\" \/>\n\t\t<meta name=\"twitter:image\" content=\"https:\/\/eldigitaldeasturias.com\/magazine365\/wp-content\/uploads\/2015\/06\/fotonoticia_20150605180012_800.jpg\" \/>\n\t\t<script type=\"application\/ld+json\" class=\"aioseo-schema\">\n\t\t\t{\"@context\":\"https:\\\/\\\/schema.org\",\"@graph\":[{\"@type\":\"Article\",\"@id\":\"https:\\\/\\\/eldigitaldeasturias.com\\\/magazine365\\\/los-controladores-mantienen-los-paros-de-la-proxima-semana-al-no-llegar-a-un-acuerdo-con-enaire\\\/#article\",\"name\":\"Los controladores mantienen los paros de la pr\\u00f3xima semana al no llegar a un acuerdo con ENAIRE | El Digital de Asturias\",\"headline\":\"Los controladores mantienen los paros de la pr\\u00f3xima semana al no llegar a un acuerdo con ENAIRE\",\"author\":{\"@id\":\"https:\\\/\\\/eldigitaldeasturias.com\\\/magazine365\\\/author\\\/admin\\\/#author\"},\"publisher\":{\"@id\":\"https:\\\/\\\/eldigitaldeasturias.com\\\/magazine365\\\/#organization\"},\"image\":{\"@type\":\"ImageObject\",\"url\":\"https:\\\/\\\/eldigitaldeasturias.com\\\/magazine365\\\/wp-content\\\/uploads\\\/2015\\\/06\\\/fotonoticia_20150605180012_800.jpg\",\"width\":800,\"height\":533},\"datePublished\":\"2015-06-06T05:03:35+02:00\",\"dateModified\":\"2015-06-06T05:03:35+02:00\",\"inLanguage\":\"es-ES\",\"mainEntityOfPage\":{\"@id\":\"https:\\\/\\\/eldigitaldeasturias.com\\\/magazine365\\\/los-controladores-mantienen-los-paros-de-la-proxima-semana-al-no-llegar-a-un-acuerdo-con-enaire\\\/#webpage\"},\"isPartOf\":{\"@id\":\"https:\\\/\\\/eldigitaldeasturias.com\\\/magazine365\\\/los-controladores-mantienen-los-paros-de-la-proxima-semana-al-no-llegar-a-un-acuerdo-con-enaire\\\/#webpage\"},\"articleSection\":\"Noticias y Actualidad\"},{\"@type\":\"BreadcrumbList\",\"@id\":\"https:\\\/\\\/eldigitaldeasturias.com\\\/magazine365\\\/los-controladores-mantienen-los-paros-de-la-proxima-semana-al-no-llegar-a-un-acuerdo-con-enaire\\\/#breadcrumblist\",\"itemListElement\":[{\"@type\":\"ListItem\",\"@id\":\"https:\\\/\\\/eldigitaldeasturias.com\\\/magazine365#listItem\",\"position\":1,\"name\":\"Home\",\"item\":\"https:\\\/\\\/eldigitaldeasturias.com\\\/magazine365\",\"nextItem\":{\"@type\":\"ListItem\",\"@id\":\"https:\\\/\\\/eldigitaldeasturias.com\\\/magazine365\\\/category\\\/noticias-actualidad\\\/#listItem\",\"name\":\"Noticias y Actualidad\"}},{\"@type\":\"ListItem\",\"@id\":\"https:\\\/\\\/eldigitaldeasturias.com\\\/magazine365\\\/category\\\/noticias-actualidad\\\/#listItem\",\"position\":2,\"name\":\"Noticias y Actualidad\",\"item\":\"https:\\\/\\\/eldigitaldeasturias.com\\\/magazine365\\\/category\\\/noticias-actualidad\\\/\",\"nextItem\":{\"@type\":\"ListItem\",\"@id\":\"https:\\\/\\\/eldigitaldeasturias.com\\\/magazine365\\\/los-controladores-mantienen-los-paros-de-la-proxima-semana-al-no-llegar-a-un-acuerdo-con-enaire\\\/#listItem\",\"name\":\"Los controladores mantienen los paros de la pr\\u00f3xima semana al no llegar a un acuerdo con ENAIRE\"},\"previousItem\":{\"@type\":\"ListItem\",\"@id\":\"https:\\\/\\\/eldigitaldeasturias.com\\\/magazine365#listItem\",\"name\":\"Home\"}},{\"@type\":\"ListItem\",\"@id\":\"https:\\\/\\\/eldigitaldeasturias.com\\\/magazine365\\\/los-controladores-mantienen-los-paros-de-la-proxima-semana-al-no-llegar-a-un-acuerdo-con-enaire\\\/#listItem\",\"position\":3,\"name\":\"Los controladores mantienen los paros de la pr\\u00f3xima semana al no llegar a un acuerdo con ENAIRE\",\"previousItem\":{\"@type\":\"ListItem\",\"@id\":\"https:\\\/\\\/eldigitaldeasturias.com\\\/magazine365\\\/category\\\/noticias-actualidad\\\/#listItem\",\"name\":\"Noticias y Actualidad\"}}]},{\"@type\":\"Organization\",\"@id\":\"https:\\\/\\\/eldigitaldeasturias.com\\\/magazine365\\\/#organization\",\"name\":\"El digital de Asturias\",\"description\":\"Revista de ocio, turismo y estilo de vida\",\"url\":\"https:\\\/\\\/eldigitaldeasturias.com\\\/magazine365\\\/\",\"logo\":{\"@type\":\"ImageObject\",\"url\":\"https:\\\/\\\/www.eldigitaldeasturias.com\\\/noticias\\\/wp-content\\\/uploads\\\/2020\\\/12\\\/EDA.jpg\",\"@id\":\"https:\\\/\\\/eldigitaldeasturias.com\\\/magazine365\\\/los-controladores-mantienen-los-paros-de-la-proxima-semana-al-no-llegar-a-un-acuerdo-con-enaire\\\/#organizationLogo\"},\"image\":{\"@id\":\"https:\\\/\\\/eldigitaldeasturias.com\\\/magazine365\\\/los-controladores-mantienen-los-paros-de-la-proxima-semana-al-no-llegar-a-un-acuerdo-con-enaire\\\/#organizationLogo\"}},{\"@type\":\"Person\",\"@id\":\"https:\\\/\\\/eldigitaldeasturias.com\\\/magazine365\\\/author\\\/admin\\\/#author\",\"url\":\"https:\\\/\\\/eldigitaldeasturias.com\\\/magazine365\\\/author\\\/admin\\\/\",\"name\":\"admin\",\"image\":{\"@type\":\"ImageObject\",\"@id\":\"https:\\\/\\\/eldigitaldeasturias.com\\\/magazine365\\\/los-controladores-mantienen-los-paros-de-la-proxima-semana-al-no-llegar-a-un-acuerdo-con-enaire\\\/#authorImage\",\"url\":\"https:\\\/\\\/eldigitaldeasturias.com\\\/magazine365\\\/wp-content\\\/litespeed\\\/avatar\\\/e571bcf59a0edd6fa6838245a470f2fe.jpg?ver=1776969259\",\"width\":96,\"height\":96,\"caption\":\"admin\"}},{\"@type\":\"WebPage\",\"@id\":\"https:\\\/\\\/eldigitaldeasturias.com\\\/magazine365\\\/los-controladores-mantienen-los-paros-de-la-proxima-semana-al-no-llegar-a-un-acuerdo-con-enaire\\\/#webpage\",\"url\":\"https:\\\/\\\/eldigitaldeasturias.com\\\/magazine365\\\/los-controladores-mantienen-los-paros-de-la-proxima-semana-al-no-llegar-a-un-acuerdo-con-enaire\\\/\",\"name\":\"Los controladores mantienen los paros de la pr\\u00f3xima semana al no llegar a un acuerdo con ENAIRE | El Digital de Asturias\",\"description\":\"La Uni\\u00f3n Sindical de Controladores A\\u00e9reos (USCA) mantiene los paros parciales convocados para los d\\u00edas 8, 10, 12 y 14 de junio, entre las 10.00 y las 12.00 horas de la ma\\u00f1ana y entre las 18.00 y las 20.00 horas por la tarde, tras concluir sin acuerdo las negociaciones con ENAIRE, matriz de Aena. En\",\"inLanguage\":\"es-ES\",\"isPartOf\":{\"@id\":\"https:\\\/\\\/eldigitaldeasturias.com\\\/magazine365\\\/#website\"},\"breadcrumb\":{\"@id\":\"https:\\\/\\\/eldigitaldeasturias.com\\\/magazine365\\\/los-controladores-mantienen-los-paros-de-la-proxima-semana-al-no-llegar-a-un-acuerdo-con-enaire\\\/#breadcrumblist\"},\"author\":{\"@id\":\"https:\\\/\\\/eldigitaldeasturias.com\\\/magazine365\\\/author\\\/admin\\\/#author\"},\"creator\":{\"@id\":\"https:\\\/\\\/eldigitaldeasturias.com\\\/magazine365\\\/author\\\/admin\\\/#author\"},\"image\":{\"@type\":\"ImageObject\",\"url\":\"https:\\\/\\\/eldigitaldeasturias.com\\\/magazine365\\\/wp-content\\\/uploads\\\/2015\\\/06\\\/fotonoticia_20150605180012_800.jpg\",\"@id\":\"https:\\\/\\\/eldigitaldeasturias.com\\\/magazine365\\\/los-controladores-mantienen-los-paros-de-la-proxima-semana-al-no-llegar-a-un-acuerdo-con-enaire\\\/#mainImage\",\"width\":800,\"height\":533},\"primaryImageOfPage\":{\"@id\":\"https:\\\/\\\/eldigitaldeasturias.com\\\/magazine365\\\/los-controladores-mantienen-los-paros-de-la-proxima-semana-al-no-llegar-a-un-acuerdo-con-enaire\\\/#mainImage\"},\"datePublished\":\"2015-06-06T05:03:35+02:00\",\"dateModified\":\"2015-06-06T05:03:35+02:00\"},{\"@type\":\"WebSite\",\"@id\":\"https:\\\/\\\/eldigitaldeasturias.com\\\/magazine365\\\/#website\",\"url\":\"https:\\\/\\\/eldigitaldeasturias.com\\\/magazine365\\\/\",\"name\":\"El Digital de Asturias\",\"description\":\"Revista de ocio, turismo y estilo de vida\",\"inLanguage\":\"es-ES\",\"publisher\":{\"@id\":\"https:\\\/\\\/eldigitaldeasturias.com\\\/magazine365\\\/#organization\"}}]}\n\t\t<\/script>\n\t\t<!-- All in One SEO Pro -->\r\n\t\t<title>Los controladores mantienen los paros de la pr\u00f3xima semana al no llegar a un acuerdo con ENAIRE | El Digital de Asturias<\/title>\n\n","aioseo_head_json":{"title":"Los controladores mantienen los paros de la pr\u00f3xima semana al no llegar a un acuerdo con ENAIRE | El Digital de Asturias","description":"La Uni\u00f3n Sindical de Controladores A\u00e9reos (USCA) mantiene los paros parciales convocados para los d\u00edas 8, 10, 12 y 14 de junio, entre las 10.00 y las 12.00 horas de la ma\u00f1ana y entre las 18.00 y las 20.00 horas por la tarde, tras concluir sin acuerdo las negociaciones con ENAIRE, matriz de Aena. En","canonical_url":"https:\/\/eldigitaldeasturias.com\/magazine365\/los-controladores-mantienen-los-paros-de-la-proxima-semana-al-no-llegar-a-un-acuerdo-con-enaire\/","robots":"max-image-preview:large","keywords":"noticias y actualidad","webmasterTools":{"google-site-verification":"UA-38556648-1","miscellaneous":""},"schema":{"@context":"https:\/\/schema.org","@graph":[{"@type":"Article","@id":"https:\/\/eldigitaldeasturias.com\/magazine365\/los-controladores-mantienen-los-paros-de-la-proxima-semana-al-no-llegar-a-un-acuerdo-con-enaire\/#article","name":"Los controladores mantienen los paros de la pr\u00f3xima semana al no llegar a un acuerdo con ENAIRE | El Digital de Asturias","headline":"Los controladores mantienen los paros de la pr\u00f3xima semana al no llegar a un acuerdo con ENAIRE","author":{"@id":"https:\/\/eldigitaldeasturias.com\/magazine365\/author\/admin\/#author"},"publisher":{"@id":"https:\/\/eldigitaldeasturias.com\/magazine365\/#organization"},"image":{"@type":"ImageObject","url":"https:\/\/eldigitaldeasturias.com\/magazine365\/wp-content\/uploads\/2015\/06\/fotonoticia_20150605180012_800.jpg","width":800,"height":533},"datePublished":"2015-06-06T05:03:35+02:00","dateModified":"2015-06-06T05:03:35+02:00","inLanguage":"es-ES","mainEntityOfPage":{"@id":"https:\/\/eldigitaldeasturias.com\/magazine365\/los-controladores-mantienen-los-paros-de-la-proxima-semana-al-no-llegar-a-un-acuerdo-con-enaire\/#webpage"},"isPartOf":{"@id":"https:\/\/eldigitaldeasturias.com\/magazine365\/los-controladores-mantienen-los-paros-de-la-proxima-semana-al-no-llegar-a-un-acuerdo-con-enaire\/#webpage"},"articleSection":"Noticias y Actualidad"},{"@type":"BreadcrumbList","@id":"https:\/\/eldigitaldeasturias.com\/magazine365\/los-controladores-mantienen-los-paros-de-la-proxima-semana-al-no-llegar-a-un-acuerdo-con-enaire\/#breadcrumblist","itemListElement":[{"@type":"ListItem","@id":"https:\/\/eldigitaldeasturias.com\/magazine365#listItem","position":1,"name":"Home","item":"https:\/\/eldigitaldeasturias.com\/magazine365","nextItem":{"@type":"ListItem","@id":"https:\/\/eldigitaldeasturias.com\/magazine365\/category\/noticias-actualidad\/#listItem","name":"Noticias y Actualidad"}},{"@type":"ListItem","@id":"https:\/\/eldigitaldeasturias.com\/magazine365\/category\/noticias-actualidad\/#listItem","position":2,"name":"Noticias y Actualidad","item":"https:\/\/eldigitaldeasturias.com\/magazine365\/category\/noticias-actualidad\/","nextItem":{"@type":"ListItem","@id":"https:\/\/eldigitaldeasturias.com\/magazine365\/los-controladores-mantienen-los-paros-de-la-proxima-semana-al-no-llegar-a-un-acuerdo-con-enaire\/#listItem","name":"Los controladores mantienen los paros de la pr\u00f3xima semana al no llegar a un acuerdo con ENAIRE"},"previousItem":{"@type":"ListItem","@id":"https:\/\/eldigitaldeasturias.com\/magazine365#listItem","name":"Home"}},{"@type":"ListItem","@id":"https:\/\/eldigitaldeasturias.com\/magazine365\/los-controladores-mantienen-los-paros-de-la-proxima-semana-al-no-llegar-a-un-acuerdo-con-enaire\/#listItem","position":3,"name":"Los controladores mantienen los paros de la pr\u00f3xima semana al no llegar a un acuerdo con ENAIRE","previousItem":{"@type":"ListItem","@id":"https:\/\/eldigitaldeasturias.com\/magazine365\/category\/noticias-actualidad\/#listItem","name":"Noticias y Actualidad"}}]},{"@type":"Organization","@id":"https:\/\/eldigitaldeasturias.com\/magazine365\/#organization","name":"El digital de Asturias","description":"Revista de ocio, turismo y estilo de vida","url":"https:\/\/eldigitaldeasturias.com\/magazine365\/","logo":{"@type":"ImageObject","url":"https:\/\/www.eldigitaldeasturias.com\/noticias\/wp-content\/uploads\/2020\/12\/EDA.jpg","@id":"https:\/\/eldigitaldeasturias.com\/magazine365\/los-controladores-mantienen-los-paros-de-la-proxima-semana-al-no-llegar-a-un-acuerdo-con-enaire\/#organizationLogo"},"image":{"@id":"https:\/\/eldigitaldeasturias.com\/magazine365\/los-controladores-mantienen-los-paros-de-la-proxima-semana-al-no-llegar-a-un-acuerdo-con-enaire\/#organizationLogo"}},{"@type":"Person","@id":"https:\/\/eldigitaldeasturias.com\/magazine365\/author\/admin\/#author","url":"https:\/\/eldigitaldeasturias.com\/magazine365\/author\/admin\/","name":"admin","image":{"@type":"ImageObject","@id":"https:\/\/eldigitaldeasturias.com\/magazine365\/los-controladores-mantienen-los-paros-de-la-proxima-semana-al-no-llegar-a-un-acuerdo-con-enaire\/#authorImage","url":"https:\/\/eldigitaldeasturias.com\/magazine365\/wp-content\/litespeed\/avatar\/e571bcf59a0edd6fa6838245a470f2fe.jpg?ver=1776969259","width":96,"height":96,"caption":"admin"}},{"@type":"WebPage","@id":"https:\/\/eldigitaldeasturias.com\/magazine365\/los-controladores-mantienen-los-paros-de-la-proxima-semana-al-no-llegar-a-un-acuerdo-con-enaire\/#webpage","url":"https:\/\/eldigitaldeasturias.com\/magazine365\/los-controladores-mantienen-los-paros-de-la-proxima-semana-al-no-llegar-a-un-acuerdo-con-enaire\/","name":"Los controladores mantienen los paros de la pr\u00f3xima semana al no llegar a un acuerdo con ENAIRE | El Digital de Asturias","description":"La Uni\u00f3n Sindical de Controladores A\u00e9reos (USCA) mantiene los paros parciales convocados para los d\u00edas 8, 10, 12 y 14 de junio, entre las 10.00 y las 12.00 horas de la ma\u00f1ana y entre las 18.00 y las 20.00 horas por la tarde, tras concluir sin acuerdo las negociaciones con ENAIRE, matriz de Aena. En","inLanguage":"es-ES","isPartOf":{"@id":"https:\/\/eldigitaldeasturias.com\/magazine365\/#website"},"breadcrumb":{"@id":"https:\/\/eldigitaldeasturias.com\/magazine365\/los-controladores-mantienen-los-paros-de-la-proxima-semana-al-no-llegar-a-un-acuerdo-con-enaire\/#breadcrumblist"},"author":{"@id":"https:\/\/eldigitaldeasturias.com\/magazine365\/author\/admin\/#author"},"creator":{"@id":"https:\/\/eldigitaldeasturias.com\/magazine365\/author\/admin\/#author"},"image":{"@type":"ImageObject","url":"https:\/\/eldigitaldeasturias.com\/magazine365\/wp-content\/uploads\/2015\/06\/fotonoticia_20150605180012_800.jpg","@id":"https:\/\/eldigitaldeasturias.com\/magazine365\/los-controladores-mantienen-los-paros-de-la-proxima-semana-al-no-llegar-a-un-acuerdo-con-enaire\/#mainImage","width":800,"height":533},"primaryImageOfPage":{"@id":"https:\/\/eldigitaldeasturias.com\/magazine365\/los-controladores-mantienen-los-paros-de-la-proxima-semana-al-no-llegar-a-un-acuerdo-con-enaire\/#mainImage"},"datePublished":"2015-06-06T05:03:35+02:00","dateModified":"2015-06-06T05:03:35+02:00"},{"@type":"WebSite","@id":"https:\/\/eldigitaldeasturias.com\/magazine365\/#website","url":"https:\/\/eldigitaldeasturias.com\/magazine365\/","name":"El Digital de Asturias","description":"Revista de ocio, turismo y estilo de vida","inLanguage":"es-ES","publisher":{"@id":"https:\/\/eldigitaldeasturias.com\/magazine365\/#organization"}}]},"og:locale":"es_ES","og:site_name":"El Digital de Asturias \u2013 Revista de ocio, turismo y estilo de vida","og:type":"article","og:title":"Los controladores mantienen los paros de la pr\u00f3xima semana al no llegar a un acuerdo con ENAIRE | El Digital de Asturias","og:description":"La Uni\u00f3n Sindical de Controladores A\u00e9reos (USCA) mantiene los paros parciales convocados para los d\u00edas 8, 10, 12 y 14 de junio, entre las 10.00 y las 12.00 horas de la ma\u00f1ana y entre las 18.00 y las 20.00 horas por la tarde, tras concluir sin acuerdo las negociaciones con ENAIRE, matriz de Aena. En","og:url":"https:\/\/eldigitaldeasturias.com\/magazine365\/los-controladores-mantienen-los-paros-de-la-proxima-semana-al-no-llegar-a-un-acuerdo-con-enaire\/","og:image":"https:\/\/eldigitaldeasturias.com\/magazine365\/wp-content\/uploads\/2015\/06\/fotonoticia_20150605180012_800.jpg","og:image:secure_url":"https:\/\/eldigitaldeasturias.com\/magazine365\/wp-content\/uploads\/2015\/06\/fotonoticia_20150605180012_800.jpg","og:image:width":800,"og:image:height":533,"article:published_time":"2015-06-06T03:33:35+00:00","article:modified_time":"2015-06-06T03:33:35+00:00","twitter:card":"summary_large_image","twitter:title":"Los controladores mantienen los paros de la pr\u00f3xima semana al no llegar a un acuerdo con ENAIRE | El Digital de Asturias","twitter:description":"La Uni\u00f3n Sindical de Controladores A\u00e9reos (USCA) mantiene los paros parciales convocados para los d\u00edas 8, 10, 12 y 14 de junio, entre las 10.00 y las 12.00 horas de la ma\u00f1ana y entre las 18.00 y las 20.00 horas por la tarde, tras concluir sin acuerdo las negociaciones con ENAIRE, matriz de Aena. En","twitter:image":"https:\/\/eldigitaldeasturias.com\/magazine365\/wp-content\/uploads\/2015\/06\/fotonoticia_20150605180012_800.jpg"},"aioseo_meta_data":{"post_id":"39023","title":null,"description":null,"keywords":null,"keyphrases":null,"primary_term":null,"canonical_url":null,"og_title":null,"og_description":null,"og_object_type":"default","og_image_type":"default","og_image_url":null,"og_image_width":null,"og_image_height":null,"og_image_custom_url":null,"og_image_custom_fields":null,"og_video":null,"og_custom_url":null,"og_article_section":null,"og_article_tags":null,"twitter_use_og":false,"twitter_card":"default","twitter_image_type":"default","twitter_image_url":null,"twitter_image_custom_url":null,"twitter_image_custom_fields":null,"twitter_title":null,"twitter_description":null,"schema":{"blockGraphs":[],"customGraphs":[],"default":{"data":{"Article":[],"Course":[],"Dataset":[],"FAQPage":[],"Movie":[],"Person":[],"Product":[],"ProductReview":[],"Car":[],"Recipe":[],"Service":[],"SoftwareApplication":[],"WebPage":[]},"graphName":"","isEnabled":true},"graphs":[],"defaultGraph":"","defaultPostTypeGraph":""},"schema_type":null,"schema_type_options":null,"pillar_content":false,"robots_default":true,"robots_noindex":false,"robots_noarchive":false,"robots_nosnippet":false,"robots_nofollow":false,"robots_noimageindex":false,"robots_noodp":false,"robots_notranslate":false,"robots_max_snippet":null,"robots_max_videopreview":null,"robots_max_imagepreview":"large","priority":null,"frequency":null,"location":null,"local_seo":null,"seo_analyzer_scan_date":"2025-09-19 10:46:56","breadcrumb_settings":null,"limit_modified_date":false,"open_ai":null,"ai":null,"created":"2021-03-09 02:46:43","updated":"2025-09-19 10:46:56"},"aioseo_breadcrumb":"<div class=\"aioseo-breadcrumbs\"><span class=\"aioseo-breadcrumb\">\n\t<a href=\"https:\/\/eldigitaldeasturias.com\/magazine365\" title=\"Home\">Home<\/a>\n<\/span><span class=\"aioseo-breadcrumb-separator\">\u2013<\/span><span class=\"aioseo-breadcrumb\">\n\t<a href=\"https:\/\/eldigitaldeasturias.com\/magazine365\/category\/noticias-actualidad\/\" title=\"Noticias y Actualidad\">Noticias y Actualidad<\/a>\n<\/span><span class=\"aioseo-breadcrumb-separator\">\u2013<\/span><span class=\"aioseo-breadcrumb\">\n\t<a href=\"https:\/\/eldigitaldeasturias.com\/magazine365\/los-controladores-mantienen-los-paros-de-la-proxima-semana-al-no-llegar-a-un-acuerdo-con-enaire\/\" title=\"Los controladores mantienen los paros de la pr\u00f3xima semana al no llegar a un acuerdo con ENAIRE\">Los controladores mantienen los paros de la pr\u00f3xima semana al no llegar a un acuerdo con ENAIRE<\/a>\n<\/span><\/div>","aioseo_breadcrumb_json":[{"label":"Home","link":"https:\/\/eldigitaldeasturias.com\/magazine365"},{"label":"Noticias y Actualidad","link":"https:\/\/eldigitaldeasturias.com\/magazine365\/category\/noticias-actualidad\/"},{"label":"Los controladores mantienen los paros de la pr\u00f3xima semana al no llegar a un acuerdo con ENAIRE","link":"https:\/\/eldigitaldeasturias.com\/magazine365\/los-controladores-mantienen-los-paros-de-la-proxima-semana-al-no-llegar-a-un-acuerdo-con-enaire\/"}],"_links":{"self":[{"href":"https:\/\/eldigitaldeasturias.com\/magazine365\/wp-json\/wp\/v2\/posts\/39023","targetHints":{"allow":["GET"]}}],"collection":[{"href":"https:\/\/eldigitaldeasturias.com\/magazine365\/wp-json\/wp\/v2\/posts"}],"about":[{"href":"https:\/\/eldigitaldeasturias.com\/magazine365\/wp-json\/wp\/v2\/types\/post"}],"author":[{"embeddable":true,"href":"https:\/\/eldigitaldeasturias.com\/magazine365\/wp-json\/wp\/v2\/users\/1"}],"replies":[{"embeddable":true,"href":"https:\/\/eldigitaldeasturias.com\/magazine365\/wp-json\/wp\/v2\/comments?post=39023"}],"version-history":[{"count":0,"href":"https:\/\/eldigitaldeasturias.com\/magazine365\/wp-json\/wp\/v2\/posts\/39023\/revisions"}],"wp:featuredmedia":[{"embeddable":true,"href":"https:\/\/eldigitaldeasturias.com\/magazine365\/wp-json\/wp\/v2\/media\/39024"}],"wp:attachment":[{"href":"https:\/\/eldigitaldeasturias.com\/magazine365\/wp-json\/wp\/v2\/media?parent=39023"}],"wp:term":[{"taxonomy":"category","embeddable":true,"href":"https:\/\/eldigitaldeasturias.com\/magazine365\/wp-json\/wp\/v2\/categories?post=39023"},{"taxonomy":"post_tag","embeddable":true,"href":"https:\/\/eldigitaldeasturias.com\/magazine365\/wp-json\/wp\/v2\/tags?post=39023"}],"curies":[{"name":"wp","href":"https:\/\/api.w.org\/{rel}","templated":true}]}}