{"id":39020,"date":"2015-06-06T05:02:04","date_gmt":"2015-06-06T03:32:04","guid":{"rendered":"http:\/\/eldigitaldeasturias.com\/magazine365\/?p=39020"},"modified":"2015-06-06T05:02:04","modified_gmt":"2015-06-06T03:32:04","slug":"el-amb-instalara-wifi-publico-en-las-playas-del-litoral-metropolitano-de-barcelona","status":"publish","type":"post","link":"https:\/\/eldigitaldeasturias.com\/magazine365\/el-amb-instalara-wifi-publico-en-las-playas-del-litoral-metropolitano-de-barcelona\/","title":{"rendered":"El AMB instalar\u00e1 WiFi p\u00fablico en las playas del litoral metropolitano de Barcelona"},"content":{"rendered":"<p><img fetchpriority=\"high\" decoding=\"async\" class=\"alignleft size-medium wp-image-39021\" src=\"https:\/\/eldigitaldeasturias.com\/magazine365\/wp-content\/uploads\/2015\/06\/fotonoticia_20150605172355_800-360x274.jpg\" alt=\"fotonoticia_20150605172355_800\" width=\"360\" height=\"274\" srcset=\"https:\/\/eldigitaldeasturias.com\/magazine365\/wp-content\/uploads\/2015\/06\/fotonoticia_20150605172355_800-360x274.jpg 360w, https:\/\/eldigitaldeasturias.com\/magazine365\/wp-content\/uploads\/2015\/06\/fotonoticia_20150605172355_800-650x495.jpg 650w, https:\/\/eldigitaldeasturias.com\/magazine365\/wp-content\/uploads\/2015\/06\/fotonoticia_20150605172355_800-768x585.jpg 768w, https:\/\/eldigitaldeasturias.com\/magazine365\/wp-content\/uploads\/2015\/06\/fotonoticia_20150605172355_800-150x114.jpg 150w, https:\/\/eldigitaldeasturias.com\/magazine365\/wp-content\/uploads\/2015\/06\/fotonoticia_20150605172355_800-450x343.jpg 450w, https:\/\/eldigitaldeasturias.com\/magazine365\/wp-content\/uploads\/2015\/06\/fotonoticia_20150605172355_800-80x60.jpg 80w, https:\/\/eldigitaldeasturias.com\/magazine365\/wp-content\/uploads\/2015\/06\/fotonoticia_20150605172355_800-696x530.jpg 696w, https:\/\/eldigitaldeasturias.com\/magazine365\/wp-content\/uploads\/2015\/06\/fotonoticia_20150605172355_800-552x420.jpg 552w, https:\/\/eldigitaldeasturias.com\/magazine365\/wp-content\/uploads\/2015\/06\/fotonoticia_20150605172355_800-100x75.jpg 100w, https:\/\/eldigitaldeasturias.com\/magazine365\/wp-content\/uploads\/2015\/06\/fotonoticia_20150605172355_800.jpg 800w\" sizes=\"(max-width: 360px) 100vw, 360px\" \/>El \u00c1rea Metropolitana de Barcelona (AMB) instalar\u00e1 un servicio de WiFi p\u00fablico en las playas metropolitanas, que se ha iniciado mediante una prueba piloto en la playa de la Nova Ic\u00e0ria de Barcelona.<\/p>\n<p>El servicio de WiFi est\u00e1 incorporado en el nuevo b\u00e1culo de megafon\u00eda que se instalar\u00e1 en las playas y que ya funciona en la de la Nova Ic\u00e0ria, ha informado el AMB en rueda de prensa en la playa de Gav\u00e0 Mar.<\/p>\n<p>El director de Espacio P\u00fablico del AMB, Xavier Segura, ha explicado que \u00abeste a\u00f1o se implantar\u00e1 este sistema en las playas de la ciudad de Barcelona desde el Port Ol\u00edmpic hasta el Hotel Vela, y en el resto de Barcelona y de los municipios metropolitanos se extender\u00e1 paulatinamente\u00bb.<\/p>\n<p>El servicio de WiFi p\u00fablico para los usuarios de las playas es una de las novedades de la temporada de verano, que tambi\u00e9n incluyen la instalaci\u00f3n de sensores inteligentes en los contenedores semisoterrados de las playas, que permiten detectar el nivel de carga y mejorar la eficiencia de la recogida de residuos.<\/p>\n<p>El AMB tambi\u00e9n ha incorporado tres nuevos camiones que compactan los residuos que recogen, lo cual permite recoger, en un mismo viaje, muchas m\u00e1s papeleras antes de ir a la planta de tratamiento.<\/p>\n<p>Para facilitar la movilidad de los usuarios, se han instalado 320 nuevas plazas de aparcamiento para bicicletas en la arena de las playas metropolitanas, que se suman a las 80 que se habilitaron en 2014.<\/p>\n<p>El AMB tambi\u00e9n ha presentado otras novedades para los espacios metropolitanos en verano, como una aplicaci\u00f3n para tel\u00e9fonos m\u00f3viles denominada Infoparcs que ofrece informaci\u00f3n sobre los 40 parques metropolitanos.<\/p>\n<p>En cuanto al transporte, el AMB ha colocado en las paradas de autob\u00fas 52 pantallas que informan del tiempo que falta para que llegue el pr\u00f3ximo veh\u00edculo y que cuentan con un sistema de audio para invidentes.<\/p>\n","protected":false},"excerpt":{"rendered":"<p>El \u00c1rea Metropolitana de Barcelona (AMB) instalar\u00e1 un servicio de WiFi p\u00fablico en las playas metropolitanas, que se ha iniciado mediante una prueba piloto en la playa de la Nova Ic\u00e0ria de Barcelona. El servicio de WiFi est\u00e1 incorporado en el nuevo b\u00e1culo de megafon\u00eda que se instalar\u00e1 en las playas y que ya funciona<\/p>\n","protected":false},"author":1,"featured_media":39021,"comment_status":"open","ping_status":"closed","sticky":false,"template":"","format":"standard","meta":{"footnotes":""},"categories":[222],"tags":[],"class_list":{"0":"post-39020","1":"post","2":"type-post","3":"status-publish","4":"format-standard","5":"has-post-thumbnail","7":"category-actualidad-turismo"},"aioseo_notices":[],"aioseo_head":"\n\t\t<!-- All in One SEO Pro 4.9.6.1 - aioseo.com -->\n\t<meta name=\"description\" content=\"El \u00c1rea Metropolitana de Barcelona (AMB) instalar\u00e1 un servicio de WiFi p\u00fablico en las playas metropolitanas, que se ha iniciado mediante una prueba piloto en la playa de la Nova Ic\u00e0ria de Barcelona. El servicio de WiFi est\u00e1 incorporado en el nuevo b\u00e1culo de megafon\u00eda que se instalar\u00e1 en las playas y que ya funciona\" \/>\n\t<meta name=\"robots\" content=\"max-image-preview:large\" \/>\n\t<meta name=\"author\" content=\"admin\"\/>\n\t<meta name=\"google-site-verification\" content=\"UA-38556648-1\" \/>\n\t<meta name=\"keywords\" content=\"actualidad turismo\" \/>\n\t<link rel=\"canonical\" href=\"https:\/\/eldigitaldeasturias.com\/magazine365\/el-amb-instalara-wifi-publico-en-las-playas-del-litoral-metropolitano-de-barcelona\/\" \/>\n\t<meta name=\"generator\" content=\"All in One SEO Pro (AIOSEO) 4.9.6.1\" \/>\n\t\t<meta property=\"og:locale\" content=\"es_ES\" \/>\n\t\t<meta property=\"og:site_name\" content=\"El Digital de Asturias \u2013 Revista de ocio, turismo y estilo de vida\" \/>\n\t\t<meta property=\"og:type\" content=\"article\" \/>\n\t\t<meta property=\"og:title\" content=\"El AMB instalar\u00e1 WiFi p\u00fablico en las playas del litoral metropolitano de Barcelona | El Digital de Asturias\" \/>\n\t\t<meta property=\"og:description\" content=\"El \u00c1rea Metropolitana de Barcelona (AMB) instalar\u00e1 un servicio de WiFi p\u00fablico en las playas metropolitanas, que se ha iniciado mediante una prueba piloto en la playa de la Nova Ic\u00e0ria de Barcelona. El servicio de WiFi est\u00e1 incorporado en el nuevo b\u00e1culo de megafon\u00eda que se instalar\u00e1 en las playas y que ya funciona\" \/>\n\t\t<meta property=\"og:url\" content=\"https:\/\/eldigitaldeasturias.com\/magazine365\/el-amb-instalara-wifi-publico-en-las-playas-del-litoral-metropolitano-de-barcelona\/\" \/>\n\t\t<meta property=\"og:image\" content=\"https:\/\/eldigitaldeasturias.com\/magazine365\/wp-content\/uploads\/2015\/06\/fotonoticia_20150605172355_800.jpg\" \/>\n\t\t<meta property=\"og:image:secure_url\" content=\"https:\/\/eldigitaldeasturias.com\/magazine365\/wp-content\/uploads\/2015\/06\/fotonoticia_20150605172355_800.jpg\" \/>\n\t\t<meta property=\"og:image:width\" content=\"800\" \/>\n\t\t<meta property=\"og:image:height\" content=\"609\" \/>\n\t\t<meta property=\"article:published_time\" content=\"2015-06-06T03:32:04+00:00\" \/>\n\t\t<meta property=\"article:modified_time\" content=\"2015-06-06T03:32:04+00:00\" \/>\n\t\t<meta name=\"twitter:card\" content=\"summary_large_image\" \/>\n\t\t<meta name=\"twitter:title\" content=\"El AMB instalar\u00e1 WiFi p\u00fablico en las playas del litoral metropolitano de Barcelona | El Digital de Asturias\" \/>\n\t\t<meta name=\"twitter:description\" content=\"El \u00c1rea Metropolitana de Barcelona (AMB) instalar\u00e1 un servicio de WiFi p\u00fablico en las playas metropolitanas, que se ha iniciado mediante una prueba piloto en la playa de la Nova Ic\u00e0ria de Barcelona. El servicio de WiFi est\u00e1 incorporado en el nuevo b\u00e1culo de megafon\u00eda que se instalar\u00e1 en las playas y que ya funciona\" \/>\n\t\t<meta name=\"twitter:image\" content=\"https:\/\/eldigitaldeasturias.com\/magazine365\/wp-content\/uploads\/2015\/06\/fotonoticia_20150605172355_800.jpg\" \/>\n\t\t<script type=\"application\/ld+json\" class=\"aioseo-schema\">\n\t\t\t{\"@context\":\"https:\\\/\\\/schema.org\",\"@graph\":[{\"@type\":\"Article\",\"@id\":\"https:\\\/\\\/eldigitaldeasturias.com\\\/magazine365\\\/el-amb-instalara-wifi-publico-en-las-playas-del-litoral-metropolitano-de-barcelona\\\/#article\",\"name\":\"El AMB instalar\\u00e1 WiFi p\\u00fablico en las playas del litoral metropolitano de Barcelona | El Digital de Asturias\",\"headline\":\"El AMB instalar\\u00e1 WiFi p\\u00fablico en las playas del litoral metropolitano de Barcelona\",\"author\":{\"@id\":\"https:\\\/\\\/eldigitaldeasturias.com\\\/magazine365\\\/author\\\/admin\\\/#author\"},\"publisher\":{\"@id\":\"https:\\\/\\\/eldigitaldeasturias.com\\\/magazine365\\\/#organization\"},\"image\":{\"@type\":\"ImageObject\",\"url\":\"https:\\\/\\\/eldigitaldeasturias.com\\\/magazine365\\\/wp-content\\\/uploads\\\/2015\\\/06\\\/fotonoticia_20150605172355_800.jpg\",\"width\":800,\"height\":609},\"datePublished\":\"2015-06-06T05:02:04+02:00\",\"dateModified\":\"2015-06-06T05:02:04+02:00\",\"inLanguage\":\"es-ES\",\"mainEntityOfPage\":{\"@id\":\"https:\\\/\\\/eldigitaldeasturias.com\\\/magazine365\\\/el-amb-instalara-wifi-publico-en-las-playas-del-litoral-metropolitano-de-barcelona\\\/#webpage\"},\"isPartOf\":{\"@id\":\"https:\\\/\\\/eldigitaldeasturias.com\\\/magazine365\\\/el-amb-instalara-wifi-publico-en-las-playas-del-litoral-metropolitano-de-barcelona\\\/#webpage\"},\"articleSection\":\"Actualidad Turismo\"},{\"@type\":\"BreadcrumbList\",\"@id\":\"https:\\\/\\\/eldigitaldeasturias.com\\\/magazine365\\\/el-amb-instalara-wifi-publico-en-las-playas-del-litoral-metropolitano-de-barcelona\\\/#breadcrumblist\",\"itemListElement\":[{\"@type\":\"ListItem\",\"@id\":\"https:\\\/\\\/eldigitaldeasturias.com\\\/magazine365#listItem\",\"position\":1,\"name\":\"Home\",\"item\":\"https:\\\/\\\/eldigitaldeasturias.com\\\/magazine365\",\"nextItem\":{\"@type\":\"ListItem\",\"@id\":\"https:\\\/\\\/eldigitaldeasturias.com\\\/magazine365\\\/category\\\/actualidad-turismo\\\/#listItem\",\"name\":\"Actualidad Turismo\"}},{\"@type\":\"ListItem\",\"@id\":\"https:\\\/\\\/eldigitaldeasturias.com\\\/magazine365\\\/category\\\/actualidad-turismo\\\/#listItem\",\"position\":2,\"name\":\"Actualidad Turismo\",\"item\":\"https:\\\/\\\/eldigitaldeasturias.com\\\/magazine365\\\/category\\\/actualidad-turismo\\\/\",\"nextItem\":{\"@type\":\"ListItem\",\"@id\":\"https:\\\/\\\/eldigitaldeasturias.com\\\/magazine365\\\/el-amb-instalara-wifi-publico-en-las-playas-del-litoral-metropolitano-de-barcelona\\\/#listItem\",\"name\":\"El AMB instalar\\u00e1 WiFi p\\u00fablico en las playas del litoral metropolitano de Barcelona\"},\"previousItem\":{\"@type\":\"ListItem\",\"@id\":\"https:\\\/\\\/eldigitaldeasturias.com\\\/magazine365#listItem\",\"name\":\"Home\"}},{\"@type\":\"ListItem\",\"@id\":\"https:\\\/\\\/eldigitaldeasturias.com\\\/magazine365\\\/el-amb-instalara-wifi-publico-en-las-playas-del-litoral-metropolitano-de-barcelona\\\/#listItem\",\"position\":3,\"name\":\"El AMB instalar\\u00e1 WiFi p\\u00fablico en las playas del litoral metropolitano de Barcelona\",\"previousItem\":{\"@type\":\"ListItem\",\"@id\":\"https:\\\/\\\/eldigitaldeasturias.com\\\/magazine365\\\/category\\\/actualidad-turismo\\\/#listItem\",\"name\":\"Actualidad Turismo\"}}]},{\"@type\":\"Organization\",\"@id\":\"https:\\\/\\\/eldigitaldeasturias.com\\\/magazine365\\\/#organization\",\"name\":\"El digital de Asturias\",\"description\":\"Revista de ocio, turismo y estilo de vida\",\"url\":\"https:\\\/\\\/eldigitaldeasturias.com\\\/magazine365\\\/\",\"logo\":{\"@type\":\"ImageObject\",\"url\":\"https:\\\/\\\/www.eldigitaldeasturias.com\\\/noticias\\\/wp-content\\\/uploads\\\/2020\\\/12\\\/EDA.jpg\",\"@id\":\"https:\\\/\\\/eldigitaldeasturias.com\\\/magazine365\\\/el-amb-instalara-wifi-publico-en-las-playas-del-litoral-metropolitano-de-barcelona\\\/#organizationLogo\"},\"image\":{\"@id\":\"https:\\\/\\\/eldigitaldeasturias.com\\\/magazine365\\\/el-amb-instalara-wifi-publico-en-las-playas-del-litoral-metropolitano-de-barcelona\\\/#organizationLogo\"}},{\"@type\":\"Person\",\"@id\":\"https:\\\/\\\/eldigitaldeasturias.com\\\/magazine365\\\/author\\\/admin\\\/#author\",\"url\":\"https:\\\/\\\/eldigitaldeasturias.com\\\/magazine365\\\/author\\\/admin\\\/\",\"name\":\"admin\",\"image\":{\"@type\":\"ImageObject\",\"@id\":\"https:\\\/\\\/eldigitaldeasturias.com\\\/magazine365\\\/el-amb-instalara-wifi-publico-en-las-playas-del-litoral-metropolitano-de-barcelona\\\/#authorImage\",\"url\":\"https:\\\/\\\/eldigitaldeasturias.com\\\/magazine365\\\/wp-content\\\/litespeed\\\/avatar\\\/e571bcf59a0edd6fa6838245a470f2fe.jpg?ver=1776969259\",\"width\":96,\"height\":96,\"caption\":\"admin\"}},{\"@type\":\"WebPage\",\"@id\":\"https:\\\/\\\/eldigitaldeasturias.com\\\/magazine365\\\/el-amb-instalara-wifi-publico-en-las-playas-del-litoral-metropolitano-de-barcelona\\\/#webpage\",\"url\":\"https:\\\/\\\/eldigitaldeasturias.com\\\/magazine365\\\/el-amb-instalara-wifi-publico-en-las-playas-del-litoral-metropolitano-de-barcelona\\\/\",\"name\":\"El AMB instalar\\u00e1 WiFi p\\u00fablico en las playas del litoral metropolitano de Barcelona | El Digital de Asturias\",\"description\":\"El \\u00c1rea Metropolitana de Barcelona (AMB) instalar\\u00e1 un servicio de WiFi p\\u00fablico en las playas metropolitanas, que se ha iniciado mediante una prueba piloto en la playa de la Nova Ic\\u00e0ria de Barcelona. El servicio de WiFi est\\u00e1 incorporado en el nuevo b\\u00e1culo de megafon\\u00eda que se instalar\\u00e1 en las playas y que ya funciona\",\"inLanguage\":\"es-ES\",\"isPartOf\":{\"@id\":\"https:\\\/\\\/eldigitaldeasturias.com\\\/magazine365\\\/#website\"},\"breadcrumb\":{\"@id\":\"https:\\\/\\\/eldigitaldeasturias.com\\\/magazine365\\\/el-amb-instalara-wifi-publico-en-las-playas-del-litoral-metropolitano-de-barcelona\\\/#breadcrumblist\"},\"author\":{\"@id\":\"https:\\\/\\\/eldigitaldeasturias.com\\\/magazine365\\\/author\\\/admin\\\/#author\"},\"creator\":{\"@id\":\"https:\\\/\\\/eldigitaldeasturias.com\\\/magazine365\\\/author\\\/admin\\\/#author\"},\"image\":{\"@type\":\"ImageObject\",\"url\":\"https:\\\/\\\/eldigitaldeasturias.com\\\/magazine365\\\/wp-content\\\/uploads\\\/2015\\\/06\\\/fotonoticia_20150605172355_800.jpg\",\"@id\":\"https:\\\/\\\/eldigitaldeasturias.com\\\/magazine365\\\/el-amb-instalara-wifi-publico-en-las-playas-del-litoral-metropolitano-de-barcelona\\\/#mainImage\",\"width\":800,\"height\":609},\"primaryImageOfPage\":{\"@id\":\"https:\\\/\\\/eldigitaldeasturias.com\\\/magazine365\\\/el-amb-instalara-wifi-publico-en-las-playas-del-litoral-metropolitano-de-barcelona\\\/#mainImage\"},\"datePublished\":\"2015-06-06T05:02:04+02:00\",\"dateModified\":\"2015-06-06T05:02:04+02:00\"},{\"@type\":\"WebSite\",\"@id\":\"https:\\\/\\\/eldigitaldeasturias.com\\\/magazine365\\\/#website\",\"url\":\"https:\\\/\\\/eldigitaldeasturias.com\\\/magazine365\\\/\",\"name\":\"El Digital de Asturias\",\"description\":\"Revista de ocio, turismo y estilo de vida\",\"inLanguage\":\"es-ES\",\"publisher\":{\"@id\":\"https:\\\/\\\/eldigitaldeasturias.com\\\/magazine365\\\/#organization\"}}]}\n\t\t<\/script>\n\t\t<!-- All in One SEO Pro -->\r\n\t\t<title>El AMB instalar\u00e1 WiFi p\u00fablico en las playas del litoral metropolitano de Barcelona | El Digital de Asturias<\/title>\n\n","aioseo_head_json":{"title":"El AMB instalar\u00e1 WiFi p\u00fablico en las playas del litoral metropolitano de Barcelona | El Digital de Asturias","description":"El \u00c1rea Metropolitana de Barcelona (AMB) instalar\u00e1 un servicio de WiFi p\u00fablico en las playas metropolitanas, que se ha iniciado mediante una prueba piloto en la playa de la Nova Ic\u00e0ria de Barcelona. El servicio de WiFi est\u00e1 incorporado en el nuevo b\u00e1culo de megafon\u00eda que se instalar\u00e1 en las playas y que ya funciona","canonical_url":"https:\/\/eldigitaldeasturias.com\/magazine365\/el-amb-instalara-wifi-publico-en-las-playas-del-litoral-metropolitano-de-barcelona\/","robots":"max-image-preview:large","keywords":"actualidad turismo","webmasterTools":{"google-site-verification":"UA-38556648-1","miscellaneous":""},"schema":{"@context":"https:\/\/schema.org","@graph":[{"@type":"Article","@id":"https:\/\/eldigitaldeasturias.com\/magazine365\/el-amb-instalara-wifi-publico-en-las-playas-del-litoral-metropolitano-de-barcelona\/#article","name":"El AMB instalar\u00e1 WiFi p\u00fablico en las playas del litoral metropolitano de Barcelona | El Digital de Asturias","headline":"El AMB instalar\u00e1 WiFi p\u00fablico en las playas del litoral metropolitano de Barcelona","author":{"@id":"https:\/\/eldigitaldeasturias.com\/magazine365\/author\/admin\/#author"},"publisher":{"@id":"https:\/\/eldigitaldeasturias.com\/magazine365\/#organization"},"image":{"@type":"ImageObject","url":"https:\/\/eldigitaldeasturias.com\/magazine365\/wp-content\/uploads\/2015\/06\/fotonoticia_20150605172355_800.jpg","width":800,"height":609},"datePublished":"2015-06-06T05:02:04+02:00","dateModified":"2015-06-06T05:02:04+02:00","inLanguage":"es-ES","mainEntityOfPage":{"@id":"https:\/\/eldigitaldeasturias.com\/magazine365\/el-amb-instalara-wifi-publico-en-las-playas-del-litoral-metropolitano-de-barcelona\/#webpage"},"isPartOf":{"@id":"https:\/\/eldigitaldeasturias.com\/magazine365\/el-amb-instalara-wifi-publico-en-las-playas-del-litoral-metropolitano-de-barcelona\/#webpage"},"articleSection":"Actualidad Turismo"},{"@type":"BreadcrumbList","@id":"https:\/\/eldigitaldeasturias.com\/magazine365\/el-amb-instalara-wifi-publico-en-las-playas-del-litoral-metropolitano-de-barcelona\/#breadcrumblist","itemListElement":[{"@type":"ListItem","@id":"https:\/\/eldigitaldeasturias.com\/magazine365#listItem","position":1,"name":"Home","item":"https:\/\/eldigitaldeasturias.com\/magazine365","nextItem":{"@type":"ListItem","@id":"https:\/\/eldigitaldeasturias.com\/magazine365\/category\/actualidad-turismo\/#listItem","name":"Actualidad Turismo"}},{"@type":"ListItem","@id":"https:\/\/eldigitaldeasturias.com\/magazine365\/category\/actualidad-turismo\/#listItem","position":2,"name":"Actualidad Turismo","item":"https:\/\/eldigitaldeasturias.com\/magazine365\/category\/actualidad-turismo\/","nextItem":{"@type":"ListItem","@id":"https:\/\/eldigitaldeasturias.com\/magazine365\/el-amb-instalara-wifi-publico-en-las-playas-del-litoral-metropolitano-de-barcelona\/#listItem","name":"El AMB instalar\u00e1 WiFi p\u00fablico en las playas del litoral metropolitano de Barcelona"},"previousItem":{"@type":"ListItem","@id":"https:\/\/eldigitaldeasturias.com\/magazine365#listItem","name":"Home"}},{"@type":"ListItem","@id":"https:\/\/eldigitaldeasturias.com\/magazine365\/el-amb-instalara-wifi-publico-en-las-playas-del-litoral-metropolitano-de-barcelona\/#listItem","position":3,"name":"El AMB instalar\u00e1 WiFi p\u00fablico en las playas del litoral metropolitano de Barcelona","previousItem":{"@type":"ListItem","@id":"https:\/\/eldigitaldeasturias.com\/magazine365\/category\/actualidad-turismo\/#listItem","name":"Actualidad Turismo"}}]},{"@type":"Organization","@id":"https:\/\/eldigitaldeasturias.com\/magazine365\/#organization","name":"El digital de Asturias","description":"Revista de ocio, turismo y estilo de vida","url":"https:\/\/eldigitaldeasturias.com\/magazine365\/","logo":{"@type":"ImageObject","url":"https:\/\/www.eldigitaldeasturias.com\/noticias\/wp-content\/uploads\/2020\/12\/EDA.jpg","@id":"https:\/\/eldigitaldeasturias.com\/magazine365\/el-amb-instalara-wifi-publico-en-las-playas-del-litoral-metropolitano-de-barcelona\/#organizationLogo"},"image":{"@id":"https:\/\/eldigitaldeasturias.com\/magazine365\/el-amb-instalara-wifi-publico-en-las-playas-del-litoral-metropolitano-de-barcelona\/#organizationLogo"}},{"@type":"Person","@id":"https:\/\/eldigitaldeasturias.com\/magazine365\/author\/admin\/#author","url":"https:\/\/eldigitaldeasturias.com\/magazine365\/author\/admin\/","name":"admin","image":{"@type":"ImageObject","@id":"https:\/\/eldigitaldeasturias.com\/magazine365\/el-amb-instalara-wifi-publico-en-las-playas-del-litoral-metropolitano-de-barcelona\/#authorImage","url":"https:\/\/eldigitaldeasturias.com\/magazine365\/wp-content\/litespeed\/avatar\/e571bcf59a0edd6fa6838245a470f2fe.jpg?ver=1776969259","width":96,"height":96,"caption":"admin"}},{"@type":"WebPage","@id":"https:\/\/eldigitaldeasturias.com\/magazine365\/el-amb-instalara-wifi-publico-en-las-playas-del-litoral-metropolitano-de-barcelona\/#webpage","url":"https:\/\/eldigitaldeasturias.com\/magazine365\/el-amb-instalara-wifi-publico-en-las-playas-del-litoral-metropolitano-de-barcelona\/","name":"El AMB instalar\u00e1 WiFi p\u00fablico en las playas del litoral metropolitano de Barcelona | El Digital de Asturias","description":"El \u00c1rea Metropolitana de Barcelona (AMB) instalar\u00e1 un servicio de WiFi p\u00fablico en las playas metropolitanas, que se ha iniciado mediante una prueba piloto en la playa de la Nova Ic\u00e0ria de Barcelona. El servicio de WiFi est\u00e1 incorporado en el nuevo b\u00e1culo de megafon\u00eda que se instalar\u00e1 en las playas y que ya funciona","inLanguage":"es-ES","isPartOf":{"@id":"https:\/\/eldigitaldeasturias.com\/magazine365\/#website"},"breadcrumb":{"@id":"https:\/\/eldigitaldeasturias.com\/magazine365\/el-amb-instalara-wifi-publico-en-las-playas-del-litoral-metropolitano-de-barcelona\/#breadcrumblist"},"author":{"@id":"https:\/\/eldigitaldeasturias.com\/magazine365\/author\/admin\/#author"},"creator":{"@id":"https:\/\/eldigitaldeasturias.com\/magazine365\/author\/admin\/#author"},"image":{"@type":"ImageObject","url":"https:\/\/eldigitaldeasturias.com\/magazine365\/wp-content\/uploads\/2015\/06\/fotonoticia_20150605172355_800.jpg","@id":"https:\/\/eldigitaldeasturias.com\/magazine365\/el-amb-instalara-wifi-publico-en-las-playas-del-litoral-metropolitano-de-barcelona\/#mainImage","width":800,"height":609},"primaryImageOfPage":{"@id":"https:\/\/eldigitaldeasturias.com\/magazine365\/el-amb-instalara-wifi-publico-en-las-playas-del-litoral-metropolitano-de-barcelona\/#mainImage"},"datePublished":"2015-06-06T05:02:04+02:00","dateModified":"2015-06-06T05:02:04+02:00"},{"@type":"WebSite","@id":"https:\/\/eldigitaldeasturias.com\/magazine365\/#website","url":"https:\/\/eldigitaldeasturias.com\/magazine365\/","name":"El Digital de Asturias","description":"Revista de ocio, turismo y estilo de vida","inLanguage":"es-ES","publisher":{"@id":"https:\/\/eldigitaldeasturias.com\/magazine365\/#organization"}}]},"og:locale":"es_ES","og:site_name":"El Digital de Asturias \u2013 Revista de ocio, turismo y estilo de vida","og:type":"article","og:title":"El AMB instalar\u00e1 WiFi p\u00fablico en las playas del litoral metropolitano de Barcelona | El Digital de Asturias","og:description":"El \u00c1rea Metropolitana de Barcelona (AMB) instalar\u00e1 un servicio de WiFi p\u00fablico en las playas metropolitanas, que se ha iniciado mediante una prueba piloto en la playa de la Nova Ic\u00e0ria de Barcelona. El servicio de WiFi est\u00e1 incorporado en el nuevo b\u00e1culo de megafon\u00eda que se instalar\u00e1 en las playas y que ya funciona","og:url":"https:\/\/eldigitaldeasturias.com\/magazine365\/el-amb-instalara-wifi-publico-en-las-playas-del-litoral-metropolitano-de-barcelona\/","og:image":"https:\/\/eldigitaldeasturias.com\/magazine365\/wp-content\/uploads\/2015\/06\/fotonoticia_20150605172355_800.jpg","og:image:secure_url":"https:\/\/eldigitaldeasturias.com\/magazine365\/wp-content\/uploads\/2015\/06\/fotonoticia_20150605172355_800.jpg","og:image:width":800,"og:image:height":609,"article:published_time":"2015-06-06T03:32:04+00:00","article:modified_time":"2015-06-06T03:32:04+00:00","twitter:card":"summary_large_image","twitter:title":"El AMB instalar\u00e1 WiFi p\u00fablico en las playas del litoral metropolitano de Barcelona | El Digital de Asturias","twitter:description":"El \u00c1rea Metropolitana de Barcelona (AMB) instalar\u00e1 un servicio de WiFi p\u00fablico en las playas metropolitanas, que se ha iniciado mediante una prueba piloto en la playa de la Nova Ic\u00e0ria de Barcelona. El servicio de WiFi est\u00e1 incorporado en el nuevo b\u00e1culo de megafon\u00eda que se instalar\u00e1 en las playas y que ya funciona","twitter:image":"https:\/\/eldigitaldeasturias.com\/magazine365\/wp-content\/uploads\/2015\/06\/fotonoticia_20150605172355_800.jpg"},"aioseo_meta_data":{"post_id":"39020","title":null,"description":null,"keywords":null,"keyphrases":null,"primary_term":null,"canonical_url":null,"og_title":null,"og_description":null,"og_object_type":"default","og_image_type":"default","og_image_url":null,"og_image_width":null,"og_image_height":null,"og_image_custom_url":null,"og_image_custom_fields":null,"og_video":null,"og_custom_url":null,"og_article_section":null,"og_article_tags":null,"twitter_use_og":false,"twitter_card":"default","twitter_image_type":"default","twitter_image_url":null,"twitter_image_custom_url":null,"twitter_image_custom_fields":null,"twitter_title":null,"twitter_description":null,"schema":{"blockGraphs":[],"customGraphs":[],"default":{"data":{"Article":[],"Course":[],"Dataset":[],"FAQPage":[],"Movie":[],"Person":[],"Product":[],"ProductReview":[],"Car":[],"Recipe":[],"Service":[],"SoftwareApplication":[],"WebPage":[]},"graphName":"","isEnabled":true},"graphs":[],"defaultGraph":"","defaultPostTypeGraph":""},"schema_type":null,"schema_type_options":null,"pillar_content":false,"robots_default":true,"robots_noindex":false,"robots_noarchive":false,"robots_nosnippet":false,"robots_nofollow":false,"robots_noimageindex":false,"robots_noodp":false,"robots_notranslate":false,"robots_max_snippet":null,"robots_max_videopreview":null,"robots_max_imagepreview":"large","priority":null,"frequency":null,"location":null,"local_seo":null,"seo_analyzer_scan_date":"2025-09-19 10:46:55","breadcrumb_settings":null,"limit_modified_date":false,"open_ai":null,"ai":null,"created":"2021-03-09 02:46:43","updated":"2025-09-19 10:46:55"},"aioseo_breadcrumb":"<div class=\"aioseo-breadcrumbs\"><span class=\"aioseo-breadcrumb\">\n\t<a href=\"https:\/\/eldigitaldeasturias.com\/magazine365\" title=\"Home\">Home<\/a>\n<\/span><span class=\"aioseo-breadcrumb-separator\">\u2013<\/span><span class=\"aioseo-breadcrumb\">\n\t<a href=\"https:\/\/eldigitaldeasturias.com\/magazine365\/category\/actualidad-turismo\/\" title=\"Actualidad Turismo\">Actualidad Turismo<\/a>\n<\/span><span class=\"aioseo-breadcrumb-separator\">\u2013<\/span><span class=\"aioseo-breadcrumb\">\n\t<a href=\"https:\/\/eldigitaldeasturias.com\/magazine365\/el-amb-instalara-wifi-publico-en-las-playas-del-litoral-metropolitano-de-barcelona\/\" title=\"El AMB instalar\u00e1 WiFi p\u00fablico en las playas del litoral metropolitano de Barcelona\">El AMB instalar\u00e1 WiFi p\u00fablico en las playas del litoral metropolitano de Barcelona<\/a>\n<\/span><\/div>","aioseo_breadcrumb_json":[{"label":"Home","link":"https:\/\/eldigitaldeasturias.com\/magazine365"},{"label":"Actualidad Turismo","link":"https:\/\/eldigitaldeasturias.com\/magazine365\/category\/actualidad-turismo\/"},{"label":"El AMB instalar\u00e1 WiFi p\u00fablico en las playas del litoral metropolitano de Barcelona","link":"https:\/\/eldigitaldeasturias.com\/magazine365\/el-amb-instalara-wifi-publico-en-las-playas-del-litoral-metropolitano-de-barcelona\/"}],"_links":{"self":[{"href":"https:\/\/eldigitaldeasturias.com\/magazine365\/wp-json\/wp\/v2\/posts\/39020","targetHints":{"allow":["GET"]}}],"collection":[{"href":"https:\/\/eldigitaldeasturias.com\/magazine365\/wp-json\/wp\/v2\/posts"}],"about":[{"href":"https:\/\/eldigitaldeasturias.com\/magazine365\/wp-json\/wp\/v2\/types\/post"}],"author":[{"embeddable":true,"href":"https:\/\/eldigitaldeasturias.com\/magazine365\/wp-json\/wp\/v2\/users\/1"}],"replies":[{"embeddable":true,"href":"https:\/\/eldigitaldeasturias.com\/magazine365\/wp-json\/wp\/v2\/comments?post=39020"}],"version-history":[{"count":0,"href":"https:\/\/eldigitaldeasturias.com\/magazine365\/wp-json\/wp\/v2\/posts\/39020\/revisions"}],"wp:featuredmedia":[{"embeddable":true,"href":"https:\/\/eldigitaldeasturias.com\/magazine365\/wp-json\/wp\/v2\/media\/39021"}],"wp:attachment":[{"href":"https:\/\/eldigitaldeasturias.com\/magazine365\/wp-json\/wp\/v2\/media?parent=39020"}],"wp:term":[{"taxonomy":"category","embeddable":true,"href":"https:\/\/eldigitaldeasturias.com\/magazine365\/wp-json\/wp\/v2\/categories?post=39020"},{"taxonomy":"post_tag","embeddable":true,"href":"https:\/\/eldigitaldeasturias.com\/magazine365\/wp-json\/wp\/v2\/tags?post=39020"}],"curies":[{"name":"wp","href":"https:\/\/api.w.org\/{rel}","templated":true}]}}