{"id":39014,"date":"2015-06-06T04:58:26","date_gmt":"2015-06-06T03:28:26","guid":{"rendered":"http:\/\/eldigitaldeasturias.com\/magazine365\/?p=39014"},"modified":"2015-06-06T04:58:26","modified_gmt":"2015-06-06T03:28:26","slug":"las-pernoctaciones-de-turistas-crecieron-un-7-en-mayo-en-valencia","status":"publish","type":"post","link":"https:\/\/eldigitaldeasturias.com\/magazine365\/las-pernoctaciones-de-turistas-crecieron-un-7-en-mayo-en-valencia\/","title":{"rendered":"Las pernoctaciones de turistas crecieron un 7% en mayo en Valencia"},"content":{"rendered":"<p><img fetchpriority=\"high\" decoding=\"async\" class=\"alignleft size-medium wp-image-39015\" src=\"https:\/\/eldigitaldeasturias.com\/magazine365\/wp-content\/uploads\/2015\/06\/fotonoticia_20150605171953_800-360x265.jpg\" alt=\"fotonoticia_20150605171953_800\" width=\"360\" height=\"265\" srcset=\"https:\/\/eldigitaldeasturias.com\/magazine365\/wp-content\/uploads\/2015\/06\/fotonoticia_20150605171953_800-360x265.jpg 360w, https:\/\/eldigitaldeasturias.com\/magazine365\/wp-content\/uploads\/2015\/06\/fotonoticia_20150605171953_800-650x478.jpg 650w, https:\/\/eldigitaldeasturias.com\/magazine365\/wp-content\/uploads\/2015\/06\/fotonoticia_20150605171953_800-768x564.jpg 768w, https:\/\/eldigitaldeasturias.com\/magazine365\/wp-content\/uploads\/2015\/06\/fotonoticia_20150605171953_800-150x110.jpg 150w, https:\/\/eldigitaldeasturias.com\/magazine365\/wp-content\/uploads\/2015\/06\/fotonoticia_20150605171953_800-450x331.jpg 450w, https:\/\/eldigitaldeasturias.com\/magazine365\/wp-content\/uploads\/2015\/06\/fotonoticia_20150605171953_800-80x60.jpg 80w, https:\/\/eldigitaldeasturias.com\/magazine365\/wp-content\/uploads\/2015\/06\/fotonoticia_20150605171953_800-696x512.jpg 696w, https:\/\/eldigitaldeasturias.com\/magazine365\/wp-content\/uploads\/2015\/06\/fotonoticia_20150605171953_800-571x420.jpg 571w, https:\/\/eldigitaldeasturias.com\/magazine365\/wp-content\/uploads\/2015\/06\/fotonoticia_20150605171953_800-338x250.jpg 338w, https:\/\/eldigitaldeasturias.com\/magazine365\/wp-content\/uploads\/2015\/06\/fotonoticia_20150605171953_800-90x67.jpg 90w, https:\/\/eldigitaldeasturias.com\/magazine365\/wp-content\/uploads\/2015\/06\/fotonoticia_20150605171953_800-100x75.jpg 100w, https:\/\/eldigitaldeasturias.com\/magazine365\/wp-content\/uploads\/2015\/06\/fotonoticia_20150605171953_800.jpg 800w\" sizes=\"(max-width: 360px) 100vw, 360px\" \/>Las pernoctaciones en alojamientos tur\u00edsticos crecieron en mayo un 7 por ciento en la ciudad de Valencia respecto al mismo periodo del a\u00f1o anterior, hasta un total de 385.000, y en lo que va de a\u00f1o se han contabilizado m\u00e1s de 1,5 millones de pernoctaciones con un crecimiento interanual de un 4 por ciento.<\/p>\n<p>Turismo Valencia ha se\u00f1alado en un comunicado que la ocupaci\u00f3n en alojamientos tur\u00edsticos en mayo se situ\u00f3 en el 72 por ciento, lo que supone una mejora del 6 por ciento, mientras que en el balance anual se sit\u00faa en el 60 por ciento, un 2 por ciento por encima del mismo periodo en el ejercicio anterior.<\/p>\n<p>La entidad tiene un pron\u00f3stico \u00abpositivo\u00bb para la temporada estival ya que el mes de junio comienza con \u00abbuenas\u00bb previsiones para el primer fin de semana, por encima del 90 por ciento en las principales centrales de reserva online.<\/p>\n<p>PROMOCI\u00d3N EN MERCADOS PRIORITARIOS.<\/p>\n<p>Para mantener el ritmo de crecimiento que est\u00e1 registrando la ciudad a lo largo del a\u00f1o y tener un buen verano, desde Turismo Valencia se est\u00e1n desarrollando numerosas acciones promocionales.<\/p>\n<p>De este modo, ha destacado que la fundaci\u00f3n acaba de participar en sendas presentaciones gastron\u00f3micas con agentes y prensa en Madrid y Stuttgart, importantes focos emisores para Valencia por su buena conexi\u00f3n a trav\u00e9s del AVE y la nueva l\u00ednea de Germanwings, respectivamente.<\/p>\n","protected":false},"excerpt":{"rendered":"<p>Las pernoctaciones en alojamientos tur\u00edsticos crecieron en mayo un 7 por ciento en la ciudad de Valencia respecto al mismo periodo del a\u00f1o anterior, hasta un total de 385.000, y en lo que va de a\u00f1o se han contabilizado m\u00e1s de 1,5 millones de pernoctaciones con un crecimiento interanual de un 4 por ciento. Turismo<\/p>\n","protected":false},"author":1,"featured_media":39015,"comment_status":"open","ping_status":"closed","sticky":false,"template":"","format":"standard","meta":{"footnotes":""},"categories":[222],"tags":[],"class_list":{"0":"post-39014","1":"post","2":"type-post","3":"status-publish","4":"format-standard","5":"has-post-thumbnail","7":"category-actualidad-turismo"},"aioseo_notices":[],"aioseo_head":"\n\t\t<!-- All in One SEO Pro 4.9.6.1 - aioseo.com -->\n\t<meta name=\"description\" content=\"Las pernoctaciones en alojamientos tur\u00edsticos crecieron en mayo un 7 por ciento en la ciudad de Valencia respecto al mismo periodo del a\u00f1o anterior, hasta un total de 385.000, y en lo que va de a\u00f1o se han contabilizado m\u00e1s de 1,5 millones de pernoctaciones con un crecimiento interanual de un 4 por ciento. Turismo\" \/>\n\t<meta name=\"robots\" content=\"max-image-preview:large\" \/>\n\t<meta name=\"author\" content=\"admin\"\/>\n\t<meta name=\"google-site-verification\" content=\"UA-38556648-1\" \/>\n\t<meta name=\"keywords\" content=\"actualidad turismo\" \/>\n\t<link rel=\"canonical\" href=\"https:\/\/eldigitaldeasturias.com\/magazine365\/las-pernoctaciones-de-turistas-crecieron-un-7-en-mayo-en-valencia\/\" \/>\n\t<meta name=\"generator\" content=\"All in One SEO Pro (AIOSEO) 4.9.6.1\" \/>\n\t\t<meta property=\"og:locale\" content=\"es_ES\" \/>\n\t\t<meta property=\"og:site_name\" content=\"El Digital de Asturias \u2013 Revista de ocio, turismo y estilo de vida\" \/>\n\t\t<meta property=\"og:type\" content=\"article\" \/>\n\t\t<meta property=\"og:title\" content=\"Las pernoctaciones de turistas crecieron un 7% en mayo en Valencia | El Digital de Asturias\" \/>\n\t\t<meta property=\"og:description\" content=\"Las pernoctaciones en alojamientos tur\u00edsticos crecieron en mayo un 7 por ciento en la ciudad de Valencia respecto al mismo periodo del a\u00f1o anterior, hasta un total de 385.000, y en lo que va de a\u00f1o se han contabilizado m\u00e1s de 1,5 millones de pernoctaciones con un crecimiento interanual de un 4 por ciento. Turismo\" \/>\n\t\t<meta property=\"og:url\" content=\"https:\/\/eldigitaldeasturias.com\/magazine365\/las-pernoctaciones-de-turistas-crecieron-un-7-en-mayo-en-valencia\/\" \/>\n\t\t<meta property=\"og:image\" content=\"https:\/\/eldigitaldeasturias.com\/magazine365\/wp-content\/uploads\/2015\/06\/fotonoticia_20150605171953_800.jpg\" \/>\n\t\t<meta property=\"og:image:secure_url\" content=\"https:\/\/eldigitaldeasturias.com\/magazine365\/wp-content\/uploads\/2015\/06\/fotonoticia_20150605171953_800.jpg\" \/>\n\t\t<meta property=\"og:image:width\" content=\"800\" \/>\n\t\t<meta property=\"og:image:height\" content=\"588\" \/>\n\t\t<meta property=\"article:published_time\" content=\"2015-06-06T03:28:26+00:00\" \/>\n\t\t<meta property=\"article:modified_time\" content=\"2015-06-06T03:28:26+00:00\" \/>\n\t\t<meta name=\"twitter:card\" content=\"summary_large_image\" \/>\n\t\t<meta name=\"twitter:title\" content=\"Las pernoctaciones de turistas crecieron un 7% en mayo en Valencia | El Digital de Asturias\" \/>\n\t\t<meta name=\"twitter:description\" content=\"Las pernoctaciones en alojamientos tur\u00edsticos crecieron en mayo un 7 por ciento en la ciudad de Valencia respecto al mismo periodo del a\u00f1o anterior, hasta un total de 385.000, y en lo que va de a\u00f1o se han contabilizado m\u00e1s de 1,5 millones de pernoctaciones con un crecimiento interanual de un 4 por ciento. Turismo\" \/>\n\t\t<meta name=\"twitter:image\" content=\"https:\/\/eldigitaldeasturias.com\/magazine365\/wp-content\/uploads\/2015\/06\/fotonoticia_20150605171953_800.jpg\" \/>\n\t\t<script type=\"application\/ld+json\" class=\"aioseo-schema\">\n\t\t\t{\"@context\":\"https:\\\/\\\/schema.org\",\"@graph\":[{\"@type\":\"Article\",\"@id\":\"https:\\\/\\\/eldigitaldeasturias.com\\\/magazine365\\\/las-pernoctaciones-de-turistas-crecieron-un-7-en-mayo-en-valencia\\\/#article\",\"name\":\"Las pernoctaciones de turistas crecieron un 7% en mayo en Valencia | El Digital de Asturias\",\"headline\":\"Las pernoctaciones de turistas crecieron un 7% en mayo en Valencia\",\"author\":{\"@id\":\"https:\\\/\\\/eldigitaldeasturias.com\\\/magazine365\\\/author\\\/admin\\\/#author\"},\"publisher\":{\"@id\":\"https:\\\/\\\/eldigitaldeasturias.com\\\/magazine365\\\/#organization\"},\"image\":{\"@type\":\"ImageObject\",\"url\":\"https:\\\/\\\/eldigitaldeasturias.com\\\/magazine365\\\/wp-content\\\/uploads\\\/2015\\\/06\\\/fotonoticia_20150605171953_800.jpg\",\"width\":800,\"height\":588},\"datePublished\":\"2015-06-06T04:58:26+02:00\",\"dateModified\":\"2015-06-06T04:58:26+02:00\",\"inLanguage\":\"es-ES\",\"mainEntityOfPage\":{\"@id\":\"https:\\\/\\\/eldigitaldeasturias.com\\\/magazine365\\\/las-pernoctaciones-de-turistas-crecieron-un-7-en-mayo-en-valencia\\\/#webpage\"},\"isPartOf\":{\"@id\":\"https:\\\/\\\/eldigitaldeasturias.com\\\/magazine365\\\/las-pernoctaciones-de-turistas-crecieron-un-7-en-mayo-en-valencia\\\/#webpage\"},\"articleSection\":\"Actualidad Turismo\"},{\"@type\":\"BreadcrumbList\",\"@id\":\"https:\\\/\\\/eldigitaldeasturias.com\\\/magazine365\\\/las-pernoctaciones-de-turistas-crecieron-un-7-en-mayo-en-valencia\\\/#breadcrumblist\",\"itemListElement\":[{\"@type\":\"ListItem\",\"@id\":\"https:\\\/\\\/eldigitaldeasturias.com\\\/magazine365#listItem\",\"position\":1,\"name\":\"Home\",\"item\":\"https:\\\/\\\/eldigitaldeasturias.com\\\/magazine365\",\"nextItem\":{\"@type\":\"ListItem\",\"@id\":\"https:\\\/\\\/eldigitaldeasturias.com\\\/magazine365\\\/category\\\/actualidad-turismo\\\/#listItem\",\"name\":\"Actualidad Turismo\"}},{\"@type\":\"ListItem\",\"@id\":\"https:\\\/\\\/eldigitaldeasturias.com\\\/magazine365\\\/category\\\/actualidad-turismo\\\/#listItem\",\"position\":2,\"name\":\"Actualidad Turismo\",\"item\":\"https:\\\/\\\/eldigitaldeasturias.com\\\/magazine365\\\/category\\\/actualidad-turismo\\\/\",\"nextItem\":{\"@type\":\"ListItem\",\"@id\":\"https:\\\/\\\/eldigitaldeasturias.com\\\/magazine365\\\/las-pernoctaciones-de-turistas-crecieron-un-7-en-mayo-en-valencia\\\/#listItem\",\"name\":\"Las pernoctaciones de turistas crecieron un 7% en mayo en Valencia\"},\"previousItem\":{\"@type\":\"ListItem\",\"@id\":\"https:\\\/\\\/eldigitaldeasturias.com\\\/magazine365#listItem\",\"name\":\"Home\"}},{\"@type\":\"ListItem\",\"@id\":\"https:\\\/\\\/eldigitaldeasturias.com\\\/magazine365\\\/las-pernoctaciones-de-turistas-crecieron-un-7-en-mayo-en-valencia\\\/#listItem\",\"position\":3,\"name\":\"Las pernoctaciones de turistas crecieron un 7% en mayo en Valencia\",\"previousItem\":{\"@type\":\"ListItem\",\"@id\":\"https:\\\/\\\/eldigitaldeasturias.com\\\/magazine365\\\/category\\\/actualidad-turismo\\\/#listItem\",\"name\":\"Actualidad Turismo\"}}]},{\"@type\":\"Organization\",\"@id\":\"https:\\\/\\\/eldigitaldeasturias.com\\\/magazine365\\\/#organization\",\"name\":\"El digital de Asturias\",\"description\":\"Revista de ocio, turismo y estilo de vida\",\"url\":\"https:\\\/\\\/eldigitaldeasturias.com\\\/magazine365\\\/\",\"logo\":{\"@type\":\"ImageObject\",\"url\":\"https:\\\/\\\/www.eldigitaldeasturias.com\\\/noticias\\\/wp-content\\\/uploads\\\/2020\\\/12\\\/EDA.jpg\",\"@id\":\"https:\\\/\\\/eldigitaldeasturias.com\\\/magazine365\\\/las-pernoctaciones-de-turistas-crecieron-un-7-en-mayo-en-valencia\\\/#organizationLogo\"},\"image\":{\"@id\":\"https:\\\/\\\/eldigitaldeasturias.com\\\/magazine365\\\/las-pernoctaciones-de-turistas-crecieron-un-7-en-mayo-en-valencia\\\/#organizationLogo\"}},{\"@type\":\"Person\",\"@id\":\"https:\\\/\\\/eldigitaldeasturias.com\\\/magazine365\\\/author\\\/admin\\\/#author\",\"url\":\"https:\\\/\\\/eldigitaldeasturias.com\\\/magazine365\\\/author\\\/admin\\\/\",\"name\":\"admin\",\"image\":{\"@type\":\"ImageObject\",\"@id\":\"https:\\\/\\\/eldigitaldeasturias.com\\\/magazine365\\\/las-pernoctaciones-de-turistas-crecieron-un-7-en-mayo-en-valencia\\\/#authorImage\",\"url\":\"https:\\\/\\\/eldigitaldeasturias.com\\\/magazine365\\\/wp-content\\\/litespeed\\\/avatar\\\/e571bcf59a0edd6fa6838245a470f2fe.jpg?ver=1776969259\",\"width\":96,\"height\":96,\"caption\":\"admin\"}},{\"@type\":\"WebPage\",\"@id\":\"https:\\\/\\\/eldigitaldeasturias.com\\\/magazine365\\\/las-pernoctaciones-de-turistas-crecieron-un-7-en-mayo-en-valencia\\\/#webpage\",\"url\":\"https:\\\/\\\/eldigitaldeasturias.com\\\/magazine365\\\/las-pernoctaciones-de-turistas-crecieron-un-7-en-mayo-en-valencia\\\/\",\"name\":\"Las pernoctaciones de turistas crecieron un 7% en mayo en Valencia | El Digital de Asturias\",\"description\":\"Las pernoctaciones en alojamientos tur\\u00edsticos crecieron en mayo un 7 por ciento en la ciudad de Valencia respecto al mismo periodo del a\\u00f1o anterior, hasta un total de 385.000, y en lo que va de a\\u00f1o se han contabilizado m\\u00e1s de 1,5 millones de pernoctaciones con un crecimiento interanual de un 4 por ciento. Turismo\",\"inLanguage\":\"es-ES\",\"isPartOf\":{\"@id\":\"https:\\\/\\\/eldigitaldeasturias.com\\\/magazine365\\\/#website\"},\"breadcrumb\":{\"@id\":\"https:\\\/\\\/eldigitaldeasturias.com\\\/magazine365\\\/las-pernoctaciones-de-turistas-crecieron-un-7-en-mayo-en-valencia\\\/#breadcrumblist\"},\"author\":{\"@id\":\"https:\\\/\\\/eldigitaldeasturias.com\\\/magazine365\\\/author\\\/admin\\\/#author\"},\"creator\":{\"@id\":\"https:\\\/\\\/eldigitaldeasturias.com\\\/magazine365\\\/author\\\/admin\\\/#author\"},\"image\":{\"@type\":\"ImageObject\",\"url\":\"https:\\\/\\\/eldigitaldeasturias.com\\\/magazine365\\\/wp-content\\\/uploads\\\/2015\\\/06\\\/fotonoticia_20150605171953_800.jpg\",\"@id\":\"https:\\\/\\\/eldigitaldeasturias.com\\\/magazine365\\\/las-pernoctaciones-de-turistas-crecieron-un-7-en-mayo-en-valencia\\\/#mainImage\",\"width\":800,\"height\":588},\"primaryImageOfPage\":{\"@id\":\"https:\\\/\\\/eldigitaldeasturias.com\\\/magazine365\\\/las-pernoctaciones-de-turistas-crecieron-un-7-en-mayo-en-valencia\\\/#mainImage\"},\"datePublished\":\"2015-06-06T04:58:26+02:00\",\"dateModified\":\"2015-06-06T04:58:26+02:00\"},{\"@type\":\"WebSite\",\"@id\":\"https:\\\/\\\/eldigitaldeasturias.com\\\/magazine365\\\/#website\",\"url\":\"https:\\\/\\\/eldigitaldeasturias.com\\\/magazine365\\\/\",\"name\":\"El Digital de Asturias\",\"description\":\"Revista de ocio, turismo y estilo de vida\",\"inLanguage\":\"es-ES\",\"publisher\":{\"@id\":\"https:\\\/\\\/eldigitaldeasturias.com\\\/magazine365\\\/#organization\"}}]}\n\t\t<\/script>\n\t\t<!-- All in One SEO Pro -->\r\n\t\t<title>Las pernoctaciones de turistas crecieron un 7% en mayo en Valencia | El Digital de Asturias<\/title>\n\n","aioseo_head_json":{"title":"Las pernoctaciones de turistas crecieron un 7% en mayo en Valencia | El Digital de Asturias","description":"Las pernoctaciones en alojamientos tur\u00edsticos crecieron en mayo un 7 por ciento en la ciudad de Valencia respecto al mismo periodo del a\u00f1o anterior, hasta un total de 385.000, y en lo que va de a\u00f1o se han contabilizado m\u00e1s de 1,5 millones de pernoctaciones con un crecimiento interanual de un 4 por ciento. Turismo","canonical_url":"https:\/\/eldigitaldeasturias.com\/magazine365\/las-pernoctaciones-de-turistas-crecieron-un-7-en-mayo-en-valencia\/","robots":"max-image-preview:large","keywords":"actualidad turismo","webmasterTools":{"google-site-verification":"UA-38556648-1","miscellaneous":""},"schema":{"@context":"https:\/\/schema.org","@graph":[{"@type":"Article","@id":"https:\/\/eldigitaldeasturias.com\/magazine365\/las-pernoctaciones-de-turistas-crecieron-un-7-en-mayo-en-valencia\/#article","name":"Las pernoctaciones de turistas crecieron un 7% en mayo en Valencia | El Digital de Asturias","headline":"Las pernoctaciones de turistas crecieron un 7% en mayo en Valencia","author":{"@id":"https:\/\/eldigitaldeasturias.com\/magazine365\/author\/admin\/#author"},"publisher":{"@id":"https:\/\/eldigitaldeasturias.com\/magazine365\/#organization"},"image":{"@type":"ImageObject","url":"https:\/\/eldigitaldeasturias.com\/magazine365\/wp-content\/uploads\/2015\/06\/fotonoticia_20150605171953_800.jpg","width":800,"height":588},"datePublished":"2015-06-06T04:58:26+02:00","dateModified":"2015-06-06T04:58:26+02:00","inLanguage":"es-ES","mainEntityOfPage":{"@id":"https:\/\/eldigitaldeasturias.com\/magazine365\/las-pernoctaciones-de-turistas-crecieron-un-7-en-mayo-en-valencia\/#webpage"},"isPartOf":{"@id":"https:\/\/eldigitaldeasturias.com\/magazine365\/las-pernoctaciones-de-turistas-crecieron-un-7-en-mayo-en-valencia\/#webpage"},"articleSection":"Actualidad Turismo"},{"@type":"BreadcrumbList","@id":"https:\/\/eldigitaldeasturias.com\/magazine365\/las-pernoctaciones-de-turistas-crecieron-un-7-en-mayo-en-valencia\/#breadcrumblist","itemListElement":[{"@type":"ListItem","@id":"https:\/\/eldigitaldeasturias.com\/magazine365#listItem","position":1,"name":"Home","item":"https:\/\/eldigitaldeasturias.com\/magazine365","nextItem":{"@type":"ListItem","@id":"https:\/\/eldigitaldeasturias.com\/magazine365\/category\/actualidad-turismo\/#listItem","name":"Actualidad Turismo"}},{"@type":"ListItem","@id":"https:\/\/eldigitaldeasturias.com\/magazine365\/category\/actualidad-turismo\/#listItem","position":2,"name":"Actualidad Turismo","item":"https:\/\/eldigitaldeasturias.com\/magazine365\/category\/actualidad-turismo\/","nextItem":{"@type":"ListItem","@id":"https:\/\/eldigitaldeasturias.com\/magazine365\/las-pernoctaciones-de-turistas-crecieron-un-7-en-mayo-en-valencia\/#listItem","name":"Las pernoctaciones de turistas crecieron un 7% en mayo en Valencia"},"previousItem":{"@type":"ListItem","@id":"https:\/\/eldigitaldeasturias.com\/magazine365#listItem","name":"Home"}},{"@type":"ListItem","@id":"https:\/\/eldigitaldeasturias.com\/magazine365\/las-pernoctaciones-de-turistas-crecieron-un-7-en-mayo-en-valencia\/#listItem","position":3,"name":"Las pernoctaciones de turistas crecieron un 7% en mayo en Valencia","previousItem":{"@type":"ListItem","@id":"https:\/\/eldigitaldeasturias.com\/magazine365\/category\/actualidad-turismo\/#listItem","name":"Actualidad Turismo"}}]},{"@type":"Organization","@id":"https:\/\/eldigitaldeasturias.com\/magazine365\/#organization","name":"El digital de Asturias","description":"Revista de ocio, turismo y estilo de vida","url":"https:\/\/eldigitaldeasturias.com\/magazine365\/","logo":{"@type":"ImageObject","url":"https:\/\/www.eldigitaldeasturias.com\/noticias\/wp-content\/uploads\/2020\/12\/EDA.jpg","@id":"https:\/\/eldigitaldeasturias.com\/magazine365\/las-pernoctaciones-de-turistas-crecieron-un-7-en-mayo-en-valencia\/#organizationLogo"},"image":{"@id":"https:\/\/eldigitaldeasturias.com\/magazine365\/las-pernoctaciones-de-turistas-crecieron-un-7-en-mayo-en-valencia\/#organizationLogo"}},{"@type":"Person","@id":"https:\/\/eldigitaldeasturias.com\/magazine365\/author\/admin\/#author","url":"https:\/\/eldigitaldeasturias.com\/magazine365\/author\/admin\/","name":"admin","image":{"@type":"ImageObject","@id":"https:\/\/eldigitaldeasturias.com\/magazine365\/las-pernoctaciones-de-turistas-crecieron-un-7-en-mayo-en-valencia\/#authorImage","url":"https:\/\/eldigitaldeasturias.com\/magazine365\/wp-content\/litespeed\/avatar\/e571bcf59a0edd6fa6838245a470f2fe.jpg?ver=1776969259","width":96,"height":96,"caption":"admin"}},{"@type":"WebPage","@id":"https:\/\/eldigitaldeasturias.com\/magazine365\/las-pernoctaciones-de-turistas-crecieron-un-7-en-mayo-en-valencia\/#webpage","url":"https:\/\/eldigitaldeasturias.com\/magazine365\/las-pernoctaciones-de-turistas-crecieron-un-7-en-mayo-en-valencia\/","name":"Las pernoctaciones de turistas crecieron un 7% en mayo en Valencia | El Digital de Asturias","description":"Las pernoctaciones en alojamientos tur\u00edsticos crecieron en mayo un 7 por ciento en la ciudad de Valencia respecto al mismo periodo del a\u00f1o anterior, hasta un total de 385.000, y en lo que va de a\u00f1o se han contabilizado m\u00e1s de 1,5 millones de pernoctaciones con un crecimiento interanual de un 4 por ciento. Turismo","inLanguage":"es-ES","isPartOf":{"@id":"https:\/\/eldigitaldeasturias.com\/magazine365\/#website"},"breadcrumb":{"@id":"https:\/\/eldigitaldeasturias.com\/magazine365\/las-pernoctaciones-de-turistas-crecieron-un-7-en-mayo-en-valencia\/#breadcrumblist"},"author":{"@id":"https:\/\/eldigitaldeasturias.com\/magazine365\/author\/admin\/#author"},"creator":{"@id":"https:\/\/eldigitaldeasturias.com\/magazine365\/author\/admin\/#author"},"image":{"@type":"ImageObject","url":"https:\/\/eldigitaldeasturias.com\/magazine365\/wp-content\/uploads\/2015\/06\/fotonoticia_20150605171953_800.jpg","@id":"https:\/\/eldigitaldeasturias.com\/magazine365\/las-pernoctaciones-de-turistas-crecieron-un-7-en-mayo-en-valencia\/#mainImage","width":800,"height":588},"primaryImageOfPage":{"@id":"https:\/\/eldigitaldeasturias.com\/magazine365\/las-pernoctaciones-de-turistas-crecieron-un-7-en-mayo-en-valencia\/#mainImage"},"datePublished":"2015-06-06T04:58:26+02:00","dateModified":"2015-06-06T04:58:26+02:00"},{"@type":"WebSite","@id":"https:\/\/eldigitaldeasturias.com\/magazine365\/#website","url":"https:\/\/eldigitaldeasturias.com\/magazine365\/","name":"El Digital de Asturias","description":"Revista de ocio, turismo y estilo de vida","inLanguage":"es-ES","publisher":{"@id":"https:\/\/eldigitaldeasturias.com\/magazine365\/#organization"}}]},"og:locale":"es_ES","og:site_name":"El Digital de Asturias \u2013 Revista de ocio, turismo y estilo de vida","og:type":"article","og:title":"Las pernoctaciones de turistas crecieron un 7% en mayo en Valencia | El Digital de Asturias","og:description":"Las pernoctaciones en alojamientos tur\u00edsticos crecieron en mayo un 7 por ciento en la ciudad de Valencia respecto al mismo periodo del a\u00f1o anterior, hasta un total de 385.000, y en lo que va de a\u00f1o se han contabilizado m\u00e1s de 1,5 millones de pernoctaciones con un crecimiento interanual de un 4 por ciento. Turismo","og:url":"https:\/\/eldigitaldeasturias.com\/magazine365\/las-pernoctaciones-de-turistas-crecieron-un-7-en-mayo-en-valencia\/","og:image":"https:\/\/eldigitaldeasturias.com\/magazine365\/wp-content\/uploads\/2015\/06\/fotonoticia_20150605171953_800.jpg","og:image:secure_url":"https:\/\/eldigitaldeasturias.com\/magazine365\/wp-content\/uploads\/2015\/06\/fotonoticia_20150605171953_800.jpg","og:image:width":800,"og:image:height":588,"article:published_time":"2015-06-06T03:28:26+00:00","article:modified_time":"2015-06-06T03:28:26+00:00","twitter:card":"summary_large_image","twitter:title":"Las pernoctaciones de turistas crecieron un 7% en mayo en Valencia | El Digital de Asturias","twitter:description":"Las pernoctaciones en alojamientos tur\u00edsticos crecieron en mayo un 7 por ciento en la ciudad de Valencia respecto al mismo periodo del a\u00f1o anterior, hasta un total de 385.000, y en lo que va de a\u00f1o se han contabilizado m\u00e1s de 1,5 millones de pernoctaciones con un crecimiento interanual de un 4 por ciento. Turismo","twitter:image":"https:\/\/eldigitaldeasturias.com\/magazine365\/wp-content\/uploads\/2015\/06\/fotonoticia_20150605171953_800.jpg"},"aioseo_meta_data":{"post_id":"39014","title":null,"description":null,"keywords":null,"keyphrases":null,"primary_term":null,"canonical_url":null,"og_title":null,"og_description":null,"og_object_type":"default","og_image_type":"default","og_image_url":null,"og_image_width":null,"og_image_height":null,"og_image_custom_url":null,"og_image_custom_fields":null,"og_video":null,"og_custom_url":null,"og_article_section":null,"og_article_tags":null,"twitter_use_og":false,"twitter_card":"default","twitter_image_type":"default","twitter_image_url":null,"twitter_image_custom_url":null,"twitter_image_custom_fields":null,"twitter_title":null,"twitter_description":null,"schema":{"blockGraphs":[],"customGraphs":[],"default":{"data":{"Article":[],"Course":[],"Dataset":[],"FAQPage":[],"Movie":[],"Person":[],"Product":[],"ProductReview":[],"Car":[],"Recipe":[],"Service":[],"SoftwareApplication":[],"WebPage":[]},"graphName":"","isEnabled":true},"graphs":[],"defaultGraph":"","defaultPostTypeGraph":""},"schema_type":null,"schema_type_options":null,"pillar_content":false,"robots_default":true,"robots_noindex":false,"robots_noarchive":false,"robots_nosnippet":false,"robots_nofollow":false,"robots_noimageindex":false,"robots_noodp":false,"robots_notranslate":false,"robots_max_snippet":null,"robots_max_videopreview":null,"robots_max_imagepreview":"large","priority":null,"frequency":null,"location":null,"local_seo":null,"seo_analyzer_scan_date":"2025-09-19 10:46:53","breadcrumb_settings":null,"limit_modified_date":false,"open_ai":null,"ai":null,"created":"2021-03-09 02:46:43","updated":"2025-09-19 10:46:53"},"aioseo_breadcrumb":"<div class=\"aioseo-breadcrumbs\"><span class=\"aioseo-breadcrumb\">\n\t<a href=\"https:\/\/eldigitaldeasturias.com\/magazine365\" title=\"Home\">Home<\/a>\n<\/span><span class=\"aioseo-breadcrumb-separator\">\u2013<\/span><span class=\"aioseo-breadcrumb\">\n\t<a href=\"https:\/\/eldigitaldeasturias.com\/magazine365\/category\/actualidad-turismo\/\" title=\"Actualidad Turismo\">Actualidad Turismo<\/a>\n<\/span><span class=\"aioseo-breadcrumb-separator\">\u2013<\/span><span class=\"aioseo-breadcrumb\">\n\t<a href=\"https:\/\/eldigitaldeasturias.com\/magazine365\/las-pernoctaciones-de-turistas-crecieron-un-7-en-mayo-en-valencia\/\" title=\"Las pernoctaciones de turistas crecieron un 7% en mayo en Valencia\">Las pernoctaciones de turistas crecieron un 7% en mayo en Valencia<\/a>\n<\/span><\/div>","aioseo_breadcrumb_json":[{"label":"Home","link":"https:\/\/eldigitaldeasturias.com\/magazine365"},{"label":"Actualidad Turismo","link":"https:\/\/eldigitaldeasturias.com\/magazine365\/category\/actualidad-turismo\/"},{"label":"Las pernoctaciones de turistas crecieron un 7% en mayo en Valencia","link":"https:\/\/eldigitaldeasturias.com\/magazine365\/las-pernoctaciones-de-turistas-crecieron-un-7-en-mayo-en-valencia\/"}],"_links":{"self":[{"href":"https:\/\/eldigitaldeasturias.com\/magazine365\/wp-json\/wp\/v2\/posts\/39014","targetHints":{"allow":["GET"]}}],"collection":[{"href":"https:\/\/eldigitaldeasturias.com\/magazine365\/wp-json\/wp\/v2\/posts"}],"about":[{"href":"https:\/\/eldigitaldeasturias.com\/magazine365\/wp-json\/wp\/v2\/types\/post"}],"author":[{"embeddable":true,"href":"https:\/\/eldigitaldeasturias.com\/magazine365\/wp-json\/wp\/v2\/users\/1"}],"replies":[{"embeddable":true,"href":"https:\/\/eldigitaldeasturias.com\/magazine365\/wp-json\/wp\/v2\/comments?post=39014"}],"version-history":[{"count":0,"href":"https:\/\/eldigitaldeasturias.com\/magazine365\/wp-json\/wp\/v2\/posts\/39014\/revisions"}],"wp:featuredmedia":[{"embeddable":true,"href":"https:\/\/eldigitaldeasturias.com\/magazine365\/wp-json\/wp\/v2\/media\/39015"}],"wp:attachment":[{"href":"https:\/\/eldigitaldeasturias.com\/magazine365\/wp-json\/wp\/v2\/media?parent=39014"}],"wp:term":[{"taxonomy":"category","embeddable":true,"href":"https:\/\/eldigitaldeasturias.com\/magazine365\/wp-json\/wp\/v2\/categories?post=39014"},{"taxonomy":"post_tag","embeddable":true,"href":"https:\/\/eldigitaldeasturias.com\/magazine365\/wp-json\/wp\/v2\/tags?post=39014"}],"curies":[{"name":"wp","href":"https:\/\/api.w.org\/{rel}","templated":true}]}}