{"id":39011,"date":"2015-06-06T04:56:56","date_gmt":"2015-06-06T03:26:56","guid":{"rendered":"http:\/\/eldigitaldeasturias.com\/magazine365\/?p=39011"},"modified":"2015-06-06T04:56:56","modified_gmt":"2015-06-06T03:26:56","slug":"almunecar-mejora-los-accesos-a-la-playa-de-fuentepiedra","status":"publish","type":"post","link":"https:\/\/eldigitaldeasturias.com\/magazine365\/almunecar-mejora-los-accesos-a-la-playa-de-fuentepiedra\/","title":{"rendered":"Almu\u00f1\u00e9car mejora los accesos a la playa de Fuentepiedra"},"content":{"rendered":"<p><img fetchpriority=\"high\" decoding=\"async\" class=\"alignleft size-medium wp-image-39012\" src=\"https:\/\/eldigitaldeasturias.com\/magazine365\/wp-content\/uploads\/2015\/06\/fotonoticia_20150605171847_800-360x240.jpg\" alt=\"fotonoticia_20150605171847_800\" width=\"360\" height=\"240\" srcset=\"https:\/\/eldigitaldeasturias.com\/magazine365\/wp-content\/uploads\/2015\/06\/fotonoticia_20150605171847_800-360x240.jpg 360w, https:\/\/eldigitaldeasturias.com\/magazine365\/wp-content\/uploads\/2015\/06\/fotonoticia_20150605171847_800-650x433.jpg 650w, https:\/\/eldigitaldeasturias.com\/magazine365\/wp-content\/uploads\/2015\/06\/fotonoticia_20150605171847_800-768x512.jpg 768w, https:\/\/eldigitaldeasturias.com\/magazine365\/wp-content\/uploads\/2015\/06\/fotonoticia_20150605171847_800-150x100.jpg 150w, https:\/\/eldigitaldeasturias.com\/magazine365\/wp-content\/uploads\/2015\/06\/fotonoticia_20150605171847_800-450x300.jpg 450w, https:\/\/eldigitaldeasturias.com\/magazine365\/wp-content\/uploads\/2015\/06\/fotonoticia_20150605171847_800-696x464.jpg 696w, https:\/\/eldigitaldeasturias.com\/magazine365\/wp-content\/uploads\/2015\/06\/fotonoticia_20150605171847_800-630x420.jpg 630w, https:\/\/eldigitaldeasturias.com\/magazine365\/wp-content\/uploads\/2015\/06\/fotonoticia_20150605171847_800-84x55.jpg 84w, https:\/\/eldigitaldeasturias.com\/magazine365\/wp-content\/uploads\/2015\/06\/fotonoticia_20150605171847_800.jpg 800w\" sizes=\"(max-width: 360px) 100vw, 360px\" \/>El Ayuntamiento de Almu\u00f1\u00e9car (Granada) junto con la delegaci\u00f3n de Costas est\u00e1 ejecutando las obras de acceso a la playa de Fuentepiedra, aprovechando los arreglos del litoral sexitano, para construir una rampa y as\u00ed acabar con las barreras arquitect\u00f3nicas.<\/p>\n<p>El concejal de Playas en el Ayuntamiento de Almu\u00f1\u00e9car, Luis Arag\u00f3n, ha explicado que hasta el momento los usuarios de la playa, \u00abespecialmente los vecinos de la urbanizaci\u00f3n Las G\u00f3ndolas y sus alrededores\u00bb, ten\u00edan que \u00abdar un rodeo de 100 metros\u00bb para poder llegar a la playa.<\/p>\n<p>Arag\u00f3n ha destacado que los trabajos se han iniciado con el trasplante de un grupo de palmeras que ocupaban la zona donde se levantar\u00e1 la citada rampa que, una vez extra\u00eddas, \u00abse han colocado en la playa formando un oasis.<\/p>\n<p>Los trabajos continuar\u00e1n con la formaci\u00f3n de una escollera de piedras para, posteriormente, ejecutar la rampa de accesibilidad junto a la escalera, \u00abuna mejora de accesibilidad demandada por los vecinos que ahora se hace realidad\u00bb, ha concluido el edil almu\u00f1equero.<\/p>\n","protected":false},"excerpt":{"rendered":"<p>El Ayuntamiento de Almu\u00f1\u00e9car (Granada) junto con la delegaci\u00f3n de Costas est\u00e1 ejecutando las obras de acceso a la playa de Fuentepiedra, aprovechando los arreglos del litoral sexitano, para construir una rampa y as\u00ed acabar con las barreras arquitect\u00f3nicas. El concejal de Playas en el Ayuntamiento de Almu\u00f1\u00e9car, Luis Arag\u00f3n, ha explicado que hasta el<\/p>\n","protected":false},"author":1,"featured_media":39012,"comment_status":"open","ping_status":"closed","sticky":false,"template":"","format":"standard","meta":{"footnotes":""},"categories":[222],"tags":[],"class_list":{"0":"post-39011","1":"post","2":"type-post","3":"status-publish","4":"format-standard","5":"has-post-thumbnail","7":"category-actualidad-turismo"},"aioseo_notices":[],"aioseo_head":"\n\t\t<!-- All in One SEO Pro 4.9.6.1 - aioseo.com -->\n\t<meta name=\"description\" content=\"El Ayuntamiento de Almu\u00f1\u00e9car (Granada) junto con la delegaci\u00f3n de Costas est\u00e1 ejecutando las obras de acceso a la playa de Fuentepiedra, aprovechando los arreglos del litoral sexitano, para construir una rampa y as\u00ed acabar con las barreras arquitect\u00f3nicas. El concejal de Playas en el Ayuntamiento de Almu\u00f1\u00e9car, Luis Arag\u00f3n, ha explicado que hasta el\" \/>\n\t<meta name=\"robots\" content=\"max-image-preview:large\" \/>\n\t<meta name=\"author\" content=\"admin\"\/>\n\t<meta name=\"google-site-verification\" content=\"UA-38556648-1\" \/>\n\t<meta name=\"keywords\" content=\"actualidad turismo\" \/>\n\t<link rel=\"canonical\" href=\"https:\/\/eldigitaldeasturias.com\/magazine365\/almunecar-mejora-los-accesos-a-la-playa-de-fuentepiedra\/\" \/>\n\t<meta name=\"generator\" content=\"All in One SEO Pro (AIOSEO) 4.9.6.1\" \/>\n\t\t<meta property=\"og:locale\" content=\"es_ES\" \/>\n\t\t<meta property=\"og:site_name\" content=\"El Digital de Asturias \u2013 Revista de ocio, turismo y estilo de vida\" \/>\n\t\t<meta property=\"og:type\" content=\"article\" \/>\n\t\t<meta property=\"og:title\" content=\"Almu\u00f1\u00e9car mejora los accesos a la playa de Fuentepiedra | El Digital de Asturias\" \/>\n\t\t<meta property=\"og:description\" content=\"El Ayuntamiento de Almu\u00f1\u00e9car (Granada) junto con la delegaci\u00f3n de Costas est\u00e1 ejecutando las obras de acceso a la playa de Fuentepiedra, aprovechando los arreglos del litoral sexitano, para construir una rampa y as\u00ed acabar con las barreras arquitect\u00f3nicas. El concejal de Playas en el Ayuntamiento de Almu\u00f1\u00e9car, Luis Arag\u00f3n, ha explicado que hasta el\" \/>\n\t\t<meta property=\"og:url\" content=\"https:\/\/eldigitaldeasturias.com\/magazine365\/almunecar-mejora-los-accesos-a-la-playa-de-fuentepiedra\/\" \/>\n\t\t<meta property=\"og:image\" content=\"https:\/\/eldigitaldeasturias.com\/magazine365\/wp-content\/uploads\/2015\/06\/fotonoticia_20150605171847_800.jpg\" \/>\n\t\t<meta property=\"og:image:secure_url\" content=\"https:\/\/eldigitaldeasturias.com\/magazine365\/wp-content\/uploads\/2015\/06\/fotonoticia_20150605171847_800.jpg\" \/>\n\t\t<meta property=\"og:image:width\" content=\"800\" \/>\n\t\t<meta property=\"og:image:height\" content=\"533\" \/>\n\t\t<meta property=\"article:published_time\" content=\"2015-06-06T03:26:56+00:00\" \/>\n\t\t<meta property=\"article:modified_time\" content=\"2015-06-06T03:26:56+00:00\" \/>\n\t\t<meta name=\"twitter:card\" content=\"summary_large_image\" \/>\n\t\t<meta name=\"twitter:title\" content=\"Almu\u00f1\u00e9car mejora los accesos a la playa de Fuentepiedra | El Digital de Asturias\" \/>\n\t\t<meta name=\"twitter:description\" content=\"El Ayuntamiento de Almu\u00f1\u00e9car (Granada) junto con la delegaci\u00f3n de Costas est\u00e1 ejecutando las obras de acceso a la playa de Fuentepiedra, aprovechando los arreglos del litoral sexitano, para construir una rampa y as\u00ed acabar con las barreras arquitect\u00f3nicas. El concejal de Playas en el Ayuntamiento de Almu\u00f1\u00e9car, Luis Arag\u00f3n, ha explicado que hasta el\" \/>\n\t\t<meta name=\"twitter:image\" content=\"https:\/\/eldigitaldeasturias.com\/magazine365\/wp-content\/uploads\/2015\/06\/fotonoticia_20150605171847_800.jpg\" \/>\n\t\t<script type=\"application\/ld+json\" class=\"aioseo-schema\">\n\t\t\t{\"@context\":\"https:\\\/\\\/schema.org\",\"@graph\":[{\"@type\":\"Article\",\"@id\":\"https:\\\/\\\/eldigitaldeasturias.com\\\/magazine365\\\/almunecar-mejora-los-accesos-a-la-playa-de-fuentepiedra\\\/#article\",\"name\":\"Almu\\u00f1\\u00e9car mejora los accesos a la playa de Fuentepiedra | El Digital de Asturias\",\"headline\":\"Almu\\u00f1\\u00e9car mejora los accesos a la playa de Fuentepiedra\",\"author\":{\"@id\":\"https:\\\/\\\/eldigitaldeasturias.com\\\/magazine365\\\/author\\\/admin\\\/#author\"},\"publisher\":{\"@id\":\"https:\\\/\\\/eldigitaldeasturias.com\\\/magazine365\\\/#organization\"},\"image\":{\"@type\":\"ImageObject\",\"url\":\"https:\\\/\\\/eldigitaldeasturias.com\\\/magazine365\\\/wp-content\\\/uploads\\\/2015\\\/06\\\/fotonoticia_20150605171847_800.jpg\",\"width\":800,\"height\":533},\"datePublished\":\"2015-06-06T04:56:56+02:00\",\"dateModified\":\"2015-06-06T04:56:56+02:00\",\"inLanguage\":\"es-ES\",\"mainEntityOfPage\":{\"@id\":\"https:\\\/\\\/eldigitaldeasturias.com\\\/magazine365\\\/almunecar-mejora-los-accesos-a-la-playa-de-fuentepiedra\\\/#webpage\"},\"isPartOf\":{\"@id\":\"https:\\\/\\\/eldigitaldeasturias.com\\\/magazine365\\\/almunecar-mejora-los-accesos-a-la-playa-de-fuentepiedra\\\/#webpage\"},\"articleSection\":\"Actualidad Turismo\"},{\"@type\":\"BreadcrumbList\",\"@id\":\"https:\\\/\\\/eldigitaldeasturias.com\\\/magazine365\\\/almunecar-mejora-los-accesos-a-la-playa-de-fuentepiedra\\\/#breadcrumblist\",\"itemListElement\":[{\"@type\":\"ListItem\",\"@id\":\"https:\\\/\\\/eldigitaldeasturias.com\\\/magazine365#listItem\",\"position\":1,\"name\":\"Home\",\"item\":\"https:\\\/\\\/eldigitaldeasturias.com\\\/magazine365\",\"nextItem\":{\"@type\":\"ListItem\",\"@id\":\"https:\\\/\\\/eldigitaldeasturias.com\\\/magazine365\\\/category\\\/actualidad-turismo\\\/#listItem\",\"name\":\"Actualidad Turismo\"}},{\"@type\":\"ListItem\",\"@id\":\"https:\\\/\\\/eldigitaldeasturias.com\\\/magazine365\\\/category\\\/actualidad-turismo\\\/#listItem\",\"position\":2,\"name\":\"Actualidad Turismo\",\"item\":\"https:\\\/\\\/eldigitaldeasturias.com\\\/magazine365\\\/category\\\/actualidad-turismo\\\/\",\"nextItem\":{\"@type\":\"ListItem\",\"@id\":\"https:\\\/\\\/eldigitaldeasturias.com\\\/magazine365\\\/almunecar-mejora-los-accesos-a-la-playa-de-fuentepiedra\\\/#listItem\",\"name\":\"Almu\\u00f1\\u00e9car mejora los accesos a la playa de Fuentepiedra\"},\"previousItem\":{\"@type\":\"ListItem\",\"@id\":\"https:\\\/\\\/eldigitaldeasturias.com\\\/magazine365#listItem\",\"name\":\"Home\"}},{\"@type\":\"ListItem\",\"@id\":\"https:\\\/\\\/eldigitaldeasturias.com\\\/magazine365\\\/almunecar-mejora-los-accesos-a-la-playa-de-fuentepiedra\\\/#listItem\",\"position\":3,\"name\":\"Almu\\u00f1\\u00e9car mejora los accesos a la playa de Fuentepiedra\",\"previousItem\":{\"@type\":\"ListItem\",\"@id\":\"https:\\\/\\\/eldigitaldeasturias.com\\\/magazine365\\\/category\\\/actualidad-turismo\\\/#listItem\",\"name\":\"Actualidad Turismo\"}}]},{\"@type\":\"Organization\",\"@id\":\"https:\\\/\\\/eldigitaldeasturias.com\\\/magazine365\\\/#organization\",\"name\":\"El digital de Asturias\",\"description\":\"Revista de ocio, turismo y estilo de vida\",\"url\":\"https:\\\/\\\/eldigitaldeasturias.com\\\/magazine365\\\/\",\"logo\":{\"@type\":\"ImageObject\",\"url\":\"https:\\\/\\\/www.eldigitaldeasturias.com\\\/noticias\\\/wp-content\\\/uploads\\\/2020\\\/12\\\/EDA.jpg\",\"@id\":\"https:\\\/\\\/eldigitaldeasturias.com\\\/magazine365\\\/almunecar-mejora-los-accesos-a-la-playa-de-fuentepiedra\\\/#organizationLogo\"},\"image\":{\"@id\":\"https:\\\/\\\/eldigitaldeasturias.com\\\/magazine365\\\/almunecar-mejora-los-accesos-a-la-playa-de-fuentepiedra\\\/#organizationLogo\"}},{\"@type\":\"Person\",\"@id\":\"https:\\\/\\\/eldigitaldeasturias.com\\\/magazine365\\\/author\\\/admin\\\/#author\",\"url\":\"https:\\\/\\\/eldigitaldeasturias.com\\\/magazine365\\\/author\\\/admin\\\/\",\"name\":\"admin\",\"image\":{\"@type\":\"ImageObject\",\"@id\":\"https:\\\/\\\/eldigitaldeasturias.com\\\/magazine365\\\/almunecar-mejora-los-accesos-a-la-playa-de-fuentepiedra\\\/#authorImage\",\"url\":\"https:\\\/\\\/eldigitaldeasturias.com\\\/magazine365\\\/wp-content\\\/litespeed\\\/avatar\\\/e571bcf59a0edd6fa6838245a470f2fe.jpg?ver=1776969259\",\"width\":96,\"height\":96,\"caption\":\"admin\"}},{\"@type\":\"WebPage\",\"@id\":\"https:\\\/\\\/eldigitaldeasturias.com\\\/magazine365\\\/almunecar-mejora-los-accesos-a-la-playa-de-fuentepiedra\\\/#webpage\",\"url\":\"https:\\\/\\\/eldigitaldeasturias.com\\\/magazine365\\\/almunecar-mejora-los-accesos-a-la-playa-de-fuentepiedra\\\/\",\"name\":\"Almu\\u00f1\\u00e9car mejora los accesos a la playa de Fuentepiedra | El Digital de Asturias\",\"description\":\"El Ayuntamiento de Almu\\u00f1\\u00e9car (Granada) junto con la delegaci\\u00f3n de Costas est\\u00e1 ejecutando las obras de acceso a la playa de Fuentepiedra, aprovechando los arreglos del litoral sexitano, para construir una rampa y as\\u00ed acabar con las barreras arquitect\\u00f3nicas. El concejal de Playas en el Ayuntamiento de Almu\\u00f1\\u00e9car, Luis Arag\\u00f3n, ha explicado que hasta el\",\"inLanguage\":\"es-ES\",\"isPartOf\":{\"@id\":\"https:\\\/\\\/eldigitaldeasturias.com\\\/magazine365\\\/#website\"},\"breadcrumb\":{\"@id\":\"https:\\\/\\\/eldigitaldeasturias.com\\\/magazine365\\\/almunecar-mejora-los-accesos-a-la-playa-de-fuentepiedra\\\/#breadcrumblist\"},\"author\":{\"@id\":\"https:\\\/\\\/eldigitaldeasturias.com\\\/magazine365\\\/author\\\/admin\\\/#author\"},\"creator\":{\"@id\":\"https:\\\/\\\/eldigitaldeasturias.com\\\/magazine365\\\/author\\\/admin\\\/#author\"},\"image\":{\"@type\":\"ImageObject\",\"url\":\"https:\\\/\\\/eldigitaldeasturias.com\\\/magazine365\\\/wp-content\\\/uploads\\\/2015\\\/06\\\/fotonoticia_20150605171847_800.jpg\",\"@id\":\"https:\\\/\\\/eldigitaldeasturias.com\\\/magazine365\\\/almunecar-mejora-los-accesos-a-la-playa-de-fuentepiedra\\\/#mainImage\",\"width\":800,\"height\":533},\"primaryImageOfPage\":{\"@id\":\"https:\\\/\\\/eldigitaldeasturias.com\\\/magazine365\\\/almunecar-mejora-los-accesos-a-la-playa-de-fuentepiedra\\\/#mainImage\"},\"datePublished\":\"2015-06-06T04:56:56+02:00\",\"dateModified\":\"2015-06-06T04:56:56+02:00\"},{\"@type\":\"WebSite\",\"@id\":\"https:\\\/\\\/eldigitaldeasturias.com\\\/magazine365\\\/#website\",\"url\":\"https:\\\/\\\/eldigitaldeasturias.com\\\/magazine365\\\/\",\"name\":\"El Digital de Asturias\",\"description\":\"Revista de ocio, turismo y estilo de vida\",\"inLanguage\":\"es-ES\",\"publisher\":{\"@id\":\"https:\\\/\\\/eldigitaldeasturias.com\\\/magazine365\\\/#organization\"}}]}\n\t\t<\/script>\n\t\t<!-- All in One SEO Pro -->\r\n\t\t<title>Almu\u00f1\u00e9car mejora los accesos a la playa de Fuentepiedra | El Digital de Asturias<\/title>\n\n","aioseo_head_json":{"title":"Almu\u00f1\u00e9car mejora los accesos a la playa de Fuentepiedra | El Digital de Asturias","description":"El Ayuntamiento de Almu\u00f1\u00e9car (Granada) junto con la delegaci\u00f3n de Costas est\u00e1 ejecutando las obras de acceso a la playa de Fuentepiedra, aprovechando los arreglos del litoral sexitano, para construir una rampa y as\u00ed acabar con las barreras arquitect\u00f3nicas. El concejal de Playas en el Ayuntamiento de Almu\u00f1\u00e9car, Luis Arag\u00f3n, ha explicado que hasta el","canonical_url":"https:\/\/eldigitaldeasturias.com\/magazine365\/almunecar-mejora-los-accesos-a-la-playa-de-fuentepiedra\/","robots":"max-image-preview:large","keywords":"actualidad turismo","webmasterTools":{"google-site-verification":"UA-38556648-1","miscellaneous":""},"schema":{"@context":"https:\/\/schema.org","@graph":[{"@type":"Article","@id":"https:\/\/eldigitaldeasturias.com\/magazine365\/almunecar-mejora-los-accesos-a-la-playa-de-fuentepiedra\/#article","name":"Almu\u00f1\u00e9car mejora los accesos a la playa de Fuentepiedra | El Digital de Asturias","headline":"Almu\u00f1\u00e9car mejora los accesos a la playa de Fuentepiedra","author":{"@id":"https:\/\/eldigitaldeasturias.com\/magazine365\/author\/admin\/#author"},"publisher":{"@id":"https:\/\/eldigitaldeasturias.com\/magazine365\/#organization"},"image":{"@type":"ImageObject","url":"https:\/\/eldigitaldeasturias.com\/magazine365\/wp-content\/uploads\/2015\/06\/fotonoticia_20150605171847_800.jpg","width":800,"height":533},"datePublished":"2015-06-06T04:56:56+02:00","dateModified":"2015-06-06T04:56:56+02:00","inLanguage":"es-ES","mainEntityOfPage":{"@id":"https:\/\/eldigitaldeasturias.com\/magazine365\/almunecar-mejora-los-accesos-a-la-playa-de-fuentepiedra\/#webpage"},"isPartOf":{"@id":"https:\/\/eldigitaldeasturias.com\/magazine365\/almunecar-mejora-los-accesos-a-la-playa-de-fuentepiedra\/#webpage"},"articleSection":"Actualidad Turismo"},{"@type":"BreadcrumbList","@id":"https:\/\/eldigitaldeasturias.com\/magazine365\/almunecar-mejora-los-accesos-a-la-playa-de-fuentepiedra\/#breadcrumblist","itemListElement":[{"@type":"ListItem","@id":"https:\/\/eldigitaldeasturias.com\/magazine365#listItem","position":1,"name":"Home","item":"https:\/\/eldigitaldeasturias.com\/magazine365","nextItem":{"@type":"ListItem","@id":"https:\/\/eldigitaldeasturias.com\/magazine365\/category\/actualidad-turismo\/#listItem","name":"Actualidad Turismo"}},{"@type":"ListItem","@id":"https:\/\/eldigitaldeasturias.com\/magazine365\/category\/actualidad-turismo\/#listItem","position":2,"name":"Actualidad Turismo","item":"https:\/\/eldigitaldeasturias.com\/magazine365\/category\/actualidad-turismo\/","nextItem":{"@type":"ListItem","@id":"https:\/\/eldigitaldeasturias.com\/magazine365\/almunecar-mejora-los-accesos-a-la-playa-de-fuentepiedra\/#listItem","name":"Almu\u00f1\u00e9car mejora los accesos a la playa de Fuentepiedra"},"previousItem":{"@type":"ListItem","@id":"https:\/\/eldigitaldeasturias.com\/magazine365#listItem","name":"Home"}},{"@type":"ListItem","@id":"https:\/\/eldigitaldeasturias.com\/magazine365\/almunecar-mejora-los-accesos-a-la-playa-de-fuentepiedra\/#listItem","position":3,"name":"Almu\u00f1\u00e9car mejora los accesos a la playa de Fuentepiedra","previousItem":{"@type":"ListItem","@id":"https:\/\/eldigitaldeasturias.com\/magazine365\/category\/actualidad-turismo\/#listItem","name":"Actualidad Turismo"}}]},{"@type":"Organization","@id":"https:\/\/eldigitaldeasturias.com\/magazine365\/#organization","name":"El digital de Asturias","description":"Revista de ocio, turismo y estilo de vida","url":"https:\/\/eldigitaldeasturias.com\/magazine365\/","logo":{"@type":"ImageObject","url":"https:\/\/www.eldigitaldeasturias.com\/noticias\/wp-content\/uploads\/2020\/12\/EDA.jpg","@id":"https:\/\/eldigitaldeasturias.com\/magazine365\/almunecar-mejora-los-accesos-a-la-playa-de-fuentepiedra\/#organizationLogo"},"image":{"@id":"https:\/\/eldigitaldeasturias.com\/magazine365\/almunecar-mejora-los-accesos-a-la-playa-de-fuentepiedra\/#organizationLogo"}},{"@type":"Person","@id":"https:\/\/eldigitaldeasturias.com\/magazine365\/author\/admin\/#author","url":"https:\/\/eldigitaldeasturias.com\/magazine365\/author\/admin\/","name":"admin","image":{"@type":"ImageObject","@id":"https:\/\/eldigitaldeasturias.com\/magazine365\/almunecar-mejora-los-accesos-a-la-playa-de-fuentepiedra\/#authorImage","url":"https:\/\/eldigitaldeasturias.com\/magazine365\/wp-content\/litespeed\/avatar\/e571bcf59a0edd6fa6838245a470f2fe.jpg?ver=1776969259","width":96,"height":96,"caption":"admin"}},{"@type":"WebPage","@id":"https:\/\/eldigitaldeasturias.com\/magazine365\/almunecar-mejora-los-accesos-a-la-playa-de-fuentepiedra\/#webpage","url":"https:\/\/eldigitaldeasturias.com\/magazine365\/almunecar-mejora-los-accesos-a-la-playa-de-fuentepiedra\/","name":"Almu\u00f1\u00e9car mejora los accesos a la playa de Fuentepiedra | El Digital de Asturias","description":"El Ayuntamiento de Almu\u00f1\u00e9car (Granada) junto con la delegaci\u00f3n de Costas est\u00e1 ejecutando las obras de acceso a la playa de Fuentepiedra, aprovechando los arreglos del litoral sexitano, para construir una rampa y as\u00ed acabar con las barreras arquitect\u00f3nicas. El concejal de Playas en el Ayuntamiento de Almu\u00f1\u00e9car, Luis Arag\u00f3n, ha explicado que hasta el","inLanguage":"es-ES","isPartOf":{"@id":"https:\/\/eldigitaldeasturias.com\/magazine365\/#website"},"breadcrumb":{"@id":"https:\/\/eldigitaldeasturias.com\/magazine365\/almunecar-mejora-los-accesos-a-la-playa-de-fuentepiedra\/#breadcrumblist"},"author":{"@id":"https:\/\/eldigitaldeasturias.com\/magazine365\/author\/admin\/#author"},"creator":{"@id":"https:\/\/eldigitaldeasturias.com\/magazine365\/author\/admin\/#author"},"image":{"@type":"ImageObject","url":"https:\/\/eldigitaldeasturias.com\/magazine365\/wp-content\/uploads\/2015\/06\/fotonoticia_20150605171847_800.jpg","@id":"https:\/\/eldigitaldeasturias.com\/magazine365\/almunecar-mejora-los-accesos-a-la-playa-de-fuentepiedra\/#mainImage","width":800,"height":533},"primaryImageOfPage":{"@id":"https:\/\/eldigitaldeasturias.com\/magazine365\/almunecar-mejora-los-accesos-a-la-playa-de-fuentepiedra\/#mainImage"},"datePublished":"2015-06-06T04:56:56+02:00","dateModified":"2015-06-06T04:56:56+02:00"},{"@type":"WebSite","@id":"https:\/\/eldigitaldeasturias.com\/magazine365\/#website","url":"https:\/\/eldigitaldeasturias.com\/magazine365\/","name":"El Digital de Asturias","description":"Revista de ocio, turismo y estilo de vida","inLanguage":"es-ES","publisher":{"@id":"https:\/\/eldigitaldeasturias.com\/magazine365\/#organization"}}]},"og:locale":"es_ES","og:site_name":"El Digital de Asturias \u2013 Revista de ocio, turismo y estilo de vida","og:type":"article","og:title":"Almu\u00f1\u00e9car mejora los accesos a la playa de Fuentepiedra | El Digital de Asturias","og:description":"El Ayuntamiento de Almu\u00f1\u00e9car (Granada) junto con la delegaci\u00f3n de Costas est\u00e1 ejecutando las obras de acceso a la playa de Fuentepiedra, aprovechando los arreglos del litoral sexitano, para construir una rampa y as\u00ed acabar con las barreras arquitect\u00f3nicas. El concejal de Playas en el Ayuntamiento de Almu\u00f1\u00e9car, Luis Arag\u00f3n, ha explicado que hasta el","og:url":"https:\/\/eldigitaldeasturias.com\/magazine365\/almunecar-mejora-los-accesos-a-la-playa-de-fuentepiedra\/","og:image":"https:\/\/eldigitaldeasturias.com\/magazine365\/wp-content\/uploads\/2015\/06\/fotonoticia_20150605171847_800.jpg","og:image:secure_url":"https:\/\/eldigitaldeasturias.com\/magazine365\/wp-content\/uploads\/2015\/06\/fotonoticia_20150605171847_800.jpg","og:image:width":800,"og:image:height":533,"article:published_time":"2015-06-06T03:26:56+00:00","article:modified_time":"2015-06-06T03:26:56+00:00","twitter:card":"summary_large_image","twitter:title":"Almu\u00f1\u00e9car mejora los accesos a la playa de Fuentepiedra | El Digital de Asturias","twitter:description":"El Ayuntamiento de Almu\u00f1\u00e9car (Granada) junto con la delegaci\u00f3n de Costas est\u00e1 ejecutando las obras de acceso a la playa de Fuentepiedra, aprovechando los arreglos del litoral sexitano, para construir una rampa y as\u00ed acabar con las barreras arquitect\u00f3nicas. El concejal de Playas en el Ayuntamiento de Almu\u00f1\u00e9car, Luis Arag\u00f3n, ha explicado que hasta el","twitter:image":"https:\/\/eldigitaldeasturias.com\/magazine365\/wp-content\/uploads\/2015\/06\/fotonoticia_20150605171847_800.jpg"},"aioseo_meta_data":{"post_id":"39011","title":null,"description":null,"keywords":null,"keyphrases":null,"primary_term":null,"canonical_url":null,"og_title":null,"og_description":null,"og_object_type":"default","og_image_type":"default","og_image_url":null,"og_image_width":null,"og_image_height":null,"og_image_custom_url":null,"og_image_custom_fields":null,"og_video":null,"og_custom_url":null,"og_article_section":null,"og_article_tags":null,"twitter_use_og":false,"twitter_card":"default","twitter_image_type":"default","twitter_image_url":null,"twitter_image_custom_url":null,"twitter_image_custom_fields":null,"twitter_title":null,"twitter_description":null,"schema":{"blockGraphs":[],"customGraphs":[],"default":{"data":{"Article":[],"Course":[],"Dataset":[],"FAQPage":[],"Movie":[],"Person":[],"Product":[],"ProductReview":[],"Car":[],"Recipe":[],"Service":[],"SoftwareApplication":[],"WebPage":[]},"graphName":"","isEnabled":true},"graphs":[]},"schema_type":null,"schema_type_options":null,"pillar_content":false,"robots_default":true,"robots_noindex":false,"robots_noarchive":false,"robots_nosnippet":false,"robots_nofollow":false,"robots_noimageindex":false,"robots_noodp":false,"robots_notranslate":false,"robots_max_snippet":null,"robots_max_videopreview":null,"robots_max_imagepreview":"large","priority":null,"frequency":null,"location":null,"local_seo":null,"seo_analyzer_scan_date":"2025-09-19 10:46:51","breadcrumb_settings":null,"limit_modified_date":false,"open_ai":null,"ai":null,"created":"2021-03-09 02:46:43","updated":"2025-09-19 10:46:51"},"aioseo_breadcrumb":"<div class=\"aioseo-breadcrumbs\"><span class=\"aioseo-breadcrumb\">\n\t<a href=\"https:\/\/eldigitaldeasturias.com\/magazine365\" title=\"Home\">Home<\/a>\n<\/span><span class=\"aioseo-breadcrumb-separator\">\u2013<\/span><span class=\"aioseo-breadcrumb\">\n\t<a href=\"https:\/\/eldigitaldeasturias.com\/magazine365\/category\/actualidad-turismo\/\" title=\"Actualidad Turismo\">Actualidad Turismo<\/a>\n<\/span><span class=\"aioseo-breadcrumb-separator\">\u2013<\/span><span class=\"aioseo-breadcrumb\">\n\t<a href=\"https:\/\/eldigitaldeasturias.com\/magazine365\/almunecar-mejora-los-accesos-a-la-playa-de-fuentepiedra\/\" title=\"Almu\u00f1\u00e9car mejora los accesos a la playa de Fuentepiedra\">Almu\u00f1\u00e9car mejora los accesos a la playa de Fuentepiedra<\/a>\n<\/span><\/div>","aioseo_breadcrumb_json":[{"label":"Home","link":"https:\/\/eldigitaldeasturias.com\/magazine365"},{"label":"Actualidad Turismo","link":"https:\/\/eldigitaldeasturias.com\/magazine365\/category\/actualidad-turismo\/"},{"label":"Almu\u00f1\u00e9car mejora los accesos a la playa de Fuentepiedra","link":"https:\/\/eldigitaldeasturias.com\/magazine365\/almunecar-mejora-los-accesos-a-la-playa-de-fuentepiedra\/"}],"_links":{"self":[{"href":"https:\/\/eldigitaldeasturias.com\/magazine365\/wp-json\/wp\/v2\/posts\/39011","targetHints":{"allow":["GET"]}}],"collection":[{"href":"https:\/\/eldigitaldeasturias.com\/magazine365\/wp-json\/wp\/v2\/posts"}],"about":[{"href":"https:\/\/eldigitaldeasturias.com\/magazine365\/wp-json\/wp\/v2\/types\/post"}],"author":[{"embeddable":true,"href":"https:\/\/eldigitaldeasturias.com\/magazine365\/wp-json\/wp\/v2\/users\/1"}],"replies":[{"embeddable":true,"href":"https:\/\/eldigitaldeasturias.com\/magazine365\/wp-json\/wp\/v2\/comments?post=39011"}],"version-history":[{"count":0,"href":"https:\/\/eldigitaldeasturias.com\/magazine365\/wp-json\/wp\/v2\/posts\/39011\/revisions"}],"wp:featuredmedia":[{"embeddable":true,"href":"https:\/\/eldigitaldeasturias.com\/magazine365\/wp-json\/wp\/v2\/media\/39012"}],"wp:attachment":[{"href":"https:\/\/eldigitaldeasturias.com\/magazine365\/wp-json\/wp\/v2\/media?parent=39011"}],"wp:term":[{"taxonomy":"category","embeddable":true,"href":"https:\/\/eldigitaldeasturias.com\/magazine365\/wp-json\/wp\/v2\/categories?post=39011"},{"taxonomy":"post_tag","embeddable":true,"href":"https:\/\/eldigitaldeasturias.com\/magazine365\/wp-json\/wp\/v2\/tags?post=39011"}],"curies":[{"name":"wp","href":"https:\/\/api.w.org\/{rel}","templated":true}]}}