{"id":39004,"date":"2015-06-06T04:53:05","date_gmt":"2015-06-06T03:23:05","guid":{"rendered":"http:\/\/eldigitaldeasturias.com\/magazine365\/?p=39004"},"modified":"2015-06-06T04:53:05","modified_gmt":"2015-06-06T03:23:05","slug":"la-catedra-de-sabor-a-malaga-estudiara-la-penetracion-de-sus-productos-en-hoteles-y-restaurantes-locales","status":"publish","type":"post","link":"https:\/\/eldigitaldeasturias.com\/magazine365\/la-catedra-de-sabor-a-malaga-estudiara-la-penetracion-de-sus-productos-en-hoteles-y-restaurantes-locales\/","title":{"rendered":"La c\u00e1tedra de Sabor a M\u00e1laga estudiar\u00e1 la penetraci\u00f3n de sus productos en hoteles y restaurantes locales"},"content":{"rendered":"<p><img fetchpriority=\"high\" decoding=\"async\" class=\"alignleft size-medium wp-image-39005\" src=\"https:\/\/eldigitaldeasturias.com\/magazine365\/wp-content\/uploads\/2015\/06\/fotonoticia_20150605155519_800-360x240.jpg\" alt=\"fotonoticia_20150605155519_800\" width=\"360\" height=\"240\" srcset=\"https:\/\/eldigitaldeasturias.com\/magazine365\/wp-content\/uploads\/2015\/06\/fotonoticia_20150605155519_800-360x240.jpg 360w, https:\/\/eldigitaldeasturias.com\/magazine365\/wp-content\/uploads\/2015\/06\/fotonoticia_20150605155519_800-650x434.jpg 650w, https:\/\/eldigitaldeasturias.com\/magazine365\/wp-content\/uploads\/2015\/06\/fotonoticia_20150605155519_800-768x513.jpg 768w, https:\/\/eldigitaldeasturias.com\/magazine365\/wp-content\/uploads\/2015\/06\/fotonoticia_20150605155519_800-150x100.jpg 150w, https:\/\/eldigitaldeasturias.com\/magazine365\/wp-content\/uploads\/2015\/06\/fotonoticia_20150605155519_800-450x300.jpg 450w, https:\/\/eldigitaldeasturias.com\/magazine365\/wp-content\/uploads\/2015\/06\/fotonoticia_20150605155519_800-696x465.jpg 696w, https:\/\/eldigitaldeasturias.com\/magazine365\/wp-content\/uploads\/2015\/06\/fotonoticia_20150605155519_800-629x420.jpg 629w, https:\/\/eldigitaldeasturias.com\/magazine365\/wp-content\/uploads\/2015\/06\/fotonoticia_20150605155519_800-84x55.jpg 84w, https:\/\/eldigitaldeasturias.com\/magazine365\/wp-content\/uploads\/2015\/06\/fotonoticia_20150605155519_800.jpg 800w\" sizes=\"(max-width: 360px) 100vw, 360px\" \/>La Diputaci\u00f3n de M\u00e1laga, a trav\u00e9s del \u00c1rea de Desarrollo Econ\u00f3mico-Rural y su marca promocional Sabor a M\u00e1laga, y la Universidad de M\u00e1laga (UMA), pondr\u00e1n en marcha un estudio sobre la penetrabilidad de los productos de la tierra en los hoteles, restaurantes y cafeter\u00edas de la provincia.<\/p>\n<p>Este trabajo forma parte del conjunto de acciones que ambas instituciones van a poner en marcha dentro de la C\u00e1tedra de Enogastronom\u00eda y Turismo Sabor a M\u00e1laga, constituida en 2012, y que se completan con otros dos proyectos.<\/p>\n<p>Estos proyectos son la organizaci\u00f3n del Curso de Verano que llevar\u00e1 por t\u00edtulo &#8216;Turismo enogastron\u00f3mico: introducci\u00f3n a la cata y cultura del vino con &#8216;Sabor a M\u00e1laga&#8217; y unas jornadas de difusi\u00f3n para dar a conocer el amplio abanico de productos adheridos a Sabor a M\u00e1laga entre los alumnos del Centro de Espa\u00f1ol para Extranjeros de la UMA, con el fin de crear una Red de embajadores.<\/p>\n<p>Estas nuevas l\u00edneas de trabajo se han presentado este viernes en el Rectorado, en un acto en el que han participado la diputada de Desarrollo Econ\u00f3mico-Rural en funciones, Leonor Garc\u00eda-Agua; el decano de la Facultad de Turismo de la UMA, Antonio Guevara, y el director del Centro Internacional de Espa\u00f1ol de la UMA, Gaspar Garrote.<\/p>\n<p>El objetivo del trabajo de investigaci\u00f3n es conocer las posibilidades y tipolog\u00edas de los productos agroalimentarios susceptibles de penetrar en el tejido Horeca (hoteles, restaurantes y cafeter\u00edas) de la provincia, lo que constituir\u00eda una herramienta muy \u00fatil para los productores, debido al gran volumen de compras realizadas por los 13.000 restaurantes y cafeter\u00edas y m\u00e1s de 2.700 establecimientos hoteleros. Adem\u00e1s, el consumo de productos de proximidad contribuir\u00eda a minimizar costes log\u00edsticos.<\/p>\n<p>El estudio, que se extender\u00e1 hasta octubre y cuya metodolog\u00eda se basar\u00e1 en entrevistas a 400 empresas de la provincia de M\u00e1laga, tratar\u00e1 de proporcionar a los productores el conocimiento necesario para ser m\u00e1s competitivos, haci\u00e9ndose necesaria la innovaci\u00f3n y adaptaci\u00f3n al mercado.<\/p>\n<p>Seg\u00fan ha indicado en rueda de prensa Garc\u00eda-Agua, existe la intenci\u00f3n de \u00abcrear v\u00edas de comercializaci\u00f3n de nuestros productos entre los turistas, y qu\u00e9 mejor manera que a trav\u00e9s del Canal Horeca, algo que se podr\u00e1 llevar a cabo despu\u00e9s de conocer los resultados de este trabajo de investigaci\u00f3n\u00bb.<\/p>\n<p>Por su parte, el decano de Turismo ha recordado que ya se hizo hace un tiempo una encuesta de este tipo en los restaurantes del centro hist\u00f3rico de M\u00e1laga. En ella se preguntaba si conoc\u00edan los productos de Sabor a M\u00e1laga y si los introduc\u00edan en sus cartas. \u00abEl resultado fue positivo, pero ahora la muestra se extender\u00e1 a toda la provincia y se visitar\u00e1n 400 establecimientos, con lo que el abanico ser\u00e1 mucho mayor y se proyectar\u00e1 la penetrabilidad de la marca\u00bb, ha apostillado.<\/p>\n<p>RED DE EMBAJADORES<\/p>\n<p>La otra l\u00ednea de trabajo consistir\u00e1 en la celebraci\u00f3n de unas jornadas de difusi\u00f3n de los productos Sabor a M\u00e1laga para los alumnos del Centro Internacional de Espa\u00f1ol (CEI) de la UMA, en las que se les dar\u00e1 a conocer los diferentes productos agroalimentarios y pesqueros que se elaboran, producen, transforman, cr\u00edan o capturan en la provincia con el objetivo de crear una red de &#8216;Embajadores de Sabor a M\u00e1laga&#8217;.<\/p>\n<p>Se celebrar\u00e1n los d\u00edas 30 de junio y 30 de julio y en ellas se mostrar\u00e1 la historia, geograf\u00eda, diversidad de productos Sabor a M\u00e1laga, posibilidades culinarias, y empresas comercializadoras adheridas a la marca. El pasado a\u00f1o cursaron estudios en el CEI alrededor de 2.000 estudiantes de 69 nacionalidades distintas, lo que, a juicio del director del centro, \u00abes una magn\u00edfica oportunidad para conseguir que cuando retornen a sus pa\u00edses publiciten nuestros productos\u00bb.<\/p>\n<p>Todos los intervinientes ha coincidido en asegurar que, adem\u00e1s, esta actividad posibilitar\u00e1 una \u00abcompleta inmersi\u00f3n cultural\u00bb de los alumnos en la provincia de M\u00e1laga.<\/p>\n<p>CURSOS DE VERANO<\/p>\n<p>Por \u00faltimo, la C\u00e1tedra va a poner en marcha el Curso de Verano &#8216;Turismo enogastron\u00f3mico: introducci\u00f3n a la cata y cultura del vino con &#8216;Sabor a M\u00e1laga&#8217;. Se desarrollar\u00e1 en la Facultad de Turismo y en el Museo del Vino en julio de este a\u00f1o.<\/p>\n<p>Su objetivo es potenciar el conocimiento de las diferentes rutas enogastron\u00f3micas de M\u00e1laga y est\u00e1 dirigido a profesionales del Canal Horeca, alumnos, profesores e interesados procedentes del sector tur\u00edstico y hotelero.<\/p>\n","protected":false},"excerpt":{"rendered":"<p>La Diputaci\u00f3n de M\u00e1laga, a trav\u00e9s del \u00c1rea de Desarrollo Econ\u00f3mico-Rural y su marca promocional Sabor a M\u00e1laga, y la Universidad de M\u00e1laga (UMA), pondr\u00e1n en marcha un estudio sobre la penetrabilidad de los productos de la tierra en los hoteles, restaurantes y cafeter\u00edas de la provincia. Este trabajo forma parte del conjunto de acciones<\/p>\n","protected":false},"author":1,"featured_media":39005,"comment_status":"open","ping_status":"closed","sticky":false,"template":"","format":"standard","meta":{"footnotes":""},"categories":[222],"tags":[],"class_list":{"0":"post-39004","1":"post","2":"type-post","3":"status-publish","4":"format-standard","5":"has-post-thumbnail","7":"category-actualidad-turismo"},"aioseo_notices":[],"aioseo_head":"\n\t\t<!-- All in One SEO Pro 4.9.6.1 - aioseo.com -->\n\t<meta name=\"description\" content=\"La Diputaci\u00f3n de M\u00e1laga, a trav\u00e9s del \u00c1rea de Desarrollo Econ\u00f3mico-Rural y su marca promocional Sabor a M\u00e1laga, y la Universidad de M\u00e1laga (UMA), pondr\u00e1n en marcha un estudio sobre la penetrabilidad de los productos de la tierra en los hoteles, restaurantes y cafeter\u00edas de la provincia. Este trabajo forma parte del conjunto de acciones\" \/>\n\t<meta name=\"robots\" content=\"max-image-preview:large\" \/>\n\t<meta name=\"author\" content=\"admin\"\/>\n\t<meta name=\"google-site-verification\" content=\"UA-38556648-1\" \/>\n\t<meta name=\"keywords\" content=\"actualidad turismo\" \/>\n\t<link rel=\"canonical\" href=\"https:\/\/eldigitaldeasturias.com\/magazine365\/la-catedra-de-sabor-a-malaga-estudiara-la-penetracion-de-sus-productos-en-hoteles-y-restaurantes-locales\/\" \/>\n\t<meta name=\"generator\" content=\"All in One SEO Pro (AIOSEO) 4.9.6.1\" \/>\n\t\t<meta property=\"og:locale\" content=\"es_ES\" \/>\n\t\t<meta property=\"og:site_name\" content=\"El Digital de Asturias \u2013 Revista de ocio, turismo y estilo de vida\" \/>\n\t\t<meta property=\"og:type\" content=\"article\" \/>\n\t\t<meta property=\"og:title\" content=\"La c\u00e1tedra de Sabor a M\u00e1laga estudiar\u00e1 la penetraci\u00f3n de sus productos en hoteles y restaurantes locales | El Digital de Asturias\" \/>\n\t\t<meta property=\"og:description\" content=\"La Diputaci\u00f3n de M\u00e1laga, a trav\u00e9s del \u00c1rea de Desarrollo Econ\u00f3mico-Rural y su marca promocional Sabor a M\u00e1laga, y la Universidad de M\u00e1laga (UMA), pondr\u00e1n en marcha un estudio sobre la penetrabilidad de los productos de la tierra en los hoteles, restaurantes y cafeter\u00edas de la provincia. Este trabajo forma parte del conjunto de acciones\" \/>\n\t\t<meta property=\"og:url\" content=\"https:\/\/eldigitaldeasturias.com\/magazine365\/la-catedra-de-sabor-a-malaga-estudiara-la-penetracion-de-sus-productos-en-hoteles-y-restaurantes-locales\/\" \/>\n\t\t<meta property=\"og:image\" content=\"https:\/\/eldigitaldeasturias.com\/magazine365\/wp-content\/uploads\/2015\/06\/fotonoticia_20150605155519_800.jpg\" \/>\n\t\t<meta property=\"og:image:secure_url\" content=\"https:\/\/eldigitaldeasturias.com\/magazine365\/wp-content\/uploads\/2015\/06\/fotonoticia_20150605155519_800.jpg\" \/>\n\t\t<meta property=\"og:image:width\" content=\"800\" \/>\n\t\t<meta property=\"og:image:height\" content=\"534\" \/>\n\t\t<meta property=\"article:published_time\" content=\"2015-06-06T03:23:05+00:00\" \/>\n\t\t<meta property=\"article:modified_time\" content=\"2015-06-06T03:23:05+00:00\" \/>\n\t\t<meta name=\"twitter:card\" content=\"summary_large_image\" \/>\n\t\t<meta name=\"twitter:title\" content=\"La c\u00e1tedra de Sabor a M\u00e1laga estudiar\u00e1 la penetraci\u00f3n de sus productos en hoteles y restaurantes locales | El Digital de Asturias\" \/>\n\t\t<meta name=\"twitter:description\" content=\"La Diputaci\u00f3n de M\u00e1laga, a trav\u00e9s del \u00c1rea de Desarrollo Econ\u00f3mico-Rural y su marca promocional Sabor a M\u00e1laga, y la Universidad de M\u00e1laga (UMA), pondr\u00e1n en marcha un estudio sobre la penetrabilidad de los productos de la tierra en los hoteles, restaurantes y cafeter\u00edas de la provincia. Este trabajo forma parte del conjunto de acciones\" \/>\n\t\t<meta name=\"twitter:image\" content=\"https:\/\/eldigitaldeasturias.com\/magazine365\/wp-content\/uploads\/2015\/06\/fotonoticia_20150605155519_800.jpg\" \/>\n\t\t<script type=\"application\/ld+json\" class=\"aioseo-schema\">\n\t\t\t{\"@context\":\"https:\\\/\\\/schema.org\",\"@graph\":[{\"@type\":\"Article\",\"@id\":\"https:\\\/\\\/eldigitaldeasturias.com\\\/magazine365\\\/la-catedra-de-sabor-a-malaga-estudiara-la-penetracion-de-sus-productos-en-hoteles-y-restaurantes-locales\\\/#article\",\"name\":\"La c\\u00e1tedra de Sabor a M\\u00e1laga estudiar\\u00e1 la penetraci\\u00f3n de sus productos en hoteles y restaurantes locales | El Digital de Asturias\",\"headline\":\"La c\\u00e1tedra de Sabor a M\\u00e1laga estudiar\\u00e1 la penetraci\\u00f3n de sus productos en hoteles y restaurantes locales\",\"author\":{\"@id\":\"https:\\\/\\\/eldigitaldeasturias.com\\\/magazine365\\\/author\\\/admin\\\/#author\"},\"publisher\":{\"@id\":\"https:\\\/\\\/eldigitaldeasturias.com\\\/magazine365\\\/#organization\"},\"image\":{\"@type\":\"ImageObject\",\"url\":\"https:\\\/\\\/eldigitaldeasturias.com\\\/magazine365\\\/wp-content\\\/uploads\\\/2015\\\/06\\\/fotonoticia_20150605155519_800.jpg\",\"width\":800,\"height\":534},\"datePublished\":\"2015-06-06T04:53:05+02:00\",\"dateModified\":\"2015-06-06T04:53:05+02:00\",\"inLanguage\":\"es-ES\",\"mainEntityOfPage\":{\"@id\":\"https:\\\/\\\/eldigitaldeasturias.com\\\/magazine365\\\/la-catedra-de-sabor-a-malaga-estudiara-la-penetracion-de-sus-productos-en-hoteles-y-restaurantes-locales\\\/#webpage\"},\"isPartOf\":{\"@id\":\"https:\\\/\\\/eldigitaldeasturias.com\\\/magazine365\\\/la-catedra-de-sabor-a-malaga-estudiara-la-penetracion-de-sus-productos-en-hoteles-y-restaurantes-locales\\\/#webpage\"},\"articleSection\":\"Actualidad Turismo\"},{\"@type\":\"BreadcrumbList\",\"@id\":\"https:\\\/\\\/eldigitaldeasturias.com\\\/magazine365\\\/la-catedra-de-sabor-a-malaga-estudiara-la-penetracion-de-sus-productos-en-hoteles-y-restaurantes-locales\\\/#breadcrumblist\",\"itemListElement\":[{\"@type\":\"ListItem\",\"@id\":\"https:\\\/\\\/eldigitaldeasturias.com\\\/magazine365#listItem\",\"position\":1,\"name\":\"Home\",\"item\":\"https:\\\/\\\/eldigitaldeasturias.com\\\/magazine365\",\"nextItem\":{\"@type\":\"ListItem\",\"@id\":\"https:\\\/\\\/eldigitaldeasturias.com\\\/magazine365\\\/category\\\/actualidad-turismo\\\/#listItem\",\"name\":\"Actualidad Turismo\"}},{\"@type\":\"ListItem\",\"@id\":\"https:\\\/\\\/eldigitaldeasturias.com\\\/magazine365\\\/category\\\/actualidad-turismo\\\/#listItem\",\"position\":2,\"name\":\"Actualidad Turismo\",\"item\":\"https:\\\/\\\/eldigitaldeasturias.com\\\/magazine365\\\/category\\\/actualidad-turismo\\\/\",\"nextItem\":{\"@type\":\"ListItem\",\"@id\":\"https:\\\/\\\/eldigitaldeasturias.com\\\/magazine365\\\/la-catedra-de-sabor-a-malaga-estudiara-la-penetracion-de-sus-productos-en-hoteles-y-restaurantes-locales\\\/#listItem\",\"name\":\"La c\\u00e1tedra de Sabor a M\\u00e1laga estudiar\\u00e1 la penetraci\\u00f3n de sus productos en hoteles y restaurantes locales\"},\"previousItem\":{\"@type\":\"ListItem\",\"@id\":\"https:\\\/\\\/eldigitaldeasturias.com\\\/magazine365#listItem\",\"name\":\"Home\"}},{\"@type\":\"ListItem\",\"@id\":\"https:\\\/\\\/eldigitaldeasturias.com\\\/magazine365\\\/la-catedra-de-sabor-a-malaga-estudiara-la-penetracion-de-sus-productos-en-hoteles-y-restaurantes-locales\\\/#listItem\",\"position\":3,\"name\":\"La c\\u00e1tedra de Sabor a M\\u00e1laga estudiar\\u00e1 la penetraci\\u00f3n de sus productos en hoteles y restaurantes locales\",\"previousItem\":{\"@type\":\"ListItem\",\"@id\":\"https:\\\/\\\/eldigitaldeasturias.com\\\/magazine365\\\/category\\\/actualidad-turismo\\\/#listItem\",\"name\":\"Actualidad Turismo\"}}]},{\"@type\":\"Organization\",\"@id\":\"https:\\\/\\\/eldigitaldeasturias.com\\\/magazine365\\\/#organization\",\"name\":\"El digital de Asturias\",\"description\":\"Revista de ocio, turismo y estilo de vida\",\"url\":\"https:\\\/\\\/eldigitaldeasturias.com\\\/magazine365\\\/\",\"logo\":{\"@type\":\"ImageObject\",\"url\":\"https:\\\/\\\/www.eldigitaldeasturias.com\\\/noticias\\\/wp-content\\\/uploads\\\/2020\\\/12\\\/EDA.jpg\",\"@id\":\"https:\\\/\\\/eldigitaldeasturias.com\\\/magazine365\\\/la-catedra-de-sabor-a-malaga-estudiara-la-penetracion-de-sus-productos-en-hoteles-y-restaurantes-locales\\\/#organizationLogo\"},\"image\":{\"@id\":\"https:\\\/\\\/eldigitaldeasturias.com\\\/magazine365\\\/la-catedra-de-sabor-a-malaga-estudiara-la-penetracion-de-sus-productos-en-hoteles-y-restaurantes-locales\\\/#organizationLogo\"}},{\"@type\":\"Person\",\"@id\":\"https:\\\/\\\/eldigitaldeasturias.com\\\/magazine365\\\/author\\\/admin\\\/#author\",\"url\":\"https:\\\/\\\/eldigitaldeasturias.com\\\/magazine365\\\/author\\\/admin\\\/\",\"name\":\"admin\",\"image\":{\"@type\":\"ImageObject\",\"@id\":\"https:\\\/\\\/eldigitaldeasturias.com\\\/magazine365\\\/la-catedra-de-sabor-a-malaga-estudiara-la-penetracion-de-sus-productos-en-hoteles-y-restaurantes-locales\\\/#authorImage\",\"url\":\"https:\\\/\\\/eldigitaldeasturias.com\\\/magazine365\\\/wp-content\\\/litespeed\\\/avatar\\\/e571bcf59a0edd6fa6838245a470f2fe.jpg?ver=1776969259\",\"width\":96,\"height\":96,\"caption\":\"admin\"}},{\"@type\":\"WebPage\",\"@id\":\"https:\\\/\\\/eldigitaldeasturias.com\\\/magazine365\\\/la-catedra-de-sabor-a-malaga-estudiara-la-penetracion-de-sus-productos-en-hoteles-y-restaurantes-locales\\\/#webpage\",\"url\":\"https:\\\/\\\/eldigitaldeasturias.com\\\/magazine365\\\/la-catedra-de-sabor-a-malaga-estudiara-la-penetracion-de-sus-productos-en-hoteles-y-restaurantes-locales\\\/\",\"name\":\"La c\\u00e1tedra de Sabor a M\\u00e1laga estudiar\\u00e1 la penetraci\\u00f3n de sus productos en hoteles y restaurantes locales | El Digital de Asturias\",\"description\":\"La Diputaci\\u00f3n de M\\u00e1laga, a trav\\u00e9s del \\u00c1rea de Desarrollo Econ\\u00f3mico-Rural y su marca promocional Sabor a M\\u00e1laga, y la Universidad de M\\u00e1laga (UMA), pondr\\u00e1n en marcha un estudio sobre la penetrabilidad de los productos de la tierra en los hoteles, restaurantes y cafeter\\u00edas de la provincia. Este trabajo forma parte del conjunto de acciones\",\"inLanguage\":\"es-ES\",\"isPartOf\":{\"@id\":\"https:\\\/\\\/eldigitaldeasturias.com\\\/magazine365\\\/#website\"},\"breadcrumb\":{\"@id\":\"https:\\\/\\\/eldigitaldeasturias.com\\\/magazine365\\\/la-catedra-de-sabor-a-malaga-estudiara-la-penetracion-de-sus-productos-en-hoteles-y-restaurantes-locales\\\/#breadcrumblist\"},\"author\":{\"@id\":\"https:\\\/\\\/eldigitaldeasturias.com\\\/magazine365\\\/author\\\/admin\\\/#author\"},\"creator\":{\"@id\":\"https:\\\/\\\/eldigitaldeasturias.com\\\/magazine365\\\/author\\\/admin\\\/#author\"},\"image\":{\"@type\":\"ImageObject\",\"url\":\"https:\\\/\\\/eldigitaldeasturias.com\\\/magazine365\\\/wp-content\\\/uploads\\\/2015\\\/06\\\/fotonoticia_20150605155519_800.jpg\",\"@id\":\"https:\\\/\\\/eldigitaldeasturias.com\\\/magazine365\\\/la-catedra-de-sabor-a-malaga-estudiara-la-penetracion-de-sus-productos-en-hoteles-y-restaurantes-locales\\\/#mainImage\",\"width\":800,\"height\":534},\"primaryImageOfPage\":{\"@id\":\"https:\\\/\\\/eldigitaldeasturias.com\\\/magazine365\\\/la-catedra-de-sabor-a-malaga-estudiara-la-penetracion-de-sus-productos-en-hoteles-y-restaurantes-locales\\\/#mainImage\"},\"datePublished\":\"2015-06-06T04:53:05+02:00\",\"dateModified\":\"2015-06-06T04:53:05+02:00\"},{\"@type\":\"WebSite\",\"@id\":\"https:\\\/\\\/eldigitaldeasturias.com\\\/magazine365\\\/#website\",\"url\":\"https:\\\/\\\/eldigitaldeasturias.com\\\/magazine365\\\/\",\"name\":\"El Digital de Asturias\",\"description\":\"Revista de ocio, turismo y estilo de vida\",\"inLanguage\":\"es-ES\",\"publisher\":{\"@id\":\"https:\\\/\\\/eldigitaldeasturias.com\\\/magazine365\\\/#organization\"}}]}\n\t\t<\/script>\n\t\t<!-- All in One SEO Pro -->\r\n\t\t<title>La c\u00e1tedra de Sabor a M\u00e1laga estudiar\u00e1 la penetraci\u00f3n de sus productos en hoteles y restaurantes locales | El Digital de Asturias<\/title>\n\n","aioseo_head_json":{"title":"La c\u00e1tedra de Sabor a M\u00e1laga estudiar\u00e1 la penetraci\u00f3n de sus productos en hoteles y restaurantes locales | El Digital de Asturias","description":"La Diputaci\u00f3n de M\u00e1laga, a trav\u00e9s del \u00c1rea de Desarrollo Econ\u00f3mico-Rural y su marca promocional Sabor a M\u00e1laga, y la Universidad de M\u00e1laga (UMA), pondr\u00e1n en marcha un estudio sobre la penetrabilidad de los productos de la tierra en los hoteles, restaurantes y cafeter\u00edas de la provincia. Este trabajo forma parte del conjunto de acciones","canonical_url":"https:\/\/eldigitaldeasturias.com\/magazine365\/la-catedra-de-sabor-a-malaga-estudiara-la-penetracion-de-sus-productos-en-hoteles-y-restaurantes-locales\/","robots":"max-image-preview:large","keywords":"actualidad turismo","webmasterTools":{"google-site-verification":"UA-38556648-1","miscellaneous":""},"schema":{"@context":"https:\/\/schema.org","@graph":[{"@type":"Article","@id":"https:\/\/eldigitaldeasturias.com\/magazine365\/la-catedra-de-sabor-a-malaga-estudiara-la-penetracion-de-sus-productos-en-hoteles-y-restaurantes-locales\/#article","name":"La c\u00e1tedra de Sabor a M\u00e1laga estudiar\u00e1 la penetraci\u00f3n de sus productos en hoteles y restaurantes locales | El Digital de Asturias","headline":"La c\u00e1tedra de Sabor a M\u00e1laga estudiar\u00e1 la penetraci\u00f3n de sus productos en hoteles y restaurantes locales","author":{"@id":"https:\/\/eldigitaldeasturias.com\/magazine365\/author\/admin\/#author"},"publisher":{"@id":"https:\/\/eldigitaldeasturias.com\/magazine365\/#organization"},"image":{"@type":"ImageObject","url":"https:\/\/eldigitaldeasturias.com\/magazine365\/wp-content\/uploads\/2015\/06\/fotonoticia_20150605155519_800.jpg","width":800,"height":534},"datePublished":"2015-06-06T04:53:05+02:00","dateModified":"2015-06-06T04:53:05+02:00","inLanguage":"es-ES","mainEntityOfPage":{"@id":"https:\/\/eldigitaldeasturias.com\/magazine365\/la-catedra-de-sabor-a-malaga-estudiara-la-penetracion-de-sus-productos-en-hoteles-y-restaurantes-locales\/#webpage"},"isPartOf":{"@id":"https:\/\/eldigitaldeasturias.com\/magazine365\/la-catedra-de-sabor-a-malaga-estudiara-la-penetracion-de-sus-productos-en-hoteles-y-restaurantes-locales\/#webpage"},"articleSection":"Actualidad Turismo"},{"@type":"BreadcrumbList","@id":"https:\/\/eldigitaldeasturias.com\/magazine365\/la-catedra-de-sabor-a-malaga-estudiara-la-penetracion-de-sus-productos-en-hoteles-y-restaurantes-locales\/#breadcrumblist","itemListElement":[{"@type":"ListItem","@id":"https:\/\/eldigitaldeasturias.com\/magazine365#listItem","position":1,"name":"Home","item":"https:\/\/eldigitaldeasturias.com\/magazine365","nextItem":{"@type":"ListItem","@id":"https:\/\/eldigitaldeasturias.com\/magazine365\/category\/actualidad-turismo\/#listItem","name":"Actualidad Turismo"}},{"@type":"ListItem","@id":"https:\/\/eldigitaldeasturias.com\/magazine365\/category\/actualidad-turismo\/#listItem","position":2,"name":"Actualidad Turismo","item":"https:\/\/eldigitaldeasturias.com\/magazine365\/category\/actualidad-turismo\/","nextItem":{"@type":"ListItem","@id":"https:\/\/eldigitaldeasturias.com\/magazine365\/la-catedra-de-sabor-a-malaga-estudiara-la-penetracion-de-sus-productos-en-hoteles-y-restaurantes-locales\/#listItem","name":"La c\u00e1tedra de Sabor a M\u00e1laga estudiar\u00e1 la penetraci\u00f3n de sus productos en hoteles y restaurantes locales"},"previousItem":{"@type":"ListItem","@id":"https:\/\/eldigitaldeasturias.com\/magazine365#listItem","name":"Home"}},{"@type":"ListItem","@id":"https:\/\/eldigitaldeasturias.com\/magazine365\/la-catedra-de-sabor-a-malaga-estudiara-la-penetracion-de-sus-productos-en-hoteles-y-restaurantes-locales\/#listItem","position":3,"name":"La c\u00e1tedra de Sabor a M\u00e1laga estudiar\u00e1 la penetraci\u00f3n de sus productos en hoteles y restaurantes locales","previousItem":{"@type":"ListItem","@id":"https:\/\/eldigitaldeasturias.com\/magazine365\/category\/actualidad-turismo\/#listItem","name":"Actualidad Turismo"}}]},{"@type":"Organization","@id":"https:\/\/eldigitaldeasturias.com\/magazine365\/#organization","name":"El digital de Asturias","description":"Revista de ocio, turismo y estilo de vida","url":"https:\/\/eldigitaldeasturias.com\/magazine365\/","logo":{"@type":"ImageObject","url":"https:\/\/www.eldigitaldeasturias.com\/noticias\/wp-content\/uploads\/2020\/12\/EDA.jpg","@id":"https:\/\/eldigitaldeasturias.com\/magazine365\/la-catedra-de-sabor-a-malaga-estudiara-la-penetracion-de-sus-productos-en-hoteles-y-restaurantes-locales\/#organizationLogo"},"image":{"@id":"https:\/\/eldigitaldeasturias.com\/magazine365\/la-catedra-de-sabor-a-malaga-estudiara-la-penetracion-de-sus-productos-en-hoteles-y-restaurantes-locales\/#organizationLogo"}},{"@type":"Person","@id":"https:\/\/eldigitaldeasturias.com\/magazine365\/author\/admin\/#author","url":"https:\/\/eldigitaldeasturias.com\/magazine365\/author\/admin\/","name":"admin","image":{"@type":"ImageObject","@id":"https:\/\/eldigitaldeasturias.com\/magazine365\/la-catedra-de-sabor-a-malaga-estudiara-la-penetracion-de-sus-productos-en-hoteles-y-restaurantes-locales\/#authorImage","url":"https:\/\/eldigitaldeasturias.com\/magazine365\/wp-content\/litespeed\/avatar\/e571bcf59a0edd6fa6838245a470f2fe.jpg?ver=1776969259","width":96,"height":96,"caption":"admin"}},{"@type":"WebPage","@id":"https:\/\/eldigitaldeasturias.com\/magazine365\/la-catedra-de-sabor-a-malaga-estudiara-la-penetracion-de-sus-productos-en-hoteles-y-restaurantes-locales\/#webpage","url":"https:\/\/eldigitaldeasturias.com\/magazine365\/la-catedra-de-sabor-a-malaga-estudiara-la-penetracion-de-sus-productos-en-hoteles-y-restaurantes-locales\/","name":"La c\u00e1tedra de Sabor a M\u00e1laga estudiar\u00e1 la penetraci\u00f3n de sus productos en hoteles y restaurantes locales | El Digital de Asturias","description":"La Diputaci\u00f3n de M\u00e1laga, a trav\u00e9s del \u00c1rea de Desarrollo Econ\u00f3mico-Rural y su marca promocional Sabor a M\u00e1laga, y la Universidad de M\u00e1laga (UMA), pondr\u00e1n en marcha un estudio sobre la penetrabilidad de los productos de la tierra en los hoteles, restaurantes y cafeter\u00edas de la provincia. Este trabajo forma parte del conjunto de acciones","inLanguage":"es-ES","isPartOf":{"@id":"https:\/\/eldigitaldeasturias.com\/magazine365\/#website"},"breadcrumb":{"@id":"https:\/\/eldigitaldeasturias.com\/magazine365\/la-catedra-de-sabor-a-malaga-estudiara-la-penetracion-de-sus-productos-en-hoteles-y-restaurantes-locales\/#breadcrumblist"},"author":{"@id":"https:\/\/eldigitaldeasturias.com\/magazine365\/author\/admin\/#author"},"creator":{"@id":"https:\/\/eldigitaldeasturias.com\/magazine365\/author\/admin\/#author"},"image":{"@type":"ImageObject","url":"https:\/\/eldigitaldeasturias.com\/magazine365\/wp-content\/uploads\/2015\/06\/fotonoticia_20150605155519_800.jpg","@id":"https:\/\/eldigitaldeasturias.com\/magazine365\/la-catedra-de-sabor-a-malaga-estudiara-la-penetracion-de-sus-productos-en-hoteles-y-restaurantes-locales\/#mainImage","width":800,"height":534},"primaryImageOfPage":{"@id":"https:\/\/eldigitaldeasturias.com\/magazine365\/la-catedra-de-sabor-a-malaga-estudiara-la-penetracion-de-sus-productos-en-hoteles-y-restaurantes-locales\/#mainImage"},"datePublished":"2015-06-06T04:53:05+02:00","dateModified":"2015-06-06T04:53:05+02:00"},{"@type":"WebSite","@id":"https:\/\/eldigitaldeasturias.com\/magazine365\/#website","url":"https:\/\/eldigitaldeasturias.com\/magazine365\/","name":"El Digital de Asturias","description":"Revista de ocio, turismo y estilo de vida","inLanguage":"es-ES","publisher":{"@id":"https:\/\/eldigitaldeasturias.com\/magazine365\/#organization"}}]},"og:locale":"es_ES","og:site_name":"El Digital de Asturias \u2013 Revista de ocio, turismo y estilo de vida","og:type":"article","og:title":"La c\u00e1tedra de Sabor a M\u00e1laga estudiar\u00e1 la penetraci\u00f3n de sus productos en hoteles y restaurantes locales | El Digital de Asturias","og:description":"La Diputaci\u00f3n de M\u00e1laga, a trav\u00e9s del \u00c1rea de Desarrollo Econ\u00f3mico-Rural y su marca promocional Sabor a M\u00e1laga, y la Universidad de M\u00e1laga (UMA), pondr\u00e1n en marcha un estudio sobre la penetrabilidad de los productos de la tierra en los hoteles, restaurantes y cafeter\u00edas de la provincia. Este trabajo forma parte del conjunto de acciones","og:url":"https:\/\/eldigitaldeasturias.com\/magazine365\/la-catedra-de-sabor-a-malaga-estudiara-la-penetracion-de-sus-productos-en-hoteles-y-restaurantes-locales\/","og:image":"https:\/\/eldigitaldeasturias.com\/magazine365\/wp-content\/uploads\/2015\/06\/fotonoticia_20150605155519_800.jpg","og:image:secure_url":"https:\/\/eldigitaldeasturias.com\/magazine365\/wp-content\/uploads\/2015\/06\/fotonoticia_20150605155519_800.jpg","og:image:width":800,"og:image:height":534,"article:published_time":"2015-06-06T03:23:05+00:00","article:modified_time":"2015-06-06T03:23:05+00:00","twitter:card":"summary_large_image","twitter:title":"La c\u00e1tedra de Sabor a M\u00e1laga estudiar\u00e1 la penetraci\u00f3n de sus productos en hoteles y restaurantes locales | El Digital de Asturias","twitter:description":"La Diputaci\u00f3n de M\u00e1laga, a trav\u00e9s del \u00c1rea de Desarrollo Econ\u00f3mico-Rural y su marca promocional Sabor a M\u00e1laga, y la Universidad de M\u00e1laga (UMA), pondr\u00e1n en marcha un estudio sobre la penetrabilidad de los productos de la tierra en los hoteles, restaurantes y cafeter\u00edas de la provincia. Este trabajo forma parte del conjunto de acciones","twitter:image":"https:\/\/eldigitaldeasturias.com\/magazine365\/wp-content\/uploads\/2015\/06\/fotonoticia_20150605155519_800.jpg"},"aioseo_meta_data":{"post_id":"39004","title":null,"description":null,"keywords":null,"keyphrases":null,"primary_term":null,"canonical_url":null,"og_title":null,"og_description":null,"og_object_type":"default","og_image_type":"default","og_image_url":null,"og_image_width":null,"og_image_height":null,"og_image_custom_url":null,"og_image_custom_fields":null,"og_video":null,"og_custom_url":null,"og_article_section":null,"og_article_tags":null,"twitter_use_og":false,"twitter_card":"default","twitter_image_type":"default","twitter_image_url":null,"twitter_image_custom_url":null,"twitter_image_custom_fields":null,"twitter_title":null,"twitter_description":null,"schema":{"blockGraphs":[],"customGraphs":[],"default":{"data":{"Article":[],"Course":[],"Dataset":[],"FAQPage":[],"Movie":[],"Person":[],"Product":[],"ProductReview":[],"Car":[],"Recipe":[],"Service":[],"SoftwareApplication":[],"WebPage":[]},"graphName":"","isEnabled":true},"graphs":[],"defaultGraph":"","defaultPostTypeGraph":""},"schema_type":null,"schema_type_options":null,"pillar_content":false,"robots_default":true,"robots_noindex":false,"robots_noarchive":false,"robots_nosnippet":false,"robots_nofollow":false,"robots_noimageindex":false,"robots_noodp":false,"robots_notranslate":false,"robots_max_snippet":null,"robots_max_videopreview":null,"robots_max_imagepreview":"large","priority":null,"frequency":null,"location":null,"local_seo":null,"seo_analyzer_scan_date":"2025-09-19 10:45:26","breadcrumb_settings":null,"limit_modified_date":false,"open_ai":null,"ai":null,"created":"2021-03-09 02:46:43","updated":"2025-09-19 10:45:26"},"aioseo_breadcrumb":"<div class=\"aioseo-breadcrumbs\"><span class=\"aioseo-breadcrumb\">\n\t<a href=\"https:\/\/eldigitaldeasturias.com\/magazine365\" title=\"Home\">Home<\/a>\n<\/span><span class=\"aioseo-breadcrumb-separator\">\u2013<\/span><span class=\"aioseo-breadcrumb\">\n\t<a href=\"https:\/\/eldigitaldeasturias.com\/magazine365\/category\/actualidad-turismo\/\" title=\"Actualidad Turismo\">Actualidad Turismo<\/a>\n<\/span><span class=\"aioseo-breadcrumb-separator\">\u2013<\/span><span class=\"aioseo-breadcrumb\">\n\t<a href=\"https:\/\/eldigitaldeasturias.com\/magazine365\/la-catedra-de-sabor-a-malaga-estudiara-la-penetracion-de-sus-productos-en-hoteles-y-restaurantes-locales\/\" title=\"La c\u00e1tedra de Sabor a M\u00e1laga estudiar\u00e1 la penetraci\u00f3n de sus productos en hoteles y restaurantes locales\">La c\u00e1tedra de Sabor a M\u00e1laga estudiar\u00e1 la penetraci\u00f3n de sus productos en hoteles y restaurantes locales<\/a>\n<\/span><\/div>","aioseo_breadcrumb_json":[{"label":"Home","link":"https:\/\/eldigitaldeasturias.com\/magazine365"},{"label":"Actualidad Turismo","link":"https:\/\/eldigitaldeasturias.com\/magazine365\/category\/actualidad-turismo\/"},{"label":"La c\u00e1tedra de Sabor a M\u00e1laga estudiar\u00e1 la penetraci\u00f3n de sus productos en hoteles y restaurantes locales","link":"https:\/\/eldigitaldeasturias.com\/magazine365\/la-catedra-de-sabor-a-malaga-estudiara-la-penetracion-de-sus-productos-en-hoteles-y-restaurantes-locales\/"}],"_links":{"self":[{"href":"https:\/\/eldigitaldeasturias.com\/magazine365\/wp-json\/wp\/v2\/posts\/39004","targetHints":{"allow":["GET"]}}],"collection":[{"href":"https:\/\/eldigitaldeasturias.com\/magazine365\/wp-json\/wp\/v2\/posts"}],"about":[{"href":"https:\/\/eldigitaldeasturias.com\/magazine365\/wp-json\/wp\/v2\/types\/post"}],"author":[{"embeddable":true,"href":"https:\/\/eldigitaldeasturias.com\/magazine365\/wp-json\/wp\/v2\/users\/1"}],"replies":[{"embeddable":true,"href":"https:\/\/eldigitaldeasturias.com\/magazine365\/wp-json\/wp\/v2\/comments?post=39004"}],"version-history":[{"count":0,"href":"https:\/\/eldigitaldeasturias.com\/magazine365\/wp-json\/wp\/v2\/posts\/39004\/revisions"}],"wp:featuredmedia":[{"embeddable":true,"href":"https:\/\/eldigitaldeasturias.com\/magazine365\/wp-json\/wp\/v2\/media\/39005"}],"wp:attachment":[{"href":"https:\/\/eldigitaldeasturias.com\/magazine365\/wp-json\/wp\/v2\/media?parent=39004"}],"wp:term":[{"taxonomy":"category","embeddable":true,"href":"https:\/\/eldigitaldeasturias.com\/magazine365\/wp-json\/wp\/v2\/categories?post=39004"},{"taxonomy":"post_tag","embeddable":true,"href":"https:\/\/eldigitaldeasturias.com\/magazine365\/wp-json\/wp\/v2\/tags?post=39004"}],"curies":[{"name":"wp","href":"https:\/\/api.w.org\/{rel}","templated":true}]}}