{"id":39001,"date":"2015-06-06T04:51:28","date_gmt":"2015-06-06T03:21:28","guid":{"rendered":"http:\/\/eldigitaldeasturias.com\/magazine365\/?p=39001"},"modified":"2015-06-06T04:51:28","modified_gmt":"2015-06-06T03:21:28","slug":"los-viajeros-podran-tener-cita-en-10-dias-este-verano-para-la-vacunacion-internacional","status":"publish","type":"post","link":"https:\/\/eldigitaldeasturias.com\/magazine365\/los-viajeros-podran-tener-cita-en-10-dias-este-verano-para-la-vacunacion-internacional\/","title":{"rendered":".-Los viajeros podr\u00e1n tener cita en 10 d\u00edas este verano para la vacunaci\u00f3n internacional"},"content":{"rendered":"<p><img fetchpriority=\"high\" decoding=\"async\" class=\"alignleft size-medium wp-image-39002\" src=\"https:\/\/eldigitaldeasturias.com\/magazine365\/wp-content\/uploads\/2015\/06\/fotonoticia_20150605155335_800-360x192.jpg\" alt=\"fotonoticia_20150605155335_800\" width=\"360\" height=\"192\" srcset=\"https:\/\/eldigitaldeasturias.com\/magazine365\/wp-content\/uploads\/2015\/06\/fotonoticia_20150605155335_800-360x192.jpg 360w, https:\/\/eldigitaldeasturias.com\/magazine365\/wp-content\/uploads\/2015\/06\/fotonoticia_20150605155335_800-650x347.jpg 650w, https:\/\/eldigitaldeasturias.com\/magazine365\/wp-content\/uploads\/2015\/06\/fotonoticia_20150605155335_800-768x410.jpg 768w, https:\/\/eldigitaldeasturias.com\/magazine365\/wp-content\/uploads\/2015\/06\/fotonoticia_20150605155335_800-150x80.jpg 150w, https:\/\/eldigitaldeasturias.com\/magazine365\/wp-content\/uploads\/2015\/06\/fotonoticia_20150605155335_800-450x240.jpg 450w, https:\/\/eldigitaldeasturias.com\/magazine365\/wp-content\/uploads\/2015\/06\/fotonoticia_20150605155335_800-696x371.jpg 696w, https:\/\/eldigitaldeasturias.com\/magazine365\/wp-content\/uploads\/2015\/06\/fotonoticia_20150605155335_800-787x420.jpg 787w, https:\/\/eldigitaldeasturias.com\/magazine365\/wp-content\/uploads\/2015\/06\/fotonoticia_20150605155335_800-420x225.jpg 420w, https:\/\/eldigitaldeasturias.com\/magazine365\/wp-content\/uploads\/2015\/06\/fotonoticia_20150605155335_800.jpg 800w\" sizes=\"(max-width: 360px) 100vw, 360px\" \/>Los viajeros podr\u00e1n tener cita en 10 d\u00edas para la vacunaci\u00f3n internacional este verano, seg\u00fan el plan de choque lanzado por la Secretar\u00eda de Estado de Administraciones P\u00fablicas, para atender a la concentraci\u00f3n de la demanda que se producen en los meses de verano y agilizar as\u00ed las vacunaciones.<\/p>\n<p>Las medidas adoptadas en este plan de choque incluyen el refuerzo de plantillas en los Centros de Vacunaci\u00f3n Internacional (CVI) con mayor carga de trabajo en el periodo estival, as\u00ed como la ampliaci\u00f3n del horario de atenci\u00f3n al p\u00fablico cuando la adjudicaci\u00f3n de cita se demore en m\u00e1s de 10 d\u00edas.<\/p>\n<p>Asimismo, se ampliar\u00e1 y se actualizar\u00e1 la informaci\u00f3n correspondiente a los CVI de las Delegaciones del Gobierno, junto a los de otras Administraciones P\u00fablicas, en el portal inform\u00e1tico del Punto de Acceso General, administraci\u00f3n.gob.es, y en el tel\u00e9fono 060.<\/p>\n<p>MEJORA DE LA GESTI\u00d3N DE CITA PREVIA.<\/p>\n<p>Para la mejora de la gesti\u00f3n de la cita previa, se dar\u00e1 un impulso gradual a la cita previa por Internet a trav\u00e9s de este portal, permitiendo el acceso de aquellos que no cuenten con certificado electr\u00f3nico.<\/p>\n<p>En el caso de la cita previa telef\u00f3nica, para evitar los problemas de saturaci\u00f3n de las l\u00edneas telef\u00f3nicas disponibles en estos meses en las Delegaciones y Subdelegaciones de Gobierno se ampliar\u00e1 el personal destinado a la atenci\u00f3n de estas llamadas.<\/p>\n<p>29 CVI INTEGRADOS EN DELEGACIONES DE GOBIERNO.<\/p>\n<p>Los 29 CVI, integrados en las Delegaciones de Gobierno, prestan un servicio sanitario a viajeros internacionales que incluye una evaluaci\u00f3n m\u00e9dica individualizada, asesoramiento personalizado e informaci\u00f3n sobre los riesgos sanitarios inherentes al viaje.<\/p>\n<p>En ellos se administran las vacunas y dem\u00e1s medidas preventivas o profil\u00e1cticas precisas, por razones de salud p\u00fablica en el tr\u00e1fico internacional de personas y se expiden los correspondientes certificados m\u00e9dicos y documentos personales de sanidad internacional necesarios para viajar a determinados destinos.<\/p>\n<p>As\u00ed, administran las vacunas de fiebre amarilla, polio, encefalitis primavero-estival, Meningitis Meningoc\u00f3cica y la vacuna de la rabia pre-exposici\u00f3n.<\/p>\n<p>El a\u00f1o pasado estos 29 CVI administraron 72.919 vacunas, lo que supone un 9% m\u00e1s que en 2013, y se atendi\u00f3 a un total de 109.254 viajeros internacionales, un 10% m\u00e1s que el a\u00f1o anterior.<\/p>\n<p>En 2014, los viajeros atendidos en algunos de los 101 centros de vacunaci\u00f3n internacional (CVI) de toda Espa\u00f1a aumentaron un 5%, hasta los 219.656, seg\u00fan datos del Ministerio de Sanidad, Servicios Sociales e Igualdad con motivo de la puesta en marcha del programa &#8216;La salud tambi\u00e9n viaja 2015&#8217;.<\/p>\n","protected":false},"excerpt":{"rendered":"<p>Los viajeros podr\u00e1n tener cita en 10 d\u00edas para la vacunaci\u00f3n internacional este verano, seg\u00fan el plan de choque lanzado por la Secretar\u00eda de Estado de Administraciones P\u00fablicas, para atender a la concentraci\u00f3n de la demanda que se producen en los meses de verano y agilizar as\u00ed las vacunaciones. Las medidas adoptadas en este plan<\/p>\n","protected":false},"author":1,"featured_media":39002,"comment_status":"open","ping_status":"closed","sticky":false,"template":"","format":"standard","meta":{"footnotes":""},"categories":[222],"tags":[],"class_list":{"0":"post-39001","1":"post","2":"type-post","3":"status-publish","4":"format-standard","5":"has-post-thumbnail","7":"category-actualidad-turismo"},"aioseo_notices":[],"aioseo_head":"\n\t\t<!-- All in One SEO Pro 4.9.6.1 - aioseo.com -->\n\t<meta name=\"description\" content=\"Los viajeros podr\u00e1n tener cita en 10 d\u00edas para la vacunaci\u00f3n internacional este verano, seg\u00fan el plan de choque lanzado por la Secretar\u00eda de Estado de Administraciones P\u00fablicas, para atender a la concentraci\u00f3n de la demanda que se producen en los meses de verano y agilizar as\u00ed las vacunaciones. Las medidas adoptadas en este plan\" \/>\n\t<meta name=\"robots\" content=\"max-image-preview:large\" \/>\n\t<meta name=\"author\" content=\"admin\"\/>\n\t<meta name=\"google-site-verification\" content=\"UA-38556648-1\" \/>\n\t<meta name=\"keywords\" content=\"actualidad turismo\" \/>\n\t<link rel=\"canonical\" href=\"https:\/\/eldigitaldeasturias.com\/magazine365\/los-viajeros-podran-tener-cita-en-10-dias-este-verano-para-la-vacunacion-internacional\/\" \/>\n\t<meta name=\"generator\" content=\"All in One SEO Pro (AIOSEO) 4.9.6.1\" \/>\n\t\t<meta property=\"og:locale\" content=\"es_ES\" \/>\n\t\t<meta property=\"og:site_name\" content=\"El Digital de Asturias \u2013 Revista de ocio, turismo y estilo de vida\" \/>\n\t\t<meta property=\"og:type\" content=\"article\" \/>\n\t\t<meta property=\"og:title\" content=\".-Los viajeros podr\u00e1n tener cita en 10 d\u00edas este verano para la vacunaci\u00f3n internacional | El Digital de Asturias\" \/>\n\t\t<meta property=\"og:description\" content=\"Los viajeros podr\u00e1n tener cita en 10 d\u00edas para la vacunaci\u00f3n internacional este verano, seg\u00fan el plan de choque lanzado por la Secretar\u00eda de Estado de Administraciones P\u00fablicas, para atender a la concentraci\u00f3n de la demanda que se producen en los meses de verano y agilizar as\u00ed las vacunaciones. Las medidas adoptadas en este plan\" \/>\n\t\t<meta property=\"og:url\" content=\"https:\/\/eldigitaldeasturias.com\/magazine365\/los-viajeros-podran-tener-cita-en-10-dias-este-verano-para-la-vacunacion-internacional\/\" \/>\n\t\t<meta property=\"og:image\" content=\"https:\/\/eldigitaldeasturias.com\/magazine365\/wp-content\/uploads\/2015\/06\/fotonoticia_20150605155335_800.jpg\" \/>\n\t\t<meta property=\"og:image:secure_url\" content=\"https:\/\/eldigitaldeasturias.com\/magazine365\/wp-content\/uploads\/2015\/06\/fotonoticia_20150605155335_800.jpg\" \/>\n\t\t<meta property=\"og:image:width\" content=\"800\" \/>\n\t\t<meta property=\"og:image:height\" content=\"427\" \/>\n\t\t<meta property=\"article:published_time\" content=\"2015-06-06T03:21:28+00:00\" \/>\n\t\t<meta property=\"article:modified_time\" content=\"2015-06-06T03:21:28+00:00\" \/>\n\t\t<meta name=\"twitter:card\" content=\"summary_large_image\" \/>\n\t\t<meta name=\"twitter:title\" content=\".-Los viajeros podr\u00e1n tener cita en 10 d\u00edas este verano para la vacunaci\u00f3n internacional | El Digital de Asturias\" \/>\n\t\t<meta name=\"twitter:description\" content=\"Los viajeros podr\u00e1n tener cita en 10 d\u00edas para la vacunaci\u00f3n internacional este verano, seg\u00fan el plan de choque lanzado por la Secretar\u00eda de Estado de Administraciones P\u00fablicas, para atender a la concentraci\u00f3n de la demanda que se producen en los meses de verano y agilizar as\u00ed las vacunaciones. Las medidas adoptadas en este plan\" \/>\n\t\t<meta name=\"twitter:image\" content=\"https:\/\/eldigitaldeasturias.com\/magazine365\/wp-content\/uploads\/2015\/06\/fotonoticia_20150605155335_800.jpg\" \/>\n\t\t<script type=\"application\/ld+json\" class=\"aioseo-schema\">\n\t\t\t{\"@context\":\"https:\\\/\\\/schema.org\",\"@graph\":[{\"@type\":\"Article\",\"@id\":\"https:\\\/\\\/eldigitaldeasturias.com\\\/magazine365\\\/los-viajeros-podran-tener-cita-en-10-dias-este-verano-para-la-vacunacion-internacional\\\/#article\",\"name\":\".-Los viajeros podr\\u00e1n tener cita en 10 d\\u00edas este verano para la vacunaci\\u00f3n internacional | El Digital de Asturias\",\"headline\":\".-Los viajeros podr\\u00e1n tener cita en 10 d\\u00edas este verano para la vacunaci\\u00f3n internacional\",\"author\":{\"@id\":\"https:\\\/\\\/eldigitaldeasturias.com\\\/magazine365\\\/author\\\/admin\\\/#author\"},\"publisher\":{\"@id\":\"https:\\\/\\\/eldigitaldeasturias.com\\\/magazine365\\\/#organization\"},\"image\":{\"@type\":\"ImageObject\",\"url\":\"https:\\\/\\\/eldigitaldeasturias.com\\\/magazine365\\\/wp-content\\\/uploads\\\/2015\\\/06\\\/fotonoticia_20150605155335_800.jpg\",\"width\":800,\"height\":427},\"datePublished\":\"2015-06-06T04:51:28+02:00\",\"dateModified\":\"2015-06-06T04:51:28+02:00\",\"inLanguage\":\"es-ES\",\"mainEntityOfPage\":{\"@id\":\"https:\\\/\\\/eldigitaldeasturias.com\\\/magazine365\\\/los-viajeros-podran-tener-cita-en-10-dias-este-verano-para-la-vacunacion-internacional\\\/#webpage\"},\"isPartOf\":{\"@id\":\"https:\\\/\\\/eldigitaldeasturias.com\\\/magazine365\\\/los-viajeros-podran-tener-cita-en-10-dias-este-verano-para-la-vacunacion-internacional\\\/#webpage\"},\"articleSection\":\"Actualidad Turismo\"},{\"@type\":\"BreadcrumbList\",\"@id\":\"https:\\\/\\\/eldigitaldeasturias.com\\\/magazine365\\\/los-viajeros-podran-tener-cita-en-10-dias-este-verano-para-la-vacunacion-internacional\\\/#breadcrumblist\",\"itemListElement\":[{\"@type\":\"ListItem\",\"@id\":\"https:\\\/\\\/eldigitaldeasturias.com\\\/magazine365#listItem\",\"position\":1,\"name\":\"Home\",\"item\":\"https:\\\/\\\/eldigitaldeasturias.com\\\/magazine365\",\"nextItem\":{\"@type\":\"ListItem\",\"@id\":\"https:\\\/\\\/eldigitaldeasturias.com\\\/magazine365\\\/category\\\/actualidad-turismo\\\/#listItem\",\"name\":\"Actualidad Turismo\"}},{\"@type\":\"ListItem\",\"@id\":\"https:\\\/\\\/eldigitaldeasturias.com\\\/magazine365\\\/category\\\/actualidad-turismo\\\/#listItem\",\"position\":2,\"name\":\"Actualidad Turismo\",\"item\":\"https:\\\/\\\/eldigitaldeasturias.com\\\/magazine365\\\/category\\\/actualidad-turismo\\\/\",\"nextItem\":{\"@type\":\"ListItem\",\"@id\":\"https:\\\/\\\/eldigitaldeasturias.com\\\/magazine365\\\/los-viajeros-podran-tener-cita-en-10-dias-este-verano-para-la-vacunacion-internacional\\\/#listItem\",\"name\":\".-Los viajeros podr\\u00e1n tener cita en 10 d\\u00edas este verano para la vacunaci\\u00f3n internacional\"},\"previousItem\":{\"@type\":\"ListItem\",\"@id\":\"https:\\\/\\\/eldigitaldeasturias.com\\\/magazine365#listItem\",\"name\":\"Home\"}},{\"@type\":\"ListItem\",\"@id\":\"https:\\\/\\\/eldigitaldeasturias.com\\\/magazine365\\\/los-viajeros-podran-tener-cita-en-10-dias-este-verano-para-la-vacunacion-internacional\\\/#listItem\",\"position\":3,\"name\":\".-Los viajeros podr\\u00e1n tener cita en 10 d\\u00edas este verano para la vacunaci\\u00f3n internacional\",\"previousItem\":{\"@type\":\"ListItem\",\"@id\":\"https:\\\/\\\/eldigitaldeasturias.com\\\/magazine365\\\/category\\\/actualidad-turismo\\\/#listItem\",\"name\":\"Actualidad Turismo\"}}]},{\"@type\":\"Organization\",\"@id\":\"https:\\\/\\\/eldigitaldeasturias.com\\\/magazine365\\\/#organization\",\"name\":\"El digital de Asturias\",\"description\":\"Revista de ocio, turismo y estilo de vida\",\"url\":\"https:\\\/\\\/eldigitaldeasturias.com\\\/magazine365\\\/\",\"logo\":{\"@type\":\"ImageObject\",\"url\":\"https:\\\/\\\/www.eldigitaldeasturias.com\\\/noticias\\\/wp-content\\\/uploads\\\/2020\\\/12\\\/EDA.jpg\",\"@id\":\"https:\\\/\\\/eldigitaldeasturias.com\\\/magazine365\\\/los-viajeros-podran-tener-cita-en-10-dias-este-verano-para-la-vacunacion-internacional\\\/#organizationLogo\"},\"image\":{\"@id\":\"https:\\\/\\\/eldigitaldeasturias.com\\\/magazine365\\\/los-viajeros-podran-tener-cita-en-10-dias-este-verano-para-la-vacunacion-internacional\\\/#organizationLogo\"}},{\"@type\":\"Person\",\"@id\":\"https:\\\/\\\/eldigitaldeasturias.com\\\/magazine365\\\/author\\\/admin\\\/#author\",\"url\":\"https:\\\/\\\/eldigitaldeasturias.com\\\/magazine365\\\/author\\\/admin\\\/\",\"name\":\"admin\",\"image\":{\"@type\":\"ImageObject\",\"@id\":\"https:\\\/\\\/eldigitaldeasturias.com\\\/magazine365\\\/los-viajeros-podran-tener-cita-en-10-dias-este-verano-para-la-vacunacion-internacional\\\/#authorImage\",\"url\":\"https:\\\/\\\/eldigitaldeasturias.com\\\/magazine365\\\/wp-content\\\/litespeed\\\/avatar\\\/e571bcf59a0edd6fa6838245a470f2fe.jpg?ver=1776969259\",\"width\":96,\"height\":96,\"caption\":\"admin\"}},{\"@type\":\"WebPage\",\"@id\":\"https:\\\/\\\/eldigitaldeasturias.com\\\/magazine365\\\/los-viajeros-podran-tener-cita-en-10-dias-este-verano-para-la-vacunacion-internacional\\\/#webpage\",\"url\":\"https:\\\/\\\/eldigitaldeasturias.com\\\/magazine365\\\/los-viajeros-podran-tener-cita-en-10-dias-este-verano-para-la-vacunacion-internacional\\\/\",\"name\":\".-Los viajeros podr\\u00e1n tener cita en 10 d\\u00edas este verano para la vacunaci\\u00f3n internacional | El Digital de Asturias\",\"description\":\"Los viajeros podr\\u00e1n tener cita en 10 d\\u00edas para la vacunaci\\u00f3n internacional este verano, seg\\u00fan el plan de choque lanzado por la Secretar\\u00eda de Estado de Administraciones P\\u00fablicas, para atender a la concentraci\\u00f3n de la demanda que se producen en los meses de verano y agilizar as\\u00ed las vacunaciones. Las medidas adoptadas en este plan\",\"inLanguage\":\"es-ES\",\"isPartOf\":{\"@id\":\"https:\\\/\\\/eldigitaldeasturias.com\\\/magazine365\\\/#website\"},\"breadcrumb\":{\"@id\":\"https:\\\/\\\/eldigitaldeasturias.com\\\/magazine365\\\/los-viajeros-podran-tener-cita-en-10-dias-este-verano-para-la-vacunacion-internacional\\\/#breadcrumblist\"},\"author\":{\"@id\":\"https:\\\/\\\/eldigitaldeasturias.com\\\/magazine365\\\/author\\\/admin\\\/#author\"},\"creator\":{\"@id\":\"https:\\\/\\\/eldigitaldeasturias.com\\\/magazine365\\\/author\\\/admin\\\/#author\"},\"image\":{\"@type\":\"ImageObject\",\"url\":\"https:\\\/\\\/eldigitaldeasturias.com\\\/magazine365\\\/wp-content\\\/uploads\\\/2015\\\/06\\\/fotonoticia_20150605155335_800.jpg\",\"@id\":\"https:\\\/\\\/eldigitaldeasturias.com\\\/magazine365\\\/los-viajeros-podran-tener-cita-en-10-dias-este-verano-para-la-vacunacion-internacional\\\/#mainImage\",\"width\":800,\"height\":427},\"primaryImageOfPage\":{\"@id\":\"https:\\\/\\\/eldigitaldeasturias.com\\\/magazine365\\\/los-viajeros-podran-tener-cita-en-10-dias-este-verano-para-la-vacunacion-internacional\\\/#mainImage\"},\"datePublished\":\"2015-06-06T04:51:28+02:00\",\"dateModified\":\"2015-06-06T04:51:28+02:00\"},{\"@type\":\"WebSite\",\"@id\":\"https:\\\/\\\/eldigitaldeasturias.com\\\/magazine365\\\/#website\",\"url\":\"https:\\\/\\\/eldigitaldeasturias.com\\\/magazine365\\\/\",\"name\":\"El Digital de Asturias\",\"description\":\"Revista de ocio, turismo y estilo de vida\",\"inLanguage\":\"es-ES\",\"publisher\":{\"@id\":\"https:\\\/\\\/eldigitaldeasturias.com\\\/magazine365\\\/#organization\"}}]}\n\t\t<\/script>\n\t\t<!-- All in One SEO Pro -->\r\n\t\t<title>.-Los viajeros podr\u00e1n tener cita en 10 d\u00edas este verano para la vacunaci\u00f3n internacional | El Digital de Asturias<\/title>\n\n","aioseo_head_json":{"title":".-Los viajeros podr\u00e1n tener cita en 10 d\u00edas este verano para la vacunaci\u00f3n internacional | El Digital de Asturias","description":"Los viajeros podr\u00e1n tener cita en 10 d\u00edas para la vacunaci\u00f3n internacional este verano, seg\u00fan el plan de choque lanzado por la Secretar\u00eda de Estado de Administraciones P\u00fablicas, para atender a la concentraci\u00f3n de la demanda que se producen en los meses de verano y agilizar as\u00ed las vacunaciones. Las medidas adoptadas en este plan","canonical_url":"https:\/\/eldigitaldeasturias.com\/magazine365\/los-viajeros-podran-tener-cita-en-10-dias-este-verano-para-la-vacunacion-internacional\/","robots":"max-image-preview:large","keywords":"actualidad turismo","webmasterTools":{"google-site-verification":"UA-38556648-1","miscellaneous":""},"schema":{"@context":"https:\/\/schema.org","@graph":[{"@type":"Article","@id":"https:\/\/eldigitaldeasturias.com\/magazine365\/los-viajeros-podran-tener-cita-en-10-dias-este-verano-para-la-vacunacion-internacional\/#article","name":".-Los viajeros podr\u00e1n tener cita en 10 d\u00edas este verano para la vacunaci\u00f3n internacional | El Digital de Asturias","headline":".-Los viajeros podr\u00e1n tener cita en 10 d\u00edas este verano para la vacunaci\u00f3n internacional","author":{"@id":"https:\/\/eldigitaldeasturias.com\/magazine365\/author\/admin\/#author"},"publisher":{"@id":"https:\/\/eldigitaldeasturias.com\/magazine365\/#organization"},"image":{"@type":"ImageObject","url":"https:\/\/eldigitaldeasturias.com\/magazine365\/wp-content\/uploads\/2015\/06\/fotonoticia_20150605155335_800.jpg","width":800,"height":427},"datePublished":"2015-06-06T04:51:28+02:00","dateModified":"2015-06-06T04:51:28+02:00","inLanguage":"es-ES","mainEntityOfPage":{"@id":"https:\/\/eldigitaldeasturias.com\/magazine365\/los-viajeros-podran-tener-cita-en-10-dias-este-verano-para-la-vacunacion-internacional\/#webpage"},"isPartOf":{"@id":"https:\/\/eldigitaldeasturias.com\/magazine365\/los-viajeros-podran-tener-cita-en-10-dias-este-verano-para-la-vacunacion-internacional\/#webpage"},"articleSection":"Actualidad Turismo"},{"@type":"BreadcrumbList","@id":"https:\/\/eldigitaldeasturias.com\/magazine365\/los-viajeros-podran-tener-cita-en-10-dias-este-verano-para-la-vacunacion-internacional\/#breadcrumblist","itemListElement":[{"@type":"ListItem","@id":"https:\/\/eldigitaldeasturias.com\/magazine365#listItem","position":1,"name":"Home","item":"https:\/\/eldigitaldeasturias.com\/magazine365","nextItem":{"@type":"ListItem","@id":"https:\/\/eldigitaldeasturias.com\/magazine365\/category\/actualidad-turismo\/#listItem","name":"Actualidad Turismo"}},{"@type":"ListItem","@id":"https:\/\/eldigitaldeasturias.com\/magazine365\/category\/actualidad-turismo\/#listItem","position":2,"name":"Actualidad Turismo","item":"https:\/\/eldigitaldeasturias.com\/magazine365\/category\/actualidad-turismo\/","nextItem":{"@type":"ListItem","@id":"https:\/\/eldigitaldeasturias.com\/magazine365\/los-viajeros-podran-tener-cita-en-10-dias-este-verano-para-la-vacunacion-internacional\/#listItem","name":".-Los viajeros podr\u00e1n tener cita en 10 d\u00edas este verano para la vacunaci\u00f3n internacional"},"previousItem":{"@type":"ListItem","@id":"https:\/\/eldigitaldeasturias.com\/magazine365#listItem","name":"Home"}},{"@type":"ListItem","@id":"https:\/\/eldigitaldeasturias.com\/magazine365\/los-viajeros-podran-tener-cita-en-10-dias-este-verano-para-la-vacunacion-internacional\/#listItem","position":3,"name":".-Los viajeros podr\u00e1n tener cita en 10 d\u00edas este verano para la vacunaci\u00f3n internacional","previousItem":{"@type":"ListItem","@id":"https:\/\/eldigitaldeasturias.com\/magazine365\/category\/actualidad-turismo\/#listItem","name":"Actualidad Turismo"}}]},{"@type":"Organization","@id":"https:\/\/eldigitaldeasturias.com\/magazine365\/#organization","name":"El digital de Asturias","description":"Revista de ocio, turismo y estilo de vida","url":"https:\/\/eldigitaldeasturias.com\/magazine365\/","logo":{"@type":"ImageObject","url":"https:\/\/www.eldigitaldeasturias.com\/noticias\/wp-content\/uploads\/2020\/12\/EDA.jpg","@id":"https:\/\/eldigitaldeasturias.com\/magazine365\/los-viajeros-podran-tener-cita-en-10-dias-este-verano-para-la-vacunacion-internacional\/#organizationLogo"},"image":{"@id":"https:\/\/eldigitaldeasturias.com\/magazine365\/los-viajeros-podran-tener-cita-en-10-dias-este-verano-para-la-vacunacion-internacional\/#organizationLogo"}},{"@type":"Person","@id":"https:\/\/eldigitaldeasturias.com\/magazine365\/author\/admin\/#author","url":"https:\/\/eldigitaldeasturias.com\/magazine365\/author\/admin\/","name":"admin","image":{"@type":"ImageObject","@id":"https:\/\/eldigitaldeasturias.com\/magazine365\/los-viajeros-podran-tener-cita-en-10-dias-este-verano-para-la-vacunacion-internacional\/#authorImage","url":"https:\/\/eldigitaldeasturias.com\/magazine365\/wp-content\/litespeed\/avatar\/e571bcf59a0edd6fa6838245a470f2fe.jpg?ver=1776969259","width":96,"height":96,"caption":"admin"}},{"@type":"WebPage","@id":"https:\/\/eldigitaldeasturias.com\/magazine365\/los-viajeros-podran-tener-cita-en-10-dias-este-verano-para-la-vacunacion-internacional\/#webpage","url":"https:\/\/eldigitaldeasturias.com\/magazine365\/los-viajeros-podran-tener-cita-en-10-dias-este-verano-para-la-vacunacion-internacional\/","name":".-Los viajeros podr\u00e1n tener cita en 10 d\u00edas este verano para la vacunaci\u00f3n internacional | El Digital de Asturias","description":"Los viajeros podr\u00e1n tener cita en 10 d\u00edas para la vacunaci\u00f3n internacional este verano, seg\u00fan el plan de choque lanzado por la Secretar\u00eda de Estado de Administraciones P\u00fablicas, para atender a la concentraci\u00f3n de la demanda que se producen en los meses de verano y agilizar as\u00ed las vacunaciones. Las medidas adoptadas en este plan","inLanguage":"es-ES","isPartOf":{"@id":"https:\/\/eldigitaldeasturias.com\/magazine365\/#website"},"breadcrumb":{"@id":"https:\/\/eldigitaldeasturias.com\/magazine365\/los-viajeros-podran-tener-cita-en-10-dias-este-verano-para-la-vacunacion-internacional\/#breadcrumblist"},"author":{"@id":"https:\/\/eldigitaldeasturias.com\/magazine365\/author\/admin\/#author"},"creator":{"@id":"https:\/\/eldigitaldeasturias.com\/magazine365\/author\/admin\/#author"},"image":{"@type":"ImageObject","url":"https:\/\/eldigitaldeasturias.com\/magazine365\/wp-content\/uploads\/2015\/06\/fotonoticia_20150605155335_800.jpg","@id":"https:\/\/eldigitaldeasturias.com\/magazine365\/los-viajeros-podran-tener-cita-en-10-dias-este-verano-para-la-vacunacion-internacional\/#mainImage","width":800,"height":427},"primaryImageOfPage":{"@id":"https:\/\/eldigitaldeasturias.com\/magazine365\/los-viajeros-podran-tener-cita-en-10-dias-este-verano-para-la-vacunacion-internacional\/#mainImage"},"datePublished":"2015-06-06T04:51:28+02:00","dateModified":"2015-06-06T04:51:28+02:00"},{"@type":"WebSite","@id":"https:\/\/eldigitaldeasturias.com\/magazine365\/#website","url":"https:\/\/eldigitaldeasturias.com\/magazine365\/","name":"El Digital de Asturias","description":"Revista de ocio, turismo y estilo de vida","inLanguage":"es-ES","publisher":{"@id":"https:\/\/eldigitaldeasturias.com\/magazine365\/#organization"}}]},"og:locale":"es_ES","og:site_name":"El Digital de Asturias \u2013 Revista de ocio, turismo y estilo de vida","og:type":"article","og:title":".-Los viajeros podr\u00e1n tener cita en 10 d\u00edas este verano para la vacunaci\u00f3n internacional | El Digital de Asturias","og:description":"Los viajeros podr\u00e1n tener cita en 10 d\u00edas para la vacunaci\u00f3n internacional este verano, seg\u00fan el plan de choque lanzado por la Secretar\u00eda de Estado de Administraciones P\u00fablicas, para atender a la concentraci\u00f3n de la demanda que se producen en los meses de verano y agilizar as\u00ed las vacunaciones. Las medidas adoptadas en este plan","og:url":"https:\/\/eldigitaldeasturias.com\/magazine365\/los-viajeros-podran-tener-cita-en-10-dias-este-verano-para-la-vacunacion-internacional\/","og:image":"https:\/\/eldigitaldeasturias.com\/magazine365\/wp-content\/uploads\/2015\/06\/fotonoticia_20150605155335_800.jpg","og:image:secure_url":"https:\/\/eldigitaldeasturias.com\/magazine365\/wp-content\/uploads\/2015\/06\/fotonoticia_20150605155335_800.jpg","og:image:width":800,"og:image:height":427,"article:published_time":"2015-06-06T03:21:28+00:00","article:modified_time":"2015-06-06T03:21:28+00:00","twitter:card":"summary_large_image","twitter:title":".-Los viajeros podr\u00e1n tener cita en 10 d\u00edas este verano para la vacunaci\u00f3n internacional | El Digital de Asturias","twitter:description":"Los viajeros podr\u00e1n tener cita en 10 d\u00edas para la vacunaci\u00f3n internacional este verano, seg\u00fan el plan de choque lanzado por la Secretar\u00eda de Estado de Administraciones P\u00fablicas, para atender a la concentraci\u00f3n de la demanda que se producen en los meses de verano y agilizar as\u00ed las vacunaciones. Las medidas adoptadas en este plan","twitter:image":"https:\/\/eldigitaldeasturias.com\/magazine365\/wp-content\/uploads\/2015\/06\/fotonoticia_20150605155335_800.jpg"},"aioseo_meta_data":{"post_id":"39001","title":null,"description":null,"keywords":null,"keyphrases":null,"primary_term":null,"canonical_url":null,"og_title":null,"og_description":null,"og_object_type":"default","og_image_type":"default","og_image_url":null,"og_image_width":null,"og_image_height":null,"og_image_custom_url":null,"og_image_custom_fields":null,"og_video":null,"og_custom_url":null,"og_article_section":null,"og_article_tags":null,"twitter_use_og":false,"twitter_card":"default","twitter_image_type":"default","twitter_image_url":null,"twitter_image_custom_url":null,"twitter_image_custom_fields":null,"twitter_title":null,"twitter_description":null,"schema":{"blockGraphs":[],"customGraphs":[],"default":{"data":{"Article":[],"Course":[],"Dataset":[],"FAQPage":[],"Movie":[],"Person":[],"Product":[],"ProductReview":[],"Car":[],"Recipe":[],"Service":[],"SoftwareApplication":[],"WebPage":[]},"graphName":"","isEnabled":true},"graphs":[],"defaultGraph":"","defaultPostTypeGraph":""},"schema_type":null,"schema_type_options":null,"pillar_content":false,"robots_default":true,"robots_noindex":false,"robots_noarchive":false,"robots_nosnippet":false,"robots_nofollow":false,"robots_noimageindex":false,"robots_noodp":false,"robots_notranslate":false,"robots_max_snippet":null,"robots_max_videopreview":null,"robots_max_imagepreview":"large","priority":null,"frequency":null,"location":null,"local_seo":null,"seo_analyzer_scan_date":"2025-09-19 10:45:24","breadcrumb_settings":null,"limit_modified_date":false,"open_ai":null,"ai":null,"created":"2021-03-09 02:46:43","updated":"2025-09-19 10:45:24"},"aioseo_breadcrumb":"<div class=\"aioseo-breadcrumbs\"><span class=\"aioseo-breadcrumb\">\n\t<a href=\"https:\/\/eldigitaldeasturias.com\/magazine365\" title=\"Home\">Home<\/a>\n<\/span><span class=\"aioseo-breadcrumb-separator\">\u2013<\/span><span class=\"aioseo-breadcrumb\">\n\t<a href=\"https:\/\/eldigitaldeasturias.com\/magazine365\/category\/actualidad-turismo\/\" title=\"Actualidad Turismo\">Actualidad Turismo<\/a>\n<\/span><span class=\"aioseo-breadcrumb-separator\">\u2013<\/span><span class=\"aioseo-breadcrumb\">\n\t<a href=\"https:\/\/eldigitaldeasturias.com\/magazine365\/los-viajeros-podran-tener-cita-en-10-dias-este-verano-para-la-vacunacion-internacional\/\" title=\".-Los viajeros podr\u00e1n tener cita en 10 d\u00edas este verano para la vacunaci\u00f3n internacional\">.-Los viajeros podr\u00e1n tener cita en 10 d\u00edas este verano para la vacunaci\u00f3n internacional<\/a>\n<\/span><\/div>","aioseo_breadcrumb_json":[{"label":"Home","link":"https:\/\/eldigitaldeasturias.com\/magazine365"},{"label":"Actualidad Turismo","link":"https:\/\/eldigitaldeasturias.com\/magazine365\/category\/actualidad-turismo\/"},{"label":".-Los viajeros podr\u00e1n tener cita en 10 d\u00edas este verano para la vacunaci\u00f3n internacional","link":"https:\/\/eldigitaldeasturias.com\/magazine365\/los-viajeros-podran-tener-cita-en-10-dias-este-verano-para-la-vacunacion-internacional\/"}],"_links":{"self":[{"href":"https:\/\/eldigitaldeasturias.com\/magazine365\/wp-json\/wp\/v2\/posts\/39001","targetHints":{"allow":["GET"]}}],"collection":[{"href":"https:\/\/eldigitaldeasturias.com\/magazine365\/wp-json\/wp\/v2\/posts"}],"about":[{"href":"https:\/\/eldigitaldeasturias.com\/magazine365\/wp-json\/wp\/v2\/types\/post"}],"author":[{"embeddable":true,"href":"https:\/\/eldigitaldeasturias.com\/magazine365\/wp-json\/wp\/v2\/users\/1"}],"replies":[{"embeddable":true,"href":"https:\/\/eldigitaldeasturias.com\/magazine365\/wp-json\/wp\/v2\/comments?post=39001"}],"version-history":[{"count":0,"href":"https:\/\/eldigitaldeasturias.com\/magazine365\/wp-json\/wp\/v2\/posts\/39001\/revisions"}],"wp:featuredmedia":[{"embeddable":true,"href":"https:\/\/eldigitaldeasturias.com\/magazine365\/wp-json\/wp\/v2\/media\/39002"}],"wp:attachment":[{"href":"https:\/\/eldigitaldeasturias.com\/magazine365\/wp-json\/wp\/v2\/media?parent=39001"}],"wp:term":[{"taxonomy":"category","embeddable":true,"href":"https:\/\/eldigitaldeasturias.com\/magazine365\/wp-json\/wp\/v2\/categories?post=39001"},{"taxonomy":"post_tag","embeddable":true,"href":"https:\/\/eldigitaldeasturias.com\/magazine365\/wp-json\/wp\/v2\/tags?post=39001"}],"curies":[{"name":"wp","href":"https:\/\/api.w.org\/{rel}","templated":true}]}}