{"id":38998,"date":"2015-06-06T04:49:42","date_gmt":"2015-06-06T03:19:42","guid":{"rendered":"http:\/\/eldigitaldeasturias.com\/magazine365\/?p=38998"},"modified":"2015-06-06T04:49:42","modified_gmt":"2015-06-06T03:19:42","slug":"la-feria-de-la-caza-pesca-y-turismo-rural-abre-sus-puertas-en-jerez","status":"publish","type":"post","link":"https:\/\/eldigitaldeasturias.com\/magazine365\/la-feria-de-la-caza-pesca-y-turismo-rural-abre-sus-puertas-en-jerez\/","title":{"rendered":"La Feria de la Caza, Pesca y Turismo Rural abre sus puertas en Jerez"},"content":{"rendered":"<p><img fetchpriority=\"high\" decoding=\"async\" class=\"alignleft size-medium wp-image-38999\" src=\"https:\/\/eldigitaldeasturias.com\/magazine365\/wp-content\/uploads\/2015\/06\/fotonoticia_20150605151521_800-360x239.jpg\" alt=\"fotonoticia_20150605151521_800\" width=\"360\" height=\"239\" srcset=\"https:\/\/eldigitaldeasturias.com\/magazine365\/wp-content\/uploads\/2015\/06\/fotonoticia_20150605151521_800-360x239.jpg 360w, https:\/\/eldigitaldeasturias.com\/magazine365\/wp-content\/uploads\/2015\/06\/fotonoticia_20150605151521_800-650x432.jpg 650w, https:\/\/eldigitaldeasturias.com\/magazine365\/wp-content\/uploads\/2015\/06\/fotonoticia_20150605151521_800-768x511.jpg 768w, https:\/\/eldigitaldeasturias.com\/magazine365\/wp-content\/uploads\/2015\/06\/fotonoticia_20150605151521_800-150x100.jpg 150w, https:\/\/eldigitaldeasturias.com\/magazine365\/wp-content\/uploads\/2015\/06\/fotonoticia_20150605151521_800-450x299.jpg 450w, https:\/\/eldigitaldeasturias.com\/magazine365\/wp-content\/uploads\/2015\/06\/fotonoticia_20150605151521_800-696x463.jpg 696w, https:\/\/eldigitaldeasturias.com\/magazine365\/wp-content\/uploads\/2015\/06\/fotonoticia_20150605151521_800-632x420.jpg 632w, https:\/\/eldigitaldeasturias.com\/magazine365\/wp-content\/uploads\/2015\/06\/fotonoticia_20150605151521_800-84x55.jpg 84w, https:\/\/eldigitaldeasturias.com\/magazine365\/wp-content\/uploads\/2015\/06\/fotonoticia_20150605151521_800.jpg 800w\" sizes=\"(max-width: 360px) 100vw, 360px\" \/>La Instituci\u00f3n Ferial de C\u00e1diz (Ifeca), dependiente de la Diputaci\u00f3n, acoge desde este viernes la Feria de la Caza, Pesca y Turismo Rural, que permanecer\u00e1 abierta en Jerez de la Frontera hasta este domingo con un amplio programa de actividades para todos los p\u00fablicos y 45 expositores.<\/p>\n<p>Seg\u00fan explica la Diputaci\u00f3n en una nota, al acto de apertura han asistido el delegado territorial de Agricultura, Pesca y Medio Ambiente de la Junta en C\u00e1diz, Federico Fern\u00e1ndez; la delegada municipal de Medio Rural en funciones del Ayuntamiento de Jerez, Susana S\u00e1nchez; el director general de Ifeca, Aurelio S\u00e1nchez, y el responsable de la Comandancia de C\u00e1diz de la Guardia Civil, coronel Alfonso Rodr\u00edguez Castillo.<\/p>\n<p>\u00abEl hecho de ser C\u00e1diz la provincia espa\u00f1ola con mayor oferta del binomio caza-pesca de toda Europa, mueve a que el objetivo de esta feria sea la promoci\u00f3n de las disciplinas deportivas de ocio y naturaleza para convertirlas en un producto tur\u00edstico que materialice su potencial econ\u00f3mico\u00bb, ha explicado Aurelio S\u00e1nchez.<\/p>\n<p>No en vano, la provincia cuenta con m\u00e1s de 800 cotos de caza. Adem\u00e1s, sus m\u00e1s de 250 kil\u00f3metros de costa y condiciones clim\u00e1ticas \u00abhacen que cada d\u00eda la pesca vaya ganando aficionados en sus diferentes modalidades\u00bb.<\/p>\n<p>Otro hecho destacable es que la mitad de la superficie de la provincia es parque natural y un importante punto en las rutas migratorias en Europa y \u00c1frica, sin olvidar la amplia variedad de paisajes que permiten la pr\u00e1ctica de todo tipo de deportes relacionados con la naturaleza.<\/p>\n<p>M\u00c1S DE DIEZ MILLONES DE EUROS ANUALES.<\/p>\n<p>Por su parte, Federico Fern\u00e1ndez ha destacado la importancia de la caza como un elemento clave en la conservaci\u00f3n de ecosistemas y como uno de los recursos econ\u00f3micos m\u00e1s importantes con los que cuenta la provincia, con un valor productivo superior a los 10,6 millones de euros anuales y la generaci\u00f3n de m\u00e1s de 7.000 jornales.<\/p>\n<p>Resalta que en tres cuartas partes de la provincia existe una gesti\u00f3n cineg\u00e9tica. \u00abSi miramos la caza como una herramienta de gesti\u00f3n ecol\u00f3gica de control de poblaciones tenemos una poderosa herramienta para intervenir en el territorio y en el paisaje\u00bb.<\/p>\n<p>En este sentido, ha detallado que \u00abcon los problemas de regeneraci\u00f3n que tiene en la actualidad el alcornocal debido fundamentalmente a la carga de herb\u00edvoros, este control cineg\u00e9tico es una pieza clave en la soluci\u00f3n del problema y, por tanto, se hace necesario el cambio de mentalidad de una actividad cineg\u00e9tica de cantidad a una de calidad. M\u00e1xime cuando existen 20.000 licencias de caza en la provincia y una enorme experiencia y profesionalizaci\u00f3n del colectivo, lo que hace que sean un elemento clave para hacer factible este objetivo\u00bb.<\/p>\n<p>Al hilo de esto, ha hecho hincapi\u00e9 en que \u00abes inevitable que el colectivo de cazadores y la Administraci\u00f3n ambiental caminen de la mano para alcanzar objetivos comunes, implantando modelos que permitan el disfrute de la actividad por parte de los aficionados a la caza pero que a la vez ayuden al mantenimiento de la riqueza natural de nuestros campos\u00bb.<\/p>\n<p>La feria ha programado numerosas actividades complementarias, entre las que destacan exposiciones de fauna internacional, especies de caza mayor y menor en vivo y disecados, trofeos de caza, armas, embarcaciones, silvestrismo, fotograf\u00edas y una amplia muestra de especies y artes de capturas prohibidas en el estand del Seprona. Habr\u00e1 tambi\u00e9n exhibiciones de tiro con arco y de tiro con armas de aire comprimido, gracias a la colaboraci\u00f3n de la Federaci\u00f3n Andaluza de Tiro Ol\u00edmpico.<\/p>\n<p>Para el aprendizaje habr\u00e1 talleres de juegos educativos, esculturas de barro, pesca en la modalidad de corcheo-mar, fabricaci\u00f3n de plomo y se\u00f1uelos de vinilo, identificaci\u00f3n de especies y modalidades de caza, buenas pr\u00e1cticas y consumo responsable, cet\u00e1ceos, sal y recuperaci\u00f3n de salinas, armero, nudos, buceo deportivo y taxidermia.<\/p>\n<p>En la feria se exhibir\u00e1n animales vivos, como ciervos, gamos, muflones, conejos, faisanes, codornices, patos, pavos reales, burros y llamas. Por otro lado, en torno a las 13,30 horas de cada uno de los tres d\u00edas, se desarrollar\u00e1n espect\u00e1culos de cocina, teniendo como protagonista productos de la provincia como son el at\u00fan, los quesos y la carne de caza.<\/p>\n<p>Igualmente, la feria contar\u00e1 con otras actividades de car\u00e1cter m\u00e1s t\u00e9cnico como la reuni\u00f3n de titulares de cotos de caza de la provincia de C\u00e1diz bajo el auspicio de la Junta, as\u00ed como una conferencia sobre la caza con arco.<\/p>\n<p>Adem\u00e1s, en el recinto se instalar\u00e1 una galer\u00eda de tiro con armas de aire comprimido, coordinado por miembros de la Federaci\u00f3n Andaluza de Tiro Ol\u00edmpico, y una cancha de tiro con arco. Ambas actividades, al igual que el resto, estar\u00e1n a disposici\u00f3n del p\u00fablico asistente.<\/p>\n<p>El programa se completa con exhibiciones de perros de agua de raza espa\u00f1ola, un Concurso morfol\u00f3gico de manetos y podencos andaluces, carreras de galgos con liebre mec\u00e1nica, un concurso de silvestrismo, de fotograf\u00eda y los cursos oficiales para la obtenci\u00f3n de licencias de caza y de pesca continental.<\/p>\n","protected":false},"excerpt":{"rendered":"<p>La Instituci\u00f3n Ferial de C\u00e1diz (Ifeca), dependiente de la Diputaci\u00f3n, acoge desde este viernes la Feria de la Caza, Pesca y Turismo Rural, que permanecer\u00e1 abierta en Jerez de la Frontera hasta este domingo con un amplio programa de actividades para todos los p\u00fablicos y 45 expositores. Seg\u00fan explica la Diputaci\u00f3n en una nota, al<\/p>\n","protected":false},"author":1,"featured_media":38999,"comment_status":"open","ping_status":"closed","sticky":false,"template":"","format":"standard","meta":{"footnotes":""},"categories":[222],"tags":[],"class_list":{"0":"post-38998","1":"post","2":"type-post","3":"status-publish","4":"format-standard","5":"has-post-thumbnail","7":"category-actualidad-turismo"},"aioseo_notices":[],"aioseo_head":"\n\t\t<!-- All in One SEO Pro 4.9.6.1 - aioseo.com -->\n\t<meta name=\"description\" content=\"La Instituci\u00f3n Ferial de C\u00e1diz (Ifeca), dependiente de la Diputaci\u00f3n, acoge desde este viernes la Feria de la Caza, Pesca y Turismo Rural, que permanecer\u00e1 abierta en Jerez de la Frontera hasta este domingo con un amplio programa de actividades para todos los p\u00fablicos y 45 expositores. Seg\u00fan explica la Diputaci\u00f3n en una nota, al\" \/>\n\t<meta name=\"robots\" content=\"max-image-preview:large\" \/>\n\t<meta name=\"author\" content=\"admin\"\/>\n\t<meta name=\"google-site-verification\" content=\"UA-38556648-1\" \/>\n\t<meta name=\"keywords\" content=\"actualidad turismo\" \/>\n\t<link rel=\"canonical\" href=\"https:\/\/eldigitaldeasturias.com\/magazine365\/la-feria-de-la-caza-pesca-y-turismo-rural-abre-sus-puertas-en-jerez\/\" \/>\n\t<meta name=\"generator\" content=\"All in One SEO Pro (AIOSEO) 4.9.6.1\" \/>\n\t\t<meta property=\"og:locale\" content=\"es_ES\" \/>\n\t\t<meta property=\"og:site_name\" content=\"El Digital de Asturias \u2013 Revista de ocio, turismo y estilo de vida\" \/>\n\t\t<meta property=\"og:type\" content=\"article\" \/>\n\t\t<meta property=\"og:title\" content=\"La Feria de la Caza, Pesca y Turismo Rural abre sus puertas en Jerez | El Digital de Asturias\" \/>\n\t\t<meta property=\"og:description\" content=\"La Instituci\u00f3n Ferial de C\u00e1diz (Ifeca), dependiente de la Diputaci\u00f3n, acoge desde este viernes la Feria de la Caza, Pesca y Turismo Rural, que permanecer\u00e1 abierta en Jerez de la Frontera hasta este domingo con un amplio programa de actividades para todos los p\u00fablicos y 45 expositores. Seg\u00fan explica la Diputaci\u00f3n en una nota, al\" \/>\n\t\t<meta property=\"og:url\" content=\"https:\/\/eldigitaldeasturias.com\/magazine365\/la-feria-de-la-caza-pesca-y-turismo-rural-abre-sus-puertas-en-jerez\/\" \/>\n\t\t<meta property=\"og:image\" content=\"https:\/\/eldigitaldeasturias.com\/magazine365\/wp-content\/uploads\/2015\/06\/fotonoticia_20150605151521_800.jpg\" \/>\n\t\t<meta property=\"og:image:secure_url\" content=\"https:\/\/eldigitaldeasturias.com\/magazine365\/wp-content\/uploads\/2015\/06\/fotonoticia_20150605151521_800.jpg\" \/>\n\t\t<meta property=\"og:image:width\" content=\"800\" \/>\n\t\t<meta property=\"og:image:height\" content=\"532\" \/>\n\t\t<meta property=\"article:published_time\" content=\"2015-06-06T03:19:42+00:00\" \/>\n\t\t<meta property=\"article:modified_time\" content=\"2015-06-06T03:19:42+00:00\" \/>\n\t\t<meta name=\"twitter:card\" content=\"summary_large_image\" \/>\n\t\t<meta name=\"twitter:title\" content=\"La Feria de la Caza, Pesca y Turismo Rural abre sus puertas en Jerez | El Digital de Asturias\" \/>\n\t\t<meta name=\"twitter:description\" content=\"La Instituci\u00f3n Ferial de C\u00e1diz (Ifeca), dependiente de la Diputaci\u00f3n, acoge desde este viernes la Feria de la Caza, Pesca y Turismo Rural, que permanecer\u00e1 abierta en Jerez de la Frontera hasta este domingo con un amplio programa de actividades para todos los p\u00fablicos y 45 expositores. Seg\u00fan explica la Diputaci\u00f3n en una nota, al\" \/>\n\t\t<meta name=\"twitter:image\" content=\"https:\/\/eldigitaldeasturias.com\/magazine365\/wp-content\/uploads\/2015\/06\/fotonoticia_20150605151521_800.jpg\" \/>\n\t\t<script type=\"application\/ld+json\" class=\"aioseo-schema\">\n\t\t\t{\"@context\":\"https:\\\/\\\/schema.org\",\"@graph\":[{\"@type\":\"Article\",\"@id\":\"https:\\\/\\\/eldigitaldeasturias.com\\\/magazine365\\\/la-feria-de-la-caza-pesca-y-turismo-rural-abre-sus-puertas-en-jerez\\\/#article\",\"name\":\"La Feria de la Caza, Pesca y Turismo Rural abre sus puertas en Jerez | El Digital de Asturias\",\"headline\":\"La Feria de la Caza, Pesca y Turismo Rural abre sus puertas en Jerez\",\"author\":{\"@id\":\"https:\\\/\\\/eldigitaldeasturias.com\\\/magazine365\\\/author\\\/admin\\\/#author\"},\"publisher\":{\"@id\":\"https:\\\/\\\/eldigitaldeasturias.com\\\/magazine365\\\/#organization\"},\"image\":{\"@type\":\"ImageObject\",\"url\":\"https:\\\/\\\/eldigitaldeasturias.com\\\/magazine365\\\/wp-content\\\/uploads\\\/2015\\\/06\\\/fotonoticia_20150605151521_800.jpg\",\"width\":800,\"height\":532},\"datePublished\":\"2015-06-06T04:49:42+02:00\",\"dateModified\":\"2015-06-06T04:49:42+02:00\",\"inLanguage\":\"es-ES\",\"mainEntityOfPage\":{\"@id\":\"https:\\\/\\\/eldigitaldeasturias.com\\\/magazine365\\\/la-feria-de-la-caza-pesca-y-turismo-rural-abre-sus-puertas-en-jerez\\\/#webpage\"},\"isPartOf\":{\"@id\":\"https:\\\/\\\/eldigitaldeasturias.com\\\/magazine365\\\/la-feria-de-la-caza-pesca-y-turismo-rural-abre-sus-puertas-en-jerez\\\/#webpage\"},\"articleSection\":\"Actualidad Turismo\"},{\"@type\":\"BreadcrumbList\",\"@id\":\"https:\\\/\\\/eldigitaldeasturias.com\\\/magazine365\\\/la-feria-de-la-caza-pesca-y-turismo-rural-abre-sus-puertas-en-jerez\\\/#breadcrumblist\",\"itemListElement\":[{\"@type\":\"ListItem\",\"@id\":\"https:\\\/\\\/eldigitaldeasturias.com\\\/magazine365#listItem\",\"position\":1,\"name\":\"Home\",\"item\":\"https:\\\/\\\/eldigitaldeasturias.com\\\/magazine365\",\"nextItem\":{\"@type\":\"ListItem\",\"@id\":\"https:\\\/\\\/eldigitaldeasturias.com\\\/magazine365\\\/category\\\/actualidad-turismo\\\/#listItem\",\"name\":\"Actualidad Turismo\"}},{\"@type\":\"ListItem\",\"@id\":\"https:\\\/\\\/eldigitaldeasturias.com\\\/magazine365\\\/category\\\/actualidad-turismo\\\/#listItem\",\"position\":2,\"name\":\"Actualidad Turismo\",\"item\":\"https:\\\/\\\/eldigitaldeasturias.com\\\/magazine365\\\/category\\\/actualidad-turismo\\\/\",\"nextItem\":{\"@type\":\"ListItem\",\"@id\":\"https:\\\/\\\/eldigitaldeasturias.com\\\/magazine365\\\/la-feria-de-la-caza-pesca-y-turismo-rural-abre-sus-puertas-en-jerez\\\/#listItem\",\"name\":\"La Feria de la Caza, Pesca y Turismo Rural abre sus puertas en Jerez\"},\"previousItem\":{\"@type\":\"ListItem\",\"@id\":\"https:\\\/\\\/eldigitaldeasturias.com\\\/magazine365#listItem\",\"name\":\"Home\"}},{\"@type\":\"ListItem\",\"@id\":\"https:\\\/\\\/eldigitaldeasturias.com\\\/magazine365\\\/la-feria-de-la-caza-pesca-y-turismo-rural-abre-sus-puertas-en-jerez\\\/#listItem\",\"position\":3,\"name\":\"La Feria de la Caza, Pesca y Turismo Rural abre sus puertas en Jerez\",\"previousItem\":{\"@type\":\"ListItem\",\"@id\":\"https:\\\/\\\/eldigitaldeasturias.com\\\/magazine365\\\/category\\\/actualidad-turismo\\\/#listItem\",\"name\":\"Actualidad Turismo\"}}]},{\"@type\":\"Organization\",\"@id\":\"https:\\\/\\\/eldigitaldeasturias.com\\\/magazine365\\\/#organization\",\"name\":\"El digital de Asturias\",\"description\":\"Revista de ocio, turismo y estilo de vida\",\"url\":\"https:\\\/\\\/eldigitaldeasturias.com\\\/magazine365\\\/\",\"logo\":{\"@type\":\"ImageObject\",\"url\":\"https:\\\/\\\/www.eldigitaldeasturias.com\\\/noticias\\\/wp-content\\\/uploads\\\/2020\\\/12\\\/EDA.jpg\",\"@id\":\"https:\\\/\\\/eldigitaldeasturias.com\\\/magazine365\\\/la-feria-de-la-caza-pesca-y-turismo-rural-abre-sus-puertas-en-jerez\\\/#organizationLogo\"},\"image\":{\"@id\":\"https:\\\/\\\/eldigitaldeasturias.com\\\/magazine365\\\/la-feria-de-la-caza-pesca-y-turismo-rural-abre-sus-puertas-en-jerez\\\/#organizationLogo\"}},{\"@type\":\"Person\",\"@id\":\"https:\\\/\\\/eldigitaldeasturias.com\\\/magazine365\\\/author\\\/admin\\\/#author\",\"url\":\"https:\\\/\\\/eldigitaldeasturias.com\\\/magazine365\\\/author\\\/admin\\\/\",\"name\":\"admin\",\"image\":{\"@type\":\"ImageObject\",\"@id\":\"https:\\\/\\\/eldigitaldeasturias.com\\\/magazine365\\\/la-feria-de-la-caza-pesca-y-turismo-rural-abre-sus-puertas-en-jerez\\\/#authorImage\",\"url\":\"https:\\\/\\\/eldigitaldeasturias.com\\\/magazine365\\\/wp-content\\\/litespeed\\\/avatar\\\/e571bcf59a0edd6fa6838245a470f2fe.jpg?ver=1776969259\",\"width\":96,\"height\":96,\"caption\":\"admin\"}},{\"@type\":\"WebPage\",\"@id\":\"https:\\\/\\\/eldigitaldeasturias.com\\\/magazine365\\\/la-feria-de-la-caza-pesca-y-turismo-rural-abre-sus-puertas-en-jerez\\\/#webpage\",\"url\":\"https:\\\/\\\/eldigitaldeasturias.com\\\/magazine365\\\/la-feria-de-la-caza-pesca-y-turismo-rural-abre-sus-puertas-en-jerez\\\/\",\"name\":\"La Feria de la Caza, Pesca y Turismo Rural abre sus puertas en Jerez | El Digital de Asturias\",\"description\":\"La Instituci\\u00f3n Ferial de C\\u00e1diz (Ifeca), dependiente de la Diputaci\\u00f3n, acoge desde este viernes la Feria de la Caza, Pesca y Turismo Rural, que permanecer\\u00e1 abierta en Jerez de la Frontera hasta este domingo con un amplio programa de actividades para todos los p\\u00fablicos y 45 expositores. Seg\\u00fan explica la Diputaci\\u00f3n en una nota, al\",\"inLanguage\":\"es-ES\",\"isPartOf\":{\"@id\":\"https:\\\/\\\/eldigitaldeasturias.com\\\/magazine365\\\/#website\"},\"breadcrumb\":{\"@id\":\"https:\\\/\\\/eldigitaldeasturias.com\\\/magazine365\\\/la-feria-de-la-caza-pesca-y-turismo-rural-abre-sus-puertas-en-jerez\\\/#breadcrumblist\"},\"author\":{\"@id\":\"https:\\\/\\\/eldigitaldeasturias.com\\\/magazine365\\\/author\\\/admin\\\/#author\"},\"creator\":{\"@id\":\"https:\\\/\\\/eldigitaldeasturias.com\\\/magazine365\\\/author\\\/admin\\\/#author\"},\"image\":{\"@type\":\"ImageObject\",\"url\":\"https:\\\/\\\/eldigitaldeasturias.com\\\/magazine365\\\/wp-content\\\/uploads\\\/2015\\\/06\\\/fotonoticia_20150605151521_800.jpg\",\"@id\":\"https:\\\/\\\/eldigitaldeasturias.com\\\/magazine365\\\/la-feria-de-la-caza-pesca-y-turismo-rural-abre-sus-puertas-en-jerez\\\/#mainImage\",\"width\":800,\"height\":532},\"primaryImageOfPage\":{\"@id\":\"https:\\\/\\\/eldigitaldeasturias.com\\\/magazine365\\\/la-feria-de-la-caza-pesca-y-turismo-rural-abre-sus-puertas-en-jerez\\\/#mainImage\"},\"datePublished\":\"2015-06-06T04:49:42+02:00\",\"dateModified\":\"2015-06-06T04:49:42+02:00\"},{\"@type\":\"WebSite\",\"@id\":\"https:\\\/\\\/eldigitaldeasturias.com\\\/magazine365\\\/#website\",\"url\":\"https:\\\/\\\/eldigitaldeasturias.com\\\/magazine365\\\/\",\"name\":\"El Digital de Asturias\",\"description\":\"Revista de ocio, turismo y estilo de vida\",\"inLanguage\":\"es-ES\",\"publisher\":{\"@id\":\"https:\\\/\\\/eldigitaldeasturias.com\\\/magazine365\\\/#organization\"}}]}\n\t\t<\/script>\n\t\t<!-- All in One SEO Pro -->\r\n\t\t<title>La Feria de la Caza, Pesca y Turismo Rural abre sus puertas en Jerez | El Digital de Asturias<\/title>\n\n","aioseo_head_json":{"title":"La Feria de la Caza, Pesca y Turismo Rural abre sus puertas en Jerez | El Digital de Asturias","description":"La Instituci\u00f3n Ferial de C\u00e1diz (Ifeca), dependiente de la Diputaci\u00f3n, acoge desde este viernes la Feria de la Caza, Pesca y Turismo Rural, que permanecer\u00e1 abierta en Jerez de la Frontera hasta este domingo con un amplio programa de actividades para todos los p\u00fablicos y 45 expositores. Seg\u00fan explica la Diputaci\u00f3n en una nota, al","canonical_url":"https:\/\/eldigitaldeasturias.com\/magazine365\/la-feria-de-la-caza-pesca-y-turismo-rural-abre-sus-puertas-en-jerez\/","robots":"max-image-preview:large","keywords":"actualidad turismo","webmasterTools":{"google-site-verification":"UA-38556648-1","miscellaneous":""},"schema":{"@context":"https:\/\/schema.org","@graph":[{"@type":"Article","@id":"https:\/\/eldigitaldeasturias.com\/magazine365\/la-feria-de-la-caza-pesca-y-turismo-rural-abre-sus-puertas-en-jerez\/#article","name":"La Feria de la Caza, Pesca y Turismo Rural abre sus puertas en Jerez | El Digital de Asturias","headline":"La Feria de la Caza, Pesca y Turismo Rural abre sus puertas en Jerez","author":{"@id":"https:\/\/eldigitaldeasturias.com\/magazine365\/author\/admin\/#author"},"publisher":{"@id":"https:\/\/eldigitaldeasturias.com\/magazine365\/#organization"},"image":{"@type":"ImageObject","url":"https:\/\/eldigitaldeasturias.com\/magazine365\/wp-content\/uploads\/2015\/06\/fotonoticia_20150605151521_800.jpg","width":800,"height":532},"datePublished":"2015-06-06T04:49:42+02:00","dateModified":"2015-06-06T04:49:42+02:00","inLanguage":"es-ES","mainEntityOfPage":{"@id":"https:\/\/eldigitaldeasturias.com\/magazine365\/la-feria-de-la-caza-pesca-y-turismo-rural-abre-sus-puertas-en-jerez\/#webpage"},"isPartOf":{"@id":"https:\/\/eldigitaldeasturias.com\/magazine365\/la-feria-de-la-caza-pesca-y-turismo-rural-abre-sus-puertas-en-jerez\/#webpage"},"articleSection":"Actualidad Turismo"},{"@type":"BreadcrumbList","@id":"https:\/\/eldigitaldeasturias.com\/magazine365\/la-feria-de-la-caza-pesca-y-turismo-rural-abre-sus-puertas-en-jerez\/#breadcrumblist","itemListElement":[{"@type":"ListItem","@id":"https:\/\/eldigitaldeasturias.com\/magazine365#listItem","position":1,"name":"Home","item":"https:\/\/eldigitaldeasturias.com\/magazine365","nextItem":{"@type":"ListItem","@id":"https:\/\/eldigitaldeasturias.com\/magazine365\/category\/actualidad-turismo\/#listItem","name":"Actualidad Turismo"}},{"@type":"ListItem","@id":"https:\/\/eldigitaldeasturias.com\/magazine365\/category\/actualidad-turismo\/#listItem","position":2,"name":"Actualidad Turismo","item":"https:\/\/eldigitaldeasturias.com\/magazine365\/category\/actualidad-turismo\/","nextItem":{"@type":"ListItem","@id":"https:\/\/eldigitaldeasturias.com\/magazine365\/la-feria-de-la-caza-pesca-y-turismo-rural-abre-sus-puertas-en-jerez\/#listItem","name":"La Feria de la Caza, Pesca y Turismo Rural abre sus puertas en Jerez"},"previousItem":{"@type":"ListItem","@id":"https:\/\/eldigitaldeasturias.com\/magazine365#listItem","name":"Home"}},{"@type":"ListItem","@id":"https:\/\/eldigitaldeasturias.com\/magazine365\/la-feria-de-la-caza-pesca-y-turismo-rural-abre-sus-puertas-en-jerez\/#listItem","position":3,"name":"La Feria de la Caza, Pesca y Turismo Rural abre sus puertas en Jerez","previousItem":{"@type":"ListItem","@id":"https:\/\/eldigitaldeasturias.com\/magazine365\/category\/actualidad-turismo\/#listItem","name":"Actualidad Turismo"}}]},{"@type":"Organization","@id":"https:\/\/eldigitaldeasturias.com\/magazine365\/#organization","name":"El digital de Asturias","description":"Revista de ocio, turismo y estilo de vida","url":"https:\/\/eldigitaldeasturias.com\/magazine365\/","logo":{"@type":"ImageObject","url":"https:\/\/www.eldigitaldeasturias.com\/noticias\/wp-content\/uploads\/2020\/12\/EDA.jpg","@id":"https:\/\/eldigitaldeasturias.com\/magazine365\/la-feria-de-la-caza-pesca-y-turismo-rural-abre-sus-puertas-en-jerez\/#organizationLogo"},"image":{"@id":"https:\/\/eldigitaldeasturias.com\/magazine365\/la-feria-de-la-caza-pesca-y-turismo-rural-abre-sus-puertas-en-jerez\/#organizationLogo"}},{"@type":"Person","@id":"https:\/\/eldigitaldeasturias.com\/magazine365\/author\/admin\/#author","url":"https:\/\/eldigitaldeasturias.com\/magazine365\/author\/admin\/","name":"admin","image":{"@type":"ImageObject","@id":"https:\/\/eldigitaldeasturias.com\/magazine365\/la-feria-de-la-caza-pesca-y-turismo-rural-abre-sus-puertas-en-jerez\/#authorImage","url":"https:\/\/eldigitaldeasturias.com\/magazine365\/wp-content\/litespeed\/avatar\/e571bcf59a0edd6fa6838245a470f2fe.jpg?ver=1776969259","width":96,"height":96,"caption":"admin"}},{"@type":"WebPage","@id":"https:\/\/eldigitaldeasturias.com\/magazine365\/la-feria-de-la-caza-pesca-y-turismo-rural-abre-sus-puertas-en-jerez\/#webpage","url":"https:\/\/eldigitaldeasturias.com\/magazine365\/la-feria-de-la-caza-pesca-y-turismo-rural-abre-sus-puertas-en-jerez\/","name":"La Feria de la Caza, Pesca y Turismo Rural abre sus puertas en Jerez | El Digital de Asturias","description":"La Instituci\u00f3n Ferial de C\u00e1diz (Ifeca), dependiente de la Diputaci\u00f3n, acoge desde este viernes la Feria de la Caza, Pesca y Turismo Rural, que permanecer\u00e1 abierta en Jerez de la Frontera hasta este domingo con un amplio programa de actividades para todos los p\u00fablicos y 45 expositores. Seg\u00fan explica la Diputaci\u00f3n en una nota, al","inLanguage":"es-ES","isPartOf":{"@id":"https:\/\/eldigitaldeasturias.com\/magazine365\/#website"},"breadcrumb":{"@id":"https:\/\/eldigitaldeasturias.com\/magazine365\/la-feria-de-la-caza-pesca-y-turismo-rural-abre-sus-puertas-en-jerez\/#breadcrumblist"},"author":{"@id":"https:\/\/eldigitaldeasturias.com\/magazine365\/author\/admin\/#author"},"creator":{"@id":"https:\/\/eldigitaldeasturias.com\/magazine365\/author\/admin\/#author"},"image":{"@type":"ImageObject","url":"https:\/\/eldigitaldeasturias.com\/magazine365\/wp-content\/uploads\/2015\/06\/fotonoticia_20150605151521_800.jpg","@id":"https:\/\/eldigitaldeasturias.com\/magazine365\/la-feria-de-la-caza-pesca-y-turismo-rural-abre-sus-puertas-en-jerez\/#mainImage","width":800,"height":532},"primaryImageOfPage":{"@id":"https:\/\/eldigitaldeasturias.com\/magazine365\/la-feria-de-la-caza-pesca-y-turismo-rural-abre-sus-puertas-en-jerez\/#mainImage"},"datePublished":"2015-06-06T04:49:42+02:00","dateModified":"2015-06-06T04:49:42+02:00"},{"@type":"WebSite","@id":"https:\/\/eldigitaldeasturias.com\/magazine365\/#website","url":"https:\/\/eldigitaldeasturias.com\/magazine365\/","name":"El Digital de Asturias","description":"Revista de ocio, turismo y estilo de vida","inLanguage":"es-ES","publisher":{"@id":"https:\/\/eldigitaldeasturias.com\/magazine365\/#organization"}}]},"og:locale":"es_ES","og:site_name":"El Digital de Asturias \u2013 Revista de ocio, turismo y estilo de vida","og:type":"article","og:title":"La Feria de la Caza, Pesca y Turismo Rural abre sus puertas en Jerez | El Digital de Asturias","og:description":"La Instituci\u00f3n Ferial de C\u00e1diz (Ifeca), dependiente de la Diputaci\u00f3n, acoge desde este viernes la Feria de la Caza, Pesca y Turismo Rural, que permanecer\u00e1 abierta en Jerez de la Frontera hasta este domingo con un amplio programa de actividades para todos los p\u00fablicos y 45 expositores. Seg\u00fan explica la Diputaci\u00f3n en una nota, al","og:url":"https:\/\/eldigitaldeasturias.com\/magazine365\/la-feria-de-la-caza-pesca-y-turismo-rural-abre-sus-puertas-en-jerez\/","og:image":"https:\/\/eldigitaldeasturias.com\/magazine365\/wp-content\/uploads\/2015\/06\/fotonoticia_20150605151521_800.jpg","og:image:secure_url":"https:\/\/eldigitaldeasturias.com\/magazine365\/wp-content\/uploads\/2015\/06\/fotonoticia_20150605151521_800.jpg","og:image:width":800,"og:image:height":532,"article:published_time":"2015-06-06T03:19:42+00:00","article:modified_time":"2015-06-06T03:19:42+00:00","twitter:card":"summary_large_image","twitter:title":"La Feria de la Caza, Pesca y Turismo Rural abre sus puertas en Jerez | El Digital de Asturias","twitter:description":"La Instituci\u00f3n Ferial de C\u00e1diz (Ifeca), dependiente de la Diputaci\u00f3n, acoge desde este viernes la Feria de la Caza, Pesca y Turismo Rural, que permanecer\u00e1 abierta en Jerez de la Frontera hasta este domingo con un amplio programa de actividades para todos los p\u00fablicos y 45 expositores. Seg\u00fan explica la Diputaci\u00f3n en una nota, al","twitter:image":"https:\/\/eldigitaldeasturias.com\/magazine365\/wp-content\/uploads\/2015\/06\/fotonoticia_20150605151521_800.jpg"},"aioseo_meta_data":{"post_id":"38998","title":null,"description":null,"keywords":null,"keyphrases":null,"primary_term":null,"canonical_url":null,"og_title":null,"og_description":null,"og_object_type":"default","og_image_type":"default","og_image_url":null,"og_image_width":null,"og_image_height":null,"og_image_custom_url":null,"og_image_custom_fields":null,"og_video":null,"og_custom_url":null,"og_article_section":null,"og_article_tags":null,"twitter_use_og":false,"twitter_card":"default","twitter_image_type":"default","twitter_image_url":null,"twitter_image_custom_url":null,"twitter_image_custom_fields":null,"twitter_title":null,"twitter_description":null,"schema":{"blockGraphs":[],"customGraphs":[],"default":{"data":{"Article":[],"Course":[],"Dataset":[],"FAQPage":[],"Movie":[],"Person":[],"Product":[],"ProductReview":[],"Car":[],"Recipe":[],"Service":[],"SoftwareApplication":[],"WebPage":[]},"graphName":"","isEnabled":true},"graphs":[]},"schema_type":null,"schema_type_options":null,"pillar_content":false,"robots_default":true,"robots_noindex":false,"robots_noarchive":false,"robots_nosnippet":false,"robots_nofollow":false,"robots_noimageindex":false,"robots_noodp":false,"robots_notranslate":false,"robots_max_snippet":null,"robots_max_videopreview":null,"robots_max_imagepreview":"large","priority":null,"frequency":null,"location":null,"local_seo":null,"seo_analyzer_scan_date":"2025-09-19 10:45:23","breadcrumb_settings":null,"limit_modified_date":false,"open_ai":null,"ai":null,"created":"2021-03-09 02:46:43","updated":"2025-09-19 10:45:23"},"aioseo_breadcrumb":"<div class=\"aioseo-breadcrumbs\"><span class=\"aioseo-breadcrumb\">\n\t<a href=\"https:\/\/eldigitaldeasturias.com\/magazine365\" title=\"Home\">Home<\/a>\n<\/span><span class=\"aioseo-breadcrumb-separator\">\u2013<\/span><span class=\"aioseo-breadcrumb\">\n\t<a href=\"https:\/\/eldigitaldeasturias.com\/magazine365\/category\/actualidad-turismo\/\" title=\"Actualidad Turismo\">Actualidad Turismo<\/a>\n<\/span><span class=\"aioseo-breadcrumb-separator\">\u2013<\/span><span class=\"aioseo-breadcrumb\">\n\t<a href=\"https:\/\/eldigitaldeasturias.com\/magazine365\/la-feria-de-la-caza-pesca-y-turismo-rural-abre-sus-puertas-en-jerez\/\" title=\"La Feria de la Caza, Pesca y Turismo Rural abre sus puertas en Jerez\">La Feria de la Caza, Pesca y Turismo Rural abre sus puertas en Jerez<\/a>\n<\/span><\/div>","aioseo_breadcrumb_json":[{"label":"Home","link":"https:\/\/eldigitaldeasturias.com\/magazine365"},{"label":"Actualidad Turismo","link":"https:\/\/eldigitaldeasturias.com\/magazine365\/category\/actualidad-turismo\/"},{"label":"La Feria de la Caza, Pesca y Turismo Rural abre sus puertas en Jerez","link":"https:\/\/eldigitaldeasturias.com\/magazine365\/la-feria-de-la-caza-pesca-y-turismo-rural-abre-sus-puertas-en-jerez\/"}],"_links":{"self":[{"href":"https:\/\/eldigitaldeasturias.com\/magazine365\/wp-json\/wp\/v2\/posts\/38998","targetHints":{"allow":["GET"]}}],"collection":[{"href":"https:\/\/eldigitaldeasturias.com\/magazine365\/wp-json\/wp\/v2\/posts"}],"about":[{"href":"https:\/\/eldigitaldeasturias.com\/magazine365\/wp-json\/wp\/v2\/types\/post"}],"author":[{"embeddable":true,"href":"https:\/\/eldigitaldeasturias.com\/magazine365\/wp-json\/wp\/v2\/users\/1"}],"replies":[{"embeddable":true,"href":"https:\/\/eldigitaldeasturias.com\/magazine365\/wp-json\/wp\/v2\/comments?post=38998"}],"version-history":[{"count":0,"href":"https:\/\/eldigitaldeasturias.com\/magazine365\/wp-json\/wp\/v2\/posts\/38998\/revisions"}],"wp:featuredmedia":[{"embeddable":true,"href":"https:\/\/eldigitaldeasturias.com\/magazine365\/wp-json\/wp\/v2\/media\/38999"}],"wp:attachment":[{"href":"https:\/\/eldigitaldeasturias.com\/magazine365\/wp-json\/wp\/v2\/media?parent=38998"}],"wp:term":[{"taxonomy":"category","embeddable":true,"href":"https:\/\/eldigitaldeasturias.com\/magazine365\/wp-json\/wp\/v2\/categories?post=38998"},{"taxonomy":"post_tag","embeddable":true,"href":"https:\/\/eldigitaldeasturias.com\/magazine365\/wp-json\/wp\/v2\/tags?post=38998"}],"curies":[{"name":"wp","href":"https:\/\/api.w.org\/{rel}","templated":true}]}}