{"id":38995,"date":"2015-06-06T04:48:12","date_gmt":"2015-06-06T03:18:12","guid":{"rendered":"http:\/\/eldigitaldeasturias.com\/magazine365\/?p=38995"},"modified":"2015-06-06T04:48:12","modified_gmt":"2015-06-06T03:18:12","slug":"espana-lidera-la-iniciativa-internacional-para-mejorar-la-asistencia-a-victimas-de-accidentes-aereos","status":"publish","type":"post","link":"https:\/\/eldigitaldeasturias.com\/magazine365\/espana-lidera-la-iniciativa-internacional-para-mejorar-la-asistencia-a-victimas-de-accidentes-aereos\/","title":{"rendered":"Espa\u00f1a lidera la iniciativa internacional para mejorar la asistencia a v\u00edctimas de accidentes a\u00e9reos"},"content":{"rendered":"<p><img fetchpriority=\"high\" decoding=\"async\" class=\"alignleft size-medium wp-image-38996\" src=\"https:\/\/eldigitaldeasturias.com\/magazine365\/wp-content\/uploads\/2015\/06\/fotonoticia_20150605144319_800-360x259.jpg\" alt=\"fotonoticia_20150605144319_800\" width=\"360\" height=\"259\" srcset=\"https:\/\/eldigitaldeasturias.com\/magazine365\/wp-content\/uploads\/2015\/06\/fotonoticia_20150605144319_800-360x259.jpg 360w, https:\/\/eldigitaldeasturias.com\/magazine365\/wp-content\/uploads\/2015\/06\/fotonoticia_20150605144319_800-650x468.jpg 650w, https:\/\/eldigitaldeasturias.com\/magazine365\/wp-content\/uploads\/2015\/06\/fotonoticia_20150605144319_800-768x553.jpg 768w, https:\/\/eldigitaldeasturias.com\/magazine365\/wp-content\/uploads\/2015\/06\/fotonoticia_20150605144319_800-150x108.jpg 150w, https:\/\/eldigitaldeasturias.com\/magazine365\/wp-content\/uploads\/2015\/06\/fotonoticia_20150605144319_800-450x324.jpg 450w, https:\/\/eldigitaldeasturias.com\/magazine365\/wp-content\/uploads\/2015\/06\/fotonoticia_20150605144319_800-696x501.jpg 696w, https:\/\/eldigitaldeasturias.com\/magazine365\/wp-content\/uploads\/2015\/06\/fotonoticia_20150605144319_800-583x420.jpg 583w, https:\/\/eldigitaldeasturias.com\/magazine365\/wp-content\/uploads\/2015\/06\/fotonoticia_20150605144319_800.jpg 800w\" sizes=\"(max-width: 360px) 100vw, 360px\" \/>El Consejo de la Organizaci\u00f3n Internacional de Aviaci\u00f3n Civil (OACI, por sus siglas en ingl\u00e9s) votar\u00e1 el lunes, 8 de junio, la enmienda 25 al Anexo n\u00famero 9 al Convenio de Chicago para incluir una nueva medida en forma de recomendaci\u00f3n por la que los 191 Estados deber\u00e1n implantar legislaci\u00f3n, regulaci\u00f3n y\/o pol\u00edticas para el apoyo a las v\u00edctimas y familiares de accidentes de aviaci\u00f3n o justificar las razones de no adopci\u00f3n de dicha medida.<\/p>\n<p>La adopci\u00f3n de una recomendaci\u00f3n en un anexo constituye un importante paso en la obligatoriedad de disponer en el \u00e1mbito nacional de medidas de asistencia a v\u00edctimas de accidentes de aviaci\u00f3n civil.<\/p>\n<p>La medida concluye un proceso de revisi\u00f3n de la asistencia a v\u00edctimas de accidentes de aviaci\u00f3n civil, con el fin de sustituirla por una nueva pol\u00edtica de OACI en este \u00e1mbito, as\u00ed como la adopci\u00f3n de una manual de asistencia a v\u00edctimas de accidentes de aviaci\u00f3n civil ambos en 2013, inform\u00f3 el Ministerio de Fomento.<\/p>\n<p>El texto del m\u00e9todo recomendado que se incluir\u00e1 en el Anexo 9, que ser\u00e1 adoptado el pr\u00f3ximo lunes, corresponde exactamente con la propuesta que hizo Espa\u00f1a en la asamblea de la OACI en septiembre de 2013.<\/p>\n<p>Una vez adoptada la enmienda, Espa\u00f1a trabaja con el secretariado de la OACI para que el protocolo de Adutoria USOAP (Universal Safety Oversight Audit Program) sea actualizado incluyendo preguntas respecto a la implementaci\u00f3n de este nuevo m\u00e9todo recomendado para cada uno de los Estados.<\/p>\n<p>Adem\u00e1s de incentivar su implantaci\u00f3n, supondr\u00e1 una indicaci\u00f3n del nivel de cumplimiento, lo que servir\u00e1 para recomendar en su momento medidas de mayor calado, como por ejemplo una norma internacional.<\/p>\n<p>PARTICIPACI\u00d3N DE ESPA\u00d1A.<\/p>\n<p>Nuestro pa\u00eds ha liderado una importante etapa en el apoyo y reconocimiento de las v\u00edctimas de accidentes a\u00e9reos, tanto en el \u00e1mbito internacional como nacional, donde se han adoptado asimismo distintas medidas normativas y de coordinaci\u00f3n.<\/p>\n<p>Espa\u00f1a presidi\u00f3 la Task Force de 35 Estados, cuatro organizaciones internacionales y el grupo de familias de v\u00edctimas de accidentes a\u00e9reos, creada por el consejo de OACI para elaborar el documento de Pol\u00edtica de OACI, trabajo que concluy\u00f3 el pasado 6 de diciembre de 2012.<\/p>\n<p>Nuestro pa\u00eds fue tambi\u00e9n el promotor de la inclusi\u00f3n de una enmienda en el anexo 9 para disponer de un m\u00e9todo recomendado sobre la materia, cuesti\u00f3n que se elev\u00f3 para la adhesi\u00f3n de los Estados de la CEAC, as\u00ed como a posici\u00f3n com\u00fan de la Uni\u00f3n Europea, y se traslad\u00f3 as\u00ed para su adopci\u00f3n a la Asamblea de la OACI de octubre de 2013, a la que asisti\u00f3 la ministra de Fomento, Ana Pastor.<\/p>\n<p>Asimismo, Espa\u00f1a presidi\u00f3 el encuentro sobre asistencia a v\u00edctimas de accidentes de aviaci\u00f3n civil durante la Conferencia de Alto nivel sobre Seguridad celebrada en febrero de 2015 en Montreal.<\/p>\n","protected":false},"excerpt":{"rendered":"<p>El Consejo de la Organizaci\u00f3n Internacional de Aviaci\u00f3n Civil (OACI, por sus siglas en ingl\u00e9s) votar\u00e1 el lunes, 8 de junio, la enmienda 25 al Anexo n\u00famero 9 al Convenio de Chicago para incluir una nueva medida en forma de recomendaci\u00f3n por la que los 191 Estados deber\u00e1n implantar legislaci\u00f3n, regulaci\u00f3n y\/o pol\u00edticas para el<\/p>\n","protected":false},"author":1,"featured_media":38996,"comment_status":"open","ping_status":"closed","sticky":false,"template":"","format":"standard","meta":{"footnotes":""},"categories":[222],"tags":[],"class_list":{"0":"post-38995","1":"post","2":"type-post","3":"status-publish","4":"format-standard","5":"has-post-thumbnail","7":"category-actualidad-turismo"},"aioseo_notices":[],"aioseo_head":"\n\t\t<!-- All in One SEO Pro 4.9.6.1 - aioseo.com -->\n\t<meta name=\"description\" content=\"El Consejo de la Organizaci\u00f3n Internacional de Aviaci\u00f3n Civil (OACI, por sus siglas en ingl\u00e9s) votar\u00e1 el lunes, 8 de junio, la enmienda 25 al Anexo n\u00famero 9 al Convenio de Chicago para incluir una nueva medida en forma de recomendaci\u00f3n por la que los 191 Estados deber\u00e1n implantar legislaci\u00f3n, regulaci\u00f3n y\/o pol\u00edticas para el\" \/>\n\t<meta name=\"robots\" content=\"max-image-preview:large\" \/>\n\t<meta name=\"author\" content=\"admin\"\/>\n\t<meta name=\"google-site-verification\" content=\"UA-38556648-1\" \/>\n\t<meta name=\"keywords\" content=\"actualidad turismo\" \/>\n\t<link rel=\"canonical\" href=\"https:\/\/eldigitaldeasturias.com\/magazine365\/espana-lidera-la-iniciativa-internacional-para-mejorar-la-asistencia-a-victimas-de-accidentes-aereos\/\" \/>\n\t<meta name=\"generator\" content=\"All in One SEO Pro (AIOSEO) 4.9.6.1\" \/>\n\t\t<meta property=\"og:locale\" content=\"es_ES\" \/>\n\t\t<meta property=\"og:site_name\" content=\"El Digital de Asturias \u2013 Revista de ocio, turismo y estilo de vida\" \/>\n\t\t<meta property=\"og:type\" content=\"article\" \/>\n\t\t<meta property=\"og:title\" content=\"Espa\u00f1a lidera la iniciativa internacional para mejorar la asistencia a v\u00edctimas de accidentes a\u00e9reos | El Digital de Asturias\" \/>\n\t\t<meta property=\"og:description\" content=\"El Consejo de la Organizaci\u00f3n Internacional de Aviaci\u00f3n Civil (OACI, por sus siglas en ingl\u00e9s) votar\u00e1 el lunes, 8 de junio, la enmienda 25 al Anexo n\u00famero 9 al Convenio de Chicago para incluir una nueva medida en forma de recomendaci\u00f3n por la que los 191 Estados deber\u00e1n implantar legislaci\u00f3n, regulaci\u00f3n y\/o pol\u00edticas para el\" \/>\n\t\t<meta property=\"og:url\" content=\"https:\/\/eldigitaldeasturias.com\/magazine365\/espana-lidera-la-iniciativa-internacional-para-mejorar-la-asistencia-a-victimas-de-accidentes-aereos\/\" \/>\n\t\t<meta property=\"og:image\" content=\"https:\/\/eldigitaldeasturias.com\/magazine365\/wp-content\/uploads\/2015\/06\/fotonoticia_20150605144319_800.jpg\" \/>\n\t\t<meta property=\"og:image:secure_url\" content=\"https:\/\/eldigitaldeasturias.com\/magazine365\/wp-content\/uploads\/2015\/06\/fotonoticia_20150605144319_800.jpg\" \/>\n\t\t<meta property=\"og:image:width\" content=\"800\" \/>\n\t\t<meta property=\"og:image:height\" content=\"576\" \/>\n\t\t<meta property=\"article:published_time\" content=\"2015-06-06T03:18:12+00:00\" \/>\n\t\t<meta property=\"article:modified_time\" content=\"2015-06-06T03:18:12+00:00\" \/>\n\t\t<meta name=\"twitter:card\" content=\"summary_large_image\" \/>\n\t\t<meta name=\"twitter:title\" content=\"Espa\u00f1a lidera la iniciativa internacional para mejorar la asistencia a v\u00edctimas de accidentes a\u00e9reos | El Digital de Asturias\" \/>\n\t\t<meta name=\"twitter:description\" content=\"El Consejo de la Organizaci\u00f3n Internacional de Aviaci\u00f3n Civil (OACI, por sus siglas en ingl\u00e9s) votar\u00e1 el lunes, 8 de junio, la enmienda 25 al Anexo n\u00famero 9 al Convenio de Chicago para incluir una nueva medida en forma de recomendaci\u00f3n por la que los 191 Estados deber\u00e1n implantar legislaci\u00f3n, regulaci\u00f3n y\/o pol\u00edticas para el\" \/>\n\t\t<meta name=\"twitter:image\" content=\"https:\/\/eldigitaldeasturias.com\/magazine365\/wp-content\/uploads\/2015\/06\/fotonoticia_20150605144319_800.jpg\" \/>\n\t\t<script type=\"application\/ld+json\" class=\"aioseo-schema\">\n\t\t\t{\"@context\":\"https:\\\/\\\/schema.org\",\"@graph\":[{\"@type\":\"Article\",\"@id\":\"https:\\\/\\\/eldigitaldeasturias.com\\\/magazine365\\\/espana-lidera-la-iniciativa-internacional-para-mejorar-la-asistencia-a-victimas-de-accidentes-aereos\\\/#article\",\"name\":\"Espa\\u00f1a lidera la iniciativa internacional para mejorar la asistencia a v\\u00edctimas de accidentes a\\u00e9reos | El Digital de Asturias\",\"headline\":\"Espa\\u00f1a lidera la iniciativa internacional para mejorar la asistencia a v\\u00edctimas de accidentes a\\u00e9reos\",\"author\":{\"@id\":\"https:\\\/\\\/eldigitaldeasturias.com\\\/magazine365\\\/author\\\/admin\\\/#author\"},\"publisher\":{\"@id\":\"https:\\\/\\\/eldigitaldeasturias.com\\\/magazine365\\\/#organization\"},\"image\":{\"@type\":\"ImageObject\",\"url\":\"https:\\\/\\\/eldigitaldeasturias.com\\\/magazine365\\\/wp-content\\\/uploads\\\/2015\\\/06\\\/fotonoticia_20150605144319_800.jpg\",\"width\":800,\"height\":576},\"datePublished\":\"2015-06-06T04:48:12+02:00\",\"dateModified\":\"2015-06-06T04:48:12+02:00\",\"inLanguage\":\"es-ES\",\"mainEntityOfPage\":{\"@id\":\"https:\\\/\\\/eldigitaldeasturias.com\\\/magazine365\\\/espana-lidera-la-iniciativa-internacional-para-mejorar-la-asistencia-a-victimas-de-accidentes-aereos\\\/#webpage\"},\"isPartOf\":{\"@id\":\"https:\\\/\\\/eldigitaldeasturias.com\\\/magazine365\\\/espana-lidera-la-iniciativa-internacional-para-mejorar-la-asistencia-a-victimas-de-accidentes-aereos\\\/#webpage\"},\"articleSection\":\"Actualidad Turismo\"},{\"@type\":\"BreadcrumbList\",\"@id\":\"https:\\\/\\\/eldigitaldeasturias.com\\\/magazine365\\\/espana-lidera-la-iniciativa-internacional-para-mejorar-la-asistencia-a-victimas-de-accidentes-aereos\\\/#breadcrumblist\",\"itemListElement\":[{\"@type\":\"ListItem\",\"@id\":\"https:\\\/\\\/eldigitaldeasturias.com\\\/magazine365#listItem\",\"position\":1,\"name\":\"Home\",\"item\":\"https:\\\/\\\/eldigitaldeasturias.com\\\/magazine365\",\"nextItem\":{\"@type\":\"ListItem\",\"@id\":\"https:\\\/\\\/eldigitaldeasturias.com\\\/magazine365\\\/category\\\/actualidad-turismo\\\/#listItem\",\"name\":\"Actualidad Turismo\"}},{\"@type\":\"ListItem\",\"@id\":\"https:\\\/\\\/eldigitaldeasturias.com\\\/magazine365\\\/category\\\/actualidad-turismo\\\/#listItem\",\"position\":2,\"name\":\"Actualidad Turismo\",\"item\":\"https:\\\/\\\/eldigitaldeasturias.com\\\/magazine365\\\/category\\\/actualidad-turismo\\\/\",\"nextItem\":{\"@type\":\"ListItem\",\"@id\":\"https:\\\/\\\/eldigitaldeasturias.com\\\/magazine365\\\/espana-lidera-la-iniciativa-internacional-para-mejorar-la-asistencia-a-victimas-de-accidentes-aereos\\\/#listItem\",\"name\":\"Espa\\u00f1a lidera la iniciativa internacional para mejorar la asistencia a v\\u00edctimas de accidentes a\\u00e9reos\"},\"previousItem\":{\"@type\":\"ListItem\",\"@id\":\"https:\\\/\\\/eldigitaldeasturias.com\\\/magazine365#listItem\",\"name\":\"Home\"}},{\"@type\":\"ListItem\",\"@id\":\"https:\\\/\\\/eldigitaldeasturias.com\\\/magazine365\\\/espana-lidera-la-iniciativa-internacional-para-mejorar-la-asistencia-a-victimas-de-accidentes-aereos\\\/#listItem\",\"position\":3,\"name\":\"Espa\\u00f1a lidera la iniciativa internacional para mejorar la asistencia a v\\u00edctimas de accidentes a\\u00e9reos\",\"previousItem\":{\"@type\":\"ListItem\",\"@id\":\"https:\\\/\\\/eldigitaldeasturias.com\\\/magazine365\\\/category\\\/actualidad-turismo\\\/#listItem\",\"name\":\"Actualidad Turismo\"}}]},{\"@type\":\"Organization\",\"@id\":\"https:\\\/\\\/eldigitaldeasturias.com\\\/magazine365\\\/#organization\",\"name\":\"El digital de Asturias\",\"description\":\"Revista de ocio, turismo y estilo de vida\",\"url\":\"https:\\\/\\\/eldigitaldeasturias.com\\\/magazine365\\\/\",\"logo\":{\"@type\":\"ImageObject\",\"url\":\"https:\\\/\\\/www.eldigitaldeasturias.com\\\/noticias\\\/wp-content\\\/uploads\\\/2020\\\/12\\\/EDA.jpg\",\"@id\":\"https:\\\/\\\/eldigitaldeasturias.com\\\/magazine365\\\/espana-lidera-la-iniciativa-internacional-para-mejorar-la-asistencia-a-victimas-de-accidentes-aereos\\\/#organizationLogo\"},\"image\":{\"@id\":\"https:\\\/\\\/eldigitaldeasturias.com\\\/magazine365\\\/espana-lidera-la-iniciativa-internacional-para-mejorar-la-asistencia-a-victimas-de-accidentes-aereos\\\/#organizationLogo\"}},{\"@type\":\"Person\",\"@id\":\"https:\\\/\\\/eldigitaldeasturias.com\\\/magazine365\\\/author\\\/admin\\\/#author\",\"url\":\"https:\\\/\\\/eldigitaldeasturias.com\\\/magazine365\\\/author\\\/admin\\\/\",\"name\":\"admin\",\"image\":{\"@type\":\"ImageObject\",\"@id\":\"https:\\\/\\\/eldigitaldeasturias.com\\\/magazine365\\\/espana-lidera-la-iniciativa-internacional-para-mejorar-la-asistencia-a-victimas-de-accidentes-aereos\\\/#authorImage\",\"url\":\"https:\\\/\\\/eldigitaldeasturias.com\\\/magazine365\\\/wp-content\\\/litespeed\\\/avatar\\\/e571bcf59a0edd6fa6838245a470f2fe.jpg?ver=1776969259\",\"width\":96,\"height\":96,\"caption\":\"admin\"}},{\"@type\":\"WebPage\",\"@id\":\"https:\\\/\\\/eldigitaldeasturias.com\\\/magazine365\\\/espana-lidera-la-iniciativa-internacional-para-mejorar-la-asistencia-a-victimas-de-accidentes-aereos\\\/#webpage\",\"url\":\"https:\\\/\\\/eldigitaldeasturias.com\\\/magazine365\\\/espana-lidera-la-iniciativa-internacional-para-mejorar-la-asistencia-a-victimas-de-accidentes-aereos\\\/\",\"name\":\"Espa\\u00f1a lidera la iniciativa internacional para mejorar la asistencia a v\\u00edctimas de accidentes a\\u00e9reos | El Digital de Asturias\",\"description\":\"El Consejo de la Organizaci\\u00f3n Internacional de Aviaci\\u00f3n Civil (OACI, por sus siglas en ingl\\u00e9s) votar\\u00e1 el lunes, 8 de junio, la enmienda 25 al Anexo n\\u00famero 9 al Convenio de Chicago para incluir una nueva medida en forma de recomendaci\\u00f3n por la que los 191 Estados deber\\u00e1n implantar legislaci\\u00f3n, regulaci\\u00f3n y\\\/o pol\\u00edticas para el\",\"inLanguage\":\"es-ES\",\"isPartOf\":{\"@id\":\"https:\\\/\\\/eldigitaldeasturias.com\\\/magazine365\\\/#website\"},\"breadcrumb\":{\"@id\":\"https:\\\/\\\/eldigitaldeasturias.com\\\/magazine365\\\/espana-lidera-la-iniciativa-internacional-para-mejorar-la-asistencia-a-victimas-de-accidentes-aereos\\\/#breadcrumblist\"},\"author\":{\"@id\":\"https:\\\/\\\/eldigitaldeasturias.com\\\/magazine365\\\/author\\\/admin\\\/#author\"},\"creator\":{\"@id\":\"https:\\\/\\\/eldigitaldeasturias.com\\\/magazine365\\\/author\\\/admin\\\/#author\"},\"image\":{\"@type\":\"ImageObject\",\"url\":\"https:\\\/\\\/eldigitaldeasturias.com\\\/magazine365\\\/wp-content\\\/uploads\\\/2015\\\/06\\\/fotonoticia_20150605144319_800.jpg\",\"@id\":\"https:\\\/\\\/eldigitaldeasturias.com\\\/magazine365\\\/espana-lidera-la-iniciativa-internacional-para-mejorar-la-asistencia-a-victimas-de-accidentes-aereos\\\/#mainImage\",\"width\":800,\"height\":576},\"primaryImageOfPage\":{\"@id\":\"https:\\\/\\\/eldigitaldeasturias.com\\\/magazine365\\\/espana-lidera-la-iniciativa-internacional-para-mejorar-la-asistencia-a-victimas-de-accidentes-aereos\\\/#mainImage\"},\"datePublished\":\"2015-06-06T04:48:12+02:00\",\"dateModified\":\"2015-06-06T04:48:12+02:00\"},{\"@type\":\"WebSite\",\"@id\":\"https:\\\/\\\/eldigitaldeasturias.com\\\/magazine365\\\/#website\",\"url\":\"https:\\\/\\\/eldigitaldeasturias.com\\\/magazine365\\\/\",\"name\":\"El Digital de Asturias\",\"description\":\"Revista de ocio, turismo y estilo de vida\",\"inLanguage\":\"es-ES\",\"publisher\":{\"@id\":\"https:\\\/\\\/eldigitaldeasturias.com\\\/magazine365\\\/#organization\"}}]}\n\t\t<\/script>\n\t\t<!-- All in One SEO Pro -->\r\n\t\t<title>Espa\u00f1a lidera la iniciativa internacional para mejorar la asistencia a v\u00edctimas de accidentes a\u00e9reos | El Digital de Asturias<\/title>\n\n","aioseo_head_json":{"title":"Espa\u00f1a lidera la iniciativa internacional para mejorar la asistencia a v\u00edctimas de accidentes a\u00e9reos | El Digital de Asturias","description":"El Consejo de la Organizaci\u00f3n Internacional de Aviaci\u00f3n Civil (OACI, por sus siglas en ingl\u00e9s) votar\u00e1 el lunes, 8 de junio, la enmienda 25 al Anexo n\u00famero 9 al Convenio de Chicago para incluir una nueva medida en forma de recomendaci\u00f3n por la que los 191 Estados deber\u00e1n implantar legislaci\u00f3n, regulaci\u00f3n y\/o pol\u00edticas para el","canonical_url":"https:\/\/eldigitaldeasturias.com\/magazine365\/espana-lidera-la-iniciativa-internacional-para-mejorar-la-asistencia-a-victimas-de-accidentes-aereos\/","robots":"max-image-preview:large","keywords":"actualidad turismo","webmasterTools":{"google-site-verification":"UA-38556648-1","miscellaneous":""},"schema":{"@context":"https:\/\/schema.org","@graph":[{"@type":"Article","@id":"https:\/\/eldigitaldeasturias.com\/magazine365\/espana-lidera-la-iniciativa-internacional-para-mejorar-la-asistencia-a-victimas-de-accidentes-aereos\/#article","name":"Espa\u00f1a lidera la iniciativa internacional para mejorar la asistencia a v\u00edctimas de accidentes a\u00e9reos | El Digital de Asturias","headline":"Espa\u00f1a lidera la iniciativa internacional para mejorar la asistencia a v\u00edctimas de accidentes a\u00e9reos","author":{"@id":"https:\/\/eldigitaldeasturias.com\/magazine365\/author\/admin\/#author"},"publisher":{"@id":"https:\/\/eldigitaldeasturias.com\/magazine365\/#organization"},"image":{"@type":"ImageObject","url":"https:\/\/eldigitaldeasturias.com\/magazine365\/wp-content\/uploads\/2015\/06\/fotonoticia_20150605144319_800.jpg","width":800,"height":576},"datePublished":"2015-06-06T04:48:12+02:00","dateModified":"2015-06-06T04:48:12+02:00","inLanguage":"es-ES","mainEntityOfPage":{"@id":"https:\/\/eldigitaldeasturias.com\/magazine365\/espana-lidera-la-iniciativa-internacional-para-mejorar-la-asistencia-a-victimas-de-accidentes-aereos\/#webpage"},"isPartOf":{"@id":"https:\/\/eldigitaldeasturias.com\/magazine365\/espana-lidera-la-iniciativa-internacional-para-mejorar-la-asistencia-a-victimas-de-accidentes-aereos\/#webpage"},"articleSection":"Actualidad Turismo"},{"@type":"BreadcrumbList","@id":"https:\/\/eldigitaldeasturias.com\/magazine365\/espana-lidera-la-iniciativa-internacional-para-mejorar-la-asistencia-a-victimas-de-accidentes-aereos\/#breadcrumblist","itemListElement":[{"@type":"ListItem","@id":"https:\/\/eldigitaldeasturias.com\/magazine365#listItem","position":1,"name":"Home","item":"https:\/\/eldigitaldeasturias.com\/magazine365","nextItem":{"@type":"ListItem","@id":"https:\/\/eldigitaldeasturias.com\/magazine365\/category\/actualidad-turismo\/#listItem","name":"Actualidad Turismo"}},{"@type":"ListItem","@id":"https:\/\/eldigitaldeasturias.com\/magazine365\/category\/actualidad-turismo\/#listItem","position":2,"name":"Actualidad Turismo","item":"https:\/\/eldigitaldeasturias.com\/magazine365\/category\/actualidad-turismo\/","nextItem":{"@type":"ListItem","@id":"https:\/\/eldigitaldeasturias.com\/magazine365\/espana-lidera-la-iniciativa-internacional-para-mejorar-la-asistencia-a-victimas-de-accidentes-aereos\/#listItem","name":"Espa\u00f1a lidera la iniciativa internacional para mejorar la asistencia a v\u00edctimas de accidentes a\u00e9reos"},"previousItem":{"@type":"ListItem","@id":"https:\/\/eldigitaldeasturias.com\/magazine365#listItem","name":"Home"}},{"@type":"ListItem","@id":"https:\/\/eldigitaldeasturias.com\/magazine365\/espana-lidera-la-iniciativa-internacional-para-mejorar-la-asistencia-a-victimas-de-accidentes-aereos\/#listItem","position":3,"name":"Espa\u00f1a lidera la iniciativa internacional para mejorar la asistencia a v\u00edctimas de accidentes a\u00e9reos","previousItem":{"@type":"ListItem","@id":"https:\/\/eldigitaldeasturias.com\/magazine365\/category\/actualidad-turismo\/#listItem","name":"Actualidad Turismo"}}]},{"@type":"Organization","@id":"https:\/\/eldigitaldeasturias.com\/magazine365\/#organization","name":"El digital de Asturias","description":"Revista de ocio, turismo y estilo de vida","url":"https:\/\/eldigitaldeasturias.com\/magazine365\/","logo":{"@type":"ImageObject","url":"https:\/\/www.eldigitaldeasturias.com\/noticias\/wp-content\/uploads\/2020\/12\/EDA.jpg","@id":"https:\/\/eldigitaldeasturias.com\/magazine365\/espana-lidera-la-iniciativa-internacional-para-mejorar-la-asistencia-a-victimas-de-accidentes-aereos\/#organizationLogo"},"image":{"@id":"https:\/\/eldigitaldeasturias.com\/magazine365\/espana-lidera-la-iniciativa-internacional-para-mejorar-la-asistencia-a-victimas-de-accidentes-aereos\/#organizationLogo"}},{"@type":"Person","@id":"https:\/\/eldigitaldeasturias.com\/magazine365\/author\/admin\/#author","url":"https:\/\/eldigitaldeasturias.com\/magazine365\/author\/admin\/","name":"admin","image":{"@type":"ImageObject","@id":"https:\/\/eldigitaldeasturias.com\/magazine365\/espana-lidera-la-iniciativa-internacional-para-mejorar-la-asistencia-a-victimas-de-accidentes-aereos\/#authorImage","url":"https:\/\/eldigitaldeasturias.com\/magazine365\/wp-content\/litespeed\/avatar\/e571bcf59a0edd6fa6838245a470f2fe.jpg?ver=1776969259","width":96,"height":96,"caption":"admin"}},{"@type":"WebPage","@id":"https:\/\/eldigitaldeasturias.com\/magazine365\/espana-lidera-la-iniciativa-internacional-para-mejorar-la-asistencia-a-victimas-de-accidentes-aereos\/#webpage","url":"https:\/\/eldigitaldeasturias.com\/magazine365\/espana-lidera-la-iniciativa-internacional-para-mejorar-la-asistencia-a-victimas-de-accidentes-aereos\/","name":"Espa\u00f1a lidera la iniciativa internacional para mejorar la asistencia a v\u00edctimas de accidentes a\u00e9reos | El Digital de Asturias","description":"El Consejo de la Organizaci\u00f3n Internacional de Aviaci\u00f3n Civil (OACI, por sus siglas en ingl\u00e9s) votar\u00e1 el lunes, 8 de junio, la enmienda 25 al Anexo n\u00famero 9 al Convenio de Chicago para incluir una nueva medida en forma de recomendaci\u00f3n por la que los 191 Estados deber\u00e1n implantar legislaci\u00f3n, regulaci\u00f3n y\/o pol\u00edticas para el","inLanguage":"es-ES","isPartOf":{"@id":"https:\/\/eldigitaldeasturias.com\/magazine365\/#website"},"breadcrumb":{"@id":"https:\/\/eldigitaldeasturias.com\/magazine365\/espana-lidera-la-iniciativa-internacional-para-mejorar-la-asistencia-a-victimas-de-accidentes-aereos\/#breadcrumblist"},"author":{"@id":"https:\/\/eldigitaldeasturias.com\/magazine365\/author\/admin\/#author"},"creator":{"@id":"https:\/\/eldigitaldeasturias.com\/magazine365\/author\/admin\/#author"},"image":{"@type":"ImageObject","url":"https:\/\/eldigitaldeasturias.com\/magazine365\/wp-content\/uploads\/2015\/06\/fotonoticia_20150605144319_800.jpg","@id":"https:\/\/eldigitaldeasturias.com\/magazine365\/espana-lidera-la-iniciativa-internacional-para-mejorar-la-asistencia-a-victimas-de-accidentes-aereos\/#mainImage","width":800,"height":576},"primaryImageOfPage":{"@id":"https:\/\/eldigitaldeasturias.com\/magazine365\/espana-lidera-la-iniciativa-internacional-para-mejorar-la-asistencia-a-victimas-de-accidentes-aereos\/#mainImage"},"datePublished":"2015-06-06T04:48:12+02:00","dateModified":"2015-06-06T04:48:12+02:00"},{"@type":"WebSite","@id":"https:\/\/eldigitaldeasturias.com\/magazine365\/#website","url":"https:\/\/eldigitaldeasturias.com\/magazine365\/","name":"El Digital de Asturias","description":"Revista de ocio, turismo y estilo de vida","inLanguage":"es-ES","publisher":{"@id":"https:\/\/eldigitaldeasturias.com\/magazine365\/#organization"}}]},"og:locale":"es_ES","og:site_name":"El Digital de Asturias \u2013 Revista de ocio, turismo y estilo de vida","og:type":"article","og:title":"Espa\u00f1a lidera la iniciativa internacional para mejorar la asistencia a v\u00edctimas de accidentes a\u00e9reos | El Digital de Asturias","og:description":"El Consejo de la Organizaci\u00f3n Internacional de Aviaci\u00f3n Civil (OACI, por sus siglas en ingl\u00e9s) votar\u00e1 el lunes, 8 de junio, la enmienda 25 al Anexo n\u00famero 9 al Convenio de Chicago para incluir una nueva medida en forma de recomendaci\u00f3n por la que los 191 Estados deber\u00e1n implantar legislaci\u00f3n, regulaci\u00f3n y\/o pol\u00edticas para el","og:url":"https:\/\/eldigitaldeasturias.com\/magazine365\/espana-lidera-la-iniciativa-internacional-para-mejorar-la-asistencia-a-victimas-de-accidentes-aereos\/","og:image":"https:\/\/eldigitaldeasturias.com\/magazine365\/wp-content\/uploads\/2015\/06\/fotonoticia_20150605144319_800.jpg","og:image:secure_url":"https:\/\/eldigitaldeasturias.com\/magazine365\/wp-content\/uploads\/2015\/06\/fotonoticia_20150605144319_800.jpg","og:image:width":800,"og:image:height":576,"article:published_time":"2015-06-06T03:18:12+00:00","article:modified_time":"2015-06-06T03:18:12+00:00","twitter:card":"summary_large_image","twitter:title":"Espa\u00f1a lidera la iniciativa internacional para mejorar la asistencia a v\u00edctimas de accidentes a\u00e9reos | El Digital de Asturias","twitter:description":"El Consejo de la Organizaci\u00f3n Internacional de Aviaci\u00f3n Civil (OACI, por sus siglas en ingl\u00e9s) votar\u00e1 el lunes, 8 de junio, la enmienda 25 al Anexo n\u00famero 9 al Convenio de Chicago para incluir una nueva medida en forma de recomendaci\u00f3n por la que los 191 Estados deber\u00e1n implantar legislaci\u00f3n, regulaci\u00f3n y\/o pol\u00edticas para el","twitter:image":"https:\/\/eldigitaldeasturias.com\/magazine365\/wp-content\/uploads\/2015\/06\/fotonoticia_20150605144319_800.jpg"},"aioseo_meta_data":{"post_id":"38995","title":null,"description":null,"keywords":null,"keyphrases":null,"primary_term":null,"canonical_url":null,"og_title":null,"og_description":null,"og_object_type":"default","og_image_type":"default","og_image_url":null,"og_image_width":null,"og_image_height":null,"og_image_custom_url":null,"og_image_custom_fields":null,"og_video":null,"og_custom_url":null,"og_article_section":null,"og_article_tags":null,"twitter_use_og":false,"twitter_card":"default","twitter_image_type":"default","twitter_image_url":null,"twitter_image_custom_url":null,"twitter_image_custom_fields":null,"twitter_title":null,"twitter_description":null,"schema":{"blockGraphs":[],"customGraphs":[],"default":{"data":{"Article":[],"Course":[],"Dataset":[],"FAQPage":[],"Movie":[],"Person":[],"Product":[],"ProductReview":[],"Car":[],"Recipe":[],"Service":[],"SoftwareApplication":[],"WebPage":[]},"graphName":"","isEnabled":true},"graphs":[],"defaultGraph":"","defaultPostTypeGraph":""},"schema_type":null,"schema_type_options":null,"pillar_content":false,"robots_default":true,"robots_noindex":false,"robots_noarchive":false,"robots_nosnippet":false,"robots_nofollow":false,"robots_noimageindex":false,"robots_noodp":false,"robots_notranslate":false,"robots_max_snippet":null,"robots_max_videopreview":null,"robots_max_imagepreview":"large","priority":null,"frequency":null,"location":null,"local_seo":null,"seo_analyzer_scan_date":"2025-09-19 10:45:22","breadcrumb_settings":null,"limit_modified_date":false,"open_ai":null,"ai":null,"created":"2021-03-09 02:46:43","updated":"2025-09-19 10:45:22"},"aioseo_breadcrumb":"<div class=\"aioseo-breadcrumbs\"><span class=\"aioseo-breadcrumb\">\n\t<a href=\"https:\/\/eldigitaldeasturias.com\/magazine365\" title=\"Home\">Home<\/a>\n<\/span><span class=\"aioseo-breadcrumb-separator\">\u2013<\/span><span class=\"aioseo-breadcrumb\">\n\t<a href=\"https:\/\/eldigitaldeasturias.com\/magazine365\/category\/actualidad-turismo\/\" title=\"Actualidad Turismo\">Actualidad Turismo<\/a>\n<\/span><span class=\"aioseo-breadcrumb-separator\">\u2013<\/span><span class=\"aioseo-breadcrumb\">\n\t<a href=\"https:\/\/eldigitaldeasturias.com\/magazine365\/espana-lidera-la-iniciativa-internacional-para-mejorar-la-asistencia-a-victimas-de-accidentes-aereos\/\" title=\"Espa\u00f1a lidera la iniciativa internacional para mejorar la asistencia a v\u00edctimas de accidentes a\u00e9reos\">Espa\u00f1a lidera la iniciativa internacional para mejorar la asistencia a v\u00edctimas de accidentes a\u00e9reos<\/a>\n<\/span><\/div>","aioseo_breadcrumb_json":[{"label":"Home","link":"https:\/\/eldigitaldeasturias.com\/magazine365"},{"label":"Actualidad Turismo","link":"https:\/\/eldigitaldeasturias.com\/magazine365\/category\/actualidad-turismo\/"},{"label":"Espa\u00f1a lidera la iniciativa internacional para mejorar la asistencia a v\u00edctimas de accidentes a\u00e9reos","link":"https:\/\/eldigitaldeasturias.com\/magazine365\/espana-lidera-la-iniciativa-internacional-para-mejorar-la-asistencia-a-victimas-de-accidentes-aereos\/"}],"_links":{"self":[{"href":"https:\/\/eldigitaldeasturias.com\/magazine365\/wp-json\/wp\/v2\/posts\/38995","targetHints":{"allow":["GET"]}}],"collection":[{"href":"https:\/\/eldigitaldeasturias.com\/magazine365\/wp-json\/wp\/v2\/posts"}],"about":[{"href":"https:\/\/eldigitaldeasturias.com\/magazine365\/wp-json\/wp\/v2\/types\/post"}],"author":[{"embeddable":true,"href":"https:\/\/eldigitaldeasturias.com\/magazine365\/wp-json\/wp\/v2\/users\/1"}],"replies":[{"embeddable":true,"href":"https:\/\/eldigitaldeasturias.com\/magazine365\/wp-json\/wp\/v2\/comments?post=38995"}],"version-history":[{"count":0,"href":"https:\/\/eldigitaldeasturias.com\/magazine365\/wp-json\/wp\/v2\/posts\/38995\/revisions"}],"wp:featuredmedia":[{"embeddable":true,"href":"https:\/\/eldigitaldeasturias.com\/magazine365\/wp-json\/wp\/v2\/media\/38996"}],"wp:attachment":[{"href":"https:\/\/eldigitaldeasturias.com\/magazine365\/wp-json\/wp\/v2\/media?parent=38995"}],"wp:term":[{"taxonomy":"category","embeddable":true,"href":"https:\/\/eldigitaldeasturias.com\/magazine365\/wp-json\/wp\/v2\/categories?post=38995"},{"taxonomy":"post_tag","embeddable":true,"href":"https:\/\/eldigitaldeasturias.com\/magazine365\/wp-json\/wp\/v2\/tags?post=38995"}],"curies":[{"name":"wp","href":"https:\/\/api.w.org\/{rel}","templated":true}]}}