{"id":38983,"date":"2015-06-06T04:40:41","date_gmt":"2015-06-06T03:10:41","guid":{"rendered":"http:\/\/eldigitaldeasturias.com\/magazine365\/?p=38983"},"modified":"2015-06-06T04:40:41","modified_gmt":"2015-06-06T03:10:41","slug":"cartel-de-la-semana-santa-de-merida-2016","status":"publish","type":"post","link":"https:\/\/eldigitaldeasturias.com\/magazine365\/cartel-de-la-semana-santa-de-merida-2016\/","title":{"rendered":"Cartel de la Semana Santa de M\u00e9rida 2016"},"content":{"rendered":"<p><img fetchpriority=\"high\" decoding=\"async\" class=\"alignleft size-medium wp-image-38984\" src=\"https:\/\/eldigitaldeasturias.com\/magazine365\/wp-content\/uploads\/2015\/06\/fotonoticia_20150605141156_800-360x269.jpg\" alt=\"fotonoticia_20150605141156_800\" width=\"360\" height=\"269\" srcset=\"https:\/\/eldigitaldeasturias.com\/magazine365\/wp-content\/uploads\/2015\/06\/fotonoticia_20150605141156_800-360x269.jpg 360w, https:\/\/eldigitaldeasturias.com\/magazine365\/wp-content\/uploads\/2015\/06\/fotonoticia_20150605141156_800-650x486.jpg 650w, https:\/\/eldigitaldeasturias.com\/magazine365\/wp-content\/uploads\/2015\/06\/fotonoticia_20150605141156_800-768x574.jpg 768w, https:\/\/eldigitaldeasturias.com\/magazine365\/wp-content\/uploads\/2015\/06\/fotonoticia_20150605141156_800-150x112.jpg 150w, https:\/\/eldigitaldeasturias.com\/magazine365\/wp-content\/uploads\/2015\/06\/fotonoticia_20150605141156_800-450x336.jpg 450w, https:\/\/eldigitaldeasturias.com\/magazine365\/wp-content\/uploads\/2015\/06\/fotonoticia_20150605141156_800-80x60.jpg 80w, https:\/\/eldigitaldeasturias.com\/magazine365\/wp-content\/uploads\/2015\/06\/fotonoticia_20150605141156_800-265x198.jpg 265w, https:\/\/eldigitaldeasturias.com\/magazine365\/wp-content\/uploads\/2015\/06\/fotonoticia_20150605141156_800-696x520.jpg 696w, https:\/\/eldigitaldeasturias.com\/magazine365\/wp-content\/uploads\/2015\/06\/fotonoticia_20150605141156_800-562x420.jpg 562w, https:\/\/eldigitaldeasturias.com\/magazine365\/wp-content\/uploads\/2015\/06\/fotonoticia_20150605141156_800-90x67.jpg 90w, https:\/\/eldigitaldeasturias.com\/magazine365\/wp-content\/uploads\/2015\/06\/fotonoticia_20150605141156_800-100x75.jpg 100w, https:\/\/eldigitaldeasturias.com\/magazine365\/wp-content\/uploads\/2015\/06\/fotonoticia_20150605141156_800.jpg 800w\" sizes=\"(max-width: 360px) 100vw, 360px\" \/>Una foto a contraluz del paso de la Sagrada Cena del emeritense Marco Antonio S\u00e1nchez Nova ha ganado el primer concurso de Fotograf\u00eda Cofrade en M\u00e9rida y ser\u00e1 la imagen del cartel anunciador de la Semana Santa del pr\u00f3ximo a\u00f1o 2016.<\/p>\n<p>As\u00ed, la Junta de Cofrad\u00edas emeritense procedi\u00f3 la semana pasada a la valoraci\u00f3n de los 20 trabajos presentados al concurso y tras \u00abuna profunda deliberaci\u00f3n\u00bb, el jurado acord\u00f3 por mayor\u00eda elegir la fotograf\u00eda de la Sagrada Cena, y tras la apertura de la plica se conoci\u00f3 el ganador.<\/p>\n<p>El primer premio est\u00e1 dotado con 200 euros y el segundo premio, que ha conseguido el emeritense Manuel Molina Bola\u00f1os, con una placa que ser\u00e1n entregados en el transcurso del Preg\u00f3n de la Semana Santa 2016, seg\u00fan ha informado la Junta de Cofrad\u00edas de M\u00e9rida en nota de prensa.<\/p>\n<p>La fotograf\u00eda ganadora, un contraluz con el Cristo del Amor, del paso de la Sagrada Cena capt\u00f3 la atenci\u00f3n del jurado \u00abpor su originalidad, por la t\u00e9cnica empleada y por el marcado simbolismo de la misma\u00bb, con el sol coronando la imagen del Cristo del\u00bb que destacan las potencias\u00bb.<\/p>\n<p>Por ello, el jurado ha , igualmente, rebautizar el trabajo con el nombre de &#8216;Contraluz cofrade&#8217;, y tambi\u00e9n se da la circunstancia de que es \u00abla tercera vez que la Semana Santa de M\u00e9rida tiene un cartel apaisado\u00bb, y el paso de la Sagrada Cena repite por segundo a\u00f1o consecutivo como protagonista del cartel.<\/p>\n<p>SEGUNDO PREMIO<\/p>\n<p>El segundo premio, que ilustrar\u00e1 el programa de mano, se concedi\u00f3 por mayor\u00eda al trabajo &#8216;V\u00eda Crucis&#8217;, y tras la apertura de la plica, se comprob\u00f3 que su autor es el fot\u00f3grafo emeritense Manuel Molina Bola\u00f1os, y que muestra una parte de la cruz de velas del anfiteatro bajo la que se proyecta la sombra del Cristo de la O.<\/p>\n<p>Adem\u00e1s, como se recog\u00eda en la bases, el fallo se ha producido en la jornada previa al Corpus Christi, de manera que, desde el momento en que se ha hecho p\u00fablico el fallo, \u00abya es la imagen oficial de la Semana Santa\u00bb emeritense.<\/p>\n<p>De esta manera, se cumple \u00abcon el prop\u00f3sito\u00bb de la Junta de Cofrad\u00edas de que el cartel sea elegido en un concurso, con momentos o detalles de la Semana Santa \u00abindependientemente de la Cofrad\u00eda a la que pertenezca la imagen y no como hasta la \u00faltima edici\u00f3n en que se iban rotando el orden de las Hermandades\u00bb.<\/p>\n","protected":false},"excerpt":{"rendered":"<p>Una foto a contraluz del paso de la Sagrada Cena del emeritense Marco Antonio S\u00e1nchez Nova ha ganado el primer concurso de Fotograf\u00eda Cofrade en M\u00e9rida y ser\u00e1 la imagen del cartel anunciador de la Semana Santa del pr\u00f3ximo a\u00f1o 2016. As\u00ed, la Junta de Cofrad\u00edas emeritense procedi\u00f3 la semana pasada a la valoraci\u00f3n de<\/p>\n","protected":false},"author":1,"featured_media":38984,"comment_status":"open","ping_status":"closed","sticky":false,"template":"","format":"standard","meta":{"footnotes":""},"categories":[222],"tags":[],"class_list":{"0":"post-38983","1":"post","2":"type-post","3":"status-publish","4":"format-standard","5":"has-post-thumbnail","7":"category-actualidad-turismo"},"aioseo_notices":[],"aioseo_head":"\n\t\t<!-- All in One SEO Pro 4.9.6.1 - aioseo.com -->\n\t<meta name=\"description\" content=\"Una foto a contraluz del paso de la Sagrada Cena del emeritense Marco Antonio S\u00e1nchez Nova ha ganado el primer concurso de Fotograf\u00eda Cofrade en M\u00e9rida y ser\u00e1 la imagen del cartel anunciador de la Semana Santa del pr\u00f3ximo a\u00f1o 2016. As\u00ed, la Junta de Cofrad\u00edas emeritense procedi\u00f3 la semana pasada a la valoraci\u00f3n de\" \/>\n\t<meta name=\"robots\" content=\"max-image-preview:large\" \/>\n\t<meta name=\"author\" content=\"admin\"\/>\n\t<meta name=\"google-site-verification\" content=\"UA-38556648-1\" \/>\n\t<meta name=\"keywords\" content=\"actualidad turismo\" \/>\n\t<link rel=\"canonical\" href=\"https:\/\/eldigitaldeasturias.com\/magazine365\/cartel-de-la-semana-santa-de-merida-2016\/\" \/>\n\t<meta name=\"generator\" content=\"All in One SEO Pro (AIOSEO) 4.9.6.1\" \/>\n\t\t<meta property=\"og:locale\" content=\"es_ES\" \/>\n\t\t<meta property=\"og:site_name\" content=\"El Digital de Asturias \u2013 Revista de ocio, turismo y estilo de vida\" \/>\n\t\t<meta property=\"og:type\" content=\"article\" \/>\n\t\t<meta property=\"og:title\" content=\"Cartel de la Semana Santa de M\u00e9rida 2016 | El Digital de Asturias\" \/>\n\t\t<meta property=\"og:description\" content=\"Una foto a contraluz del paso de la Sagrada Cena del emeritense Marco Antonio S\u00e1nchez Nova ha ganado el primer concurso de Fotograf\u00eda Cofrade en M\u00e9rida y ser\u00e1 la imagen del cartel anunciador de la Semana Santa del pr\u00f3ximo a\u00f1o 2016. As\u00ed, la Junta de Cofrad\u00edas emeritense procedi\u00f3 la semana pasada a la valoraci\u00f3n de\" \/>\n\t\t<meta property=\"og:url\" content=\"https:\/\/eldigitaldeasturias.com\/magazine365\/cartel-de-la-semana-santa-de-merida-2016\/\" \/>\n\t\t<meta property=\"og:image\" content=\"https:\/\/eldigitaldeasturias.com\/magazine365\/wp-content\/uploads\/2015\/06\/fotonoticia_20150605141156_800.jpg\" \/>\n\t\t<meta property=\"og:image:secure_url\" content=\"https:\/\/eldigitaldeasturias.com\/magazine365\/wp-content\/uploads\/2015\/06\/fotonoticia_20150605141156_800.jpg\" \/>\n\t\t<meta property=\"og:image:width\" content=\"800\" \/>\n\t\t<meta property=\"og:image:height\" content=\"598\" \/>\n\t\t<meta property=\"article:published_time\" content=\"2015-06-06T03:10:41+00:00\" \/>\n\t\t<meta property=\"article:modified_time\" content=\"2015-06-06T03:10:41+00:00\" \/>\n\t\t<meta name=\"twitter:card\" content=\"summary_large_image\" \/>\n\t\t<meta name=\"twitter:title\" content=\"Cartel de la Semana Santa de M\u00e9rida 2016 | El Digital de Asturias\" \/>\n\t\t<meta name=\"twitter:description\" content=\"Una foto a contraluz del paso de la Sagrada Cena del emeritense Marco Antonio S\u00e1nchez Nova ha ganado el primer concurso de Fotograf\u00eda Cofrade en M\u00e9rida y ser\u00e1 la imagen del cartel anunciador de la Semana Santa del pr\u00f3ximo a\u00f1o 2016. As\u00ed, la Junta de Cofrad\u00edas emeritense procedi\u00f3 la semana pasada a la valoraci\u00f3n de\" \/>\n\t\t<meta name=\"twitter:image\" content=\"https:\/\/eldigitaldeasturias.com\/magazine365\/wp-content\/uploads\/2015\/06\/fotonoticia_20150605141156_800.jpg\" \/>\n\t\t<script type=\"application\/ld+json\" class=\"aioseo-schema\">\n\t\t\t{\"@context\":\"https:\\\/\\\/schema.org\",\"@graph\":[{\"@type\":\"Article\",\"@id\":\"https:\\\/\\\/eldigitaldeasturias.com\\\/magazine365\\\/cartel-de-la-semana-santa-de-merida-2016\\\/#article\",\"name\":\"Cartel de la Semana Santa de M\\u00e9rida 2016 | El Digital de Asturias\",\"headline\":\"Cartel de la Semana Santa de M\\u00e9rida 2016\",\"author\":{\"@id\":\"https:\\\/\\\/eldigitaldeasturias.com\\\/magazine365\\\/author\\\/admin\\\/#author\"},\"publisher\":{\"@id\":\"https:\\\/\\\/eldigitaldeasturias.com\\\/magazine365\\\/#organization\"},\"image\":{\"@type\":\"ImageObject\",\"url\":\"https:\\\/\\\/eldigitaldeasturias.com\\\/magazine365\\\/wp-content\\\/uploads\\\/2015\\\/06\\\/fotonoticia_20150605141156_800.jpg\",\"width\":800,\"height\":598},\"datePublished\":\"2015-06-06T04:40:41+02:00\",\"dateModified\":\"2015-06-06T04:40:41+02:00\",\"inLanguage\":\"es-ES\",\"mainEntityOfPage\":{\"@id\":\"https:\\\/\\\/eldigitaldeasturias.com\\\/magazine365\\\/cartel-de-la-semana-santa-de-merida-2016\\\/#webpage\"},\"isPartOf\":{\"@id\":\"https:\\\/\\\/eldigitaldeasturias.com\\\/magazine365\\\/cartel-de-la-semana-santa-de-merida-2016\\\/#webpage\"},\"articleSection\":\"Actualidad Turismo\"},{\"@type\":\"BreadcrumbList\",\"@id\":\"https:\\\/\\\/eldigitaldeasturias.com\\\/magazine365\\\/cartel-de-la-semana-santa-de-merida-2016\\\/#breadcrumblist\",\"itemListElement\":[{\"@type\":\"ListItem\",\"@id\":\"https:\\\/\\\/eldigitaldeasturias.com\\\/magazine365#listItem\",\"position\":1,\"name\":\"Home\",\"item\":\"https:\\\/\\\/eldigitaldeasturias.com\\\/magazine365\",\"nextItem\":{\"@type\":\"ListItem\",\"@id\":\"https:\\\/\\\/eldigitaldeasturias.com\\\/magazine365\\\/category\\\/actualidad-turismo\\\/#listItem\",\"name\":\"Actualidad Turismo\"}},{\"@type\":\"ListItem\",\"@id\":\"https:\\\/\\\/eldigitaldeasturias.com\\\/magazine365\\\/category\\\/actualidad-turismo\\\/#listItem\",\"position\":2,\"name\":\"Actualidad Turismo\",\"item\":\"https:\\\/\\\/eldigitaldeasturias.com\\\/magazine365\\\/category\\\/actualidad-turismo\\\/\",\"nextItem\":{\"@type\":\"ListItem\",\"@id\":\"https:\\\/\\\/eldigitaldeasturias.com\\\/magazine365\\\/cartel-de-la-semana-santa-de-merida-2016\\\/#listItem\",\"name\":\"Cartel de la Semana Santa de M\\u00e9rida 2016\"},\"previousItem\":{\"@type\":\"ListItem\",\"@id\":\"https:\\\/\\\/eldigitaldeasturias.com\\\/magazine365#listItem\",\"name\":\"Home\"}},{\"@type\":\"ListItem\",\"@id\":\"https:\\\/\\\/eldigitaldeasturias.com\\\/magazine365\\\/cartel-de-la-semana-santa-de-merida-2016\\\/#listItem\",\"position\":3,\"name\":\"Cartel de la Semana Santa de M\\u00e9rida 2016\",\"previousItem\":{\"@type\":\"ListItem\",\"@id\":\"https:\\\/\\\/eldigitaldeasturias.com\\\/magazine365\\\/category\\\/actualidad-turismo\\\/#listItem\",\"name\":\"Actualidad Turismo\"}}]},{\"@type\":\"Organization\",\"@id\":\"https:\\\/\\\/eldigitaldeasturias.com\\\/magazine365\\\/#organization\",\"name\":\"El digital de Asturias\",\"description\":\"Revista de ocio, turismo y estilo de vida\",\"url\":\"https:\\\/\\\/eldigitaldeasturias.com\\\/magazine365\\\/\",\"logo\":{\"@type\":\"ImageObject\",\"url\":\"https:\\\/\\\/www.eldigitaldeasturias.com\\\/noticias\\\/wp-content\\\/uploads\\\/2020\\\/12\\\/EDA.jpg\",\"@id\":\"https:\\\/\\\/eldigitaldeasturias.com\\\/magazine365\\\/cartel-de-la-semana-santa-de-merida-2016\\\/#organizationLogo\"},\"image\":{\"@id\":\"https:\\\/\\\/eldigitaldeasturias.com\\\/magazine365\\\/cartel-de-la-semana-santa-de-merida-2016\\\/#organizationLogo\"}},{\"@type\":\"Person\",\"@id\":\"https:\\\/\\\/eldigitaldeasturias.com\\\/magazine365\\\/author\\\/admin\\\/#author\",\"url\":\"https:\\\/\\\/eldigitaldeasturias.com\\\/magazine365\\\/author\\\/admin\\\/\",\"name\":\"admin\",\"image\":{\"@type\":\"ImageObject\",\"@id\":\"https:\\\/\\\/eldigitaldeasturias.com\\\/magazine365\\\/cartel-de-la-semana-santa-de-merida-2016\\\/#authorImage\",\"url\":\"https:\\\/\\\/eldigitaldeasturias.com\\\/magazine365\\\/wp-content\\\/litespeed\\\/avatar\\\/e571bcf59a0edd6fa6838245a470f2fe.jpg?ver=1776969259\",\"width\":96,\"height\":96,\"caption\":\"admin\"}},{\"@type\":\"WebPage\",\"@id\":\"https:\\\/\\\/eldigitaldeasturias.com\\\/magazine365\\\/cartel-de-la-semana-santa-de-merida-2016\\\/#webpage\",\"url\":\"https:\\\/\\\/eldigitaldeasturias.com\\\/magazine365\\\/cartel-de-la-semana-santa-de-merida-2016\\\/\",\"name\":\"Cartel de la Semana Santa de M\\u00e9rida 2016 | El Digital de Asturias\",\"description\":\"Una foto a contraluz del paso de la Sagrada Cena del emeritense Marco Antonio S\\u00e1nchez Nova ha ganado el primer concurso de Fotograf\\u00eda Cofrade en M\\u00e9rida y ser\\u00e1 la imagen del cartel anunciador de la Semana Santa del pr\\u00f3ximo a\\u00f1o 2016. As\\u00ed, la Junta de Cofrad\\u00edas emeritense procedi\\u00f3 la semana pasada a la valoraci\\u00f3n de\",\"inLanguage\":\"es-ES\",\"isPartOf\":{\"@id\":\"https:\\\/\\\/eldigitaldeasturias.com\\\/magazine365\\\/#website\"},\"breadcrumb\":{\"@id\":\"https:\\\/\\\/eldigitaldeasturias.com\\\/magazine365\\\/cartel-de-la-semana-santa-de-merida-2016\\\/#breadcrumblist\"},\"author\":{\"@id\":\"https:\\\/\\\/eldigitaldeasturias.com\\\/magazine365\\\/author\\\/admin\\\/#author\"},\"creator\":{\"@id\":\"https:\\\/\\\/eldigitaldeasturias.com\\\/magazine365\\\/author\\\/admin\\\/#author\"},\"image\":{\"@type\":\"ImageObject\",\"url\":\"https:\\\/\\\/eldigitaldeasturias.com\\\/magazine365\\\/wp-content\\\/uploads\\\/2015\\\/06\\\/fotonoticia_20150605141156_800.jpg\",\"@id\":\"https:\\\/\\\/eldigitaldeasturias.com\\\/magazine365\\\/cartel-de-la-semana-santa-de-merida-2016\\\/#mainImage\",\"width\":800,\"height\":598},\"primaryImageOfPage\":{\"@id\":\"https:\\\/\\\/eldigitaldeasturias.com\\\/magazine365\\\/cartel-de-la-semana-santa-de-merida-2016\\\/#mainImage\"},\"datePublished\":\"2015-06-06T04:40:41+02:00\",\"dateModified\":\"2015-06-06T04:40:41+02:00\"},{\"@type\":\"WebSite\",\"@id\":\"https:\\\/\\\/eldigitaldeasturias.com\\\/magazine365\\\/#website\",\"url\":\"https:\\\/\\\/eldigitaldeasturias.com\\\/magazine365\\\/\",\"name\":\"El Digital de Asturias\",\"description\":\"Revista de ocio, turismo y estilo de vida\",\"inLanguage\":\"es-ES\",\"publisher\":{\"@id\":\"https:\\\/\\\/eldigitaldeasturias.com\\\/magazine365\\\/#organization\"}}]}\n\t\t<\/script>\n\t\t<!-- All in One SEO Pro -->\r\n\t\t<title>Cartel de la Semana Santa de M\u00e9rida 2016 | El Digital de Asturias<\/title>\n\n","aioseo_head_json":{"title":"Cartel de la Semana Santa de M\u00e9rida 2016 | El Digital de Asturias","description":"Una foto a contraluz del paso de la Sagrada Cena del emeritense Marco Antonio S\u00e1nchez Nova ha ganado el primer concurso de Fotograf\u00eda Cofrade en M\u00e9rida y ser\u00e1 la imagen del cartel anunciador de la Semana Santa del pr\u00f3ximo a\u00f1o 2016. As\u00ed, la Junta de Cofrad\u00edas emeritense procedi\u00f3 la semana pasada a la valoraci\u00f3n de","canonical_url":"https:\/\/eldigitaldeasturias.com\/magazine365\/cartel-de-la-semana-santa-de-merida-2016\/","robots":"max-image-preview:large","keywords":"actualidad turismo","webmasterTools":{"google-site-verification":"UA-38556648-1","miscellaneous":""},"schema":{"@context":"https:\/\/schema.org","@graph":[{"@type":"Article","@id":"https:\/\/eldigitaldeasturias.com\/magazine365\/cartel-de-la-semana-santa-de-merida-2016\/#article","name":"Cartel de la Semana Santa de M\u00e9rida 2016 | El Digital de Asturias","headline":"Cartel de la Semana Santa de M\u00e9rida 2016","author":{"@id":"https:\/\/eldigitaldeasturias.com\/magazine365\/author\/admin\/#author"},"publisher":{"@id":"https:\/\/eldigitaldeasturias.com\/magazine365\/#organization"},"image":{"@type":"ImageObject","url":"https:\/\/eldigitaldeasturias.com\/magazine365\/wp-content\/uploads\/2015\/06\/fotonoticia_20150605141156_800.jpg","width":800,"height":598},"datePublished":"2015-06-06T04:40:41+02:00","dateModified":"2015-06-06T04:40:41+02:00","inLanguage":"es-ES","mainEntityOfPage":{"@id":"https:\/\/eldigitaldeasturias.com\/magazine365\/cartel-de-la-semana-santa-de-merida-2016\/#webpage"},"isPartOf":{"@id":"https:\/\/eldigitaldeasturias.com\/magazine365\/cartel-de-la-semana-santa-de-merida-2016\/#webpage"},"articleSection":"Actualidad Turismo"},{"@type":"BreadcrumbList","@id":"https:\/\/eldigitaldeasturias.com\/magazine365\/cartel-de-la-semana-santa-de-merida-2016\/#breadcrumblist","itemListElement":[{"@type":"ListItem","@id":"https:\/\/eldigitaldeasturias.com\/magazine365#listItem","position":1,"name":"Home","item":"https:\/\/eldigitaldeasturias.com\/magazine365","nextItem":{"@type":"ListItem","@id":"https:\/\/eldigitaldeasturias.com\/magazine365\/category\/actualidad-turismo\/#listItem","name":"Actualidad Turismo"}},{"@type":"ListItem","@id":"https:\/\/eldigitaldeasturias.com\/magazine365\/category\/actualidad-turismo\/#listItem","position":2,"name":"Actualidad Turismo","item":"https:\/\/eldigitaldeasturias.com\/magazine365\/category\/actualidad-turismo\/","nextItem":{"@type":"ListItem","@id":"https:\/\/eldigitaldeasturias.com\/magazine365\/cartel-de-la-semana-santa-de-merida-2016\/#listItem","name":"Cartel de la Semana Santa de M\u00e9rida 2016"},"previousItem":{"@type":"ListItem","@id":"https:\/\/eldigitaldeasturias.com\/magazine365#listItem","name":"Home"}},{"@type":"ListItem","@id":"https:\/\/eldigitaldeasturias.com\/magazine365\/cartel-de-la-semana-santa-de-merida-2016\/#listItem","position":3,"name":"Cartel de la Semana Santa de M\u00e9rida 2016","previousItem":{"@type":"ListItem","@id":"https:\/\/eldigitaldeasturias.com\/magazine365\/category\/actualidad-turismo\/#listItem","name":"Actualidad Turismo"}}]},{"@type":"Organization","@id":"https:\/\/eldigitaldeasturias.com\/magazine365\/#organization","name":"El digital de Asturias","description":"Revista de ocio, turismo y estilo de vida","url":"https:\/\/eldigitaldeasturias.com\/magazine365\/","logo":{"@type":"ImageObject","url":"https:\/\/www.eldigitaldeasturias.com\/noticias\/wp-content\/uploads\/2020\/12\/EDA.jpg","@id":"https:\/\/eldigitaldeasturias.com\/magazine365\/cartel-de-la-semana-santa-de-merida-2016\/#organizationLogo"},"image":{"@id":"https:\/\/eldigitaldeasturias.com\/magazine365\/cartel-de-la-semana-santa-de-merida-2016\/#organizationLogo"}},{"@type":"Person","@id":"https:\/\/eldigitaldeasturias.com\/magazine365\/author\/admin\/#author","url":"https:\/\/eldigitaldeasturias.com\/magazine365\/author\/admin\/","name":"admin","image":{"@type":"ImageObject","@id":"https:\/\/eldigitaldeasturias.com\/magazine365\/cartel-de-la-semana-santa-de-merida-2016\/#authorImage","url":"https:\/\/eldigitaldeasturias.com\/magazine365\/wp-content\/litespeed\/avatar\/e571bcf59a0edd6fa6838245a470f2fe.jpg?ver=1776969259","width":96,"height":96,"caption":"admin"}},{"@type":"WebPage","@id":"https:\/\/eldigitaldeasturias.com\/magazine365\/cartel-de-la-semana-santa-de-merida-2016\/#webpage","url":"https:\/\/eldigitaldeasturias.com\/magazine365\/cartel-de-la-semana-santa-de-merida-2016\/","name":"Cartel de la Semana Santa de M\u00e9rida 2016 | El Digital de Asturias","description":"Una foto a contraluz del paso de la Sagrada Cena del emeritense Marco Antonio S\u00e1nchez Nova ha ganado el primer concurso de Fotograf\u00eda Cofrade en M\u00e9rida y ser\u00e1 la imagen del cartel anunciador de la Semana Santa del pr\u00f3ximo a\u00f1o 2016. As\u00ed, la Junta de Cofrad\u00edas emeritense procedi\u00f3 la semana pasada a la valoraci\u00f3n de","inLanguage":"es-ES","isPartOf":{"@id":"https:\/\/eldigitaldeasturias.com\/magazine365\/#website"},"breadcrumb":{"@id":"https:\/\/eldigitaldeasturias.com\/magazine365\/cartel-de-la-semana-santa-de-merida-2016\/#breadcrumblist"},"author":{"@id":"https:\/\/eldigitaldeasturias.com\/magazine365\/author\/admin\/#author"},"creator":{"@id":"https:\/\/eldigitaldeasturias.com\/magazine365\/author\/admin\/#author"},"image":{"@type":"ImageObject","url":"https:\/\/eldigitaldeasturias.com\/magazine365\/wp-content\/uploads\/2015\/06\/fotonoticia_20150605141156_800.jpg","@id":"https:\/\/eldigitaldeasturias.com\/magazine365\/cartel-de-la-semana-santa-de-merida-2016\/#mainImage","width":800,"height":598},"primaryImageOfPage":{"@id":"https:\/\/eldigitaldeasturias.com\/magazine365\/cartel-de-la-semana-santa-de-merida-2016\/#mainImage"},"datePublished":"2015-06-06T04:40:41+02:00","dateModified":"2015-06-06T04:40:41+02:00"},{"@type":"WebSite","@id":"https:\/\/eldigitaldeasturias.com\/magazine365\/#website","url":"https:\/\/eldigitaldeasturias.com\/magazine365\/","name":"El Digital de Asturias","description":"Revista de ocio, turismo y estilo de vida","inLanguage":"es-ES","publisher":{"@id":"https:\/\/eldigitaldeasturias.com\/magazine365\/#organization"}}]},"og:locale":"es_ES","og:site_name":"El Digital de Asturias \u2013 Revista de ocio, turismo y estilo de vida","og:type":"article","og:title":"Cartel de la Semana Santa de M\u00e9rida 2016 | El Digital de Asturias","og:description":"Una foto a contraluz del paso de la Sagrada Cena del emeritense Marco Antonio S\u00e1nchez Nova ha ganado el primer concurso de Fotograf\u00eda Cofrade en M\u00e9rida y ser\u00e1 la imagen del cartel anunciador de la Semana Santa del pr\u00f3ximo a\u00f1o 2016. As\u00ed, la Junta de Cofrad\u00edas emeritense procedi\u00f3 la semana pasada a la valoraci\u00f3n de","og:url":"https:\/\/eldigitaldeasturias.com\/magazine365\/cartel-de-la-semana-santa-de-merida-2016\/","og:image":"https:\/\/eldigitaldeasturias.com\/magazine365\/wp-content\/uploads\/2015\/06\/fotonoticia_20150605141156_800.jpg","og:image:secure_url":"https:\/\/eldigitaldeasturias.com\/magazine365\/wp-content\/uploads\/2015\/06\/fotonoticia_20150605141156_800.jpg","og:image:width":800,"og:image:height":598,"article:published_time":"2015-06-06T03:10:41+00:00","article:modified_time":"2015-06-06T03:10:41+00:00","twitter:card":"summary_large_image","twitter:title":"Cartel de la Semana Santa de M\u00e9rida 2016 | El Digital de Asturias","twitter:description":"Una foto a contraluz del paso de la Sagrada Cena del emeritense Marco Antonio S\u00e1nchez Nova ha ganado el primer concurso de Fotograf\u00eda Cofrade en M\u00e9rida y ser\u00e1 la imagen del cartel anunciador de la Semana Santa del pr\u00f3ximo a\u00f1o 2016. As\u00ed, la Junta de Cofrad\u00edas emeritense procedi\u00f3 la semana pasada a la valoraci\u00f3n de","twitter:image":"https:\/\/eldigitaldeasturias.com\/magazine365\/wp-content\/uploads\/2015\/06\/fotonoticia_20150605141156_800.jpg"},"aioseo_meta_data":{"post_id":"38983","title":null,"description":null,"keywords":null,"keyphrases":null,"primary_term":null,"canonical_url":null,"og_title":null,"og_description":null,"og_object_type":"default","og_image_type":"default","og_image_url":null,"og_image_width":null,"og_image_height":null,"og_image_custom_url":null,"og_image_custom_fields":null,"og_video":null,"og_custom_url":null,"og_article_section":null,"og_article_tags":null,"twitter_use_og":false,"twitter_card":"default","twitter_image_type":"default","twitter_image_url":null,"twitter_image_custom_url":null,"twitter_image_custom_fields":null,"twitter_title":null,"twitter_description":null,"schema":{"blockGraphs":[],"customGraphs":[],"default":{"data":{"Article":[],"Course":[],"Dataset":[],"FAQPage":[],"Movie":[],"Person":[],"Product":[],"ProductReview":[],"Car":[],"Recipe":[],"Service":[],"SoftwareApplication":[],"WebPage":[]},"graphName":"","isEnabled":true},"graphs":[],"defaultGraph":"","defaultPostTypeGraph":""},"schema_type":null,"schema_type_options":null,"pillar_content":false,"robots_default":true,"robots_noindex":false,"robots_noarchive":false,"robots_nosnippet":false,"robots_nofollow":false,"robots_noimageindex":false,"robots_noodp":false,"robots_notranslate":false,"robots_max_snippet":null,"robots_max_videopreview":null,"robots_max_imagepreview":"large","priority":null,"frequency":null,"location":null,"local_seo":null,"seo_analyzer_scan_date":"2025-09-19 10:43:31","breadcrumb_settings":null,"limit_modified_date":false,"open_ai":null,"ai":null,"created":"2021-03-09 02:46:43","updated":"2025-09-19 10:43:31"},"aioseo_breadcrumb":"<div class=\"aioseo-breadcrumbs\"><span class=\"aioseo-breadcrumb\">\n\t<a href=\"https:\/\/eldigitaldeasturias.com\/magazine365\" title=\"Home\">Home<\/a>\n<\/span><span class=\"aioseo-breadcrumb-separator\">\u2013<\/span><span class=\"aioseo-breadcrumb\">\n\t<a href=\"https:\/\/eldigitaldeasturias.com\/magazine365\/category\/actualidad-turismo\/\" title=\"Actualidad Turismo\">Actualidad Turismo<\/a>\n<\/span><span class=\"aioseo-breadcrumb-separator\">\u2013<\/span><span class=\"aioseo-breadcrumb\">\n\t<a href=\"https:\/\/eldigitaldeasturias.com\/magazine365\/cartel-de-la-semana-santa-de-merida-2016\/\" title=\"Cartel de la Semana Santa de M\u00e9rida 2016\">Cartel de la Semana Santa de M\u00e9rida 2016<\/a>\n<\/span><\/div>","aioseo_breadcrumb_json":[{"label":"Home","link":"https:\/\/eldigitaldeasturias.com\/magazine365"},{"label":"Actualidad Turismo","link":"https:\/\/eldigitaldeasturias.com\/magazine365\/category\/actualidad-turismo\/"},{"label":"Cartel de la Semana Santa de M\u00e9rida 2016","link":"https:\/\/eldigitaldeasturias.com\/magazine365\/cartel-de-la-semana-santa-de-merida-2016\/"}],"_links":{"self":[{"href":"https:\/\/eldigitaldeasturias.com\/magazine365\/wp-json\/wp\/v2\/posts\/38983","targetHints":{"allow":["GET"]}}],"collection":[{"href":"https:\/\/eldigitaldeasturias.com\/magazine365\/wp-json\/wp\/v2\/posts"}],"about":[{"href":"https:\/\/eldigitaldeasturias.com\/magazine365\/wp-json\/wp\/v2\/types\/post"}],"author":[{"embeddable":true,"href":"https:\/\/eldigitaldeasturias.com\/magazine365\/wp-json\/wp\/v2\/users\/1"}],"replies":[{"embeddable":true,"href":"https:\/\/eldigitaldeasturias.com\/magazine365\/wp-json\/wp\/v2\/comments?post=38983"}],"version-history":[{"count":0,"href":"https:\/\/eldigitaldeasturias.com\/magazine365\/wp-json\/wp\/v2\/posts\/38983\/revisions"}],"wp:featuredmedia":[{"embeddable":true,"href":"https:\/\/eldigitaldeasturias.com\/magazine365\/wp-json\/wp\/v2\/media\/38984"}],"wp:attachment":[{"href":"https:\/\/eldigitaldeasturias.com\/magazine365\/wp-json\/wp\/v2\/media?parent=38983"}],"wp:term":[{"taxonomy":"category","embeddable":true,"href":"https:\/\/eldigitaldeasturias.com\/magazine365\/wp-json\/wp\/v2\/categories?post=38983"},{"taxonomy":"post_tag","embeddable":true,"href":"https:\/\/eldigitaldeasturias.com\/magazine365\/wp-json\/wp\/v2\/tags?post=38983"}],"curies":[{"name":"wp","href":"https:\/\/api.w.org\/{rel}","templated":true}]}}