{"id":38979,"date":"2015-06-06T04:39:03","date_gmt":"2015-06-06T03:09:03","guid":{"rendered":"http:\/\/eldigitaldeasturias.com\/magazine365\/?p=38979"},"modified":"2015-06-06T04:39:03","modified_gmt":"2015-06-06T03:09:03","slug":"american-airlines-aumenta-la-capacidad-entre-miami-y-quito-con-el-boeing-767","status":"publish","type":"post","link":"https:\/\/eldigitaldeasturias.com\/magazine365\/american-airlines-aumenta-la-capacidad-entre-miami-y-quito-con-el-boeing-767\/","title":{"rendered":"American Airlines aumenta la capacidad entre Miami y Quito con el Boeing 767"},"content":{"rendered":"<p><img fetchpriority=\"high\" decoding=\"async\" class=\"alignleft size-medium wp-image-38980\" src=\"https:\/\/eldigitaldeasturias.com\/magazine365\/wp-content\/uploads\/2015\/06\/fotonoticia_20150605140730_800-360x239.jpg\" alt=\"fotonoticia_20150605140730_800\" width=\"360\" height=\"239\" srcset=\"https:\/\/eldigitaldeasturias.com\/magazine365\/wp-content\/uploads\/2015\/06\/fotonoticia_20150605140730_800-360x239.jpg 360w, https:\/\/eldigitaldeasturias.com\/magazine365\/wp-content\/uploads\/2015\/06\/fotonoticia_20150605140730_800-650x432.jpg 650w, https:\/\/eldigitaldeasturias.com\/magazine365\/wp-content\/uploads\/2015\/06\/fotonoticia_20150605140730_800-768x511.jpg 768w, https:\/\/eldigitaldeasturias.com\/magazine365\/wp-content\/uploads\/2015\/06\/fotonoticia_20150605140730_800-150x100.jpg 150w, https:\/\/eldigitaldeasturias.com\/magazine365\/wp-content\/uploads\/2015\/06\/fotonoticia_20150605140730_800-450x299.jpg 450w, https:\/\/eldigitaldeasturias.com\/magazine365\/wp-content\/uploads\/2015\/06\/fotonoticia_20150605140730_800-696x463.jpg 696w, https:\/\/eldigitaldeasturias.com\/magazine365\/wp-content\/uploads\/2015\/06\/fotonoticia_20150605140730_800-632x420.jpg 632w, https:\/\/eldigitaldeasturias.com\/magazine365\/wp-content\/uploads\/2015\/06\/fotonoticia_20150605140730_800-84x55.jpg 84w, https:\/\/eldigitaldeasturias.com\/magazine365\/wp-content\/uploads\/2015\/06\/fotonoticia_20150605140730_800.jpg 800w\" sizes=\"(max-width: 360px) 100vw, 360px\" \/>La a\u00e9rea norteamericana American Airlines ha anunciado una mayor capacidad en su ruta Miami-Quito para esta temporada estival, al emplear un Boeing 767 en uno de sus dos vuelos diarios entre ambas ciudades, seg\u00fan informa la compa\u00f1\u00eda en un comunicado.<\/p>\n<p>De este modo, aumenta los asientos ofertados por kil\u00f3metro ante la demanda creciente en Ecuador, con un total de 218 plazas, 30 de ellas en clase ejecutiva y 188 en clase econ\u00f3mica.<\/p>\n<p>Tambi\u00e9n ampl\u00eda su oferta entre Miami y el aeropuerto internacional Jos\u00e9 Joaqu\u00edn de Olmedo (GYE) de Guayaquil, cuyo servicio est\u00e1 a cargo de un Boeing 757 con 176 asientos en vez de los 160 del Boeing 737.<\/p>\n<p>American Airlines obtuvo un tr\u00e1fico de pasajeros hasta abril un 1,1% menor al mismo mes un a\u00f1o antes, con ca\u00eddas tanto en el mercado dom\u00e9stico (-1,1%) como internacional (-3,3%), siendo atribuibles a la marca principal un descenso del 1,9% frente al aumento en las aerol\u00edneas regionales del grupo (+5,8%).<\/p>\n","protected":false},"excerpt":{"rendered":"<p>La a\u00e9rea norteamericana American Airlines ha anunciado una mayor capacidad en su ruta Miami-Quito para esta temporada estival, al emplear un Boeing 767 en uno de sus dos vuelos diarios entre ambas ciudades, seg\u00fan informa la compa\u00f1\u00eda en un comunicado. De este modo, aumenta los asientos ofertados por kil\u00f3metro ante la demanda creciente en Ecuador,<\/p>\n","protected":false},"author":1,"featured_media":38980,"comment_status":"open","ping_status":"closed","sticky":false,"template":"","format":"standard","meta":{"footnotes":""},"categories":[222],"tags":[],"class_list":{"0":"post-38979","1":"post","2":"type-post","3":"status-publish","4":"format-standard","5":"has-post-thumbnail","7":"category-actualidad-turismo"},"aioseo_notices":[],"aioseo_head":"\n\t\t<!-- All in One SEO Pro 4.9.6.1 - aioseo.com -->\n\t<meta name=\"description\" content=\"La a\u00e9rea norteamericana American Airlines ha anunciado una mayor capacidad en su ruta Miami-Quito para esta temporada estival, al emplear un Boeing 767 en uno de sus dos vuelos diarios entre ambas ciudades, seg\u00fan informa la compa\u00f1\u00eda en un comunicado. De este modo, aumenta los asientos ofertados por kil\u00f3metro ante la demanda creciente en Ecuador,\" \/>\n\t<meta name=\"robots\" content=\"max-image-preview:large\" \/>\n\t<meta name=\"author\" content=\"admin\"\/>\n\t<meta name=\"google-site-verification\" content=\"UA-38556648-1\" \/>\n\t<meta name=\"keywords\" content=\"actualidad turismo\" \/>\n\t<link rel=\"canonical\" href=\"https:\/\/eldigitaldeasturias.com\/magazine365\/american-airlines-aumenta-la-capacidad-entre-miami-y-quito-con-el-boeing-767\/\" \/>\n\t<meta name=\"generator\" content=\"All in One SEO Pro (AIOSEO) 4.9.6.1\" \/>\n\t\t<meta property=\"og:locale\" content=\"es_ES\" \/>\n\t\t<meta property=\"og:site_name\" content=\"El Digital de Asturias \u2013 Revista de ocio, turismo y estilo de vida\" \/>\n\t\t<meta property=\"og:type\" content=\"article\" \/>\n\t\t<meta property=\"og:title\" content=\"American Airlines aumenta la capacidad entre Miami y Quito con el Boeing 767 | El Digital de Asturias\" \/>\n\t\t<meta property=\"og:description\" content=\"La a\u00e9rea norteamericana American Airlines ha anunciado una mayor capacidad en su ruta Miami-Quito para esta temporada estival, al emplear un Boeing 767 en uno de sus dos vuelos diarios entre ambas ciudades, seg\u00fan informa la compa\u00f1\u00eda en un comunicado. De este modo, aumenta los asientos ofertados por kil\u00f3metro ante la demanda creciente en Ecuador,\" \/>\n\t\t<meta property=\"og:url\" content=\"https:\/\/eldigitaldeasturias.com\/magazine365\/american-airlines-aumenta-la-capacidad-entre-miami-y-quito-con-el-boeing-767\/\" \/>\n\t\t<meta property=\"og:image\" content=\"https:\/\/eldigitaldeasturias.com\/magazine365\/wp-content\/uploads\/2015\/06\/fotonoticia_20150605140730_800.jpg\" \/>\n\t\t<meta property=\"og:image:secure_url\" content=\"https:\/\/eldigitaldeasturias.com\/magazine365\/wp-content\/uploads\/2015\/06\/fotonoticia_20150605140730_800.jpg\" \/>\n\t\t<meta property=\"og:image:width\" content=\"800\" \/>\n\t\t<meta property=\"og:image:height\" content=\"532\" \/>\n\t\t<meta property=\"article:published_time\" content=\"2015-06-06T03:09:03+00:00\" \/>\n\t\t<meta property=\"article:modified_time\" content=\"2015-06-06T03:09:03+00:00\" \/>\n\t\t<meta name=\"twitter:card\" content=\"summary_large_image\" \/>\n\t\t<meta name=\"twitter:title\" content=\"American Airlines aumenta la capacidad entre Miami y Quito con el Boeing 767 | El Digital de Asturias\" \/>\n\t\t<meta name=\"twitter:description\" content=\"La a\u00e9rea norteamericana American Airlines ha anunciado una mayor capacidad en su ruta Miami-Quito para esta temporada estival, al emplear un Boeing 767 en uno de sus dos vuelos diarios entre ambas ciudades, seg\u00fan informa la compa\u00f1\u00eda en un comunicado. De este modo, aumenta los asientos ofertados por kil\u00f3metro ante la demanda creciente en Ecuador,\" \/>\n\t\t<meta name=\"twitter:image\" content=\"https:\/\/eldigitaldeasturias.com\/magazine365\/wp-content\/uploads\/2015\/06\/fotonoticia_20150605140730_800.jpg\" \/>\n\t\t<script type=\"application\/ld+json\" class=\"aioseo-schema\">\n\t\t\t{\"@context\":\"https:\\\/\\\/schema.org\",\"@graph\":[{\"@type\":\"Article\",\"@id\":\"https:\\\/\\\/eldigitaldeasturias.com\\\/magazine365\\\/american-airlines-aumenta-la-capacidad-entre-miami-y-quito-con-el-boeing-767\\\/#article\",\"name\":\"American Airlines aumenta la capacidad entre Miami y Quito con el Boeing 767 | El Digital de Asturias\",\"headline\":\"American Airlines aumenta la capacidad entre Miami y Quito con el Boeing 767\",\"author\":{\"@id\":\"https:\\\/\\\/eldigitaldeasturias.com\\\/magazine365\\\/author\\\/admin\\\/#author\"},\"publisher\":{\"@id\":\"https:\\\/\\\/eldigitaldeasturias.com\\\/magazine365\\\/#organization\"},\"image\":{\"@type\":\"ImageObject\",\"url\":\"https:\\\/\\\/eldigitaldeasturias.com\\\/magazine365\\\/wp-content\\\/uploads\\\/2015\\\/06\\\/fotonoticia_20150605140730_800.jpg\",\"width\":800,\"height\":532},\"datePublished\":\"2015-06-06T04:39:03+02:00\",\"dateModified\":\"2015-06-06T04:39:03+02:00\",\"inLanguage\":\"es-ES\",\"mainEntityOfPage\":{\"@id\":\"https:\\\/\\\/eldigitaldeasturias.com\\\/magazine365\\\/american-airlines-aumenta-la-capacidad-entre-miami-y-quito-con-el-boeing-767\\\/#webpage\"},\"isPartOf\":{\"@id\":\"https:\\\/\\\/eldigitaldeasturias.com\\\/magazine365\\\/american-airlines-aumenta-la-capacidad-entre-miami-y-quito-con-el-boeing-767\\\/#webpage\"},\"articleSection\":\"Actualidad Turismo\"},{\"@type\":\"BreadcrumbList\",\"@id\":\"https:\\\/\\\/eldigitaldeasturias.com\\\/magazine365\\\/american-airlines-aumenta-la-capacidad-entre-miami-y-quito-con-el-boeing-767\\\/#breadcrumblist\",\"itemListElement\":[{\"@type\":\"ListItem\",\"@id\":\"https:\\\/\\\/eldigitaldeasturias.com\\\/magazine365#listItem\",\"position\":1,\"name\":\"Home\",\"item\":\"https:\\\/\\\/eldigitaldeasturias.com\\\/magazine365\",\"nextItem\":{\"@type\":\"ListItem\",\"@id\":\"https:\\\/\\\/eldigitaldeasturias.com\\\/magazine365\\\/category\\\/actualidad-turismo\\\/#listItem\",\"name\":\"Actualidad Turismo\"}},{\"@type\":\"ListItem\",\"@id\":\"https:\\\/\\\/eldigitaldeasturias.com\\\/magazine365\\\/category\\\/actualidad-turismo\\\/#listItem\",\"position\":2,\"name\":\"Actualidad Turismo\",\"item\":\"https:\\\/\\\/eldigitaldeasturias.com\\\/magazine365\\\/category\\\/actualidad-turismo\\\/\",\"nextItem\":{\"@type\":\"ListItem\",\"@id\":\"https:\\\/\\\/eldigitaldeasturias.com\\\/magazine365\\\/american-airlines-aumenta-la-capacidad-entre-miami-y-quito-con-el-boeing-767\\\/#listItem\",\"name\":\"American Airlines aumenta la capacidad entre Miami y Quito con el Boeing 767\"},\"previousItem\":{\"@type\":\"ListItem\",\"@id\":\"https:\\\/\\\/eldigitaldeasturias.com\\\/magazine365#listItem\",\"name\":\"Home\"}},{\"@type\":\"ListItem\",\"@id\":\"https:\\\/\\\/eldigitaldeasturias.com\\\/magazine365\\\/american-airlines-aumenta-la-capacidad-entre-miami-y-quito-con-el-boeing-767\\\/#listItem\",\"position\":3,\"name\":\"American Airlines aumenta la capacidad entre Miami y Quito con el Boeing 767\",\"previousItem\":{\"@type\":\"ListItem\",\"@id\":\"https:\\\/\\\/eldigitaldeasturias.com\\\/magazine365\\\/category\\\/actualidad-turismo\\\/#listItem\",\"name\":\"Actualidad Turismo\"}}]},{\"@type\":\"Organization\",\"@id\":\"https:\\\/\\\/eldigitaldeasturias.com\\\/magazine365\\\/#organization\",\"name\":\"El digital de Asturias\",\"description\":\"Revista de ocio, turismo y estilo de vida\",\"url\":\"https:\\\/\\\/eldigitaldeasturias.com\\\/magazine365\\\/\",\"logo\":{\"@type\":\"ImageObject\",\"url\":\"https:\\\/\\\/www.eldigitaldeasturias.com\\\/noticias\\\/wp-content\\\/uploads\\\/2020\\\/12\\\/EDA.jpg\",\"@id\":\"https:\\\/\\\/eldigitaldeasturias.com\\\/magazine365\\\/american-airlines-aumenta-la-capacidad-entre-miami-y-quito-con-el-boeing-767\\\/#organizationLogo\"},\"image\":{\"@id\":\"https:\\\/\\\/eldigitaldeasturias.com\\\/magazine365\\\/american-airlines-aumenta-la-capacidad-entre-miami-y-quito-con-el-boeing-767\\\/#organizationLogo\"}},{\"@type\":\"Person\",\"@id\":\"https:\\\/\\\/eldigitaldeasturias.com\\\/magazine365\\\/author\\\/admin\\\/#author\",\"url\":\"https:\\\/\\\/eldigitaldeasturias.com\\\/magazine365\\\/author\\\/admin\\\/\",\"name\":\"admin\",\"image\":{\"@type\":\"ImageObject\",\"@id\":\"https:\\\/\\\/eldigitaldeasturias.com\\\/magazine365\\\/american-airlines-aumenta-la-capacidad-entre-miami-y-quito-con-el-boeing-767\\\/#authorImage\",\"url\":\"https:\\\/\\\/eldigitaldeasturias.com\\\/magazine365\\\/wp-content\\\/litespeed\\\/avatar\\\/e571bcf59a0edd6fa6838245a470f2fe.jpg?ver=1776969259\",\"width\":96,\"height\":96,\"caption\":\"admin\"}},{\"@type\":\"WebPage\",\"@id\":\"https:\\\/\\\/eldigitaldeasturias.com\\\/magazine365\\\/american-airlines-aumenta-la-capacidad-entre-miami-y-quito-con-el-boeing-767\\\/#webpage\",\"url\":\"https:\\\/\\\/eldigitaldeasturias.com\\\/magazine365\\\/american-airlines-aumenta-la-capacidad-entre-miami-y-quito-con-el-boeing-767\\\/\",\"name\":\"American Airlines aumenta la capacidad entre Miami y Quito con el Boeing 767 | El Digital de Asturias\",\"description\":\"La a\\u00e9rea norteamericana American Airlines ha anunciado una mayor capacidad en su ruta Miami-Quito para esta temporada estival, al emplear un Boeing 767 en uno de sus dos vuelos diarios entre ambas ciudades, seg\\u00fan informa la compa\\u00f1\\u00eda en un comunicado. De este modo, aumenta los asientos ofertados por kil\\u00f3metro ante la demanda creciente en Ecuador,\",\"inLanguage\":\"es-ES\",\"isPartOf\":{\"@id\":\"https:\\\/\\\/eldigitaldeasturias.com\\\/magazine365\\\/#website\"},\"breadcrumb\":{\"@id\":\"https:\\\/\\\/eldigitaldeasturias.com\\\/magazine365\\\/american-airlines-aumenta-la-capacidad-entre-miami-y-quito-con-el-boeing-767\\\/#breadcrumblist\"},\"author\":{\"@id\":\"https:\\\/\\\/eldigitaldeasturias.com\\\/magazine365\\\/author\\\/admin\\\/#author\"},\"creator\":{\"@id\":\"https:\\\/\\\/eldigitaldeasturias.com\\\/magazine365\\\/author\\\/admin\\\/#author\"},\"image\":{\"@type\":\"ImageObject\",\"url\":\"https:\\\/\\\/eldigitaldeasturias.com\\\/magazine365\\\/wp-content\\\/uploads\\\/2015\\\/06\\\/fotonoticia_20150605140730_800.jpg\",\"@id\":\"https:\\\/\\\/eldigitaldeasturias.com\\\/magazine365\\\/american-airlines-aumenta-la-capacidad-entre-miami-y-quito-con-el-boeing-767\\\/#mainImage\",\"width\":800,\"height\":532},\"primaryImageOfPage\":{\"@id\":\"https:\\\/\\\/eldigitaldeasturias.com\\\/magazine365\\\/american-airlines-aumenta-la-capacidad-entre-miami-y-quito-con-el-boeing-767\\\/#mainImage\"},\"datePublished\":\"2015-06-06T04:39:03+02:00\",\"dateModified\":\"2015-06-06T04:39:03+02:00\"},{\"@type\":\"WebSite\",\"@id\":\"https:\\\/\\\/eldigitaldeasturias.com\\\/magazine365\\\/#website\",\"url\":\"https:\\\/\\\/eldigitaldeasturias.com\\\/magazine365\\\/\",\"name\":\"El Digital de Asturias\",\"description\":\"Revista de ocio, turismo y estilo de vida\",\"inLanguage\":\"es-ES\",\"publisher\":{\"@id\":\"https:\\\/\\\/eldigitaldeasturias.com\\\/magazine365\\\/#organization\"}}]}\n\t\t<\/script>\n\t\t<!-- All in One SEO Pro -->\r\n\t\t<title>American Airlines aumenta la capacidad entre Miami y Quito con el Boeing 767 | El Digital de Asturias<\/title>\n\n","aioseo_head_json":{"title":"American Airlines aumenta la capacidad entre Miami y Quito con el Boeing 767 | El Digital de Asturias","description":"La a\u00e9rea norteamericana American Airlines ha anunciado una mayor capacidad en su ruta Miami-Quito para esta temporada estival, al emplear un Boeing 767 en uno de sus dos vuelos diarios entre ambas ciudades, seg\u00fan informa la compa\u00f1\u00eda en un comunicado. De este modo, aumenta los asientos ofertados por kil\u00f3metro ante la demanda creciente en Ecuador,","canonical_url":"https:\/\/eldigitaldeasturias.com\/magazine365\/american-airlines-aumenta-la-capacidad-entre-miami-y-quito-con-el-boeing-767\/","robots":"max-image-preview:large","keywords":"actualidad turismo","webmasterTools":{"google-site-verification":"UA-38556648-1","miscellaneous":""},"schema":{"@context":"https:\/\/schema.org","@graph":[{"@type":"Article","@id":"https:\/\/eldigitaldeasturias.com\/magazine365\/american-airlines-aumenta-la-capacidad-entre-miami-y-quito-con-el-boeing-767\/#article","name":"American Airlines aumenta la capacidad entre Miami y Quito con el Boeing 767 | El Digital de Asturias","headline":"American Airlines aumenta la capacidad entre Miami y Quito con el Boeing 767","author":{"@id":"https:\/\/eldigitaldeasturias.com\/magazine365\/author\/admin\/#author"},"publisher":{"@id":"https:\/\/eldigitaldeasturias.com\/magazine365\/#organization"},"image":{"@type":"ImageObject","url":"https:\/\/eldigitaldeasturias.com\/magazine365\/wp-content\/uploads\/2015\/06\/fotonoticia_20150605140730_800.jpg","width":800,"height":532},"datePublished":"2015-06-06T04:39:03+02:00","dateModified":"2015-06-06T04:39:03+02:00","inLanguage":"es-ES","mainEntityOfPage":{"@id":"https:\/\/eldigitaldeasturias.com\/magazine365\/american-airlines-aumenta-la-capacidad-entre-miami-y-quito-con-el-boeing-767\/#webpage"},"isPartOf":{"@id":"https:\/\/eldigitaldeasturias.com\/magazine365\/american-airlines-aumenta-la-capacidad-entre-miami-y-quito-con-el-boeing-767\/#webpage"},"articleSection":"Actualidad Turismo"},{"@type":"BreadcrumbList","@id":"https:\/\/eldigitaldeasturias.com\/magazine365\/american-airlines-aumenta-la-capacidad-entre-miami-y-quito-con-el-boeing-767\/#breadcrumblist","itemListElement":[{"@type":"ListItem","@id":"https:\/\/eldigitaldeasturias.com\/magazine365#listItem","position":1,"name":"Home","item":"https:\/\/eldigitaldeasturias.com\/magazine365","nextItem":{"@type":"ListItem","@id":"https:\/\/eldigitaldeasturias.com\/magazine365\/category\/actualidad-turismo\/#listItem","name":"Actualidad Turismo"}},{"@type":"ListItem","@id":"https:\/\/eldigitaldeasturias.com\/magazine365\/category\/actualidad-turismo\/#listItem","position":2,"name":"Actualidad Turismo","item":"https:\/\/eldigitaldeasturias.com\/magazine365\/category\/actualidad-turismo\/","nextItem":{"@type":"ListItem","@id":"https:\/\/eldigitaldeasturias.com\/magazine365\/american-airlines-aumenta-la-capacidad-entre-miami-y-quito-con-el-boeing-767\/#listItem","name":"American Airlines aumenta la capacidad entre Miami y Quito con el Boeing 767"},"previousItem":{"@type":"ListItem","@id":"https:\/\/eldigitaldeasturias.com\/magazine365#listItem","name":"Home"}},{"@type":"ListItem","@id":"https:\/\/eldigitaldeasturias.com\/magazine365\/american-airlines-aumenta-la-capacidad-entre-miami-y-quito-con-el-boeing-767\/#listItem","position":3,"name":"American Airlines aumenta la capacidad entre Miami y Quito con el Boeing 767","previousItem":{"@type":"ListItem","@id":"https:\/\/eldigitaldeasturias.com\/magazine365\/category\/actualidad-turismo\/#listItem","name":"Actualidad Turismo"}}]},{"@type":"Organization","@id":"https:\/\/eldigitaldeasturias.com\/magazine365\/#organization","name":"El digital de Asturias","description":"Revista de ocio, turismo y estilo de vida","url":"https:\/\/eldigitaldeasturias.com\/magazine365\/","logo":{"@type":"ImageObject","url":"https:\/\/www.eldigitaldeasturias.com\/noticias\/wp-content\/uploads\/2020\/12\/EDA.jpg","@id":"https:\/\/eldigitaldeasturias.com\/magazine365\/american-airlines-aumenta-la-capacidad-entre-miami-y-quito-con-el-boeing-767\/#organizationLogo"},"image":{"@id":"https:\/\/eldigitaldeasturias.com\/magazine365\/american-airlines-aumenta-la-capacidad-entre-miami-y-quito-con-el-boeing-767\/#organizationLogo"}},{"@type":"Person","@id":"https:\/\/eldigitaldeasturias.com\/magazine365\/author\/admin\/#author","url":"https:\/\/eldigitaldeasturias.com\/magazine365\/author\/admin\/","name":"admin","image":{"@type":"ImageObject","@id":"https:\/\/eldigitaldeasturias.com\/magazine365\/american-airlines-aumenta-la-capacidad-entre-miami-y-quito-con-el-boeing-767\/#authorImage","url":"https:\/\/eldigitaldeasturias.com\/magazine365\/wp-content\/litespeed\/avatar\/e571bcf59a0edd6fa6838245a470f2fe.jpg?ver=1776969259","width":96,"height":96,"caption":"admin"}},{"@type":"WebPage","@id":"https:\/\/eldigitaldeasturias.com\/magazine365\/american-airlines-aumenta-la-capacidad-entre-miami-y-quito-con-el-boeing-767\/#webpage","url":"https:\/\/eldigitaldeasturias.com\/magazine365\/american-airlines-aumenta-la-capacidad-entre-miami-y-quito-con-el-boeing-767\/","name":"American Airlines aumenta la capacidad entre Miami y Quito con el Boeing 767 | El Digital de Asturias","description":"La a\u00e9rea norteamericana American Airlines ha anunciado una mayor capacidad en su ruta Miami-Quito para esta temporada estival, al emplear un Boeing 767 en uno de sus dos vuelos diarios entre ambas ciudades, seg\u00fan informa la compa\u00f1\u00eda en un comunicado. De este modo, aumenta los asientos ofertados por kil\u00f3metro ante la demanda creciente en Ecuador,","inLanguage":"es-ES","isPartOf":{"@id":"https:\/\/eldigitaldeasturias.com\/magazine365\/#website"},"breadcrumb":{"@id":"https:\/\/eldigitaldeasturias.com\/magazine365\/american-airlines-aumenta-la-capacidad-entre-miami-y-quito-con-el-boeing-767\/#breadcrumblist"},"author":{"@id":"https:\/\/eldigitaldeasturias.com\/magazine365\/author\/admin\/#author"},"creator":{"@id":"https:\/\/eldigitaldeasturias.com\/magazine365\/author\/admin\/#author"},"image":{"@type":"ImageObject","url":"https:\/\/eldigitaldeasturias.com\/magazine365\/wp-content\/uploads\/2015\/06\/fotonoticia_20150605140730_800.jpg","@id":"https:\/\/eldigitaldeasturias.com\/magazine365\/american-airlines-aumenta-la-capacidad-entre-miami-y-quito-con-el-boeing-767\/#mainImage","width":800,"height":532},"primaryImageOfPage":{"@id":"https:\/\/eldigitaldeasturias.com\/magazine365\/american-airlines-aumenta-la-capacidad-entre-miami-y-quito-con-el-boeing-767\/#mainImage"},"datePublished":"2015-06-06T04:39:03+02:00","dateModified":"2015-06-06T04:39:03+02:00"},{"@type":"WebSite","@id":"https:\/\/eldigitaldeasturias.com\/magazine365\/#website","url":"https:\/\/eldigitaldeasturias.com\/magazine365\/","name":"El Digital de Asturias","description":"Revista de ocio, turismo y estilo de vida","inLanguage":"es-ES","publisher":{"@id":"https:\/\/eldigitaldeasturias.com\/magazine365\/#organization"}}]},"og:locale":"es_ES","og:site_name":"El Digital de Asturias \u2013 Revista de ocio, turismo y estilo de vida","og:type":"article","og:title":"American Airlines aumenta la capacidad entre Miami y Quito con el Boeing 767 | El Digital de Asturias","og:description":"La a\u00e9rea norteamericana American Airlines ha anunciado una mayor capacidad en su ruta Miami-Quito para esta temporada estival, al emplear un Boeing 767 en uno de sus dos vuelos diarios entre ambas ciudades, seg\u00fan informa la compa\u00f1\u00eda en un comunicado. De este modo, aumenta los asientos ofertados por kil\u00f3metro ante la demanda creciente en Ecuador,","og:url":"https:\/\/eldigitaldeasturias.com\/magazine365\/american-airlines-aumenta-la-capacidad-entre-miami-y-quito-con-el-boeing-767\/","og:image":"https:\/\/eldigitaldeasturias.com\/magazine365\/wp-content\/uploads\/2015\/06\/fotonoticia_20150605140730_800.jpg","og:image:secure_url":"https:\/\/eldigitaldeasturias.com\/magazine365\/wp-content\/uploads\/2015\/06\/fotonoticia_20150605140730_800.jpg","og:image:width":800,"og:image:height":532,"article:published_time":"2015-06-06T03:09:03+00:00","article:modified_time":"2015-06-06T03:09:03+00:00","twitter:card":"summary_large_image","twitter:title":"American Airlines aumenta la capacidad entre Miami y Quito con el Boeing 767 | El Digital de Asturias","twitter:description":"La a\u00e9rea norteamericana American Airlines ha anunciado una mayor capacidad en su ruta Miami-Quito para esta temporada estival, al emplear un Boeing 767 en uno de sus dos vuelos diarios entre ambas ciudades, seg\u00fan informa la compa\u00f1\u00eda en un comunicado. De este modo, aumenta los asientos ofertados por kil\u00f3metro ante la demanda creciente en Ecuador,","twitter:image":"https:\/\/eldigitaldeasturias.com\/magazine365\/wp-content\/uploads\/2015\/06\/fotonoticia_20150605140730_800.jpg"},"aioseo_meta_data":{"post_id":"38979","title":null,"description":null,"keywords":null,"keyphrases":null,"primary_term":null,"canonical_url":null,"og_title":null,"og_description":null,"og_object_type":"default","og_image_type":"default","og_image_url":null,"og_image_width":null,"og_image_height":null,"og_image_custom_url":null,"og_image_custom_fields":null,"og_video":null,"og_custom_url":null,"og_article_section":null,"og_article_tags":null,"twitter_use_og":false,"twitter_card":"default","twitter_image_type":"default","twitter_image_url":null,"twitter_image_custom_url":null,"twitter_image_custom_fields":null,"twitter_title":null,"twitter_description":null,"schema":{"blockGraphs":[],"customGraphs":[],"default":{"data":{"Article":[],"Course":[],"Dataset":[],"FAQPage":[],"Movie":[],"Person":[],"Product":[],"ProductReview":[],"Car":[],"Recipe":[],"Service":[],"SoftwareApplication":[],"WebPage":[]},"graphName":"","isEnabled":true},"graphs":[],"defaultGraph":"","defaultPostTypeGraph":""},"schema_type":null,"schema_type_options":null,"pillar_content":false,"robots_default":true,"robots_noindex":false,"robots_noarchive":false,"robots_nosnippet":false,"robots_nofollow":false,"robots_noimageindex":false,"robots_noodp":false,"robots_notranslate":false,"robots_max_snippet":null,"robots_max_videopreview":null,"robots_max_imagepreview":"large","priority":null,"frequency":null,"location":null,"local_seo":null,"seo_analyzer_scan_date":"2025-09-19 10:43:30","breadcrumb_settings":null,"limit_modified_date":false,"open_ai":null,"ai":null,"created":"2021-03-09 02:46:43","updated":"2025-09-19 10:43:30"},"aioseo_breadcrumb":"<div class=\"aioseo-breadcrumbs\"><span class=\"aioseo-breadcrumb\">\n\t<a href=\"https:\/\/eldigitaldeasturias.com\/magazine365\" title=\"Home\">Home<\/a>\n<\/span><span class=\"aioseo-breadcrumb-separator\">\u2013<\/span><span class=\"aioseo-breadcrumb\">\n\t<a href=\"https:\/\/eldigitaldeasturias.com\/magazine365\/category\/actualidad-turismo\/\" title=\"Actualidad Turismo\">Actualidad Turismo<\/a>\n<\/span><span class=\"aioseo-breadcrumb-separator\">\u2013<\/span><span class=\"aioseo-breadcrumb\">\n\t<a href=\"https:\/\/eldigitaldeasturias.com\/magazine365\/american-airlines-aumenta-la-capacidad-entre-miami-y-quito-con-el-boeing-767\/\" title=\"American Airlines aumenta la capacidad entre Miami y Quito con el Boeing 767\">American Airlines aumenta la capacidad entre Miami y Quito con el Boeing 767<\/a>\n<\/span><\/div>","aioseo_breadcrumb_json":[{"label":"Home","link":"https:\/\/eldigitaldeasturias.com\/magazine365"},{"label":"Actualidad Turismo","link":"https:\/\/eldigitaldeasturias.com\/magazine365\/category\/actualidad-turismo\/"},{"label":"American Airlines aumenta la capacidad entre Miami y Quito con el Boeing 767","link":"https:\/\/eldigitaldeasturias.com\/magazine365\/american-airlines-aumenta-la-capacidad-entre-miami-y-quito-con-el-boeing-767\/"}],"_links":{"self":[{"href":"https:\/\/eldigitaldeasturias.com\/magazine365\/wp-json\/wp\/v2\/posts\/38979","targetHints":{"allow":["GET"]}}],"collection":[{"href":"https:\/\/eldigitaldeasturias.com\/magazine365\/wp-json\/wp\/v2\/posts"}],"about":[{"href":"https:\/\/eldigitaldeasturias.com\/magazine365\/wp-json\/wp\/v2\/types\/post"}],"author":[{"embeddable":true,"href":"https:\/\/eldigitaldeasturias.com\/magazine365\/wp-json\/wp\/v2\/users\/1"}],"replies":[{"embeddable":true,"href":"https:\/\/eldigitaldeasturias.com\/magazine365\/wp-json\/wp\/v2\/comments?post=38979"}],"version-history":[{"count":0,"href":"https:\/\/eldigitaldeasturias.com\/magazine365\/wp-json\/wp\/v2\/posts\/38979\/revisions"}],"wp:featuredmedia":[{"embeddable":true,"href":"https:\/\/eldigitaldeasturias.com\/magazine365\/wp-json\/wp\/v2\/media\/38980"}],"wp:attachment":[{"href":"https:\/\/eldigitaldeasturias.com\/magazine365\/wp-json\/wp\/v2\/media?parent=38979"}],"wp:term":[{"taxonomy":"category","embeddable":true,"href":"https:\/\/eldigitaldeasturias.com\/magazine365\/wp-json\/wp\/v2\/categories?post=38979"},{"taxonomy":"post_tag","embeddable":true,"href":"https:\/\/eldigitaldeasturias.com\/magazine365\/wp-json\/wp\/v2\/tags?post=38979"}],"curies":[{"name":"wp","href":"https:\/\/api.w.org\/{rel}","templated":true}]}}