{"id":38976,"date":"2015-06-06T04:37:26","date_gmt":"2015-06-06T03:07:26","guid":{"rendered":"http:\/\/eldigitaldeasturias.com\/magazine365\/?p=38976"},"modified":"2015-06-06T04:37:26","modified_gmt":"2015-06-06T03:07:26","slug":"iberia-inaugura-este-sabado-sus-vuelos-directos-a-catania-para-este-verano","status":"publish","type":"post","link":"https:\/\/eldigitaldeasturias.com\/magazine365\/iberia-inaugura-este-sabado-sus-vuelos-directos-a-catania-para-este-verano\/","title":{"rendered":"Iberia inaugura este s\u00e1bado sus vuelos directos a Catania para este verano"},"content":{"rendered":"<p><img fetchpriority=\"high\" decoding=\"async\" class=\"alignleft size-medium wp-image-38977\" src=\"https:\/\/eldigitaldeasturias.com\/magazine365\/wp-content\/uploads\/2015\/06\/fotonoticia_20150605140414_800-200x300.jpg\" alt=\"fotonoticia_20150605140414_800\" width=\"200\" height=\"300\" srcset=\"https:\/\/eldigitaldeasturias.com\/magazine365\/wp-content\/uploads\/2015\/06\/fotonoticia_20150605140414_800-200x300.jpg 200w, https:\/\/eldigitaldeasturias.com\/magazine365\/wp-content\/uploads\/2015\/06\/fotonoticia_20150605140414_800-426x640.jpg 426w, https:\/\/eldigitaldeasturias.com\/magazine365\/wp-content\/uploads\/2015\/06\/fotonoticia_20150605140414_800-768x1154.jpg 768w, https:\/\/eldigitaldeasturias.com\/magazine365\/wp-content\/uploads\/2015\/06\/fotonoticia_20150605140414_800-150x225.jpg 150w, https:\/\/eldigitaldeasturias.com\/magazine365\/wp-content\/uploads\/2015\/06\/fotonoticia_20150605140414_800-450x676.jpg 450w, https:\/\/eldigitaldeasturias.com\/magazine365\/wp-content\/uploads\/2015\/06\/fotonoticia_20150605140414_800-696x1046.jpg 696w, https:\/\/eldigitaldeasturias.com\/magazine365\/wp-content\/uploads\/2015\/06\/fotonoticia_20150605140414_800-280x420.jpg 280w, https:\/\/eldigitaldeasturias.com\/magazine365\/wp-content\/uploads\/2015\/06\/fotonoticia_20150605140414_800.jpg 800w\" sizes=\"(max-width: 200px) 100vw, 200px\" \/>Iberia estrena este s\u00e1bado sus vuelos directos a Catania, en Italia, una nueva ruta que operar\u00e1 esta temporada de verano hasta el pr\u00f3ximo 12 de septiembre, inform\u00f3 la compa\u00f1\u00eda a\u00e9rea en un comunicado.<\/p>\n<p>Con este nuevo destino, el Grupo Iberia ofrece vuelos directos a diez destinos en Italia: Bolonia, Florencia, N\u00e1poles, Mil\u00e1n, Roma, Tur\u00edn y Venecia, adem\u00e1s de Olbia, Verona y ahora Catania, en verano.<\/p>\n<p>La ruta Madrid-Catania ser\u00e1 operada por aviones A320, A319, A320 y A321 con capacidad para entre 141 y 200 pasajeros, seg\u00fan el modelo.<\/p>\n<p>La nueva ruta contar\u00e1 con un vuelo semanal con salida desde Madrid hasta el 15 de junio y con dos frecuencias a partir del 16 de junio y durante todo e3l mes de julio, los martes y s\u00e1bados. En agosto, incrementar\u00e1 su oferta a tres frecuencias a la semana &#8211;martes, jueves y s\u00e1bados&#8211;.<\/p>\n<p>Desde el 1 de abril Iberia vuela diariamente, salvo los lunes, a la capital de La Toscana. Por su parte, Iberia Express conecta tres veces por semana con N\u00e1poles &#8211;lunes, jueves y domingos&#8211; desde el 1 de junio, y con Verona desde el 2 de junio, con tres frecuencias a la semana &#8211;martes, jueves y s\u00e1bados&#8211;.<\/p>\n","protected":false},"excerpt":{"rendered":"<p>Iberia estrena este s\u00e1bado sus vuelos directos a Catania, en Italia, una nueva ruta que operar\u00e1 esta temporada de verano hasta el pr\u00f3ximo 12 de septiembre, inform\u00f3 la compa\u00f1\u00eda a\u00e9rea en un comunicado. Con este nuevo destino, el Grupo Iberia ofrece vuelos directos a diez destinos en Italia: Bolonia, Florencia, N\u00e1poles, Mil\u00e1n, Roma, Tur\u00edn y<\/p>\n","protected":false},"author":1,"featured_media":38977,"comment_status":"open","ping_status":"closed","sticky":false,"template":"","format":"standard","meta":{"footnotes":""},"categories":[222],"tags":[],"class_list":{"0":"post-38976","1":"post","2":"type-post","3":"status-publish","4":"format-standard","5":"has-post-thumbnail","7":"category-actualidad-turismo"},"aioseo_notices":[],"aioseo_head":"\n\t\t<!-- All in One SEO Pro 4.9.6.1 - aioseo.com -->\n\t<meta name=\"description\" content=\"Iberia estrena este s\u00e1bado sus vuelos directos a Catania, en Italia, una nueva ruta que operar\u00e1 esta temporada de verano hasta el pr\u00f3ximo 12 de septiembre, inform\u00f3 la compa\u00f1\u00eda a\u00e9rea en un comunicado. Con este nuevo destino, el Grupo Iberia ofrece vuelos directos a diez destinos en Italia: Bolonia, Florencia, N\u00e1poles, Mil\u00e1n, Roma, Tur\u00edn y\" \/>\n\t<meta name=\"robots\" content=\"max-image-preview:large\" \/>\n\t<meta name=\"author\" content=\"admin\"\/>\n\t<meta name=\"google-site-verification\" content=\"UA-38556648-1\" \/>\n\t<meta name=\"keywords\" content=\"actualidad turismo\" \/>\n\t<link rel=\"canonical\" href=\"https:\/\/eldigitaldeasturias.com\/magazine365\/iberia-inaugura-este-sabado-sus-vuelos-directos-a-catania-para-este-verano\/\" \/>\n\t<meta name=\"generator\" content=\"All in One SEO Pro (AIOSEO) 4.9.6.1\" \/>\n\t\t<meta property=\"og:locale\" content=\"es_ES\" \/>\n\t\t<meta property=\"og:site_name\" content=\"El Digital de Asturias \u2013 Revista de ocio, turismo y estilo de vida\" \/>\n\t\t<meta property=\"og:type\" content=\"article\" \/>\n\t\t<meta property=\"og:title\" content=\"Iberia inaugura este s\u00e1bado sus vuelos directos a Catania para este verano | El Digital de Asturias\" \/>\n\t\t<meta property=\"og:description\" content=\"Iberia estrena este s\u00e1bado sus vuelos directos a Catania, en Italia, una nueva ruta que operar\u00e1 esta temporada de verano hasta el pr\u00f3ximo 12 de septiembre, inform\u00f3 la compa\u00f1\u00eda a\u00e9rea en un comunicado. Con este nuevo destino, el Grupo Iberia ofrece vuelos directos a diez destinos en Italia: Bolonia, Florencia, N\u00e1poles, Mil\u00e1n, Roma, Tur\u00edn y\" \/>\n\t\t<meta property=\"og:url\" content=\"https:\/\/eldigitaldeasturias.com\/magazine365\/iberia-inaugura-este-sabado-sus-vuelos-directos-a-catania-para-este-verano\/\" \/>\n\t\t<meta property=\"og:image\" content=\"https:\/\/eldigitaldeasturias.com\/magazine365\/wp-content\/uploads\/2015\/06\/fotonoticia_20150605140414_800.jpg\" \/>\n\t\t<meta property=\"og:image:secure_url\" content=\"https:\/\/eldigitaldeasturias.com\/magazine365\/wp-content\/uploads\/2015\/06\/fotonoticia_20150605140414_800.jpg\" \/>\n\t\t<meta property=\"og:image:width\" content=\"800\" \/>\n\t\t<meta property=\"og:image:height\" content=\"1202\" \/>\n\t\t<meta property=\"article:published_time\" content=\"2015-06-06T03:07:26+00:00\" \/>\n\t\t<meta property=\"article:modified_time\" content=\"2015-06-06T03:07:26+00:00\" \/>\n\t\t<meta name=\"twitter:card\" content=\"summary_large_image\" \/>\n\t\t<meta name=\"twitter:title\" content=\"Iberia inaugura este s\u00e1bado sus vuelos directos a Catania para este verano | El Digital de Asturias\" \/>\n\t\t<meta name=\"twitter:description\" content=\"Iberia estrena este s\u00e1bado sus vuelos directos a Catania, en Italia, una nueva ruta que operar\u00e1 esta temporada de verano hasta el pr\u00f3ximo 12 de septiembre, inform\u00f3 la compa\u00f1\u00eda a\u00e9rea en un comunicado. Con este nuevo destino, el Grupo Iberia ofrece vuelos directos a diez destinos en Italia: Bolonia, Florencia, N\u00e1poles, Mil\u00e1n, Roma, Tur\u00edn y\" \/>\n\t\t<meta name=\"twitter:image\" content=\"https:\/\/eldigitaldeasturias.com\/magazine365\/wp-content\/uploads\/2015\/06\/fotonoticia_20150605140414_800.jpg\" \/>\n\t\t<script type=\"application\/ld+json\" class=\"aioseo-schema\">\n\t\t\t{\"@context\":\"https:\\\/\\\/schema.org\",\"@graph\":[{\"@type\":\"Article\",\"@id\":\"https:\\\/\\\/eldigitaldeasturias.com\\\/magazine365\\\/iberia-inaugura-este-sabado-sus-vuelos-directos-a-catania-para-este-verano\\\/#article\",\"name\":\"Iberia inaugura este s\\u00e1bado sus vuelos directos a Catania para este verano | El Digital de Asturias\",\"headline\":\"Iberia inaugura este s\\u00e1bado sus vuelos directos a Catania para este verano\",\"author\":{\"@id\":\"https:\\\/\\\/eldigitaldeasturias.com\\\/magazine365\\\/author\\\/admin\\\/#author\"},\"publisher\":{\"@id\":\"https:\\\/\\\/eldigitaldeasturias.com\\\/magazine365\\\/#organization\"},\"image\":{\"@type\":\"ImageObject\",\"url\":\"https:\\\/\\\/eldigitaldeasturias.com\\\/magazine365\\\/wp-content\\\/uploads\\\/2015\\\/06\\\/fotonoticia_20150605140414_800.jpg\",\"width\":800,\"height\":1202},\"datePublished\":\"2015-06-06T04:37:26+02:00\",\"dateModified\":\"2015-06-06T04:37:26+02:00\",\"inLanguage\":\"es-ES\",\"mainEntityOfPage\":{\"@id\":\"https:\\\/\\\/eldigitaldeasturias.com\\\/magazine365\\\/iberia-inaugura-este-sabado-sus-vuelos-directos-a-catania-para-este-verano\\\/#webpage\"},\"isPartOf\":{\"@id\":\"https:\\\/\\\/eldigitaldeasturias.com\\\/magazine365\\\/iberia-inaugura-este-sabado-sus-vuelos-directos-a-catania-para-este-verano\\\/#webpage\"},\"articleSection\":\"Actualidad Turismo\"},{\"@type\":\"BreadcrumbList\",\"@id\":\"https:\\\/\\\/eldigitaldeasturias.com\\\/magazine365\\\/iberia-inaugura-este-sabado-sus-vuelos-directos-a-catania-para-este-verano\\\/#breadcrumblist\",\"itemListElement\":[{\"@type\":\"ListItem\",\"@id\":\"https:\\\/\\\/eldigitaldeasturias.com\\\/magazine365#listItem\",\"position\":1,\"name\":\"Home\",\"item\":\"https:\\\/\\\/eldigitaldeasturias.com\\\/magazine365\",\"nextItem\":{\"@type\":\"ListItem\",\"@id\":\"https:\\\/\\\/eldigitaldeasturias.com\\\/magazine365\\\/category\\\/actualidad-turismo\\\/#listItem\",\"name\":\"Actualidad Turismo\"}},{\"@type\":\"ListItem\",\"@id\":\"https:\\\/\\\/eldigitaldeasturias.com\\\/magazine365\\\/category\\\/actualidad-turismo\\\/#listItem\",\"position\":2,\"name\":\"Actualidad Turismo\",\"item\":\"https:\\\/\\\/eldigitaldeasturias.com\\\/magazine365\\\/category\\\/actualidad-turismo\\\/\",\"nextItem\":{\"@type\":\"ListItem\",\"@id\":\"https:\\\/\\\/eldigitaldeasturias.com\\\/magazine365\\\/iberia-inaugura-este-sabado-sus-vuelos-directos-a-catania-para-este-verano\\\/#listItem\",\"name\":\"Iberia inaugura este s\\u00e1bado sus vuelos directos a Catania para este verano\"},\"previousItem\":{\"@type\":\"ListItem\",\"@id\":\"https:\\\/\\\/eldigitaldeasturias.com\\\/magazine365#listItem\",\"name\":\"Home\"}},{\"@type\":\"ListItem\",\"@id\":\"https:\\\/\\\/eldigitaldeasturias.com\\\/magazine365\\\/iberia-inaugura-este-sabado-sus-vuelos-directos-a-catania-para-este-verano\\\/#listItem\",\"position\":3,\"name\":\"Iberia inaugura este s\\u00e1bado sus vuelos directos a Catania para este verano\",\"previousItem\":{\"@type\":\"ListItem\",\"@id\":\"https:\\\/\\\/eldigitaldeasturias.com\\\/magazine365\\\/category\\\/actualidad-turismo\\\/#listItem\",\"name\":\"Actualidad Turismo\"}}]},{\"@type\":\"Organization\",\"@id\":\"https:\\\/\\\/eldigitaldeasturias.com\\\/magazine365\\\/#organization\",\"name\":\"El digital de Asturias\",\"description\":\"Revista de ocio, turismo y estilo de vida\",\"url\":\"https:\\\/\\\/eldigitaldeasturias.com\\\/magazine365\\\/\",\"logo\":{\"@type\":\"ImageObject\",\"url\":\"https:\\\/\\\/www.eldigitaldeasturias.com\\\/noticias\\\/wp-content\\\/uploads\\\/2020\\\/12\\\/EDA.jpg\",\"@id\":\"https:\\\/\\\/eldigitaldeasturias.com\\\/magazine365\\\/iberia-inaugura-este-sabado-sus-vuelos-directos-a-catania-para-este-verano\\\/#organizationLogo\"},\"image\":{\"@id\":\"https:\\\/\\\/eldigitaldeasturias.com\\\/magazine365\\\/iberia-inaugura-este-sabado-sus-vuelos-directos-a-catania-para-este-verano\\\/#organizationLogo\"}},{\"@type\":\"Person\",\"@id\":\"https:\\\/\\\/eldigitaldeasturias.com\\\/magazine365\\\/author\\\/admin\\\/#author\",\"url\":\"https:\\\/\\\/eldigitaldeasturias.com\\\/magazine365\\\/author\\\/admin\\\/\",\"name\":\"admin\",\"image\":{\"@type\":\"ImageObject\",\"@id\":\"https:\\\/\\\/eldigitaldeasturias.com\\\/magazine365\\\/iberia-inaugura-este-sabado-sus-vuelos-directos-a-catania-para-este-verano\\\/#authorImage\",\"url\":\"https:\\\/\\\/eldigitaldeasturias.com\\\/magazine365\\\/wp-content\\\/litespeed\\\/avatar\\\/e571bcf59a0edd6fa6838245a470f2fe.jpg?ver=1776969259\",\"width\":96,\"height\":96,\"caption\":\"admin\"}},{\"@type\":\"WebPage\",\"@id\":\"https:\\\/\\\/eldigitaldeasturias.com\\\/magazine365\\\/iberia-inaugura-este-sabado-sus-vuelos-directos-a-catania-para-este-verano\\\/#webpage\",\"url\":\"https:\\\/\\\/eldigitaldeasturias.com\\\/magazine365\\\/iberia-inaugura-este-sabado-sus-vuelos-directos-a-catania-para-este-verano\\\/\",\"name\":\"Iberia inaugura este s\\u00e1bado sus vuelos directos a Catania para este verano | El Digital de Asturias\",\"description\":\"Iberia estrena este s\\u00e1bado sus vuelos directos a Catania, en Italia, una nueva ruta que operar\\u00e1 esta temporada de verano hasta el pr\\u00f3ximo 12 de septiembre, inform\\u00f3 la compa\\u00f1\\u00eda a\\u00e9rea en un comunicado. Con este nuevo destino, el Grupo Iberia ofrece vuelos directos a diez destinos en Italia: Bolonia, Florencia, N\\u00e1poles, Mil\\u00e1n, Roma, Tur\\u00edn y\",\"inLanguage\":\"es-ES\",\"isPartOf\":{\"@id\":\"https:\\\/\\\/eldigitaldeasturias.com\\\/magazine365\\\/#website\"},\"breadcrumb\":{\"@id\":\"https:\\\/\\\/eldigitaldeasturias.com\\\/magazine365\\\/iberia-inaugura-este-sabado-sus-vuelos-directos-a-catania-para-este-verano\\\/#breadcrumblist\"},\"author\":{\"@id\":\"https:\\\/\\\/eldigitaldeasturias.com\\\/magazine365\\\/author\\\/admin\\\/#author\"},\"creator\":{\"@id\":\"https:\\\/\\\/eldigitaldeasturias.com\\\/magazine365\\\/author\\\/admin\\\/#author\"},\"image\":{\"@type\":\"ImageObject\",\"url\":\"https:\\\/\\\/eldigitaldeasturias.com\\\/magazine365\\\/wp-content\\\/uploads\\\/2015\\\/06\\\/fotonoticia_20150605140414_800.jpg\",\"@id\":\"https:\\\/\\\/eldigitaldeasturias.com\\\/magazine365\\\/iberia-inaugura-este-sabado-sus-vuelos-directos-a-catania-para-este-verano\\\/#mainImage\",\"width\":800,\"height\":1202},\"primaryImageOfPage\":{\"@id\":\"https:\\\/\\\/eldigitaldeasturias.com\\\/magazine365\\\/iberia-inaugura-este-sabado-sus-vuelos-directos-a-catania-para-este-verano\\\/#mainImage\"},\"datePublished\":\"2015-06-06T04:37:26+02:00\",\"dateModified\":\"2015-06-06T04:37:26+02:00\"},{\"@type\":\"WebSite\",\"@id\":\"https:\\\/\\\/eldigitaldeasturias.com\\\/magazine365\\\/#website\",\"url\":\"https:\\\/\\\/eldigitaldeasturias.com\\\/magazine365\\\/\",\"name\":\"El Digital de Asturias\",\"description\":\"Revista de ocio, turismo y estilo de vida\",\"inLanguage\":\"es-ES\",\"publisher\":{\"@id\":\"https:\\\/\\\/eldigitaldeasturias.com\\\/magazine365\\\/#organization\"}}]}\n\t\t<\/script>\n\t\t<!-- All in One SEO Pro -->\r\n\t\t<title>Iberia inaugura este s\u00e1bado sus vuelos directos a Catania para este verano | El Digital de Asturias<\/title>\n\n","aioseo_head_json":{"title":"Iberia inaugura este s\u00e1bado sus vuelos directos a Catania para este verano | El Digital de Asturias","description":"Iberia estrena este s\u00e1bado sus vuelos directos a Catania, en Italia, una nueva ruta que operar\u00e1 esta temporada de verano hasta el pr\u00f3ximo 12 de septiembre, inform\u00f3 la compa\u00f1\u00eda a\u00e9rea en un comunicado. Con este nuevo destino, el Grupo Iberia ofrece vuelos directos a diez destinos en Italia: Bolonia, Florencia, N\u00e1poles, Mil\u00e1n, Roma, Tur\u00edn y","canonical_url":"https:\/\/eldigitaldeasturias.com\/magazine365\/iberia-inaugura-este-sabado-sus-vuelos-directos-a-catania-para-este-verano\/","robots":"max-image-preview:large","keywords":"actualidad turismo","webmasterTools":{"google-site-verification":"UA-38556648-1","miscellaneous":""},"schema":{"@context":"https:\/\/schema.org","@graph":[{"@type":"Article","@id":"https:\/\/eldigitaldeasturias.com\/magazine365\/iberia-inaugura-este-sabado-sus-vuelos-directos-a-catania-para-este-verano\/#article","name":"Iberia inaugura este s\u00e1bado sus vuelos directos a Catania para este verano | El Digital de Asturias","headline":"Iberia inaugura este s\u00e1bado sus vuelos directos a Catania para este verano","author":{"@id":"https:\/\/eldigitaldeasturias.com\/magazine365\/author\/admin\/#author"},"publisher":{"@id":"https:\/\/eldigitaldeasturias.com\/magazine365\/#organization"},"image":{"@type":"ImageObject","url":"https:\/\/eldigitaldeasturias.com\/magazine365\/wp-content\/uploads\/2015\/06\/fotonoticia_20150605140414_800.jpg","width":800,"height":1202},"datePublished":"2015-06-06T04:37:26+02:00","dateModified":"2015-06-06T04:37:26+02:00","inLanguage":"es-ES","mainEntityOfPage":{"@id":"https:\/\/eldigitaldeasturias.com\/magazine365\/iberia-inaugura-este-sabado-sus-vuelos-directos-a-catania-para-este-verano\/#webpage"},"isPartOf":{"@id":"https:\/\/eldigitaldeasturias.com\/magazine365\/iberia-inaugura-este-sabado-sus-vuelos-directos-a-catania-para-este-verano\/#webpage"},"articleSection":"Actualidad Turismo"},{"@type":"BreadcrumbList","@id":"https:\/\/eldigitaldeasturias.com\/magazine365\/iberia-inaugura-este-sabado-sus-vuelos-directos-a-catania-para-este-verano\/#breadcrumblist","itemListElement":[{"@type":"ListItem","@id":"https:\/\/eldigitaldeasturias.com\/magazine365#listItem","position":1,"name":"Home","item":"https:\/\/eldigitaldeasturias.com\/magazine365","nextItem":{"@type":"ListItem","@id":"https:\/\/eldigitaldeasturias.com\/magazine365\/category\/actualidad-turismo\/#listItem","name":"Actualidad Turismo"}},{"@type":"ListItem","@id":"https:\/\/eldigitaldeasturias.com\/magazine365\/category\/actualidad-turismo\/#listItem","position":2,"name":"Actualidad Turismo","item":"https:\/\/eldigitaldeasturias.com\/magazine365\/category\/actualidad-turismo\/","nextItem":{"@type":"ListItem","@id":"https:\/\/eldigitaldeasturias.com\/magazine365\/iberia-inaugura-este-sabado-sus-vuelos-directos-a-catania-para-este-verano\/#listItem","name":"Iberia inaugura este s\u00e1bado sus vuelos directos a Catania para este verano"},"previousItem":{"@type":"ListItem","@id":"https:\/\/eldigitaldeasturias.com\/magazine365#listItem","name":"Home"}},{"@type":"ListItem","@id":"https:\/\/eldigitaldeasturias.com\/magazine365\/iberia-inaugura-este-sabado-sus-vuelos-directos-a-catania-para-este-verano\/#listItem","position":3,"name":"Iberia inaugura este s\u00e1bado sus vuelos directos a Catania para este verano","previousItem":{"@type":"ListItem","@id":"https:\/\/eldigitaldeasturias.com\/magazine365\/category\/actualidad-turismo\/#listItem","name":"Actualidad Turismo"}}]},{"@type":"Organization","@id":"https:\/\/eldigitaldeasturias.com\/magazine365\/#organization","name":"El digital de Asturias","description":"Revista de ocio, turismo y estilo de vida","url":"https:\/\/eldigitaldeasturias.com\/magazine365\/","logo":{"@type":"ImageObject","url":"https:\/\/www.eldigitaldeasturias.com\/noticias\/wp-content\/uploads\/2020\/12\/EDA.jpg","@id":"https:\/\/eldigitaldeasturias.com\/magazine365\/iberia-inaugura-este-sabado-sus-vuelos-directos-a-catania-para-este-verano\/#organizationLogo"},"image":{"@id":"https:\/\/eldigitaldeasturias.com\/magazine365\/iberia-inaugura-este-sabado-sus-vuelos-directos-a-catania-para-este-verano\/#organizationLogo"}},{"@type":"Person","@id":"https:\/\/eldigitaldeasturias.com\/magazine365\/author\/admin\/#author","url":"https:\/\/eldigitaldeasturias.com\/magazine365\/author\/admin\/","name":"admin","image":{"@type":"ImageObject","@id":"https:\/\/eldigitaldeasturias.com\/magazine365\/iberia-inaugura-este-sabado-sus-vuelos-directos-a-catania-para-este-verano\/#authorImage","url":"https:\/\/eldigitaldeasturias.com\/magazine365\/wp-content\/litespeed\/avatar\/e571bcf59a0edd6fa6838245a470f2fe.jpg?ver=1776969259","width":96,"height":96,"caption":"admin"}},{"@type":"WebPage","@id":"https:\/\/eldigitaldeasturias.com\/magazine365\/iberia-inaugura-este-sabado-sus-vuelos-directos-a-catania-para-este-verano\/#webpage","url":"https:\/\/eldigitaldeasturias.com\/magazine365\/iberia-inaugura-este-sabado-sus-vuelos-directos-a-catania-para-este-verano\/","name":"Iberia inaugura este s\u00e1bado sus vuelos directos a Catania para este verano | El Digital de Asturias","description":"Iberia estrena este s\u00e1bado sus vuelos directos a Catania, en Italia, una nueva ruta que operar\u00e1 esta temporada de verano hasta el pr\u00f3ximo 12 de septiembre, inform\u00f3 la compa\u00f1\u00eda a\u00e9rea en un comunicado. Con este nuevo destino, el Grupo Iberia ofrece vuelos directos a diez destinos en Italia: Bolonia, Florencia, N\u00e1poles, Mil\u00e1n, Roma, Tur\u00edn y","inLanguage":"es-ES","isPartOf":{"@id":"https:\/\/eldigitaldeasturias.com\/magazine365\/#website"},"breadcrumb":{"@id":"https:\/\/eldigitaldeasturias.com\/magazine365\/iberia-inaugura-este-sabado-sus-vuelos-directos-a-catania-para-este-verano\/#breadcrumblist"},"author":{"@id":"https:\/\/eldigitaldeasturias.com\/magazine365\/author\/admin\/#author"},"creator":{"@id":"https:\/\/eldigitaldeasturias.com\/magazine365\/author\/admin\/#author"},"image":{"@type":"ImageObject","url":"https:\/\/eldigitaldeasturias.com\/magazine365\/wp-content\/uploads\/2015\/06\/fotonoticia_20150605140414_800.jpg","@id":"https:\/\/eldigitaldeasturias.com\/magazine365\/iberia-inaugura-este-sabado-sus-vuelos-directos-a-catania-para-este-verano\/#mainImage","width":800,"height":1202},"primaryImageOfPage":{"@id":"https:\/\/eldigitaldeasturias.com\/magazine365\/iberia-inaugura-este-sabado-sus-vuelos-directos-a-catania-para-este-verano\/#mainImage"},"datePublished":"2015-06-06T04:37:26+02:00","dateModified":"2015-06-06T04:37:26+02:00"},{"@type":"WebSite","@id":"https:\/\/eldigitaldeasturias.com\/magazine365\/#website","url":"https:\/\/eldigitaldeasturias.com\/magazine365\/","name":"El Digital de Asturias","description":"Revista de ocio, turismo y estilo de vida","inLanguage":"es-ES","publisher":{"@id":"https:\/\/eldigitaldeasturias.com\/magazine365\/#organization"}}]},"og:locale":"es_ES","og:site_name":"El Digital de Asturias \u2013 Revista de ocio, turismo y estilo de vida","og:type":"article","og:title":"Iberia inaugura este s\u00e1bado sus vuelos directos a Catania para este verano | El Digital de Asturias","og:description":"Iberia estrena este s\u00e1bado sus vuelos directos a Catania, en Italia, una nueva ruta que operar\u00e1 esta temporada de verano hasta el pr\u00f3ximo 12 de septiembre, inform\u00f3 la compa\u00f1\u00eda a\u00e9rea en un comunicado. Con este nuevo destino, el Grupo Iberia ofrece vuelos directos a diez destinos en Italia: Bolonia, Florencia, N\u00e1poles, Mil\u00e1n, Roma, Tur\u00edn y","og:url":"https:\/\/eldigitaldeasturias.com\/magazine365\/iberia-inaugura-este-sabado-sus-vuelos-directos-a-catania-para-este-verano\/","og:image":"https:\/\/eldigitaldeasturias.com\/magazine365\/wp-content\/uploads\/2015\/06\/fotonoticia_20150605140414_800.jpg","og:image:secure_url":"https:\/\/eldigitaldeasturias.com\/magazine365\/wp-content\/uploads\/2015\/06\/fotonoticia_20150605140414_800.jpg","og:image:width":800,"og:image:height":1202,"article:published_time":"2015-06-06T03:07:26+00:00","article:modified_time":"2015-06-06T03:07:26+00:00","twitter:card":"summary_large_image","twitter:title":"Iberia inaugura este s\u00e1bado sus vuelos directos a Catania para este verano | El Digital de Asturias","twitter:description":"Iberia estrena este s\u00e1bado sus vuelos directos a Catania, en Italia, una nueva ruta que operar\u00e1 esta temporada de verano hasta el pr\u00f3ximo 12 de septiembre, inform\u00f3 la compa\u00f1\u00eda a\u00e9rea en un comunicado. Con este nuevo destino, el Grupo Iberia ofrece vuelos directos a diez destinos en Italia: Bolonia, Florencia, N\u00e1poles, Mil\u00e1n, Roma, Tur\u00edn y","twitter:image":"https:\/\/eldigitaldeasturias.com\/magazine365\/wp-content\/uploads\/2015\/06\/fotonoticia_20150605140414_800.jpg"},"aioseo_meta_data":{"post_id":"38976","title":null,"description":null,"keywords":null,"keyphrases":null,"primary_term":null,"canonical_url":null,"og_title":null,"og_description":null,"og_object_type":"default","og_image_type":"default","og_image_url":null,"og_image_width":null,"og_image_height":null,"og_image_custom_url":null,"og_image_custom_fields":null,"og_video":null,"og_custom_url":null,"og_article_section":null,"og_article_tags":null,"twitter_use_og":false,"twitter_card":"default","twitter_image_type":"default","twitter_image_url":null,"twitter_image_custom_url":null,"twitter_image_custom_fields":null,"twitter_title":null,"twitter_description":null,"schema":{"blockGraphs":[],"customGraphs":[],"default":{"data":{"Article":[],"Course":[],"Dataset":[],"FAQPage":[],"Movie":[],"Person":[],"Product":[],"ProductReview":[],"Car":[],"Recipe":[],"Service":[],"SoftwareApplication":[],"WebPage":[]},"graphName":"","isEnabled":true},"graphs":[],"defaultGraph":"","defaultPostTypeGraph":""},"schema_type":null,"schema_type_options":null,"pillar_content":false,"robots_default":true,"robots_noindex":false,"robots_noarchive":false,"robots_nosnippet":false,"robots_nofollow":false,"robots_noimageindex":false,"robots_noodp":false,"robots_notranslate":false,"robots_max_snippet":null,"robots_max_videopreview":null,"robots_max_imagepreview":"large","priority":null,"frequency":null,"location":null,"local_seo":null,"seo_analyzer_scan_date":"2025-09-19 10:42:06","breadcrumb_settings":null,"limit_modified_date":false,"open_ai":null,"ai":null,"created":"2021-03-09 02:46:43","updated":"2025-09-19 10:42:06"},"aioseo_breadcrumb":"<div class=\"aioseo-breadcrumbs\"><span class=\"aioseo-breadcrumb\">\n\t<a href=\"https:\/\/eldigitaldeasturias.com\/magazine365\" title=\"Home\">Home<\/a>\n<\/span><span class=\"aioseo-breadcrumb-separator\">\u2013<\/span><span class=\"aioseo-breadcrumb\">\n\t<a href=\"https:\/\/eldigitaldeasturias.com\/magazine365\/category\/actualidad-turismo\/\" title=\"Actualidad Turismo\">Actualidad Turismo<\/a>\n<\/span><span class=\"aioseo-breadcrumb-separator\">\u2013<\/span><span class=\"aioseo-breadcrumb\">\n\t<a href=\"https:\/\/eldigitaldeasturias.com\/magazine365\/iberia-inaugura-este-sabado-sus-vuelos-directos-a-catania-para-este-verano\/\" title=\"Iberia inaugura este s\u00e1bado sus vuelos directos a Catania para este verano\">Iberia inaugura este s\u00e1bado sus vuelos directos a Catania para este verano<\/a>\n<\/span><\/div>","aioseo_breadcrumb_json":[{"label":"Home","link":"https:\/\/eldigitaldeasturias.com\/magazine365"},{"label":"Actualidad Turismo","link":"https:\/\/eldigitaldeasturias.com\/magazine365\/category\/actualidad-turismo\/"},{"label":"Iberia inaugura este s\u00e1bado sus vuelos directos a Catania para este verano","link":"https:\/\/eldigitaldeasturias.com\/magazine365\/iberia-inaugura-este-sabado-sus-vuelos-directos-a-catania-para-este-verano\/"}],"_links":{"self":[{"href":"https:\/\/eldigitaldeasturias.com\/magazine365\/wp-json\/wp\/v2\/posts\/38976","targetHints":{"allow":["GET"]}}],"collection":[{"href":"https:\/\/eldigitaldeasturias.com\/magazine365\/wp-json\/wp\/v2\/posts"}],"about":[{"href":"https:\/\/eldigitaldeasturias.com\/magazine365\/wp-json\/wp\/v2\/types\/post"}],"author":[{"embeddable":true,"href":"https:\/\/eldigitaldeasturias.com\/magazine365\/wp-json\/wp\/v2\/users\/1"}],"replies":[{"embeddable":true,"href":"https:\/\/eldigitaldeasturias.com\/magazine365\/wp-json\/wp\/v2\/comments?post=38976"}],"version-history":[{"count":0,"href":"https:\/\/eldigitaldeasturias.com\/magazine365\/wp-json\/wp\/v2\/posts\/38976\/revisions"}],"wp:featuredmedia":[{"embeddable":true,"href":"https:\/\/eldigitaldeasturias.com\/magazine365\/wp-json\/wp\/v2\/media\/38977"}],"wp:attachment":[{"href":"https:\/\/eldigitaldeasturias.com\/magazine365\/wp-json\/wp\/v2\/media?parent=38976"}],"wp:term":[{"taxonomy":"category","embeddable":true,"href":"https:\/\/eldigitaldeasturias.com\/magazine365\/wp-json\/wp\/v2\/categories?post=38976"},{"taxonomy":"post_tag","embeddable":true,"href":"https:\/\/eldigitaldeasturias.com\/magazine365\/wp-json\/wp\/v2\/tags?post=38976"}],"curies":[{"name":"wp","href":"https:\/\/api.w.org\/{rel}","templated":true}]}}