{"id":38967,"date":"2015-06-06T04:31:05","date_gmt":"2015-06-06T03:01:05","guid":{"rendered":"http:\/\/eldigitaldeasturias.com\/magazine365\/?p=38967"},"modified":"2015-06-06T04:31:05","modified_gmt":"2015-06-06T03:01:05","slug":"los-coches-electricos-viajaran-gratis-por-las-autopistas-de-la-generalitat-catalana-desde-septiembre","status":"publish","type":"post","link":"https:\/\/eldigitaldeasturias.com\/magazine365\/los-coches-electricos-viajaran-gratis-por-las-autopistas-de-la-generalitat-catalana-desde-septiembre\/","title":{"rendered":"Los coches el\u00e9ctricos viajar\u00e1n gratis por las autopistas de la Generalitat catalana desde septiembre"},"content":{"rendered":"<p><img fetchpriority=\"high\" decoding=\"async\" class=\"alignleft size-medium wp-image-38968\" src=\"https:\/\/eldigitaldeasturias.com\/magazine365\/wp-content\/uploads\/2015\/06\/fotonoticia_20150605133131_800-360x240.jpg\" alt=\"fotonoticia_20150605133131_800\" width=\"360\" height=\"240\" srcset=\"https:\/\/eldigitaldeasturias.com\/magazine365\/wp-content\/uploads\/2015\/06\/fotonoticia_20150605133131_800-360x240.jpg 360w, https:\/\/eldigitaldeasturias.com\/magazine365\/wp-content\/uploads\/2015\/06\/fotonoticia_20150605133131_800-650x433.jpg 650w, https:\/\/eldigitaldeasturias.com\/magazine365\/wp-content\/uploads\/2015\/06\/fotonoticia_20150605133131_800-768x512.jpg 768w, https:\/\/eldigitaldeasturias.com\/magazine365\/wp-content\/uploads\/2015\/06\/fotonoticia_20150605133131_800-150x100.jpg 150w, https:\/\/eldigitaldeasturias.com\/magazine365\/wp-content\/uploads\/2015\/06\/fotonoticia_20150605133131_800-450x300.jpg 450w, https:\/\/eldigitaldeasturias.com\/magazine365\/wp-content\/uploads\/2015\/06\/fotonoticia_20150605133131_800-696x464.jpg 696w, https:\/\/eldigitaldeasturias.com\/magazine365\/wp-content\/uploads\/2015\/06\/fotonoticia_20150605133131_800-630x420.jpg 630w, https:\/\/eldigitaldeasturias.com\/magazine365\/wp-content\/uploads\/2015\/06\/fotonoticia_20150605133131_800-84x55.jpg 84w, https:\/\/eldigitaldeasturias.com\/magazine365\/wp-content\/uploads\/2015\/06\/fotonoticia_20150605133131_800.jpg 800w\" sizes=\"(max-width: 360px) 100vw, 360px\" \/>Los coches el\u00e9ctricos viajar\u00e1n de forma gratuita por las autopistas de la Generalitat a partir del 15 de septiembre, ya que contar\u00e1n con un 100% de la bonificaci\u00f3n del coste de los peajes, ha anunciado este viernes el conseller de Territorio y Sostenibilidad, Santi Vila.<\/p>\n<p>En la inauguraci\u00f3n del Simposio Europeo de Calidad del Aire, Ruido y Efectos de la Salud en Aglomeraciones Urbanas, el conseller ha dicho que esta medida se sumar\u00e1 a otras iniciativas de apoyo al coche el\u00e9ctrico relacionadas con el aparcamiento y la matriculaci\u00f3n, si bien la prioridad de la Generalitat es el transporte p\u00fablico.<\/p>\n<p>El compromiso, que se calcula que beneficiar\u00e1 a 3.100 veh\u00edculos, se aplicar\u00e1 en la C-16, incluidos los t\u00faneles de Vallvidrera, la C-32 en el tramo del Maresme y el Garraf y el peaje de la C-33 de Mollet del Vall\u00e8s.<\/p>\n<p>El objetivo es incentivar la circulaci\u00f3n de veh\u00edculos limpios, que no generan emisiones y por tanto no contaminantes, y los propietarios que se quieran acoger a la bonificaci\u00f3n deber\u00e1n estar registrados en el portal EcoviaT, que desde 2011 dispone de descuentos en funci\u00f3n del peaje.<\/p>\n<p>\u00abDebemos conjurarnos para que la movilidad sea sostenible\u00bb, ha defendido el conseller, que ha apostado por una reducci\u00f3n de los impuestos y de los gastos de matriculaci\u00f3n de veh\u00edculos con bajas emisiones, as\u00ed como una apuesta decidida por el coche el\u00e9ctrico para que tenga todo el apoyo y motivaci\u00f3n necesaria para irrumpir en el mercado.<\/p>\n<p>El conseller ha avanzado que en las pr\u00f3ximas semanas, el Consell Executiu del Govern aprobar\u00e1 las bases de la primera legislaci\u00f3n catalana para combatir el cambio clim\u00e1tico, que posteriormente se dirigir\u00e1 al Parlament, y antes de acabar la legislatura la Generalitat actualizar\u00e1 las pol\u00edticas y reguladores en materia medioambiental.<\/p>\n<p>Ha recordado que el crecimiento econ\u00f3mico solo es posible si tambi\u00e9n se hace de forma ambiental, y ha constatado que este reto se une tambi\u00e9n al incremento demogr\u00e1fico, teniendo en cuenta que los entornos urbanos de Catalunya concentran el 75% de la poblaci\u00f3n.<\/p>\n<p>La directora general de Calidad Ambiental, Assumpta Farran, ha dirigido unas palabras de bienvenida a los asistentes de diversas ciudades de Europa como Londres, Par\u00eds, Mil\u00e1n, Florencia y Berl\u00edn en el marco del D\u00eda Mundial del Medio Ambiente.<\/p>\n<p>REDUCCIONES DE CONTAMINANTES DEL 70%<\/p>\n<p>Ha subrayado que los niveles de \u00f3xido de nitr\u00f3geno y otros contaminantes se deber\u00e1n reducir un 70% antes de 2020 y 2030 por imperativo de la Comisi\u00f3n Europea.<\/p>\n<p>\u00abEn 2015 no cumplimos los niveles del mandato de 2001, por lo que no podremos afrontar el reto con medidas para andar por casa, sino que tendremos que dar pasos muy serios\u00bb, ha advertido Farran.<\/p>\n<p>DECLARACI\u00d3N BARCELONA<\/p>\n<p>Una de las novedades del foro, que prev\u00e9 aprobar la Declaraci\u00f3n Barcelona, es que incorpora de una forma muy clara la perspectiva sanitaria como elemento de presi\u00f3n para atajar el exceso de contaminaci\u00f3n y su v\u00ednculo con las muertes s\u00fabitas hecho por la Comisi\u00f3n Europea.<\/p>\n<p>Sobre el coche el\u00e9ctrico, Farran ha considerado una \u00abmedida clave\u00bb que se pueda cargar este veh\u00edculo desde casa, habi\u00e9ndose conseguido una normativa legal para amparar esta iniciativa que solo debe contar con el benepl\u00e1cito del propietario de la finca.<\/p>\n<p>En su discurso, se ha preguntado el motivo por el que es m\u00e1s barato circular con coches contaminantes, y ha evidenciado la necesidad de revertir la situaci\u00f3n, y llevar a cabo una \u00abmovilidad m\u00e1s bien hecha\u00bb.<\/p>\n<p>El director de ISGlobal Health, Antoni Plas\u00e8ncia, ha puesto en valor la importancia de la investigaci\u00f3n y el nuevo conocimiento generado como \u00abelemento transformador\u00bb, y ha remarcado la necesidad de dar el paso hacia la acci\u00f3n y posterior evaluaci\u00f3n.<\/p>\n","protected":false},"excerpt":{"rendered":"<p>Los coches el\u00e9ctricos viajar\u00e1n de forma gratuita por las autopistas de la Generalitat a partir del 15 de septiembre, ya que contar\u00e1n con un 100% de la bonificaci\u00f3n del coste de los peajes, ha anunciado este viernes el conseller de Territorio y Sostenibilidad, Santi Vila. En la inauguraci\u00f3n del Simposio Europeo de Calidad del Aire,<\/p>\n","protected":false},"author":1,"featured_media":38968,"comment_status":"open","ping_status":"closed","sticky":false,"template":"","format":"standard","meta":{"footnotes":""},"categories":[224],"tags":[],"class_list":{"0":"post-38967","1":"post","2":"type-post","3":"status-publish","4":"format-standard","5":"has-post-thumbnail","7":"category-noticias-actualidad"},"aioseo_notices":[],"aioseo_head":"\n\t\t<!-- All in One SEO Pro 4.9.6.1 - aioseo.com -->\n\t<meta name=\"description\" content=\"Los coches el\u00e9ctricos viajar\u00e1n de forma gratuita por las autopistas de la Generalitat a partir del 15 de septiembre, ya que contar\u00e1n con un 100% de la bonificaci\u00f3n del coste de los peajes, ha anunciado este viernes el conseller de Territorio y Sostenibilidad, Santi Vila. En la inauguraci\u00f3n del Simposio Europeo de Calidad del Aire,\" \/>\n\t<meta name=\"robots\" content=\"max-image-preview:large\" \/>\n\t<meta name=\"author\" content=\"admin\"\/>\n\t<meta name=\"google-site-verification\" content=\"UA-38556648-1\" \/>\n\t<meta name=\"keywords\" content=\"noticias y actualidad\" \/>\n\t<link rel=\"canonical\" href=\"https:\/\/eldigitaldeasturias.com\/magazine365\/los-coches-electricos-viajaran-gratis-por-las-autopistas-de-la-generalitat-catalana-desde-septiembre\/\" \/>\n\t<meta name=\"generator\" content=\"All in One SEO Pro (AIOSEO) 4.9.6.1\" \/>\n\t\t<meta property=\"og:locale\" content=\"es_ES\" \/>\n\t\t<meta property=\"og:site_name\" content=\"El Digital de Asturias \u2013 Revista de ocio, turismo y estilo de vida\" \/>\n\t\t<meta property=\"og:type\" content=\"article\" \/>\n\t\t<meta property=\"og:title\" content=\"Los coches el\u00e9ctricos viajar\u00e1n gratis por las autopistas de la Generalitat catalana desde septiembre | El Digital de Asturias\" \/>\n\t\t<meta property=\"og:description\" content=\"Los coches el\u00e9ctricos viajar\u00e1n de forma gratuita por las autopistas de la Generalitat a partir del 15 de septiembre, ya que contar\u00e1n con un 100% de la bonificaci\u00f3n del coste de los peajes, ha anunciado este viernes el conseller de Territorio y Sostenibilidad, Santi Vila. En la inauguraci\u00f3n del Simposio Europeo de Calidad del Aire,\" \/>\n\t\t<meta property=\"og:url\" content=\"https:\/\/eldigitaldeasturias.com\/magazine365\/los-coches-electricos-viajaran-gratis-por-las-autopistas-de-la-generalitat-catalana-desde-septiembre\/\" \/>\n\t\t<meta property=\"og:image\" content=\"https:\/\/eldigitaldeasturias.com\/magazine365\/wp-content\/uploads\/2015\/06\/fotonoticia_20150605133131_800.jpg\" \/>\n\t\t<meta property=\"og:image:secure_url\" content=\"https:\/\/eldigitaldeasturias.com\/magazine365\/wp-content\/uploads\/2015\/06\/fotonoticia_20150605133131_800.jpg\" \/>\n\t\t<meta property=\"og:image:width\" content=\"800\" \/>\n\t\t<meta property=\"og:image:height\" content=\"533\" \/>\n\t\t<meta property=\"article:published_time\" content=\"2015-06-06T03:01:05+00:00\" \/>\n\t\t<meta property=\"article:modified_time\" content=\"2015-06-06T03:01:05+00:00\" \/>\n\t\t<meta name=\"twitter:card\" content=\"summary_large_image\" \/>\n\t\t<meta name=\"twitter:title\" content=\"Los coches el\u00e9ctricos viajar\u00e1n gratis por las autopistas de la Generalitat catalana desde septiembre | El Digital de Asturias\" \/>\n\t\t<meta name=\"twitter:description\" content=\"Los coches el\u00e9ctricos viajar\u00e1n de forma gratuita por las autopistas de la Generalitat a partir del 15 de septiembre, ya que contar\u00e1n con un 100% de la bonificaci\u00f3n del coste de los peajes, ha anunciado este viernes el conseller de Territorio y Sostenibilidad, Santi Vila. En la inauguraci\u00f3n del Simposio Europeo de Calidad del Aire,\" \/>\n\t\t<meta name=\"twitter:image\" content=\"https:\/\/eldigitaldeasturias.com\/magazine365\/wp-content\/uploads\/2015\/06\/fotonoticia_20150605133131_800.jpg\" \/>\n\t\t<script type=\"application\/ld+json\" class=\"aioseo-schema\">\n\t\t\t{\"@context\":\"https:\\\/\\\/schema.org\",\"@graph\":[{\"@type\":\"Article\",\"@id\":\"https:\\\/\\\/eldigitaldeasturias.com\\\/magazine365\\\/los-coches-electricos-viajaran-gratis-por-las-autopistas-de-la-generalitat-catalana-desde-septiembre\\\/#article\",\"name\":\"Los coches el\\u00e9ctricos viajar\\u00e1n gratis por las autopistas de la Generalitat catalana desde septiembre | El Digital de Asturias\",\"headline\":\"Los coches el\\u00e9ctricos viajar\\u00e1n gratis por las autopistas de la Generalitat catalana desde septiembre\",\"author\":{\"@id\":\"https:\\\/\\\/eldigitaldeasturias.com\\\/magazine365\\\/author\\\/admin\\\/#author\"},\"publisher\":{\"@id\":\"https:\\\/\\\/eldigitaldeasturias.com\\\/magazine365\\\/#organization\"},\"image\":{\"@type\":\"ImageObject\",\"url\":\"https:\\\/\\\/eldigitaldeasturias.com\\\/magazine365\\\/wp-content\\\/uploads\\\/2015\\\/06\\\/fotonoticia_20150605133131_800.jpg\",\"width\":800,\"height\":533},\"datePublished\":\"2015-06-06T04:31:05+02:00\",\"dateModified\":\"2015-06-06T04:31:05+02:00\",\"inLanguage\":\"es-ES\",\"mainEntityOfPage\":{\"@id\":\"https:\\\/\\\/eldigitaldeasturias.com\\\/magazine365\\\/los-coches-electricos-viajaran-gratis-por-las-autopistas-de-la-generalitat-catalana-desde-septiembre\\\/#webpage\"},\"isPartOf\":{\"@id\":\"https:\\\/\\\/eldigitaldeasturias.com\\\/magazine365\\\/los-coches-electricos-viajaran-gratis-por-las-autopistas-de-la-generalitat-catalana-desde-septiembre\\\/#webpage\"},\"articleSection\":\"Noticias y Actualidad\"},{\"@type\":\"BreadcrumbList\",\"@id\":\"https:\\\/\\\/eldigitaldeasturias.com\\\/magazine365\\\/los-coches-electricos-viajaran-gratis-por-las-autopistas-de-la-generalitat-catalana-desde-septiembre\\\/#breadcrumblist\",\"itemListElement\":[{\"@type\":\"ListItem\",\"@id\":\"https:\\\/\\\/eldigitaldeasturias.com\\\/magazine365#listItem\",\"position\":1,\"name\":\"Home\",\"item\":\"https:\\\/\\\/eldigitaldeasturias.com\\\/magazine365\",\"nextItem\":{\"@type\":\"ListItem\",\"@id\":\"https:\\\/\\\/eldigitaldeasturias.com\\\/magazine365\\\/category\\\/noticias-actualidad\\\/#listItem\",\"name\":\"Noticias y Actualidad\"}},{\"@type\":\"ListItem\",\"@id\":\"https:\\\/\\\/eldigitaldeasturias.com\\\/magazine365\\\/category\\\/noticias-actualidad\\\/#listItem\",\"position\":2,\"name\":\"Noticias y Actualidad\",\"item\":\"https:\\\/\\\/eldigitaldeasturias.com\\\/magazine365\\\/category\\\/noticias-actualidad\\\/\",\"nextItem\":{\"@type\":\"ListItem\",\"@id\":\"https:\\\/\\\/eldigitaldeasturias.com\\\/magazine365\\\/los-coches-electricos-viajaran-gratis-por-las-autopistas-de-la-generalitat-catalana-desde-septiembre\\\/#listItem\",\"name\":\"Los coches el\\u00e9ctricos viajar\\u00e1n gratis por las autopistas de la Generalitat catalana desde septiembre\"},\"previousItem\":{\"@type\":\"ListItem\",\"@id\":\"https:\\\/\\\/eldigitaldeasturias.com\\\/magazine365#listItem\",\"name\":\"Home\"}},{\"@type\":\"ListItem\",\"@id\":\"https:\\\/\\\/eldigitaldeasturias.com\\\/magazine365\\\/los-coches-electricos-viajaran-gratis-por-las-autopistas-de-la-generalitat-catalana-desde-septiembre\\\/#listItem\",\"position\":3,\"name\":\"Los coches el\\u00e9ctricos viajar\\u00e1n gratis por las autopistas de la Generalitat catalana desde septiembre\",\"previousItem\":{\"@type\":\"ListItem\",\"@id\":\"https:\\\/\\\/eldigitaldeasturias.com\\\/magazine365\\\/category\\\/noticias-actualidad\\\/#listItem\",\"name\":\"Noticias y Actualidad\"}}]},{\"@type\":\"Organization\",\"@id\":\"https:\\\/\\\/eldigitaldeasturias.com\\\/magazine365\\\/#organization\",\"name\":\"El digital de Asturias\",\"description\":\"Revista de ocio, turismo y estilo de vida\",\"url\":\"https:\\\/\\\/eldigitaldeasturias.com\\\/magazine365\\\/\",\"logo\":{\"@type\":\"ImageObject\",\"url\":\"https:\\\/\\\/www.eldigitaldeasturias.com\\\/noticias\\\/wp-content\\\/uploads\\\/2020\\\/12\\\/EDA.jpg\",\"@id\":\"https:\\\/\\\/eldigitaldeasturias.com\\\/magazine365\\\/los-coches-electricos-viajaran-gratis-por-las-autopistas-de-la-generalitat-catalana-desde-septiembre\\\/#organizationLogo\"},\"image\":{\"@id\":\"https:\\\/\\\/eldigitaldeasturias.com\\\/magazine365\\\/los-coches-electricos-viajaran-gratis-por-las-autopistas-de-la-generalitat-catalana-desde-septiembre\\\/#organizationLogo\"}},{\"@type\":\"Person\",\"@id\":\"https:\\\/\\\/eldigitaldeasturias.com\\\/magazine365\\\/author\\\/admin\\\/#author\",\"url\":\"https:\\\/\\\/eldigitaldeasturias.com\\\/magazine365\\\/author\\\/admin\\\/\",\"name\":\"admin\",\"image\":{\"@type\":\"ImageObject\",\"@id\":\"https:\\\/\\\/eldigitaldeasturias.com\\\/magazine365\\\/los-coches-electricos-viajaran-gratis-por-las-autopistas-de-la-generalitat-catalana-desde-septiembre\\\/#authorImage\",\"url\":\"https:\\\/\\\/eldigitaldeasturias.com\\\/magazine365\\\/wp-content\\\/litespeed\\\/avatar\\\/e571bcf59a0edd6fa6838245a470f2fe.jpg?ver=1776969259\",\"width\":96,\"height\":96,\"caption\":\"admin\"}},{\"@type\":\"WebPage\",\"@id\":\"https:\\\/\\\/eldigitaldeasturias.com\\\/magazine365\\\/los-coches-electricos-viajaran-gratis-por-las-autopistas-de-la-generalitat-catalana-desde-septiembre\\\/#webpage\",\"url\":\"https:\\\/\\\/eldigitaldeasturias.com\\\/magazine365\\\/los-coches-electricos-viajaran-gratis-por-las-autopistas-de-la-generalitat-catalana-desde-septiembre\\\/\",\"name\":\"Los coches el\\u00e9ctricos viajar\\u00e1n gratis por las autopistas de la Generalitat catalana desde septiembre | El Digital de Asturias\",\"description\":\"Los coches el\\u00e9ctricos viajar\\u00e1n de forma gratuita por las autopistas de la Generalitat a partir del 15 de septiembre, ya que contar\\u00e1n con un 100% de la bonificaci\\u00f3n del coste de los peajes, ha anunciado este viernes el conseller de Territorio y Sostenibilidad, Santi Vila. En la inauguraci\\u00f3n del Simposio Europeo de Calidad del Aire,\",\"inLanguage\":\"es-ES\",\"isPartOf\":{\"@id\":\"https:\\\/\\\/eldigitaldeasturias.com\\\/magazine365\\\/#website\"},\"breadcrumb\":{\"@id\":\"https:\\\/\\\/eldigitaldeasturias.com\\\/magazine365\\\/los-coches-electricos-viajaran-gratis-por-las-autopistas-de-la-generalitat-catalana-desde-septiembre\\\/#breadcrumblist\"},\"author\":{\"@id\":\"https:\\\/\\\/eldigitaldeasturias.com\\\/magazine365\\\/author\\\/admin\\\/#author\"},\"creator\":{\"@id\":\"https:\\\/\\\/eldigitaldeasturias.com\\\/magazine365\\\/author\\\/admin\\\/#author\"},\"image\":{\"@type\":\"ImageObject\",\"url\":\"https:\\\/\\\/eldigitaldeasturias.com\\\/magazine365\\\/wp-content\\\/uploads\\\/2015\\\/06\\\/fotonoticia_20150605133131_800.jpg\",\"@id\":\"https:\\\/\\\/eldigitaldeasturias.com\\\/magazine365\\\/los-coches-electricos-viajaran-gratis-por-las-autopistas-de-la-generalitat-catalana-desde-septiembre\\\/#mainImage\",\"width\":800,\"height\":533},\"primaryImageOfPage\":{\"@id\":\"https:\\\/\\\/eldigitaldeasturias.com\\\/magazine365\\\/los-coches-electricos-viajaran-gratis-por-las-autopistas-de-la-generalitat-catalana-desde-septiembre\\\/#mainImage\"},\"datePublished\":\"2015-06-06T04:31:05+02:00\",\"dateModified\":\"2015-06-06T04:31:05+02:00\"},{\"@type\":\"WebSite\",\"@id\":\"https:\\\/\\\/eldigitaldeasturias.com\\\/magazine365\\\/#website\",\"url\":\"https:\\\/\\\/eldigitaldeasturias.com\\\/magazine365\\\/\",\"name\":\"El Digital de Asturias\",\"description\":\"Revista de ocio, turismo y estilo de vida\",\"inLanguage\":\"es-ES\",\"publisher\":{\"@id\":\"https:\\\/\\\/eldigitaldeasturias.com\\\/magazine365\\\/#organization\"}}]}\n\t\t<\/script>\n\t\t<!-- All in One SEO Pro -->\r\n\t\t<title>Los coches el\u00e9ctricos viajar\u00e1n gratis por las autopistas de la Generalitat catalana desde septiembre | El Digital de Asturias<\/title>\n\n","aioseo_head_json":{"title":"Los coches el\u00e9ctricos viajar\u00e1n gratis por las autopistas de la Generalitat catalana desde septiembre | El Digital de Asturias","description":"Los coches el\u00e9ctricos viajar\u00e1n de forma gratuita por las autopistas de la Generalitat a partir del 15 de septiembre, ya que contar\u00e1n con un 100% de la bonificaci\u00f3n del coste de los peajes, ha anunciado este viernes el conseller de Territorio y Sostenibilidad, Santi Vila. En la inauguraci\u00f3n del Simposio Europeo de Calidad del Aire,","canonical_url":"https:\/\/eldigitaldeasturias.com\/magazine365\/los-coches-electricos-viajaran-gratis-por-las-autopistas-de-la-generalitat-catalana-desde-septiembre\/","robots":"max-image-preview:large","keywords":"noticias y actualidad","webmasterTools":{"google-site-verification":"UA-38556648-1","miscellaneous":""},"schema":{"@context":"https:\/\/schema.org","@graph":[{"@type":"Article","@id":"https:\/\/eldigitaldeasturias.com\/magazine365\/los-coches-electricos-viajaran-gratis-por-las-autopistas-de-la-generalitat-catalana-desde-septiembre\/#article","name":"Los coches el\u00e9ctricos viajar\u00e1n gratis por las autopistas de la Generalitat catalana desde septiembre | El Digital de Asturias","headline":"Los coches el\u00e9ctricos viajar\u00e1n gratis por las autopistas de la Generalitat catalana desde septiembre","author":{"@id":"https:\/\/eldigitaldeasturias.com\/magazine365\/author\/admin\/#author"},"publisher":{"@id":"https:\/\/eldigitaldeasturias.com\/magazine365\/#organization"},"image":{"@type":"ImageObject","url":"https:\/\/eldigitaldeasturias.com\/magazine365\/wp-content\/uploads\/2015\/06\/fotonoticia_20150605133131_800.jpg","width":800,"height":533},"datePublished":"2015-06-06T04:31:05+02:00","dateModified":"2015-06-06T04:31:05+02:00","inLanguage":"es-ES","mainEntityOfPage":{"@id":"https:\/\/eldigitaldeasturias.com\/magazine365\/los-coches-electricos-viajaran-gratis-por-las-autopistas-de-la-generalitat-catalana-desde-septiembre\/#webpage"},"isPartOf":{"@id":"https:\/\/eldigitaldeasturias.com\/magazine365\/los-coches-electricos-viajaran-gratis-por-las-autopistas-de-la-generalitat-catalana-desde-septiembre\/#webpage"},"articleSection":"Noticias y Actualidad"},{"@type":"BreadcrumbList","@id":"https:\/\/eldigitaldeasturias.com\/magazine365\/los-coches-electricos-viajaran-gratis-por-las-autopistas-de-la-generalitat-catalana-desde-septiembre\/#breadcrumblist","itemListElement":[{"@type":"ListItem","@id":"https:\/\/eldigitaldeasturias.com\/magazine365#listItem","position":1,"name":"Home","item":"https:\/\/eldigitaldeasturias.com\/magazine365","nextItem":{"@type":"ListItem","@id":"https:\/\/eldigitaldeasturias.com\/magazine365\/category\/noticias-actualidad\/#listItem","name":"Noticias y Actualidad"}},{"@type":"ListItem","@id":"https:\/\/eldigitaldeasturias.com\/magazine365\/category\/noticias-actualidad\/#listItem","position":2,"name":"Noticias y Actualidad","item":"https:\/\/eldigitaldeasturias.com\/magazine365\/category\/noticias-actualidad\/","nextItem":{"@type":"ListItem","@id":"https:\/\/eldigitaldeasturias.com\/magazine365\/los-coches-electricos-viajaran-gratis-por-las-autopistas-de-la-generalitat-catalana-desde-septiembre\/#listItem","name":"Los coches el\u00e9ctricos viajar\u00e1n gratis por las autopistas de la Generalitat catalana desde septiembre"},"previousItem":{"@type":"ListItem","@id":"https:\/\/eldigitaldeasturias.com\/magazine365#listItem","name":"Home"}},{"@type":"ListItem","@id":"https:\/\/eldigitaldeasturias.com\/magazine365\/los-coches-electricos-viajaran-gratis-por-las-autopistas-de-la-generalitat-catalana-desde-septiembre\/#listItem","position":3,"name":"Los coches el\u00e9ctricos viajar\u00e1n gratis por las autopistas de la Generalitat catalana desde septiembre","previousItem":{"@type":"ListItem","@id":"https:\/\/eldigitaldeasturias.com\/magazine365\/category\/noticias-actualidad\/#listItem","name":"Noticias y Actualidad"}}]},{"@type":"Organization","@id":"https:\/\/eldigitaldeasturias.com\/magazine365\/#organization","name":"El digital de Asturias","description":"Revista de ocio, turismo y estilo de vida","url":"https:\/\/eldigitaldeasturias.com\/magazine365\/","logo":{"@type":"ImageObject","url":"https:\/\/www.eldigitaldeasturias.com\/noticias\/wp-content\/uploads\/2020\/12\/EDA.jpg","@id":"https:\/\/eldigitaldeasturias.com\/magazine365\/los-coches-electricos-viajaran-gratis-por-las-autopistas-de-la-generalitat-catalana-desde-septiembre\/#organizationLogo"},"image":{"@id":"https:\/\/eldigitaldeasturias.com\/magazine365\/los-coches-electricos-viajaran-gratis-por-las-autopistas-de-la-generalitat-catalana-desde-septiembre\/#organizationLogo"}},{"@type":"Person","@id":"https:\/\/eldigitaldeasturias.com\/magazine365\/author\/admin\/#author","url":"https:\/\/eldigitaldeasturias.com\/magazine365\/author\/admin\/","name":"admin","image":{"@type":"ImageObject","@id":"https:\/\/eldigitaldeasturias.com\/magazine365\/los-coches-electricos-viajaran-gratis-por-las-autopistas-de-la-generalitat-catalana-desde-septiembre\/#authorImage","url":"https:\/\/eldigitaldeasturias.com\/magazine365\/wp-content\/litespeed\/avatar\/e571bcf59a0edd6fa6838245a470f2fe.jpg?ver=1776969259","width":96,"height":96,"caption":"admin"}},{"@type":"WebPage","@id":"https:\/\/eldigitaldeasturias.com\/magazine365\/los-coches-electricos-viajaran-gratis-por-las-autopistas-de-la-generalitat-catalana-desde-septiembre\/#webpage","url":"https:\/\/eldigitaldeasturias.com\/magazine365\/los-coches-electricos-viajaran-gratis-por-las-autopistas-de-la-generalitat-catalana-desde-septiembre\/","name":"Los coches el\u00e9ctricos viajar\u00e1n gratis por las autopistas de la Generalitat catalana desde septiembre | El Digital de Asturias","description":"Los coches el\u00e9ctricos viajar\u00e1n de forma gratuita por las autopistas de la Generalitat a partir del 15 de septiembre, ya que contar\u00e1n con un 100% de la bonificaci\u00f3n del coste de los peajes, ha anunciado este viernes el conseller de Territorio y Sostenibilidad, Santi Vila. En la inauguraci\u00f3n del Simposio Europeo de Calidad del Aire,","inLanguage":"es-ES","isPartOf":{"@id":"https:\/\/eldigitaldeasturias.com\/magazine365\/#website"},"breadcrumb":{"@id":"https:\/\/eldigitaldeasturias.com\/magazine365\/los-coches-electricos-viajaran-gratis-por-las-autopistas-de-la-generalitat-catalana-desde-septiembre\/#breadcrumblist"},"author":{"@id":"https:\/\/eldigitaldeasturias.com\/magazine365\/author\/admin\/#author"},"creator":{"@id":"https:\/\/eldigitaldeasturias.com\/magazine365\/author\/admin\/#author"},"image":{"@type":"ImageObject","url":"https:\/\/eldigitaldeasturias.com\/magazine365\/wp-content\/uploads\/2015\/06\/fotonoticia_20150605133131_800.jpg","@id":"https:\/\/eldigitaldeasturias.com\/magazine365\/los-coches-electricos-viajaran-gratis-por-las-autopistas-de-la-generalitat-catalana-desde-septiembre\/#mainImage","width":800,"height":533},"primaryImageOfPage":{"@id":"https:\/\/eldigitaldeasturias.com\/magazine365\/los-coches-electricos-viajaran-gratis-por-las-autopistas-de-la-generalitat-catalana-desde-septiembre\/#mainImage"},"datePublished":"2015-06-06T04:31:05+02:00","dateModified":"2015-06-06T04:31:05+02:00"},{"@type":"WebSite","@id":"https:\/\/eldigitaldeasturias.com\/magazine365\/#website","url":"https:\/\/eldigitaldeasturias.com\/magazine365\/","name":"El Digital de Asturias","description":"Revista de ocio, turismo y estilo de vida","inLanguage":"es-ES","publisher":{"@id":"https:\/\/eldigitaldeasturias.com\/magazine365\/#organization"}}]},"og:locale":"es_ES","og:site_name":"El Digital de Asturias \u2013 Revista de ocio, turismo y estilo de vida","og:type":"article","og:title":"Los coches el\u00e9ctricos viajar\u00e1n gratis por las autopistas de la Generalitat catalana desde septiembre | El Digital de Asturias","og:description":"Los coches el\u00e9ctricos viajar\u00e1n de forma gratuita por las autopistas de la Generalitat a partir del 15 de septiembre, ya que contar\u00e1n con un 100% de la bonificaci\u00f3n del coste de los peajes, ha anunciado este viernes el conseller de Territorio y Sostenibilidad, Santi Vila. En la inauguraci\u00f3n del Simposio Europeo de Calidad del Aire,","og:url":"https:\/\/eldigitaldeasturias.com\/magazine365\/los-coches-electricos-viajaran-gratis-por-las-autopistas-de-la-generalitat-catalana-desde-septiembre\/","og:image":"https:\/\/eldigitaldeasturias.com\/magazine365\/wp-content\/uploads\/2015\/06\/fotonoticia_20150605133131_800.jpg","og:image:secure_url":"https:\/\/eldigitaldeasturias.com\/magazine365\/wp-content\/uploads\/2015\/06\/fotonoticia_20150605133131_800.jpg","og:image:width":800,"og:image:height":533,"article:published_time":"2015-06-06T03:01:05+00:00","article:modified_time":"2015-06-06T03:01:05+00:00","twitter:card":"summary_large_image","twitter:title":"Los coches el\u00e9ctricos viajar\u00e1n gratis por las autopistas de la Generalitat catalana desde septiembre | El Digital de Asturias","twitter:description":"Los coches el\u00e9ctricos viajar\u00e1n de forma gratuita por las autopistas de la Generalitat a partir del 15 de septiembre, ya que contar\u00e1n con un 100% de la bonificaci\u00f3n del coste de los peajes, ha anunciado este viernes el conseller de Territorio y Sostenibilidad, Santi Vila. En la inauguraci\u00f3n del Simposio Europeo de Calidad del Aire,","twitter:image":"https:\/\/eldigitaldeasturias.com\/magazine365\/wp-content\/uploads\/2015\/06\/fotonoticia_20150605133131_800.jpg"},"aioseo_meta_data":{"post_id":"38967","title":null,"description":null,"keywords":null,"keyphrases":null,"primary_term":null,"canonical_url":null,"og_title":null,"og_description":null,"og_object_type":"default","og_image_type":"default","og_image_url":null,"og_image_width":null,"og_image_height":null,"og_image_custom_url":null,"og_image_custom_fields":null,"og_video":null,"og_custom_url":null,"og_article_section":null,"og_article_tags":null,"twitter_use_og":false,"twitter_card":"default","twitter_image_type":"default","twitter_image_url":null,"twitter_image_custom_url":null,"twitter_image_custom_fields":null,"twitter_title":null,"twitter_description":null,"schema":{"blockGraphs":[],"customGraphs":[],"default":{"data":{"Article":[],"Course":[],"Dataset":[],"FAQPage":[],"Movie":[],"Person":[],"Product":[],"ProductReview":[],"Car":[],"Recipe":[],"Service":[],"SoftwareApplication":[],"WebPage":[]},"graphName":"","isEnabled":true},"graphs":[],"defaultGraph":"","defaultPostTypeGraph":""},"schema_type":null,"schema_type_options":null,"pillar_content":false,"robots_default":true,"robots_noindex":false,"robots_noarchive":false,"robots_nosnippet":false,"robots_nofollow":false,"robots_noimageindex":false,"robots_noodp":false,"robots_notranslate":false,"robots_max_snippet":null,"robots_max_videopreview":null,"robots_max_imagepreview":"large","priority":null,"frequency":null,"location":null,"local_seo":null,"seo_analyzer_scan_date":"2025-09-19 10:42:02","breadcrumb_settings":null,"limit_modified_date":false,"open_ai":null,"ai":null,"created":"2021-03-09 02:46:43","updated":"2025-09-19 10:42:02"},"aioseo_breadcrumb":"<div class=\"aioseo-breadcrumbs\"><span class=\"aioseo-breadcrumb\">\n\t<a href=\"https:\/\/eldigitaldeasturias.com\/magazine365\" title=\"Home\">Home<\/a>\n<\/span><span class=\"aioseo-breadcrumb-separator\">\u2013<\/span><span class=\"aioseo-breadcrumb\">\n\t<a href=\"https:\/\/eldigitaldeasturias.com\/magazine365\/category\/noticias-actualidad\/\" title=\"Noticias y Actualidad\">Noticias y Actualidad<\/a>\n<\/span><span class=\"aioseo-breadcrumb-separator\">\u2013<\/span><span class=\"aioseo-breadcrumb\">\n\t<a href=\"https:\/\/eldigitaldeasturias.com\/magazine365\/los-coches-electricos-viajaran-gratis-por-las-autopistas-de-la-generalitat-catalana-desde-septiembre\/\" title=\"Los coches el\u00e9ctricos viajar\u00e1n gratis por las autopistas de la Generalitat catalana desde septiembre\">Los coches el\u00e9ctricos viajar\u00e1n gratis por las autopistas de la Generalitat catalana desde septiembre<\/a>\n<\/span><\/div>","aioseo_breadcrumb_json":[{"label":"Home","link":"https:\/\/eldigitaldeasturias.com\/magazine365"},{"label":"Noticias y Actualidad","link":"https:\/\/eldigitaldeasturias.com\/magazine365\/category\/noticias-actualidad\/"},{"label":"Los coches el\u00e9ctricos viajar\u00e1n gratis por las autopistas de la Generalitat catalana desde septiembre","link":"https:\/\/eldigitaldeasturias.com\/magazine365\/los-coches-electricos-viajaran-gratis-por-las-autopistas-de-la-generalitat-catalana-desde-septiembre\/"}],"_links":{"self":[{"href":"https:\/\/eldigitaldeasturias.com\/magazine365\/wp-json\/wp\/v2\/posts\/38967","targetHints":{"allow":["GET"]}}],"collection":[{"href":"https:\/\/eldigitaldeasturias.com\/magazine365\/wp-json\/wp\/v2\/posts"}],"about":[{"href":"https:\/\/eldigitaldeasturias.com\/magazine365\/wp-json\/wp\/v2\/types\/post"}],"author":[{"embeddable":true,"href":"https:\/\/eldigitaldeasturias.com\/magazine365\/wp-json\/wp\/v2\/users\/1"}],"replies":[{"embeddable":true,"href":"https:\/\/eldigitaldeasturias.com\/magazine365\/wp-json\/wp\/v2\/comments?post=38967"}],"version-history":[{"count":0,"href":"https:\/\/eldigitaldeasturias.com\/magazine365\/wp-json\/wp\/v2\/posts\/38967\/revisions"}],"wp:featuredmedia":[{"embeddable":true,"href":"https:\/\/eldigitaldeasturias.com\/magazine365\/wp-json\/wp\/v2\/media\/38968"}],"wp:attachment":[{"href":"https:\/\/eldigitaldeasturias.com\/magazine365\/wp-json\/wp\/v2\/media?parent=38967"}],"wp:term":[{"taxonomy":"category","embeddable":true,"href":"https:\/\/eldigitaldeasturias.com\/magazine365\/wp-json\/wp\/v2\/categories?post=38967"},{"taxonomy":"post_tag","embeddable":true,"href":"https:\/\/eldigitaldeasturias.com\/magazine365\/wp-json\/wp\/v2\/tags?post=38967"}],"curies":[{"name":"wp","href":"https:\/\/api.w.org\/{rel}","templated":true}]}}