{"id":38958,"date":"2015-06-06T04:26:21","date_gmt":"2015-06-06T02:56:21","guid":{"rendered":"http:\/\/eldigitaldeasturias.com\/magazine365\/?p=38958"},"modified":"2015-06-06T04:26:21","modified_gmt":"2015-06-06T02:56:21","slug":"faunia-comienza-una-nueva-temporada-de-banos-con-osos-marinos","status":"publish","type":"post","link":"https:\/\/eldigitaldeasturias.com\/magazine365\/faunia-comienza-una-nueva-temporada-de-banos-con-osos-marinos\/","title":{"rendered":"Faunia comienza una nueva temporada de ba\u00f1os con osos marinos"},"content":{"rendered":"<p><img fetchpriority=\"high\" decoding=\"async\" class=\"alignleft size-medium wp-image-38959\" src=\"https:\/\/eldigitaldeasturias.com\/magazine365\/wp-content\/uploads\/2015\/06\/fotonoticia_20150605130314_800-360x240.jpg\" alt=\"fotonoticia_20150605130314_800\" width=\"360\" height=\"240\" srcset=\"https:\/\/eldigitaldeasturias.com\/magazine365\/wp-content\/uploads\/2015\/06\/fotonoticia_20150605130314_800-360x240.jpg 360w, https:\/\/eldigitaldeasturias.com\/magazine365\/wp-content\/uploads\/2015\/06\/fotonoticia_20150605130314_800-650x434.jpg 650w, https:\/\/eldigitaldeasturias.com\/magazine365\/wp-content\/uploads\/2015\/06\/fotonoticia_20150605130314_800-768x513.jpg 768w, https:\/\/eldigitaldeasturias.com\/magazine365\/wp-content\/uploads\/2015\/06\/fotonoticia_20150605130314_800-150x100.jpg 150w, https:\/\/eldigitaldeasturias.com\/magazine365\/wp-content\/uploads\/2015\/06\/fotonoticia_20150605130314_800-450x300.jpg 450w, https:\/\/eldigitaldeasturias.com\/magazine365\/wp-content\/uploads\/2015\/06\/fotonoticia_20150605130314_800-696x465.jpg 696w, https:\/\/eldigitaldeasturias.com\/magazine365\/wp-content\/uploads\/2015\/06\/fotonoticia_20150605130314_800-629x420.jpg 629w, https:\/\/eldigitaldeasturias.com\/magazine365\/wp-content\/uploads\/2015\/06\/fotonoticia_20150605130314_800-84x55.jpg 84w, https:\/\/eldigitaldeasturias.com\/magazine365\/wp-content\/uploads\/2015\/06\/fotonoticia_20150605130314_800.jpg 800w\" sizes=\"(max-width: 360px) 100vw, 360px\" \/>Faunia comienza una nueva temporada de ba\u00f1os con osos marinos, una actividad que se podr\u00e1 practicar hasta el 18 de octubre, ha informado el parque en un comunicado.<\/p>\n<p>Coincidiendo con la llegada del buen tiempo, la familia de osos marinos de Faunia se lanza al agua animando a peque\u00f1os y adultos a participar en una divertida interacci\u00f3n en la que compartir un refrescante ba\u00f1o repleto de juegos y sorpresas.<\/p>\n<p>Hasta el pr\u00f3ximo 18 de octubre, esta actividad acu\u00e1tica se podr\u00e1 practicar en grupos m\u00e1ximos de 10 personas y permitir\u00e1 a sus participantes experimentar la sensaci\u00f3n de nadar, bucear e incluso acariciar e interactuar con estos mam\u00edferos marinos.<\/p>\n<p>Bajo la supervisi\u00f3n de sus entrenadores se podr\u00e1 descubrir la personalidad de cada uno de los seis miembros que integran el grupo formado por Ibo, el macho, y las hembras \u00c1frica, Zimba, Yoda, Lua y Opra.<\/p>\n<p>Todos ellos se ir\u00e1n sumando al ba\u00f1o mientras sus entrenadores explican las principales habilidades de los osos marinos y las caracter\u00edsticas morfol\u00f3gicas que les diferencian de focas vitulinas y leones marinos californianos para finalizar la interacci\u00f3n compartiendo buceo junto a ellos.<\/p>\n<p>El ba\u00f1o con osos marinos est\u00e1 especialmente pensado para familias con ni\u00f1os, parejas o grupos con necesidades especiales bajo la filosof\u00eda del &#8216;m\u00e1s cerca imposible&#8217; de Faunia que ofrece la experiencia \u00fanica de entrar en contacto directo con estos animales caracterizados por su don de gentes, su gran agilidad y car\u00e1cter juguet\u00f3n.<\/p>\n<p>PROTECCI\u00d3N MEDIO AMBIENTE.<\/p>\n<p>Uno de los objetivos de esta interacci\u00f3n es concienciar sobre la importancia, protecci\u00f3n y respeto del medio acu\u00e1tico ayudando a financiar el proyecto de conservaci\u00f3n de la foca monje en la pen\u00ednsula de Mauritania, una de las especies marinas m\u00e1s amenazadas del planeta.<\/p>\n<p>El objetivo es proteger y controlar su poblaci\u00f3n mediante un sistema de v\u00eddeo vigilancia y monitoreo puesto en marcha por la Fundaci\u00f3n CBD-Habitat en colaboraci\u00f3n con la Fundaci\u00f3n Parques Reunidos.<\/p>\n<p>El ba\u00f1o con osos marinos es una buena oportunidad para conocer tambi\u00e9n a dos de los protagonistas del a\u00f1o en Faunia, los dos machos de Steller Mirai y Hooper, una especie \u00fanica en Espa\u00f1a conocida como el le\u00f3n marino m\u00e1s grande del mundo que el p\u00fablico podr\u00e1 descubrir durante todo el verano a trav\u00e9s de las charlas educativas que se ofrecer\u00e1n durante su primera fase de adaptaci\u00f3n en la Bah\u00eda de los Steller.<\/p>\n<p>El ba\u00f1o, que tiene una duraci\u00f3n de dos horas y media, se puede realizar con menores a partir de cuatro a\u00f1os en grupos m\u00e1ximos de 10 personas en horario de lunes a viernes de 11:30 a 14 horas y los fines de semana y festivos de 15:30 a 18 horas.<\/p>\n<p>El precio es de 60 euros de lunes a jueves y de 65 euros los fines de semana y festivos. Incluye entrada al parque, almuerzo\/merienda, charla preparatoria y ba\u00f1o VIP con osos marinos.<\/p>\n<p>Para realizar esta actividad se precisan ba\u00f1ador, toalla y calzado de piscina. Se facilitar\u00e1n trajes de neopreno, escarpines y chalecos.<\/p>\n<p>La reserva se puede realizar online o el mismo d\u00eda de la visita, en las taquillas del parque, seg\u00fan disponibilidad.<\/p>\n","protected":false},"excerpt":{"rendered":"<p>Faunia comienza una nueva temporada de ba\u00f1os con osos marinos, una actividad que se podr\u00e1 practicar hasta el 18 de octubre, ha informado el parque en un comunicado. Coincidiendo con la llegada del buen tiempo, la familia de osos marinos de Faunia se lanza al agua animando a peque\u00f1os y adultos a participar en una<\/p>\n","protected":false},"author":1,"featured_media":38959,"comment_status":"open","ping_status":"closed","sticky":false,"template":"","format":"standard","meta":{"footnotes":""},"categories":[222],"tags":[],"class_list":{"0":"post-38958","1":"post","2":"type-post","3":"status-publish","4":"format-standard","5":"has-post-thumbnail","7":"category-actualidad-turismo"},"aioseo_notices":[],"aioseo_head":"\n\t\t<!-- All in One SEO Pro 4.9.6.1 - aioseo.com -->\n\t<meta name=\"description\" content=\"Faunia comienza una nueva temporada de ba\u00f1os con osos marinos, una actividad que se podr\u00e1 practicar hasta el 18 de octubre, ha informado el parque en un comunicado. Coincidiendo con la llegada del buen tiempo, la familia de osos marinos de Faunia se lanza al agua animando a peque\u00f1os y adultos a participar en una\" \/>\n\t<meta name=\"robots\" content=\"max-image-preview:large\" \/>\n\t<meta name=\"author\" content=\"admin\"\/>\n\t<meta name=\"google-site-verification\" content=\"UA-38556648-1\" \/>\n\t<meta name=\"keywords\" content=\"actualidad turismo\" \/>\n\t<link rel=\"canonical\" href=\"https:\/\/eldigitaldeasturias.com\/magazine365\/faunia-comienza-una-nueva-temporada-de-banos-con-osos-marinos\/\" \/>\n\t<meta name=\"generator\" content=\"All in One SEO Pro (AIOSEO) 4.9.6.1\" \/>\n\t\t<meta property=\"og:locale\" content=\"es_ES\" \/>\n\t\t<meta property=\"og:site_name\" content=\"El Digital de Asturias \u2013 Revista de ocio, turismo y estilo de vida\" \/>\n\t\t<meta property=\"og:type\" content=\"article\" \/>\n\t\t<meta property=\"og:title\" content=\"Faunia comienza una nueva temporada de ba\u00f1os con osos marinos | El Digital de Asturias\" \/>\n\t\t<meta property=\"og:description\" content=\"Faunia comienza una nueva temporada de ba\u00f1os con osos marinos, una actividad que se podr\u00e1 practicar hasta el 18 de octubre, ha informado el parque en un comunicado. Coincidiendo con la llegada del buen tiempo, la familia de osos marinos de Faunia se lanza al agua animando a peque\u00f1os y adultos a participar en una\" \/>\n\t\t<meta property=\"og:url\" content=\"https:\/\/eldigitaldeasturias.com\/magazine365\/faunia-comienza-una-nueva-temporada-de-banos-con-osos-marinos\/\" \/>\n\t\t<meta property=\"og:image\" content=\"https:\/\/eldigitaldeasturias.com\/magazine365\/wp-content\/uploads\/2015\/06\/fotonoticia_20150605130314_800.jpg\" \/>\n\t\t<meta property=\"og:image:secure_url\" content=\"https:\/\/eldigitaldeasturias.com\/magazine365\/wp-content\/uploads\/2015\/06\/fotonoticia_20150605130314_800.jpg\" \/>\n\t\t<meta property=\"og:image:width\" content=\"800\" \/>\n\t\t<meta property=\"og:image:height\" content=\"534\" \/>\n\t\t<meta property=\"article:published_time\" content=\"2015-06-06T02:56:21+00:00\" \/>\n\t\t<meta property=\"article:modified_time\" content=\"2015-06-06T02:56:21+00:00\" \/>\n\t\t<meta name=\"twitter:card\" content=\"summary_large_image\" \/>\n\t\t<meta name=\"twitter:title\" content=\"Faunia comienza una nueva temporada de ba\u00f1os con osos marinos | El Digital de Asturias\" \/>\n\t\t<meta name=\"twitter:description\" content=\"Faunia comienza una nueva temporada de ba\u00f1os con osos marinos, una actividad que se podr\u00e1 practicar hasta el 18 de octubre, ha informado el parque en un comunicado. Coincidiendo con la llegada del buen tiempo, la familia de osos marinos de Faunia se lanza al agua animando a peque\u00f1os y adultos a participar en una\" \/>\n\t\t<meta name=\"twitter:image\" content=\"https:\/\/eldigitaldeasturias.com\/magazine365\/wp-content\/uploads\/2015\/06\/fotonoticia_20150605130314_800.jpg\" \/>\n\t\t<script type=\"application\/ld+json\" class=\"aioseo-schema\">\n\t\t\t{\"@context\":\"https:\\\/\\\/schema.org\",\"@graph\":[{\"@type\":\"Article\",\"@id\":\"https:\\\/\\\/eldigitaldeasturias.com\\\/magazine365\\\/faunia-comienza-una-nueva-temporada-de-banos-con-osos-marinos\\\/#article\",\"name\":\"Faunia comienza una nueva temporada de ba\\u00f1os con osos marinos | El Digital de Asturias\",\"headline\":\"Faunia comienza una nueva temporada de ba\\u00f1os con osos marinos\",\"author\":{\"@id\":\"https:\\\/\\\/eldigitaldeasturias.com\\\/magazine365\\\/author\\\/admin\\\/#author\"},\"publisher\":{\"@id\":\"https:\\\/\\\/eldigitaldeasturias.com\\\/magazine365\\\/#organization\"},\"image\":{\"@type\":\"ImageObject\",\"url\":\"https:\\\/\\\/eldigitaldeasturias.com\\\/magazine365\\\/wp-content\\\/uploads\\\/2015\\\/06\\\/fotonoticia_20150605130314_800.jpg\",\"width\":800,\"height\":534},\"datePublished\":\"2015-06-06T04:26:21+02:00\",\"dateModified\":\"2015-06-06T04:26:21+02:00\",\"inLanguage\":\"es-ES\",\"mainEntityOfPage\":{\"@id\":\"https:\\\/\\\/eldigitaldeasturias.com\\\/magazine365\\\/faunia-comienza-una-nueva-temporada-de-banos-con-osos-marinos\\\/#webpage\"},\"isPartOf\":{\"@id\":\"https:\\\/\\\/eldigitaldeasturias.com\\\/magazine365\\\/faunia-comienza-una-nueva-temporada-de-banos-con-osos-marinos\\\/#webpage\"},\"articleSection\":\"Actualidad Turismo\"},{\"@type\":\"BreadcrumbList\",\"@id\":\"https:\\\/\\\/eldigitaldeasturias.com\\\/magazine365\\\/faunia-comienza-una-nueva-temporada-de-banos-con-osos-marinos\\\/#breadcrumblist\",\"itemListElement\":[{\"@type\":\"ListItem\",\"@id\":\"https:\\\/\\\/eldigitaldeasturias.com\\\/magazine365#listItem\",\"position\":1,\"name\":\"Home\",\"item\":\"https:\\\/\\\/eldigitaldeasturias.com\\\/magazine365\",\"nextItem\":{\"@type\":\"ListItem\",\"@id\":\"https:\\\/\\\/eldigitaldeasturias.com\\\/magazine365\\\/category\\\/actualidad-turismo\\\/#listItem\",\"name\":\"Actualidad Turismo\"}},{\"@type\":\"ListItem\",\"@id\":\"https:\\\/\\\/eldigitaldeasturias.com\\\/magazine365\\\/category\\\/actualidad-turismo\\\/#listItem\",\"position\":2,\"name\":\"Actualidad Turismo\",\"item\":\"https:\\\/\\\/eldigitaldeasturias.com\\\/magazine365\\\/category\\\/actualidad-turismo\\\/\",\"nextItem\":{\"@type\":\"ListItem\",\"@id\":\"https:\\\/\\\/eldigitaldeasturias.com\\\/magazine365\\\/faunia-comienza-una-nueva-temporada-de-banos-con-osos-marinos\\\/#listItem\",\"name\":\"Faunia comienza una nueva temporada de ba\\u00f1os con osos marinos\"},\"previousItem\":{\"@type\":\"ListItem\",\"@id\":\"https:\\\/\\\/eldigitaldeasturias.com\\\/magazine365#listItem\",\"name\":\"Home\"}},{\"@type\":\"ListItem\",\"@id\":\"https:\\\/\\\/eldigitaldeasturias.com\\\/magazine365\\\/faunia-comienza-una-nueva-temporada-de-banos-con-osos-marinos\\\/#listItem\",\"position\":3,\"name\":\"Faunia comienza una nueva temporada de ba\\u00f1os con osos marinos\",\"previousItem\":{\"@type\":\"ListItem\",\"@id\":\"https:\\\/\\\/eldigitaldeasturias.com\\\/magazine365\\\/category\\\/actualidad-turismo\\\/#listItem\",\"name\":\"Actualidad Turismo\"}}]},{\"@type\":\"Organization\",\"@id\":\"https:\\\/\\\/eldigitaldeasturias.com\\\/magazine365\\\/#organization\",\"name\":\"El digital de Asturias\",\"description\":\"Revista de ocio, turismo y estilo de vida\",\"url\":\"https:\\\/\\\/eldigitaldeasturias.com\\\/magazine365\\\/\",\"logo\":{\"@type\":\"ImageObject\",\"url\":\"https:\\\/\\\/www.eldigitaldeasturias.com\\\/noticias\\\/wp-content\\\/uploads\\\/2020\\\/12\\\/EDA.jpg\",\"@id\":\"https:\\\/\\\/eldigitaldeasturias.com\\\/magazine365\\\/faunia-comienza-una-nueva-temporada-de-banos-con-osos-marinos\\\/#organizationLogo\"},\"image\":{\"@id\":\"https:\\\/\\\/eldigitaldeasturias.com\\\/magazine365\\\/faunia-comienza-una-nueva-temporada-de-banos-con-osos-marinos\\\/#organizationLogo\"}},{\"@type\":\"Person\",\"@id\":\"https:\\\/\\\/eldigitaldeasturias.com\\\/magazine365\\\/author\\\/admin\\\/#author\",\"url\":\"https:\\\/\\\/eldigitaldeasturias.com\\\/magazine365\\\/author\\\/admin\\\/\",\"name\":\"admin\",\"image\":{\"@type\":\"ImageObject\",\"@id\":\"https:\\\/\\\/eldigitaldeasturias.com\\\/magazine365\\\/faunia-comienza-una-nueva-temporada-de-banos-con-osos-marinos\\\/#authorImage\",\"url\":\"https:\\\/\\\/eldigitaldeasturias.com\\\/magazine365\\\/wp-content\\\/litespeed\\\/avatar\\\/e571bcf59a0edd6fa6838245a470f2fe.jpg?ver=1776969259\",\"width\":96,\"height\":96,\"caption\":\"admin\"}},{\"@type\":\"WebPage\",\"@id\":\"https:\\\/\\\/eldigitaldeasturias.com\\\/magazine365\\\/faunia-comienza-una-nueva-temporada-de-banos-con-osos-marinos\\\/#webpage\",\"url\":\"https:\\\/\\\/eldigitaldeasturias.com\\\/magazine365\\\/faunia-comienza-una-nueva-temporada-de-banos-con-osos-marinos\\\/\",\"name\":\"Faunia comienza una nueva temporada de ba\\u00f1os con osos marinos | El Digital de Asturias\",\"description\":\"Faunia comienza una nueva temporada de ba\\u00f1os con osos marinos, una actividad que se podr\\u00e1 practicar hasta el 18 de octubre, ha informado el parque en un comunicado. Coincidiendo con la llegada del buen tiempo, la familia de osos marinos de Faunia se lanza al agua animando a peque\\u00f1os y adultos a participar en una\",\"inLanguage\":\"es-ES\",\"isPartOf\":{\"@id\":\"https:\\\/\\\/eldigitaldeasturias.com\\\/magazine365\\\/#website\"},\"breadcrumb\":{\"@id\":\"https:\\\/\\\/eldigitaldeasturias.com\\\/magazine365\\\/faunia-comienza-una-nueva-temporada-de-banos-con-osos-marinos\\\/#breadcrumblist\"},\"author\":{\"@id\":\"https:\\\/\\\/eldigitaldeasturias.com\\\/magazine365\\\/author\\\/admin\\\/#author\"},\"creator\":{\"@id\":\"https:\\\/\\\/eldigitaldeasturias.com\\\/magazine365\\\/author\\\/admin\\\/#author\"},\"image\":{\"@type\":\"ImageObject\",\"url\":\"https:\\\/\\\/eldigitaldeasturias.com\\\/magazine365\\\/wp-content\\\/uploads\\\/2015\\\/06\\\/fotonoticia_20150605130314_800.jpg\",\"@id\":\"https:\\\/\\\/eldigitaldeasturias.com\\\/magazine365\\\/faunia-comienza-una-nueva-temporada-de-banos-con-osos-marinos\\\/#mainImage\",\"width\":800,\"height\":534},\"primaryImageOfPage\":{\"@id\":\"https:\\\/\\\/eldigitaldeasturias.com\\\/magazine365\\\/faunia-comienza-una-nueva-temporada-de-banos-con-osos-marinos\\\/#mainImage\"},\"datePublished\":\"2015-06-06T04:26:21+02:00\",\"dateModified\":\"2015-06-06T04:26:21+02:00\"},{\"@type\":\"WebSite\",\"@id\":\"https:\\\/\\\/eldigitaldeasturias.com\\\/magazine365\\\/#website\",\"url\":\"https:\\\/\\\/eldigitaldeasturias.com\\\/magazine365\\\/\",\"name\":\"El Digital de Asturias\",\"description\":\"Revista de ocio, turismo y estilo de vida\",\"inLanguage\":\"es-ES\",\"publisher\":{\"@id\":\"https:\\\/\\\/eldigitaldeasturias.com\\\/magazine365\\\/#organization\"}}]}\n\t\t<\/script>\n\t\t<!-- All in One SEO Pro -->\r\n\t\t<title>Faunia comienza una nueva temporada de ba\u00f1os con osos marinos | El Digital de Asturias<\/title>\n\n","aioseo_head_json":{"title":"Faunia comienza una nueva temporada de ba\u00f1os con osos marinos | El Digital de Asturias","description":"Faunia comienza una nueva temporada de ba\u00f1os con osos marinos, una actividad que se podr\u00e1 practicar hasta el 18 de octubre, ha informado el parque en un comunicado. Coincidiendo con la llegada del buen tiempo, la familia de osos marinos de Faunia se lanza al agua animando a peque\u00f1os y adultos a participar en una","canonical_url":"https:\/\/eldigitaldeasturias.com\/magazine365\/faunia-comienza-una-nueva-temporada-de-banos-con-osos-marinos\/","robots":"max-image-preview:large","keywords":"actualidad turismo","webmasterTools":{"google-site-verification":"UA-38556648-1","miscellaneous":""},"schema":{"@context":"https:\/\/schema.org","@graph":[{"@type":"Article","@id":"https:\/\/eldigitaldeasturias.com\/magazine365\/faunia-comienza-una-nueva-temporada-de-banos-con-osos-marinos\/#article","name":"Faunia comienza una nueva temporada de ba\u00f1os con osos marinos | El Digital de Asturias","headline":"Faunia comienza una nueva temporada de ba\u00f1os con osos marinos","author":{"@id":"https:\/\/eldigitaldeasturias.com\/magazine365\/author\/admin\/#author"},"publisher":{"@id":"https:\/\/eldigitaldeasturias.com\/magazine365\/#organization"},"image":{"@type":"ImageObject","url":"https:\/\/eldigitaldeasturias.com\/magazine365\/wp-content\/uploads\/2015\/06\/fotonoticia_20150605130314_800.jpg","width":800,"height":534},"datePublished":"2015-06-06T04:26:21+02:00","dateModified":"2015-06-06T04:26:21+02:00","inLanguage":"es-ES","mainEntityOfPage":{"@id":"https:\/\/eldigitaldeasturias.com\/magazine365\/faunia-comienza-una-nueva-temporada-de-banos-con-osos-marinos\/#webpage"},"isPartOf":{"@id":"https:\/\/eldigitaldeasturias.com\/magazine365\/faunia-comienza-una-nueva-temporada-de-banos-con-osos-marinos\/#webpage"},"articleSection":"Actualidad Turismo"},{"@type":"BreadcrumbList","@id":"https:\/\/eldigitaldeasturias.com\/magazine365\/faunia-comienza-una-nueva-temporada-de-banos-con-osos-marinos\/#breadcrumblist","itemListElement":[{"@type":"ListItem","@id":"https:\/\/eldigitaldeasturias.com\/magazine365#listItem","position":1,"name":"Home","item":"https:\/\/eldigitaldeasturias.com\/magazine365","nextItem":{"@type":"ListItem","@id":"https:\/\/eldigitaldeasturias.com\/magazine365\/category\/actualidad-turismo\/#listItem","name":"Actualidad Turismo"}},{"@type":"ListItem","@id":"https:\/\/eldigitaldeasturias.com\/magazine365\/category\/actualidad-turismo\/#listItem","position":2,"name":"Actualidad Turismo","item":"https:\/\/eldigitaldeasturias.com\/magazine365\/category\/actualidad-turismo\/","nextItem":{"@type":"ListItem","@id":"https:\/\/eldigitaldeasturias.com\/magazine365\/faunia-comienza-una-nueva-temporada-de-banos-con-osos-marinos\/#listItem","name":"Faunia comienza una nueva temporada de ba\u00f1os con osos marinos"},"previousItem":{"@type":"ListItem","@id":"https:\/\/eldigitaldeasturias.com\/magazine365#listItem","name":"Home"}},{"@type":"ListItem","@id":"https:\/\/eldigitaldeasturias.com\/magazine365\/faunia-comienza-una-nueva-temporada-de-banos-con-osos-marinos\/#listItem","position":3,"name":"Faunia comienza una nueva temporada de ba\u00f1os con osos marinos","previousItem":{"@type":"ListItem","@id":"https:\/\/eldigitaldeasturias.com\/magazine365\/category\/actualidad-turismo\/#listItem","name":"Actualidad Turismo"}}]},{"@type":"Organization","@id":"https:\/\/eldigitaldeasturias.com\/magazine365\/#organization","name":"El digital de Asturias","description":"Revista de ocio, turismo y estilo de vida","url":"https:\/\/eldigitaldeasturias.com\/magazine365\/","logo":{"@type":"ImageObject","url":"https:\/\/www.eldigitaldeasturias.com\/noticias\/wp-content\/uploads\/2020\/12\/EDA.jpg","@id":"https:\/\/eldigitaldeasturias.com\/magazine365\/faunia-comienza-una-nueva-temporada-de-banos-con-osos-marinos\/#organizationLogo"},"image":{"@id":"https:\/\/eldigitaldeasturias.com\/magazine365\/faunia-comienza-una-nueva-temporada-de-banos-con-osos-marinos\/#organizationLogo"}},{"@type":"Person","@id":"https:\/\/eldigitaldeasturias.com\/magazine365\/author\/admin\/#author","url":"https:\/\/eldigitaldeasturias.com\/magazine365\/author\/admin\/","name":"admin","image":{"@type":"ImageObject","@id":"https:\/\/eldigitaldeasturias.com\/magazine365\/faunia-comienza-una-nueva-temporada-de-banos-con-osos-marinos\/#authorImage","url":"https:\/\/eldigitaldeasturias.com\/magazine365\/wp-content\/litespeed\/avatar\/e571bcf59a0edd6fa6838245a470f2fe.jpg?ver=1776969259","width":96,"height":96,"caption":"admin"}},{"@type":"WebPage","@id":"https:\/\/eldigitaldeasturias.com\/magazine365\/faunia-comienza-una-nueva-temporada-de-banos-con-osos-marinos\/#webpage","url":"https:\/\/eldigitaldeasturias.com\/magazine365\/faunia-comienza-una-nueva-temporada-de-banos-con-osos-marinos\/","name":"Faunia comienza una nueva temporada de ba\u00f1os con osos marinos | El Digital de Asturias","description":"Faunia comienza una nueva temporada de ba\u00f1os con osos marinos, una actividad que se podr\u00e1 practicar hasta el 18 de octubre, ha informado el parque en un comunicado. Coincidiendo con la llegada del buen tiempo, la familia de osos marinos de Faunia se lanza al agua animando a peque\u00f1os y adultos a participar en una","inLanguage":"es-ES","isPartOf":{"@id":"https:\/\/eldigitaldeasturias.com\/magazine365\/#website"},"breadcrumb":{"@id":"https:\/\/eldigitaldeasturias.com\/magazine365\/faunia-comienza-una-nueva-temporada-de-banos-con-osos-marinos\/#breadcrumblist"},"author":{"@id":"https:\/\/eldigitaldeasturias.com\/magazine365\/author\/admin\/#author"},"creator":{"@id":"https:\/\/eldigitaldeasturias.com\/magazine365\/author\/admin\/#author"},"image":{"@type":"ImageObject","url":"https:\/\/eldigitaldeasturias.com\/magazine365\/wp-content\/uploads\/2015\/06\/fotonoticia_20150605130314_800.jpg","@id":"https:\/\/eldigitaldeasturias.com\/magazine365\/faunia-comienza-una-nueva-temporada-de-banos-con-osos-marinos\/#mainImage","width":800,"height":534},"primaryImageOfPage":{"@id":"https:\/\/eldigitaldeasturias.com\/magazine365\/faunia-comienza-una-nueva-temporada-de-banos-con-osos-marinos\/#mainImage"},"datePublished":"2015-06-06T04:26:21+02:00","dateModified":"2015-06-06T04:26:21+02:00"},{"@type":"WebSite","@id":"https:\/\/eldigitaldeasturias.com\/magazine365\/#website","url":"https:\/\/eldigitaldeasturias.com\/magazine365\/","name":"El Digital de Asturias","description":"Revista de ocio, turismo y estilo de vida","inLanguage":"es-ES","publisher":{"@id":"https:\/\/eldigitaldeasturias.com\/magazine365\/#organization"}}]},"og:locale":"es_ES","og:site_name":"El Digital de Asturias \u2013 Revista de ocio, turismo y estilo de vida","og:type":"article","og:title":"Faunia comienza una nueva temporada de ba\u00f1os con osos marinos | El Digital de Asturias","og:description":"Faunia comienza una nueva temporada de ba\u00f1os con osos marinos, una actividad que se podr\u00e1 practicar hasta el 18 de octubre, ha informado el parque en un comunicado. Coincidiendo con la llegada del buen tiempo, la familia de osos marinos de Faunia se lanza al agua animando a peque\u00f1os y adultos a participar en una","og:url":"https:\/\/eldigitaldeasturias.com\/magazine365\/faunia-comienza-una-nueva-temporada-de-banos-con-osos-marinos\/","og:image":"https:\/\/eldigitaldeasturias.com\/magazine365\/wp-content\/uploads\/2015\/06\/fotonoticia_20150605130314_800.jpg","og:image:secure_url":"https:\/\/eldigitaldeasturias.com\/magazine365\/wp-content\/uploads\/2015\/06\/fotonoticia_20150605130314_800.jpg","og:image:width":800,"og:image:height":534,"article:published_time":"2015-06-06T02:56:21+00:00","article:modified_time":"2015-06-06T02:56:21+00:00","twitter:card":"summary_large_image","twitter:title":"Faunia comienza una nueva temporada de ba\u00f1os con osos marinos | El Digital de Asturias","twitter:description":"Faunia comienza una nueva temporada de ba\u00f1os con osos marinos, una actividad que se podr\u00e1 practicar hasta el 18 de octubre, ha informado el parque en un comunicado. Coincidiendo con la llegada del buen tiempo, la familia de osos marinos de Faunia se lanza al agua animando a peque\u00f1os y adultos a participar en una","twitter:image":"https:\/\/eldigitaldeasturias.com\/magazine365\/wp-content\/uploads\/2015\/06\/fotonoticia_20150605130314_800.jpg"},"aioseo_meta_data":{"post_id":"38958","title":null,"description":null,"keywords":null,"keyphrases":null,"primary_term":null,"canonical_url":null,"og_title":null,"og_description":null,"og_object_type":"default","og_image_type":"default","og_image_url":null,"og_image_width":null,"og_image_height":null,"og_image_custom_url":null,"og_image_custom_fields":null,"og_video":null,"og_custom_url":null,"og_article_section":null,"og_article_tags":null,"twitter_use_og":false,"twitter_card":"default","twitter_image_type":"default","twitter_image_url":null,"twitter_image_custom_url":null,"twitter_image_custom_fields":null,"twitter_title":null,"twitter_description":null,"schema":{"blockGraphs":[],"customGraphs":[],"default":{"data":{"Article":[],"Course":[],"Dataset":[],"FAQPage":[],"Movie":[],"Person":[],"Product":[],"ProductReview":[],"Car":[],"Recipe":[],"Service":[],"SoftwareApplication":[],"WebPage":[]},"graphName":"","isEnabled":true},"graphs":[],"defaultGraph":"","defaultPostTypeGraph":""},"schema_type":null,"schema_type_options":null,"pillar_content":false,"robots_default":true,"robots_noindex":false,"robots_noarchive":false,"robots_nosnippet":false,"robots_nofollow":false,"robots_noimageindex":false,"robots_noodp":false,"robots_notranslate":false,"robots_max_snippet":null,"robots_max_videopreview":null,"robots_max_imagepreview":"large","priority":null,"frequency":null,"location":null,"local_seo":null,"seo_analyzer_scan_date":"2025-09-19 10:39:49","breadcrumb_settings":null,"limit_modified_date":false,"open_ai":null,"ai":null,"created":"2021-03-09 02:46:43","updated":"2025-09-19 10:39:49"},"aioseo_breadcrumb":"<div class=\"aioseo-breadcrumbs\"><span class=\"aioseo-breadcrumb\">\n\t<a href=\"https:\/\/eldigitaldeasturias.com\/magazine365\" title=\"Home\">Home<\/a>\n<\/span><span class=\"aioseo-breadcrumb-separator\">\u2013<\/span><span class=\"aioseo-breadcrumb\">\n\t<a href=\"https:\/\/eldigitaldeasturias.com\/magazine365\/category\/actualidad-turismo\/\" title=\"Actualidad Turismo\">Actualidad Turismo<\/a>\n<\/span><span class=\"aioseo-breadcrumb-separator\">\u2013<\/span><span class=\"aioseo-breadcrumb\">\n\t<a href=\"https:\/\/eldigitaldeasturias.com\/magazine365\/faunia-comienza-una-nueva-temporada-de-banos-con-osos-marinos\/\" title=\"Faunia comienza una nueva temporada de ba\u00f1os con osos marinos\">Faunia comienza una nueva temporada de ba\u00f1os con osos marinos<\/a>\n<\/span><\/div>","aioseo_breadcrumb_json":[{"label":"Home","link":"https:\/\/eldigitaldeasturias.com\/magazine365"},{"label":"Actualidad Turismo","link":"https:\/\/eldigitaldeasturias.com\/magazine365\/category\/actualidad-turismo\/"},{"label":"Faunia comienza una nueva temporada de ba\u00f1os con osos marinos","link":"https:\/\/eldigitaldeasturias.com\/magazine365\/faunia-comienza-una-nueva-temporada-de-banos-con-osos-marinos\/"}],"_links":{"self":[{"href":"https:\/\/eldigitaldeasturias.com\/magazine365\/wp-json\/wp\/v2\/posts\/38958","targetHints":{"allow":["GET"]}}],"collection":[{"href":"https:\/\/eldigitaldeasturias.com\/magazine365\/wp-json\/wp\/v2\/posts"}],"about":[{"href":"https:\/\/eldigitaldeasturias.com\/magazine365\/wp-json\/wp\/v2\/types\/post"}],"author":[{"embeddable":true,"href":"https:\/\/eldigitaldeasturias.com\/magazine365\/wp-json\/wp\/v2\/users\/1"}],"replies":[{"embeddable":true,"href":"https:\/\/eldigitaldeasturias.com\/magazine365\/wp-json\/wp\/v2\/comments?post=38958"}],"version-history":[{"count":0,"href":"https:\/\/eldigitaldeasturias.com\/magazine365\/wp-json\/wp\/v2\/posts\/38958\/revisions"}],"wp:featuredmedia":[{"embeddable":true,"href":"https:\/\/eldigitaldeasturias.com\/magazine365\/wp-json\/wp\/v2\/media\/38959"}],"wp:attachment":[{"href":"https:\/\/eldigitaldeasturias.com\/magazine365\/wp-json\/wp\/v2\/media?parent=38958"}],"wp:term":[{"taxonomy":"category","embeddable":true,"href":"https:\/\/eldigitaldeasturias.com\/magazine365\/wp-json\/wp\/v2\/categories?post=38958"},{"taxonomy":"post_tag","embeddable":true,"href":"https:\/\/eldigitaldeasturias.com\/magazine365\/wp-json\/wp\/v2\/tags?post=38958"}],"curies":[{"name":"wp","href":"https:\/\/api.w.org\/{rel}","templated":true}]}}