{"id":38955,"date":"2015-06-06T04:24:51","date_gmt":"2015-06-06T02:54:51","guid":{"rendered":"http:\/\/eldigitaldeasturias.com\/magazine365\/?p=38955"},"modified":"2015-06-06T04:24:51","modified_gmt":"2015-06-06T02:54:51","slug":"alumnos-de-la-escuela-de-hosteleria-y-agroturismo-de-extremadura-asisten-a-una-clase-magistral-sobre-la-torta-del-casar","status":"publish","type":"post","link":"https:\/\/eldigitaldeasturias.com\/magazine365\/alumnos-de-la-escuela-de-hosteleria-y-agroturismo-de-extremadura-asisten-a-una-clase-magistral-sobre-la-torta-del-casar\/","title":{"rendered":"Alumnos de la Escuela de Hosteler\u00eda y Agroturismo de Extremadura asisten a una clase magistral sobre la Torta del Casar"},"content":{"rendered":"<p><img fetchpriority=\"high\" decoding=\"async\" class=\"alignleft size-medium wp-image-38956\" src=\"https:\/\/eldigitaldeasturias.com\/magazine365\/wp-content\/uploads\/2015\/06\/fotonoticia_20150605130058_800-360x176.jpg\" alt=\"fotonoticia_20150605130058_800\" width=\"360\" height=\"176\" srcset=\"https:\/\/eldigitaldeasturias.com\/magazine365\/wp-content\/uploads\/2015\/06\/fotonoticia_20150605130058_800-360x176.jpg 360w, https:\/\/eldigitaldeasturias.com\/magazine365\/wp-content\/uploads\/2015\/06\/fotonoticia_20150605130058_800-650x317.jpg 650w, https:\/\/eldigitaldeasturias.com\/magazine365\/wp-content\/uploads\/2015\/06\/fotonoticia_20150605130058_800-768x374.jpg 768w, https:\/\/eldigitaldeasturias.com\/magazine365\/wp-content\/uploads\/2015\/06\/fotonoticia_20150605130058_800-150x73.jpg 150w, https:\/\/eldigitaldeasturias.com\/magazine365\/wp-content\/uploads\/2015\/06\/fotonoticia_20150605130058_800-450x219.jpg 450w, https:\/\/eldigitaldeasturias.com\/magazine365\/wp-content\/uploads\/2015\/06\/fotonoticia_20150605130058_800-533x261.jpg 533w, https:\/\/eldigitaldeasturias.com\/magazine365\/wp-content\/uploads\/2015\/06\/fotonoticia_20150605130058_800-696x339.jpg 696w, https:\/\/eldigitaldeasturias.com\/magazine365\/wp-content\/uploads\/2015\/06\/fotonoticia_20150605130058_800.jpg 800w\" sizes=\"(max-width: 360px) 100vw, 360px\" \/>El Consejo Regulador de la Denominaci\u00f3n de Origen Protegida Torta del Casar ha organizado una clase magistral y cata de quesos DOP Torta del Casar con alumnos de la Escuela de Hosteler\u00eda y Agroturismo de Extremadura (Eshaex) este pasado jueves, d\u00eda 4.<\/p>\n<p>La clase fue impartida por el director de la DOP, Javier Mu\u00f1oz y su objetivo fue dar a conocer la cultura y calidad de este queso, al ser un producto muy vers\u00e1til en la gastronom\u00eda y con muchas aplicaciones.<\/p>\n<p>La charla, dirigida a los alumnos de cocina de Certificado de Profesionalidad y de Formaci\u00f3n Profesional de la Escuela, cont\u00f3 con dos partes, una parte te\u00f3rica y otra pr\u00e1ctica.<\/p>\n<p>La parte te\u00f3rica se complet\u00f3 con una explicaci\u00f3n de las cualidades del producto, elaboraci\u00f3n y conservaci\u00f3n, as\u00ed como, su diferenciaci\u00f3n con otros quesos espa\u00f1oles a trav\u00e9s de herramientas como la etiqueta de control, garant\u00eda de origen y calidad.<\/p>\n<p>Despu\u00e9s, se procedi\u00f3 a la cata, donde se probaron dos quesos de diferentes queser\u00edas, y tambi\u00e9n dos quesos de una misma queser\u00eda en momentos diferentes de maduraci\u00f3n.<\/p>\n<p>El objetivo es que los alumnos conozcan los par\u00e1metros organol\u00e9pticos que caracterizan la Torta del Casar, as\u00ed como aprender a identificar las particularidades y distinguir entre las diferentes variedades de quesos.<\/p>\n<p>Para los alumnos es fundamental practicar con el producto, ya que poder tener el queso y catarlo, conocer el sistema de identificaci\u00f3n y comprobar c\u00f3mo es una etiqueta de certificaci\u00f3n, entre otras cosas, hace que \u00abse interesen de verdad por lo que est\u00e1n haciendo y lo asimilen\u00bb, seg\u00fan ha explicado el director de la DOP, Javier Mu\u00f1oz.<\/p>\n<p>\u00abEsta ser\u00e1 la primera cata comentada que hacemos en la Eshaex, aunque esperamos continuar cada curso escolar para que los futuros profesionales de la hosteler\u00eda conozcan a fondo uno de los principales productos que se dan en Extremadura, como es la Torta del Casar\u00bb, ha a\u00f1adido Mu\u00f1oz.<\/p>\n<p>C\u00c1CERES, CAPITAL ESPA\u00d1OLA DE LA GASTRONOM\u00cdA 2015<\/p>\n<p>C\u00e1ceres ostenta en 2015 el t\u00edtulo de Capital Espa\u00f1ola de la Gastronom\u00eda, ya que la riqueza de la tierra cacere\u00f1a es una gran despensa natural de la que nacen los productos que dan un sabor excepcional a sus platos.<\/p>\n<p>Dehesas, campos de regad\u00edo y de trigo, r\u00edos, gargantas, extensiones de olivares, \u00e1rboles frutales y bosques son los ingredientes \u00fanicos para una gastronom\u00eda nutritiva y sabrosa.<\/p>\n<p>Una cocina que adem\u00e1s se ha visto enriquecida por la influencia de los pueblos que se han asentado en ella, romanos, \u00e1rabes y jud\u00edos, y de la cocina portuguesa.<\/p>\n<p>Ejercer como Capital Espa\u00f1ola de la Gastronom\u00eda en 2015 permitir\u00e1 a C\u00e1ceres mostrar su estrategia en un entorno privilegiado, promocionando sus rutas y destinos gastron\u00f3micos, ampliando as\u00ed su atractivo para el visitante.<\/p>\n<p>DOP TORTA DEL CASAR<\/p>\n<p>Los quesos DOP Torta del Casar se elaboran \u00fanicamente en las queser\u00edas inscritas en los registros del Consejo Regulador, que d\u00eda a d\u00eda trabaja para garantizar el origen y la calidad de la misma, controlando la pureza del proceso de elaboraci\u00f3n para la plena seguridad y confianza de los consumidores.<\/p>\n<p>La Denominaci\u00f3n de Origen Protegida ampara este queso de antigua tradici\u00f3n y cualidades singulares y diferenciadoras. Por eso, cuando el consumidor quiera disfrutar de un aut\u00e9ntico queso DOP Torta del Casar, hay que buscar su exclusiva etiqueta de control en la que se une el logotipo del Consejo Regulador al de la Uni\u00f3n Europea, \u00fanica garant\u00eda de que la elecci\u00f3n realizada y el reconocimiento internacional.<\/p>\n","protected":false},"excerpt":{"rendered":"<p>El Consejo Regulador de la Denominaci\u00f3n de Origen Protegida Torta del Casar ha organizado una clase magistral y cata de quesos DOP Torta del Casar con alumnos de la Escuela de Hosteler\u00eda y Agroturismo de Extremadura (Eshaex) este pasado jueves, d\u00eda 4. La clase fue impartida por el director de la DOP, Javier Mu\u00f1oz y<\/p>\n","protected":false},"author":1,"featured_media":38956,"comment_status":"open","ping_status":"closed","sticky":false,"template":"","format":"standard","meta":{"footnotes":""},"categories":[222],"tags":[],"class_list":{"0":"post-38955","1":"post","2":"type-post","3":"status-publish","4":"format-standard","5":"has-post-thumbnail","7":"category-actualidad-turismo"},"aioseo_notices":[],"aioseo_head":"\n\t\t<!-- All in One SEO Pro 4.9.6.1 - aioseo.com -->\n\t<meta name=\"description\" content=\"El Consejo Regulador de la Denominaci\u00f3n de Origen Protegida Torta del Casar ha organizado una clase magistral y cata de quesos DOP Torta del Casar con alumnos de la Escuela de Hosteler\u00eda y Agroturismo de Extremadura (Eshaex) este pasado jueves, d\u00eda 4. La clase fue impartida por el director de la DOP, Javier Mu\u00f1oz y\" \/>\n\t<meta name=\"robots\" content=\"max-image-preview:large\" \/>\n\t<meta name=\"author\" content=\"admin\"\/>\n\t<meta name=\"google-site-verification\" content=\"UA-38556648-1\" \/>\n\t<meta name=\"keywords\" content=\"actualidad turismo\" \/>\n\t<link rel=\"canonical\" href=\"https:\/\/eldigitaldeasturias.com\/magazine365\/alumnos-de-la-escuela-de-hosteleria-y-agroturismo-de-extremadura-asisten-a-una-clase-magistral-sobre-la-torta-del-casar\/\" \/>\n\t<meta name=\"generator\" content=\"All in One SEO Pro (AIOSEO) 4.9.6.1\" \/>\n\t\t<meta property=\"og:locale\" content=\"es_ES\" \/>\n\t\t<meta property=\"og:site_name\" content=\"El Digital de Asturias \u2013 Revista de ocio, turismo y estilo de vida\" \/>\n\t\t<meta property=\"og:type\" content=\"article\" \/>\n\t\t<meta property=\"og:title\" content=\"Alumnos de la Escuela de Hosteler\u00eda y Agroturismo de Extremadura asisten a una clase magistral sobre la Torta del Casar | El Digital de Asturias\" \/>\n\t\t<meta property=\"og:description\" content=\"El Consejo Regulador de la Denominaci\u00f3n de Origen Protegida Torta del Casar ha organizado una clase magistral y cata de quesos DOP Torta del Casar con alumnos de la Escuela de Hosteler\u00eda y Agroturismo de Extremadura (Eshaex) este pasado jueves, d\u00eda 4. La clase fue impartida por el director de la DOP, Javier Mu\u00f1oz y\" \/>\n\t\t<meta property=\"og:url\" content=\"https:\/\/eldigitaldeasturias.com\/magazine365\/alumnos-de-la-escuela-de-hosteleria-y-agroturismo-de-extremadura-asisten-a-una-clase-magistral-sobre-la-torta-del-casar\/\" \/>\n\t\t<meta property=\"og:image\" content=\"https:\/\/eldigitaldeasturias.com\/magazine365\/wp-content\/uploads\/2015\/06\/fotonoticia_20150605130058_800.jpg\" \/>\n\t\t<meta property=\"og:image:secure_url\" content=\"https:\/\/eldigitaldeasturias.com\/magazine365\/wp-content\/uploads\/2015\/06\/fotonoticia_20150605130058_800.jpg\" \/>\n\t\t<meta property=\"og:image:width\" content=\"800\" \/>\n\t\t<meta property=\"og:image:height\" content=\"390\" \/>\n\t\t<meta property=\"article:published_time\" content=\"2015-06-06T02:54:51+00:00\" \/>\n\t\t<meta property=\"article:modified_time\" content=\"2015-06-06T02:54:51+00:00\" \/>\n\t\t<meta name=\"twitter:card\" content=\"summary_large_image\" \/>\n\t\t<meta name=\"twitter:title\" content=\"Alumnos de la Escuela de Hosteler\u00eda y Agroturismo de Extremadura asisten a una clase magistral sobre la Torta del Casar | El Digital de Asturias\" \/>\n\t\t<meta name=\"twitter:description\" content=\"El Consejo Regulador de la Denominaci\u00f3n de Origen Protegida Torta del Casar ha organizado una clase magistral y cata de quesos DOP Torta del Casar con alumnos de la Escuela de Hosteler\u00eda y Agroturismo de Extremadura (Eshaex) este pasado jueves, d\u00eda 4. La clase fue impartida por el director de la DOP, Javier Mu\u00f1oz y\" \/>\n\t\t<meta name=\"twitter:image\" content=\"https:\/\/eldigitaldeasturias.com\/magazine365\/wp-content\/uploads\/2015\/06\/fotonoticia_20150605130058_800.jpg\" \/>\n\t\t<script type=\"application\/ld+json\" class=\"aioseo-schema\">\n\t\t\t{\"@context\":\"https:\\\/\\\/schema.org\",\"@graph\":[{\"@type\":\"Article\",\"@id\":\"https:\\\/\\\/eldigitaldeasturias.com\\\/magazine365\\\/alumnos-de-la-escuela-de-hosteleria-y-agroturismo-de-extremadura-asisten-a-una-clase-magistral-sobre-la-torta-del-casar\\\/#article\",\"name\":\"Alumnos de la Escuela de Hosteler\\u00eda y Agroturismo de Extremadura asisten a una clase magistral sobre la Torta del Casar | El Digital de Asturias\",\"headline\":\"Alumnos de la Escuela de Hosteler\\u00eda y Agroturismo de Extremadura asisten a una clase magistral sobre la Torta del Casar\",\"author\":{\"@id\":\"https:\\\/\\\/eldigitaldeasturias.com\\\/magazine365\\\/author\\\/admin\\\/#author\"},\"publisher\":{\"@id\":\"https:\\\/\\\/eldigitaldeasturias.com\\\/magazine365\\\/#organization\"},\"image\":{\"@type\":\"ImageObject\",\"url\":\"https:\\\/\\\/eldigitaldeasturias.com\\\/magazine365\\\/wp-content\\\/uploads\\\/2015\\\/06\\\/fotonoticia_20150605130058_800.jpg\",\"width\":800,\"height\":390},\"datePublished\":\"2015-06-06T04:24:51+02:00\",\"dateModified\":\"2015-06-06T04:24:51+02:00\",\"inLanguage\":\"es-ES\",\"mainEntityOfPage\":{\"@id\":\"https:\\\/\\\/eldigitaldeasturias.com\\\/magazine365\\\/alumnos-de-la-escuela-de-hosteleria-y-agroturismo-de-extremadura-asisten-a-una-clase-magistral-sobre-la-torta-del-casar\\\/#webpage\"},\"isPartOf\":{\"@id\":\"https:\\\/\\\/eldigitaldeasturias.com\\\/magazine365\\\/alumnos-de-la-escuela-de-hosteleria-y-agroturismo-de-extremadura-asisten-a-una-clase-magistral-sobre-la-torta-del-casar\\\/#webpage\"},\"articleSection\":\"Actualidad Turismo\"},{\"@type\":\"BreadcrumbList\",\"@id\":\"https:\\\/\\\/eldigitaldeasturias.com\\\/magazine365\\\/alumnos-de-la-escuela-de-hosteleria-y-agroturismo-de-extremadura-asisten-a-una-clase-magistral-sobre-la-torta-del-casar\\\/#breadcrumblist\",\"itemListElement\":[{\"@type\":\"ListItem\",\"@id\":\"https:\\\/\\\/eldigitaldeasturias.com\\\/magazine365#listItem\",\"position\":1,\"name\":\"Home\",\"item\":\"https:\\\/\\\/eldigitaldeasturias.com\\\/magazine365\",\"nextItem\":{\"@type\":\"ListItem\",\"@id\":\"https:\\\/\\\/eldigitaldeasturias.com\\\/magazine365\\\/category\\\/actualidad-turismo\\\/#listItem\",\"name\":\"Actualidad Turismo\"}},{\"@type\":\"ListItem\",\"@id\":\"https:\\\/\\\/eldigitaldeasturias.com\\\/magazine365\\\/category\\\/actualidad-turismo\\\/#listItem\",\"position\":2,\"name\":\"Actualidad Turismo\",\"item\":\"https:\\\/\\\/eldigitaldeasturias.com\\\/magazine365\\\/category\\\/actualidad-turismo\\\/\",\"nextItem\":{\"@type\":\"ListItem\",\"@id\":\"https:\\\/\\\/eldigitaldeasturias.com\\\/magazine365\\\/alumnos-de-la-escuela-de-hosteleria-y-agroturismo-de-extremadura-asisten-a-una-clase-magistral-sobre-la-torta-del-casar\\\/#listItem\",\"name\":\"Alumnos de la Escuela de Hosteler\\u00eda y Agroturismo de Extremadura asisten a una clase magistral sobre la Torta del Casar\"},\"previousItem\":{\"@type\":\"ListItem\",\"@id\":\"https:\\\/\\\/eldigitaldeasturias.com\\\/magazine365#listItem\",\"name\":\"Home\"}},{\"@type\":\"ListItem\",\"@id\":\"https:\\\/\\\/eldigitaldeasturias.com\\\/magazine365\\\/alumnos-de-la-escuela-de-hosteleria-y-agroturismo-de-extremadura-asisten-a-una-clase-magistral-sobre-la-torta-del-casar\\\/#listItem\",\"position\":3,\"name\":\"Alumnos de la Escuela de Hosteler\\u00eda y Agroturismo de Extremadura asisten a una clase magistral sobre la Torta del Casar\",\"previousItem\":{\"@type\":\"ListItem\",\"@id\":\"https:\\\/\\\/eldigitaldeasturias.com\\\/magazine365\\\/category\\\/actualidad-turismo\\\/#listItem\",\"name\":\"Actualidad Turismo\"}}]},{\"@type\":\"Organization\",\"@id\":\"https:\\\/\\\/eldigitaldeasturias.com\\\/magazine365\\\/#organization\",\"name\":\"El digital de Asturias\",\"description\":\"Revista de ocio, turismo y estilo de vida\",\"url\":\"https:\\\/\\\/eldigitaldeasturias.com\\\/magazine365\\\/\",\"logo\":{\"@type\":\"ImageObject\",\"url\":\"https:\\\/\\\/www.eldigitaldeasturias.com\\\/noticias\\\/wp-content\\\/uploads\\\/2020\\\/12\\\/EDA.jpg\",\"@id\":\"https:\\\/\\\/eldigitaldeasturias.com\\\/magazine365\\\/alumnos-de-la-escuela-de-hosteleria-y-agroturismo-de-extremadura-asisten-a-una-clase-magistral-sobre-la-torta-del-casar\\\/#organizationLogo\"},\"image\":{\"@id\":\"https:\\\/\\\/eldigitaldeasturias.com\\\/magazine365\\\/alumnos-de-la-escuela-de-hosteleria-y-agroturismo-de-extremadura-asisten-a-una-clase-magistral-sobre-la-torta-del-casar\\\/#organizationLogo\"}},{\"@type\":\"Person\",\"@id\":\"https:\\\/\\\/eldigitaldeasturias.com\\\/magazine365\\\/author\\\/admin\\\/#author\",\"url\":\"https:\\\/\\\/eldigitaldeasturias.com\\\/magazine365\\\/author\\\/admin\\\/\",\"name\":\"admin\",\"image\":{\"@type\":\"ImageObject\",\"@id\":\"https:\\\/\\\/eldigitaldeasturias.com\\\/magazine365\\\/alumnos-de-la-escuela-de-hosteleria-y-agroturismo-de-extremadura-asisten-a-una-clase-magistral-sobre-la-torta-del-casar\\\/#authorImage\",\"url\":\"https:\\\/\\\/eldigitaldeasturias.com\\\/magazine365\\\/wp-content\\\/litespeed\\\/avatar\\\/e571bcf59a0edd6fa6838245a470f2fe.jpg?ver=1776969259\",\"width\":96,\"height\":96,\"caption\":\"admin\"}},{\"@type\":\"WebPage\",\"@id\":\"https:\\\/\\\/eldigitaldeasturias.com\\\/magazine365\\\/alumnos-de-la-escuela-de-hosteleria-y-agroturismo-de-extremadura-asisten-a-una-clase-magistral-sobre-la-torta-del-casar\\\/#webpage\",\"url\":\"https:\\\/\\\/eldigitaldeasturias.com\\\/magazine365\\\/alumnos-de-la-escuela-de-hosteleria-y-agroturismo-de-extremadura-asisten-a-una-clase-magistral-sobre-la-torta-del-casar\\\/\",\"name\":\"Alumnos de la Escuela de Hosteler\\u00eda y Agroturismo de Extremadura asisten a una clase magistral sobre la Torta del Casar | El Digital de Asturias\",\"description\":\"El Consejo Regulador de la Denominaci\\u00f3n de Origen Protegida Torta del Casar ha organizado una clase magistral y cata de quesos DOP Torta del Casar con alumnos de la Escuela de Hosteler\\u00eda y Agroturismo de Extremadura (Eshaex) este pasado jueves, d\\u00eda 4. La clase fue impartida por el director de la DOP, Javier Mu\\u00f1oz y\",\"inLanguage\":\"es-ES\",\"isPartOf\":{\"@id\":\"https:\\\/\\\/eldigitaldeasturias.com\\\/magazine365\\\/#website\"},\"breadcrumb\":{\"@id\":\"https:\\\/\\\/eldigitaldeasturias.com\\\/magazine365\\\/alumnos-de-la-escuela-de-hosteleria-y-agroturismo-de-extremadura-asisten-a-una-clase-magistral-sobre-la-torta-del-casar\\\/#breadcrumblist\"},\"author\":{\"@id\":\"https:\\\/\\\/eldigitaldeasturias.com\\\/magazine365\\\/author\\\/admin\\\/#author\"},\"creator\":{\"@id\":\"https:\\\/\\\/eldigitaldeasturias.com\\\/magazine365\\\/author\\\/admin\\\/#author\"},\"image\":{\"@type\":\"ImageObject\",\"url\":\"https:\\\/\\\/eldigitaldeasturias.com\\\/magazine365\\\/wp-content\\\/uploads\\\/2015\\\/06\\\/fotonoticia_20150605130058_800.jpg\",\"@id\":\"https:\\\/\\\/eldigitaldeasturias.com\\\/magazine365\\\/alumnos-de-la-escuela-de-hosteleria-y-agroturismo-de-extremadura-asisten-a-una-clase-magistral-sobre-la-torta-del-casar\\\/#mainImage\",\"width\":800,\"height\":390},\"primaryImageOfPage\":{\"@id\":\"https:\\\/\\\/eldigitaldeasturias.com\\\/magazine365\\\/alumnos-de-la-escuela-de-hosteleria-y-agroturismo-de-extremadura-asisten-a-una-clase-magistral-sobre-la-torta-del-casar\\\/#mainImage\"},\"datePublished\":\"2015-06-06T04:24:51+02:00\",\"dateModified\":\"2015-06-06T04:24:51+02:00\"},{\"@type\":\"WebSite\",\"@id\":\"https:\\\/\\\/eldigitaldeasturias.com\\\/magazine365\\\/#website\",\"url\":\"https:\\\/\\\/eldigitaldeasturias.com\\\/magazine365\\\/\",\"name\":\"El Digital de Asturias\",\"description\":\"Revista de ocio, turismo y estilo de vida\",\"inLanguage\":\"es-ES\",\"publisher\":{\"@id\":\"https:\\\/\\\/eldigitaldeasturias.com\\\/magazine365\\\/#organization\"}}]}\n\t\t<\/script>\n\t\t<!-- All in One SEO Pro -->\r\n\t\t<title>Alumnos de la Escuela de Hosteler\u00eda y Agroturismo de Extremadura asisten a una clase magistral sobre la Torta del Casar | El Digital de Asturias<\/title>\n\n","aioseo_head_json":{"title":"Alumnos de la Escuela de Hosteler\u00eda y Agroturismo de Extremadura asisten a una clase magistral sobre la Torta del Casar | El Digital de Asturias","description":"El Consejo Regulador de la Denominaci\u00f3n de Origen Protegida Torta del Casar ha organizado una clase magistral y cata de quesos DOP Torta del Casar con alumnos de la Escuela de Hosteler\u00eda y Agroturismo de Extremadura (Eshaex) este pasado jueves, d\u00eda 4. La clase fue impartida por el director de la DOP, Javier Mu\u00f1oz y","canonical_url":"https:\/\/eldigitaldeasturias.com\/magazine365\/alumnos-de-la-escuela-de-hosteleria-y-agroturismo-de-extremadura-asisten-a-una-clase-magistral-sobre-la-torta-del-casar\/","robots":"max-image-preview:large","keywords":"actualidad turismo","webmasterTools":{"google-site-verification":"UA-38556648-1","miscellaneous":""},"schema":{"@context":"https:\/\/schema.org","@graph":[{"@type":"Article","@id":"https:\/\/eldigitaldeasturias.com\/magazine365\/alumnos-de-la-escuela-de-hosteleria-y-agroturismo-de-extremadura-asisten-a-una-clase-magistral-sobre-la-torta-del-casar\/#article","name":"Alumnos de la Escuela de Hosteler\u00eda y Agroturismo de Extremadura asisten a una clase magistral sobre la Torta del Casar | El Digital de Asturias","headline":"Alumnos de la Escuela de Hosteler\u00eda y Agroturismo de Extremadura asisten a una clase magistral sobre la Torta del Casar","author":{"@id":"https:\/\/eldigitaldeasturias.com\/magazine365\/author\/admin\/#author"},"publisher":{"@id":"https:\/\/eldigitaldeasturias.com\/magazine365\/#organization"},"image":{"@type":"ImageObject","url":"https:\/\/eldigitaldeasturias.com\/magazine365\/wp-content\/uploads\/2015\/06\/fotonoticia_20150605130058_800.jpg","width":800,"height":390},"datePublished":"2015-06-06T04:24:51+02:00","dateModified":"2015-06-06T04:24:51+02:00","inLanguage":"es-ES","mainEntityOfPage":{"@id":"https:\/\/eldigitaldeasturias.com\/magazine365\/alumnos-de-la-escuela-de-hosteleria-y-agroturismo-de-extremadura-asisten-a-una-clase-magistral-sobre-la-torta-del-casar\/#webpage"},"isPartOf":{"@id":"https:\/\/eldigitaldeasturias.com\/magazine365\/alumnos-de-la-escuela-de-hosteleria-y-agroturismo-de-extremadura-asisten-a-una-clase-magistral-sobre-la-torta-del-casar\/#webpage"},"articleSection":"Actualidad Turismo"},{"@type":"BreadcrumbList","@id":"https:\/\/eldigitaldeasturias.com\/magazine365\/alumnos-de-la-escuela-de-hosteleria-y-agroturismo-de-extremadura-asisten-a-una-clase-magistral-sobre-la-torta-del-casar\/#breadcrumblist","itemListElement":[{"@type":"ListItem","@id":"https:\/\/eldigitaldeasturias.com\/magazine365#listItem","position":1,"name":"Home","item":"https:\/\/eldigitaldeasturias.com\/magazine365","nextItem":{"@type":"ListItem","@id":"https:\/\/eldigitaldeasturias.com\/magazine365\/category\/actualidad-turismo\/#listItem","name":"Actualidad Turismo"}},{"@type":"ListItem","@id":"https:\/\/eldigitaldeasturias.com\/magazine365\/category\/actualidad-turismo\/#listItem","position":2,"name":"Actualidad Turismo","item":"https:\/\/eldigitaldeasturias.com\/magazine365\/category\/actualidad-turismo\/","nextItem":{"@type":"ListItem","@id":"https:\/\/eldigitaldeasturias.com\/magazine365\/alumnos-de-la-escuela-de-hosteleria-y-agroturismo-de-extremadura-asisten-a-una-clase-magistral-sobre-la-torta-del-casar\/#listItem","name":"Alumnos de la Escuela de Hosteler\u00eda y Agroturismo de Extremadura asisten a una clase magistral sobre la Torta del Casar"},"previousItem":{"@type":"ListItem","@id":"https:\/\/eldigitaldeasturias.com\/magazine365#listItem","name":"Home"}},{"@type":"ListItem","@id":"https:\/\/eldigitaldeasturias.com\/magazine365\/alumnos-de-la-escuela-de-hosteleria-y-agroturismo-de-extremadura-asisten-a-una-clase-magistral-sobre-la-torta-del-casar\/#listItem","position":3,"name":"Alumnos de la Escuela de Hosteler\u00eda y Agroturismo de Extremadura asisten a una clase magistral sobre la Torta del Casar","previousItem":{"@type":"ListItem","@id":"https:\/\/eldigitaldeasturias.com\/magazine365\/category\/actualidad-turismo\/#listItem","name":"Actualidad Turismo"}}]},{"@type":"Organization","@id":"https:\/\/eldigitaldeasturias.com\/magazine365\/#organization","name":"El digital de Asturias","description":"Revista de ocio, turismo y estilo de vida","url":"https:\/\/eldigitaldeasturias.com\/magazine365\/","logo":{"@type":"ImageObject","url":"https:\/\/www.eldigitaldeasturias.com\/noticias\/wp-content\/uploads\/2020\/12\/EDA.jpg","@id":"https:\/\/eldigitaldeasturias.com\/magazine365\/alumnos-de-la-escuela-de-hosteleria-y-agroturismo-de-extremadura-asisten-a-una-clase-magistral-sobre-la-torta-del-casar\/#organizationLogo"},"image":{"@id":"https:\/\/eldigitaldeasturias.com\/magazine365\/alumnos-de-la-escuela-de-hosteleria-y-agroturismo-de-extremadura-asisten-a-una-clase-magistral-sobre-la-torta-del-casar\/#organizationLogo"}},{"@type":"Person","@id":"https:\/\/eldigitaldeasturias.com\/magazine365\/author\/admin\/#author","url":"https:\/\/eldigitaldeasturias.com\/magazine365\/author\/admin\/","name":"admin","image":{"@type":"ImageObject","@id":"https:\/\/eldigitaldeasturias.com\/magazine365\/alumnos-de-la-escuela-de-hosteleria-y-agroturismo-de-extremadura-asisten-a-una-clase-magistral-sobre-la-torta-del-casar\/#authorImage","url":"https:\/\/eldigitaldeasturias.com\/magazine365\/wp-content\/litespeed\/avatar\/e571bcf59a0edd6fa6838245a470f2fe.jpg?ver=1776969259","width":96,"height":96,"caption":"admin"}},{"@type":"WebPage","@id":"https:\/\/eldigitaldeasturias.com\/magazine365\/alumnos-de-la-escuela-de-hosteleria-y-agroturismo-de-extremadura-asisten-a-una-clase-magistral-sobre-la-torta-del-casar\/#webpage","url":"https:\/\/eldigitaldeasturias.com\/magazine365\/alumnos-de-la-escuela-de-hosteleria-y-agroturismo-de-extremadura-asisten-a-una-clase-magistral-sobre-la-torta-del-casar\/","name":"Alumnos de la Escuela de Hosteler\u00eda y Agroturismo de Extremadura asisten a una clase magistral sobre la Torta del Casar | El Digital de Asturias","description":"El Consejo Regulador de la Denominaci\u00f3n de Origen Protegida Torta del Casar ha organizado una clase magistral y cata de quesos DOP Torta del Casar con alumnos de la Escuela de Hosteler\u00eda y Agroturismo de Extremadura (Eshaex) este pasado jueves, d\u00eda 4. La clase fue impartida por el director de la DOP, Javier Mu\u00f1oz y","inLanguage":"es-ES","isPartOf":{"@id":"https:\/\/eldigitaldeasturias.com\/magazine365\/#website"},"breadcrumb":{"@id":"https:\/\/eldigitaldeasturias.com\/magazine365\/alumnos-de-la-escuela-de-hosteleria-y-agroturismo-de-extremadura-asisten-a-una-clase-magistral-sobre-la-torta-del-casar\/#breadcrumblist"},"author":{"@id":"https:\/\/eldigitaldeasturias.com\/magazine365\/author\/admin\/#author"},"creator":{"@id":"https:\/\/eldigitaldeasturias.com\/magazine365\/author\/admin\/#author"},"image":{"@type":"ImageObject","url":"https:\/\/eldigitaldeasturias.com\/magazine365\/wp-content\/uploads\/2015\/06\/fotonoticia_20150605130058_800.jpg","@id":"https:\/\/eldigitaldeasturias.com\/magazine365\/alumnos-de-la-escuela-de-hosteleria-y-agroturismo-de-extremadura-asisten-a-una-clase-magistral-sobre-la-torta-del-casar\/#mainImage","width":800,"height":390},"primaryImageOfPage":{"@id":"https:\/\/eldigitaldeasturias.com\/magazine365\/alumnos-de-la-escuela-de-hosteleria-y-agroturismo-de-extremadura-asisten-a-una-clase-magistral-sobre-la-torta-del-casar\/#mainImage"},"datePublished":"2015-06-06T04:24:51+02:00","dateModified":"2015-06-06T04:24:51+02:00"},{"@type":"WebSite","@id":"https:\/\/eldigitaldeasturias.com\/magazine365\/#website","url":"https:\/\/eldigitaldeasturias.com\/magazine365\/","name":"El Digital de Asturias","description":"Revista de ocio, turismo y estilo de vida","inLanguage":"es-ES","publisher":{"@id":"https:\/\/eldigitaldeasturias.com\/magazine365\/#organization"}}]},"og:locale":"es_ES","og:site_name":"El Digital de Asturias \u2013 Revista de ocio, turismo y estilo de vida","og:type":"article","og:title":"Alumnos de la Escuela de Hosteler\u00eda y Agroturismo de Extremadura asisten a una clase magistral sobre la Torta del Casar | El Digital de Asturias","og:description":"El Consejo Regulador de la Denominaci\u00f3n de Origen Protegida Torta del Casar ha organizado una clase magistral y cata de quesos DOP Torta del Casar con alumnos de la Escuela de Hosteler\u00eda y Agroturismo de Extremadura (Eshaex) este pasado jueves, d\u00eda 4. La clase fue impartida por el director de la DOP, Javier Mu\u00f1oz y","og:url":"https:\/\/eldigitaldeasturias.com\/magazine365\/alumnos-de-la-escuela-de-hosteleria-y-agroturismo-de-extremadura-asisten-a-una-clase-magistral-sobre-la-torta-del-casar\/","og:image":"https:\/\/eldigitaldeasturias.com\/magazine365\/wp-content\/uploads\/2015\/06\/fotonoticia_20150605130058_800.jpg","og:image:secure_url":"https:\/\/eldigitaldeasturias.com\/magazine365\/wp-content\/uploads\/2015\/06\/fotonoticia_20150605130058_800.jpg","og:image:width":800,"og:image:height":390,"article:published_time":"2015-06-06T02:54:51+00:00","article:modified_time":"2015-06-06T02:54:51+00:00","twitter:card":"summary_large_image","twitter:title":"Alumnos de la Escuela de Hosteler\u00eda y Agroturismo de Extremadura asisten a una clase magistral sobre la Torta del Casar | El Digital de Asturias","twitter:description":"El Consejo Regulador de la Denominaci\u00f3n de Origen Protegida Torta del Casar ha organizado una clase magistral y cata de quesos DOP Torta del Casar con alumnos de la Escuela de Hosteler\u00eda y Agroturismo de Extremadura (Eshaex) este pasado jueves, d\u00eda 4. La clase fue impartida por el director de la DOP, Javier Mu\u00f1oz y","twitter:image":"https:\/\/eldigitaldeasturias.com\/magazine365\/wp-content\/uploads\/2015\/06\/fotonoticia_20150605130058_800.jpg"},"aioseo_meta_data":{"post_id":"38955","title":null,"description":null,"keywords":null,"keyphrases":null,"primary_term":null,"canonical_url":null,"og_title":null,"og_description":null,"og_object_type":"default","og_image_type":"default","og_image_url":null,"og_image_width":null,"og_image_height":null,"og_image_custom_url":null,"og_image_custom_fields":null,"og_video":null,"og_custom_url":null,"og_article_section":null,"og_article_tags":null,"twitter_use_og":false,"twitter_card":"default","twitter_image_type":"default","twitter_image_url":null,"twitter_image_custom_url":null,"twitter_image_custom_fields":null,"twitter_title":null,"twitter_description":null,"schema":{"blockGraphs":[],"customGraphs":[],"default":{"data":{"Article":[],"Course":[],"Dataset":[],"FAQPage":[],"Movie":[],"Person":[],"Product":[],"ProductReview":[],"Car":[],"Recipe":[],"Service":[],"SoftwareApplication":[],"WebPage":[]},"graphName":"","isEnabled":true},"graphs":[],"defaultGraph":"","defaultPostTypeGraph":""},"schema_type":null,"schema_type_options":null,"pillar_content":false,"robots_default":true,"robots_noindex":false,"robots_noarchive":false,"robots_nosnippet":false,"robots_nofollow":false,"robots_noimageindex":false,"robots_noodp":false,"robots_notranslate":false,"robots_max_snippet":null,"robots_max_videopreview":null,"robots_max_imagepreview":"large","priority":null,"frequency":null,"location":null,"local_seo":null,"seo_analyzer_scan_date":"2025-09-19 10:39:47","breadcrumb_settings":null,"limit_modified_date":false,"open_ai":null,"ai":null,"created":"2021-03-09 02:46:43","updated":"2025-09-19 10:39:47"},"aioseo_breadcrumb":"<div class=\"aioseo-breadcrumbs\"><span class=\"aioseo-breadcrumb\">\n\t<a href=\"https:\/\/eldigitaldeasturias.com\/magazine365\" title=\"Home\">Home<\/a>\n<\/span><span class=\"aioseo-breadcrumb-separator\">\u2013<\/span><span class=\"aioseo-breadcrumb\">\n\t<a href=\"https:\/\/eldigitaldeasturias.com\/magazine365\/category\/actualidad-turismo\/\" title=\"Actualidad Turismo\">Actualidad Turismo<\/a>\n<\/span><span class=\"aioseo-breadcrumb-separator\">\u2013<\/span><span class=\"aioseo-breadcrumb\">\n\t<a href=\"https:\/\/eldigitaldeasturias.com\/magazine365\/alumnos-de-la-escuela-de-hosteleria-y-agroturismo-de-extremadura-asisten-a-una-clase-magistral-sobre-la-torta-del-casar\/\" title=\"Alumnos de la Escuela de Hosteler\u00eda y Agroturismo de Extremadura asisten a una clase magistral sobre la Torta del Casar\">Alumnos de la Escuela de Hosteler\u00eda y Agroturismo de Extremadura asisten a una clase magistral sobre la Torta del Casar<\/a>\n<\/span><\/div>","aioseo_breadcrumb_json":[{"label":"Home","link":"https:\/\/eldigitaldeasturias.com\/magazine365"},{"label":"Actualidad Turismo","link":"https:\/\/eldigitaldeasturias.com\/magazine365\/category\/actualidad-turismo\/"},{"label":"Alumnos de la Escuela de Hosteler\u00eda y Agroturismo de Extremadura asisten a una clase magistral sobre la Torta del Casar","link":"https:\/\/eldigitaldeasturias.com\/magazine365\/alumnos-de-la-escuela-de-hosteleria-y-agroturismo-de-extremadura-asisten-a-una-clase-magistral-sobre-la-torta-del-casar\/"}],"_links":{"self":[{"href":"https:\/\/eldigitaldeasturias.com\/magazine365\/wp-json\/wp\/v2\/posts\/38955","targetHints":{"allow":["GET"]}}],"collection":[{"href":"https:\/\/eldigitaldeasturias.com\/magazine365\/wp-json\/wp\/v2\/posts"}],"about":[{"href":"https:\/\/eldigitaldeasturias.com\/magazine365\/wp-json\/wp\/v2\/types\/post"}],"author":[{"embeddable":true,"href":"https:\/\/eldigitaldeasturias.com\/magazine365\/wp-json\/wp\/v2\/users\/1"}],"replies":[{"embeddable":true,"href":"https:\/\/eldigitaldeasturias.com\/magazine365\/wp-json\/wp\/v2\/comments?post=38955"}],"version-history":[{"count":0,"href":"https:\/\/eldigitaldeasturias.com\/magazine365\/wp-json\/wp\/v2\/posts\/38955\/revisions"}],"wp:featuredmedia":[{"embeddable":true,"href":"https:\/\/eldigitaldeasturias.com\/magazine365\/wp-json\/wp\/v2\/media\/38956"}],"wp:attachment":[{"href":"https:\/\/eldigitaldeasturias.com\/magazine365\/wp-json\/wp\/v2\/media?parent=38955"}],"wp:term":[{"taxonomy":"category","embeddable":true,"href":"https:\/\/eldigitaldeasturias.com\/magazine365\/wp-json\/wp\/v2\/categories?post=38955"},{"taxonomy":"post_tag","embeddable":true,"href":"https:\/\/eldigitaldeasturias.com\/magazine365\/wp-json\/wp\/v2\/tags?post=38955"}],"curies":[{"name":"wp","href":"https:\/\/api.w.org\/{rel}","templated":true}]}}