{"id":38946,"date":"2015-06-06T04:20:19","date_gmt":"2015-06-06T02:50:19","guid":{"rendered":"http:\/\/eldigitaldeasturias.com\/magazine365\/?p=38946"},"modified":"2015-06-06T04:20:19","modified_gmt":"2015-06-06T02:50:19","slug":"el-turismo-rural-toma-fuerza-en-la-alpujarra-granadina","status":"publish","type":"post","link":"https:\/\/eldigitaldeasturias.com\/magazine365\/el-turismo-rural-toma-fuerza-en-la-alpujarra-granadina\/","title":{"rendered":"El turismo rural toma fuerza en la Alpujarra granadina"},"content":{"rendered":"<p><img fetchpriority=\"high\" decoding=\"async\" class=\"alignleft size-medium wp-image-38947\" src=\"https:\/\/eldigitaldeasturias.com\/magazine365\/wp-content\/uploads\/2015\/06\/fotonoticia_20150605124102_800-201x300.jpg\" alt=\"fotonoticia_20150605124102_800\" width=\"201\" height=\"300\" srcset=\"https:\/\/eldigitaldeasturias.com\/magazine365\/wp-content\/uploads\/2015\/06\/fotonoticia_20150605124102_800-201x300.jpg 201w, https:\/\/eldigitaldeasturias.com\/magazine365\/wp-content\/uploads\/2015\/06\/fotonoticia_20150605124102_800-429x640.jpg 429w, https:\/\/eldigitaldeasturias.com\/magazine365\/wp-content\/uploads\/2015\/06\/fotonoticia_20150605124102_800-768x1146.jpg 768w, https:\/\/eldigitaldeasturias.com\/magazine365\/wp-content\/uploads\/2015\/06\/fotonoticia_20150605124102_800-150x224.jpg 150w, https:\/\/eldigitaldeasturias.com\/magazine365\/wp-content\/uploads\/2015\/06\/fotonoticia_20150605124102_800-450x672.jpg 450w, https:\/\/eldigitaldeasturias.com\/magazine365\/wp-content\/uploads\/2015\/06\/fotonoticia_20150605124102_800-696x1039.jpg 696w, https:\/\/eldigitaldeasturias.com\/magazine365\/wp-content\/uploads\/2015\/06\/fotonoticia_20150605124102_800-281x420.jpg 281w, https:\/\/eldigitaldeasturias.com\/magazine365\/wp-content\/uploads\/2015\/06\/fotonoticia_20150605124102_800.jpg 800w\" sizes=\"(max-width: 201px) 100vw, 201px\" \/>El turismo rural toma fuerza en la Alpujarra de Granada, una de las zonas del continente europeo con mayor territorio protegido jur\u00eddicamente, tanto desde el punto de vista ambiental, como hist\u00f3rico-patrimonial.<\/p>\n<p>Situada entre el Parque Nacional Sierra Nevada y el mar Mediterr\u00e1neo esta zona formada por unos 150 pueblos cuenta con numerosas monta\u00f1as escarpadas, valles, torrentes y desfiladeros, poniendo en valor a esta regi\u00f3n que atrae cada vez mas la atenci\u00f3n tur\u00edstica.<\/p>\n<p>En los \u00faltimos a\u00f1os esta comarca han ido ganado cada vez mayor protagonismo y se ha convertido en uno de los destinos de mayor reclamo tur\u00edstico de Espa\u00f1a, sobre todo el \u00e1mbito rural gracias a la amplia diversidad de recursos que posee.<\/p>\n<p>El turista puede acceder en un entorno cercano a una amplia oferta de turismo cultural y monumental pero tambi\u00e9n destacan las numerosas ofertas de ocio en nieve, esqu\u00ed, sol y playa, as\u00ed como turismo activo y gastron\u00f3mico.<\/p>\n<p>Y es que la comarca de La Alpujarra abarca espacios tan bellos como el Parque Nacional de Sierra Nevada, el Conjunto Hist\u00f3rico del Barranco de Poqueira o el Sitio Hist\u00f3rico de la Alpujarra.<\/p>\n<p>La actividad tur\u00edstica representa el 14% de PIB de la provincia de Granada, con ingresos superiores a los 2.500 millones de euros. Son 22 empresas de las 122 relacionadas con la actividad tur\u00edstica que hay en la provincia, las que actualmente se encuentran emplazadas en el entorno de La Alpujarra, lo que supone un 18% del total.<\/p>\n<p>Adem\u00e1s, seg\u00fan un estudio llevado a cabo por la consultora Deloitte, de todos los visitantes que recibi\u00f3 la provincia en 2013, 286.659 llegaron atra\u00eddos por la pr\u00e1ctica de actividades de turismo activo.<\/p>\n<p>El 69% de los visitantes cuentan con edades comprendidas entre los 20 y los 45 a\u00f1os, con un nivel formativo medio-alto y un poder adquisitivo medio-alto.<\/p>\n<p>As\u00ed es un turismo relativamente joven y de calidad, que realiza un gasto muy positivo durante su estancia. No en vano, el pasado a\u00f1o, en plena crisis, la provincia logr\u00f3 los mejores resultados tur\u00edsticos de su historia.<\/p>\n<p>NUEVAS FORMAS DE TURISMO.<\/p>\n<p>La comarca est\u00e1 experimentado un nuevo proceso de globalizaci\u00f3n ofreciendo la originalidad y la singularidad que exigen las nuevas formas de turismo. As\u00ed, este territorio, tradicionalmente visto como lugar de producci\u00f3n agraria, ahora es percibido como un rico entorno ecol\u00f3gico cuyas caracter\u00edsticas naturales es necesario preservar.<\/p>\n<p>Por ello el alojamiento rural de la comarca de La Alpujarra ha aumentado en plazas en los \u00faltimos a\u00f1os en todo tipo de establecimientos.<\/p>\n<p>Debido a su geograf\u00eda, especialmente monta\u00f1osa, los pueblos se han adaptado a los desniveles, motivo por el que sus casas est\u00e1n escalonadas y orientadas al sur, para aprovechar el buen clima mediterr\u00e1neo.<\/p>\n<p>Las casas est\u00e1n encajadas unas en otras y construidas sobre vertientes sieno la mayor particularidad de estas construcciones su similitud con las construcciones berebere de las monta\u00f1as del Magreb.<\/p>\n<p>Entre los municipios m\u00e1s destacados de esta comarca se encuentra Lanjar\u00f3n, conocida como la Puerta de la Alpujarra, lugar ideal para relajarse en sus aguas mineromedicinales. Tambi\u00e9n \u00d3rgiva, de marcado sabor morisco.<\/p>\n<p>El Balc\u00f3n de la Alpujarra, formado por los pueblos blancos de Ca\u00f1ar, Soport\u00fajar y Carataunas, as\u00ed como el Barranco de Poqueira, con las localidades de Pampaneira, Bubi\u00f3n y Capileira son tambi\u00e9n visita obligada en esta comarca.<\/p>\n<p>La gastronom\u00eda en la Alpujarra destaca por sus carnes y embutidos, especialmente el jam\u00f3n de Tr\u00e9velez, curado al aire de la sierra lo que le otorga un sabor \u00fanico, pero tambi\u00e9n por su reposter\u00eda de tradici\u00f3n morisca entre los que destacan los huesos de santo, los roscos de Pampaneira, los soplillos, los borrachillos o los bu\u00f1uelos con chocolate.<\/p>\n","protected":false},"excerpt":{"rendered":"<p>El turismo rural toma fuerza en la Alpujarra de Granada, una de las zonas del continente europeo con mayor territorio protegido jur\u00eddicamente, tanto desde el punto de vista ambiental, como hist\u00f3rico-patrimonial. Situada entre el Parque Nacional Sierra Nevada y el mar Mediterr\u00e1neo esta zona formada por unos 150 pueblos cuenta con numerosas monta\u00f1as escarpadas, valles,<\/p>\n","protected":false},"author":1,"featured_media":38947,"comment_status":"open","ping_status":"closed","sticky":false,"template":"","format":"standard","meta":{"footnotes":""},"categories":[224],"tags":[],"class_list":{"0":"post-38946","1":"post","2":"type-post","3":"status-publish","4":"format-standard","5":"has-post-thumbnail","7":"category-noticias-actualidad"},"aioseo_notices":[],"aioseo_head":"\n\t\t<!-- All in One SEO Pro 4.9.6.1 - aioseo.com -->\n\t<meta name=\"description\" content=\"El turismo rural toma fuerza en la Alpujarra de Granada, una de las zonas del continente europeo con mayor territorio protegido jur\u00eddicamente, tanto desde el punto de vista ambiental, como hist\u00f3rico-patrimonial. Situada entre el Parque Nacional Sierra Nevada y el mar Mediterr\u00e1neo esta zona formada por unos 150 pueblos cuenta con numerosas monta\u00f1as escarpadas, valles,\" \/>\n\t<meta name=\"robots\" content=\"max-image-preview:large\" \/>\n\t<meta name=\"author\" content=\"admin\"\/>\n\t<meta name=\"google-site-verification\" content=\"UA-38556648-1\" \/>\n\t<meta name=\"keywords\" content=\"noticias y actualidad\" \/>\n\t<link rel=\"canonical\" href=\"https:\/\/eldigitaldeasturias.com\/magazine365\/el-turismo-rural-toma-fuerza-en-la-alpujarra-granadina\/\" \/>\n\t<meta name=\"generator\" content=\"All in One SEO Pro (AIOSEO) 4.9.6.1\" \/>\n\t\t<meta property=\"og:locale\" content=\"es_ES\" \/>\n\t\t<meta property=\"og:site_name\" content=\"El Digital de Asturias \u2013 Revista de ocio, turismo y estilo de vida\" \/>\n\t\t<meta property=\"og:type\" content=\"article\" \/>\n\t\t<meta property=\"og:title\" content=\"El turismo rural toma fuerza en la Alpujarra granadina | El Digital de Asturias\" \/>\n\t\t<meta property=\"og:description\" content=\"El turismo rural toma fuerza en la Alpujarra de Granada, una de las zonas del continente europeo con mayor territorio protegido jur\u00eddicamente, tanto desde el punto de vista ambiental, como hist\u00f3rico-patrimonial. Situada entre el Parque Nacional Sierra Nevada y el mar Mediterr\u00e1neo esta zona formada por unos 150 pueblos cuenta con numerosas monta\u00f1as escarpadas, valles,\" \/>\n\t\t<meta property=\"og:url\" content=\"https:\/\/eldigitaldeasturias.com\/magazine365\/el-turismo-rural-toma-fuerza-en-la-alpujarra-granadina\/\" \/>\n\t\t<meta property=\"og:image\" content=\"https:\/\/eldigitaldeasturias.com\/magazine365\/wp-content\/uploads\/2015\/06\/fotonoticia_20150605124102_800.jpg\" \/>\n\t\t<meta property=\"og:image:secure_url\" content=\"https:\/\/eldigitaldeasturias.com\/magazine365\/wp-content\/uploads\/2015\/06\/fotonoticia_20150605124102_800.jpg\" \/>\n\t\t<meta property=\"og:image:width\" content=\"800\" \/>\n\t\t<meta property=\"og:image:height\" content=\"1194\" \/>\n\t\t<meta property=\"article:published_time\" content=\"2015-06-06T02:50:19+00:00\" \/>\n\t\t<meta property=\"article:modified_time\" content=\"2015-06-06T02:50:19+00:00\" \/>\n\t\t<meta name=\"twitter:card\" content=\"summary_large_image\" \/>\n\t\t<meta name=\"twitter:title\" content=\"El turismo rural toma fuerza en la Alpujarra granadina | El Digital de Asturias\" \/>\n\t\t<meta name=\"twitter:description\" content=\"El turismo rural toma fuerza en la Alpujarra de Granada, una de las zonas del continente europeo con mayor territorio protegido jur\u00eddicamente, tanto desde el punto de vista ambiental, como hist\u00f3rico-patrimonial. Situada entre el Parque Nacional Sierra Nevada y el mar Mediterr\u00e1neo esta zona formada por unos 150 pueblos cuenta con numerosas monta\u00f1as escarpadas, valles,\" \/>\n\t\t<meta name=\"twitter:image\" content=\"https:\/\/eldigitaldeasturias.com\/magazine365\/wp-content\/uploads\/2015\/06\/fotonoticia_20150605124102_800.jpg\" \/>\n\t\t<script type=\"application\/ld+json\" class=\"aioseo-schema\">\n\t\t\t{\"@context\":\"https:\\\/\\\/schema.org\",\"@graph\":[{\"@type\":\"Article\",\"@id\":\"https:\\\/\\\/eldigitaldeasturias.com\\\/magazine365\\\/el-turismo-rural-toma-fuerza-en-la-alpujarra-granadina\\\/#article\",\"name\":\"El turismo rural toma fuerza en la Alpujarra granadina | El Digital de Asturias\",\"headline\":\"El turismo rural toma fuerza en la Alpujarra granadina\",\"author\":{\"@id\":\"https:\\\/\\\/eldigitaldeasturias.com\\\/magazine365\\\/author\\\/admin\\\/#author\"},\"publisher\":{\"@id\":\"https:\\\/\\\/eldigitaldeasturias.com\\\/magazine365\\\/#organization\"},\"image\":{\"@type\":\"ImageObject\",\"url\":\"https:\\\/\\\/eldigitaldeasturias.com\\\/magazine365\\\/wp-content\\\/uploads\\\/2015\\\/06\\\/fotonoticia_20150605124102_800.jpg\",\"width\":800,\"height\":1194},\"datePublished\":\"2015-06-06T04:20:19+02:00\",\"dateModified\":\"2015-06-06T04:20:19+02:00\",\"inLanguage\":\"es-ES\",\"mainEntityOfPage\":{\"@id\":\"https:\\\/\\\/eldigitaldeasturias.com\\\/magazine365\\\/el-turismo-rural-toma-fuerza-en-la-alpujarra-granadina\\\/#webpage\"},\"isPartOf\":{\"@id\":\"https:\\\/\\\/eldigitaldeasturias.com\\\/magazine365\\\/el-turismo-rural-toma-fuerza-en-la-alpujarra-granadina\\\/#webpage\"},\"articleSection\":\"Noticias y Actualidad\"},{\"@type\":\"BreadcrumbList\",\"@id\":\"https:\\\/\\\/eldigitaldeasturias.com\\\/magazine365\\\/el-turismo-rural-toma-fuerza-en-la-alpujarra-granadina\\\/#breadcrumblist\",\"itemListElement\":[{\"@type\":\"ListItem\",\"@id\":\"https:\\\/\\\/eldigitaldeasturias.com\\\/magazine365#listItem\",\"position\":1,\"name\":\"Home\",\"item\":\"https:\\\/\\\/eldigitaldeasturias.com\\\/magazine365\",\"nextItem\":{\"@type\":\"ListItem\",\"@id\":\"https:\\\/\\\/eldigitaldeasturias.com\\\/magazine365\\\/category\\\/noticias-actualidad\\\/#listItem\",\"name\":\"Noticias y Actualidad\"}},{\"@type\":\"ListItem\",\"@id\":\"https:\\\/\\\/eldigitaldeasturias.com\\\/magazine365\\\/category\\\/noticias-actualidad\\\/#listItem\",\"position\":2,\"name\":\"Noticias y Actualidad\",\"item\":\"https:\\\/\\\/eldigitaldeasturias.com\\\/magazine365\\\/category\\\/noticias-actualidad\\\/\",\"nextItem\":{\"@type\":\"ListItem\",\"@id\":\"https:\\\/\\\/eldigitaldeasturias.com\\\/magazine365\\\/el-turismo-rural-toma-fuerza-en-la-alpujarra-granadina\\\/#listItem\",\"name\":\"El turismo rural toma fuerza en la Alpujarra granadina\"},\"previousItem\":{\"@type\":\"ListItem\",\"@id\":\"https:\\\/\\\/eldigitaldeasturias.com\\\/magazine365#listItem\",\"name\":\"Home\"}},{\"@type\":\"ListItem\",\"@id\":\"https:\\\/\\\/eldigitaldeasturias.com\\\/magazine365\\\/el-turismo-rural-toma-fuerza-en-la-alpujarra-granadina\\\/#listItem\",\"position\":3,\"name\":\"El turismo rural toma fuerza en la Alpujarra granadina\",\"previousItem\":{\"@type\":\"ListItem\",\"@id\":\"https:\\\/\\\/eldigitaldeasturias.com\\\/magazine365\\\/category\\\/noticias-actualidad\\\/#listItem\",\"name\":\"Noticias y Actualidad\"}}]},{\"@type\":\"Organization\",\"@id\":\"https:\\\/\\\/eldigitaldeasturias.com\\\/magazine365\\\/#organization\",\"name\":\"El digital de Asturias\",\"description\":\"Revista de ocio, turismo y estilo de vida\",\"url\":\"https:\\\/\\\/eldigitaldeasturias.com\\\/magazine365\\\/\",\"logo\":{\"@type\":\"ImageObject\",\"url\":\"https:\\\/\\\/www.eldigitaldeasturias.com\\\/noticias\\\/wp-content\\\/uploads\\\/2020\\\/12\\\/EDA.jpg\",\"@id\":\"https:\\\/\\\/eldigitaldeasturias.com\\\/magazine365\\\/el-turismo-rural-toma-fuerza-en-la-alpujarra-granadina\\\/#organizationLogo\"},\"image\":{\"@id\":\"https:\\\/\\\/eldigitaldeasturias.com\\\/magazine365\\\/el-turismo-rural-toma-fuerza-en-la-alpujarra-granadina\\\/#organizationLogo\"}},{\"@type\":\"Person\",\"@id\":\"https:\\\/\\\/eldigitaldeasturias.com\\\/magazine365\\\/author\\\/admin\\\/#author\",\"url\":\"https:\\\/\\\/eldigitaldeasturias.com\\\/magazine365\\\/author\\\/admin\\\/\",\"name\":\"admin\",\"image\":{\"@type\":\"ImageObject\",\"@id\":\"https:\\\/\\\/eldigitaldeasturias.com\\\/magazine365\\\/el-turismo-rural-toma-fuerza-en-la-alpujarra-granadina\\\/#authorImage\",\"url\":\"https:\\\/\\\/eldigitaldeasturias.com\\\/magazine365\\\/wp-content\\\/litespeed\\\/avatar\\\/e571bcf59a0edd6fa6838245a470f2fe.jpg?ver=1776969259\",\"width\":96,\"height\":96,\"caption\":\"admin\"}},{\"@type\":\"WebPage\",\"@id\":\"https:\\\/\\\/eldigitaldeasturias.com\\\/magazine365\\\/el-turismo-rural-toma-fuerza-en-la-alpujarra-granadina\\\/#webpage\",\"url\":\"https:\\\/\\\/eldigitaldeasturias.com\\\/magazine365\\\/el-turismo-rural-toma-fuerza-en-la-alpujarra-granadina\\\/\",\"name\":\"El turismo rural toma fuerza en la Alpujarra granadina | El Digital de Asturias\",\"description\":\"El turismo rural toma fuerza en la Alpujarra de Granada, una de las zonas del continente europeo con mayor territorio protegido jur\\u00eddicamente, tanto desde el punto de vista ambiental, como hist\\u00f3rico-patrimonial. Situada entre el Parque Nacional Sierra Nevada y el mar Mediterr\\u00e1neo esta zona formada por unos 150 pueblos cuenta con numerosas monta\\u00f1as escarpadas, valles,\",\"inLanguage\":\"es-ES\",\"isPartOf\":{\"@id\":\"https:\\\/\\\/eldigitaldeasturias.com\\\/magazine365\\\/#website\"},\"breadcrumb\":{\"@id\":\"https:\\\/\\\/eldigitaldeasturias.com\\\/magazine365\\\/el-turismo-rural-toma-fuerza-en-la-alpujarra-granadina\\\/#breadcrumblist\"},\"author\":{\"@id\":\"https:\\\/\\\/eldigitaldeasturias.com\\\/magazine365\\\/author\\\/admin\\\/#author\"},\"creator\":{\"@id\":\"https:\\\/\\\/eldigitaldeasturias.com\\\/magazine365\\\/author\\\/admin\\\/#author\"},\"image\":{\"@type\":\"ImageObject\",\"url\":\"https:\\\/\\\/eldigitaldeasturias.com\\\/magazine365\\\/wp-content\\\/uploads\\\/2015\\\/06\\\/fotonoticia_20150605124102_800.jpg\",\"@id\":\"https:\\\/\\\/eldigitaldeasturias.com\\\/magazine365\\\/el-turismo-rural-toma-fuerza-en-la-alpujarra-granadina\\\/#mainImage\",\"width\":800,\"height\":1194},\"primaryImageOfPage\":{\"@id\":\"https:\\\/\\\/eldigitaldeasturias.com\\\/magazine365\\\/el-turismo-rural-toma-fuerza-en-la-alpujarra-granadina\\\/#mainImage\"},\"datePublished\":\"2015-06-06T04:20:19+02:00\",\"dateModified\":\"2015-06-06T04:20:19+02:00\"},{\"@type\":\"WebSite\",\"@id\":\"https:\\\/\\\/eldigitaldeasturias.com\\\/magazine365\\\/#website\",\"url\":\"https:\\\/\\\/eldigitaldeasturias.com\\\/magazine365\\\/\",\"name\":\"El Digital de Asturias\",\"description\":\"Revista de ocio, turismo y estilo de vida\",\"inLanguage\":\"es-ES\",\"publisher\":{\"@id\":\"https:\\\/\\\/eldigitaldeasturias.com\\\/magazine365\\\/#organization\"}}]}\n\t\t<\/script>\n\t\t<!-- All in One SEO Pro -->\r\n\t\t<title>El turismo rural toma fuerza en la Alpujarra granadina | El Digital de Asturias<\/title>\n\n","aioseo_head_json":{"title":"El turismo rural toma fuerza en la Alpujarra granadina | El Digital de Asturias","description":"El turismo rural toma fuerza en la Alpujarra de Granada, una de las zonas del continente europeo con mayor territorio protegido jur\u00eddicamente, tanto desde el punto de vista ambiental, como hist\u00f3rico-patrimonial. Situada entre el Parque Nacional Sierra Nevada y el mar Mediterr\u00e1neo esta zona formada por unos 150 pueblos cuenta con numerosas monta\u00f1as escarpadas, valles,","canonical_url":"https:\/\/eldigitaldeasturias.com\/magazine365\/el-turismo-rural-toma-fuerza-en-la-alpujarra-granadina\/","robots":"max-image-preview:large","keywords":"noticias y actualidad","webmasterTools":{"google-site-verification":"UA-38556648-1","miscellaneous":""},"schema":{"@context":"https:\/\/schema.org","@graph":[{"@type":"Article","@id":"https:\/\/eldigitaldeasturias.com\/magazine365\/el-turismo-rural-toma-fuerza-en-la-alpujarra-granadina\/#article","name":"El turismo rural toma fuerza en la Alpujarra granadina | El Digital de Asturias","headline":"El turismo rural toma fuerza en la Alpujarra granadina","author":{"@id":"https:\/\/eldigitaldeasturias.com\/magazine365\/author\/admin\/#author"},"publisher":{"@id":"https:\/\/eldigitaldeasturias.com\/magazine365\/#organization"},"image":{"@type":"ImageObject","url":"https:\/\/eldigitaldeasturias.com\/magazine365\/wp-content\/uploads\/2015\/06\/fotonoticia_20150605124102_800.jpg","width":800,"height":1194},"datePublished":"2015-06-06T04:20:19+02:00","dateModified":"2015-06-06T04:20:19+02:00","inLanguage":"es-ES","mainEntityOfPage":{"@id":"https:\/\/eldigitaldeasturias.com\/magazine365\/el-turismo-rural-toma-fuerza-en-la-alpujarra-granadina\/#webpage"},"isPartOf":{"@id":"https:\/\/eldigitaldeasturias.com\/magazine365\/el-turismo-rural-toma-fuerza-en-la-alpujarra-granadina\/#webpage"},"articleSection":"Noticias y Actualidad"},{"@type":"BreadcrumbList","@id":"https:\/\/eldigitaldeasturias.com\/magazine365\/el-turismo-rural-toma-fuerza-en-la-alpujarra-granadina\/#breadcrumblist","itemListElement":[{"@type":"ListItem","@id":"https:\/\/eldigitaldeasturias.com\/magazine365#listItem","position":1,"name":"Home","item":"https:\/\/eldigitaldeasturias.com\/magazine365","nextItem":{"@type":"ListItem","@id":"https:\/\/eldigitaldeasturias.com\/magazine365\/category\/noticias-actualidad\/#listItem","name":"Noticias y Actualidad"}},{"@type":"ListItem","@id":"https:\/\/eldigitaldeasturias.com\/magazine365\/category\/noticias-actualidad\/#listItem","position":2,"name":"Noticias y Actualidad","item":"https:\/\/eldigitaldeasturias.com\/magazine365\/category\/noticias-actualidad\/","nextItem":{"@type":"ListItem","@id":"https:\/\/eldigitaldeasturias.com\/magazine365\/el-turismo-rural-toma-fuerza-en-la-alpujarra-granadina\/#listItem","name":"El turismo rural toma fuerza en la Alpujarra granadina"},"previousItem":{"@type":"ListItem","@id":"https:\/\/eldigitaldeasturias.com\/magazine365#listItem","name":"Home"}},{"@type":"ListItem","@id":"https:\/\/eldigitaldeasturias.com\/magazine365\/el-turismo-rural-toma-fuerza-en-la-alpujarra-granadina\/#listItem","position":3,"name":"El turismo rural toma fuerza en la Alpujarra granadina","previousItem":{"@type":"ListItem","@id":"https:\/\/eldigitaldeasturias.com\/magazine365\/category\/noticias-actualidad\/#listItem","name":"Noticias y Actualidad"}}]},{"@type":"Organization","@id":"https:\/\/eldigitaldeasturias.com\/magazine365\/#organization","name":"El digital de Asturias","description":"Revista de ocio, turismo y estilo de vida","url":"https:\/\/eldigitaldeasturias.com\/magazine365\/","logo":{"@type":"ImageObject","url":"https:\/\/www.eldigitaldeasturias.com\/noticias\/wp-content\/uploads\/2020\/12\/EDA.jpg","@id":"https:\/\/eldigitaldeasturias.com\/magazine365\/el-turismo-rural-toma-fuerza-en-la-alpujarra-granadina\/#organizationLogo"},"image":{"@id":"https:\/\/eldigitaldeasturias.com\/magazine365\/el-turismo-rural-toma-fuerza-en-la-alpujarra-granadina\/#organizationLogo"}},{"@type":"Person","@id":"https:\/\/eldigitaldeasturias.com\/magazine365\/author\/admin\/#author","url":"https:\/\/eldigitaldeasturias.com\/magazine365\/author\/admin\/","name":"admin","image":{"@type":"ImageObject","@id":"https:\/\/eldigitaldeasturias.com\/magazine365\/el-turismo-rural-toma-fuerza-en-la-alpujarra-granadina\/#authorImage","url":"https:\/\/eldigitaldeasturias.com\/magazine365\/wp-content\/litespeed\/avatar\/e571bcf59a0edd6fa6838245a470f2fe.jpg?ver=1776969259","width":96,"height":96,"caption":"admin"}},{"@type":"WebPage","@id":"https:\/\/eldigitaldeasturias.com\/magazine365\/el-turismo-rural-toma-fuerza-en-la-alpujarra-granadina\/#webpage","url":"https:\/\/eldigitaldeasturias.com\/magazine365\/el-turismo-rural-toma-fuerza-en-la-alpujarra-granadina\/","name":"El turismo rural toma fuerza en la Alpujarra granadina | El Digital de Asturias","description":"El turismo rural toma fuerza en la Alpujarra de Granada, una de las zonas del continente europeo con mayor territorio protegido jur\u00eddicamente, tanto desde el punto de vista ambiental, como hist\u00f3rico-patrimonial. Situada entre el Parque Nacional Sierra Nevada y el mar Mediterr\u00e1neo esta zona formada por unos 150 pueblos cuenta con numerosas monta\u00f1as escarpadas, valles,","inLanguage":"es-ES","isPartOf":{"@id":"https:\/\/eldigitaldeasturias.com\/magazine365\/#website"},"breadcrumb":{"@id":"https:\/\/eldigitaldeasturias.com\/magazine365\/el-turismo-rural-toma-fuerza-en-la-alpujarra-granadina\/#breadcrumblist"},"author":{"@id":"https:\/\/eldigitaldeasturias.com\/magazine365\/author\/admin\/#author"},"creator":{"@id":"https:\/\/eldigitaldeasturias.com\/magazine365\/author\/admin\/#author"},"image":{"@type":"ImageObject","url":"https:\/\/eldigitaldeasturias.com\/magazine365\/wp-content\/uploads\/2015\/06\/fotonoticia_20150605124102_800.jpg","@id":"https:\/\/eldigitaldeasturias.com\/magazine365\/el-turismo-rural-toma-fuerza-en-la-alpujarra-granadina\/#mainImage","width":800,"height":1194},"primaryImageOfPage":{"@id":"https:\/\/eldigitaldeasturias.com\/magazine365\/el-turismo-rural-toma-fuerza-en-la-alpujarra-granadina\/#mainImage"},"datePublished":"2015-06-06T04:20:19+02:00","dateModified":"2015-06-06T04:20:19+02:00"},{"@type":"WebSite","@id":"https:\/\/eldigitaldeasturias.com\/magazine365\/#website","url":"https:\/\/eldigitaldeasturias.com\/magazine365\/","name":"El Digital de Asturias","description":"Revista de ocio, turismo y estilo de vida","inLanguage":"es-ES","publisher":{"@id":"https:\/\/eldigitaldeasturias.com\/magazine365\/#organization"}}]},"og:locale":"es_ES","og:site_name":"El Digital de Asturias \u2013 Revista de ocio, turismo y estilo de vida","og:type":"article","og:title":"El turismo rural toma fuerza en la Alpujarra granadina | El Digital de Asturias","og:description":"El turismo rural toma fuerza en la Alpujarra de Granada, una de las zonas del continente europeo con mayor territorio protegido jur\u00eddicamente, tanto desde el punto de vista ambiental, como hist\u00f3rico-patrimonial. Situada entre el Parque Nacional Sierra Nevada y el mar Mediterr\u00e1neo esta zona formada por unos 150 pueblos cuenta con numerosas monta\u00f1as escarpadas, valles,","og:url":"https:\/\/eldigitaldeasturias.com\/magazine365\/el-turismo-rural-toma-fuerza-en-la-alpujarra-granadina\/","og:image":"https:\/\/eldigitaldeasturias.com\/magazine365\/wp-content\/uploads\/2015\/06\/fotonoticia_20150605124102_800.jpg","og:image:secure_url":"https:\/\/eldigitaldeasturias.com\/magazine365\/wp-content\/uploads\/2015\/06\/fotonoticia_20150605124102_800.jpg","og:image:width":800,"og:image:height":1194,"article:published_time":"2015-06-06T02:50:19+00:00","article:modified_time":"2015-06-06T02:50:19+00:00","twitter:card":"summary_large_image","twitter:title":"El turismo rural toma fuerza en la Alpujarra granadina | El Digital de Asturias","twitter:description":"El turismo rural toma fuerza en la Alpujarra de Granada, una de las zonas del continente europeo con mayor territorio protegido jur\u00eddicamente, tanto desde el punto de vista ambiental, como hist\u00f3rico-patrimonial. Situada entre el Parque Nacional Sierra Nevada y el mar Mediterr\u00e1neo esta zona formada por unos 150 pueblos cuenta con numerosas monta\u00f1as escarpadas, valles,","twitter:image":"https:\/\/eldigitaldeasturias.com\/magazine365\/wp-content\/uploads\/2015\/06\/fotonoticia_20150605124102_800.jpg"},"aioseo_meta_data":{"post_id":"38946","title":null,"description":null,"keywords":null,"keyphrases":null,"primary_term":null,"canonical_url":null,"og_title":null,"og_description":null,"og_object_type":"default","og_image_type":"default","og_image_url":null,"og_image_width":null,"og_image_height":null,"og_image_custom_url":null,"og_image_custom_fields":null,"og_video":null,"og_custom_url":null,"og_article_section":null,"og_article_tags":null,"twitter_use_og":false,"twitter_card":"default","twitter_image_type":"default","twitter_image_url":null,"twitter_image_custom_url":null,"twitter_image_custom_fields":null,"twitter_title":null,"twitter_description":null,"schema":{"blockGraphs":[],"customGraphs":[],"default":{"data":{"Article":[],"Course":[],"Dataset":[],"FAQPage":[],"Movie":[],"Person":[],"Product":[],"ProductReview":[],"Car":[],"Recipe":[],"Service":[],"SoftwareApplication":[],"WebPage":[]},"graphName":"","isEnabled":true},"graphs":[],"defaultGraph":"","defaultPostTypeGraph":""},"schema_type":null,"schema_type_options":null,"pillar_content":false,"robots_default":true,"robots_noindex":false,"robots_noarchive":false,"robots_nosnippet":false,"robots_nofollow":false,"robots_noimageindex":false,"robots_noodp":false,"robots_notranslate":false,"robots_max_snippet":null,"robots_max_videopreview":null,"robots_max_imagepreview":"large","priority":null,"frequency":null,"location":null,"local_seo":null,"seo_analyzer_scan_date":"2025-09-19 10:37:26","breadcrumb_settings":null,"limit_modified_date":false,"open_ai":null,"ai":null,"created":"2021-03-09 02:46:43","updated":"2025-09-19 10:37:26"},"aioseo_breadcrumb":"<div class=\"aioseo-breadcrumbs\"><span class=\"aioseo-breadcrumb\">\n\t<a href=\"https:\/\/eldigitaldeasturias.com\/magazine365\" title=\"Home\">Home<\/a>\n<\/span><span class=\"aioseo-breadcrumb-separator\">\u2013<\/span><span class=\"aioseo-breadcrumb\">\n\t<a href=\"https:\/\/eldigitaldeasturias.com\/magazine365\/category\/noticias-actualidad\/\" title=\"Noticias y Actualidad\">Noticias y Actualidad<\/a>\n<\/span><span class=\"aioseo-breadcrumb-separator\">\u2013<\/span><span class=\"aioseo-breadcrumb\">\n\t<a href=\"https:\/\/eldigitaldeasturias.com\/magazine365\/el-turismo-rural-toma-fuerza-en-la-alpujarra-granadina\/\" title=\"El turismo rural toma fuerza en la Alpujarra granadina\">El turismo rural toma fuerza en la Alpujarra granadina<\/a>\n<\/span><\/div>","aioseo_breadcrumb_json":[{"label":"Home","link":"https:\/\/eldigitaldeasturias.com\/magazine365"},{"label":"Noticias y Actualidad","link":"https:\/\/eldigitaldeasturias.com\/magazine365\/category\/noticias-actualidad\/"},{"label":"El turismo rural toma fuerza en la Alpujarra granadina","link":"https:\/\/eldigitaldeasturias.com\/magazine365\/el-turismo-rural-toma-fuerza-en-la-alpujarra-granadina\/"}],"_links":{"self":[{"href":"https:\/\/eldigitaldeasturias.com\/magazine365\/wp-json\/wp\/v2\/posts\/38946","targetHints":{"allow":["GET"]}}],"collection":[{"href":"https:\/\/eldigitaldeasturias.com\/magazine365\/wp-json\/wp\/v2\/posts"}],"about":[{"href":"https:\/\/eldigitaldeasturias.com\/magazine365\/wp-json\/wp\/v2\/types\/post"}],"author":[{"embeddable":true,"href":"https:\/\/eldigitaldeasturias.com\/magazine365\/wp-json\/wp\/v2\/users\/1"}],"replies":[{"embeddable":true,"href":"https:\/\/eldigitaldeasturias.com\/magazine365\/wp-json\/wp\/v2\/comments?post=38946"}],"version-history":[{"count":0,"href":"https:\/\/eldigitaldeasturias.com\/magazine365\/wp-json\/wp\/v2\/posts\/38946\/revisions"}],"wp:featuredmedia":[{"embeddable":true,"href":"https:\/\/eldigitaldeasturias.com\/magazine365\/wp-json\/wp\/v2\/media\/38947"}],"wp:attachment":[{"href":"https:\/\/eldigitaldeasturias.com\/magazine365\/wp-json\/wp\/v2\/media?parent=38946"}],"wp:term":[{"taxonomy":"category","embeddable":true,"href":"https:\/\/eldigitaldeasturias.com\/magazine365\/wp-json\/wp\/v2\/categories?post=38946"},{"taxonomy":"post_tag","embeddable":true,"href":"https:\/\/eldigitaldeasturias.com\/magazine365\/wp-json\/wp\/v2\/tags?post=38946"}],"curies":[{"name":"wp","href":"https:\/\/api.w.org\/{rel}","templated":true}]}}