{"id":38940,"date":"2015-06-06T04:17:39","date_gmt":"2015-06-06T02:47:39","guid":{"rendered":"http:\/\/eldigitaldeasturias.com\/magazine365\/?p=38940"},"modified":"2015-06-06T04:17:39","modified_gmt":"2015-06-06T02:47:39","slug":"arca-exige-que-se-prohiba-aparcar-en-el-mirador-de-la-catedral-de-palma","status":"publish","type":"post","link":"https:\/\/eldigitaldeasturias.com\/magazine365\/arca-exige-que-se-prohiba-aparcar-en-el-mirador-de-la-catedral-de-palma\/","title":{"rendered":"ARCA exige que se proh\u00edba aparcar en el mirador de la Catedral de Palma"},"content":{"rendered":"<p><img fetchpriority=\"high\" decoding=\"async\" class=\"alignleft size-medium wp-image-38941\" src=\"https:\/\/eldigitaldeasturias.com\/magazine365\/wp-content\/uploads\/2015\/06\/fotonoticia_20150605115617_800-360x270.jpg\" alt=\"fotonoticia_20150605115617_800\" width=\"360\" height=\"270\" srcset=\"https:\/\/eldigitaldeasturias.com\/magazine365\/wp-content\/uploads\/2015\/06\/fotonoticia_20150605115617_800-360x270.jpg 360w, https:\/\/eldigitaldeasturias.com\/magazine365\/wp-content\/uploads\/2015\/06\/fotonoticia_20150605115617_800-650x488.jpg 650w, https:\/\/eldigitaldeasturias.com\/magazine365\/wp-content\/uploads\/2015\/06\/fotonoticia_20150605115617_800-768x576.jpg 768w, https:\/\/eldigitaldeasturias.com\/magazine365\/wp-content\/uploads\/2015\/06\/fotonoticia_20150605115617_800-150x113.jpg 150w, https:\/\/eldigitaldeasturias.com\/magazine365\/wp-content\/uploads\/2015\/06\/fotonoticia_20150605115617_800-450x338.jpg 450w, https:\/\/eldigitaldeasturias.com\/magazine365\/wp-content\/uploads\/2015\/06\/fotonoticia_20150605115617_800-80x60.jpg 80w, https:\/\/eldigitaldeasturias.com\/magazine365\/wp-content\/uploads\/2015\/06\/fotonoticia_20150605115617_800-265x198.jpg 265w, https:\/\/eldigitaldeasturias.com\/magazine365\/wp-content\/uploads\/2015\/06\/fotonoticia_20150605115617_800-696x522.jpg 696w, https:\/\/eldigitaldeasturias.com\/magazine365\/wp-content\/uploads\/2015\/06\/fotonoticia_20150605115617_800-560x420.jpg 560w, https:\/\/eldigitaldeasturias.com\/magazine365\/wp-content\/uploads\/2015\/06\/fotonoticia_20150605115617_800-90x67.jpg 90w, https:\/\/eldigitaldeasturias.com\/magazine365\/wp-content\/uploads\/2015\/06\/fotonoticia_20150605115617_800-100x75.jpg 100w, https:\/\/eldigitaldeasturias.com\/magazine365\/wp-content\/uploads\/2015\/06\/fotonoticia_20150605115617_800.jpg 800w\" sizes=\"(max-width: 360px) 100vw, 360px\" \/>ARCA ha exigido este viernes que se proh\u00edba aparcar en el mirador de la Catedral de Palma durante el d\u00eda para que este espacio quede libre por respeto a los valores patrimoniales del entorno.<\/p>\n<p>En un comunicado, la entidad, que ha recordado que esta propuesta ya la presentaron hace dos a\u00f1os, ha considerado que tampoco deber\u00eda haber plazas de parking en la plaza donde se encuentra la entrada del Museo Diocesano y el edificio con el Drac de na Coca. Seg\u00fan han dicho, en estos dos espacios hay siempre aparcados hasta 18 veh\u00edculos que \u00abimposibilitan la contemplaci\u00f3n armoniosa de un conjunto arquitect\u00f3nico excepcional\u00bb.<\/p>\n<p>Adem\u00e1s, todo el espacio central de la plaza ubicada en la confluencia de la calle Mirador con la calle Palau suele estar ocupado durante el d\u00eda por taxis que esperan a sus clientes mientras visitan la Catedral. En este espacio dicen que hay hasta seis coches al mismo tiempo ocupando todo el centro de la plaza.<\/p>\n<p>\u00abTenemos el convencimiento que si se buscase una alternativa tanto para los taxis como para los veh\u00edculos y se eliminaran todos estos veh\u00edculos de al lado de nuestro mayor monumento, la imagen patrimonial y tur\u00edstica de Palma quedar\u00eda altamente beneficiada. Y los habitantes de la ciudad disfrutar\u00edamos tambi\u00e9n de nuestra ciudad\u00bb, ha explicado ARCA.<\/p>\n<p>Adem\u00e1s, la entidad considera necesario que quienes residan en el entorno de la Catedral entiendan que tener reservado un espacio ante la Seu para aparcar sus coches \u00abes un privilegio para ellos y un gran coste paisaj\u00edstico y cultural para el resto de la ciudad\u00bb.<\/p>\n<p>\u00abPensamos que eliminar los coches del en torno a la Seu es una actuaci\u00f3n obligatoria y ya llevamos demasiados a\u00f1os de retraso\u00bb, concluyen.<\/p>\n","protected":false},"excerpt":{"rendered":"<p>ARCA ha exigido este viernes que se proh\u00edba aparcar en el mirador de la Catedral de Palma durante el d\u00eda para que este espacio quede libre por respeto a los valores patrimoniales del entorno. En un comunicado, la entidad, que ha recordado que esta propuesta ya la presentaron hace dos a\u00f1os, ha considerado que tampoco<\/p>\n","protected":false},"author":1,"featured_media":38941,"comment_status":"open","ping_status":"closed","sticky":false,"template":"","format":"standard","meta":{"footnotes":""},"categories":[222],"tags":[],"class_list":{"0":"post-38940","1":"post","2":"type-post","3":"status-publish","4":"format-standard","5":"has-post-thumbnail","7":"category-actualidad-turismo"},"aioseo_notices":[],"aioseo_head":"\n\t\t<!-- All in One SEO Pro 4.9.6.1 - aioseo.com -->\n\t<meta name=\"description\" content=\"ARCA ha exigido este viernes que se proh\u00edba aparcar en el mirador de la Catedral de Palma durante el d\u00eda para que este espacio quede libre por respeto a los valores patrimoniales del entorno. En un comunicado, la entidad, que ha recordado que esta propuesta ya la presentaron hace dos a\u00f1os, ha considerado que tampoco\" \/>\n\t<meta name=\"robots\" content=\"max-image-preview:large\" \/>\n\t<meta name=\"author\" content=\"admin\"\/>\n\t<meta name=\"google-site-verification\" content=\"UA-38556648-1\" \/>\n\t<meta name=\"keywords\" content=\"actualidad turismo\" \/>\n\t<link rel=\"canonical\" href=\"https:\/\/eldigitaldeasturias.com\/magazine365\/arca-exige-que-se-prohiba-aparcar-en-el-mirador-de-la-catedral-de-palma\/\" \/>\n\t<meta name=\"generator\" content=\"All in One SEO Pro (AIOSEO) 4.9.6.1\" \/>\n\t\t<meta property=\"og:locale\" content=\"es_ES\" \/>\n\t\t<meta property=\"og:site_name\" content=\"El Digital de Asturias \u2013 Revista de ocio, turismo y estilo de vida\" \/>\n\t\t<meta property=\"og:type\" content=\"article\" \/>\n\t\t<meta property=\"og:title\" content=\"ARCA exige que se proh\u00edba aparcar en el mirador de la Catedral de Palma | El Digital de Asturias\" \/>\n\t\t<meta property=\"og:description\" content=\"ARCA ha exigido este viernes que se proh\u00edba aparcar en el mirador de la Catedral de Palma durante el d\u00eda para que este espacio quede libre por respeto a los valores patrimoniales del entorno. En un comunicado, la entidad, que ha recordado que esta propuesta ya la presentaron hace dos a\u00f1os, ha considerado que tampoco\" \/>\n\t\t<meta property=\"og:url\" content=\"https:\/\/eldigitaldeasturias.com\/magazine365\/arca-exige-que-se-prohiba-aparcar-en-el-mirador-de-la-catedral-de-palma\/\" \/>\n\t\t<meta property=\"og:image\" content=\"https:\/\/eldigitaldeasturias.com\/magazine365\/wp-content\/uploads\/2015\/06\/fotonoticia_20150605115617_800.jpg\" \/>\n\t\t<meta property=\"og:image:secure_url\" content=\"https:\/\/eldigitaldeasturias.com\/magazine365\/wp-content\/uploads\/2015\/06\/fotonoticia_20150605115617_800.jpg\" \/>\n\t\t<meta property=\"og:image:width\" content=\"800\" \/>\n\t\t<meta property=\"og:image:height\" content=\"600\" \/>\n\t\t<meta property=\"article:published_time\" content=\"2015-06-06T02:47:39+00:00\" \/>\n\t\t<meta property=\"article:modified_time\" content=\"2015-06-06T02:47:39+00:00\" \/>\n\t\t<meta name=\"twitter:card\" content=\"summary_large_image\" \/>\n\t\t<meta name=\"twitter:title\" content=\"ARCA exige que se proh\u00edba aparcar en el mirador de la Catedral de Palma | El Digital de Asturias\" \/>\n\t\t<meta name=\"twitter:description\" content=\"ARCA ha exigido este viernes que se proh\u00edba aparcar en el mirador de la Catedral de Palma durante el d\u00eda para que este espacio quede libre por respeto a los valores patrimoniales del entorno. En un comunicado, la entidad, que ha recordado que esta propuesta ya la presentaron hace dos a\u00f1os, ha considerado que tampoco\" \/>\n\t\t<meta name=\"twitter:image\" content=\"https:\/\/eldigitaldeasturias.com\/magazine365\/wp-content\/uploads\/2015\/06\/fotonoticia_20150605115617_800.jpg\" \/>\n\t\t<script type=\"application\/ld+json\" class=\"aioseo-schema\">\n\t\t\t{\"@context\":\"https:\\\/\\\/schema.org\",\"@graph\":[{\"@type\":\"Article\",\"@id\":\"https:\\\/\\\/eldigitaldeasturias.com\\\/magazine365\\\/arca-exige-que-se-prohiba-aparcar-en-el-mirador-de-la-catedral-de-palma\\\/#article\",\"name\":\"ARCA exige que se proh\\u00edba aparcar en el mirador de la Catedral de Palma | El Digital de Asturias\",\"headline\":\"ARCA exige que se proh\\u00edba aparcar en el mirador de la Catedral de Palma\",\"author\":{\"@id\":\"https:\\\/\\\/eldigitaldeasturias.com\\\/magazine365\\\/author\\\/admin\\\/#author\"},\"publisher\":{\"@id\":\"https:\\\/\\\/eldigitaldeasturias.com\\\/magazine365\\\/#organization\"},\"image\":{\"@type\":\"ImageObject\",\"url\":\"https:\\\/\\\/eldigitaldeasturias.com\\\/magazine365\\\/wp-content\\\/uploads\\\/2015\\\/06\\\/fotonoticia_20150605115617_800.jpg\",\"width\":800,\"height\":600},\"datePublished\":\"2015-06-06T04:17:39+02:00\",\"dateModified\":\"2015-06-06T04:17:39+02:00\",\"inLanguage\":\"es-ES\",\"mainEntityOfPage\":{\"@id\":\"https:\\\/\\\/eldigitaldeasturias.com\\\/magazine365\\\/arca-exige-que-se-prohiba-aparcar-en-el-mirador-de-la-catedral-de-palma\\\/#webpage\"},\"isPartOf\":{\"@id\":\"https:\\\/\\\/eldigitaldeasturias.com\\\/magazine365\\\/arca-exige-que-se-prohiba-aparcar-en-el-mirador-de-la-catedral-de-palma\\\/#webpage\"},\"articleSection\":\"Actualidad Turismo\"},{\"@type\":\"BreadcrumbList\",\"@id\":\"https:\\\/\\\/eldigitaldeasturias.com\\\/magazine365\\\/arca-exige-que-se-prohiba-aparcar-en-el-mirador-de-la-catedral-de-palma\\\/#breadcrumblist\",\"itemListElement\":[{\"@type\":\"ListItem\",\"@id\":\"https:\\\/\\\/eldigitaldeasturias.com\\\/magazine365#listItem\",\"position\":1,\"name\":\"Home\",\"item\":\"https:\\\/\\\/eldigitaldeasturias.com\\\/magazine365\",\"nextItem\":{\"@type\":\"ListItem\",\"@id\":\"https:\\\/\\\/eldigitaldeasturias.com\\\/magazine365\\\/category\\\/actualidad-turismo\\\/#listItem\",\"name\":\"Actualidad Turismo\"}},{\"@type\":\"ListItem\",\"@id\":\"https:\\\/\\\/eldigitaldeasturias.com\\\/magazine365\\\/category\\\/actualidad-turismo\\\/#listItem\",\"position\":2,\"name\":\"Actualidad Turismo\",\"item\":\"https:\\\/\\\/eldigitaldeasturias.com\\\/magazine365\\\/category\\\/actualidad-turismo\\\/\",\"nextItem\":{\"@type\":\"ListItem\",\"@id\":\"https:\\\/\\\/eldigitaldeasturias.com\\\/magazine365\\\/arca-exige-que-se-prohiba-aparcar-en-el-mirador-de-la-catedral-de-palma\\\/#listItem\",\"name\":\"ARCA exige que se proh\\u00edba aparcar en el mirador de la Catedral de Palma\"},\"previousItem\":{\"@type\":\"ListItem\",\"@id\":\"https:\\\/\\\/eldigitaldeasturias.com\\\/magazine365#listItem\",\"name\":\"Home\"}},{\"@type\":\"ListItem\",\"@id\":\"https:\\\/\\\/eldigitaldeasturias.com\\\/magazine365\\\/arca-exige-que-se-prohiba-aparcar-en-el-mirador-de-la-catedral-de-palma\\\/#listItem\",\"position\":3,\"name\":\"ARCA exige que se proh\\u00edba aparcar en el mirador de la Catedral de Palma\",\"previousItem\":{\"@type\":\"ListItem\",\"@id\":\"https:\\\/\\\/eldigitaldeasturias.com\\\/magazine365\\\/category\\\/actualidad-turismo\\\/#listItem\",\"name\":\"Actualidad Turismo\"}}]},{\"@type\":\"Organization\",\"@id\":\"https:\\\/\\\/eldigitaldeasturias.com\\\/magazine365\\\/#organization\",\"name\":\"El digital de Asturias\",\"description\":\"Revista de ocio, turismo y estilo de vida\",\"url\":\"https:\\\/\\\/eldigitaldeasturias.com\\\/magazine365\\\/\",\"logo\":{\"@type\":\"ImageObject\",\"url\":\"https:\\\/\\\/www.eldigitaldeasturias.com\\\/noticias\\\/wp-content\\\/uploads\\\/2020\\\/12\\\/EDA.jpg\",\"@id\":\"https:\\\/\\\/eldigitaldeasturias.com\\\/magazine365\\\/arca-exige-que-se-prohiba-aparcar-en-el-mirador-de-la-catedral-de-palma\\\/#organizationLogo\"},\"image\":{\"@id\":\"https:\\\/\\\/eldigitaldeasturias.com\\\/magazine365\\\/arca-exige-que-se-prohiba-aparcar-en-el-mirador-de-la-catedral-de-palma\\\/#organizationLogo\"}},{\"@type\":\"Person\",\"@id\":\"https:\\\/\\\/eldigitaldeasturias.com\\\/magazine365\\\/author\\\/admin\\\/#author\",\"url\":\"https:\\\/\\\/eldigitaldeasturias.com\\\/magazine365\\\/author\\\/admin\\\/\",\"name\":\"admin\",\"image\":{\"@type\":\"ImageObject\",\"@id\":\"https:\\\/\\\/eldigitaldeasturias.com\\\/magazine365\\\/arca-exige-que-se-prohiba-aparcar-en-el-mirador-de-la-catedral-de-palma\\\/#authorImage\",\"url\":\"https:\\\/\\\/eldigitaldeasturias.com\\\/magazine365\\\/wp-content\\\/litespeed\\\/avatar\\\/e571bcf59a0edd6fa6838245a470f2fe.jpg?ver=1776969259\",\"width\":96,\"height\":96,\"caption\":\"admin\"}},{\"@type\":\"WebPage\",\"@id\":\"https:\\\/\\\/eldigitaldeasturias.com\\\/magazine365\\\/arca-exige-que-se-prohiba-aparcar-en-el-mirador-de-la-catedral-de-palma\\\/#webpage\",\"url\":\"https:\\\/\\\/eldigitaldeasturias.com\\\/magazine365\\\/arca-exige-que-se-prohiba-aparcar-en-el-mirador-de-la-catedral-de-palma\\\/\",\"name\":\"ARCA exige que se proh\\u00edba aparcar en el mirador de la Catedral de Palma | El Digital de Asturias\",\"description\":\"ARCA ha exigido este viernes que se proh\\u00edba aparcar en el mirador de la Catedral de Palma durante el d\\u00eda para que este espacio quede libre por respeto a los valores patrimoniales del entorno. En un comunicado, la entidad, que ha recordado que esta propuesta ya la presentaron hace dos a\\u00f1os, ha considerado que tampoco\",\"inLanguage\":\"es-ES\",\"isPartOf\":{\"@id\":\"https:\\\/\\\/eldigitaldeasturias.com\\\/magazine365\\\/#website\"},\"breadcrumb\":{\"@id\":\"https:\\\/\\\/eldigitaldeasturias.com\\\/magazine365\\\/arca-exige-que-se-prohiba-aparcar-en-el-mirador-de-la-catedral-de-palma\\\/#breadcrumblist\"},\"author\":{\"@id\":\"https:\\\/\\\/eldigitaldeasturias.com\\\/magazine365\\\/author\\\/admin\\\/#author\"},\"creator\":{\"@id\":\"https:\\\/\\\/eldigitaldeasturias.com\\\/magazine365\\\/author\\\/admin\\\/#author\"},\"image\":{\"@type\":\"ImageObject\",\"url\":\"https:\\\/\\\/eldigitaldeasturias.com\\\/magazine365\\\/wp-content\\\/uploads\\\/2015\\\/06\\\/fotonoticia_20150605115617_800.jpg\",\"@id\":\"https:\\\/\\\/eldigitaldeasturias.com\\\/magazine365\\\/arca-exige-que-se-prohiba-aparcar-en-el-mirador-de-la-catedral-de-palma\\\/#mainImage\",\"width\":800,\"height\":600},\"primaryImageOfPage\":{\"@id\":\"https:\\\/\\\/eldigitaldeasturias.com\\\/magazine365\\\/arca-exige-que-se-prohiba-aparcar-en-el-mirador-de-la-catedral-de-palma\\\/#mainImage\"},\"datePublished\":\"2015-06-06T04:17:39+02:00\",\"dateModified\":\"2015-06-06T04:17:39+02:00\"},{\"@type\":\"WebSite\",\"@id\":\"https:\\\/\\\/eldigitaldeasturias.com\\\/magazine365\\\/#website\",\"url\":\"https:\\\/\\\/eldigitaldeasturias.com\\\/magazine365\\\/\",\"name\":\"El Digital de Asturias\",\"description\":\"Revista de ocio, turismo y estilo de vida\",\"inLanguage\":\"es-ES\",\"publisher\":{\"@id\":\"https:\\\/\\\/eldigitaldeasturias.com\\\/magazine365\\\/#organization\"}}]}\n\t\t<\/script>\n\t\t<!-- All in One SEO Pro -->\r\n\t\t<title>ARCA exige que se proh\u00edba aparcar en el mirador de la Catedral de Palma | El Digital de Asturias<\/title>\n\n","aioseo_head_json":{"title":"ARCA exige que se proh\u00edba aparcar en el mirador de la Catedral de Palma | El Digital de Asturias","description":"ARCA ha exigido este viernes que se proh\u00edba aparcar en el mirador de la Catedral de Palma durante el d\u00eda para que este espacio quede libre por respeto a los valores patrimoniales del entorno. En un comunicado, la entidad, que ha recordado que esta propuesta ya la presentaron hace dos a\u00f1os, ha considerado que tampoco","canonical_url":"https:\/\/eldigitaldeasturias.com\/magazine365\/arca-exige-que-se-prohiba-aparcar-en-el-mirador-de-la-catedral-de-palma\/","robots":"max-image-preview:large","keywords":"actualidad turismo","webmasterTools":{"google-site-verification":"UA-38556648-1","miscellaneous":""},"schema":{"@context":"https:\/\/schema.org","@graph":[{"@type":"Article","@id":"https:\/\/eldigitaldeasturias.com\/magazine365\/arca-exige-que-se-prohiba-aparcar-en-el-mirador-de-la-catedral-de-palma\/#article","name":"ARCA exige que se proh\u00edba aparcar en el mirador de la Catedral de Palma | El Digital de Asturias","headline":"ARCA exige que se proh\u00edba aparcar en el mirador de la Catedral de Palma","author":{"@id":"https:\/\/eldigitaldeasturias.com\/magazine365\/author\/admin\/#author"},"publisher":{"@id":"https:\/\/eldigitaldeasturias.com\/magazine365\/#organization"},"image":{"@type":"ImageObject","url":"https:\/\/eldigitaldeasturias.com\/magazine365\/wp-content\/uploads\/2015\/06\/fotonoticia_20150605115617_800.jpg","width":800,"height":600},"datePublished":"2015-06-06T04:17:39+02:00","dateModified":"2015-06-06T04:17:39+02:00","inLanguage":"es-ES","mainEntityOfPage":{"@id":"https:\/\/eldigitaldeasturias.com\/magazine365\/arca-exige-que-se-prohiba-aparcar-en-el-mirador-de-la-catedral-de-palma\/#webpage"},"isPartOf":{"@id":"https:\/\/eldigitaldeasturias.com\/magazine365\/arca-exige-que-se-prohiba-aparcar-en-el-mirador-de-la-catedral-de-palma\/#webpage"},"articleSection":"Actualidad Turismo"},{"@type":"BreadcrumbList","@id":"https:\/\/eldigitaldeasturias.com\/magazine365\/arca-exige-que-se-prohiba-aparcar-en-el-mirador-de-la-catedral-de-palma\/#breadcrumblist","itemListElement":[{"@type":"ListItem","@id":"https:\/\/eldigitaldeasturias.com\/magazine365#listItem","position":1,"name":"Home","item":"https:\/\/eldigitaldeasturias.com\/magazine365","nextItem":{"@type":"ListItem","@id":"https:\/\/eldigitaldeasturias.com\/magazine365\/category\/actualidad-turismo\/#listItem","name":"Actualidad Turismo"}},{"@type":"ListItem","@id":"https:\/\/eldigitaldeasturias.com\/magazine365\/category\/actualidad-turismo\/#listItem","position":2,"name":"Actualidad Turismo","item":"https:\/\/eldigitaldeasturias.com\/magazine365\/category\/actualidad-turismo\/","nextItem":{"@type":"ListItem","@id":"https:\/\/eldigitaldeasturias.com\/magazine365\/arca-exige-que-se-prohiba-aparcar-en-el-mirador-de-la-catedral-de-palma\/#listItem","name":"ARCA exige que se proh\u00edba aparcar en el mirador de la Catedral de Palma"},"previousItem":{"@type":"ListItem","@id":"https:\/\/eldigitaldeasturias.com\/magazine365#listItem","name":"Home"}},{"@type":"ListItem","@id":"https:\/\/eldigitaldeasturias.com\/magazine365\/arca-exige-que-se-prohiba-aparcar-en-el-mirador-de-la-catedral-de-palma\/#listItem","position":3,"name":"ARCA exige que se proh\u00edba aparcar en el mirador de la Catedral de Palma","previousItem":{"@type":"ListItem","@id":"https:\/\/eldigitaldeasturias.com\/magazine365\/category\/actualidad-turismo\/#listItem","name":"Actualidad Turismo"}}]},{"@type":"Organization","@id":"https:\/\/eldigitaldeasturias.com\/magazine365\/#organization","name":"El digital de Asturias","description":"Revista de ocio, turismo y estilo de vida","url":"https:\/\/eldigitaldeasturias.com\/magazine365\/","logo":{"@type":"ImageObject","url":"https:\/\/www.eldigitaldeasturias.com\/noticias\/wp-content\/uploads\/2020\/12\/EDA.jpg","@id":"https:\/\/eldigitaldeasturias.com\/magazine365\/arca-exige-que-se-prohiba-aparcar-en-el-mirador-de-la-catedral-de-palma\/#organizationLogo"},"image":{"@id":"https:\/\/eldigitaldeasturias.com\/magazine365\/arca-exige-que-se-prohiba-aparcar-en-el-mirador-de-la-catedral-de-palma\/#organizationLogo"}},{"@type":"Person","@id":"https:\/\/eldigitaldeasturias.com\/magazine365\/author\/admin\/#author","url":"https:\/\/eldigitaldeasturias.com\/magazine365\/author\/admin\/","name":"admin","image":{"@type":"ImageObject","@id":"https:\/\/eldigitaldeasturias.com\/magazine365\/arca-exige-que-se-prohiba-aparcar-en-el-mirador-de-la-catedral-de-palma\/#authorImage","url":"https:\/\/eldigitaldeasturias.com\/magazine365\/wp-content\/litespeed\/avatar\/e571bcf59a0edd6fa6838245a470f2fe.jpg?ver=1776969259","width":96,"height":96,"caption":"admin"}},{"@type":"WebPage","@id":"https:\/\/eldigitaldeasturias.com\/magazine365\/arca-exige-que-se-prohiba-aparcar-en-el-mirador-de-la-catedral-de-palma\/#webpage","url":"https:\/\/eldigitaldeasturias.com\/magazine365\/arca-exige-que-se-prohiba-aparcar-en-el-mirador-de-la-catedral-de-palma\/","name":"ARCA exige que se proh\u00edba aparcar en el mirador de la Catedral de Palma | El Digital de Asturias","description":"ARCA ha exigido este viernes que se proh\u00edba aparcar en el mirador de la Catedral de Palma durante el d\u00eda para que este espacio quede libre por respeto a los valores patrimoniales del entorno. En un comunicado, la entidad, que ha recordado que esta propuesta ya la presentaron hace dos a\u00f1os, ha considerado que tampoco","inLanguage":"es-ES","isPartOf":{"@id":"https:\/\/eldigitaldeasturias.com\/magazine365\/#website"},"breadcrumb":{"@id":"https:\/\/eldigitaldeasturias.com\/magazine365\/arca-exige-que-se-prohiba-aparcar-en-el-mirador-de-la-catedral-de-palma\/#breadcrumblist"},"author":{"@id":"https:\/\/eldigitaldeasturias.com\/magazine365\/author\/admin\/#author"},"creator":{"@id":"https:\/\/eldigitaldeasturias.com\/magazine365\/author\/admin\/#author"},"image":{"@type":"ImageObject","url":"https:\/\/eldigitaldeasturias.com\/magazine365\/wp-content\/uploads\/2015\/06\/fotonoticia_20150605115617_800.jpg","@id":"https:\/\/eldigitaldeasturias.com\/magazine365\/arca-exige-que-se-prohiba-aparcar-en-el-mirador-de-la-catedral-de-palma\/#mainImage","width":800,"height":600},"primaryImageOfPage":{"@id":"https:\/\/eldigitaldeasturias.com\/magazine365\/arca-exige-que-se-prohiba-aparcar-en-el-mirador-de-la-catedral-de-palma\/#mainImage"},"datePublished":"2015-06-06T04:17:39+02:00","dateModified":"2015-06-06T04:17:39+02:00"},{"@type":"WebSite","@id":"https:\/\/eldigitaldeasturias.com\/magazine365\/#website","url":"https:\/\/eldigitaldeasturias.com\/magazine365\/","name":"El Digital de Asturias","description":"Revista de ocio, turismo y estilo de vida","inLanguage":"es-ES","publisher":{"@id":"https:\/\/eldigitaldeasturias.com\/magazine365\/#organization"}}]},"og:locale":"es_ES","og:site_name":"El Digital de Asturias \u2013 Revista de ocio, turismo y estilo de vida","og:type":"article","og:title":"ARCA exige que se proh\u00edba aparcar en el mirador de la Catedral de Palma | El Digital de Asturias","og:description":"ARCA ha exigido este viernes que se proh\u00edba aparcar en el mirador de la Catedral de Palma durante el d\u00eda para que este espacio quede libre por respeto a los valores patrimoniales del entorno. En un comunicado, la entidad, que ha recordado que esta propuesta ya la presentaron hace dos a\u00f1os, ha considerado que tampoco","og:url":"https:\/\/eldigitaldeasturias.com\/magazine365\/arca-exige-que-se-prohiba-aparcar-en-el-mirador-de-la-catedral-de-palma\/","og:image":"https:\/\/eldigitaldeasturias.com\/magazine365\/wp-content\/uploads\/2015\/06\/fotonoticia_20150605115617_800.jpg","og:image:secure_url":"https:\/\/eldigitaldeasturias.com\/magazine365\/wp-content\/uploads\/2015\/06\/fotonoticia_20150605115617_800.jpg","og:image:width":800,"og:image:height":600,"article:published_time":"2015-06-06T02:47:39+00:00","article:modified_time":"2015-06-06T02:47:39+00:00","twitter:card":"summary_large_image","twitter:title":"ARCA exige que se proh\u00edba aparcar en el mirador de la Catedral de Palma | El Digital de Asturias","twitter:description":"ARCA ha exigido este viernes que se proh\u00edba aparcar en el mirador de la Catedral de Palma durante el d\u00eda para que este espacio quede libre por respeto a los valores patrimoniales del entorno. En un comunicado, la entidad, que ha recordado que esta propuesta ya la presentaron hace dos a\u00f1os, ha considerado que tampoco","twitter:image":"https:\/\/eldigitaldeasturias.com\/magazine365\/wp-content\/uploads\/2015\/06\/fotonoticia_20150605115617_800.jpg"},"aioseo_meta_data":{"post_id":"38940","title":null,"description":null,"keywords":null,"keyphrases":null,"primary_term":null,"canonical_url":null,"og_title":null,"og_description":null,"og_object_type":"default","og_image_type":"default","og_image_url":null,"og_image_width":null,"og_image_height":null,"og_image_custom_url":null,"og_image_custom_fields":null,"og_video":null,"og_custom_url":null,"og_article_section":null,"og_article_tags":null,"twitter_use_og":false,"twitter_card":"default","twitter_image_type":"default","twitter_image_url":null,"twitter_image_custom_url":null,"twitter_image_custom_fields":null,"twitter_title":null,"twitter_description":null,"schema":{"blockGraphs":[],"customGraphs":[],"default":{"data":{"Article":[],"Course":[],"Dataset":[],"FAQPage":[],"Movie":[],"Person":[],"Product":[],"ProductReview":[],"Car":[],"Recipe":[],"Service":[],"SoftwareApplication":[],"WebPage":[]},"graphName":"","isEnabled":true},"graphs":[],"defaultGraph":"","defaultPostTypeGraph":""},"schema_type":null,"schema_type_options":null,"pillar_content":false,"robots_default":true,"robots_noindex":false,"robots_noarchive":false,"robots_nosnippet":false,"robots_nofollow":false,"robots_noimageindex":false,"robots_noodp":false,"robots_notranslate":false,"robots_max_snippet":null,"robots_max_videopreview":null,"robots_max_imagepreview":"large","priority":null,"frequency":null,"location":null,"local_seo":null,"seo_analyzer_scan_date":"2025-09-19 10:37:22","breadcrumb_settings":null,"limit_modified_date":false,"open_ai":null,"ai":null,"created":"2021-03-09 02:48:12","updated":"2025-09-19 10:37:22"},"aioseo_breadcrumb":"<div class=\"aioseo-breadcrumbs\"><span class=\"aioseo-breadcrumb\">\n\t<a href=\"https:\/\/eldigitaldeasturias.com\/magazine365\" title=\"Home\">Home<\/a>\n<\/span><span class=\"aioseo-breadcrumb-separator\">\u2013<\/span><span class=\"aioseo-breadcrumb\">\n\t<a href=\"https:\/\/eldigitaldeasturias.com\/magazine365\/category\/actualidad-turismo\/\" title=\"Actualidad Turismo\">Actualidad Turismo<\/a>\n<\/span><span class=\"aioseo-breadcrumb-separator\">\u2013<\/span><span class=\"aioseo-breadcrumb\">\n\t<a href=\"https:\/\/eldigitaldeasturias.com\/magazine365\/arca-exige-que-se-prohiba-aparcar-en-el-mirador-de-la-catedral-de-palma\/\" title=\"ARCA exige que se proh\u00edba aparcar en el mirador de la Catedral de Palma\">ARCA exige que se proh\u00edba aparcar en el mirador de la Catedral de Palma<\/a>\n<\/span><\/div>","aioseo_breadcrumb_json":[{"label":"Home","link":"https:\/\/eldigitaldeasturias.com\/magazine365"},{"label":"Actualidad Turismo","link":"https:\/\/eldigitaldeasturias.com\/magazine365\/category\/actualidad-turismo\/"},{"label":"ARCA exige que se proh\u00edba aparcar en el mirador de la Catedral de Palma","link":"https:\/\/eldigitaldeasturias.com\/magazine365\/arca-exige-que-se-prohiba-aparcar-en-el-mirador-de-la-catedral-de-palma\/"}],"_links":{"self":[{"href":"https:\/\/eldigitaldeasturias.com\/magazine365\/wp-json\/wp\/v2\/posts\/38940","targetHints":{"allow":["GET"]}}],"collection":[{"href":"https:\/\/eldigitaldeasturias.com\/magazine365\/wp-json\/wp\/v2\/posts"}],"about":[{"href":"https:\/\/eldigitaldeasturias.com\/magazine365\/wp-json\/wp\/v2\/types\/post"}],"author":[{"embeddable":true,"href":"https:\/\/eldigitaldeasturias.com\/magazine365\/wp-json\/wp\/v2\/users\/1"}],"replies":[{"embeddable":true,"href":"https:\/\/eldigitaldeasturias.com\/magazine365\/wp-json\/wp\/v2\/comments?post=38940"}],"version-history":[{"count":0,"href":"https:\/\/eldigitaldeasturias.com\/magazine365\/wp-json\/wp\/v2\/posts\/38940\/revisions"}],"wp:featuredmedia":[{"embeddable":true,"href":"https:\/\/eldigitaldeasturias.com\/magazine365\/wp-json\/wp\/v2\/media\/38941"}],"wp:attachment":[{"href":"https:\/\/eldigitaldeasturias.com\/magazine365\/wp-json\/wp\/v2\/media?parent=38940"}],"wp:term":[{"taxonomy":"category","embeddable":true,"href":"https:\/\/eldigitaldeasturias.com\/magazine365\/wp-json\/wp\/v2\/categories?post=38940"},{"taxonomy":"post_tag","embeddable":true,"href":"https:\/\/eldigitaldeasturias.com\/magazine365\/wp-json\/wp\/v2\/tags?post=38940"}],"curies":[{"name":"wp","href":"https:\/\/api.w.org\/{rel}","templated":true}]}}