{"id":38934,"date":"2015-06-06T04:14:34","date_gmt":"2015-06-06T02:44:34","guid":{"rendered":"http:\/\/eldigitaldeasturias.com\/magazine365\/?p=38934"},"modified":"2015-06-06T04:14:34","modified_gmt":"2015-06-06T02:44:34","slug":"dos-recorridos-guiados-por-madrid-invitan-a-disfrutar-de-su-cultura","status":"publish","type":"post","link":"https:\/\/eldigitaldeasturias.com\/magazine365\/dos-recorridos-guiados-por-madrid-invitan-a-disfrutar-de-su-cultura\/","title":{"rendered":"Dos recorridos guiados por Madrid invitan a disfrutar de su cultura"},"content":{"rendered":"<p><img fetchpriority=\"high\" decoding=\"async\" class=\"alignleft size-medium wp-image-38935\" src=\"https:\/\/eldigitaldeasturias.com\/magazine365\/wp-content\/uploads\/2015\/06\/fotonoticia_20150605113356_800-360x240.jpg\" alt=\"fotonoticia_20150605113356_800\" width=\"360\" height=\"240\" srcset=\"https:\/\/eldigitaldeasturias.com\/magazine365\/wp-content\/uploads\/2015\/06\/fotonoticia_20150605113356_800-360x240.jpg 360w, https:\/\/eldigitaldeasturias.com\/magazine365\/wp-content\/uploads\/2015\/06\/fotonoticia_20150605113356_800-650x434.jpg 650w, https:\/\/eldigitaldeasturias.com\/magazine365\/wp-content\/uploads\/2015\/06\/fotonoticia_20150605113356_800-768x513.jpg 768w, https:\/\/eldigitaldeasturias.com\/magazine365\/wp-content\/uploads\/2015\/06\/fotonoticia_20150605113356_800-150x100.jpg 150w, https:\/\/eldigitaldeasturias.com\/magazine365\/wp-content\/uploads\/2015\/06\/fotonoticia_20150605113356_800-450x300.jpg 450w, https:\/\/eldigitaldeasturias.com\/magazine365\/wp-content\/uploads\/2015\/06\/fotonoticia_20150605113356_800-696x465.jpg 696w, https:\/\/eldigitaldeasturias.com\/magazine365\/wp-content\/uploads\/2015\/06\/fotonoticia_20150605113356_800-629x420.jpg 629w, https:\/\/eldigitaldeasturias.com\/magazine365\/wp-content\/uploads\/2015\/06\/fotonoticia_20150605113356_800-84x55.jpg 84w, https:\/\/eldigitaldeasturias.com\/magazine365\/wp-content\/uploads\/2015\/06\/fotonoticia_20150605113356_800.jpg 800w\" sizes=\"(max-width: 360px) 100vw, 360px\" \/>Madrid celebrar\u00e1 un recorrido guiado gratuito sobre la riqueza musical y otro sobre las artes gr\u00e1ficas de la ciudad, ambos con motivo de la celebraci\u00f3n de la Feria del Libro hasta el 14 de junio en El Retiro y del D\u00eda Europeo de la M\u00fasica el 21 de junio.<\/p>\n<p>La ruta m\u00e1s inmediata ser\u00e1 la visita &#8216;Imprenta Municipal. Artes del Libro&#8217;, que tendr\u00e1 lugar este domingo y que ofrece dos pases, a las 10 y a las 12 horas, y uno especial para personas con discapacidad intelectual este s\u00e1bado a las 12 horas. Asimismo, la ruta &#8216;Madrid, musa de compositores&#8217; tendr\u00e1 lugar el 21 de este mes.<\/p>\n<p>El itinerario se centra en esta instalaci\u00f3n del Ayuntamiento de Madrid que dispone de una de las m\u00e1s amplias colecciones de bienes vinculados a las artes gr\u00e1ficas de los \u00faltimos 200 a\u00f1os. La visita, que dura unas dos horas, continuar\u00e1 con un breve itinerario por las calles del barrio de los Austrias y finalizar\u00e1 en la Plaza Mayor.<\/p>\n<p>D\u00cdA EUROPEO DE LA M\u00daSICA.<\/p>\n<p>En el marco del D\u00eda Europeo de la M\u00fasica, la empresa municipal de Madrid Destino propone una ruta guiada &#8216;Madrid, musa de compositores&#8217; el 21 de junio a las 19 horas. El mismo d\u00eda y en id\u00e9ntico horario habr\u00e1 un pase especial adaptado a personas con discapacidad visual.<\/p>\n<p>La propuesta explora algunos de los lugares emblem\u00e1ticos e imprescindibles de la capital para descubrir la riqueza musical de la Villa de Madrid. De este modo se podr\u00e1 conocer la historia de artistas como el Maestro Victoria, Arrieta, Federico Chueca o el Maestro Guerrero a trav\u00e9s de un recorrido que incluye rincones como la Plaza de la Villa, la Plaza de Oriente, el Teatro Real y la calle Arenal, donde concluye.<\/p>\n<p>Para participar en ambas visitas es necesaria la inscripci\u00f3n previa en el Centro de Turismo de la Plaza Mayor, abierto al p\u00fablico de lunes a domingo en horario de 09.30 a 20.30 horas. El plazo para apuntarse al recorrido &#8216;Imprenta municipal. Artes del Libro&#8217; se encuentra abierto. Asimismo, el de &#8216;Madrid, musa de compositores&#8217; comenzar\u00e1 el 15 de junio hasta completar aforo.<\/p>\n","protected":false},"excerpt":{"rendered":"<p>Madrid celebrar\u00e1 un recorrido guiado gratuito sobre la riqueza musical y otro sobre las artes gr\u00e1ficas de la ciudad, ambos con motivo de la celebraci\u00f3n de la Feria del Libro hasta el 14 de junio en El Retiro y del D\u00eda Europeo de la M\u00fasica el 21 de junio. La ruta m\u00e1s inmediata ser\u00e1 la<\/p>\n","protected":false},"author":1,"featured_media":38935,"comment_status":"open","ping_status":"closed","sticky":false,"template":"","format":"standard","meta":{"footnotes":""},"categories":[224],"tags":[],"class_list":{"0":"post-38934","1":"post","2":"type-post","3":"status-publish","4":"format-standard","5":"has-post-thumbnail","7":"category-noticias-actualidad"},"aioseo_notices":[],"aioseo_head":"\n\t\t<!-- All in One SEO Pro 4.9.6.1 - aioseo.com -->\n\t<meta name=\"description\" content=\"Madrid celebrar\u00e1 un recorrido guiado gratuito sobre la riqueza musical y otro sobre las artes gr\u00e1ficas de la ciudad, ambos con motivo de la celebraci\u00f3n de la Feria del Libro hasta el 14 de junio en El Retiro y del D\u00eda Europeo de la M\u00fasica el 21 de junio. La ruta m\u00e1s inmediata ser\u00e1 la\" \/>\n\t<meta name=\"robots\" content=\"max-image-preview:large\" \/>\n\t<meta name=\"author\" content=\"admin\"\/>\n\t<meta name=\"google-site-verification\" content=\"UA-38556648-1\" \/>\n\t<meta name=\"keywords\" content=\"noticias y actualidad\" \/>\n\t<link rel=\"canonical\" href=\"https:\/\/eldigitaldeasturias.com\/magazine365\/dos-recorridos-guiados-por-madrid-invitan-a-disfrutar-de-su-cultura\/\" \/>\n\t<meta name=\"generator\" content=\"All in One SEO Pro (AIOSEO) 4.9.6.1\" \/>\n\t\t<meta property=\"og:locale\" content=\"es_ES\" \/>\n\t\t<meta property=\"og:site_name\" content=\"El Digital de Asturias \u2013 Revista de ocio, turismo y estilo de vida\" \/>\n\t\t<meta property=\"og:type\" content=\"article\" \/>\n\t\t<meta property=\"og:title\" content=\"Dos recorridos guiados por Madrid invitan a disfrutar de su cultura | El Digital de Asturias\" \/>\n\t\t<meta property=\"og:description\" content=\"Madrid celebrar\u00e1 un recorrido guiado gratuito sobre la riqueza musical y otro sobre las artes gr\u00e1ficas de la ciudad, ambos con motivo de la celebraci\u00f3n de la Feria del Libro hasta el 14 de junio en El Retiro y del D\u00eda Europeo de la M\u00fasica el 21 de junio. La ruta m\u00e1s inmediata ser\u00e1 la\" \/>\n\t\t<meta property=\"og:url\" content=\"https:\/\/eldigitaldeasturias.com\/magazine365\/dos-recorridos-guiados-por-madrid-invitan-a-disfrutar-de-su-cultura\/\" \/>\n\t\t<meta property=\"og:image\" content=\"https:\/\/eldigitaldeasturias.com\/magazine365\/wp-content\/uploads\/2015\/06\/fotonoticia_20150605113356_800.jpg\" \/>\n\t\t<meta property=\"og:image:secure_url\" content=\"https:\/\/eldigitaldeasturias.com\/magazine365\/wp-content\/uploads\/2015\/06\/fotonoticia_20150605113356_800.jpg\" \/>\n\t\t<meta property=\"og:image:width\" content=\"800\" \/>\n\t\t<meta property=\"og:image:height\" content=\"534\" \/>\n\t\t<meta property=\"article:published_time\" content=\"2015-06-06T02:44:34+00:00\" \/>\n\t\t<meta property=\"article:modified_time\" content=\"2015-06-06T02:44:34+00:00\" \/>\n\t\t<meta name=\"twitter:card\" content=\"summary_large_image\" \/>\n\t\t<meta name=\"twitter:title\" content=\"Dos recorridos guiados por Madrid invitan a disfrutar de su cultura | El Digital de Asturias\" \/>\n\t\t<meta name=\"twitter:description\" content=\"Madrid celebrar\u00e1 un recorrido guiado gratuito sobre la riqueza musical y otro sobre las artes gr\u00e1ficas de la ciudad, ambos con motivo de la celebraci\u00f3n de la Feria del Libro hasta el 14 de junio en El Retiro y del D\u00eda Europeo de la M\u00fasica el 21 de junio. La ruta m\u00e1s inmediata ser\u00e1 la\" \/>\n\t\t<meta name=\"twitter:image\" content=\"https:\/\/eldigitaldeasturias.com\/magazine365\/wp-content\/uploads\/2015\/06\/fotonoticia_20150605113356_800.jpg\" \/>\n\t\t<script type=\"application\/ld+json\" class=\"aioseo-schema\">\n\t\t\t{\"@context\":\"https:\\\/\\\/schema.org\",\"@graph\":[{\"@type\":\"Article\",\"@id\":\"https:\\\/\\\/eldigitaldeasturias.com\\\/magazine365\\\/dos-recorridos-guiados-por-madrid-invitan-a-disfrutar-de-su-cultura\\\/#article\",\"name\":\"Dos recorridos guiados por Madrid invitan a disfrutar de su cultura | El Digital de Asturias\",\"headline\":\"Dos recorridos guiados por Madrid invitan a disfrutar de su cultura\",\"author\":{\"@id\":\"https:\\\/\\\/eldigitaldeasturias.com\\\/magazine365\\\/author\\\/admin\\\/#author\"},\"publisher\":{\"@id\":\"https:\\\/\\\/eldigitaldeasturias.com\\\/magazine365\\\/#organization\"},\"image\":{\"@type\":\"ImageObject\",\"url\":\"https:\\\/\\\/eldigitaldeasturias.com\\\/magazine365\\\/wp-content\\\/uploads\\\/2015\\\/06\\\/fotonoticia_20150605113356_800.jpg\",\"width\":800,\"height\":534},\"datePublished\":\"2015-06-06T04:14:34+02:00\",\"dateModified\":\"2015-06-06T04:14:34+02:00\",\"inLanguage\":\"es-ES\",\"mainEntityOfPage\":{\"@id\":\"https:\\\/\\\/eldigitaldeasturias.com\\\/magazine365\\\/dos-recorridos-guiados-por-madrid-invitan-a-disfrutar-de-su-cultura\\\/#webpage\"},\"isPartOf\":{\"@id\":\"https:\\\/\\\/eldigitaldeasturias.com\\\/magazine365\\\/dos-recorridos-guiados-por-madrid-invitan-a-disfrutar-de-su-cultura\\\/#webpage\"},\"articleSection\":\"Noticias y Actualidad\"},{\"@type\":\"BreadcrumbList\",\"@id\":\"https:\\\/\\\/eldigitaldeasturias.com\\\/magazine365\\\/dos-recorridos-guiados-por-madrid-invitan-a-disfrutar-de-su-cultura\\\/#breadcrumblist\",\"itemListElement\":[{\"@type\":\"ListItem\",\"@id\":\"https:\\\/\\\/eldigitaldeasturias.com\\\/magazine365#listItem\",\"position\":1,\"name\":\"Home\",\"item\":\"https:\\\/\\\/eldigitaldeasturias.com\\\/magazine365\",\"nextItem\":{\"@type\":\"ListItem\",\"@id\":\"https:\\\/\\\/eldigitaldeasturias.com\\\/magazine365\\\/category\\\/noticias-actualidad\\\/#listItem\",\"name\":\"Noticias y Actualidad\"}},{\"@type\":\"ListItem\",\"@id\":\"https:\\\/\\\/eldigitaldeasturias.com\\\/magazine365\\\/category\\\/noticias-actualidad\\\/#listItem\",\"position\":2,\"name\":\"Noticias y Actualidad\",\"item\":\"https:\\\/\\\/eldigitaldeasturias.com\\\/magazine365\\\/category\\\/noticias-actualidad\\\/\",\"nextItem\":{\"@type\":\"ListItem\",\"@id\":\"https:\\\/\\\/eldigitaldeasturias.com\\\/magazine365\\\/dos-recorridos-guiados-por-madrid-invitan-a-disfrutar-de-su-cultura\\\/#listItem\",\"name\":\"Dos recorridos guiados por Madrid invitan a disfrutar de su cultura\"},\"previousItem\":{\"@type\":\"ListItem\",\"@id\":\"https:\\\/\\\/eldigitaldeasturias.com\\\/magazine365#listItem\",\"name\":\"Home\"}},{\"@type\":\"ListItem\",\"@id\":\"https:\\\/\\\/eldigitaldeasturias.com\\\/magazine365\\\/dos-recorridos-guiados-por-madrid-invitan-a-disfrutar-de-su-cultura\\\/#listItem\",\"position\":3,\"name\":\"Dos recorridos guiados por Madrid invitan a disfrutar de su cultura\",\"previousItem\":{\"@type\":\"ListItem\",\"@id\":\"https:\\\/\\\/eldigitaldeasturias.com\\\/magazine365\\\/category\\\/noticias-actualidad\\\/#listItem\",\"name\":\"Noticias y Actualidad\"}}]},{\"@type\":\"Organization\",\"@id\":\"https:\\\/\\\/eldigitaldeasturias.com\\\/magazine365\\\/#organization\",\"name\":\"El digital de Asturias\",\"description\":\"Revista de ocio, turismo y estilo de vida\",\"url\":\"https:\\\/\\\/eldigitaldeasturias.com\\\/magazine365\\\/\",\"logo\":{\"@type\":\"ImageObject\",\"url\":\"https:\\\/\\\/www.eldigitaldeasturias.com\\\/noticias\\\/wp-content\\\/uploads\\\/2020\\\/12\\\/EDA.jpg\",\"@id\":\"https:\\\/\\\/eldigitaldeasturias.com\\\/magazine365\\\/dos-recorridos-guiados-por-madrid-invitan-a-disfrutar-de-su-cultura\\\/#organizationLogo\"},\"image\":{\"@id\":\"https:\\\/\\\/eldigitaldeasturias.com\\\/magazine365\\\/dos-recorridos-guiados-por-madrid-invitan-a-disfrutar-de-su-cultura\\\/#organizationLogo\"}},{\"@type\":\"Person\",\"@id\":\"https:\\\/\\\/eldigitaldeasturias.com\\\/magazine365\\\/author\\\/admin\\\/#author\",\"url\":\"https:\\\/\\\/eldigitaldeasturias.com\\\/magazine365\\\/author\\\/admin\\\/\",\"name\":\"admin\",\"image\":{\"@type\":\"ImageObject\",\"@id\":\"https:\\\/\\\/eldigitaldeasturias.com\\\/magazine365\\\/dos-recorridos-guiados-por-madrid-invitan-a-disfrutar-de-su-cultura\\\/#authorImage\",\"url\":\"https:\\\/\\\/eldigitaldeasturias.com\\\/magazine365\\\/wp-content\\\/litespeed\\\/avatar\\\/e571bcf59a0edd6fa6838245a470f2fe.jpg?ver=1776969259\",\"width\":96,\"height\":96,\"caption\":\"admin\"}},{\"@type\":\"WebPage\",\"@id\":\"https:\\\/\\\/eldigitaldeasturias.com\\\/magazine365\\\/dos-recorridos-guiados-por-madrid-invitan-a-disfrutar-de-su-cultura\\\/#webpage\",\"url\":\"https:\\\/\\\/eldigitaldeasturias.com\\\/magazine365\\\/dos-recorridos-guiados-por-madrid-invitan-a-disfrutar-de-su-cultura\\\/\",\"name\":\"Dos recorridos guiados por Madrid invitan a disfrutar de su cultura | El Digital de Asturias\",\"description\":\"Madrid celebrar\\u00e1 un recorrido guiado gratuito sobre la riqueza musical y otro sobre las artes gr\\u00e1ficas de la ciudad, ambos con motivo de la celebraci\\u00f3n de la Feria del Libro hasta el 14 de junio en El Retiro y del D\\u00eda Europeo de la M\\u00fasica el 21 de junio. La ruta m\\u00e1s inmediata ser\\u00e1 la\",\"inLanguage\":\"es-ES\",\"isPartOf\":{\"@id\":\"https:\\\/\\\/eldigitaldeasturias.com\\\/magazine365\\\/#website\"},\"breadcrumb\":{\"@id\":\"https:\\\/\\\/eldigitaldeasturias.com\\\/magazine365\\\/dos-recorridos-guiados-por-madrid-invitan-a-disfrutar-de-su-cultura\\\/#breadcrumblist\"},\"author\":{\"@id\":\"https:\\\/\\\/eldigitaldeasturias.com\\\/magazine365\\\/author\\\/admin\\\/#author\"},\"creator\":{\"@id\":\"https:\\\/\\\/eldigitaldeasturias.com\\\/magazine365\\\/author\\\/admin\\\/#author\"},\"image\":{\"@type\":\"ImageObject\",\"url\":\"https:\\\/\\\/eldigitaldeasturias.com\\\/magazine365\\\/wp-content\\\/uploads\\\/2015\\\/06\\\/fotonoticia_20150605113356_800.jpg\",\"@id\":\"https:\\\/\\\/eldigitaldeasturias.com\\\/magazine365\\\/dos-recorridos-guiados-por-madrid-invitan-a-disfrutar-de-su-cultura\\\/#mainImage\",\"width\":800,\"height\":534},\"primaryImageOfPage\":{\"@id\":\"https:\\\/\\\/eldigitaldeasturias.com\\\/magazine365\\\/dos-recorridos-guiados-por-madrid-invitan-a-disfrutar-de-su-cultura\\\/#mainImage\"},\"datePublished\":\"2015-06-06T04:14:34+02:00\",\"dateModified\":\"2015-06-06T04:14:34+02:00\"},{\"@type\":\"WebSite\",\"@id\":\"https:\\\/\\\/eldigitaldeasturias.com\\\/magazine365\\\/#website\",\"url\":\"https:\\\/\\\/eldigitaldeasturias.com\\\/magazine365\\\/\",\"name\":\"El Digital de Asturias\",\"description\":\"Revista de ocio, turismo y estilo de vida\",\"inLanguage\":\"es-ES\",\"publisher\":{\"@id\":\"https:\\\/\\\/eldigitaldeasturias.com\\\/magazine365\\\/#organization\"}}]}\n\t\t<\/script>\n\t\t<!-- All in One SEO Pro -->\r\n\t\t<title>Dos recorridos guiados por Madrid invitan a disfrutar de su cultura | El Digital de Asturias<\/title>\n\n","aioseo_head_json":{"title":"Dos recorridos guiados por Madrid invitan a disfrutar de su cultura | El Digital de Asturias","description":"Madrid celebrar\u00e1 un recorrido guiado gratuito sobre la riqueza musical y otro sobre las artes gr\u00e1ficas de la ciudad, ambos con motivo de la celebraci\u00f3n de la Feria del Libro hasta el 14 de junio en El Retiro y del D\u00eda Europeo de la M\u00fasica el 21 de junio. La ruta m\u00e1s inmediata ser\u00e1 la","canonical_url":"https:\/\/eldigitaldeasturias.com\/magazine365\/dos-recorridos-guiados-por-madrid-invitan-a-disfrutar-de-su-cultura\/","robots":"max-image-preview:large","keywords":"noticias y actualidad","webmasterTools":{"google-site-verification":"UA-38556648-1","miscellaneous":""},"schema":{"@context":"https:\/\/schema.org","@graph":[{"@type":"Article","@id":"https:\/\/eldigitaldeasturias.com\/magazine365\/dos-recorridos-guiados-por-madrid-invitan-a-disfrutar-de-su-cultura\/#article","name":"Dos recorridos guiados por Madrid invitan a disfrutar de su cultura | El Digital de Asturias","headline":"Dos recorridos guiados por Madrid invitan a disfrutar de su cultura","author":{"@id":"https:\/\/eldigitaldeasturias.com\/magazine365\/author\/admin\/#author"},"publisher":{"@id":"https:\/\/eldigitaldeasturias.com\/magazine365\/#organization"},"image":{"@type":"ImageObject","url":"https:\/\/eldigitaldeasturias.com\/magazine365\/wp-content\/uploads\/2015\/06\/fotonoticia_20150605113356_800.jpg","width":800,"height":534},"datePublished":"2015-06-06T04:14:34+02:00","dateModified":"2015-06-06T04:14:34+02:00","inLanguage":"es-ES","mainEntityOfPage":{"@id":"https:\/\/eldigitaldeasturias.com\/magazine365\/dos-recorridos-guiados-por-madrid-invitan-a-disfrutar-de-su-cultura\/#webpage"},"isPartOf":{"@id":"https:\/\/eldigitaldeasturias.com\/magazine365\/dos-recorridos-guiados-por-madrid-invitan-a-disfrutar-de-su-cultura\/#webpage"},"articleSection":"Noticias y Actualidad"},{"@type":"BreadcrumbList","@id":"https:\/\/eldigitaldeasturias.com\/magazine365\/dos-recorridos-guiados-por-madrid-invitan-a-disfrutar-de-su-cultura\/#breadcrumblist","itemListElement":[{"@type":"ListItem","@id":"https:\/\/eldigitaldeasturias.com\/magazine365#listItem","position":1,"name":"Home","item":"https:\/\/eldigitaldeasturias.com\/magazine365","nextItem":{"@type":"ListItem","@id":"https:\/\/eldigitaldeasturias.com\/magazine365\/category\/noticias-actualidad\/#listItem","name":"Noticias y Actualidad"}},{"@type":"ListItem","@id":"https:\/\/eldigitaldeasturias.com\/magazine365\/category\/noticias-actualidad\/#listItem","position":2,"name":"Noticias y Actualidad","item":"https:\/\/eldigitaldeasturias.com\/magazine365\/category\/noticias-actualidad\/","nextItem":{"@type":"ListItem","@id":"https:\/\/eldigitaldeasturias.com\/magazine365\/dos-recorridos-guiados-por-madrid-invitan-a-disfrutar-de-su-cultura\/#listItem","name":"Dos recorridos guiados por Madrid invitan a disfrutar de su cultura"},"previousItem":{"@type":"ListItem","@id":"https:\/\/eldigitaldeasturias.com\/magazine365#listItem","name":"Home"}},{"@type":"ListItem","@id":"https:\/\/eldigitaldeasturias.com\/magazine365\/dos-recorridos-guiados-por-madrid-invitan-a-disfrutar-de-su-cultura\/#listItem","position":3,"name":"Dos recorridos guiados por Madrid invitan a disfrutar de su cultura","previousItem":{"@type":"ListItem","@id":"https:\/\/eldigitaldeasturias.com\/magazine365\/category\/noticias-actualidad\/#listItem","name":"Noticias y Actualidad"}}]},{"@type":"Organization","@id":"https:\/\/eldigitaldeasturias.com\/magazine365\/#organization","name":"El digital de Asturias","description":"Revista de ocio, turismo y estilo de vida","url":"https:\/\/eldigitaldeasturias.com\/magazine365\/","logo":{"@type":"ImageObject","url":"https:\/\/www.eldigitaldeasturias.com\/noticias\/wp-content\/uploads\/2020\/12\/EDA.jpg","@id":"https:\/\/eldigitaldeasturias.com\/magazine365\/dos-recorridos-guiados-por-madrid-invitan-a-disfrutar-de-su-cultura\/#organizationLogo"},"image":{"@id":"https:\/\/eldigitaldeasturias.com\/magazine365\/dos-recorridos-guiados-por-madrid-invitan-a-disfrutar-de-su-cultura\/#organizationLogo"}},{"@type":"Person","@id":"https:\/\/eldigitaldeasturias.com\/magazine365\/author\/admin\/#author","url":"https:\/\/eldigitaldeasturias.com\/magazine365\/author\/admin\/","name":"admin","image":{"@type":"ImageObject","@id":"https:\/\/eldigitaldeasturias.com\/magazine365\/dos-recorridos-guiados-por-madrid-invitan-a-disfrutar-de-su-cultura\/#authorImage","url":"https:\/\/eldigitaldeasturias.com\/magazine365\/wp-content\/litespeed\/avatar\/e571bcf59a0edd6fa6838245a470f2fe.jpg?ver=1776969259","width":96,"height":96,"caption":"admin"}},{"@type":"WebPage","@id":"https:\/\/eldigitaldeasturias.com\/magazine365\/dos-recorridos-guiados-por-madrid-invitan-a-disfrutar-de-su-cultura\/#webpage","url":"https:\/\/eldigitaldeasturias.com\/magazine365\/dos-recorridos-guiados-por-madrid-invitan-a-disfrutar-de-su-cultura\/","name":"Dos recorridos guiados por Madrid invitan a disfrutar de su cultura | El Digital de Asturias","description":"Madrid celebrar\u00e1 un recorrido guiado gratuito sobre la riqueza musical y otro sobre las artes gr\u00e1ficas de la ciudad, ambos con motivo de la celebraci\u00f3n de la Feria del Libro hasta el 14 de junio en El Retiro y del D\u00eda Europeo de la M\u00fasica el 21 de junio. La ruta m\u00e1s inmediata ser\u00e1 la","inLanguage":"es-ES","isPartOf":{"@id":"https:\/\/eldigitaldeasturias.com\/magazine365\/#website"},"breadcrumb":{"@id":"https:\/\/eldigitaldeasturias.com\/magazine365\/dos-recorridos-guiados-por-madrid-invitan-a-disfrutar-de-su-cultura\/#breadcrumblist"},"author":{"@id":"https:\/\/eldigitaldeasturias.com\/magazine365\/author\/admin\/#author"},"creator":{"@id":"https:\/\/eldigitaldeasturias.com\/magazine365\/author\/admin\/#author"},"image":{"@type":"ImageObject","url":"https:\/\/eldigitaldeasturias.com\/magazine365\/wp-content\/uploads\/2015\/06\/fotonoticia_20150605113356_800.jpg","@id":"https:\/\/eldigitaldeasturias.com\/magazine365\/dos-recorridos-guiados-por-madrid-invitan-a-disfrutar-de-su-cultura\/#mainImage","width":800,"height":534},"primaryImageOfPage":{"@id":"https:\/\/eldigitaldeasturias.com\/magazine365\/dos-recorridos-guiados-por-madrid-invitan-a-disfrutar-de-su-cultura\/#mainImage"},"datePublished":"2015-06-06T04:14:34+02:00","dateModified":"2015-06-06T04:14:34+02:00"},{"@type":"WebSite","@id":"https:\/\/eldigitaldeasturias.com\/magazine365\/#website","url":"https:\/\/eldigitaldeasturias.com\/magazine365\/","name":"El Digital de Asturias","description":"Revista de ocio, turismo y estilo de vida","inLanguage":"es-ES","publisher":{"@id":"https:\/\/eldigitaldeasturias.com\/magazine365\/#organization"}}]},"og:locale":"es_ES","og:site_name":"El Digital de Asturias \u2013 Revista de ocio, turismo y estilo de vida","og:type":"article","og:title":"Dos recorridos guiados por Madrid invitan a disfrutar de su cultura | El Digital de Asturias","og:description":"Madrid celebrar\u00e1 un recorrido guiado gratuito sobre la riqueza musical y otro sobre las artes gr\u00e1ficas de la ciudad, ambos con motivo de la celebraci\u00f3n de la Feria del Libro hasta el 14 de junio en El Retiro y del D\u00eda Europeo de la M\u00fasica el 21 de junio. La ruta m\u00e1s inmediata ser\u00e1 la","og:url":"https:\/\/eldigitaldeasturias.com\/magazine365\/dos-recorridos-guiados-por-madrid-invitan-a-disfrutar-de-su-cultura\/","og:image":"https:\/\/eldigitaldeasturias.com\/magazine365\/wp-content\/uploads\/2015\/06\/fotonoticia_20150605113356_800.jpg","og:image:secure_url":"https:\/\/eldigitaldeasturias.com\/magazine365\/wp-content\/uploads\/2015\/06\/fotonoticia_20150605113356_800.jpg","og:image:width":800,"og:image:height":534,"article:published_time":"2015-06-06T02:44:34+00:00","article:modified_time":"2015-06-06T02:44:34+00:00","twitter:card":"summary_large_image","twitter:title":"Dos recorridos guiados por Madrid invitan a disfrutar de su cultura | El Digital de Asturias","twitter:description":"Madrid celebrar\u00e1 un recorrido guiado gratuito sobre la riqueza musical y otro sobre las artes gr\u00e1ficas de la ciudad, ambos con motivo de la celebraci\u00f3n de la Feria del Libro hasta el 14 de junio en El Retiro y del D\u00eda Europeo de la M\u00fasica el 21 de junio. La ruta m\u00e1s inmediata ser\u00e1 la","twitter:image":"https:\/\/eldigitaldeasturias.com\/magazine365\/wp-content\/uploads\/2015\/06\/fotonoticia_20150605113356_800.jpg"},"aioseo_meta_data":{"post_id":"38934","title":null,"description":null,"keywords":null,"keyphrases":null,"primary_term":null,"canonical_url":null,"og_title":null,"og_description":null,"og_object_type":"default","og_image_type":"default","og_image_url":null,"og_image_width":null,"og_image_height":null,"og_image_custom_url":null,"og_image_custom_fields":null,"og_video":null,"og_custom_url":null,"og_article_section":null,"og_article_tags":null,"twitter_use_og":false,"twitter_card":"default","twitter_image_type":"default","twitter_image_url":null,"twitter_image_custom_url":null,"twitter_image_custom_fields":null,"twitter_title":null,"twitter_description":null,"schema":{"blockGraphs":[],"customGraphs":[],"default":{"data":{"Article":[],"Course":[],"Dataset":[],"FAQPage":[],"Movie":[],"Person":[],"Product":[],"ProductReview":[],"Car":[],"Recipe":[],"Service":[],"SoftwareApplication":[],"WebPage":[]},"graphName":"","isEnabled":true},"graphs":[],"defaultGraph":"","defaultPostTypeGraph":""},"schema_type":null,"schema_type_options":null,"pillar_content":false,"robots_default":true,"robots_noindex":false,"robots_noarchive":false,"robots_nosnippet":false,"robots_nofollow":false,"robots_noimageindex":false,"robots_noodp":false,"robots_notranslate":false,"robots_max_snippet":null,"robots_max_videopreview":null,"robots_max_imagepreview":"large","priority":null,"frequency":null,"location":null,"local_seo":null,"seo_analyzer_scan_date":"2025-09-19 10:37:18","breadcrumb_settings":null,"limit_modified_date":false,"open_ai":null,"ai":null,"created":"2021-03-09 02:48:12","updated":"2025-09-19 10:37:18"},"aioseo_breadcrumb":"<div class=\"aioseo-breadcrumbs\"><span class=\"aioseo-breadcrumb\">\n\t<a href=\"https:\/\/eldigitaldeasturias.com\/magazine365\" title=\"Home\">Home<\/a>\n<\/span><span class=\"aioseo-breadcrumb-separator\">\u2013<\/span><span class=\"aioseo-breadcrumb\">\n\t<a href=\"https:\/\/eldigitaldeasturias.com\/magazine365\/category\/noticias-actualidad\/\" title=\"Noticias y Actualidad\">Noticias y Actualidad<\/a>\n<\/span><span class=\"aioseo-breadcrumb-separator\">\u2013<\/span><span class=\"aioseo-breadcrumb\">\n\t<a href=\"https:\/\/eldigitaldeasturias.com\/magazine365\/dos-recorridos-guiados-por-madrid-invitan-a-disfrutar-de-su-cultura\/\" title=\"Dos recorridos guiados por Madrid invitan a disfrutar de su cultura\">Dos recorridos guiados por Madrid invitan a disfrutar de su cultura<\/a>\n<\/span><\/div>","aioseo_breadcrumb_json":[{"label":"Home","link":"https:\/\/eldigitaldeasturias.com\/magazine365"},{"label":"Noticias y Actualidad","link":"https:\/\/eldigitaldeasturias.com\/magazine365\/category\/noticias-actualidad\/"},{"label":"Dos recorridos guiados por Madrid invitan a disfrutar de su cultura","link":"https:\/\/eldigitaldeasturias.com\/magazine365\/dos-recorridos-guiados-por-madrid-invitan-a-disfrutar-de-su-cultura\/"}],"_links":{"self":[{"href":"https:\/\/eldigitaldeasturias.com\/magazine365\/wp-json\/wp\/v2\/posts\/38934","targetHints":{"allow":["GET"]}}],"collection":[{"href":"https:\/\/eldigitaldeasturias.com\/magazine365\/wp-json\/wp\/v2\/posts"}],"about":[{"href":"https:\/\/eldigitaldeasturias.com\/magazine365\/wp-json\/wp\/v2\/types\/post"}],"author":[{"embeddable":true,"href":"https:\/\/eldigitaldeasturias.com\/magazine365\/wp-json\/wp\/v2\/users\/1"}],"replies":[{"embeddable":true,"href":"https:\/\/eldigitaldeasturias.com\/magazine365\/wp-json\/wp\/v2\/comments?post=38934"}],"version-history":[{"count":0,"href":"https:\/\/eldigitaldeasturias.com\/magazine365\/wp-json\/wp\/v2\/posts\/38934\/revisions"}],"wp:featuredmedia":[{"embeddable":true,"href":"https:\/\/eldigitaldeasturias.com\/magazine365\/wp-json\/wp\/v2\/media\/38935"}],"wp:attachment":[{"href":"https:\/\/eldigitaldeasturias.com\/magazine365\/wp-json\/wp\/v2\/media?parent=38934"}],"wp:term":[{"taxonomy":"category","embeddable":true,"href":"https:\/\/eldigitaldeasturias.com\/magazine365\/wp-json\/wp\/v2\/categories?post=38934"},{"taxonomy":"post_tag","embeddable":true,"href":"https:\/\/eldigitaldeasturias.com\/magazine365\/wp-json\/wp\/v2\/tags?post=38934"}],"curies":[{"name":"wp","href":"https:\/\/api.w.org\/{rel}","templated":true}]}}