{"id":38928,"date":"2015-06-06T04:12:04","date_gmt":"2015-06-06T02:42:04","guid":{"rendered":"http:\/\/eldigitaldeasturias.com\/magazine365\/?p=38928"},"modified":"2015-06-06T04:12:04","modified_gmt":"2015-06-06T02:42:04","slug":"airberlin-transporta-un-33-menos-de-pasajeros-hasta-mayo-hasta-los-11-millones","status":"publish","type":"post","link":"https:\/\/eldigitaldeasturias.com\/magazine365\/airberlin-transporta-un-33-menos-de-pasajeros-hasta-mayo-hasta-los-11-millones\/","title":{"rendered":"airberlin transporta un 3,3% menos de pasajeros hasta mayo, hasta los 11 millones"},"content":{"rendered":"<p><img fetchpriority=\"high\" decoding=\"async\" class=\"alignleft size-medium wp-image-38929\" src=\"https:\/\/eldigitaldeasturias.com\/magazine365\/wp-content\/uploads\/2015\/06\/fotonoticia_20150605104100_800-360x226.jpg\" alt=\"fotonoticia_20150605104100_800\" width=\"360\" height=\"226\" srcset=\"https:\/\/eldigitaldeasturias.com\/magazine365\/wp-content\/uploads\/2015\/06\/fotonoticia_20150605104100_800-360x226.jpg 360w, https:\/\/eldigitaldeasturias.com\/magazine365\/wp-content\/uploads\/2015\/06\/fotonoticia_20150605104100_800-650x408.jpg 650w, https:\/\/eldigitaldeasturias.com\/magazine365\/wp-content\/uploads\/2015\/06\/fotonoticia_20150605104100_800-768x482.jpg 768w, https:\/\/eldigitaldeasturias.com\/magazine365\/wp-content\/uploads\/2015\/06\/fotonoticia_20150605104100_800-150x94.jpg 150w, https:\/\/eldigitaldeasturias.com\/magazine365\/wp-content\/uploads\/2015\/06\/fotonoticia_20150605104100_800-450x282.jpg 450w, https:\/\/eldigitaldeasturias.com\/magazine365\/wp-content\/uploads\/2015\/06\/fotonoticia_20150605104100_800-696x437.jpg 696w, https:\/\/eldigitaldeasturias.com\/magazine365\/wp-content\/uploads\/2015\/06\/fotonoticia_20150605104100_800-669x420.jpg 669w, https:\/\/eldigitaldeasturias.com\/magazine365\/wp-content\/uploads\/2015\/06\/fotonoticia_20150605104100_800-269x170.jpg 269w, https:\/\/eldigitaldeasturias.com\/magazine365\/wp-content\/uploads\/2015\/06\/fotonoticia_20150605104100_800-480x300.jpg 480w, https:\/\/eldigitaldeasturias.com\/magazine365\/wp-content\/uploads\/2015\/06\/fotonoticia_20150605104100_800.jpg 800w\" sizes=\"(max-width: 360px) 100vw, 360px\" \/>La aerol\u00ednea alemana airberlin transport\u00f3 un 3,3% menos de pasajeros los cinco primeros meses del a\u00f1o, hasta los 11 millones, debido a una reducci\u00f3n en la oferta del 1,9% respecto al mismo per\u00edodo un a\u00f1o antes, seg\u00fan informa la compa\u00f1\u00eda a\u00e9rea este viernes.<\/p>\n<p>En cuanto al nivel de ocupaci\u00f3n, alcanz\u00f3 el 82,3%, 0,6 puntos porcentuales m\u00e1s que en 2014.<\/p>\n<p>En mayo, el n\u00famero de pasajeros transportados cay\u00f3 en un 4,3%, hasta los 2,8 millones, mientras que la oferta descendi\u00f3 en un 7,4%, hasta cerca de los 5,2 millones de asientos ofertados por kil\u00f3metro. Respecto al nivel de ocupaci\u00f3n, fue del 81,3%, 1,8 puntos porcentuales m\u00e1s que en 2014.<\/p>\n<p>El consejero delegado del grupo, Stefan Pichler, valor\u00f3 los resultdos en el quinto mes del a\u00f1o como la demostraci\u00f3n de estar \u00abde vuelta al camino correcto en el redise\u00f1o del negocio\u00bb. \u00abNaturalmente, queremos ver crecer esta tendencia positiva en la pr\u00f3xima temporada de verano\u00bb, asegur\u00f3 Pichler.<\/p>\n","protected":false},"excerpt":{"rendered":"<p>La aerol\u00ednea alemana airberlin transport\u00f3 un 3,3% menos de pasajeros los cinco primeros meses del a\u00f1o, hasta los 11 millones, debido a una reducci\u00f3n en la oferta del 1,9% respecto al mismo per\u00edodo un a\u00f1o antes, seg\u00fan informa la compa\u00f1\u00eda a\u00e9rea este viernes. En cuanto al nivel de ocupaci\u00f3n, alcanz\u00f3 el 82,3%, 0,6 puntos porcentuales<\/p>\n","protected":false},"author":1,"featured_media":38929,"comment_status":"open","ping_status":"closed","sticky":false,"template":"","format":"standard","meta":{"footnotes":""},"categories":[224],"tags":[],"class_list":{"0":"post-38928","1":"post","2":"type-post","3":"status-publish","4":"format-standard","5":"has-post-thumbnail","7":"category-noticias-actualidad"},"aioseo_notices":[],"aioseo_head":"\n\t\t<!-- All in One SEO Pro 4.9.6.1 - aioseo.com -->\n\t<meta name=\"description\" content=\"La aerol\u00ednea alemana airberlin transport\u00f3 un 3,3% menos de pasajeros los cinco primeros meses del a\u00f1o, hasta los 11 millones, debido a una reducci\u00f3n en la oferta del 1,9% respecto al mismo per\u00edodo un a\u00f1o antes, seg\u00fan informa la compa\u00f1\u00eda a\u00e9rea este viernes. En cuanto al nivel de ocupaci\u00f3n, alcanz\u00f3 el 82,3%, 0,6 puntos porcentuales\" \/>\n\t<meta name=\"robots\" content=\"max-image-preview:large\" \/>\n\t<meta name=\"author\" content=\"admin\"\/>\n\t<meta name=\"google-site-verification\" content=\"UA-38556648-1\" \/>\n\t<meta name=\"keywords\" content=\"noticias y actualidad\" \/>\n\t<link rel=\"canonical\" href=\"https:\/\/eldigitaldeasturias.com\/magazine365\/airberlin-transporta-un-33-menos-de-pasajeros-hasta-mayo-hasta-los-11-millones\/\" \/>\n\t<meta name=\"generator\" content=\"All in One SEO Pro (AIOSEO) 4.9.6.1\" \/>\n\t\t<meta property=\"og:locale\" content=\"es_ES\" \/>\n\t\t<meta property=\"og:site_name\" content=\"El Digital de Asturias \u2013 Revista de ocio, turismo y estilo de vida\" \/>\n\t\t<meta property=\"og:type\" content=\"article\" \/>\n\t\t<meta property=\"og:title\" content=\"airberlin transporta un 3,3% menos de pasajeros hasta mayo, hasta los 11 millones | El Digital de Asturias\" \/>\n\t\t<meta property=\"og:description\" content=\"La aerol\u00ednea alemana airberlin transport\u00f3 un 3,3% menos de pasajeros los cinco primeros meses del a\u00f1o, hasta los 11 millones, debido a una reducci\u00f3n en la oferta del 1,9% respecto al mismo per\u00edodo un a\u00f1o antes, seg\u00fan informa la compa\u00f1\u00eda a\u00e9rea este viernes. En cuanto al nivel de ocupaci\u00f3n, alcanz\u00f3 el 82,3%, 0,6 puntos porcentuales\" \/>\n\t\t<meta property=\"og:url\" content=\"https:\/\/eldigitaldeasturias.com\/magazine365\/airberlin-transporta-un-33-menos-de-pasajeros-hasta-mayo-hasta-los-11-millones\/\" \/>\n\t\t<meta property=\"og:image\" content=\"https:\/\/eldigitaldeasturias.com\/magazine365\/wp-content\/uploads\/2015\/06\/fotonoticia_20150605104100_800.jpg\" \/>\n\t\t<meta property=\"og:image:secure_url\" content=\"https:\/\/eldigitaldeasturias.com\/magazine365\/wp-content\/uploads\/2015\/06\/fotonoticia_20150605104100_800.jpg\" \/>\n\t\t<meta property=\"og:image:width\" content=\"800\" \/>\n\t\t<meta property=\"og:image:height\" content=\"502\" \/>\n\t\t<meta property=\"article:published_time\" content=\"2015-06-06T02:42:04+00:00\" \/>\n\t\t<meta property=\"article:modified_time\" content=\"2015-06-06T02:42:04+00:00\" \/>\n\t\t<meta name=\"twitter:card\" content=\"summary_large_image\" \/>\n\t\t<meta name=\"twitter:title\" content=\"airberlin transporta un 3,3% menos de pasajeros hasta mayo, hasta los 11 millones | El Digital de Asturias\" \/>\n\t\t<meta name=\"twitter:description\" content=\"La aerol\u00ednea alemana airberlin transport\u00f3 un 3,3% menos de pasajeros los cinco primeros meses del a\u00f1o, hasta los 11 millones, debido a una reducci\u00f3n en la oferta del 1,9% respecto al mismo per\u00edodo un a\u00f1o antes, seg\u00fan informa la compa\u00f1\u00eda a\u00e9rea este viernes. En cuanto al nivel de ocupaci\u00f3n, alcanz\u00f3 el 82,3%, 0,6 puntos porcentuales\" \/>\n\t\t<meta name=\"twitter:image\" content=\"https:\/\/eldigitaldeasturias.com\/magazine365\/wp-content\/uploads\/2015\/06\/fotonoticia_20150605104100_800.jpg\" \/>\n\t\t<script type=\"application\/ld+json\" class=\"aioseo-schema\">\n\t\t\t{\"@context\":\"https:\\\/\\\/schema.org\",\"@graph\":[{\"@type\":\"Article\",\"@id\":\"https:\\\/\\\/eldigitaldeasturias.com\\\/magazine365\\\/airberlin-transporta-un-33-menos-de-pasajeros-hasta-mayo-hasta-los-11-millones\\\/#article\",\"name\":\"airberlin transporta un 3,3% menos de pasajeros hasta mayo, hasta los 11 millones | El Digital de Asturias\",\"headline\":\"airberlin transporta un 3,3% menos de pasajeros hasta mayo, hasta los 11 millones\",\"author\":{\"@id\":\"https:\\\/\\\/eldigitaldeasturias.com\\\/magazine365\\\/author\\\/admin\\\/#author\"},\"publisher\":{\"@id\":\"https:\\\/\\\/eldigitaldeasturias.com\\\/magazine365\\\/#organization\"},\"image\":{\"@type\":\"ImageObject\",\"url\":\"https:\\\/\\\/eldigitaldeasturias.com\\\/magazine365\\\/wp-content\\\/uploads\\\/2015\\\/06\\\/fotonoticia_20150605104100_800.jpg\",\"width\":800,\"height\":502},\"datePublished\":\"2015-06-06T04:12:04+02:00\",\"dateModified\":\"2015-06-06T04:12:04+02:00\",\"inLanguage\":\"es-ES\",\"mainEntityOfPage\":{\"@id\":\"https:\\\/\\\/eldigitaldeasturias.com\\\/magazine365\\\/airberlin-transporta-un-33-menos-de-pasajeros-hasta-mayo-hasta-los-11-millones\\\/#webpage\"},\"isPartOf\":{\"@id\":\"https:\\\/\\\/eldigitaldeasturias.com\\\/magazine365\\\/airberlin-transporta-un-33-menos-de-pasajeros-hasta-mayo-hasta-los-11-millones\\\/#webpage\"},\"articleSection\":\"Noticias y Actualidad\"},{\"@type\":\"BreadcrumbList\",\"@id\":\"https:\\\/\\\/eldigitaldeasturias.com\\\/magazine365\\\/airberlin-transporta-un-33-menos-de-pasajeros-hasta-mayo-hasta-los-11-millones\\\/#breadcrumblist\",\"itemListElement\":[{\"@type\":\"ListItem\",\"@id\":\"https:\\\/\\\/eldigitaldeasturias.com\\\/magazine365#listItem\",\"position\":1,\"name\":\"Home\",\"item\":\"https:\\\/\\\/eldigitaldeasturias.com\\\/magazine365\",\"nextItem\":{\"@type\":\"ListItem\",\"@id\":\"https:\\\/\\\/eldigitaldeasturias.com\\\/magazine365\\\/category\\\/noticias-actualidad\\\/#listItem\",\"name\":\"Noticias y Actualidad\"}},{\"@type\":\"ListItem\",\"@id\":\"https:\\\/\\\/eldigitaldeasturias.com\\\/magazine365\\\/category\\\/noticias-actualidad\\\/#listItem\",\"position\":2,\"name\":\"Noticias y Actualidad\",\"item\":\"https:\\\/\\\/eldigitaldeasturias.com\\\/magazine365\\\/category\\\/noticias-actualidad\\\/\",\"nextItem\":{\"@type\":\"ListItem\",\"@id\":\"https:\\\/\\\/eldigitaldeasturias.com\\\/magazine365\\\/airberlin-transporta-un-33-menos-de-pasajeros-hasta-mayo-hasta-los-11-millones\\\/#listItem\",\"name\":\"airberlin transporta un 3,3% menos de pasajeros hasta mayo, hasta los 11 millones\"},\"previousItem\":{\"@type\":\"ListItem\",\"@id\":\"https:\\\/\\\/eldigitaldeasturias.com\\\/magazine365#listItem\",\"name\":\"Home\"}},{\"@type\":\"ListItem\",\"@id\":\"https:\\\/\\\/eldigitaldeasturias.com\\\/magazine365\\\/airberlin-transporta-un-33-menos-de-pasajeros-hasta-mayo-hasta-los-11-millones\\\/#listItem\",\"position\":3,\"name\":\"airberlin transporta un 3,3% menos de pasajeros hasta mayo, hasta los 11 millones\",\"previousItem\":{\"@type\":\"ListItem\",\"@id\":\"https:\\\/\\\/eldigitaldeasturias.com\\\/magazine365\\\/category\\\/noticias-actualidad\\\/#listItem\",\"name\":\"Noticias y Actualidad\"}}]},{\"@type\":\"Organization\",\"@id\":\"https:\\\/\\\/eldigitaldeasturias.com\\\/magazine365\\\/#organization\",\"name\":\"El digital de Asturias\",\"description\":\"Revista de ocio, turismo y estilo de vida\",\"url\":\"https:\\\/\\\/eldigitaldeasturias.com\\\/magazine365\\\/\",\"logo\":{\"@type\":\"ImageObject\",\"url\":\"https:\\\/\\\/www.eldigitaldeasturias.com\\\/noticias\\\/wp-content\\\/uploads\\\/2020\\\/12\\\/EDA.jpg\",\"@id\":\"https:\\\/\\\/eldigitaldeasturias.com\\\/magazine365\\\/airberlin-transporta-un-33-menos-de-pasajeros-hasta-mayo-hasta-los-11-millones\\\/#organizationLogo\"},\"image\":{\"@id\":\"https:\\\/\\\/eldigitaldeasturias.com\\\/magazine365\\\/airberlin-transporta-un-33-menos-de-pasajeros-hasta-mayo-hasta-los-11-millones\\\/#organizationLogo\"}},{\"@type\":\"Person\",\"@id\":\"https:\\\/\\\/eldigitaldeasturias.com\\\/magazine365\\\/author\\\/admin\\\/#author\",\"url\":\"https:\\\/\\\/eldigitaldeasturias.com\\\/magazine365\\\/author\\\/admin\\\/\",\"name\":\"admin\",\"image\":{\"@type\":\"ImageObject\",\"@id\":\"https:\\\/\\\/eldigitaldeasturias.com\\\/magazine365\\\/airberlin-transporta-un-33-menos-de-pasajeros-hasta-mayo-hasta-los-11-millones\\\/#authorImage\",\"url\":\"https:\\\/\\\/eldigitaldeasturias.com\\\/magazine365\\\/wp-content\\\/litespeed\\\/avatar\\\/e571bcf59a0edd6fa6838245a470f2fe.jpg?ver=1776969259\",\"width\":96,\"height\":96,\"caption\":\"admin\"}},{\"@type\":\"WebPage\",\"@id\":\"https:\\\/\\\/eldigitaldeasturias.com\\\/magazine365\\\/airberlin-transporta-un-33-menos-de-pasajeros-hasta-mayo-hasta-los-11-millones\\\/#webpage\",\"url\":\"https:\\\/\\\/eldigitaldeasturias.com\\\/magazine365\\\/airberlin-transporta-un-33-menos-de-pasajeros-hasta-mayo-hasta-los-11-millones\\\/\",\"name\":\"airberlin transporta un 3,3% menos de pasajeros hasta mayo, hasta los 11 millones | El Digital de Asturias\",\"description\":\"La aerol\\u00ednea alemana airberlin transport\\u00f3 un 3,3% menos de pasajeros los cinco primeros meses del a\\u00f1o, hasta los 11 millones, debido a una reducci\\u00f3n en la oferta del 1,9% respecto al mismo per\\u00edodo un a\\u00f1o antes, seg\\u00fan informa la compa\\u00f1\\u00eda a\\u00e9rea este viernes. En cuanto al nivel de ocupaci\\u00f3n, alcanz\\u00f3 el 82,3%, 0,6 puntos porcentuales\",\"inLanguage\":\"es-ES\",\"isPartOf\":{\"@id\":\"https:\\\/\\\/eldigitaldeasturias.com\\\/magazine365\\\/#website\"},\"breadcrumb\":{\"@id\":\"https:\\\/\\\/eldigitaldeasturias.com\\\/magazine365\\\/airberlin-transporta-un-33-menos-de-pasajeros-hasta-mayo-hasta-los-11-millones\\\/#breadcrumblist\"},\"author\":{\"@id\":\"https:\\\/\\\/eldigitaldeasturias.com\\\/magazine365\\\/author\\\/admin\\\/#author\"},\"creator\":{\"@id\":\"https:\\\/\\\/eldigitaldeasturias.com\\\/magazine365\\\/author\\\/admin\\\/#author\"},\"image\":{\"@type\":\"ImageObject\",\"url\":\"https:\\\/\\\/eldigitaldeasturias.com\\\/magazine365\\\/wp-content\\\/uploads\\\/2015\\\/06\\\/fotonoticia_20150605104100_800.jpg\",\"@id\":\"https:\\\/\\\/eldigitaldeasturias.com\\\/magazine365\\\/airberlin-transporta-un-33-menos-de-pasajeros-hasta-mayo-hasta-los-11-millones\\\/#mainImage\",\"width\":800,\"height\":502},\"primaryImageOfPage\":{\"@id\":\"https:\\\/\\\/eldigitaldeasturias.com\\\/magazine365\\\/airberlin-transporta-un-33-menos-de-pasajeros-hasta-mayo-hasta-los-11-millones\\\/#mainImage\"},\"datePublished\":\"2015-06-06T04:12:04+02:00\",\"dateModified\":\"2015-06-06T04:12:04+02:00\"},{\"@type\":\"WebSite\",\"@id\":\"https:\\\/\\\/eldigitaldeasturias.com\\\/magazine365\\\/#website\",\"url\":\"https:\\\/\\\/eldigitaldeasturias.com\\\/magazine365\\\/\",\"name\":\"El Digital de Asturias\",\"description\":\"Revista de ocio, turismo y estilo de vida\",\"inLanguage\":\"es-ES\",\"publisher\":{\"@id\":\"https:\\\/\\\/eldigitaldeasturias.com\\\/magazine365\\\/#organization\"}}]}\n\t\t<\/script>\n\t\t<!-- All in One SEO Pro -->\r\n\t\t<title>airberlin transporta un 3,3% menos de pasajeros hasta mayo, hasta los 11 millones | El Digital de Asturias<\/title>\n\n","aioseo_head_json":{"title":"airberlin transporta un 3,3% menos de pasajeros hasta mayo, hasta los 11 millones | El Digital de Asturias","description":"La aerol\u00ednea alemana airberlin transport\u00f3 un 3,3% menos de pasajeros los cinco primeros meses del a\u00f1o, hasta los 11 millones, debido a una reducci\u00f3n en la oferta del 1,9% respecto al mismo per\u00edodo un a\u00f1o antes, seg\u00fan informa la compa\u00f1\u00eda a\u00e9rea este viernes. En cuanto al nivel de ocupaci\u00f3n, alcanz\u00f3 el 82,3%, 0,6 puntos porcentuales","canonical_url":"https:\/\/eldigitaldeasturias.com\/magazine365\/airberlin-transporta-un-33-menos-de-pasajeros-hasta-mayo-hasta-los-11-millones\/","robots":"max-image-preview:large","keywords":"noticias y actualidad","webmasterTools":{"google-site-verification":"UA-38556648-1","miscellaneous":""},"schema":{"@context":"https:\/\/schema.org","@graph":[{"@type":"Article","@id":"https:\/\/eldigitaldeasturias.com\/magazine365\/airberlin-transporta-un-33-menos-de-pasajeros-hasta-mayo-hasta-los-11-millones\/#article","name":"airberlin transporta un 3,3% menos de pasajeros hasta mayo, hasta los 11 millones | El Digital de Asturias","headline":"airberlin transporta un 3,3% menos de pasajeros hasta mayo, hasta los 11 millones","author":{"@id":"https:\/\/eldigitaldeasturias.com\/magazine365\/author\/admin\/#author"},"publisher":{"@id":"https:\/\/eldigitaldeasturias.com\/magazine365\/#organization"},"image":{"@type":"ImageObject","url":"https:\/\/eldigitaldeasturias.com\/magazine365\/wp-content\/uploads\/2015\/06\/fotonoticia_20150605104100_800.jpg","width":800,"height":502},"datePublished":"2015-06-06T04:12:04+02:00","dateModified":"2015-06-06T04:12:04+02:00","inLanguage":"es-ES","mainEntityOfPage":{"@id":"https:\/\/eldigitaldeasturias.com\/magazine365\/airberlin-transporta-un-33-menos-de-pasajeros-hasta-mayo-hasta-los-11-millones\/#webpage"},"isPartOf":{"@id":"https:\/\/eldigitaldeasturias.com\/magazine365\/airberlin-transporta-un-33-menos-de-pasajeros-hasta-mayo-hasta-los-11-millones\/#webpage"},"articleSection":"Noticias y Actualidad"},{"@type":"BreadcrumbList","@id":"https:\/\/eldigitaldeasturias.com\/magazine365\/airberlin-transporta-un-33-menos-de-pasajeros-hasta-mayo-hasta-los-11-millones\/#breadcrumblist","itemListElement":[{"@type":"ListItem","@id":"https:\/\/eldigitaldeasturias.com\/magazine365#listItem","position":1,"name":"Home","item":"https:\/\/eldigitaldeasturias.com\/magazine365","nextItem":{"@type":"ListItem","@id":"https:\/\/eldigitaldeasturias.com\/magazine365\/category\/noticias-actualidad\/#listItem","name":"Noticias y Actualidad"}},{"@type":"ListItem","@id":"https:\/\/eldigitaldeasturias.com\/magazine365\/category\/noticias-actualidad\/#listItem","position":2,"name":"Noticias y Actualidad","item":"https:\/\/eldigitaldeasturias.com\/magazine365\/category\/noticias-actualidad\/","nextItem":{"@type":"ListItem","@id":"https:\/\/eldigitaldeasturias.com\/magazine365\/airberlin-transporta-un-33-menos-de-pasajeros-hasta-mayo-hasta-los-11-millones\/#listItem","name":"airberlin transporta un 3,3% menos de pasajeros hasta mayo, hasta los 11 millones"},"previousItem":{"@type":"ListItem","@id":"https:\/\/eldigitaldeasturias.com\/magazine365#listItem","name":"Home"}},{"@type":"ListItem","@id":"https:\/\/eldigitaldeasturias.com\/magazine365\/airberlin-transporta-un-33-menos-de-pasajeros-hasta-mayo-hasta-los-11-millones\/#listItem","position":3,"name":"airberlin transporta un 3,3% menos de pasajeros hasta mayo, hasta los 11 millones","previousItem":{"@type":"ListItem","@id":"https:\/\/eldigitaldeasturias.com\/magazine365\/category\/noticias-actualidad\/#listItem","name":"Noticias y Actualidad"}}]},{"@type":"Organization","@id":"https:\/\/eldigitaldeasturias.com\/magazine365\/#organization","name":"El digital de Asturias","description":"Revista de ocio, turismo y estilo de vida","url":"https:\/\/eldigitaldeasturias.com\/magazine365\/","logo":{"@type":"ImageObject","url":"https:\/\/www.eldigitaldeasturias.com\/noticias\/wp-content\/uploads\/2020\/12\/EDA.jpg","@id":"https:\/\/eldigitaldeasturias.com\/magazine365\/airberlin-transporta-un-33-menos-de-pasajeros-hasta-mayo-hasta-los-11-millones\/#organizationLogo"},"image":{"@id":"https:\/\/eldigitaldeasturias.com\/magazine365\/airberlin-transporta-un-33-menos-de-pasajeros-hasta-mayo-hasta-los-11-millones\/#organizationLogo"}},{"@type":"Person","@id":"https:\/\/eldigitaldeasturias.com\/magazine365\/author\/admin\/#author","url":"https:\/\/eldigitaldeasturias.com\/magazine365\/author\/admin\/","name":"admin","image":{"@type":"ImageObject","@id":"https:\/\/eldigitaldeasturias.com\/magazine365\/airberlin-transporta-un-33-menos-de-pasajeros-hasta-mayo-hasta-los-11-millones\/#authorImage","url":"https:\/\/eldigitaldeasturias.com\/magazine365\/wp-content\/litespeed\/avatar\/e571bcf59a0edd6fa6838245a470f2fe.jpg?ver=1776969259","width":96,"height":96,"caption":"admin"}},{"@type":"WebPage","@id":"https:\/\/eldigitaldeasturias.com\/magazine365\/airberlin-transporta-un-33-menos-de-pasajeros-hasta-mayo-hasta-los-11-millones\/#webpage","url":"https:\/\/eldigitaldeasturias.com\/magazine365\/airberlin-transporta-un-33-menos-de-pasajeros-hasta-mayo-hasta-los-11-millones\/","name":"airberlin transporta un 3,3% menos de pasajeros hasta mayo, hasta los 11 millones | El Digital de Asturias","description":"La aerol\u00ednea alemana airberlin transport\u00f3 un 3,3% menos de pasajeros los cinco primeros meses del a\u00f1o, hasta los 11 millones, debido a una reducci\u00f3n en la oferta del 1,9% respecto al mismo per\u00edodo un a\u00f1o antes, seg\u00fan informa la compa\u00f1\u00eda a\u00e9rea este viernes. En cuanto al nivel de ocupaci\u00f3n, alcanz\u00f3 el 82,3%, 0,6 puntos porcentuales","inLanguage":"es-ES","isPartOf":{"@id":"https:\/\/eldigitaldeasturias.com\/magazine365\/#website"},"breadcrumb":{"@id":"https:\/\/eldigitaldeasturias.com\/magazine365\/airberlin-transporta-un-33-menos-de-pasajeros-hasta-mayo-hasta-los-11-millones\/#breadcrumblist"},"author":{"@id":"https:\/\/eldigitaldeasturias.com\/magazine365\/author\/admin\/#author"},"creator":{"@id":"https:\/\/eldigitaldeasturias.com\/magazine365\/author\/admin\/#author"},"image":{"@type":"ImageObject","url":"https:\/\/eldigitaldeasturias.com\/magazine365\/wp-content\/uploads\/2015\/06\/fotonoticia_20150605104100_800.jpg","@id":"https:\/\/eldigitaldeasturias.com\/magazine365\/airberlin-transporta-un-33-menos-de-pasajeros-hasta-mayo-hasta-los-11-millones\/#mainImage","width":800,"height":502},"primaryImageOfPage":{"@id":"https:\/\/eldigitaldeasturias.com\/magazine365\/airberlin-transporta-un-33-menos-de-pasajeros-hasta-mayo-hasta-los-11-millones\/#mainImage"},"datePublished":"2015-06-06T04:12:04+02:00","dateModified":"2015-06-06T04:12:04+02:00"},{"@type":"WebSite","@id":"https:\/\/eldigitaldeasturias.com\/magazine365\/#website","url":"https:\/\/eldigitaldeasturias.com\/magazine365\/","name":"El Digital de Asturias","description":"Revista de ocio, turismo y estilo de vida","inLanguage":"es-ES","publisher":{"@id":"https:\/\/eldigitaldeasturias.com\/magazine365\/#organization"}}]},"og:locale":"es_ES","og:site_name":"El Digital de Asturias \u2013 Revista de ocio, turismo y estilo de vida","og:type":"article","og:title":"airberlin transporta un 3,3% menos de pasajeros hasta mayo, hasta los 11 millones | El Digital de Asturias","og:description":"La aerol\u00ednea alemana airberlin transport\u00f3 un 3,3% menos de pasajeros los cinco primeros meses del a\u00f1o, hasta los 11 millones, debido a una reducci\u00f3n en la oferta del 1,9% respecto al mismo per\u00edodo un a\u00f1o antes, seg\u00fan informa la compa\u00f1\u00eda a\u00e9rea este viernes. En cuanto al nivel de ocupaci\u00f3n, alcanz\u00f3 el 82,3%, 0,6 puntos porcentuales","og:url":"https:\/\/eldigitaldeasturias.com\/magazine365\/airberlin-transporta-un-33-menos-de-pasajeros-hasta-mayo-hasta-los-11-millones\/","og:image":"https:\/\/eldigitaldeasturias.com\/magazine365\/wp-content\/uploads\/2015\/06\/fotonoticia_20150605104100_800.jpg","og:image:secure_url":"https:\/\/eldigitaldeasturias.com\/magazine365\/wp-content\/uploads\/2015\/06\/fotonoticia_20150605104100_800.jpg","og:image:width":800,"og:image:height":502,"article:published_time":"2015-06-06T02:42:04+00:00","article:modified_time":"2015-06-06T02:42:04+00:00","twitter:card":"summary_large_image","twitter:title":"airberlin transporta un 3,3% menos de pasajeros hasta mayo, hasta los 11 millones | El Digital de Asturias","twitter:description":"La aerol\u00ednea alemana airberlin transport\u00f3 un 3,3% menos de pasajeros los cinco primeros meses del a\u00f1o, hasta los 11 millones, debido a una reducci\u00f3n en la oferta del 1,9% respecto al mismo per\u00edodo un a\u00f1o antes, seg\u00fan informa la compa\u00f1\u00eda a\u00e9rea este viernes. En cuanto al nivel de ocupaci\u00f3n, alcanz\u00f3 el 82,3%, 0,6 puntos porcentuales","twitter:image":"https:\/\/eldigitaldeasturias.com\/magazine365\/wp-content\/uploads\/2015\/06\/fotonoticia_20150605104100_800.jpg"},"aioseo_meta_data":{"post_id":"38928","title":null,"description":null,"keywords":null,"keyphrases":null,"primary_term":null,"canonical_url":null,"og_title":null,"og_description":null,"og_object_type":"default","og_image_type":"default","og_image_url":null,"og_image_width":null,"og_image_height":null,"og_image_custom_url":null,"og_image_custom_fields":null,"og_video":null,"og_custom_url":null,"og_article_section":null,"og_article_tags":null,"twitter_use_og":false,"twitter_card":"default","twitter_image_type":"default","twitter_image_url":null,"twitter_image_custom_url":null,"twitter_image_custom_fields":null,"twitter_title":null,"twitter_description":null,"schema":{"blockGraphs":[],"customGraphs":[],"default":{"data":{"Article":[],"Course":[],"Dataset":[],"FAQPage":[],"Movie":[],"Person":[],"Product":[],"ProductReview":[],"Car":[],"Recipe":[],"Service":[],"SoftwareApplication":[],"WebPage":[]},"graphName":"","isEnabled":true},"graphs":[],"defaultGraph":"","defaultPostTypeGraph":""},"schema_type":null,"schema_type_options":null,"pillar_content":false,"robots_default":true,"robots_noindex":false,"robots_noarchive":false,"robots_nosnippet":false,"robots_nofollow":false,"robots_noimageindex":false,"robots_noodp":false,"robots_notranslate":false,"robots_max_snippet":null,"robots_max_videopreview":null,"robots_max_imagepreview":"large","priority":null,"frequency":null,"location":null,"local_seo":null,"seo_analyzer_scan_date":"2025-09-19 10:35:48","breadcrumb_settings":null,"limit_modified_date":false,"open_ai":null,"ai":null,"created":"2021-03-09 02:48:12","updated":"2025-09-19 10:35:48"},"aioseo_breadcrumb":"<div class=\"aioseo-breadcrumbs\"><span class=\"aioseo-breadcrumb\">\n\t<a href=\"https:\/\/eldigitaldeasturias.com\/magazine365\" title=\"Home\">Home<\/a>\n<\/span><span class=\"aioseo-breadcrumb-separator\">\u2013<\/span><span class=\"aioseo-breadcrumb\">\n\t<a href=\"https:\/\/eldigitaldeasturias.com\/magazine365\/category\/noticias-actualidad\/\" title=\"Noticias y Actualidad\">Noticias y Actualidad<\/a>\n<\/span><span class=\"aioseo-breadcrumb-separator\">\u2013<\/span><span class=\"aioseo-breadcrumb\">\n\t<a href=\"https:\/\/eldigitaldeasturias.com\/magazine365\/airberlin-transporta-un-33-menos-de-pasajeros-hasta-mayo-hasta-los-11-millones\/\" title=\"airberlin transporta un 3,3% menos de pasajeros hasta mayo, hasta los 11 millones\">airberlin transporta un 3,3% menos de pasajeros hasta mayo, hasta los 11 millones<\/a>\n<\/span><\/div>","aioseo_breadcrumb_json":[{"label":"Home","link":"https:\/\/eldigitaldeasturias.com\/magazine365"},{"label":"Noticias y Actualidad","link":"https:\/\/eldigitaldeasturias.com\/magazine365\/category\/noticias-actualidad\/"},{"label":"airberlin transporta un 3,3% menos de pasajeros hasta mayo, hasta los 11 millones","link":"https:\/\/eldigitaldeasturias.com\/magazine365\/airberlin-transporta-un-33-menos-de-pasajeros-hasta-mayo-hasta-los-11-millones\/"}],"_links":{"self":[{"href":"https:\/\/eldigitaldeasturias.com\/magazine365\/wp-json\/wp\/v2\/posts\/38928","targetHints":{"allow":["GET"]}}],"collection":[{"href":"https:\/\/eldigitaldeasturias.com\/magazine365\/wp-json\/wp\/v2\/posts"}],"about":[{"href":"https:\/\/eldigitaldeasturias.com\/magazine365\/wp-json\/wp\/v2\/types\/post"}],"author":[{"embeddable":true,"href":"https:\/\/eldigitaldeasturias.com\/magazine365\/wp-json\/wp\/v2\/users\/1"}],"replies":[{"embeddable":true,"href":"https:\/\/eldigitaldeasturias.com\/magazine365\/wp-json\/wp\/v2\/comments?post=38928"}],"version-history":[{"count":0,"href":"https:\/\/eldigitaldeasturias.com\/magazine365\/wp-json\/wp\/v2\/posts\/38928\/revisions"}],"wp:featuredmedia":[{"embeddable":true,"href":"https:\/\/eldigitaldeasturias.com\/magazine365\/wp-json\/wp\/v2\/media\/38929"}],"wp:attachment":[{"href":"https:\/\/eldigitaldeasturias.com\/magazine365\/wp-json\/wp\/v2\/media?parent=38928"}],"wp:term":[{"taxonomy":"category","embeddable":true,"href":"https:\/\/eldigitaldeasturias.com\/magazine365\/wp-json\/wp\/v2\/categories?post=38928"},{"taxonomy":"post_tag","embeddable":true,"href":"https:\/\/eldigitaldeasturias.com\/magazine365\/wp-json\/wp\/v2\/tags?post=38928"}],"curies":[{"name":"wp","href":"https:\/\/api.w.org\/{rel}","templated":true}]}}